{"id":677881,"date":"2021-03-03T14:17:29","date_gmt":"2021-03-03T17:17:29","guid":{"rendered":"https:\/\/www.estrategiaconcursos.com.br\/blog\/?p=677881"},"modified":"2021-03-03T14:17:31","modified_gmt":"2021-03-03T17:17:31","slug":"resumo-da-lei-de-migracao","status":"publish","type":"post","link":"https:\/\/www.estrategiaconcursos.com.br\/blog\/resumo-da-lei-de-migracao\/","title":{"rendered":"Resumo da Lei 13.445\/2017 &#8211; Lei de Migra\u00e7\u00e3o &#8211; Parte 3"},"content":{"rendered":"\n<p>Ol\u00e1, pessoal. Tudo certo? No artigo de hoje veremos a terceira parte do Resumo da Lei 13.445\/2017, <a href=\"http:\/\/www.planalto.gov.br\/ccivil_03\/_Ato2015-2018\/2017\/Lei\/L13445.htm\">norma<\/a> que instituiu a Lei da Migra\u00e7\u00e3o.<\/p>\n\n\n\n<p>Veremos hoje as principais partes referente \u00e0 <strong>entrada e da sa\u00edda do territ\u00f3rio nacional <\/strong>e \u00e0s <strong>medidas de retirada compuls\u00f3ria<\/strong>.<\/p>\n\n\n\n<p>Vamos l\u00e1.<\/p>\n\n\n\n<h2 class=\"wp-block-heading\" id=\"h-da-entrada-e-da-sa-da-do-territ-rio-nacional\">Da entrada e da sa\u00edda do territ\u00f3rio nacional<\/h2>\n\n\n\n<p>Vejamos as estipula\u00e7\u00f5es para a <strong>Fiscaliza\u00e7\u00e3o Mar\u00edtima, Aeroportu\u00e1ria e de Fronteira. <\/strong>Iniciemos pelo importante artigo 38.<strong><\/strong><\/p>\n\n\n\n<p><em>Art. 38. As <\/em><strong><em><span class=\"has-inline-color has-vivid-cyan-blue-color\">fun\u00e7\u00f5es de pol\u00edcia mar\u00edtima, aeroportu\u00e1ria e de fronteira<\/span><\/em><\/strong><em> ser\u00e3o <strong>realizadas pela <\/strong><\/em><strong><em><span class=\"has-inline-color has-vivid-red-color\">Pol\u00edcia Federal<\/span><\/em><\/strong><em> nos pontos de entrada e de sa\u00edda do territ\u00f3rio nacional.<\/em><\/p>\n\n\n\n<p>Assim, o viajante dever\u00e1 permanecer em \u00e1rea de fiscaliza\u00e7\u00e3o at\u00e9 que seu documento de viagem tenha sido verificado (Art. 39).<\/p>\n\n\n\n<p>Entretanto a Lei estipula que \u00e9<span class=\"has-inline-color has-vivid-green-cyan-color\"> <strong>dispens\u00e1vel a fiscaliza\u00e7\u00e3o<\/strong><\/span> de passageiro, tripulante e estafe de navio em <strong>passagem inocente<\/strong>, <span class=\"has-inline-color has-vivid-red-color\"><strong>exceto<\/strong> <\/span>quando houver necessidade de <strong>descida de pessoa<\/strong> a terra ou de <strong>subida a bordo do navio<\/strong>.<\/p>\n\n\n\n<h3 class=\"wp-block-heading\" id=\"h-admiss-o-no-pa-s\">Admiss\u00e3o no Pa\u00eds<\/h3>\n\n\n\n<p>A Lei admite a <strong>autoriza\u00e7\u00e3o da <span class=\"has-inline-color has-vivid-cyan-blue-color\">admiss\u00e3o excepcional<\/span><\/strong> no Pa\u00eds de pessoa que se encontre em uma das seguintes condi\u00e7\u00f5es, <strong>desde que<\/strong> esteja de <strong>posse de documento de viagem v\u00e1lido<\/strong> (Art. 40):<\/p>\n\n\n\n<ul class=\"wp-block-list\"><li>I &#8211; <strong><span class=\"has-inline-color has-vivid-green-cyan-color\">n\u00e3o possua visto<\/span><\/strong>;<\/li><li>II &#8211; seja titular de<span class=\"has-inline-color has-vivid-green-cyan-color\"> <strong>visto emitido com erro <\/strong><\/span>ou omiss\u00e3o;<\/li><li>III &#8211; tenha<span class=\"has-inline-color has-vivid-green-cyan-color\"> <strong>perdido a condi\u00e7\u00e3o de residente<\/strong><\/span><strong> por ter permanecido ausente do Pa\u00eds <\/strong>na forma especificada em regulamento <strong>e detenha as condi\u00e7\u00f5es objetivas para a concess\u00e3o de nova autoriza\u00e7\u00e3o<\/strong> de resid\u00eancia;<\/li><li>V &#8211; seja <span class=\"has-inline-color has-vivid-green-cyan-color\"><strong>crian\u00e7a ou adolescente desacompanhado<\/strong> <\/span>de respons\u00e1vel legal <strong>e<span class=\"has-inline-color has-vivid-green-cyan-color\"> sem autoriza\u00e7\u00e3o<\/span><\/strong> expressa para viajar desacompanhado, independentemente do documento de viagem que portar, hip\u00f3tese em que <strong>haver\u00e1 imediato encaminhamento ao Conselho Tutelar <\/strong>ou, em caso de necessidade, a institui\u00e7\u00e3o indicada pela autoridade competente.<\/li><\/ul>\n\n\n\n<p>Ainda, a Lei estipula mais duas situa\u00e7\u00f5es de entrada, al\u00e9m da possibilidade de o regulamento dispor de outras hip\u00f3teses excepcionais de admiss\u00e3o.<\/p>\n\n\n\n<ul class=\"wp-block-list\"><li>A <strong><span class=\"has-inline-color has-vivid-purple-color\">entrada condicional<\/span>,<\/strong> em territ\u00f3rio nacional, de pessoa que n\u00e3o preencha os requisitos de admiss\u00e3o poder\u00e1 ser autorizada mediante a assinatura, pelo transportador ou por seu agente, de <strong>termo de compromisso<\/strong> de custear as despesas com a perman\u00eancia e com as provid\u00eancias para a repatria\u00e7\u00e3o do viajante (Art. 41).<\/li><li>O tripulante ou o passageiro que, por motivo de for\u00e7a maior, for <strong><span class=\"has-inline-color has-vivid-purple-color\">obrigado a interromper a viagem<\/span><\/strong> em territ\u00f3rio nacional poder\u00e1 ter seu desembarque permitido <strong>mediante termo de responsabilidade<\/strong> pelas despesas decorrentes do transbordo (Art. 42).<\/li><\/ul>\n\n\n\n<h3 class=\"wp-block-heading\" id=\"h-do-impedimento-de-ingresso\">Do Impedimento de Ingresso<\/h3>\n\n\n\n<p>Agora elencaremos as possibilidades de <strong><span class=\"has-inline-color has-vivid-cyan-blue-color\">impedimento de ingresso<\/span><\/strong> no Pa\u00eds, <strong>ap\u00f3s entrevista individual<\/strong> e mediante ato fundamentado (Art. 45).<\/p>\n\n\n\n<p>Assim, a pessoa poder\u00e1 ser impedida de entrar caso:<\/p>\n\n\n\n<ul class=\"wp-block-list\"><li>I &#8211; <strong><span class=\"has-inline-color has-vivid-green-cyan-color\">anteriormente expulsa do Pa\u00eds<\/span><\/strong>, enquanto os efeitos da expuls\u00e3o vigorarem;<\/li><li>II &#8211; condenada ou respondendo a processo por ato de <strong><span class=\"has-inline-color has-vivid-green-cyan-color\">terrorismo ou por crime de genoc\u00eddio, crime contra a humanidade, crime de guerra ou crime de agress\u00e3o<\/span><\/strong>, nos termos definidos pelo Estatuto de Roma do Tribunal Penal Internacional, de 1998, promulgado pelo&nbsp;<a href=\"http:\/\/www.planalto.gov.br\/ccivil_03\/decreto\/2002\/D4388.htm\">Decreto n\u00ba 4.388, de 25 de setembro de 2002&nbsp;<\/a>;<\/li><li>III &#8211; condenada ou respondendo a processo em outro pa\u00eds por <strong><span class=\"has-inline-color has-vivid-green-cyan-color\">crime doloso<\/span> pass\u00edvel de extradi\u00e7\u00e3o<\/strong> segundo a lei brasileira;<\/li><li>IV &#8211; que tenha o nome inclu\u00eddo em <strong><span class=\"has-inline-color has-vivid-green-cyan-color\">lista de restri\u00e7\u00f5es<\/span><\/strong> por ordem judicial ou por compromisso assumido pelo Brasil perante organismo internacional;<\/li><li>V, a) que apresente <strong><span class=\"has-inline-color has-vivid-green-cyan-color\">documento de viagem<\/span><\/strong> <span class=\"has-inline-color has-vivid-purple-color\"><strong>n\u00e3o seja v\u00e1lido<\/strong> <\/span>para o Brasil;<\/li><li>V, b) que apresente <span class=\"has-inline-color has-vivid-green-cyan-color\"><strong>documento de viagem<\/strong> <\/span>esteja com o prazo de <strong><span class=\"has-inline-color has-vivid-purple-color\">validade vencido<\/span><\/strong>;<\/li><li>V, c) que apresente <span class=\"has-inline-color has-vivid-green-cyan-color\"><strong>documento de viagem<\/strong> <\/span>esteja com rasura ou<span class=\"has-inline-color has-vivid-purple-color\"> <strong>ind\u00edcio de falsifica\u00e7\u00e3o<\/strong><\/span>;<\/li><li>VI &#8211; que<span class=\"has-inline-color has-vivid-green-cyan-color\"> <strong>n\u00e3o apresente documento<\/strong><\/span> de viagem ou documento de identidade, quando admitido;<\/li><li>VII &#8211; cuja raz\u00e3o da <strong><span class=\"has-inline-color has-vivid-green-cyan-color\">viagem n\u00e3o seja condizente com o visto<\/span><\/strong> ou com o motivo alegado para a isen\u00e7\u00e3o de visto;<\/li><li>VIII &#8211; que tenha, comprovadamente, <strong><span class=\"has-inline-color has-vivid-green-cyan-color\">fraudado documenta\u00e7\u00e3o<\/span><\/strong> ou prestado informa\u00e7\u00e3o falsa por ocasi\u00e3o da solicita\u00e7\u00e3o de visto; ou<\/li><li>IX &#8211; que tenha praticado <span class=\"has-inline-color has-vivid-green-cyan-color\"><strong>ato contr\u00e1rio<\/strong> <\/span>aos princ\u00edpios e objetivos dispostos na <strong><span class=\"has-inline-color has-vivid-green-cyan-color\">Constitui\u00e7\u00e3o Federal<\/span><\/strong>.<\/li><\/ul>\n\n\n\n<p>Perceba que o rol \u00e9 um tanto quanto l\u00f3gico, n\u00e3o havendo uma necessidade de decor\u00e1-lo, mas sim entend\u00ea-lo.<\/p>\n\n\n\n<p>Ainda, \u00e9 sempre v\u00e1lido ressaltar que ningu\u00e9m ser\u00e1 impedido de ingressar no Pa\u00eds por motivo de ra\u00e7a, religi\u00e3o, nacionalidade, pertin\u00eancia a grupo social ou opini\u00e3o pol\u00edtica (Art. 45, Par\u00e1grafo \u00fanico).<\/p>\n\n\n\n<h2 class=\"wp-block-heading\" id=\"h-das-medidas-de-retirada-compuls-ria\">Das medidas de retirada compuls\u00f3ria<\/h2>\n\n\n\n<p>Iniciemos pelo artigo 47.<\/p>\n\n\n\n<p><em>Art. 47. A <\/em><strong><em><span class=\"has-inline-color has-vivid-cyan-blue-color\">repatria\u00e7\u00e3o<\/span><\/em><\/strong><em>, a <\/em><strong><span class=\"has-inline-color has-vivid-cyan-blue-color\"><em>deporta\u00e7\u00e3o<\/em><\/span><\/strong><em><span class=\"has-inline-color has-vivid-cyan-blue-color\"> <\/span>e a <\/em><strong><span class=\"has-inline-color has-vivid-cyan-blue-color\"><em>expuls\u00e3o<\/em><\/span><\/strong><em><span class=\"has-inline-color has-vivid-cyan-blue-color\"> <\/span>ser\u00e3o feitas <strong>para o pa\u00eds de nacionalidade ou de proced\u00eancia do migrante ou do visitante, ou para outro que o aceite,<\/strong> em observ\u00e2ncia aos tratados dos quais o Brasil seja parte.<\/em><\/p>\n\n\n\n<p>Ou seja, a repatria\u00e7\u00e3o, a deporta\u00e7\u00e3o e a expuls\u00e3o s\u00e3o modalidades de <strong>retirada compuls\u00f3ria<\/strong>, que tem como efeito levar o migrante ou visitante para seu pa\u00eds de nacionalidade ou para outro que o aceite.<\/p>\n\n\n\n<figure class=\"wp-block-image size-large\"><img loading=\"lazy\" decoding=\"async\" width=\"567\" height=\"292\" src=\"https:\/\/dhg1h5j42swfq.cloudfront.net\/2021\/02\/23063459\/image-286.png\" alt=\"Resumo da Lei 13.445\/2017 - Lei de Migra\u00e7\u00e3o - Parte 3\" class=\"wp-image-677882\" srcset=\"https:\/\/dhg1h5j42swfq.cloudfront.net\/2021\/02\/23063459\/image-286.png 567w, https:\/\/dhg1h5j42swfq.cloudfront.net\/2021\/02\/23063459\/image-286-300x154.png 300w\" sizes=\"auto, (max-width: 567px) 100vw, 567px\" \/><figcaption>Resumo da Lei 13.445\/2017 &#8211; Lei de Migra\u00e7\u00e3o &#8211; Parte 3<\/figcaption><\/figure>\n\n\n\n<p>Antes de vermos as principais estipula\u00e7\u00f5es das modalidades de retirada compuls\u00f3ria, vejamos duas <span class=\"has-inline-color has-vivid-green-cyan-color\"><strong>veda\u00e7\u00f5es<\/strong> <\/span>importantes.<\/p>\n\n\n\n<ul class=\"wp-block-list\"><li><strong>N\u00e3o se proceder\u00e1<\/strong> \u00e0 repatria\u00e7\u00e3o, \u00e0 deporta\u00e7\u00e3o ou \u00e0 <strong><span class=\"has-inline-color has-vivid-purple-color\">expuls\u00e3o coletivas <\/span><\/strong>(Art. 61)<\/li><li><strong>N\u00e3o se proceder\u00e1 \u00e0 repatria\u00e7\u00e3o, \u00e0 deporta\u00e7\u00e3o ou \u00e0 expuls\u00e3o<\/strong> de nenhum indiv\u00edduo quando a medida poder\u00e1 colocar <strong><span class=\"has-inline-color has-vivid-purple-color\">em risco a vida ou a integridade pessoal<\/span><\/strong> (Art. 62)<\/li><\/ul>\n\n\n\n<h3 class=\"wp-block-heading\">Repatria\u00e7\u00e3o X Deporta\u00e7\u00e3o X Expuls\u00e3o<\/h3>\n\n\n\n<p>Vejamos sobre as defini\u00e7\u00f5es do <strong>Repatria\u00e7\u00e3o, Deporta\u00e7\u00e3o e Expuls\u00e3o<\/strong> trazidas pela Legisla\u00e7\u00e3o.<\/p>\n\n\n\n<div class=\"wp-block-image\"><figure class=\"aligncenter size-large\"><img loading=\"lazy\" decoding=\"async\" width=\"465\" height=\"224\" src=\"https:\/\/dhg1h5j42swfq.cloudfront.net\/2021\/02\/23064410\/image-288.png\" alt=\"Resumo da Lei 13.445\/2017 - Lei de Migra\u00e7\u00e3o - Parte 3\" class=\"wp-image-677884\" srcset=\"https:\/\/dhg1h5j42swfq.cloudfront.net\/2021\/02\/23064410\/image-288.png 465w, https:\/\/dhg1h5j42swfq.cloudfront.net\/2021\/02\/23064410\/image-288-300x145.png 300w\" sizes=\"auto, (max-width: 465px) 100vw, 465px\" \/><figcaption>Resumo da Lei 13.445\/2017 &#8211; Lei de Migra\u00e7\u00e3o &#8211; Parte 3<\/figcaption><\/figure><\/div>\n\n\n\n<ul class=\"wp-block-list\"><li><strong><span class=\"has-inline-color has-vivid-cyan-blue-color\">Repatria\u00e7\u00e3o <\/span><\/strong>(Art. 49): consiste em medida administrativa de <strong><span class=\"has-inline-color has-vivid-red-color\">devolu\u00e7\u00e3o <\/span>de pessoa <\/strong>em situa\u00e7\u00e3o de impedimento <strong>ao pa\u00eds de proced\u00eancia ou de nacionalidade<\/strong>.<\/li><li><span class=\"has-inline-color has-vivid-cyan-blue-color\"><strong>Deporta\u00e7\u00e3o<\/strong> <\/span>(Art. 50): \u00e9 medida decorrente de procedimento administrativo que consiste na <strong><span class=\"has-inline-color has-vivid-red-color\">retirada compuls\u00f3ria<\/span> de pessoa<\/strong> que se encontre em situa\u00e7\u00e3o migrat\u00f3ria <strong>irregular em territ\u00f3rio nacional<\/strong>.<\/li><li><span class=\"has-inline-color has-vivid-cyan-blue-color\"><strong>Expuls\u00e3o<\/strong> <\/span>(Art. 54): consiste em medida administrativa de <strong><span class=\"has-inline-color has-vivid-red-color\">retirada compuls\u00f3ria<\/span><\/strong> de migrante ou visitante do territ\u00f3rio nacional, <strong>conjugada com o <span class=\"has-inline-color has-vivid-red-color\">impedimento <\/span>de reingresso por prazo determinado<\/strong>.<\/li><\/ul>\n\n\n\n<p>Apenas a t\u00edtulo de complementa\u00e7\u00e3o, adentraremos em algumas informa\u00e7\u00f5es de cada instituto.<\/p>\n\n\n\n<h3 class=\"wp-block-heading\">Da Repatria\u00e7\u00e3o<\/h3>\n\n\n\n<p>Ser\u00e1 feita <strong>imediata comunica\u00e7\u00e3o<\/strong> \u00e0 empresa transportadora e \u00e0 autoridade consular do pa\u00eds de proced\u00eancia ou de nacionalidade (Art. 49, \u00a7 1\u00ba).<\/p>\n\n\n\n<p><strong><span class=\"has-inline-color has-vivid-green-cyan-color\">N\u00e3o ser\u00e1 aplicada medida de repatria\u00e7\u00e3o<\/span><\/strong> \u00e0 pessoa (Art. 49, \u00a74\u00ba):<\/p>\n\n\n\n<ul class=\"wp-block-list\"><li>em situa\u00e7\u00e3o de<span class=\"has-inline-color has-vivid-purple-color\"> <strong>ref\u00fagio ou de ap\u00e1trida<\/strong><\/span><\/li><li><strong>ao <\/strong><span class=\"has-inline-color has-vivid-purple-color\"><strong>menor de 18 anos<\/strong> <\/span>desacompanhado ou separado de sua fam\u00edlia, <strong>exceto <\/strong>nos casos em que se<strong> demonstrar favor\u00e1vel para a garantia de seus direitos <\/strong>ou para a reintegra\u00e7\u00e3o a sua fam\u00edlia de origem,<\/li><li>a quem necessite de <strong><span class=\"has-inline-color has-vivid-purple-color\">acolhimento humanit\u00e1rio<\/span><\/strong>, ou<\/li><li>em que medida de devolu\u00e7\u00e3o para pa\u00eds ou regi\u00e3o que possa <strong><span class=\"has-inline-color has-vivid-purple-color\">apresentar risco \u00e0 vida<\/span><\/strong>, \u00e0 integridade pessoal ou \u00e0 liberdade da pessoa.<\/li><\/ul>\n\n\n\n<h3 class=\"wp-block-heading\">Da Deporta\u00e7\u00e3o<\/h3>\n\n\n\n<p>A <span class=\"has-inline-color has-vivid-cyan-blue-color\"><strong>deporta\u00e7\u00e3o<\/strong> <\/span>ser\u00e1 <strong>precedida de notifica\u00e7\u00e3o pessoal ao deportando<\/strong>, da qual constem, expressamente, as irregularidades verificadas e <strong><span class=\"has-inline-color has-vivid-green-cyan-color\">prazo para a regulariza\u00e7\u00e3o<\/span> n\u00e3o inferior a 60 dias<\/strong>, podendo ser prorrogado, por igual per\u00edodo, por despacho fundamentado e mediante compromisso de a pessoa manter atualizadas suas informa\u00e7\u00f5es domiciliares (Art. 50, \u00a7 1\u00ba)<\/p>\n\n\n\n<p><strong>No prazo de regulariza\u00e7\u00e3o<\/strong>, a pessoa <strong>n\u00e3o \u00e9 impedida de circula\u00e7\u00e3o<\/strong> (Art. 50, \u00a7 2\u00ba), entretanto a <strong>sa\u00edda volunt\u00e1ria<\/strong> de pessoa notificada para deixar o Pa\u00eds <strong>equivale ao cumprimento da notifica\u00e7\u00e3o de deporta\u00e7\u00e3o<\/strong> (50, \u00a75)\u00ba;<\/p>\n\n\n\n<h3 class=\"wp-block-heading\">Da Expuls\u00e3o<\/h3>\n\n\n\n<p>Vejamos sobre \u00e0 <strong><span class=\"has-inline-color has-vivid-cyan-blue-color\">expuls\u00e3o<\/span><\/strong>.<\/p>\n\n\n\n<p>Assim, poder\u00e1 dar <strong><span class=\"has-inline-color has-vivid-green-cyan-color\">causa \u00e0 expuls\u00e3o<\/span><\/strong> a condena\u00e7\u00e3o com senten\u00e7a <strong>transitada em julgado relativa \u00e0 pr\u00e1tica de<\/strong> (Art. 54, \u00a7 1\u00ba):<\/p>\n\n\n\n<ul class=\"wp-block-list\"><li>I &#8211; <strong><span class=\"has-inline-color has-vivid-purple-color\">crime de genoc\u00eddio<\/span><\/strong>, crime contra a humanidade, crime de guerra ou crime de agress\u00e3o, nos termos definidos pelo Estatuto de Roma do Tribunal Penal Internacional, de 1998, promulgado pelo&nbsp;<a href=\"http:\/\/www.planalto.gov.br\/ccivil_03\/decreto\/2002\/D4388.htm\">Decreto n\u00ba 4.388, de 25 de setembro de 2002&nbsp;<\/a>; ou<\/li><li>II &#8211;<span class=\"has-inline-color has-vivid-purple-color\"> <strong>crime comum doloso<\/strong> <\/span>pass\u00edvel de pena privativa de liberdade, consideradas a gravidade e as possibilidades de ressocializa\u00e7\u00e3o em territ\u00f3rio nacional.<\/li><\/ul>\n\n\n\n<p>Entretanto <span class=\"has-inline-color has-vivid-green-cyan-color\"><strong>n\u00e3o se proceder\u00e1 \u00e0 expuls\u00e3o<\/strong> <\/span>quando (Art. 55)<\/p>\n\n\n\n<ul class=\"wp-block-list\"><li>I &#8211; a medida configurar <strong><span class=\"has-inline-color has-vivid-purple-color\">extradi\u00e7\u00e3o inadmitida<\/span> pela legisla\u00e7\u00e3o<\/strong> brasileira;<\/li><li>II &#8211; o <strong>expulsando<\/strong>:<\/li><\/ul>\n\n\n\n<p>a) tiver <strong><span class=\"has-inline-color has-vivid-purple-color\">filho brasileiro<\/span><\/strong> que esteja sob sua guarda ou depend\u00eancia econ\u00f4mica ou socioafetiva ou tiver pessoa brasileira sob sua tutela;<\/p>\n\n\n\n<p>b) tiver <strong><span class=\"has-inline-color has-vivid-purple-color\">c\u00f4njuge <\/span><\/strong>ou companheiro residente <strong><span class=\"has-inline-color has-vivid-purple-color\">no Brasil<\/span><\/strong>, sem discrimina\u00e7\u00e3o alguma, reconhecido judicial ou legalmente;<\/p>\n\n\n\n<p>c) tiver<span class=\"has-inline-color has-vivid-purple-color\"> <strong>ingressado no Brasil at\u00e9 os 12 anos de idade<\/strong><\/span>, <strong>residindo desde ent\u00e3o no Pa\u00eds<\/strong>;<\/p>\n\n\n\n<p>d) for pessoa com <strong><span class=\"has-inline-color has-vivid-purple-color\">mais de 70 anos<\/span><\/strong> que <strong>resida no Pa\u00eds h\u00e1 mais de 10 anos<\/strong>, considerados a gravidade e o fundamento da expuls\u00e3o;<\/p>\n\n\n\n<p>Atente-se que ao contr\u00e1rio da deporta\u00e7\u00e3o, a <strong>exist\u00eancia de processo de expuls\u00e3o<\/strong> <strong>n\u00e3o impede a sa\u00edda volunt\u00e1ria<\/strong> do expulsando do Pa\u00eds (Art. 60).<\/p>\n\n\n\n<h2 class=\"wp-block-heading\">Considera\u00e7\u00f5es Finais<\/h2>\n\n\n\n<p>Pessoal, chegamos ao final da terceira parte do Resumo da Lei 13.445\/2017. Espero que tenham gostado.<\/p>\n\n\n\n<p>N\u00e3o deixem de acompanhar o blog aqui do Estrat\u00e9gia para ver a continua\u00e7\u00e3o do Resumo da Lei 13.445\/2017, al\u00e9m de outras not\u00edcias de concurso p\u00fablico.<\/p>\n\n\n\n<p>At\u00e9 mais e bons estudos!<\/p>\n\n\n\n<p class=\"has-text-align-center\"><em><strong>Assinatura Anual Ilimitada*<\/strong><\/em><\/p>\n\n\n\n<p class=\"has-text-align-center\"><em>Prepare-se com o melhor material e com quem mais aprova em Concursos P\u00fablicos em todo o pa\u00eds. Assine agora a nossa Assinatura Anual e tenha acesso ilimitado* a todos os nossos cursos.<\/em><\/p>\n\n\n\n<p class=\"has-text-align-center has-light-green-cyan-background-color has-background\"><strong>ASSINE AGORA<\/strong>&nbsp;\u2013&nbsp;<strong><a rel=\"noreferrer noopener\" href=\"https:\/\/www.estrategiaconcursos.com.br\/assinaturas\" target=\"_blank\">Assinatura Ilimitada<\/a><\/strong><\/p>\n\n\n\n<p class=\"has-text-align-center\"><strong><em><strong>Sistema de Quest\u00f5es<\/strong><\/em><\/strong><\/p>\n\n\n\n<p class=\"has-text-align-center\"><em>Estrat\u00e9gia Quest\u00f5es nasceu maior do que todos os concorrentes, com mais quest\u00f5es cadastradas e mais solu\u00e7\u00f5es por professores. Ent\u00e3o, confira e aproveite os descontos e b\u00f4nus imperd\u00edveis!<\/em><\/p>\n\n\n\n<p class=\"has-text-align-center has-vivid-green-cyan-background-color has-background\"><strong>ASSINE AGORA \u2013&nbsp;<a rel=\"noreferrer noopener\" href=\"https:\/\/www.estrategiaconcursos.com.br\/cursosPorConcurso\/sistema-de-questoes\/#\/\" target=\"_blank\">Sistema de Quest\u00f5es<\/a><\/strong><\/p>\n\n\n\n<p class=\"has-text-align-center\"><strong><em>Fique por dentro dos concursos em aberto<\/em><\/strong><\/p>\n\n\n\n<p class=\"has-text-align-center has-pale-cyan-blue-background-color has-background\"><a rel=\"noreferrer noopener\" href=\"https:\/\/www.estrategiaconcursos.com.br\/blog\/concursos-abertos\/\" target=\"_blank\"><strong>CONCURSOS ABERTOS<\/strong><\/a><\/p>\n\n\n\n<p class=\"has-text-align-center\"><strong><em>As oportunidades previstas<\/em><\/strong><\/p>\n\n\n\n<p class=\"has-text-align-center has-pale-cyan-blue-background-color has-background\"><a rel=\"noreferrer noopener\" href=\"https:\/\/www.estrategiaconcursos.com.br\/blog\/concursos-2021\/\" target=\"_blank\"><strong>CONCURSOS 2021<\/strong><\/a><\/p>\n","protected":false},"excerpt":{"rendered":"<p>Ol\u00e1, pessoal. Tudo certo? No artigo de hoje veremos a terceira parte do Resumo da Lei 13.445\/2017, norma que instituiu a Lei da Migra\u00e7\u00e3o. Veremos hoje as principais partes referente \u00e0 entrada e da sa\u00edda do territ\u00f3rio nacional e \u00e0s medidas de retirada compuls\u00f3ria. Vamos l\u00e1. Da entrada e da sa\u00edda do territ\u00f3rio nacional Vejamos [&hellip;]<\/p>\n","protected":false},"author":1763,"featured_media":118923,"comment_status":"open","ping_status":"closed","sticky":false,"template":"","format":"standard","meta":{"post_tipo":"article","footnotes":""},"categories":[1,1988],"tags":[],"tax_estado":[219964,219965,219966,219967,219968,219969,219963,219970,219971,219972,219973,219974,219975,219976,219977,219978,219979,219980,219981,219982,219983,219984,219985,219986,219987,219988,219989,219990],"class_list":["post-677881","post","type-post","status-publish","format-standard","has-post-thumbnail","hentry","category-cursos-e-concursos","category-policia","tax_estado-ac","tax_estado-al","tax_estado-am","tax_estado-ap","tax_estado-ba","tax_estado-ce","tax_estado-concursos-federais","tax_estado-df","tax_estado-es","tax_estado-go","tax_estado-ma","tax_estado-mg","tax_estado-ms","tax_estado-mt","tax_estado-pa","tax_estado-pb","tax_estado-pe","tax_estado-pi","tax_estado-pr","tax_estado-rj","tax_estado-rn","tax_estado-ro","tax_estado-rr","tax_estado-rs","tax_estado-sc","tax_estado-se","tax_estado-sp","tax_estado-to"],"acf":[],"yoast_head":"<!-- This site is optimized with the Yoast SEO Premium plugin v27.2 (Yoast SEO v27.2) - https:\/\/yoast.com\/product\/yoast-seo-premium-wordpress\/ -->\n<title>Resumo da Lei 13.445\/2017 - Lei de Migra\u00e7\u00e3o - Parte 3<\/title>\n<meta name=\"description\" content=\"Veja neste artigo sobre a entrada e da sa\u00edda do territ\u00f3rio nacional e as medidas de retirada compuls\u00f3ria no Resumo da Lei 13.445\/2017.\" \/>\n<meta name=\"robots\" content=\"index, follow, max-snippet:-1, max-image-preview:large, max-video-preview:-1\" \/>\n<link rel=\"canonical\" href=\"https:\/\/www.estrategiaconcursos.com.br\/blog\/resumo-da-lei-de-migracao\/\" \/>\n<meta property=\"og:locale\" content=\"pt_BR\" \/>\n<meta property=\"og:type\" content=\"article\" \/>\n<meta property=\"og:title\" content=\"Resumo da Lei 13.445\/2017 - Lei de Migra\u00e7\u00e3o - Parte 3\" \/>\n<meta property=\"og:description\" content=\"Veja neste artigo sobre a entrada e da sa\u00edda do territ\u00f3rio nacional e as medidas de retirada compuls\u00f3ria no Resumo da Lei 13.445\/2017.\" \/>\n<meta property=\"og:url\" content=\"https:\/\/www.estrategiaconcursos.com.br\/blog\/resumo-da-lei-de-migracao\/\" \/>\n<meta property=\"og:site_name\" content=\"Estrat\u00e9gia Concursos\" \/>\n<meta property=\"article:published_time\" content=\"2021-03-03T17:17:29+00:00\" \/>\n<meta property=\"article:modified_time\" content=\"2021-03-03T17:17:31+00:00\" \/>\n<meta property=\"og:image\" content=\"https:\/\/dhg1h5j42swfq.cloudfront.net\/2018\/05\/01231737\/leideimigracao_banner_22-11.png\" \/>\n\t<meta property=\"og:image:width\" content=\"4429\" \/>\n\t<meta property=\"og:image:height\" content=\"2498\" \/>\n\t<meta property=\"og:image:type\" content=\"image\/png\" \/>\n<meta name=\"author\" content=\"Leonardo Menezes Passarin\" \/>\n<meta name=\"twitter:card\" content=\"summary_large_image\" \/>\n<meta name=\"twitter:creator\" content=\"@EstratConcursos\" \/>\n<meta name=\"twitter:site\" content=\"@EstratConcursos\" \/>\n<meta name=\"twitter:label1\" content=\"Escrito por\" \/>\n\t<meta name=\"twitter:data1\" content=\"Leonardo Menezes Passarin\" \/>\n\t<meta name=\"twitter:label2\" content=\"Est. tempo de leitura\" \/>\n\t<meta name=\"twitter:data2\" content=\"8 minutos\" \/>\n<script type=\"application\/ld+json\" class=\"yoast-schema-graph\">{\"@context\":\"https:\/\/schema.org\",\"@graph\":[{\"@type\":\"NewsArticle\",\"@id\":\"https:\/\/www.estrategiaconcursos.com.br\/blog\/resumo-da-lei-de-migracao\/#article\",\"isPartOf\":{\"@id\":\"https:\/\/www.estrategiaconcursos.com.br\/blog\/resumo-da-lei-de-migracao\/\"},\"author\":{\"name\":\"Leonardo Menezes Passarin\",\"@id\":\"https:\/\/www.estrategiaconcursos.com.br\/blog\/#\/schema\/person\/245b44e43eb13f0dbd04a7a078cd0d0d\"},\"headline\":\"Resumo da Lei 13.445\/2017 &#8211; Lei de Migra\u00e7\u00e3o &#8211; Parte 3\",\"datePublished\":\"2021-03-03T17:17:29+00:00\",\"dateModified\":\"2021-03-03T17:17:31+00:00\",\"mainEntityOfPage\":{\"@id\":\"https:\/\/www.estrategiaconcursos.com.br\/blog\/resumo-da-lei-de-migracao\/\"},\"wordCount\":1654,\"commentCount\":0,\"publisher\":{\"@id\":\"https:\/\/www.estrategiaconcursos.com.br\/blog\/#organization\"},\"image\":{\"@id\":\"https:\/\/www.estrategiaconcursos.com.br\/blog\/resumo-da-lei-de-migracao\/#primaryimage\"},\"thumbnailUrl\":\"https:\/\/dhg1h5j42swfq.cloudfront.net\/2018\/05\/01231737\/leideimigracao_banner_22-11.png\",\"articleSection\":[\"Concursos P\u00fablicos\",\"Policial (Agente, Escriv\u00e3o e Investigador)\"],\"inLanguage\":\"pt-BR\",\"potentialAction\":[{\"@type\":\"CommentAction\",\"name\":\"Comment\",\"target\":[\"https:\/\/www.estrategiaconcursos.com.br\/blog\/resumo-da-lei-de-migracao\/#respond\"]}],\"copyrightYear\":\"2021\",\"copyrightHolder\":{\"@id\":\"https:\/\/www.estrategiaconcursos.com.br\/blog\/#organization\"}},{\"@type\":\"WebPage\",\"@id\":\"https:\/\/www.estrategiaconcursos.com.br\/blog\/resumo-da-lei-de-migracao\/\",\"url\":\"https:\/\/www.estrategiaconcursos.com.br\/blog\/resumo-da-lei-de-migracao\/\",\"name\":\"Resumo da Lei 13.445\/2017 - Lei de Migra\u00e7\u00e3o - Parte 3\",\"isPartOf\":{\"@id\":\"https:\/\/www.estrategiaconcursos.com.br\/blog\/#website\"},\"primaryImageOfPage\":{\"@id\":\"https:\/\/www.estrategiaconcursos.com.br\/blog\/resumo-da-lei-de-migracao\/#primaryimage\"},\"image\":{\"@id\":\"https:\/\/www.estrategiaconcursos.com.br\/blog\/resumo-da-lei-de-migracao\/#primaryimage\"},\"thumbnailUrl\":\"https:\/\/dhg1h5j42swfq.cloudfront.net\/2018\/05\/01231737\/leideimigracao_banner_22-11.png\",\"datePublished\":\"2021-03-03T17:17:29+00:00\",\"dateModified\":\"2021-03-03T17:17:31+00:00\",\"description\":\"Veja neste artigo sobre a entrada e da sa\u00edda do territ\u00f3rio nacional e as medidas de retirada compuls\u00f3ria no Resumo da Lei 13.445\/2017.\",\"breadcrumb\":{\"@id\":\"https:\/\/www.estrategiaconcursos.com.br\/blog\/resumo-da-lei-de-migracao\/#breadcrumb\"},\"inLanguage\":\"pt-BR\",\"potentialAction\":[{\"@type\":\"ReadAction\",\"target\":[\"https:\/\/www.estrategiaconcursos.com.br\/blog\/resumo-da-lei-de-migracao\/\"]}]},{\"@type\":\"ImageObject\",\"inLanguage\":\"pt-BR\",\"@id\":\"https:\/\/www.estrategiaconcursos.com.br\/blog\/resumo-da-lei-de-migracao\/#primaryimage\",\"url\":\"https:\/\/dhg1h5j42swfq.cloudfront.net\/2018\/05\/01231737\/leideimigracao_banner_22-11.png\",\"contentUrl\":\"https:\/\/dhg1h5j42swfq.cloudfront.net\/2018\/05\/01231737\/leideimigracao_banner_22-11.png\",\"width\":4429,\"height\":2498},{\"@type\":\"BreadcrumbList\",\"@id\":\"https:\/\/www.estrategiaconcursos.com.br\/blog\/resumo-da-lei-de-migracao\/#breadcrumb\",\"itemListElement\":[{\"@type\":\"ListItem\",\"position\":1,\"name\":\"In\u00edcio\",\"item\":\"https:\/\/www.estrategiaconcursos.com.br\/blog\/\"},{\"@type\":\"ListItem\",\"position\":2,\"name\":\"Resumo da Lei 13.445\/2017 &#8211; Lei de Migra\u00e7\u00e3o &#8211; Parte 3\"}]},{\"@type\":\"WebSite\",\"@id\":\"https:\/\/www.estrategiaconcursos.com.br\/blog\/#website\",\"url\":\"https:\/\/www.estrategiaconcursos.com.br\/blog\/\",\"name\":\"Estrat\u00e9gia Concursos\",\"description\":\"O blog da Estrat\u00e9gia Concursos traz not\u00edcias sobre concursos e artigos de professores oferecendo cursos para concursos (pdf + videaulas) no site.\",\"publisher\":{\"@id\":\"https:\/\/www.estrategiaconcursos.com.br\/blog\/#organization\"},\"potentialAction\":[{\"@type\":\"SearchAction\",\"target\":{\"@type\":\"EntryPoint\",\"urlTemplate\":\"https:\/\/www.estrategiaconcursos.com.br\/blog\/?s={search_term_string}\"},\"query-input\":{\"@type\":\"PropertyValueSpecification\",\"valueRequired\":true,\"valueName\":\"search_term_string\"}}],\"inLanguage\":\"pt-BR\"},{\"@type\":\"Organization\",\"@id\":\"https:\/\/www.estrategiaconcursos.com.br\/blog\/#organization\",\"name\":\"Estrat\u00e9gia Concursos\",\"url\":\"https:\/\/www.estrategiaconcursos.com.br\/blog\/\",\"logo\":{\"@type\":\"ImageObject\",\"inLanguage\":\"pt-BR\",\"@id\":\"https:\/\/www.estrategiaconcursos.com.br\/blog\/#\/schema\/logo\/image\/\",\"url\":\"https:\/\/dhg1h5j42swfq.cloudfront.net\/2025\/06\/03203428\/logo_concursos-1.jpg\",\"contentUrl\":\"https:\/\/dhg1h5j42swfq.cloudfront.net\/2025\/06\/03203428\/logo_concursos-1.jpg\",\"width\":230,\"height\":60,\"caption\":\"Estrat\u00e9gia Concursos\"},\"image\":{\"@id\":\"https:\/\/www.estrategiaconcursos.com.br\/blog\/#\/schema\/logo\/image\/\"},\"sameAs\":[\"https:\/\/x.com\/EstratConcursos\"]},{\"@type\":\"Person\",\"@id\":\"https:\/\/www.estrategiaconcursos.com.br\/blog\/#\/schema\/person\/245b44e43eb13f0dbd04a7a078cd0d0d\",\"name\":\"Leonardo Menezes Passarin\",\"image\":{\"@type\":\"ImageObject\",\"inLanguage\":\"pt-BR\",\"@id\":\"https:\/\/secure.gravatar.com\/avatar\/fc0e5714ceaa97f24e6e6a30eab74ba8a701c2b62f8cab100ffdb22c6d8f42c3?s=96&d=mm&r=g\",\"url\":\"https:\/\/secure.gravatar.com\/avatar\/fc0e5714ceaa97f24e6e6a30eab74ba8a701c2b62f8cab100ffdb22c6d8f42c3?s=96&d=mm&r=g\",\"contentUrl\":\"https:\/\/secure.gravatar.com\/avatar\/fc0e5714ceaa97f24e6e6a30eab74ba8a701c2b62f8cab100ffdb22c6d8f42c3?s=96&d=mm&r=g\",\"caption\":\"Leonardo Menezes Passarin\"},\"url\":\"https:\/\/www.estrategiaconcursos.com.br\/blog\/author\/passarin-leonardohotmail-com\/\"}]}<\/script>\n<!-- \/ Yoast SEO Premium plugin. -->","yoast_head_json":{"title":"Resumo da Lei 13.445\/2017 - Lei de Migra\u00e7\u00e3o - Parte 3","description":"Veja neste artigo sobre a entrada e da sa\u00edda do territ\u00f3rio nacional e as medidas de retirada compuls\u00f3ria no Resumo da Lei 13.445\/2017.","robots":{"index":"index","follow":"follow","max-snippet":"max-snippet:-1","max-image-preview":"max-image-preview:large","max-video-preview":"max-video-preview:-1"},"canonical":"https:\/\/www.estrategiaconcursos.com.br\/blog\/resumo-da-lei-de-migracao\/","og_locale":"pt_BR","og_type":"article","og_title":"Resumo da Lei 13.445\/2017 - Lei de Migra\u00e7\u00e3o - Parte 3","og_description":"Veja neste artigo sobre a entrada e da sa\u00edda do territ\u00f3rio nacional e as medidas de retirada compuls\u00f3ria no Resumo da Lei 13.445\/2017.","og_url":"https:\/\/www.estrategiaconcursos.com.br\/blog\/resumo-da-lei-de-migracao\/","og_site_name":"Estrat\u00e9gia Concursos","article_published_time":"2021-03-03T17:17:29+00:00","article_modified_time":"2021-03-03T17:17:31+00:00","og_image":[{"width":4429,"height":2498,"url":"https:\/\/dhg1h5j42swfq.cloudfront.net\/2018\/05\/01231737\/leideimigracao_banner_22-11.png","type":"image\/png"}],"author":"Leonardo Menezes Passarin","twitter_card":"summary_large_image","twitter_creator":"@EstratConcursos","twitter_site":"@EstratConcursos","twitter_misc":{"Escrito por":"Leonardo Menezes Passarin","Est. tempo de leitura":"8 minutos"},"schema":{"@context":"https:\/\/schema.org","@graph":[{"@type":"NewsArticle","@id":"https:\/\/www.estrategiaconcursos.com.br\/blog\/resumo-da-lei-de-migracao\/#article","isPartOf":{"@id":"https:\/\/www.estrategiaconcursos.com.br\/blog\/resumo-da-lei-de-migracao\/"},"author":{"name":"Leonardo Menezes Passarin","@id":"https:\/\/www.estrategiaconcursos.com.br\/blog\/#\/schema\/person\/245b44e43eb13f0dbd04a7a078cd0d0d"},"headline":"Resumo da Lei 13.445\/2017 &#8211; Lei de Migra\u00e7\u00e3o &#8211; Parte 3","datePublished":"2021-03-03T17:17:29+00:00","dateModified":"2021-03-03T17:17:31+00:00","mainEntityOfPage":{"@id":"https:\/\/www.estrategiaconcursos.com.br\/blog\/resumo-da-lei-de-migracao\/"},"wordCount":1654,"commentCount":0,"publisher":{"@id":"https:\/\/www.estrategiaconcursos.com.br\/blog\/#organization"},"image":{"@id":"https:\/\/www.estrategiaconcursos.com.br\/blog\/resumo-da-lei-de-migracao\/#primaryimage"},"thumbnailUrl":"https:\/\/dhg1h5j42swfq.cloudfront.net\/2018\/05\/01231737\/leideimigracao_banner_22-11.png","articleSection":["Concursos P\u00fablicos","Policial (Agente, Escriv\u00e3o e Investigador)"],"inLanguage":"pt-BR","potentialAction":[{"@type":"CommentAction","name":"Comment","target":["https:\/\/www.estrategiaconcursos.com.br\/blog\/resumo-da-lei-de-migracao\/#respond"]}],"copyrightYear":"2021","copyrightHolder":{"@id":"https:\/\/www.estrategiaconcursos.com.br\/blog\/#organization"}},{"@type":"WebPage","@id":"https:\/\/www.estrategiaconcursos.com.br\/blog\/resumo-da-lei-de-migracao\/","url":"https:\/\/www.estrategiaconcursos.com.br\/blog\/resumo-da-lei-de-migracao\/","name":"Resumo da Lei 13.445\/2017 - Lei de Migra\u00e7\u00e3o - Parte 3","isPartOf":{"@id":"https:\/\/www.estrategiaconcursos.com.br\/blog\/#website"},"primaryImageOfPage":{"@id":"https:\/\/www.estrategiaconcursos.com.br\/blog\/resumo-da-lei-de-migracao\/#primaryimage"},"image":{"@id":"https:\/\/www.estrategiaconcursos.com.br\/blog\/resumo-da-lei-de-migracao\/#primaryimage"},"thumbnailUrl":"https:\/\/dhg1h5j42swfq.cloudfront.net\/2018\/05\/01231737\/leideimigracao_banner_22-11.png","datePublished":"2021-03-03T17:17:29+00:00","dateModified":"2021-03-03T17:17:31+00:00","description":"Veja neste artigo sobre a entrada e da sa\u00edda do territ\u00f3rio nacional e as medidas de retirada compuls\u00f3ria no Resumo da Lei 13.445\/2017.","breadcrumb":{"@id":"https:\/\/www.estrategiaconcursos.com.br\/blog\/resumo-da-lei-de-migracao\/#breadcrumb"},"inLanguage":"pt-BR","potentialAction":[{"@type":"ReadAction","target":["https:\/\/www.estrategiaconcursos.com.br\/blog\/resumo-da-lei-de-migracao\/"]}]},{"@type":"ImageObject","inLanguage":"pt-BR","@id":"https:\/\/www.estrategiaconcursos.com.br\/blog\/resumo-da-lei-de-migracao\/#primaryimage","url":"https:\/\/dhg1h5j42swfq.cloudfront.net\/2018\/05\/01231737\/leideimigracao_banner_22-11.png","contentUrl":"https:\/\/dhg1h5j42swfq.cloudfront.net\/2018\/05\/01231737\/leideimigracao_banner_22-11.png","width":4429,"height":2498},{"@type":"BreadcrumbList","@id":"https:\/\/www.estrategiaconcursos.com.br\/blog\/resumo-da-lei-de-migracao\/#breadcrumb","itemListElement":[{"@type":"ListItem","position":1,"name":"In\u00edcio","item":"https:\/\/www.estrategiaconcursos.com.br\/blog\/"},{"@type":"ListItem","position":2,"name":"Resumo da Lei 13.445\/2017 &#8211; Lei de Migra\u00e7\u00e3o &#8211; Parte 3"}]},{"@type":"WebSite","@id":"https:\/\/www.estrategiaconcursos.com.br\/blog\/#website","url":"https:\/\/www.estrategiaconcursos.com.br\/blog\/","name":"Estrat\u00e9gia Concursos","description":"O blog da Estrat\u00e9gia Concursos traz not\u00edcias sobre concursos e artigos de professores oferecendo cursos para concursos (pdf + videaulas) no site.","publisher":{"@id":"https:\/\/www.estrategiaconcursos.com.br\/blog\/#organization"},"potentialAction":[{"@type":"SearchAction","target":{"@type":"EntryPoint","urlTemplate":"https:\/\/www.estrategiaconcursos.com.br\/blog\/?s={search_term_string}"},"query-input":{"@type":"PropertyValueSpecification","valueRequired":true,"valueName":"search_term_string"}}],"inLanguage":"pt-BR"},{"@type":"Organization","@id":"https:\/\/www.estrategiaconcursos.com.br\/blog\/#organization","name":"Estrat\u00e9gia Concursos","url":"https:\/\/www.estrategiaconcursos.com.br\/blog\/","logo":{"@type":"ImageObject","inLanguage":"pt-BR","@id":"https:\/\/www.estrategiaconcursos.com.br\/blog\/#\/schema\/logo\/image\/","url":"https:\/\/dhg1h5j42swfq.cloudfront.net\/2025\/06\/03203428\/logo_concursos-1.jpg","contentUrl":"https:\/\/dhg1h5j42swfq.cloudfront.net\/2025\/06\/03203428\/logo_concursos-1.jpg","width":230,"height":60,"caption":"Estrat\u00e9gia Concursos"},"image":{"@id":"https:\/\/www.estrategiaconcursos.com.br\/blog\/#\/schema\/logo\/image\/"},"sameAs":["https:\/\/x.com\/EstratConcursos"]},{"@type":"Person","@id":"https:\/\/www.estrategiaconcursos.com.br\/blog\/#\/schema\/person\/245b44e43eb13f0dbd04a7a078cd0d0d","name":"Leonardo Menezes Passarin","image":{"@type":"ImageObject","inLanguage":"pt-BR","@id":"https:\/\/secure.gravatar.com\/avatar\/fc0e5714ceaa97f24e6e6a30eab74ba8a701c2b62f8cab100ffdb22c6d8f42c3?s=96&d=mm&r=g","url":"https:\/\/secure.gravatar.com\/avatar\/fc0e5714ceaa97f24e6e6a30eab74ba8a701c2b62f8cab100ffdb22c6d8f42c3?s=96&d=mm&r=g","contentUrl":"https:\/\/secure.gravatar.com\/avatar\/fc0e5714ceaa97f24e6e6a30eab74ba8a701c2b62f8cab100ffdb22c6d8f42c3?s=96&d=mm&r=g","caption":"Leonardo Menezes Passarin"},"url":"https:\/\/www.estrategiaconcursos.com.br\/blog\/author\/passarin-leonardohotmail-com\/"}]}},"_links":{"self":[{"href":"https:\/\/www.estrategiaconcursos.com.br\/blog\/wp-json\/wp\/v2\/posts\/677881","targetHints":{"allow":["GET"]}}],"collection":[{"href":"https:\/\/www.estrategiaconcursos.com.br\/blog\/wp-json\/wp\/v2\/posts"}],"about":[{"href":"https:\/\/www.estrategiaconcursos.com.br\/blog\/wp-json\/wp\/v2\/types\/post"}],"author":[{"embeddable":true,"href":"https:\/\/www.estrategiaconcursos.com.br\/blog\/wp-json\/wp\/v2\/users\/1763"}],"replies":[{"embeddable":true,"href":"https:\/\/www.estrategiaconcursos.com.br\/blog\/wp-json\/wp\/v2\/comments?post=677881"}],"version-history":[{"count":4,"href":"https:\/\/www.estrategiaconcursos.com.br\/blog\/wp-json\/wp\/v2\/posts\/677881\/revisions"}],"predecessor-version":[{"id":684151,"href":"https:\/\/www.estrategiaconcursos.com.br\/blog\/wp-json\/wp\/v2\/posts\/677881\/revisions\/684151"}],"wp:featuredmedia":[{"embeddable":true,"href":"https:\/\/www.estrategiaconcursos.com.br\/blog\/wp-json\/wp\/v2\/media\/118923"}],"wp:attachment":[{"href":"https:\/\/www.estrategiaconcursos.com.br\/blog\/wp-json\/wp\/v2\/media?parent=677881"}],"wp:term":[{"taxonomy":"category","embeddable":true,"href":"https:\/\/www.estrategiaconcursos.com.br\/blog\/wp-json\/wp\/v2\/categories?post=677881"},{"taxonomy":"post_tag","embeddable":true,"href":"https:\/\/www.estrategiaconcursos.com.br\/blog\/wp-json\/wp\/v2\/tags?post=677881"},{"taxonomy":"tax_estado","embeddable":true,"href":"https:\/\/www.estrategiaconcursos.com.br\/blog\/wp-json\/wp\/v2\/tax_estado?post=677881"}],"curies":[{"name":"wp","href":"https:\/\/api.w.org\/{rel}","templated":true}]}}