{"id":676856,"date":"2021-02-21T17:19:28","date_gmt":"2021-02-21T20:19:28","guid":{"rendered":"https:\/\/www.estrategiaconcursos.com.br\/blog\/?p=676856"},"modified":"2021-02-24T13:41:53","modified_gmt":"2021-02-24T16:41:53","slug":"gabarito-extraoficial-e-comentario-das-questoes-de-economia-do-tcdf-ace","status":"publish","type":"post","link":"https:\/\/www.estrategiaconcursos.com.br\/blog\/gabarito-extraoficial-e-comentario-das-questoes-de-economia-do-tcdf-ace\/","title":{"rendered":"Recurso + Gabarito Extraoficial e coment\u00e1rios das quest\u00f5es de Economia do TCDF (ACE)"},"content":{"rendered":"\n<p><strong><em>EDIT em 24\/2\/2021: com a divulga\u00e7\u00e3o do gabarito preliminar, eu e Cebraspe divergimos da quest\u00e3o que, nesse caderno, \u00e9 a n\u00famero 133. Abaixo voc\u00ea encontrar\u00e1 uma proposta de recurso<\/em><\/strong><\/p>\n\n\n\n<p>A prova objetiva de Economia do TCDF acabou de ser aplicada. Uma prova dif\u00edcil, como era esperado, mas tamb\u00e9m condizente com o edital e com poucas quest\u00f5es pol\u00eamicas. Isso, claro, antes do gabarito oficial.<\/p>\n\n\n\n<p>Vamos direto aos meus coment\u00e1rios, com a observa\u00e7\u00e3o de que sua prova pode ter numera\u00e7\u00e3o diferente.<\/p>\n\n\n\n<figure class=\"wp-block-image size-large\"><img loading=\"lazy\" decoding=\"async\" width=\"869\" height=\"326\" src=\"https:\/\/dhg1h5j42swfq.cloudfront.net\/2021\/02\/21162519\/image-227.png\" alt=\"\" class=\"wp-image-676857\" srcset=\"https:\/\/dhg1h5j42swfq.cloudfront.net\/2021\/02\/21162519\/image-227.png 869w, https:\/\/dhg1h5j42swfq.cloudfront.net\/2021\/02\/21162519\/image-227-300x113.png 300w, https:\/\/dhg1h5j42swfq.cloudfront.net\/2021\/02\/21162519\/image-227-768x288.png 768w, https:\/\/dhg1h5j42swfq.cloudfront.net\/2021\/02\/21162519\/image-227-610x229.png 610w\" sizes=\"auto, (max-width: 869px) 100vw, 869px\" \/><\/figure>\n\n\n\n<p><strong>Gabarito<\/strong>: Certo<\/p>\n\n\n\n<p><strong>Coment\u00e1rios<\/strong>: A fun\u00e7\u00e3o de utilidade fornecida \u00e9 t\u00edpica de substitutos perfeitos, e por isso a taxa marginal de substitui\u00e7\u00e3o (TMS) pode ser obtida pela raz\u00e3o entre os n\u00fameros que multiplicam cada bem, ou seja: 5\/2.<\/p>\n\n\n\n<p>Isso significa que o consumidor sempre poder\u00e1 trocar 5 ma\u00e7\u00e3s por 2 bananas, mantendo constante seu n\u00edvel de utilidade.<\/p>\n\n\n\n<p>Um detalhe \u00e9 que a TMS \u00e9 sempre negativa, ent\u00e3o rigorosamente seu valor \u00e9 &#8220;-5\/2&#8221;, mas a omiss\u00e3o do sinal \u00e9 normal, e o Cebraspe costuma mesmo express\u00e1-la pelo valor absoluto, ou seja, o gabarito deve ser &#8220;Certo&#8221;.<\/p>\n\n\n\n<figure class=\"wp-block-image size-large\"><img loading=\"lazy\" decoding=\"async\" width=\"863\" height=\"120\" src=\"https:\/\/dhg1h5j42swfq.cloudfront.net\/2021\/02\/21162840\/image-229.png\" alt=\"\" class=\"wp-image-676859\" srcset=\"https:\/\/dhg1h5j42swfq.cloudfront.net\/2021\/02\/21162840\/image-229.png 863w, https:\/\/dhg1h5j42swfq.cloudfront.net\/2021\/02\/21162840\/image-229-300x42.png 300w, https:\/\/dhg1h5j42swfq.cloudfront.net\/2021\/02\/21162840\/image-229-768x107.png 768w, https:\/\/dhg1h5j42swfq.cloudfront.net\/2021\/02\/21162840\/image-229-610x85.png 610w\" sizes=\"auto, (max-width: 863px) 100vw, 863px\" \/><\/figure>\n\n\n\n<p><strong>Gabarito<\/strong>: Certo<\/p>\n\n\n\n<p><strong>Coment\u00e1rios<\/strong>: Essa talvez seja a menos pol\u00eamica, sem qualquer margem para ambiguidade. A TMS \u00e9 um n\u00famero constante (5\/2), ou seja, n\u00e3o depende da quantidade de cada um dos bens, e isso significa que eles s\u00e3o substitutos perfeitos.<\/p>\n\n\n\n<p>Em outras palavras, s\u00e3o chamados de substitutos perfeitos bens cuja TMS \u00e9 constante. Perceba que ela n\u00e3o precisa ser igual a 1. Basta ser o mesmo n\u00famero ao longo de toda curva de indiferen\u00e7a.<\/p>\n\n\n\n<figure class=\"wp-block-image size-large\"><img loading=\"lazy\" decoding=\"async\" width=\"638\" height=\"340\" src=\"https:\/\/dhg1h5j42swfq.cloudfront.net\/2021\/02\/21163022\/image-230.png\" alt=\"\" class=\"wp-image-676860\" srcset=\"https:\/\/dhg1h5j42swfq.cloudfront.net\/2021\/02\/21163022\/image-230.png 638w, https:\/\/dhg1h5j42swfq.cloudfront.net\/2021\/02\/21163022\/image-230-300x160.png 300w, https:\/\/dhg1h5j42swfq.cloudfront.net\/2021\/02\/21163022\/image-230-610x325.png 610w\" sizes=\"auto, (max-width: 638px) 100vw, 638px\" \/><\/figure>\n\n\n\n<p><strong>Gabarito<\/strong>: Errado (gabarito preliminar Cespe: &#8220;Certo&#8221;)<\/p>\n\n\n\n<p><strong>Coment\u00e1rios<\/strong>: A empresa possui um or\u00e7amento de 4 unidades monet\u00e1rias. Isso significa que ela ir\u00e1 maximizar a produ\u00e7\u00e3o para o n\u00edvel de custo dado, de 4 unidades monet\u00e1rias. Sendo assim, este \u00e9 seu custo total:<\/p>\n\n\n\n<p>CT = 4<\/p>\n\n\n\n<p>A fun\u00e7\u00e3o Cobb-Douglas nos diz que a empresa gastar\u00e1 o mesmo montante com cada um dos bens. Ou seja, podemos verificar a quantidades utilizadas de cada insumo assim, sendo &#8220;r&#8221; o custo do capital e &#8220;w&#8221; o custo dos sal\u00e1rios:<\/p>\n\n\n\n<p>K = 0,5 . (CT\/r) = 0,5 . (4\/1) = <strong>2<\/strong><\/p>\n\n\n\n<p>L = 0,5 . (CT\/w) = 0,5 . (4\/2) = <strong>1<\/strong><\/p>\n\n\n\n<p>Portanto, ao maximizar a produ\u00e7\u00e3o para o custo de 4 unidades monet\u00e1rias, a empresa utiliza 2 unidades de capital e 1 unidade de trabalho, e produz:<\/p>\n\n\n\n<p>Y = (K.L)<sup>1\/2<\/sup> = (2.1)<sup>1\/2<\/sup> =<strong> 2<sup>1\/2<\/sup><\/strong><\/p>\n\n\n\n<p>Com o custo total (4) e a quantidade produzida (Y), descobrimos o custo m\u00e9dio (CMe):<\/p>\n\n\n\n<p>CMe = CT \/ Y<\/p>\n\n\n\n<p>CMe = 4 \/ 2<sup>1\/2<\/sup> = 2,828427<\/p>\n\n\n\n<p>Note que o custo marginal exigiria que calcul\u00e1ssemos o custo em fun\u00e7\u00e3o da quantidade produzida, mas j\u00e1 temos o suficiente para o gabarito.<\/p>\n\n\n\n<p><\/p>\n\n\n\n<h2 class=\"wp-block-heading\" id=\"h-recurso\"><strong>Recurso<\/strong>:<\/h2>\n\n\n\n<h4 class=\"wp-block-heading\" id=\"h-aten-o-n-o-copie-e-cole-o-recurso-sob-pena-de-ele-ser-indeferido-automaticamente-pela-banca-reelabore-com-suas-palavras-acrescente-e-retire-trechos-assim-temos-chances-de-a-banca-corrigir-o-gabarito\">Aten\u00e7\u00e3o: n\u00e3o &#8220;copie e cole&#8221; o recurso, sob pena de ele ser indeferido automaticamente pela banca. Reelabore com suas palavras, acrescente e retire trechos. Assim temos chances de a banca corrigir o gabarito.<\/h4>\n\n\n\n<p>A banca considerou verdadeira a afirma\u00e7\u00e3o de que os custos m\u00e9dio e marginal de longo prazo seriam de 4 unidades monet\u00e1rias. Ora, esse \u00e9 valor do custo total, e a afirma\u00e7\u00e3o s\u00f3 seria verdadeira em rela\u00e7\u00e3o ao custo m\u00e9dio caso a empresa produzisse uma \u00fanica unidade. Tal n\u00edvel de produ\u00e7\u00e3o seria &#8220;n\u00e3o \u00f3timo&#8221;, como demonstra-se a seguir:<\/p>\n\n\n\n<p>A fun\u00e7\u00e3o Cobb-Douglas nos diz que a empresa gastar\u00e1 o mesmo montante com cada um dos bens. Ou seja, podemos verificar a quantidades utilizadas de cada insumo assim, sendo &#8220;r&#8221; o custo do capital e &#8220;w&#8221; o custo dos sal\u00e1rios:<\/p>\n\n\n\n<p>K = 0,5 . (CT\/r) = 0,5 . (4\/1) = <strong>2<\/strong><\/p>\n\n\n\n<p>L = 0,5 . (CT\/w) = 0,5 . (4\/2) = <strong>1<\/strong><\/p>\n\n\n\n<p>Portanto, ao maximizar a produ\u00e7\u00e3o para o custo de 4 unidades monet\u00e1rias, a empresa utiliza 2 unidades de capital e 1 unidade de trabalho, e produz o n\u00edvel \u00f3timo de:<\/p>\n\n\n\n<p>Y = (K.L)<sup>1\/2<\/sup> = (2.1)<sup>1\/2<\/sup> =<strong> 2<sup>1\/2<\/sup><\/strong> = 1,414213562 (aproximadamente)<\/p>\n\n\n\n<p>Com o custo total (4) e a quantidade produzida (Y), descobrimos o custo m\u00e9dio (CMe):<\/p>\n\n\n\n<p>CMe = CT \/ Y<\/p>\n\n\n\n<p>CMe = 4 \/ 2<sup>1\/2<\/sup> = 2,828427 (aproximadamente)<\/p>\n\n\n\n<p>Em rela\u00e7\u00e3o ao custo marginal de longo prazo, sabe-se que ser\u00e1 igual ao custo marginal de curto prazo, qual seja: <strong>2y = 2,828427<\/strong> &#8211; tornando a quest\u00e3o errada tamb\u00e9m a esse respeito.<\/p>\n\n\n\n<blockquote class=\"wp-block-quote is-layout-flow wp-block-quote-is-layout-flow\"><p>O custo marginal de longo prazo em qualquer n\u00edvel de produ\u00e7\u00e3o y tem de ser igual ao custo marginal de curto prazo associado ao n\u00edvel \u00f3timo de tamanho de f\u00e1brica para produzir y.<\/p><p>Varian, Hal. Microeconomia . Elsevier Editora Ltda.. Edi\u00e7\u00e3o do Kindle.<\/p><\/blockquote>\n\n\n\n<p>Dessa forma, solicita-se respeitosamente a altera\u00e7\u00e3o do gabarito preliminar de &#8220;Certo&#8221; para &#8220;Errado&#8221;.<\/p>\n\n\n\n<p><\/p>\n\n\n\n<figure class=\"wp-block-image size-large\"><img loading=\"lazy\" decoding=\"async\" width=\"709\" height=\"85\" src=\"https:\/\/dhg1h5j42swfq.cloudfront.net\/2021\/02\/21165920\/image-232.png\" alt=\"\" class=\"wp-image-676868\" srcset=\"https:\/\/dhg1h5j42swfq.cloudfront.net\/2021\/02\/21165920\/image-232.png 709w, https:\/\/dhg1h5j42swfq.cloudfront.net\/2021\/02\/21165920\/image-232-300x36.png 300w, https:\/\/dhg1h5j42swfq.cloudfront.net\/2021\/02\/21165920\/image-232-610x73.png 610w\" sizes=\"auto, (max-width: 709px) 100vw, 709px\" \/><\/figure>\n\n\n\n<p><strong>Gabarito<\/strong>: Errado <em>(edit: Cebraspe colocou &#8220;certo&#8221; no gabarito preliminar)<\/em><\/p>\n\n\n\n<p><strong>Coment\u00e1rios<\/strong>: Se multiplicamos o custo m\u00e9dio pela quantidade (Y), obtemos o custo total. Nesse caso, obtemos:<\/p>\n\n\n\n<p>CT = 2y<sup>2<\/sup>+1<\/p>\n\n\n\n<p>Observe que o custo fixo, ou seja, o custo com capital que n\u00e3o varia conforme a quantidade produzida, \u00e9 igual a 1 unidade monet\u00e1ria. Como esse \u00e9 o pre\u00e7o de uma unidade de capital, a quest\u00e3o s\u00f3 estaria correta se indicasse que a firma usa uma unidade de capital. E ela n\u00e3o fez iso.<\/p>\n\n\n\n<p>Na verdade, se fizermos a suposi\u00e7\u00e3o de que a empresa est\u00e1 otimizando a quantidade de capital (embora n\u00e3o possa variar essa quantidade, pois aqui \u00e9 &#8220;curto prazo&#8221;), sabemos que ela deveria utilizar 2 unidades de capital, pelos c\u00e1lculos da quest\u00e3o anterior.<\/p>\n\n\n\n<p>Resumindo: n\u00e3o podemos saber a fun\u00e7\u00e3o de custo total m\u00e9dio de curto prazo sem sabermos a quantidade do fator fixo dispon\u00edvel. Parece-me que o Cebraspe esqueceu de informar, ou propositalmente tornou a quest\u00e3o imposs\u00edvel, como costuma fazer em quest\u00f5es desse tipo. Ou \u00e9 algo que eu mesmo n\u00e3o estou vendo&#8230;<\/p>\n\n\n\n<p>De toda forma, calculamos:<\/p>\n\n\n\n<p>CT = r.K + w.L<\/p>\n\n\n\n<p>Onde:<\/p>\n\n\n\n<p>CT: Custo total<\/p>\n\n\n\n<p>r: remunera\u00e7\u00e3o do fator capital<\/p>\n\n\n\n<p>K: quantidade de capital<\/p>\n\n\n\n<p>w: remunera\u00e7\u00e3o do fator trabalho<\/p>\n\n\n\n<p>L: quantidade do fator trabalho<\/p>\n\n\n\n<p>Atribuindo os valores de &#8220;w&#8221; e &#8220;r&#8221; fornecido pelo enunciado, ficamos com:<\/p>\n\n\n\n<p>CT = 1.K + 2.L<\/p>\n\n\n\n<p>CT = K + 2.L<\/p>\n\n\n\n<p>Considerando, como \u00e9 habitual, que &#8220;K&#8221; \u00e9 o fator fixo, j\u00e1 que a quest\u00e3o trata do curto prazo, resta definir &#8220;L&#8221; em fun\u00e7\u00e3o da quantidade produzida:<\/p>\n\n\n\n<p class=\"has-medium-font-size\">L = y<sub><sup>2<\/sup><\/sub>\/K<\/p>\n\n\n\n<p>E, portanto, o custo total passa a ser:<\/p>\n\n\n\n<p>CT = K + 2y<sub><sup>2<\/sup><\/sub>\/K<\/p>\n\n\n\n<p>Assim, conclui-se que a fun\u00e7\u00e3o de custo m\u00e9dio fornecida pelo enunciado s\u00f3 \u00e9 verdadeira no caso espec\u00edfico de a empresa operar com uma unidade de capital, pois assim:<\/p>\n\n\n\n<p>CT = 1 + 2y<sub><sup>2<\/sup><\/sub><\/p>\n\n\n\n<p>CMe<sub>CP<\/sub> = 1\/y + 2y<\/p>\n\n\n\n<p>Contudo, tal quantidade de capital de uma unidade \u00e9 apenas uma entre in\u00fameras poss\u00edveis, e n\u00e3o foi prevista pelo enunciado, como a banca fez em quest\u00e3o muito semelhante na prova da ABIN em 2018:<\/p>\n\n\n\n<blockquote class=\"wp-block-quote is-layout-flow wp-block-quote-is-layout-flow\"><p>Oficial de Intelig\u00eancia\/\u00c1rea 2<br \/>A fun\u00e7\u00e3o produ\u00e7\u00e3o de uma firma \u00e9 descrita por Y = K<sup>1\/2<\/sup> L<sup>1\/2<\/sup>, em que Y \u00e9 produto, L \u00e9 a quantidade de trabalho e K \u00e9 o estoque de capital. Sabendo que, nessa firma, o sal\u00e1rio \u00e9 w = 4 e a remunera\u00e7\u00e3o do capital \u00e9 r = 1, julgue o item seguinte.<\/p><p>Se K = 2, ent\u00e3o o custo total m\u00e9dio de curto prazo ser\u00e1 igual a Y\u00b2 + 2.<\/p><\/blockquote>\n\n\n\n<p>Ademais, calcula-se que a quantidade \u00f3tima de capital de longo prazo \u00e9 de duas unidades, e se adot\u00e1ssemos como verdadeira a razo\u00e1vel suposi\u00e7\u00e3o de que a empresa estivesse otimizada para longo prazo, ainda que atuando com o fator capital fixo, ter\u00edamos:<\/p>\n\n\n\n<p>CT = 2 + 2y<sub><sup>2<\/sup><\/sub>\/2<\/p>\n\n\n\n<p>CT = 2 + y<sub><sup>2<\/sup><\/sub><\/p>\n\n\n\n<p><strong>CMe<sub>CP<\/sub> = 2\/y + y<\/strong><\/p>\n\n\n\n<figure class=\"wp-block-image size-large\"><img loading=\"lazy\" decoding=\"async\" width=\"740\" height=\"238\" src=\"https:\/\/dhg1h5j42swfq.cloudfront.net\/2021\/02\/21170011\/image-233.png\" alt=\"\" class=\"wp-image-676870\" srcset=\"https:\/\/dhg1h5j42swfq.cloudfront.net\/2021\/02\/21170011\/image-233.png 740w, https:\/\/dhg1h5j42swfq.cloudfront.net\/2021\/02\/21170011\/image-233-300x96.png 300w, https:\/\/dhg1h5j42swfq.cloudfront.net\/2021\/02\/21170011\/image-233-610x196.png 610w\" sizes=\"auto, (max-width: 740px) 100vw, 740px\" \/><\/figure>\n\n\n\n<p>Gabarito: Errado<\/p>\n\n\n\n<p>Coment\u00e1rios: A teoria keynesiana considera a velocidade de circula\u00e7\u00e3o da moeda fixa. Por isso, j\u00e1 considero a quest\u00e3o errada. Contudo, se admit\u00edssemos a quebra dessa premissa, ter\u00edamos um deslocamento da curva LM, com efeito semelhante ao aumento da oferta monet\u00e1ria. Ou seja, mesmo assim, n\u00e3o \u00e9 o deslocamento da fun\u00e7\u00e3o consumo que provoca a eleva\u00e7\u00e3o da demanda agregada, mas sim o aumento da oferta monet\u00e1ria que reduz os juros, elevando os investimentos e, a\u00ed sim, elevando a demanda agregada.<\/p>\n\n\n\n<figure class=\"wp-block-image size-large\"><img loading=\"lazy\" decoding=\"async\" width=\"740\" height=\"179\" src=\"https:\/\/dhg1h5j42swfq.cloudfront.net\/2021\/02\/21170215\/image-235.png\" alt=\"\" class=\"wp-image-676874\" srcset=\"https:\/\/dhg1h5j42swfq.cloudfront.net\/2021\/02\/21170215\/image-235.png 740w, https:\/\/dhg1h5j42swfq.cloudfront.net\/2021\/02\/21170215\/image-235-300x73.png 300w, https:\/\/dhg1h5j42swfq.cloudfront.net\/2021\/02\/21170215\/image-235-610x148.png 610w\" sizes=\"auto, (max-width: 740px) 100vw, 740px\" \/><\/figure>\n\n\n\n<p>Gabarito: Errado*<\/p>\n\n\n\n<p>Coment\u00e1rio: coloquei errado com ressalvas.<\/p>\n\n\n\n<p>Ao fixar a taxa de juros, o Banco Central ir\u00e1 responder \u00e0 pol\u00edtica fiscal expansionista com uma pol\u00edtica monet\u00e1ria tamb\u00e9m expansionista, para evitar que os juros subam, e isso ampliar\u00e1 o efeito sobre o produto.<\/p>\n\n\n\n<p>Por outro lado, a definir a oferta de moeda sem considerar o n\u00edvel de juros, n\u00e3o ocorreria, necessariamente, esse refor\u00e7o da pol\u00edtica monet\u00e1ria. Pelo contr\u00e1rio, poderia at\u00e9 mesmo ocorrer contra\u00e7\u00e3o da oferta de moeda para evitar a eleva\u00e7\u00e3o nos pre\u00e7os, reduzindo o efeito do aumento dos gastos.<\/p>\n\n\n\n<p>A ressalva \u00e9 porque em circunst\u00e2ncias muito espec\u00edficas (armadilha da liquidez), as taxas de juros n\u00e3o tenderiam a subir. Mas como \u00e9 uma exce\u00e7\u00e3o, n\u00e3o acredito que mude o gabarito.<\/p>\n\n\n\n<figure class=\"wp-block-image size-large\"><img loading=\"lazy\" decoding=\"async\" width=\"794\" height=\"336\" src=\"https:\/\/dhg1h5j42swfq.cloudfront.net\/2021\/02\/21170829\/image-236.png\" alt=\"\" class=\"wp-image-676882\" srcset=\"https:\/\/dhg1h5j42swfq.cloudfront.net\/2021\/02\/21170829\/image-236.png 794w, https:\/\/dhg1h5j42swfq.cloudfront.net\/2021\/02\/21170829\/image-236-300x127.png 300w, https:\/\/dhg1h5j42swfq.cloudfront.net\/2021\/02\/21170829\/image-236-768x325.png 768w, https:\/\/dhg1h5j42swfq.cloudfront.net\/2021\/02\/21170829\/image-236-610x258.png 610w\" sizes=\"auto, (max-width: 794px) 100vw, 794px\" \/><\/figure>\n\n\n\n<p><strong>Gabarito<\/strong>: Certo<\/p>\n\n\n\n<p><strong>Coment\u00e1rios<\/strong>: O caso aqui \u00e9 que o governo est\u00e1 gastando demais, e precisa reduzir seus gastos. Mas se ele fizer isso, pode acabar agravando a recess\u00e3o, ao retirar parte dos est\u00edmulos da economia. Para evitar que isso ocorra, a pol\u00edtica monet\u00e1ria expansionista pode (aten\u00e7\u00e3o ao &#8220;pode&#8221;) ser utilizada, atenuando os efeitos recessivos da pol\u00edtica fiscal contracionista.<\/p>\n\n\n\n<figure class=\"wp-block-image size-large\"><img loading=\"lazy\" decoding=\"async\" width=\"794\" height=\"109\" src=\"https:\/\/dhg1h5j42swfq.cloudfront.net\/2021\/02\/21171023\/image-237.png\" alt=\"\" class=\"wp-image-676884\" srcset=\"https:\/\/dhg1h5j42swfq.cloudfront.net\/2021\/02\/21171023\/image-237.png 794w, https:\/\/dhg1h5j42swfq.cloudfront.net\/2021\/02\/21171023\/image-237-300x41.png 300w, https:\/\/dhg1h5j42swfq.cloudfront.net\/2021\/02\/21171023\/image-237-768x105.png 768w, https:\/\/dhg1h5j42swfq.cloudfront.net\/2021\/02\/21171023\/image-237-610x84.png 610w\" sizes=\"auto, (max-width: 794px) 100vw, 794px\" \/><\/figure>\n\n\n\n<p>Gabarito: Errado<\/p>\n\n\n\n<p>Coment\u00e1rios: tudo certo, exceto quanto aos juros. A pol\u00edtica fiscal contracionista tende a provocar queda na taxa de juros, devido ao deslocando para a esquerda da curva IS ao longo da LM positivamente inclinada.<\/p>\n\n\n\n<figure class=\"wp-block-image size-large\"><img loading=\"lazy\" decoding=\"async\" width=\"794\" height=\"109\" src=\"https:\/\/dhg1h5j42swfq.cloudfront.net\/2021\/02\/21171136\/image-238.png\" alt=\"\" class=\"wp-image-676885\" srcset=\"https:\/\/dhg1h5j42swfq.cloudfront.net\/2021\/02\/21171136\/image-238.png 794w, https:\/\/dhg1h5j42swfq.cloudfront.net\/2021\/02\/21171136\/image-238-300x41.png 300w, https:\/\/dhg1h5j42swfq.cloudfront.net\/2021\/02\/21171136\/image-238-768x105.png 768w, https:\/\/dhg1h5j42swfq.cloudfront.net\/2021\/02\/21171136\/image-238-610x84.png 610w\" sizes=\"auto, (max-width: 794px) 100vw, 794px\" \/><\/figure>\n\n\n\n<p>Gabarito: Certo<\/p>\n\n\n\n<p>Coment\u00e1rio: novamente tem a ver com os juros.<\/p>\n\n\n\n<p>A pol\u00edtica monet\u00e1ria expansionista reduz os juros, e isso estimula os investimentos.<\/p>\n\n\n\n<p>Enquanto a pol\u00edtica fiscal elevar os juros, desestimulando os investimentos. \u00c9 o efeito deslocamento, ou &#8220;crowding-out&#8221;.<\/p>\n\n\n\n<figure class=\"wp-block-image size-large\"><img loading=\"lazy\" decoding=\"async\" width=\"794\" height=\"259\" src=\"https:\/\/dhg1h5j42swfq.cloudfront.net\/2021\/02\/21171244\/image-239.png\" alt=\"\" class=\"wp-image-676886\" srcset=\"https:\/\/dhg1h5j42swfq.cloudfront.net\/2021\/02\/21171244\/image-239.png 794w, https:\/\/dhg1h5j42swfq.cloudfront.net\/2021\/02\/21171244\/image-239-300x98.png 300w, https:\/\/dhg1h5j42swfq.cloudfront.net\/2021\/02\/21171244\/image-239-768x251.png 768w, https:\/\/dhg1h5j42swfq.cloudfront.net\/2021\/02\/21171244\/image-239-610x199.png 610w\" sizes=\"auto, (max-width: 794px) 100vw, 794px\" \/><\/figure>\n\n\n\n<p>Gabarito: Errado<\/p>\n\n\n\n<p>Coment\u00e1rios:<\/p>\n\n\n\n<p>O d\u00e9ficit or\u00e7ament\u00e1rio ocorre quando o investimento p\u00fablico \u00e9 superior \u00e0 poupan\u00e7a p\u00fablica. Mas isso n\u00e3o est\u00e1 ocorrendo. Tudo o que podemos concluir, nesse caso, \u00e9 que:<\/p>\n\n\n\n<p>Ipub + Ipriv = Spriv + Spub + Sext<\/p>\n\n\n\n<p><s>Ipub + Ipriv <\/s>= <s>Spriv<\/s> + Spub + Sext<\/p>\n\n\n\n<p>0 = Spub + Sext<\/p>\n\n\n\n<p>Ou seja, o governo pode inclusive estar obtendo poupan\u00e7a p\u00fablica positiva e com isso financiando o resto do mundo.<\/p>\n\n\n\n<figure class=\"wp-block-image size-large\"><img loading=\"lazy\" decoding=\"async\" width=\"794\" height=\"156\" src=\"https:\/\/dhg1h5j42swfq.cloudfront.net\/2021\/02\/21171537\/image-240.png\" alt=\"\" class=\"wp-image-676887\" srcset=\"https:\/\/dhg1h5j42swfq.cloudfront.net\/2021\/02\/21171537\/image-240.png 794w, https:\/\/dhg1h5j42swfq.cloudfront.net\/2021\/02\/21171537\/image-240-300x59.png 300w, https:\/\/dhg1h5j42swfq.cloudfront.net\/2021\/02\/21171537\/image-240-768x151.png 768w, https:\/\/dhg1h5j42swfq.cloudfront.net\/2021\/02\/21171537\/image-240-610x120.png 610w\" sizes=\"auto, (max-width: 794px) 100vw, 794px\" \/><\/figure>\n\n\n\n<p>Gabarito: Errado<\/p>\n\n\n\n<p>Coment\u00e1rio: Esse conceito estaria correto para super\u00e1vit <strong>nominal<\/strong>, esse sim considera todas as receitas e despesas. O prim\u00e1rio N\u00c3O considera gastos com pagamentos de juros.<\/p>\n\n\n\n<figure class=\"wp-block-image size-large\"><img loading=\"lazy\" decoding=\"async\" width=\"826\" height=\"136\" src=\"https:\/\/dhg1h5j42swfq.cloudfront.net\/2021\/02\/21171633\/image-241.png\" alt=\"\" class=\"wp-image-676889\" srcset=\"https:\/\/dhg1h5j42swfq.cloudfront.net\/2021\/02\/21171633\/image-241.png 826w, https:\/\/dhg1h5j42swfq.cloudfront.net\/2021\/02\/21171633\/image-241-300x49.png 300w, https:\/\/dhg1h5j42swfq.cloudfront.net\/2021\/02\/21171633\/image-241-768x126.png 768w, https:\/\/dhg1h5j42swfq.cloudfront.net\/2021\/02\/21171633\/image-241-610x100.png 610w\" sizes=\"auto, (max-width: 826px) 100vw, 826px\" \/><\/figure>\n\n\n\n<p>Gabarito: Certo*<\/p>\n\n\n\n<p>Coment\u00e1rios: coloquei uma pequena ressalva, porque com exce\u00e7\u00e3o de um breve per\u00edodo em 2019 (pr\u00e9-pandemia), houve desacelera\u00e7\u00e3o no crescimento da d\u00edvida. Mas n\u00e3o acredito que seja o bastante para invalidar a quest\u00e3o.<\/p>\n","protected":false},"excerpt":{"rendered":"<p>EDIT em 24\/2\/2021: com a divulga\u00e7\u00e3o do gabarito preliminar, eu e Cebraspe divergimos da quest\u00e3o que, nesse caderno, \u00e9 a n\u00famero 133. Abaixo voc\u00ea encontrar\u00e1 uma proposta de recurso A prova objetiva de Economia do TCDF acabou de ser aplicada. Uma prova dif\u00edcil, como era esperado, mas tamb\u00e9m condizente com o edital e com poucas [&hellip;]<\/p>\n","protected":false},"author":1186,"featured_media":0,"comment_status":"open","ping_status":"closed","sticky":false,"template":"","format":"standard","meta":{"post_tipo":"article","footnotes":""},"categories":[1],"tags":[],"tax_estado":[219970],"class_list":["post-676856","post","type-post","status-publish","format-standard","hentry","category-cursos-e-concursos","tax_estado-df"],"acf":[],"yoast_head":"<!-- This site is optimized with the Yoast SEO Premium plugin v27.2 (Yoast SEO v27.2) - https:\/\/yoast.com\/product\/yoast-seo-premium-wordpress\/ -->\n<title>Recurso + Gabarito Extraoficial e coment\u00e1rios das quest\u00f5es de Economia do TCDF (ACE)<\/title>\n<meta name=\"robots\" content=\"index, follow, max-snippet:-1, max-image-preview:large, max-video-preview:-1\" \/>\n<link rel=\"canonical\" href=\"https:\/\/www.estrategiaconcursos.com.br\/blog\/gabarito-extraoficial-e-comentario-das-questoes-de-economia-do-tcdf-ace\/\" \/>\n<meta property=\"og:locale\" content=\"pt_BR\" \/>\n<meta property=\"og:type\" content=\"article\" \/>\n<meta property=\"og:title\" content=\"Recurso + Gabarito Extraoficial e coment\u00e1rios das quest\u00f5es de Economia do TCDF (ACE)\" \/>\n<meta property=\"og:description\" content=\"EDIT em 24\/2\/2021: com a divulga\u00e7\u00e3o do gabarito preliminar, eu e Cebraspe divergimos da quest\u00e3o que, nesse caderno, \u00e9 a n\u00famero 133. Abaixo voc\u00ea encontrar\u00e1 uma proposta de recurso A prova objetiva de Economia do TCDF acabou de ser aplicada. Uma prova dif\u00edcil, como era esperado, mas tamb\u00e9m condizente com o edital e com poucas [&hellip;]\" \/>\n<meta property=\"og:url\" content=\"https:\/\/www.estrategiaconcursos.com.br\/blog\/gabarito-extraoficial-e-comentario-das-questoes-de-economia-do-tcdf-ace\/\" \/>\n<meta property=\"og:site_name\" content=\"Estrat\u00e9gia Concursos\" \/>\n<meta property=\"article:published_time\" content=\"2021-02-21T20:19:28+00:00\" \/>\n<meta property=\"article:modified_time\" content=\"2021-02-24T16:41:53+00:00\" \/>\n<meta property=\"og:image\" content=\"https:\/\/www.estrategiaconcursos.com.br\/blog\/wp-content\/uploads\/2021\/02\/image-227.png\" \/>\n<meta name=\"author\" content=\"Celso Natale\" \/>\n<meta name=\"twitter:card\" content=\"summary_large_image\" \/>\n<meta name=\"twitter:creator\" content=\"@EstratConcursos\" \/>\n<meta name=\"twitter:site\" content=\"@EstratConcursos\" \/>\n<meta name=\"twitter:label1\" content=\"Escrito por\" \/>\n\t<meta name=\"twitter:data1\" content=\"Celso Natale\" \/>\n\t<meta name=\"twitter:label2\" content=\"Est. tempo de leitura\" \/>\n\t<meta name=\"twitter:data2\" content=\"8 minutos\" \/>\n<script type=\"application\/ld+json\" class=\"yoast-schema-graph\">{\"@context\":\"https:\/\/schema.org\",\"@graph\":[{\"@type\":\"NewsArticle\",\"@id\":\"https:\/\/www.estrategiaconcursos.com.br\/blog\/gabarito-extraoficial-e-comentario-das-questoes-de-economia-do-tcdf-ace\/#article\",\"isPartOf\":{\"@id\":\"https:\/\/www.estrategiaconcursos.com.br\/blog\/gabarito-extraoficial-e-comentario-das-questoes-de-economia-do-tcdf-ace\/\"},\"author\":{\"name\":\"Celso Natale\",\"@id\":\"https:\/\/www.estrategiaconcursos.com.br\/blog\/#\/schema\/person\/8d088d35995a851f83b2256633153f3b\"},\"headline\":\"Recurso + Gabarito Extraoficial e coment\u00e1rios das quest\u00f5es de Economia do TCDF (ACE)\",\"datePublished\":\"2021-02-21T20:19:28+00:00\",\"dateModified\":\"2021-02-24T16:41:53+00:00\",\"mainEntityOfPage\":{\"@id\":\"https:\/\/www.estrategiaconcursos.com.br\/blog\/gabarito-extraoficial-e-comentario-das-questoes-de-economia-do-tcdf-ace\/\"},\"wordCount\":1713,\"commentCount\":0,\"publisher\":{\"@id\":\"https:\/\/www.estrategiaconcursos.com.br\/blog\/#organization\"},\"image\":{\"@id\":\"https:\/\/www.estrategiaconcursos.com.br\/blog\/gabarito-extraoficial-e-comentario-das-questoes-de-economia-do-tcdf-ace\/#primaryimage\"},\"thumbnailUrl\":\"https:\/\/www.estrategiaconcursos.com.br\/blog\/wp-content\/uploads\/2021\/02\/image-227.png\",\"articleSection\":[\"Concursos P\u00fablicos\"],\"inLanguage\":\"pt-BR\",\"potentialAction\":[{\"@type\":\"CommentAction\",\"name\":\"Comment\",\"target\":[\"https:\/\/www.estrategiaconcursos.com.br\/blog\/gabarito-extraoficial-e-comentario-das-questoes-de-economia-do-tcdf-ace\/#respond\"]}],\"copyrightYear\":\"2021\",\"copyrightHolder\":{\"@id\":\"https:\/\/www.estrategiaconcursos.com.br\/blog\/#organization\"}},{\"@type\":\"WebPage\",\"@id\":\"https:\/\/www.estrategiaconcursos.com.br\/blog\/gabarito-extraoficial-e-comentario-das-questoes-de-economia-do-tcdf-ace\/\",\"url\":\"https:\/\/www.estrategiaconcursos.com.br\/blog\/gabarito-extraoficial-e-comentario-das-questoes-de-economia-do-tcdf-ace\/\",\"name\":\"Recurso + Gabarito Extraoficial e coment\u00e1rios das quest\u00f5es de Economia do TCDF (ACE)\",\"isPartOf\":{\"@id\":\"https:\/\/www.estrategiaconcursos.com.br\/blog\/#website\"},\"primaryImageOfPage\":{\"@id\":\"https:\/\/www.estrategiaconcursos.com.br\/blog\/gabarito-extraoficial-e-comentario-das-questoes-de-economia-do-tcdf-ace\/#primaryimage\"},\"image\":{\"@id\":\"https:\/\/www.estrategiaconcursos.com.br\/blog\/gabarito-extraoficial-e-comentario-das-questoes-de-economia-do-tcdf-ace\/#primaryimage\"},\"thumbnailUrl\":\"https:\/\/www.estrategiaconcursos.com.br\/blog\/wp-content\/uploads\/2021\/02\/image-227.png\",\"datePublished\":\"2021-02-21T20:19:28+00:00\",\"dateModified\":\"2021-02-24T16:41:53+00:00\",\"breadcrumb\":{\"@id\":\"https:\/\/www.estrategiaconcursos.com.br\/blog\/gabarito-extraoficial-e-comentario-das-questoes-de-economia-do-tcdf-ace\/#breadcrumb\"},\"inLanguage\":\"pt-BR\",\"potentialAction\":[{\"@type\":\"ReadAction\",\"target\":[\"https:\/\/www.estrategiaconcursos.com.br\/blog\/gabarito-extraoficial-e-comentario-das-questoes-de-economia-do-tcdf-ace\/\"]}]},{\"@type\":\"ImageObject\",\"inLanguage\":\"pt-BR\",\"@id\":\"https:\/\/www.estrategiaconcursos.com.br\/blog\/gabarito-extraoficial-e-comentario-das-questoes-de-economia-do-tcdf-ace\/#primaryimage\",\"url\":\"https:\/\/dhg1h5j42swfq.cloudfront.net\/2021\/02\/21162519\/image-227.png\",\"contentUrl\":\"https:\/\/dhg1h5j42swfq.cloudfront.net\/2021\/02\/21162519\/image-227.png\",\"width\":869,\"height\":326},{\"@type\":\"BreadcrumbList\",\"@id\":\"https:\/\/www.estrategiaconcursos.com.br\/blog\/gabarito-extraoficial-e-comentario-das-questoes-de-economia-do-tcdf-ace\/#breadcrumb\",\"itemListElement\":[{\"@type\":\"ListItem\",\"position\":1,\"name\":\"In\u00edcio\",\"item\":\"https:\/\/www.estrategiaconcursos.com.br\/blog\/\"},{\"@type\":\"ListItem\",\"position\":2,\"name\":\"Recurso + Gabarito Extraoficial e coment\u00e1rios das quest\u00f5es de Economia do TCDF (ACE)\"}]},{\"@type\":\"WebSite\",\"@id\":\"https:\/\/www.estrategiaconcursos.com.br\/blog\/#website\",\"url\":\"https:\/\/www.estrategiaconcursos.com.br\/blog\/\",\"name\":\"Estrat\u00e9gia Concursos\",\"description\":\"O blog da Estrat\u00e9gia Concursos traz not\u00edcias sobre concursos e artigos de professores oferecendo cursos para concursos (pdf + videaulas) no site.\",\"publisher\":{\"@id\":\"https:\/\/www.estrategiaconcursos.com.br\/blog\/#organization\"},\"potentialAction\":[{\"@type\":\"SearchAction\",\"target\":{\"@type\":\"EntryPoint\",\"urlTemplate\":\"https:\/\/www.estrategiaconcursos.com.br\/blog\/?s={search_term_string}\"},\"query-input\":{\"@type\":\"PropertyValueSpecification\",\"valueRequired\":true,\"valueName\":\"search_term_string\"}}],\"inLanguage\":\"pt-BR\"},{\"@type\":\"Organization\",\"@id\":\"https:\/\/www.estrategiaconcursos.com.br\/blog\/#organization\",\"name\":\"Estrat\u00e9gia Concursos\",\"url\":\"https:\/\/www.estrategiaconcursos.com.br\/blog\/\",\"logo\":{\"@type\":\"ImageObject\",\"inLanguage\":\"pt-BR\",\"@id\":\"https:\/\/www.estrategiaconcursos.com.br\/blog\/#\/schema\/logo\/image\/\",\"url\":\"https:\/\/dhg1h5j42swfq.cloudfront.net\/2025\/06\/03203428\/logo_concursos-1.jpg\",\"contentUrl\":\"https:\/\/dhg1h5j42swfq.cloudfront.net\/2025\/06\/03203428\/logo_concursos-1.jpg\",\"width\":230,\"height\":60,\"caption\":\"Estrat\u00e9gia Concursos\"},\"image\":{\"@id\":\"https:\/\/www.estrategiaconcursos.com.br\/blog\/#\/schema\/logo\/image\/\"},\"sameAs\":[\"https:\/\/x.com\/EstratConcursos\"]},{\"@type\":\"Person\",\"@id\":\"https:\/\/www.estrategiaconcursos.com.br\/blog\/#\/schema\/person\/8d088d35995a851f83b2256633153f3b\",\"name\":\"Celso Natale\",\"image\":{\"@type\":\"ImageObject\",\"inLanguage\":\"pt-BR\",\"@id\":\"https:\/\/secure.gravatar.com\/avatar\/c8fbdcaa043a22980f0e38d9de732508e2163cd4ee3835f9403347be9a456cc8?s=96&d=mm&r=g\",\"url\":\"https:\/\/secure.gravatar.com\/avatar\/c8fbdcaa043a22980f0e38d9de732508e2163cd4ee3835f9403347be9a456cc8?s=96&d=mm&r=g\",\"contentUrl\":\"https:\/\/secure.gravatar.com\/avatar\/c8fbdcaa043a22980f0e38d9de732508e2163cd4ee3835f9403347be9a456cc8?s=96&d=mm&r=g\",\"caption\":\"Celso Natale\"},\"url\":\"https:\/\/www.estrategiaconcursos.com.br\/blog\/author\/celsonatalegmail-com\/\"}]}<\/script>\n<!-- \/ Yoast SEO Premium plugin. -->","yoast_head_json":{"title":"Recurso + Gabarito Extraoficial e coment\u00e1rios das quest\u00f5es de Economia do TCDF (ACE)","robots":{"index":"index","follow":"follow","max-snippet":"max-snippet:-1","max-image-preview":"max-image-preview:large","max-video-preview":"max-video-preview:-1"},"canonical":"https:\/\/www.estrategiaconcursos.com.br\/blog\/gabarito-extraoficial-e-comentario-das-questoes-de-economia-do-tcdf-ace\/","og_locale":"pt_BR","og_type":"article","og_title":"Recurso + Gabarito Extraoficial e coment\u00e1rios das quest\u00f5es de Economia do TCDF (ACE)","og_description":"EDIT em 24\/2\/2021: com a divulga\u00e7\u00e3o do gabarito preliminar, eu e Cebraspe divergimos da quest\u00e3o que, nesse caderno, \u00e9 a n\u00famero 133. Abaixo voc\u00ea encontrar\u00e1 uma proposta de recurso A prova objetiva de Economia do TCDF acabou de ser aplicada. Uma prova dif\u00edcil, como era esperado, mas tamb\u00e9m condizente com o edital e com poucas [&hellip;]","og_url":"https:\/\/www.estrategiaconcursos.com.br\/blog\/gabarito-extraoficial-e-comentario-das-questoes-de-economia-do-tcdf-ace\/","og_site_name":"Estrat\u00e9gia Concursos","article_published_time":"2021-02-21T20:19:28+00:00","article_modified_time":"2021-02-24T16:41:53+00:00","og_image":[{"url":"https:\/\/www.estrategiaconcursos.com.br\/blog\/wp-content\/uploads\/2021\/02\/image-227.png","type":"","width":"","height":""}],"author":"Celso Natale","twitter_card":"summary_large_image","twitter_creator":"@EstratConcursos","twitter_site":"@EstratConcursos","twitter_misc":{"Escrito por":"Celso Natale","Est. tempo de leitura":"8 minutos"},"schema":{"@context":"https:\/\/schema.org","@graph":[{"@type":"NewsArticle","@id":"https:\/\/www.estrategiaconcursos.com.br\/blog\/gabarito-extraoficial-e-comentario-das-questoes-de-economia-do-tcdf-ace\/#article","isPartOf":{"@id":"https:\/\/www.estrategiaconcursos.com.br\/blog\/gabarito-extraoficial-e-comentario-das-questoes-de-economia-do-tcdf-ace\/"},"author":{"name":"Celso Natale","@id":"https:\/\/www.estrategiaconcursos.com.br\/blog\/#\/schema\/person\/8d088d35995a851f83b2256633153f3b"},"headline":"Recurso + Gabarito Extraoficial e coment\u00e1rios das quest\u00f5es de Economia do TCDF (ACE)","datePublished":"2021-02-21T20:19:28+00:00","dateModified":"2021-02-24T16:41:53+00:00","mainEntityOfPage":{"@id":"https:\/\/www.estrategiaconcursos.com.br\/blog\/gabarito-extraoficial-e-comentario-das-questoes-de-economia-do-tcdf-ace\/"},"wordCount":1713,"commentCount":0,"publisher":{"@id":"https:\/\/www.estrategiaconcursos.com.br\/blog\/#organization"},"image":{"@id":"https:\/\/www.estrategiaconcursos.com.br\/blog\/gabarito-extraoficial-e-comentario-das-questoes-de-economia-do-tcdf-ace\/#primaryimage"},"thumbnailUrl":"https:\/\/www.estrategiaconcursos.com.br\/blog\/wp-content\/uploads\/2021\/02\/image-227.png","articleSection":["Concursos P\u00fablicos"],"inLanguage":"pt-BR","potentialAction":[{"@type":"CommentAction","name":"Comment","target":["https:\/\/www.estrategiaconcursos.com.br\/blog\/gabarito-extraoficial-e-comentario-das-questoes-de-economia-do-tcdf-ace\/#respond"]}],"copyrightYear":"2021","copyrightHolder":{"@id":"https:\/\/www.estrategiaconcursos.com.br\/blog\/#organization"}},{"@type":"WebPage","@id":"https:\/\/www.estrategiaconcursos.com.br\/blog\/gabarito-extraoficial-e-comentario-das-questoes-de-economia-do-tcdf-ace\/","url":"https:\/\/www.estrategiaconcursos.com.br\/blog\/gabarito-extraoficial-e-comentario-das-questoes-de-economia-do-tcdf-ace\/","name":"Recurso + Gabarito Extraoficial e coment\u00e1rios das quest\u00f5es de Economia do TCDF (ACE)","isPartOf":{"@id":"https:\/\/www.estrategiaconcursos.com.br\/blog\/#website"},"primaryImageOfPage":{"@id":"https:\/\/www.estrategiaconcursos.com.br\/blog\/gabarito-extraoficial-e-comentario-das-questoes-de-economia-do-tcdf-ace\/#primaryimage"},"image":{"@id":"https:\/\/www.estrategiaconcursos.com.br\/blog\/gabarito-extraoficial-e-comentario-das-questoes-de-economia-do-tcdf-ace\/#primaryimage"},"thumbnailUrl":"https:\/\/www.estrategiaconcursos.com.br\/blog\/wp-content\/uploads\/2021\/02\/image-227.png","datePublished":"2021-02-21T20:19:28+00:00","dateModified":"2021-02-24T16:41:53+00:00","breadcrumb":{"@id":"https:\/\/www.estrategiaconcursos.com.br\/blog\/gabarito-extraoficial-e-comentario-das-questoes-de-economia-do-tcdf-ace\/#breadcrumb"},"inLanguage":"pt-BR","potentialAction":[{"@type":"ReadAction","target":["https:\/\/www.estrategiaconcursos.com.br\/blog\/gabarito-extraoficial-e-comentario-das-questoes-de-economia-do-tcdf-ace\/"]}]},{"@type":"ImageObject","inLanguage":"pt-BR","@id":"https:\/\/www.estrategiaconcursos.com.br\/blog\/gabarito-extraoficial-e-comentario-das-questoes-de-economia-do-tcdf-ace\/#primaryimage","url":"https:\/\/dhg1h5j42swfq.cloudfront.net\/2021\/02\/21162519\/image-227.png","contentUrl":"https:\/\/dhg1h5j42swfq.cloudfront.net\/2021\/02\/21162519\/image-227.png","width":869,"height":326},{"@type":"BreadcrumbList","@id":"https:\/\/www.estrategiaconcursos.com.br\/blog\/gabarito-extraoficial-e-comentario-das-questoes-de-economia-do-tcdf-ace\/#breadcrumb","itemListElement":[{"@type":"ListItem","position":1,"name":"In\u00edcio","item":"https:\/\/www.estrategiaconcursos.com.br\/blog\/"},{"@type":"ListItem","position":2,"name":"Recurso + Gabarito Extraoficial e coment\u00e1rios das quest\u00f5es de Economia do TCDF (ACE)"}]},{"@type":"WebSite","@id":"https:\/\/www.estrategiaconcursos.com.br\/blog\/#website","url":"https:\/\/www.estrategiaconcursos.com.br\/blog\/","name":"Estrat\u00e9gia Concursos","description":"O blog da Estrat\u00e9gia Concursos traz not\u00edcias sobre concursos e artigos de professores oferecendo cursos para concursos (pdf + videaulas) no site.","publisher":{"@id":"https:\/\/www.estrategiaconcursos.com.br\/blog\/#organization"},"potentialAction":[{"@type":"SearchAction","target":{"@type":"EntryPoint","urlTemplate":"https:\/\/www.estrategiaconcursos.com.br\/blog\/?s={search_term_string}"},"query-input":{"@type":"PropertyValueSpecification","valueRequired":true,"valueName":"search_term_string"}}],"inLanguage":"pt-BR"},{"@type":"Organization","@id":"https:\/\/www.estrategiaconcursos.com.br\/blog\/#organization","name":"Estrat\u00e9gia Concursos","url":"https:\/\/www.estrategiaconcursos.com.br\/blog\/","logo":{"@type":"ImageObject","inLanguage":"pt-BR","@id":"https:\/\/www.estrategiaconcursos.com.br\/blog\/#\/schema\/logo\/image\/","url":"https:\/\/dhg1h5j42swfq.cloudfront.net\/2025\/06\/03203428\/logo_concursos-1.jpg","contentUrl":"https:\/\/dhg1h5j42swfq.cloudfront.net\/2025\/06\/03203428\/logo_concursos-1.jpg","width":230,"height":60,"caption":"Estrat\u00e9gia Concursos"},"image":{"@id":"https:\/\/www.estrategiaconcursos.com.br\/blog\/#\/schema\/logo\/image\/"},"sameAs":["https:\/\/x.com\/EstratConcursos"]},{"@type":"Person","@id":"https:\/\/www.estrategiaconcursos.com.br\/blog\/#\/schema\/person\/8d088d35995a851f83b2256633153f3b","name":"Celso Natale","image":{"@type":"ImageObject","inLanguage":"pt-BR","@id":"https:\/\/secure.gravatar.com\/avatar\/c8fbdcaa043a22980f0e38d9de732508e2163cd4ee3835f9403347be9a456cc8?s=96&d=mm&r=g","url":"https:\/\/secure.gravatar.com\/avatar\/c8fbdcaa043a22980f0e38d9de732508e2163cd4ee3835f9403347be9a456cc8?s=96&d=mm&r=g","contentUrl":"https:\/\/secure.gravatar.com\/avatar\/c8fbdcaa043a22980f0e38d9de732508e2163cd4ee3835f9403347be9a456cc8?s=96&d=mm&r=g","caption":"Celso Natale"},"url":"https:\/\/www.estrategiaconcursos.com.br\/blog\/author\/celsonatalegmail-com\/"}]}},"_links":{"self":[{"href":"https:\/\/www.estrategiaconcursos.com.br\/blog\/wp-json\/wp\/v2\/posts\/676856","targetHints":{"allow":["GET"]}}],"collection":[{"href":"https:\/\/www.estrategiaconcursos.com.br\/blog\/wp-json\/wp\/v2\/posts"}],"about":[{"href":"https:\/\/www.estrategiaconcursos.com.br\/blog\/wp-json\/wp\/v2\/types\/post"}],"author":[{"embeddable":true,"href":"https:\/\/www.estrategiaconcursos.com.br\/blog\/wp-json\/wp\/v2\/users\/1186"}],"replies":[{"embeddable":true,"href":"https:\/\/www.estrategiaconcursos.com.br\/blog\/wp-json\/wp\/v2\/comments?post=676856"}],"version-history":[{"count":3,"href":"https:\/\/www.estrategiaconcursos.com.br\/blog\/wp-json\/wp\/v2\/posts\/676856\/revisions"}],"predecessor-version":[{"id":679411,"href":"https:\/\/www.estrategiaconcursos.com.br\/blog\/wp-json\/wp\/v2\/posts\/676856\/revisions\/679411"}],"wp:attachment":[{"href":"https:\/\/www.estrategiaconcursos.com.br\/blog\/wp-json\/wp\/v2\/media?parent=676856"}],"wp:term":[{"taxonomy":"category","embeddable":true,"href":"https:\/\/www.estrategiaconcursos.com.br\/blog\/wp-json\/wp\/v2\/categories?post=676856"},{"taxonomy":"post_tag","embeddable":true,"href":"https:\/\/www.estrategiaconcursos.com.br\/blog\/wp-json\/wp\/v2\/tags?post=676856"},{"taxonomy":"tax_estado","embeddable":true,"href":"https:\/\/www.estrategiaconcursos.com.br\/blog\/wp-json\/wp\/v2\/tax_estado?post=676856"}],"curies":[{"name":"wp","href":"https:\/\/api.w.org\/{rel}","templated":true}]}}