{"id":676321,"date":"2021-02-22T08:00:00","date_gmt":"2021-02-22T11:00:00","guid":{"rendered":"https:\/\/www.estrategiaconcursos.com.br\/blog\/?p=676321"},"modified":"2021-02-22T12:11:07","modified_gmt":"2021-02-22T15:11:07","slug":"imersao-ec-meu-primeiro-concurso","status":"publish","type":"post","link":"https:\/\/www.estrategiaconcursos.com.br\/blog\/imersao-ec-meu-primeiro-concurso\/","title":{"rendered":"Imers\u00e3o EC: Meu primeiro concurso &#8211; acompanhe em dois dias!"},"content":{"rendered":"\n<p>Nos dias 22 e 23 de fevereiro, em hor\u00e1rios diversos ao longo do dia, a equipe de professores do Estrat\u00e9gia Concursos ir\u00e1 realizar a imers\u00e3o &#8220;<em>Meu primeiro concurso<\/em>&#8220;, trazendo v\u00e1rias dicas para voc\u00ea que est\u00e1 adentrando agora ou pensa em se inserir neste universo. Acesse ao vivo e gratuitamente pelo canal do Estrat\u00e9gia Concursos no Youtube.<\/p>\n\n\n\n<h3 class=\"wp-block-heading\" id=\"h-imers-o-ec-meu-primeiro-concurso-cronograma\">Imers\u00e3o EC: Meu primeiro concurso &#8211; Cronograma<\/h3>\n\n\n\n<ul class=\"wp-block-list\"><li><strong>Data:<\/strong> 22 e 23 de fevereiro de 2021<\/li><li><strong>Onde:<\/strong> <a href=\"https:\/\/www.youtube.com\/channel\/UChvwkhC3eHxJsVxW_ItDjdA\">Canal do Estrat\u00e9gia Concursos no Youtube<\/a><\/li><li><strong>Professores:<\/strong> diversos <\/li><\/ul>\n\n\n\n<h3 class=\"wp-block-heading\" id=\"h-imers-o-ec-meu-primeiro-concurso-programa-o\">Imers\u00e3o EC: Meu primeiro concurso &#8211; Programa\u00e7\u00e3o <\/h3>\n\n\n\n<figure class=\"wp-block-table is-style-stripes\"><table><tbody><tr><td><strong>22\/02\/2021 (segunda)<\/strong><\/td><td>&nbsp;<\/td><td>&nbsp;<\/td><\/tr><tr><td><strong>Hor\u00e1rio<\/strong><\/td><td><strong>Webinarista (s)<\/strong><\/td><td><strong>Nome do Evento<\/strong><\/td><\/tr><tr><td>10:00<\/td><td>Luis Eduardo, Rosenval J\u00fanior e<br \/>Victor Tanaka<\/td><td><a href=\"https:\/\/www.youtube.com\/watch?v=0T4vyAIFFIM&amp;feature=youtu.be\" target=\"_blank\" rel=\"noreferrer noopener\">Meu Primeiro Concurso<\/a><\/td><\/tr><tr><td>14:00<\/td><td>Laura Amorim<\/td><td><a href=\"https:\/\/www.youtube.com\/watch?v=3Zt7DZxwmxc&amp;feature=youtu.be\" target=\"_blank\" rel=\"noreferrer noopener\">Como Fazer Resumos e Mapas Mentais!<\/a><\/td><\/tr><tr><td>16:00<\/td><td>Victor Tanaka<\/td><td><a href=\"https:\/\/www.youtube.com\/watch?v=1Y3SncjSmxU&amp;feature=youtu.be\" target=\"_blank\" rel=\"noreferrer noopener\">Os Grandes Diferenciais dos Aprovados<\/a><\/td><\/tr><tr><td>18:00<\/td><td>N\u00fabia Oliveira<\/td><td><a href=\"https:\/\/www.youtube.com\/watch?v=s0ohlW3EJTI&amp;feature=youtu.be\" target=\"_blank\" rel=\"noreferrer noopener\">Como montar um bom planejamento de Estudos?<\/a><\/td><\/tr><tr><td>20:00<\/td><td>Herbert Almeida<\/td><td><a href=\"https:\/\/www.youtube.com\/watch?v=w55s3V4dcI0&amp;feature=youtu.be\" target=\"_blank\" rel=\"noreferrer noopener\">Como funciona um Concurso P\u00fablico?<\/a><\/td><\/tr><tr><td>&nbsp;<\/td><td>&nbsp;<\/td><td>&nbsp;<\/td><\/tr><tr><td><strong>23\/02\/2021 (ter\u00e7a)<\/strong><\/td><td>&nbsp;<\/td><td>&nbsp;<\/td><\/tr><tr><td><strong>Hor\u00e1rio<\/strong><\/td><td><strong>Webinarista (s)<\/strong><\/td><td><strong>Nome do Evento<\/strong><\/td><\/tr><tr><td>08:00<\/td><td>Bruno Bezerra<\/td><td><a href=\"https:\/\/www.youtube.com\/watch?v=12XFNit7SDI&amp;feature=youtu.be\" target=\"_blank\" rel=\"noreferrer noopener\">O que s\u00e3o ciclos de estudos? Como elaborar o meu?<\/a><\/td><\/tr><tr><td>12:00<\/td><td>Silvana Diniz<\/td><td><a href=\"https:\/\/www.youtube.com\/watch?v=5VuwwpOmvaY&amp;feature=youtu.be\" target=\"_blank\" rel=\"noreferrer noopener\">Como aprender as disciplinas mais dif\u00edceis?<\/a><\/td><\/tr><tr><td>14:00<\/td><td>Victor Tanaka e Rosenval J\u00fanior<\/td><td><a href=\"https:\/\/www.youtube.com\/watch?v=vNn1viyyEVE&amp;feature=youtu.be\" target=\"_blank\" rel=\"noreferrer noopener\">T\u00e9cnicas de Memoriza\u00e7\u00e3o: Como decorar os conte\u00fados!<\/a><\/td><\/tr><tr><td>16:00<\/td><td>Carlos Roberto<\/td><td><a href=\"https:\/\/www.youtube.com\/watch?v=idPhfJnNiZk&amp;feature=youtu.be\" target=\"_blank\" rel=\"noreferrer noopener\">Como perder o medo da reda\u00e7\u00e3o e da discursiva?<\/a><\/td><\/tr><tr><td>18:00<\/td><td>N\u00fabia Oliveira<\/td><td><a href=\"https:\/\/www.youtube.com\/watch?v=Pb5QcPt09gY&amp;feature=youtu.be\" target=\"_blank\" rel=\"noreferrer noopener\">Quando devo fazer meu primeiro concurso?<\/a><\/td><\/tr><tr><td>20:00<\/td><td>Renan Fineto<\/td><td><a href=\"https:\/\/www.youtube.com\/watch?v=ooWv3f1xrcc&amp;feature=youtu.be\" target=\"_blank\" rel=\"noreferrer noopener\">Como Estudar no P\u00f3s-edital?<\/a><\/td><\/tr><\/tbody><\/table><\/figure>\n\n\n\n<h2 class=\"has-text-align-center wp-block-heading\" id=\"h-cursos-para-o-concurso\">Cursos para o concurso<\/h2>\n\n\n\n<div class=\"container\" id=\"boxes\">\n  <div class=\"row\">\n\n    <div class=\"col-sm\">\n      <div class=\"banner-tribunal\" id=\"box-assinatura\">\n        <h3 class=\"titulo-assinatura\">Cursos concursos<\/h3>\n        <p class=\"subtitulo-assinatura\">Conhe\u00e7a os cursos<\/p>\n        <div class=\"box-botao\">\n          <a class=\"btn-assinatura\" target=\"_blank\" href=\"https:\/\/www.estrategiaconcursos.com.br\/cursos\/concurso\/\" role=\"button\" rel=\"noopener noreferrer\">Conhe\u00e7a mais<\/a>\n        <\/div>\n      <\/div>\n      <p class=\"texto-auxiliar\">Prepare-se com o melhor material e com quem mais aprova em Concursos P\u00fablicos em todo o pa\u00eds.<\/p>\n    <\/div>\n\n  <\/div>\n<\/div>\n\n\n\n<div class=\"container\" id=\"boxes\">\n  <div class=\"row\">\n\n    <div class=\"col-sm\">\n      <div class=\"estrategia\" id=\"box-assinatura\">\n        <h3 class=\"titulo-assinatura\">Assinatura Ilimitada<\/h3>\n        <p class=\"subtitulo-assinatura\">Assinatura Anual Ilimitada*<\/p>\n        <div class=\"box-botao\">\n          <a class=\"btn-assinatura\" target=\"_blank\" href=\"https:\/\/www.estrategiaconcursos.com.br\/assinaturas\/\" role=\"button\" rel=\"noopener noreferrer\">ASSINE AGORA<\/a>\n        <\/div>\n      <\/div>\n      <p class=\"texto-auxiliar\">Prepare-se com o melhor material e com quem mais aprova em Concursos P\u00fablicos em todo o pa\u00eds. Assine agora a nossa Assinatura Anual e tenha acesso ilimitado* a todos os nossos cursos.<\/p>\n    <\/div>\n\n    <div class=\"col-sm\">\n      <div class=\"questoes\" id=\"box-assinatura\">\n        <h3 class=\"titulo-assinatura\">Sistema de Quest\u00f5es<\/h3>\n        <p class=\"subtitulo-assinatura\">Assinatura Ilimitada*\n<\/p>\n        <div class=\"box-botao\">\n          <a class=\"btn-assinatura\" target=\"_blank\" href=\"https:\/\/www.estrategiaconcursos.com.br\/cursosPorConcurso\/sistema-de-questoes\/#\/\" role=\"button\" rel=\"noopener noreferrer\">ASSINE AGORA<\/a>\n        <\/div>\n      <\/div>\n      <p class=\"texto-auxiliar\">Estrat\u00e9gia Quest\u00f5es nasceu maior do que todos os concorrentes, com mais quest\u00f5es cadastradas e mais solu\u00e7\u00f5es por professores. Clique no link e aproveite os descontos e b\u00f4nus imperd\u00edveis!<\/p>\n    <\/div>\n  <\/div>\n<\/div>\n\n\n\n<div class=\"container\" id=\"boxes\">\n  <div class=\"row\">\n\n    <div class=\"col-sm\" id=\"boxes-concursos\">\n      <div style=\"background-color: #005DAD;\" class=\"conteudo-concursos\" id=\"box-concursos\">\n        <h3 class=\"titulo-assinatura\">Concursos Abertos<\/h3>\n        <p class=\"subtitulo-assinatura\">mais de 15 mil vagas<\/p>\n        <div class=\"box-botao\">\n          <a class=\"btn-assinatura\" target=\"_blank\" href=\"https:\/\/www.estrategiaconcursos.com.br\/blog\/concursos-abertos\/\" role=\"button\" rel=\"noopener noreferrer\">Conhe\u00e7a Agora<\/a>\n        <\/div>\n      <\/div>\n    <\/div>\n\n    <div class=\"col-sm\" id=\"boxes-concursos\">\n      <div style=\"background-color: #419FF0;\" class=\"conteudo-concursos\" id=\"box-concursos\">\n        <h3 class=\"titulo-assinatura\">Concursos 2021<\/h3>\n        <p class=\"subtitulo-assinatura\">mais de 17 mil vagas<\/p>\n        <div class=\"box-botao\">\n          <a class=\"btn-assinatura\" target=\"_blank\" href=\"https:\/\/www.estrategiaconcursos.com.br\/blog\/concursos-2021\/\" role=\"button\" rel=\"noopener noreferrer\">Conhe\u00e7a Agora<\/a>\n        <\/div>\n      <\/div>\n    <\/div>\n\n  <\/div>\n<\/div>\n","protected":false},"excerpt":{"rendered":"<p>Nos dias 22 e 23 de fevereiro, em hor\u00e1rios diversos ao longo do dia, a equipe de professores do Estrat\u00e9gia Concursos ir\u00e1 realizar a imers\u00e3o &#8220;Meu primeiro concurso&#8220;, trazendo v\u00e1rias dicas para voc\u00ea que est\u00e1 adentrando agora ou pensa em se inserir neste universo. Acesse ao vivo e gratuitamente pelo canal do Estrat\u00e9gia Concursos no [&hellip;]<\/p>\n","protected":false},"author":1,"featured_media":676337,"comment_status":"open","ping_status":"closed","sticky":false,"template":"","format":"standard","meta":{"post_tipo":"news_page","footnotes":""},"categories":[3766,1983,2185,1984],"tags":[],"tax_estado":[219963],"class_list":["post-676321","post","type-post","status-publish","format-standard","has-post-thumbnail","hentry","category-educacional","category-fiscal-estadual","category-carreiras-juridicas","category-tribunais","tax_estado-concursos-federais"],"acf":[],"yoast_head":"<!-- This site is optimized with the Yoast SEO Premium plugin v27.2 (Yoast SEO v27.2) - https:\/\/yoast.com\/product\/yoast-seo-premium-wordpress\/ -->\n<title>Imers\u00e3o EC: Meu primeiro concurso - acompanhe em dois dias!<\/title>\n<meta name=\"description\" content=\"Imers\u00e3o EC: Nos dias 22 e 23 de fevereiro, os professores do Estrat\u00e9gia te auxiliar\u00e3o de forma intensiva no evento Meu primeiro concurso!\" \/>\n<meta name=\"robots\" content=\"index, follow, max-snippet:-1, max-image-preview:large, max-video-preview:-1\" \/>\n<link rel=\"canonical\" href=\"https:\/\/www.estrategiaconcursos.com.br\/blog\/imersao-ec-meu-primeiro-concurso\/\" \/>\n<meta property=\"og:locale\" content=\"pt_BR\" \/>\n<meta property=\"og:type\" content=\"article\" \/>\n<meta property=\"og:title\" content=\"Imers\u00e3o EC: Meu primeiro concurso - acompanhe em dois dias!\" \/>\n<meta property=\"og:description\" content=\"Imers\u00e3o EC: Nos dias 22 e 23 de fevereiro, os professores do Estrat\u00e9gia te auxiliar\u00e3o de forma intensiva no evento Meu primeiro concurso!\" \/>\n<meta property=\"og:url\" content=\"https:\/\/www.estrategiaconcursos.com.br\/blog\/imersao-ec-meu-primeiro-concurso\/\" \/>\n<meta property=\"og:site_name\" content=\"Estrat\u00e9gia Concursos\" \/>\n<meta property=\"article:author\" content=\"https:\/\/www.facebook.com\/EstrategiaConcursos\" \/>\n<meta property=\"article:published_time\" content=\"2021-02-22T11:00:00+00:00\" \/>\n<meta property=\"article:modified_time\" content=\"2021-02-22T15:11:07+00:00\" \/>\n<meta property=\"og:image\" content=\"https:\/\/dhg1h5j42swfq.cloudfront.net\/2021\/02\/19191437\/1280-720-max-10.jpg\" \/>\n\t<meta property=\"og:image:width\" content=\"1280\" \/>\n\t<meta property=\"og:image:height\" content=\"720\" \/>\n\t<meta property=\"og:image:type\" content=\"image\/jpeg\" \/>\n<meta name=\"author\" content=\"Coordena\u00e7\u00e3o\" \/>\n<meta name=\"twitter:card\" content=\"summary_large_image\" \/>\n<meta name=\"twitter:creator\" content=\"@EstratConcursos\" \/>\n<meta name=\"twitter:site\" content=\"@EstratConcursos\" \/>\n<meta name=\"twitter:label1\" content=\"Escrito por\" \/>\n\t<meta name=\"twitter:data1\" content=\"Coordena\u00e7\u00e3o\" \/>\n\t<meta name=\"twitter:label2\" content=\"Est. tempo de leitura\" \/>\n\t<meta name=\"twitter:data2\" content=\"2 minutos\" \/>\n<script type=\"application\/ld+json\" class=\"yoast-schema-graph\">{\"@context\":\"https:\/\/schema.org\",\"@graph\":[{\"@type\":\"NewsArticle\",\"@id\":\"https:\/\/www.estrategiaconcursos.com.br\/blog\/imersao-ec-meu-primeiro-concurso\/#article\",\"isPartOf\":{\"@id\":\"https:\/\/www.estrategiaconcursos.com.br\/blog\/imersao-ec-meu-primeiro-concurso\/\"},\"author\":{\"name\":\"Coordena\u00e7\u00e3o\",\"@id\":\"https:\/\/www.estrategiaconcursos.com.br\/blog\/#\/schema\/person\/b4a388c97673c5f483d72185668afa1f\"},\"headline\":\"Imers\u00e3o EC: Meu primeiro concurso &#8211; acompanhe em dois dias!\",\"datePublished\":\"2021-02-22T11:00:00+00:00\",\"dateModified\":\"2021-02-22T15:11:07+00:00\",\"mainEntityOfPage\":{\"@id\":\"https:\/\/www.estrategiaconcursos.com.br\/blog\/imersao-ec-meu-primeiro-concurso\/\"},\"wordCount\":367,\"commentCount\":0,\"publisher\":{\"@id\":\"https:\/\/www.estrategiaconcursos.com.br\/blog\/#organization\"},\"image\":{\"@id\":\"https:\/\/www.estrategiaconcursos.com.br\/blog\/imersao-ec-meu-primeiro-concurso\/#primaryimage\"},\"thumbnailUrl\":\"https:\/\/dhg1h5j42swfq.cloudfront.net\/2021\/02\/19191437\/1280-720-max-10.jpg\",\"articleSection\":[\"Educa\u00e7\u00e3o\",\"Fiscal - Estadual (ICMS)\",\"Jur\u00eddico\",\"Tribunais\"],\"inLanguage\":\"pt-BR\",\"potentialAction\":[{\"@type\":\"CommentAction\",\"name\":\"Comment\",\"target\":[\"https:\/\/www.estrategiaconcursos.com.br\/blog\/imersao-ec-meu-primeiro-concurso\/#respond\"]}],\"copyrightYear\":\"2021\",\"copyrightHolder\":{\"@id\":\"https:\/\/www.estrategiaconcursos.com.br\/blog\/#organization\"}},{\"@type\":\"WebPage\",\"@id\":\"https:\/\/www.estrategiaconcursos.com.br\/blog\/imersao-ec-meu-primeiro-concurso\/\",\"url\":\"https:\/\/www.estrategiaconcursos.com.br\/blog\/imersao-ec-meu-primeiro-concurso\/\",\"name\":\"Imers\u00e3o EC: Meu primeiro concurso - acompanhe em dois dias!\",\"isPartOf\":{\"@id\":\"https:\/\/www.estrategiaconcursos.com.br\/blog\/#website\"},\"primaryImageOfPage\":{\"@id\":\"https:\/\/www.estrategiaconcursos.com.br\/blog\/imersao-ec-meu-primeiro-concurso\/#primaryimage\"},\"image\":{\"@id\":\"https:\/\/www.estrategiaconcursos.com.br\/blog\/imersao-ec-meu-primeiro-concurso\/#primaryimage\"},\"thumbnailUrl\":\"https:\/\/dhg1h5j42swfq.cloudfront.net\/2021\/02\/19191437\/1280-720-max-10.jpg\",\"datePublished\":\"2021-02-22T11:00:00+00:00\",\"dateModified\":\"2021-02-22T15:11:07+00:00\",\"description\":\"Imers\u00e3o EC: Nos dias 22 e 23 de fevereiro, os professores do Estrat\u00e9gia te auxiliar\u00e3o de forma intensiva no evento Meu primeiro concurso!\",\"breadcrumb\":{\"@id\":\"https:\/\/www.estrategiaconcursos.com.br\/blog\/imersao-ec-meu-primeiro-concurso\/#breadcrumb\"},\"inLanguage\":\"pt-BR\",\"potentialAction\":[{\"@type\":\"ReadAction\",\"target\":[\"https:\/\/www.estrategiaconcursos.com.br\/blog\/imersao-ec-meu-primeiro-concurso\/\"]}]},{\"@type\":\"ImageObject\",\"inLanguage\":\"pt-BR\",\"@id\":\"https:\/\/www.estrategiaconcursos.com.br\/blog\/imersao-ec-meu-primeiro-concurso\/#primaryimage\",\"url\":\"https:\/\/dhg1h5j42swfq.cloudfront.net\/2021\/02\/19191437\/1280-720-max-10.jpg\",\"contentUrl\":\"https:\/\/dhg1h5j42swfq.cloudfront.net\/2021\/02\/19191437\/1280-720-max-10.jpg\",\"width\":1280,\"height\":720,\"caption\":\"Imers\u00e3o EC\"},{\"@type\":\"BreadcrumbList\",\"@id\":\"https:\/\/www.estrategiaconcursos.com.br\/blog\/imersao-ec-meu-primeiro-concurso\/#breadcrumb\",\"itemListElement\":[{\"@type\":\"ListItem\",\"position\":1,\"name\":\"In\u00edcio\",\"item\":\"https:\/\/www.estrategiaconcursos.com.br\/blog\/\"},{\"@type\":\"ListItem\",\"position\":2,\"name\":\"Imers\u00e3o EC: Meu primeiro concurso &#8211; acompanhe em dois dias!\"}]},{\"@type\":\"WebSite\",\"@id\":\"https:\/\/www.estrategiaconcursos.com.br\/blog\/#website\",\"url\":\"https:\/\/www.estrategiaconcursos.com.br\/blog\/\",\"name\":\"Estrat\u00e9gia Concursos\",\"description\":\"O blog da Estrat\u00e9gia Concursos traz not\u00edcias sobre concursos e artigos de professores oferecendo cursos para concursos (pdf + videaulas) no site.\",\"publisher\":{\"@id\":\"https:\/\/www.estrategiaconcursos.com.br\/blog\/#organization\"},\"potentialAction\":[{\"@type\":\"SearchAction\",\"target\":{\"@type\":\"EntryPoint\",\"urlTemplate\":\"https:\/\/www.estrategiaconcursos.com.br\/blog\/?s={search_term_string}\"},\"query-input\":{\"@type\":\"PropertyValueSpecification\",\"valueRequired\":true,\"valueName\":\"search_term_string\"}}],\"inLanguage\":\"pt-BR\"},{\"@type\":\"Organization\",\"@id\":\"https:\/\/www.estrategiaconcursos.com.br\/blog\/#organization\",\"name\":\"Estrat\u00e9gia Concursos\",\"url\":\"https:\/\/www.estrategiaconcursos.com.br\/blog\/\",\"logo\":{\"@type\":\"ImageObject\",\"inLanguage\":\"pt-BR\",\"@id\":\"https:\/\/www.estrategiaconcursos.com.br\/blog\/#\/schema\/logo\/image\/\",\"url\":\"https:\/\/dhg1h5j42swfq.cloudfront.net\/2025\/06\/03203428\/logo_concursos-1.jpg\",\"contentUrl\":\"https:\/\/dhg1h5j42swfq.cloudfront.net\/2025\/06\/03203428\/logo_concursos-1.jpg\",\"width\":230,\"height\":60,\"caption\":\"Estrat\u00e9gia Concursos\"},\"image\":{\"@id\":\"https:\/\/www.estrategiaconcursos.com.br\/blog\/#\/schema\/logo\/image\/\"},\"sameAs\":[\"https:\/\/x.com\/EstratConcursos\"]},{\"@type\":\"Person\",\"@id\":\"https:\/\/www.estrategiaconcursos.com.br\/blog\/#\/schema\/person\/b4a388c97673c5f483d72185668afa1f\",\"name\":\"Coordena\u00e7\u00e3o\",\"image\":{\"@type\":\"ImageObject\",\"inLanguage\":\"pt-BR\",\"@id\":\"https:\/\/secure.gravatar.com\/avatar\/b720319e4c9a967eb58678d110f4fe35452fc5d5f97b202bac7b8acceb18c6ad?s=96&d=mm&r=g\",\"url\":\"https:\/\/secure.gravatar.com\/avatar\/b720319e4c9a967eb58678d110f4fe35452fc5d5f97b202bac7b8acceb18c6ad?s=96&d=mm&r=g\",\"contentUrl\":\"https:\/\/secure.gravatar.com\/avatar\/b720319e4c9a967eb58678d110f4fe35452fc5d5f97b202bac7b8acceb18c6ad?s=96&d=mm&r=g\",\"caption\":\"Coordena\u00e7\u00e3o\"},\"sameAs\":[\"https:\/\/www.facebook.com\/EstrategiaConcursos\",\"https:\/\/x.com\/EstratConcursos\"],\"url\":\"https:\/\/www.estrategiaconcursos.com.br\/blog\/author\/estrategia2013\/\"}]}<\/script>\n<!-- \/ Yoast SEO Premium plugin. -->","yoast_head_json":{"title":"Imers\u00e3o EC: Meu primeiro concurso - acompanhe em dois dias!","description":"Imers\u00e3o EC: Nos dias 22 e 23 de fevereiro, os professores do Estrat\u00e9gia te auxiliar\u00e3o de forma intensiva no evento Meu primeiro concurso!","robots":{"index":"index","follow":"follow","max-snippet":"max-snippet:-1","max-image-preview":"max-image-preview:large","max-video-preview":"max-video-preview:-1"},"canonical":"https:\/\/www.estrategiaconcursos.com.br\/blog\/imersao-ec-meu-primeiro-concurso\/","og_locale":"pt_BR","og_type":"article","og_title":"Imers\u00e3o EC: Meu primeiro concurso - acompanhe em dois dias!","og_description":"Imers\u00e3o EC: Nos dias 22 e 23 de fevereiro, os professores do Estrat\u00e9gia te auxiliar\u00e3o de forma intensiva no evento Meu primeiro concurso!","og_url":"https:\/\/www.estrategiaconcursos.com.br\/blog\/imersao-ec-meu-primeiro-concurso\/","og_site_name":"Estrat\u00e9gia Concursos","article_author":"https:\/\/www.facebook.com\/EstrategiaConcursos","article_published_time":"2021-02-22T11:00:00+00:00","article_modified_time":"2021-02-22T15:11:07+00:00","og_image":[{"width":1280,"height":720,"url":"https:\/\/dhg1h5j42swfq.cloudfront.net\/2021\/02\/19191437\/1280-720-max-10.jpg","type":"image\/jpeg"}],"author":"Coordena\u00e7\u00e3o","twitter_card":"summary_large_image","twitter_creator":"@EstratConcursos","twitter_site":"@EstratConcursos","twitter_misc":{"Escrito por":"Coordena\u00e7\u00e3o","Est. tempo de leitura":"2 minutos"},"schema":{"@context":"https:\/\/schema.org","@graph":[{"@type":"NewsArticle","@id":"https:\/\/www.estrategiaconcursos.com.br\/blog\/imersao-ec-meu-primeiro-concurso\/#article","isPartOf":{"@id":"https:\/\/www.estrategiaconcursos.com.br\/blog\/imersao-ec-meu-primeiro-concurso\/"},"author":{"name":"Coordena\u00e7\u00e3o","@id":"https:\/\/www.estrategiaconcursos.com.br\/blog\/#\/schema\/person\/b4a388c97673c5f483d72185668afa1f"},"headline":"Imers\u00e3o EC: Meu primeiro concurso &#8211; acompanhe em dois dias!","datePublished":"2021-02-22T11:00:00+00:00","dateModified":"2021-02-22T15:11:07+00:00","mainEntityOfPage":{"@id":"https:\/\/www.estrategiaconcursos.com.br\/blog\/imersao-ec-meu-primeiro-concurso\/"},"wordCount":367,"commentCount":0,"publisher":{"@id":"https:\/\/www.estrategiaconcursos.com.br\/blog\/#organization"},"image":{"@id":"https:\/\/www.estrategiaconcursos.com.br\/blog\/imersao-ec-meu-primeiro-concurso\/#primaryimage"},"thumbnailUrl":"https:\/\/dhg1h5j42swfq.cloudfront.net\/2021\/02\/19191437\/1280-720-max-10.jpg","articleSection":["Educa\u00e7\u00e3o","Fiscal - Estadual (ICMS)","Jur\u00eddico","Tribunais"],"inLanguage":"pt-BR","potentialAction":[{"@type":"CommentAction","name":"Comment","target":["https:\/\/www.estrategiaconcursos.com.br\/blog\/imersao-ec-meu-primeiro-concurso\/#respond"]}],"copyrightYear":"2021","copyrightHolder":{"@id":"https:\/\/www.estrategiaconcursos.com.br\/blog\/#organization"}},{"@type":"WebPage","@id":"https:\/\/www.estrategiaconcursos.com.br\/blog\/imersao-ec-meu-primeiro-concurso\/","url":"https:\/\/www.estrategiaconcursos.com.br\/blog\/imersao-ec-meu-primeiro-concurso\/","name":"Imers\u00e3o EC: Meu primeiro concurso - acompanhe em dois dias!","isPartOf":{"@id":"https:\/\/www.estrategiaconcursos.com.br\/blog\/#website"},"primaryImageOfPage":{"@id":"https:\/\/www.estrategiaconcursos.com.br\/blog\/imersao-ec-meu-primeiro-concurso\/#primaryimage"},"image":{"@id":"https:\/\/www.estrategiaconcursos.com.br\/blog\/imersao-ec-meu-primeiro-concurso\/#primaryimage"},"thumbnailUrl":"https:\/\/dhg1h5j42swfq.cloudfront.net\/2021\/02\/19191437\/1280-720-max-10.jpg","datePublished":"2021-02-22T11:00:00+00:00","dateModified":"2021-02-22T15:11:07+00:00","description":"Imers\u00e3o EC: Nos dias 22 e 23 de fevereiro, os professores do Estrat\u00e9gia te auxiliar\u00e3o de forma intensiva no evento Meu primeiro concurso!","breadcrumb":{"@id":"https:\/\/www.estrategiaconcursos.com.br\/blog\/imersao-ec-meu-primeiro-concurso\/#breadcrumb"},"inLanguage":"pt-BR","potentialAction":[{"@type":"ReadAction","target":["https:\/\/www.estrategiaconcursos.com.br\/blog\/imersao-ec-meu-primeiro-concurso\/"]}]},{"@type":"ImageObject","inLanguage":"pt-BR","@id":"https:\/\/www.estrategiaconcursos.com.br\/blog\/imersao-ec-meu-primeiro-concurso\/#primaryimage","url":"https:\/\/dhg1h5j42swfq.cloudfront.net\/2021\/02\/19191437\/1280-720-max-10.jpg","contentUrl":"https:\/\/dhg1h5j42swfq.cloudfront.net\/2021\/02\/19191437\/1280-720-max-10.jpg","width":1280,"height":720,"caption":"Imers\u00e3o EC"},{"@type":"BreadcrumbList","@id":"https:\/\/www.estrategiaconcursos.com.br\/blog\/imersao-ec-meu-primeiro-concurso\/#breadcrumb","itemListElement":[{"@type":"ListItem","position":1,"name":"In\u00edcio","item":"https:\/\/www.estrategiaconcursos.com.br\/blog\/"},{"@type":"ListItem","position":2,"name":"Imers\u00e3o EC: Meu primeiro concurso &#8211; acompanhe em dois dias!"}]},{"@type":"WebSite","@id":"https:\/\/www.estrategiaconcursos.com.br\/blog\/#website","url":"https:\/\/www.estrategiaconcursos.com.br\/blog\/","name":"Estrat\u00e9gia Concursos","description":"O blog da Estrat\u00e9gia Concursos traz not\u00edcias sobre concursos e artigos de professores oferecendo cursos para concursos (pdf + videaulas) no site.","publisher":{"@id":"https:\/\/www.estrategiaconcursos.com.br\/blog\/#organization"},"potentialAction":[{"@type":"SearchAction","target":{"@type":"EntryPoint","urlTemplate":"https:\/\/www.estrategiaconcursos.com.br\/blog\/?s={search_term_string}"},"query-input":{"@type":"PropertyValueSpecification","valueRequired":true,"valueName":"search_term_string"}}],"inLanguage":"pt-BR"},{"@type":"Organization","@id":"https:\/\/www.estrategiaconcursos.com.br\/blog\/#organization","name":"Estrat\u00e9gia Concursos","url":"https:\/\/www.estrategiaconcursos.com.br\/blog\/","logo":{"@type":"ImageObject","inLanguage":"pt-BR","@id":"https:\/\/www.estrategiaconcursos.com.br\/blog\/#\/schema\/logo\/image\/","url":"https:\/\/dhg1h5j42swfq.cloudfront.net\/2025\/06\/03203428\/logo_concursos-1.jpg","contentUrl":"https:\/\/dhg1h5j42swfq.cloudfront.net\/2025\/06\/03203428\/logo_concursos-1.jpg","width":230,"height":60,"caption":"Estrat\u00e9gia Concursos"},"image":{"@id":"https:\/\/www.estrategiaconcursos.com.br\/blog\/#\/schema\/logo\/image\/"},"sameAs":["https:\/\/x.com\/EstratConcursos"]},{"@type":"Person","@id":"https:\/\/www.estrategiaconcursos.com.br\/blog\/#\/schema\/person\/b4a388c97673c5f483d72185668afa1f","name":"Coordena\u00e7\u00e3o","image":{"@type":"ImageObject","inLanguage":"pt-BR","@id":"https:\/\/secure.gravatar.com\/avatar\/b720319e4c9a967eb58678d110f4fe35452fc5d5f97b202bac7b8acceb18c6ad?s=96&d=mm&r=g","url":"https:\/\/secure.gravatar.com\/avatar\/b720319e4c9a967eb58678d110f4fe35452fc5d5f97b202bac7b8acceb18c6ad?s=96&d=mm&r=g","contentUrl":"https:\/\/secure.gravatar.com\/avatar\/b720319e4c9a967eb58678d110f4fe35452fc5d5f97b202bac7b8acceb18c6ad?s=96&d=mm&r=g","caption":"Coordena\u00e7\u00e3o"},"sameAs":["https:\/\/www.facebook.com\/EstrategiaConcursos","https:\/\/x.com\/EstratConcursos"],"url":"https:\/\/www.estrategiaconcursos.com.br\/blog\/author\/estrategia2013\/"}]}},"_links":{"self":[{"href":"https:\/\/www.estrategiaconcursos.com.br\/blog\/wp-json\/wp\/v2\/posts\/676321","targetHints":{"allow":["GET"]}}],"collection":[{"href":"https:\/\/www.estrategiaconcursos.com.br\/blog\/wp-json\/wp\/v2\/posts"}],"about":[{"href":"https:\/\/www.estrategiaconcursos.com.br\/blog\/wp-json\/wp\/v2\/types\/post"}],"author":[{"embeddable":true,"href":"https:\/\/www.estrategiaconcursos.com.br\/blog\/wp-json\/wp\/v2\/users\/1"}],"replies":[{"embeddable":true,"href":"https:\/\/www.estrategiaconcursos.com.br\/blog\/wp-json\/wp\/v2\/comments?post=676321"}],"version-history":[{"count":22,"href":"https:\/\/www.estrategiaconcursos.com.br\/blog\/wp-json\/wp\/v2\/posts\/676321\/revisions"}],"predecessor-version":[{"id":677348,"href":"https:\/\/www.estrategiaconcursos.com.br\/blog\/wp-json\/wp\/v2\/posts\/676321\/revisions\/677348"}],"wp:featuredmedia":[{"embeddable":true,"href":"https:\/\/www.estrategiaconcursos.com.br\/blog\/wp-json\/wp\/v2\/media\/676337"}],"wp:attachment":[{"href":"https:\/\/www.estrategiaconcursos.com.br\/blog\/wp-json\/wp\/v2\/media?parent=676321"}],"wp:term":[{"taxonomy":"category","embeddable":true,"href":"https:\/\/www.estrategiaconcursos.com.br\/blog\/wp-json\/wp\/v2\/categories?post=676321"},{"taxonomy":"post_tag","embeddable":true,"href":"https:\/\/www.estrategiaconcursos.com.br\/blog\/wp-json\/wp\/v2\/tags?post=676321"},{"taxonomy":"tax_estado","embeddable":true,"href":"https:\/\/www.estrategiaconcursos.com.br\/blog\/wp-json\/wp\/v2\/tax_estado?post=676321"}],"curies":[{"name":"wp","href":"https:\/\/api.w.org\/{rel}","templated":true}]}}