{"id":676257,"date":"2026-02-11T19:57:55","date_gmt":"2026-02-11T22:57:55","guid":{"rendered":"https:\/\/www.estrategiaconcursos.com.br\/blog\/?p=676257"},"modified":"2026-02-12T08:42:54","modified_gmt":"2026-02-12T11:42:54","slug":"concurso-prefeitura-uniao-da-vitoria","status":"publish","type":"post","link":"https:\/\/www.estrategiaconcursos.com.br\/blog\/concurso-prefeitura-uniao-da-vitoria\/","title":{"rendered":"Concurso Uni\u00e3o da Vit\u00f3ria PR: resultado final \u00e9 homologado!"},"content":{"rendered":"\n<p style=\"font-size:clamp(15.747px, 0.984rem + ((1vw - 3.2px) * 0.809), 24px);\"><strong><em>Concurso da Prefeitura de Uni\u00e3o da Vit\u00f3ria ofertou mais de 100 vagas<\/em><\/strong><\/p>\n\n\n\n\n\n<p>O resultado final do <strong>concurso p\u00fablico<\/strong> da <a href=\"https:\/\/www.estrategiaconcursos.com.br\/cursosPorConcurso\/prefeitura-uniao-da-vitoria-pr\/\" target=\"_blank\" rel=\"noreferrer noopener\"><strong>Prefeitura de Uni\u00e3o da Vit\u00f3ria<\/strong><\/a>, estado do Paran\u00e1, foi oficialmente homologado!<\/p>\n\n\n\n<ul class=\"wp-block-list\">\n<li><a href=\"https:\/\/dhg1h5j42swfq.cloudfront.net\/2026\/02\/12084054\/97acd6fae9bb371d5f5fa27e19560076.pdf\" target=\"_blank\" rel=\"noreferrer noopener nofollow\">Homologa\u00e7\u00e3o &#8211; AC<\/a>;<\/li>\n\n\n\n<li><a href=\"https:\/\/dhg1h5j42swfq.cloudfront.net\/2026\/02\/12084046\/aa2a2fd40316433317e254ecc365f28b.pdf\" target=\"_blank\" rel=\"noreferrer noopener nofollow\">Homologa\u00e7\u00e3o &#8211; PcD<\/a>;<\/li>\n\n\n\n<li><a href=\"https:\/\/dhg1h5j42swfq.cloudfront.net\/2026\/02\/12084057\/ea37546c1278d3c365c12c9be20351d2.pdf\" target=\"_blank\" rel=\"noreferrer noopener nofollow\">Homologa\u00e7\u00e3o &#8211; PPP<\/a>.<\/li>\n<\/ul>\n\n\n\n<p>Agora inicia-se a validade de dois anos, prorrog\u00e1vel pelo mesmo per\u00edodo, prazo no qual os candidatos aprovados dever\u00e3o ser convocados.<\/p>\n\n\n\n<p>Lembrando que foram contempladas <strong>136 vagas imediatas<\/strong> para diversos cargos de todos os n\u00edveis de escolaridade, com sal\u00e1rios que ultrapassam os <strong>R$ 15 mil.<\/strong><\/p>\n\n\n\n<ul id=\"block-ee678516-e9d1-48bd-b327-7b9acd55f0fd\" class=\"wp-block-list has-very-light-gray-to-cyan-bluish-gray-gradient-background has-background\">\n<li><strong>Prefeitura Municipal de Uni\u00e3o da Vit\u00f3ria &#8211; PR<\/strong><\/li>\n\n\n\n<li><strong>Status:<\/strong>\u00a0homologado<\/li>\n\n\n\n<li><strong>Banca:&nbsp;<\/strong><a href=\"https:\/\/portal.sctreinamentos.selecao.site\/edital\/ver\/761\" target=\"_blank\" rel=\"noreferrer noopener\">SC Treinamentos<\/a> <\/li>\n\n\n\n<li><strong>Vagas:&nbsp;<\/strong>136<\/li>\n\n\n\n<li><strong>Sal\u00e1rio inicial:<\/strong>&nbsp;R$ 1.719,24 a R$ 15.447,34<\/li>\n\n\n\n<li><strong>Edital:<\/strong> <a href=\"https:\/\/dhg1h5j42swfq.cloudfront.net\/2025\/12\/01140537\/uniao-da-vitoria.pdf\" target=\"_blank\" rel=\"noreferrer noopener nofollow\">Uni\u00e3o da Vit\u00f3ria 2025<\/a><\/li>\n<\/ul>\n\n\n\n<p>A fim de te deixar sempre bem informado, elaboramos este artigo com as principais informa\u00e7\u00f5es do concurso Uni\u00e3o da Vit\u00f3ria. Acompanhe os t\u00f3picos abaixo e n\u00e3o perca nenhum detalhe:<\/p>\n\n\n\n<ul id=\"indice\" class=\"wp-block-list\">\n<li><a href=\"#cargos\">Cargos e vagas<\/a><\/li>\n\n\n\n<li><a href=\"#etapas-de-provas\">Etapas de provas<\/a>\n<ul class=\"wp-block-list\">\n<li><a href=\"#prova-objetiva\">Prova objetiva<\/a><\/li>\n\n\n\n<li><a href=\"#avaliacao-de-titulos\">Prova de t\u00edtulos<\/a><\/li>\n\n\n\n<li><a href=\"#pra\">Prova pr\u00e1tica<\/a><\/li>\n<\/ul>\n<\/li>\n\n\n\n<li><a href=\"#cursos-assinatura\">Cursos e assinaturas<\/a><\/li>\n\n\n\n<li><a href=\"#ficha\">Ficha t\u00e9cnica<\/a><\/li>\n<\/ul>\n\n\n\n<div class=\"container\" id=\"boxes\">\n  <div class=\"row\">\n\n    <div class=\"col-sm\">\n      <div class=\"banner-prefeituras-ec\" id=\"box-assinatura\">\n        <h2 class=\"titulo-assinatura\" style=\"text-align: left;\">Concursos Prefeituras<\/h2>\n        <p class=\"subtitulo-assinatura\" style=\"text-align: left;\">Prepara\u00e7\u00e3o completa para a carreira!<\/p>\n        <div class=\"box-botao\" style=\"text-align: left;\">\n          <a class=\"btn-assinatura\" target=\"_blank\" href=\"https:\/\/www.estrategiaconcursos.com.br\/cursosPorConcurso\/prefeitura-uniao-da-vitoria-pr\/\" role=\"button\" rel=\"noopener noreferrer\">EXPLORAR CURSOS<\/a>\n        <\/div>\n      <\/div><\/div><\/div><\/div>\n\n\n\n<h2 class=\"wp-block-heading\" id=\"cargos\">Concurso Uni\u00e3o da Vit\u00f3ria: cargos e vagas <\/h2>\n\n\n\n<figure class=\"wp-block-table is-style-stripes\"><table class=\"has-fixed-layout\"><thead><tr><th class=\"has-text-align-center\" data-align=\"center\">CARGOS<\/th><th class=\"has-text-align-center\" data-align=\"center\">VAGAS<\/th><th class=\"has-text-align-center\" data-align=\"center\">SAL\u00c1RIO<\/th><th class=\"has-text-align-center\" data-align=\"center\">REQUISITOS<\/th><\/tr><\/thead><tbody><tr><td class=\"has-text-align-center\" data-align=\"center\">Advogado<\/td><td class=\"has-text-align-center\" data-align=\"center\">CR<\/td><td class=\"has-text-align-center\" data-align=\"center\">R$ 11.524,04<\/td><td class=\"has-text-align-center\" data-align=\"center\">Ensino&nbsp;Superior&nbsp;&nbsp; Completo em Direito&nbsp;&nbsp; com&nbsp;Registro&nbsp;Ativo&nbsp;na OAB\/PR<\/td><\/tr><tr><td class=\"has-text-align-center\" data-align=\"center\">Agente&nbsp;de&nbsp;Combate&nbsp;a Endemias<\/td><td class=\"has-text-align-center\" data-align=\"center\">01+CR<\/td><td class=\"has-text-align-center\" data-align=\"center\">R$ 1.990,23 +<br \/>complemento<\/td><td class=\"has-text-align-center\" data-align=\"center\">Ensino Fundamental II<\/td><\/tr><tr><td class=\"has-text-align-center\" data-align=\"center\">Agente Comunit\u00e1rio&nbsp;&nbsp; de Sa\u00fade<\/td><td class=\"has-text-align-center\" data-align=\"center\">06+CR<\/td><td class=\"has-text-align-center\" data-align=\"center\">R$1.990,23 +<br \/>complemento<\/td><td class=\"has-text-align-center\" data-align=\"center\">Ensino Fundamental II<\/td><\/tr><tr><td class=\"has-text-align-center\" data-align=\"center\">Agente&nbsp;de&nbsp;Servi\u00e7os Gerais<\/td><td class=\"has-text-align-center\" data-align=\"center\">10+CR<\/td><td class=\"has-text-align-center\" data-align=\"center\">R$ 1.719,24<\/td><td class=\"has-text-align-center\" data-align=\"center\">Ensino Fundamental II<\/td><\/tr><tr><td class=\"has-text-align-center\" data-align=\"center\">Agente&nbsp;de&nbsp;Tr\u00e2nsito, Vigil\u00e2ncia e Fiscaliza\u00e7\u00e3o<\/td><td class=\"has-text-align-center\" data-align=\"center\">01+CR<\/td><td class=\"has-text-align-center\" data-align=\"center\">R$ 2.540,09<\/td><td class=\"has-text-align-center\" data-align=\"center\">Ensino Superior&nbsp;Completo&nbsp;em Qualquer \u00c1rea<\/td><\/tr><tr><td class=\"has-text-align-center\" data-align=\"center\">Assistente&nbsp; em Contabilidade<\/td><td class=\"has-text-align-center\" data-align=\"center\">CR<\/td><td class=\"has-text-align-center\" data-align=\"center\">R$ 3.403,97<\/td><td class=\"has-text-align-center\" data-align=\"center\">Ensino Superior em&nbsp;&nbsp; Ci\u00eancias Cont\u00e1beis e&nbsp; Registro&nbsp;ativo&nbsp;no<br \/>CRC\/PR<\/td><\/tr><tr><td class=\"has-text-align-center\" data-align=\"center\">Auditor Fiscal<\/td><td class=\"has-text-align-center\" data-align=\"center\">CR<\/td><td class=\"has-text-align-center\" data-align=\"center\">R$ 7.076,61<\/td><td class=\"has-text-align-center\" data-align=\"center\">Ensino&nbsp;Superior&nbsp;&nbsp; Completo&nbsp;em Ci\u00eancias&nbsp;&nbsp; Cont\u00e1beis, Economia, Administra\u00e7\u00e3o&nbsp;ou Direito&nbsp;e registro&nbsp;ativo&nbsp;no&nbsp;&nbsp;&nbsp; respectivo Conselho Profissional do PR<\/td><\/tr><tr><td class=\"has-text-align-center\" data-align=\"center\">Borracheiro<\/td><td class=\"has-text-align-center\" data-align=\"center\">01+CR<\/td><td class=\"has-text-align-center\" data-align=\"center\">R$ 1.719,24<\/td><td class=\"has-text-align-center\" data-align=\"center\">Ensino Fundamental II<\/td><\/tr><tr><td class=\"has-text-align-center\" data-align=\"center\">Carpinteiro\/Pedreiro<\/td><td class=\"has-text-align-center\" data-align=\"center\">01+CR<\/td><td class=\"has-text-align-center\" data-align=\"center\">R$ 1.895,46<\/td><td class=\"has-text-align-center\" data-align=\"center\">Ensino Fundamental II<\/td><\/tr><tr><td class=\"has-text-align-center\" data-align=\"center\">Educador F\u00edsico<\/td><td class=\"has-text-align-center\" data-align=\"center\">01+CR<\/td><td class=\"has-text-align-center\" data-align=\"center\">R$ 5.029,21<\/td><td class=\"has-text-align-center\" data-align=\"center\">Ensino&nbsp;Superior&nbsp;Completo Bacharelado&nbsp;em&nbsp;&nbsp;&nbsp;&nbsp;&nbsp; Educa\u00e7\u00e3o F\u00edsica e Registro CREF\/PR<\/td><\/tr><tr><td class=\"has-text-align-center\" data-align=\"center\">Eletricista<\/td><td class=\"has-text-align-center\" data-align=\"center\">01+CR<\/td><td class=\"has-text-align-center\" data-align=\"center\">R$ 1.895,46<\/td><td class=\"has-text-align-center\" data-align=\"center\">Ensino Fundamental II<\/td><\/tr><tr><td class=\"has-text-align-center\" data-align=\"center\">Engenheiro Agr\u00f4nomo<\/td><td class=\"has-text-align-center\" data-align=\"center\">CR<\/td><td class=\"has-text-align-center\" data-align=\"center\">R$ 5.029,21<\/td><td class=\"has-text-align-center\" data-align=\"center\">Ensino&nbsp;Superior&nbsp;&nbsp; Completo&nbsp;em Agronomia&nbsp;e Registro&nbsp;Ativo&nbsp;no<br \/>CREA\/PR<\/td><\/tr><tr><td class=\"has-text-align-center\" data-align=\"center\">Engenheiro Ambiental<\/td><td class=\"has-text-align-center\" data-align=\"center\">01+CR<\/td><td class=\"has-text-align-center\" data-align=\"center\">R$ 5.029,21<\/td><td class=\"has-text-align-center\" data-align=\"center\">Ensino&nbsp;Superior&nbsp;&nbsp; Completo em<br \/>Engenharia Ambiental e Registro Ativo no CREA\/PR<\/td><\/tr><tr><td class=\"has-text-align-center\" data-align=\"center\">Engenheiro Florestal<\/td><td class=\"has-text-align-center\" data-align=\"center\">01+CR<\/td><td class=\"has-text-align-center\" data-align=\"center\">R$ 5.029,21<\/td><td class=\"has-text-align-center\" data-align=\"center\">Ensino&nbsp;Superior&nbsp;&nbsp; Completo&nbsp;em<br \/>Engenharia&nbsp;Florestal&nbsp; e&nbsp; Registro Ativo no CREA\/PR<\/td><\/tr><tr><td class=\"has-text-align-center\" data-align=\"center\">Farmac\u00eautico<\/td><td class=\"has-text-align-center\" data-align=\"center\">02+CR<\/td><td class=\"has-text-align-center\" data-align=\"center\">R$ 5.029,21<\/td><td class=\"has-text-align-center\" data-align=\"center\">N\u00edvel&nbsp;Superior&nbsp;&nbsp;&nbsp; Completo&nbsp;em Farm\u00e1cia&nbsp;e Registro&nbsp;&nbsp; Ativo no CRF\/PR<\/td><\/tr><tr><td class=\"has-text-align-center\" data-align=\"center\">Fiscal&nbsp;de Obras&nbsp;e Posturas<\/td><td class=\"has-text-align-center\" data-align=\"center\">02+CR<\/td><td class=\"has-text-align-center\" data-align=\"center\">R$ 2.089,74<\/td><td class=\"has-text-align-center\" data-align=\"center\">Ensino M\u00e9dio Completo<\/td><\/tr><tr><td class=\"has-text-align-center\" data-align=\"center\">Fonoaudi\u00f3logo \u2013 20h<\/td><td class=\"has-text-align-center\" data-align=\"center\">CR<\/td><td class=\"has-text-align-center\" data-align=\"center\">R$ 3.403,97<\/td><td class=\"has-text-align-center\" data-align=\"center\">Ensino&nbsp;Superior&nbsp;em<br \/>Fonoaudiologia e&nbsp; Registro&nbsp;Ativo no Crefono\/PR<\/td><\/tr><tr><td class=\"has-text-align-center\" data-align=\"center\">Fonoaudi\u00f3logo \u2013 30h<\/td><td class=\"has-text-align-center\" data-align=\"center\">CR<\/td><td class=\"has-text-align-center\" data-align=\"center\">R$ 7.076,61<\/td><td class=\"has-text-align-center\" data-align=\"center\">Ensino&nbsp;Superior em<br \/>Fonoaudiologia&nbsp;e&nbsp; Registro&nbsp;Ativo no Crefono\/PR<\/td><\/tr><tr><td class=\"has-text-align-center\" data-align=\"center\">Instrutor&nbsp;de&nbsp;M\u00fasica &#8211; Instrumentista<\/td><td class=\"has-text-align-center\" data-align=\"center\">01+CR<\/td><td class=\"has-text-align-center\" data-align=\"center\">R$ 3.752,87<\/td><td class=\"has-text-align-center\" data-align=\"center\">Licenciatura&nbsp;em&nbsp;&nbsp;&nbsp;&nbsp; M\u00fasica&nbsp;e forma\u00e7\u00e3o em M\u00e9todo Suzuki<\/td><\/tr><tr><td class=\"has-text-align-center\" data-align=\"center\">Lavador\/Lubrificador<\/td><td class=\"has-text-align-center\" data-align=\"center\">01+CR<\/td><td class=\"has-text-align-center\" data-align=\"center\">R$ 1.719,24<\/td><td class=\"has-text-align-center\" data-align=\"center\">Ensino Fundamental II<\/td><\/tr><tr><td class=\"has-text-align-center\" data-align=\"center\">Mec\u00e2nico Eletricista<\/td><td class=\"has-text-align-center\" data-align=\"center\">01+CR<\/td><td class=\"has-text-align-center\" data-align=\"center\">R$ 1.895,46<\/td><td class=\"has-text-align-center\" data-align=\"center\">Ensino M\u00e9dio Completo e Experi\u00eancia&nbsp; comprovada em CTPS<\/td><\/tr><tr><td class=\"has-text-align-center\" data-align=\"center\">Mec\u00e2nico Geral<\/td><td class=\"has-text-align-center\" data-align=\"center\">02+CR<\/td><td class=\"has-text-align-center\" data-align=\"center\">R$ 1.895,46<\/td><td class=\"has-text-align-center\" data-align=\"center\">Ensino&nbsp;Fundamental II&nbsp;e Experi\u00eancia&nbsp;comprovaa&nbsp;em CTPS<\/td><\/tr><tr><td class=\"has-text-align-center\" data-align=\"center\">M\u00e9dico&nbsp;Estrat\u00e9gia&nbsp;de Sa\u00fade da Fam\u00edlia \u2013 ESF<\/td><td class=\"has-text-align-center\" data-align=\"center\">CR<\/td><td class=\"has-text-align-center\" data-align=\"center\">R$ 15.447,34<\/td><td class=\"has-text-align-center\" data-align=\"center\">Ensino&nbsp;Superior&nbsp;&nbsp;&nbsp;&nbsp; Completo&nbsp;em<br \/>Medicina&nbsp;e&nbsp;Registro&nbsp;Ativo&nbsp;no CRM\/PR<\/td><\/tr><tr><td class=\"has-text-align-center\" data-align=\"center\">M\u00e9dico Ginecologista\/Obstetra<\/td><td class=\"has-text-align-center\" data-align=\"center\">02+CR<\/td><td class=\"has-text-align-center\" data-align=\"center\">R$ 3.940,52<\/td><td class=\"has-text-align-center\" data-align=\"center\">Ensino&nbsp;Superior&nbsp;Completo&nbsp;em Medicina com especializa\u00e7\u00e3o em<br \/>Ginecologia\/Obstetr\u00edci e Registro Ativo no CRM\/PR<\/td><\/tr><tr><td class=\"has-text-align-center\" data-align=\"center\">M\u00e9dico Ginecologista\/Obstetra<\/td><td class=\"has-text-align-center\" data-align=\"center\">02+CR<\/td><td class=\"has-text-align-center\" data-align=\"center\">R$ 7.801,96<\/td><td class=\"has-text-align-center\" data-align=\"center\">Ensino&nbsp;Superior&nbsp;&nbsp; Completo&nbsp;em Medicina com especializa\u00e7\u00e3o em<br \/>Ginecologia\/Obstetr\u00edcia e Registro Ativo no CRM\/PR<\/td><\/tr><tr><td class=\"has-text-align-center\" data-align=\"center\">M\u00e9dico Pediatra<\/td><td class=\"has-text-align-center\" data-align=\"center\">02+CR<\/td><td class=\"has-text-align-center\" data-align=\"center\">R$ 3.940,52<\/td><td class=\"has-text-align-center\" data-align=\"center\">Ensino&nbsp;Superior&nbsp;&nbsp; Completo&nbsp;em Medicina com especializa\u00e7\u00e3o em<br \/>Pediatria&nbsp;e&nbsp;Registro&nbsp;&nbsp; Ativo&nbsp;no CRM\/PR<\/td><\/tr><tr><td class=\"has-text-align-center\" data-align=\"center\">M\u00e9dico Pediatra<\/td><td class=\"has-text-align-center\" data-align=\"center\">02+CR<\/td><td class=\"has-text-align-center\" data-align=\"center\">R$ 7.801,96<\/td><td class=\"has-text-align-center\" data-align=\"center\">Ensino&nbsp;Superior&nbsp;&nbsp; Completo&nbsp;em Medicina com especializa\u00e7\u00e3o em<br \/>Pediatria&nbsp;e Registro&nbsp;&nbsp; Ativo&nbsp;no CRM\/PR<\/td><\/tr><tr><td class=\"has-text-align-center\" data-align=\"center\">M\u00e9dico Pediatra<\/td><td class=\"has-text-align-center\" data-align=\"center\">01+CR<\/td><td class=\"has-text-align-center\" data-align=\"center\">R$ 15.447,34<\/td><td class=\"has-text-align-center\" data-align=\"center\">Ensino&nbsp;Superior&nbsp;&nbsp; Completo&nbsp;em Medicina com especializa\u00e7\u00e3o em Pediatria&nbsp;e&nbsp;Registro&nbsp;&nbsp; Ativo&nbsp;no CRM\/PR<\/td><\/tr><tr><td class=\"has-text-align-center\" data-align=\"center\">M\u00e9dico Veterin\u00e1rio<\/td><td class=\"has-text-align-center\" data-align=\"center\">01+CR<\/td><td class=\"has-text-align-center\" data-align=\"center\">R$ 5.544,71<\/td><td class=\"has-text-align-center\" data-align=\"center\">Ensino Superior&nbsp;&nbsp; Completo&nbsp;em<br \/>Medicina&nbsp;Veterin\u00e1ria com Registro CRMV\/PR<\/td><\/tr><tr><td class=\"has-text-align-center\" data-align=\"center\">Merendeira<\/td><td class=\"has-text-align-center\" data-align=\"center\">15+CR<\/td><td class=\"has-text-align-center\" data-align=\"center\">R$ 1.719,24<\/td><td class=\"has-text-align-center\" data-align=\"center\">Ensino Fundamental II<\/td><\/tr><tr><td class=\"has-text-align-center\" data-align=\"center\">Motorista<\/td><td class=\"has-text-align-center\" data-align=\"center\">10+CR<\/td><td class=\"has-text-align-center\" data-align=\"center\">R$ 2.419,14<\/td><td class=\"has-text-align-center\" data-align=\"center\">Ensino&nbsp;M\u00e9dio&nbsp;&nbsp; Completo,&nbsp;CNH \u201cD\u201d&nbsp;&nbsp;&nbsp;&nbsp;&nbsp; ou&nbsp;\u201cE\u201d definitiva&nbsp;e Experi\u00eancia&nbsp;m\u00ednima&nbsp;&nbsp; de&nbsp;1&nbsp;ano comprovada&nbsp; em&nbsp;CTPS<\/td><\/tr><tr><td class=\"has-text-align-center\" data-align=\"center\">Nutricionista<\/td><td class=\"has-text-align-center\" data-align=\"center\">01+CR<\/td><td class=\"has-text-align-center\" data-align=\"center\">R$ 4.789,72<\/td><td class=\"has-text-align-center\" data-align=\"center\">Ensino&nbsp;Superior&nbsp;Completo&nbsp;em Nutri\u00e7\u00e3o e&nbsp;Registro Ativo&nbsp;no<br \/>CRN\/PR<\/td><\/tr><tr><td class=\"has-text-align-center\" data-align=\"center\">Operador de M\u00e1quinas<\/td><td class=\"has-text-align-center\" data-align=\"center\">04+CR<\/td><td class=\"has-text-align-center\" data-align=\"center\">R$ 2.303,94<\/td><td class=\"has-text-align-center\" data-align=\"center\">Ensino M\u00e9dio&nbsp;&nbsp; Completo,&nbsp;CNH \u201cD\u201d&nbsp;&nbsp;&nbsp;&nbsp;&nbsp; ou&nbsp; \u201cE\u201d definitiva e Experi\u00eancia&nbsp;&nbsp; m\u00ednima&nbsp;&nbsp; de 1&nbsp;ano comprovada<\/td><\/tr><tr><td class=\"has-text-align-center\" data-align=\"center\">Psic\u00f3logo<\/td><td class=\"has-text-align-center\" data-align=\"center\">01+CR<\/td><td class=\"has-text-align-center\" data-align=\"center\">R$ 4.137,54<\/td><td class=\"has-text-align-center\" data-align=\"center\">Ensino Superior&nbsp;&nbsp; Completo&nbsp;em Psicologia e Registro CRP\/PR<\/td><\/tr><tr><td class=\"has-text-align-center\" data-align=\"center\">Profissional&nbsp;de Apoio Educacional<\/td><td class=\"has-text-align-center\" data-align=\"center\">40+CR<\/td><td class=\"has-text-align-center\" data-align=\"center\">R$ 1.719,24<\/td><td class=\"has-text-align-center\" data-align=\"center\">Ensino M\u00e9dio Completo<\/td><\/tr><tr><td class=\"has-text-align-center\" data-align=\"center\">Servente<\/td><td class=\"has-text-align-center\" data-align=\"center\">06+CR<\/td><td class=\"has-text-align-center\" data-align=\"center\">R$ 1.719,24<\/td><td class=\"has-text-align-center\" data-align=\"center\">Ensino Fundamental II<\/td><\/tr><tr><td class=\"has-text-align-center\" data-align=\"center\">T\u00e9cnico Administrativo<\/td><td class=\"has-text-align-center\" data-align=\"center\">01+CR<\/td><td class=\"has-text-align-center\" data-align=\"center\">R$ 2.540,09<\/td><td class=\"has-text-align-center\" data-align=\"center\">Ensino&nbsp;Superior&nbsp;&nbsp; Completo&nbsp;em Qualquer \u00c1rea<\/td><\/tr><tr><td class=\"has-text-align-center\" data-align=\"center\">T\u00e9cnico Agr\u00edcola<\/td><td class=\"has-text-align-center\" data-align=\"center\">CR<\/td><td class=\"has-text-align-center\" data-align=\"center\">R$ 1.990,23<\/td><td class=\"has-text-align-center\" data-align=\"center\">Ensino&nbsp;M\u00e9dio T\u00e9cnico&nbsp; Agr\u00edcola Completo&nbsp;e&nbsp;&nbsp; Registro&nbsp;Ativo&nbsp;no CREA\/PR<\/td><\/tr><tr><td class=\"has-text-align-center\" data-align=\"center\">T\u00e9cnico&nbsp;em&nbsp;Meio Ambiente<\/td><td class=\"has-text-align-center\" data-align=\"center\">01+CR<\/td><td class=\"has-text-align-center\" data-align=\"center\">R$ 2.419,14<\/td><td class=\"has-text-align-center\" data-align=\"center\">Ensino M\u00e9dio T\u00e9cnico&nbsp; em&nbsp;Meio<br \/>Ambiente&nbsp;Completo&nbsp; e&nbsp; Registro Ativo no CREA\/PR<\/td><\/tr><tr><td class=\"has-text-align-center\" data-align=\"center\">T\u00e9cnico em Sa\u00fade Bucal da&nbsp; Estrat\u00e9gia&nbsp; de&nbsp; Sa\u00fade<br \/>da Fam\u00edlia \u2013 ESF<\/td><td class=\"has-text-align-center\" data-align=\"center\">01+CR<\/td><td class=\"has-text-align-center\" data-align=\"center\">R$ 2.089,74<\/td><td class=\"has-text-align-center\" data-align=\"center\">Ensino M\u00e9dio Completo e Curso T\u00e9cnico em&nbsp;Sa\u00fade&nbsp;&nbsp;&nbsp; Bucal&nbsp;e<br \/>Registro Ativo no CRO\/PR<\/td><\/tr><tr><td class=\"has-text-align-center\" data-align=\"center\">T\u00e9cnico em&nbsp;Seguran\u00e7a do Trabalho<\/td><td class=\"has-text-align-center\" data-align=\"center\">01+CR<\/td><td class=\"has-text-align-center\" data-align=\"center\">R$ 2.667,10<\/td><td class=\"has-text-align-center\" data-align=\"center\">Ensino&nbsp;Superior&nbsp;&nbsp; Completo&nbsp;em Qualquer&nbsp; \u00c1rea&nbsp; e&nbsp; Curso&nbsp; T\u00e9cnico em Seguran\u00e7a do Trabalho<\/td><\/tr><tr><td class=\"has-text-align-center\" data-align=\"center\">Vigia<\/td><td class=\"has-text-align-center\" data-align=\"center\">02+CR<\/td><td class=\"has-text-align-center\" data-align=\"center\">R$ 1.719,24<\/td><td class=\"has-text-align-center\" data-align=\"center\">Ensino Fundamental II<\/td><\/tr><tr><td class=\"has-text-align-center\" data-align=\"center\">Zelador<\/td><td class=\"has-text-align-center\" data-align=\"center\">10+CR<\/td><td class=\"has-text-align-center\" data-align=\"center\">R$ 1.719,24<\/td><td class=\"has-text-align-center\" data-align=\"center\">Ensino Fundamental II<\/td><\/tr><\/tbody><\/table><\/figure>\n\n\n\n<h2 class=\"wp-block-heading\" id=\"etapas-de-provas\">Concurso Uni\u00e3o da Vit\u00f3ria: etapas de provas<\/h2>\n\n\n\n<p>O edital do concurso foi composto pelas seguintes etapas:<\/p>\n\n\n\n<ul class=\"wp-block-list\">\n<li><strong>Prova objetiva<\/strong>, para todos os cargos;<\/li>\n\n\n\n<li><strong>Avalia\u00e7\u00e3o de t\u00edtulos<\/strong>, para todos os candidatos aprovados na prova objetiva;<\/li>\n\n\n\n<li><strong>Prova pr\u00e1tica<\/strong>, para Motorista e Operador de M\u00e1quinas.<\/li>\n<\/ul>\n\n\n\n<h3 class=\"wp-block-heading\" id=\"prova-objetiva\">Prova objetiva<\/h3>\n\n\n\n<p>A PROVA OBJETIVA (PO) de m\u00faltipla escolha, com 05 (cinco) alternativas e 01 (uma) \u00fanica alternativa correta, de car\u00e1ter eliminat\u00f3rio e classificat\u00f3rio, visou avaliar os conhecimentos indispens\u00e1veis ao exerc\u00edcio das atribui\u00e7\u00f5es dos cargos oferecidos e ser\u00e1 aplicada para todos os candidatos.<\/p>\n\n\n\n<p>O tempo total de realiza\u00e7\u00e3o das provas foi de no m\u00e1ximo 3 horas. Ser\u00e3o considerados aprovados os candidatos que atingiram nota igual ou superior a 50% (5,0 pontos) na prova objetiva.<\/p>\n\n\n\n<figure class=\"wp-block-image aligncenter size-full\"><img loading=\"lazy\" decoding=\"async\" width=\"781\" height=\"411\" src=\"https:\/\/dhg1h5j42swfq.cloudfront.net\/2025\/12\/04085908\/image-45.png\" alt=\"\" class=\"wp-image-1679941\" srcset=\"https:\/\/dhg1h5j42swfq.cloudfront.net\/2025\/12\/04085908\/image-45.png 781w, https:\/\/dhg1h5j42swfq.cloudfront.net\/2025\/12\/04085908\/image-45-300x158.png 300w, https:\/\/dhg1h5j42swfq.cloudfront.net\/2025\/12\/04085908\/image-45-768x404.png 768w, https:\/\/dhg1h5j42swfq.cloudfront.net\/2025\/12\/04085908\/image-45-150x79.png 150w\" sizes=\"auto, (max-width: 781px) 100vw, 781px\" \/><\/figure>\n\n\n\n<h3 class=\"wp-block-heading\" id=\"avaliacao-de-titulos\">Prova de t\u00edtulos<\/h3>\n\n\n\n<p>O envio eletr\u00f4nico dos documentos para a PROVA DE T\u00cdTULOS foi realizado at\u00e9 a data de 12 de janeiro.<\/p>\n\n\n\n<figure class=\"wp-block-image size-full\"><img loading=\"lazy\" decoding=\"async\" width=\"786\" height=\"123\" src=\"https:\/\/dhg1h5j42swfq.cloudfront.net\/2022\/03\/01142618\/t-1.png\" alt=\"Prova de t\u00edtulos do concurso Uni\u00e3o da Vit\u00f3ria-PR\" class=\"wp-image-1677885\" srcset=\"https:\/\/dhg1h5j42swfq.cloudfront.net\/2022\/03\/01142618\/t-1.png 786w, https:\/\/dhg1h5j42swfq.cloudfront.net\/2022\/03\/01142618\/t-1-300x47.png 300w, https:\/\/dhg1h5j42swfq.cloudfront.net\/2022\/03\/01142618\/t-1-768x120.png 768w, https:\/\/dhg1h5j42swfq.cloudfront.net\/2022\/03\/01142618\/t-1-150x23.png 150w\" sizes=\"auto, (max-width: 786px) 100vw, 786px\" \/><\/figure>\n\n\n\n<figure class=\"wp-block-image size-full\"><img loading=\"lazy\" decoding=\"async\" width=\"781\" height=\"191\" src=\"https:\/\/dhg1h5j42swfq.cloudfront.net\/2022\/03\/01142700\/t2.png\" alt=\"Prova de t\u00edtulos do concurso Uni\u00e3o da Vit\u00f3ria-PR\" class=\"wp-image-1677886\" srcset=\"https:\/\/dhg1h5j42swfq.cloudfront.net\/2022\/03\/01142700\/t2.png 781w, https:\/\/dhg1h5j42swfq.cloudfront.net\/2022\/03\/01142700\/t2-300x73.png 300w, https:\/\/dhg1h5j42swfq.cloudfront.net\/2022\/03\/01142700\/t2-768x188.png 768w, https:\/\/dhg1h5j42swfq.cloudfront.net\/2022\/03\/01142700\/t2-150x37.png 150w\" sizes=\"auto, (max-width: 781px) 100vw, 781px\" \/><\/figure>\n\n\n\n<h3 class=\"wp-block-heading\" id=\"pra\">Prova pr\u00e1tica<\/h3>\n\n\n\n<p>A prova pr\u00e1tica foi aplicada aos cargos de MOTORISTA E OPERADOR DE M\u00c1QUINAS.<\/p>\n\n\n\n<p>Os candidatos tiveram de apresentar Carteira Nacional de Habilita\u00e7\u00e3o exigida pelo cargo para ter direito a realizar a prova pr\u00e1tica.<\/p>\n\n\n\n<p>A prova pr\u00e1tica consistiu na execu\u00e7\u00e3o de tarefas realizadas individualmente pelo candidato.<\/p>\n\n\n\n<hr class=\"wp-block-separator has-css-opacity\"\/>\n\n\n\n<h2 class=\"wp-block-heading has-text-align-center\" id=\"cursos-assinatura\"><em>Cursos o concurso Uni\u00e3o da Vit\u00f3ria-PR<\/em><\/h2>\n\n\n\n<div class=\"container\" id=\"boxes\">\n  <div class=\"row\">\n\n    <div class=\"col-sm\">\n      <div class=\"banner-prefeituras-ec\" id=\"box-assinatura\">\n        <h2 class=\"titulo-assinatura\" style=\"text-align: left;\">Concursos Prefeituras<\/h2>\n        <p class=\"subtitulo-assinatura\" style=\"text-align: left;\">Prepara\u00e7\u00e3o completa para a carreira!<\/p>\n        <div class=\"box-botao\" style=\"text-align: left;\">\n          <a class=\"btn-assinatura\" target=\"_blank\" href=\"https:\/\/www.estrategiaconcursos.com.br\/cursosPorConcurso\/prefeitura-uniao-da-vitoria-pr\/\" role=\"button\" rel=\"noopener noreferrer\">EXPLORAR CURSOS<\/a>\n        <\/div>\n      <\/div><\/div><\/div><\/div>\n\n\n\n<div class=\"container\" id=\"boxes\">\n  <div class=\"row\">\n\n    <div class=\"col-sm\">\n      <div class=\"estrategia\" id=\"box-assinatura\">\n        <h3 class=\"titulo-assinatura\"> Concursos P\u00fablicos\n        <p class=\"subtitulo-assinatura\">Assinatura de 1 ano ou 2 anos<\/p>\n        <div class=\"box-botao\">\n          <a class=\"btn-assinatura\" target=\"_blank\" href=\"https:\/\/www.estrategiaconcursos.com.br\/assinaturas\/\" role=\"button\" rel=\"noopener noreferrer\">ASSINE AGORA<\/a>\n        <\/div>\n      <\/h3><\/div><\/div><\/div><\/div>\n\n\n\n<h2 class=\"wp-block-heading has-text-align-center\" id=\"h-quer-saber-tudo-sobre-concursos-previstos-confira-nossos-artigos\">Quer saber tudo sobre concursos previstos?<br \/>Confira nossos artigos!<\/h2>\n\n\n\n<ul class=\"wp-block-list\">\n<li><a href=\"https:\/\/www.estrategiaconcursos.com.br\/blog\/concursos-abertos\/\" target=\"_blank\" rel=\"noreferrer noopener\">Concursos Abertos<\/a><\/li>\n\n\n\n<li><a href=\"https:\/\/www.estrategiaconcursos.com.br\/blog\/concursos-abertos\/\" target=\"_blank\" rel=\"noreferrer noopener\">Concursos Prefeituras<\/a><\/li>\n\n\n\n<li><a href=\"https:\/\/www.estrategiaconcursos.com.br\/blog\/concursos-2026\/\" target=\"_blank\" rel=\"noreferrer noopener\">Concursos 2026<\/a><\/li>\n<\/ul>\n\n\n\n<figure class=\"wp-block-image size-large is-resized\"><img loading=\"lazy\" decoding=\"async\" width=\"1024\" height=\"632\" src=\"https:\/\/dhg1h5j42swfq.cloudfront.net\/2021\/05\/10173231\/ficha-tecnica-23-1024x632.png\" alt=\"Informa\u00e7\u00f5es do concurso Uni\u00e3o da Vit\u00f3ria-PR\" class=\"wp-image-736606\" style=\"width:268px;height:165px\" srcset=\"https:\/\/dhg1h5j42swfq.cloudfront.net\/2021\/05\/10173231\/ficha-tecnica-23-1024x632.png 1024w, https:\/\/dhg1h5j42swfq.cloudfront.net\/2021\/05\/10173231\/ficha-tecnica-23-300x185.png 300w, https:\/\/dhg1h5j42swfq.cloudfront.net\/2021\/05\/10173231\/ficha-tecnica-23-768x474.png 768w, https:\/\/dhg1h5j42swfq.cloudfront.net\/2021\/05\/10173231\/ficha-tecnica-23-1536x948.png 1536w, https:\/\/dhg1h5j42swfq.cloudfront.net\/2021\/05\/10173231\/ficha-tecnica-23-610x377.png 610w, https:\/\/dhg1h5j42swfq.cloudfront.net\/2021\/05\/10173231\/ficha-tecnica-23.png 1571w\" sizes=\"auto, (max-width: 1024px) 100vw, 1024px\" \/><\/figure>\n\n\n\n<h3 class=\"wp-block-heading\" id=\"ficha\">Informa\u00e7\u00f5es do concurso Uni\u00e3o da Vit\u00f3ria-PR<\/h3>\n\n\n\n<ul class=\"wp-block-list\">\n<li><strong>Ano<\/strong>: 2025\/2026<\/li>\n\n\n\n<li><strong>Vagas<\/strong>: 136<\/li>\n\n\n\n<li><strong>Cargos<\/strong>: diversos<\/li>\n\n\n\n<li><strong>Banca<\/strong>: SC Treinamentos<\/li>\n\n\n\n<li><strong>Escolaridade<\/strong>: fundamental, m\u00e9dio e superior.<\/li>\n\n\n\n<li><strong>Edital: <\/strong><a href=\"https:\/\/dhg1h5j42swfq.cloudfront.net\/2025\/12\/01140537\/uniao-da-vitoria.pdf\" target=\"_blank\" rel=\"noreferrer noopener nofollow\">Uni\u00e3o da Vit\u00f3ria 2025<\/a><\/li>\n<\/ul>\n","protected":false},"excerpt":{"rendered":"<p>Concurso da Prefeitura de Uni\u00e3o da Vit\u00f3ria ofertou mais de 100 vagas O resultado final do concurso p\u00fablico da Prefeitura de Uni\u00e3o da Vit\u00f3ria, estado do Paran\u00e1, foi oficialmente homologado! Agora inicia-se a validade de dois anos, prorrog\u00e1vel pelo mesmo per\u00edodo, prazo no qual os candidatos aprovados dever\u00e3o ser convocados. Lembrando que foram contempladas 136 [&hellip;]<\/p>\n","protected":false},"author":2991,"featured_media":1679814,"comment_status":"open","ping_status":"closed","sticky":false,"template":"","format":"standard","meta":{"post_tipo":"news_page","footnotes":""},"categories":[222278],"tags":[],"tax_estado":[219981],"class_list":["post-676257","post","type-post","status-publish","format-standard","has-post-thumbnail","hentry","category-prefeituras","tax_estado-pr"],"acf":[],"yoast_head":"<!-- This site is optimized with the Yoast SEO Premium plugin v27.2 (Yoast SEO v27.2) - https:\/\/yoast.com\/product\/yoast-seo-premium-wordpress\/ -->\n<title>Concurso Uni\u00e3o da Vit\u00f3ria PR: resultado final \u00e9 homologado!<\/title>\n<meta name=\"description\" content=\"Concurso Prefeitura de Uni\u00e3o da Vit\u00f3ria - PR: sal\u00e1rios chegam aos R$ 15.447,34. Veja os resultados finais!\" \/>\n<meta name=\"robots\" content=\"index, follow, max-snippet:-1, max-image-preview:large, max-video-preview:-1\" \/>\n<link rel=\"canonical\" href=\"https:\/\/www.estrategiaconcursos.com.br\/blog\/concurso-prefeitura-uniao-da-vitoria\/\" \/>\n<meta property=\"og:locale\" content=\"pt_BR\" \/>\n<meta property=\"og:type\" content=\"article\" \/>\n<meta property=\"og:title\" content=\"Concurso Uni\u00e3o da Vit\u00f3ria PR: resultado final \u00e9 homologado!\" \/>\n<meta property=\"og:description\" content=\"Concurso Prefeitura de Uni\u00e3o da Vit\u00f3ria - PR: sal\u00e1rios chegam aos R$ 15.447,34. Veja os resultados finais!\" \/>\n<meta property=\"og:url\" content=\"https:\/\/www.estrategiaconcursos.com.br\/blog\/concurso-prefeitura-uniao-da-vitoria\/\" \/>\n<meta property=\"og:site_name\" content=\"Estrat\u00e9gia Concursos\" \/>\n<meta property=\"article:published_time\" content=\"2026-02-11T22:57:55+00:00\" \/>\n<meta property=\"article:modified_time\" content=\"2026-02-12T11:42:54+00:00\" \/>\n<meta property=\"og:image\" content=\"https:\/\/dhg1h5j42swfq.cloudfront.net\/2025\/12\/03183741\/prefeitura-de-uniao-da-vitoria.jpg\" \/>\n\t<meta property=\"og:image:width\" content=\"768\" \/>\n\t<meta property=\"og:image:height\" content=\"432\" \/>\n\t<meta property=\"og:image:type\" content=\"image\/jpeg\" \/>\n<meta name=\"author\" content=\"Melmuara Thaiane Doneg\u00e1 C\u00e2ndido\" \/>\n<meta name=\"twitter:card\" content=\"summary_large_image\" \/>\n<meta name=\"twitter:creator\" content=\"@EstratConcursos\" \/>\n<meta name=\"twitter:site\" content=\"@EstratConcursos\" \/>\n<meta name=\"twitter:label1\" content=\"Escrito por\" \/>\n\t<meta name=\"twitter:data1\" content=\"Melmuara Thaiane Doneg\u00e1 C\u00e2ndido\" \/>\n\t<meta name=\"twitter:label2\" content=\"Est. tempo de leitura\" \/>\n\t<meta name=\"twitter:data2\" content=\"3 minutos\" \/>\n<script type=\"application\/ld+json\" class=\"yoast-schema-graph\">{\"@context\":\"https:\/\/schema.org\",\"@graph\":[{\"@type\":\"NewsArticle\",\"@id\":\"https:\/\/www.estrategiaconcursos.com.br\/blog\/concurso-prefeitura-uniao-da-vitoria\/#article\",\"isPartOf\":{\"@id\":\"https:\/\/www.estrategiaconcursos.com.br\/blog\/concurso-prefeitura-uniao-da-vitoria\/\"},\"author\":{\"name\":\"Melmuara Thaiane Doneg\u00e1 C\u00e2ndido\",\"@id\":\"https:\/\/www.estrategiaconcursos.com.br\/blog\/#\/schema\/person\/f33ffe5648e36a1ec7be14cb98aec31a\"},\"headline\":\"Concurso Uni\u00e3o da Vit\u00f3ria PR: resultado final \u00e9 homologado!\",\"datePublished\":\"2026-02-11T22:57:55+00:00\",\"dateModified\":\"2026-02-12T11:42:54+00:00\",\"mainEntityOfPage\":{\"@id\":\"https:\/\/www.estrategiaconcursos.com.br\/blog\/concurso-prefeitura-uniao-da-vitoria\/\"},\"wordCount\":1368,\"commentCount\":0,\"publisher\":{\"@id\":\"https:\/\/www.estrategiaconcursos.com.br\/blog\/#organization\"},\"image\":{\"@id\":\"https:\/\/www.estrategiaconcursos.com.br\/blog\/concurso-prefeitura-uniao-da-vitoria\/#primaryimage\"},\"thumbnailUrl\":\"https:\/\/dhg1h5j42swfq.cloudfront.net\/2025\/12\/03183741\/prefeitura-de-uniao-da-vitoria.jpg\",\"articleSection\":[\"Prefeituras\"],\"inLanguage\":\"pt-BR\",\"potentialAction\":[{\"@type\":\"CommentAction\",\"name\":\"Comment\",\"target\":[\"https:\/\/www.estrategiaconcursos.com.br\/blog\/concurso-prefeitura-uniao-da-vitoria\/#respond\"]}],\"copyrightYear\":\"2026\",\"copyrightHolder\":{\"@id\":\"https:\/\/www.estrategiaconcursos.com.br\/blog\/#organization\"}},{\"@type\":\"WebPage\",\"@id\":\"https:\/\/www.estrategiaconcursos.com.br\/blog\/concurso-prefeitura-uniao-da-vitoria\/\",\"url\":\"https:\/\/www.estrategiaconcursos.com.br\/blog\/concurso-prefeitura-uniao-da-vitoria\/\",\"name\":\"Concurso Uni\u00e3o da Vit\u00f3ria PR: resultado final \u00e9 homologado!\",\"isPartOf\":{\"@id\":\"https:\/\/www.estrategiaconcursos.com.br\/blog\/#website\"},\"primaryImageOfPage\":{\"@id\":\"https:\/\/www.estrategiaconcursos.com.br\/blog\/concurso-prefeitura-uniao-da-vitoria\/#primaryimage\"},\"image\":{\"@id\":\"https:\/\/www.estrategiaconcursos.com.br\/blog\/concurso-prefeitura-uniao-da-vitoria\/#primaryimage\"},\"thumbnailUrl\":\"https:\/\/dhg1h5j42swfq.cloudfront.net\/2025\/12\/03183741\/prefeitura-de-uniao-da-vitoria.jpg\",\"datePublished\":\"2026-02-11T22:57:55+00:00\",\"dateModified\":\"2026-02-12T11:42:54+00:00\",\"description\":\"Concurso Prefeitura de Uni\u00e3o da Vit\u00f3ria - PR: sal\u00e1rios chegam aos R$ 15.447,34. Veja os resultados finais!\",\"breadcrumb\":{\"@id\":\"https:\/\/www.estrategiaconcursos.com.br\/blog\/concurso-prefeitura-uniao-da-vitoria\/#breadcrumb\"},\"inLanguage\":\"pt-BR\",\"potentialAction\":[{\"@type\":\"ReadAction\",\"target\":[\"https:\/\/www.estrategiaconcursos.com.br\/blog\/concurso-prefeitura-uniao-da-vitoria\/\"]}]},{\"@type\":\"ImageObject\",\"inLanguage\":\"pt-BR\",\"@id\":\"https:\/\/www.estrategiaconcursos.com.br\/blog\/concurso-prefeitura-uniao-da-vitoria\/#primaryimage\",\"url\":\"https:\/\/dhg1h5j42swfq.cloudfront.net\/2025\/12\/03183741\/prefeitura-de-uniao-da-vitoria.jpg\",\"contentUrl\":\"https:\/\/dhg1h5j42swfq.cloudfront.net\/2025\/12\/03183741\/prefeitura-de-uniao-da-vitoria.jpg\",\"width\":768,\"height\":432},{\"@type\":\"BreadcrumbList\",\"@id\":\"https:\/\/www.estrategiaconcursos.com.br\/blog\/concurso-prefeitura-uniao-da-vitoria\/#breadcrumb\",\"itemListElement\":[{\"@type\":\"ListItem\",\"position\":1,\"name\":\"In\u00edcio\",\"item\":\"https:\/\/www.estrategiaconcursos.com.br\/blog\/\"},{\"@type\":\"ListItem\",\"position\":2,\"name\":\"Concurso Uni\u00e3o da Vit\u00f3ria PR: resultado final \u00e9 homologado!\"}]},{\"@type\":\"WebSite\",\"@id\":\"https:\/\/www.estrategiaconcursos.com.br\/blog\/#website\",\"url\":\"https:\/\/www.estrategiaconcursos.com.br\/blog\/\",\"name\":\"Estrat\u00e9gia Concursos\",\"description\":\"O blog da Estrat\u00e9gia Concursos traz not\u00edcias sobre concursos e artigos de professores oferecendo cursos para concursos (pdf + videaulas) no site.\",\"publisher\":{\"@id\":\"https:\/\/www.estrategiaconcursos.com.br\/blog\/#organization\"},\"potentialAction\":[{\"@type\":\"SearchAction\",\"target\":{\"@type\":\"EntryPoint\",\"urlTemplate\":\"https:\/\/www.estrategiaconcursos.com.br\/blog\/?s={search_term_string}\"},\"query-input\":{\"@type\":\"PropertyValueSpecification\",\"valueRequired\":true,\"valueName\":\"search_term_string\"}}],\"inLanguage\":\"pt-BR\"},{\"@type\":\"Organization\",\"@id\":\"https:\/\/www.estrategiaconcursos.com.br\/blog\/#organization\",\"name\":\"Estrat\u00e9gia Concursos\",\"url\":\"https:\/\/www.estrategiaconcursos.com.br\/blog\/\",\"logo\":{\"@type\":\"ImageObject\",\"inLanguage\":\"pt-BR\",\"@id\":\"https:\/\/www.estrategiaconcursos.com.br\/blog\/#\/schema\/logo\/image\/\",\"url\":\"https:\/\/dhg1h5j42swfq.cloudfront.net\/2025\/06\/03203428\/logo_concursos-1.jpg\",\"contentUrl\":\"https:\/\/dhg1h5j42swfq.cloudfront.net\/2025\/06\/03203428\/logo_concursos-1.jpg\",\"width\":230,\"height\":60,\"caption\":\"Estrat\u00e9gia Concursos\"},\"image\":{\"@id\":\"https:\/\/www.estrategiaconcursos.com.br\/blog\/#\/schema\/logo\/image\/\"},\"sameAs\":[\"https:\/\/x.com\/EstratConcursos\"]},{\"@type\":\"Person\",\"@id\":\"https:\/\/www.estrategiaconcursos.com.br\/blog\/#\/schema\/person\/f33ffe5648e36a1ec7be14cb98aec31a\",\"name\":\"Melmuara Thaiane Doneg\u00e1 C\u00e2ndido\",\"image\":{\"@type\":\"ImageObject\",\"inLanguage\":\"pt-BR\",\"@id\":\"https:\/\/secure.gravatar.com\/avatar\/72c23c49ace6e781125178efe440f336ae4f50fbfb902780beb369688b387c4f?s=96&d=mm&r=g\",\"url\":\"https:\/\/secure.gravatar.com\/avatar\/72c23c49ace6e781125178efe440f336ae4f50fbfb902780beb369688b387c4f?s=96&d=mm&r=g\",\"contentUrl\":\"https:\/\/secure.gravatar.com\/avatar\/72c23c49ace6e781125178efe440f336ae4f50fbfb902780beb369688b387c4f?s=96&d=mm&r=g\",\"caption\":\"Melmuara Thaiane Doneg\u00e1 C\u00e2ndido\"},\"description\":\"Formada em Jornalismo em 2011 pela UniSEB-COC, Ribeir\u00e3o Preto-SP, atua desde 2017 na produ\u00e7\u00e3o de conte\u00fado para prefeituras, passando da \u00e1rea publicit\u00e1ria para a cria\u00e7\u00e3o de textos estrat\u00e9gicos e not\u00edcias sobre concursos, mantendo os concurseiros bem informados sobre os principais editais de prefeituras e concursos municipais.\",\"birthDate\":\"1990-04-21\",\"gender\":\"feminino\",\"url\":\"https:\/\/www.estrategiaconcursos.com.br\/blog\/author\/melmuara-candidoestrategia-com\/\"}]}<\/script>\n<!-- \/ Yoast SEO Premium plugin. -->","yoast_head_json":{"title":"Concurso Uni\u00e3o da Vit\u00f3ria PR: resultado final \u00e9 homologado!","description":"Concurso Prefeitura de Uni\u00e3o da Vit\u00f3ria - PR: sal\u00e1rios chegam aos R$ 15.447,34. Veja os resultados finais!","robots":{"index":"index","follow":"follow","max-snippet":"max-snippet:-1","max-image-preview":"max-image-preview:large","max-video-preview":"max-video-preview:-1"},"canonical":"https:\/\/www.estrategiaconcursos.com.br\/blog\/concurso-prefeitura-uniao-da-vitoria\/","og_locale":"pt_BR","og_type":"article","og_title":"Concurso Uni\u00e3o da Vit\u00f3ria PR: resultado final \u00e9 homologado!","og_description":"Concurso Prefeitura de Uni\u00e3o da Vit\u00f3ria - PR: sal\u00e1rios chegam aos R$ 15.447,34. Veja os resultados finais!","og_url":"https:\/\/www.estrategiaconcursos.com.br\/blog\/concurso-prefeitura-uniao-da-vitoria\/","og_site_name":"Estrat\u00e9gia Concursos","article_published_time":"2026-02-11T22:57:55+00:00","article_modified_time":"2026-02-12T11:42:54+00:00","og_image":[{"width":768,"height":432,"url":"https:\/\/dhg1h5j42swfq.cloudfront.net\/2025\/12\/03183741\/prefeitura-de-uniao-da-vitoria.jpg","type":"image\/jpeg"}],"author":"Melmuara Thaiane Doneg\u00e1 C\u00e2ndido","twitter_card":"summary_large_image","twitter_creator":"@EstratConcursos","twitter_site":"@EstratConcursos","twitter_misc":{"Escrito por":"Melmuara Thaiane Doneg\u00e1 C\u00e2ndido","Est. tempo de leitura":"3 minutos"},"schema":{"@context":"https:\/\/schema.org","@graph":[{"@type":"NewsArticle","@id":"https:\/\/www.estrategiaconcursos.com.br\/blog\/concurso-prefeitura-uniao-da-vitoria\/#article","isPartOf":{"@id":"https:\/\/www.estrategiaconcursos.com.br\/blog\/concurso-prefeitura-uniao-da-vitoria\/"},"author":{"name":"Melmuara Thaiane Doneg\u00e1 C\u00e2ndido","@id":"https:\/\/www.estrategiaconcursos.com.br\/blog\/#\/schema\/person\/f33ffe5648e36a1ec7be14cb98aec31a"},"headline":"Concurso Uni\u00e3o da Vit\u00f3ria PR: resultado final \u00e9 homologado!","datePublished":"2026-02-11T22:57:55+00:00","dateModified":"2026-02-12T11:42:54+00:00","mainEntityOfPage":{"@id":"https:\/\/www.estrategiaconcursos.com.br\/blog\/concurso-prefeitura-uniao-da-vitoria\/"},"wordCount":1368,"commentCount":0,"publisher":{"@id":"https:\/\/www.estrategiaconcursos.com.br\/blog\/#organization"},"image":{"@id":"https:\/\/www.estrategiaconcursos.com.br\/blog\/concurso-prefeitura-uniao-da-vitoria\/#primaryimage"},"thumbnailUrl":"https:\/\/dhg1h5j42swfq.cloudfront.net\/2025\/12\/03183741\/prefeitura-de-uniao-da-vitoria.jpg","articleSection":["Prefeituras"],"inLanguage":"pt-BR","potentialAction":[{"@type":"CommentAction","name":"Comment","target":["https:\/\/www.estrategiaconcursos.com.br\/blog\/concurso-prefeitura-uniao-da-vitoria\/#respond"]}],"copyrightYear":"2026","copyrightHolder":{"@id":"https:\/\/www.estrategiaconcursos.com.br\/blog\/#organization"}},{"@type":"WebPage","@id":"https:\/\/www.estrategiaconcursos.com.br\/blog\/concurso-prefeitura-uniao-da-vitoria\/","url":"https:\/\/www.estrategiaconcursos.com.br\/blog\/concurso-prefeitura-uniao-da-vitoria\/","name":"Concurso Uni\u00e3o da Vit\u00f3ria PR: resultado final \u00e9 homologado!","isPartOf":{"@id":"https:\/\/www.estrategiaconcursos.com.br\/blog\/#website"},"primaryImageOfPage":{"@id":"https:\/\/www.estrategiaconcursos.com.br\/blog\/concurso-prefeitura-uniao-da-vitoria\/#primaryimage"},"image":{"@id":"https:\/\/www.estrategiaconcursos.com.br\/blog\/concurso-prefeitura-uniao-da-vitoria\/#primaryimage"},"thumbnailUrl":"https:\/\/dhg1h5j42swfq.cloudfront.net\/2025\/12\/03183741\/prefeitura-de-uniao-da-vitoria.jpg","datePublished":"2026-02-11T22:57:55+00:00","dateModified":"2026-02-12T11:42:54+00:00","description":"Concurso Prefeitura de Uni\u00e3o da Vit\u00f3ria - PR: sal\u00e1rios chegam aos R$ 15.447,34. Veja os resultados finais!","breadcrumb":{"@id":"https:\/\/www.estrategiaconcursos.com.br\/blog\/concurso-prefeitura-uniao-da-vitoria\/#breadcrumb"},"inLanguage":"pt-BR","potentialAction":[{"@type":"ReadAction","target":["https:\/\/www.estrategiaconcursos.com.br\/blog\/concurso-prefeitura-uniao-da-vitoria\/"]}]},{"@type":"ImageObject","inLanguage":"pt-BR","@id":"https:\/\/www.estrategiaconcursos.com.br\/blog\/concurso-prefeitura-uniao-da-vitoria\/#primaryimage","url":"https:\/\/dhg1h5j42swfq.cloudfront.net\/2025\/12\/03183741\/prefeitura-de-uniao-da-vitoria.jpg","contentUrl":"https:\/\/dhg1h5j42swfq.cloudfront.net\/2025\/12\/03183741\/prefeitura-de-uniao-da-vitoria.jpg","width":768,"height":432},{"@type":"BreadcrumbList","@id":"https:\/\/www.estrategiaconcursos.com.br\/blog\/concurso-prefeitura-uniao-da-vitoria\/#breadcrumb","itemListElement":[{"@type":"ListItem","position":1,"name":"In\u00edcio","item":"https:\/\/www.estrategiaconcursos.com.br\/blog\/"},{"@type":"ListItem","position":2,"name":"Concurso Uni\u00e3o da Vit\u00f3ria PR: resultado final \u00e9 homologado!"}]},{"@type":"WebSite","@id":"https:\/\/www.estrategiaconcursos.com.br\/blog\/#website","url":"https:\/\/www.estrategiaconcursos.com.br\/blog\/","name":"Estrat\u00e9gia Concursos","description":"O blog da Estrat\u00e9gia Concursos traz not\u00edcias sobre concursos e artigos de professores oferecendo cursos para concursos (pdf + videaulas) no site.","publisher":{"@id":"https:\/\/www.estrategiaconcursos.com.br\/blog\/#organization"},"potentialAction":[{"@type":"SearchAction","target":{"@type":"EntryPoint","urlTemplate":"https:\/\/www.estrategiaconcursos.com.br\/blog\/?s={search_term_string}"},"query-input":{"@type":"PropertyValueSpecification","valueRequired":true,"valueName":"search_term_string"}}],"inLanguage":"pt-BR"},{"@type":"Organization","@id":"https:\/\/www.estrategiaconcursos.com.br\/blog\/#organization","name":"Estrat\u00e9gia Concursos","url":"https:\/\/www.estrategiaconcursos.com.br\/blog\/","logo":{"@type":"ImageObject","inLanguage":"pt-BR","@id":"https:\/\/www.estrategiaconcursos.com.br\/blog\/#\/schema\/logo\/image\/","url":"https:\/\/dhg1h5j42swfq.cloudfront.net\/2025\/06\/03203428\/logo_concursos-1.jpg","contentUrl":"https:\/\/dhg1h5j42swfq.cloudfront.net\/2025\/06\/03203428\/logo_concursos-1.jpg","width":230,"height":60,"caption":"Estrat\u00e9gia Concursos"},"image":{"@id":"https:\/\/www.estrategiaconcursos.com.br\/blog\/#\/schema\/logo\/image\/"},"sameAs":["https:\/\/x.com\/EstratConcursos"]},{"@type":"Person","@id":"https:\/\/www.estrategiaconcursos.com.br\/blog\/#\/schema\/person\/f33ffe5648e36a1ec7be14cb98aec31a","name":"Melmuara Thaiane Doneg\u00e1 C\u00e2ndido","image":{"@type":"ImageObject","inLanguage":"pt-BR","@id":"https:\/\/secure.gravatar.com\/avatar\/72c23c49ace6e781125178efe440f336ae4f50fbfb902780beb369688b387c4f?s=96&d=mm&r=g","url":"https:\/\/secure.gravatar.com\/avatar\/72c23c49ace6e781125178efe440f336ae4f50fbfb902780beb369688b387c4f?s=96&d=mm&r=g","contentUrl":"https:\/\/secure.gravatar.com\/avatar\/72c23c49ace6e781125178efe440f336ae4f50fbfb902780beb369688b387c4f?s=96&d=mm&r=g","caption":"Melmuara Thaiane Doneg\u00e1 C\u00e2ndido"},"description":"Formada em Jornalismo em 2011 pela UniSEB-COC, Ribeir\u00e3o Preto-SP, atua desde 2017 na produ\u00e7\u00e3o de conte\u00fado para prefeituras, passando da \u00e1rea publicit\u00e1ria para a cria\u00e7\u00e3o de textos estrat\u00e9gicos e not\u00edcias sobre concursos, mantendo os concurseiros bem informados sobre os principais editais de prefeituras e concursos municipais.","birthDate":"1990-04-21","gender":"feminino","url":"https:\/\/www.estrategiaconcursos.com.br\/blog\/author\/melmuara-candidoestrategia-com\/"}]}},"_links":{"self":[{"href":"https:\/\/www.estrategiaconcursos.com.br\/blog\/wp-json\/wp\/v2\/posts\/676257","targetHints":{"allow":["GET"]}}],"collection":[{"href":"https:\/\/www.estrategiaconcursos.com.br\/blog\/wp-json\/wp\/v2\/posts"}],"about":[{"href":"https:\/\/www.estrategiaconcursos.com.br\/blog\/wp-json\/wp\/v2\/types\/post"}],"author":[{"embeddable":true,"href":"https:\/\/www.estrategiaconcursos.com.br\/blog\/wp-json\/wp\/v2\/users\/2991"}],"replies":[{"embeddable":true,"href":"https:\/\/www.estrategiaconcursos.com.br\/blog\/wp-json\/wp\/v2\/comments?post=676257"}],"version-history":[{"count":40,"href":"https:\/\/www.estrategiaconcursos.com.br\/blog\/wp-json\/wp\/v2\/posts\/676257\/revisions"}],"predecessor-version":[{"id":1714974,"href":"https:\/\/www.estrategiaconcursos.com.br\/blog\/wp-json\/wp\/v2\/posts\/676257\/revisions\/1714974"}],"wp:featuredmedia":[{"embeddable":true,"href":"https:\/\/www.estrategiaconcursos.com.br\/blog\/wp-json\/wp\/v2\/media\/1679814"}],"wp:attachment":[{"href":"https:\/\/www.estrategiaconcursos.com.br\/blog\/wp-json\/wp\/v2\/media?parent=676257"}],"wp:term":[{"taxonomy":"category","embeddable":true,"href":"https:\/\/www.estrategiaconcursos.com.br\/blog\/wp-json\/wp\/v2\/categories?post=676257"},{"taxonomy":"post_tag","embeddable":true,"href":"https:\/\/www.estrategiaconcursos.com.br\/blog\/wp-json\/wp\/v2\/tags?post=676257"},{"taxonomy":"tax_estado","embeddable":true,"href":"https:\/\/www.estrategiaconcursos.com.br\/blog\/wp-json\/wp\/v2\/tax_estado?post=676257"}],"curies":[{"name":"wp","href":"https:\/\/api.w.org\/{rel}","templated":true}]}}