{"id":67595,"date":"2017-03-26T09:10:46","date_gmt":"2017-03-26T12:10:46","guid":{"rendered":"https:\/\/www.estrategiaconcursos.com.br\/blog\/?p=67595"},"modified":"2017-03-26T10:12:30","modified_gmt":"2017-03-26T13:12:30","slug":"edital-pc-ac-edital-na-praca-saiba-tudo-agora","status":"publish","type":"post","link":"https:\/\/www.estrategiaconcursos.com.br\/blog\/edital-pc-ac-edital-na-praca-saiba-tudo-agora\/","title":{"rendered":"Edital PC AC: edital na pra\u00e7a. Saiba tudo agora!"},"content":{"rendered":"<h3 style=\"text-align: justify;\">\n\tO edital PC AC 2017 est&aacute; na pra&ccedil;a.&nbsp;<br \/>\n<\/h3>\n<p style=\"text-align: justify;\">\n\t<img loading=\"lazy\" decoding=\"async\" alt=\"edital pc ac\" class=\"size-full wp-image-67597 alignleft\" height=\"279\" src=\"https:\/\/dhg1h5j42swfq.cloudfront.net\/2017\/03\/20194605\/Adinoel-PC-AC-2017-logo.jpg\" style=\"width: 299px; height: 155px;\" title=\"\" width=\"539\" srcset=\"https:\/\/dhg1h5j42swfq.cloudfront.net\/2017\/03\/20194605\/Adinoel-PC-AC-2017-logo.jpg 539w, https:\/\/dhg1h5j42swfq.cloudfront.net\/2017\/03\/20194605\/Adinoel-PC-AC-2017-logo.jpg 300w, https:\/\/dhg1h5j42swfq.cloudfront.net\/2017\/03\/20194605\/Adinoel-PC-AC-2017-logo.jpg 500w\" sizes=\"auto, (max-width: 539px) 100vw, 539px\" \/>\n<\/p>\n<p style=\"text-align: justify;\">\n\tO Di&aacute;rio Oficial do Acre, do dia 20\/03\/2017, traz a publica&ccedil;&atilde;o do <strong><span style=\"font-size:14px;\"><span style=\"color:#000000;\">edital PC AC<\/span><\/span> <\/strong>(<strong>Concurso Pol&iacute;cia Civil do Acre<\/strong>). Esse concurso oferece diversas vagas de n&iacute;vel superior para Agente de Pol&iacute;cia, Auxiliar de Necropsia, Delegado de Pol&iacute;cia e Escriv&atilde;o de Pol&iacute;cia da Secretaria de Estado de Pol&iacute;cia Civil &ndash; SEPC.\n<\/p>\n<p style=\"text-align: justify;\">\n\tSaiba mais detalhes desse importante concurso neste artigo.\n<\/p>\n<p style=\"text-align: justify;\">\n\t&nbsp;\n<\/p>\n<p style=\"text-align: justify;\">\n\t&nbsp;\n<\/p>\n<h3>\n\tN&uacute;mero de vagas<br \/>\n<\/h3>\n<p style=\"text-align: justify;\">\n\tO edital PC AC 2017 oferece as seguintes vagas de <strong>n&iacute;vel superior<\/strong>:\n<\/p>\n<p style=\"text-align: justify; margin-left: 40px;\">\n\t&bull;&bull; 176 (cento e setenta e seis) vagas para o cargo de Agente de Pol&iacute;cia Civil,\n<\/p>\n<p style=\"text-align: justify; margin-left: 40px;\">\n\t&bull;&bull; 20 (vinte) vagas para o cargo de Auxiliar de Necropsia,\n<\/p>\n<p style=\"text-align: justify; margin-left: 40px;\">\n\t&bull;&bull; 18 (dezoito) vagas para o cargo de Delegado de Pol&iacute;cia Civil e\n<\/p>\n<p style=\"text-align: justify; margin-left: 40px;\">\n\t&bull;&bull; 36 (trinta e seis) vagas para o cargo&nbsp;&nbsp; de Escriv&atilde;o de Pol&iacute;cia Civil.\n<\/p>\n<p style=\"text-align: justify;\">\n\t&nbsp;\n<\/p>\n<h3 style=\"text-align: justify;\">\n\tBanca do concurso<br \/>\n<\/h3>\n<p style=\"text-align: justify;\">\n\tA banca escolhida para realizar o concurso PC AC 2017 foi o <a href=\"http:\/\/www.ibade.org.br\" target=\"_blank\">IBADE<\/a> (Instituto Brasileiro de Apoio e Desenvolvimento Executivo).\n<\/p>\n<p style=\"text-align: justify;\">\n\t&nbsp;\n<\/p>\n<h3 style=\"text-align: justify;\">\n\tInscri&ccedil;&otilde;es<br \/>\n<\/h3>\n<p style=\"text-align: justify;\">\n\tPara se inscrever pela internet, os candidatos dever&atilde;o acessar o site <a href=\"http:\/\/www.ibade.org.br\/\" target=\"_blank\">www.ibade.org.br<\/a>, onde constam o Edital, a Ficha de Inscri&ccedil;&atilde;o via Internet e os procedimentos necess&aacute;rios &agrave; efetiva&ccedil;&atilde;o da inscri&ccedil;&atilde;o.\n<\/p>\n<p style=\"text-align: justify;\">\n\tA inscri&ccedil;&atilde;o pela Internet estar&aacute; dispon&iacute;vel durante as 24 horas do dia, ininterruptamente, desde &agrave;s 10 horas do 1&ordm; dia de inscri&ccedil;&atilde;o (21\/03\/2017) at&eacute; &agrave;s 23h59min do &uacute;ltimo dia de inscri&ccedil;&atilde;o (16\/04\/2017), <strong>considerando-se o hor&aacute;rio do Estado do Acre<\/strong>.\n<\/p>\n<p style=\"text-align: justify;\">\n\t&nbsp;\n<\/p>\n<h3>\n\tValor da inscri&ccedil;&atilde;o<br \/>\n<\/h3>\n<p style=\"text-align: justify;\">\n\tConforme o edital PC 2017, as inscri&ccedil;&otilde;es t&ecirc;m valores diferenciados, a saber:\n<\/p>\n<p style=\"text-align: justify;\">\n\t&bull;&bull; R$ 125,00 (cento e vinte e cinco reais) para o cargo de Delegado; e\n<\/p>\n<p style=\"text-align: justify;\">\n\t&bull;&bull; R$ 75,00 (setenta e cinco reais) para os demais cargos.\n<\/p>\n<p style=\"text-align: justify;\">\n\tImportante: o&nbsp;candidato somente ter&aacute; confirmada a inscri&ccedil;&atilde;o para um &uacute;nico cargo visto que as Provas Objetivas e Discursivas ser&atilde;o realizadas no mesmo dia e turno para todos os cargos.\n<\/p>\n<p style=\"text-align: justify;\">\n\t&nbsp;\n<\/p>\n<h3>\n\tRegime Jur&iacute;dico<br \/>\n<\/h3>\n<p style=\"text-align: justify;\">\n\tOs candidatos aprovados que vierem a ingressar no quadro efetivo da Pol&iacute;cia Civil do Estado do Acre pertencer&atilde;o ao regime jur&iacute;dico estatut&aacute;rio e reger-se-&atilde;o pelas disposi&ccedil;&otilde;es da Lei Complementar n. 39, de 29 de dezembro de 1993, Lei Complementar n&ordm; 129\/2004, Lei n&ordm; 2.250\/2009 e respectivas altera&ccedil;&otilde;es, bem como pelas demais normas legais.\n<\/p>\n<p align=\"left\">\n\t&nbsp;\n<\/p>\n<h3>\n\tPrazo de validade<br \/>\n<\/h3>\n<p align=\"left\">\n\tO prazo de validade do presente PC AC 2017 &eacute; de 06 (seis) meses, a contar da data da publica&ccedil;&atilde;o da homologa&ccedil;&atilde;o de seu resultado final, sem prorroga&ccedil;&atilde;o.\n<\/p>\n<p align=\"left\">\n\t&nbsp;\n<\/p>\n<h3>\n\tForma&ccedil;&atilde;o exigida para cada cargo<br \/>\n<\/h3>\n<p style=\"text-align: justify;\">\n\tO edital PC AC 2017 exige forma&ccedil;&atilde;o (escolaridade) diferenciada para cada cargo. Veja isso abaixo:\n<\/p>\n<p style=\"text-align: justify; margin-left: 40px;\">\n\t&bull;&bull; Cargo: <strong>Agente de Pol&iacute;cia Civil<\/strong>\n<\/p>\n<p style=\"text-align: justify; margin-left: 40px;\">\n\t&#8211; diploma, devidamente registrado, de conclus&atilde;o de curso de n&iacute;vel superior, fornecido por institui&ccedil;&atilde;o reconhecida pelo Minist&eacute;rio de Educa&ccedil;&atilde;o &ndash; MEC.\n<\/p>\n<p style=\"text-align: justify; margin-left: 40px;\">\n\t&nbsp;\n<\/p>\n<p style=\"text-align: justify; margin-left: 40px;\">\n\t&bull;&bull; Cargo: <strong>Auxiliar de Necropsia<\/strong>\n<\/p>\n<p style=\"text-align: justify; margin-left: 40px;\">\n\t&#8211; diploma, devidamente registrado, de conclus&atilde;o de curso de n&iacute;vel superior, fornecido por institui&ccedil;&atilde;o reconhecida pelo Minist&eacute;rio de Educa&ccedil;&atilde;o &ndash; MEC.\n<\/p>\n<p style=\"text-align: justify; margin-left: 40px;\">\n\t&nbsp;\n<\/p>\n<p style=\"text-align: justify; margin-left: 40px;\">\n\t&bull;&bull; Cargo: <strong>Delegado de Pol&iacute;cia Civil<\/strong>\n<\/p>\n<p style=\"text-align: justify; margin-left: 40px;\">\n\t-diploma, devidamente registrado, de conclus&atilde;o de curso de gradua&ccedil;&atilde;o de n&iacute;vel superior em Direito, fornecido por institui&ccedil;&atilde;o reconhecida pelo Minist&eacute;rio de Educa&ccedil;&atilde;o &ndash; MEC e comprovar, no m&iacute;nimo, 03 (tr&ecirc;s) anos de atividade jur&iacute;dica ou policial, nos termos da Portaria n&ordm; 61, de 16 de janeiro de 2017, do Secret&aacute;rio de Estado de Pol&iacute;cia Civil do Estado do Acre.\n<\/p>\n<p style=\"text-align: justify; margin-left: 40px;\">\n\t&nbsp;\n<\/p>\n<p style=\"text-align: justify; margin-left: 40px;\">\n\t&bull;&bull; Cargo: <strong>Escriv&atilde;o de Pol&iacute;cia Civil<\/strong>\n<\/p>\n<p style=\"text-align: justify; margin-left: 40px;\">\n\t&#8211; diploma, devidamente registrado, de conclus&atilde;o de curso de n&iacute;vel superior, fornecido por institui&ccedil;&atilde;o reconhecida pelo Minist&eacute;rio de Educa&ccedil;&atilde;o &ndash; MEC.\n<\/p>\n<p align=\"left\">\n\t&nbsp;\n<\/p>\n<h3 align=\"left\">\n\tRemunera&ccedil;&atilde;o<br \/>\n<\/h3>\n<p style=\"text-align: justify;\">\n\tOs aprovados no concurso PC AC 2017 ter&atilde;o as seguintes remunera&ccedil;&otilde;es iniciais:\n<\/p>\n<p style=\"text-align: justify; margin-left: 40px;\">\n\t&bull;&bull; Cargo: Auxiliar de Pol&iacute;cia Civil, Auxiliar de Necropsia, Escriv&atilde;o de Pol&iacute;cia Civil\n<\/p>\n<p style=\"text-align: justify; margin-left: 80px;\">\n\t&rArr; vencimento b&aacute;sico: R$ 870,00\n<\/p>\n<p style=\"text-align: justify; margin-left: 80px;\">\n\t&rArr; com. de sal&aacute;rio m&iacute;nimo: R$ 67,00\n<\/p>\n<p style=\"text-align: justify; margin-left: 80px;\">\n\t&rArr; risco de vida: R$ 914,95\n<\/p>\n<p style=\"text-align: justify; margin-left: 80px;\">\n\t&rArr; atividade policial: R$ 584,40\n<\/p>\n<p style=\"text-align: justify; margin-left: 80px;\">\n\t&rArr; etapa alimenta&ccedil;&atilde;o: R$ 571,43\n<\/p>\n<p style=\"text-align: justify; margin-left: 80px;\">\n\t&rArr; total: <span style=\"color:#008000;\"><strong>R$ 3.007,78<\/strong><\/span>\n<\/p>\n<p style=\"text-align: justify; margin-left: 40px;\">\n\t&bull;&bull; Cargo: Delegado de Pol&iacute;cia Civil\n<\/p>\n<p style=\"text-align: justify; margin-left: 80px;\">\n\t&rArr; vencimento: R$ 15.378,00\n<\/p>\n<p style=\"text-align: justify; margin-left: 80px;\">\n\t&rArr; total: <span style=\"color:#008000;\"><strong>R$ 15.378,00<\/strong><\/span>\n<\/p>\n<p style=\"text-align: justify;\">\n\t&nbsp;\n<\/p>\n<h3>\n\tJornada de Trabalho<br \/>\n<\/h3>\n<p style=\"text-align: justify;\">\n\tA jornada de trabalho &eacute; de regime de tempo integral e dedica&ccedil;&atilde;o exclusiva.\n<\/p>\n<p style=\"text-align: justify;\">\n\t&nbsp;\n<\/p>\n<h3 style=\"text-align: justify;\">\n\tEtapas do concurso<br \/>\n<\/h3>\n<p style=\"text-align: justify;\">\n\tO edital PC AC 2017 dividiu o concurso em 3 (tr&ecirc;s) fases e 9 (nove) etapas. O quadro a seguir explica essas fases e etapas.\n<\/p>\n<p style=\"text-align: justify;\">\n\t<img loading=\"lazy\" decoding=\"async\" width=\"1196\" height=\"220\" alt=\"edital pc ac\" class=\"alignnone size-full wp-image-67610\" src=\"https:\/\/dhg1h5j42swfq.cloudfront.net\/2017\/03\/20201947\/Adinoel-PC-AC-2017-etapas.jpg\" style=\"width: 700px; height: 129px;\" srcset=\"https:\/\/dhg1h5j42swfq.cloudfront.net\/2017\/03\/20201947\/Adinoel-PC-AC-2017-etapas.jpg 1196w, https:\/\/dhg1h5j42swfq.cloudfront.net\/2017\/03\/20201947\/Adinoel-PC-AC-2017-etapas.jpg 300w, https:\/\/dhg1h5j42swfq.cloudfront.net\/2017\/03\/20201947\/Adinoel-PC-AC-2017-etapas.jpg 768w, https:\/\/dhg1h5j42swfq.cloudfront.net\/2017\/03\/20201947\/Adinoel-PC-AC-2017-etapas.jpg 1024w, https:\/\/dhg1h5j42swfq.cloudfront.net\/2017\/03\/20201947\/Adinoel-PC-AC-2017-etapas.jpg 500w\" sizes=\"auto, (max-width: 1196px) 100vw, 1196px\" \/>\n<\/p>\n<p style=\"text-align: justify;\">\n\tAs etapas de 1&ordf; Fase ser&atilde;o realizadas simultaneamente nas cidades acreanas de Brasil&eacute;ia, Cruzeiro do Sul, Rio Branco, Sena Madureira e Tarauac&aacute;, conforme op&ccedil;&atilde;o do candidato no ato da inscri&ccedil;&atilde;o.\n<\/p>\n<p style=\"text-align: justify;\">\n\tA crit&eacute;rio do Instituto Brasileiro de Apoio e Desenvolvimento Executivo &ndash; IBADE e da Comiss&atilde;o do Concurso, havendo necessidade, candidatos poder&atilde;o ser alocados para outras localidades.\n<\/p>\n<p style=\"text-align: justify;\">\n\tDemais fases ser&atilde;o realizadas somente em Rio Branco, exceto a Prova de Aptid&atilde;o F&iacute;sica que poder&aacute; ser realizada nos munic&iacute;pios de Rio Branco e Cruzeiro do Sul.\n<\/p>\n<p style=\"text-align: justify;\">\n\t&nbsp;\n<\/p>\n<h3>\n\tProva Objetiva: data, disciplinas, crit&eacute;rios de elimina&ccedil;&atilde;o<br \/>\n<\/h3>\n<p style=\"text-align: justify;\">\n\tA Prova Objetiva ser&aacute; realizada na data prov&aacute;vel de 07 de maio de 2017, no turno da manh&atilde; e ter&aacute; dura&ccedil;&atilde;o de 5 (cinco) horas.\n<\/p>\n<p style=\"text-align: justify;\">\n\tA Prova Objetiva ter&aacute; car&aacute;ter eliminat&oacute;rio e classificat&oacute;rio e ser&aacute; constitu&iacute;da de quest&otilde;es de m&uacute;ltipla escolha.\n<\/p>\n<p style=\"text-align: justify;\">\n\tCada quest&atilde;o ter&aacute; 5 (cinco) alternativas, sendo apenas uma correta.\n<\/p>\n<p style=\"text-align: justify;\">\n\tOs quadros a seguir mostram quais disciplinas ser&atilde;o cobradas em cada cargo, quantidade de quest&otilde;es, o valor de cada quest&atilde;o, a pontua&ccedil;&atilde;o m&aacute;xima no concurso.\n<\/p>\n<p align=\"left\">\n\t<img loading=\"lazy\" decoding=\"async\" width=\"1201\" height=\"157\" alt=\"edital pc ac\" class=\"alignnone size-full wp-image-67612\" src=\"https:\/\/dhg1h5j42swfq.cloudfront.net\/2017\/03\/20202836\/Adinoel-PC-AC-2017-disciplinas-01.jpg\" style=\"width: 700px; height: 92px;\" srcset=\"https:\/\/dhg1h5j42swfq.cloudfront.net\/2017\/03\/20202836\/Adinoel-PC-AC-2017-disciplinas-01.jpg 1201w, https:\/\/dhg1h5j42swfq.cloudfront.net\/2017\/03\/20202836\/Adinoel-PC-AC-2017-disciplinas-01.jpg 300w, https:\/\/dhg1h5j42swfq.cloudfront.net\/2017\/03\/20202836\/Adinoel-PC-AC-2017-disciplinas-01.jpg 768w, https:\/\/dhg1h5j42swfq.cloudfront.net\/2017\/03\/20202836\/Adinoel-PC-AC-2017-disciplinas-01.jpg 1024w, https:\/\/dhg1h5j42swfq.cloudfront.net\/2017\/03\/20202836\/Adinoel-PC-AC-2017-disciplinas-01.jpg 500w\" sizes=\"auto, (max-width: 1201px) 100vw, 1201px\" \/><img loading=\"lazy\" decoding=\"async\" width=\"1201\" height=\"112\" alt=\"edital pc ac\" class=\"alignnone size-full wp-image-67613\" src=\"https:\/\/dhg1h5j42swfq.cloudfront.net\/2017\/03\/20202838\/Adinoel-PC-AC-2017-disciplinas-02.jpg\" style=\"width: 700px; height: 65px;\" srcset=\"https:\/\/dhg1h5j42swfq.cloudfront.net\/2017\/03\/20202838\/Adinoel-PC-AC-2017-disciplinas-02.jpg 1201w, https:\/\/dhg1h5j42swfq.cloudfront.net\/2017\/03\/20202838\/Adinoel-PC-AC-2017-disciplinas-02.jpg 300w, https:\/\/dhg1h5j42swfq.cloudfront.net\/2017\/03\/20202838\/Adinoel-PC-AC-2017-disciplinas-02.jpg 768w, https:\/\/dhg1h5j42swfq.cloudfront.net\/2017\/03\/20202838\/Adinoel-PC-AC-2017-disciplinas-02.jpg 1024w, https:\/\/dhg1h5j42swfq.cloudfront.net\/2017\/03\/20202838\/Adinoel-PC-AC-2017-disciplinas-02.jpg 500w\" sizes=\"auto, (max-width: 1201px) 100vw, 1201px\" \/>\n<\/p>\n<p align=\"left\">\n\t<img loading=\"lazy\" decoding=\"async\" width=\"1202\" height=\"285\" alt=\"edital pc ac\" class=\"alignnone size-full wp-image-67614\" src=\"https:\/\/dhg1h5j42swfq.cloudfront.net\/2017\/03\/20202839\/Adinoel-PC-AC-2017-disciplinas-03.jpg\" style=\"width: 700px; height: 166px;\" srcset=\"https:\/\/dhg1h5j42swfq.cloudfront.net\/2017\/03\/20202839\/Adinoel-PC-AC-2017-disciplinas-03.jpg 1202w, https:\/\/dhg1h5j42swfq.cloudfront.net\/2017\/03\/20202839\/Adinoel-PC-AC-2017-disciplinas-03.jpg 300w, https:\/\/dhg1h5j42swfq.cloudfront.net\/2017\/03\/20202839\/Adinoel-PC-AC-2017-disciplinas-03.jpg 768w, https:\/\/dhg1h5j42swfq.cloudfront.net\/2017\/03\/20202839\/Adinoel-PC-AC-2017-disciplinas-03.jpg 1024w, https:\/\/dhg1h5j42swfq.cloudfront.net\/2017\/03\/20202839\/Adinoel-PC-AC-2017-disciplinas-03.jpg 500w\" sizes=\"auto, (max-width: 1202px) 100vw, 1202px\" \/>\n<\/p>\n<p align=\"left\">\n\tSer&aacute; eliminado do concurso o candidato que n&atilde;o obtiver, pelo menos, 50% (cinquenta por cento) dos pontos da Prova Objetiva e\/ou obtiver nota 0 (zero) em qualquer uma das disciplinas.\n<\/p>\n<p align=\"left\">\n\t&nbsp;\n<\/p>\n<h3>\n\tProva Discursiva<br \/>\n<\/h3>\n<p align=\"left\">\n\tA Prova Discursiva ser&aacute; aplicada, no mesmo dia da Prova Objetiva, no turno vespertino e ter&aacute; dura&ccedil;&atilde;o de 03 (tr&ecirc;s) horas. O referido per&iacute;odo compreende tamb&eacute;m o preenchimento da folha de resposta.\n<\/p>\n<p align=\"left\">\n\t&nbsp;A Prova Discursiva possui car&aacute;ter eliminat&oacute;rio e classificat&oacute;rio e valer&aacute; 20 (vinte) pontos.\n<\/p>\n<p align=\"left\">\n\tSer&aacute; aprovado na Prova Discursiva o candidato que obtiver, no m&iacute;nimo, 10 (dez) pontos.\n<\/p>\n<p align=\"left\">\n\t&nbsp;A Prova Discursiva ser&aacute; composta de uma Pe&ccedil;a Processual de representa&ccedil;&atilde;o, para o cargo de Delegado de Pol&iacute;cia Civil e, para os demais cargos, ser&aacute; composta de Reda&ccedil;&atilde;o de texto dissertativo, sobre tema a ser enunciado no caderno de quest&otilde;es.\n<\/p>\n<p style=\"text-align: justify;\">\n\t&nbsp;\n<\/p>\n<h3>\n\tProva de T&iacute;tulos<br \/>\n<\/h3>\n<p style=\"text-align: justify;\">\n\tO edital PC AC 2017 prev&ecirc; que no dia das provas objetiva e discursiva os candidatos j&aacute; entreguem seus t&iacute;tulos para serem avaliados. Segundo o edital:\n<\/p>\n<p style=\"text-align: justify; margin-left: 40px;\">\n\t&bull;&bull; Todos os candidatos que realizarem as Provas Objetivas e Discursivas poder&atilde;o entregar as c&oacute;pias autenticadas em cart&oacute;rio de seus T&iacute;tulos, no dia, hor&aacute;rio e local indicados na convoca&ccedil;&atilde;o para a etapa.\n<\/p>\n<p style=\"text-align: justify; margin-left: 40px;\">\n\t&bull;&bull; Os t&iacute;tulos dever&atilde;o ser entregues por meio de c&oacute;pias autenticadas em cart&oacute;rio, EM ENVELOPE LACRADO, devendo o candidato colar na parte externa do mesmo a CAPA DE IDENTIFICA&Ccedil;&Atilde;O, dispon&iacute;vel no site <a href=\"http:\/\/www.ibade.org.br\" target=\"_blank\">www.ibade.org.br<\/a>, exceto a parte do protocolo.\n<\/p>\n<p style=\"text-align: justify; margin-left: 40px;\">\n\t&bull;&bull; O candidato dever&aacute; anexar &agrave; frente dos documentos o FORMUL&Aacute;RIO DE T&Iacute;TULOS (dispon&iacute;vel no site www.ibade.org.br), informar, para cada documento, o n&ordm; de ordem e o item a que o t&iacute;tulo se refere no quadro de pontua&ccedil;&atilde;o (A, B e C) e descrever todos os documentos que est&atilde;o sendo entregue.\n<\/p>\n<p style=\"text-align: justify; margin-left: 40px;\">\n\t&bull;&bull; CADA DOCUMENTO, dentro do envelope, dever&aacute; ser identificado pelo n&uacute;mero de ordem e o item do quadro de pontua&ccedil;&atilde;o (A, B, C) conforme descrito no formul&aacute;rio de t&iacute;tulos.\n<\/p>\n<p style=\"text-align: justify; margin-left: 40px;\">\n\t&bull;&bull; Dever&aacute; tamb&eacute;m ASSINAR A DECLARA&Ccedil;&Atilde;O DE VERACIDADE constante no Formul&aacute;rio de T&iacute;tulos.\n<\/p>\n<p style=\"text-align: justify; margin-left: 40px;\">\n\t&bull;&bull; N&atilde;o haver&aacute; confer&ecirc;ncia de t&iacute;tulos no momento da entrega.\n<\/p>\n<p style=\"text-align: justify;\">\n\tSer&atilde;o considerados os seguintes t&iacute;tulos, para efeitos do concurso PC AC 2017:\n<\/p>\n<p style=\"text-align: justify; margin-left: 40px;\">\n\t&bull;&bull; P&oacute;s-Gradua&ccedil;&atilde;o Stricto Sensu &ndash; Doutorado. 4,5 pontos;\n<\/p>\n<p style=\"text-align: justify; margin-left: 40px;\">\n\t&bull;&bull; P&oacute;s-Gradua&ccedil;&atilde;o Stricto Sensu &ndash; Mestrado. 3,5 pontos;\n<\/p>\n<p style=\"text-align: justify; margin-left: 40px;\">\n\t&bull;&bull; P&oacute;s-Gradua&ccedil;&atilde;o Lato Sensu (360 horas) 2,0 pontos.\n<\/p>\n<p style=\"text-align: justify;\">\n\t&nbsp;\n<\/p>\n<h3 style=\"text-align: justify;\">\n\tProva de Aptid&atilde;o F&iacute;sica<br \/>\n<\/h3>\n<p style=\"text-align: justify;\">\n\tA Prova de Capacidade F&iacute;sica possui car&aacute;ter eliminat&oacute;rio e tem por objetivo avaliar a agilidade, resist&ecirc;ncia muscular e aer&oacute;bica do candidato, consideradas indispens&aacute;veis ao exerc&iacute;cio de suas atividades\n<\/p>\n<p style=\"text-align: justify;\">\n\tResumidamente, a Prova de Aptid&atilde;o F&iacute;sica ser&aacute; realizada com os seguintes exercicios f&iacute;sicos:\n<\/p>\n<p style=\"text-align: justify; margin-left: 40px;\">\n\t&bull;&bull; Resist&ecirc;ncia Muscular Localizada: Teste de apoio de frente sobre o solo e Teste de resist&ecirc;ncia abdominal em 1 minuto, <a href=\"https:\/\/www.estrategiaconcursos.com.br\/blog\/wp-content\/uploads\/2017\/03\/edital-PC-1.pdf\" target=\"_blank\">nos termos do edital PC AC 2017<\/a>;\n<\/p>\n<p style=\"text-align: justify; margin-left: 40px;\">\n\t&bull;&bull; Teste de For&ccedil;a: Teste din&acirc;mico de barra fixa com pegada em prona&ccedil;&atilde;o para homens (Execu&ccedil;&atilde;o Din&acirc;mica), Teste de barra fixa com pegada em prona&ccedil;&atilde;o para mulheres (Execu&ccedil;&atilde;o Isom&eacute;trica), <a href=\"https:\/\/www.estrategiaconcursos.com.br\/blog\/wp-content\/uploads\/2017\/03\/edital-PC-1.pdf\" target=\"_blank\">nos termos do edital PC AC 2017<\/a>.\n<\/p>\n<p style=\"text-align: justify; margin-left: 40px;\">\n\t&bull;&bull; Resist&ecirc;ncia Cardiovascular: Teste de Corrida para homens &ndash; desempenho m&iacute;nimo de 2.200 metros (Cooper) e Teste de Corrida para mulheres &ndash; desempenho m&iacute;nimo de 1.800 metros (Cooper), <a href=\"https:\/\/www.estrategiaconcursos.com.br\/blog\/wp-content\/uploads\/2017\/03\/edital-PC-1.pdf\" target=\"_blank\">nos termos do edital PC AC 2017<\/a>.\n<\/p>\n<p style=\"text-align: justify;\">\n\tA sequ&ecirc;ncia dos exerc&iacute;cios da Prova de Aptid&atilde;o F&iacute;sica ser&aacute; a seguinte:\n<\/p>\n<p style=\"text-align: justify; margin-left: 40px;\">\n\t1&ordm; Flex&atilde;o de Bra&ccedil;o em Barra Fixa (Execu&ccedil;&atilde;o Din&acirc;mica) para homens; Flex&atilde;o de Bra&ccedil;o em Barra Fixa (Execu&ccedil;&atilde;o Isom&eacute;trica) para mulheres;\n<\/p>\n<p style=\"text-align: justify; margin-left: 40px;\">\n\t2&ordm; Teste de Apoio de frente sobre o solo;\n<\/p>\n<p style=\"text-align: justify; margin-left: 40px;\">\n\t3&ordm; Teste de resist&ecirc;ncia abdominal em 1 minuto;\n<\/p>\n<p style=\"text-align: justify; margin-left: 40px;\">\n\t4&ordm; Teste de Corrida para homens &ndash; desempenho m&iacute;nimo de 2.200 metros e Teste de Corrida para mulheres &ndash; desempenho m&iacute;nimo de 1.800 metros.\n<\/p>\n<p style=\"text-align: justify;\">\n\t&nbsp;\n<\/p>\n<h3 style=\"text-align: justify;\">\n\tExame Psicot&eacute;cnico<br \/>\n<\/h3>\n<p style=\"text-align: justify;\">\n\tO concurso PC AC tem como uma de suas etapas o Exame Psicot&eacute;cnico.\n<\/p>\n<p style=\"text-align: justify;\">\n\tEsse exame&nbsp;para fins de sele&ccedil;&atilde;o de candidatos &eacute; um processo realizado mediante o emprego de um conjunto de procedimentos objetivos e cient&iacute;ficos, que permite identificar se o candidato preenche os padr&otilde;es psicol&oacute;gicos exigidos e as caracter&iacute;sticas para um melhor desempenho da fun&ccedil;&atilde;o.\n<\/p>\n<p style=\"text-align: justify;\">\n\tO exame tamb&eacute;m dever&aacute; identificar, al&eacute;m das caracter&iacute;sticas acima, se o candidato possui ou n&atilde;o aptid&atilde;o psicol&oacute;gica para manuseio de arma de fogo, visando o porte de arma funcional.\n<\/p>\n<p style=\"text-align: justify;\">\n\tOs testes aplicados no Exame Psicot&eacute;cnico t&ecirc;m sua validade regulamentada e estabelecida pelo Conselho Federal de Psicologia, &oacute;rg&atilde;o normativo da profiss&atilde;o, e somente ser&atilde;o realizados por psic&oacute;logos registrados no Conselho de Psicologia.\n<\/p>\n<p style=\"text-align: justify;\">\n\tMais detalhes sobre o exame Psicot&eacute;cnico podem ser obtidos no <a href=\"https:\/\/www.estrategiaconcursos.com.br\/blog\/wp-content\/uploads\/2017\/03\/edital-PC-1.pdf\" target=\"_blank\">edital PC AC 2017, no item 14<\/a>.\n<\/p>\n<p style=\"text-align: justify;\">\n\t&nbsp;\n<\/p>\n<h3 style=\"text-align: justify;\">\n\tProva Pr&aacute;tica de digita&ccedil;&atilde;o<br \/>\n<\/h3>\n<p style=\"text-align: justify;\">\n\tA Prova Pr&aacute;tica de Digita&ccedil;&atilde;o somente ser&aacute; aplicada aos candidatos ao cargo de Escriv&atilde;o de Pol&iacute;cia Civil aprovados no Exame Psicot&eacute;cnico.\n<\/p>\n<p style=\"text-align: justify;\">\n\tA Prova Pr&aacute;tica de Digita&ccedil;&atilde;o ter&aacute; car&aacute;ter eliminat&oacute;rio, sendo automaticamente eliminado do certame o candidato que n&atilde;o comparecer &agrave; referida prova.\n<\/p>\n<p style=\"text-align: justify;\">\n\tA Prova Pr&aacute;tica consistir&aacute; de digita&ccedil;&atilde;o em microcomputador Pentium ou similar, em editor de texto Microsoft Word ou similar, de texto impresso, com aproximadamente 2000 (dois mil) caracteres, no tempo m&aacute;ximo de 06min (seis minutos).\n<\/p>\n<p style=\"text-align: justify;\">\n\tO candidato dever&aacute; estar apto a digitar em qualquer tipo de teclado, sendo vedada, a utiliza&ccedil;&atilde;o do mouse.\n<\/p>\n<p style=\"text-align: justify;\">\n\tMais detalhes sobre essa prova&nbsp;podem ser obtidos no <a href=\"https:\/\/www.estrategiaconcursos.com.br\/blog\/wp-content\/uploads\/2017\/03\/edital-PC-1.pdf\" target=\"_blank\">edital PC AC 2017, no item 15<\/a>.\n<\/p>\n<p style=\"text-align: justify;\">\n\t&nbsp;\n<\/p>\n<h3 style=\"text-align: justify;\">\n\tExame M&eacute;dico e Toxicol&oacute;gico<br \/>\n<\/h3>\n<p style=\"text-align: justify;\">\n\tA fase do Exame M&eacute;dico e Toxicologico, de car&aacute;ter unicamente eliminat&oacute;rio, ser&aacute; realizada somente com os candidatos APTOS no Exame Psicot&eacute;cnico, exceto para o cargo de Escriv&atilde;o.\n<\/p>\n<p style=\"text-align: justify;\">\n\tA fase de Exame M&eacute;dico e Toxicol&oacute;gico, para o cargo de Escriv&atilde;o ser&aacute; realizada somente com os candidatos aprovados da Prova Pr&aacute;tica de Digita&ccedil;&atilde;o.\n<\/p>\n<p style=\"text-align: justify;\">\n\tOs Exames M&eacute;dicos, de car&aacute;ter eliminat&oacute;rio, objetivam aferir se o candidato goza de boa sa&uacute;de f&iacute;sica e ps&iacute;quica para suportar os exerc&iacute;cios a que ser&aacute; submetido durante o Curso de Forma&ccedil;&atilde;o Profissional e para desempenhar as atribui&ccedil;&otilde;es t&iacute;picas do cargo.\n<\/p>\n<p style=\"text-align: justify;\">\n\tMais detalhes sobre essa fase do concurso podem ser obtidos no <a href=\"https:\/\/www.estrategiaconcursos.com.br\/blog\/wp-content\/uploads\/2017\/03\/edital-PC-1.pdf\" target=\"_blank\">edital PC AC 2017, no item 16<\/a>.\n<\/p>\n<p style=\"text-align: justify;\">\n\t&nbsp;\n<\/p>\n<h3 style=\"text-align: justify;\">\n\tInvestiga&ccedil;&atilde;o Criminal e Social<br \/>\n<\/h3>\n<p style=\"text-align: justify;\">\n\tA Investiga&ccedil;&atilde;o Criminal e Social visa verificar se o candidato possui idoneidade no &acirc;mbito social, funcional e criminal necess&aacute;ria para exercer o cargo pretendido.\n<\/p>\n<p style=\"text-align: justify;\">\n\tNa Fase de Investiga&ccedil;&atilde;o Criminal e Social, o candidato ser&aacute; investigado pela SEPC (Secretaria de Estado de Pol&iacute;cia Civil do Estado Acre).\n<\/p>\n<p style=\"text-align: justify;\">\n\tSer&aacute; considerado &ldquo;contraindicado&rdquo;, o candidato cuja Investiga&ccedil;&atilde;o Criminal e Social constatar, a qualquer tempo, envolvimento comprometedor no passado ou presente, como:\n<\/p>\n<p style=\"text-align: justify; margin-left: 40px;\">\n\t&bull;&bull; pr&aacute;tica de a&ccedil;&otilde;es delituosas, mesmo n&atilde;o existindo inqu&eacute;rito policial ou a&ccedil;&atilde;o penal instaurados;\n<\/p>\n<p style=\"text-align: justify; margin-left: 40px;\">\n\t&bull;&bull; t&oacute;xicos, como usu&aacute;rio ou fornecedor;\n<\/p>\n<p style=\"text-align: justify; margin-left: 40px;\">\n\t&bull;&bull; atos de vandalismo, desonestidade, indisciplina ou viol&ecirc;ncia em escolas,&nbsp;locais de trabalho, com&eacute;rcio, estabelecimentos financeiros, fam&iacute;lia ou comunidade;\n<\/p>\n<p style=\"text-align: justify; margin-left: 40px;\">\n\t&bull;&bull; pr&aacute;tica de alcoolismo;\n<\/p>\n<p style=\"text-align: justify; margin-left: 40px;\">\n\t&bull;&bull; a&ccedil;&otilde;es que culminaram em demiss&atilde;o, licenciamento ou exclus&atilde;o de organiza&ccedil;&otilde;es civis ou militares por motivos disciplinares ou conduta inadequada;\n<\/p>\n<p style=\"text-align: justify; margin-left: 40px;\">\n\t&bull;&bull; pr&aacute;tica de crime contra a administra&ccedil;&atilde;o p&uacute;blica ou atos de improbidade&nbsp;administrativa.\n<\/p>\n<p style=\"text-align: justify;\">\n\tTamb&eacute;m ser&aacute; considerado &ldquo;CONTRAINDICADO&rdquo;, o candidato que:\n<\/p>\n<p style=\"text-align: justify; margin-left: 40px;\">\n\t&bull;&bull; N&atilde;o apresentar os certificados negativos de antecedentes criminais (nada consta), junto ao Poder Judici&aacute;rio Federal, Justi&ccedil;a Eleitoral, Justi&ccedil;a Estadual, al&eacute;m da certid&atilde;o junto &agrave; Secretaria de Seguran&ccedil;a P&uacute;blica, ou &oacute;rg&atilde;o&nbsp;cong&ecirc;nere, nos estados em que tenha residido nos &uacute;ltimos cinco anos.\n<\/p>\n<p style=\"text-align: justify; margin-left: 40px;\">\n\t&bull;&bull; N&atilde;o apresentar fotoc&oacute;pias do hist&oacute;rico escolar referente ao ensino superior, bem como o comprovante de resid&ecirc;ncia atual. No caso de candidatos que residam fora do Estado do Acre o comprovante de resid&ecirc;ncia<br \/>\n\tdeve obrigatoriamente conter C&oacute;digo de Endere&ccedil;o Postal &ndash; CEP v&aacute;lido junto &agrave; Ag&ecirc;ncia Nacional de Correios e Tel&eacute;grafos.\n<\/p>\n<p style=\"text-align: justify; margin-left: 40px;\">\n\t&bull;&bull; Tiver sido condenado por senten&ccedil;a transitada em julgado por crime com pena prevista superior a dois anos ou ainda estiver em per&iacute;odo de cumprimento de pena.\n<\/p>\n<p style=\"text-align: justify; margin-left: 40px;\">\n\t&bull;&bull; Tiver sido indiciado em inqu&eacute;rito policial ou denunciado por envolvimento com tr&aacute;fico de drogas, porte ou posse ilegal de arma de fogo, roubo, furto, estupro, abandono de incapaz, bem como por demais crimes previstos no C&oacute;digo Penal Brasileiro, que possuam pena m&iacute;nima superior a quatro anos.\n<\/p>\n<p style=\"text-align: justify; margin-left: 40px;\">\n\t&bull;&bull; Tenha sido dispensado de Corpora&ccedil;&atilde;o das For&ccedil;as Armadas, por incapacidade f&iacute;sica definitiva ou moral, ou por motivo incompat&iacute;vel com as exig&ecirc;ncias para a fun&ccedil;&atilde;o, de acordo com a legisla&ccedil;&atilde;o em vigor.\n<\/p>\n<p style=\"text-align: justify; margin-left: 40px;\">\n\t&bull;&bull; Sendo egresso de institui&ccedil;&otilde;es militares, n&atilde;o estar classificado, no m&iacute;nimo, no comportamento &ldquo;BOM&rdquo;.\n<\/p>\n<p style=\"text-align: justify; margin-left: 40px;\">\n\t&bull;&bull; Figure como indiciado em Inqu&eacute;rito Policial Militar ou Conselho de Disciplina, ou ainda, estiver respondendo a processo criminal comum&nbsp;ou militar, relativo a caso de fato ocorrido em consequ&ecirc;ncia do servi&ccedil;o&nbsp;que constitu&iacute;a il&iacute;cito, infamante, lesivo, &agrave; honra ou ao pudor.\n<\/p>\n<p style=\"text-align: justify; margin-left: 40px;\">\n\t&bull;&bull; Tenha sido desligado de estabelecimento militar por motivo disciplinar.\n<\/p>\n<p style=\"text-align: justify; margin-left: 40px;\">\n\t&bull;&bull; N&atilde;o tenha idoneidade moral e conduta pregressa compat&iacute;vel com o cargo pretendido.\n<\/p>\n<p style=\"text-align: justify;\">\n\t&nbsp;\n<\/p>\n<h3 style=\"text-align: justify;\">\n\tCurso de Forma&ccedil;&atilde;o<br \/>\n<\/h3>\n<p style=\"text-align: justify;\">\n\tO edital PC AC 2017 preve que o Curso de Forma&ccedil;&atilde;o consiste em curso com aulas presenciais e Prova Final para avalia&ccedil;&atilde;o dos conhecimentos adquiridos.\n<\/p>\n<p style=\"text-align: justify;\">\n\tO Curso de Forma&ccedil;&atilde;o Policial ter&aacute; carga hor&aacute;ria m&iacute;nima de 760 (setecentos e sessenta) horas-aula, podendo ser realizado em dia &uacute;til ou n&atilde;o, sendo no turno nos dias &uacute;teis e em qualquer turno nos feriados e finais de semana, a crit&eacute;rio da SEPC, sendo as regras, crit&eacute;rios de aprova&ccedil;&atilde;o, ementas e outras especifica&ccedil;&otilde;es pertinentes definidos mediante regulamento a ser publicado e divulgado aos candidatos na ocasi&atilde;o da matr&iacute;cula.\n<\/p>\n<p style=\"text-align: justify;\">\n\tSer&aacute; eliminado do Curso de Forma&ccedil;&atilde;o Policial o candidato que obtiver frequ&ecirc;ncia inferior a 75% e aproveitamento inferior a 50% na Prova Final.\n<\/p>\n<p style=\"text-align: justify;\">\n\tAo final do Curso de Forma&ccedil;&atilde;o Policial o candidato realizar&aacute; a Prova Final de car&aacute;ter eliminat&oacute;rio com valor m&aacute;ximo de 100 (cem) pontos.\n<\/p>\n<p style=\"text-align: justify;\">\n\tO candidato ser&aacute; aprovado se obtiver aproveitamento igual ou superior a 50% no total da Prova Final.\n<\/p>\n<p style=\"text-align: justify;\">\n\tReprovado no Curso de Forma&ccedil;&atilde;o Policial, o candidato ser&aacute; eliminado&nbsp;do Concurso P&uacute;blico.\n<\/p>\n<p style=\"text-align: justify;\">\n\t&nbsp;\n<\/p>\n<h3 style=\"text-align: justify;\">\n\tBolsa no Curso de Forma&ccedil;&atilde;o<br \/>\n<\/h3>\n<p style=\"text-align: justify;\">\n\t&nbsp;Ao aluno regularmente matriculado, ser&aacute; fornecida, para a sua manuten&ccedil;&atilde;o, durante o per&iacute;odo do Curso de Forma&ccedil;&atilde;o Policial, uma bolsa de estudos equivalente a <strong>50% dos vencimentos do cargo em disputa<\/strong>, na classe inicial, de acordo com o artigo 68 da Lei Org&acirc;nica da Pol&iacute;cia Civil do Estado do Acre.\n<\/p>\n<p style=\"text-align: justify;\">\n\t&nbsp;\n<\/p>\n<p style=\"text-align: justify;\">\n\t<img loading=\"lazy\" decoding=\"async\" width=\"1020\" height=\"616\" alt=\"edital pc ac\" class=\"alignnone size-full wp-image-42649\" src=\"https:\/\/dhg1h5j42swfq.cloudfront.net\/2016\/05\/14113252\/novas-corujas-0621.png\" style=\"width: 200px; height: 121px;\" srcset=\"https:\/\/dhg1h5j42swfq.cloudfront.net\/2016\/05\/14113252\/novas-corujas-0621.png 1020w, https:\/\/dhg1h5j42swfq.cloudfront.net\/2016\/05\/14113252\/novas-corujas-0621.png 300w, https:\/\/dhg1h5j42swfq.cloudfront.net\/2016\/05\/14113252\/novas-corujas-0621.png 768w, https:\/\/dhg1h5j42swfq.cloudfront.net\/2016\/05\/14113252\/novas-corujas-0621.png 497w\" sizes=\"auto, (max-width: 1020px) 100vw, 1020px\" \/>\n<\/p>\n<h3 style=\"text-align: justify;\">\n\t<a href=\"https:\/\/www.estrategiaconcursos.com.br\/cursos\/concurso\/\" target=\"_blank\">Cursos p\/ Concursos<\/a><br \/>\n<\/h3>\n<p style=\"text-align: justify;\">\n\t<span style=\"color:#008000;\">O Estrat&eacute;gia Concursos j&aacute; lan&ccedil;ou cursos focados nos&nbsp;<\/span><a href=\"https:\/\/www.estrategiaconcursos.com.br\/pesquisa\/?q=POLICIAIS\" target=\"_blank\"><span style=\"font-size:14px;\"><span style=\"color:#0000FF;\"><strong>editais de Carreiras Policiais<\/strong><\/span><\/span><\/a><span style=\"color:#008000;\">. Nossos cursos cont&ecirc;m o conte&uacute;do completo que ser&aacute; cobrado na sua prova. S&atilde;o PDF&acute;s e videoaulas, al&eacute;m de um f&oacute;rum de d&uacute;vidas exclusivo na &aacute;rea do aluno para voc&ecirc; esclarecer pontos com seus professores. Confiamos tanto na qualidade da nossa equipe e dos nossos materiais que n&oacute;s temos uma pol&iacute;tica de satisfa&ccedil;&atilde;o garantida ou seu dinheiro de volta, em at&eacute; 30 dias e sem burocracia.&nbsp;Voc&ecirc; n&atilde;o tem nada a perder, conhe&ccedil;a nossos cursos!<\/span>\n<\/p>\n<p style=\"text-align: justify;\">\n\t&nbsp;\n<\/p>\n<p style=\"text-align: justify;\">\n\t<img decoding=\"async\" alt=\"edital pc ac\" class=\"alignnone size-full wp-image-60957\" src=\"https:\/\/www.estrategiaconcursos.com.br\/blog\/wp-content\/uploads\/2017\/01\/coruja-ficha-tecnica.png\" style=\"width: 201px; height: 68px;\" \/>\n<\/p>\n<p>\n\t\u25ba&nbsp;<strong>Informa&ccedil;&otilde;es do Concurso PC AC 2017<\/strong>\n<\/p>\n<p>\n\t\u25baData da prova objetiva e discursiva: 07 de maio de 2017\n<\/p>\n<p>\n\t\u25baVagas: 250 vagas&nbsp;\n<\/p>\n<p>\n\t\u25baLota&ccedil;&otilde;es: Estado do Acre\n<\/p>\n<p>\n\t\u25baRemunera&ccedil;&atilde;o inicial: R$ 3.007,78 e R$ 15.378,00\n<\/p>\n<p>\n\t\u25baBanca: IBADE (<a href=\"http:\/\/www.ibade.org.br\/\" onclick=\"_gaq.push(['_trackEvent', 'outbound-article', 'http:\/\/www.ibade.org.br\/', 'www.ibade.org.br']);\" target=\"_blank\">www.ibade.org.br<\/a>)\n<\/p>\n<p>\n\t\u25baEdital:&nbsp;<a href=\"https:\/\/www.estrategiaconcursos.com.br\/blog\/wp-content\/uploads\/2017\/03\/edital-PC-1.pdf\" onclick=\"_gaq.push(['_trackEvent','download','https:\/\/www.estrategiaconcursos.com.br\/blog\/wp-content\/uploads\/2017\/03\/edital-PC-1.pdf']);\" target=\"_blank\">edital PCAC<\/a>\n<\/p>\n<p>\n\t\u25baEscolaridade: Ensino Superior&nbsp;\n<\/p>\n<p>\n\t\u25baCursos Estrat&eacute;gia Concursos:&nbsp;<strong><a href=\"https:\/\/www.estrategiaconcursos.com.br\/pesquisa\/?q=POLICIAIS\" target=\"_blank\">CURSOS CARREIRAS POLICIAIS<\/a><\/strong>\n<\/p>\n<p>\n\t&nbsp;\n<\/p>\n<h3>\n\tDisciplinas detalhadas<br \/>\n<\/h3>\n<p style=\"text-align: justify;\">\n\tAten&ccedil;&atilde;o, segundo o edital PC AC 2017, toda a legisla&ccedil;&atilde;o citada nos conte&uacute;dos program&aacute;ticos ser&aacute; utilizada para elabora&ccedil;&atilde;o de quest&otilde;es levando-se em considera&ccedil;&atilde;o as atualiza&ccedil;&otilde;es vigentes at&eacute; a data de publica&ccedil;&atilde;o do edital.\n<\/p>\n<p style=\"text-align: justify;\">\n\tAdiante, voc&ecirc; tem as disciplinas detalhadas que ser&atilde;o cobradas no concurso PC AC 2017.\n<\/p>\n<p style=\"text-align: justify;\">\n\t&nbsp;\n<\/p>\n<h4 style=\"text-align: justify;\">\n\tN&Iacute;VEL SUPERIOR: AGENTE DE POLICIA, AUXILIAR DE NECROPSIA E ESCRIV&Atilde;O DE POL&Iacute;CIA.<br \/>\n<\/h4>\n<p style=\"text-align: justify;\">\n\t<strong>L&iacute;ngua Portuguesa<\/strong>\n<\/p>\n<p style=\"text-align: justify; margin-left: 40px;\">\n\tCompreens&atilde;o e interpreta&ccedil;&atilde;o de textos.\n<\/p>\n<p style=\"text-align: justify; margin-left: 40px;\">\n\tTipologia textual.\n<\/p>\n<p style=\"text-align: justify; margin-left: 40px;\">\n\tOrtografia oficial.\n<\/p>\n<p style=\"text-align: justify; margin-left: 40px;\">\n\tAcentua&ccedil;&atilde;o gr&aacute;fica.\n<\/p>\n<p style=\"text-align: justify; margin-left: 40px;\">\n\tEmprego das classes de palavras: substantivo, adjetivo, numeral, pronome, verbo, adv&eacute;rbio, preposi&ccedil;&atilde;o e conjun&ccedil;&atilde;o: emprego e sentido que imprimem &agrave;s rela&ccedil;&otilde;es que estabelecem.\n<\/p>\n<p style=\"text-align: justify; margin-left: 40px;\">\n\tEmprego do sinal indicativo de crase.\n<\/p>\n<p style=\"text-align: justify; margin-left: 40px;\">\n\tSintaxe da ora&ccedil;&atilde;o e do per&iacute;odo.\n<\/p>\n<p style=\"text-align: justify; margin-left: 40px;\">\n\tEmprego dos sinais de Pontua&ccedil;&atilde;o.\n<\/p>\n<p style=\"text-align: justify; margin-left: 40px;\">\n\tConcord&acirc;ncia nominal e verbal.\n<\/p>\n<p style=\"text-align: justify; margin-left: 40px;\">\n\tReg&ecirc;ncia nominal e verbal.\n<\/p>\n<p style=\"text-align: justify; margin-left: 40px;\">\n\tSignifica&ccedil;&atilde;o das palavras.\n<\/p>\n<p style=\"text-align: justify; margin-left: 40px;\">\n\tReda&ccedil;&atilde;o de correspond&ecirc;ncias oficiais.\n<\/p>\n<p style=\"text-align: justify; margin-left: 40px;\">\n\tCoexist&ecirc;ncia das regras ortogr&aacute;ficas atuais com o Novo Acordo Ortogr&aacute;fico.\n<\/p>\n<p style=\"text-align: justify; margin-left: 40px;\">\n\tReescritura de frases.\n<\/p>\n<p style=\"text-align: justify;\">\n\t&nbsp;\n<\/p>\n<p style=\"text-align: justify;\">\n\t<strong>No&ccedil;&otilde;es de Inform&aacute;tica<\/strong>\n<\/p>\n<p style=\"text-align: justify; margin-left: 40px;\">\n\tServidores, microcomputadores e perif&eacute;ricos: configura&ccedil;&atilde;o b&aacute;sica.\n<\/p>\n<p style=\"text-align: justify; margin-left: 40px;\">\n\tRedes de computadores (conceitos, ferramentas e procedimentos de Internet e Intranet).\n<\/p>\n<p style=\"text-align: justify; margin-left: 40px;\">\n\tNo&ccedil;&otilde;es de sistema operacional (ambientes Linux e Windows).&nbsp;\n<\/p>\n<p style=\"text-align: justify; margin-left: 40px;\">\n\tSoftwares de navega&ccedil;&atilde;o (Microsoft Internet Explorer, Mozilla Firefox, Google Chrome).\n<\/p>\n<p style=\"text-align: justify; margin-left: 40px;\">\n\tSoftwares de Correio Eletr&ocirc;nico.\n<\/p>\n<p style=\"text-align: justify; margin-left: 40px;\">\n\tEdi&ccedil;&atilde;o de textos, planilhas e apresenta&ccedil;&otilde;es (ambientes BrOffice e Microsoft Office &#8211; Word, Excel e PowerPoint).\n<\/p>\n<p style=\"text-align: justify; margin-left: 40px;\">\n\tRedes Sociais.\n<\/p>\n<p style=\"text-align: justify; margin-left: 40px;\">\n\tComputa&ccedil;&atilde;o na nuvem (cloud computing e cloud storage).\n<\/p>\n<p style=\"text-align: justify; margin-left: 40px;\">\n\tConceitos de organiza&ccedil;&atilde;o e gerenciamento da informa&ccedil;&atilde;o: manuseio de arquivos, armazenamento de dados, c&oacute;pia de seguran&ccedil;a, digitaliza&ccedil;&atilde;o.\n<\/p>\n<p style=\"text-align: justify; margin-left: 40px;\">\n\tSeguran&ccedil;a da informa&ccedil;&atilde;o: no&ccedil;&otilde;es de v&iacute;rus, worms e pragas virtuais; aplicativos para seguran&ccedil;a (antiv&iacute;rus, firewall, anti-spyware).\n<\/p>\n<p style=\"text-align: justify;\">\n\t&nbsp;\n<\/p>\n<p style=\"text-align: justify;\">\n\t<strong>Racioc&iacute;nio L&oacute;gico<\/strong>\n<\/p>\n<p style=\"text-align: justify; margin-left: 40px;\">\n\tEstruturas l&oacute;gicas.\n<\/p>\n<p style=\"text-align: justify; margin-left: 40px;\">\n\tL&oacute;gica de argumenta&ccedil;&atilde;o: analogias, interfer&ecirc;ncia, dedu&ccedil;&otilde;es e conclus&otilde;es.\n<\/p>\n<p style=\"text-align: justify; margin-left: 40px;\">\n\tL&oacute;gica sentencial (proposicional): proposi&ccedil;&otilde;es simples e compostas; tabelas-verdade; equival&ecirc;ncias; Leis De Morgan; diagramas l&oacute;gicos.\n<\/p>\n<p style=\"text-align: justify; margin-left: 40px;\">\n\tL&oacute;gica de primeira ordem.\n<\/p>\n<p style=\"text-align: justify; margin-left: 40px;\">\n\tAn&aacute;lise combinat&oacute;ria e probabilidades.\n<\/p>\n<p style=\"text-align: justify; margin-left: 40px;\">\n\tRacioc&iacute;nio l&oacute;gico envolvendo problemas aritm&eacute;ticos, geom&eacute;tricos e matriciais.\n<\/p>\n<p style=\"text-align: justify; margin-left: 40px;\">\n\tSequ&ecirc;ncias e progress&otilde;es.\n<\/p>\n<p style=\"text-align: justify;\">\n\t&nbsp;\n<\/p>\n<p style=\"text-align: justify;\">\n\t<strong>No&ccedil;&otilde;es de Direito Administrativo<\/strong>\n<\/p>\n<p style=\"text-align: justify; margin-left: 40px;\">\n\tDireito Administrativo e Administra&ccedil;&atilde;o P&uacute;blica.\n<\/p>\n<p style=\"text-align: justify; margin-left: 40px;\">\n\tPrinc&iacute;pios do Direito Administrativo Brasileiro.\n<\/p>\n<p style=\"text-align: justify; margin-left: 40px;\">\n\tPoderes e Deveres da Administra&ccedil;&atilde;o P&uacute;blica e dos Administradores P&uacute;blicos.\n<\/p>\n<p style=\"text-align: justify; margin-left: 40px;\">\n\tEntes da Administra&ccedil;&atilde;o P&uacute;blica: administra&ccedil;&atilde;o direta e administra&ccedil;&atilde;o indireta.\n<\/p>\n<p style=\"text-align: justify; margin-left: 40px;\">\n\tCentraliza&ccedil;&atilde;o e descentraliza&ccedil;&atilde;o.\n<\/p>\n<p style=\"text-align: justify; margin-left: 40px;\">\n\tConcentra&ccedil;&atilde;o e desconcentra&ccedil;&atilde;o.\n<\/p>\n<p style=\"text-align: justify; margin-left: 40px;\">\n\t&Oacute;rg&atilde;o p&uacute;blico. Estado, Governo e personalidade de direito p&uacute;blico.\n<\/p>\n<p style=\"text-align: justify; margin-left: 40px;\">\n\tCompet&ecirc;ncia administrativa: conceito e crit&eacute;rios de distribui&ccedil;&atilde;o; avoca&ccedil;&atilde;o e delega&ccedil;&atilde;o de compet&ecirc;ncia.\n<\/p>\n<p style=\"text-align: justify; margin-left: 40px;\">\n\tAtos da Administra&ccedil;&atilde;o.\n<\/p>\n<p style=\"text-align: justify; margin-left: 40px;\">\n\tAtos administrativos.\n<\/p>\n<p style=\"text-align: justify; margin-left: 40px;\">\n\tResponsabilidade Civil do Estado.\n<\/p>\n<p style=\"text-align: justify; margin-left: 40px;\">\n\tAgentes p&uacute;blicos: esp&eacute;cies.\n<\/p>\n<p style=\"text-align: justify; margin-left: 40px;\">\n\tDireitos, deveres e responsabilidades dos servidores p&uacute;blicos civis.\n<\/p>\n<p style=\"text-align: justify; margin-left: 40px;\">\n\tImprobidade administrativa (Lei n&ordm; 8.429\/1992 e altera&ccedil;&otilde;es).\n<\/p>\n<p style=\"text-align: justify; margin-left: 40px;\">\n\tProcesso administrativo (Lei n&ordm; 9.784\/1999).\n<\/p>\n<p style=\"text-align: justify; margin-left: 40px;\">\n\tControle da Administra&ccedil;&atilde;o P&uacute;blica.\n<\/p>\n<p style=\"text-align: justify;\">\n\t&nbsp;\n<\/p>\n<p style=\"text-align: justify;\">\n\t<strong>No&ccedil;&otilde;es de Direito Constitucional<\/strong>\n<\/p>\n<p style=\"text-align: justify; margin-left: 40px;\">\n\tConstitui&ccedil;&atilde;o: princ&iacute;pios fundamentais.\n<\/p>\n<p style=\"text-align: justify; margin-left: 40px;\">\n\tAplicabilidade das normas constitucionais: normas de efic&aacute;cia plena, contida e limitada.\n<\/p>\n<p style=\"text-align: justify; margin-left: 40px;\">\n\tNormas program&aacute;ticas.\n<\/p>\n<p style=\"text-align: justify; margin-left: 40px;\">\n\tDireitos e garantias fundamentais: direitos e deveres individuais e coletivos, direitos sociais, nacionalidade, direitos pol&iacute;ticos.\n<\/p>\n<p style=\"text-align: justify; margin-left: 40px;\">\n\tDireitos humanos, tratados internacionais de prote&ccedil;&atilde;o aos direitos humanos e repercuss&atilde;o no Direito brasileiro.\n<\/p>\n<p style=\"text-align: justify; margin-left: 40px;\">\n\tOrganiza&ccedil;&atilde;o do Estado brasileiro, princ&iacute;pios, federalismo brasileiro, organiza&ccedil;&atilde;o pol&iacute;tico administrativo da\n<\/p>\n<p style=\"text-align: justify; margin-left: 40px;\">\n\tUni&atilde;o, Estados, Munic&iacute;pios, Distrito Federal e Territ&oacute;rios.\n<\/p>\n<p style=\"text-align: justify;\">\n\t&nbsp;\n<\/p>\n<p style=\"text-align: justify;\">\n\t<strong>Administra&ccedil;&atilde;o P&uacute;blica<\/strong>\n<\/p>\n<p style=\"text-align: justify; margin-left: 40px;\">\n\t&nbsp;Disposi&ccedil;&otilde;es gerais, servidores p&uacute;blicos.&nbsp;\n<\/p>\n<p style=\"text-align: justify; margin-left: 40px;\">\n\tPoderes Legislativo, Judici&aacute;rio e Executivo.\n<\/p>\n<p style=\"text-align: justify; margin-left: 40px;\">\n\tDefesa do Estado e das institui&ccedil;&otilde;es democr&aacute;ticas: seguran&ccedil;a p&uacute;blica; organiza&ccedil;&atilde;o da seguran&ccedil;a p&uacute;blica.\n<\/p>\n<p style=\"text-align: justify;\">\n\t&nbsp;\n<\/p>\n<p style=\"text-align: justify;\">\n\t<strong>No&ccedil;&otilde;es de Direito Penal<\/strong>\n<\/p>\n<p style=\"text-align: justify; margin-left: 40px;\">\n\tInfra&ccedil;&atilde;o penal: elementos, esp&eacute;cies, classifica&ccedil;&atilde;o doutrin&aacute;ria das infra&ccedil;&otilde;es penais; princ&iacute;pios penais.\n<\/p>\n<p style=\"text-align: justify; margin-left: 40px;\">\n\tSujeito ativo e sujeito passivo da infra&ccedil;&atilde;o penal.\n<\/p>\n<p style=\"text-align: justify; margin-left: 40px;\">\n\tTipicidade, ilicitude, culpabilidade, punibilidade.\n<\/p>\n<p style=\"text-align: justify; margin-left: 40px;\">\n\tTeoria do erro.\n<\/p>\n<p style=\"text-align: justify; margin-left: 40px;\">\n\tConcurso de pessoas.\n<\/p>\n<p style=\"text-align: justify; margin-left: 40px;\">\n\tCrimes contra a pessoa.\n<\/p>\n<p style=\"text-align: justify; margin-left: 40px;\">\n\tCrimes contra o patrim&ocirc;nio.\n<\/p>\n<p style=\"text-align: justify; margin-left: 40px;\">\n\tCrimes contra a dignidade sexual.\n<\/p>\n<p style=\"text-align: justify; margin-left: 40px;\">\n\tCrimes contra a fam&iacute;lia.\n<\/p>\n<p style=\"text-align: justify; margin-left: 40px;\">\n\tCrimes contra a incolumidade p&uacute;blica.\n<\/p>\n<p style=\"text-align: justify; margin-left: 40px;\">\n\tCrimes contra a f&eacute; p&uacute;blica.\n<\/p>\n<p style=\"text-align: justify; margin-left: 40px;\">\n\tCrimes contra a administra&ccedil;&atilde;o p&uacute;blica.\n<\/p>\n<p style=\"text-align: justify;\">\n\t&nbsp;\n<\/p>\n<p style=\"text-align: justify;\">\n\t<strong>No&ccedil;&otilde;es de Direito Processual Penal:<\/strong>\n<\/p>\n<p style=\"text-align: justify; margin-left: 40px;\">\n\tInqu&eacute;rito policial.\n<\/p>\n<p style=\"text-align: justify; margin-left: 40px;\">\n\tNotitia criminis.\n<\/p>\n<p style=\"text-align: justify; margin-left: 40px;\">\n\tA&ccedil;&atilde;o penal: esp&eacute;cies.\n<\/p>\n<p style=\"text-align: justify; margin-left: 40px;\">\n\tJurisdi&ccedil;&atilde;o; compet&ecirc;ncia.&nbsp;\n<\/p>\n<p style=\"text-align: justify; margin-left: 40px;\">\n\tDas Provas.\n<\/p>\n<p style=\"text-align: justify; margin-left: 40px;\">\n\tDas Pris&otilde;es e Medidas Cautelares.\n<\/p>\n<p style=\"text-align: justify; margin-left: 40px;\">\n\tProcessos dos crimes de responsabilidade dos funcion&aacute;rios p&uacute;blicos.\n<\/p>\n<p style=\"text-align: justify; margin-left: 40px;\">\n\tHabeas corpus.\n<\/p>\n<p style=\"text-align: justify; margin-left: 40px;\">\n\tJuizados Especiais Criminais; Lei Maria da Penha.\n<\/p>\n<p style=\"text-align: justify;\">\n\t.\n<\/p>\n<p style=\"text-align: justify;\">\n\t<strong>Legisla&ccedil;&atilde;o de Direito Penal e Processual Penal Especial<\/strong>\n<\/p>\n<p style=\"text-align: justify; margin-left: 40px;\">\n\tInvestiga&ccedil;&atilde;o criminal conduzida pelo Delegado de Pol&iacute;cia (Lei n&ordm; 12.830\/2013).\n<\/p>\n<p style=\"text-align: justify; margin-left: 40px;\">\n\tLei n&ordm; 11.343\/2006: Lei de Drogas. Identifica&ccedil;&atilde;o criminal (Lei n&ordm; 12.037\/2009).\n<\/p>\n<p style=\"text-align: justify; margin-left: 40px;\">\n\tIntercepta&ccedil;&atilde;o Telef&ocirc;nica (Lei n&ordm; 9.296\/1996).\n<\/p>\n<p style=\"text-align: justify; margin-left: 40px;\">\n\tCrime organizado (Lei n&ordm; 12.850 e suas altera&ccedil;&otilde;es).\n<\/p>\n<p style=\"text-align: justify; margin-left: 40px;\">\n\tProte&ccedil;&atilde;o &agrave; testemunha e dela&ccedil;&atilde;o premiada (Lei n&ordm; 9.807\/99).\n<\/p>\n<p style=\"text-align: justify; margin-left: 40px;\">\n\tO crime de tortura (Lei n&ordm; 9.455\/97). Estatuto do Desarmamento.\n<\/p>\n<p style=\"text-align: justify; margin-left: 40px;\">\n\tDos crimes contra crian&ccedil;as e adolescentes (Lei n&ordm; 8.069\/90) (Estatuto da Crian&ccedil;a e do Adolescente).\n<\/p>\n<p style=\"text-align: justify; margin-left: 40px;\">\n\tDos crimes resultantes de preconceito de ra&ccedil;a ou de cor (Lei n&ordm; 7.716\/89).\n<\/p>\n<p style=\"text-align: justify; margin-left: 40px;\">\n\tLavagem ou oculta&ccedil;&atilde;o de bens, direitos e valores (Lei n&ordm; 9.613\/98 e suas altera&ccedil;&otilde;es).\n<\/p>\n<p style=\"text-align: justify; margin-left: 40px;\">\n\tViol&ecirc;ncia dom&eacute;stica (Lei n&ordm; 11.340\/2006 e suas altera&ccedil;&otilde;es).\n<\/p>\n<p style=\"text-align: justify; margin-left: 40px;\">\n\tCrimes contra o meio ambiente (Lei n&ordm; 9.605\/98).\n<\/p>\n<p style=\"text-align: justify; margin-left: 40px;\">\n\tEstatuto do idoso (Lei n&ordm; 10.741\/2003).\n<\/p>\n<p style=\"text-align: justify; margin-left: 40px;\">\n\tApresenta&ccedil;&atilde;o e uso de documento de identifica&ccedil;&atilde;o criminal (Lei n&ordm; 5.553\/68).\n<\/p>\n<p style=\"text-align: justify; margin-left: 40px;\">\n\tCrimes Hediondos (Lei n&ordm; 8.072\/90 e suas altera&ccedil;&otilde;es).\n<\/p>\n<p style=\"text-align: justify; margin-left: 40px;\">\n\tCrimes contra as rela&ccedil;&otilde;es de consumo (Lei n&ordm; 8.078\/1990).\n<\/p>\n<p style=\"text-align: justify; margin-left: 40px;\">\n\tCrimes contra a ordem tribut&aacute;ria e econ&ocirc;mica (Lei 8.137\/90).\n<\/p>\n<p style=\"text-align: justify; margin-left: 40px;\">\n\tCrimes de tr&acirc;nsito e normas processuais correlatas. (Lei n&ordm; 9.503\/1997).\n<\/p>\n<p style=\"text-align: justify;\">\n\t&nbsp;\n<\/p>\n<p style=\"text-align: justify;\">\n\t<strong>No&ccedil;&otilde;es de Medicina Legal<\/strong>\n<\/p>\n<p style=\"text-align: justify; margin-left: 40px;\">\n\tPer&iacute;cias e Peritos. Documentos m&eacute;dico-legais.\n<\/p>\n<p style=\"text-align: justify; margin-left: 40px;\">\n\tQuesitos oficiais. Per&iacute;cias m&eacute;dicas.\n<\/p>\n<p style=\"text-align: justify; margin-left: 40px;\">\n\tLegisla&ccedil;&atilde;o sobre per&iacute;cias m&eacute;dico-legais.\n<\/p>\n<p style=\"text-align: justify; margin-left: 40px;\">\n\tTraumatologia M&eacute;dico-legal.\n<\/p>\n<p style=\"text-align: justify; margin-left: 40px;\">\n\tLes&otilde;es corporais sob o ponto de vista jur&iacute;dico.\n<\/p>\n<p style=\"text-align: justify; margin-left: 40px;\">\n\tEnergias de Ordem Mec&acirc;nica.\n<\/p>\n<p style=\"text-align: justify; margin-left: 40px;\">\n\tEnergias de Ordem Qu&iacute;mica, c&aacute;usticos e venenos, embriaguez, toxicomanias.\n<\/p>\n<p style=\"text-align: justify; margin-left: 40px;\">\n\tEnergias de Ordem F&iacute;sica: Efeitos da temperatura, eletricidade, press&atilde;o atmosf&eacute;rica, radia&ccedil;&otilde;es, luz e som.\n<\/p>\n<p style=\"text-align: justify; margin-left: 40px;\">\n\tEnergias de Ordem F&iacute;sico-Qu&iacute;mica: Asfixias em geral.\n<\/p>\n<p style=\"text-align: justify; margin-left: 40px;\">\n\tAsfixias em esp&eacute;cie: por gases irrespir&aacute;veis, por mon&oacute;xido de carbono, por sufoca&ccedil;&atilde;o direta, por sufoca&ccedil;&atilde;o indireta, por afogamento, por enforcamento, por estrangulamento, por esganadura, por soterramento e por confinamento.\n<\/p>\n<p style=\"text-align: justify; margin-left: 40px;\">\n\tTanatologia M&eacute;dico-legal.\n<\/p>\n<p style=\"text-align: justify; margin-left: 40px;\">\n\tTanatognose e cronotanatognose.\n<\/p>\n<p style=\"text-align: justify; margin-left: 40px;\">\n\tFen&ocirc;menos cadav&eacute;ricos.\n<\/p>\n<p style=\"text-align: justify; margin-left: 40px;\">\n\tNecropsia, necroscopia\n<\/p>\n<p style=\"text-align: justify; margin-left: 40px;\">\n\tExuma&ccedil;&atilde;o.\n<\/p>\n<p style=\"text-align: justify; margin-left: 40px;\">\n\t&ldquo;Causa mortis&rdquo;.\n<\/p>\n<p style=\"text-align: justify; margin-left: 40px;\">\n\tMorte natural e morte violenta.\n<\/p>\n<p style=\"text-align: justify; margin-left: 40px;\">\n\tSexologia M&eacute;dico-legal.\n<\/p>\n<p style=\"text-align: justify; margin-left: 40px;\">\n\tCrimes contra a dignidade sexual e provas periciais.\n<\/p>\n<p style=\"text-align: justify; margin-left: 40px;\">\n\tAborto e infantic&iacute;dio.\n<\/p>\n<p style=\"text-align: justify;\">\n\t&nbsp;\n<\/p>\n<h4 style=\"text-align: justify;\">\n\tN&Iacute;VEL SUPERIOR: DELEGADO DE POL&Iacute;CIA<br \/>\n<\/h4>\n<p style=\"text-align: justify;\">\n\t<strong>L&iacute;ngua Portuguesa<\/strong>\n<\/p>\n<p style=\"text-align: justify; margin-left: 40px;\">\n\tCompreens&atilde;o e interpreta&ccedil;&atilde;o de textos.\n<\/p>\n<p style=\"text-align: justify; margin-left: 40px;\">\n\tTipologia textual.\n<\/p>\n<p style=\"text-align: justify; margin-left: 40px;\">\n\tOrtografia oficial.\n<\/p>\n<p style=\"text-align: justify; margin-left: 40px;\">\n\tAcentua&ccedil;&atilde;o gr&aacute;fica.\n<\/p>\n<p style=\"text-align: justify; margin-left: 40px;\">\n\tEmprego das classes de palavras.\n<\/p>\n<p style=\"text-align: justify; margin-left: 40px;\">\n\tEmprego do sinal indicativo de crase.\n<\/p>\n<p style=\"text-align: justify; margin-left: 40px;\">\n\tSintaxe da ora&ccedil;&atilde;o e do per&iacute;odo.\n<\/p>\n<p style=\"text-align: justify; margin-left: 40px;\">\n\tPontua&ccedil;&atilde;o.\n<\/p>\n<p style=\"text-align: justify; margin-left: 40px;\">\n\tConcord&acirc;ncia nominal e verbal.\n<\/p>\n<p style=\"text-align: justify; margin-left: 40px;\">\n\tReg&ecirc;ncia nominal e verbal.\n<\/p>\n<p style=\"text-align: justify; margin-left: 40px;\">\n\tSignifica&ccedil;&atilde;o das palavras.\n<\/p>\n<p style=\"text-align: justify; margin-left: 40px;\">\n\tReda&ccedil;&atilde;o de correspond&ecirc;ncias oficiais.\n<\/p>\n<p style=\"text-align: justify; margin-left: 40px;\">\n\tCoexist&ecirc;ncia das regras ortogr&aacute;ficas atuais com o Novo Acordo Ortogr&aacute;fico.\n<\/p>\n<p style=\"text-align: justify; margin-left: 40px;\">\n\tReescritura de frases.\n<\/p>\n<p style=\"text-align: justify;\">\n\t&nbsp;\n<\/p>\n<p style=\"text-align: justify;\">\n\t<strong>Racioc&iacute;nio L&oacute;gico<\/strong>\n<\/p>\n<p style=\"text-align: justify; margin-left: 40px;\">\n\tEstruturas l&oacute;gicas.\n<\/p>\n<p style=\"text-align: justify; margin-left: 40px;\">\n\tL&oacute;gica de argumenta&ccedil;&atilde;o: analogias, interfer&ecirc;ncia, dedu&ccedil;&otilde;es e conclus&otilde;es.\n<\/p>\n<p style=\"text-align: justify; margin-left: 40px;\">\n\tL&oacute;gica sentencial (proposicional): proposi&ccedil;&otilde;es simples e compostas; tabelas-verdade; equival&ecirc;ncias; Leis De Morgan; diagramas l&oacute;gicos.\n<\/p>\n<p style=\"text-align: justify; margin-left: 40px;\">\n\tL&oacute;gica de primeira ordem.\n<\/p>\n<p style=\"text-align: justify; margin-left: 40px;\">\n\tAn&aacute;lise combinat&oacute;ria e probabilidades.\n<\/p>\n<p style=\"text-align: justify; margin-left: 40px;\">\n\tRacioc&iacute;nio l&oacute;gico envolvendo problemas aritm&eacute;ticos, geom&eacute;tricos e matriciais.\n<\/p>\n<p style=\"text-align: justify; margin-left: 40px;\">\n\tSequ&ecirc;ncias e progress&otilde;es.\n<\/p>\n<p style=\"text-align: justify;\">\n\t&nbsp;\n<\/p>\n<p style=\"text-align: justify;\">\n\t<strong>No&ccedil;&otilde;es de Inform&aacute;tica<\/strong>\n<\/p>\n<p style=\"text-align: justify; margin-left: 40px;\">\n\tServidores, microcomputadores e perif&eacute;ricos: configura&ccedil;&atilde;o b&aacute;sica.\n<\/p>\n<p style=\"text-align: justify; margin-left: 40px;\">\n\tRedes de computadores (conceitos, ferramentas e procedimentos de\n<\/p>\n<p style=\"text-align: justify; margin-left: 40px;\">\n\tInternet e Intranet).\n<\/p>\n<p style=\"text-align: justify; margin-left: 40px;\">\n\tNo&ccedil;&otilde;es de sistema operacional (ambientes Linux e Windows).\n<\/p>\n<p style=\"text-align: justify; margin-left: 40px;\">\n\tSoftwares de navega&ccedil;&atilde;o (Microsoft Internet Explorer, Mozilla Firefox, Google Chrome).\n<\/p>\n<p style=\"text-align: justify; margin-left: 40px;\">\n\tSoftwares de Correio Eletr&ocirc;nico.\n<\/p>\n<p style=\"text-align: justify; margin-left: 40px;\">\n\tEdi&ccedil;&atilde;o de textos, planilhas e apresenta&ccedil;&otilde;es (ambientes BrOffice e Microsoft\n<\/p>\n<p style=\"text-align: justify; margin-left: 40px;\">\n\tOffice &#8211; Word, Excel e PowerPoint).\n<\/p>\n<p style=\"text-align: justify; margin-left: 40px;\">\n\tRedes Sociais.\n<\/p>\n<p style=\"text-align: justify; margin-left: 40px;\">\n\tComputa&ccedil;&atilde;o na nuvem (cloud computing e cloud storage).\n<\/p>\n<p style=\"text-align: justify; margin-left: 40px;\">\n\tConceitos de organiza&ccedil;&atilde;o e gerenciamento da informa&ccedil;&atilde;o: manuseio de arquivos, armazenamento de dados, c&oacute;pia de seguran&ccedil;a, digitaliza&ccedil;&atilde;o.&nbsp;\n<\/p>\n<p style=\"text-align: justify; margin-left: 40px;\">\n\tSeguran&ccedil;a da informa&ccedil;&atilde;o: no&ccedil;&otilde;es de v&iacute;rus, worms e pragas virtuais; aplicativos para seguran&ccedil;a (antiv&iacute;rus, firewall, anti-spyware).\n<\/p>\n<p style=\"text-align: justify;\">\n\t&nbsp;\n<\/p>\n<p style=\"text-align: justify;\">\n\t<strong>Direito Administrativo<\/strong>\n<\/p>\n<p style=\"text-align: justify; margin-left: 40px;\">\n\tDireito Administrativo e Administra&ccedil;&atilde;o P&uacute;blica.\n<\/p>\n<p style=\"text-align: justify; margin-left: 40px;\">\n\tPrinc&iacute;pios do Direito Administrativo Brasileiro.\n<\/p>\n<p style=\"text-align: justify; margin-left: 40px;\">\n\tPoderes e Deveres da Administra&ccedil;&atilde;o P&uacute;blica e dos Administradores P&uacute;blicos: poder vinculado; poder discricion&aacute;rio; poder hier&aacute;rquico; poder disciplinar; poder normativo; poder de pol&iacute;cia; uso e abuso do poder.\n<\/p>\n<p style=\"text-align: justify; margin-left: 40px;\">\n\tEntes da Administra&ccedil;&atilde;o P&uacute;blica: administra&ccedil;&atilde;o direta e administra&ccedil;&atilde;o indireta.\n<\/p>\n<p style=\"text-align: justify; margin-left: 40px;\">\n\tCentraliza&ccedil;&atilde;o e descentraliza&ccedil;&atilde;o da atividade administrativa do Estado.\n<\/p>\n<p style=\"text-align: justify; margin-left: 40px;\">\n\tConcentra&ccedil;&atilde;o e desconcentra&ccedil;&atilde;o.\n<\/p>\n<p style=\"text-align: justify; margin-left: 40px;\">\n\t&Oacute;rg&atilde;o p&uacute;blico.\n<\/p>\n<p style=\"text-align: justify; margin-left: 40px;\">\n\tEstado, Governo e Administra&ccedil;&atilde;o P&uacute;blica: conceitos, elementos, poderes e organiza&ccedil;&atilde;o; natureza, fins e princ&iacute;pios. Agentes p&uacute;blicos: esp&eacute;cies e classifica&ccedil;&atilde;o; poderes, deveres e prerrogativas; cargo, emprego e fun&ccedil;&atilde;o p&uacute;blicos.\n<\/p>\n<p style=\"text-align: justify; margin-left: 40px;\">\n\tAto administrativo: conceito; requisitos, perfei&ccedil;&atilde;o, validade, efic&aacute;cia; atributos; extin&ccedil;&atilde;o, desfazimento e sanat&oacute;ria;\n<\/p>\n<p style=\"text-align: justify; margin-left: 40px;\">\n\tclassifica&ccedil;&atilde;o, esp&eacute;cies e exterioriza&ccedil;&atilde;o; vincula&ccedil;&atilde;o e discricionariedade.\n<\/p>\n<p style=\"text-align: justify; margin-left: 40px;\">\n\tM&eacute;rito do ato administrativo.\n<\/p>\n<p style=\"text-align: justify; margin-left: 40px;\">\n\tControle do ato administrativo.\n<\/p>\n<p style=\"text-align: justify; margin-left: 40px;\">\n\tServi&ccedil;os p&uacute;blicos: conceito, classifica&ccedil;&atilde;o, regulamenta&ccedil;&atilde;o e controle; forma, meios e requisitos; delega&ccedil;&atilde;o: &nbsp;concess&atilde;o, permiss&atilde;o, autoriza&ccedil;&atilde;o.\n<\/p>\n<p style=\"text-align: justify; margin-left: 40px;\">\n\tLei n&ordm; 8.987\/1995.\n<\/p>\n<p style=\"text-align: justify; margin-left: 40px;\">\n\tControle e responsabiliza&ccedil;&atilde;o da administra&ccedil;&atilde;o: controle administrativo; controle judicial; controle legislativo; controle social; responsabilidade civil do Estado.\n<\/p>\n<p style=\"text-align: justify; margin-left: 40px;\">\n\tLei de Acesso &agrave; Informa&ccedil;&atilde;o (Lei n&ordm; 12.527\/2011).\n<\/p>\n<p style=\"text-align: justify; margin-left: 40px;\">\n\tImprobidade administrativa (Lei n&ordm; 8.429\/1992 e altera&ccedil;&otilde;es).\n<\/p>\n<p style=\"text-align: justify; margin-left: 40px;\">\n\tLicita&ccedil;&otilde;es e Contratos (Lei n&ordm; 8.666\/93 e altera&ccedil;&otilde;es).\n<\/p>\n<p style=\"text-align: justify; margin-left: 40px;\">\n\tRegime Diferenciado de Contrata&ccedil;&otilde;es P&uacute;blicas (Lei n&ordm; 12.462\/2011 e altera&ccedil;&otilde;es).\n<\/p>\n<p style=\"text-align: justify; margin-left: 40px;\">\n\tLei Complementar do Estado do Acre n&ordm; 39\/93.\n<\/p>\n<p style=\"text-align: justify;\">\n\t&nbsp;\n<\/p>\n<p style=\"text-align: justify;\">\n\t<strong>Direito Civil<\/strong>\n<\/p>\n<p style=\"text-align: justify; margin-left: 40px;\">\n\tLei de Introdu&ccedil;&atilde;o &agrave;s Normas do Direito Brasileiro.\n<\/p>\n<p style=\"text-align: justify; margin-left: 40px;\">\n\tPessoa natural Pessoa jur&iacute;dica.\n<\/p>\n<p style=\"text-align: justify; margin-left: 40px;\">\n\tPersonalidade.\n<\/p>\n<p style=\"text-align: justify; margin-left: 40px;\">\n\tDomic&iacute;lio e resid&ecirc;ncia.\n<\/p>\n<p style=\"text-align: justify; margin-left: 40px;\">\n\tBens, diferentes classes de bens.\n<\/p>\n<p style=\"text-align: justify; margin-left: 40px;\">\n\tFato Jur&iacute;dico.\n<\/p>\n<p style=\"text-align: justify; margin-left: 40px;\">\n\tAtos Jur&iacute;dicos L&iacute;citos e Il&iacute;citos.\n<\/p>\n<p style=\"text-align: justify; margin-left: 40px;\">\n\tNeg&oacute;cio Jur&iacute;dico.\n<\/p>\n<p style=\"text-align: justify; margin-left: 40px;\">\n\tPrescri&ccedil;&atilde;o e decad&ecirc;ncia.\n<\/p>\n<p style=\"text-align: justify; margin-left: 40px;\">\n\tPosse.\n<\/p>\n<p style=\"text-align: justify; margin-left: 40px;\">\n\tClassifica&ccedil;&atilde;o, aquisi&ccedil;&atilde;o, efeitos e perda.\n<\/p>\n<p style=\"text-align: justify; margin-left: 40px;\">\n\tPropriedade: aquisi&ccedil;&atilde;o e perda da propriedade.\n<\/p>\n<p style=\"text-align: justify; margin-left: 40px;\">\n\tDireito real sobre coisa alheia.\n<\/p>\n<p style=\"text-align: justify; margin-left: 40px;\">\n\tResponsabilidade civil.\n<\/p>\n<p style=\"text-align: justify; margin-left: 40px;\">\n\tTeoria da culpa e do risco.\n<\/p>\n<p style=\"text-align: justify;\">\n\t&nbsp;\n<\/p>\n<p style=\"text-align: justify;\">\n\t<strong>Direito Constitucional\/Direitos Humanos<\/strong>\n<\/p>\n<p style=\"text-align: justify; margin-left: 40px;\">\n\tDireito Constitucional: natureza; conceito e objeto; perspectiva sociol&oacute;gica; perspectiva pol&iacute;tica; perspectiva jur&iacute;dica; fontes formais; concep&ccedil;&atilde;o positiva.\n<\/p>\n<p style=\"text-align: justify; margin-left: 40px;\">\n\tConstitui&ccedil;&atilde;o: sentido sociol&oacute;gico; sentido pol&iacute;tico; sentido jur&iacute;dico; conceito, objetos e elementos.\n<\/p>\n<p style=\"text-align: justify; margin-left: 40px;\">\n\tClassifica&ccedil;&otilde;es das constitui&ccedil;&otilde;es: constitui&ccedil;&atilde;o material e constitui&ccedil;&atilde;o formal; constitui&ccedil;&atilde;o-garantia e constitui&ccedil;&atilde;o-dirigente; normas constitucionais.\n<\/p>\n<p style=\"text-align: justify; margin-left: 40px;\">\n\tPoder constituinte: fundamentos do poder constituinte; poder constituinte origin&aacute;rio e derivado; reforma e revis&atilde;o constitucionais; limita&ccedil;&atilde;o do poder de revis&atilde;o; emendas &agrave; Constitui&ccedil;&atilde;o.\n<\/p>\n<p style=\"text-align: justify; margin-left: 40px;\">\n\tControle de constitucionalidade: conceito; sistemas de controle de constitucionalidade. Inconstitucionalidade: &nbsp;inconstitucionalidade por a&ccedil;&atilde;o e inconstitucionalidade por omiss&atilde;o.\n<\/p>\n<p style=\"text-align: justify; margin-left: 40px;\">\n\tSistema brasileiro de controle de constitucionalidade.\n<\/p>\n<p style=\"text-align: justify; margin-left: 40px;\">\n\tFundamentos constitucionais dos direitos e garantias fundamentais: direitos e deveres individuais e coletivos; direito &agrave; vida, &agrave; liberdade, &agrave; igualdade, &agrave; seguran&ccedil;a e &agrave; propriedade; direitos sociais; nacionalidade; cidadania e direitos pol&iacute;ticos; partidos pol&iacute;ticos; garantias constitucionais individuais; garantias dos direitos coletivos, sociais e pol&iacute;ticos; Instrumentos de tutela das liberdades.\n<\/p>\n<p style=\"text-align: justify; margin-left: 40px;\">\n\tOrganiza&ccedil;&atilde;o do Estado brasileiro, princ&iacute;pios, federalismo brasileiro, organiza&ccedil;&atilde;o pol&iacute;tico administrativo da Uni&atilde;o, Estados, Munic&iacute;pios, Distrito Federal e Territ&oacute;rios.\n<\/p>\n<p style=\"text-align: justify; margin-left: 40px;\">\n\tInterven&ccedil;&atilde;o.\n<\/p>\n<p style=\"text-align: justify; margin-left: 40px;\">\n\tPoder Legislativo: fundamento, atribui&ccedil;&otilde;es e garantias de independ&ecirc;ncia.\n<\/p>\n<p style=\"text-align: justify; margin-left: 40px;\">\n\tProcesso legislativo: fundamento e garantias de independ&ecirc;ncia, conceito, objetos, atos e procedimentos.\n<\/p>\n<p style=\"text-align: justify; margin-left: 40px;\">\n\tPoder Executivo: forma e sistema de governo; chefia de Estado e chefia de governo; atribui&ccedil;&otilde;es e responsabilidades\n<\/p>\n<p style=\"text-align: justify; margin-left: 40px;\">\n\tdo presidente da Rep&uacute;blica.\n<\/p>\n<p style=\"text-align: justify; margin-left: 40px;\">\n\tPoder Judici&aacute;rio: disposi&ccedil;&otilde;es gerais; Supremo Tribunal Federal; Superior Tribunal de Justi&ccedil;a; tribunais regionais\n<\/p>\n<p style=\"text-align: justify; margin-left: 40px;\">\n\tfederais e ju&iacute;zes federais; tribunais e ju&iacute;zes dos estados; fun&ccedil;&otilde;es essenciais &agrave; justi&ccedil;a.\n<\/p>\n<p style=\"text-align: justify; margin-left: 40px;\">\n\tDefesa do Estado e das institui&ccedil;&otilde;es democr&aacute;ticas: seguran&ccedil;a p&uacute;blica; organiza&ccedil;&atilde;o da seguran&ccedil;a p&uacute;blica.\n<\/p>\n<p style=\"text-align: justify; margin-left: 40px;\">\n\tOrdem social: base e objetivos da ordem social; seguridade social; educa&ccedil;&atilde;o, cultura e desporto; ci&ecirc;ncia e tecnologia; comunica&ccedil;&atilde;o social; meio ambiente; fam&iacute;lia, crian&ccedil;a, adolescente e idoso.\n<\/p>\n<p style=\"text-align: justify; margin-left: 40px;\">\n\tDeclara&ccedil;&atilde;o Universal dos Direitos Humanos, proclamada pela Resolu&ccedil;&atilde;o n&ordm; 217&ordf; (III) da Assembleia Geral das Na&ccedil;&otilde;es Unidas, de 10 de dezembro de 1948.\n<\/p>\n<p style=\"text-align: justify; margin-left: 40px;\">\n\tConstitui&ccedil;&atilde;o da Rep&uacute;blica Federativa do Brasil &ndash; 1988. Cap. I &ndash; dos direitos e deveres individuais e coletivos (Art. 5&ordm;).\n<\/p>\n<p style=\"text-align: justify; margin-left: 40px;\">\n\tDireitos Humanos e seus tratados internacionais protetivos e repercuss&atilde;o no Direito brasileiro.\n<\/p>\n<p style=\"text-align: justify; margin-left: 40px;\">\n\tControle de convencionalidade e direitos humanos.\n<\/p>\n<p style=\"text-align: justify;\">\n\t&nbsp;\n<\/p>\n<p style=\"text-align: justify;\">\n\t<strong>Direito Penal<\/strong>\n<\/p>\n<p style=\"text-align: justify; margin-left: 40px;\">\n\tPrinc&iacute;pios do Direito Penal.\n<\/p>\n<p style=\"text-align: justify; margin-left: 40px;\">\n\tTeoria do bem jur&iacute;dico.\n<\/p>\n<p style=\"text-align: justify; margin-left: 40px;\">\n\tTeoria da norma penal.\n<\/p>\n<p style=\"text-align: justify; margin-left: 40px;\">\n\tConcurso aparente de normas.\n<\/p>\n<p style=\"text-align: justify; margin-left: 40px;\">\n\tA lei penal no tempo.\n<\/p>\n<p style=\"text-align: justify; margin-left: 40px;\">\n\tA lei penal no espa&ccedil;o.\n<\/p>\n<p style=\"text-align: justify; margin-left: 40px;\">\n\tEfic&aacute;cia pessoal da lei penal.\n<\/p>\n<p style=\"text-align: justify; margin-left: 40px;\">\n\tInterpreta&ccedil;&atilde;o da lei penal. Infra&ccedil;&atilde;o penal: classifica&ccedil;&atilde;o dos crimes, elementos, esp&eacute;cies, tentativa.\n<\/p>\n<p style=\"text-align: justify; margin-left: 40px;\">\n\tSujeito ativo e sujeito passivo da infra&ccedil;&atilde;o penal.\n<\/p>\n<p style=\"text-align: justify; margin-left: 40px;\">\n\tTipicidade, ilicitude, culpabilidade, punibilidade.\n<\/p>\n<p style=\"text-align: justify; margin-left: 40px;\">\n\tExcludentes de ilicitude e de culpabilidade.\n<\/p>\n<p style=\"text-align: justify; margin-left: 40px;\">\n\tExtin&ccedil;&atilde;o da punibilidade.\n<\/p>\n<p style=\"text-align: justify; margin-left: 40px;\">\n\tErros essenciais e acidentais: erro de tipo, de proibi&ccedil;&atilde;o, de tipo permissivo, de permiss&atilde;o, erro na execu&ccedil;&atilde;o, sobre a\n<\/p>\n<p style=\"text-align: justify; margin-left: 40px;\">\n\tpessoa, sobre o objeto, de subsun&ccedil;&atilde;o, resultado diverso do pretendido.\n<\/p>\n<p style=\"text-align: justify; margin-left: 40px;\">\n\tConcurso de pessoas.\n<\/p>\n<p style=\"text-align: justify; margin-left: 40px;\">\n\tConcurso de crimes.\n<\/p>\n<p style=\"text-align: justify; margin-left: 40px;\">\n\tCrimes contra a pessoa.\n<\/p>\n<p style=\"text-align: justify; margin-left: 40px;\">\n\tCrimes contra o patrim&ocirc;nio.\n<\/p>\n<p style=\"text-align: justify; margin-left: 40px;\">\n\tCrimes contra a propriedade imaterial e contra a organiza&ccedil;&atilde;o do trabalho.\n<\/p>\n<p style=\"text-align: justify; margin-left: 40px;\">\n\tCrimes contra o sentimento religioso.\n<\/p>\n<p style=\"text-align: justify; margin-left: 40px;\">\n\tCrimes contra o respeito aos mortos.\n<\/p>\n<p style=\"text-align: justify; margin-left: 40px;\">\n\tCrimes contra a dignidade sexual.\n<\/p>\n<p style=\"text-align: justify; margin-left: 40px;\">\n\tCrimes contra a fam&iacute;lia.\n<\/p>\n<p style=\"text-align: justify; margin-left: 40px;\">\n\tCrimes contra a incolumidade p&uacute;blica.\n<\/p>\n<p style=\"text-align: justify; margin-left: 40px;\">\n\tCrimes contra a paz p&uacute;blica.\n<\/p>\n<p style=\"text-align: justify; margin-left: 40px;\">\n\tCrimes contra a f&eacute; p&uacute;blica.\n<\/p>\n<p style=\"text-align: justify; margin-left: 40px;\">\n\tCrimes contra a administra&ccedil;&atilde;o p&uacute;blica.\n<\/p>\n<p style=\"text-align: justify; margin-left: 40px;\">\n\tPenas: teoria da pena, pena de multa, fun&ccedil;&otilde;es da pena, penas restritivas de direito, penas privativas de liberdade.\n<\/p>\n<p style=\"text-align: justify;\">\n\t&nbsp;\n<\/p>\n<p style=\"text-align: justify;\">\n\t<strong>Direito Processual Penal<\/strong>\n<\/p>\n<p style=\"text-align: justify; margin-left: 40px;\">\n\tFundamentos do Processo Penal e Criminologia Cr&iacute;tica.\n<\/p>\n<p style=\"text-align: justify; margin-left: 40px;\">\n\tDignidade humana, direitos fundamentais e princ&iacute;pios do processo penal.\n<\/p>\n<p style=\"text-align: justify; margin-left: 40px;\">\n\tAplica&ccedil;&atilde;o da lei processual no espa&ccedil;o, no tempo e imunidades.\n<\/p>\n<p style=\"text-align: justify; margin-left: 40px;\">\n\tInqu&eacute;rito policial; not&iacute;cia criminis.\n<\/p>\n<p style=\"text-align: justify; margin-left: 40px;\">\n\tArquivamento do inqu&eacute;rito policial.\n<\/p>\n<p style=\"text-align: justify; margin-left: 40px;\">\n\tA&ccedil;&atilde;o penal.\n<\/p>\n<p style=\"text-align: justify; margin-left: 40px;\">\n\tJurisdi&ccedil;&atilde;o; compet&ecirc;ncia.\n<\/p>\n<p style=\"text-align: justify; margin-left: 40px;\">\n\tDas Pris&otilde;es e das medidas cautelares diversas.\n<\/p>\n<p style=\"text-align: justify; margin-left: 40px;\">\n\tPrazos.\n<\/p>\n<p style=\"text-align: justify; margin-left: 40px;\">\n\tLiberdade provis&oacute;ria.\n<\/p>\n<p style=\"text-align: justify; margin-left: 40px;\">\n\tQuest&otilde;es e processos incidentes.\n<\/p>\n<p style=\"text-align: justify; margin-left: 40px;\">\n\tRestitui&ccedil;&atilde;o das coisas apreendidas.\n<\/p>\n<p style=\"text-align: justify; margin-left: 40px;\">\n\tMedidas assecurat&oacute;rias.\n<\/p>\n<p style=\"text-align: justify; margin-left: 40px;\">\n\tIncidente de falsidade.\n<\/p>\n<p style=\"text-align: justify; margin-left: 40px;\">\n\tInsanidade mental do acusado.\n<\/p>\n<p style=\"text-align: justify; margin-left: 40px;\">\n\tDas Provas.\n<\/p>\n<p style=\"text-align: justify; margin-left: 40px;\">\n\tCorpo de delito e per&iacute;cias em geral.\n<\/p>\n<p style=\"text-align: justify; margin-left: 40px;\">\n\tInterrogat&oacute;rio do acusado.\n<\/p>\n<p style=\"text-align: justify; margin-left: 40px;\">\n\tConfiss&atilde;o. Ofendido.\n<\/p>\n<p style=\"text-align: justify; margin-left: 40px;\">\n\tTestemunhas.\n<\/p>\n<p style=\"text-align: justify; margin-left: 40px;\">\n\tReconhecimento de coisas e pessoas.\n<\/p>\n<p style=\"text-align: justify; margin-left: 40px;\">\n\tAcarea&ccedil;&atilde;o.\n<\/p>\n<p style=\"text-align: justify; margin-left: 40px;\">\n\tDocumentos e ind&iacute;cios.\n<\/p>\n<p style=\"text-align: justify; margin-left: 40px;\">\n\tBusca e apreens&atilde;o.\n<\/p>\n<p style=\"text-align: justify; margin-left: 40px;\">\n\tInterven&ccedil;&otilde;es corporais.\n<\/p>\n<p style=\"text-align: justify; margin-left: 40px;\">\n\tDo acusado e seu defensor.\n<\/p>\n<p style=\"text-align: justify; margin-left: 40px;\">\n\tProcessos dos crimes de responsabilidade dos funcion&aacute;rios p&uacute;blicos.\n<\/p>\n<p style=\"text-align: justify; margin-left: 40px;\">\n\tProcesso Comum.\n<\/p>\n<p style=\"text-align: justify; margin-left: 40px;\">\n\tDefesa preliminar, recebimento da den&uacute;ncia, cita&ccedil;&atilde;o, intima&ccedil;&atilde;o, carta precat&oacute;ria, senten&ccedil;a.\n<\/p>\n<p style=\"text-align: justify; margin-left: 40px;\">\n\tProcedimento relativo aos processos da compet&ecirc;ncia do Tribunal do J&uacute;ri.\n<\/p>\n<p style=\"text-align: justify; margin-left: 40px;\">\n\tCausas de extin&ccedil;&atilde;o da punibilidade.\n<\/p>\n<p style=\"text-align: justify; margin-left: 40px;\">\n\tHabeas corpus.\n<\/p>\n<p style=\"text-align: justify; margin-left: 40px;\">\n\tJuizados Especiais\n<\/p>\n<p style=\"text-align: justify; margin-left: 40px;\">\n\tCriminais e Lei Maria da Penha.\n<\/p>\n<p style=\"text-align: justify;\">\n\t&nbsp;\n<\/p>\n<p style=\"text-align: justify;\">\n\t<strong>Medicina Legal<\/strong>\n<\/p>\n<p style=\"text-align: justify; margin-left: 40px;\">\n\tConceito e divis&atilde;o da Medicina Legal; Hist&oacute;ria da Medicina Legal; Corpo de delito; Per&iacute;cias e Peritos em Medicina Legal; Documentos M&eacute;dico-Legais; Identidade e Identifica&ccedil;&atilde;o: Conceitos; Identifica&ccedil;&atilde;o Humana e Per&iacute;cias Biom&eacute;tricas.\n<\/p>\n<p style=\"text-align: justify; margin-left: 40px;\">\n\tTraumatologia Forense: Classifica&ccedil;&atilde;o dos agentes lesivos; quantidade e qualidade do dano; Les&otilde;es e morte por armas brancas (instrumentos contundentes, perfurantes, cortantes, p&eacute;rfuro-cortantes, corto-contundentes).\n<\/p>\n<p style=\"text-align: justify; margin-left: 40px;\">\n\tTraumatologia Forense: Les&otilde;es e morte por instrumentos perfuro-contundentes, proj&eacute;teis de arma de fogo comuns e projeteis de arma de fogo de alta energia; les&otilde;es e morte por explosivos.\n<\/p>\n<p style=\"text-align: justify; margin-left: 40px;\">\n\tTraumatologia Forense: Les&otilde;es e morte por a&ccedil;&atilde;o t&eacute;rmica, por baropatias e por a&ccedil;&atilde;o el&eacute;trica.\n<\/p>\n<p style=\"text-align: justify; margin-left: 40px;\">\n\tTanatologia Forense: Conceito e diagn&oacute;stico da morte; Fen&ocirc;menos cadav&eacute;ricos; Cronologia\n<\/p>\n<p style=\"text-align: justify; margin-left: 40px;\">\n\tda morte; Pr&eacute;-mori&ecirc;ncia e comori&ecirc;ncia; Sobreviv&ecirc;ncia; Morte suspeita e Morte s&uacute;bita; Les&otilde;es intravitam e les&otilde;es post mortem.\n<\/p>\n<p style=\"text-align: justify; margin-left: 40px;\">\n\tS&iacute;ndrome de maus tratos &agrave; crian&ccedil;a e ao adolescente (abusos f&iacute;sicos, sexuais e outros).\n<\/p>\n<p style=\"text-align: justify; margin-left: 40px;\">\n\tSexologia Forense: Aspectos m&eacute;dico-legais dos crimes contra a dignidade sexual.\n<\/p>\n<p style=\"text-align: justify; margin-left: 40px;\">\n\tConceito de ato libidinoso; diagn&oacute;stico de conjun&ccedil;&atilde;o carnal e ato libidinoso diverso de conjun&ccedil;&atilde;o carnal; estupro; crimes contra a dignidade sexual.\n<\/p>\n<p style=\"text-align: justify; margin-left: 40px;\">\n\tAsfixiologia Forense: Conceito de asfixias; classifica&ccedil;&atilde;o dos tipos e modalidades: constri&ccedil;&atilde;o do pesco&ccedil;o, sufoca&ccedil;&atilde;o e mudan&ccedil;a do meio ambiente.\n<\/p>\n<p style=\"text-align: justify; margin-left: 40px;\">\n\tEnforcamento, estrangulamento e esganadura.\n<\/p>\n<p style=\"text-align: justify; margin-left: 40px;\">\n\tAspectos m&eacute;dico-legais da gravidez, parto e puerp&eacute;rio.\n<\/p>\n<p style=\"text-align: justify; margin-left: 40px;\">\n\tAborto.\n<\/p>\n<p style=\"text-align: justify; margin-left: 40px;\">\n\tInfantic&iacute;dio.\n<\/p>\n<p style=\"text-align: justify; margin-left: 40px;\">\n\tProvas de vida intra-&uacute;tero, intraparto e extrauterina.\n<\/p>\n<p style=\"text-align: justify; margin-left: 40px;\">\n\tDocim&aacute;sias.\n<\/p>\n<p style=\"text-align: justify; margin-left: 40px;\">\n\tToxicologia Forense: Conceito de c&aacute;ustico e veneno; Principais causas jur&iacute;dicas de envenenamento.\n<\/p>\n<p style=\"text-align: justify; margin-left: 40px;\">\n\tDrogas de uso e abuso.\n<\/p>\n<p style=\"text-align: justify; margin-left: 40px;\">\n\tLimitadores e modificadores da imputabilidade penal e capacidade civil.\n<\/p>\n<p style=\"text-align: justify; margin-left: 40px;\">\n\tDoen&ccedil;a mental, desenvolvimento mental incompleto ou retardado, perturba&ccedil;&atilde;o da sa&uacute;de mental.\n<\/p>\n<p style=\"text-align: justify; margin-left: 40px;\">\n\tAspectos m&eacute;dico-legais das drogadi&ccedil;&otilde;es (toxicomanias) e da embriaguez.\n<\/p>\n<p style=\"text-align: justify; margin-left: 40px;\">\n\tPrincipais drogas il&iacute;citas e substancias de uso e abuso.\n<\/p>\n<p style=\"text-align: justify; margin-left: 40px;\">\n\tAspectos m&eacute;dico-legais do casamento.\n<\/p>\n<p style=\"text-align: justify; margin-left: 40px;\">\n\tParafilias.\n<\/p>\n<p style=\"text-align: justify; margin-left: 40px;\">\n\tExames de locais de morte suspeita: Perinecroscopia: o cad&aacute;ver, manchas suspeitas; identifica&ccedil;&atilde;o de pelos humanos; Tanatologia Forense: inuma&ccedil;&atilde;o e exuma&ccedil;&atilde;o, causa m&eacute;dica e causa jur&iacute;dica da morte.\n<\/p>\n<p style=\"text-align: justify;\">\n\t&nbsp;\n<\/p>\n<p style=\"text-align: justify;\">\n\t<strong>Legisla&ccedil;&atilde;o Penal e Processual Especial<\/strong>\n<\/p>\n<p style=\"text-align: justify; margin-left: 40px;\">\n\tInvestiga&ccedil;&atilde;o criminal conduzida pelo Delegado de Pol&iacute;cia (Lei n&ordm; 12.830\/2013).\n<\/p>\n<p style=\"text-align: justify; margin-left: 40px;\">\n\tLei n&ordm; 11.343\/2006; Lei de Drogas.\n<\/p>\n<p style=\"text-align: justify; margin-left: 40px;\">\n\tIdentifica&ccedil;&atilde;o criminal (Lei n&ordm; 12.037\/2009).\n<\/p>\n<p style=\"text-align: justify; margin-left: 40px;\">\n\tIntercepta&ccedil;&atilde;o Telef&ocirc;nica (Lei n&ordm; 9.296\/1996).\n<\/p>\n<p style=\"text-align: justify; margin-left: 40px;\">\n\tCrime organizado (Lei n&ordm; 12.850\/2013 e suas altera&ccedil;&otilde;es).\n<\/p>\n<p style=\"text-align: justify; margin-left: 40px;\">\n\tProte&ccedil;&atilde;o &agrave; testemunha e dela&ccedil;&atilde;o premiada (Lei n&ordm; 9.807\/99).\n<\/p>\n<p style=\"text-align: justify; margin-left: 40px;\">\n\tO crime de tortura (Lei n&ordm; 9.455\/97).\n<\/p>\n<p style=\"text-align: justify; margin-left: 40px;\">\n\tEstatuto do Desarmamento.\n<\/p>\n<p style=\"text-align: justify; margin-left: 40px;\">\n\tProte&ccedil;&atilde;o de propriedade intelectual de programa de computador (Lei n&ordm; 9.609\/98).\n<\/p>\n<p style=\"text-align: justify; margin-left: 40px;\">\n\tCrimes contra as rela&ccedil;&otilde;es de consumo (Lei n&ordm; 8.078\/90), Crimes contra a ordem tribut&aacute;ria, econ&ocirc;mica e contra as rela&ccedil;&otilde;es de consumo (Lei 8.137\/1990).\n<\/p>\n<p style=\"text-align: justify; margin-left: 40px;\">\n\tDos crimes contra as crian&ccedil;as e os adolescentes (Lei n&ordm; 8.069\/90) (Estatuto da crian&ccedil;a e do adolescente).\n<\/p>\n<p style=\"text-align: justify; margin-left: 40px;\">\n\tDos crimes resultantes de preconceito de ra&ccedil;a ou de cor (Lei n&ordm; 7.716\/89).\n<\/p>\n<p style=\"text-align: justify; margin-left: 40px;\">\n\tJuizados Especiais C&iacute;veis Criminais.\n<\/p>\n<p style=\"text-align: justify; margin-left: 40px;\">\n\tCrimes de pequeno potencial ofensivo.\n<\/p>\n<p style=\"text-align: justify; margin-left: 40px;\">\n\tCompet&ecirc;ncia e rito para julgamento dos crimes de pequeno potencial ofensivo (Lei n&ordm; 9.099\/95).\n<\/p>\n<p style=\"text-align: justify; margin-left: 40px;\">\n\tLavagem ou oculta&ccedil;&atilde;o de bens, direitos e valores (Lei n&ordm; 9.613\/98 e suas altera&ccedil;&otilde;es).\n<\/p>\n<p style=\"text-align: justify; margin-left: 40px;\">\n\tLei de Abuso de Autoridade.\n<\/p>\n<p style=\"text-align: justify; margin-left: 40px;\">\n\tCrimes de tr&acirc;nsito e normas processuais correlatas.\n<\/p>\n<p style=\"text-align: justify; margin-left: 40px;\">\n\t(Lei n&ordm; 9.503\/1997).\n<\/p>\n<p style=\"text-align: justify; margin-left: 40px;\">\n\tViol&ecirc;ncia dom&eacute;stica (Lei n&ordm; 11.340\/2006 e suas altera&ccedil;&otilde;es).\n<\/p>\n<p style=\"text-align: justify; margin-left: 40px;\">\n\tExecu&ccedil;&atilde;o penal.\n<\/p>\n<p style=\"text-align: justify; margin-left: 40px;\">\n\tRegimes de cumprimento de pena.\n<\/p>\n<p style=\"text-align: justify; margin-left: 40px;\">\n\tProgress&atilde;o, regress&atilde;o e incidentes da execu&ccedil;&atilde;o penal.\n<\/p>\n<p style=\"text-align: justify; margin-left: 40px;\">\n\tDireitos e deveres do preso.\n<\/p>\n<p style=\"text-align: justify; margin-left: 40px;\">\n\tRegime disciplinar diferenciado.\n<\/p>\n<p style=\"text-align: justify; margin-left: 40px;\">\n\tCrimes contra o meio ambiente (Lei n&ordm; 9.605\/98).\n<\/p>\n<p style=\"text-align: justify; margin-left: 40px;\">\n\tEstatuto do idoso (Lei n&ordm; 10.741\/2003).\n<\/p>\n<p style=\"text-align: justify; margin-left: 40px;\">\n\tCrimes contra o sistema financeiro nacional.\n<\/p>\n<p style=\"text-align: justify; margin-left: 40px;\">\n\t(Lei n&ordm; 7.492\/86).\n<\/p>\n<p style=\"text-align: justify; margin-left: 40px;\">\n\tSigilo financeiro (Lei Complementar n&ordm; 105\/2001).\n<\/p>\n<p style=\"text-align: justify; margin-left: 40px;\">\n\tApresenta&ccedil;&atilde;o e uso de documento de identifica&ccedil;&atilde;o criminal (Lei n&ordm; 5.553\/68).\n<\/p>\n<p style=\"text-align: justify; margin-left: 40px;\">\n\tConven&ccedil;&atilde;o Americana sobre Direitos Humanos.\n<\/p>\n<p style=\"text-align: justify; margin-left: 40px;\">\n\t&nbsp;Pacto de S&atilde;o Jos&eacute; da Costa Rica.\n<\/p>\n<p style=\"text-align: justify; margin-left: 40px;\">\n\tGarantias Penais e Processuais Penais.\n<\/p>\n<p style=\"text-align: justify; margin-left: 40px;\">\n\tCrimes de responsabilidade de prefeitos e vereadores.\n<\/p>\n<p style=\"text-align: justify; margin-left: 40px;\">\n\t(Decreto-Lei n&ordm; 201\/67).\n<\/p>\n<p style=\"text-align: justify; margin-left: 40px;\">\n\tLei de Licita&ccedil;&otilde;es.\n<\/p>\n<p style=\"text-align: justify; margin-left: 40px;\">\n\tCrimes, processo e procedimento judicial.\n<\/p>\n<p style=\"text-align: justify; margin-left: 40px;\">\n\tCrimes Hediondos (Lei n&ordm; 8.072\/90 e suas altera&ccedil;&otilde;es).\n<\/p>\n<p style=\"text-align: justify; margin-left: 40px;\">\n\tEstatuto do Torcedor (Lei n&ordm; 10.671\/2003).\n<\/p>\n<p style=\"text-align: justify; margin-left: 40px;\">\n\tC&oacute;digo Brasileiro de Telecomunica&ccedil;&otilde;es (Lei n&ordm; 4.117\/1962) e Lei n&ordm; 9.472\/1997.\n<\/p>\n<p style=\"text-align: justify; margin-left: 40px;\">\n\tEstatuto da Pessoa com Defici&ecirc;ncia (Lei n&ordm; 13.146\/2015).\n<\/p>\n<p style=\"text-align: justify; margin-left: 40px;\">\n\tCrimes da Lei de Alimentos (Lei n&ordm; 5.478\/1974).\n<\/p>\n<p style=\"text-align: justify; margin-left: 40px;\">\n\tLei do parcelamento do solo urbano (Lei n&ordm; 6.766\/1979).\n<\/p>\n<p style=\"text-align: justify; margin-left: 40px;\">\n\tSistema de Estoque de combust&iacute;veis (Lei n&ordm; 8.176\/1991).\n<\/p>\n<p style=\"text-align: justify; margin-left: 40px;\">\n\tLei de Propriedade Industrial (Lei n&ordm; 9.279\/1996).\n<\/p>\n<p style=\"text-align: justify; margin-left: 40px;\">\n\tNormas penais da Lei n&ordm; 6.001\/1973 (Estatuto do &Iacute;ndio).\n<\/p>\n<p style=\"text-align: justify;\">\n\t&nbsp;\n<\/p>\n<p>\n\t&nbsp;\n<\/p>\n<p>\n\t&nbsp;<\/p>\n","protected":false},"excerpt":{"rendered":"<p>O edital PC AC 2017 est&aacute; na pra&ccedil;a.&nbsp; O Di&aacute;rio Oficial do Acre, do dia 20\/03\/2017, traz a publica&ccedil;&atilde;o do edital PC AC (Concurso Pol&iacute;cia Civil do Acre). Esse concurso oferece diversas vagas de n&iacute;vel superior para Agente de Pol&iacute;cia, Auxiliar de Necropsia, Delegado de Pol&iacute;cia e Escriv&atilde;o de Pol&iacute;cia da Secretaria de Estado de [&hellip;]<\/p>\n","protected":false},"author":93,"featured_media":0,"comment_status":"open","ping_status":"open","sticky":false,"template":"","format":"standard","meta":{"post_tipo":"article","footnotes":""},"categories":[1],"tags":[],"tax_estado":[],"class_list":["post-67595","post","type-post","status-publish","format-standard","hentry","category-cursos-e-concursos"],"acf":[],"yoast_head":"<!-- This site is optimized with the Yoast SEO Premium plugin v27.2 (Yoast SEO v27.2) - https:\/\/yoast.com\/product\/yoast-seo-premium-wordpress\/ -->\n<title>Edital PC AC: edital na pra\u00e7a. Saiba tudo agora!<\/title>\n<meta name=\"robots\" content=\"index, follow, max-snippet:-1, max-image-preview:large, max-video-preview:-1\" \/>\n<link rel=\"canonical\" href=\"https:\/\/www.estrategiaconcursos.com.br\/blog\/edital-pc-ac-edital-na-praca-saiba-tudo-agora\/\" \/>\n<meta property=\"og:locale\" content=\"pt_BR\" \/>\n<meta property=\"og:type\" content=\"article\" \/>\n<meta property=\"og:title\" content=\"Edital PC AC: edital na pra\u00e7a. Saiba tudo agora!\" \/>\n<meta property=\"og:description\" content=\"O edital PC AC 2017 est&aacute; na pra&ccedil;a.&nbsp; O Di&aacute;rio Oficial do Acre, do dia 20\/03\/2017, traz a publica&ccedil;&atilde;o do edital PC AC (Concurso Pol&iacute;cia Civil do Acre). Esse concurso oferece diversas vagas de n&iacute;vel superior para Agente de Pol&iacute;cia, Auxiliar de Necropsia, Delegado de Pol&iacute;cia e Escriv&atilde;o de Pol&iacute;cia da Secretaria de Estado de [&hellip;]\" \/>\n<meta property=\"og:url\" content=\"https:\/\/www.estrategiaconcursos.com.br\/blog\/edital-pc-ac-edital-na-praca-saiba-tudo-agora\/\" \/>\n<meta property=\"og:site_name\" content=\"Estrat\u00e9gia Concursos\" \/>\n<meta property=\"article:published_time\" content=\"2017-03-26T12:10:46+00:00\" \/>\n<meta property=\"article:modified_time\" content=\"2017-03-26T13:12:30+00:00\" \/>\n<meta property=\"og:image\" content=\"https:\/\/www.estrategiaconcursos.com.br\/blog\/wp-content\/uploads\/2017\/03\/Adinoel-PC-AC-2017-logo.jpg\" \/>\n<meta name=\"author\" content=\"Vinicius Silva\" \/>\n<meta name=\"twitter:card\" content=\"summary_large_image\" \/>\n<meta name=\"twitter:creator\" content=\"@EstratConcursos\" \/>\n<meta name=\"twitter:site\" content=\"@EstratConcursos\" \/>\n<meta name=\"twitter:label1\" content=\"Escrito por\" \/>\n\t<meta name=\"twitter:data1\" content=\"Vinicius Silva\" \/>\n\t<meta name=\"twitter:label2\" content=\"Est. tempo de leitura\" \/>\n\t<meta name=\"twitter:data2\" content=\"38 minutos\" \/>\n<script type=\"application\/ld+json\" class=\"yoast-schema-graph\">{\"@context\":\"https:\/\/schema.org\",\"@graph\":[{\"@type\":\"NewsArticle\",\"@id\":\"https:\/\/www.estrategiaconcursos.com.br\/blog\/edital-pc-ac-edital-na-praca-saiba-tudo-agora\/#article\",\"isPartOf\":{\"@id\":\"https:\/\/www.estrategiaconcursos.com.br\/blog\/edital-pc-ac-edital-na-praca-saiba-tudo-agora\/\"},\"author\":{\"name\":\"Vinicius Silva\",\"@id\":\"https:\/\/www.estrategiaconcursos.com.br\/blog\/#\/schema\/person\/20030622a981f9a942ad6b3561fe4ca4\"},\"headline\":\"Edital PC AC: edital na pra\u00e7a. Saiba tudo agora!\",\"datePublished\":\"2017-03-26T12:10:46+00:00\",\"dateModified\":\"2017-03-26T13:12:30+00:00\",\"mainEntityOfPage\":{\"@id\":\"https:\/\/www.estrategiaconcursos.com.br\/blog\/edital-pc-ac-edital-na-praca-saiba-tudo-agora\/\"},\"wordCount\":7536,\"commentCount\":0,\"publisher\":{\"@id\":\"https:\/\/www.estrategiaconcursos.com.br\/blog\/#organization\"},\"image\":{\"@id\":\"https:\/\/www.estrategiaconcursos.com.br\/blog\/edital-pc-ac-edital-na-praca-saiba-tudo-agora\/#primaryimage\"},\"thumbnailUrl\":\"https:\/\/www.estrategiaconcursos.com.br\/blog\/wp-content\/uploads\/2017\/03\/Adinoel-PC-AC-2017-logo.jpg\",\"articleSection\":[\"Concursos P\u00fablicos\"],\"inLanguage\":\"pt-BR\",\"potentialAction\":[{\"@type\":\"CommentAction\",\"name\":\"Comment\",\"target\":[\"https:\/\/www.estrategiaconcursos.com.br\/blog\/edital-pc-ac-edital-na-praca-saiba-tudo-agora\/#respond\"]}],\"copyrightYear\":\"2017\",\"copyrightHolder\":{\"@id\":\"https:\/\/www.estrategiaconcursos.com.br\/blog\/#organization\"}},{\"@type\":\"WebPage\",\"@id\":\"https:\/\/www.estrategiaconcursos.com.br\/blog\/edital-pc-ac-edital-na-praca-saiba-tudo-agora\/\",\"url\":\"https:\/\/www.estrategiaconcursos.com.br\/blog\/edital-pc-ac-edital-na-praca-saiba-tudo-agora\/\",\"name\":\"Edital PC AC: edital na pra\u00e7a. Saiba tudo agora!\",\"isPartOf\":{\"@id\":\"https:\/\/www.estrategiaconcursos.com.br\/blog\/#website\"},\"primaryImageOfPage\":{\"@id\":\"https:\/\/www.estrategiaconcursos.com.br\/blog\/edital-pc-ac-edital-na-praca-saiba-tudo-agora\/#primaryimage\"},\"image\":{\"@id\":\"https:\/\/www.estrategiaconcursos.com.br\/blog\/edital-pc-ac-edital-na-praca-saiba-tudo-agora\/#primaryimage\"},\"thumbnailUrl\":\"https:\/\/www.estrategiaconcursos.com.br\/blog\/wp-content\/uploads\/2017\/03\/Adinoel-PC-AC-2017-logo.jpg\",\"datePublished\":\"2017-03-26T12:10:46+00:00\",\"dateModified\":\"2017-03-26T13:12:30+00:00\",\"breadcrumb\":{\"@id\":\"https:\/\/www.estrategiaconcursos.com.br\/blog\/edital-pc-ac-edital-na-praca-saiba-tudo-agora\/#breadcrumb\"},\"inLanguage\":\"pt-BR\",\"potentialAction\":[{\"@type\":\"ReadAction\",\"target\":[\"https:\/\/www.estrategiaconcursos.com.br\/blog\/edital-pc-ac-edital-na-praca-saiba-tudo-agora\/\"]}]},{\"@type\":\"ImageObject\",\"inLanguage\":\"pt-BR\",\"@id\":\"https:\/\/www.estrategiaconcursos.com.br\/blog\/edital-pc-ac-edital-na-praca-saiba-tudo-agora\/#primaryimage\",\"url\":\"https:\/\/dhg1h5j42swfq.cloudfront.net\/2017\/03\/20194605\/Adinoel-PC-AC-2017-logo.jpg\",\"contentUrl\":\"https:\/\/dhg1h5j42swfq.cloudfront.net\/2017\/03\/20194605\/Adinoel-PC-AC-2017-logo.jpg\",\"width\":539,\"height\":279},{\"@type\":\"BreadcrumbList\",\"@id\":\"https:\/\/www.estrategiaconcursos.com.br\/blog\/edital-pc-ac-edital-na-praca-saiba-tudo-agora\/#breadcrumb\",\"itemListElement\":[{\"@type\":\"ListItem\",\"position\":1,\"name\":\"In\u00edcio\",\"item\":\"https:\/\/www.estrategiaconcursos.com.br\/blog\/\"},{\"@type\":\"ListItem\",\"position\":2,\"name\":\"Edital PC AC: edital na pra\u00e7a. Saiba tudo agora!\"}]},{\"@type\":\"WebSite\",\"@id\":\"https:\/\/www.estrategiaconcursos.com.br\/blog\/#website\",\"url\":\"https:\/\/www.estrategiaconcursos.com.br\/blog\/\",\"name\":\"Estrat\u00e9gia Concursos\",\"description\":\"O blog da Estrat\u00e9gia Concursos traz not\u00edcias sobre concursos e artigos de professores oferecendo cursos para concursos (pdf + videaulas) no site.\",\"publisher\":{\"@id\":\"https:\/\/www.estrategiaconcursos.com.br\/blog\/#organization\"},\"potentialAction\":[{\"@type\":\"SearchAction\",\"target\":{\"@type\":\"EntryPoint\",\"urlTemplate\":\"https:\/\/www.estrategiaconcursos.com.br\/blog\/?s={search_term_string}\"},\"query-input\":{\"@type\":\"PropertyValueSpecification\",\"valueRequired\":true,\"valueName\":\"search_term_string\"}}],\"inLanguage\":\"pt-BR\"},{\"@type\":\"Organization\",\"@id\":\"https:\/\/www.estrategiaconcursos.com.br\/blog\/#organization\",\"name\":\"Estrat\u00e9gia Concursos\",\"url\":\"https:\/\/www.estrategiaconcursos.com.br\/blog\/\",\"logo\":{\"@type\":\"ImageObject\",\"inLanguage\":\"pt-BR\",\"@id\":\"https:\/\/www.estrategiaconcursos.com.br\/blog\/#\/schema\/logo\/image\/\",\"url\":\"https:\/\/dhg1h5j42swfq.cloudfront.net\/2025\/06\/03203428\/logo_concursos-1.jpg\",\"contentUrl\":\"https:\/\/dhg1h5j42swfq.cloudfront.net\/2025\/06\/03203428\/logo_concursos-1.jpg\",\"width\":230,\"height\":60,\"caption\":\"Estrat\u00e9gia Concursos\"},\"image\":{\"@id\":\"https:\/\/www.estrategiaconcursos.com.br\/blog\/#\/schema\/logo\/image\/\"},\"sameAs\":[\"https:\/\/x.com\/EstratConcursos\"]},{\"@type\":\"Person\",\"@id\":\"https:\/\/www.estrategiaconcursos.com.br\/blog\/#\/schema\/person\/20030622a981f9a942ad6b3561fe4ca4\",\"name\":\"Vinicius Silva\",\"image\":{\"@type\":\"ImageObject\",\"inLanguage\":\"pt-BR\",\"@id\":\"https:\/\/secure.gravatar.com\/avatar\/604d9670a4c7eea71feaa4381f3ae97e148292ac402671c5944aa67a3d127663?s=96&d=mm&r=g\",\"url\":\"https:\/\/secure.gravatar.com\/avatar\/604d9670a4c7eea71feaa4381f3ae97e148292ac402671c5944aa67a3d127663?s=96&d=mm&r=g\",\"contentUrl\":\"https:\/\/secure.gravatar.com\/avatar\/604d9670a4c7eea71feaa4381f3ae97e148292ac402671c5944aa67a3d127663?s=96&d=mm&r=g\",\"caption\":\"Vinicius Silva\"},\"url\":\"https:\/\/www.estrategiaconcursos.com.br\/blog\/author\/viniciussilvaestrategiaconcursos-com-br\/\"}]}<\/script>\n<!-- \/ Yoast SEO Premium plugin. -->","yoast_head_json":{"title":"Edital PC AC: edital na pra\u00e7a. Saiba tudo agora!","robots":{"index":"index","follow":"follow","max-snippet":"max-snippet:-1","max-image-preview":"max-image-preview:large","max-video-preview":"max-video-preview:-1"},"canonical":"https:\/\/www.estrategiaconcursos.com.br\/blog\/edital-pc-ac-edital-na-praca-saiba-tudo-agora\/","og_locale":"pt_BR","og_type":"article","og_title":"Edital PC AC: edital na pra\u00e7a. Saiba tudo agora!","og_description":"O edital PC AC 2017 est&aacute; na pra&ccedil;a.&nbsp; O Di&aacute;rio Oficial do Acre, do dia 20\/03\/2017, traz a publica&ccedil;&atilde;o do edital PC AC (Concurso Pol&iacute;cia Civil do Acre). Esse concurso oferece diversas vagas de n&iacute;vel superior para Agente de Pol&iacute;cia, Auxiliar de Necropsia, Delegado de Pol&iacute;cia e Escriv&atilde;o de Pol&iacute;cia da Secretaria de Estado de [&hellip;]","og_url":"https:\/\/www.estrategiaconcursos.com.br\/blog\/edital-pc-ac-edital-na-praca-saiba-tudo-agora\/","og_site_name":"Estrat\u00e9gia Concursos","article_published_time":"2017-03-26T12:10:46+00:00","article_modified_time":"2017-03-26T13:12:30+00:00","og_image":[{"url":"https:\/\/www.estrategiaconcursos.com.br\/blog\/wp-content\/uploads\/2017\/03\/Adinoel-PC-AC-2017-logo.jpg","type":"","width":"","height":""}],"author":"Vinicius Silva","twitter_card":"summary_large_image","twitter_creator":"@EstratConcursos","twitter_site":"@EstratConcursos","twitter_misc":{"Escrito por":"Vinicius Silva","Est. tempo de leitura":"38 minutos"},"schema":{"@context":"https:\/\/schema.org","@graph":[{"@type":"NewsArticle","@id":"https:\/\/www.estrategiaconcursos.com.br\/blog\/edital-pc-ac-edital-na-praca-saiba-tudo-agora\/#article","isPartOf":{"@id":"https:\/\/www.estrategiaconcursos.com.br\/blog\/edital-pc-ac-edital-na-praca-saiba-tudo-agora\/"},"author":{"name":"Vinicius Silva","@id":"https:\/\/www.estrategiaconcursos.com.br\/blog\/#\/schema\/person\/20030622a981f9a942ad6b3561fe4ca4"},"headline":"Edital PC AC: edital na pra\u00e7a. Saiba tudo agora!","datePublished":"2017-03-26T12:10:46+00:00","dateModified":"2017-03-26T13:12:30+00:00","mainEntityOfPage":{"@id":"https:\/\/www.estrategiaconcursos.com.br\/blog\/edital-pc-ac-edital-na-praca-saiba-tudo-agora\/"},"wordCount":7536,"commentCount":0,"publisher":{"@id":"https:\/\/www.estrategiaconcursos.com.br\/blog\/#organization"},"image":{"@id":"https:\/\/www.estrategiaconcursos.com.br\/blog\/edital-pc-ac-edital-na-praca-saiba-tudo-agora\/#primaryimage"},"thumbnailUrl":"https:\/\/www.estrategiaconcursos.com.br\/blog\/wp-content\/uploads\/2017\/03\/Adinoel-PC-AC-2017-logo.jpg","articleSection":["Concursos P\u00fablicos"],"inLanguage":"pt-BR","potentialAction":[{"@type":"CommentAction","name":"Comment","target":["https:\/\/www.estrategiaconcursos.com.br\/blog\/edital-pc-ac-edital-na-praca-saiba-tudo-agora\/#respond"]}],"copyrightYear":"2017","copyrightHolder":{"@id":"https:\/\/www.estrategiaconcursos.com.br\/blog\/#organization"}},{"@type":"WebPage","@id":"https:\/\/www.estrategiaconcursos.com.br\/blog\/edital-pc-ac-edital-na-praca-saiba-tudo-agora\/","url":"https:\/\/www.estrategiaconcursos.com.br\/blog\/edital-pc-ac-edital-na-praca-saiba-tudo-agora\/","name":"Edital PC AC: edital na pra\u00e7a. Saiba tudo agora!","isPartOf":{"@id":"https:\/\/www.estrategiaconcursos.com.br\/blog\/#website"},"primaryImageOfPage":{"@id":"https:\/\/www.estrategiaconcursos.com.br\/blog\/edital-pc-ac-edital-na-praca-saiba-tudo-agora\/#primaryimage"},"image":{"@id":"https:\/\/www.estrategiaconcursos.com.br\/blog\/edital-pc-ac-edital-na-praca-saiba-tudo-agora\/#primaryimage"},"thumbnailUrl":"https:\/\/www.estrategiaconcursos.com.br\/blog\/wp-content\/uploads\/2017\/03\/Adinoel-PC-AC-2017-logo.jpg","datePublished":"2017-03-26T12:10:46+00:00","dateModified":"2017-03-26T13:12:30+00:00","breadcrumb":{"@id":"https:\/\/www.estrategiaconcursos.com.br\/blog\/edital-pc-ac-edital-na-praca-saiba-tudo-agora\/#breadcrumb"},"inLanguage":"pt-BR","potentialAction":[{"@type":"ReadAction","target":["https:\/\/www.estrategiaconcursos.com.br\/blog\/edital-pc-ac-edital-na-praca-saiba-tudo-agora\/"]}]},{"@type":"ImageObject","inLanguage":"pt-BR","@id":"https:\/\/www.estrategiaconcursos.com.br\/blog\/edital-pc-ac-edital-na-praca-saiba-tudo-agora\/#primaryimage","url":"https:\/\/dhg1h5j42swfq.cloudfront.net\/2017\/03\/20194605\/Adinoel-PC-AC-2017-logo.jpg","contentUrl":"https:\/\/dhg1h5j42swfq.cloudfront.net\/2017\/03\/20194605\/Adinoel-PC-AC-2017-logo.jpg","width":539,"height":279},{"@type":"BreadcrumbList","@id":"https:\/\/www.estrategiaconcursos.com.br\/blog\/edital-pc-ac-edital-na-praca-saiba-tudo-agora\/#breadcrumb","itemListElement":[{"@type":"ListItem","position":1,"name":"In\u00edcio","item":"https:\/\/www.estrategiaconcursos.com.br\/blog\/"},{"@type":"ListItem","position":2,"name":"Edital PC AC: edital na pra\u00e7a. Saiba tudo agora!"}]},{"@type":"WebSite","@id":"https:\/\/www.estrategiaconcursos.com.br\/blog\/#website","url":"https:\/\/www.estrategiaconcursos.com.br\/blog\/","name":"Estrat\u00e9gia Concursos","description":"O blog da Estrat\u00e9gia Concursos traz not\u00edcias sobre concursos e artigos de professores oferecendo cursos para concursos (pdf + videaulas) no site.","publisher":{"@id":"https:\/\/www.estrategiaconcursos.com.br\/blog\/#organization"},"potentialAction":[{"@type":"SearchAction","target":{"@type":"EntryPoint","urlTemplate":"https:\/\/www.estrategiaconcursos.com.br\/blog\/?s={search_term_string}"},"query-input":{"@type":"PropertyValueSpecification","valueRequired":true,"valueName":"search_term_string"}}],"inLanguage":"pt-BR"},{"@type":"Organization","@id":"https:\/\/www.estrategiaconcursos.com.br\/blog\/#organization","name":"Estrat\u00e9gia Concursos","url":"https:\/\/www.estrategiaconcursos.com.br\/blog\/","logo":{"@type":"ImageObject","inLanguage":"pt-BR","@id":"https:\/\/www.estrategiaconcursos.com.br\/blog\/#\/schema\/logo\/image\/","url":"https:\/\/dhg1h5j42swfq.cloudfront.net\/2025\/06\/03203428\/logo_concursos-1.jpg","contentUrl":"https:\/\/dhg1h5j42swfq.cloudfront.net\/2025\/06\/03203428\/logo_concursos-1.jpg","width":230,"height":60,"caption":"Estrat\u00e9gia Concursos"},"image":{"@id":"https:\/\/www.estrategiaconcursos.com.br\/blog\/#\/schema\/logo\/image\/"},"sameAs":["https:\/\/x.com\/EstratConcursos"]},{"@type":"Person","@id":"https:\/\/www.estrategiaconcursos.com.br\/blog\/#\/schema\/person\/20030622a981f9a942ad6b3561fe4ca4","name":"Vinicius Silva","image":{"@type":"ImageObject","inLanguage":"pt-BR","@id":"https:\/\/secure.gravatar.com\/avatar\/604d9670a4c7eea71feaa4381f3ae97e148292ac402671c5944aa67a3d127663?s=96&d=mm&r=g","url":"https:\/\/secure.gravatar.com\/avatar\/604d9670a4c7eea71feaa4381f3ae97e148292ac402671c5944aa67a3d127663?s=96&d=mm&r=g","contentUrl":"https:\/\/secure.gravatar.com\/avatar\/604d9670a4c7eea71feaa4381f3ae97e148292ac402671c5944aa67a3d127663?s=96&d=mm&r=g","caption":"Vinicius Silva"},"url":"https:\/\/www.estrategiaconcursos.com.br\/blog\/author\/viniciussilvaestrategiaconcursos-com-br\/"}]}},"_links":{"self":[{"href":"https:\/\/www.estrategiaconcursos.com.br\/blog\/wp-json\/wp\/v2\/posts\/67595","targetHints":{"allow":["GET"]}}],"collection":[{"href":"https:\/\/www.estrategiaconcursos.com.br\/blog\/wp-json\/wp\/v2\/posts"}],"about":[{"href":"https:\/\/www.estrategiaconcursos.com.br\/blog\/wp-json\/wp\/v2\/types\/post"}],"author":[{"embeddable":true,"href":"https:\/\/www.estrategiaconcursos.com.br\/blog\/wp-json\/wp\/v2\/users\/93"}],"replies":[{"embeddable":true,"href":"https:\/\/www.estrategiaconcursos.com.br\/blog\/wp-json\/wp\/v2\/comments?post=67595"}],"version-history":[{"count":23,"href":"https:\/\/www.estrategiaconcursos.com.br\/blog\/wp-json\/wp\/v2\/posts\/67595\/revisions"}],"predecessor-version":[{"id":67624,"href":"https:\/\/www.estrategiaconcursos.com.br\/blog\/wp-json\/wp\/v2\/posts\/67595\/revisions\/67624"}],"wp:attachment":[{"href":"https:\/\/www.estrategiaconcursos.com.br\/blog\/wp-json\/wp\/v2\/media?parent=67595"}],"wp:term":[{"taxonomy":"category","embeddable":true,"href":"https:\/\/www.estrategiaconcursos.com.br\/blog\/wp-json\/wp\/v2\/categories?post=67595"},{"taxonomy":"post_tag","embeddable":true,"href":"https:\/\/www.estrategiaconcursos.com.br\/blog\/wp-json\/wp\/v2\/tags?post=67595"},{"taxonomy":"tax_estado","embeddable":true,"href":"https:\/\/www.estrategiaconcursos.com.br\/blog\/wp-json\/wp\/v2\/tax_estado?post=67595"}],"curies":[{"name":"wp","href":"https:\/\/api.w.org\/{rel}","templated":true}]}}