{"id":675864,"date":"2021-02-21T21:00:00","date_gmt":"2021-02-22T00:00:00","guid":{"rendered":"https:\/\/www.estrategiaconcursos.com.br\/blog\/?p=675864"},"modified":"2023-11-09T16:44:38","modified_gmt":"2023-11-09T19:44:38","slug":"gabarito-extraoficial-tcdf-auditor-de-controle-externo","status":"publish","type":"post","link":"https:\/\/www.estrategiaconcursos.com.br\/blog\/gabarito-extraoficial-tcdf-auditor-de-controle-externo\/","title":{"rendered":"Gabarito TCDF: Confira a CORRE\u00c7\u00c3O DA PROVA de ACE!"},"content":{"rendered":"\n<p><strong>Neste domingo, 21 de fevereiro<\/strong>, foram aplicadas as provas objetivas e discursivas do concurso p\u00fablico do Tribunal de Contas do Distrito Federal (TCDF) para Auditor de Controle Externo. Aguardadas desde maio do ano passado, as avalia\u00e7\u00f5es ocorreram da seguinte maneira:<\/p>\n\n\n\n<ol class=\"wp-block-list\"><li><strong>Provas objetivas<\/strong>: dura\u00e7\u00e3o de 4 horas, in\u00edcio \u00e0s 8 horas;<\/li><li><strong>Prova discursiva<\/strong>: dura\u00e7\u00e3o de 4 horas, in\u00edcio \u00e0s 15 horas.<\/li><\/ol>\n\n\n\n<p>Voc\u00eas sabem que n\u00f3s, do Estrat\u00e9gia Concursos, a todo o instante queremos estar perto de nossos alunos e daqueles que s\u00e3o amigos da Coruja. E nesse momento p\u00f3s-prova n\u00e3o seria diferente!<\/p>\n\n\n\n<p>Portanto, a fim de ajudar a diminuir um pouco a ansiedade de descobrir se foi bem ou n\u00e3o em um concurso t\u00e3o visado e importante como esse, <strong>realizamos a corre\u00e7\u00e3o do<\/strong>&nbsp;<strong>gabarito extraoficial da prova do TCDF<\/strong>.<\/p>\n\n\n\n<p>Confira, antecipadamente, seu desempenho e ainda receba dicas de recursos (se houver necessidade, claro!). Lembrando que o gabarito oficial preliminar ser\u00e1 publicado pelo Cebraspe na pr\u00f3xima ter\u00e7a-feira, 23.<\/p>\n\n\n\n<h2 class=\"wp-block-heading\" id=\"h-participe-do-ranking-tcdf-auditor-de-controle-externo\">Participe do Ranking TCDF &#8211; Auditor de Controle Externo<\/h2>\n\n\n\n<p class=\"has-text-align-center has-background has-medium-font-size\" style=\"background-color:#eeeeee\"><strong><a href=\"https:\/\/forms.gle\/6YScF1RWbLZ4gCUg8\" target=\"_blank\" rel=\"noreferrer noopener\">Preencha o gabarito eletr\u00f4nico<\/a><\/strong><\/p>\n\n\n\n<p class=\"has-text-align-center has-background has-medium-font-size\" style=\"background-color:#eeeeee\"><strong><a href=\"https:\/\/docs.google.com\/spreadsheets\/d\/1h9KRwUMGh-6_pq2OF5jXlU97nzJ2P1vDja5zNWIpJpc\/edit?usp=sharing\" target=\"_blank\" rel=\"noreferrer noopener\">Ranking TCDF &#8211; Auditor de Controle Externo<\/a><\/strong><\/p>\n\n\n\n<h2 class=\"wp-block-heading\" id=\"h-correcao-e-gabarito-extraoficial-tcdf-auditor-de-controle-externo\">Corre\u00e7\u00e3o e Gabarito Extraoficial TCDF &#8211; Auditor de Controle Externo<\/h2>\n\n\n\n<h3 class=\"wp-block-heading\" id=\"h-gabarito-extraoficial-tcdf-auditor-de-controle-externo\">Gabarito extraoficial: TCDF &#8211; Auditor de Controle Externo<\/h3>\n\n\n\n<p>Abaixo, voc\u00ea confere os gabaritos das quest\u00f5es corrigidas pelos nossos professores. <\/p>\n\n\n\n<p><strong>Quest\u00e3o 1:&nbsp;<\/strong>Depreende-se do texto que fatores como idade e g\u00eanero&#8230;<br \/><strong><em>Resposta: <\/em><\/strong>ERRADO<\/p>\n\n\n\n<p><strong>Quest\u00e3o 2:&nbsp;<\/strong>De acordo com o texto, os meios de transporte&#8230;<br \/><strong><em>Resposta:<\/em><\/strong> CERTO <\/p>\n\n\n\n<p><strong>Quest\u00e3o 3:&nbsp;<\/strong>Infere-se dos dois \u00faltimos par\u00e1grafos do texto&#8230;<br \/><strong><em>Resposta:<\/em><\/strong> CERTO <\/p>\n\n\n\n<p><strong>Quest\u00e3o 4:&nbsp;<\/strong>Sendo uma reportagem de divulga\u00e7\u00e3o cient\u00edfica&#8230;<br \/><strong><em>Resposta:<\/em><\/strong> ERRADO<\/p>\n\n\n\n<p><strong>Quest\u00e3o 5:&nbsp;<\/strong>No \u00faltimo per\u00edodo do texto, a express\u00e3o &#8220;o jeito \u00e9 aprender na marra&#8221;&#8230;<br \/><strong><em>Resposta:<\/em><\/strong> CERTO <\/p>\n\n\n\n<p><strong>Quest\u00e3o 6:&nbsp;<\/strong>O pronome &#8220;Eles&#8221; retoma &#8220;estudiosos&#8221;.<br \/><strong><em>Resposta:<\/em><\/strong> ERRADO<\/p>\n\n\n\n<p><strong>Quest\u00e3o 7:&nbsp;<\/strong>A express\u00e3o &#8220;esse efeito&#8221; faz refer\u00eancia \u00e0 rela\u00e7\u00e3o&#8230;<br \/><strong><em>Resposta:<\/em><\/strong> CERTO <\/p>\n\n\n\n<p><strong>Quest\u00e3o 8:&nbsp;<\/strong>No texto, o sentido de &#8220;teorizar&#8221; \u00e9 equivalente&#8230;<br \/><strong><em>Resposta:<\/em><\/strong> CERTO <\/p>\n\n\n\n<p><strong>Quest\u00e3o 9:&nbsp;<\/strong>Segundo o texto, os padr\u00f5es de consumo promovidos pelas aglomera\u00e7\u00f5es&#8230;<br \/><strong><em>Resposta:<\/em><\/strong> ERRADO<\/p>\n\n\n\n<p><strong>Quest\u00e3o 10:&nbsp;<\/strong>De acordo com o texto, h\u00e1 uma tend\u00eancia&#8230;<br \/><strong><em>Resposta:<\/em><\/strong> CERTO <\/p>\n\n\n\n<p><strong>Quest\u00e3o 11:<\/strong> Depreende-se do texto que planejamento das cidades&#8230;<br \/><strong><em>Resposta:<\/em><\/strong> ERRADO<\/p>\n\n\n\n<p><strong>Quest\u00e3o 12:&nbsp;<\/strong>O emprego de v\u00edrgulas para isolar o trecho &#8220;enquanto aglomera\u00e7\u00f5es urbanas&#8221;&#8230;<br \/><strong><em>Resposta:<\/em><\/strong> CERTO <\/p>\n\n\n\n<p><strong>Quest\u00e3o 13:&nbsp;<\/strong>A forma verbal &#8220;v\u00eam&#8221; \u00e9 acentuada devido&#8230;<br \/><strong><em>Resposta:<\/em><\/strong> CERTO <\/p>\n\n\n\n<p><strong>Quest\u00e3o 14:&nbsp;<\/strong>Sem preju\u00edzo da corre\u00e7\u00e3o gramatical e da coer\u00eancia&#8230;<br \/><strong><em>Resposta:<\/em><\/strong> ERRADO<\/p>\n\n\n\n<p><strong>Quest\u00e3o 15:&nbsp;<\/strong>A corre\u00e7\u00e3o gramatical do texto seria mantida caso&#8230;<br \/><strong><em>Resposta:<\/em><\/strong> ERRADO<\/p>\n\n\n\n<p><strong>Quest\u00e3o 16:&nbsp;<\/strong>A ocupa\u00e7\u00e3o das \u00e1reas vizinhas \u00e0 nova capital, inaugurada em 1960&#8230;<br \/><strong><em>Resposta:<\/em><\/strong> ERRADO<\/p>\n\n\n\n<p><strong>Quest\u00e3o 17:&nbsp;<\/strong>A ideia de transfer\u00eancia da capital brasileira para o interior&#8230;<br \/><strong><em>Resposta:<\/em><\/strong> CERTO <\/p>\n\n\n\n<p><strong>Quest\u00e3o 18:&nbsp;<\/strong>As sedes de antigas fazendas e os setores tradicionais&#8230;<br \/><strong><em>Resposta:<\/em><\/strong> CERTO <\/p>\n\n\n\n<p><strong>Quest\u00e3o 19:&nbsp;<\/strong>Os congestionamentos, as defici\u00eancias do transporte p\u00fablicos&#8230;<br \/><strong><em>Resposta:<\/em><\/strong> CERTO <\/p>\n\n\n\n<p><strong>Quest\u00e3o 20:&nbsp;<\/strong>Conselheiro do Tribunal de Contas do Distrito Federal que praticar crime&#8230;<br \/><strong><em>Resposta:<\/em><\/strong> CERTO <\/p>\n\n\n\n<p><strong>Quest\u00e3o 21:&nbsp;<\/strong>A remunera\u00e7\u00e3o do auditor de controle externo do Tribunal&#8230;<br \/><strong><em>Resposta:<\/em><\/strong> ERRADO<\/p>\n\n\n\n<p><strong>Quest\u00e3o 22:&nbsp;<\/strong>O turismo \u00e9 fator que possibilita o desenvolvimento socioecon\u00f4mico&#8230;<br \/><strong><em>Resposta:<\/em><\/strong> CERTO <\/p>\n\n\n\n<p><strong>Quest\u00e3o 23:&nbsp;<\/strong>Se o governo do Distrito Federal pretender majorar tributo de sua compet\u00eancia&#8230;<br \/><strong><em>Resposta:<\/em><\/strong> ERRADO<\/p>\n\n\n\n<p><strong>Quest\u00e3o 24:&nbsp;<\/strong>Dado o princ\u00edpio da confian\u00e7a, caso verificada leg\u00edtima expectativa&#8230;<br \/><strong><em>Resposta:<\/em><\/strong> CERTO <\/p>\n\n\n\n<p><strong>Quest\u00e3o 25:&nbsp;<\/strong>Segundo entendimento do STJ, o ato de instaura\u00e7\u00e3o v\u00e1lido do processo administrativo&#8230;<br \/><strong><em>Resposta:<\/em><\/strong> ERRADO<\/p>\n\n\n\n<p><strong>Quest\u00e3o 26:&nbsp;<\/strong>O ato regulamentar poder\u00e1 impor obriga\u00e7\u00f5es e direitos&#8230;<br \/><strong><em>Resposta:<\/em><\/strong> ERRADO<\/p>\n\n\n\n<p><strong>Quest\u00e3o 27:&nbsp;<\/strong>Por meio da licen\u00e7a, ato unilateral e vinculado, a administra\u00e7\u00e3o&#8230;<br \/><strong><em>Resposta:<\/em><\/strong> CERTO <\/p>\n\n\n\n<p><strong>Quest\u00e3o 28:&nbsp;<\/strong>Pessoa f\u00edsica que elabore projeto b\u00e1sico ou executivo para licita\u00e7\u00e3o&#8230;<br \/><strong><em>Resposta:<\/em><\/strong> ERRADO<\/p>\n\n\n\n<p><strong>Quest\u00e3o 29:&nbsp;<\/strong>Em um contrato de concess\u00e3o p\u00fablico, o poder concedente&#8230;<br \/><strong><em>Resposta:<\/em><\/strong> CERTO <\/p>\n\n\n\n<p><strong>Quest\u00e3o 30:&nbsp;<\/strong>\u00d3rg\u00e3o p\u00fablico transferiu recurso p\u00fablico para entidade privada&#8230;<br \/><strong><em>Resposta:<\/em><\/strong> ERRADO<\/p>\n\n\n\n<p><strong>Quest\u00e3o 31:&nbsp;<\/strong>Jovem de quinze anos de idade que apresente ao TCDF pedido de acesso a informa\u00e7\u00e3o&#8230;<br \/><strong><em>Resposta:<\/em><\/strong> CERTO <\/p>\n\n\n\n<p><strong>Quest\u00e3o 32:&nbsp;<\/strong>\u00c9 constitucional tribunal de contas determinar, nos processos de sua compet\u00eancia, a quebra&#8230;<br \/><strong><em>Resposta:<\/em><\/strong> ERRADO<\/p>\n\n\n\n<p><strong>Quest\u00e3o 33:&nbsp;<\/strong>O Distrito Federal, regido por lei org\u00e2nica aprovada pela C\u00e2mara Legislativa&#8230;<br \/><strong><em>Resposta:<\/em><\/strong> CERTO <\/p>\n\n\n\n<p><strong>Quest\u00e3o 34:&nbsp;<\/strong>Consoante dispositivo constitucional, compete ao STF o processamento&#8230;<br \/><strong><em>Resposta:<\/em><\/strong> ERRADO<\/p>\n\n\n\n<p><strong>Quest\u00e3o 35:&nbsp;<\/strong>\u00c9 inconstitucional regulamenta\u00e7\u00e3o de regime jur\u00eddico de servidores&#8230;<br \/><strong><em>Resposta:<\/em><\/strong> CERTO <\/p>\n\n\n\n<p><strong>Quest\u00e3o 36:&nbsp;<\/strong>O Minist\u00e9rio P\u00fablico de Contas da Uni\u00e3o \u00e9 o \u00f3rg\u00e3o integrante do Minist\u00e9rio P\u00fablico da Uni\u00e3o&#8230;<br \/><strong><em>Resposta:<\/em><\/strong> ERRADO<\/p>\n\n\n\n<p><strong>Quest\u00e3o 37:&nbsp;<\/strong>Partido pol\u00edtico que tomar conhecimento de irregularidade ou ilegalidade&#8230;<br \/><strong><em>Resposta:<\/em><\/strong> CERTO <\/p>\n\n\n\n<p><strong>Quest\u00e3o 38:&nbsp;<\/strong>Comiss\u00e3o parlamentar de inqu\u00e9rito que concluir pela exist\u00eancia de indicio de crime&#8230;<br \/><strong><em>Resposta:<\/em><\/strong> ERRADO<\/p>\n\n\n\n<p><strong>Quest\u00e3o 39:&nbsp;<\/strong>Membro de tribunal de contas estadual que, no exerc\u00edcio da sua fun\u00e7\u00e3o, cometer ato&#8230;<br \/><strong><em>Resposta:<\/em><\/strong> CERTO <\/p>\n\n\n\n<p><strong>Quest\u00e3o 40:&nbsp;<\/strong>De acordo com o C\u00f3digo Civil, a emancipa\u00e7\u00e3o volunt\u00e1ria do menor, por concess\u00e3o de ambos os pais, ser\u00e1 feita&#8230;<br \/><strong><em>Resposta:<\/em><\/strong> CERTO <\/p>\n\n\n\n<p><strong>Quest\u00e3o 41:&nbsp;<\/strong>A altera\u00e7\u00e3o da finalidade originalmente prevista no contrato social de sociedade&#8230;<br \/><strong><em>Resposta:<\/em><\/strong> ERRADO<\/p>\n\n\n\n<p><strong>Quest\u00e3o 42:&nbsp;<\/strong>A caracteriza\u00e7\u00e3o de il\u00edcito civil decorrente da exposi\u00e7\u00e3o n\u00e3o autorizada do nome&#8230;<br \/><strong><em>Resposta:<\/em><\/strong> CERTO <\/p>\n\n\n\n<p><strong>Quest\u00e3o 43:&nbsp;<\/strong>Nos contratos internacionais, a obriga\u00e7\u00e3o decorrente do contrato \u00e9 considerada como constitu\u00edda&#8230;<br \/><strong><em>Resposta:<\/em><\/strong> ERRADO<\/p>\n\n\n\n<p><strong>Quest\u00e3o 44:&nbsp;<\/strong>Nas declara\u00e7\u00f5es de vontade, importa mais a vontade real do que a declarada&#8230;<br \/><strong><em>Resposta:<\/em><\/strong> ERRADO<\/p>\n\n\n\n<p><strong>Quest\u00e3o 45:&nbsp;<\/strong>A pretens\u00e3o deduzida em a\u00e7\u00e3o baseada na garantia da evic\u00e7\u00e3o decorrente de inadimplemento&#8230;<br \/><strong><em>Resposta:<\/em><\/strong> ERRADO<\/p>\n\n\n\n<p><strong>Quest\u00e3o 46:&nbsp;<\/strong>O engano do declarante quanto ao objeto do neg\u00f3cio jur\u00eddico&#8230;<br \/><strong><em>Resposta:<\/em><\/strong> CERTO <\/p>\n\n\n\n<p><strong>Quest\u00e3o 47:&nbsp;<\/strong>Considere que Pedro tenha sido designado mandat\u00e1rio em um contrato&#8230;<br \/><strong><em>Resposta:<\/em><\/strong> CERTO <\/p>\n\n\n\n<p><strong>Quest\u00e3o 48:&nbsp;<\/strong>O C\u00f3digo de Processo Civil dispensa a oportunidade de manifesta\u00e7\u00e3o pr\u00e9via das partes caso o juiz&#8230;<br \/><strong><em>Resposta:<\/em><\/strong> ERRADO<\/p>\n\n\n\n<p><strong>Quest\u00e3o 49:&nbsp;<\/strong>De acordo com o princ\u00edpio do juiz natural, o magistrado que presidir a instru\u00e7\u00e3o&#8230;<br \/><strong><em>Resposta:<\/em><\/strong> ERRADO<\/p>\n\n\n\n<p><strong>Quest\u00e3o 50:&nbsp;<\/strong>Em primeiro grau, o m\u00e9rito do processo civil pode ser examinado&#8230;<br \/><strong><em>Resposta:<\/em><\/strong> CERTO <\/p>\n\n\n\n<p><strong>Quest\u00e3o 51:&nbsp;<\/strong>De acordo com o STF, \u00e9 l\u00edcito ao Poder Judici\u00e1rio, em situa\u00e7\u00e3o excepcionais, determinar que a administra\u00e7\u00e3o&#8230;<br \/><strong><em>Resposta:<\/em><\/strong> CERTO <\/p>\n\n\n\n<p><strong>Quest\u00e3o 52:&nbsp;<\/strong>Depois de prestadas as informa\u00e7\u00f5es e emitido parecer pelo Minist\u00e9rio P\u00fablico, a desist\u00eancia do mandado&#8230;<br \/><strong><em>Resposta:<\/em><\/strong> ERRADO<\/p>\n\n\n\n<p><strong>Quest\u00e3o 53:&nbsp;<\/strong>Pode o STJ, em a\u00e7\u00e3o popular, declarar incidentalmente a inconstitucionalidade da norma atacada&#8230;<br \/><strong><em>Resposta:<\/em><\/strong> CERTO <\/p>\n\n\n\n<p><strong>Quest\u00e3o 54:&nbsp;<\/strong>Para a <em>abolitio criminis<\/em>, n\u00e3o basta a revoga\u00e7\u00e3o formal da lei penal anterior&#8230;<br \/><strong><em>Resposta:<\/em><\/strong> CERTO <\/p>\n\n\n\n<p><strong>Quest\u00e3o 55:&nbsp;<\/strong>Incidindo o agente em erro sobre a proibi\u00e7\u00e3o de sua conduta pelo ordenamento jur\u00eddico&#8230;<br \/><strong><em>Resposta:<\/em><\/strong> ERRADO<\/p>\n\n\n\n<p><strong>Quest\u00e3o 56:&nbsp;<\/strong>Segundo a classifica\u00e7\u00e3o doutrin\u00e1ria dominante, os ofend\u00edculos, desde que instalados com modera\u00e7\u00e3o&#8230;<br \/><strong><em>Resposta:<\/em><\/strong> CERTO <\/p>\n\n\n\n<p><strong>Quest\u00e3o 57:&nbsp;<\/strong>Governador de estado que exige acesso direto a conte\u00fado de inqu\u00e9ritos policiais sigilosos&#8230;<br \/><strong><em>Resposta:<\/em><\/strong> ERRADO <\/p>\n\n\n\n<p><strong>Quest\u00e3o 58:&nbsp;<\/strong>Agente p\u00fablico que assina, em nome de subordinado, documento publicado&#8230;<br \/><strong><em>Resposta:<\/em><\/strong> ERRADO<\/p>\n\n\n\n<p><strong>Quest\u00e3o 59:&nbsp;<\/strong>Agente p\u00fablico que deixa de observar formalidades pertinentes a inexigibilidade&#8230;<br \/><strong><em>Resposta:<\/em><\/strong> ERRADO <\/p>\n\n\n\n<p><strong>Quest\u00e3o 60:&nbsp;<\/strong>No plano amostral em quest\u00e3o, as vari\u00e1veis aleat\u00f3rias&#8230;<br \/><strong><em>Resposta:<\/em><\/strong> CERTO <\/p>\n\n\n\n<p><strong>Quest\u00e3o 61:&nbsp;<\/strong>A vari\u00e2ncia do estimador&#8230;<br \/><strong><em>Resposta:<\/em><\/strong> ERRADO<\/p>\n\n\n\n<p><strong>Quest\u00e3o 62:&nbsp;<\/strong>Se, no plano amostral em apre\u00e7o&#8230;<br \/><strong><em>Resposta:<\/em><\/strong> ERRADO<\/p>\n\n\n\n<p><strong>Quest\u00e3o 63:&nbsp;<\/strong>A nega\u00e7\u00e3o da proposi\u00e7\u00e3o Q pode ser corretamente expressa&#8230;<br \/><strong><em>Resposta:<\/em><\/strong> CERTO <\/p>\n\n\n\n<p><strong>Quest\u00e3o 64:&nbsp;<\/strong>A nega\u00e7\u00e3o da proposi\u00e7\u00e3o P pode ser corretamente expressa por&#8230;<br \/><strong><em>Resposta:<\/em><\/strong> ERRADO<\/p>\n\n\n\n<p><strong>Quest\u00e3o 65:&nbsp;<\/strong>Embora tenham naturezas distintas quanto \u00e0 composi\u00e7\u00e3o, uma vez que P \u00e9 uma proposi\u00e7\u00e3o simples&#8230;<br \/><strong><em>Resposta:<\/em><\/strong> ERRADO<\/p>\n\n\n\n<p><strong>Quest\u00e3o 66:&nbsp;<\/strong>Considere que o sindicato dos professores de determinado munic\u00edpio tenha tomado conhecimento&#8230;<br \/><strong><em>Resposta:<\/em><\/strong> CERTO <\/p>\n\n\n\n<p><strong>Quest\u00e3o 67:&nbsp;<\/strong>Comiss\u00e3o t\u00e9cnica do Tribunal de Contas da Uni\u00e3o n\u00e3o pode realizar auditoria de natureza cont\u00e1bil&#8230;<br \/><strong><em>Resposta:<\/em><\/strong> ERRADO<\/p>\n\n\n\n<p><strong>Quest\u00e3o 68:&nbsp;<\/strong>Considere que, durante a aprecia\u00e7\u00e3o dos atos de admiss\u00e3o de pessoal de uma entidade p\u00fablica, o tribunal de contas&#8230;<br \/><strong><em>Resposta:<\/em><\/strong> ERRADO<\/p>\n\n\n\n<p><strong>Quest\u00e3o 69:&nbsp;<\/strong>Considere que um cidad\u00e3o de 33 anos de idade, brasileiro, advogado, com mais de doze anos de efetiva atividade&#8230;<br \/><strong><em>Resposta:<\/em><\/strong> ERRADO<\/p>\n\n\n\n<p><strong>Quest\u00e3o 70:&nbsp;<\/strong>Compete ao TCDF avaliar a execu\u00e7\u00e3o das metas previstas no plano plurianual, nas diretrizes&#8230;<br \/><strong><em>Resposta:<\/em><\/strong> CERTO <\/p>\n\n\n\n<p><strong>Quest\u00e3o 71:&nbsp;<\/strong>O monitoramento dos cumprimentos das delibera\u00e7\u00f5es do TCDF deve obedecer ao plano de fiscaliza\u00e7\u00e3o&#8230;<br \/><strong><em>Resposta:<\/em><\/strong> CERTO <\/p>\n\n\n\n<p><strong>Quest\u00e3o 72:&nbsp;<\/strong>As contas ser\u00e3o julgadas regulares quando expressarem, de forma clara e objetiva, entre outros&#8230;<br \/><strong><em>Resposta:<\/em><\/strong> CERTO <\/p>\n\n\n\n<p><strong>Quest\u00e3o 73:&nbsp;<\/strong>As representa\u00e7\u00f5es recebidas pelo TCDF restringem-se \u00e0s ilegalidades e irregularidades&#8230;<br \/><strong><em>Resposta:<\/em><\/strong> ERRADO<\/p>\n\n\n\n<p><strong>Quest\u00e3o 74:<\/strong> O TCDF, quando acionado judicialmente, \u00e9 representado em ju\u00edzo pelo procurador geral do Distrito Federal&#8230;<br \/><strong><em>Resposta:<\/em><\/strong> ERRADO<\/p>\n\n\n\n<p><strong>Quest\u00e3o 75:&nbsp;<\/strong>Em uma tomada de presta\u00e7\u00e3o de contas, caso constate conta em que haja falta&#8230;<br \/><strong><em>Resposta:<\/em><\/strong> ERRADO<\/p>\n\n\n\n<p><strong>Quest\u00e3o 76:&nbsp;<\/strong>Em um processo em tr\u00e2mite no TCDF, se uma das partes interpuser embargos de declara\u00e7\u00e3o&#8230;<br \/><strong><em>Resposta:<\/em><\/strong> ERRADO<\/p>\n\n\n\n<p><strong>Quest\u00e3o 77:&nbsp;<\/strong>Os conselheiros do TCDF s\u00e3o escolhidos ou aprovados pela C\u00e2mara&#8230;<br \/><strong><em>Resposta:<\/em><\/strong> CERTO <\/p>\n\n\n\n<p><strong>Quest\u00e3o 78:&nbsp;<\/strong>\u00c9 vedado aos auditores do TCDF o exerc\u00edcio de fun\u00e7\u00f5es ou comiss\u00f5es&#8230;<br \/><strong><em>Resposta:<\/em><\/strong> CERTO <\/p>\n\n\n\n<p><strong>Quest\u00e3o 79:&nbsp;<\/strong>Os testes de observ\u00e2ncia visam \u00e0 obten\u00e7\u00e3o de evid\u00eancia quanto \u00e0 sufici\u00eancia&#8230;<br \/><strong><em>Resposta:<\/em><\/strong> ERRADO<\/p>\n\n\n\n<p><strong>Quest\u00e3o 80:&nbsp;<\/strong>Faz parte da t\u00e9cnica da auditoria o cotejamento de informa\u00e7\u00f5es&#8230;<br \/><strong><em>Resposta:<\/em><\/strong> CERTO <\/p>\n\n\n\n<p><strong>Quest\u00e3o 81:&nbsp;<\/strong>N\u00e3o cabe \u00e0 auditoria interna avaliar&#8230;<br \/><strong><em>Resposta:<\/em><\/strong> ERRADO<\/p>\n\n\n\n<p><strong>Quest\u00e3o 82:&nbsp;<\/strong>A fiscaliza\u00e7\u00e3o \u00e9 uma t\u00e9cnica de controle mais simples do que a auditoria&#8230;<br \/><strong><em>Resposta:<\/em><\/strong> CERTO <\/p>\n\n\n\n<p><strong>Quest\u00e3o 83:&nbsp;<\/strong>Publicado em 2004, o COSO II substitui o COSO I como guia&#8230;<br \/><strong><em>Resposta:<\/em><\/strong>  ERRADO<\/p>\n\n\n\n<p><strong>Quest\u00e3o 84:&nbsp;<\/strong>A atua\u00e7\u00e3o da auditoria no ambiente de controle e gest\u00e3o&#8230;<br \/><strong><em>Resposta:<\/em><\/strong> ERRADO<\/p>\n\n\n\n<p><strong>Quest\u00e3o 85:&nbsp;<\/strong>Nas auditorias financeiras, \u00e9 o auditor quem mensura e avalia&#8230;<br \/><strong><em>Resposta:<\/em><\/strong> ERRADO<\/p>\n\n\n\n<p><strong>Quest\u00e3o 86:&nbsp;<\/strong>Para conferir objetividade aos trabalhos de auditoria&#8230;<br \/><strong><em>Resposta:<\/em><\/strong> ERRADO<\/p>\n\n\n\n<p><strong>Quest\u00e3o 87:&nbsp;<\/strong>Os princ\u00edpios fundamentais da auditoria no n\u00edvel 3 foram&#8230;<br \/><strong><em>Resposta:<\/em><\/strong> CERTO <\/p>\n\n\n\n<p><strong>Quest\u00e3o 88:&nbsp;<\/strong>Carlos, chefe de auditoria interna de \u00f3rg\u00e3o p\u00fablico, visando ao saneamento&#8230;<br \/><strong><em>Resposta:<\/em><\/strong> CERTO <\/p>\n\n\n\n<p><strong>Quest\u00e3o 89:&nbsp;<\/strong>Pedro, auditor governamental, ao elaborar a Matriz de Planejamento, debru\u00e7ou-se sobre algumas&#8230;<br \/><strong><em>Resposta:<\/em><\/strong> ERRADO<\/p>\n\n\n\n<p><strong>Quest\u00e3o 90:<\/strong> Raul, analista de controle externo de tribunal de contas, ao auditor determinada entidade governamental&#8230;<br \/><strong><em>Resposta:<\/em><\/strong> CERTO <\/p>\n\n\n\n<p><strong>Quest\u00e3o 91:&nbsp;<\/strong>Os testes de observ\u00e2ncia dividem-se em testes de transa\u00e7\u00f5es&#8230;<br \/><strong><em>Resposta:<\/em><\/strong> ERRADO<\/p>\n\n\n\n<p><strong>Quest\u00e3o 92:&nbsp;<\/strong>Concilia\u00e7\u00e3o \u00e9 o conjunto de procedimentos t\u00e9cnicos utilizados para comprar uma amostra&#8230;<br \/><strong><em>Resposta:<\/em><\/strong> ERRADO<\/p>\n\n\n\n<p><strong>Quest\u00e3o 93:&nbsp;<\/strong>A revis\u00e3o anal\u00edtica consiste na realiza\u00e7\u00e3o de an\u00e1lises comparativas e envolve, entre outros, o emprego&#8230;<br \/><strong><em>Resposta:<\/em><\/strong> CERTO <\/p>\n\n\n\n<p><strong>Quest\u00e3o 94:&nbsp;<\/strong>A supervis\u00e3o inicia-se na fase de execu\u00e7\u00e3o e \u00e9 finalizada ap\u00f3s a conclus\u00e3o dos exames e a emiss\u00e3o do relat\u00f3rio&#8230;<br \/><strong><em>Resposta:<\/em><\/strong> ERRADO<\/p>\n\n\n\n<p><strong>Quest\u00e3o 95:&nbsp;<\/strong>O programa de controle de qualidade do Tribunal de Contas deve ser estabelecido de acordo&#8230;<br \/><strong><em>Resposta:<\/em><\/strong> CERTO <\/p>\n\n\n\n<p><strong>Quest\u00e3o 96:&nbsp;<\/strong>A avalia\u00e7\u00e3o de uma situa\u00e7\u00e3o reportada pelo profissional de auditoria governamental&#8230;<br \/><strong><em>Resposta:<\/em><\/strong> CERTO <\/p>\n\n\n\n<p><strong>Quest\u00e3o 97:&nbsp;<\/strong>Ap\u00f3s serem elaborados, projetos de lei or\u00e7ament\u00e1ria como o mencionado devem ser enviados \u00e0 C\u00e2mara&#8230;<br \/><strong><em>Resposta:<\/em><\/strong> CERTO <\/p>\n\n\n\n<p><strong>Quest\u00e3o 98:&nbsp;<\/strong>De acordo com o princ\u00edpio da universalidade do or\u00e7amento, o montante&#8230;<br \/><strong><em>Resposta:<\/em><\/strong> ERRADO<\/p>\n\n\n\n<p><strong>Quest\u00e3o 99:&nbsp;<\/strong>A programa\u00e7\u00e3o e a execu\u00e7\u00e3o or\u00e7ament\u00e1ria e financeira do governo do Distrito Federal s\u00e3o processadas&#8230;<br \/><strong><em>Resposta:<\/em><\/strong> ERRADO<\/p>\n\n\n\n<p><strong>Quest\u00e3o 100:&nbsp;<\/strong>Considerando-se a inexist\u00eancia de cr\u00e9ditos ordin\u00e1rios na LOA de 2020 e a situa\u00e7\u00e3o de calamidade&#8230;<br \/><strong><em>Resposta:<\/em><\/strong> CERTO <\/p>\n\n\n\n<p><strong>Quest\u00e3o 101:&nbsp;<\/strong>Todos os projetos de lei relacionados a or\u00e7amento devem ser apresentados conjuntamente, ou seja, o projeto de lei de diretrizes&#8230;<br \/><strong><em>Resposta:<\/em><\/strong> ERRADO<\/p>\n\n\n\n<p><strong>Quest\u00e3o 102:&nbsp;<\/strong>O ingresso de recursos referentes \u00e0 concess\u00e3o de um servi\u00e7o p\u00fablico&#8230;<br \/><strong><em>Resposta:<\/em><\/strong> ERRADO<\/p>\n\n\n\n<p><strong>Quest\u00e3o 103:&nbsp;<\/strong>Na compra de um equipamento hospitalar importado, a sa\u00edda de recursos referentes \u00e0 varia\u00e7\u00e3o cambial ocorrida&#8230;<br \/><strong><em>Resposta:<\/em><\/strong> CERTO <\/p>\n\n\n\n<p><strong>Quest\u00e3o 104:&nbsp;<\/strong>Considere-se que determinada entidade p\u00fablica tenha realizado o empenho em janeiro de x2&#8230;<br \/><strong><em>Resposta:<\/em><\/strong> CERTO <\/p>\n\n\n\n<p><strong>Quest\u00e3o 105:&nbsp;<\/strong>O relat\u00f3rio resumido da execu\u00e7\u00e3o or\u00e7ament\u00e1ria pode ser utilizado para identificar se as opera\u00e7\u00f5es&#8230;<br \/><strong><em>Resposta:<\/em><\/strong> ERRADO<\/p>\n\n\n\n<p><strong>Quest\u00e3o 106:&nbsp;<\/strong>A transfer\u00eancia de recursos, por meio de conv\u00eanio, para um munic\u00edpio, com a finalidade de execu\u00e7\u00e3o&#8230;<br \/><strong><em>Resposta:<\/em><\/strong> ERRADO<\/p>\n\n\n\n<p><strong>Quest\u00e3o 107:&nbsp;<\/strong>Determinada entidade identificou a possibilidade da exist\u00eancia de uma obriga\u00e7\u00e3o de pagamento&#8230;<br \/><strong><em>Resposta:<\/em><\/strong> ERRADO<\/p>\n\n\n\n<p><strong>Quest\u00e3o 108:&nbsp;<\/strong>O registro de uma m\u00e1quina usada comprada pelo valor de R$ 20.000 deve ser feito&#8230;<br \/><strong><em>Resposta:<\/em><\/strong> ERRADO<\/p>\n\n\n\n<p><strong>Quest\u00e3o 109:&nbsp;<\/strong>Uma entidade n\u00e3o pode realizar a mudan\u00e7a nos m\u00e9todos de avalia\u00e7\u00e3o de estoques durante o exerc\u00edcio&#8230;<br \/><strong><em>Resposta:<\/em><\/strong> ERRADO<\/p>\n\n\n\n<p><strong>Quest\u00e3o 110:&nbsp;<\/strong>A apresenta\u00e7\u00e3o de um balan\u00e7o patrimonial com saldo na conta ativo diferido&#8230;<br \/><strong><em>Resposta:<\/em><\/strong> ERRADO<\/p>\n\n\n\n<p><strong>Quest\u00e3o 111:&nbsp;<\/strong>A demonstra\u00e7\u00e3o das muta\u00e7\u00f5es do patrim\u00f4nio l\u00edquido inclui informa\u00e7\u00f5es referentes ao resultado&#8230;<br \/><strong><em>Resposta:<\/em><\/strong> CERTO <\/p>\n\n\n\n<p><strong>Quest\u00e3o 112:&nbsp;<\/strong>Independentemente de existir ou n\u00e3o qualquer ind\u00edcio de desvaloriza\u00e7\u00e3o, a entidade deveria testar&#8230;<br \/><strong><em>Resposta:<\/em><\/strong> CERTO <\/p>\n\n\n\n<p><strong>Quest\u00e3o 113:&nbsp;<\/strong>Caso a empresa receba um benef\u00edcio fiscal e o tributo sobre o seu lucro seja reduzido&#8230;<br \/><strong><em>Resposta:<\/em><\/strong> ERRADO<\/p>\n\n\n\n<p><strong>Quest\u00e3o 114:&nbsp;<\/strong>Caso a empresa obtivesse uma varia\u00e7\u00e3o favor\u00e1vel de 10% sobre os cursos unit\u00e1rios&#8230;<br \/><strong><em>Resposta:<\/em><\/strong> CERTO <\/p>\n\n\n\n<p><strong>Quest\u00e3o 115:&nbsp;<\/strong>Caso uma empresa incorra em despesa com juros em montante superior \u00e0quele obtido ao se apurar o lucro&#8230;<br \/><strong><em>Resposta:<\/em><\/strong> CERTO <\/p>\n\n\n\n<p><strong>Quest\u00e3o 116:&nbsp;<\/strong>Um aumento do montante de despesas financeiras proporciona uma redu\u00e7\u00e3o no ROA, enquanto um aumento nas vendas&#8230;<br \/><strong><em>Resposta:<\/em><\/strong> ERRADO<\/p>\n\n\n\n<p><strong>Quest\u00e3o 117:&nbsp;<\/strong>O prazo m\u00e9dio de estocagem da empresa afetar\u00e1 o ciclo econ\u00f4mico e operacional&#8230;<br \/><strong><em>Resposta:<\/em><\/strong> ERRADO<\/p>\n\n\n\n<p><strong>Quest\u00e3o 118:&nbsp;<\/strong>O indicador denominado fluxo sobre lucro \u00e9 influenciado pela despesa de juros&#8230;<br \/><strong><em>Resposta:<\/em><\/strong> CERTO <\/p>\n\n\n\n<p><strong>Quest\u00e3o 119:&nbsp;<\/strong>Dada a natureza do seu conte\u00fado, os RCPG n\u00e3o podem fornecer&#8230;<br \/><strong><em>Resposta:<\/em><\/strong> ERRADO<\/p>\n\n\n\n<p><strong>Quest\u00e3o 120:&nbsp;<\/strong>Entre os usu\u00e1rios prim\u00e1rios dos RCPG est\u00e3o os membros&#8230;<br \/><strong><em>Resposta:<\/em><\/strong> CERTO <\/p>\n\n\n\n<p><strong>Quest\u00e3o 121:&nbsp;<\/strong>Para que se evidencie o impacto da receita p\u00fablica no patrim\u00f4nio&#8230;<br \/><strong><em>Resposta:<\/em><\/strong> ERRADO<\/p>\n\n\n\n<p><strong>Quest\u00e3o 122:&nbsp;<\/strong>Uma varia\u00e7\u00e3o patrimonial diminutiva (VPD) \u00e9 considerada realizada quando surge&#8230;<br \/><strong><em>Resposta:<\/em><\/strong> ERRADO<\/p>\n\n\n\n<p><strong>Quest\u00e3o 123:&nbsp;<\/strong>Quando envolve uma grande popula\u00e7\u00e3o de itens, a provis\u00e3o da obriga\u00e7\u00e3o&#8230;<br \/><strong><em>Resposta:<\/em><\/strong> CERTO <\/p>\n\n\n\n<p><strong>Quest\u00e3o 124:&nbsp;<\/strong>Na mensura\u00e7\u00e3o dos ativos de infraestrutura, \u00e9 utilizada a mesma base de mensura\u00e7\u00e3o&#8230;<br \/><strong><em>Resposta:<\/em><\/strong> CERTO <\/p>\n\n\n\n<p><strong>Quest\u00e3o 125:&nbsp;<\/strong>A soma das varia\u00e7\u00f5es patrimoniais extraor\u00e7ament\u00e1rias constantes da demonstra\u00e7\u00e3o das varia\u00e7\u00f5es&#8230;<br \/><strong><em>Resposta:<\/em><\/strong> CERTO<\/p>\n\n\n\n<p><strong>Quest\u00e3o 126:&nbsp;<\/strong>Segundo o sistema de cursos aplicado ao setor p\u00fablico, houve um d\u00e9ficit&#8230;<br \/><strong><em>Resposta:<\/em><\/strong> CERTO <\/p>\n\n\n\n<p><strong>Quest\u00e3o 127:&nbsp;<\/strong>No momento do pagamento, pelo contribuinte, de determinada taxa de licen\u00e7a para funcionamento de atividade&#8230;<br \/><strong><em>Resposta:<\/em><\/strong> ERRADO<\/p>\n\n\n\n<p><strong>Quest\u00e3o 128:&nbsp;<\/strong>O recebimento de recursos referentes \u00e0 emiss\u00e3o de t\u00edtulos do Tesouro Nacional deve ser classificado&#8230;<br \/><strong><em>Resposta:<\/em><\/strong> ERRADO<\/p>\n\n\n\n<p><strong>Quest\u00e3o 129:&nbsp;<\/strong>Em 2020, foram feitos registros em contas da classe 1 (ativo)&#8230;<br \/><strong><em>Resposta:<\/em><\/strong> CERTO <\/p>\n\n\n\n<p><strong>Quest\u00e3o 130:&nbsp;<\/strong>Foram registradas uma despesa or\u00e7ament\u00e1ria e uma varia\u00e7\u00e3o patrimonial&#8230;<br \/><strong><em>Resposta:<\/em><\/strong> ERRADO<\/p>\n\n\n\n<p><strong>Quest\u00e3o 131:&nbsp;<\/strong>A taxa marginal de substitui\u00e7\u00e3o de ma\u00e7a por banana&#8230;<br \/><strong><em>Resposta:<\/em><\/strong> CERTO <\/p>\n\n\n\n<p><strong>Quest\u00e3o 132:&nbsp;<\/strong>Depreende-se da citada fun\u00e7\u00e3o utilidade que ma\u00e7a e banana s\u00e3o bens&#8230;<br \/><strong><em>Resposta:<\/em><\/strong> CERTO <\/p>\n\n\n\n<p><strong>Quest\u00e3o 133:&nbsp;<\/strong>O curso total m\u00e9dio e o custo marginal, ambos de longo prazo, s\u00e3o iguais&#8230;<br \/><strong><em>Resposta:<\/em><\/strong> ERRADO<\/p>\n\n\n\n<p><strong>Quest\u00e3o 134:&nbsp;<\/strong>A fun\u00e7\u00e3o de custo total m\u00e9dio de curto prazo \u00e9 corretamente&#8230;<br \/><strong><em>Resposta:<\/em><\/strong> ERRADO<\/p>\n\n\n\n<p><strong>Quest\u00e3o 135:&nbsp;<\/strong>Aumento da velocidade de circula\u00e7\u00e3o da moeda provoca um deslocamento&#8230;<br \/><strong><em>Resposta:<\/em><\/strong> ERRADO<\/p>\n\n\n\n<p><strong>Quest\u00e3o 136:&nbsp;<\/strong>Aumento dos gastos do governo possui maios poder de influ\u00eancia no produto quando o Banco Central define&#8230;<br \/><strong><em>Resposta:<\/em><\/strong> ERRADO<\/p>\n\n\n\n<p><strong>Quest\u00e3o 137:&nbsp;<\/strong>A combina\u00e7\u00e3o de uma pol\u00edtica fiscal contracionista com uma expans\u00e3o monet\u00e1ria&#8230;<br \/><strong><em>Resposta:<\/em><\/strong> CERTO <\/p>\n\n\n\n<p><strong>Quest\u00e3o 138:&nbsp;<\/strong>A implementa\u00e7\u00e3o de uma pol\u00edtica fiscal contracionista provoca redu\u00e7\u00e3o de demanda&#8230;<br \/><strong><em>Resposta:<\/em><\/strong> ERRADO<\/p>\n\n\n\n<p><strong>Quest\u00e3o 139:&nbsp;<\/strong>Uma pol\u00edtica de expans\u00e3o monet\u00e1ria incentiva mais o investimento&#8230;<br \/><strong><em>Resposta:<\/em><\/strong> CERTO <\/p>\n\n\n\n<p><strong>Quest\u00e3o 140:&nbsp;<\/strong>O governo possui d\u00e9ficit or\u00e7ament\u00e1rio quando o montante de investimento&#8230;<br \/><strong><em>Resposta:<\/em><\/strong> ERRADO <\/p>\n\n\n\n<p><strong>Quest\u00e3o 141:&nbsp;<\/strong>O super\u00e1vit prim\u00e1rio \u00e9 o resultado positivo de todas as receitas e despesas do governo&#8230;<br \/><strong><em>Resposta:<\/em><\/strong> ERRADO<\/p>\n\n\n\n<p><strong>Quest\u00e3o 142:&nbsp;<\/strong>A trajet\u00f3ria da d\u00edvida p\u00fablica federal nos \u00faltimos 10 anos apresenta uma tend\u00eancia de crescimento&#8230;<br \/><strong><em>Resposta:<\/em><\/strong> CERTO <\/p>\n\n\n\n<p><strong>Quest\u00e3o 143:&nbsp;<\/strong>Se, ao adquirir o produto, o cliente optar por dar uma entrada e pagar o restante do valor&#8230;<br \/><strong><em>Resposta:<\/em><\/strong> CERTO<\/p>\n\n\n\n<p><strong>Quest\u00e3o 144:&nbsp;<\/strong>Se, no momento da compra do produto, um cliente optar pelo parcelamento em tr\u00eas vezes com entrada&#8230;<br \/><strong><em>Resposta:<\/em><\/strong> ERRADO<\/p>\n\n\n\n<p><strong>Quest\u00e3o 145:&nbsp;<\/strong>Se <em>i<\/em> indica a taxa de juros efetiva paga por um cliente que opta pelo parcelamento&#8230;<br \/><strong><em>Resposta:<\/em><\/strong> CERTO<\/p>\n\n\n\n<p><strong>Quest\u00e3o 146:&nbsp;<\/strong>Se, ao adquirir o produto, o cliente optar por pagar o valor <em>P<\/em> com um cheque para o m\u00eas seguinte&#8230;<br \/><strong><em>Resposta:<\/em><\/strong> ERRADO<\/p>\n\n\n\n<p><strong>Quest\u00e3o 147:&nbsp;<\/strong>Se a rota\u00e7\u00e3o do ativo da empresa Beta cair 50%, a margem de lucro&#8230;<br \/><strong><em>Resposta:<\/em><\/strong> CERTO <\/p>\n\n\n\n<p><strong>Quest\u00e3o 148:&nbsp;<\/strong>Os ciclos operacional e financeiro da empresa Alfa&#8230;<br \/><strong><em>Resposta:<\/em><\/strong> ERRADO<\/p>\n\n\n\n<p><strong>Quest\u00e3o 149:&nbsp;<\/strong>Se o investidos possui em carteira 75% de ativo A e 25% de ativo B&#8230;<br \/><strong><em>Resposta:<\/em><\/strong> ERRADO<\/p>\n\n\n\n<p><strong>Quest\u00e3o 150:&nbsp;<\/strong>O ativo A \u00e9 menos arriscado que o ativo B.<br \/><strong><em>Resposta:<\/em><\/strong> ERRADO<\/p>\n\n\n\n<p class=\"has-text-align-center has-background has-medium-font-size\" style=\"background-color:#eeeeee\"><strong>Saiba mais: <a href=\"https:\/\/www.estrategiaconcursos.com.br\/blog\/concurso-tcdf\/\" target=\"_blank\" rel=\"noreferrer noopener\">Concurso TCDF<\/a><\/strong><\/p>\n\n\n\n<hr class=\"wp-block-separator has-css-opacity\"\/>\n\n\n\n<div class=\"container\" id=\"boxes\">\n  <div class=\"row\">\n\n    <div class=\"col-sm\">\n      <div class=\"banner-tcg\" id=\"box-assinatura\">\n        <h3 class=\"titulo-assinatura\">Cursos TCDF<\/h3>\n        <p class=\"subtitulo-assinatura\">Estude conosco<\/p>\n        <div class=\"box-botao\">\n          <a class=\"btn-assinatura\" target=\"_blank\" href=\"https:\/\/www.estrategiaconcursos.com.br\/cursosPorConcurso\/tribunal-de-contas-do-distrito-federal-tcdf\/\" role=\"button\" rel=\"noopener noreferrer\">Conhe\u00e7a os cursos<\/a>\n        <\/div>\n      <\/div>\n     \n    <\/div>\n\n  <\/div>\n<\/div>\n\n\n\n<div class=\"container\" id=\"boxes\">\n  <div class=\"row\">\n\n    <div class=\"col-sm\">\n      <div class=\"estrategia\" id=\"box-assinatura\">\n        <h3 class=\"titulo-assinatura\">Assinatura Ilimitada<\/h3>\n        <p class=\"subtitulo-assinatura\">Assinatura Anual Ilimitada*<\/p>\n        <div class=\"box-botao\">\n          <a class=\"btn-assinatura\" target=\"_blank\" href=\"https:\/\/www.estrategiaconcursos.com.br\/assinaturas\/\" role=\"button\" rel=\"noopener noreferrer\">ASSINE AGORA<\/a>\n        <\/div>\n      <\/div>\n      <p class=\"texto-auxiliar\">Prepare-se com o melhor material e com quem mais aprova em Concursos P\u00fablicos em todo o pa\u00eds. Assine agora a nossa Assinatura Anual e tenha acesso ilimitado* a todos os nossos cursos.<\/p>\n    <\/div>\n\n    <div class=\"col-sm\">\n      <div class=\"questoes\" id=\"box-assinatura\">\n        <h3 class=\"titulo-assinatura\">Sistema de Quest\u00f5es<\/h3>\n        <p class=\"subtitulo-assinatura\">Assinatura Ilimitada*\n<\/p>\n        <div class=\"box-botao\">\n          <a class=\"btn-assinatura\" target=\"_blank\" href=\"https:\/\/questoes.estrategiaconcursos.com.br\/\" role=\"button\" rel=\"noopener noreferrer\">ASSINE AGORA<\/a>\n        <\/div>\n      <\/div>\n      <p class=\"texto-auxiliar\">Estrat\u00e9gia Quest\u00f5es nasceu maior do que todos os concorrentes, com mais quest\u00f5es cadastradas e mais solu\u00e7\u00f5es por professores. Clique no link e aproveite os descontos e b\u00f4nus imperd\u00edveis!<\/p>\n    <\/div>\n  <\/div>\n<\/div>\n\n\n\n<div class=\"container\" id=\"boxes\">\n  <div class=\"row\">\n\n    <div class=\"col-sm\" id=\"boxes-concursos\">\n      <div style=\"background-color: #005DAD;\" class=\"conteudo-concursos\" id=\"box-concursos\">\n        <h3 class=\"titulo-assinatura\">Concursos Abertos<\/h3>\n        <p class=\"subtitulo-assinatura\">mais de 15 mil vagas<\/p>\n        <div class=\"box-botao\">\n          <a class=\"btn-assinatura\" target=\"_blank\" href=\"https:\/\/www.estrategiaconcursos.com.br\/blog\/concursos-abertos\/\" role=\"button\" rel=\"noopener noreferrer\">Conhe\u00e7a Agora<\/a>\n        <\/div>\n      <\/div>\n    <\/div>\n\n    <div class=\"col-sm\" id=\"boxes-concursos\">\n      <div style=\"background-color: #419FF0;\" class=\"conteudo-concursos\" id=\"box-concursos\">\n        <h3 class=\"titulo-assinatura\">Concursos 2021<\/h3>\n        <p class=\"subtitulo-assinatura\">mais de 50 mil vagas<\/p>\n        <div class=\"box-botao\">\n          <a class=\"btn-assinatura\" target=\"_blank\" href=\"https:\/\/www.estrategiaconcursos.com.br\/blog\/concursos-2021\/\" role=\"button\" rel=\"noopener noreferrer\">Conhe\u00e7a Agora<\/a>\n        <\/div>\n      <\/div>\n    <\/div>\n\n  <\/div>\n<\/div>\n","protected":false},"excerpt":{"rendered":"<p>Neste domingo, 21 de fevereiro, foram aplicadas as provas objetivas e discursivas do concurso p\u00fablico do Tribunal de Contas do Distrito Federal (TCDF) para Auditor de Controle Externo. Aguardadas desde maio do ano passado, as avalia\u00e7\u00f5es ocorreram da seguinte maneira: Provas objetivas: dura\u00e7\u00e3o de 4 horas, in\u00edcio \u00e0s 8 horas; Prova discursiva: dura\u00e7\u00e3o de 4 [&hellip;]<\/p>\n","protected":false},"author":1,"featured_media":675921,"comment_status":"open","ping_status":"closed","sticky":false,"template":"","format":"standard","meta":{"post_tipo":"news_page","footnotes":""},"categories":[214710],"tags":[],"tax_estado":[219970],"class_list":["post-675864","post","type-post","status-publish","format-standard","has-post-thumbnail","hentry","category-tribunais-de-contas","tax_estado-df"],"acf":[],"yoast_head":"<!-- This site is optimized with the Yoast SEO Premium plugin v27.2 (Yoast SEO v27.2) - https:\/\/yoast.com\/product\/yoast-seo-premium-wordpress\/ -->\n<title>Gabarito TCDF: Confira a CORRE\u00c7\u00c3O DA PROVA de ACE!<\/title>\n<meta name=\"description\" content=\"Acompanhe nossa corre\u00e7\u00e3o com o gabarito extraoficial das provas do TCDF para o cargo de Auditor de Controle Externo. Confira!\" \/>\n<meta name=\"robots\" content=\"index, follow, max-snippet:-1, max-image-preview:large, max-video-preview:-1\" \/>\n<link rel=\"canonical\" href=\"https:\/\/www.estrategiaconcursos.com.br\/blog\/gabarito-extraoficial-tcdf-auditor-de-controle-externo\/\" \/>\n<meta property=\"og:locale\" content=\"pt_BR\" \/>\n<meta property=\"og:type\" content=\"article\" \/>\n<meta property=\"og:title\" content=\"Gabarito TCDF: Confira a CORRE\u00c7\u00c3O DA PROVA de ACE!\" \/>\n<meta property=\"og:description\" content=\"Acompanhe nossa corre\u00e7\u00e3o com o gabarito extraoficial das provas do TCDF para o cargo de Auditor de Controle Externo. Confira!\" \/>\n<meta property=\"og:url\" content=\"https:\/\/www.estrategiaconcursos.com.br\/blog\/gabarito-extraoficial-tcdf-auditor-de-controle-externo\/\" \/>\n<meta property=\"og:site_name\" content=\"Estrat\u00e9gia Concursos\" \/>\n<meta property=\"article:author\" content=\"https:\/\/www.facebook.com\/EstrategiaConcursos\" \/>\n<meta property=\"article:published_time\" content=\"2021-02-22T00:00:00+00:00\" \/>\n<meta property=\"article:modified_time\" content=\"2023-11-09T19:44:38+00:00\" \/>\n<meta property=\"og:image\" content=\"https:\/\/dhg1h5j42swfq.cloudfront.net\/2021\/02\/19123541\/ytb_gabarito-extraoficial.jpg\" \/>\n\t<meta property=\"og:image:width\" content=\"1280\" \/>\n\t<meta property=\"og:image:height\" content=\"720\" \/>\n\t<meta property=\"og:image:type\" content=\"image\/jpeg\" \/>\n<meta name=\"author\" content=\"Coordena\u00e7\u00e3o\" \/>\n<meta name=\"twitter:card\" content=\"summary_large_image\" \/>\n<meta name=\"twitter:creator\" content=\"@EstratConcursos\" \/>\n<meta name=\"twitter:site\" content=\"@EstratConcursos\" \/>\n<meta name=\"twitter:label1\" content=\"Escrito por\" \/>\n\t<meta name=\"twitter:data1\" content=\"Coordena\u00e7\u00e3o\" \/>\n\t<meta name=\"twitter:label2\" content=\"Est. tempo de leitura\" \/>\n\t<meta name=\"twitter:data2\" content=\"16 minutos\" \/>\n<script type=\"application\/ld+json\" class=\"yoast-schema-graph\">{\"@context\":\"https:\/\/schema.org\",\"@graph\":[{\"@type\":\"NewsArticle\",\"@id\":\"https:\/\/www.estrategiaconcursos.com.br\/blog\/gabarito-extraoficial-tcdf-auditor-de-controle-externo\/#article\",\"isPartOf\":{\"@id\":\"https:\/\/www.estrategiaconcursos.com.br\/blog\/gabarito-extraoficial-tcdf-auditor-de-controle-externo\/\"},\"author\":{\"name\":\"Coordena\u00e7\u00e3o\",\"@id\":\"https:\/\/www.estrategiaconcursos.com.br\/blog\/#\/schema\/person\/b4a388c97673c5f483d72185668afa1f\"},\"headline\":\"Gabarito TCDF: Confira a CORRE\u00c7\u00c3O DA PROVA de ACE!\",\"datePublished\":\"2021-02-22T00:00:00+00:00\",\"dateModified\":\"2023-11-09T19:44:38+00:00\",\"mainEntityOfPage\":{\"@id\":\"https:\/\/www.estrategiaconcursos.com.br\/blog\/gabarito-extraoficial-tcdf-auditor-de-controle-externo\/\"},\"wordCount\":3121,\"commentCount\":0,\"publisher\":{\"@id\":\"https:\/\/www.estrategiaconcursos.com.br\/blog\/#organization\"},\"image\":{\"@id\":\"https:\/\/www.estrategiaconcursos.com.br\/blog\/gabarito-extraoficial-tcdf-auditor-de-controle-externo\/#primaryimage\"},\"thumbnailUrl\":\"https:\/\/dhg1h5j42swfq.cloudfront.net\/2021\/02\/19123541\/ytb_gabarito-extraoficial.jpg\",\"articleSection\":[\"Tribunais de Contas (TCU, TCE, TCM)\"],\"inLanguage\":\"pt-BR\",\"potentialAction\":[{\"@type\":\"CommentAction\",\"name\":\"Comment\",\"target\":[\"https:\/\/www.estrategiaconcursos.com.br\/blog\/gabarito-extraoficial-tcdf-auditor-de-controle-externo\/#respond\"]}],\"copyrightYear\":\"2021\",\"copyrightHolder\":{\"@id\":\"https:\/\/www.estrategiaconcursos.com.br\/blog\/#organization\"}},{\"@type\":\"WebPage\",\"@id\":\"https:\/\/www.estrategiaconcursos.com.br\/blog\/gabarito-extraoficial-tcdf-auditor-de-controle-externo\/\",\"url\":\"https:\/\/www.estrategiaconcursos.com.br\/blog\/gabarito-extraoficial-tcdf-auditor-de-controle-externo\/\",\"name\":\"Gabarito TCDF: Confira a CORRE\u00c7\u00c3O DA PROVA de ACE!\",\"isPartOf\":{\"@id\":\"https:\/\/www.estrategiaconcursos.com.br\/blog\/#website\"},\"primaryImageOfPage\":{\"@id\":\"https:\/\/www.estrategiaconcursos.com.br\/blog\/gabarito-extraoficial-tcdf-auditor-de-controle-externo\/#primaryimage\"},\"image\":{\"@id\":\"https:\/\/www.estrategiaconcursos.com.br\/blog\/gabarito-extraoficial-tcdf-auditor-de-controle-externo\/#primaryimage\"},\"thumbnailUrl\":\"https:\/\/dhg1h5j42swfq.cloudfront.net\/2021\/02\/19123541\/ytb_gabarito-extraoficial.jpg\",\"datePublished\":\"2021-02-22T00:00:00+00:00\",\"dateModified\":\"2023-11-09T19:44:38+00:00\",\"description\":\"Acompanhe nossa corre\u00e7\u00e3o com o gabarito extraoficial das provas do TCDF para o cargo de Auditor de Controle Externo. Confira!\",\"breadcrumb\":{\"@id\":\"https:\/\/www.estrategiaconcursos.com.br\/blog\/gabarito-extraoficial-tcdf-auditor-de-controle-externo\/#breadcrumb\"},\"inLanguage\":\"pt-BR\",\"potentialAction\":[{\"@type\":\"ReadAction\",\"target\":[\"https:\/\/www.estrategiaconcursos.com.br\/blog\/gabarito-extraoficial-tcdf-auditor-de-controle-externo\/\"]}]},{\"@type\":\"ImageObject\",\"inLanguage\":\"pt-BR\",\"@id\":\"https:\/\/www.estrategiaconcursos.com.br\/blog\/gabarito-extraoficial-tcdf-auditor-de-controle-externo\/#primaryimage\",\"url\":\"https:\/\/dhg1h5j42swfq.cloudfront.net\/2021\/02\/19123541\/ytb_gabarito-extraoficial.jpg\",\"contentUrl\":\"https:\/\/dhg1h5j42swfq.cloudfront.net\/2021\/02\/19123541\/ytb_gabarito-extraoficial.jpg\",\"width\":1280,\"height\":720,\"caption\":\"Gabarito Extraoficial TCDF\"},{\"@type\":\"BreadcrumbList\",\"@id\":\"https:\/\/www.estrategiaconcursos.com.br\/blog\/gabarito-extraoficial-tcdf-auditor-de-controle-externo\/#breadcrumb\",\"itemListElement\":[{\"@type\":\"ListItem\",\"position\":1,\"name\":\"In\u00edcio\",\"item\":\"https:\/\/www.estrategiaconcursos.com.br\/blog\/\"},{\"@type\":\"ListItem\",\"position\":2,\"name\":\"Gabarito TCDF: Confira a CORRE\u00c7\u00c3O DA PROVA de ACE!\"}]},{\"@type\":\"WebSite\",\"@id\":\"https:\/\/www.estrategiaconcursos.com.br\/blog\/#website\",\"url\":\"https:\/\/www.estrategiaconcursos.com.br\/blog\/\",\"name\":\"Estrat\u00e9gia Concursos\",\"description\":\"O blog da Estrat\u00e9gia Concursos traz not\u00edcias sobre concursos e artigos de professores oferecendo cursos para concursos (pdf + videaulas) no site.\",\"publisher\":{\"@id\":\"https:\/\/www.estrategiaconcursos.com.br\/blog\/#organization\"},\"potentialAction\":[{\"@type\":\"SearchAction\",\"target\":{\"@type\":\"EntryPoint\",\"urlTemplate\":\"https:\/\/www.estrategiaconcursos.com.br\/blog\/?s={search_term_string}\"},\"query-input\":{\"@type\":\"PropertyValueSpecification\",\"valueRequired\":true,\"valueName\":\"search_term_string\"}}],\"inLanguage\":\"pt-BR\"},{\"@type\":\"Organization\",\"@id\":\"https:\/\/www.estrategiaconcursos.com.br\/blog\/#organization\",\"name\":\"Estrat\u00e9gia Concursos\",\"url\":\"https:\/\/www.estrategiaconcursos.com.br\/blog\/\",\"logo\":{\"@type\":\"ImageObject\",\"inLanguage\":\"pt-BR\",\"@id\":\"https:\/\/www.estrategiaconcursos.com.br\/blog\/#\/schema\/logo\/image\/\",\"url\":\"https:\/\/dhg1h5j42swfq.cloudfront.net\/2025\/06\/03203428\/logo_concursos-1.jpg\",\"contentUrl\":\"https:\/\/dhg1h5j42swfq.cloudfront.net\/2025\/06\/03203428\/logo_concursos-1.jpg\",\"width\":230,\"height\":60,\"caption\":\"Estrat\u00e9gia Concursos\"},\"image\":{\"@id\":\"https:\/\/www.estrategiaconcursos.com.br\/blog\/#\/schema\/logo\/image\/\"},\"sameAs\":[\"https:\/\/x.com\/EstratConcursos\"]},{\"@type\":\"Person\",\"@id\":\"https:\/\/www.estrategiaconcursos.com.br\/blog\/#\/schema\/person\/b4a388c97673c5f483d72185668afa1f\",\"name\":\"Coordena\u00e7\u00e3o\",\"image\":{\"@type\":\"ImageObject\",\"inLanguage\":\"pt-BR\",\"@id\":\"https:\/\/secure.gravatar.com\/avatar\/b720319e4c9a967eb58678d110f4fe35452fc5d5f97b202bac7b8acceb18c6ad?s=96&d=mm&r=g\",\"url\":\"https:\/\/secure.gravatar.com\/avatar\/b720319e4c9a967eb58678d110f4fe35452fc5d5f97b202bac7b8acceb18c6ad?s=96&d=mm&r=g\",\"contentUrl\":\"https:\/\/secure.gravatar.com\/avatar\/b720319e4c9a967eb58678d110f4fe35452fc5d5f97b202bac7b8acceb18c6ad?s=96&d=mm&r=g\",\"caption\":\"Coordena\u00e7\u00e3o\"},\"sameAs\":[\"https:\/\/www.facebook.com\/EstrategiaConcursos\",\"https:\/\/x.com\/EstratConcursos\"],\"url\":\"https:\/\/www.estrategiaconcursos.com.br\/blog\/author\/estrategia2013\/\"}]}<\/script>\n<!-- \/ Yoast SEO Premium plugin. -->","yoast_head_json":{"title":"Gabarito TCDF: Confira a CORRE\u00c7\u00c3O DA PROVA de ACE!","description":"Acompanhe nossa corre\u00e7\u00e3o com o gabarito extraoficial das provas do TCDF para o cargo de Auditor de Controle Externo. Confira!","robots":{"index":"index","follow":"follow","max-snippet":"max-snippet:-1","max-image-preview":"max-image-preview:large","max-video-preview":"max-video-preview:-1"},"canonical":"https:\/\/www.estrategiaconcursos.com.br\/blog\/gabarito-extraoficial-tcdf-auditor-de-controle-externo\/","og_locale":"pt_BR","og_type":"article","og_title":"Gabarito TCDF: Confira a CORRE\u00c7\u00c3O DA PROVA de ACE!","og_description":"Acompanhe nossa corre\u00e7\u00e3o com o gabarito extraoficial das provas do TCDF para o cargo de Auditor de Controle Externo. Confira!","og_url":"https:\/\/www.estrategiaconcursos.com.br\/blog\/gabarito-extraoficial-tcdf-auditor-de-controle-externo\/","og_site_name":"Estrat\u00e9gia Concursos","article_author":"https:\/\/www.facebook.com\/EstrategiaConcursos","article_published_time":"2021-02-22T00:00:00+00:00","article_modified_time":"2023-11-09T19:44:38+00:00","og_image":[{"width":1280,"height":720,"url":"https:\/\/dhg1h5j42swfq.cloudfront.net\/2021\/02\/19123541\/ytb_gabarito-extraoficial.jpg","type":"image\/jpeg"}],"author":"Coordena\u00e7\u00e3o","twitter_card":"summary_large_image","twitter_creator":"@EstratConcursos","twitter_site":"@EstratConcursos","twitter_misc":{"Escrito por":"Coordena\u00e7\u00e3o","Est. tempo de leitura":"16 minutos"},"schema":{"@context":"https:\/\/schema.org","@graph":[{"@type":"NewsArticle","@id":"https:\/\/www.estrategiaconcursos.com.br\/blog\/gabarito-extraoficial-tcdf-auditor-de-controle-externo\/#article","isPartOf":{"@id":"https:\/\/www.estrategiaconcursos.com.br\/blog\/gabarito-extraoficial-tcdf-auditor-de-controle-externo\/"},"author":{"name":"Coordena\u00e7\u00e3o","@id":"https:\/\/www.estrategiaconcursos.com.br\/blog\/#\/schema\/person\/b4a388c97673c5f483d72185668afa1f"},"headline":"Gabarito TCDF: Confira a CORRE\u00c7\u00c3O DA PROVA de ACE!","datePublished":"2021-02-22T00:00:00+00:00","dateModified":"2023-11-09T19:44:38+00:00","mainEntityOfPage":{"@id":"https:\/\/www.estrategiaconcursos.com.br\/blog\/gabarito-extraoficial-tcdf-auditor-de-controle-externo\/"},"wordCount":3121,"commentCount":0,"publisher":{"@id":"https:\/\/www.estrategiaconcursos.com.br\/blog\/#organization"},"image":{"@id":"https:\/\/www.estrategiaconcursos.com.br\/blog\/gabarito-extraoficial-tcdf-auditor-de-controle-externo\/#primaryimage"},"thumbnailUrl":"https:\/\/dhg1h5j42swfq.cloudfront.net\/2021\/02\/19123541\/ytb_gabarito-extraoficial.jpg","articleSection":["Tribunais de Contas (TCU, TCE, TCM)"],"inLanguage":"pt-BR","potentialAction":[{"@type":"CommentAction","name":"Comment","target":["https:\/\/www.estrategiaconcursos.com.br\/blog\/gabarito-extraoficial-tcdf-auditor-de-controle-externo\/#respond"]}],"copyrightYear":"2021","copyrightHolder":{"@id":"https:\/\/www.estrategiaconcursos.com.br\/blog\/#organization"}},{"@type":"WebPage","@id":"https:\/\/www.estrategiaconcursos.com.br\/blog\/gabarito-extraoficial-tcdf-auditor-de-controle-externo\/","url":"https:\/\/www.estrategiaconcursos.com.br\/blog\/gabarito-extraoficial-tcdf-auditor-de-controle-externo\/","name":"Gabarito TCDF: Confira a CORRE\u00c7\u00c3O DA PROVA de ACE!","isPartOf":{"@id":"https:\/\/www.estrategiaconcursos.com.br\/blog\/#website"},"primaryImageOfPage":{"@id":"https:\/\/www.estrategiaconcursos.com.br\/blog\/gabarito-extraoficial-tcdf-auditor-de-controle-externo\/#primaryimage"},"image":{"@id":"https:\/\/www.estrategiaconcursos.com.br\/blog\/gabarito-extraoficial-tcdf-auditor-de-controle-externo\/#primaryimage"},"thumbnailUrl":"https:\/\/dhg1h5j42swfq.cloudfront.net\/2021\/02\/19123541\/ytb_gabarito-extraoficial.jpg","datePublished":"2021-02-22T00:00:00+00:00","dateModified":"2023-11-09T19:44:38+00:00","description":"Acompanhe nossa corre\u00e7\u00e3o com o gabarito extraoficial das provas do TCDF para o cargo de Auditor de Controle Externo. Confira!","breadcrumb":{"@id":"https:\/\/www.estrategiaconcursos.com.br\/blog\/gabarito-extraoficial-tcdf-auditor-de-controle-externo\/#breadcrumb"},"inLanguage":"pt-BR","potentialAction":[{"@type":"ReadAction","target":["https:\/\/www.estrategiaconcursos.com.br\/blog\/gabarito-extraoficial-tcdf-auditor-de-controle-externo\/"]}]},{"@type":"ImageObject","inLanguage":"pt-BR","@id":"https:\/\/www.estrategiaconcursos.com.br\/blog\/gabarito-extraoficial-tcdf-auditor-de-controle-externo\/#primaryimage","url":"https:\/\/dhg1h5j42swfq.cloudfront.net\/2021\/02\/19123541\/ytb_gabarito-extraoficial.jpg","contentUrl":"https:\/\/dhg1h5j42swfq.cloudfront.net\/2021\/02\/19123541\/ytb_gabarito-extraoficial.jpg","width":1280,"height":720,"caption":"Gabarito Extraoficial TCDF"},{"@type":"BreadcrumbList","@id":"https:\/\/www.estrategiaconcursos.com.br\/blog\/gabarito-extraoficial-tcdf-auditor-de-controle-externo\/#breadcrumb","itemListElement":[{"@type":"ListItem","position":1,"name":"In\u00edcio","item":"https:\/\/www.estrategiaconcursos.com.br\/blog\/"},{"@type":"ListItem","position":2,"name":"Gabarito TCDF: Confira a CORRE\u00c7\u00c3O DA PROVA de ACE!"}]},{"@type":"WebSite","@id":"https:\/\/www.estrategiaconcursos.com.br\/blog\/#website","url":"https:\/\/www.estrategiaconcursos.com.br\/blog\/","name":"Estrat\u00e9gia Concursos","description":"O blog da Estrat\u00e9gia Concursos traz not\u00edcias sobre concursos e artigos de professores oferecendo cursos para concursos (pdf + videaulas) no site.","publisher":{"@id":"https:\/\/www.estrategiaconcursos.com.br\/blog\/#organization"},"potentialAction":[{"@type":"SearchAction","target":{"@type":"EntryPoint","urlTemplate":"https:\/\/www.estrategiaconcursos.com.br\/blog\/?s={search_term_string}"},"query-input":{"@type":"PropertyValueSpecification","valueRequired":true,"valueName":"search_term_string"}}],"inLanguage":"pt-BR"},{"@type":"Organization","@id":"https:\/\/www.estrategiaconcursos.com.br\/blog\/#organization","name":"Estrat\u00e9gia Concursos","url":"https:\/\/www.estrategiaconcursos.com.br\/blog\/","logo":{"@type":"ImageObject","inLanguage":"pt-BR","@id":"https:\/\/www.estrategiaconcursos.com.br\/blog\/#\/schema\/logo\/image\/","url":"https:\/\/dhg1h5j42swfq.cloudfront.net\/2025\/06\/03203428\/logo_concursos-1.jpg","contentUrl":"https:\/\/dhg1h5j42swfq.cloudfront.net\/2025\/06\/03203428\/logo_concursos-1.jpg","width":230,"height":60,"caption":"Estrat\u00e9gia Concursos"},"image":{"@id":"https:\/\/www.estrategiaconcursos.com.br\/blog\/#\/schema\/logo\/image\/"},"sameAs":["https:\/\/x.com\/EstratConcursos"]},{"@type":"Person","@id":"https:\/\/www.estrategiaconcursos.com.br\/blog\/#\/schema\/person\/b4a388c97673c5f483d72185668afa1f","name":"Coordena\u00e7\u00e3o","image":{"@type":"ImageObject","inLanguage":"pt-BR","@id":"https:\/\/secure.gravatar.com\/avatar\/b720319e4c9a967eb58678d110f4fe35452fc5d5f97b202bac7b8acceb18c6ad?s=96&d=mm&r=g","url":"https:\/\/secure.gravatar.com\/avatar\/b720319e4c9a967eb58678d110f4fe35452fc5d5f97b202bac7b8acceb18c6ad?s=96&d=mm&r=g","contentUrl":"https:\/\/secure.gravatar.com\/avatar\/b720319e4c9a967eb58678d110f4fe35452fc5d5f97b202bac7b8acceb18c6ad?s=96&d=mm&r=g","caption":"Coordena\u00e7\u00e3o"},"sameAs":["https:\/\/www.facebook.com\/EstrategiaConcursos","https:\/\/x.com\/EstratConcursos"],"url":"https:\/\/www.estrategiaconcursos.com.br\/blog\/author\/estrategia2013\/"}]}},"_links":{"self":[{"href":"https:\/\/www.estrategiaconcursos.com.br\/blog\/wp-json\/wp\/v2\/posts\/675864","targetHints":{"allow":["GET"]}}],"collection":[{"href":"https:\/\/www.estrategiaconcursos.com.br\/blog\/wp-json\/wp\/v2\/posts"}],"about":[{"href":"https:\/\/www.estrategiaconcursos.com.br\/blog\/wp-json\/wp\/v2\/types\/post"}],"author":[{"embeddable":true,"href":"https:\/\/www.estrategiaconcursos.com.br\/blog\/wp-json\/wp\/v2\/users\/1"}],"replies":[{"embeddable":true,"href":"https:\/\/www.estrategiaconcursos.com.br\/blog\/wp-json\/wp\/v2\/comments?post=675864"}],"version-history":[{"count":35,"href":"https:\/\/www.estrategiaconcursos.com.br\/blog\/wp-json\/wp\/v2\/posts\/675864\/revisions"}],"predecessor-version":[{"id":1134934,"href":"https:\/\/www.estrategiaconcursos.com.br\/blog\/wp-json\/wp\/v2\/posts\/675864\/revisions\/1134934"}],"wp:featuredmedia":[{"embeddable":true,"href":"https:\/\/www.estrategiaconcursos.com.br\/blog\/wp-json\/wp\/v2\/media\/675921"}],"wp:attachment":[{"href":"https:\/\/www.estrategiaconcursos.com.br\/blog\/wp-json\/wp\/v2\/media?parent=675864"}],"wp:term":[{"taxonomy":"category","embeddable":true,"href":"https:\/\/www.estrategiaconcursos.com.br\/blog\/wp-json\/wp\/v2\/categories?post=675864"},{"taxonomy":"post_tag","embeddable":true,"href":"https:\/\/www.estrategiaconcursos.com.br\/blog\/wp-json\/wp\/v2\/tags?post=675864"},{"taxonomy":"tax_estado","embeddable":true,"href":"https:\/\/www.estrategiaconcursos.com.br\/blog\/wp-json\/wp\/v2\/tax_estado?post=675864"}],"curies":[{"name":"wp","href":"https:\/\/api.w.org\/{rel}","templated":true}]}}