{"id":67523,"date":"2017-03-21T14:00:07","date_gmt":"2017-03-21T17:00:07","guid":{"rendered":"https:\/\/www.estrategiaconcursos.com.br\/blog\/?p=67523"},"modified":"2017-08-16T17:02:24","modified_gmt":"2017-08-16T20:02:24","slug":"sustentabilidade-tre-pe-gabarito-extraoficial-comentado","status":"publish","type":"post","link":"https:\/\/www.estrategiaconcursos.com.br\/blog\/sustentabilidade-tre-pe-gabarito-extraoficial-comentado\/","title":{"rendered":"Sustentabilidade TRE PE [Gabarito extraoficial comentado para Analista e T\u00e9cnico.]"},"content":{"rendered":"<p>\n\tOl&aacute;, pessoal!\n<\/p>\n<p>\n\tSeguem as quest&otilde;es da prova de <strong>Analista e T&eacute;cnico do TRE PE deste domingo.<\/strong>\n<\/p>\n<p>\n\tNo geral, prova de sustentabilidade bem elabora e com um n&iacute;vel mais elevado. Com certeza, quem acertou as quest&otilde;es ir&aacute; se destacar! A Banca n&atilde;o pegou leve! Cobrou praticamente toda a mat&eacute;ria, considerando as duas provas.\n<\/p>\n<p style=\"text-align: center\">\n\t<span style=\"font-size:14px\"><strong><span style=\"color:#FF0000\">Por favor, confiram o tipo de prova de voc&ecirc;s e o enunciado das quest&otilde;es para que n&atilde;o haja confus&atilde;o.<\/span><\/strong><\/span>\n<\/p>\n<p style=\"text-align: center\">\n\t<span style=\"font-size:14px\"><span style=\"color:#FF0000\"><strong>ATEN&Ccedil;&Atilde;O! Primeiro temos a prova de Analista e na sequ&ecirc;ncia a de T&eacute;cnico!<\/strong><\/span><\/span>\n<\/p>\n<p style=\"text-align: center\">\n\t&nbsp;\n<\/p>\n<p>\n\t<span style=\"color:#FF0000\"><strong>CESPE &ndash; ANALISTA &#8211; TRE\/PE &ndash; 19\/03\/2017<\/strong><\/span>\n<\/p>\n<p>\n\t<strong>12 &ndash; Com rela&ccedil;&atilde;o &agrave;s no&ccedil;&otilde;es de sustentabilidade exig&iacute;veis para os &oacute;rg&atilde;os da justi&ccedil;a eleitoral, assinale a op&ccedil;&atilde;o correta.<\/strong>\n<\/p>\n<p>\n\t<strong>A) Administra&ccedil;&atilde;o p&uacute;blica federal direta, mas n&atilde;o as entidades da administra&ccedil;&atilde;o indireta, pode adquirir bens e contratar servi&ccedil;os de obras considerando crit&eacute;rios e pr&aacute;ticas de sustentabilidade.<\/strong>\n<\/p>\n<p>\n\t<strong>B) Consideram-se pr&aacute;ticas de sustentabilidade os m&eacute;todos utilizados para a avalia&ccedil;&atilde;o e compara&ccedil;&atilde;o de bens, materiais ou servi&ccedil;os em fun&ccedil;&atilde;o do seu impacto ambiental, social e econ&ocirc;mico.<\/strong>\n<\/p>\n<p>\n\t<strong>C) Em raz&atilde;o de suas atribui&ccedil;&otilde;es estrat&eacute;gicas e das mudan&ccedil;as de paradigmas geradas por suas a&ccedil;&otilde;es, as unidades ou os n&uacute;cleos socioambientais devem, preferencialmente, ser subordinados &agrave; alta administra&ccedil;&atilde;o dos tribunais eleitorais.<\/strong>\n<\/p>\n<p>\n\t<strong>D) As unidades socioambientais devem ser criadas em todos os &oacute;rg&atilde;os jurisdicionais em car&aacute;ter emergencial, devendo ser extintas quando se alcan&ccedil;arem os indicadores de desempenho previstos no Plano de Log&iacute;stica Sustent&aacute;vel do Poder Judici&aacute;rio.<\/strong>\n<\/p>\n<p>\n\t<strong>E) O instrumento convocat&oacute;rio das licita&ccedil;&otilde;es poder&aacute; prever que o licitante vencedor adote, na execu&ccedil;&atilde;o dos servidores contratados, pr&aacute;ticas de sustentabilidade, cuja certifica&ccedil;&atilde;o poder&aacute; ser feita somente por institui&ccedil;&atilde;o p&uacute;blica oficial.<\/strong>\n<\/p>\n<p>\n\t&nbsp;\n<\/p>\n<p>\n\t<strong>Gabarito: LETRA C.<\/strong> Essa quest&atilde;o cobrou a Resolu&ccedil;&atilde;o TSE 23.474\/16 e o Decreto 7.746\/12. No entanto, bastaria ter memorizado um artigo que era certo de cair! At&eacute; postei como &uacute;ltima dica antes da prova no meu Instagram e no Facebook. Al&eacute;m de ter, destacado muito isso em nossas aulas.\n<\/p>\n<p>\n\t&Eacute; o artigo 7&ordm;, da Resolu&ccedil;&atilde;o TSE 23.474\/16. O que trata do <span style=\"color:#FF0000\"><strong>PREFERENCIALMENTE SUBORDINADOS&#8230;.<\/strong><\/span>\n<\/p>\n<p>\n\tEsse preferencialmente subordinados tamb&eacute;m aparece no artigo 7&ordm;, da Resolu&ccedil;&atilde;o CNJ 201\/15 e foi cobrada no concurso do TRF2! ;-)\n<\/p>\n<p>\n\tEst&aacute; a&iacute;! Era o gabarito da quest&atilde;o!\n<\/p>\n<p>\n\tA &ndash; ERRADO. A administra&ccedil;&atilde;o p&uacute;blica federal direta, aut&aacute;rquica e fundacional e as empresas estatais dependentes poder&atilde;o adquirir bens e contratar servi&ccedil;os e obras considerando crit&eacute;rios e pr&aacute;ticas de sustentabilidade objetivamente definidos no instrumento convocat&oacute;rio.\n<\/p>\n<p>\n\tB &ndash; ERRADO. A Banca misturou dois conceitos!!! Foi uma baita sacanagem, mas vejam que at&eacute; o CESPE cobra decoreba e eu sempre alertei para isso!!! Mesmo sendo o CESPE, voc&ecirc;s iriam precisar conhecer a letra das normas! Por isso, os simulados foram t&atilde;o importantes!\n<\/p>\n<p>\n\tComo eu sempre recomendo: estudem os conceitos!!!\n<\/p>\n<p>\n\tCrit&eacute;rios de sustentabilidade: m&eacute;todos utilizados para avalia&ccedil;&atilde;o e compara&ccedil;&atilde;o de bens, materiais ou servi&ccedil;os em fun&ccedil;&atilde;o do seu impacto ambiental, social e econ&ocirc;mico;\n<\/p>\n<p>\n\tPr&aacute;ticas de sustentabilidade: a&ccedil;&otilde;es que tenham como objetivo a constru&ccedil;&atilde;o de um novo modelo de cultura institucional visando &agrave; inser&ccedil;&atilde;o de crit&eacute;rios de sustentabilidade nas atividades da Justi&ccedil;a Eleitoral.\n<\/p>\n<p>\n\tC &ndash; CERTO. As unidades ou n&uacute;cleos socioambientais <span style=\"color:#0000FF\"><strong>dever&atilde;o, preferencialmente, ser subordinados<\/strong> <\/span>&agrave; alta administra&ccedil;&atilde;o dos Tribunais Eleitorais tendo em vista as suas atribui&ccedil;&otilde;es estrat&eacute;gicas e as mudan&ccedil;as de paradigma que suas a&ccedil;&otilde;es compreendem. Tudo ok, esta &eacute; a op&ccedil;&atilde;o correta e portanto o gabarito!\n<\/p>\n<p>\n\tD &ndash; ERRADO. As unidades ou n&uacute;cleos socioambientais dever&atilde;o ter <span style=\"color:#FF0000\"><strong>car&aacute;ter permanente<\/strong><\/span>!\n<\/p>\n<p>\n\tE &ndash; ERRADO. A comprova&ccedil;&atilde;o das exig&ecirc;ncias contidas no instrumento convocat&oacute;rio poder&aacute; ser feita mediante certifica&ccedil;&atilde;o emitida por institui&ccedil;&atilde;o p&uacute;blica oficial ou institui&ccedil;&atilde;o credenciada, ou por qualquer outro meio definido no instrumento convocat&oacute;rio.\n<\/p>\n<p>\n\t&nbsp;\n<\/p>\n<p>\n\t<span style=\"color:#FF0000\"><strong>CESPE &ndash; ANALISTA &#8211; TRE\/PE &ndash; 19\/03\/2017<\/strong><\/span>\n<\/p>\n<p>\n\t<strong>13 &ndash; Com base no dispositivo pela Pol&iacute;tica Nacional sobre Mudan&ccedil;as do Clima (PNMC) e pela Resolu&ccedil;&atilde;o n.&ordm; 23.474\/2016 do TSE, assinale a op&ccedil;&atilde;o correta.<\/strong>\n<\/p>\n<p>\n\t<strong>A) A PNMC visa, entre outros objetivos, ao abandono do uso de fontes energ&eacute;ticas que utilizem combust&iacute;veis f&oacute;sseis.<\/strong>\n<\/p>\n<p>\n\t<strong>B) Os &ocirc;nus e encargos decorrentes de medidas a serem adotadas no &acirc;mbito da PNMC devem ser distribu&iacute;dos entre os setores econ&ocirc;micos, devendo ser eximidas dessa responsabilidade as popula&ccedil;&otilde;es e comunidades interessadas.<\/strong>\n<\/p>\n<p>\n\t<strong>C) A implanta&ccedil;&atilde;o de processo judicial eletr&ocirc;nico e a informatiza&ccedil;&atilde;o dos processos e procedimentos administrativos guardam rela&ccedil;&atilde;o com o uso sustent&aacute;vel de recursos naturais, com o combate ao desperd&iacute;cio e com o consumo consciente de materiais.<\/strong>\n<\/p>\n<p>\n\t<strong>D) Em raz&atilde;o de reparti&ccedil;&atilde;o de compet&ecirc;ncias federativas as diretrizes da PNMC restringem-se ao apoio &agrave; participa&ccedil;&atilde;o do governo federal na execu&ccedil;&atilde;o de programas e a&ccedil;&otilde;es relacionados a mudan&ccedil;as clim&aacute;ticas, cabendo aos governos estaduais e municipais estabelecer, de modo independente suas pr&oacute;prias estrat&eacute;gias.<\/strong>\n<\/p>\n<p>\n\t<strong>E) As institui&ccedil;&otilde;es financeiras oficiais disponibilizar&atilde;o linhas de cr&eacute;dito e financiamento voltadas especificamente a &oacute;rg&atilde;os e entidades p&uacute;blicas, visando &agrave; observ&acirc;ncia e a execu&ccedil;&atilde;o da PNMC.<\/strong>\n<\/p>\n<p>\n\t&nbsp;\n<\/p>\n<p>\n\t<strong>Gabarito: LETRA C. <\/strong>Na minha opini&atilde;o, esta foi a mais f&aacute;cil pois a resposta &eacute; at&eacute; intuitiva. Tendo no&ccedil;&otilde;es de sustentabilidade, seria poss&iacute;vel marcar a letra C. Debatemos bastante sobre a economia de materiais como papel e o processo judicial eletr&ocirc;nico e a informatiza&ccedil;&atilde;o est&atilde;o relacionados com essa tem&aacute;tica.\n<\/p>\n<p>\n\tA &ndash; &nbsp;ERRADO. Os objetivos da Pol&iacute;tica Nacional sobre Mudan&ccedil;a do Clima dever&atilde;o estar em conson&acirc;ncia com o desenvolvimento sustent&aacute;vel a fim de buscar o crescimento econ&ocirc;mico, a erradica&ccedil;&atilde;o da pobreza e a redu&ccedil;&atilde;o das desigualdades sociais. Em nenhum momento a Pol&iacute;tica busca abandonar o uso de combust&iacute;veis f&oacute;sseis. L&oacute;gico que devemos buscar uma matriz energ&eacute;tica mais sustent&aacute;veis, como o uso de energia renov&aacute;veis, mas isso n&atilde;o significa que a PNMC busca abandonar os combust&iacute;veis f&oacute;sseis.\n<\/p>\n<p>\n\tB &ndash; &nbsp;ERRADO. O &ocirc;nus e encargos s&atilde;o distribu&iacute;dos entre os setores econ&ocirc;micos e as popula&ccedil;&otilde;es e comunidades interessadas de modo equitativo e equilibrado.\n<\/p>\n<p>\n\tC &ndash; &nbsp;CERTO. O uso sustent&aacute;vel de recursos naturais e bens p&uacute;blicos dever&aacute; ter como objetivos o combate ao desperd&iacute;cio e o consumo consciente de materiais, com destaque para a gest&atilde;o sustent&aacute;vel de documentos como a implementa&ccedil;&atilde;o de processo judicial eletr&ocirc;nico e a informatiza&ccedil;&atilde;o dos processos e procedimentos administrativos.\n<\/p>\n<p>\n\tD &ndash; ERRADO. Uma das diretrizes &eacute; o est&iacute;mulo e o apoio &agrave; participa&ccedil;&atilde;o dos governos federal, estadual, distrital e municipal, assim como do setor produtivo, do meio acad&ecirc;mico e da sociedade civil organizada, no desenvolvimento e na execu&ccedil;&atilde;o de pol&iacute;ticas, planos, programas e a&ccedil;&otilde;es relacionados &agrave; mudan&ccedil;a do clima.\n<\/p>\n<p>\n\tE &ndash; ERRADO. As institui&ccedil;&otilde;es financeiras oficiais disponibilizar&atilde;o linhas de cr&eacute;dito e financiamento espec&iacute;ficas para desenvolver a&ccedil;&otilde;es e atividades que atendam aos objetivos da PNMC e voltadas para induzir a conduta dos agentes privados &agrave; observ&acirc;ncia e execu&ccedil;&atilde;o da PNMC, no &acirc;mbito de suas a&ccedil;&otilde;es e responsabilidades sociais.\n<\/p>\n<p>\n\t&nbsp;\n<\/p>\n<p>\n\t<span style=\"color:#FF0000\"><strong>CESPE &ndash; ANALISTA &#8211; TRE\/PE &ndash; 19\/03\/2017<\/strong><\/span>\n<\/p>\n<p>\n\t<strong>14 &ndash; Acerca dos crit&eacute;rios e das diretrizes para a promo&ccedil;&atilde;o do desenvolvimento sustent&aacute;vel nas contrata&ccedil;&otilde;es realizadas pela administra&ccedil;&atilde;o p&uacute;blica federal, assinale a op&ccedil;&atilde;o correta com base no que disp&otilde;e a PNMC.<\/strong>\n<\/p>\n<p>\n\t<strong>A) A apresenta&ccedil;&atilde;o, pelo licitante vencedor, de bem ou servi&ccedil;o que seja considerado inadequado quanto &agrave;s exig&ecirc;ncias de sustentabilidade implica sua imediata e sum&aacute;ria elimina&ccedil;&atilde;o do certame.<\/strong>\n<\/p>\n<p>\n\t<strong>B) As linhas de cr&eacute;dito e financiamento, desde que oriundas de agentes financeiros p&uacute;blicos, s&atilde;o consideradas instrumentos da PNMC.<\/strong>\n<\/p>\n<p>\n\t<strong>C) Visando estimular processos e tecnologias que contribuam para a redu&ccedil;&atilde;o de emiss&otilde;es e remo&ccedil;&atilde;o de gases de efeito estufa, o poder p&uacute;blico deve estabelecer crit&eacute;rios de prefer&ecirc;ncia nas licita&ccedil;&otilde;es p&uacute;blicas para as propostas que prevejam maior economia de energia e &aacute;gua.<\/strong>\n<\/p>\n<p>\n\t<strong>D) Na aquisi&ccedil;&atilde;o de bens, a administra&ccedil;&atilde;o p&uacute;blica pode pleitear que os bens sejam constitu&iacute;dos por subst&acirc;ncias que reduzam o impacto ambiental, mas &eacute; vedada a exig&ecirc;ncia de que sejam constitu&iacute;dos de material reciclado ou biodegrad&aacute;vel.<\/strong>\n<\/p>\n<p>\n\t<strong>E) A comiss&atilde;o Interministerial de Sustentabilidade, criada no &acirc;mbito da administra&ccedil;&atilde;o p&uacute;blica federal, tem car&aacute;ter tempor&aacute;rio e visa &agrave; implanta&ccedil;&atilde;o de planos de gest&atilde;o de log&iacute;stica sustent&aacute;vel no &acirc;mbito de cada &oacute;rg&atilde;o p&uacute;blico.<\/strong>\n<\/p>\n<p>\n\t&nbsp;\n<\/p>\n<p>\n\t<strong>Gabarito: LETRA C.<\/strong>\n<\/p>\n<p>\n\tA &ndash; &nbsp;ERRADO. Caso o bem ou servi&ccedil;o seja considerado inadequado em rela&ccedil;&atilde;o &agrave;s exig&ecirc;ncias do instrumento convocat&oacute;rio, o contratante dever&aacute; apresentar raz&otilde;es t&eacute;cnicas, assegurado o direito de manifesta&ccedil;&atilde;o do licitante vencedor.&nbsp;\n<\/p>\n<p>\n\tB &ndash; ERRADO. As linhas de cr&eacute;dito e financiamento espec&iacute;ficas de agentes financeiros p&uacute;blicos e privados s&atilde;o instrumentos!\n<\/p>\n<p>\n\tC &ndash; CERTO. Item previs&iacute;vel pois relaciona a PNMC com licita&ccedil;&otilde;es sustent&aacute;veis! Est&atilde;o entre os instrumentos&nbsp;o estabelecimento de crit&eacute;rios de prefer&ecirc;ncia nas licita&ccedil;&otilde;es e concorr&ecirc;ncias p&uacute;blicas, compreendidas a&iacute; as parcerias p&uacute;blico-privadas e a autoriza&ccedil;&atilde;o, permiss&atilde;o, outorga e concess&atilde;o para explora&ccedil;&atilde;o de servi&ccedil;os p&uacute;blicos e recursos naturais, para as propostas que propiciem maior economia de energia, &aacute;gua e outros recursos naturais e redu&ccedil;&atilde;o da emiss&atilde;o de gases de efeito estufa e de res&iacute;duos.\n<\/p>\n<p>\n\tEles utilizaram como base o artigo 6&ordm;, XII, da Lei 12.187\/10 (PNMC), que diz que &eacute; um instrumento da PNMA&nbsp;o estabelecimento de crit&eacute;rios de prefer&ecirc;ncia nas licita&ccedil;&otilde;es e concorr&ecirc;ncias p&uacute;blicas, compreendidas a&iacute; as parcerias p&uacute;blico-privadas e a autoriza&ccedil;&atilde;o, permiss&atilde;o, outorga e concess&atilde;o para explora&ccedil;&atilde;o de servi&ccedil;os p&uacute;blicos e recursos naturais, para as propostas que propiciem maior economia de energia, &aacute;gua e outros recursos naturais e redu&ccedil;&atilde;o da emiss&atilde;o de gases de efeito estufa e de res&iacute;duos.\n<\/p>\n<p>\n\tD &ndash; &nbsp;ERRADO. A administra&ccedil;&atilde;o p&uacute;blica federal direta, aut&aacute;rquica e fundacional e as empresas estatais dependentes poder&atilde;o exigir no instrumento convocat&oacute;rio para a aquisi&ccedil;&atilde;o de bens que estes sejam constitu&iacute;dos por material reciclado, at&oacute;xico ou biodegrad&aacute;vel, entre outros crit&eacute;rios de sustentabilidade.&nbsp;\n<\/p>\n<p>\n\tE &ndash; ERRADO. Essa foi muito f&aacute;cil! A Comiss&atilde;o Interministerial de Sustentabilidade na Administra&ccedil;&atilde;o P&uacute;blica &ndash;<strong><span style=\"color:#FF0000\"> CISAP<\/span><\/strong> tem natureza consultiva e <span style=\"color:#FF0000\"><strong>car&aacute;ter PERMANENTE!!!<\/strong><\/span>\n<\/p>\n<p>\n\t&nbsp;\n<\/p>\n<p>\n\t<span style=\"color:#0000FF\"><strong>Agora, vamos analisar a prova de T&eacute;cnico!<\/strong><\/span>\n<\/p>\n<p>\n\t&nbsp;\n<\/p>\n<p>\n\t<span style=\"color:#0000FF\"><strong>(CESPE &#8211; T&Eacute;CNICO &ndash; TRE PE &ndash; 2017)<\/strong><\/span>\n<\/p>\n<p>\n\t<strong>12 &ndash; Acerca de sustentabilidade nos tribunais eleitorais, assinale a op&ccedil;&atilde;o correta.<\/strong>\n<\/p>\n<p>\n\t<strong>A) Compete a cada &oacute;rg&atilde;o judicial instituir os indicadores m&iacute;nimos de avalia&ccedil;&atilde;o do seu desempenho ambiental, os quais devem ser condizentes com o Plano de Log&iacute;stica sustent&aacute;vel do Poder Judici&aacute;rio.<\/strong>\n<\/p>\n<p>\n\t<strong>B) &Eacute; vedada a subdivis&atilde;o do Plano de Log&iacute;stica Sustent&aacute;vel do Poder Judici&aacute;rio, que deve ser uniforme e homog&ecirc;neo para os diversos &oacute;rg&atilde;os do Poder Judici&aacute;rio.<\/strong>\n<\/p>\n<p>\n\t<strong>C) A ado&ccedil;&atilde;o de modelos de gest&atilde;o organizacional e de processos estruturados na promo&ccedil;&atilde;o da sustentabilidade ambiental, econ&ocirc;mica e social &eacute; obrigat&oacute;ria tanto para os &oacute;rg&atilde;os quanto para os conselhos do Poder Judici&aacute;rio.<\/strong>\n<\/p>\n<p>\n\t<strong>D) A Comiss&atilde;o Interministerial de sustentabilidade na Administra&ccedil;&atilde;o &eacute; &oacute;rg&atilde;o de natureza deliberativa quanto &aacute; implementa&ccedil;&atilde;o de crit&eacute;rios, pr&aacute;ticas e a&ccedil;&otilde;es de log&iacute;stica sustent&aacute;vel no &acirc;mbito da administra&ccedil;&atilde;o direta.<\/strong>\n<\/p>\n<p>\n\t<strong>E) Os pedidos de material e planejamento anual das unidades dos tribunais eleitorais, embasados na real necessidade de consumo, devem ser feitos considerando-se como par&acirc;metro &uacute;nico os anos eleitorais.<\/strong>\n<\/p>\n<p>\n\t<strong>Gabarito: Letra C.<\/strong>\n<\/p>\n<p>\n\tA &ndash; ERRADO. Os <strong>indicadores m&iacute;nimos<\/strong> est&atilde;o previstos no <strong>ANEXO I <\/strong>da Resolu&ccedil;&atilde;o TSE n&ordm; 23.474\/2016.\n<\/p>\n<p>\n\tB &ndash; ERRADO. O PLS-JE <strong>poder&aacute; ser subdividido<\/strong>, a crit&eacute;rio de cada &oacute;rg&atilde;o, em raz&atilde;o da complexidade de sua estrutura.\n<\/p>\n<p>\n\tC &ndash; CERTO.&nbsp;Os <strong>&oacute;rg&atilde;os e conselhos do Poder Judici&aacute;rio dever&atilde;o implementar o Plano de Log&iacute;stica Sustent&aacute;vel do Poder Judici&aacute;rio (PLS-PJ). <\/strong>&Eacute; o que disp&otilde;e a Resolu&ccedil;&atilde;o CNJ 201\/15.\n<\/p>\n<p>\n\tD &ndash; ERRADO. <strong>CISAP &eacute; consultiva.<\/strong>\n<\/p>\n<p>\n\tE &ndash; ERRADO. &nbsp;Dentre os crit&eacute;rios de consumo consciente, o pedido de material e\/ou planejamento anual de aquisi&ccedil;&otilde;es dever&atilde;o ser baseados na real necessidade de consumo at&eacute; que a unidade possa atingir o ponto de equil&iacute;brio, considerando os <strong>anos eleitorais e n&atilde;o eleitorais.<\/strong>\n<\/p>\n<p>\n\t&nbsp;\n<\/p>\n<p>\n\t<span style=\"color:#0000FF\"><strong>(CESPE &#8211; T&Eacute;CNICO &ndash; TRE PE &ndash; 2017)<\/strong><\/span>\n<\/p>\n<p>\n\t<strong>13 &ndash; A respeito da Agenda Ambiental da Administra&ccedil;&atilde;o P&uacute;blica (A3P) e das pol&iacute;ticas relacionadas ao clima e aos res&iacute;duos s&oacute;lidos, assinale a op&ccedil;&atilde;o correta.<\/strong>\n<\/p>\n<p>\n\t<strong>A) A gest&atilde;o e o gerenciamento de res&iacute;duos s&oacute;lidos compreendem a n&atilde;o gera&ccedil;&atilde;o e a redu&ccedil;&atilde;o, mas n&atilde;o a reutiliza&ccedil;&atilde;o, dadas a natureza e composi&ccedil;&atilde;o desses res&iacute;duos.<\/strong>\n<\/p>\n<p>\n\t<strong>B) A A3P deve ser obrigatoriamente observada na elabora&ccedil;&atilde;o do Plano de Log&iacute;stica Sustent&aacute;vel da Justi&ccedil;a Eleitoral.<\/strong>\n<\/p>\n<p>\n\t<strong>C) Visando alcan&ccedil;ar os objetivos tra&ccedil;ados na Pol&iacute;tica Nacional da Mudan&ccedil;a do Clima, o Brasil adotou voluntariamente o compromisso de promover a&ccedil;&otilde;es de mitiga&ccedil;&atilde;o das emiss&otilde;es de gases de efeito estufa.<\/strong>\n<\/p>\n<p>\n\t<strong>D) A lei que institu&iacute;a Pol&iacute;tica Nacional de Res&iacute;duos S&oacute;lidos n&atilde;o alcan&ccedil;a as pessoas de direito privado, mas aplica-se a todas as pessoas jur&iacute;dicas de direito p&uacute;blico respons&aacute;veis pela gera&ccedil;&atilde;o de res&iacute;duos s&oacute;lidos.<\/strong>\n<\/p>\n<p>\n\t<strong>E) A utiliza&ccedil;&atilde;o de tecnologias para a recupera&ccedil;&atilde;o energ&eacute;tica dos res&iacute;duos s&oacute;lidos urbanos independe de comprova&ccedil;&atilde;o de viabilidade t&eacute;cnica e ambiental.<\/strong>\n<\/p>\n<p>\n\t<strong>Gabarito: LETRA C.<\/strong>\n<\/p>\n<p>\n\tA &ndash; ERRADO. <strong>N&atilde;o gera&ccedil;&atilde;o, redu&ccedil;&atilde;o, reutiliza&ccedil;&atilde;o, reciclagem e tratamento dos res&iacute;duos s&oacute;lidos, bem como disposi&ccedil;&atilde;o final ambientalmente adequada dos rejeitos.<\/strong>\n<\/p>\n<p>\n\tB &ndash; ERRADO. Ela <strong>poder&aacute; <\/strong>ser observada, mesmo porque ela n&atilde;o &eacute; obrigat&oacute;ria. Poder&aacute; &eacute; diferente de dever&aacute;!\n<\/p>\n<p>\n\tC &ndash; CERTO. Para alcan&ccedil;ar os objetivos da PNMC, o Pa&iacute;s adotar&aacute;, como <strong>compromisso nacional volunt&aacute;rio<\/strong>, a&ccedil;&otilde;es de mitiga&ccedil;&atilde;o das emiss&otilde;es de gases de efeito estufa, com vistas em reduzir entre 36,1% (trinta e seis inteiros e um d&eacute;cimo por cento) e 38,9% (trinta e oito inteiros e nove d&eacute;cimos por cento) suas emiss&otilde;es projetadas at&eacute; 2020.\n<\/p>\n<p>\n\tD &ndash; ERRADO. &nbsp;Est&atilde;o sujeitas &agrave; observ&acirc;ncia da PNRS as <strong>pessoas f&iacute;sicas ou jur&iacute;dicas, de direito p&uacute;blico ou privado<\/strong>, respons&aacute;veis, direta ou indiretamente, pela gera&ccedil;&atilde;o de res&iacute;duos s&oacute;lidos e as que desenvolvam a&ccedil;&otilde;es relacionadas &agrave; gest&atilde;o integrada ou ao gerenciamento de res&iacute;duos s&oacute;lidos.&nbsp;\n<\/p>\n<p>\n\tE &ndash; ERRADO. Poder&atilde;o ser utilizadas tecnologias visando &agrave; recupera&ccedil;&atilde;o energ&eacute;tica dos res&iacute;duos s&oacute;lidos urbanos, desde que tenha sido comprovada sua viabilidade t&eacute;cnica e ambiental e com a implanta&ccedil;&atilde;o de programa de monitoramento de emiss&atilde;o de gases t&oacute;xicos aprovado pelo &oacute;rg&atilde;o ambiental.&nbsp;\n<\/p>\n<p>\n\t&nbsp;\n<\/p>\n<p>\n\t<span style=\"color:#0000FF\"><strong>(CESPE &#8211; T&Eacute;CNICO &ndash; TRE PE &ndash; 2017)<\/strong><\/span>\n<\/p>\n<p>\n\t<strong>14 &ndash; A luz das disposi&ccedil;&otilde;es da Lei n.&ordm; 12.305\/2010, que trata da Pol&iacute;tica Nacional de Res&iacute;duos S&oacute;lidos, assinale a op&ccedil;&atilde;o correta.<\/strong>\n<\/p>\n<p>\n\t<strong>A) Os planos de gerenciamento de res&iacute;duos s&oacute;lidos elaborados pela Uni&atilde;o e pelos estados t&ecirc;m vig&ecirc;ncia indeterminada, mas devem ser atualizados anualmente.<\/strong>\n<\/p>\n<p>\n\t<strong>B) Estar&atilde;o sujeitos &agrave; elabora&ccedil;&atilde;o de plano de gerenciamento de res&iacute;duos s&oacute;lidos os estabelecimentos comercias e os prestadores de servi&ccedil;os que gerarem res&iacute;duos perigosos ou res&iacute;duos que, por suas caracter&iacute;sticas, n&atilde;o possam ser equiparados aos res&iacute;duos domiciliares.<\/strong>\n<\/p>\n<p>\n\t<strong>C) Os prestadores de servi&ccedil;os p&uacute;blicos de limpeza urbana s&atilde;o os principais respons&aacute;veis pela implementa&ccedil;&atilde;o de sistemas de log&iacute;sticas reversa para o retorno, aos fabricantes, de produtos usados que tenham potencial poluente, como os artigos eletroeletr&ocirc;nicos.<\/strong>\n<\/p>\n<p>\n\t<strong>D) Cabe &agrave; Uni&atilde;o fornecer ao Sistema Nacional de Informa&ccedil;&otilde;es sobre Gest&atilde;o dos Res&iacute;duos S&oacute;lidos as informa&ccedil;&otilde;es referentes aos res&iacute;duos na esfera de compet&ecirc;ncia de todos os entes federativos.<\/strong>\n<\/p>\n<p>\n\t<strong>E) A lei considera res&iacute;duos perigosos aqueles que apresentem significativo risco &agrave; sa&uacute;de p&uacute;blica, mas n&atilde;o os que apresentem risco &agrave; qualidade ambiental.<\/strong>\n<\/p>\n<p>\n\t&nbsp;\n<\/p>\n<p>\n\t<b>Gabarito: LETRA B.<\/b>\n<\/p>\n<p>\n\tA &ndash; ERRADO.<strong> Atualizado a cada 4 (quatro) anos.<\/strong>\n<\/p>\n<p>\n\tB &ndash; CERTO. Est&atilde;o sujeitos &agrave; elabora&ccedil;&atilde;o de plano de gerenciamento de res&iacute;duos s&oacute;lidos os estabelecimentos comerciais e de presta&ccedil;&atilde;o de servi&ccedil;os que:&nbsp;\n<\/p>\n<p>\n\ta) gerem res&iacute;duos perigosos;&nbsp;\n<\/p>\n<p>\n\tb) gerem res&iacute;duos que, mesmo caracterizados como n&atilde;o perigosos, por sua natureza, composi&ccedil;&atilde;o ou volume, n&atilde;o sejam equiparados aos res&iacute;duos domiciliares pelo poder p&uacute;blico municipal;&nbsp;\n<\/p>\n<p>\n\tC &ndash; ERRADO. &nbsp; A log&iacute;stica reversa <strong>ocorre de forma independente <\/strong>do servi&ccedil;o p&uacute;blico de limpeza urbana e de manejo dos res&iacute;duos s&oacute;lidos.\n<\/p>\n<p>\n\tD &ndash; ERRADO. A Uni&atilde;o, os Estados, o Distrito Federal e os Munic&iacute;pios organizar&atilde;o e manter&atilde;o, de forma conjunta, o Sistema Nacional de Informa&ccedil;&otilde;es sobre a Gest&atilde;o dos Res&iacute;duos S&oacute;lidos (Sinir). Incumbe aos <strong>Estados, ao Distrito Federal e aos Munic&iacute;pios<\/strong> fornecer ao &oacute;rg&atilde;o federal respons&aacute;vel pela coordena&ccedil;&atilde;o do Sinir todas as informa&ccedil;&otilde;es necess&aacute;rias sobre os res&iacute;duos sob sua esfera de compet&ecirc;ncia.\n<\/p>\n<p>\n\tE &ndash; ERRADO. Perigosos s&atilde;o aqueles que, em raz&atilde;o de suas caracter&iacute;sticas de inflamabilidade, corrosividade, reatividade, toxicidade, patogenicidade, carcinogenicidade, teratogenicidade e mutagenicidade, <strong>apresentam significativo risco &agrave; sa&uacute;de p&uacute;blica ou &agrave; qualidade ambiental.<\/strong>\n<\/p>\n<p>\n\tEspero que tenham feito uma boa prova! Quem gabaritou com certeza garantiu uns pontinhos preciosos, pois a prova foi em uma cobran&ccedil;a mais elevada.\n<\/p>\n<p>\n\tAbra&ccedil;os!\n<\/p>\n<p>\n\tRosenval Jr.\n<\/p>\n<p>\n\t<a href=\"https:\/\/www.instagram.com\/profrosenval\/\">https:\/\/www.instagram.com\/profrosenval\/<\/a>\n<\/p>\n<p>\n\t<a href=\"https:\/\/m.facebook.com\/rosenvaljunior\">https:\/\/m.facebook.com\/rosenvaljunior<\/a><\/p>\n","protected":false},"excerpt":{"rendered":"<p>no\u00e7\u00f5es de sustentabilidade TRE PE PDF ROSENVAL PROVA COMENTADO GABARITO<\/p>\n","protected":false},"author":73,"featured_media":0,"comment_status":"open","ping_status":"open","sticky":false,"template":"","format":"standard","meta":{"post_tipo":"article","footnotes":""},"categories":[1],"tags":[2196,2123,2207],"tax_estado":[],"class_list":["post-67523","post","type-post","status-publish","format-standard","hentry","category-cursos-e-concursos","tag-edital-tre-pe","tag-nocoes-de-sustentabilidade","tag-nocoes-de-sustentabilidade-rosenval"],"acf":[],"yoast_head":"<!-- This site is optimized with the Yoast SEO Premium plugin v27.2 (Yoast SEO v27.2) - https:\/\/yoast.com\/product\/yoast-seo-premium-wordpress\/ -->\n<title>Sustentabilidade TRE PE [Gabarito extraoficial comentado para Analista e T\u00e9cnico.]<\/title>\n<meta name=\"robots\" content=\"index, follow, max-snippet:-1, max-image-preview:large, max-video-preview:-1\" \/>\n<link rel=\"canonical\" href=\"https:\/\/www.estrategiaconcursos.com.br\/blog\/sustentabilidade-tre-pe-gabarito-extraoficial-comentado\/\" \/>\n<meta property=\"og:locale\" content=\"pt_BR\" \/>\n<meta property=\"og:type\" content=\"article\" \/>\n<meta property=\"og:title\" content=\"Sustentabilidade TRE PE [Gabarito extraoficial comentado para Analista e T\u00e9cnico.]\" \/>\n<meta property=\"og:description\" content=\"no\u00e7\u00f5es de sustentabilidade TRE PE PDF ROSENVAL PROVA COMENTADO GABARITO\" \/>\n<meta property=\"og:url\" content=\"https:\/\/www.estrategiaconcursos.com.br\/blog\/sustentabilidade-tre-pe-gabarito-extraoficial-comentado\/\" \/>\n<meta property=\"og:site_name\" content=\"Estrat\u00e9gia Concursos\" \/>\n<meta property=\"article:author\" content=\"https:\/\/www.facebook.com\/rosenvaljr\" \/>\n<meta property=\"article:published_time\" content=\"2017-03-21T17:00:07+00:00\" \/>\n<meta property=\"article:modified_time\" content=\"2017-08-16T20:02:24+00:00\" \/>\n<meta name=\"author\" content=\"Rosenval J\u00fanior\" \/>\n<meta name=\"twitter:card\" content=\"summary_large_image\" \/>\n<meta name=\"twitter:creator\" content=\"@EstratConcursos\" \/>\n<meta name=\"twitter:site\" content=\"@EstratConcursos\" \/>\n<meta name=\"twitter:label1\" content=\"Escrito por\" \/>\n\t<meta name=\"twitter:data1\" content=\"Rosenval J\u00fanior\" \/>\n\t<meta name=\"twitter:label2\" content=\"Est. tempo de leitura\" \/>\n\t<meta name=\"twitter:data2\" content=\"19 minutos\" \/>\n<script type=\"application\/ld+json\" class=\"yoast-schema-graph\">{\"@context\":\"https:\/\/schema.org\",\"@graph\":[{\"@type\":\"NewsArticle\",\"@id\":\"https:\/\/www.estrategiaconcursos.com.br\/blog\/sustentabilidade-tre-pe-gabarito-extraoficial-comentado\/#article\",\"isPartOf\":{\"@id\":\"https:\/\/www.estrategiaconcursos.com.br\/blog\/sustentabilidade-tre-pe-gabarito-extraoficial-comentado\/\"},\"author\":{\"name\":\"Rosenval J\u00fanior\",\"@id\":\"https:\/\/www.estrategiaconcursos.com.br\/blog\/#\/schema\/person\/3489eb8fb39ff11193689cf7762b03b0\"},\"headline\":\"Sustentabilidade TRE PE [Gabarito extraoficial comentado para Analista e T\u00e9cnico.]\",\"datePublished\":\"2017-03-21T17:00:07+00:00\",\"dateModified\":\"2017-08-16T20:02:24+00:00\",\"mainEntityOfPage\":{\"@id\":\"https:\/\/www.estrategiaconcursos.com.br\/blog\/sustentabilidade-tre-pe-gabarito-extraoficial-comentado\/\"},\"wordCount\":3786,\"commentCount\":11,\"publisher\":{\"@id\":\"https:\/\/www.estrategiaconcursos.com.br\/blog\/#organization\"},\"keywords\":[\"edital tre pe\",\"No\u00e7\u00f5es de Sustentabilidade\",\"No\u00e7\u00f5es de Sustentabilidade Rosenval\"],\"articleSection\":[\"Concursos P\u00fablicos\"],\"inLanguage\":\"pt-BR\",\"potentialAction\":[{\"@type\":\"CommentAction\",\"name\":\"Comment\",\"target\":[\"https:\/\/www.estrategiaconcursos.com.br\/blog\/sustentabilidade-tre-pe-gabarito-extraoficial-comentado\/#respond\"]}],\"copyrightYear\":\"2017\",\"copyrightHolder\":{\"@id\":\"https:\/\/www.estrategiaconcursos.com.br\/blog\/#organization\"}},{\"@type\":\"WebPage\",\"@id\":\"https:\/\/www.estrategiaconcursos.com.br\/blog\/sustentabilidade-tre-pe-gabarito-extraoficial-comentado\/\",\"url\":\"https:\/\/www.estrategiaconcursos.com.br\/blog\/sustentabilidade-tre-pe-gabarito-extraoficial-comentado\/\",\"name\":\"Sustentabilidade TRE PE [Gabarito extraoficial comentado para Analista e T\u00e9cnico.]\",\"isPartOf\":{\"@id\":\"https:\/\/www.estrategiaconcursos.com.br\/blog\/#website\"},\"datePublished\":\"2017-03-21T17:00:07+00:00\",\"dateModified\":\"2017-08-16T20:02:24+00:00\",\"breadcrumb\":{\"@id\":\"https:\/\/www.estrategiaconcursos.com.br\/blog\/sustentabilidade-tre-pe-gabarito-extraoficial-comentado\/#breadcrumb\"},\"inLanguage\":\"pt-BR\",\"potentialAction\":[{\"@type\":\"ReadAction\",\"target\":[\"https:\/\/www.estrategiaconcursos.com.br\/blog\/sustentabilidade-tre-pe-gabarito-extraoficial-comentado\/\"]}]},{\"@type\":\"BreadcrumbList\",\"@id\":\"https:\/\/www.estrategiaconcursos.com.br\/blog\/sustentabilidade-tre-pe-gabarito-extraoficial-comentado\/#breadcrumb\",\"itemListElement\":[{\"@type\":\"ListItem\",\"position\":1,\"name\":\"In\u00edcio\",\"item\":\"https:\/\/www.estrategiaconcursos.com.br\/blog\/\"},{\"@type\":\"ListItem\",\"position\":2,\"name\":\"Sustentabilidade TRE PE [Gabarito extraoficial comentado para Analista e T\u00e9cnico.]\"}]},{\"@type\":\"WebSite\",\"@id\":\"https:\/\/www.estrategiaconcursos.com.br\/blog\/#website\",\"url\":\"https:\/\/www.estrategiaconcursos.com.br\/blog\/\",\"name\":\"Estrat\u00e9gia Concursos\",\"description\":\"O blog da Estrat\u00e9gia Concursos traz not\u00edcias sobre concursos e artigos de professores oferecendo cursos para concursos (pdf + videaulas) no site.\",\"publisher\":{\"@id\":\"https:\/\/www.estrategiaconcursos.com.br\/blog\/#organization\"},\"potentialAction\":[{\"@type\":\"SearchAction\",\"target\":{\"@type\":\"EntryPoint\",\"urlTemplate\":\"https:\/\/www.estrategiaconcursos.com.br\/blog\/?s={search_term_string}\"},\"query-input\":{\"@type\":\"PropertyValueSpecification\",\"valueRequired\":true,\"valueName\":\"search_term_string\"}}],\"inLanguage\":\"pt-BR\"},{\"@type\":\"Organization\",\"@id\":\"https:\/\/www.estrategiaconcursos.com.br\/blog\/#organization\",\"name\":\"Estrat\u00e9gia Concursos\",\"url\":\"https:\/\/www.estrategiaconcursos.com.br\/blog\/\",\"logo\":{\"@type\":\"ImageObject\",\"inLanguage\":\"pt-BR\",\"@id\":\"https:\/\/www.estrategiaconcursos.com.br\/blog\/#\/schema\/logo\/image\/\",\"url\":\"https:\/\/dhg1h5j42swfq.cloudfront.net\/2025\/06\/03203428\/logo_concursos-1.jpg\",\"contentUrl\":\"https:\/\/dhg1h5j42swfq.cloudfront.net\/2025\/06\/03203428\/logo_concursos-1.jpg\",\"width\":230,\"height\":60,\"caption\":\"Estrat\u00e9gia Concursos\"},\"image\":{\"@id\":\"https:\/\/www.estrategiaconcursos.com.br\/blog\/#\/schema\/logo\/image\/\"},\"sameAs\":[\"https:\/\/x.com\/EstratConcursos\"]},{\"@type\":\"Person\",\"@id\":\"https:\/\/www.estrategiaconcursos.com.br\/blog\/#\/schema\/person\/3489eb8fb39ff11193689cf7762b03b0\",\"name\":\"Rosenval J\u00fanior\",\"image\":{\"@type\":\"ImageObject\",\"inLanguage\":\"pt-BR\",\"@id\":\"https:\/\/secure.gravatar.com\/avatar\/dc38e7bcadccb99c8a28b35b027bdc6b8b6a65ee938a25ed335e3e31eed462e0?s=96&d=mm&r=g\",\"url\":\"https:\/\/secure.gravatar.com\/avatar\/dc38e7bcadccb99c8a28b35b027bdc6b8b6a65ee938a25ed335e3e31eed462e0?s=96&d=mm&r=g\",\"contentUrl\":\"https:\/\/secure.gravatar.com\/avatar\/dc38e7bcadccb99c8a28b35b027bdc6b8b6a65ee938a25ed335e3e31eed462e0?s=96&d=mm&r=g\",\"caption\":\"Rosenval J\u00fanior\"},\"description\":\"Graduado pela Universidade Federal de Vi\u00e7osa - UFV. P\u00f3s-graduado em Direito Ambiental. Graduado tamb\u00e9m em Gest\u00e3o Ambiental, com tr\u00eas especializa\u00e7\u00f5es na \u00e1rea ambiental. Mestrando em Engenharia Ambiental. Servidor p\u00fablico do Minist\u00e9rio da Justi\u00e7a e professor de Direito Ambiental, Meio Ambiente, Direito Agr\u00e1rio e Direito Urban\u00edstico para concursos p\u00fablicos. Professor de Direito Ambiental para o Exame de Ordem. Aprovado em 15 concursos p\u00fablicos na \u00e1rea de Meio Ambiente como Analista Ambiental do Instituto Brasileiro do Meio Ambiente e dos Recursos Naturais Renov\u00e1veis - IBAMA; Analista Pericial - Especialidade Engenharia Florestal do Minist\u00e9rio P\u00fablico da Uni\u00e3o - MPU; Analista de Infraestrutura - \u00c1rea de Especializa\u00e7\u00e3o Ambiental do Departamento Nacional de Infraestrutura de Transportes - DNIT; Especialista em Regula\u00e7\u00e3o - \u00c1rea Engenharia Ambiental e Engenharia Florestal, com \u00eanfase em Meio Ambiente da Ag\u00eancia Nacional de Transportes Terrestres - ANTT; Consultor Legislativo em Meio Ambiente e Direito Ambiental, Organiza\u00e7\u00e3o Territorial, Desenvolvimento Urbano e Regional da C\u00e2mara dos Deputados; entre outros. Autor do livro \\\"Direito Ambiental para Concursos e Exame de Ordem\\\", Editora Juru\u00e1. Iniciou sua carreira no servi\u00e7o p\u00fablico federal em 2006, quando obteve aprova\u00e7\u00e3o em 1\u00b0 lugar para o cargo de engenheiro florestal da Casa Civil da Presid\u00eancia da Rep\u00fablica\/Arquivo Nacional. Alguns concursos em que foi aprovado: 1\u00b0 lugar para Analista do Minist\u00e9rio P\u00fablico de MG; 1\u00ba lugar para Engenheiro da Casa Civil da Presid\u00eancia da Rep\u00fablica; 1\u00b0 lugar para T\u00e9cnico em Recursos Naturais \u2013 n\u00edvel II \u2013 \u00c1rea Engenharia Florestal do IDAF; 2\u00b0 lugar para Analista Pericial do Minist\u00e9rio P\u00fablico da Uni\u00e3o - MPU; 2\u00b0 lugar para Analista em Reforma e Desenvolvimento Agr\u00e1rio do INCRA; 7\u00ba lugar Engenheiro J\u00fanior da Caixa Econ\u00f4mica Federal; 10\u00ba lugar para Analista Ambiental do Instituto Estadual de Florestas - IEF\/MG; 6\u00ba lugar para Analista de Infraestrutura (\u00c1rea de Especializa\u00e7\u00e3o Ambiental) do Departamento Nacional de Infraestrutura de Transportes \u2013 DNIT (Prova objetiva e discursiva); 2\u00b0 lugar para Perito Criminal da Pol\u00edcia Civil do Estado do Rio de Janeiro \u2013PCERJ (Resultado na Prova objetiva, TAF, Avalia\u00e7\u00e3o M\u00e9dica, e Psicot\u00e9cnico); 10\u00ba lugar para Perito Criminal da Pol\u00edcia Federal \u2013 DPF \u2013 \u00c1rea 9 (Resultado definitivo na prova objetiva e discursiva); 2\u00b0 lugar para Analista Ambiental do Instituto Brasileiro do Meio Ambiente e dos Recursos Naturais Renov\u00e1veis \u2013 IBAMA (Prova objetiva e discursiva); 1\u00b0 lugar para Especialista em Regula\u00e7\u00e3o Engenharia Ambiental e Engenharia Florestal (com \u00eanfase em meio ambiente) da Ag\u00eancia Nacional de Transportes Terrestres - ANTT (Resultado da prova objetiva, discursiva e de t\u00edtulos); 10\u00ba lugar para Consultor Legislativo em Meio Ambiente e Direito Ambiental, Organiza\u00e7\u00e3o Territorial, Desenvolvimento Urbano e Regional da C\u00e2mara dos Deputados. (Resultado da prova objetiva, discursiva e de t\u00edtulos) Entre em contato comigo pelo facebook e pelo Youtube. Basta colocar na busca: Rosenval J\u00fanior. Ou copiar e colar o endere\u00e7o: www.facebook.com\/rosenvaljr Acesse o meu site e saiba mais: www.aprendadireitoambiental.com.br\",\"sameAs\":[\"http:\/\/www.aprendadireitoambiental.com.br\",\"https:\/\/www.facebook.com\/rosenvaljr\"],\"url\":\"https:\/\/www.estrategiaconcursos.com.br\/blog\/author\/rosenvaljuniorestrategiaconcursos-com-br\/\"}]}<\/script>\n<!-- \/ Yoast SEO Premium plugin. -->","yoast_head_json":{"title":"Sustentabilidade TRE PE [Gabarito extraoficial comentado para Analista e T\u00e9cnico.]","robots":{"index":"index","follow":"follow","max-snippet":"max-snippet:-1","max-image-preview":"max-image-preview:large","max-video-preview":"max-video-preview:-1"},"canonical":"https:\/\/www.estrategiaconcursos.com.br\/blog\/sustentabilidade-tre-pe-gabarito-extraoficial-comentado\/","og_locale":"pt_BR","og_type":"article","og_title":"Sustentabilidade TRE PE [Gabarito extraoficial comentado para Analista e T\u00e9cnico.]","og_description":"no\u00e7\u00f5es de sustentabilidade TRE PE PDF ROSENVAL PROVA COMENTADO GABARITO","og_url":"https:\/\/www.estrategiaconcursos.com.br\/blog\/sustentabilidade-tre-pe-gabarito-extraoficial-comentado\/","og_site_name":"Estrat\u00e9gia Concursos","article_author":"https:\/\/www.facebook.com\/rosenvaljr","article_published_time":"2017-03-21T17:00:07+00:00","article_modified_time":"2017-08-16T20:02:24+00:00","author":"Rosenval J\u00fanior","twitter_card":"summary_large_image","twitter_creator":"@EstratConcursos","twitter_site":"@EstratConcursos","twitter_misc":{"Escrito por":"Rosenval J\u00fanior","Est. tempo de leitura":"19 minutos"},"schema":{"@context":"https:\/\/schema.org","@graph":[{"@type":"NewsArticle","@id":"https:\/\/www.estrategiaconcursos.com.br\/blog\/sustentabilidade-tre-pe-gabarito-extraoficial-comentado\/#article","isPartOf":{"@id":"https:\/\/www.estrategiaconcursos.com.br\/blog\/sustentabilidade-tre-pe-gabarito-extraoficial-comentado\/"},"author":{"name":"Rosenval J\u00fanior","@id":"https:\/\/www.estrategiaconcursos.com.br\/blog\/#\/schema\/person\/3489eb8fb39ff11193689cf7762b03b0"},"headline":"Sustentabilidade TRE PE [Gabarito extraoficial comentado para Analista e T\u00e9cnico.]","datePublished":"2017-03-21T17:00:07+00:00","dateModified":"2017-08-16T20:02:24+00:00","mainEntityOfPage":{"@id":"https:\/\/www.estrategiaconcursos.com.br\/blog\/sustentabilidade-tre-pe-gabarito-extraoficial-comentado\/"},"wordCount":3786,"commentCount":11,"publisher":{"@id":"https:\/\/www.estrategiaconcursos.com.br\/blog\/#organization"},"keywords":["edital tre pe","No\u00e7\u00f5es de Sustentabilidade","No\u00e7\u00f5es de Sustentabilidade Rosenval"],"articleSection":["Concursos P\u00fablicos"],"inLanguage":"pt-BR","potentialAction":[{"@type":"CommentAction","name":"Comment","target":["https:\/\/www.estrategiaconcursos.com.br\/blog\/sustentabilidade-tre-pe-gabarito-extraoficial-comentado\/#respond"]}],"copyrightYear":"2017","copyrightHolder":{"@id":"https:\/\/www.estrategiaconcursos.com.br\/blog\/#organization"}},{"@type":"WebPage","@id":"https:\/\/www.estrategiaconcursos.com.br\/blog\/sustentabilidade-tre-pe-gabarito-extraoficial-comentado\/","url":"https:\/\/www.estrategiaconcursos.com.br\/blog\/sustentabilidade-tre-pe-gabarito-extraoficial-comentado\/","name":"Sustentabilidade TRE PE [Gabarito extraoficial comentado para Analista e T\u00e9cnico.]","isPartOf":{"@id":"https:\/\/www.estrategiaconcursos.com.br\/blog\/#website"},"datePublished":"2017-03-21T17:00:07+00:00","dateModified":"2017-08-16T20:02:24+00:00","breadcrumb":{"@id":"https:\/\/www.estrategiaconcursos.com.br\/blog\/sustentabilidade-tre-pe-gabarito-extraoficial-comentado\/#breadcrumb"},"inLanguage":"pt-BR","potentialAction":[{"@type":"ReadAction","target":["https:\/\/www.estrategiaconcursos.com.br\/blog\/sustentabilidade-tre-pe-gabarito-extraoficial-comentado\/"]}]},{"@type":"BreadcrumbList","@id":"https:\/\/www.estrategiaconcursos.com.br\/blog\/sustentabilidade-tre-pe-gabarito-extraoficial-comentado\/#breadcrumb","itemListElement":[{"@type":"ListItem","position":1,"name":"In\u00edcio","item":"https:\/\/www.estrategiaconcursos.com.br\/blog\/"},{"@type":"ListItem","position":2,"name":"Sustentabilidade TRE PE [Gabarito extraoficial comentado para Analista e T\u00e9cnico.]"}]},{"@type":"WebSite","@id":"https:\/\/www.estrategiaconcursos.com.br\/blog\/#website","url":"https:\/\/www.estrategiaconcursos.com.br\/blog\/","name":"Estrat\u00e9gia Concursos","description":"O blog da Estrat\u00e9gia Concursos traz not\u00edcias sobre concursos e artigos de professores oferecendo cursos para concursos (pdf + videaulas) no site.","publisher":{"@id":"https:\/\/www.estrategiaconcursos.com.br\/blog\/#organization"},"potentialAction":[{"@type":"SearchAction","target":{"@type":"EntryPoint","urlTemplate":"https:\/\/www.estrategiaconcursos.com.br\/blog\/?s={search_term_string}"},"query-input":{"@type":"PropertyValueSpecification","valueRequired":true,"valueName":"search_term_string"}}],"inLanguage":"pt-BR"},{"@type":"Organization","@id":"https:\/\/www.estrategiaconcursos.com.br\/blog\/#organization","name":"Estrat\u00e9gia Concursos","url":"https:\/\/www.estrategiaconcursos.com.br\/blog\/","logo":{"@type":"ImageObject","inLanguage":"pt-BR","@id":"https:\/\/www.estrategiaconcursos.com.br\/blog\/#\/schema\/logo\/image\/","url":"https:\/\/dhg1h5j42swfq.cloudfront.net\/2025\/06\/03203428\/logo_concursos-1.jpg","contentUrl":"https:\/\/dhg1h5j42swfq.cloudfront.net\/2025\/06\/03203428\/logo_concursos-1.jpg","width":230,"height":60,"caption":"Estrat\u00e9gia Concursos"},"image":{"@id":"https:\/\/www.estrategiaconcursos.com.br\/blog\/#\/schema\/logo\/image\/"},"sameAs":["https:\/\/x.com\/EstratConcursos"]},{"@type":"Person","@id":"https:\/\/www.estrategiaconcursos.com.br\/blog\/#\/schema\/person\/3489eb8fb39ff11193689cf7762b03b0","name":"Rosenval J\u00fanior","image":{"@type":"ImageObject","inLanguage":"pt-BR","@id":"https:\/\/secure.gravatar.com\/avatar\/dc38e7bcadccb99c8a28b35b027bdc6b8b6a65ee938a25ed335e3e31eed462e0?s=96&d=mm&r=g","url":"https:\/\/secure.gravatar.com\/avatar\/dc38e7bcadccb99c8a28b35b027bdc6b8b6a65ee938a25ed335e3e31eed462e0?s=96&d=mm&r=g","contentUrl":"https:\/\/secure.gravatar.com\/avatar\/dc38e7bcadccb99c8a28b35b027bdc6b8b6a65ee938a25ed335e3e31eed462e0?s=96&d=mm&r=g","caption":"Rosenval J\u00fanior"},"description":"Graduado pela Universidade Federal de Vi\u00e7osa - UFV. P\u00f3s-graduado em Direito Ambiental. Graduado tamb\u00e9m em Gest\u00e3o Ambiental, com tr\u00eas especializa\u00e7\u00f5es na \u00e1rea ambiental. Mestrando em Engenharia Ambiental. Servidor p\u00fablico do Minist\u00e9rio da Justi\u00e7a e professor de Direito Ambiental, Meio Ambiente, Direito Agr\u00e1rio e Direito Urban\u00edstico para concursos p\u00fablicos. Professor de Direito Ambiental para o Exame de Ordem. Aprovado em 15 concursos p\u00fablicos na \u00e1rea de Meio Ambiente como Analista Ambiental do Instituto Brasileiro do Meio Ambiente e dos Recursos Naturais Renov\u00e1veis - IBAMA; Analista Pericial - Especialidade Engenharia Florestal do Minist\u00e9rio P\u00fablico da Uni\u00e3o - MPU; Analista de Infraestrutura - \u00c1rea de Especializa\u00e7\u00e3o Ambiental do Departamento Nacional de Infraestrutura de Transportes - DNIT; Especialista em Regula\u00e7\u00e3o - \u00c1rea Engenharia Ambiental e Engenharia Florestal, com \u00eanfase em Meio Ambiente da Ag\u00eancia Nacional de Transportes Terrestres - ANTT; Consultor Legislativo em Meio Ambiente e Direito Ambiental, Organiza\u00e7\u00e3o Territorial, Desenvolvimento Urbano e Regional da C\u00e2mara dos Deputados; entre outros. Autor do livro \"Direito Ambiental para Concursos e Exame de Ordem\", Editora Juru\u00e1. Iniciou sua carreira no servi\u00e7o p\u00fablico federal em 2006, quando obteve aprova\u00e7\u00e3o em 1\u00b0 lugar para o cargo de engenheiro florestal da Casa Civil da Presid\u00eancia da Rep\u00fablica\/Arquivo Nacional. Alguns concursos em que foi aprovado: 1\u00b0 lugar para Analista do Minist\u00e9rio P\u00fablico de MG; 1\u00ba lugar para Engenheiro da Casa Civil da Presid\u00eancia da Rep\u00fablica; 1\u00b0 lugar para T\u00e9cnico em Recursos Naturais \u2013 n\u00edvel II \u2013 \u00c1rea Engenharia Florestal do IDAF; 2\u00b0 lugar para Analista Pericial do Minist\u00e9rio P\u00fablico da Uni\u00e3o - MPU; 2\u00b0 lugar para Analista em Reforma e Desenvolvimento Agr\u00e1rio do INCRA; 7\u00ba lugar Engenheiro J\u00fanior da Caixa Econ\u00f4mica Federal; 10\u00ba lugar para Analista Ambiental do Instituto Estadual de Florestas - IEF\/MG; 6\u00ba lugar para Analista de Infraestrutura (\u00c1rea de Especializa\u00e7\u00e3o Ambiental) do Departamento Nacional de Infraestrutura de Transportes \u2013 DNIT (Prova objetiva e discursiva); 2\u00b0 lugar para Perito Criminal da Pol\u00edcia Civil do Estado do Rio de Janeiro \u2013PCERJ (Resultado na Prova objetiva, TAF, Avalia\u00e7\u00e3o M\u00e9dica, e Psicot\u00e9cnico); 10\u00ba lugar para Perito Criminal da Pol\u00edcia Federal \u2013 DPF \u2013 \u00c1rea 9 (Resultado definitivo na prova objetiva e discursiva); 2\u00b0 lugar para Analista Ambiental do Instituto Brasileiro do Meio Ambiente e dos Recursos Naturais Renov\u00e1veis \u2013 IBAMA (Prova objetiva e discursiva); 1\u00b0 lugar para Especialista em Regula\u00e7\u00e3o Engenharia Ambiental e Engenharia Florestal (com \u00eanfase em meio ambiente) da Ag\u00eancia Nacional de Transportes Terrestres - ANTT (Resultado da prova objetiva, discursiva e de t\u00edtulos); 10\u00ba lugar para Consultor Legislativo em Meio Ambiente e Direito Ambiental, Organiza\u00e7\u00e3o Territorial, Desenvolvimento Urbano e Regional da C\u00e2mara dos Deputados. (Resultado da prova objetiva, discursiva e de t\u00edtulos) Entre em contato comigo pelo facebook e pelo Youtube. Basta colocar na busca: Rosenval J\u00fanior. Ou copiar e colar o endere\u00e7o: www.facebook.com\/rosenvaljr Acesse o meu site e saiba mais: www.aprendadireitoambiental.com.br","sameAs":["http:\/\/www.aprendadireitoambiental.com.br","https:\/\/www.facebook.com\/rosenvaljr"],"url":"https:\/\/www.estrategiaconcursos.com.br\/blog\/author\/rosenvaljuniorestrategiaconcursos-com-br\/"}]}},"_links":{"self":[{"href":"https:\/\/www.estrategiaconcursos.com.br\/blog\/wp-json\/wp\/v2\/posts\/67523","targetHints":{"allow":["GET"]}}],"collection":[{"href":"https:\/\/www.estrategiaconcursos.com.br\/blog\/wp-json\/wp\/v2\/posts"}],"about":[{"href":"https:\/\/www.estrategiaconcursos.com.br\/blog\/wp-json\/wp\/v2\/types\/post"}],"author":[{"embeddable":true,"href":"https:\/\/www.estrategiaconcursos.com.br\/blog\/wp-json\/wp\/v2\/users\/73"}],"replies":[{"embeddable":true,"href":"https:\/\/www.estrategiaconcursos.com.br\/blog\/wp-json\/wp\/v2\/comments?post=67523"}],"version-history":[{"count":7,"href":"https:\/\/www.estrategiaconcursos.com.br\/blog\/wp-json\/wp\/v2\/posts\/67523\/revisions"}],"predecessor-version":[{"id":67664,"href":"https:\/\/www.estrategiaconcursos.com.br\/blog\/wp-json\/wp\/v2\/posts\/67523\/revisions\/67664"}],"wp:attachment":[{"href":"https:\/\/www.estrategiaconcursos.com.br\/blog\/wp-json\/wp\/v2\/media?parent=67523"}],"wp:term":[{"taxonomy":"category","embeddable":true,"href":"https:\/\/www.estrategiaconcursos.com.br\/blog\/wp-json\/wp\/v2\/categories?post=67523"},{"taxonomy":"post_tag","embeddable":true,"href":"https:\/\/www.estrategiaconcursos.com.br\/blog\/wp-json\/wp\/v2\/tags?post=67523"},{"taxonomy":"tax_estado","embeddable":true,"href":"https:\/\/www.estrategiaconcursos.com.br\/blog\/wp-json\/wp\/v2\/tax_estado?post=67523"}],"curies":[{"name":"wp","href":"https:\/\/api.w.org\/{rel}","templated":true}]}}