{"id":674218,"date":"2020-08-25T19:00:00","date_gmt":"2020-08-25T22:00:00","guid":{"rendered":"https:\/\/www.estrategiaconcursos.com.br\/blog\/?p=674218"},"modified":"2021-02-23T10:29:49","modified_gmt":"2021-02-23T13:29:49","slug":"concurso-porto-belo","status":"publish","type":"post","link":"https:\/\/www.estrategiaconcursos.com.br\/blog\/concurso-porto-belo\/","title":{"rendered":"Concurso Porto Belo: \u00faltima sele\u00e7\u00e3o v\u00e1lida at\u00e9 2022!"},"content":{"rendered":"\n<p>A <strong>Prefeitura de Porto Belo<\/strong>, localizada no estado de Santa Catarina, realizou seu \u00faltimo concurso p\u00fablico para efetivos em 2019. Com homologa\u00e7\u00e3o divulgada em janeiro de 2020, o munic\u00edpio j\u00e1 realizou diversas convoca\u00e7\u00f5es para posse.<\/p>\n\n\n\n<p>De acordo com informa\u00e7\u00f5es dispostas no edital, a sele\u00e7\u00e3o seguir\u00e1 v\u00e1lida por dois anos, ou seja, at\u00e9 janeiro de 2022. Entretanto, o prazo poder\u00e1 ser prorrogado uma vez, pelo mesmo per\u00edodo.<\/p>\n\n\n\n<p>Na \u00e9poca, foram ofertadas vagas imediatas para diversos cargos. As oportunidades se distribu\u00edram entre os n\u00edveis alfabetizado, fundamental, m\u00e9dio, t\u00e9cnico e superior, com sal\u00e1rios de at\u00e9 R$ 5.719,32.<\/p>\n\n\n\n<p>A fim de te deixar sempre bem informado, elaboramos este artigo com as principais informa\u00e7\u00f5es e novidades sobre o concurso Porto Belo. Acompanhe os t\u00f3picos abaixo e n\u00e3o perca nenhum detalhe:<\/p>\n\n\n\n<ul class=\"wp-block-list\"><li><a href=\"#situacao\">Situa\u00e7\u00e3o atual do concurso<\/a><\/li><li><a href=\"#cargos-vagas\">Cargos e vagas<\/a><ul><li><a href=\"#fundamental\">Alfabetizado e fundamental<\/a><\/li><li><a href=\"#medio\">M\u00e9dio e t\u00e9cnico<\/a><\/li><li><a href=\"#superior\">Superior<\/a><\/li><\/ul><\/li><li><a href=\"#etapas\">Etapas e provas<\/a><ul><li><a href=\"#objetiva\">Prova objetiva<\/a><\/li><li><a href=\"#titulos\">Avalia\u00e7\u00e3o de t\u00edtulos<\/a><\/li><li><a href=\"#pratica\">Prova pr\u00e1tica<\/a><\/li><\/ul><\/li><li><a href=\"#cursos-assinatura\">Cursos e assinaturas<\/a><\/li><li><a href=\"#ficha\">Ficha t\u00e9cnica<\/a><\/li><\/ul>\n\n\n\n<div class=\"container\" id=\"boxes\">\n  <div class=\"row\">\n\n    <div class=\"col-sm\">\n      <div class=\"banner-estrategia\" id=\"box-assinatura\">\n        <h3 class=\"titulo-assinatura\">Concurso Prefeitura de Porto Belo<\/h3>\n        <p class=\"subtitulo-assinatura\">Conhe\u00e7a os cursos<\/p>\n        <div class=\"box-botao\">\n          <a class=\"btn-assinatura\" target=\"_blank\" href=\"https:\/\/www.estrategiaconcursos.com.br\/cursos\/\" role=\"button\" rel=\"noopener noreferrer\">Conhe\u00e7a mais<\/a>\n        <\/div>\n      <\/div>\n  \n    <\/div>\n\n  <\/div>\n<\/div>\n\n\n\n<h2 class=\"wp-block-heading\" id=\"cargos-vagas\">Cargos e vagas do concurso Porto Belo<\/h2>\n\n\n\n<h3 class=\"wp-block-heading\" id=\"fundamental\">N\u00edvel alfabetizado e fundamental<\/h3>\n\n\n\n<figure class=\"wp-block-table is-style-stripes\"><table class=\"has-subtle-pale-blue-background-color has-fixed-layout has-background\"><thead><tr><th class=\"has-text-align-center\" data-align=\"center\"><strong>CARGO<\/strong>S<\/th><th class=\"has-text-align-center\" data-align=\"center\"><strong>VAGAS<\/strong><\/th><th class=\"has-text-align-center\" data-align=\"center\"><strong><\/strong><strong>SAL\u00c1RIO<\/strong><\/th><\/tr><\/thead><tbody><tr><td class=\"has-text-align-center\" data-align=\"center\">Auxiliar de Cozinha<\/td><td class=\"has-text-align-center\" data-align=\"center\">5<\/td><td class=\"has-text-align-center\" data-align=\"center\">R$ 1.358,48<\/td><\/tr><tr><td class=\"has-text-align-center\" data-align=\"center\">Coletor de Lixo<\/td><td class=\"has-text-align-center\" data-align=\"center\">3<\/td><td class=\"has-text-align-center\" data-align=\"center\">R$ 1.358,48<\/td><\/tr><tr><td class=\"has-text-align-center\" data-align=\"center\">Cozinheiro Escolar<\/td><td class=\"has-text-align-center\" data-align=\"center\">15<\/td><td class=\"has-text-align-center\" data-align=\"center\">R$ 1.901,87<\/td><\/tr><tr><td class=\"has-text-align-center\" data-align=\"center\">Motorista<\/td><td class=\"has-text-align-center\" data-align=\"center\">10<\/td><td class=\"has-text-align-center\" data-align=\"center\">R$ 1.462,75<\/td><\/tr><tr><td class=\"has-text-align-center\" data-align=\"center\">Motorista de Transporte Escolar<\/td><td class=\"has-text-align-center\" data-align=\"center\">4<\/td><td class=\"has-text-align-center\" data-align=\"center\">R$ 1.462,75<\/td><\/tr><tr><td class=\"has-text-align-center\" data-align=\"center\">Oper\u00e1rio Bra\u00e7al<\/td><td class=\"has-text-align-center\" data-align=\"center\">15<\/td><td class=\"has-text-align-center\" data-align=\"center\">R$ 1.358,48<\/td><\/tr><tr><td class=\"has-text-align-center\" data-align=\"center\">Servente<\/td><td class=\"has-text-align-center\" data-align=\"center\">15<\/td><td class=\"has-text-align-center\" data-align=\"center\">R$ 1.358,48<\/td><\/tr><tr><td class=\"has-text-align-center\" data-align=\"center\">Vigia<\/td><td class=\"has-text-align-center\" data-align=\"center\">3<\/td><td class=\"has-text-align-center\" data-align=\"center\">R$ 1.253,93<\/td><\/tr><tr><td class=\"has-text-align-center\" data-align=\"center\">Operador de M\u00e1quina Pesada<\/td><td class=\"has-text-align-center\" data-align=\"center\">2<\/td><td class=\"has-text-align-center\" data-align=\"center\">R$ 1.567,31<\/td><\/tr><tr><td class=\"has-text-align-center\" data-align=\"center\">Pedreiro<\/td><td class=\"has-text-align-center\" data-align=\"center\">1<\/td><td class=\"has-text-align-center\" data-align=\"center\">R$ 1.462,75<\/td><\/tr><\/tbody><\/table><\/figure>\n\n\n\n<h3 class=\"wp-block-heading\" id=\"medio\">Ensino m\u00e9dio e t\u00e9cnico<\/h3>\n\n\n\n<figure class=\"wp-block-table is-style-stripes\"><table class=\"has-subtle-pale-blue-background-color has-fixed-layout has-background\"><thead><tr><th class=\"has-text-align-center\" data-align=\"center\"><strong>CARGO<\/strong>S<\/th><th class=\"has-text-align-center\" data-align=\"center\"><strong>VAGAS<\/strong><\/th><th class=\"has-text-align-center\" data-align=\"center\"><strong><\/strong><strong>SAL\u00c1RIO<\/strong><\/th><\/tr><\/thead><tbody><tr><td class=\"has-text-align-center\" data-align=\"center\">Auxiliar administrativo<\/td><td class=\"has-text-align-center\" data-align=\"center\">15<\/td><td class=\"has-text-align-center\" data-align=\"center\">R$ 1.462,75<\/td><\/tr><tr><td class=\"has-text-align-center\" data-align=\"center\">Monitor(a) de Centro de Educa\u00e7\u00e3o Infantil<\/td><td class=\"has-text-align-center\" data-align=\"center\">20<\/td><td class=\"has-text-align-center\" data-align=\"center\">R$ 1.462,75<\/td><\/tr><tr><td class=\"has-text-align-center\" data-align=\"center\">Motorista Socorrista<\/td><td class=\"has-text-align-center\" data-align=\"center\">1<\/td><td class=\"has-text-align-center\" data-align=\"center\">R$ 1.567,31<\/td><\/tr><tr><td class=\"has-text-align-center\" data-align=\"center\">T\u00e9cnico Cont\u00e1bil<\/td><td class=\"has-text-align-center\" data-align=\"center\">2<\/td><td class=\"has-text-align-center\" data-align=\"center\">R$ 1.567,31<\/td><\/tr><tr><td class=\"has-text-align-center\" data-align=\"center\">T\u00e9cnico de Seguran\u00e7a do Trabalho<\/td><td class=\"has-text-align-center\" data-align=\"center\">1<\/td><td class=\"has-text-align-center\" data-align=\"center\">R$ 1.567,31<\/td><\/tr><tr><td class=\"has-text-align-center\" data-align=\"center\">T\u00e9cnico em Enfermagem<\/td><td class=\"has-text-align-center\" data-align=\"center\">1<\/td><td class=\"has-text-align-center\" data-align=\"center\">R$ 1.880,81<\/td><\/tr><tr><td class=\"has-text-align-center\" data-align=\"center\">T\u00e9cnico em Inform\u00e1tica<\/td><td class=\"has-text-align-center\" data-align=\"center\">2<\/td><td class=\"has-text-align-center\" data-align=\"center\">R$ 1.567,31<\/td><\/tr><tr><td class=\"has-text-align-center\" data-align=\"center\">T\u00e9cnico em Topografia<\/td><td class=\"has-text-align-center\" data-align=\"center\">1<\/td><td class=\"has-text-align-center\" data-align=\"center\">R$ 1.568,58<\/td><\/tr><\/tbody><\/table><\/figure>\n\n\n\n<h3 class=\"wp-block-heading\" id=\"superior\">Curso superior<\/h3>\n\n\n\n<figure class=\"wp-block-table is-style-stripes\"><table class=\"has-subtle-pale-blue-background-color has-fixed-layout has-background\"><thead><tr><th class=\"has-text-align-center\" data-align=\"center\"><strong>CARGO<\/strong>S<\/th><th class=\"has-text-align-center\" data-align=\"center\"><strong>VAGAS<\/strong><\/th><th class=\"has-text-align-center\" data-align=\"center\"><strong>SAL\u00c1RIO<\/strong><\/th><\/tr><\/thead><tbody><tr><td class=\"has-text-align-center\" data-align=\"center\">Advogado<\/td><td class=\"has-text-align-center\" data-align=\"center\">1<\/td><td class=\"has-text-align-center\" data-align=\"center\">R$ 2.193,60<\/td><\/tr><tr><td class=\"has-text-align-center\" data-align=\"center\">Analista Sistemas &#8211; II<\/td><td class=\"has-text-align-center\" data-align=\"center\">1<\/td><td class=\"has-text-align-center\" data-align=\"center\">R$ 4.387,20<\/td><\/tr><tr><td class=\"has-text-align-center\" data-align=\"center\">Arquiteto<\/td><td class=\"has-text-align-center\" data-align=\"center\">1<\/td><td class=\"has-text-align-center\" data-align=\"center\">R$ 5.719,32<\/td><\/tr><tr><td class=\"has-text-align-center\" data-align=\"center\">Auditor de Controle Interno<\/td><td class=\"has-text-align-center\" data-align=\"center\">1<\/td><td class=\"has-text-align-center\" data-align=\"center\">R$ 4.387,20<\/td><\/tr><tr><td class=\"has-text-align-center\" data-align=\"center\">Bibliotec\u00e1rio<\/td><td class=\"has-text-align-center\" data-align=\"center\">1<\/td><td class=\"has-text-align-center\" data-align=\"center\">R$ 2.193,60<\/td><\/tr><tr><td class=\"has-text-align-center\" data-align=\"center\">Contador<\/td><td class=\"has-text-align-center\" data-align=\"center\">1<\/td><td class=\"has-text-align-center\" data-align=\"center\">R$ 4.387,20<\/td><\/tr><tr><td class=\"has-text-align-center\" data-align=\"center\">Enfermeiro<\/td><td class=\"has-text-align-center\" data-align=\"center\">1<\/td><td class=\"has-text-align-center\" data-align=\"center\">R$ 4.387,20<\/td><\/tr><tr><td class=\"has-text-align-center\" data-align=\"center\">Engenheiro Civil<\/td><td class=\"has-text-align-center\" data-align=\"center\">2<\/td><td class=\"has-text-align-center\" data-align=\"center\">R$ 5.719,32<\/td><\/tr><tr><td class=\"has-text-align-center\" data-align=\"center\">Engenheiro Sanitarista<\/td><td class=\"has-text-align-center\" data-align=\"center\">1<\/td><td class=\"has-text-align-center\" data-align=\"center\">R$ 2.859,66<\/td><\/tr><tr><td class=\"has-text-align-center\" data-align=\"center\">Farmac\u00eautico &#8211; I<\/td><td class=\"has-text-align-center\" data-align=\"center\">2<\/td><td class=\"has-text-align-center\" data-align=\"center\">R$ 2.193,60<\/td><\/tr><tr><td class=\"has-text-align-center\" data-align=\"center\">Farmac\u00eautico &#8211; II<\/td><td class=\"has-text-align-center\" data-align=\"center\">1<\/td><td class=\"has-text-align-center\" data-align=\"center\">R$ 4.387,20<\/td><\/tr><tr><td class=\"has-text-align-center\" data-align=\"center\">Fiscal de Obras N\u00edvel &#8211; II<\/td><td class=\"has-text-align-center\" data-align=\"center\">1<\/td><td class=\"has-text-align-center\" data-align=\"center\">R$ 3.231,75<\/td><\/tr><tr><td class=\"has-text-align-center\" data-align=\"center\">Fiscal de Vigil\u00e2ncia Epidemiol\u00f3gica e Sanit\u00e1ria<\/td><td class=\"has-text-align-center\" data-align=\"center\">1<\/td><td class=\"has-text-align-center\" data-align=\"center\">R$ 3.231,75<\/td><\/tr><tr><td class=\"has-text-align-center\" data-align=\"center\">Fisioterapeuta<\/td><td class=\"has-text-align-center\" data-align=\"center\">1<\/td><td class=\"has-text-align-center\" data-align=\"center\">R$ 3.231,75<\/td><\/tr><tr><td class=\"has-text-align-center\" data-align=\"center\">Fonoaudi\u00f3logo<\/td><td class=\"has-text-align-center\" data-align=\"center\">1<\/td><td class=\"has-text-align-center\" data-align=\"center\">R$ 2.193,60 &#8211; R$ 4.387,20<\/td><\/tr><tr><td class=\"has-text-align-center\" data-align=\"center\">M\u00e9dico (v\u00e1rios)<\/td><td class=\"has-text-align-center\" data-align=\"center\">7<\/td><td class=\"has-text-align-center\" data-align=\"center\">R$ 3.769,99 &#8211; R$ 5.703,91<\/td><\/tr><tr><td class=\"has-text-align-center\" data-align=\"center\">M\u00e9dico Veterin\u00e1rio<\/td><td class=\"has-text-align-center\" data-align=\"center\">1<\/td><td class=\"has-text-align-center\" data-align=\"center\">R$ 5.703,91<\/td><\/tr><tr><td class=\"has-text-align-center\" data-align=\"center\">Orientador Educacional<\/td><td class=\"has-text-align-center\" data-align=\"center\">1<\/td><td class=\"has-text-align-center\" data-align=\"center\">R$ 2.193,60<\/td><\/tr><tr><td class=\"has-text-align-center\" data-align=\"center\">Procurador Municipal<\/td><td class=\"has-text-align-center\" data-align=\"center\">1<\/td><td class=\"has-text-align-center\" data-align=\"center\">R$ 5.719,32<\/td><\/tr><tr><td class=\"has-text-align-center\" data-align=\"center\">Professor (v\u00e1rios)<\/td><td class=\"has-text-align-center\" data-align=\"center\">44<\/td><td class=\"has-text-align-center\" data-align=\"center\">R$ 1.558,46<\/td><\/tr><tr><td class=\"has-text-align-center\" data-align=\"center\">Profissional de Educa\u00e7\u00e3o F\u00edsica &#8211; CAPS I <\/td><td class=\"has-text-align-center\" data-align=\"center\">1<\/td><td class=\"has-text-align-center\" data-align=\"center\">R$ 4.387,20<\/td><\/tr><tr><td class=\"has-text-align-center\" data-align=\"center\">Psic\u00f3logo<\/td><td class=\"has-text-align-center\" data-align=\"center\">2<\/td><td class=\"has-text-align-center\" data-align=\"center\">R$ 2.193,60<\/td><\/tr><tr><td class=\"has-text-align-center\" data-align=\"center\">Terapeuta Ocupacional &#8211; Caps I<\/td><td class=\"has-text-align-center\" data-align=\"center\">1<\/td><td class=\"has-text-align-center\" data-align=\"center\">R$ 4.387,20<\/td><\/tr><tr><td class=\"has-text-align-center\" data-align=\"center\">Turism\u00f3logo<\/td><td class=\"has-text-align-center\" data-align=\"center\">1<\/td><td class=\"has-text-align-center\" data-align=\"center\">R$ 4.387,20<\/td><\/tr><\/tbody><\/table><\/figure>\n\n\n\n<h2 class=\"wp-block-heading\" id=\"etapas\">Etapas e provas do concurso Porto Belo<\/h2>\n\n\n\n<p>A avalia\u00e7\u00e3o do candidatos do concurso Porto Belo foi realizada atrav\u00e9s das seguintes etapas:<\/p>\n\n\n\n<ul class=\"wp-block-list\"><li><strong>Prova Objetiva<\/strong>: de car\u00e1ter eliminat\u00f3rio e classificat\u00f3rio, para todos os cargos;<\/li><li><strong>Avalia\u00e7\u00e3o de T\u00edtulos<\/strong>: de car\u00e1ter facultativo, para os candidatos aprovados na prova Objetiva dos cargos de Orientador Educacional, Supervisor Escolar e Professores;<\/li><li><strong>Prova Pr\u00e1tica<\/strong>: de car\u00e1ter eliminat\u00f3rio e classificat\u00f3rio, somente para os cargos de Motorista de Transporte Escolar, Motorista Socorrista e Operador de M\u00e1quinas Pesadas.<\/li><\/ul>\n\n\n\n<h3 class=\"wp-block-heading\" id=\"objetiva\">Provas Objetivas<\/h3>\n\n\n\n<p>A prova objetiva foi composta por quest\u00f5es de m\u00faltipla escolha, com cinco alternativas cada e apenas uma correta. Avaliada na escala de 0 a 10 pontos, foi aprovado aquele que obteve, no m\u00ednimo, 5,0 pontos.<\/p>\n\n\n\n<ul class=\"wp-block-list\"><li><strong>Para os cargos de N\u00edvel Alfabetizado, Fundamental Anos Iniciais e Fundamental Completo:<\/strong><ul><li><em>L\u00edngua Portuguesa &#8211; 05<\/em><\/li><li><em><\/em><em>Matem\u00e1tica<\/em> <em><\/em><em>B\u00e1sica<\/em> <em>&#8211; 05 <\/em><\/li><li><em>Conhecimentos Gerais &#8211; 05 <\/em><\/li><li><em><\/em><em>Conhecimentos<\/em> <em>Espec\u00edficos &#8211; 10<\/em><\/li><\/ul><\/li><\/ul>\n\n\n\n<ul class=\"wp-block-list\"><li><strong>Para os cargos de N\u00edvel M\u00e9dio e T\u00e9cnico:<\/strong><ul><li><em><\/em><em>L\u00edngua Portuguesa<\/em> &#8211; 10 <\/li><li><em>Matem\u00e1tica B\u00e1sica &#8211; 05<\/em><\/li><li><em><\/em><em>Conhecimentos<\/em> <em><\/em><em>Espec\u00edficos<\/em> <em>&#8211; 15<\/em><\/li><\/ul><\/li><\/ul>\n\n\n\n<ul class=\"wp-block-list\"><li><strong>Para os cargos de N\u00edvel Superior:<\/strong><ul><li><em><\/em><em>L\u00edngua Portuguesa<\/em> &#8211; 10 <\/li><li><em>Racioc\u00ednio L\u00f3gico &#8211; 05 <\/em><\/li><li><em><\/em><em>Conhecimentos<\/em> <em><\/em><em>Espec\u00edficos<\/em> <em>&#8211; 25<\/em><\/li><\/ul><\/li><\/ul>\n\n\n\n<h3 class=\"wp-block-heading\" id=\"titulos\">Avalia\u00e7\u00e3o de T\u00edtulos<\/h3>\n\n\n\n<p>Participou da Prova de T\u00edtulos somente o aprovado na Prova Objetiva para os cargos de Orientador Educacional, Supervisor Escolar e Professores, sendo pontuados os seguintes t\u00edtulos com seus respectivos pontos:<\/p>\n\n\n\n<figure class=\"wp-block-table is-style-stripes\"><table class=\"has-subtle-pale-blue-background-color has-fixed-layout has-background\"><thead><tr><th class=\"has-text-align-center\" data-align=\"center\">T\u00edtulo<\/th><th class=\"has-text-align-center\" data-align=\"center\">Pontos<\/th><th class=\"has-text-align-center\" data-align=\"center\">Comprovante<\/th><\/tr><\/thead><tbody><tr><td class=\"has-text-align-center\" data-align=\"center\">T\u00edtulo de Doutor relacionado com a \u00e1rea de atua\u00e7\u00e3o pretendida, conclu\u00eddo at\u00e9 a data da apresenta\u00e7\u00e3o dos t\u00edtulos.<\/td><td class=\"has-text-align-center\" data-align=\"center\">10,0<\/td><td class=\"has-text-align-center\" data-align=\"center\">Diploma de conclus\u00e3o de curso<\/td><\/tr><tr><td class=\"has-text-align-center\" data-align=\"center\">T\u00edtulo de Mestre relacionado com a \u00e1rea de atua\u00e7\u00e3o pretendida, conclu\u00eddo at\u00e9 a data da apresenta\u00e7\u00e3o dos t\u00edtulos.<\/td><td class=\"has-text-align-center\" data-align=\"center\">7,00<\/td><td class=\"has-text-align-center\" data-align=\"center\">Diploma de conclus\u00e3o de curso<\/td><\/tr><tr><td class=\"has-text-align-center\" data-align=\"center\">P\u00f3s-gradua\u00e7\u00e3o em n\u00edvel de Especializa\u00e7\u00e3o relacionado com a \u00e1rea de atua\u00e7\u00e3o pretendida com carga hor\u00e1ria m\u00ednima de 360h, conclu\u00edda at\u00e9 a data de apresenta\u00e7\u00e3o dos t\u00edtulos.<\/td><td class=\"has-text-align-center\" data-align=\"center\">4,00<\/td><td class=\"has-text-align-center\" data-align=\"center\">Certificado de conclus\u00e3o de curso<\/td><\/tr><\/tbody><\/table><\/figure>\n\n\n\n<h3 class=\"wp-block-heading\" id=\"pratica\">Prova Pr\u00e1tica<\/h3>\n\n\n\n<p>A Prova Pr\u00e1tica, de car\u00e1ter eliminat\u00f3rio e classificat\u00f3rio, foi realizada para os cargos de Motorista de Transporte Escolar, Motorista Socorrista e Operador de M\u00e1quinas Pesadas. Por\u00e9m, somente foram convocados os 20 candidatos melhores classificados na prova objetiva.<\/p>\n\n\n\n<p>Os candidatos partiram de 10 pontos, sendo que para cada falta cometida nesta prova do concurso Porto Belo foram descontados os pontos conforme abaixo:<\/p>\n\n\n\n<ul class=\"wp-block-list\"><li>Faltas Graves &#8211; 1,00<\/li><li>Faltas M\u00e9dias &#8211; 0,50<\/li><li>Faltas Leves &#8211; 0,25<\/li><\/ul>\n\n\n\n<hr class=\"wp-block-separator\"\/>\n\n\n\n<h2 class=\"has-text-align-center wp-block-heading\" id=\"cursos-assinatura\">Quer estudar para o concurso Prefeitura de Porto Belo?<\/h2>\n\n\n\n<div class=\"container\" id=\"boxes\">\n  <div class=\"row\">\n\n    <div class=\"col-sm\">\n      <div class=\"banner-estrategia\" id=\"box-assinatura\">\n        <h3 class=\"titulo-assinatura\">Concurso Prefeitura de Porto Belo<\/h3>\n        <p class=\"subtitulo-assinatura\">Conhe\u00e7a os cursos<\/p>\n        <div class=\"box-botao\">\n          <a class=\"btn-assinatura\" target=\"_blank\" href=\"https:\/\/www.estrategiaconcursos.com.br\/cursos\/\" role=\"button\" rel=\"noopener noreferrer\">Conhe\u00e7a mais<\/a>\n        <\/div>\n      <\/div>\n  \n    <\/div>\n\n  <\/div>\n<\/div>\n\n\n\n<div class=\"container\" id=\"boxes\">\n  <div class=\"row\">\n\n    <div class=\"col-sm\">\n      <div class=\"estrategia\" id=\"box-assinatura\">\n        <h3 class=\"titulo-assinatura\">Assinatura Ilimitada<\/h3>\n        <p class=\"subtitulo-assinatura\">Assinatura Anual Ilimitada*<\/p>\n        <div class=\"box-botao\">\n          <a class=\"btn-assinatura\" target=\"_blank\" href=\"https:\/\/www.estrategiaconcursos.com.br\/assinaturas\/\" role=\"button\" rel=\"noopener noreferrer\">ASSINE AGORA<\/a>\n        <\/div>\n      <\/div>\n      <p class=\"texto-auxiliar\">Prepare-se com o melhor material e com quem mais aprova em Concursos P\u00fablicos em todo o pa\u00eds. Assine agora a nossa Assinatura Anual e tenha acesso ilimitado* a todos os nossos cursos.<\/p>\n    <\/div>\n\n    <div class=\"col-sm\">\n      <div class=\"questoes\" id=\"box-assinatura\">\n        <h3 class=\"titulo-assinatura\">Sistema de Quest\u00f5es<\/h3>\n        <p class=\"subtitulo-assinatura\">Assinatura Ilimitada*\n<\/p>\n        <div class=\"box-botao\">\n          <a class=\"btn-assinatura\" target=\"_blank\" href=\"https:\/\/questoes.estrategiaconcursos.com.br\/\" role=\"button\" rel=\"noopener noreferrer\">ASSINE AGORA<\/a>\n        <\/div>\n      <\/div>\n      <p class=\"texto-auxiliar\">Estrat\u00e9gia Quest\u00f5es nasceu maior do que todos os concorrentes, com mais quest\u00f5es cadastradas e mais solu\u00e7\u00f5es por professores. Clique no link e aproveite os descontos e b\u00f4nus imperd\u00edveis!<\/p>\n    <\/div>\n  <\/div>\n<\/div>\n\n\n\n<div class=\"container\" id=\"boxes\">\n  <div class=\"row\">\n\n    <div class=\"col-sm\" id=\"boxes-concursos\">\n      <div style=\"background-color: #005DAD;\" class=\"conteudo-concursos\" id=\"box-concursos\">\n        <h3 class=\"titulo-assinatura\">Concursos Abertos<\/h3>\n        <p class=\"subtitulo-assinatura\">mais de 15 mil vagas<\/p>\n        <div class=\"box-botao\">\n          <a class=\"btn-assinatura\" target=\"_blank\" href=\"https:\/\/www.estrategiaconcursos.com.br\/blog\/concursos-abertos\/\" role=\"button\" rel=\"noopener noreferrer\">Conhe\u00e7a Agora<\/a>\n        <\/div>\n      <\/div>\n    <\/div>\n\n    <div class=\"col-sm\" id=\"boxes-concursos\">\n      <div style=\"background-color: #419FF0;\" class=\"conteudo-concursos\" id=\"box-concursos\">\n        <h3 class=\"titulo-assinatura\">Concursos 2021<\/h3>\n        <p class=\"subtitulo-assinatura\">mais de 50 mil vagas<\/p>\n        <div class=\"box-botao\">\n          <a class=\"btn-assinatura\" target=\"_blank\" href=\"https:\/\/www.estrategiaconcursos.com.br\/blog\/concursos-2021\/\" role=\"button\" rel=\"noopener noreferrer\">Conhe\u00e7a Agora<\/a>\n        <\/div>\n      <\/div>\n    <\/div>\n\n  <\/div>\n<\/div>\n\n\n\n<figure class=\"wp-block-image\"><img loading=\"lazy\" decoding=\"async\" width=\"300\" height=\"102\" src=\"https:\/\/dhg1h5j42swfq.cloudfront.net\/2017\/03\/28152500\/coruja-ficha-tecnica-300x102.png\" alt=\"Informa\u00e7\u00f5es do concurso Prefeitura de Porto Belo-SC\" class=\"wp-image-68542\"\/><\/figure>\n\n\n\n<h3 class=\"wp-block-heading\" id=\"ficha\">Informa\u00e7\u00f5es do concurso Prefeitura de Porto Belo-SC<\/h3>\n\n\n\n<ul class=\"wp-block-list\"><li><strong>Ano<\/strong>: 2019<\/li><li><strong>Vagas<\/strong>: 190<\/li><li><strong>Cargos<\/strong>: V\u00e1rios<\/li><li><strong>Banca<\/strong>: FURB<\/li><li><strong>Escolaridade<\/strong>: Alfabetizado, fundamental, m\u00e9dio, t\u00e9cnico e superior<\/li><li><strong>Edital retificado<\/strong>:\u00a0<a href=\"https:\/\/dhg1h5j42swfq.cloudfront.net\/2025\/06\/22174437\/273e4866343cefa386984f57b053d7b9.pdf\" target=\"_blank\" rel=\"noreferrer noopener\">Edital Porto Belo 2019<\/a><\/li><\/ul>\n","protected":false},"excerpt":{"rendered":"<p>A Prefeitura de Porto Belo, localizada no estado de Santa Catarina, realizou seu \u00faltimo concurso p\u00fablico para efetivos em 2019. Com homologa\u00e7\u00e3o divulgada em janeiro de 2020, o munic\u00edpio j\u00e1 realizou diversas convoca\u00e7\u00f5es para posse. De acordo com informa\u00e7\u00f5es dispostas no edital, a sele\u00e7\u00e3o seguir\u00e1 v\u00e1lida por dois anos, ou seja, at\u00e9 janeiro de 2022. [&hellip;]<\/p>\n","protected":false},"author":1,"featured_media":677799,"comment_status":"open","ping_status":"closed","sticky":false,"template":"","format":"standard","meta":{"post_tipo":"news_page","footnotes":""},"categories":[1],"tags":[],"tax_estado":[219987],"class_list":["post-674218","post","type-post","status-publish","format-standard","has-post-thumbnail","hentry","category-cursos-e-concursos","tax_estado-sc"],"acf":[],"yoast_head":"<!-- This site is optimized with the Yoast SEO Premium plugin v27.2 (Yoast SEO v27.2) - https:\/\/yoast.com\/product\/yoast-seo-premium-wordpress\/ -->\n<title>Concurso Porto Belo: \u00faltima sele\u00e7\u00e3o v\u00e1lida at\u00e9 2022!<\/title>\n<meta name=\"description\" content=\"Concurso Prefeitura de Porto Belo-SC: \u00daltima sele\u00e7\u00e3o ofertou 190 vagas e seguir\u00e1 v\u00e1lida at\u00e9 janeiro de 2022. Acesse e saiba mais!\" \/>\n<meta name=\"robots\" content=\"index, follow, max-snippet:-1, max-image-preview:large, max-video-preview:-1\" \/>\n<link rel=\"canonical\" href=\"https:\/\/www.estrategiaconcursos.com.br\/blog\/concurso-porto-belo\/\" \/>\n<meta property=\"og:locale\" content=\"pt_BR\" \/>\n<meta property=\"og:type\" content=\"article\" \/>\n<meta property=\"og:title\" content=\"Concurso Porto Belo: \u00faltima sele\u00e7\u00e3o v\u00e1lida at\u00e9 2022!\" \/>\n<meta property=\"og:description\" content=\"Concurso Prefeitura de Porto Belo-SC: \u00daltima sele\u00e7\u00e3o ofertou 190 vagas e seguir\u00e1 v\u00e1lida at\u00e9 janeiro de 2022. Acesse e saiba mais!\" \/>\n<meta property=\"og:url\" content=\"https:\/\/www.estrategiaconcursos.com.br\/blog\/concurso-porto-belo\/\" \/>\n<meta property=\"og:site_name\" content=\"Estrat\u00e9gia Concursos\" \/>\n<meta property=\"article:author\" content=\"https:\/\/www.facebook.com\/EstrategiaConcursos\" \/>\n<meta property=\"article:published_time\" content=\"2020-08-25T22:00:00+00:00\" \/>\n<meta property=\"article:modified_time\" content=\"2021-02-23T13:29:49+00:00\" \/>\n<meta property=\"og:image\" content=\"https:\/\/dhg1h5j42swfq.cloudfront.net\/2021\/02\/22180725\/prefeitura_de_porto_belo-sc.jpg\" \/>\n\t<meta property=\"og:image:width\" content=\"1200\" \/>\n\t<meta property=\"og:image:height\" content=\"628\" \/>\n\t<meta property=\"og:image:type\" content=\"image\/jpeg\" \/>\n<meta name=\"author\" content=\"Coordena\u00e7\u00e3o\" \/>\n<meta name=\"twitter:card\" content=\"summary_large_image\" \/>\n<meta name=\"twitter:creator\" content=\"@EstratConcursos\" \/>\n<meta name=\"twitter:site\" content=\"@EstratConcursos\" \/>\n<meta name=\"twitter:label1\" content=\"Escrito por\" \/>\n\t<meta name=\"twitter:data1\" content=\"Coordena\u00e7\u00e3o\" \/>\n\t<meta name=\"twitter:label2\" content=\"Est. tempo de leitura\" \/>\n\t<meta name=\"twitter:data2\" content=\"5 minutos\" \/>\n<script type=\"application\/ld+json\" class=\"yoast-schema-graph\">{\"@context\":\"https:\/\/schema.org\",\"@graph\":[{\"@type\":\"NewsArticle\",\"@id\":\"https:\/\/www.estrategiaconcursos.com.br\/blog\/concurso-porto-belo\/#article\",\"isPartOf\":{\"@id\":\"https:\/\/www.estrategiaconcursos.com.br\/blog\/concurso-porto-belo\/\"},\"author\":{\"name\":\"Coordena\u00e7\u00e3o\",\"@id\":\"https:\/\/www.estrategiaconcursos.com.br\/blog\/#\/schema\/person\/b4a388c97673c5f483d72185668afa1f\"},\"headline\":\"Concurso Porto Belo: \u00faltima sele\u00e7\u00e3o v\u00e1lida at\u00e9 2022!\",\"datePublished\":\"2020-08-25T22:00:00+00:00\",\"dateModified\":\"2021-02-23T13:29:49+00:00\",\"mainEntityOfPage\":{\"@id\":\"https:\/\/www.estrategiaconcursos.com.br\/blog\/concurso-porto-belo\/\"},\"wordCount\":980,\"commentCount\":0,\"publisher\":{\"@id\":\"https:\/\/www.estrategiaconcursos.com.br\/blog\/#organization\"},\"image\":{\"@id\":\"https:\/\/www.estrategiaconcursos.com.br\/blog\/concurso-porto-belo\/#primaryimage\"},\"thumbnailUrl\":\"https:\/\/dhg1h5j42swfq.cloudfront.net\/2021\/02\/22180725\/prefeitura_de_porto_belo-sc.jpg\",\"articleSection\":[\"Concursos P\u00fablicos\"],\"inLanguage\":\"pt-BR\",\"potentialAction\":[{\"@type\":\"CommentAction\",\"name\":\"Comment\",\"target\":[\"https:\/\/www.estrategiaconcursos.com.br\/blog\/concurso-porto-belo\/#respond\"]}],\"copyrightYear\":\"2020\",\"copyrightHolder\":{\"@id\":\"https:\/\/www.estrategiaconcursos.com.br\/blog\/#organization\"}},{\"@type\":\"WebPage\",\"@id\":\"https:\/\/www.estrategiaconcursos.com.br\/blog\/concurso-porto-belo\/\",\"url\":\"https:\/\/www.estrategiaconcursos.com.br\/blog\/concurso-porto-belo\/\",\"name\":\"Concurso Porto Belo: \u00faltima sele\u00e7\u00e3o v\u00e1lida at\u00e9 2022!\",\"isPartOf\":{\"@id\":\"https:\/\/www.estrategiaconcursos.com.br\/blog\/#website\"},\"primaryImageOfPage\":{\"@id\":\"https:\/\/www.estrategiaconcursos.com.br\/blog\/concurso-porto-belo\/#primaryimage\"},\"image\":{\"@id\":\"https:\/\/www.estrategiaconcursos.com.br\/blog\/concurso-porto-belo\/#primaryimage\"},\"thumbnailUrl\":\"https:\/\/dhg1h5j42swfq.cloudfront.net\/2021\/02\/22180725\/prefeitura_de_porto_belo-sc.jpg\",\"datePublished\":\"2020-08-25T22:00:00+00:00\",\"dateModified\":\"2021-02-23T13:29:49+00:00\",\"description\":\"Concurso Prefeitura de Porto Belo-SC: \u00daltima sele\u00e7\u00e3o ofertou 190 vagas e seguir\u00e1 v\u00e1lida at\u00e9 janeiro de 2022. Acesse e saiba mais!\",\"breadcrumb\":{\"@id\":\"https:\/\/www.estrategiaconcursos.com.br\/blog\/concurso-porto-belo\/#breadcrumb\"},\"inLanguage\":\"pt-BR\",\"potentialAction\":[{\"@type\":\"ReadAction\",\"target\":[\"https:\/\/www.estrategiaconcursos.com.br\/blog\/concurso-porto-belo\/\"]}]},{\"@type\":\"ImageObject\",\"inLanguage\":\"pt-BR\",\"@id\":\"https:\/\/www.estrategiaconcursos.com.br\/blog\/concurso-porto-belo\/#primaryimage\",\"url\":\"https:\/\/dhg1h5j42swfq.cloudfront.net\/2021\/02\/22180725\/prefeitura_de_porto_belo-sc.jpg\",\"contentUrl\":\"https:\/\/dhg1h5j42swfq.cloudfront.net\/2021\/02\/22180725\/prefeitura_de_porto_belo-sc.jpg\",\"width\":1200,\"height\":628},{\"@type\":\"BreadcrumbList\",\"@id\":\"https:\/\/www.estrategiaconcursos.com.br\/blog\/concurso-porto-belo\/#breadcrumb\",\"itemListElement\":[{\"@type\":\"ListItem\",\"position\":1,\"name\":\"In\u00edcio\",\"item\":\"https:\/\/www.estrategiaconcursos.com.br\/blog\/\"},{\"@type\":\"ListItem\",\"position\":2,\"name\":\"Concurso Porto Belo: \u00faltima sele\u00e7\u00e3o v\u00e1lida at\u00e9 2022!\"}]},{\"@type\":\"WebSite\",\"@id\":\"https:\/\/www.estrategiaconcursos.com.br\/blog\/#website\",\"url\":\"https:\/\/www.estrategiaconcursos.com.br\/blog\/\",\"name\":\"Estrat\u00e9gia Concursos\",\"description\":\"O blog da Estrat\u00e9gia Concursos traz not\u00edcias sobre concursos e artigos de professores oferecendo cursos para concursos (pdf + videaulas) no site.\",\"publisher\":{\"@id\":\"https:\/\/www.estrategiaconcursos.com.br\/blog\/#organization\"},\"potentialAction\":[{\"@type\":\"SearchAction\",\"target\":{\"@type\":\"EntryPoint\",\"urlTemplate\":\"https:\/\/www.estrategiaconcursos.com.br\/blog\/?s={search_term_string}\"},\"query-input\":{\"@type\":\"PropertyValueSpecification\",\"valueRequired\":true,\"valueName\":\"search_term_string\"}}],\"inLanguage\":\"pt-BR\"},{\"@type\":\"Organization\",\"@id\":\"https:\/\/www.estrategiaconcursos.com.br\/blog\/#organization\",\"name\":\"Estrat\u00e9gia Concursos\",\"url\":\"https:\/\/www.estrategiaconcursos.com.br\/blog\/\",\"logo\":{\"@type\":\"ImageObject\",\"inLanguage\":\"pt-BR\",\"@id\":\"https:\/\/www.estrategiaconcursos.com.br\/blog\/#\/schema\/logo\/image\/\",\"url\":\"https:\/\/dhg1h5j42swfq.cloudfront.net\/2025\/06\/03203428\/logo_concursos-1.jpg\",\"contentUrl\":\"https:\/\/dhg1h5j42swfq.cloudfront.net\/2025\/06\/03203428\/logo_concursos-1.jpg\",\"width\":230,\"height\":60,\"caption\":\"Estrat\u00e9gia Concursos\"},\"image\":{\"@id\":\"https:\/\/www.estrategiaconcursos.com.br\/blog\/#\/schema\/logo\/image\/\"},\"sameAs\":[\"https:\/\/x.com\/EstratConcursos\"]},{\"@type\":\"Person\",\"@id\":\"https:\/\/www.estrategiaconcursos.com.br\/blog\/#\/schema\/person\/b4a388c97673c5f483d72185668afa1f\",\"name\":\"Coordena\u00e7\u00e3o\",\"image\":{\"@type\":\"ImageObject\",\"inLanguage\":\"pt-BR\",\"@id\":\"https:\/\/secure.gravatar.com\/avatar\/b720319e4c9a967eb58678d110f4fe35452fc5d5f97b202bac7b8acceb18c6ad?s=96&d=mm&r=g\",\"url\":\"https:\/\/secure.gravatar.com\/avatar\/b720319e4c9a967eb58678d110f4fe35452fc5d5f97b202bac7b8acceb18c6ad?s=96&d=mm&r=g\",\"contentUrl\":\"https:\/\/secure.gravatar.com\/avatar\/b720319e4c9a967eb58678d110f4fe35452fc5d5f97b202bac7b8acceb18c6ad?s=96&d=mm&r=g\",\"caption\":\"Coordena\u00e7\u00e3o\"},\"sameAs\":[\"https:\/\/www.facebook.com\/EstrategiaConcursos\",\"https:\/\/x.com\/EstratConcursos\"],\"url\":\"https:\/\/www.estrategiaconcursos.com.br\/blog\/author\/estrategia2013\/\"}]}<\/script>\n<!-- \/ Yoast SEO Premium plugin. -->","yoast_head_json":{"title":"Concurso Porto Belo: \u00faltima sele\u00e7\u00e3o v\u00e1lida at\u00e9 2022!","description":"Concurso Prefeitura de Porto Belo-SC: \u00daltima sele\u00e7\u00e3o ofertou 190 vagas e seguir\u00e1 v\u00e1lida at\u00e9 janeiro de 2022. Acesse e saiba mais!","robots":{"index":"index","follow":"follow","max-snippet":"max-snippet:-1","max-image-preview":"max-image-preview:large","max-video-preview":"max-video-preview:-1"},"canonical":"https:\/\/www.estrategiaconcursos.com.br\/blog\/concurso-porto-belo\/","og_locale":"pt_BR","og_type":"article","og_title":"Concurso Porto Belo: \u00faltima sele\u00e7\u00e3o v\u00e1lida at\u00e9 2022!","og_description":"Concurso Prefeitura de Porto Belo-SC: \u00daltima sele\u00e7\u00e3o ofertou 190 vagas e seguir\u00e1 v\u00e1lida at\u00e9 janeiro de 2022. Acesse e saiba mais!","og_url":"https:\/\/www.estrategiaconcursos.com.br\/blog\/concurso-porto-belo\/","og_site_name":"Estrat\u00e9gia Concursos","article_author":"https:\/\/www.facebook.com\/EstrategiaConcursos","article_published_time":"2020-08-25T22:00:00+00:00","article_modified_time":"2021-02-23T13:29:49+00:00","og_image":[{"width":1200,"height":628,"url":"https:\/\/dhg1h5j42swfq.cloudfront.net\/2021\/02\/22180725\/prefeitura_de_porto_belo-sc.jpg","type":"image\/jpeg"}],"author":"Coordena\u00e7\u00e3o","twitter_card":"summary_large_image","twitter_creator":"@EstratConcursos","twitter_site":"@EstratConcursos","twitter_misc":{"Escrito por":"Coordena\u00e7\u00e3o","Est. tempo de leitura":"5 minutos"},"schema":{"@context":"https:\/\/schema.org","@graph":[{"@type":"NewsArticle","@id":"https:\/\/www.estrategiaconcursos.com.br\/blog\/concurso-porto-belo\/#article","isPartOf":{"@id":"https:\/\/www.estrategiaconcursos.com.br\/blog\/concurso-porto-belo\/"},"author":{"name":"Coordena\u00e7\u00e3o","@id":"https:\/\/www.estrategiaconcursos.com.br\/blog\/#\/schema\/person\/b4a388c97673c5f483d72185668afa1f"},"headline":"Concurso Porto Belo: \u00faltima sele\u00e7\u00e3o v\u00e1lida at\u00e9 2022!","datePublished":"2020-08-25T22:00:00+00:00","dateModified":"2021-02-23T13:29:49+00:00","mainEntityOfPage":{"@id":"https:\/\/www.estrategiaconcursos.com.br\/blog\/concurso-porto-belo\/"},"wordCount":980,"commentCount":0,"publisher":{"@id":"https:\/\/www.estrategiaconcursos.com.br\/blog\/#organization"},"image":{"@id":"https:\/\/www.estrategiaconcursos.com.br\/blog\/concurso-porto-belo\/#primaryimage"},"thumbnailUrl":"https:\/\/dhg1h5j42swfq.cloudfront.net\/2021\/02\/22180725\/prefeitura_de_porto_belo-sc.jpg","articleSection":["Concursos P\u00fablicos"],"inLanguage":"pt-BR","potentialAction":[{"@type":"CommentAction","name":"Comment","target":["https:\/\/www.estrategiaconcursos.com.br\/blog\/concurso-porto-belo\/#respond"]}],"copyrightYear":"2020","copyrightHolder":{"@id":"https:\/\/www.estrategiaconcursos.com.br\/blog\/#organization"}},{"@type":"WebPage","@id":"https:\/\/www.estrategiaconcursos.com.br\/blog\/concurso-porto-belo\/","url":"https:\/\/www.estrategiaconcursos.com.br\/blog\/concurso-porto-belo\/","name":"Concurso Porto Belo: \u00faltima sele\u00e7\u00e3o v\u00e1lida at\u00e9 2022!","isPartOf":{"@id":"https:\/\/www.estrategiaconcursos.com.br\/blog\/#website"},"primaryImageOfPage":{"@id":"https:\/\/www.estrategiaconcursos.com.br\/blog\/concurso-porto-belo\/#primaryimage"},"image":{"@id":"https:\/\/www.estrategiaconcursos.com.br\/blog\/concurso-porto-belo\/#primaryimage"},"thumbnailUrl":"https:\/\/dhg1h5j42swfq.cloudfront.net\/2021\/02\/22180725\/prefeitura_de_porto_belo-sc.jpg","datePublished":"2020-08-25T22:00:00+00:00","dateModified":"2021-02-23T13:29:49+00:00","description":"Concurso Prefeitura de Porto Belo-SC: \u00daltima sele\u00e7\u00e3o ofertou 190 vagas e seguir\u00e1 v\u00e1lida at\u00e9 janeiro de 2022. Acesse e saiba mais!","breadcrumb":{"@id":"https:\/\/www.estrategiaconcursos.com.br\/blog\/concurso-porto-belo\/#breadcrumb"},"inLanguage":"pt-BR","potentialAction":[{"@type":"ReadAction","target":["https:\/\/www.estrategiaconcursos.com.br\/blog\/concurso-porto-belo\/"]}]},{"@type":"ImageObject","inLanguage":"pt-BR","@id":"https:\/\/www.estrategiaconcursos.com.br\/blog\/concurso-porto-belo\/#primaryimage","url":"https:\/\/dhg1h5j42swfq.cloudfront.net\/2021\/02\/22180725\/prefeitura_de_porto_belo-sc.jpg","contentUrl":"https:\/\/dhg1h5j42swfq.cloudfront.net\/2021\/02\/22180725\/prefeitura_de_porto_belo-sc.jpg","width":1200,"height":628},{"@type":"BreadcrumbList","@id":"https:\/\/www.estrategiaconcursos.com.br\/blog\/concurso-porto-belo\/#breadcrumb","itemListElement":[{"@type":"ListItem","position":1,"name":"In\u00edcio","item":"https:\/\/www.estrategiaconcursos.com.br\/blog\/"},{"@type":"ListItem","position":2,"name":"Concurso Porto Belo: \u00faltima sele\u00e7\u00e3o v\u00e1lida at\u00e9 2022!"}]},{"@type":"WebSite","@id":"https:\/\/www.estrategiaconcursos.com.br\/blog\/#website","url":"https:\/\/www.estrategiaconcursos.com.br\/blog\/","name":"Estrat\u00e9gia Concursos","description":"O blog da Estrat\u00e9gia Concursos traz not\u00edcias sobre concursos e artigos de professores oferecendo cursos para concursos (pdf + videaulas) no site.","publisher":{"@id":"https:\/\/www.estrategiaconcursos.com.br\/blog\/#organization"},"potentialAction":[{"@type":"SearchAction","target":{"@type":"EntryPoint","urlTemplate":"https:\/\/www.estrategiaconcursos.com.br\/blog\/?s={search_term_string}"},"query-input":{"@type":"PropertyValueSpecification","valueRequired":true,"valueName":"search_term_string"}}],"inLanguage":"pt-BR"},{"@type":"Organization","@id":"https:\/\/www.estrategiaconcursos.com.br\/blog\/#organization","name":"Estrat\u00e9gia Concursos","url":"https:\/\/www.estrategiaconcursos.com.br\/blog\/","logo":{"@type":"ImageObject","inLanguage":"pt-BR","@id":"https:\/\/www.estrategiaconcursos.com.br\/blog\/#\/schema\/logo\/image\/","url":"https:\/\/dhg1h5j42swfq.cloudfront.net\/2025\/06\/03203428\/logo_concursos-1.jpg","contentUrl":"https:\/\/dhg1h5j42swfq.cloudfront.net\/2025\/06\/03203428\/logo_concursos-1.jpg","width":230,"height":60,"caption":"Estrat\u00e9gia Concursos"},"image":{"@id":"https:\/\/www.estrategiaconcursos.com.br\/blog\/#\/schema\/logo\/image\/"},"sameAs":["https:\/\/x.com\/EstratConcursos"]},{"@type":"Person","@id":"https:\/\/www.estrategiaconcursos.com.br\/blog\/#\/schema\/person\/b4a388c97673c5f483d72185668afa1f","name":"Coordena\u00e7\u00e3o","image":{"@type":"ImageObject","inLanguage":"pt-BR","@id":"https:\/\/secure.gravatar.com\/avatar\/b720319e4c9a967eb58678d110f4fe35452fc5d5f97b202bac7b8acceb18c6ad?s=96&d=mm&r=g","url":"https:\/\/secure.gravatar.com\/avatar\/b720319e4c9a967eb58678d110f4fe35452fc5d5f97b202bac7b8acceb18c6ad?s=96&d=mm&r=g","contentUrl":"https:\/\/secure.gravatar.com\/avatar\/b720319e4c9a967eb58678d110f4fe35452fc5d5f97b202bac7b8acceb18c6ad?s=96&d=mm&r=g","caption":"Coordena\u00e7\u00e3o"},"sameAs":["https:\/\/www.facebook.com\/EstrategiaConcursos","https:\/\/x.com\/EstratConcursos"],"url":"https:\/\/www.estrategiaconcursos.com.br\/blog\/author\/estrategia2013\/"}]}},"_links":{"self":[{"href":"https:\/\/www.estrategiaconcursos.com.br\/blog\/wp-json\/wp\/v2\/posts\/674218","targetHints":{"allow":["GET"]}}],"collection":[{"href":"https:\/\/www.estrategiaconcursos.com.br\/blog\/wp-json\/wp\/v2\/posts"}],"about":[{"href":"https:\/\/www.estrategiaconcursos.com.br\/blog\/wp-json\/wp\/v2\/types\/post"}],"author":[{"embeddable":true,"href":"https:\/\/www.estrategiaconcursos.com.br\/blog\/wp-json\/wp\/v2\/users\/1"}],"replies":[{"embeddable":true,"href":"https:\/\/www.estrategiaconcursos.com.br\/blog\/wp-json\/wp\/v2\/comments?post=674218"}],"version-history":[{"count":7,"href":"https:\/\/www.estrategiaconcursos.com.br\/blog\/wp-json\/wp\/v2\/posts\/674218\/revisions"}],"predecessor-version":[{"id":678096,"href":"https:\/\/www.estrategiaconcursos.com.br\/blog\/wp-json\/wp\/v2\/posts\/674218\/revisions\/678096"}],"wp:featuredmedia":[{"embeddable":true,"href":"https:\/\/www.estrategiaconcursos.com.br\/blog\/wp-json\/wp\/v2\/media\/677799"}],"wp:attachment":[{"href":"https:\/\/www.estrategiaconcursos.com.br\/blog\/wp-json\/wp\/v2\/media?parent=674218"}],"wp:term":[{"taxonomy":"category","embeddable":true,"href":"https:\/\/www.estrategiaconcursos.com.br\/blog\/wp-json\/wp\/v2\/categories?post=674218"},{"taxonomy":"post_tag","embeddable":true,"href":"https:\/\/www.estrategiaconcursos.com.br\/blog\/wp-json\/wp\/v2\/tags?post=674218"},{"taxonomy":"tax_estado","embeddable":true,"href":"https:\/\/www.estrategiaconcursos.com.br\/blog\/wp-json\/wp\/v2\/tax_estado?post=674218"}],"curies":[{"name":"wp","href":"https:\/\/api.w.org\/{rel}","templated":true}]}}