{"id":674143,"date":"2020-08-24T13:00:00","date_gmt":"2020-08-24T16:00:00","guid":{"rendered":"https:\/\/www.estrategiaconcursos.com.br\/blog\/?p=674143"},"modified":"2021-02-17T13:50:55","modified_gmt":"2021-02-17T16:50:55","slug":"concurso-prefeitura-de-ceres-go","status":"publish","type":"post","link":"https:\/\/www.estrategiaconcursos.com.br\/blog\/concurso-prefeitura-de-ceres-go\/","title":{"rendered":"Concurso Prefeitura de Ceres GO: provas s\u00e3o SUSPENSAS!"},"content":{"rendered":"\n<p>Est\u00e1 <strong>suspensa a aplica\u00e7\u00e3o das provas do concurso p\u00fablico da Prefeitura de Ceres<\/strong>, estado de Goi\u00e1s. A decis\u00e3o foi tomada tendo em vista os decretos vigentes acerca da pandemia de Covid-19, a fim de evitar a prolifera\u00e7\u00e3o do v\u00edrus.<\/p>\n\n\n\n<p>Vale lembrar que a etapa estava prevista para ocorrer em setembro de 2020. Dessa forma, \u00e9 aguardada uma melhora na situa\u00e7\u00e3o pand\u00eamica para que um novo cronograma seja definido.<\/p>\n\n\n\n<p>S\u00e3o ofertadas no edital <strong>168 vagas para provimento imediato<\/strong> de diversos cargos, al\u00e9m de outras <strong>505 destinadas \u00e0 forma\u00e7\u00e3o de cadastro reserva<\/strong>. As oportunidades se distribuem entre todas as escolaridades, com sal\u00e1rios de at\u00e9 R$ 11,2 mil.<\/p>\n\n\n\n<p>A fim de te deixar sempre bem informado, elaboramos este artigo com as principais informa\u00e7\u00f5es e novidades sobre o concurso Prefeitura de Ceres GO. Acompanhe os t\u00f3picos abaixo e n\u00e3o perca nenhum detalhe:<\/p>\n\n\n\n<ul class=\"wp-block-list\"><li><a href=\"#situacao\">Situa\u00e7\u00e3o atual do concurso<\/a><ul><li><a href=\"#datas\">Principais datas<\/a><\/li><\/ul><\/li><li><a href=\"#cargos-vagas\">Cargos e vagas<\/a><ul><li><a href=\"#fundamental\">Fundamental<\/a><\/li><li><a href=\"#medio\">M\u00e9dio<\/a><\/li><li><a href=\"#superior\">Superior<\/a><\/li><\/ul><\/li><li><a href=\"#etapas\">Etapas e provas<\/a><ul><li><a href=\"#objetiva\">Prova objetiva<\/a><\/li><li><a href=\"#discursiva\">Prova discursiva<\/a><\/li><li><a href=\"#titulos\">Avalia\u00e7\u00e3o de t\u00edtulos<\/a><\/li><li><a href=\"#curso\">Curso de forma\u00e7\u00e3o<\/a><\/li><\/ul><\/li><li><a href=\"#cursos-assinatura\">Cursos e assinaturas<\/a><\/li><li><a href=\"#ficha\">Ficha t\u00e9cnica<\/a><\/li><\/ul>\n\n\n\n<h2 class=\"wp-block-heading\" id=\"situacao\">Situa\u00e7\u00e3o atual do concurso Prefeitura de Ceres<\/h2>\n\n\n\n<h3 class=\"wp-block-heading\" id=\"datas\">Principais datas<\/h3>\n\n\n\n<ul class=\"wp-block-list\"><li><strong>Inscri\u00e7\u00f5es<\/strong>: <s>10 de fevereiro a 03 de mar\u00e7o de 2020<\/s><\/li><li><strong>Inscri\u00e7\u00f5es<\/strong> (Agente Comunit\u00e1rio de Sa\u00fade, Assistente Administrativo e Motorista): <s>24 de junho a 16 de julho de 2020<\/s><\/li><li><strong>Isen\u00e7\u00e3o da taxa<\/strong>: <s>20 a 24 de janeiro de 2020<\/s><\/li><li><strong>\u00daltimo dia para pagamento<\/strong>: <s>17 de julho de 2020<\/s><\/li><li><strong>Prova<\/strong>:<s> 13 de setembro de 2020<\/s> <\/li><\/ul>\n\n\n\n<p class=\"has-text-align-center has-very-light-gray-background-color has-background has-medium-font-size\"><strong><a href=\"https:\/\/dhg1h5j42swfq.cloudfront.net\/2025\/06\/17121556\/comunicado-n-03-adiamento-das-provas-concurso-de-ceres.pdf\" target=\"_blank\" rel=\"noreferrer noopener\">Provas suspensas<\/a><\/strong><\/p>\n\n\n\n<h2 class=\"wp-block-heading\" id=\"cargos-vagas\">Cargos e vagas do concurso Prefeitura de Ceres<\/h2>\n\n\n\n<h3 class=\"wp-block-heading\" id=\"fundamental\">N\u00edvel fundamental<\/h3>\n\n\n\n<figure class=\"wp-block-table is-style-stripes\"><table class=\"has-subtle-pale-blue-background-color has-fixed-layout has-background\"><thead><tr><th class=\"has-text-align-center\" data-align=\"center\"><strong>CARGO<\/strong>S<\/th><th class=\"has-text-align-center\" data-align=\"center\"><strong>VAGAS<\/strong><\/th><th class=\"has-text-align-center\" data-align=\"center\"><strong><\/strong><strong>SAL\u00c1RIO<\/strong><\/th><\/tr><\/thead><tbody><tr><td class=\"has-text-align-center\" data-align=\"center\">Auxiliar de Servi\u00e7os de Higiene e Alimenta\u00e7\u00e3o<\/td><td class=\"has-text-align-center\" data-align=\"center\">14 + 42 CR<\/td><td class=\"has-text-align-center\" data-align=\"center\">R$ 1.088,62 <\/td><\/tr><tr><td class=\"has-text-align-center\" data-align=\"center\">Auxiliar de Servi\u00e7os Gerais I \u2013 Predial<\/td><td class=\"has-text-align-center\" data-align=\"center\">13 + 40 CR<\/td><td class=\"has-text-align-center\" data-align=\"center\">R$ 1.044,05<\/td><\/tr><tr><td class=\"has-text-align-center\" data-align=\"center\">Auxiliar de Servi\u00e7os Gerais II \u2013 Bra\u00e7al<\/td><td class=\"has-text-align-center\" data-align=\"center\">8 + 24 CR<\/td><td class=\"has-text-align-center\" data-align=\"center\">R$ 1.044,05<\/td><\/tr><tr><td class=\"has-text-align-center\" data-align=\"center\">Auxiliar de Servi\u00e7os Gerais III \u2013 Coletor de Lixo<\/td><td class=\"has-text-align-center\" data-align=\"center\">3 + 9 CR<\/td><td class=\"has-text-align-center\" data-align=\"center\">R$ 1.044,05<\/td><\/tr><tr><td class=\"has-text-align-center\" data-align=\"center\">Auxiliar de Servi\u00e7os Gerais IV \u2013 Vigilante\/ Porteiro<\/td><td class=\"has-text-align-center\" data-align=\"center\">8 + 24 CR<\/td><td class=\"has-text-align-center\" data-align=\"center\">R$ 1.044,05<\/td><\/tr><tr><td class=\"has-text-align-center\" data-align=\"center\">Coveiro<\/td><td class=\"has-text-align-center\" data-align=\"center\">2 + 6 CR<\/td><td class=\"has-text-align-center\" data-align=\"center\">R$ 1.280,73 <\/td><\/tr><\/tbody><\/table><\/figure>\n\n\n\n<h3 class=\"wp-block-heading\" id=\"medio\">Ensino m\u00e9dio<\/h3>\n\n\n\n<figure class=\"wp-block-table is-style-stripes\"><table class=\"has-subtle-pale-blue-background-color has-fixed-layout has-background\"><thead><tr><th class=\"has-text-align-center\" data-align=\"center\"><strong>CARGO<\/strong>S<\/th><th class=\"has-text-align-center\" data-align=\"center\"><strong>VAGAS<\/strong><\/th><th class=\"has-text-align-center\" data-align=\"center\"><strong><\/strong><strong>SAL\u00c1RIO<\/strong><\/th><\/tr><\/thead><tbody><tr><td class=\"has-text-align-center\" data-align=\"center\">Agente de Apoio Educacional<\/td><td class=\"has-text-align-center\" data-align=\"center\">15 + 45 CR<\/td><td class=\"has-text-align-center\" data-align=\"center\">R$ 1.155,85 <\/td><\/tr><tr><td class=\"has-text-align-center\" data-align=\"center\">Agente Comunit\u00e1rio de Sa\u00fade<\/td><td class=\"has-text-align-center\" data-align=\"center\">8 + 24 CR<\/td><td class=\"has-text-align-center\" data-align=\"center\">R$ 1.432,02<\/td><\/tr><tr><td class=\"has-text-align-center\" data-align=\"center\">Agente de Combate a Endemias<\/td><td class=\"has-text-align-center\" data-align=\"center\">4 + 12 CR<\/td><td class=\"has-text-align-center\" data-align=\"center\">R$ 1.432,02<\/td><\/tr><tr><td class=\"has-text-align-center\" data-align=\"center\">Assistente Administrativo<\/td><td class=\"has-text-align-center\" data-align=\"center\">20 + 60 CR<\/td><td class=\"has-text-align-center\" data-align=\"center\">R$ 1.432,03<\/td><\/tr><tr><td class=\"has-text-align-center\" data-align=\"center\">Auxiliar de Consult\u00f3rio Dent\u00e1rio<\/td><td class=\"has-text-align-center\" data-align=\"center\">5 + 15 CR<\/td><td class=\"has-text-align-center\" data-align=\"center\">R$ 1.312,75<\/td><\/tr><tr><td class=\"has-text-align-center\" data-align=\"center\">Fiscal de Meio Ambiente<\/td><td class=\"has-text-align-center\" data-align=\"center\">3 + 9 CR<\/td><td class=\"has-text-align-center\" data-align=\"center\">R$ 1.432,03<\/td><\/tr><tr><td class=\"has-text-align-center\" data-align=\"center\">Fiscal de Tr\u00e2nsito<\/td><td class=\"has-text-align-center\" data-align=\"center\">1 + 3 CR<\/td><td class=\"has-text-align-center\" data-align=\"center\">R$ 1.432,03<\/td><\/tr><tr><td class=\"has-text-align-center\" data-align=\"center\">Fiscal Sanitarista<\/td><td class=\"has-text-align-center\" data-align=\"center\">3 + 9 CR<\/td><td class=\"has-text-align-center\" data-align=\"center\">R$ 1.432,02<\/td><\/tr><tr><td class=\"has-text-align-center\" data-align=\"center\">Mec\u00e2nico<\/td><td class=\"has-text-align-center\" data-align=\"center\">3 + 9 CR<\/td><td class=\"has-text-align-center\" data-align=\"center\">R$ 1.280,73<\/td><\/tr><tr><td class=\"has-text-align-center\" data-align=\"center\">Motorista<\/td><td class=\"has-text-align-center\" data-align=\"center\">2 + 6 CR<\/td><td class=\"has-text-align-center\" data-align=\"center\">R$ 1.360,78<\/td><\/tr><tr><td class=\"has-text-align-center\" data-align=\"center\">T\u00e9cnico de Laborat\u00f3rio<\/td><td class=\"has-text-align-center\" data-align=\"center\">2 + 6 CR<\/td><td class=\"has-text-align-center\" data-align=\"center\">R$ 1.432,03<\/td><\/tr><tr><td class=\"has-text-align-center\" data-align=\"center\">T\u00e9cnico em Enfermagem<\/td><td class=\"has-text-align-center\" data-align=\"center\">5 + 15 CR<\/td><td class=\"has-text-align-center\" data-align=\"center\">R$ 1.432,03<\/td><\/tr><tr><td class=\"has-text-align-center\" data-align=\"center\">T\u00e9cnico em Seguran\u00e7a do Trabalho<\/td><td class=\"has-text-align-center\" data-align=\"center\">1 + 3 CR<\/td><td class=\"has-text-align-center\" data-align=\"center\">R$ 1.432,03<\/td><\/tr><tr><td class=\"has-text-align-center\" data-align=\"center\">Telefonista (TARM)<\/td><td class=\"has-text-align-center\" data-align=\"center\">4 + 12 CR<\/td><td class=\"has-text-align-center\" data-align=\"center\">R$ 1.280,73<\/td><\/tr><\/tbody><\/table><\/figure>\n\n\n\n<h3 class=\"wp-block-heading\" id=\"superior\">Curso superior<\/h3>\n\n\n\n<figure class=\"wp-block-table is-style-stripes\"><table class=\"has-subtle-pale-blue-background-color has-fixed-layout has-background\"><thead><tr><th class=\"has-text-align-center\" data-align=\"center\"><strong>CARGO<\/strong>S<\/th><th class=\"has-text-align-center\" data-align=\"center\"><strong>VAGAS<\/strong><\/th><th class=\"has-text-align-center\" data-align=\"center\"><strong>SAL\u00c1RIO<\/strong><\/th><\/tr><\/thead><tbody><tr><td class=\"has-text-align-center\" data-align=\"center\">Assistente Social<\/td><td class=\"has-text-align-center\" data-align=\"center\">2 + 6 CR<\/td><td class=\"has-text-align-center\" data-align=\"center\">R$ 1.600,92<\/td><\/tr><tr><td class=\"has-text-align-center\" data-align=\"center\">Enfermeiro<\/td><td class=\"has-text-align-center\" data-align=\"center\">3 + 9 CR<\/td><td class=\"has-text-align-center\" data-align=\"center\">R$ 3.602,07<\/td><\/tr><tr><td class=\"has-text-align-center\" data-align=\"center\">Engenheiro Ambiental<\/td><td class=\"has-text-align-center\" data-align=\"center\">1 + 3 CR<\/td><td class=\"has-text-align-center\" data-align=\"center\">R$ 3.201,83<\/td><\/tr><tr><td class=\"has-text-align-center\" data-align=\"center\">Fisioterapeuta<\/td><td class=\"has-text-align-center\" data-align=\"center\">2 + 6 CR<\/td><td class=\"has-text-align-center\" data-align=\"center\">R$ 2.401,38<\/td><\/tr><tr><td class=\"has-text-align-center\" data-align=\"center\">Fonoaudi\u00f3logo<\/td><td class=\"has-text-align-center\" data-align=\"center\">2 + 6 CR<\/td><td class=\"has-text-align-center\" data-align=\"center\">R$ 2.401,38<\/td><\/tr><tr><td class=\"has-text-align-center\" data-align=\"center\">M\u00e9dico<\/td><td class=\"has-text-align-center\" data-align=\"center\">2 + 6 CR<\/td><td class=\"has-text-align-center\" data-align=\"center\">R$ 11.206,46<\/td><\/tr><tr><td class=\"has-text-align-center\" data-align=\"center\">M\u00e9dico Perito<\/td><td class=\"has-text-align-center\" data-align=\"center\">1 + 3 CR<\/td><td class=\"has-text-align-center\" data-align=\"center\">R$ 3.201,83<\/td><\/tr><tr><td class=\"has-text-align-center\" data-align=\"center\">Nutricionista<\/td><td class=\"has-text-align-center\" data-align=\"center\">2 + 6 CR<\/td><td class=\"has-text-align-center\" data-align=\"center\">R$ 2.401,38<\/td><\/tr><tr><td class=\"has-text-align-center\" data-align=\"center\">Odont\u00f3logo<\/td><td class=\"has-text-align-center\" data-align=\"center\">2 + 6 CR<\/td><td class=\"has-text-align-center\" data-align=\"center\">R$ 3.281,89<\/td><\/tr><tr><td class=\"has-text-align-center\" data-align=\"center\">Professional do Magist\u00e9rio: Professor PIII &#8211; Pedagogo<\/td><td class=\"has-text-align-center\" data-align=\"center\">20 + 60 CR<\/td><td class=\"has-text-align-center\" data-align=\"center\">R$ 2.279,40<\/td><\/tr><tr><td class=\"has-text-align-center\" data-align=\"center\">Professional do Magist\u00e9rio: Professor PIII \u2013 Educa\u00e7\u00e3o F\u00edsica<\/td><td class=\"has-text-align-center\" data-align=\"center\">3 + 9 CR<\/td><td class=\"has-text-align-center\" data-align=\"center\">R$ 2.279,40<\/td><\/tr><tr><td class=\"has-text-align-center\" data-align=\"center\">Psic\u00f3logo Cl\u00ednico<\/td><td class=\"has-text-align-center\" data-align=\"center\">2 + 6 CR<\/td><td class=\"has-text-align-center\" data-align=\"center\">R$ 2.401,38<\/td><\/tr><tr><td class=\"has-text-align-center\" data-align=\"center\">Psic\u00f3logo Escolar<\/td><td class=\"has-text-align-center\" data-align=\"center\">1 + 3 CR<\/td><td class=\"has-text-align-center\" data-align=\"center\">R$ 2.401,38<\/td><\/tr><tr><td class=\"has-text-align-center\" data-align=\"center\">Terapeuta Ocupacional<\/td><td class=\"has-text-align-center\" data-align=\"center\">1 + 3 CR<\/td><td class=\"has-text-align-center\" data-align=\"center\">R$ 2.401,38<\/td><\/tr><\/tbody><\/table><\/figure>\n\n\n\n<h2 class=\"wp-block-heading\" id=\"etapas\">Etapas e provas do concurso Prefeitura de Ceres<\/h2>\n\n\n\n<p>A avalia\u00e7\u00e3o dos candidatos do concurso da Prefeitura de Ceres ser\u00e1 feita por meio de at\u00e9 quatro etapas, sendo elas:<\/p>\n\n\n\n<ol class=\"wp-block-list\"><li><strong>Provas objetivas<\/strong>, de car\u00e1ter classificat\u00f3rio e eliminat\u00f3rio;<\/li><li><strong>Prova discursiva<\/strong>, de car\u00e1ter classificat\u00f3rio e eliminat\u00f3rio;<\/li><li><strong>Avalia\u00e7\u00e3o de t\u00edtulos<\/strong>, de car\u00e1ter classificat\u00f3rio;<\/li><li><strong>Curso de forma\u00e7\u00e3o profissional<\/strong>, de car\u00e1ter eliminat\u00f3rio.<\/li><\/ol>\n\n\n\n<h3 class=\"wp-block-heading\" id=\"objetiva\">Provas Objetivas<\/h3>\n\n\n\n<p>A prova objetiva ser\u00e1 de m\u00faltipla escolha, para todos os cargos, com cinco op\u00e7\u00f5es e apenas uma alternativa correta, sendo de car\u00e1ter classificat\u00f3rio e eliminat\u00f3rio. As provas ser\u00e3o aplicadas em dois turnos, sendo:<\/p>\n\n\n\n<p class=\"has-background\" style=\"background-color:#eeeeee\"><strong>Matutino<\/strong>: n\u00edvel m\u00e9dio (dura\u00e7\u00e3o de 2h)<br \/><strong>Vespertino<\/strong>: n\u00edveis fundamental (dura\u00e7\u00e3o de 2h) e superior (dura\u00e7\u00e3o de 3h)<\/p>\n\n\n\n<ul class=\"wp-block-list\"><li><strong>Auxiliar de Servi\u00e7os de Higiene e Alimenta\u00e7\u00e3o: <\/strong><ul><li><em>L\u00edngua Portuguesa &#8211; 05<\/em><\/li><li><em>Matem\u00e1tica &#8211; 05<\/em><\/li><li><em>Atualidades e Conhecimentos Gerais &#8211; 05<\/em><\/li><li><em>\u00c9tica no Servi\u00e7o P\u00fablico &#8211; 05<\/em><\/li><\/ul><\/li><\/ul>\n\n\n\n<ul class=\"wp-block-list\"><li><strong>Demais cargos de n\u00edvel fundamental:<\/strong><ul><li><em>L\u00edngua Portuguesa &#8211; 10<\/em><\/li><li><em>Matem\u00e1tica &#8211; 10<\/em><\/li><\/ul><\/li><\/ul>\n\n\n\n<ul class=\"wp-block-list\"><li><strong>N\u00edvel m\u00e9dio e t\u00e9cnico:<\/strong><ul><li><em>L\u00edngua Portuguesa &#8211; 05<\/em><\/li><li><em>Matem\u00e1tica &#8211; 05<\/em><\/li><li><em>Atualidades e Conhecimentos Gerais &#8211; 05<\/em><\/li><li><em>No\u00e7\u00f5es de Inform\u00e1tica &#8211; 05<\/em><\/li><li><em>\u00c9tica no Servi\u00e7o P\u00fablico &#8211; 05<\/em><\/li><li><em>Legisla\u00e7\u00e3o B\u00e1sica \u2013 Lei Org\u00e2nica &#8211; 05<\/em><\/li><\/ul><\/li><\/ul>\n\n\n\n<ul class=\"wp-block-list\"><li><strong>Cargos de Professor:<\/strong><ul><li><em>L\u00edngua Portuguesa &#8211; 08<\/em><\/li><li><em>\u00c9tica no Servi\u00e7o P\u00fablico &#8211; 06<\/em><\/li><li><em>Atualidades e Conhecimentos Gerais &#8211; 06<\/em><\/li><li><em>Legisla\u00e7\u00e3o B\u00e1sica \u2013 Lei org\u00e2nica &#8211; 05<\/em><\/li><li><em>Conhecimentos Espec\u00edficos do cargo &#8211; 05<\/em><\/li><\/ul><\/li><\/ul>\n\n\n\n<ul class=\"wp-block-list\"><li><strong>Demais cargos de n\u00edvel superior:<\/strong><ul><li><em>L\u00edngua Portuguesa &#8211; 08<\/em><\/li><li><em>\u00c9tica no Servi\u00e7o P\u00fablico &#8211; 06<\/em><\/li><li><em>Atualidades e Conhecimentos Gerais &#8211; 06<\/em><\/li><li><em>Legisla\u00e7\u00e3o B\u00e1sica \u2013 Lei org\u00e2nica &#8211; 05<\/em><\/li><li><em>Conhecimentos Espec\u00edficos do cargo &#8211; 05<\/em><\/li><\/ul><\/li><\/ul>\n\n\n\n<h3 class=\"wp-block-heading\" id=\"discursiva\">Prova Discursiva<\/h3>\n\n\n\n<p>A prova discursiva ser\u00e1 aplicada somente aos cargos de n\u00edvel superior, de car\u00e1ter eliminat\u00f3rio e classificat\u00f3rio. O valor m\u00e1ximo ser\u00e1 de 20 pontos. Os candidatos ter\u00e3o suas provas corrigidas, obedecendo aos seguintes crit\u00e9rios:<\/p>\n\n\n\n<ul class=\"wp-block-list\"><li>obtiverem nota m\u00ednima de 20% da prova objetiva;<\/li><li>em ordem decrescente da pontua\u00e7\u00e3o obtida na prova objetiva, ser selecionado, at\u00e9 o limite de 5 vezes o n\u00famero de vagas, estabelecendo-se a nota de corte para cada cargo.<\/li><\/ul>\n\n\n\n<h3 class=\"wp-block-heading\" id=\"titulos\">Avalia\u00e7\u00e3o de T\u00edtulos<\/h3>\n\n\n\n<p>De car\u00e1ter classificat\u00f3rio, a avalia\u00e7\u00e3o de t\u00edtulos do concurso Prefeitura de Ceres GO ser\u00e1 aplicada aos candidatos dos cargos de n\u00edvel superior, selecionados a partir da corre\u00e7\u00e3o da prova discursiva.<\/p>\n\n\n\n<div class=\"wp-block-image\"><figure class=\"aligncenter size-large\"><img loading=\"lazy\" decoding=\"async\" width=\"799\" height=\"434\" src=\"https:\/\/dhg1h5j42swfq.cloudfront.net\/2021\/02\/17125701\/image-198.png\" alt=\"\" class=\"wp-image-674183\" srcset=\"https:\/\/dhg1h5j42swfq.cloudfront.net\/2021\/02\/17125701\/image-198.png 799w, https:\/\/dhg1h5j42swfq.cloudfront.net\/2021\/02\/17125701\/image-198-300x163.png 300w, https:\/\/dhg1h5j42swfq.cloudfront.net\/2021\/02\/17125701\/image-198-768x417.png 768w, https:\/\/dhg1h5j42swfq.cloudfront.net\/2021\/02\/17125701\/image-198-610x331.png 610w\" sizes=\"auto, (max-width: 799px) 100vw, 799px\" \/><\/figure><\/div>\n\n\n\n<h3 class=\"wp-block-heading\" id=\"curso\">Curso de Forma\u00e7\u00e3o Profissional<\/h3>\n\n\n\n<p>O curso de forma\u00e7\u00e3o profissional tem car\u00e1ter eliminat\u00f3rio e \u00e9 exclusivo aos cargos de agente de combate a endemias e agente comunit\u00e1rio de sa\u00fade. Essa etapa ser\u00e1 realizada em Ceres-GO. Os candidatos ser\u00e3o convocados obedecendo aos seguintes crit\u00e9rios:<\/p>\n\n\n\n<ul class=\"wp-block-list\"><li>obtiverem nota m\u00ednima de 20% da prova objetiva;<\/li><li>em ordem decrescente da pontua\u00e7\u00e3o obtida na prova objetiva, ser selecionado at\u00e9 5 vezes o limite de vagas;<\/li><li>n\u00e3o terem sido eliminados na avalia\u00e7\u00e3o pela equipe multiprofissional.<\/li><\/ul>\n\n\n\n<hr class=\"wp-block-separator\"\/>\n\n\n\n<h2 class=\"has-text-align-center wp-block-heading\" id=\"cursos-assinatura\">Quer estudar para o concurso Prefeitura de Ceres-GO?<\/h2>\n\n\n\n<div class=\"container\" id=\"boxes\">\n  <div class=\"row\">\n\n    <div class=\"col-sm\">\n      <div class=\"banner-estrategia\" id=\"box-assinatura\">\n        <h3 class=\"titulo-assinatura\">Concurso Prefeitura de Ceres GO<\/h3>\n        <p class=\"subtitulo-assinatura\">Conhe\u00e7a os cursos<\/p>\n        <div class=\"box-botao\">\n          <a class=\"btn-assinatura\" target=\"_blank\" href=\"https:\/\/www.estrategiaconcursos.com.br\/cursos\/\" role=\"button\" rel=\"noopener noreferrer\">Conhe\u00e7a mais<\/a>\n        <\/div>\n      <\/div>\n      \n    <\/div>\n\n  <\/div>\n<\/div>\n\n\n\n<div class=\"container\" id=\"boxes\">\n  <div class=\"row\">\n\n    <div class=\"col-sm\">\n      <div class=\"estrategia\" id=\"box-assinatura\">\n        <h3 class=\"titulo-assinatura\">Assinatura Ilimitada<\/h3>\n        <p class=\"subtitulo-assinatura\">Assinatura Anual Ilimitada*<\/p>\n        <div class=\"box-botao\">\n          <a class=\"btn-assinatura\" target=\"_blank\" href=\"https:\/\/www.estrategiaconcursos.com.br\/assinaturas\/\" role=\"button\" rel=\"noopener noreferrer\">ASSINE AGORA<\/a>\n        <\/div>\n      <\/div>\n      <p class=\"texto-auxiliar\">Prepare-se com o melhor material e com quem mais aprova em Concursos P\u00fablicos em todo o pa\u00eds. Assine agora a nossa Assinatura Anual e tenha acesso ilimitado* a todos os nossos cursos.<\/p>\n    <\/div>\n\n    <div class=\"col-sm\">\n      <div class=\"questoes\" id=\"box-assinatura\">\n        <h3 class=\"titulo-assinatura\">Sistema de Quest\u00f5es<\/h3>\n        <p class=\"subtitulo-assinatura\">Assinatura Ilimitada*\n<\/p>\n        <div class=\"box-botao\">\n          <a class=\"btn-assinatura\" target=\"_blank\" href=\"https:\/\/questoes.estrategiaconcursos.com.br\/\" role=\"button\" rel=\"noopener noreferrer\">ASSINE AGORA<\/a>\n        <\/div>\n      <\/div>\n      <p class=\"texto-auxiliar\">Estrat\u00e9gia Quest\u00f5es nasceu maior do que todos os concorrentes, com mais quest\u00f5es cadastradas e mais solu\u00e7\u00f5es por professores. Clique no link e aproveite os descontos e b\u00f4nus imperd\u00edveis!<\/p>\n    <\/div>\n  <\/div>\n<\/div>\n\n\n\n<div class=\"container\" id=\"boxes\">\n  <div class=\"row\">\n\n    <div class=\"col-sm\" id=\"boxes-concursos\">\n      <div style=\"background-color: #005DAD;\" class=\"conteudo-concursos\" id=\"box-concursos\">\n        <h3 class=\"titulo-assinatura\">Concursos Abertos<\/h3>\n        <p class=\"subtitulo-assinatura\">mais de 15 mil vagas<\/p>\n        <div class=\"box-botao\">\n          <a class=\"btn-assinatura\" target=\"_blank\" href=\"https:\/\/www.estrategiaconcursos.com.br\/blog\/concursos-abertos\/\" role=\"button\" rel=\"noopener noreferrer\">Conhe\u00e7a Agora<\/a>\n        <\/div>\n      <\/div>\n    <\/div>\n\n    <div class=\"col-sm\" id=\"boxes-concursos\">\n      <div style=\"background-color: #419FF0;\" class=\"conteudo-concursos\" id=\"box-concursos\">\n        <h3 class=\"titulo-assinatura\">Concursos 2021<\/h3>\n        <p class=\"subtitulo-assinatura\">mais de 50 mil vagas<\/p>\n        <div class=\"box-botao\">\n          <a class=\"btn-assinatura\" target=\"_blank\" href=\"https:\/\/www.estrategiaconcursos.com.br\/blog\/concursos-2021\/\" role=\"button\" rel=\"noopener noreferrer\">Conhe\u00e7a Agora<\/a>\n        <\/div>\n      <\/div>\n    <\/div>\n\n  <\/div>\n<\/div>\n\n\n\n<figure class=\"wp-block-image\"><img loading=\"lazy\" decoding=\"async\" width=\"300\" height=\"102\" src=\"https:\/\/dhg1h5j42swfq.cloudfront.net\/2017\/03\/28152500\/coruja-ficha-tecnica-300x102.png\" alt=\"Informa\u00e7\u00f5es do concurso Prefeitura de Ceres-GO\" class=\"wp-image-68542\"\/><\/figure>\n\n\n\n<h3 class=\"wp-block-heading\" id=\"ficha\">Informa\u00e7\u00f5es do concurso Prefeitura de Ceres-GO<\/h3>\n\n\n\n<ul class=\"wp-block-list\"><li><strong>Provas<\/strong>: Suspensas<\/li><li><strong>Vagas<\/strong>: 168 + 505 CR<\/li><li><strong>Cargos<\/strong>: V\u00e1rios<\/li><li><strong>Banca<\/strong>: NS\/UEG<\/li><li><strong>Escolaridade<\/strong>: N\u00edvel fundamental, m\u00e9dio e superior<\/li><li><strong>Edital retificado<\/strong>:&nbsp;<a href=\"https:\/\/dhg1h5j42swfq.cloudfront.net\/2025\/06\/17121544\/edital-prefeitura-municipal-ceres-3-retificacao.pdf\" target=\"_blank\" rel=\"noreferrer noopener\">Edital Ceres<\/a><\/li><\/ul>\n","protected":false},"excerpt":{"rendered":"<p>Est\u00e1 suspensa a aplica\u00e7\u00e3o das provas do concurso p\u00fablico da Prefeitura de Ceres, estado de Goi\u00e1s. A decis\u00e3o foi tomada tendo em vista os decretos vigentes acerca da pandemia de Covid-19, a fim de evitar a prolifera\u00e7\u00e3o do v\u00edrus. Vale lembrar que a etapa estava prevista para ocorrer em setembro de 2020. Dessa forma, \u00e9 [&hellip;]<\/p>\n","protected":false},"author":1,"featured_media":674223,"comment_status":"open","ping_status":"closed","sticky":false,"template":"","format":"standard","meta":{"post_tipo":"news_page","footnotes":""},"categories":[1],"tags":[],"tax_estado":[219972],"class_list":["post-674143","post","type-post","status-publish","format-standard","has-post-thumbnail","hentry","category-cursos-e-concursos","tax_estado-go"],"acf":[],"yoast_head":"<!-- This site is optimized with the Yoast SEO Premium plugin v27.2 (Yoast SEO v27.2) - https:\/\/yoast.com\/product\/yoast-seo-premium-wordpress\/ -->\n<title>Concurso Prefeitura de Ceres GO: provas s\u00e3o SUSPENSAS!<\/title>\n<meta name=\"description\" content=\"Concurso Prefeitura de Ceres-GO: Aplica\u00e7\u00e3o das provas objetivas s\u00e3o suspensas, em raz\u00e3o da panemia de Covid-19. Saiba mais detalhes!\" \/>\n<meta name=\"robots\" content=\"index, follow, max-snippet:-1, max-image-preview:large, max-video-preview:-1\" \/>\n<link rel=\"canonical\" href=\"https:\/\/www.estrategiaconcursos.com.br\/blog\/concurso-prefeitura-de-ceres-go\/\" \/>\n<meta property=\"og:locale\" content=\"pt_BR\" \/>\n<meta property=\"og:type\" content=\"article\" \/>\n<meta property=\"og:title\" content=\"Concurso Prefeitura de Ceres GO: provas s\u00e3o SUSPENSAS!\" \/>\n<meta property=\"og:description\" content=\"Concurso Prefeitura de Ceres-GO: Aplica\u00e7\u00e3o das provas objetivas s\u00e3o suspensas, em raz\u00e3o da panemia de Covid-19. Saiba mais detalhes!\" \/>\n<meta property=\"og:url\" content=\"https:\/\/www.estrategiaconcursos.com.br\/blog\/concurso-prefeitura-de-ceres-go\/\" \/>\n<meta property=\"og:site_name\" content=\"Estrat\u00e9gia Concursos\" \/>\n<meta property=\"article:author\" content=\"https:\/\/www.facebook.com\/EstrategiaConcursos\" \/>\n<meta property=\"article:published_time\" content=\"2020-08-24T16:00:00+00:00\" \/>\n<meta property=\"article:modified_time\" content=\"2021-02-17T16:50:55+00:00\" \/>\n<meta property=\"og:image\" content=\"https:\/\/dhg1h5j42swfq.cloudfront.net\/2020\/08\/17133620\/prefeitura-de-ceres-go.jpg\" \/>\n\t<meta property=\"og:image:width\" content=\"990\" \/>\n\t<meta property=\"og:image:height\" content=\"744\" \/>\n\t<meta property=\"og:image:type\" content=\"image\/jpeg\" \/>\n<meta name=\"author\" content=\"Coordena\u00e7\u00e3o\" \/>\n<meta name=\"twitter:card\" content=\"summary_large_image\" \/>\n<meta name=\"twitter:creator\" content=\"@EstratConcursos\" \/>\n<meta name=\"twitter:site\" content=\"@EstratConcursos\" \/>\n<meta name=\"twitter:label1\" content=\"Escrito por\" \/>\n\t<meta name=\"twitter:data1\" content=\"Coordena\u00e7\u00e3o\" \/>\n\t<meta name=\"twitter:label2\" content=\"Est. tempo de leitura\" \/>\n\t<meta name=\"twitter:data2\" content=\"5 minutos\" \/>\n<script type=\"application\/ld+json\" class=\"yoast-schema-graph\">{\"@context\":\"https:\/\/schema.org\",\"@graph\":[{\"@type\":\"NewsArticle\",\"@id\":\"https:\/\/www.estrategiaconcursos.com.br\/blog\/concurso-prefeitura-de-ceres-go\/#article\",\"isPartOf\":{\"@id\":\"https:\/\/www.estrategiaconcursos.com.br\/blog\/concurso-prefeitura-de-ceres-go\/\"},\"author\":{\"name\":\"Coordena\u00e7\u00e3o\",\"@id\":\"https:\/\/www.estrategiaconcursos.com.br\/blog\/#\/schema\/person\/b4a388c97673c5f483d72185668afa1f\"},\"headline\":\"Concurso Prefeitura de Ceres GO: provas s\u00e3o SUSPENSAS!\",\"datePublished\":\"2020-08-24T16:00:00+00:00\",\"dateModified\":\"2021-02-17T16:50:55+00:00\",\"mainEntityOfPage\":{\"@id\":\"https:\/\/www.estrategiaconcursos.com.br\/blog\/concurso-prefeitura-de-ceres-go\/\"},\"wordCount\":1124,\"commentCount\":0,\"publisher\":{\"@id\":\"https:\/\/www.estrategiaconcursos.com.br\/blog\/#organization\"},\"image\":{\"@id\":\"https:\/\/www.estrategiaconcursos.com.br\/blog\/concurso-prefeitura-de-ceres-go\/#primaryimage\"},\"thumbnailUrl\":\"https:\/\/dhg1h5j42swfq.cloudfront.net\/2020\/08\/17133620\/prefeitura-de-ceres-go.jpg\",\"articleSection\":[\"Concursos P\u00fablicos\"],\"inLanguage\":\"pt-BR\",\"potentialAction\":[{\"@type\":\"CommentAction\",\"name\":\"Comment\",\"target\":[\"https:\/\/www.estrategiaconcursos.com.br\/blog\/concurso-prefeitura-de-ceres-go\/#respond\"]}],\"copyrightYear\":\"2020\",\"copyrightHolder\":{\"@id\":\"https:\/\/www.estrategiaconcursos.com.br\/blog\/#organization\"}},{\"@type\":\"WebPage\",\"@id\":\"https:\/\/www.estrategiaconcursos.com.br\/blog\/concurso-prefeitura-de-ceres-go\/\",\"url\":\"https:\/\/www.estrategiaconcursos.com.br\/blog\/concurso-prefeitura-de-ceres-go\/\",\"name\":\"Concurso Prefeitura de Ceres GO: provas s\u00e3o SUSPENSAS!\",\"isPartOf\":{\"@id\":\"https:\/\/www.estrategiaconcursos.com.br\/blog\/#website\"},\"primaryImageOfPage\":{\"@id\":\"https:\/\/www.estrategiaconcursos.com.br\/blog\/concurso-prefeitura-de-ceres-go\/#primaryimage\"},\"image\":{\"@id\":\"https:\/\/www.estrategiaconcursos.com.br\/blog\/concurso-prefeitura-de-ceres-go\/#primaryimage\"},\"thumbnailUrl\":\"https:\/\/dhg1h5j42swfq.cloudfront.net\/2020\/08\/17133620\/prefeitura-de-ceres-go.jpg\",\"datePublished\":\"2020-08-24T16:00:00+00:00\",\"dateModified\":\"2021-02-17T16:50:55+00:00\",\"description\":\"Concurso Prefeitura de Ceres-GO: Aplica\u00e7\u00e3o das provas objetivas s\u00e3o suspensas, em raz\u00e3o da panemia de Covid-19. Saiba mais detalhes!\",\"breadcrumb\":{\"@id\":\"https:\/\/www.estrategiaconcursos.com.br\/blog\/concurso-prefeitura-de-ceres-go\/#breadcrumb\"},\"inLanguage\":\"pt-BR\",\"potentialAction\":[{\"@type\":\"ReadAction\",\"target\":[\"https:\/\/www.estrategiaconcursos.com.br\/blog\/concurso-prefeitura-de-ceres-go\/\"]}]},{\"@type\":\"ImageObject\",\"inLanguage\":\"pt-BR\",\"@id\":\"https:\/\/www.estrategiaconcursos.com.br\/blog\/concurso-prefeitura-de-ceres-go\/#primaryimage\",\"url\":\"https:\/\/dhg1h5j42swfq.cloudfront.net\/2020\/08\/17133620\/prefeitura-de-ceres-go.jpg\",\"contentUrl\":\"https:\/\/dhg1h5j42swfq.cloudfront.net\/2020\/08\/17133620\/prefeitura-de-ceres-go.jpg\",\"width\":990,\"height\":744},{\"@type\":\"BreadcrumbList\",\"@id\":\"https:\/\/www.estrategiaconcursos.com.br\/blog\/concurso-prefeitura-de-ceres-go\/#breadcrumb\",\"itemListElement\":[{\"@type\":\"ListItem\",\"position\":1,\"name\":\"In\u00edcio\",\"item\":\"https:\/\/www.estrategiaconcursos.com.br\/blog\/\"},{\"@type\":\"ListItem\",\"position\":2,\"name\":\"Concurso Prefeitura de Ceres GO: provas s\u00e3o SUSPENSAS!\"}]},{\"@type\":\"WebSite\",\"@id\":\"https:\/\/www.estrategiaconcursos.com.br\/blog\/#website\",\"url\":\"https:\/\/www.estrategiaconcursos.com.br\/blog\/\",\"name\":\"Estrat\u00e9gia Concursos\",\"description\":\"O blog da Estrat\u00e9gia Concursos traz not\u00edcias sobre concursos e artigos de professores oferecendo cursos para concursos (pdf + videaulas) no site.\",\"publisher\":{\"@id\":\"https:\/\/www.estrategiaconcursos.com.br\/blog\/#organization\"},\"potentialAction\":[{\"@type\":\"SearchAction\",\"target\":{\"@type\":\"EntryPoint\",\"urlTemplate\":\"https:\/\/www.estrategiaconcursos.com.br\/blog\/?s={search_term_string}\"},\"query-input\":{\"@type\":\"PropertyValueSpecification\",\"valueRequired\":true,\"valueName\":\"search_term_string\"}}],\"inLanguage\":\"pt-BR\"},{\"@type\":\"Organization\",\"@id\":\"https:\/\/www.estrategiaconcursos.com.br\/blog\/#organization\",\"name\":\"Estrat\u00e9gia Concursos\",\"url\":\"https:\/\/www.estrategiaconcursos.com.br\/blog\/\",\"logo\":{\"@type\":\"ImageObject\",\"inLanguage\":\"pt-BR\",\"@id\":\"https:\/\/www.estrategiaconcursos.com.br\/blog\/#\/schema\/logo\/image\/\",\"url\":\"https:\/\/dhg1h5j42swfq.cloudfront.net\/2025\/06\/03203428\/logo_concursos-1.jpg\",\"contentUrl\":\"https:\/\/dhg1h5j42swfq.cloudfront.net\/2025\/06\/03203428\/logo_concursos-1.jpg\",\"width\":230,\"height\":60,\"caption\":\"Estrat\u00e9gia Concursos\"},\"image\":{\"@id\":\"https:\/\/www.estrategiaconcursos.com.br\/blog\/#\/schema\/logo\/image\/\"},\"sameAs\":[\"https:\/\/x.com\/EstratConcursos\"]},{\"@type\":\"Person\",\"@id\":\"https:\/\/www.estrategiaconcursos.com.br\/blog\/#\/schema\/person\/b4a388c97673c5f483d72185668afa1f\",\"name\":\"Coordena\u00e7\u00e3o\",\"image\":{\"@type\":\"ImageObject\",\"inLanguage\":\"pt-BR\",\"@id\":\"https:\/\/secure.gravatar.com\/avatar\/b720319e4c9a967eb58678d110f4fe35452fc5d5f97b202bac7b8acceb18c6ad?s=96&d=mm&r=g\",\"url\":\"https:\/\/secure.gravatar.com\/avatar\/b720319e4c9a967eb58678d110f4fe35452fc5d5f97b202bac7b8acceb18c6ad?s=96&d=mm&r=g\",\"contentUrl\":\"https:\/\/secure.gravatar.com\/avatar\/b720319e4c9a967eb58678d110f4fe35452fc5d5f97b202bac7b8acceb18c6ad?s=96&d=mm&r=g\",\"caption\":\"Coordena\u00e7\u00e3o\"},\"sameAs\":[\"https:\/\/www.facebook.com\/EstrategiaConcursos\",\"https:\/\/x.com\/EstratConcursos\"],\"url\":\"https:\/\/www.estrategiaconcursos.com.br\/blog\/author\/estrategia2013\/\"}]}<\/script>\n<!-- \/ Yoast SEO Premium plugin. -->","yoast_head_json":{"title":"Concurso Prefeitura de Ceres GO: provas s\u00e3o SUSPENSAS!","description":"Concurso Prefeitura de Ceres-GO: Aplica\u00e7\u00e3o das provas objetivas s\u00e3o suspensas, em raz\u00e3o da panemia de Covid-19. Saiba mais detalhes!","robots":{"index":"index","follow":"follow","max-snippet":"max-snippet:-1","max-image-preview":"max-image-preview:large","max-video-preview":"max-video-preview:-1"},"canonical":"https:\/\/www.estrategiaconcursos.com.br\/blog\/concurso-prefeitura-de-ceres-go\/","og_locale":"pt_BR","og_type":"article","og_title":"Concurso Prefeitura de Ceres GO: provas s\u00e3o SUSPENSAS!","og_description":"Concurso Prefeitura de Ceres-GO: Aplica\u00e7\u00e3o das provas objetivas s\u00e3o suspensas, em raz\u00e3o da panemia de Covid-19. Saiba mais detalhes!","og_url":"https:\/\/www.estrategiaconcursos.com.br\/blog\/concurso-prefeitura-de-ceres-go\/","og_site_name":"Estrat\u00e9gia Concursos","article_author":"https:\/\/www.facebook.com\/EstrategiaConcursos","article_published_time":"2020-08-24T16:00:00+00:00","article_modified_time":"2021-02-17T16:50:55+00:00","og_image":[{"width":990,"height":744,"url":"https:\/\/dhg1h5j42swfq.cloudfront.net\/2020\/08\/17133620\/prefeitura-de-ceres-go.jpg","type":"image\/jpeg"}],"author":"Coordena\u00e7\u00e3o","twitter_card":"summary_large_image","twitter_creator":"@EstratConcursos","twitter_site":"@EstratConcursos","twitter_misc":{"Escrito por":"Coordena\u00e7\u00e3o","Est. tempo de leitura":"5 minutos"},"schema":{"@context":"https:\/\/schema.org","@graph":[{"@type":"NewsArticle","@id":"https:\/\/www.estrategiaconcursos.com.br\/blog\/concurso-prefeitura-de-ceres-go\/#article","isPartOf":{"@id":"https:\/\/www.estrategiaconcursos.com.br\/blog\/concurso-prefeitura-de-ceres-go\/"},"author":{"name":"Coordena\u00e7\u00e3o","@id":"https:\/\/www.estrategiaconcursos.com.br\/blog\/#\/schema\/person\/b4a388c97673c5f483d72185668afa1f"},"headline":"Concurso Prefeitura de Ceres GO: provas s\u00e3o SUSPENSAS!","datePublished":"2020-08-24T16:00:00+00:00","dateModified":"2021-02-17T16:50:55+00:00","mainEntityOfPage":{"@id":"https:\/\/www.estrategiaconcursos.com.br\/blog\/concurso-prefeitura-de-ceres-go\/"},"wordCount":1124,"commentCount":0,"publisher":{"@id":"https:\/\/www.estrategiaconcursos.com.br\/blog\/#organization"},"image":{"@id":"https:\/\/www.estrategiaconcursos.com.br\/blog\/concurso-prefeitura-de-ceres-go\/#primaryimage"},"thumbnailUrl":"https:\/\/dhg1h5j42swfq.cloudfront.net\/2020\/08\/17133620\/prefeitura-de-ceres-go.jpg","articleSection":["Concursos P\u00fablicos"],"inLanguage":"pt-BR","potentialAction":[{"@type":"CommentAction","name":"Comment","target":["https:\/\/www.estrategiaconcursos.com.br\/blog\/concurso-prefeitura-de-ceres-go\/#respond"]}],"copyrightYear":"2020","copyrightHolder":{"@id":"https:\/\/www.estrategiaconcursos.com.br\/blog\/#organization"}},{"@type":"WebPage","@id":"https:\/\/www.estrategiaconcursos.com.br\/blog\/concurso-prefeitura-de-ceres-go\/","url":"https:\/\/www.estrategiaconcursos.com.br\/blog\/concurso-prefeitura-de-ceres-go\/","name":"Concurso Prefeitura de Ceres GO: provas s\u00e3o SUSPENSAS!","isPartOf":{"@id":"https:\/\/www.estrategiaconcursos.com.br\/blog\/#website"},"primaryImageOfPage":{"@id":"https:\/\/www.estrategiaconcursos.com.br\/blog\/concurso-prefeitura-de-ceres-go\/#primaryimage"},"image":{"@id":"https:\/\/www.estrategiaconcursos.com.br\/blog\/concurso-prefeitura-de-ceres-go\/#primaryimage"},"thumbnailUrl":"https:\/\/dhg1h5j42swfq.cloudfront.net\/2020\/08\/17133620\/prefeitura-de-ceres-go.jpg","datePublished":"2020-08-24T16:00:00+00:00","dateModified":"2021-02-17T16:50:55+00:00","description":"Concurso Prefeitura de Ceres-GO: Aplica\u00e7\u00e3o das provas objetivas s\u00e3o suspensas, em raz\u00e3o da panemia de Covid-19. Saiba mais detalhes!","breadcrumb":{"@id":"https:\/\/www.estrategiaconcursos.com.br\/blog\/concurso-prefeitura-de-ceres-go\/#breadcrumb"},"inLanguage":"pt-BR","potentialAction":[{"@type":"ReadAction","target":["https:\/\/www.estrategiaconcursos.com.br\/blog\/concurso-prefeitura-de-ceres-go\/"]}]},{"@type":"ImageObject","inLanguage":"pt-BR","@id":"https:\/\/www.estrategiaconcursos.com.br\/blog\/concurso-prefeitura-de-ceres-go\/#primaryimage","url":"https:\/\/dhg1h5j42swfq.cloudfront.net\/2020\/08\/17133620\/prefeitura-de-ceres-go.jpg","contentUrl":"https:\/\/dhg1h5j42swfq.cloudfront.net\/2020\/08\/17133620\/prefeitura-de-ceres-go.jpg","width":990,"height":744},{"@type":"BreadcrumbList","@id":"https:\/\/www.estrategiaconcursos.com.br\/blog\/concurso-prefeitura-de-ceres-go\/#breadcrumb","itemListElement":[{"@type":"ListItem","position":1,"name":"In\u00edcio","item":"https:\/\/www.estrategiaconcursos.com.br\/blog\/"},{"@type":"ListItem","position":2,"name":"Concurso Prefeitura de Ceres GO: provas s\u00e3o SUSPENSAS!"}]},{"@type":"WebSite","@id":"https:\/\/www.estrategiaconcursos.com.br\/blog\/#website","url":"https:\/\/www.estrategiaconcursos.com.br\/blog\/","name":"Estrat\u00e9gia Concursos","description":"O blog da Estrat\u00e9gia Concursos traz not\u00edcias sobre concursos e artigos de professores oferecendo cursos para concursos (pdf + videaulas) no site.","publisher":{"@id":"https:\/\/www.estrategiaconcursos.com.br\/blog\/#organization"},"potentialAction":[{"@type":"SearchAction","target":{"@type":"EntryPoint","urlTemplate":"https:\/\/www.estrategiaconcursos.com.br\/blog\/?s={search_term_string}"},"query-input":{"@type":"PropertyValueSpecification","valueRequired":true,"valueName":"search_term_string"}}],"inLanguage":"pt-BR"},{"@type":"Organization","@id":"https:\/\/www.estrategiaconcursos.com.br\/blog\/#organization","name":"Estrat\u00e9gia Concursos","url":"https:\/\/www.estrategiaconcursos.com.br\/blog\/","logo":{"@type":"ImageObject","inLanguage":"pt-BR","@id":"https:\/\/www.estrategiaconcursos.com.br\/blog\/#\/schema\/logo\/image\/","url":"https:\/\/dhg1h5j42swfq.cloudfront.net\/2025\/06\/03203428\/logo_concursos-1.jpg","contentUrl":"https:\/\/dhg1h5j42swfq.cloudfront.net\/2025\/06\/03203428\/logo_concursos-1.jpg","width":230,"height":60,"caption":"Estrat\u00e9gia Concursos"},"image":{"@id":"https:\/\/www.estrategiaconcursos.com.br\/blog\/#\/schema\/logo\/image\/"},"sameAs":["https:\/\/x.com\/EstratConcursos"]},{"@type":"Person","@id":"https:\/\/www.estrategiaconcursos.com.br\/blog\/#\/schema\/person\/b4a388c97673c5f483d72185668afa1f","name":"Coordena\u00e7\u00e3o","image":{"@type":"ImageObject","inLanguage":"pt-BR","@id":"https:\/\/secure.gravatar.com\/avatar\/b720319e4c9a967eb58678d110f4fe35452fc5d5f97b202bac7b8acceb18c6ad?s=96&d=mm&r=g","url":"https:\/\/secure.gravatar.com\/avatar\/b720319e4c9a967eb58678d110f4fe35452fc5d5f97b202bac7b8acceb18c6ad?s=96&d=mm&r=g","contentUrl":"https:\/\/secure.gravatar.com\/avatar\/b720319e4c9a967eb58678d110f4fe35452fc5d5f97b202bac7b8acceb18c6ad?s=96&d=mm&r=g","caption":"Coordena\u00e7\u00e3o"},"sameAs":["https:\/\/www.facebook.com\/EstrategiaConcursos","https:\/\/x.com\/EstratConcursos"],"url":"https:\/\/www.estrategiaconcursos.com.br\/blog\/author\/estrategia2013\/"}]}},"_links":{"self":[{"href":"https:\/\/www.estrategiaconcursos.com.br\/blog\/wp-json\/wp\/v2\/posts\/674143","targetHints":{"allow":["GET"]}}],"collection":[{"href":"https:\/\/www.estrategiaconcursos.com.br\/blog\/wp-json\/wp\/v2\/posts"}],"about":[{"href":"https:\/\/www.estrategiaconcursos.com.br\/blog\/wp-json\/wp\/v2\/types\/post"}],"author":[{"embeddable":true,"href":"https:\/\/www.estrategiaconcursos.com.br\/blog\/wp-json\/wp\/v2\/users\/1"}],"replies":[{"embeddable":true,"href":"https:\/\/www.estrategiaconcursos.com.br\/blog\/wp-json\/wp\/v2\/comments?post=674143"}],"version-history":[{"count":10,"href":"https:\/\/www.estrategiaconcursos.com.br\/blog\/wp-json\/wp\/v2\/posts\/674143\/revisions"}],"predecessor-version":[{"id":674245,"href":"https:\/\/www.estrategiaconcursos.com.br\/blog\/wp-json\/wp\/v2\/posts\/674143\/revisions\/674245"}],"wp:featuredmedia":[{"embeddable":true,"href":"https:\/\/www.estrategiaconcursos.com.br\/blog\/wp-json\/wp\/v2\/media\/674223"}],"wp:attachment":[{"href":"https:\/\/www.estrategiaconcursos.com.br\/blog\/wp-json\/wp\/v2\/media?parent=674143"}],"wp:term":[{"taxonomy":"category","embeddable":true,"href":"https:\/\/www.estrategiaconcursos.com.br\/blog\/wp-json\/wp\/v2\/categories?post=674143"},{"taxonomy":"post_tag","embeddable":true,"href":"https:\/\/www.estrategiaconcursos.com.br\/blog\/wp-json\/wp\/v2\/tags?post=674143"},{"taxonomy":"tax_estado","embeddable":true,"href":"https:\/\/www.estrategiaconcursos.com.br\/blog\/wp-json\/wp\/v2\/tax_estado?post=674143"}],"curies":[{"name":"wp","href":"https:\/\/api.w.org\/{rel}","templated":true}]}}