{"id":67368,"date":"2017-03-26T09:15:07","date_gmt":"2017-03-26T12:15:07","guid":{"rendered":"https:\/\/www.estrategiaconcursos.com.br\/blog\/?p=67368"},"modified":"2017-03-26T10:13:33","modified_gmt":"2017-03-26T13:13:33","slug":"edital-jucesc","status":"publish","type":"post","link":"https:\/\/www.estrategiaconcursos.com.br\/blog\/edital-jucesc\/","title":{"rendered":"Edital JUCESC &#8211; saiba os detalhes mais importantes neste artigo!"},"content":{"rendered":"<p style=\"text-align: justify\">\n\tO <span style=\"font-size:14px\"><a href=\"https:\/\/dhg1h5j42swfq.cloudfront.net\/2017\/03\/19160701\/Edital-JUCESC-2017.pdf\" target=\"_blank\"><strong>edital JUCESC<\/strong><\/a><\/span> est&aacute; na pra&ccedil;a. Saiba os detalhes mais importantes neste&nbsp;artigo.\n<\/p>\n<p style=\"text-align: justify\">\n\t<img loading=\"lazy\" decoding=\"async\" alt=\"edital JUCESC\" class=\"size-full wp-image-67345 alignleft\" height=\"300\" src=\"https:\/\/dhg1h5j42swfq.cloudfront.net\/2017\/03\/17112338\/JUCESC.png\" style=\"width: 200px;height: 200px\" title=\"\" width=\"300\" srcset=\"https:\/\/dhg1h5j42swfq.cloudfront.net\/2017\/03\/17112338\/JUCESC.png 300w, https:\/\/dhg1h5j42swfq.cloudfront.net\/2017\/03\/17112338\/JUCESC.png 150w\" sizes=\"auto, (max-width: 300px) 100vw, 300px\" \/>\n<\/p>\n<p style=\"text-align: justify\">\n\tA Junta Comercial do Estado de Santa Catarina (JUCESC) divulgou, no dia 17\/03\/2017, edital&nbsp;para abertura de vagas para t&eacute;cnicos e analistas. Saiba mais sobre os cargos ainda neste artigo.\n<\/p>\n<p>\n\t&nbsp;\n<\/p>\n<h3>\n\tBanca organizadora<br \/>\n<\/h3>\n<p style=\"text-align: justify\">\n\tO concurso ser&aacute; executado pela <strong>Funda&ccedil;&atilde;o de Estudos e Pesquisas Socioecon&ocirc;micos &ndash; FEPESE<\/strong>.\n<\/p>\n<p style=\"text-align: justify\">\n\tEndere&ccedil;o eletr&ocirc;nico: <a href=\"http:\/\/jucesc.fepese.org.br\/\" target=\"_blank\">http:\/\/jucesc.fepese.org.br\/<\/a>\n<\/p>\n<p style=\"text-align: justify\">\n\tEndere&ccedil;o de e-mail: <a href=\"mailto:jucesc@fepese.org.br\/\">jucesc@fepese.org.br\/<\/a>.\n<\/p>\n<p style=\"text-align: justify\">\n\t&nbsp;\n<\/p>\n<h3 style=\"text-align: justify\">\n\t&nbsp;<br \/>\n<\/h3>\n<h3 style=\"text-align: justify\">\n\tInscri&ccedil;&otilde;es<br \/>\n<\/h3>\n<p style=\"text-align: justify\">\n\tAs inscri&ccedil;&otilde;es estar&atilde;o abertas&nbsp;no per&iacute;odo das <strong>10h do dia 17 de mar&ccedil;o de 2017, &agrave;s 16h do dia 17 de abril de 2017.<\/strong>\n<\/p>\n<p style=\"text-align: justify\">\n\tA inscri&ccedil;&atilde;o poder&aacute; ser efetuada por um dos seguintes meios:\n<\/p>\n<p style=\"margin-left: 40px;text-align: justify\">\n\t<em>&diams; On line<\/em>, pela Internet (<a href=\"http:\/\/jucesc.fepese.org.br\/\" target=\"_blank\">http:\/\/jucesc.fepese.org.br\/<\/a>)\n<\/p>\n<p style=\"margin-left: 40px;text-align: justify\">\n\t<em>&diams; <\/em>Presencialmente (Campus Reitor Jo&atilde;o David Ferreira Lima, da Universidade Federal de Santa Catarina &ndash; UFSC, Trindade, Florian&oacute;polis-SC)\n<\/p>\n<p style=\"text-align: justify\">\n\t&nbsp;\n<\/p>\n<h3 style=\"text-align: justify\">\n\tValor das inscri&ccedil;&otilde;es<br \/>\n<\/h3>\n<p align=\"left\">\n\tO valor das inscri&ccedil;&otilde;es previsto no edital JUCESC ser&aacute; de:\n<\/p>\n<p style=\"margin-left: 40px\">\n\t&diams; R$ 90,00 para o cargo T&eacute;cnico em Atividades Administrativas;\n<\/p>\n<p style=\"margin-left: 40px\">\n\t&diams; R$ 110,00 para os cargos de Analista de Inform&aacute;tica e Analista T&eacute;cnico Administrativo.\n<\/p>\n<p>\n\t&nbsp;\n<\/p>\n<p style=\"text-align: justify\">\n\t&nbsp;\n<\/p>\n<h3 style=\"text-align: justify\">\n\tVagas e requisitos m&iacute;nimos<br \/>\n<\/h3>\n<p style=\"text-align: justify\">\n\tO edital JUCESP prev&ecirc;&nbsp;as seguintes vagas e seus requisitos m&iacute;nimos. Veja isso adiante.\n<\/p>\n<p style=\"text-align: justify;margin-left: 40px\">\n\t<strong>Cargo: T&eacute;cnico em Atividades Administrativas<\/strong>\n<\/p>\n<p style=\"text-align: justify;margin-left: 40px\">\n\tEscolaridade e requisitos m&iacute;nimos: Conclus&atilde;o de Ensino M&eacute;dio em institui&ccedil;&atilde;o reconhecida pelo Minist&eacute;rio da Educa&ccedil;&atilde;o.\n<\/p>\n<p style=\"text-align: justify;margin-left: 40px\">\n\tTotal de vagas: 15\n<\/p>\n<p style=\"text-align: justify;margin-left: 40px\">\n\tVagas &ndash; ampla concorr&ecirc;ncia: 14\n<\/p>\n<p style=\"text-align: justify;margin-left: 40px\">\n\tVaga reservada para pessoa com defici&ecirc;ncia: 1\n<\/p>\n<p style=\"text-align: justify\">\n\t&nbsp;\n<\/p>\n<p style=\"text-align: justify;margin-left: 40px\">\n\t<strong>Cargo: Analista T&eacute;cnico Administrativo II<\/strong>\n<\/p>\n<p style=\"text-align: justify;margin-left: 40px\">\n\tEscolaridade e requisitos m&iacute;nimos: Conclus&atilde;o de Curso Superior, reconhecido pelo Minist&eacute;rio da Educa&ccedil;&atilde;o, em Ci&ecirc;ncias da Administra&ccedil;&atilde;o ou Ci&ecirc;ncias Cont&aacute;beis ou Ci&ecirc;ncias Econ&ocirc;micas ou Ci&ecirc;ncias Jur&iacute;dicas.\n<\/p>\n<p style=\"text-align: justify;margin-left: 40px\">\n\tTotal de vagas: 2\n<\/p>\n<p style=\"text-align: justify;margin-left: 40px\">\n\tVagas &ndash; ampla concorr&ecirc;ncia: 2\n<\/p>\n<p style=\"text-align: justify;margin-left: 40px\">\n\tVaga reservada para pessoa com defici&ecirc;ncia: caso o n&uacute;mero de candidatos nomeados supere a quantidade prevista no edital JUCESC 2017, ser&aacute; aplicada a regra de proporcionalidade prevista na Lei Estadual&nbsp;n&deg; 12.870 (ser&aacute; reservada 5% das vagas para portadores de defici&ecirc;ncia).\n<\/p>\n<p style=\"text-align: justify\">\n\t&nbsp;\n<\/p>\n<p style=\"margin-left: 40px\">\n\t<strong>Cargo: Analista de Inform&aacute;tica<\/strong>\n<\/p>\n<p style=\"margin-left: 40px\">\n\tEscolaridade e requisitos m&iacute;nimos: Conclus&atilde;o de Curso superior espec&iacute;fico na &aacute;rea de inform&aacute;tica, reconhecido pelo Minist&eacute;rio da Educa&ccedil;&atilde;o, com registro no &oacute;rg&atilde;o competente, se houver.\n<\/p>\n<p style=\"margin-left: 40px\">\n\tTotal de vagas: 2\n<\/p>\n<p style=\"margin-left: 40px\">\n\tVagas &ndash; ampla concorr&ecirc;ncia: 2\n<\/p>\n<p style=\"margin-left: 40px\">\n\tVaga reservada para pessoa com defici&ecirc;ncia: caso o n&uacute;mero de candidatos nomeados supere a quantidade prevista no edital JUCESC 2017, ser&aacute; aplicada a regra de proporcionalidade prevista na Lei Estadual&nbsp;n&deg; 12.870 (ser&aacute; reservada 5% das vagas para portadores de defici&ecirc;ncia).\n<\/p>\n<p style=\"margin-left: 40px\">\n\t&nbsp;\n<\/p>\n<h3>\n\tRemunera&ccedil;&atilde;o<br \/>\n<\/h3>\n<p style=\"text-align: justify\">\n\tO edital JUCESC 2017 prev&ecirc; as seguintes remunera&ccedil;&otilde;es iniciais:\n<\/p>\n<p>\n\t<img decoding=\"async\" alt=\"edital JUCESC\" class=\"alignnone size-full wp-image-67383\" src=\"https:\/\/dhg1h5j42swfq.cloudfront.net\/2017\/03\/17201108\/Adinoel-JUCESC-2017-remunera%C3%A7%C3%A3o.jpg\" style=\"width: 700px;height: 183px\" \/>\n<\/p>\n<p>\n\t&nbsp;\n<\/p>\n<h3>\n\tCarga hor&aacute;ria de trabalho<br \/>\n<\/h3>\n<p align=\"left\">\n\tTodos os cargos ter&atilde;o jornada de trabalho de 40 (quarenta) horas semanais.\n<\/p>\n<p>\n\t&nbsp;\n<\/p>\n<h3>\n\tProva escrita, data, local<br \/>\n<\/h3>\n<p style=\"text-align: justify\">\n\tO concurso JUCESC somente ter&aacute; prova escrita.\n<\/p>\n<p style=\"text-align: justify\">\n\tA prova escrita ter&aacute; dura&ccedil;&atilde;o de 04 (quatro) horas e ser&aacute; realizada na data prov&aacute;vel de <strong>7 de maio de 2017<\/strong>, nas cidades de <strong>Florian&oacute;polis<\/strong>, <strong>Crici&uacute;ma<\/strong>, <strong>Lages<\/strong>, <strong>Chapec&oacute; <\/strong>e <strong>Joinville.<\/strong>\n<\/p>\n<p>\n\tOs portais dos locais de prova ser&atilde;o abertos &agrave;s 13 horas e fechar&atilde;o &agrave;s&nbsp;13 horas e 50 minutos.\n<\/p>\n<p align=\"left\">\n\t&nbsp;\n<\/p>\n<h3>\n\tDisciplinas cobradas no edital JUCESC 2017<br \/>\n<\/h3>\n<p style=\"text-align: justify\">\n\tAdiante, voc&ecirc; ter&aacute; quadros com as disciplinas exigidas no concurso,&nbsp;o n&uacute;mero e valor das quest&otilde;es. Ainda neste artigo (ao final) voc&ecirc; encontrar&aacute; as disciplinas detalhadas.\n<\/p>\n<p>\n\t<img loading=\"lazy\" decoding=\"async\" width=\"996\" height=\"242\" alt=\"edital JUCESC\" class=\"alignnone size-full wp-image-67386\" src=\"https:\/\/dhg1h5j42swfq.cloudfront.net\/2017\/03\/17202215\/Adinoel-JUCESC-2017-disciplinas-01.jpg\" style=\"width: 700px;height: 170px\" srcset=\"https:\/\/dhg1h5j42swfq.cloudfront.net\/2017\/03\/17202215\/Adinoel-JUCESC-2017-disciplinas-01.jpg 996w, https:\/\/dhg1h5j42swfq.cloudfront.net\/2017\/03\/17202215\/Adinoel-JUCESC-2017-disciplinas-01.jpg 300w, https:\/\/dhg1h5j42swfq.cloudfront.net\/2017\/03\/17202215\/Adinoel-JUCESC-2017-disciplinas-01.jpg 768w, https:\/\/dhg1h5j42swfq.cloudfront.net\/2017\/03\/17202215\/Adinoel-JUCESC-2017-disciplinas-01.jpg 500w\" sizes=\"auto, (max-width: 996px) 100vw, 996px\" \/>\n<\/p>\n<p>\n\t<img loading=\"lazy\" decoding=\"async\" width=\"994\" height=\"268\" alt=\"edital JUCESC\" class=\"alignnone size-full wp-image-67387\" src=\"https:\/\/dhg1h5j42swfq.cloudfront.net\/2017\/03\/17202216\/Adinoel-JUCESC-2017-disciplinas-02.jpg\" style=\"width: 700px;height: 189px\" srcset=\"https:\/\/dhg1h5j42swfq.cloudfront.net\/2017\/03\/17202216\/Adinoel-JUCESC-2017-disciplinas-02.jpg 994w, https:\/\/dhg1h5j42swfq.cloudfront.net\/2017\/03\/17202216\/Adinoel-JUCESC-2017-disciplinas-02.jpg 300w, https:\/\/dhg1h5j42swfq.cloudfront.net\/2017\/03\/17202216\/Adinoel-JUCESC-2017-disciplinas-02.jpg 768w, https:\/\/dhg1h5j42swfq.cloudfront.net\/2017\/03\/17202216\/Adinoel-JUCESC-2017-disciplinas-02.jpg 500w\" sizes=\"auto, (max-width: 994px) 100vw, 994px\" \/>\n<\/p>\n<p>\n\t<img loading=\"lazy\" decoding=\"async\" width=\"997\" height=\"269\" alt=\"edital JUCESC\" class=\"alignnone size-full wp-image-67388\" src=\"https:\/\/dhg1h5j42swfq.cloudfront.net\/2017\/03\/17202217\/Adinoel-JUCESC-2017-disciplinas-03.jpg\" style=\"width: 700px;height: 189px\" srcset=\"https:\/\/dhg1h5j42swfq.cloudfront.net\/2017\/03\/17202217\/Adinoel-JUCESC-2017-disciplinas-03.jpg 997w, https:\/\/dhg1h5j42swfq.cloudfront.net\/2017\/03\/17202217\/Adinoel-JUCESC-2017-disciplinas-03.jpg 300w, https:\/\/dhg1h5j42swfq.cloudfront.net\/2017\/03\/17202217\/Adinoel-JUCESC-2017-disciplinas-03.jpg 768w, https:\/\/dhg1h5j42swfq.cloudfront.net\/2017\/03\/17202217\/Adinoel-JUCESC-2017-disciplinas-03.jpg 500w\" sizes=\"auto, (max-width: 997px) 100vw, 997px\" \/>\n<\/p>\n<p>\n\t&nbsp;\n<\/p>\n<h3>\n\tNota para aprova&ccedil;&atilde;o na prova escrita<br \/>\n<\/h3>\n<p align=\"left\">\n\tSer&atilde;o considerados aprovados na prova escrita unicamente os candidatos que obtiverem <strong>nota igual ou superior a 6,00 (seis)<\/strong>.\n<\/p>\n<p>\n\t&nbsp;\n<\/p>\n<h3>\n\tRequisitos para a posse<br \/>\n<\/h3>\n<p style=\"text-align: justify\">\n\tOs candidatos aos cargos do concurso JUCESC 2017 dever&atilde;o possuir os seguintes requisitos para tomar posse (se aprovados dentro do n&uacute;mero de vagas):\n<\/p>\n<p style=\"text-align: justify;margin-left: 40px\">\n\t&diams; Comprovante de nacionalidade brasileira, ou comprovante do gozo das prerrogativas dos Decretos n&ordm; 70.391\/72 e 70.436\/72;\n<\/p>\n<p style=\"text-align: justify;margin-left: 40px\">\n\t&diams; Comprova&ccedil;&atilde;o da idade m&iacute;nima de 18 (dezoito) anos at&eacute; a data da posse: carteira de identidade &ndash; RG (original e fotoc&oacute;pia);\n<\/p>\n<p style=\"text-align: justify;margin-left: 40px\">\n\t&diams; Comprovante de inscri&ccedil;&atilde;o no cadastro de pessoas f&iacute;sicas: CPF (original e fotoc&oacute;pia);\n<\/p>\n<p style=\"text-align: justify;margin-left: 40px\">\n\t&diams; Comprovante de quita&ccedil;&atilde;o com as obriga&ccedil;&otilde;es militares: certificado de reservista (original e fotoc&oacute;pia);\n<\/p>\n<p style=\"text-align: justify;margin-left: 40px\">\n\t&diams; Comprovante de quita&ccedil;&atilde;o com as obriga&ccedil;&otilde;es eleitorais: t&iacute;tulo de eleitor e declara&ccedil;&atilde;o de quita&ccedil;&atilde;o eleitoral;\n<\/p>\n<p style=\"text-align: justify;margin-left: 40px\">\n\t&diams; Comprovante do n&uacute;mero de PIS ou PASEP: cart&atilde;o de PIS\/PASEP (original e fotoc&oacute;pia);\n<\/p>\n<p style=\"text-align: justify;margin-left: 40px\">\n\t&diams; Comprovante de n&iacute;vel de escolaridade exigido nos termos deste Edital para o cargo, conclu&iacute;do at&eacute; a data da posse: hist&oacute;rico e certificado\/diploma (original e fotoc&oacute;pia);\n<\/p>\n<p style=\"text-align: justify;margin-left: 40px\">\n\t&diams; Declara&ccedil;&atilde;o de bens, valores e renda: modelo fornecido pela Ger&ecirc;ncia Administra&ccedil;&atilde;o, Finan&ccedil;as e Contabilidade da JUCESC (original);\n<\/p>\n<p style=\"text-align: justify;margin-left: 40px\">\n\t&diams; Declara&ccedil;&atilde;o de inexist&ecirc;ncia de acumula&ccedil;&atilde;o de cargo p&uacute;blico ou de condi&ccedil;&otilde;es de acumula&ccedil;&atilde;o amparada pela Constitui&ccedil;&atilde;o: Ger&ecirc;ncia Administra&ccedil;&atilde;o, Finan&ccedil;as e Contabilidade da JUCESC (original);\n<\/p>\n<p style=\"text-align: justify;margin-left: 40px\">\n\t&diams; Ficha de antecedentes criminais, fornecida pelas varas criminais das justi&ccedil;as estadual e federal, das comarcas em que tenha residido nos &uacute;ltimos 05 (cinco) anos (original);\n<\/p>\n<p style=\"text-align: justify;margin-left: 40px\">\n\t&diams; Certid&atilde;o de casamento e de nascimento dos filhos, sendo o nomeado casado ou se tiver filhos (original e fotoc&oacute;pia);\n<\/p>\n<p style=\"text-align: justify;margin-left: 40px\">\n\t&diams; Laudo de aptid&atilde;o f&iacute;sica e mental de capacidade laboral, necess&aacute;rio para o exerc&iacute;cio do cargo, expedido por &oacute;rg&atilde;o m&eacute;dico oficial &#8211; Ger&ecirc;ncia de Per&iacute;cia M&eacute;dica da Secretaria de Estado da Administra&ccedil;&atilde;o ou entidade oficial credenciada para este fim;\n<\/p>\n<p style=\"text-align: justify;margin-left: 40px\">\n\t&diams; Comprovante de Registro no respectivo Conselho, para os cargos que assim exigirem.\n<\/p>\n<p>\n\t&nbsp;\n<\/p>\n<p>\n\t<img loading=\"lazy\" decoding=\"async\" alt=\"edital JUCESC\" class=\"size-full wp-image-42649 alignleft\" height=\"616\" src=\"https:\/\/dhg1h5j42swfq.cloudfront.net\/2016\/05\/14113252\/novas-corujas-0621.png\" style=\"width: 200px;height: 121px\" title=\"\" width=\"1020\" srcset=\"https:\/\/dhg1h5j42swfq.cloudfront.net\/2016\/05\/14113252\/novas-corujas-0621.png 1020w, https:\/\/dhg1h5j42swfq.cloudfront.net\/2016\/05\/14113252\/novas-corujas-0621.png 300w, https:\/\/dhg1h5j42swfq.cloudfront.net\/2016\/05\/14113252\/novas-corujas-0621.png 768w, https:\/\/dhg1h5j42swfq.cloudfront.net\/2016\/05\/14113252\/novas-corujas-0621.png 497w\" sizes=\"auto, (max-width: 1020px) 100vw, 1020px\" \/>\n<\/p>\n<h2>\n\t<a href=\"https:\/\/www.estrategiaconcursos.com.br\/cursos\/concurso\/\" target=\"_blank\">Curso p\/ Concursos<\/a><br \/>\n<\/h2>\n<p style=\"text-align: justify\">\n\t<span style=\"color:#008000\">O Estrat&eacute;gia Concursos j&aacute; lan&ccedil;ou cursos focados no&nbsp;<\/span><strong><span style=\"font-size:14px\"><a href=\"https:\/\/www.estrategiaconcursos.com.br\/cursosPorConcurso\/junta-comercial-de-santa-catarina-jucesc\/\" target=\"_blank\"><span style=\"color:#0000FF\">edital JUCESC 2017<\/span><\/a><\/span><\/strong><span style=\"color:#008000\">. Nossos cursos cont&ecirc;m o conte&uacute;do completo que ser&aacute; cobrado na sua prova. S&atilde;o PDF&acute;s e videoaulas, al&eacute;m de um f&oacute;rum de d&uacute;vidas exclusivo na &aacute;rea do aluno para voc&ecirc; esclarecer pontos com seus professores. Confiamos tanto na qualidade da nossa equipe e dos nossos materiais que n&oacute;s temos uma pol&iacute;tica de satisfa&ccedil;&atilde;o garantida ou seu dinheiro de volta, em at&eacute; 30 dias e sem burocracia.&nbsp;Voc&ecirc; n&atilde;o tem nada a perder, conhe&ccedil;a nossos cursos!<\/span>\n<\/p>\n<p>\n\t&nbsp;\n<\/p>\n<p>\n\t<img decoding=\"async\" alt=\"edital JUCESC\" class=\"alignnone size-full wp-image-60957\" src=\"https:\/\/www.estrategiaconcursos.com.br\/blog\/wp-content\/uploads\/2017\/01\/coruja-ficha-tecnica.png\" style=\"width: 200px;height: 68px\" \/>\n<\/p>\n<p>\n\t\u25ba&nbsp;<strong>Informa&ccedil;&otilde;es do Concurso Anterior<\/strong>\n<\/p>\n<p>\n\t&bull;&bull;&bull; Ano: 2013\n<\/p>\n<p>\n\t&bull;&bull;&bull; Edital:&nbsp;<a href=\"http:\/\/jucesc2013.fepese.org.br\/?go=home&amp;mn=106a6c241b8797f52e1e77317b96a201&amp;edital=1\" target=\"_blank\">EDITAL JUCESC 2013<\/a>\n<\/p>\n<p>\n\t&bull;&bull;&bull; Banca: Funda&ccedil;&atilde;o&nbsp;<a href=\"http:\/\/novosite.fepese.org.br\/\" target=\"_blank\">FEPESE<\/a>\n<\/p>\n<p>\n\t<strong>&diams;Informa&ccedil;&otilde;es do Pr&oacute;ximo Concurso<\/strong>\n<\/p>\n<p>\n\t&bull;&bull;&bull; Data prevista: 2017\n<\/p>\n<p>\n\t&bull;&bull;&bull; Vagas: 19 (dezenove)\n<\/p>\n<p>\n\t&bull;&bull;&bull; Lota&ccedil;&otilde;es:&nbsp;Florian&oacute;polis-SC\n<\/p>\n<p>\n\t&bull;&bull;&bull; Remunera&ccedil;&atilde;o inicial:&nbsp;&nbsp;R$ 4.585, 66 a R$ 6.753,50.&nbsp;\n<\/p>\n<p>\n\t&bull;&bull;&bull; Banca:&nbsp;<a href=\"http:\/\/novosite.fepese.org.br\/\" target=\"_blank\">FEPESE<\/a>\n<\/p>\n<p>\n\t&bull;&bull;&bull; Edital:&nbsp;<a href=\"http:\/\/jucesc.fepese.org.br\/?go=edital&amp;mn=1151b3eab3b069d5112ccae1943307c4&amp;edital=1\" target=\"_blank\">EDITAL JUCESC 2017<\/a>\n<\/p>\n<p>\n\t&bull;&bull;&bull; Escolaridade: &nbsp;Ensino m&eacute;dio&nbsp;\/\/ Ensino superior &nbsp;\n<\/p>\n<p>\n\t&bull;&bull;&bull; Cursos Estrat&eacute;gia Concursos:&nbsp;<a href=\"https:\/\/www.estrategiaconcursos.com.br\/cursosPorConcurso\/junta-comercial-de-santa-catarina-jucesc\/\" target=\"_blank\">Cursos Concurso JUCESC 2017<\/a>\n<\/p>\n<p>\n\t&nbsp;\n<\/p>\n<h3>\n\tEdital JUCESC &#8211; Disciplinas Detalhadas<br \/>\n<\/h3>\n<p style=\"text-align: justify\">\n\tAbaixo, seguem que ser&atilde;o exigidas no concurso JUCESC 2017 de forma detalhada para cada cargo.\n<\/p>\n<h4 style=\"text-align: justify\">\n\t<strong>CARGO: T&Eacute;CNICO EM ATIVIDADES ADMINISTRATIVAS<\/strong><br \/>\n<\/h4>\n<h5 style=\"text-align: justify\">\n\t<strong>CONHECIMENTOS GERAIS <\/strong><br \/>\n<\/h5>\n<h5 style=\"text-align: justify\">\n\t<strong>L&Iacute;NGUA PORTUGUESA<\/strong><br \/>\n<\/h5>\n<p style=\"text-align: justify;margin-left: 40px\">\n\t1 Compreens&atilde;o e interpreta&ccedil;&atilde;o de textos de g&ecirc;neros variados.\n<\/p>\n<p style=\"text-align: justify;margin-left: 40px\">\n\t2 Reconhecimento de tipos e g&ecirc;neros textuais.\n<\/p>\n<p style=\"text-align: justify;margin-left: 40px\">\n\t3 Dom&iacute;nio da ortografia oficial.\n<\/p>\n<p style=\"text-align: justify;margin-left: 40px\">\n\t4 Dom&iacute;nio dos mecanismos de coes&atilde;o textual.\n<\/p>\n<p style=\"text-align: justify;margin-left: 40px\">\n\t5 Dom&iacute;nio da estrutura morfossint&aacute;tica do per&iacute;odo.\n<\/p>\n<p style=\"text-align: justify;margin-left: 40px\">\n\t5.1 Emprego das classes de palavras.\n<\/p>\n<p style=\"text-align: justify;margin-left: 40px\">\n\t5.2 Rela&ccedil;&otilde;es de coordena&ccedil;&atilde;o entre ora&ccedil;&otilde;es e entre termos da ora&ccedil;&atilde;o.\n<\/p>\n<p style=\"text-align: justify;margin-left: 40px\">\n\t5.3 Rela&ccedil;&otilde;es de subordina&ccedil;&atilde;o entre ora&ccedil;&otilde;es e entre termos da ora&ccedil;&atilde;o.\n<\/p>\n<p style=\"text-align: justify;margin-left: 40px\">\n\t5.4 Emprego dos sinais de pontua&ccedil;&atilde;o.\n<\/p>\n<p style=\"text-align: justify;margin-left: 40px\">\n\t5.5 Concord&acirc;ncia verbal e nominal.\n<\/p>\n<p style=\"text-align: justify;margin-left: 40px\">\n\t5.6 Reg&ecirc;ncia verbal e nominal.\n<\/p>\n<p style=\"text-align: justify;margin-left: 40px\">\n\t5.7 Emprego do sinal indicativo de crase.\n<\/p>\n<p style=\"text-align: justify;margin-left: 40px\">\n\t5.8 Coloca&ccedil;&atilde;o dos pronomes &aacute;tonos.\n<\/p>\n<p style=\"text-align: justify;margin-left: 40px\">\n\t6 Reescrita de frases e par&aacute;grafos do texto<strong>. <\/strong>\n<\/p>\n<p style=\"text-align: justify;margin-left: 40px\">\n\t7 Correspond&ecirc;ncia oficial (conforme Manual de Reda&ccedil;&atilde;o da Presid&ecirc;ncia da Rep&uacute;blica).\n<\/p>\n<p style=\"text-align: justify\">\n\t&nbsp;\n<\/p>\n<h5 style=\"text-align: justify\">\n\t<strong>NO&Ccedil;&Otilde;ES DE DIREITO ADMINISTRATIVO <\/strong><br \/>\n<\/h5>\n<p style=\"text-align: justify;margin-left: 40px\">\n\t1 Direito administrativo.\n<\/p>\n<p style=\"text-align: justify;margin-left: 40px\">\n\t1.1 Conceito. 1.2 Objeto.\n<\/p>\n<p style=\"text-align: justify;margin-left: 40px\">\n\t1.3 Fontes. 2 Ato administrativo.\n<\/p>\n<p style=\"text-align: justify;margin-left: 40px\">\n\t2.1 Conceito, requisitos, atributos, classifica&ccedil;&atilde;o e esp&eacute;cies.\n<\/p>\n<p style=\"text-align: justify;margin-left: 40px\">\n\t2.2 Extin&ccedil;&atilde;o do ato administrativo: cassa&ccedil;&atilde;o, anula&ccedil;&atilde;o, revoga&ccedil;&atilde;o e convalida&ccedil;&atilde;o. 3 Poderes da Administra&ccedil;&atilde;o P&uacute;blica.\n<\/p>\n<p style=\"text-align: justify;margin-left: 40px\">\n\t3.1 Hier&aacute;rquico, disciplinar, regulamentar e de pol&iacute;cia.\n<\/p>\n<p style=\"text-align: justify;margin-left: 40px\">\n\t3.2 Uso e abuso do poder. 4 Regime jur&iacute;dico-administrativo.\n<\/p>\n<p style=\"text-align: justify;margin-left: 40px\">\n\t4.1 Conceito.\n<\/p>\n<p style=\"text-align: justify;margin-left: 40px\">\n\t4.2 Princ&iacute;pios expressos e impl&iacute;citos da administra&ccedil;&atilde;o p&uacute;blica.\n<\/p>\n<p style=\"text-align: justify;margin-left: 40px\">\n\t5 Organiza&ccedil;&atilde;o administrativa.\n<\/p>\n<p style=\"text-align: justify;margin-left: 40px\">\n\t5.1 Centraliza&ccedil;&atilde;o, descentraliza&ccedil;&atilde;o, concentra&ccedil;&atilde;o e desconcentra&ccedil;&atilde;o.\n<\/p>\n<p style=\"text-align: justify;margin-left: 40px\">\n\t5.2 Administra&ccedil;&atilde;o direta e indireta.\n<\/p>\n<p style=\"text-align: justify;margin-left: 40px\">\n\t5.3 Autarquias, funda&ccedil;&otilde;es, empresas p&uacute;blicas e sociedades de economia mista. 6 Licita&ccedil;&otilde;es e contratos administrativos Lei n&ordm; 8.666\/1993.\n<\/p>\n<p style=\"text-align: justify;margin-left: 40px\">\n\t7 Lei Estadual n. 6.745, de 28 de dezembro de 1985.\n<\/p>\n<p style=\"text-align: justify;margin-left: 40px\">\n\t8 Decreto n&ordm; 129\/2015 e 693\/2016 (Regimento interno da JUCESC).\n<\/p>\n<p style=\"text-align: justify\">\n\t&nbsp;\n<\/p>\n<h5 style=\"text-align: justify\">\n\t<strong>CONHECIMENTOS ESPEC&Iacute;FICOS <\/strong><br \/>\n<\/h5>\n<h5 style=\"text-align: justify\">\n\t<strong>DIREITO EMPRESARIAL <\/strong><br \/>\n<\/h5>\n<p style=\"text-align: justify;margin-left: 40px\">\n\t1 Lei n&ordm; 8.934\/94.\n<\/p>\n<p style=\"text-align: justify;margin-left: 40px\">\n\t2 Decreto n&ordm; 1.800\/96.\n<\/p>\n<p style=\"text-align: justify;margin-left: 40px\">\n\t3 Decreto-Lei n&ordm; 486\/69.\n<\/p>\n<p style=\"text-align: justify;margin-left: 40px\">\n\t4 Decreto n&ordm; 64.567\/69.\n<\/p>\n<p style=\"text-align: justify;margin-left: 40px\">\n\t5 IN DREI N&ordm; 11, de 05 de dezembro de 2013.\n<\/p>\n<p style=\"text-align: justify;margin-left: 40px\">\n\t6 IN DREI N&ordm; 15, de 05 de dezembro de 2013.\n<\/p>\n<p style=\"text-align: justify;margin-left: 40px\">\n\t7 C&oacute;digo Civil Lei 10.406\/2002 &ndash; Parte Geral &#8211; Livro I &ndash; Das pessoas: T&iacute;tulo I (Cap&iacute;tulo I), T&iacute;tulo II (Cap&iacute;tulo I).\n<\/p>\n<p style=\"text-align: justify\">\n\t&nbsp;\n<\/p>\n<h5 style=\"text-align: justify\">\n\t<strong>ADMINISTRA&Ccedil;&Atilde;O GERAL <\/strong><br \/>\n<\/h5>\n<p style=\"text-align: justify;margin-left: 40px\">\n\t1 Fun&ccedil;&otilde;es de administra&ccedil;&atilde;o: planejamento, organiza&ccedil;&atilde;o, dire&ccedil;&atilde;o e controle.\n<\/p>\n<p style=\"text-align: justify;margin-left: 40px\">\n\t2 Teorias da Lideran&ccedil;a e da Participa&ccedil;&atilde;o.\n<\/p>\n<p style=\"text-align: justify;margin-left: 40px\">\n\t3 Comportamento Organizacional.\n<\/p>\n<p style=\"text-align: justify;margin-left: 40px\">\n\t4 Tomada de Decis&atilde;o.\n<\/p>\n<p style=\"text-align: justify;margin-left: 40px\">\n\t5 Comunica&ccedil;&atilde;o Organizacional.\n<\/p>\n<p style=\"text-align: justify;margin-left: 40px\">\n\t6 Motiva&ccedil;&atilde;o.\n<\/p>\n<p style=\"text-align: justify;margin-left: 40px\">\n\t7 Avalia&ccedil;&atilde;o e Compensa&ccedil;&atilde;o do Desempenho.\n<\/p>\n<p style=\"text-align: justify;margin-left: 40px\">\n\t8 Pap&eacute;is Organizacionais do Indiv&iacute;duo.\n<\/p>\n<p style=\"text-align: justify;margin-left: 40px\">\n\t9 Administra&ccedil;&atilde;o da Qualidade.\n<\/p>\n<p style=\"text-align: justify;margin-left: 40px\">\n\t10 Administra&ccedil;&atilde;o de Recursos Humanos.\n<\/p>\n<p style=\"text-align: justify;margin-left: 40px\">\n\t11 Autoridade.\n<\/p>\n<p style=\"text-align: justify;margin-left: 40px\">\n\t12 Delega&ccedil;&atilde;o.\n<\/p>\n<p style=\"text-align: justify;margin-left: 40px\">\n\t13 Grupos e Equipes.\n<\/p>\n<p style=\"text-align: justify;margin-left: 40px\">\n\t14 Cultura Organizacional.\n<\/p>\n<p style=\"text-align: justify;margin-left: 40px\">\n\t15 Efici&ecirc;ncia Organizacional.\n<\/p>\n<p style=\"text-align: justify;margin-left: 40px\">\n\t16 Organiza&ccedil;&atilde;o do trabalho: o ambiente e sua organiza&ccedil;&atilde;o; rotinas de trabalho; organiza&ccedil;&atilde;o e utiliza&ccedil;&atilde;o do material de escrit&oacute;rio; de consumo e permanente.\n<\/p>\n<p style=\"text-align: justify;margin-left: 40px\">\n\t17 T&eacute;cnicas e procedimentos administrativos.\n<\/p>\n<p style=\"text-align: justify;margin-left: 40px\">\n\t18 Administra&ccedil;&atilde;o de Recursos Materiais.\n<\/p>\n<p style=\"text-align: justify\">\n\t&nbsp;\n<\/p>\n<h4 style=\"text-align: justify\">\n\t<strong>CARGO: ANALISTA T&Eacute;CNICO ADMINISTRATIVO II <\/strong><br \/>\n<\/h4>\n<h5 style=\"text-align: justify\">\n\t<strong>CONHECIMENTOS GERAIS<\/strong><br \/>\n<\/h5>\n<h5 style=\"text-align: justify\">\n\t<strong>L&Iacute;NGUA PORTUGUESA <\/strong><br \/>\n<\/h5>\n<p style=\"text-align: justify;margin-left: 40px\">\n\t1 Compreens&atilde;o e interpreta&ccedil;&atilde;o de textos de g&ecirc;neros variados.\n<\/p>\n<p style=\"text-align: justify;margin-left: 40px\">\n\t2 Reconhecimento de tipos e g&ecirc;neros textuais.\n<\/p>\n<p style=\"text-align: justify;margin-left: 40px\">\n\t3 Dom&iacute;nio da ortografia oficial.\n<\/p>\n<p style=\"text-align: justify;margin-left: 40px\">\n\t4 Dom&iacute;nio dos mecanismos de coes&atilde;o textual.\n<\/p>\n<p style=\"text-align: justify;margin-left: 40px\">\n\t5 Dom&iacute;nio da estrutura morfossint&aacute;tica do per&iacute;odo.\n<\/p>\n<p style=\"text-align: justify;margin-left: 40px\">\n\t5.1 Emprego das classes de palavras.\n<\/p>\n<p style=\"text-align: justify;margin-left: 40px\">\n\t5.2 Rela&ccedil;&otilde;es de coordena&ccedil;&atilde;o entre ora&ccedil;&otilde;es e entre termos da ora&ccedil;&atilde;o.\n<\/p>\n<p style=\"text-align: justify;margin-left: 40px\">\n\t5.3 Rela&ccedil;&otilde;es de subordina&ccedil;&atilde;o entre ora&ccedil;&otilde;es e entre termos da ora&ccedil;&atilde;o.\n<\/p>\n<p style=\"text-align: justify;margin-left: 40px\">\n\t5.4 Emprego dos sinais de pontua&ccedil;&atilde;o.\n<\/p>\n<p style=\"text-align: justify;margin-left: 40px\">\n\t5.5 Concord&acirc;ncia verbal e nominal.\n<\/p>\n<p style=\"text-align: justify;margin-left: 40px\">\n\t5.6 Reg&ecirc;ncia verbal e nominal.\n<\/p>\n<p style=\"text-align: justify;margin-left: 40px\">\n\t5.7 Emprego do sinal indicativo de crase.\n<\/p>\n<p style=\"text-align: justify;margin-left: 40px\">\n\t5.8 Coloca&ccedil;&atilde;o dos pronomes &aacute;tonos.\n<\/p>\n<p style=\"text-align: justify;margin-left: 40px\">\n\t6 Reescrita de frases e par&aacute;grafos do texto<strong>.<\/strong>\n<\/p>\n<p style=\"text-align: justify;margin-left: 40px\">\n\t7 Correspond&ecirc;ncia oficial (conforme Manual de Reda&ccedil;&atilde;o da Presid&ecirc;ncia da Rep&uacute;blica).\n<\/p>\n<p style=\"text-align: justify\">\n\t&nbsp;\n<\/p>\n<h5 style=\"text-align: justify\">\n\t<strong>NO&Ccedil;&Otilde;ES DE DIREITO ADMINISTRATIVO <\/strong><br \/>\n<\/h5>\n<p style=\"text-align: justify;margin-left: 40px\">\n\t1 Estado, governo e administra&ccedil;&atilde;o p&uacute;blica.\n<\/p>\n<p style=\"text-align: justify;margin-left: 40px\">\n\t1.1 Conceitos.\n<\/p>\n<p style=\"text-align: justify;margin-left: 40px\">\n\t1.2 Elementos.\n<\/p>\n<p style=\"text-align: justify;margin-left: 40px\">\n\t2 Direito administrativo.\n<\/p>\n<p style=\"text-align: justify;margin-left: 40px\">\n\t2.1 Conceito.\n<\/p>\n<p style=\"text-align: justify;margin-left: 40px\">\n\t2.2 Objeto.\n<\/p>\n<p style=\"text-align: justify;margin-left: 40px\">\n\t2.3 Fontes.\n<\/p>\n<p style=\"text-align: justify;margin-left: 40px\">\n\t3 Ato administrativo.\n<\/p>\n<p style=\"text-align: justify;margin-left: 40px\">\n\t3.1 Conceito, requisitos, atributos, classifica&ccedil;&atilde;o e esp&eacute;cies.\n<\/p>\n<p style=\"text-align: justify;margin-left: 40px\">\n\t3.2 Extin&ccedil;&atilde;o do ato administrativo: cassa&ccedil;&atilde;o, anula&ccedil;&atilde;o, revoga&ccedil;&atilde;o e convalida&ccedil;&atilde;o. 4 Poderes da Administra&ccedil;&atilde;o P&uacute;blica.\n<\/p>\n<p style=\"text-align: justify;margin-left: 40px\">\n\t4.1 Hier&aacute;rquico, disciplinar, regulamentar e de pol&iacute;cia.\n<\/p>\n<p style=\"text-align: justify;margin-left: 40px\">\n\t4.2 Uso e abuso do poder.\n<\/p>\n<p style=\"text-align: justify;margin-left: 40px\">\n\t5 Regime jur&iacute;dico-administrativo.\n<\/p>\n<p style=\"text-align: justify;margin-left: 40px\">\n\t5.1 Conceito.\n<\/p>\n<p style=\"text-align: justify;margin-left: 40px\">\n\t5.2 Princ&iacute;pios expressos e impl&iacute;citos da administra&ccedil;&atilde;o p&uacute;blica.\n<\/p>\n<p style=\"text-align: justify;margin-left: 40px\">\n\t6 Organiza&ccedil;&atilde;o administrativa.\n<\/p>\n<p style=\"text-align: justify;margin-left: 40px\">\n\t6.1 Centraliza&ccedil;&atilde;o, descentraliza&ccedil;&atilde;o, concentra&ccedil;&atilde;o e desconcentra&ccedil;&atilde;o.\n<\/p>\n<p style=\"text-align: justify;margin-left: 40px\">\n\t6.2 Administra&ccedil;&atilde;o direta e indireta.\n<\/p>\n<p style=\"text-align: justify;margin-left: 40px\">\n\t6.3 Autarquias, funda&ccedil;&otilde;es, empresas p&uacute;blicas e sociedades de economia mista.\n<\/p>\n<p style=\"text-align: justify;margin-left: 40px\">\n\t7 Improbidade administrativa Lei n&ordm; 8.429\/1992.\n<\/p>\n<p style=\"text-align: justify;margin-left: 40px\">\n\t8 Processo administrativo Lei n&ordm; 9.784\/1999.\n<\/p>\n<p style=\"text-align: justify;margin-left: 40px\">\n\t9 Licita&ccedil;&otilde;es e contratos administrativos.\n<\/p>\n<p style=\"text-align: justify;margin-left: 40px\">\n\t9.1 Lei n&ordm; 8.666\/1993. 9.2 Lei n&ordm; 10.520\/2002.\n<\/p>\n<p style=\"text-align: justify;margin-left: 40px\">\n\t10 Lei Estadual n. 6.745, de 28 de dezembro de 1985.\n<\/p>\n<p style=\"text-align: justify;margin-left: 40px\">\n\t11 Decreto n&ordm; 129\/2015 e 693\/2016 (Regimento interno da JUCESC).\n<\/p>\n<p style=\"text-align: justify\">\n\t&nbsp;\n<\/p>\n<h5 style=\"text-align: justify\">\n\t<strong>CONHECIMENTOS ESPEC&Iacute;FICOS<\/strong><br \/>\n<\/h5>\n<h5 style=\"text-align: justify\">\n\t<strong>DIREITO EMPRESARIAL <\/strong><br \/>\n<\/h5>\n<p style=\"text-align: justify;margin-left: 40px\">\n\t1 Lei n&ordm; 8.934\/94. 2 Decreto n&ordm; 1.800\/96.\n<\/p>\n<p style=\"text-align: justify;margin-left: 40px\">\n\t3 Decreto-Lei n&ordm; 486\/69.\n<\/p>\n<p style=\"text-align: justify;margin-left: 40px\">\n\t4 Decreto n&ordm; 64.567\/69.\n<\/p>\n<p style=\"text-align: justify;margin-left: 40px\">\n\t5 IN DREI N&ordm; 11, de 05 de dezembro de 2013\n<\/p>\n<p style=\"text-align: justify;margin-left: 40px\">\n\t6 IN DREI N&ordm; 14, de 05 de dezembro de 2013.\n<\/p>\n<p style=\"text-align: justify;margin-left: 40px\">\n\t7 IN DREI N&ordm; 15, de 05 de dezembro de 2013.\n<\/p>\n<p style=\"text-align: justify;margin-left: 40px\">\n\t8 IN DREI N&ordm; 17, de 05 de dezembro de 2013.\n<\/p>\n<p style=\"text-align: justify;margin-left: 40px\">\n\t9 IN DREI N&ordm; 19, de 05 de dezembro de 2013.\n<\/p>\n<p style=\"text-align: justify;margin-left: 40px\">\n\t10 C&oacute;digo Civil Lei 10.406\/2002 &ndash; Parte Geral &#8211; Livro I &ndash; Das pessoas: T&iacute;tulo I (Cap&iacute;tulo I), T&iacute;tulo II (Cap&iacute;tulo I). Parte Especial &#8211; Livro II &ndash; Do direito de empresa.\n<\/p>\n<p style=\"text-align: justify;margin-left: 40px\">\n\t11 SOCIEDADE AN&Ocirc;NIMA Lei 6.404\/1976: conceito, classifica&ccedil;&atilde;o, nome empresarial, ess&ecirc;ncia mercantil. A&ccedil;&atilde;o: valor, esp&eacute;cies, forma, classe, emiss&atilde;o e subscri&ccedil;&atilde;o, circula&ccedil;&atilde;o. Valores mobili&aacute;rios: conceito e natureza. Deb&ecirc;ntures, B&ocirc;nus de subscri&ccedil;&atilde;o, Partes benefici&aacute;rias. Capital Social na sociedade an&ocirc;nima: Fun&ccedil;&atilde;o, forma&ccedil;&atilde;o, aumento e redu&ccedil;&atilde;o. Constitui&ccedil;&atilde;o de Sociedade An&ocirc;nima: requisitos preliminares, por subscri&ccedil;&atilde;o p&uacute;blica, por subscri&ccedil;&atilde;o particular, abertura e fechamento do capital. &Oacute;rg&atilde;os societ&aacute;rios na sociedade an&ocirc;nima: Assembleia Geral, Conselho de Administra&ccedil;&atilde;o, Diretoria e Conselho Fiscal, Liquida&ccedil;&atilde;o e Dissolu&ccedil;&atilde;o da Sociedade An&ocirc;nima.\n<\/p>\n<p style=\"text-align: justify;margin-left: 40px\">\n\t12 COOPERATIVAS.\n<\/p>\n<p style=\"text-align: justify;margin-left: 40px\">\n\t12.1 Lei n&ordm; 5.764, de 16 de dezembro de 1971: cap&iacute;tulo II, III, IV, V, VI, VII, VIII, IX, X e XI.\n<\/p>\n<p style=\"text-align: justify;margin-left: 40px\">\n\t12.2 Lei n&ordm; 12.690, de 19 de julho de 2012: cap&iacute;tulo I e II.\n<\/p>\n<p style=\"text-align: justify\">\n\t&nbsp;\n<\/p>\n<h5 style=\"text-align: justify\">\n\t<strong>CONTABILIDADE GERAL<\/strong><br \/>\n<\/h5>\n<p style=\"text-align: justify;margin-left: 40px\">\n\t1 Princ&iacute;pios cont&aacute;beis, regime de compet&ecirc;ncia, plano de contas, concilia&ccedil;&atilde;o cont&aacute;bil, registros cont&aacute;beis. Controle cont&aacute;bil e registros do ativo imobilizado, diferido e patrim&ocirc;nio l&iacute;quido.\n<\/p>\n<p style=\"text-align: justify;margin-left: 40px\">\n\t2 Demonstra&ccedil;&otilde;es cont&aacute;beis: estrutura&ccedil;&atilde;o e movimenta&ccedil;&atilde;o das contas cont&aacute;beis, demonstra&ccedil;&atilde;o do resultado do exerc&iacute;cio, balan&ccedil;o patrimonial, muta&ccedil;&otilde;es do patrim&ocirc;nio l&iacute;quido, demonstra&ccedil;&otilde;es de origens e aplica&ccedil;&otilde;es de recursos.\n<\/p>\n<p style=\"text-align: justify;margin-left: 40px\">\n\t3 An&aacute;lise e interpreta&ccedil;&atilde;o de demonstra&ccedil;&otilde;es cont&aacute;beis.\n<\/p>\n<p style=\"text-align: justify;margin-left: 40px\">\n\t4 Prepara&ccedil;&atilde;o das demonstra&ccedil;&otilde;es cont&aacute;beis para an&aacute;lise. M&eacute;todos de an&aacute;lise: an&aacute;lise vertical\/horizontal; an&aacute;lise por meio de &iacute;ndices (quocientes); &iacute;ndices combinados.\n<\/p>\n<p style=\"text-align: justify;margin-left: 40px\">\n\t5 Reorganiza&ccedil;&atilde;o societ&aacute;ria: transforma&ccedil;&atilde;o, incorpora&ccedil;&atilde;o, cis&atilde;o e fus&atilde;o.\n<\/p>\n<p style=\"text-align: justify\">\n\t&nbsp;\n<\/p>\n<h5 style=\"text-align: justify\">\n\t<strong>ADMINISTRA&Ccedil;&Atilde;O GERAL <\/strong><br \/>\n<\/h5>\n<p style=\"text-align: justify;margin-left: 40px\">\n\t1 Fun&ccedil;&otilde;es de administra&ccedil;&atilde;o: planejamento, organiza&ccedil;&atilde;o, dire&ccedil;&atilde;o e controle.\n<\/p>\n<p style=\"text-align: justify;margin-left: 40px\">\n\t2 Teorias da Lideran&ccedil;a e da Participa&ccedil;&atilde;o.\n<\/p>\n<p style=\"text-align: justify;margin-left: 40px\">\n\t3 Comportamento Organizacional.\n<\/p>\n<p style=\"text-align: justify;margin-left: 40px\">\n\t4 Tomada de Decis&atilde;o.\n<\/p>\n<p style=\"text-align: justify;margin-left: 40px\">\n\t5 Comunica&ccedil;&atilde;o Organizacional.\n<\/p>\n<p style=\"text-align: justify;margin-left: 40px\">\n\t6 Motiva&ccedil;&atilde;o.\n<\/p>\n<p style=\"text-align: justify;margin-left: 40px\">\n\t7 Avalia&ccedil;&atilde;o e Compensa&ccedil;&atilde;o do Desempenho.\n<\/p>\n<p style=\"text-align: justify;margin-left: 40px\">\n\t8 Pap&eacute;is Organizacionais do Indiv&iacute;duo.\n<\/p>\n<p style=\"text-align: justify;margin-left: 40px\">\n\t9 Administra&ccedil;&atilde;o da Qualidade.\n<\/p>\n<p style=\"text-align: justify;margin-left: 40px\">\n\t10 Administra&ccedil;&atilde;o de Recursos Humanos.\n<\/p>\n<p style=\"text-align: justify;margin-left: 40px\">\n\t11 Autoridade.\n<\/p>\n<p style=\"text-align: justify;margin-left: 40px\">\n\t12 Delega&ccedil;&atilde;o.\n<\/p>\n<p style=\"text-align: justify;margin-left: 40px\">\n\t13 Grupos e Equipes.\n<\/p>\n<p style=\"text-align: justify;margin-left: 40px\">\n\t14 Cultura Organizacional.\n<\/p>\n<p style=\"text-align: justify;margin-left: 40px\">\n\t15 Efici&ecirc;ncia Organizacional.\n<\/p>\n<p style=\"text-align: justify;margin-left: 40px\">\n\t16 Administra&ccedil;&atilde;o de Recursos Materiais.\n<\/p>\n<p style=\"text-align: justify;margin-left: 40px\">\n\t17 Gest&atilde;o de projetos.\n<\/p>\n<p style=\"text-align: justify;margin-left: 40px\">\n\t17.1 Elabora&ccedil;&atilde;o, an&aacute;lise e avalia&ccedil;&atilde;o de projetos.\n<\/p>\n<p style=\"text-align: justify;margin-left: 40px\">\n\t17.2 Principais caracter&iacute;sticas dos modelos de gest&atilde;o de projetos.\n<\/p>\n<p style=\"text-align: justify;margin-left: 40px\">\n\t17.3 Projetos e suas etapas.\n<\/p>\n<p style=\"text-align: justify;margin-left: 40px\">\n\t18 Gest&atilde;o de processos.\n<\/p>\n<p style=\"text-align: justify;margin-left: 40px\">\n\t18.1 Conceitos da abordagem por processos.\n<\/p>\n<p style=\"text-align: justify;margin-left: 40px\">\n\t18.2 T&eacute;cnicas de mapeamento, an&aacute;lise e melhoria de processos.\n<\/p>\n<p style=\"text-align: justify\">\n\t&nbsp;\n<\/p>\n<h5 style=\"text-align: justify\">\n\t<strong>ECONOMIA <\/strong><br \/>\n<\/h5>\n<p style=\"text-align: justify;margin-left: 40px\">\n\t1 An&aacute;lise microecon&ocirc;mica e Economia Industrial: oferta e demanda da firma; estruturas de mercado; concentra&ccedil;&atilde;o industrial e crescimento da firma.\n<\/p>\n<p style=\"text-align: justify;margin-left: 40px\">\n\t2 An&aacute;lise macroecon&ocirc;mica: equil&iacute;brio nos mercados de bens e monet&aacute;rio; infla&ccedil;&atilde;o e desemprego; macroeconomia aberta; economia monet&aacute;ria e financeira: oferta e demanda de moeda; instrumentos de pol&iacute;tica monet&aacute;ria sistema financeiro brasileiro.\n<\/p>\n<p style=\"text-align: justify\">\n\t&nbsp;\n<\/p>\n<h4 style=\"text-align: justify\">\n\t<strong>CARGO: ANALISTA DE INFORM&Aacute;TICA<\/strong><br \/>\n<\/h4>\n<h5 style=\"text-align: justify\">\n\t<strong>CONHECIMENTOS GERAIS <\/strong><br \/>\n<\/h5>\n<h5 style=\"text-align: justify\">\n\t<strong>L&Iacute;NGUA PORTUGUESA <\/strong><br \/>\n<\/h5>\n<p style=\"text-align: justify;margin-left: 40px\">\n\t1 Compreens&atilde;o e interpreta&ccedil;&atilde;o de textos de g&ecirc;neros variados.\n<\/p>\n<p style=\"text-align: justify;margin-left: 40px\">\n\t2 Reconhecimento de tipos e g&ecirc;neros textuais.\n<\/p>\n<p style=\"text-align: justify;margin-left: 40px\">\n\t3 Dom&iacute;nio da ortografia oficial.\n<\/p>\n<p style=\"text-align: justify;margin-left: 40px\">\n\t4 Dom&iacute;nio dos mecanismos de coes&atilde;o textual.\n<\/p>\n<p style=\"text-align: justify;margin-left: 40px\">\n\t5 Dom&iacute;nio da estrutura morfossint&aacute;tica do per&iacute;odo.\n<\/p>\n<p style=\"text-align: justify;margin-left: 40px\">\n\t5.1 Emprego das classes de palavras.\n<\/p>\n<p style=\"text-align: justify;margin-left: 40px\">\n\t5.2 Rela&ccedil;&otilde;es de coordena&ccedil;&atilde;o entre ora&ccedil;&otilde;es e entre termos da ora&ccedil;&atilde;o.\n<\/p>\n<p style=\"text-align: justify;margin-left: 40px\">\n\t5.3 Rela&ccedil;&otilde;es de subordina&ccedil;&atilde;o entre ora&ccedil;&otilde;es e entre termos da ora&ccedil;&atilde;o.\n<\/p>\n<p style=\"text-align: justify;margin-left: 40px\">\n\t5.4 Emprego dos sinais de pontua&ccedil;&atilde;o.\n<\/p>\n<p style=\"text-align: justify;margin-left: 40px\">\n\t5.5 Concord&acirc;ncia verbal e nominal.\n<\/p>\n<p style=\"text-align: justify;margin-left: 40px\">\n\t5.6 Reg&ecirc;ncia verbal e nominal.\n<\/p>\n<p style=\"text-align: justify;margin-left: 40px\">\n\t5.7 Emprego do sinal indicativo de crase.\n<\/p>\n<p style=\"text-align: justify;margin-left: 40px\">\n\t5.8 Coloca&ccedil;&atilde;o dos pronomes &aacute;tonos.\n<\/p>\n<p style=\"text-align: justify;margin-left: 40px\">\n\t6 Reescrita de frases e par&aacute;grafos do texto<strong>.<\/strong>\n<\/p>\n<p style=\"text-align: justify;margin-left: 40px\">\n\t7 Correspond&ecirc;ncia oficial (conforme Manual de Reda&ccedil;&atilde;o da Presid&ecirc;ncia da Rep&uacute;blica).\n<\/p>\n<p style=\"text-align: justify\">\n\t&nbsp;\n<\/p>\n<h5 style=\"text-align: justify\">\n\t<strong>NO&Ccedil;&Otilde;ES DE DIREITO ADMINISTRATIVO <\/strong><br \/>\n<\/h5>\n<p style=\"text-align: justify;margin-left: 40px\">\n\t1 Estado, governo e administra&ccedil;&atilde;o p&uacute;blica.\n<\/p>\n<p style=\"text-align: justify;margin-left: 40px\">\n\t1.1 Conceitos.\n<\/p>\n<p style=\"text-align: justify;margin-left: 40px\">\n\t1.2 Elementos.\n<\/p>\n<p style=\"text-align: justify;margin-left: 40px\">\n\t2 Direito administrativo.\n<\/p>\n<p style=\"text-align: justify;margin-left: 40px\">\n\t2.1 Conceito.\n<\/p>\n<p style=\"text-align: justify;margin-left: 40px\">\n\t2.2 Objeto.\n<\/p>\n<p style=\"text-align: justify;margin-left: 40px\">\n\t2.3 Fontes.\n<\/p>\n<p style=\"text-align: justify;margin-left: 40px\">\n\t3 Ato administrativo.\n<\/p>\n<p style=\"text-align: justify;margin-left: 40px\">\n\t3.1 Conceito, requisitos, atributos, classifica&ccedil;&atilde;o e esp&eacute;cies.\n<\/p>\n<p style=\"text-align: justify;margin-left: 40px\">\n\t3.2 Extin&ccedil;&atilde;o do ato administrativo: cassa&ccedil;&atilde;o, anula&ccedil;&atilde;o, revoga&ccedil;&atilde;o e convalida&ccedil;&atilde;o. 4 Poderes da Administra&ccedil;&atilde;o P&uacute;blica.\n<\/p>\n<p style=\"text-align: justify;margin-left: 40px\">\n\t4.1 Hier&aacute;rquico, disciplinar, regulamentar e de pol&iacute;cia.\n<\/p>\n<p style=\"text-align: justify;margin-left: 40px\">\n\t4.2 Uso e abuso do poder.\n<\/p>\n<p style=\"text-align: justify;margin-left: 40px\">\n\t5 Regime jur&iacute;dico-administrativo.\n<\/p>\n<p style=\"text-align: justify;margin-left: 40px\">\n\t5.1 Conceito.\n<\/p>\n<p style=\"text-align: justify;margin-left: 40px\">\n\t5.2 Princ&iacute;pios expressos e impl&iacute;citos da administra&ccedil;&atilde;o p&uacute;blica.\n<\/p>\n<p style=\"text-align: justify;margin-left: 40px\">\n\t6 Organiza&ccedil;&atilde;o administrativa.\n<\/p>\n<p style=\"text-align: justify;margin-left: 40px\">\n\t6.1 Centraliza&ccedil;&atilde;o, descentraliza&ccedil;&atilde;o, concentra&ccedil;&atilde;o e desconcentra&ccedil;&atilde;o.\n<\/p>\n<p style=\"text-align: justify;margin-left: 40px\">\n\t6.2 Administra&ccedil;&atilde;o direta e indireta.\n<\/p>\n<p style=\"text-align: justify;margin-left: 40px\">\n\t6.3 Autarquias, funda&ccedil;&otilde;es, empresas p&uacute;blicas e sociedades de economia mista.\n<\/p>\n<p style=\"text-align: justify;margin-left: 40px\">\n\t7 Improbidade administrativa Lei n&ordm; 8.429\/1992.\n<\/p>\n<p style=\"text-align: justify;margin-left: 40px\">\n\t8 Processo administrativo Lei n&ordm; 9.784\/1999.\n<\/p>\n<p style=\"text-align: justify;margin-left: 40px\">\n\t9 Licita&ccedil;&otilde;es e contratos administrativos. 9.1 Lei n&ordm; 8.666\/1993. 9.2 Lei n&ordm; 10.520\/2002.\n<\/p>\n<p style=\"text-align: justify;margin-left: 40px\">\n\t10 Lei Estadual n. 6.745, de 28 de dezembro de 1985.\n<\/p>\n<p style=\"text-align: justify;margin-left: 40px\">\n\t11 Decreto n&ordm; 129\/2015 e 693\/2016 (Regimento interno da JUCESC).\n<\/p>\n<p style=\"text-align: justify\">\n\t&nbsp;\n<\/p>\n<h5 style=\"text-align: justify\">\n\t<strong>CONHECIMENTOS ESPEC&Iacute;FICOS<\/strong><br \/>\n<\/h5>\n<h5 style=\"text-align: justify\">\n\t<strong>DIREITO EMPRESARIAL <\/strong><br \/>\n<\/h5>\n<p style=\"text-align: justify;margin-left: 40px\">\n\t1 Lei n&ordm; 8.934\/94.\n<\/p>\n<p style=\"text-align: justify;margin-left: 40px\">\n\t2 Decreto n&ordm; 1.800\/96.\n<\/p>\n<p style=\"text-align: justify;margin-left: 40px\">\n\t3 IN DREI N&ordm; 12, de 05 de dezembro de 2013.\n<\/p>\n<p style=\"text-align: justify;margin-left: 40px\">\n\t4 IN DREI N&ordm; 29, de 07 de outubro de 2014.\n<\/p>\n<p style=\"text-align: justify;margin-left: 40px\">\n\t5 IN DREI N&ordm; 32, de 25 de novembro de 2015.\n<\/p>\n<p style=\"text-align: justify\">\n\t&nbsp;\n<\/p>\n<h5 style=\"text-align: justify\">\n\t<strong>ADMINISTRA&Ccedil;&Atilde;O DE REDES <\/strong><br \/>\n<\/h5>\n<p style=\"text-align: justify;margin-left: 40px\">\n\tFerramentas de automa&ccedil;&atilde;o para gerenciamento de infraestrutura.\n<\/p>\n<p style=\"text-align: justify;margin-left: 40px\">\n\tSistemas operacionais Windows, Unix e Linux.\n<\/p>\n<p style=\"text-align: justify;margin-left: 40px\">\n\tAplica&ccedil;&otilde;es web.\n<\/p>\n<p style=\"text-align: justify;margin-left: 40px\">\n\tProtocolos de roteamento: RIP v.1 e v.2, OSPF e BGP.\n<\/p>\n<p style=\"text-align: justify;margin-left: 40px\">\n\tTecnologias ethernet, frame-relay, ATM e MPLS.\n<\/p>\n<p style=\"text-align: justify;margin-left: 40px\">\n\tTecnologias de roteamento: switches layer 3 e roteadores.\n<\/p>\n<p style=\"text-align: justify;margin-left: 40px\">\n\tQoS e seguran&ccedil;a em ambiente WAN.\n<\/p>\n<p style=\"text-align: justify;margin-left: 40px\">\n\tImplanta&ccedil;&atilde;o de VOIP e VPN nas modalidades de acesso remoto LAN-to-LAN, WEBVPN etc.\n<\/p>\n<p style=\"text-align: justify;margin-left: 40px\">\n\tFirewall e seguran&ccedil;a de per&iacute;metro.\n<\/p>\n<p style=\"text-align: justify;margin-left: 40px\">\n\tFerramentas de gest&atilde;o de rede.\n<\/p>\n<p style=\"text-align: justify;margin-left: 40px\">\n\tProjetos de cabeamento estruturado.\n<\/p>\n<p style=\"text-align: justify;margin-left: 40px\">\n\tInstala&ccedil;&atilde;o, configura&ccedil;&atilde;o e administra&ccedil;&atilde;o de sistemas operacionais Windows Server Enterprise, CentOS Linux e Ubuntu Linux 6.06.\n<\/p>\n<p style=\"text-align: justify;margin-left: 40px\">\n\tInfraestrutura de rede ethernet.\n<\/p>\n<p style=\"text-align: justify;margin-left: 40px\">\n\tProtocolo TCP\/IP.\n<\/p>\n<p style=\"text-align: justify;margin-left: 40px\">\n\tInfraestrutura para servidores.\n<\/p>\n<p style=\"text-align: justify;margin-left: 40px\">\n\tServidores de correio eletr&ocirc;nico.\n<\/p>\n<p style=\"text-align: justify;margin-left: 40px\">\n\tBackup\/restore.\n<\/p>\n<p style=\"text-align: justify;margin-left: 40px\">\n\tAntiv&iacute;rus.\n<\/p>\n<p style=\"text-align: justify;margin-left: 40px\">\n\tAntispam.\n<\/p>\n<p style=\"text-align: justify;margin-left: 40px\">\n\tServidor de aplica&ccedil;&atilde;o.\n<\/p>\n<p style=\"text-align: justify;margin-left: 40px\">\n\tServidor de arquivos.\n<\/p>\n<p style=\"text-align: justify;margin-left: 40px\">\n\tRadius. RAID.\n<\/p>\n<p style=\"text-align: justify;margin-left: 40px\">\n\tAdministra&ccedil;&atilde;o de ativos de rede (switches, roteadores, concentradores).\n<\/p>\n<p style=\"text-align: justify;margin-left: 40px\">\n\tAdministra&ccedil;&atilde;o de aplica&ccedil;&atilde;o para monitoramento de servidores e servi&ccedil;os.\n<\/p>\n<p style=\"text-align: justify;margin-left: 40px\">\n\tAdministra&ccedil;&atilde;o de unidades de fita LTO.\n<\/p>\n<p style=\"text-align: justify\">\n\t&nbsp;\n<\/p>\n<h5 style=\"text-align: justify\">\n\t<strong>DESENVOLVIMENTO DE SISTEMAS <\/strong><br \/>\n<\/h5>\n<p style=\"text-align: justify;margin-left: 40px\">\n\tSistemas transacionais; arquitetura e padr&otilde;es de projeto; Sistemas de gest&atilde;o de conte&uacute;do.\n<\/p>\n<p style=\"text-align: justify;margin-left: 40px\">\n\tArquitetura de informa&ccedil;&atilde;o: conceitos b&aacute;sicos e aplica&ccedil;&otilde;es.\n<\/p>\n<p style=\"text-align: justify;margin-left: 40px\">\n\tPortais corporativos: conceitos b&aacute;sicos, aplica&ccedil;&otilde;es, portlets, RSS.\n<\/p>\n<p style=\"text-align: justify;margin-left: 40px\">\n\tAcessibilidade na web: conceitos b&aacute;sicos, recomenda&ccedil;&otilde;es W3C, e-Mag.\n<\/p>\n<p style=\"text-align: justify;margin-left: 40px\">\n\tWorkflow e gerenciamento eletr&ocirc;nico de documentos.\n<\/p>\n<p style=\"text-align: justify;margin-left: 40px\">\n\tInteroperabilidade de sistemas.\n<\/p>\n<p style=\"text-align: justify;margin-left: 40px\">\n\tSOA e web services: conceitos b&aacute;sicos e aplica&ccedil;&otilde;es.\n<\/p>\n<p style=\"text-align: justify;margin-left: 40px\">\n\tPadr&otilde;es XML, XSLT, UDDI, WSDL e Soap.\n<\/p>\n<p style=\"text-align: justify;margin-left: 40px\">\n\tPrograma&ccedil;&atilde;o em tecnologias HTML, CSS, javascript, java, asp.net.\n<\/p>\n<p style=\"text-align: justify\">\n\t&nbsp;\n<\/p>\n<p style=\"text-align: justify\">\n\t<strong>BANCO DE DADOS <\/strong>\n<\/p>\n<p style=\"text-align: justify;margin-left: 40px\">\n\tEstruturas de informa&ccedil;&atilde;o.\n<\/p>\n<p style=\"text-align: justify;margin-left: 40px\">\n\tTipos b&aacute;sicos de estruturas: &aacute;rvores, pilhas e grafos.\n<\/p>\n<p style=\"text-align: justify;margin-left: 40px\">\n\tPesquisa de dados.\n<\/p>\n<p style=\"text-align: justify;margin-left: 40px\">\n\tOpera&ccedil;&otilde;es b&aacute;sicas sobre estruturas.\n<\/p>\n<p style=\"text-align: justify;margin-left: 40px\">\n\tClassifica&ccedil;&atilde;o de dados e tipos abstratos de dados.\n<\/p>\n<p style=\"text-align: justify;margin-left: 40px\">\n\tSistemas operacionais Windows e Linux; desenvolvimento de aplica&ccedil;&otilde;es web; Oracle; ferramentas CASE.\n<\/p>\n<p style=\"text-align: justify;margin-left: 40px\">\n\tBanco de dados.\n<\/p>\n<p style=\"text-align: justify;margin-left: 40px\">\n\tMapeamento de dados (l&oacute;gico e f&iacute;sico).\n<\/p>\n<p style=\"text-align: justify;margin-left: 40px\">\n\tModelagem relacional de dados.\n<\/p>\n<p style=\"text-align: justify;margin-left: 40px\">\n\tAdministra&ccedil;&atilde;o de dados.\n<\/p>\n<p style=\"text-align: justify;margin-left: 40px\">\n\tElabora&ccedil;&atilde;o e implanta&ccedil;&atilde;o de projeto de banco de dados.\n<\/p>\n<p style=\"text-align: justify;margin-left: 40px\">\n\tElabora&ccedil;&atilde;o de planos de manuten&ccedil;&atilde;o.\n<\/p>\n<p style=\"text-align: justify;margin-left: 40px\">\n\tBackup.\n<\/p>\n<p style=\"text-align: justify;margin-left: 40px\">\n\tTunning de banco de dados.\n<\/p>\n<p style=\"text-align: justify;margin-left: 40px\">\n\tT&eacute;cnicas de an&aacute;lise de desempenho e otimiza&ccedil;&atilde;o de consultas SQL.\n<\/p>\n<p style=\"text-align: justify\">\n\t&nbsp;\n<\/p>\n<p style=\"text-align: justify\">\n\t<strong>SISTEMAS DE APOIO &Agrave; DECIS&Atilde;O <\/strong>\n<\/p>\n<p style=\"text-align: justify;margin-left: 40px\">\n\tConceito Data Warehouse. Modelagem de dados para Data Warehouse. Processos de extra&ccedil;&atilde;o, transforma&ccedil;&atilde;o e carga de dados. Ferramentas OLAP. No&ccedil;&otilde;es de Data Mining. Qlikview (ferramenta de BI).\n<\/p>\n<p style=\"text-align: justify\">\n\t&nbsp;\n<\/p>\n<p style=\"text-align: justify\">\n\t<strong>ENGENHARIA DE SOFTWARE <\/strong>\n<\/p>\n<p style=\"text-align: justify;margin-left: 40px\">\n\tAn&aacute;lise e projeto.\n<\/p>\n<p style=\"text-align: justify;margin-left: 40px\">\n\tOrientados a objeto.\n<\/p>\n<p style=\"text-align: justify;margin-left: 40px\">\n\tConceitos b&aacute;sicos: classe, objeto, heran&ccedil;a, interface, polimorfismo, encapsulamento.\n<\/p>\n<p style=\"text-align: justify;margin-left: 40px\">\n\tConceitos da UML (Unified Modeling Language).\n<\/p>\n<p style=\"text-align: justify;margin-left: 40px\">\n\tDiagramas e nota&ccedil;&atilde;o da UML: de caso de uso, de classes, de sequ&ecirc;ncia de colabora&ccedil;&atilde;o, de atividades, de estado, de componentes e de distribui&ccedil;&atilde;o.\n<\/p>\n<p style=\"text-align: justify;margin-left: 40px\">\n\tConceitos de modelagem de neg&oacute;cio.\n<\/p>\n<p style=\"text-align: justify;margin-left: 40px\">\n\tConceitos de software CASE.\n<\/p>\n<p style=\"text-align: justify;margin-left: 40px\">\n\tConceitos de qualidade de software &#8211; Modelo CMM (Capability Maturity Model).\n<\/p>\n<p style=\"text-align: justify;margin-left: 40px\">\n\tCiclo de vida de sistemas.\n<\/p>\n<p style=\"text-align: justify\">\n\t&nbsp;\n<\/p>\n<p style=\"text-align: justify\">\n\t<strong>SEGURAN&Ccedil;A DA INFORMA&Ccedil;&Atilde;O<\/strong>\n<\/p>\n<p style=\"text-align: justify;margin-left: 40px\">\n\t&nbsp;Gest&atilde;o de seguran&ccedil;a da informa&ccedil;&atilde;o.\n<\/p>\n<p style=\"text-align: justify;margin-left: 40px\">\n\tNormas NBR ISO\/IEC n.o 27.001:2006 e n.o 27.002:2005.\n<\/p>\n<p style=\"text-align: justify;margin-left: 40px\">\n\tClassifica&ccedil;&atilde;o e controle de ativos de informa&ccedil;&atilde;o, seguran&ccedil;a de ambientes f&iacute;sicos e l&oacute;gicos, controles de acesso.\n<\/p>\n<p style=\"text-align: justify;margin-left: 40px\">\n\tDefini&ccedil;&atilde;o, implanta&ccedil;&atilde;o e gest&atilde;o de pol&iacute;ticas de seguran&ccedil;a e auditoria.\n<\/p>\n<p style=\"text-align: justify;margin-left: 40px\">\n\tGest&atilde;o de riscos.\n<\/p>\n<p style=\"text-align: justify;margin-left: 40px\">\n\tNormas NBR ISO\/IEC no 15.999-1:2007 vers&atilde;o corrigida 2008 e n.o 27.005:2005.\n<\/p>\n<p style=\"text-align: justify;margin-left: 40px\">\n\tPlanejamento, identifica&ccedil;&atilde;o e an&aacute;lise de riscos.\n<\/p>\n<p style=\"text-align: justify;margin-left: 40px\">\n\tPlano de continuidade de neg&oacute;cio.\n<\/p>\n<p style=\"text-align: justify;margin-left: 40px\">\n\tAtaques a redes de computadores: preven&ccedil;&atilde;o e tratamento de incidentes.\n<\/p>\n<p style=\"text-align: justify;margin-left: 40px\">\n\tPMI (Gerenciamento de Projetos); Governan&ccedil;a em TI (ITIL e COBIT).\n<\/p>\n<p style=\"text-align: justify\">\n\t&nbsp;\n<\/p>\n<p>\n\t&nbsp;\n<\/p>\n<p>\n\t&nbsp;\n<\/p>\n<p>\n\t&nbsp;\n<\/p>\n<p>\n\t&nbsp;\n<\/p>\n<p>\n\t&nbsp;\n<\/p>\n<p>\n\t&nbsp;<\/p>\n","protected":false},"excerpt":{"rendered":"<p>O edital JUCESC est&aacute; na pra&ccedil;a. Saiba os detalhes mais importantes neste&nbsp;artigo. A Junta Comercial do Estado de Santa Catarina (JUCESC) divulgou, no dia 17\/03\/2017, edital&nbsp;para abertura de vagas para t&eacute;cnicos e analistas. Saiba mais sobre os cargos ainda neste artigo. &nbsp; Banca organizadora O concurso ser&aacute; executado pela Funda&ccedil;&atilde;o de Estudos e Pesquisas Socioecon&ocirc;micos [&hellip;]<\/p>\n","protected":false},"author":214,"featured_media":0,"comment_status":"open","ping_status":"open","sticky":false,"template":"","format":"standard","meta":{"post_tipo":"article","footnotes":""},"categories":[1],"tags":[],"tax_estado":[],"class_list":["post-67368","post","type-post","status-publish","format-standard","hentry","category-cursos-e-concursos"],"acf":[],"yoast_head":"<!-- This site is optimized with the Yoast SEO Premium plugin v27.2 (Yoast SEO v27.2) - https:\/\/yoast.com\/product\/yoast-seo-premium-wordpress\/ -->\n<title>Edital JUCESC - saiba os detalhes mais importantes neste artigo!<\/title>\n<meta name=\"description\" content=\"O edital JUCESC est\u00e1 na pra\u00e7a. Neste artigo voc\u00ea encontrar\u00e1 todos os detalhes: vagas, remunera\u00e7\u00e3o inicial, requisitos b\u00e1sicos, etc.\" \/>\n<meta name=\"robots\" content=\"index, follow, max-snippet:-1, max-image-preview:large, max-video-preview:-1\" \/>\n<link rel=\"canonical\" href=\"https:\/\/www.estrategiaconcursos.com.br\/blog\/edital-jucesc\/\" \/>\n<meta property=\"og:locale\" content=\"pt_BR\" \/>\n<meta property=\"og:type\" content=\"article\" \/>\n<meta property=\"og:title\" content=\"Edital JUCESC - saiba os detalhes mais importantes neste artigo!\" \/>\n<meta property=\"og:description\" content=\"O edital JUCESC est\u00e1 na pra\u00e7a. Neste artigo voc\u00ea encontrar\u00e1 todos os detalhes: vagas, remunera\u00e7\u00e3o inicial, requisitos b\u00e1sicos, etc.\" \/>\n<meta property=\"og:url\" content=\"https:\/\/www.estrategiaconcursos.com.br\/blog\/edital-jucesc\/\" \/>\n<meta property=\"og:site_name\" content=\"Estrat\u00e9gia Concursos\" \/>\n<meta property=\"article:published_time\" content=\"2017-03-26T12:15:07+00:00\" \/>\n<meta property=\"article:modified_time\" content=\"2017-03-26T13:13:33+00:00\" \/>\n<meta property=\"og:image\" content=\"https:\/\/www.estrategiaconcursos.com.br\/blog\/wp-content\/uploads\/2017\/03\/JUCESC.png\" \/>\n<meta name=\"author\" content=\"D\u00e9cio Terror Filho\" \/>\n<meta name=\"twitter:card\" content=\"summary_large_image\" \/>\n<meta name=\"twitter:creator\" content=\"@EstratConcursos\" \/>\n<meta name=\"twitter:site\" content=\"@EstratConcursos\" \/>\n<meta name=\"twitter:label1\" content=\"Escrito por\" \/>\n\t<meta name=\"twitter:data1\" content=\"D\u00e9cio Terror Filho\" \/>\n\t<meta name=\"twitter:label2\" content=\"Est. tempo de leitura\" \/>\n\t<meta name=\"twitter:data2\" content=\"21 minutos\" \/>\n<script type=\"application\/ld+json\" class=\"yoast-schema-graph\">{\"@context\":\"https:\/\/schema.org\",\"@graph\":[{\"@type\":\"NewsArticle\",\"@id\":\"https:\/\/www.estrategiaconcursos.com.br\/blog\/edital-jucesc\/#article\",\"isPartOf\":{\"@id\":\"https:\/\/www.estrategiaconcursos.com.br\/blog\/edital-jucesc\/\"},\"author\":{\"name\":\"D\u00e9cio Terror Filho\",\"@id\":\"https:\/\/www.estrategiaconcursos.com.br\/blog\/#\/schema\/person\/e8165364027a31208914fc77c3314727\"},\"headline\":\"Edital JUCESC &#8211; saiba os detalhes mais importantes neste artigo!\",\"datePublished\":\"2017-03-26T12:15:07+00:00\",\"dateModified\":\"2017-03-26T13:13:33+00:00\",\"mainEntityOfPage\":{\"@id\":\"https:\/\/www.estrategiaconcursos.com.br\/blog\/edital-jucesc\/\"},\"wordCount\":4117,\"commentCount\":1,\"publisher\":{\"@id\":\"https:\/\/www.estrategiaconcursos.com.br\/blog\/#organization\"},\"image\":{\"@id\":\"https:\/\/www.estrategiaconcursos.com.br\/blog\/edital-jucesc\/#primaryimage\"},\"thumbnailUrl\":\"https:\/\/www.estrategiaconcursos.com.br\/blog\/wp-content\/uploads\/2017\/03\/JUCESC.png\",\"articleSection\":[\"Concursos P\u00fablicos\"],\"inLanguage\":\"pt-BR\",\"potentialAction\":[{\"@type\":\"CommentAction\",\"name\":\"Comment\",\"target\":[\"https:\/\/www.estrategiaconcursos.com.br\/blog\/edital-jucesc\/#respond\"]}],\"copyrightYear\":\"2017\",\"copyrightHolder\":{\"@id\":\"https:\/\/www.estrategiaconcursos.com.br\/blog\/#organization\"}},{\"@type\":\"WebPage\",\"@id\":\"https:\/\/www.estrategiaconcursos.com.br\/blog\/edital-jucesc\/\",\"url\":\"https:\/\/www.estrategiaconcursos.com.br\/blog\/edital-jucesc\/\",\"name\":\"Edital JUCESC - saiba os detalhes mais importantes neste artigo!\",\"isPartOf\":{\"@id\":\"https:\/\/www.estrategiaconcursos.com.br\/blog\/#website\"},\"primaryImageOfPage\":{\"@id\":\"https:\/\/www.estrategiaconcursos.com.br\/blog\/edital-jucesc\/#primaryimage\"},\"image\":{\"@id\":\"https:\/\/www.estrategiaconcursos.com.br\/blog\/edital-jucesc\/#primaryimage\"},\"thumbnailUrl\":\"https:\/\/www.estrategiaconcursos.com.br\/blog\/wp-content\/uploads\/2017\/03\/JUCESC.png\",\"datePublished\":\"2017-03-26T12:15:07+00:00\",\"dateModified\":\"2017-03-26T13:13:33+00:00\",\"description\":\"O edital JUCESC est\u00e1 na pra\u00e7a. Neste artigo voc\u00ea encontrar\u00e1 todos os detalhes: vagas, remunera\u00e7\u00e3o inicial, requisitos b\u00e1sicos, etc.\",\"breadcrumb\":{\"@id\":\"https:\/\/www.estrategiaconcursos.com.br\/blog\/edital-jucesc\/#breadcrumb\"},\"inLanguage\":\"pt-BR\",\"potentialAction\":[{\"@type\":\"ReadAction\",\"target\":[\"https:\/\/www.estrategiaconcursos.com.br\/blog\/edital-jucesc\/\"]}]},{\"@type\":\"ImageObject\",\"inLanguage\":\"pt-BR\",\"@id\":\"https:\/\/www.estrategiaconcursos.com.br\/blog\/edital-jucesc\/#primaryimage\",\"url\":\"https:\/\/dhg1h5j42swfq.cloudfront.net\/2017\/03\/17112338\/JUCESC.png\",\"contentUrl\":\"https:\/\/dhg1h5j42swfq.cloudfront.net\/2017\/03\/17112338\/JUCESC.png\",\"width\":300,\"height\":300,\"caption\":\"CONCURSO JUCESC\"},{\"@type\":\"BreadcrumbList\",\"@id\":\"https:\/\/www.estrategiaconcursos.com.br\/blog\/edital-jucesc\/#breadcrumb\",\"itemListElement\":[{\"@type\":\"ListItem\",\"position\":1,\"name\":\"In\u00edcio\",\"item\":\"https:\/\/www.estrategiaconcursos.com.br\/blog\/\"},{\"@type\":\"ListItem\",\"position\":2,\"name\":\"Edital JUCESC &#8211; saiba os detalhes mais importantes neste artigo!\"}]},{\"@type\":\"WebSite\",\"@id\":\"https:\/\/www.estrategiaconcursos.com.br\/blog\/#website\",\"url\":\"https:\/\/www.estrategiaconcursos.com.br\/blog\/\",\"name\":\"Estrat\u00e9gia Concursos\",\"description\":\"O blog da Estrat\u00e9gia Concursos traz not\u00edcias sobre concursos e artigos de professores oferecendo cursos para concursos (pdf + videaulas) no site.\",\"publisher\":{\"@id\":\"https:\/\/www.estrategiaconcursos.com.br\/blog\/#organization\"},\"potentialAction\":[{\"@type\":\"SearchAction\",\"target\":{\"@type\":\"EntryPoint\",\"urlTemplate\":\"https:\/\/www.estrategiaconcursos.com.br\/blog\/?s={search_term_string}\"},\"query-input\":{\"@type\":\"PropertyValueSpecification\",\"valueRequired\":true,\"valueName\":\"search_term_string\"}}],\"inLanguage\":\"pt-BR\"},{\"@type\":\"Organization\",\"@id\":\"https:\/\/www.estrategiaconcursos.com.br\/blog\/#organization\",\"name\":\"Estrat\u00e9gia Concursos\",\"url\":\"https:\/\/www.estrategiaconcursos.com.br\/blog\/\",\"logo\":{\"@type\":\"ImageObject\",\"inLanguage\":\"pt-BR\",\"@id\":\"https:\/\/www.estrategiaconcursos.com.br\/blog\/#\/schema\/logo\/image\/\",\"url\":\"https:\/\/dhg1h5j42swfq.cloudfront.net\/2025\/06\/03203428\/logo_concursos-1.jpg\",\"contentUrl\":\"https:\/\/dhg1h5j42swfq.cloudfront.net\/2025\/06\/03203428\/logo_concursos-1.jpg\",\"width\":230,\"height\":60,\"caption\":\"Estrat\u00e9gia Concursos\"},\"image\":{\"@id\":\"https:\/\/www.estrategiaconcursos.com.br\/blog\/#\/schema\/logo\/image\/\"},\"sameAs\":[\"https:\/\/x.com\/EstratConcursos\"]},{\"@type\":\"Person\",\"@id\":\"https:\/\/www.estrategiaconcursos.com.br\/blog\/#\/schema\/person\/e8165364027a31208914fc77c3314727\",\"name\":\"D\u00e9cio Terror Filho\",\"image\":{\"@type\":\"ImageObject\",\"inLanguage\":\"pt-BR\",\"@id\":\"https:\/\/secure.gravatar.com\/avatar\/a5b78e734de7c6482e965926e78344deb81abbc34282a3c9536cbb1a59728a37?s=96&d=mm&r=g\",\"url\":\"https:\/\/secure.gravatar.com\/avatar\/a5b78e734de7c6482e965926e78344deb81abbc34282a3c9536cbb1a59728a37?s=96&d=mm&r=g\",\"contentUrl\":\"https:\/\/secure.gravatar.com\/avatar\/a5b78e734de7c6482e965926e78344deb81abbc34282a3c9536cbb1a59728a37?s=96&d=mm&r=g\",\"caption\":\"D\u00e9cio Terror Filho\"},\"url\":\"https:\/\/www.estrategiaconcursos.com.br\/blog\/author\/contatoterrorportugues-com-br\/\"}]}<\/script>\n<!-- \/ Yoast SEO Premium plugin. -->","yoast_head_json":{"title":"Edital JUCESC - saiba os detalhes mais importantes neste artigo!","description":"O edital JUCESC est\u00e1 na pra\u00e7a. Neste artigo voc\u00ea encontrar\u00e1 todos os detalhes: vagas, remunera\u00e7\u00e3o inicial, requisitos b\u00e1sicos, etc.","robots":{"index":"index","follow":"follow","max-snippet":"max-snippet:-1","max-image-preview":"max-image-preview:large","max-video-preview":"max-video-preview:-1"},"canonical":"https:\/\/www.estrategiaconcursos.com.br\/blog\/edital-jucesc\/","og_locale":"pt_BR","og_type":"article","og_title":"Edital JUCESC - saiba os detalhes mais importantes neste artigo!","og_description":"O edital JUCESC est\u00e1 na pra\u00e7a. Neste artigo voc\u00ea encontrar\u00e1 todos os detalhes: vagas, remunera\u00e7\u00e3o inicial, requisitos b\u00e1sicos, etc.","og_url":"https:\/\/www.estrategiaconcursos.com.br\/blog\/edital-jucesc\/","og_site_name":"Estrat\u00e9gia Concursos","article_published_time":"2017-03-26T12:15:07+00:00","article_modified_time":"2017-03-26T13:13:33+00:00","og_image":[{"url":"https:\/\/www.estrategiaconcursos.com.br\/blog\/wp-content\/uploads\/2017\/03\/JUCESC.png","type":"","width":"","height":""}],"author":"D\u00e9cio Terror Filho","twitter_card":"summary_large_image","twitter_creator":"@EstratConcursos","twitter_site":"@EstratConcursos","twitter_misc":{"Escrito por":"D\u00e9cio Terror Filho","Est. tempo de leitura":"21 minutos"},"schema":{"@context":"https:\/\/schema.org","@graph":[{"@type":"NewsArticle","@id":"https:\/\/www.estrategiaconcursos.com.br\/blog\/edital-jucesc\/#article","isPartOf":{"@id":"https:\/\/www.estrategiaconcursos.com.br\/blog\/edital-jucesc\/"},"author":{"name":"D\u00e9cio Terror Filho","@id":"https:\/\/www.estrategiaconcursos.com.br\/blog\/#\/schema\/person\/e8165364027a31208914fc77c3314727"},"headline":"Edital JUCESC &#8211; saiba os detalhes mais importantes neste artigo!","datePublished":"2017-03-26T12:15:07+00:00","dateModified":"2017-03-26T13:13:33+00:00","mainEntityOfPage":{"@id":"https:\/\/www.estrategiaconcursos.com.br\/blog\/edital-jucesc\/"},"wordCount":4117,"commentCount":1,"publisher":{"@id":"https:\/\/www.estrategiaconcursos.com.br\/blog\/#organization"},"image":{"@id":"https:\/\/www.estrategiaconcursos.com.br\/blog\/edital-jucesc\/#primaryimage"},"thumbnailUrl":"https:\/\/www.estrategiaconcursos.com.br\/blog\/wp-content\/uploads\/2017\/03\/JUCESC.png","articleSection":["Concursos P\u00fablicos"],"inLanguage":"pt-BR","potentialAction":[{"@type":"CommentAction","name":"Comment","target":["https:\/\/www.estrategiaconcursos.com.br\/blog\/edital-jucesc\/#respond"]}],"copyrightYear":"2017","copyrightHolder":{"@id":"https:\/\/www.estrategiaconcursos.com.br\/blog\/#organization"}},{"@type":"WebPage","@id":"https:\/\/www.estrategiaconcursos.com.br\/blog\/edital-jucesc\/","url":"https:\/\/www.estrategiaconcursos.com.br\/blog\/edital-jucesc\/","name":"Edital JUCESC - saiba os detalhes mais importantes neste artigo!","isPartOf":{"@id":"https:\/\/www.estrategiaconcursos.com.br\/blog\/#website"},"primaryImageOfPage":{"@id":"https:\/\/www.estrategiaconcursos.com.br\/blog\/edital-jucesc\/#primaryimage"},"image":{"@id":"https:\/\/www.estrategiaconcursos.com.br\/blog\/edital-jucesc\/#primaryimage"},"thumbnailUrl":"https:\/\/www.estrategiaconcursos.com.br\/blog\/wp-content\/uploads\/2017\/03\/JUCESC.png","datePublished":"2017-03-26T12:15:07+00:00","dateModified":"2017-03-26T13:13:33+00:00","description":"O edital JUCESC est\u00e1 na pra\u00e7a. Neste artigo voc\u00ea encontrar\u00e1 todos os detalhes: vagas, remunera\u00e7\u00e3o inicial, requisitos b\u00e1sicos, etc.","breadcrumb":{"@id":"https:\/\/www.estrategiaconcursos.com.br\/blog\/edital-jucesc\/#breadcrumb"},"inLanguage":"pt-BR","potentialAction":[{"@type":"ReadAction","target":["https:\/\/www.estrategiaconcursos.com.br\/blog\/edital-jucesc\/"]}]},{"@type":"ImageObject","inLanguage":"pt-BR","@id":"https:\/\/www.estrategiaconcursos.com.br\/blog\/edital-jucesc\/#primaryimage","url":"https:\/\/dhg1h5j42swfq.cloudfront.net\/2017\/03\/17112338\/JUCESC.png","contentUrl":"https:\/\/dhg1h5j42swfq.cloudfront.net\/2017\/03\/17112338\/JUCESC.png","width":300,"height":300,"caption":"CONCURSO JUCESC"},{"@type":"BreadcrumbList","@id":"https:\/\/www.estrategiaconcursos.com.br\/blog\/edital-jucesc\/#breadcrumb","itemListElement":[{"@type":"ListItem","position":1,"name":"In\u00edcio","item":"https:\/\/www.estrategiaconcursos.com.br\/blog\/"},{"@type":"ListItem","position":2,"name":"Edital JUCESC &#8211; saiba os detalhes mais importantes neste artigo!"}]},{"@type":"WebSite","@id":"https:\/\/www.estrategiaconcursos.com.br\/blog\/#website","url":"https:\/\/www.estrategiaconcursos.com.br\/blog\/","name":"Estrat\u00e9gia Concursos","description":"O blog da Estrat\u00e9gia Concursos traz not\u00edcias sobre concursos e artigos de professores oferecendo cursos para concursos (pdf + videaulas) no site.","publisher":{"@id":"https:\/\/www.estrategiaconcursos.com.br\/blog\/#organization"},"potentialAction":[{"@type":"SearchAction","target":{"@type":"EntryPoint","urlTemplate":"https:\/\/www.estrategiaconcursos.com.br\/blog\/?s={search_term_string}"},"query-input":{"@type":"PropertyValueSpecification","valueRequired":true,"valueName":"search_term_string"}}],"inLanguage":"pt-BR"},{"@type":"Organization","@id":"https:\/\/www.estrategiaconcursos.com.br\/blog\/#organization","name":"Estrat\u00e9gia Concursos","url":"https:\/\/www.estrategiaconcursos.com.br\/blog\/","logo":{"@type":"ImageObject","inLanguage":"pt-BR","@id":"https:\/\/www.estrategiaconcursos.com.br\/blog\/#\/schema\/logo\/image\/","url":"https:\/\/dhg1h5j42swfq.cloudfront.net\/2025\/06\/03203428\/logo_concursos-1.jpg","contentUrl":"https:\/\/dhg1h5j42swfq.cloudfront.net\/2025\/06\/03203428\/logo_concursos-1.jpg","width":230,"height":60,"caption":"Estrat\u00e9gia Concursos"},"image":{"@id":"https:\/\/www.estrategiaconcursos.com.br\/blog\/#\/schema\/logo\/image\/"},"sameAs":["https:\/\/x.com\/EstratConcursos"]},{"@type":"Person","@id":"https:\/\/www.estrategiaconcursos.com.br\/blog\/#\/schema\/person\/e8165364027a31208914fc77c3314727","name":"D\u00e9cio Terror Filho","image":{"@type":"ImageObject","inLanguage":"pt-BR","@id":"https:\/\/secure.gravatar.com\/avatar\/a5b78e734de7c6482e965926e78344deb81abbc34282a3c9536cbb1a59728a37?s=96&d=mm&r=g","url":"https:\/\/secure.gravatar.com\/avatar\/a5b78e734de7c6482e965926e78344deb81abbc34282a3c9536cbb1a59728a37?s=96&d=mm&r=g","contentUrl":"https:\/\/secure.gravatar.com\/avatar\/a5b78e734de7c6482e965926e78344deb81abbc34282a3c9536cbb1a59728a37?s=96&d=mm&r=g","caption":"D\u00e9cio Terror Filho"},"url":"https:\/\/www.estrategiaconcursos.com.br\/blog\/author\/contatoterrorportugues-com-br\/"}]}},"_links":{"self":[{"href":"https:\/\/www.estrategiaconcursos.com.br\/blog\/wp-json\/wp\/v2\/posts\/67368","targetHints":{"allow":["GET"]}}],"collection":[{"href":"https:\/\/www.estrategiaconcursos.com.br\/blog\/wp-json\/wp\/v2\/posts"}],"about":[{"href":"https:\/\/www.estrategiaconcursos.com.br\/blog\/wp-json\/wp\/v2\/types\/post"}],"author":[{"embeddable":true,"href":"https:\/\/www.estrategiaconcursos.com.br\/blog\/wp-json\/wp\/v2\/users\/214"}],"replies":[{"embeddable":true,"href":"https:\/\/www.estrategiaconcursos.com.br\/blog\/wp-json\/wp\/v2\/comments?post=67368"}],"version-history":[{"count":28,"href":"https:\/\/www.estrategiaconcursos.com.br\/blog\/wp-json\/wp\/v2\/posts\/67368\/revisions"}],"predecessor-version":[{"id":67432,"href":"https:\/\/www.estrategiaconcursos.com.br\/blog\/wp-json\/wp\/v2\/posts\/67368\/revisions\/67432"}],"wp:attachment":[{"href":"https:\/\/www.estrategiaconcursos.com.br\/blog\/wp-json\/wp\/v2\/media?parent=67368"}],"wp:term":[{"taxonomy":"category","embeddable":true,"href":"https:\/\/www.estrategiaconcursos.com.br\/blog\/wp-json\/wp\/v2\/categories?post=67368"},{"taxonomy":"post_tag","embeddable":true,"href":"https:\/\/www.estrategiaconcursos.com.br\/blog\/wp-json\/wp\/v2\/tags?post=67368"},{"taxonomy":"tax_estado","embeddable":true,"href":"https:\/\/www.estrategiaconcursos.com.br\/blog\/wp-json\/wp\/v2\/tax_estado?post=67368"}],"curies":[{"name":"wp","href":"https:\/\/api.w.org\/{rel}","templated":true}]}}