{"id":67334,"date":"2019-09-15T11:25:27","date_gmt":"2019-09-15T14:25:27","guid":{"rendered":"https:\/\/www.estrategiaconcursos.com.br\/blog\/?p=67334"},"modified":"2020-09-09T15:11:50","modified_gmt":"2020-09-09T18:11:50","slug":"emile-durkheim","status":"publish","type":"post","link":"https:\/\/www.estrategiaconcursos.com.br\/blog\/emile-durkheim\/","title":{"rendered":"\u00c9mile Durkheim: sociologia para ENEM, Concursos e Vestibulares"},"content":{"rendered":"\n<h2 class=\"wp-block-heading\">A Sociologia de \u00c9mile Durkheim<\/h2>\n\n\n\n<p>Ol\u00e1, Estrategianos, tudo em paz? Neste artigo, vamos aprofundar os conceitos sociol\u00f3gicos do pensamento de <strong><span style=\"text-decoration: underline\"><a href=\"http:\/\/blog.estrategiavestibulares.com.br\/emile-durkheim\/\">\u00c9mile Durkheim<\/a><\/span><\/strong>, autor cl\u00e1ssico da Sociologia, que sempre aparece em quest\u00f5es do ENEM e de alguns concursos.<\/p>\n\n\n\n<p>Tamb\u00e9m vamos analisar a possibilidade de utilizar suas reflex\u00f5es na composi\u00e7\u00e3o de uma reda\u00e7\u00e3o, por meio de um exemplo de uma reda\u00e7\u00e3o considerada nota 1.000 no ENEM de 2014.<\/p>\n\n\n\n<h2 class=\"wp-block-heading\"><strong>Quem foi \u00c9mile Durkheim?<\/strong><\/h2>\n\n\n\n<div class=\"wp-block-image\"><figure class=\"alignleft is-resized\"><img loading=\"lazy\" decoding=\"async\" src=\"https:\/\/dhg1h5j42swfq.cloudfront.net\/2019\/06\/25235931\/Captura-de-Tela-2019-06-25-a%CC%80s-23.59.13.png\" alt=\"Sociologia de \u00c9mile Durkheim\" class=\"wp-image-391569\" width=\"200\" height=\"284\" srcset=\"https:\/\/dhg1h5j42swfq.cloudfront.net\/2019\/06\/25235931\/Captura-de-Tela-2019-06-25-a%CC%80s-23.59.13.png 434w, https:\/\/dhg1h5j42swfq.cloudfront.net\/2019\/06\/25235931\/Captura-de-Tela-2019-06-25-a%CC%80s-23.59.13.png 211w\" sizes=\"auto, (max-width: 200px) 100vw, 200px\" \/><figcaption>Sociologia de Durkheim<\/figcaption><\/figure><\/div>\n\n\n\n<p><span style=\"text-decoration: underline\">\u00c9mile Durkheim<\/span> (1858-1917) nasceu na Als\u00e1cia, territ\u00f3rio franc\u00eas. Foi um dos pensadores que mais contribuiu para a consolida\u00e7\u00e3o da Sociologia como ci\u00eancia emp\u00edrica e para sua instaura\u00e7\u00e3o enquanto disciplina acad\u00eamica. Tornou-se o primeiro professor universit\u00e1rio de Sociologia.<\/p>\n\n\n\n<p>Suas principais obras foram: Da Divis\u00e3o do Trabalho Social, As Regras do M\u00e9todo Sociol\u00f3gico, O Suic\u00eddio e As Formas Elementares da Vida Religiosa.<\/p>\n\n\n\n<h2 class=\"wp-block-heading\"><strong>Principais Influ\u00eancias no pensamento de Durkheim<\/strong><\/h2>\n\n\n\n<p><span style=\"text-decoration: underline\">\u00c9mile Durkheim<\/span> \u00e9 considerado um dos precursores da Sociologia e sofreu influ\u00eancia das ideias de Saint-Simon e de Auguste Comte. Para estes, a humanidade avan\u00e7a no sentido de seu gradual aperfei\u00e7oamento, governada pela for\u00e7a da lei do progresso. Enxergavam a sociedade industrial como uma fase avan\u00e7ada da sociedade, devido os avan\u00e7os t\u00e9cnico-cient\u00edficos.<\/p>\n\n\n\n<p>Durkheim \u00e9 considerado autor cl\u00e1ssico da sociologia, assim como Karl Marx e Max Weber, j\u00e1 que suas&nbsp;ideias t\u00eam grande impacto na constru\u00e7\u00e3o do saber. Se voc\u00ea observar, v\u00e1rios assuntos tratados no ENEM ou em concursos que cobra a disciplina de Sociologia como conte\u00fado, v\u00e3o aparecer as reflex\u00f5es desses tr\u00eas autores.<\/p>\n\n\n\n<h2 class=\"wp-block-heading\"><strong>Sociologia de Durkheim<\/strong><\/h2>\n\n\n\n<p>A sociologia de <span style=\"text-decoration: underline\">Durkheim<\/span> d\u00e1 \u00eanfase nas institui\u00e7\u00f5es sociais, seu surgimento e funcionamento. As institui\u00e7\u00f5es, para ele, s\u00e3o institu\u00eddas pela coletividade que refletir\u00e1 nas cren\u00e7as e comportamentos. Assim, a vida coletiva n\u00e3o \u00e9 a soma dos indiv\u00edduos, mas um ser distinto, mais complexo e irredut\u00edvel \u00e0s partes que o formam. Os fen\u00f4menos sociais (aquilo que aparece socialmente) t\u00eam sua origem na coletividade e n\u00e3o em cada um dos seus participantes.<\/p>\n\n\n\n<div class=\"wp-block-image\"><figure class=\"alignright is-resized\"><img loading=\"lazy\" decoding=\"async\" src=\"https:\/\/dhg1h5j42swfq.cloudfront.net\/2019\/06\/26000359\/sociologia-durkheim.jpg\" alt=\"\" class=\"wp-image-391573\" width=\"296\" height=\"248\" srcset=\"https:\/\/dhg1h5j42swfq.cloudfront.net\/2019\/06\/26000359\/sociologia-durkheim.jpg 1000w, https:\/\/dhg1h5j42swfq.cloudfront.net\/2019\/06\/26000359\/sociologia-durkheim.jpg 300w, https:\/\/dhg1h5j42swfq.cloudfront.net\/2019\/06\/26000359\/sociologia-durkheim.jpg 768w, https:\/\/dhg1h5j42swfq.cloudfront.net\/2019\/06\/26000359\/sociologia-durkheim.jpg 610w\" sizes=\"auto, (max-width: 296px) 100vw, 296px\" \/><figcaption>Sociologia de \u00c9mile Durkheim<\/figcaption><\/figure><\/div>\n\n\n\n<p>\u00c9mile Durkheim buscou um m\u00e9todo cient\u00edfico capaz de superar o senso comum e que fosse objetivo. Embora adotasse crit\u00e9rios das ci\u00eancias naturais, reconhecia que os objetos sociais tinham suas particularidades e se distinguiam dos fen\u00f4menos da natureza. Os cientistas sociais investigariam as rela\u00e7\u00f5es de causa e efeito, as regularidades a fim de estabelecer leis e regras de a\u00e7\u00e3o para o futuro.<\/p>\n\n\n\n<p>O objeto da sociologia, para Durkheim, s\u00e3o os famosos fatos sociais, que iremos explicar minuciosamente. Esses devem ser vistos pelo cientista social como \u201ccoisas\u201d, facilitando o afastamento de pr\u00e9-no\u00e7\u00f5es e tratando os seus objetos de estudo de maneira objetiva.<\/p>\n\n\n\n<p>Os fatos sociais compreendem tudo aquilo que \u00e9 exterior ao indiv\u00edduo, isto \u00e9, que n\u00e3o depende das consci\u00eancias individuais para existir. Tem uma caracter\u00edstica de generalidade, pois \u00e9 colocado a todos na vida social e tem caracter\u00edstica de coer\u00e7\u00e3o. Portanto, um fato social \u00e9 constitu\u00eddo de exterioridade, generalidade e coercibilidade. Assim, o fato social \u00e9 algo dotado de vida pr\u00f3pria, externo aos membros da sociedade e que exerce sobre os mesmos uma autoridade que os leva agir, a pensar e a sentir sob determinadas maneiras.<\/p>\n\n\n\n<p>S\u00e3o exemplos de fatos sociais a fam\u00edlia, a escola, a religi\u00e3o, as Leis, o sistema financeiro, vestimentas de um povo, a forma de organiza\u00e7\u00e3o cultural e pol\u00edtica, etc.<\/p>\n\n\n\n<div class=\"wp-block-image\"><figure class=\"alignleft\"><img loading=\"lazy\" decoding=\"async\" width=\"500\" height=\"335\" src=\"https:\/\/dhg1h5j42swfq.cloudfront.net\/2019\/06\/26000737\/sociedade.jpg\" alt=\"Sociedade - objeto de estudo de \u00c9mile Durkheim\" class=\"wp-image-391575\" srcset=\"https:\/\/dhg1h5j42swfq.cloudfront.net\/2019\/06\/26000737\/sociedade.jpg 500w, https:\/\/dhg1h5j42swfq.cloudfront.net\/2019\/06\/26000737\/sociedade.jpg 300w\" sizes=\"auto, (max-width: 500px) 100vw, 500px\" \/><figcaption>Sociedade &#8211; objeto de estudo de \u00c9mile Durkheim<\/figcaption><\/figure><\/div>\n\n\n\n<p>O car\u00e1ter externo desses fatos sociais que moldam as formas de pensar, sentir e agir dos indiv\u00edduos s\u00e3o internalizados por meio do processo de socializa\u00e7\u00e3o. Desde crian\u00e7as somos educados a determinadas formas de se comportar e de regras a serem obedecidas, desde de seguir hor\u00e1rios a&nbsp;tratar as demais pessoas. Essas regras, normas e valores de uma pr\u00f3pria sociedade s\u00e3o transmitidas por meio da aprendizagem nas diversas formas de institui\u00e7\u00e3o (fam\u00edlia, escola, religi\u00e3o, etc.), portanto, s\u00e3o externas ao indiv\u00edduo.<\/p>\n\n\n\n<p>Um exemplo bem pr\u00e1tico \u00e9 voc\u00ea observar uma pessoa religiosa: a entona\u00e7\u00e3o da voz \u00e9 diferente, h\u00e1 vestimentas espec\u00edficas, a forma de pensar e de expor suas ideias seguem um padr\u00e3o; os comportamentos e as falas s\u00e3o espec\u00edficas para cada momento, etc. Ou seja, h\u00e1 uma internaliza\u00e7\u00e3o de determinas maneiras de ser e agir do indiv\u00edduo ao ser exposto nesse tipo de institui\u00e7\u00e3o que o difere dos demais.<\/p>\n\n\n\n<p>O car\u00e1ter de generalidade e coercibilidade podem ser vistos na medida em que algu\u00e9m desrespeita determina Lei, regra moral ou resiste a n\u00e3o usar, por exemplo, a moeda nacional ou a l\u00edngua materna, o que desencadear\u00e1 constrangimentos, j\u00e1 que est\u00e1 diante de algo que n\u00e3o depende da vontade individual e poder\u00e1 ser exclu\u00eddo do grupo. Traduzindo, se algu\u00e9m viola determinada lei ou regra moral ser\u00e1 punido (coer\u00e7\u00e3o). Se algu\u00e9m resiste em falar o idioma de seu pa\u00eds certamente estar\u00e1 exclu\u00eddo de exercer as condi\u00e7\u00f5es de membro daquela sociedade.<\/p>\n\n\n\n<p>Podemos nos perguntar: \u201cent\u00e3o, se os fatos sociais s\u00e3o dados para todos, tem caracter\u00edstica exterior e exerce coer\u00e7\u00e3o, o indiv\u00edduo fica resumido a press\u00e3o dos fatos sociais?\u201d Para Durkheim, \u00e9 poss\u00edvel apresentar comportamentos inovadores, e que as institui\u00e7\u00f5es s\u00e3o pass\u00edveis de mudan\u00e7as, mas, para isso, \u00e9 necess\u00e1ria a combina\u00e7\u00e3o de v\u00e1rios indiv\u00edduos em realizar a\u00e7\u00f5es que configurar\u00e3o em um novo fato social. Assim, por exemplo, pode haver modifica\u00e7\u00f5es no sistema educativo para se adequar a uma nova realidade.<\/p>\n\n\n\n<p>Preocupado com a coes\u00e3o social e com a integra\u00e7\u00e3o social na sociedade industrial, Durkheim vai desenvolver o conceito de solidariedade mec\u00e2nica e org\u00e2nica.<\/p>\n\n\n\n<p>A primeira \u00e9 um tipo de solidariedade pertencente as sociedades tradicionais, nas quais os indiv\u00edduos se identificam por meio da fam\u00edlia, da religi\u00e3o, da tradi\u00e7\u00e3o, dos costumes. \u00c9 uma sociedade que tem coes\u00e3o porque os indiv\u00edduos ainda n\u00e3o se diferenciaram e reconhecem os mesmos valores, os mesmos sentimentos, os mesmos objetos sagrados, porque pertencem a uma coletividade.<\/p>\n\n\n\n<p>J\u00e1 a solidariedade org\u00e2nica surge nas sociedades mais complexas e modernas, nas quais existem maior divis\u00e3o do trabalho e uma maior individualidade, pois as pessoas criam autonomia em rela\u00e7\u00e3o \u00e0 consci\u00eancia coletiva. Por meio da divis\u00e3o do trabalho social, os indiv\u00edduos tornam-se interdependentes, garantindo a uni\u00e3o social, mas n\u00e3o pelos costumes e tradi\u00e7\u00f5es. Assim, o efeito mais importante da divis\u00e3o do trabalho n\u00e3o \u00e9 o aumento da produtividade, mas a solidariedade que gera entre os homens.<\/p>\n\n\n\n<p>Para garantir a solidariedade org\u00e2nica, advinda da divis\u00e3o do trabalho social, devido as diversas categorias profissionais existentes, \u00e9 importante entender a import\u00e2ncia dos fatos morais na integra\u00e7\u00e3o dos homens \u00e0 vida coletiva.<\/p>\n\n\n\n<p>Para ele, moral \u00e9 tudo que promove a solidariedade, tudo que for\u00e7a o indiv\u00edduo a contar com o seu pr\u00f3ximo, sem se levar pelo seu ego\u00edsmo. \u00c9 um sistema de normas de conduta que prescrevem como o sujeito deve conduzir-se em determinadas circunst\u00e2ncias. Portanto, quando h\u00e1 conflitos na sociedade \u00e9 devido a anomia, isto \u00e9, aus\u00eancia de institui\u00e7\u00f5es capazes de regularem valores, normas e regras capazes de manter a integra\u00e7\u00e3o social.<\/p>\n\n\n\n<p>Diferente de Marx, ao analisar os conflitos sociais do final do s\u00e9culo XIX, devido \u00e0 rela\u00e7\u00e3o capital e trabalho, vai defender que estes surgiram por causa da <strong>anomia, <\/strong>isto \u00e9, aus\u00eancia de institui\u00e7\u00f5es e normas integradoras que permitissem a integra\u00e7\u00e3o da sociedade atrav\u00e9s da divis\u00e3o social do trabalho, que estava nascendo e se desenvolvendo. Ao estabelecer a solidariedade atrav\u00e9s das regulamenta\u00e7\u00f5es, os diversos atores envolvidos poderiam se expressar sem entrar em conflitos.<\/p>\n\n\n\n<p>Apontava que Marx cometeu um grande equ\u00edvoco ao achar que a economia era o que estruturava a organiza\u00e7\u00e3o entre os homens. Na concep\u00e7\u00e3o durkheimiana, o Mercado n\u00e3o possui efeito aglutinador das rela\u00e7\u00f5es entre as pessoas.<\/p>\n\n\n\n<p>\u00c9mile Durkheim vai fazer an\u00e1lises sobre v\u00e1rias institui\u00e7\u00f5es de relev\u00e2ncia na sociedade contempor\u00e2nea como a fam\u00edlia, a escola e a religi\u00e3o. Todas elas s\u00e3o fatos sociais e contribuem com a coes\u00e3o e a integra\u00e7\u00e3o social, preparando o indiv\u00edduo para a vida coletiva, atrav\u00e9s de suas normas, regras e valores. A educa\u00e7\u00e3o ganha grande destaque em seu pensamento, porque ela exerce o fator moralizador por excel\u00eancia, libertando os indiv\u00edduos de vis\u00f5es ego\u00edstas e dos interesses materiais. \u00c9 atrav\u00e9s da educa\u00e7\u00e3o, principalmente, que h\u00e1 a prepara\u00e7\u00e3o dos indiv\u00edduos para integrar o grupo e dizer o que a sociedade espera das crian\u00e7as e jovens. Em resumo, \u00e9 a escola a principal transmissora dos valores, normas e regras sociais, a fim de estabelecer os la\u00e7os de solidariedade entre os homens.<\/p>\n\n\n\n<h2 class=\"wp-block-heading\"><strong>\u00c9 poss\u00edvel utilizar as reflex\u00f5es de Durkheim na reda\u00e7\u00e3o?<\/strong><\/h2>\n\n\n\n<p>Com certeza! Veja o exemplo de uma reda\u00e7\u00e3o considerada nota 1.000 no ano de 2014, cujo tema foi \u201cPublicidade Infantil\u201d.<\/p>\n\n\n\n<blockquote class=\"wp-block-quote is-layout-flow wp-block-quote-is-layout-flow\"><p>&nbsp; &nbsp; &nbsp; &nbsp; &nbsp; &nbsp; &#8220;De acordo com o soci\u00f3logo \u00c9mile Durkheim, \u00e9 na inf\u00e2ncia que os indiv\u00edduos passam pelo processo de socializa\u00e7\u00e3o, ou seja, adquirem os valores morais e \u00e9ticos da sociedade em que se encontram. Se, neste per\u00edodo, a crian\u00e7a for borbadeada por uma s\u00e9rie de propagandas ideol\u00f3gicas, ela pensar\u00e1 que a felicidade s\u00f3 pode ser alcan\u00e7ada ao lanchar em determinado restaurante, ao adquirir determiado brinquedo ou ao vestir determinadas roupas. H\u00e1, portanto, a necessidade de banir quaisquer tipos de publicidade que utilizem a ingenuidade infantil para a obten\u00e7\u00e3o de uma maior mercado consumidor&#8221;.<\/p><\/blockquote>\n\n\n\n<p>Fonte: Manual de Reda\u00e7\u00e3o do ENEM, 2016, p.48. Reda\u00e7\u00e3o do aluno Douglas Mansur Guerra. <\/p>\n\n\n\n<p>Referente \u00e0 cita\u00e7\u00e3o, confira o coment\u00e1rio da banca examinadora da reda\u00e7\u00e3o:<\/p>\n\n\n\n<blockquote class=\"wp-block-quote is-layout-flow wp-block-quote-is-layout-flow\"><p>&nbsp;&#8220;O participante desenvolve o tema apresentado no enunciado da prova, lan\u00e7ando m\u00e3o de argumenta\u00e7\u00e3o consistente, pautada por repert\u00f3rio sociocultural produtivo, haja vista a refer\u00eancia adequada \u00e0 \u00c9mile Durkheim [&#8230;]&#8221;<\/p><\/blockquote>\n\n\n\n<p>Fonte: Manual de Reda\u00e7\u00e3o do ENEM, 2016, p.49. Reda\u00e7\u00e3o do aluno Douglas Mansur Guerra.<\/p>\n\n\n\n<h2 class=\"wp-block-heading\"><strong>Exemplo de como o ENEM cobrou o conte\u00fado referente a Durkheim<\/strong><\/h2>\n\n\n\n<p>ENEM 2016:<\/p>\n\n\n\n<p>A sociologia ainda n\u00e3o ultrapassou a era das constru\u00e7\u00f5es e das s\u00ednteses filos\u00f3ficas. Em vez de assumir a tarefa de lan\u00e7ar luz sobre uma parcela restrita do campo social, ela prefere buscar as brilhantes generalidades em que todas as quest\u00f5es s\u00e3o levantadas sem que nenhuma seja expressamente tratada. N\u00e3o \u00e9 com exames sum\u00e1rios e por meio de intui\u00e7\u00f5es r\u00e1pidas que se pode chegar a descobrir as leis de uma realidade t\u00e3o complexa. Sobretudo, generaliza\u00e7\u00f5es \u00e0s vezes t\u00e3o amplas e t\u00e3o apressadas n\u00e3o s\u00e3o suscet\u00edveis de nenhum tipo de prova.<\/p>\n\n\n\n<p>DURKHEIM, E. O suic\u00eddio: estudo de sociologia. S\u00e3o Paulo: Martins Fontes, 2000.<\/p>\n\n\n\n<p>O texto expressa o esfor\u00e7o de \u00c9mile Durkheim em construir uma sociologia com base na<br \/>A vincula\u00e7\u00e3o coma &nbsp;filosofia como saber unificado.<br \/>B reuni\u00e3o de percep\u00e7\u00f5es intuitivas para demonstra\u00e7\u00e3o.<br \/>C formula\u00e7\u00e3o de hip\u00f3teses subjetivas sobre a vida social.<br \/>D ades\u00e3o aos padr\u00f5es de investiga\u00e7\u00e3o t\u00edpicos das ci\u00eancias naturais.<br \/>E incorpora\u00e7\u00e3o de um conhecimento alimentado pelo engajamento pol\u00edtico.<\/p>\n\n\n\n<p>An\u00e1lise: \u00c9mile Durkheim, fundador da Sociologia como disciplina acad\u00eamica sofreu influ\u00eancia do positivismo de August Comte. Para eles, a Sociologia precisa descobrir leis explicativas para o funcionamento da sociedade. Para isso, o m\u00e9todo cient\u00edfico deveria ser semelhante \u00e0quele adotado pelas ci\u00eancias naturais. Portanto, a alternativa correta \u00e9 a D.<\/p>\n\n\n\n<p>[A] Durkheim prop\u00f5e uma ci\u00eancia pr\u00f3pria para a Sociologia, com m\u00e9todo espec\u00edficos, portanto, separada da Filosofia.<\/p>\n\n\n\n<p>[B] Defendia m\u00e9todos objetivos, semelhantes \u00e0queles das Ci\u00eancias Naturais, fundamentados em observa\u00e7\u00e3o rigorosa.<\/p>\n\n\n\n<p>[C] Argumentava a objetividade da Sociologia, a partir da an\u00e1lise dos fatos sociais.<\/p>\n\n\n\n<p>[E] N\u00e3o faz parte do pensamento sociol\u00f3gico de Durkheim. O conhecimento n\u00e3o se d\u00e1 a partir do engajamento pol\u00edtico, mas sim atrav\u00e9s do uso de m\u00e9todo para conhecer a realidade social.<\/p>\n\n\n<p><span style=\"font-size: 16px;\">Se gostou do artigo e pensa que ele poder\u00e1 contribuir com sua prepara\u00e7\u00e3o para o ENEM e para Concursos, deixe aqui o seu coment\u00e1rio, se inscreva em nossas redes sociais (ver abaixo) e compartilhe o material com os seus amigos :)<\/span><\/p>\n<p><strong>Quem sou eu?<\/strong><\/p>\n<p>Sou o Professor Raphael Reis. Para quem ainda n\u00e3o me conhece, fica aqui uma breve apresenta\u00e7\u00e3o: sou Professor do Estrat\u00e9gia Concursos desde 2016 e leciono os seguintes conte\u00fados: Reda\u00e7\u00e3o (macroestrutura), Hist\u00f3ria, Filosofia e Sociologia. Fiz minha gradua\u00e7\u00e3o em Hist\u00f3ria (UFJF), especializa\u00e7\u00e3o em Pol\u00edticas P\u00fablicas e Gest\u00e3o Social (UFJF) e mestrado em Sociologia da Educa\u00e7\u00e3o (UFJF).<\/p>\n<p><!-- \/wp:post-content --><!-- wp:paragraph --><\/p>\n<p>Nos \u00faltimos anos tenho me especializado na parte de macroestrutura da<br \/>reda\u00e7\u00e3o. Ao perceber que a grande dificuldade dos candidatos \u00e9 desenvolver argumentos bem fundamentados, criei o curso in\u00e9dito e inovador de <a href=\"https:\/\/www.estrategiaconcursos.com.br\/curso\/ciencias-humanas-para-redacao-2019\/\">Ci\u00eancias Humanas para Reda\u00e7\u00e3o<\/a>, que j\u00e1 atendeu milhares de alunos e t\u00eam contribu\u00eddo decisivamente para a melhoria das notas. Sou autor do e-book 15 conceitos para mandar bem na reda\u00e7\u00e3o da FCC.<\/p>\n<p>Haaa, d\u00e1 aquela moral ao prof! Siga-me no Instagram (@profraphaelreis) e YouTube (Professor Raphael Reis)<\/p>\n<p><strong>Nossos Cursos:<\/strong><\/p>\n<p><a href=\"https:\/\/www.estrategiaconcursos.com.br\/curso\/ciencias-humanas-para-redacao-2019\/\">Ci\u00eancias Humanas para Reda\u00e7\u00e3o<\/a><\/p>\n<p><a href=\"https:\/\/www.estrategiaconcursos.com.br\/curso\/redacao-p-enem-2019\/\">Reda\u00e7\u00e3o ENEM 2019<\/a><\/p>\n<p>ENEM 2019<\/p>\n<p><span style=\"font-size: 16px;\"><strong>Contatos<\/strong>:<\/span><\/p>\n<p><span style=\"font-size: 16px;\">Telegram: t.me\/profraphaelreis<\/span><\/p>\n<p><span style=\"font-size: 16px;\">Instagram: profraphaelreis<\/span><\/p>\n<p><span style=\"font-size: 16px;\">Youtube: <a href=\"https:\/\/www.youtube.com\/user\/donraphaelreis25\">Professor Raphael Reis<\/a><\/span><\/p>\n<p><span style=\"float: none; background-color: #ffffff; color: #191e23; cursor: text; font-family: 'Noto Serif'; font-size: 16px; font-style: normal; font-variant: normal; font-weight: 400; letter-spacing: normal; text-align: left; text-decoration: none; text-indent: 0px; text-transform: none;\">Site: www.professorraphaelreis.com.br<\/span>%MCEPASTEBIN%<\/p>\n<p><span style=\"font-size: 14pt;\"><strong>Quer receber materiais gratuitos e avisos de aul\u00f5es?<\/strong><\/span><\/p>\n<p><span style=\"font-size: 14pt;\">Fa\u00e7a o cadastro de seu e-mail <a href=\"https:\/\/goo.gl\/forms\/1b8OkSZVFkvc22Sx1\">AQUI<\/a><\/span><\/p>","protected":false},"excerpt":{"rendered":"<p>A Sociologia de \u00c9mile Durkheim Ol\u00e1, Estrategianos, tudo em paz? Neste artigo, vamos aprofundar os conceitos sociol\u00f3gicos do pensamento de \u00c9mile Durkheim, autor cl\u00e1ssico da Sociologia, que sempre aparece em quest\u00f5es do ENEM e de alguns concursos. Tamb\u00e9m vamos analisar a possibilidade de utilizar suas reflex\u00f5es na composi\u00e7\u00e3o de uma reda\u00e7\u00e3o, por meio de um [&hellip;]<\/p>\n","protected":false},"author":384,"featured_media":391569,"comment_status":"open","ping_status":"open","sticky":false,"template":"","format":"standard","meta":{"post_tipo":"article","footnotes":""},"categories":[1],"tags":[2507,646,2508,786,1008,2425],"tax_estado":[],"class_list":["post-67334","post","type-post","status-publish","format-standard","has-post-thumbnail","hentry","category-cursos-e-concursos","tag-autores-classicos","tag-concursos","tag-emile-durkheim","tag-enem","tag-redacao","tag-sociologia"],"acf":[],"yoast_head":"<!-- This site is optimized with the Yoast SEO Premium plugin v27.2 (Yoast SEO v27.2) - https:\/\/yoast.com\/product\/yoast-seo-premium-wordpress\/ -->\n<title>\u00c9mile Durkheim: sociologia para ENEM, Concursos e Vestibulares<\/title>\n<meta name=\"description\" content=\"Saiba tudo sobre \u00c9mile Durkheim e a sociologia de Durkheim e prepare-se para o ENEM com Estrat\u00e9gia! Sempre aparece em quest\u00f5es do ENEM e concursos!\" \/>\n<meta name=\"robots\" content=\"index, follow, max-snippet:-1, max-image-preview:large, max-video-preview:-1\" \/>\n<link rel=\"canonical\" href=\"https:\/\/www.estrategiaconcursos.com.br\/blog\/emile-durkheim\/\" \/>\n<meta property=\"og:locale\" content=\"pt_BR\" \/>\n<meta property=\"og:type\" content=\"article\" \/>\n<meta property=\"og:title\" content=\"\u00c9mile Durkheim: sociologia para ENEM, Concursos e Vestibulares\" \/>\n<meta property=\"og:description\" content=\"Saiba tudo sobre \u00c9mile Durkheim e a sociologia de Durkheim e prepare-se para o ENEM com Estrat\u00e9gia! Sempre aparece em quest\u00f5es do ENEM e concursos!\" \/>\n<meta property=\"og:url\" content=\"https:\/\/www.estrategiaconcursos.com.br\/blog\/emile-durkheim\/\" \/>\n<meta property=\"og:site_name\" content=\"Estrat\u00e9gia Concursos\" \/>\n<meta property=\"article:published_time\" content=\"2019-09-15T14:25:27+00:00\" \/>\n<meta property=\"article:modified_time\" content=\"2020-09-09T18:11:50+00:00\" \/>\n<meta property=\"og:image\" content=\"https:\/\/dhg1h5j42swfq.cloudfront.net\/2019\/06\/25235931\/Captura-de-Tela-2019-06-25-a%CC%80s-23.59.13.png\" \/>\n\t<meta property=\"og:image:width\" content=\"434\" \/>\n\t<meta property=\"og:image:height\" content=\"618\" \/>\n\t<meta property=\"og:image:type\" content=\"image\/png\" \/>\n<meta name=\"author\" content=\"Raphael de Oliveira Reis\" \/>\n<meta name=\"twitter:card\" content=\"summary_large_image\" \/>\n<meta name=\"twitter:creator\" content=\"@EstratConcursos\" \/>\n<meta name=\"twitter:site\" content=\"@EstratConcursos\" \/>\n<meta name=\"twitter:label1\" content=\"Escrito por\" \/>\n\t<meta name=\"twitter:data1\" content=\"Raphael de Oliveira Reis\" \/>\n\t<meta name=\"twitter:label2\" content=\"Est. tempo de leitura\" \/>\n\t<meta name=\"twitter:data2\" content=\"12 minutos\" \/>\n<script type=\"application\/ld+json\" class=\"yoast-schema-graph\">{\"@context\":\"https:\/\/schema.org\",\"@graph\":[{\"@type\":\"NewsArticle\",\"@id\":\"https:\/\/www.estrategiaconcursos.com.br\/blog\/emile-durkheim\/#article\",\"isPartOf\":{\"@id\":\"https:\/\/www.estrategiaconcursos.com.br\/blog\/emile-durkheim\/\"},\"author\":{\"name\":\"Raphael de Oliveira Reis\",\"@id\":\"https:\/\/www.estrategiaconcursos.com.br\/blog\/#\/schema\/person\/b49a1a49e5ef8a9f8d3268e74404a911\"},\"headline\":\"\u00c9mile Durkheim: sociologia para ENEM, Concursos e Vestibulares\",\"datePublished\":\"2019-09-15T14:25:27+00:00\",\"dateModified\":\"2020-09-09T18:11:50+00:00\",\"mainEntityOfPage\":{\"@id\":\"https:\/\/www.estrategiaconcursos.com.br\/blog\/emile-durkheim\/\"},\"wordCount\":2320,\"commentCount\":12,\"publisher\":{\"@id\":\"https:\/\/www.estrategiaconcursos.com.br\/blog\/#organization\"},\"image\":{\"@id\":\"https:\/\/www.estrategiaconcursos.com.br\/blog\/emile-durkheim\/#primaryimage\"},\"thumbnailUrl\":\"https:\/\/dhg1h5j42swfq.cloudfront.net\/2019\/06\/25235931\/Captura-de-Tela-2019-06-25-a%CC%80s-23.59.13.png\",\"keywords\":[\"Autores Cl\u00e1ssicos\",\"concursos\",\"\u00c9mile Durkheim\",\"ENEM\",\"reda\u00e7\u00e3o\",\"Sociologia\"],\"articleSection\":[\"Concursos P\u00fablicos\"],\"inLanguage\":\"pt-BR\",\"potentialAction\":[{\"@type\":\"CommentAction\",\"name\":\"Comment\",\"target\":[\"https:\/\/www.estrategiaconcursos.com.br\/blog\/emile-durkheim\/#respond\"]}],\"copyrightYear\":\"2019\",\"copyrightHolder\":{\"@id\":\"https:\/\/www.estrategiaconcursos.com.br\/blog\/#organization\"}},{\"@type\":\"WebPage\",\"@id\":\"https:\/\/www.estrategiaconcursos.com.br\/blog\/emile-durkheim\/\",\"url\":\"https:\/\/www.estrategiaconcursos.com.br\/blog\/emile-durkheim\/\",\"name\":\"\u00c9mile Durkheim: sociologia para ENEM, Concursos e Vestibulares\",\"isPartOf\":{\"@id\":\"https:\/\/www.estrategiaconcursos.com.br\/blog\/#website\"},\"primaryImageOfPage\":{\"@id\":\"https:\/\/www.estrategiaconcursos.com.br\/blog\/emile-durkheim\/#primaryimage\"},\"image\":{\"@id\":\"https:\/\/www.estrategiaconcursos.com.br\/blog\/emile-durkheim\/#primaryimage\"},\"thumbnailUrl\":\"https:\/\/dhg1h5j42swfq.cloudfront.net\/2019\/06\/25235931\/Captura-de-Tela-2019-06-25-a%CC%80s-23.59.13.png\",\"datePublished\":\"2019-09-15T14:25:27+00:00\",\"dateModified\":\"2020-09-09T18:11:50+00:00\",\"description\":\"Saiba tudo sobre \u00c9mile Durkheim e a sociologia de Durkheim e prepare-se para o ENEM com Estrat\u00e9gia! Sempre aparece em quest\u00f5es do ENEM e concursos!\",\"breadcrumb\":{\"@id\":\"https:\/\/www.estrategiaconcursos.com.br\/blog\/emile-durkheim\/#breadcrumb\"},\"inLanguage\":\"pt-BR\",\"potentialAction\":[{\"@type\":\"ReadAction\",\"target\":[\"https:\/\/www.estrategiaconcursos.com.br\/blog\/emile-durkheim\/\"]}]},{\"@type\":\"ImageObject\",\"inLanguage\":\"pt-BR\",\"@id\":\"https:\/\/www.estrategiaconcursos.com.br\/blog\/emile-durkheim\/#primaryimage\",\"url\":\"https:\/\/dhg1h5j42swfq.cloudfront.net\/2019\/06\/25235931\/Captura-de-Tela-2019-06-25-a%CC%80s-23.59.13.png\",\"contentUrl\":\"https:\/\/dhg1h5j42swfq.cloudfront.net\/2019\/06\/25235931\/Captura-de-Tela-2019-06-25-a%CC%80s-23.59.13.png\",\"width\":434,\"height\":618,\"caption\":\"Sociologia de Durkheim\"},{\"@type\":\"BreadcrumbList\",\"@id\":\"https:\/\/www.estrategiaconcursos.com.br\/blog\/emile-durkheim\/#breadcrumb\",\"itemListElement\":[{\"@type\":\"ListItem\",\"position\":1,\"name\":\"In\u00edcio\",\"item\":\"https:\/\/www.estrategiaconcursos.com.br\/blog\/\"},{\"@type\":\"ListItem\",\"position\":2,\"name\":\"\u00c9mile Durkheim: sociologia para ENEM, Concursos e Vestibulares\"}]},{\"@type\":\"WebSite\",\"@id\":\"https:\/\/www.estrategiaconcursos.com.br\/blog\/#website\",\"url\":\"https:\/\/www.estrategiaconcursos.com.br\/blog\/\",\"name\":\"Estrat\u00e9gia Concursos\",\"description\":\"O blog da Estrat\u00e9gia Concursos traz not\u00edcias sobre concursos e artigos de professores oferecendo cursos para concursos (pdf + videaulas) no site.\",\"publisher\":{\"@id\":\"https:\/\/www.estrategiaconcursos.com.br\/blog\/#organization\"},\"potentialAction\":[{\"@type\":\"SearchAction\",\"target\":{\"@type\":\"EntryPoint\",\"urlTemplate\":\"https:\/\/www.estrategiaconcursos.com.br\/blog\/?s={search_term_string}\"},\"query-input\":{\"@type\":\"PropertyValueSpecification\",\"valueRequired\":true,\"valueName\":\"search_term_string\"}}],\"inLanguage\":\"pt-BR\"},{\"@type\":\"Organization\",\"@id\":\"https:\/\/www.estrategiaconcursos.com.br\/blog\/#organization\",\"name\":\"Estrat\u00e9gia Concursos\",\"url\":\"https:\/\/www.estrategiaconcursos.com.br\/blog\/\",\"logo\":{\"@type\":\"ImageObject\",\"inLanguage\":\"pt-BR\",\"@id\":\"https:\/\/www.estrategiaconcursos.com.br\/blog\/#\/schema\/logo\/image\/\",\"url\":\"https:\/\/dhg1h5j42swfq.cloudfront.net\/2025\/06\/03203428\/logo_concursos-1.jpg\",\"contentUrl\":\"https:\/\/dhg1h5j42swfq.cloudfront.net\/2025\/06\/03203428\/logo_concursos-1.jpg\",\"width\":230,\"height\":60,\"caption\":\"Estrat\u00e9gia Concursos\"},\"image\":{\"@id\":\"https:\/\/www.estrategiaconcursos.com.br\/blog\/#\/schema\/logo\/image\/\"},\"sameAs\":[\"https:\/\/x.com\/EstratConcursos\"]},{\"@type\":\"Person\",\"@id\":\"https:\/\/www.estrategiaconcursos.com.br\/blog\/#\/schema\/person\/b49a1a49e5ef8a9f8d3268e74404a911\",\"name\":\"Raphael de Oliveira Reis\",\"image\":{\"@type\":\"ImageObject\",\"inLanguage\":\"pt-BR\",\"@id\":\"https:\/\/secure.gravatar.com\/avatar\/b1c5789180fc7bfb5103ec006c301370c02393e37aa13c55f6d72f05fcc76b3b?s=96&d=mm&r=g\",\"url\":\"https:\/\/secure.gravatar.com\/avatar\/b1c5789180fc7bfb5103ec006c301370c02393e37aa13c55f6d72f05fcc76b3b?s=96&d=mm&r=g\",\"contentUrl\":\"https:\/\/secure.gravatar.com\/avatar\/b1c5789180fc7bfb5103ec006c301370c02393e37aa13c55f6d72f05fcc76b3b?s=96&d=mm&r=g\",\"caption\":\"Raphael de Oliveira Reis\"},\"url\":\"https:\/\/www.estrategiaconcursos.com.br\/blog\/author\/profraphaelreisgmail-com\/\"}]}<\/script>\n<!-- \/ Yoast SEO Premium plugin. -->","yoast_head_json":{"title":"\u00c9mile Durkheim: sociologia para ENEM, Concursos e Vestibulares","description":"Saiba tudo sobre \u00c9mile Durkheim e a sociologia de Durkheim e prepare-se para o ENEM com Estrat\u00e9gia! Sempre aparece em quest\u00f5es do ENEM e concursos!","robots":{"index":"index","follow":"follow","max-snippet":"max-snippet:-1","max-image-preview":"max-image-preview:large","max-video-preview":"max-video-preview:-1"},"canonical":"https:\/\/www.estrategiaconcursos.com.br\/blog\/emile-durkheim\/","og_locale":"pt_BR","og_type":"article","og_title":"\u00c9mile Durkheim: sociologia para ENEM, Concursos e Vestibulares","og_description":"Saiba tudo sobre \u00c9mile Durkheim e a sociologia de Durkheim e prepare-se para o ENEM com Estrat\u00e9gia! Sempre aparece em quest\u00f5es do ENEM e concursos!","og_url":"https:\/\/www.estrategiaconcursos.com.br\/blog\/emile-durkheim\/","og_site_name":"Estrat\u00e9gia Concursos","article_published_time":"2019-09-15T14:25:27+00:00","article_modified_time":"2020-09-09T18:11:50+00:00","og_image":[{"width":434,"height":618,"url":"https:\/\/dhg1h5j42swfq.cloudfront.net\/2019\/06\/25235931\/Captura-de-Tela-2019-06-25-a%CC%80s-23.59.13.png","type":"image\/png"}],"author":"Raphael de Oliveira Reis","twitter_card":"summary_large_image","twitter_creator":"@EstratConcursos","twitter_site":"@EstratConcursos","twitter_misc":{"Escrito por":"Raphael de Oliveira Reis","Est. tempo de leitura":"12 minutos"},"schema":{"@context":"https:\/\/schema.org","@graph":[{"@type":"NewsArticle","@id":"https:\/\/www.estrategiaconcursos.com.br\/blog\/emile-durkheim\/#article","isPartOf":{"@id":"https:\/\/www.estrategiaconcursos.com.br\/blog\/emile-durkheim\/"},"author":{"name":"Raphael de Oliveira Reis","@id":"https:\/\/www.estrategiaconcursos.com.br\/blog\/#\/schema\/person\/b49a1a49e5ef8a9f8d3268e74404a911"},"headline":"\u00c9mile Durkheim: sociologia para ENEM, Concursos e Vestibulares","datePublished":"2019-09-15T14:25:27+00:00","dateModified":"2020-09-09T18:11:50+00:00","mainEntityOfPage":{"@id":"https:\/\/www.estrategiaconcursos.com.br\/blog\/emile-durkheim\/"},"wordCount":2320,"commentCount":12,"publisher":{"@id":"https:\/\/www.estrategiaconcursos.com.br\/blog\/#organization"},"image":{"@id":"https:\/\/www.estrategiaconcursos.com.br\/blog\/emile-durkheim\/#primaryimage"},"thumbnailUrl":"https:\/\/dhg1h5j42swfq.cloudfront.net\/2019\/06\/25235931\/Captura-de-Tela-2019-06-25-a%CC%80s-23.59.13.png","keywords":["Autores Cl\u00e1ssicos","concursos","\u00c9mile Durkheim","ENEM","reda\u00e7\u00e3o","Sociologia"],"articleSection":["Concursos P\u00fablicos"],"inLanguage":"pt-BR","potentialAction":[{"@type":"CommentAction","name":"Comment","target":["https:\/\/www.estrategiaconcursos.com.br\/blog\/emile-durkheim\/#respond"]}],"copyrightYear":"2019","copyrightHolder":{"@id":"https:\/\/www.estrategiaconcursos.com.br\/blog\/#organization"}},{"@type":"WebPage","@id":"https:\/\/www.estrategiaconcursos.com.br\/blog\/emile-durkheim\/","url":"https:\/\/www.estrategiaconcursos.com.br\/blog\/emile-durkheim\/","name":"\u00c9mile Durkheim: sociologia para ENEM, Concursos e Vestibulares","isPartOf":{"@id":"https:\/\/www.estrategiaconcursos.com.br\/blog\/#website"},"primaryImageOfPage":{"@id":"https:\/\/www.estrategiaconcursos.com.br\/blog\/emile-durkheim\/#primaryimage"},"image":{"@id":"https:\/\/www.estrategiaconcursos.com.br\/blog\/emile-durkheim\/#primaryimage"},"thumbnailUrl":"https:\/\/dhg1h5j42swfq.cloudfront.net\/2019\/06\/25235931\/Captura-de-Tela-2019-06-25-a%CC%80s-23.59.13.png","datePublished":"2019-09-15T14:25:27+00:00","dateModified":"2020-09-09T18:11:50+00:00","description":"Saiba tudo sobre \u00c9mile Durkheim e a sociologia de Durkheim e prepare-se para o ENEM com Estrat\u00e9gia! Sempre aparece em quest\u00f5es do ENEM e concursos!","breadcrumb":{"@id":"https:\/\/www.estrategiaconcursos.com.br\/blog\/emile-durkheim\/#breadcrumb"},"inLanguage":"pt-BR","potentialAction":[{"@type":"ReadAction","target":["https:\/\/www.estrategiaconcursos.com.br\/blog\/emile-durkheim\/"]}]},{"@type":"ImageObject","inLanguage":"pt-BR","@id":"https:\/\/www.estrategiaconcursos.com.br\/blog\/emile-durkheim\/#primaryimage","url":"https:\/\/dhg1h5j42swfq.cloudfront.net\/2019\/06\/25235931\/Captura-de-Tela-2019-06-25-a%CC%80s-23.59.13.png","contentUrl":"https:\/\/dhg1h5j42swfq.cloudfront.net\/2019\/06\/25235931\/Captura-de-Tela-2019-06-25-a%CC%80s-23.59.13.png","width":434,"height":618,"caption":"Sociologia de Durkheim"},{"@type":"BreadcrumbList","@id":"https:\/\/www.estrategiaconcursos.com.br\/blog\/emile-durkheim\/#breadcrumb","itemListElement":[{"@type":"ListItem","position":1,"name":"In\u00edcio","item":"https:\/\/www.estrategiaconcursos.com.br\/blog\/"},{"@type":"ListItem","position":2,"name":"\u00c9mile Durkheim: sociologia para ENEM, Concursos e Vestibulares"}]},{"@type":"WebSite","@id":"https:\/\/www.estrategiaconcursos.com.br\/blog\/#website","url":"https:\/\/www.estrategiaconcursos.com.br\/blog\/","name":"Estrat\u00e9gia Concursos","description":"O blog da Estrat\u00e9gia Concursos traz not\u00edcias sobre concursos e artigos de professores oferecendo cursos para concursos (pdf + videaulas) no site.","publisher":{"@id":"https:\/\/www.estrategiaconcursos.com.br\/blog\/#organization"},"potentialAction":[{"@type":"SearchAction","target":{"@type":"EntryPoint","urlTemplate":"https:\/\/www.estrategiaconcursos.com.br\/blog\/?s={search_term_string}"},"query-input":{"@type":"PropertyValueSpecification","valueRequired":true,"valueName":"search_term_string"}}],"inLanguage":"pt-BR"},{"@type":"Organization","@id":"https:\/\/www.estrategiaconcursos.com.br\/blog\/#organization","name":"Estrat\u00e9gia Concursos","url":"https:\/\/www.estrategiaconcursos.com.br\/blog\/","logo":{"@type":"ImageObject","inLanguage":"pt-BR","@id":"https:\/\/www.estrategiaconcursos.com.br\/blog\/#\/schema\/logo\/image\/","url":"https:\/\/dhg1h5j42swfq.cloudfront.net\/2025\/06\/03203428\/logo_concursos-1.jpg","contentUrl":"https:\/\/dhg1h5j42swfq.cloudfront.net\/2025\/06\/03203428\/logo_concursos-1.jpg","width":230,"height":60,"caption":"Estrat\u00e9gia Concursos"},"image":{"@id":"https:\/\/www.estrategiaconcursos.com.br\/blog\/#\/schema\/logo\/image\/"},"sameAs":["https:\/\/x.com\/EstratConcursos"]},{"@type":"Person","@id":"https:\/\/www.estrategiaconcursos.com.br\/blog\/#\/schema\/person\/b49a1a49e5ef8a9f8d3268e74404a911","name":"Raphael de Oliveira Reis","image":{"@type":"ImageObject","inLanguage":"pt-BR","@id":"https:\/\/secure.gravatar.com\/avatar\/b1c5789180fc7bfb5103ec006c301370c02393e37aa13c55f6d72f05fcc76b3b?s=96&d=mm&r=g","url":"https:\/\/secure.gravatar.com\/avatar\/b1c5789180fc7bfb5103ec006c301370c02393e37aa13c55f6d72f05fcc76b3b?s=96&d=mm&r=g","contentUrl":"https:\/\/secure.gravatar.com\/avatar\/b1c5789180fc7bfb5103ec006c301370c02393e37aa13c55f6d72f05fcc76b3b?s=96&d=mm&r=g","caption":"Raphael de Oliveira Reis"},"url":"https:\/\/www.estrategiaconcursos.com.br\/blog\/author\/profraphaelreisgmail-com\/"}]}},"_links":{"self":[{"href":"https:\/\/www.estrategiaconcursos.com.br\/blog\/wp-json\/wp\/v2\/posts\/67334","targetHints":{"allow":["GET"]}}],"collection":[{"href":"https:\/\/www.estrategiaconcursos.com.br\/blog\/wp-json\/wp\/v2\/posts"}],"about":[{"href":"https:\/\/www.estrategiaconcursos.com.br\/blog\/wp-json\/wp\/v2\/types\/post"}],"author":[{"embeddable":true,"href":"https:\/\/www.estrategiaconcursos.com.br\/blog\/wp-json\/wp\/v2\/users\/384"}],"replies":[{"embeddable":true,"href":"https:\/\/www.estrategiaconcursos.com.br\/blog\/wp-json\/wp\/v2\/comments?post=67334"}],"version-history":[{"count":22,"href":"https:\/\/www.estrategiaconcursos.com.br\/blog\/wp-json\/wp\/v2\/posts\/67334\/revisions"}],"predecessor-version":[{"id":569657,"href":"https:\/\/www.estrategiaconcursos.com.br\/blog\/wp-json\/wp\/v2\/posts\/67334\/revisions\/569657"}],"wp:featuredmedia":[{"embeddable":true,"href":"https:\/\/www.estrategiaconcursos.com.br\/blog\/wp-json\/wp\/v2\/media\/391569"}],"wp:attachment":[{"href":"https:\/\/www.estrategiaconcursos.com.br\/blog\/wp-json\/wp\/v2\/media?parent=67334"}],"wp:term":[{"taxonomy":"category","embeddable":true,"href":"https:\/\/www.estrategiaconcursos.com.br\/blog\/wp-json\/wp\/v2\/categories?post=67334"},{"taxonomy":"post_tag","embeddable":true,"href":"https:\/\/www.estrategiaconcursos.com.br\/blog\/wp-json\/wp\/v2\/tags?post=67334"},{"taxonomy":"tax_estado","embeddable":true,"href":"https:\/\/www.estrategiaconcursos.com.br\/blog\/wp-json\/wp\/v2\/tax_estado?post=67334"}],"curies":[{"name":"wp","href":"https:\/\/api.w.org\/{rel}","templated":true}]}}