{"id":672952,"date":"2021-02-20T12:54:00","date_gmt":"2021-02-20T15:54:00","guid":{"rendered":"https:\/\/www.estrategiaconcursos.com.br\/blog\/?p=672952"},"modified":"2021-02-19T13:32:17","modified_gmt":"2021-02-19T16:32:17","slug":"estatistica-cobranca-pf","status":"publish","type":"post","link":"https:\/\/www.estrategiaconcursos.com.br\/blog\/estatistica-cobranca-pf\/","title":{"rendered":"Estat\u00edstica de Cobran\u00e7a para PF: an\u00e1lise dos \u00faltimos anos"},"content":{"rendered":"\n<p><em>Veja a estat\u00edstica de cobran\u00e7a por mat\u00e9ria dos concursos aplicados pelo CESPE na \u00e1rea policial e saiba priorizar seu estudo para a PF<\/em><\/p>\n\n\n\n<p>Ol\u00e1, caros corujas! Tudo bem?<\/p>\n\n\n\n<p>A prova do concurso da Pol\u00edcia Federal est\u00e1 prevista para ser aplicada no dia 21\/03. Em vista disso, a equipe do Estrat\u00e9gia preparou uma importante an\u00e1lise estat\u00edstica relativa a cada mat\u00e9ria cobrada nos cargos de <strong>Agente, Escriv\u00e3o e<\/strong> <strong>Papiloscopista.<\/strong><\/p>\n\n\n\n<p>Por meio dessa an\u00e1lise estat\u00edstica, o candidato poder\u00e1 obter os elementos necess\u00e1rios para decidir se deve direcionar seus estudos aos assuntos mais relevantes e que possuem maior tend\u00eancia de cobran\u00e7a no pr\u00f3ximo certame da PF.<\/p>\n\n\n\n<p>Ainda assim, \u00e9 sabido que o candidato precisar\u00e1 estar afiado em todas mat\u00e9rias, j\u00e1 que, via de regra, por conta da concorr\u00eancia, a nota de corte tende a aumentar no decorrer dos anos.<\/p>\n\n\n\n<p>Na maior parte dos casos, o concursando dificilmente conseguir\u00e1 perpassar por todos os assuntos do edital com a devida profundidade, ou por conta da indisponibilidade de tempo ou pela grande quantidade de mat\u00e9rias exigidas.<\/p>\n\n\n\n<p>Desse modo, faremos uma an\u00e1lise estat\u00edstica de incid\u00eancia dos assuntos por mat\u00e9ria previstos no edital. Utilizamos como principal par\u00e2metro amostral, concursos da \u00e1rea policial de diversos anos.<\/p>\n\n\n\n<p>O material servir\u00e1 de base para que o candidato possa administrar melhor sua estrat\u00e9gia de estudo, possibilitando priorizar um assunto mais relevante em detrimento de outros, se assim julgar necess\u00e1rio.<\/p>\n\n\n\n<p>Ademais, \u00e9 essencial que os alunos mais avan\u00e7ados ponderem entre a necessidade de priorizar o que \u00e9 mais exigido nas provas ou optar pelas defici\u00eancias de conte\u00fado, uma vez que assuntos j\u00e1 fixados podem ocupar o tempo de outros que ainda podem ser aprimorados.<\/p>\n\n\n\n<figure class=\"wp-block-image size-large is-resized\"><img loading=\"lazy\" decoding=\"async\" src=\"https:\/\/dhg1h5j42swfq.cloudfront.net\/2021\/02\/16003617\/estatistica-de-cobranca-para-pf.jpg\" alt=\"\" class=\"wp-image-673213\" width=\"666\" height=\"346\" srcset=\"https:\/\/dhg1h5j42swfq.cloudfront.net\/2021\/02\/16003617\/estatistica-de-cobranca-para-pf.jpg 1024w, https:\/\/dhg1h5j42swfq.cloudfront.net\/2021\/02\/16003617\/estatistica-de-cobranca-para-pf-300x156.jpg 300w, https:\/\/dhg1h5j42swfq.cloudfront.net\/2021\/02\/16003617\/estatistica-de-cobranca-para-pf-610x318.jpg 610w\" sizes=\"auto, (max-width: 666px) 100vw, 666px\" \/><figcaption>Estat\u00edstica de Cobran\u00e7a para PF<\/figcaption><\/figure>\n\n\n\n<h2 class=\"wp-block-heading\" id=\"h-estat-stica-de-cobran-a-por-mat-ria-para-a-pf\">Estat\u00edstica de cobran\u00e7a por mat\u00e9ria para a PF<\/h2>\n\n\n\n<p>A partir de agora vamos analisar a estat\u00edstica de cobran\u00e7a da banca Cebraspe, com base nos assuntos previstos no edital, para cada mat\u00e9ria, referente aos cargos de Agente, Escriv\u00e3o e Papiloscopista da PF. <\/p>\n\n\n\n<p>Ordenamos conforme a incid\u00eancia, acrescentamos ainda as respectivas aulas de refer\u00eancia de cada assunto. Dessa forma, o aluno do Estrat\u00e9gia poder\u00e1 localiz\u00e1-la em seu curso.<\/p>\n\n\n\n<h3 class=\"wp-block-heading\">Portugu\u00eas &#8211; Estat\u00edstica de cobran\u00e7a para Agente, Escriv\u00e3o e Papiloscopista da PF<\/h3>\n\n\n\n<p>Utilizou-se como par\u00e2metro, concursos da \u00e1rea Policial dos anos de 2013 a 2020. O assunto mais cobrado pelo Cebraspe em Portugu\u00eas foi <strong>&#8220;Compreens\u00e3o e interpreta\u00e7\u00e3o de textos de g\u00eaneros variados&#8221;<\/strong>, seguido por<strong> &#8220;Reescrita de frases e par\u00e1grafos no texto&#8221;<\/strong>; juntos, os dois assuntos representaram <strong>48,51% <\/strong>do total<strong> <\/strong>de quest\u00f5es do per\u00edodo.<\/p>\n\n\n\n<p>Os assuntos seguintes, somados, representaram <strong>37,82% do total <\/strong>de quest\u00f5es, com relev\u00e2ncia intermedi\u00e1ria:<\/p>\n\n\n\n<ul class=\"wp-block-list\"><li><strong>Dom\u00ednio dos mecanismos de coes\u00e3o textual; <\/strong><\/li><li><strong>Dom\u00ednio da estrutura morfossint\u00e1tica do per\u00edodo; <\/strong><\/li><li><strong>Emprego dos sinais de pontua\u00e7\u00e3o; <\/strong><\/li><li><strong>Emprego das classes de palavras<\/strong>;<\/li><li><strong>Correspond\u00eancia oficial<\/strong>.<\/li><\/ul>\n\n\n\n<figure class=\"wp-block-image size-large is-resized\"><img loading=\"lazy\" decoding=\"async\" src=\"https:\/\/dhg1h5j42swfq.cloudfront.net\/2021\/02\/16110911\/portugues-2.png\" alt=\"\" class=\"wp-image-673309\" width=\"931\" height=\"480\" srcset=\"https:\/\/dhg1h5j42swfq.cloudfront.net\/2021\/02\/16110911\/portugues-2.png 961w, https:\/\/dhg1h5j42swfq.cloudfront.net\/2021\/02\/16110911\/portugues-2-300x155.png 300w, https:\/\/dhg1h5j42swfq.cloudfront.net\/2021\/02\/16110911\/portugues-2-768x396.png 768w, https:\/\/dhg1h5j42swfq.cloudfront.net\/2021\/02\/16110911\/portugues-2-610x315.png 610w\" sizes=\"auto, (max-width: 931px) 100vw, 931px\" \/><\/figure>\n\n\n\n<h3 class=\"wp-block-heading\">Direito Administrativo &#8211; Agente, Escriv\u00e3o e Papiloscopista<\/h3>\n\n\n\n<p>A estat\u00edstica de cobran\u00e7a em Direito Administrativo teve como par\u00e2metros os concursos da PF e PRF, entre 2004 e 2019. Os cinco primeiros assuntos da tabela montam <strong>59,63%<\/strong> do total de quest\u00f5es de Direito Administrativo: <\/p>\n\n\n\n<ul class=\"wp-block-list\"><li><strong>Agentes p\u00fablicos; <\/strong><\/li><li><strong>Lei n\u00ba 8.112\/1990 e suas altera\u00e7\u00f5es; <\/strong><\/li><li><strong>Poderes Hier\u00e1rquico, disciplinar, regulamentar e de pol\u00edcia; <\/strong><\/li><li><strong>Princ\u00edpios expressos e impl\u00edcitos da Administra\u00e7\u00e3o P\u00fablica; Autarquias, funda\u00e7\u00f5es, empresas p\u00fablicas e sociedades de economia mista.&#8221;<\/strong><\/li><\/ul>\n\n\n\n<p>Demais assuntos com incid\u00eancia consider\u00e1vel, perfizeram <strong>25,69<\/strong>% do total de quest\u00f5es analisadas: <\/p>\n\n\n\n<ul class=\"wp-block-list\"><li><strong>Conceito, requisitos, atributos, classifica\u00e7\u00e3o e esp\u00e9cies;<\/strong><\/li><li><strong> Responsabilidade por ato comissivo do Estado;<\/strong><\/li><li><strong>Centraliza\u00e7\u00e3o, descentraliza\u00e7\u00e3o, concentra\u00e7\u00e3o e desconcentra\u00e7\u00e3o; <\/strong><\/li><li><strong>Ato administrativo; <\/strong><\/li><li><strong>Contrata\u00e7\u00e3o direta: dispensa e inexigibilidade. <\/strong><\/li><\/ul>\n\n\n\n<figure class=\"wp-block-image size-large is-resized\"><img loading=\"lazy\" decoding=\"async\" src=\"https:\/\/dhg1h5j42swfq.cloudfront.net\/2021\/02\/15162006\/direito-adm.png\" alt=\"Estat\u00edstica de cobran\u00e7a para PF \" class=\"wp-image-673069\" width=\"980\" height=\"755\" srcset=\"https:\/\/dhg1h5j42swfq.cloudfront.net\/2021\/02\/15162006\/direito-adm.png 938w, https:\/\/dhg1h5j42swfq.cloudfront.net\/2021\/02\/15162006\/direito-adm-300x231.png 300w, https:\/\/dhg1h5j42swfq.cloudfront.net\/2021\/02\/15162006\/direito-adm-768x592.png 768w, https:\/\/dhg1h5j42swfq.cloudfront.net\/2021\/02\/15162006\/direito-adm-610x470.png 610w\" sizes=\"auto, (max-width: 980px) 100vw, 980px\" \/><\/figure>\n\n\n\n<h3 class=\"wp-block-heading\" id=\"h-direito-constitucional-agente-escriv-o-e-papiloscopista\">Direito Constitucional &#8211; Agente, Escriv\u00e3o e Papiloscopista<\/h3>\n\n\n\n<p>A estat\u00edstica de cobran\u00e7a em Direito Constitucional, teve como par\u00e2metros os concursos da PF e PRF de 2004 a 2019. Nota-se que dois dos assuntos, corresponderam \u00e0 maior parte do conte\u00fado, equivalendo a <strong>75,25%<\/strong> do total.  S\u00e3o os seguintes: <\/p>\n\n\n\n<ul class=\"wp-block-list\"><li><strong>Direitos e garantias fundamentais: direitos e deveres individuais e coletivos; direito \u00e0 vida, \u00e0 liberdade, \u00e0 igualdade, \u00e0 seguran\u00e7a e \u00e0 propriedade; direitos sociais; nacionalidade; cidadania e direitos pol\u00edticos; partidos pol\u00edticos; garantias constitucionais individuais; garantias dos direitos coletivos, sociais e pol\u00edticos. <\/strong><\/li><li><strong>Defesa do Estado e das institui\u00e7\u00f5es democr\u00e1ticas: seguran\u00e7a p\u00fablica; organiza\u00e7\u00e3o da seguran\u00e7a p\u00fablica. <\/strong><\/li><\/ul>\n\n\n\n<p>Os demais assuntos, de menor incid\u00eancia, fecharam o restante da mat\u00e9ria com <strong>24,75%<\/strong> do total:<\/p>\n\n\n\n<ul class=\"wp-block-list\"><li><strong>Ordem social: base e objetivos da ordem social; seguridade social; meio ambiente; fam\u00edlia, crian\u00e7a, adolescente, idoso, \u00edndio. <\/strong><\/li><li><strong>Poder Executivo: forma e sistema de governo; chefia de Estado e chefia de governo.<\/strong><\/li><\/ul>\n\n\n\n<figure class=\"wp-block-image size-large is-resized\"><img loading=\"lazy\" decoding=\"async\" src=\"https:\/\/dhg1h5j42swfq.cloudfront.net\/2021\/02\/16111145\/direito-constitucional-4.png\" alt=\"\" class=\"wp-image-673311\" width=\"957\" height=\"271\" srcset=\"https:\/\/dhg1h5j42swfq.cloudfront.net\/2021\/02\/16111145\/direito-constitucional-4.png 980w, https:\/\/dhg1h5j42swfq.cloudfront.net\/2021\/02\/16111145\/direito-constitucional-4-300x85.png 300w, https:\/\/dhg1h5j42swfq.cloudfront.net\/2021\/02\/16111145\/direito-constitucional-4-768x218.png 768w, https:\/\/dhg1h5j42swfq.cloudfront.net\/2021\/02\/16111145\/direito-constitucional-4-610x173.png 610w\" sizes=\"auto, (max-width: 957px) 100vw, 957px\" \/><\/figure>\n\n\n\n<h3 class=\"wp-block-heading\" id=\"h-direito-penal-agente-escriv-o-e-papiloscopista\">Direito Penal &#8211; Agente, Escriv\u00e3o e Papiloscopista<\/h3>\n\n\n\n<p>Nessa an\u00e1lise foram utilizadas quest\u00f5es da \u00c1rea Policial, no per\u00edodo de 2015 a 2020. Podemos considerar que os assuntos com maior relev\u00e2ncia em Direito Penal, s\u00e3o os que se seguem, com <strong>90,48%<\/strong> de incid\u00eancia em rela\u00e7\u00e3o ao total da amostra:<\/p>\n\n\n\n<ul class=\"wp-block-list\"><li><strong>A lei penal no tempo e no espa\u00e7o;<\/strong><\/li><li><strong>Crimes contra a pessoa<\/strong>;<\/li><li><strong>Crimes contra a Administra\u00e7\u00e3o P\u00fablica<\/strong>;<\/li><li><strong>Princ\u00edpios b\u00e1sicos<\/strong>;<\/li><li><strong>Crimes contra o patrim\u00f4nio; <\/strong><\/li><li><strong>Ilicitude e causas de exclus\u00e3o<\/strong>;<\/li><li><strong>Crime consumado e tentado<\/strong>.<\/li><\/ul>\n\n\n\n<figure class=\"wp-block-image size-large is-resized\"><img loading=\"lazy\" decoding=\"async\" src=\"https:\/\/dhg1h5j42swfq.cloudfront.net\/2021\/02\/15163522\/direito-penal-1.png\" alt=\"Estat\u00edstica de cobran\u00e7a para PF \" class=\"wp-image-673090\" width=\"859\" height=\"313\" srcset=\"https:\/\/dhg1h5j42swfq.cloudfront.net\/2021\/02\/15163522\/direito-penal-1.png 785w, https:\/\/dhg1h5j42swfq.cloudfront.net\/2021\/02\/15163522\/direito-penal-1-300x109.png 300w, https:\/\/dhg1h5j42swfq.cloudfront.net\/2021\/02\/15163522\/direito-penal-1-768x280.png 768w, https:\/\/dhg1h5j42swfq.cloudfront.net\/2021\/02\/15163522\/direito-penal-1-610x222.png 610w\" sizes=\"auto, (max-width: 859px) 100vw, 859px\" \/><\/figure>\n\n\n\n<h3 class=\"wp-block-heading\" id=\"h-direito-processual-penal-agente-escriv-o-e-papiloscopista\">Direito Processual Penal &#8211; Agente, Escriv\u00e3o e Papiloscopista<\/h3>\n\n\n\n<p>Utilizamos na an\u00e1lise, quest\u00f5es da \u00c1rea Policial, no per\u00edodo de 2015 a 2020. Tr\u00eas assuntos de Direito Processual equivaleram a <strong>95%<\/strong> do total de quest\u00f5es, foram os seguintes:<\/p>\n\n\n\n<ul class=\"wp-block-list\"><li><strong>Hist\u00f3rico, natureza, conceito, finalidade, caracter\u00edsticas, fundamento, titularidade, grau de cogni\u00e7\u00e3o, valor probat\u00f3rio, formas de instaura\u00e7\u00e3o, <em>notitia criminis, delatio criminis<\/em>, procedimentos investigativos, indiciamento, garantias do investigado; conclus\u00e3o. <\/strong><\/li><li><strong>Prova. <\/strong><\/li><li><strong>Pris\u00e3o em flagrante. <\/strong><\/li><\/ul>\n\n\n\n<p>Enquanto que <strong>Acarea\u00e7\u00e3o; Busca e apreens\u00e3o<\/strong>, tiveram incid\u00eancia secund\u00e1ria.<\/p>\n\n\n\n<figure class=\"wp-block-image size-large is-resized\"><img loading=\"lazy\" decoding=\"async\" src=\"https:\/\/dhg1h5j42swfq.cloudfront.net\/2021\/02\/15163710\/direito-processual-penal.png\" alt=\"Estat\u00edstica de cobran\u00e7a para PF \" class=\"wp-image-673093\" width=\"904\" height=\"331\" srcset=\"https:\/\/dhg1h5j42swfq.cloudfront.net\/2021\/02\/15163710\/direito-processual-penal.png 949w, https:\/\/dhg1h5j42swfq.cloudfront.net\/2021\/02\/15163710\/direito-processual-penal-300x110.png 300w, https:\/\/dhg1h5j42swfq.cloudfront.net\/2021\/02\/15163710\/direito-processual-penal-768x282.png 768w, https:\/\/dhg1h5j42swfq.cloudfront.net\/2021\/02\/15163710\/direito-processual-penal-610x224.png 610w\" sizes=\"auto, (max-width: 904px) 100vw, 904px\" \/><\/figure>\n\n\n\n<h3 class=\"wp-block-heading\" id=\"h-legisla-o-especial-estat-stica-de-cobran-a-para-agente-escriv-o-e-papiloscopista-da-pf\">Legisla\u00e7\u00e3o Especial &#8211; Estat\u00edstica de cobran\u00e7a para Agente, Escriv\u00e3o e Papiloscopista da PF<\/h3>\n\n\n\n<p>A amostragem se deu com base nos concursos da \u00e1rea policial, entre os anos de 2002 a 2019. As legisla\u00e7\u00f5es com maior \u00edndice de incid\u00eancia foram as seguintes e totalizaram <strong>94,20% <\/strong>do total de quest\u00f5es: <\/p>\n\n\n\n<ul class=\"wp-block-list\"><li><strong>Lei n\u00ba 11.343\/2006 e suas altera\u00e7\u00f5es (Lei Antidrogas). <\/strong><\/li><li><strong>Lei n\u00ba 10.826\/2003 e suas altera\u00e7\u00f5es (Estatuto do Desarmamento). <\/strong><\/li><li><strong>Lei n\u00ba 9.455\/1997 e suas altera\u00e7\u00f5es (Lei dos Crimes de Tortura).<\/strong><\/li><li><strong>Lei n\u00ba 9.605\/1998 e suas altera\u00e7\u00f5es (Lei de Crimes Ambientais). <\/strong><\/li><li><strong>Lei n\u00ba 8.069\/1990 e suas altera\u00e7\u00f5es (Estatuto da Crian\u00e7a e do Adolescente). <\/strong><\/li><\/ul>\n\n\n\n<figure class=\"wp-block-image size-large is-resized\"><img loading=\"lazy\" decoding=\"async\" src=\"https:\/\/dhg1h5j42swfq.cloudfront.net\/2021\/02\/15164235\/legislacao-especial.png\" alt=\"Estat\u00edstica de cobran\u00e7a para PF \" class=\"wp-image-673094\" width=\"990\" height=\"243\" srcset=\"https:\/\/dhg1h5j42swfq.cloudfront.net\/2021\/02\/15164235\/legislacao-especial-300x74.png 300w, https:\/\/dhg1h5j42swfq.cloudfront.net\/2021\/02\/15164235\/legislacao-especial-768x190.png 768w, https:\/\/dhg1h5j42swfq.cloudfront.net\/2021\/02\/15164235\/legislacao-especial-610x151.png 610w\" sizes=\"auto, (max-width: 990px) 100vw, 990px\" \/><\/figure>\n\n\n\n<h3 class=\"wp-block-heading\" id=\"h-estat-stica-cobran-a-para-agente-escriv-o-e-papiloscopista-da-pf\">Estat\u00edstica &#8211; cobran\u00e7a para Agente, Escriv\u00e3o e Papiloscopista da PF<\/h3>\n\n\n\n<p>A estat\u00edstica de cobran\u00e7a dessa mat\u00e9ria para o concurso da PF, teve como par\u00e2metros os concursos da \u00e1rea policial, entre os anos de 2003 a 2018. A cobran\u00e7a de quest\u00f5es foi distribu\u00edda entre seis principais assuntos, que representaram <strong>83%<\/strong> do total da amostragem. S\u00e3o eles: <\/p>\n\n\n\n<ul class=\"wp-block-list\"><li><strong>Defini\u00e7\u00f5es b\u00e1sicas e axiomas.  <\/strong><\/li><li><strong>Distribui\u00e7\u00e3o de probabilidades.<\/strong><\/li><li><strong>Estat\u00edstica descritiva e an\u00e1lise explorat\u00f3ria de dados: gr\u00e1ficos, diagramas, tabelas, medidas descritivas (posi\u00e7\u00e3o, dispers\u00e3o, assimetria e curtose).<\/strong><\/li><li><strong>T\u00e9cnicas de amostragem: amostragem aleat\u00f3ria simples, estratificada, sistem\u00e1tica e por conglomerados.<\/strong><\/li><li><strong>Probabilidade condicional e independ\u00eancia. <\/strong><\/li><li><strong>Modelos de regress\u00e3o linear.<\/strong><\/li><\/ul>\n\n\n\n<figure class=\"wp-block-image size-large is-resized\"><img loading=\"lazy\" decoding=\"async\" src=\"https:\/\/dhg1h5j42swfq.cloudfront.net\/2021\/02\/16114243\/estatistica-4.png\" alt=\"\" class=\"wp-image-673335\" width=\"880\" height=\"705\" srcset=\"https:\/\/dhg1h5j42swfq.cloudfront.net\/2021\/02\/16114243\/estatistica-4.png 930w, https:\/\/dhg1h5j42swfq.cloudfront.net\/2021\/02\/16114243\/estatistica-4-300x241.png 300w, https:\/\/dhg1h5j42swfq.cloudfront.net\/2021\/02\/16114243\/estatistica-4-768x616.png 768w, https:\/\/dhg1h5j42swfq.cloudfront.net\/2021\/02\/16114243\/estatistica-4-610x489.png 610w\" sizes=\"auto, (max-width: 880px) 100vw, 880px\" \/><\/figure>\n\n\n\n<h3 class=\"wp-block-heading\" id=\"h-racioc-nio-l-gico-agente-escriv-o-e-papiloscopista\">Racioc\u00ednio L\u00f3gico &#8211; Agente, Escriv\u00e3o e Papiloscopista<\/h3>\n\n\n\n<p>Nessa amostragem foram utilizadas quest\u00f5es de concursos realizados pelo Cebraspe de \u00e1reas diversas, no per\u00edodo de 2015 a 2020. Do total do conjunto de quest\u00f5es, <strong>71,74%<\/strong> corresponderam a apenas quatro assuntos:<\/p>\n\n\n\n<ul class=\"wp-block-list\"><li><strong>Proposi\u00e7\u00f5es simples e compostas. <\/strong><\/li><li><strong>L\u00f3gica de argumenta\u00e7\u00e3o: analogias, infer\u00eancias, dedu\u00e7\u00f5es e conclus\u00f5es. <\/strong><\/li><li><strong>Estruturas l\u00f3gicas. <\/strong><\/li><li><strong>Equival\u00eancias. <\/strong><\/li><\/ul>\n\n\n\n<p>As demais incid\u00eancias foram divididas entre os seguintes assuntos: <\/p>\n\n\n\n<ul class=\"wp-block-list\"><li><strong>Tabelas-verdade. <\/strong><\/li><li><strong>Opera\u00e7\u00f5es com conjuntos.<\/strong><\/li><li><strong>Princ\u00edpios de contagem e probabilidade. <\/strong><\/li><li><strong>Diagramas l\u00f3gicos.  <\/strong><\/li><li><strong>Racioc\u00ednio l\u00f3gico envolvendo problemas aritm\u00e9ticos, geom\u00e9tricos e matriciais.<\/strong><\/li><\/ul>\n\n\n\n<figure class=\"wp-block-image size-large is-resized\"><img loading=\"lazy\" decoding=\"async\" src=\"https:\/\/dhg1h5j42swfq.cloudfront.net\/2021\/02\/15165413\/rlm.png\" alt=\"Estat\u00edstica de cobran\u00e7a para PF \" class=\"wp-image-673113\" width=\"907\" height=\"312\" srcset=\"https:\/\/dhg1h5j42swfq.cloudfront.net\/2021\/02\/15165413\/rlm.png 929w, https:\/\/dhg1h5j42swfq.cloudfront.net\/2021\/02\/15165413\/rlm-300x103.png 300w, https:\/\/dhg1h5j42swfq.cloudfront.net\/2021\/02\/15165413\/rlm-768x265.png 768w, https:\/\/dhg1h5j42swfq.cloudfront.net\/2021\/02\/15165413\/rlm-610x210.png 610w\" sizes=\"auto, (max-width: 907px) 100vw, 907px\" \/><\/figure>\n\n\n\n<h2 class=\"wp-block-heading\" id=\"h-inform-tica-agente-escriv-o-e-papiloscopista\">Inform\u00e1tica &#8211; Agente, Escriv\u00e3o e Papiloscopista<\/h2>\n\n\n\n<p> A amostra foi elaborada a partir de concursos da \u00e1rea policial entre 2004 a 2018. Quatro assuntos de Inform\u00e1tica equivaleram a <strong>73,33% <\/strong>do total de quest\u00f5es, conforme seguem:  <\/p>\n\n\n\n<ul class=\"wp-block-list\"><li><strong>Edi\u00e7\u00e3o de textos, planilhas e apresenta\u00e7\u00f5es (ambientes Microsoft Office e Libre Office).<\/strong><\/li><li><strong>Ferramentas e aplicativos comerciais de navega\u00e7\u00e3o, de correio eletr\u00f4nico, de grupos de discuss\u00e3o, de busca, de pesquisa e de redes sociais. <\/strong><\/li><li><strong>No\u00e7\u00f5es de sistema operacional (ambiente Linux e Windows). <\/strong><\/li><li><strong>Redes de computadores. <\/strong><\/li><\/ul>\n\n\n\n<figure class=\"wp-block-image size-large is-resized\"><img loading=\"lazy\" decoding=\"async\" src=\"https:\/\/dhg1h5j42swfq.cloudfront.net\/2021\/02\/15181153\/informatica-2.png\" alt=\"Estat\u00edstica de cobran\u00e7a para PF \" class=\"wp-image-673141\" width=\"983\" height=\"864\" srcset=\"https:\/\/dhg1h5j42swfq.cloudfront.net\/2021\/02\/15181153\/informatica-2.png 892w, https:\/\/dhg1h5j42swfq.cloudfront.net\/2021\/02\/15181153\/informatica-2-300x264.png 300w, https:\/\/dhg1h5j42swfq.cloudfront.net\/2021\/02\/15181153\/informatica-2-768x675.png 768w, https:\/\/dhg1h5j42swfq.cloudfront.net\/2021\/02\/15181153\/informatica-2-610x536.png 610w\" sizes=\"auto, (max-width: 983px) 100vw, 983px\" \/><\/figure>\n\n\n\n<h3 class=\"wp-block-heading\" id=\"h-contabilidade-geral-agente-e-escriv-o\">Contabilidade Geral &#8211; Agente e Escriv\u00e3o<\/h3>\n\n\n\n<p>A estat\u00edstica de cobran\u00e7a de Contabilidade Geral se destinou aos cargos de Agente e Escriv\u00e3o da PF. Os par\u00e2metros utilizados foram concursos da \u00e1rea policial entre 2004 a 2018. Os sete assuntos que n\u00e3o podem deixar de ser estudados representam <strong>88,14%<\/strong> do total de quest\u00f5es:<\/p>\n\n\n\n<ul class=\"wp-block-list\"><li><strong>Lei n\u00ba 6.404\/1976 e suas altera\u00e7\u00f5es, legisla\u00e7\u00e3o complementar e pronunciamentos do Comit\u00ea de Pronunciamentos Cont\u00e1beis (CPC). <\/strong><\/li><li><strong>Contabiliza\u00e7\u00e3o de opera\u00e7\u00f5es cont\u00e1beis diversas: juros, descontos, tributos, alugu\u00e9is, varia\u00e7\u00e3o monet\u00e1ria\/ cambial, folha de pagamento, compras, vendas e provis\u00f5es, deprecia\u00e7\u00f5es e baixa de bens. <\/strong><\/li><li><strong>Balan\u00e7o patrimonial: conceitos, objetivo, composi\u00e7\u00e3o. <\/strong><\/li><li><strong>Conceitos, objetivos e finalidades da contabilidade. <\/strong><\/li><li><strong>Contas: conceitos, contas de d\u00e9bitos, contas de cr\u00e9ditos e saldos.  <\/strong><\/li><li><strong>Demonstra\u00e7\u00e3o de resultado de exerc\u00edcio: conceito, objetivo, composi\u00e7\u00e3o. <\/strong><\/li><li><strong>Escritura\u00e7\u00e3o: conceitos, lan\u00e7amentos cont\u00e1beis, elementos essenciais, f\u00f3rmulas de lan\u00e7amentos, livros de escritura\u00e7\u00e3o, m\u00e9todos e processos, regime de compet\u00eancia e regime de caixa.<\/strong> <\/li><\/ul>\n\n\n\n<figure class=\"wp-block-image size-large is-resized\"><img loading=\"lazy\" decoding=\"async\" src=\"https:\/\/dhg1h5j42swfq.cloudfront.net\/2021\/02\/15181923\/contabilidade-geral-1-1024x390.png\" alt=\"\" class=\"wp-image-673145\" width=\"1048\" height=\"398\" srcset=\"https:\/\/dhg1h5j42swfq.cloudfront.net\/2021\/02\/15181923\/contabilidade-geral-1-1024x390.png 1024w, https:\/\/dhg1h5j42swfq.cloudfront.net\/2021\/02\/15181923\/contabilidade-geral-1-300x114.png 300w, https:\/\/dhg1h5j42swfq.cloudfront.net\/2021\/02\/15181923\/contabilidade-geral-1-768x292.png 768w, https:\/\/dhg1h5j42swfq.cloudfront.net\/2021\/02\/15181923\/contabilidade-geral-1-610x232.png 610w, https:\/\/dhg1h5j42swfq.cloudfront.net\/2021\/02\/15181923\/contabilidade-geral-1.png 1095w\" sizes=\"auto, (max-width: 1048px) 100vw, 1048px\" \/><\/figure>\n\n\n\n<h3 class=\"wp-block-heading\" id=\"h-arquivologia-escriv-o\">Arquivologia &#8211; Escriv\u00e3o<\/h3>\n\n\n\n<p>A mat\u00e9ria de Arquivologia \u00e9 exclusiva do cargo de escriv\u00e3o, a amostra foi desenvolvida a partir de concursos da \u00e1rea policial entre 2004 a 2018. Sendo que apenas um assunto correspondeu a <strong>65,22%<\/strong> do total de quest\u00f5es: <\/p>\n\n\n\n<ul class=\"wp-block-list\"><li><strong>Gest\u00e3o de documentos; implementa\u00e7\u00e3o de programas de gest\u00e3o de documentos<\/strong>. <\/li><\/ul>\n\n\n\n<p>Os outros assuntos somaram <strong>34,78%<\/strong> do conjunto e foram divididos da seguinte maneira:<\/p>\n\n\n\n<ul class=\"wp-block-list\"><li><strong>Protocolo. <\/strong><\/li><li><strong>Arquiv\u00edstica. <\/strong><\/li><li><strong>Princ\u00edpios e conceitos. <\/strong><\/li><li><strong>Pol\u00edticas p\u00fablicas de arquivo, legisla\u00e7\u00e3o arquiv\u00edstica. <\/strong><\/li><li><strong>Fun\u00e7\u00f5es arquiv\u00edsticas. <\/strong><\/li><li><strong>Documentos digitais.<\/strong><\/li><\/ul>\n\n\n\n<figure class=\"wp-block-image size-large is-resized\"><img loading=\"lazy\" decoding=\"async\" src=\"https:\/\/dhg1h5j42swfq.cloudfront.net\/2021\/02\/15181123\/arquivologia-1.png\" alt=\"\" class=\"wp-image-673139\" width=\"818\" height=\"505\" srcset=\"https:\/\/dhg1h5j42swfq.cloudfront.net\/2021\/02\/15181123\/arquivologia-1.png 811w, https:\/\/dhg1h5j42swfq.cloudfront.net\/2021\/02\/15181123\/arquivologia-1-300x185.png 300w, https:\/\/dhg1h5j42swfq.cloudfront.net\/2021\/02\/15181123\/arquivologia-1-768x474.png 768w, https:\/\/dhg1h5j42swfq.cloudfront.net\/2021\/02\/15181123\/arquivologia-1-610x377.png 610w\" sizes=\"auto, (max-width: 818px) 100vw, 818px\" \/><\/figure>\n\n\n\n<h2 class=\"wp-block-heading\" id=\"h-biologia-papiloscopista\">Biologia &#8211; Papiloscopista<\/h2>\n\n\n\n<p>A mat\u00e9ria de Biologia \u00e9 exigida apenas para Papiloscopista. Foram utilizados como par\u00e2metros, concursos da \u00e1rea policial dos anos de 2004 a 2018.<\/p>\n\n\n\n<p>Do total do conjunto de quest\u00f5es, apenas cinco assuntos equivaleram a <strong>83,67%<\/strong> de incid\u00eancia:<\/p>\n\n\n\n<ul class=\"wp-block-list\"><li><strong>Gen\u00e9tica;<\/strong><\/li><li><strong>Estrutura e fun\u00e7\u00e3o dos componentes citoplasm\u00e1ticos;<\/strong><\/li><li><strong>Bioqu\u00edmica;<\/strong><\/li><li><strong>Citologia;<\/strong><\/li><li><strong>Embriologia;<\/strong><\/li><\/ul>\n\n\n\n<figure class=\"wp-block-image size-large is-resized\"><img loading=\"lazy\" decoding=\"async\" src=\"https:\/\/dhg1h5j42swfq.cloudfront.net\/2021\/02\/15174551\/biologia.png\" alt=\"Estat\u00edstica de cobran\u00e7a para PF \" class=\"wp-image-673127\" width=\"780\" height=\"663\" srcset=\"https:\/\/dhg1h5j42swfq.cloudfront.net\/2021\/02\/15174551\/biologia.png 802w, https:\/\/dhg1h5j42swfq.cloudfront.net\/2021\/02\/15174551\/biologia-300x255.png 300w, https:\/\/dhg1h5j42swfq.cloudfront.net\/2021\/02\/15174551\/biologia-768x653.png 768w, https:\/\/dhg1h5j42swfq.cloudfront.net\/2021\/02\/15174551\/biologia-610x519.png 610w\" sizes=\"auto, (max-width: 780px) 100vw, 780px\" \/><\/figure>\n\n\n\n<h2 class=\"wp-block-heading\" id=\"h-f-sica-papiloscopista\">F\u00edsica &#8211; Papiloscopista<\/h2>\n\n\n\n<p>A estat\u00edstica de cobran\u00e7a de F\u00edsica se destina apenas ao cargo de Papiloscopista da PF, foram utilizadas na amostragem quest\u00f5es de concursos diversos entre os anos de 2013 e 2020. Dois assuntos equivaleram a <strong>81,60% <\/strong>do total de quest\u00f5es: <\/p>\n\n\n\n<ul class=\"wp-block-list\"><li><strong>Eletricidade: carga el\u00e9trica; condutores e isolantes; campo el\u00e9trico; potencial el\u00e9trico; corrente el\u00e9trica; resistores; capacitores; circuitos el\u00e9tricos;<\/strong><\/li><li><strong>Oscila\u00e7\u00f5es e ondas: movimento harm\u00f4nico simples; energia no movimento harm\u00f4nico simples; ondas em uma corda; energia transmitida pelas ondas; ondas estacion\u00e1rias; equa\u00e7\u00e3o de onda. <\/strong><\/li><\/ul>\n\n\n\n<p>O terceiro assunto com maior incid\u00eancia correspondeu a <strong>18,40%<\/strong> do total da amostra:<\/p>\n\n\n\n<p><strong>\u00d3ptica: \u00f3ptica geom\u00e9trica; reflex\u00e3o; refra\u00e7\u00e3o; polariza\u00e7\u00e3o; interfer\u00eancia.<\/strong> <\/p>\n\n\n\n<figure class=\"wp-block-image size-large is-resized\"><img loading=\"lazy\" decoding=\"async\" src=\"https:\/\/dhg1h5j42swfq.cloudfront.net\/2021\/02\/15175545\/fisica.png\" alt=\"Estat\u00edstica de cobran\u00e7a para PF \" class=\"wp-image-673131\" width=\"856\" height=\"170\" srcset=\"https:\/\/dhg1h5j42swfq.cloudfront.net\/2021\/02\/15175545\/fisica.png 900w, https:\/\/dhg1h5j42swfq.cloudfront.net\/2021\/02\/15175545\/fisica-300x60.png 300w, https:\/\/dhg1h5j42swfq.cloudfront.net\/2021\/02\/15175545\/fisica-768x153.png 768w, https:\/\/dhg1h5j42swfq.cloudfront.net\/2021\/02\/15175545\/fisica-610x121.png 610w\" sizes=\"auto, (max-width: 856px) 100vw, 856px\" \/><\/figure>\n\n\n\n<h2 class=\"wp-block-heading\" id=\"h-qu-mica-papiloscopista\">Qu\u00edmica &#8211; Papiloscopista<\/h2>\n\n\n\n<p>A \u00faltima mat\u00e9ria tamb\u00e9m \u00e9 destinada ao Papiloscopista. A amostragem se deu atrav\u00e9s de concursos da \u00e1rea policial, de 2004 a 2018. No total do conjunto de quest\u00f5es de Qu\u00edmica, <strong>60%<\/strong> corresponderam a apenas quatro assuntos:<\/p>\n\n\n\n<ul class=\"wp-block-list\"><li><strong>Qu\u00edmica org\u00e2nica: estrutura, nomenclatura e propriedades f\u00edsicas e qu\u00edmicas de compostos org\u00e2nicos;<\/strong><\/li><li><strong>Fun\u00e7\u00f5es qu\u00edmicas inorg\u00e2nicas;<\/strong><\/li><li><strong>Eletroqu\u00edmica;<\/strong><\/li><li><strong>Intera\u00e7\u00f5es qu\u00edmicas.<\/strong><\/li><\/ul>\n\n\n\n<figure class=\"wp-block-image size-large is-resized\"><img loading=\"lazy\" decoding=\"async\" src=\"https:\/\/dhg1h5j42swfq.cloudfront.net\/2021\/02\/15181025\/quimica-1.png\" alt=\"Estat\u00edstica de cobran\u00e7a para PF \" class=\"wp-image-673138\" width=\"670\" height=\"386\" srcset=\"https:\/\/dhg1h5j42swfq.cloudfront.net\/2021\/02\/15181025\/quimica-1.png 657w, https:\/\/dhg1h5j42swfq.cloudfront.net\/2021\/02\/15181025\/quimica-1-300x173.png 300w, https:\/\/dhg1h5j42swfq.cloudfront.net\/2021\/02\/15181025\/quimica-1-610x352.png 610w\" sizes=\"auto, (max-width: 670px) 100vw, 670px\" \/><\/figure>\n\n\n\n<h2 class=\"wp-block-heading\" id=\"h-considera-es-finais-estat-stica-de-cobran-a-para-a-pf\">Considera\u00e7\u00f5es Finais &#8211; Estat\u00edstica de cobran\u00e7a para a PF<\/h2>\n\n\n\n<p>Conclu\u00edmos assim a nossa an\u00e1lise estat\u00edstica de cobran\u00e7a para o <a href=\"https:\/\/cdn.cebraspe.org.br\/concursos\/PF_21\/arquivos\/ED_1_DPF_2021_ABT.PDF\">concurso da PF<\/a>. A ideia aqui n\u00e3o \u00e9 fazer com que o aluno deixe de estudar assuntos de menor incid\u00eancia, mas que se prepare melhor naqueles que possuem maior probabilidade de cobran\u00e7a.<\/p>\n\n\n\n<p>Esperamos que os dados aqui apresentados possam ajud\u00e1-los a otimizar a estrat\u00e9gia de estudo e fornecer mais produtividade \u00e0s revis\u00f5es. N\u00e3o deixe de conferir o nosso <a href=\"https:\/\/www.estrategiaconcursos.com.br\/cursosPorConcurso\/cursos-para-policia-federal\/\">curso completo para a PF<\/a>.<\/p>\n\n\n\n<p>Abra\u00e7os,<\/p>\n\n\n\n<p>Nicolau Gordeeff<\/p>\n\n\n\n<p class=\"has-text-align-center\"><em><strong>Assinatura Anual Ilimitada<\/strong><\/em><\/p>\n\n\n\n<p class=\"has-text-align-center\"><em>Prepare-se com o melhor material e com quem mais aprova em Concursos P\u00fablicos em todo o pa\u00eds. Assine agora a nossa Assinatura Anual e tenha acesso ilimitado* a todos os nossos cursos.<\/em><\/p>\n\n\n\n<p class=\"has-text-align-center has-luminous-vivid-amber-background-color has-background\"><strong>ASSINE AGORA<\/strong>&nbsp;\u2013&nbsp;<a rel=\"noreferrer noopener\" href=\"https:\/\/www.estrategiaconcursos.com.br\/assinaturas\" target=\"_blank\"><strong>Assinatura Ilimitada<\/strong><\/a><\/p>\n\n\n\n<p class=\"has-text-align-center\"><em><strong>Fique por dentro de todos os concursos<\/strong><\/em>:<\/p>\n\n\n\n<p class=\"has-text-align-center has-pale-cyan-blue-background-color has-background\"><a rel=\"noreferrer noopener\" href=\"https:\/\/www.estrategiaconcursos.com.br\/blog\/concursos-abertos\/\" target=\"_blank\"><strong>Concursos abertos<\/strong><\/a><\/p>\n","protected":false},"excerpt":{"rendered":"<p>Veja a estat\u00edstica de cobran\u00e7a por mat\u00e9ria dos concursos aplicados pelo CESPE na \u00e1rea policial e saiba priorizar seu estudo para a PF Ol\u00e1, caros corujas! Tudo bem? A prova do concurso da Pol\u00edcia Federal est\u00e1 prevista para ser aplicada no dia 21\/03. Em vista disso, a equipe do Estrat\u00e9gia preparou uma importante an\u00e1lise estat\u00edstica [&hellip;]<\/p>\n","protected":false},"author":1826,"featured_media":673213,"comment_status":"open","ping_status":"closed","sticky":false,"template":"","format":"standard","meta":{"post_tipo":"article","footnotes":""},"categories":[1,1988],"tags":[],"tax_estado":[219964,219965,219966,219967,219968,219969,219963,219970,219971,219972,219973,219974,219975,219976,219977,219978,219979,219980,219981,219982,219983,219984,219985,219986,219987,219988,219989,219990],"class_list":["post-672952","post","type-post","status-publish","format-standard","has-post-thumbnail","hentry","category-cursos-e-concursos","category-policia","tax_estado-ac","tax_estado-al","tax_estado-am","tax_estado-ap","tax_estado-ba","tax_estado-ce","tax_estado-concursos-federais","tax_estado-df","tax_estado-es","tax_estado-go","tax_estado-ma","tax_estado-mg","tax_estado-ms","tax_estado-mt","tax_estado-pa","tax_estado-pb","tax_estado-pe","tax_estado-pi","tax_estado-pr","tax_estado-rj","tax_estado-rn","tax_estado-ro","tax_estado-rr","tax_estado-rs","tax_estado-sc","tax_estado-se","tax_estado-sp","tax_estado-to"],"acf":[],"yoast_head":"<!-- This site is optimized with the Yoast SEO Premium plugin v27.2 (Yoast SEO v27.2) - https:\/\/yoast.com\/product\/yoast-seo-premium-wordpress\/ -->\n<title>Estat\u00edstica de Cobran\u00e7a para PF: an\u00e1lise dos \u00faltimos anos<\/title>\n<meta name=\"description\" content=\"Veja a estat\u00edstica de cobran\u00e7a por mat\u00e9ria dos concursos aplicados pelo CESPE na \u00e1rea policial e saiba priorizar seu estudo para a PF.\" \/>\n<meta name=\"robots\" content=\"index, follow, max-snippet:-1, max-image-preview:large, max-video-preview:-1\" \/>\n<link rel=\"canonical\" href=\"https:\/\/www.estrategiaconcursos.com.br\/blog\/estatistica-cobranca-pf\/\" \/>\n<meta property=\"og:locale\" content=\"pt_BR\" \/>\n<meta property=\"og:type\" content=\"article\" \/>\n<meta property=\"og:title\" content=\"Estat\u00edstica de Cobran\u00e7a para PF: an\u00e1lise dos \u00faltimos anos\" \/>\n<meta property=\"og:description\" content=\"Veja a estat\u00edstica de cobran\u00e7a por mat\u00e9ria dos concursos aplicados pelo CESPE na \u00e1rea policial e saiba priorizar seu estudo para a PF.\" \/>\n<meta property=\"og:url\" content=\"https:\/\/www.estrategiaconcursos.com.br\/blog\/estatistica-cobranca-pf\/\" \/>\n<meta property=\"og:site_name\" content=\"Estrat\u00e9gia Concursos\" \/>\n<meta property=\"article:published_time\" content=\"2021-02-20T15:54:00+00:00\" \/>\n<meta property=\"og:image\" content=\"https:\/\/dhg1h5j42swfq.cloudfront.net\/2021\/02\/16003617\/estatistica-de-cobranca-para-pf.jpg\" \/>\n\t<meta property=\"og:image:width\" content=\"1024\" \/>\n\t<meta property=\"og:image:height\" content=\"534\" \/>\n\t<meta property=\"og:image:type\" content=\"image\/jpeg\" \/>\n<meta name=\"author\" content=\"Nicolau Gordeeff\" \/>\n<meta name=\"twitter:card\" content=\"summary_large_image\" \/>\n<meta name=\"twitter:creator\" content=\"@EstratConcursos\" \/>\n<meta name=\"twitter:site\" content=\"@EstratConcursos\" \/>\n<meta name=\"twitter:label1\" content=\"Escrito por\" \/>\n\t<meta name=\"twitter:data1\" content=\"Nicolau Gordeeff\" \/>\n\t<meta name=\"twitter:label2\" content=\"Est. tempo de leitura\" \/>\n\t<meta name=\"twitter:data2\" content=\"10 minutos\" \/>\n<script type=\"application\/ld+json\" class=\"yoast-schema-graph\">{\"@context\":\"https:\/\/schema.org\",\"@graph\":[{\"@type\":\"NewsArticle\",\"@id\":\"https:\/\/www.estrategiaconcursos.com.br\/blog\/estatistica-cobranca-pf\/#article\",\"isPartOf\":{\"@id\":\"https:\/\/www.estrategiaconcursos.com.br\/blog\/estatistica-cobranca-pf\/\"},\"author\":{\"name\":\"Nicolau Gordeeff\",\"@id\":\"https:\/\/www.estrategiaconcursos.com.br\/blog\/#\/schema\/person\/c9d581fa32cd81ddb2e8d03fe650e463\"},\"headline\":\"Estat\u00edstica de Cobran\u00e7a para PF: an\u00e1lise dos \u00faltimos anos\",\"datePublished\":\"2021-02-20T15:54:00+00:00\",\"mainEntityOfPage\":{\"@id\":\"https:\/\/www.estrategiaconcursos.com.br\/blog\/estatistica-cobranca-pf\/\"},\"wordCount\":2036,\"commentCount\":0,\"publisher\":{\"@id\":\"https:\/\/www.estrategiaconcursos.com.br\/blog\/#organization\"},\"image\":{\"@id\":\"https:\/\/www.estrategiaconcursos.com.br\/blog\/estatistica-cobranca-pf\/#primaryimage\"},\"thumbnailUrl\":\"https:\/\/dhg1h5j42swfq.cloudfront.net\/2021\/02\/16003617\/estatistica-de-cobranca-para-pf.jpg\",\"articleSection\":[\"Concursos P\u00fablicos\",\"Policial (Agente, Escriv\u00e3o e Investigador)\"],\"inLanguage\":\"pt-BR\",\"potentialAction\":[{\"@type\":\"CommentAction\",\"name\":\"Comment\",\"target\":[\"https:\/\/www.estrategiaconcursos.com.br\/blog\/estatistica-cobranca-pf\/#respond\"]}],\"copyrightYear\":\"2021\",\"copyrightHolder\":{\"@id\":\"https:\/\/www.estrategiaconcursos.com.br\/blog\/#organization\"}},{\"@type\":\"WebPage\",\"@id\":\"https:\/\/www.estrategiaconcursos.com.br\/blog\/estatistica-cobranca-pf\/\",\"url\":\"https:\/\/www.estrategiaconcursos.com.br\/blog\/estatistica-cobranca-pf\/\",\"name\":\"Estat\u00edstica de Cobran\u00e7a para PF: an\u00e1lise dos \u00faltimos anos\",\"isPartOf\":{\"@id\":\"https:\/\/www.estrategiaconcursos.com.br\/blog\/#website\"},\"primaryImageOfPage\":{\"@id\":\"https:\/\/www.estrategiaconcursos.com.br\/blog\/estatistica-cobranca-pf\/#primaryimage\"},\"image\":{\"@id\":\"https:\/\/www.estrategiaconcursos.com.br\/blog\/estatistica-cobranca-pf\/#primaryimage\"},\"thumbnailUrl\":\"https:\/\/dhg1h5j42swfq.cloudfront.net\/2021\/02\/16003617\/estatistica-de-cobranca-para-pf.jpg\",\"datePublished\":\"2021-02-20T15:54:00+00:00\",\"description\":\"Veja a estat\u00edstica de cobran\u00e7a por mat\u00e9ria dos concursos aplicados pelo CESPE na \u00e1rea policial e saiba priorizar seu estudo para a PF.\",\"breadcrumb\":{\"@id\":\"https:\/\/www.estrategiaconcursos.com.br\/blog\/estatistica-cobranca-pf\/#breadcrumb\"},\"inLanguage\":\"pt-BR\",\"potentialAction\":[{\"@type\":\"ReadAction\",\"target\":[\"https:\/\/www.estrategiaconcursos.com.br\/blog\/estatistica-cobranca-pf\/\"]}]},{\"@type\":\"ImageObject\",\"inLanguage\":\"pt-BR\",\"@id\":\"https:\/\/www.estrategiaconcursos.com.br\/blog\/estatistica-cobranca-pf\/#primaryimage\",\"url\":\"https:\/\/dhg1h5j42swfq.cloudfront.net\/2021\/02\/16003617\/estatistica-de-cobranca-para-pf.jpg\",\"contentUrl\":\"https:\/\/dhg1h5j42swfq.cloudfront.net\/2021\/02\/16003617\/estatistica-de-cobranca-para-pf.jpg\",\"width\":1024,\"height\":534},{\"@type\":\"BreadcrumbList\",\"@id\":\"https:\/\/www.estrategiaconcursos.com.br\/blog\/estatistica-cobranca-pf\/#breadcrumb\",\"itemListElement\":[{\"@type\":\"ListItem\",\"position\":1,\"name\":\"In\u00edcio\",\"item\":\"https:\/\/www.estrategiaconcursos.com.br\/blog\/\"},{\"@type\":\"ListItem\",\"position\":2,\"name\":\"Estat\u00edstica de Cobran\u00e7a para PF: an\u00e1lise dos \u00faltimos anos\"}]},{\"@type\":\"WebSite\",\"@id\":\"https:\/\/www.estrategiaconcursos.com.br\/blog\/#website\",\"url\":\"https:\/\/www.estrategiaconcursos.com.br\/blog\/\",\"name\":\"Estrat\u00e9gia Concursos\",\"description\":\"O blog da Estrat\u00e9gia Concursos traz not\u00edcias sobre concursos e artigos de professores oferecendo cursos para concursos (pdf + videaulas) no site.\",\"publisher\":{\"@id\":\"https:\/\/www.estrategiaconcursos.com.br\/blog\/#organization\"},\"potentialAction\":[{\"@type\":\"SearchAction\",\"target\":{\"@type\":\"EntryPoint\",\"urlTemplate\":\"https:\/\/www.estrategiaconcursos.com.br\/blog\/?s={search_term_string}\"},\"query-input\":{\"@type\":\"PropertyValueSpecification\",\"valueRequired\":true,\"valueName\":\"search_term_string\"}}],\"inLanguage\":\"pt-BR\"},{\"@type\":\"Organization\",\"@id\":\"https:\/\/www.estrategiaconcursos.com.br\/blog\/#organization\",\"name\":\"Estrat\u00e9gia Concursos\",\"url\":\"https:\/\/www.estrategiaconcursos.com.br\/blog\/\",\"logo\":{\"@type\":\"ImageObject\",\"inLanguage\":\"pt-BR\",\"@id\":\"https:\/\/www.estrategiaconcursos.com.br\/blog\/#\/schema\/logo\/image\/\",\"url\":\"https:\/\/dhg1h5j42swfq.cloudfront.net\/2025\/06\/03203428\/logo_concursos-1.jpg\",\"contentUrl\":\"https:\/\/dhg1h5j42swfq.cloudfront.net\/2025\/06\/03203428\/logo_concursos-1.jpg\",\"width\":230,\"height\":60,\"caption\":\"Estrat\u00e9gia Concursos\"},\"image\":{\"@id\":\"https:\/\/www.estrategiaconcursos.com.br\/blog\/#\/schema\/logo\/image\/\"},\"sameAs\":[\"https:\/\/x.com\/EstratConcursos\"]},{\"@type\":\"Person\",\"@id\":\"https:\/\/www.estrategiaconcursos.com.br\/blog\/#\/schema\/person\/c9d581fa32cd81ddb2e8d03fe650e463\",\"name\":\"Nicolau Gordeeff\",\"image\":{\"@type\":\"ImageObject\",\"inLanguage\":\"pt-BR\",\"@id\":\"https:\/\/secure.gravatar.com\/avatar\/b0b86525e18fc119e1b3bc4ad7629d2da6c5bd123e2fc4a3c3dfcbd44c4a5129?s=96&d=mm&r=g\",\"url\":\"https:\/\/secure.gravatar.com\/avatar\/b0b86525e18fc119e1b3bc4ad7629d2da6c5bd123e2fc4a3c3dfcbd44c4a5129?s=96&d=mm&r=g\",\"contentUrl\":\"https:\/\/secure.gravatar.com\/avatar\/b0b86525e18fc119e1b3bc4ad7629d2da6c5bd123e2fc4a3c3dfcbd44c4a5129?s=96&d=mm&r=g\",\"caption\":\"Nicolau Gordeeff\"},\"url\":\"https:\/\/www.estrategiaconcursos.com.br\/blog\/author\/ni_gordeeffhotmail-com\/\"}]}<\/script>\n<!-- \/ Yoast SEO Premium plugin. -->","yoast_head_json":{"title":"Estat\u00edstica de Cobran\u00e7a para PF: an\u00e1lise dos \u00faltimos anos","description":"Veja a estat\u00edstica de cobran\u00e7a por mat\u00e9ria dos concursos aplicados pelo CESPE na \u00e1rea policial e saiba priorizar seu estudo para a PF.","robots":{"index":"index","follow":"follow","max-snippet":"max-snippet:-1","max-image-preview":"max-image-preview:large","max-video-preview":"max-video-preview:-1"},"canonical":"https:\/\/www.estrategiaconcursos.com.br\/blog\/estatistica-cobranca-pf\/","og_locale":"pt_BR","og_type":"article","og_title":"Estat\u00edstica de Cobran\u00e7a para PF: an\u00e1lise dos \u00faltimos anos","og_description":"Veja a estat\u00edstica de cobran\u00e7a por mat\u00e9ria dos concursos aplicados pelo CESPE na \u00e1rea policial e saiba priorizar seu estudo para a PF.","og_url":"https:\/\/www.estrategiaconcursos.com.br\/blog\/estatistica-cobranca-pf\/","og_site_name":"Estrat\u00e9gia Concursos","article_published_time":"2021-02-20T15:54:00+00:00","og_image":[{"width":1024,"height":534,"url":"https:\/\/dhg1h5j42swfq.cloudfront.net\/2021\/02\/16003617\/estatistica-de-cobranca-para-pf.jpg","type":"image\/jpeg"}],"author":"Nicolau Gordeeff","twitter_card":"summary_large_image","twitter_creator":"@EstratConcursos","twitter_site":"@EstratConcursos","twitter_misc":{"Escrito por":"Nicolau Gordeeff","Est. tempo de leitura":"10 minutos"},"schema":{"@context":"https:\/\/schema.org","@graph":[{"@type":"NewsArticle","@id":"https:\/\/www.estrategiaconcursos.com.br\/blog\/estatistica-cobranca-pf\/#article","isPartOf":{"@id":"https:\/\/www.estrategiaconcursos.com.br\/blog\/estatistica-cobranca-pf\/"},"author":{"name":"Nicolau Gordeeff","@id":"https:\/\/www.estrategiaconcursos.com.br\/blog\/#\/schema\/person\/c9d581fa32cd81ddb2e8d03fe650e463"},"headline":"Estat\u00edstica de Cobran\u00e7a para PF: an\u00e1lise dos \u00faltimos anos","datePublished":"2021-02-20T15:54:00+00:00","mainEntityOfPage":{"@id":"https:\/\/www.estrategiaconcursos.com.br\/blog\/estatistica-cobranca-pf\/"},"wordCount":2036,"commentCount":0,"publisher":{"@id":"https:\/\/www.estrategiaconcursos.com.br\/blog\/#organization"},"image":{"@id":"https:\/\/www.estrategiaconcursos.com.br\/blog\/estatistica-cobranca-pf\/#primaryimage"},"thumbnailUrl":"https:\/\/dhg1h5j42swfq.cloudfront.net\/2021\/02\/16003617\/estatistica-de-cobranca-para-pf.jpg","articleSection":["Concursos P\u00fablicos","Policial (Agente, Escriv\u00e3o e Investigador)"],"inLanguage":"pt-BR","potentialAction":[{"@type":"CommentAction","name":"Comment","target":["https:\/\/www.estrategiaconcursos.com.br\/blog\/estatistica-cobranca-pf\/#respond"]}],"copyrightYear":"2021","copyrightHolder":{"@id":"https:\/\/www.estrategiaconcursos.com.br\/blog\/#organization"}},{"@type":"WebPage","@id":"https:\/\/www.estrategiaconcursos.com.br\/blog\/estatistica-cobranca-pf\/","url":"https:\/\/www.estrategiaconcursos.com.br\/blog\/estatistica-cobranca-pf\/","name":"Estat\u00edstica de Cobran\u00e7a para PF: an\u00e1lise dos \u00faltimos anos","isPartOf":{"@id":"https:\/\/www.estrategiaconcursos.com.br\/blog\/#website"},"primaryImageOfPage":{"@id":"https:\/\/www.estrategiaconcursos.com.br\/blog\/estatistica-cobranca-pf\/#primaryimage"},"image":{"@id":"https:\/\/www.estrategiaconcursos.com.br\/blog\/estatistica-cobranca-pf\/#primaryimage"},"thumbnailUrl":"https:\/\/dhg1h5j42swfq.cloudfront.net\/2021\/02\/16003617\/estatistica-de-cobranca-para-pf.jpg","datePublished":"2021-02-20T15:54:00+00:00","description":"Veja a estat\u00edstica de cobran\u00e7a por mat\u00e9ria dos concursos aplicados pelo CESPE na \u00e1rea policial e saiba priorizar seu estudo para a PF.","breadcrumb":{"@id":"https:\/\/www.estrategiaconcursos.com.br\/blog\/estatistica-cobranca-pf\/#breadcrumb"},"inLanguage":"pt-BR","potentialAction":[{"@type":"ReadAction","target":["https:\/\/www.estrategiaconcursos.com.br\/blog\/estatistica-cobranca-pf\/"]}]},{"@type":"ImageObject","inLanguage":"pt-BR","@id":"https:\/\/www.estrategiaconcursos.com.br\/blog\/estatistica-cobranca-pf\/#primaryimage","url":"https:\/\/dhg1h5j42swfq.cloudfront.net\/2021\/02\/16003617\/estatistica-de-cobranca-para-pf.jpg","contentUrl":"https:\/\/dhg1h5j42swfq.cloudfront.net\/2021\/02\/16003617\/estatistica-de-cobranca-para-pf.jpg","width":1024,"height":534},{"@type":"BreadcrumbList","@id":"https:\/\/www.estrategiaconcursos.com.br\/blog\/estatistica-cobranca-pf\/#breadcrumb","itemListElement":[{"@type":"ListItem","position":1,"name":"In\u00edcio","item":"https:\/\/www.estrategiaconcursos.com.br\/blog\/"},{"@type":"ListItem","position":2,"name":"Estat\u00edstica de Cobran\u00e7a para PF: an\u00e1lise dos \u00faltimos anos"}]},{"@type":"WebSite","@id":"https:\/\/www.estrategiaconcursos.com.br\/blog\/#website","url":"https:\/\/www.estrategiaconcursos.com.br\/blog\/","name":"Estrat\u00e9gia Concursos","description":"O blog da Estrat\u00e9gia Concursos traz not\u00edcias sobre concursos e artigos de professores oferecendo cursos para concursos (pdf + videaulas) no site.","publisher":{"@id":"https:\/\/www.estrategiaconcursos.com.br\/blog\/#organization"},"potentialAction":[{"@type":"SearchAction","target":{"@type":"EntryPoint","urlTemplate":"https:\/\/www.estrategiaconcursos.com.br\/blog\/?s={search_term_string}"},"query-input":{"@type":"PropertyValueSpecification","valueRequired":true,"valueName":"search_term_string"}}],"inLanguage":"pt-BR"},{"@type":"Organization","@id":"https:\/\/www.estrategiaconcursos.com.br\/blog\/#organization","name":"Estrat\u00e9gia Concursos","url":"https:\/\/www.estrategiaconcursos.com.br\/blog\/","logo":{"@type":"ImageObject","inLanguage":"pt-BR","@id":"https:\/\/www.estrategiaconcursos.com.br\/blog\/#\/schema\/logo\/image\/","url":"https:\/\/dhg1h5j42swfq.cloudfront.net\/2025\/06\/03203428\/logo_concursos-1.jpg","contentUrl":"https:\/\/dhg1h5j42swfq.cloudfront.net\/2025\/06\/03203428\/logo_concursos-1.jpg","width":230,"height":60,"caption":"Estrat\u00e9gia Concursos"},"image":{"@id":"https:\/\/www.estrategiaconcursos.com.br\/blog\/#\/schema\/logo\/image\/"},"sameAs":["https:\/\/x.com\/EstratConcursos"]},{"@type":"Person","@id":"https:\/\/www.estrategiaconcursos.com.br\/blog\/#\/schema\/person\/c9d581fa32cd81ddb2e8d03fe650e463","name":"Nicolau Gordeeff","image":{"@type":"ImageObject","inLanguage":"pt-BR","@id":"https:\/\/secure.gravatar.com\/avatar\/b0b86525e18fc119e1b3bc4ad7629d2da6c5bd123e2fc4a3c3dfcbd44c4a5129?s=96&d=mm&r=g","url":"https:\/\/secure.gravatar.com\/avatar\/b0b86525e18fc119e1b3bc4ad7629d2da6c5bd123e2fc4a3c3dfcbd44c4a5129?s=96&d=mm&r=g","contentUrl":"https:\/\/secure.gravatar.com\/avatar\/b0b86525e18fc119e1b3bc4ad7629d2da6c5bd123e2fc4a3c3dfcbd44c4a5129?s=96&d=mm&r=g","caption":"Nicolau Gordeeff"},"url":"https:\/\/www.estrategiaconcursos.com.br\/blog\/author\/ni_gordeeffhotmail-com\/"}]}},"_links":{"self":[{"href":"https:\/\/www.estrategiaconcursos.com.br\/blog\/wp-json\/wp\/v2\/posts\/672952","targetHints":{"allow":["GET"]}}],"collection":[{"href":"https:\/\/www.estrategiaconcursos.com.br\/blog\/wp-json\/wp\/v2\/posts"}],"about":[{"href":"https:\/\/www.estrategiaconcursos.com.br\/blog\/wp-json\/wp\/v2\/types\/post"}],"author":[{"embeddable":true,"href":"https:\/\/www.estrategiaconcursos.com.br\/blog\/wp-json\/wp\/v2\/users\/1826"}],"replies":[{"embeddable":true,"href":"https:\/\/www.estrategiaconcursos.com.br\/blog\/wp-json\/wp\/v2\/comments?post=672952"}],"version-history":[{"count":88,"href":"https:\/\/www.estrategiaconcursos.com.br\/blog\/wp-json\/wp\/v2\/posts\/672952\/revisions"}],"predecessor-version":[{"id":678429,"href":"https:\/\/www.estrategiaconcursos.com.br\/blog\/wp-json\/wp\/v2\/posts\/672952\/revisions\/678429"}],"wp:featuredmedia":[{"embeddable":true,"href":"https:\/\/www.estrategiaconcursos.com.br\/blog\/wp-json\/wp\/v2\/media\/673213"}],"wp:attachment":[{"href":"https:\/\/www.estrategiaconcursos.com.br\/blog\/wp-json\/wp\/v2\/media?parent=672952"}],"wp:term":[{"taxonomy":"category","embeddable":true,"href":"https:\/\/www.estrategiaconcursos.com.br\/blog\/wp-json\/wp\/v2\/categories?post=672952"},{"taxonomy":"post_tag","embeddable":true,"href":"https:\/\/www.estrategiaconcursos.com.br\/blog\/wp-json\/wp\/v2\/tags?post=672952"},{"taxonomy":"tax_estado","embeddable":true,"href":"https:\/\/www.estrategiaconcursos.com.br\/blog\/wp-json\/wp\/v2\/tax_estado?post=672952"}],"curies":[{"name":"wp","href":"https:\/\/api.w.org\/{rel}","templated":true}]}}