{"id":67275,"date":"2017-03-16T17:01:45","date_gmt":"2017-03-16T20:01:45","guid":{"rendered":"https:\/\/www.estrategiaconcursos.com.br\/blog\/?p=67275"},"modified":"2017-03-17T19:02:09","modified_gmt":"2017-03-17T22:02:09","slug":"prova-da-semana-comentario-da-prova-do-alerj-analista-de-ti-bd-e-bi","status":"publish","type":"post","link":"https:\/\/www.estrategiaconcursos.com.br\/blog\/prova-da-semana-comentario-da-prova-do-alerj-analista-de-ti-bd-e-bi\/","title":{"rendered":"Prova da Semana \u2013 Coment\u00e1rio da prova do Alerj \u2013 Analista de TI \u2013 BD e BI"},"content":{"rendered":"<p>\n\tAbaixo comentamos as quest&otilde;es de banco de dados da prova do Alerj deste &uacute;ltimo final de semana. S&atilde;o 10 quest&otilde;es de banco de dados e BI dos mais variados assuntos, vamos aos coment&aacute;rios.\n<\/p>\n<p>\n\t<img loading=\"lazy\" decoding=\"async\" alt=\"\" class=\"aligncenter size-full wp-image-67276\" height=\"500\" src=\"https:\/\/dhg1h5j42swfq.cloudfront.net\/2017\/03\/16161906\/Figura-de-topo.jpg\" width=\"956\" srcset=\"https:\/\/dhg1h5j42swfq.cloudfront.net\/2017\/03\/16161906\/Figura-de-topo.jpg 956w, https:\/\/dhg1h5j42swfq.cloudfront.net\/2017\/03\/16161906\/Figura-de-topo.jpg 300w, https:\/\/dhg1h5j42swfq.cloudfront.net\/2017\/03\/16161906\/Figura-de-topo.jpg 768w, https:\/\/dhg1h5j42swfq.cloudfront.net\/2017\/03\/16161906\/Figura-de-topo.jpg 500w\" sizes=\"auto, (max-width: 956px) 100vw, 956px\" \/>\n<\/p>\n<div>\n<ol>\n<li>\n\t\t\t<strong>Ano: 2017 Banca: FGV&nbsp;&Oacute;rg&atilde;o: Alerj Cargo:<\/strong> <strong>Analista de Tecnologia da Informa&ccedil;&atilde;o Q. 41<\/strong>\n\t\t<\/li>\n<\/ol>\n<p>\n\t\tObserve o seguinte relat&oacute;rio OLAP.\n\t<\/p>\n<p>\n\t\t<img loading=\"lazy\" decoding=\"async\" alt=\"\" class=\"aligncenter size-full wp-image-67277\" height=\"110\" src=\"https:\/\/dhg1h5j42swfq.cloudfront.net\/2017\/03\/16161907\/figura-01-questao-1.png\" width=\"234\" \/>\n\t<\/p>\n<p>\n\t\tA alternativa que ilustra o resultado da opera&ccedil;&atilde;o Dice &eacute;\n\t<\/p>\n<p>\n\t\t&nbsp;\n\t<\/p>\n<p>\n\t\t<img loading=\"lazy\" decoding=\"async\" alt=\"\" class=\"aligncenter size-full wp-image-67285\" height=\"625\" src=\"https:\/\/dhg1h5j42swfq.cloudfront.net\/2017\/03\/16161918\/figura-02-questao-1.png\" width=\"338\" srcset=\"https:\/\/dhg1h5j42swfq.cloudfront.net\/2017\/03\/16161918\/figura-02-questao-1.png 338w, https:\/\/dhg1h5j42swfq.cloudfront.net\/2017\/03\/16161918\/figura-02-questao-1.png 162w\" sizes=\"auto, (max-width: 338px) 100vw, 338px\" \/><strong>Coment&aacute;rio:<\/strong> Comentamos na nossa aula de <a href=\"https:\/\/www.youtube.com\/watch?v=_0Heu975Sik\">revis&atilde;o para alerj<\/a> que o DICE corta o cubo de dados em mais de uma dimens&atilde;o. Ou, em outras palavras, restringe o escopo de an&aacute;lise em duas dimens&otilde;es distintas. Tal fato pode ser observado na alternativa B, nela da dimens&atilde;o localiza&ccedil;&atilde;o &eacute; reduzida apenas ao escopo do estado de S&atilde;o Paulo e a dimens&atilde;o produto &eacute; restrita apenas a &oacute;culos e camisa.\n\t<\/p>\n<p>\n\t\t<strong>Gabarito:<\/strong> B.\n\t<\/p>\n<\/div>\n<div>\n<ol>\n<li value=\"2\">\n\t\t\t<strong>Ano: 2017 Banca: FGV&nbsp;&Oacute;rg&atilde;o: Alerj Cargo:<\/strong> <strong>Analista de Tecnologia da Informa&ccedil;&atilde;o Q. <\/strong>42\n\t\t<\/li>\n<\/ol>\n<p>\n\t\tDaniel est&aacute; desenvolvendo um Data Warehouse para analisar os dados do Censo Escolar. A fonte de dados est&aacute; em um arquivo CSV e descrita em um documento, conforme parcialmente ilustrado nas figuras a seguir.\n\t<\/p>\n<p>\n\t\t<img loading=\"lazy\" decoding=\"async\" alt=\"\" class=\"aligncenter size-full wp-image-67278\" height=\"138\" src=\"https:\/\/dhg1h5j42swfq.cloudfront.net\/2017\/03\/16161909\/figura-01-questao-2.png\" width=\"348\" srcset=\"https:\/\/dhg1h5j42swfq.cloudfront.net\/2017\/03\/16161909\/figura-01-questao-2.png 348w, https:\/\/dhg1h5j42swfq.cloudfront.net\/2017\/03\/16161909\/figura-01-questao-2.png 300w\" sizes=\"auto, (max-width: 348px) 100vw, 348px\" \/>\n\t<\/p>\n<p>\n\t\t<img loading=\"lazy\" decoding=\"async\" alt=\"\" class=\"aligncenter size-full wp-image-67286\" height=\"87\" src=\"https:\/\/dhg1h5j42swfq.cloudfront.net\/2017\/03\/16161920\/figura-02-questao-2.png\" width=\"392\" srcset=\"https:\/\/dhg1h5j42swfq.cloudfront.net\/2017\/03\/16161920\/figura-02-questao-2.png 392w, https:\/\/dhg1h5j42swfq.cloudfront.net\/2017\/03\/16161920\/figura-02-questao-2.png 300w\" sizes=\"auto, (max-width: 392px) 100vw, 392px\" \/>\n\t<\/p>\n<p>\n\t\tPara carregar esses dados no Data Warehouse com a descri&ccedil;&atilde;o dos turnos no lugar de seu c&oacute;digo, Daniel deve desenvolver um programa para ler os dados do arquivo, realizar transforma&ccedil;&otilde;es e carregar o resultado no banco de dados.\n\t<\/p>\n<p>\n\t\tA ferramenta a ser utilizada por Daniel &eacute;:\n\t<\/p>\n<p>\n\t\t(A) ETL;\n\t<\/p>\n<p>\n\t\t(B) OLAP;\n\t<\/p>\n<p>\n\t\t(C) Data Mining;\n\t<\/p>\n<p>\n\t\t(D) ODBC;\n\t<\/p>\n<p>\n\t\t(E) XSLT.\n\t<\/p>\n<p>\n\t\t<strong>Coment&aacute;rio:<\/strong> A defini&ccedil;&atilde;o presente no enunciado claramente nos aponta para a ferramenta respons&aacute;vel pela extra&ccedil;&atilde;o, transforma&ccedil;&atilde;o e carga dos dados. Essa carga pode ser feita a partir de um banco de dados relacional, um arquivo de texto plano ou algum outro documento semiestruturado, por exemplo.\n\t<\/p>\n<p>\n\t\t<strong>Gabarito:<\/strong> A.\n\t<\/p>\n<ol>\n<li value=\"3\">\n\t\t\t<strong>Ano: 2017 Banca: CESPE &Oacute;rg&atilde;o: Alerj Cargo:<\/strong> <strong>Analista de Tecnologia da Informa&ccedil;&atilde;o Q. <\/strong>43\n\t\t<\/li>\n<\/ol>\n<\/div>\n<div>\n<p>\n\t\tObserve o seguinte Modelo Multidimensional de Dados.\n\t<\/p>\n<p>\n\t\t<img loading=\"lazy\" decoding=\"async\" alt=\"\" class=\"aligncenter size-full wp-image-67279\" height=\"206\" src=\"https:\/\/dhg1h5j42swfq.cloudfront.net\/2017\/03\/16161909\/figura-01-questao-3.png\" width=\"490\" srcset=\"https:\/\/dhg1h5j42swfq.cloudfront.net\/2017\/03\/16161909\/figura-01-questao-3.png 490w, https:\/\/dhg1h5j42swfq.cloudfront.net\/2017\/03\/16161909\/figura-01-questao-3.png 300w\" sizes=\"auto, (max-width: 490px) 100vw, 490px\" \/>\n\t<\/p>\n<p>\n\t\tA t&eacute;cnica de modelagem multidimensional utilizada para normalizar a dimens&atilde;o, movendo os campos de baixa cardinalidade para tabelas separadas e ligadas &agrave; tabela original atrav&eacute;s de chaves artificiais, &eacute;:\n\t<\/p>\n<p>\n\t\t(A) Slowly Changing Dimension;\n\t<\/p>\n<p>\n\t\t(B) Conformed Dimension;\n\t<\/p>\n<p>\n\t\t(C) Degenerated Dimension;\n\t<\/p>\n<p>\n\t\t(D) Snowflaked Dimension;\n\t<\/p>\n<p>\n\t\t(E) Role-Playing Dimension.\n\t<\/p>\n<p>\n\t\t<strong>Coment&aacute;rio:<\/strong> A quest&atilde;o apresente o conceito de modelo de dados floco de neve de forma um pouco mais elaborada. Contudo, voc&ecirc; pode perceber que a caracter&iacute;stica determinante para esse tipo de modelagem multidimensional que &eacute; ter <strong>dimens&otilde;es normalizadas <\/strong>est&aacute; presente, tanto na figura quanto na descri&ccedil;&atilde;o.\n\t<\/p>\n<p>\n\t\t<strong>Gabarito:<\/strong> D.\n\t<\/p>\n<\/div>\n<div>\n<ol>\n<li value=\"4\">\n\t\t\t<strong>Ano: 2017 Banca: FGV&nbsp;&Oacute;rg&atilde;o: Alerj Cargo:<\/strong> <strong>Analista de Tecnologia da Informa&ccedil;&atilde;o Q. <\/strong>44\n\t\t<\/li>\n<\/ol>\n<p>\n\t\tO SGBD Oracle 11g armazena logicamente seus dados em tablespaces e fisicamente em datafiles associados &agrave; tablespace. Considere um banco de dados com a tablespace tbs_03.\n\t<\/p>\n<p>\n\t\tPara aumentar esse banco, adicionando o datafile tbs_f04.dbf &agrave; tablespace tbs_03, deve-se executar o comando:\n\t<\/p>\n<p>\n\t\t(A) CREATE TABLESPACE tbs_03 DATAFILE &#039;tbs_f04.dbf&#039;;\n\t<\/p>\n<p>\n\t\t(B) ALTER TABLESPACE tbs_03 ADD DATAFILE &#039;tbs_f04.dbf&#039; SIZE 100K;\n\t<\/p>\n<p>\n\t\t(C) CREATE DATAFILE &#039;tbs_f04.dbf&#039; ON tbs_03 TABLESPACE;\n\t<\/p>\n<p>\n\t\t(D) ALTER DATABASE AUTOEXTEND &#039;tbs_f04.dbf&#039; ON tbs_03;\n\t<\/p>\n<p>\n\t\t(E) ADD DATAFILE &#039;tbs_f04.dbf&#039; ON TABLESPACE tbs_03 SIZE 100K;\n\t<\/p>\n<p>\n\t\t<strong>Coment&aacute;rio:<\/strong> O comando do Oracle respons&aacute;vel pela altera&ccedil;&atilde;o de espa&ccedil;os de tabela pode ser usado para diferentes prop&oacute;sitos. Pela sintaxe do comando podemos observar esse fato:\n\t<\/p>\n<p>\n\t\t<img loading=\"lazy\" decoding=\"async\" alt=\"\" class=\"aligncenter size-full wp-image-67280\" height=\"653\" src=\"https:\/\/dhg1h5j42swfq.cloudfront.net\/2017\/03\/16161911\/figura-01-questao-4.png\" width=\"656\" srcset=\"https:\/\/dhg1h5j42swfq.cloudfront.net\/2017\/03\/16161911\/figura-01-questao-4.png 656w, https:\/\/dhg1h5j42swfq.cloudfront.net\/2017\/03\/16161911\/figura-01-questao-4.png 150w, https:\/\/dhg1h5j42swfq.cloudfront.net\/2017\/03\/16161911\/figura-01-questao-4.png 300w, https:\/\/dhg1h5j42swfq.cloudfront.net\/2017\/03\/16161911\/figura-01-questao-4.png 301w\" sizes=\"auto, (max-width: 656px) 100vw, 656px\" \/>\n\t<\/p>\n<p>\n\t\tNosso interesse para responder &agrave; quest&atilde;o est&aacute; na adi&ccedil;&atilde;o de um novo DATAFILE ao TABLESPACE. Na defini&ccedil;&atilde;o do file_specification acima temos a possibilidade de definir o tamanho (SIZE) para o DATAFILE. Veja na figura abaixo.\n\t<\/p>\n<p>\n\t\t<img loading=\"lazy\" decoding=\"async\" alt=\"\" class=\"aligncenter size-full wp-image-67287\" height=\"339\" src=\"https:\/\/dhg1h5j42swfq.cloudfront.net\/2017\/03\/16161921\/figura-02-questao-4.png\" width=\"564\" srcset=\"https:\/\/dhg1h5j42swfq.cloudfront.net\/2017\/03\/16161921\/figura-02-questao-4.png 564w, https:\/\/dhg1h5j42swfq.cloudfront.net\/2017\/03\/16161921\/figura-02-questao-4.png 300w, https:\/\/dhg1h5j42swfq.cloudfront.net\/2017\/03\/16161921\/figura-02-questao-4.png 500w\" sizes=\"auto, (max-width: 564px) 100vw, 564px\" \/>\n\t<\/p>\n<p>\n\t\tDesta forma, podemos considerar a alternativa B como correta por apresentar uma sintaxe consistente com o comando em quest&atilde;o.\n\t<\/p>\n<p>\n\t\t<strong>Gabarito:<\/strong> B.\n\t<\/p>\n<\/div>\n<div>\n<ol>\n<li value=\"5\">\n\t\t\t<strong>Ano: 2017 Banca: FGV&nbsp;&Oacute;rg&atilde;o: Alerj Cargo:<\/strong> <strong>Analista de Tecnologia da Informa&ccedil;&atilde;o Q. <\/strong>45\n\t\t<\/li>\n<\/ol>\n<p>\n\t\tObserve a figura a seguir, que representa um Modelo de Entidades e Relacionamentos utilizando a nota&ccedil;&atilde;o IDEF1X (Integrated DEFinition for Information Modelling).\n\t<\/p>\n<p align=\"center\">\n\t\t<img loading=\"lazy\" decoding=\"async\" alt=\"\" class=\"aligncenter size-full wp-image-67281\" height=\"399\" src=\"https:\/\/dhg1h5j42swfq.cloudfront.net\/2017\/03\/16161912\/figura-01-questao-5.png\" width=\"548\" srcset=\"https:\/\/dhg1h5j42swfq.cloudfront.net\/2017\/03\/16161912\/figura-01-questao-5.png 548w, https:\/\/dhg1h5j42swfq.cloudfront.net\/2017\/03\/16161912\/figura-01-questao-5.png 300w, https:\/\/dhg1h5j42swfq.cloudfront.net\/2017\/03\/16161912\/figura-01-questao-5.png 412w\" sizes=\"auto, (max-width: 548px) 100vw, 548px\" \/>\n\t<\/p>\n<p>\n\t\tCom base na sintaxe da nota&ccedil;&atilde;o utilizada no modelo, &eacute; correto afirmar que:\n\t<\/p>\n<p>\n\t\t(A) &quot;Entidade_1&quot; &eacute; uma entidade dependente;\n\t<\/p>\n<p>\n\t\t(B) &quot;rela_A&quot; indica que o conjunto de entidades que representam um subtipo ou subclassifica&ccedil;&atilde;o da &quot;Entidade_1&quot; est&aacute; incompleto;\n\t<\/p>\n<p>\n\t\t(C) &quot;rela_C&quot; &eacute; um relacionamento onde cada inst&acirc;ncia da entidade filho est&aacute; relacionada a zero ou a uma inst&acirc;ncia da entidade pai;\n\t<\/p>\n<p>\n\t\t(D) &quot;rela_D&quot; indica que &quot;Entidade_3&quot; se relaciona com uma ou mais &quot;Entidade_4&quot;;\n\t<\/p>\n<p>\n\t\t(E) &quot;rela_B&quot; &eacute; um relacionamento onde cada inst&acirc;ncia da entidade filho est&aacute; relacionada a uma ou mais inst&acirc;ncias da entidade pai.\n\t<\/p>\n<p>\n\t\t<strong>Coment&aacute;rio:<\/strong> Essa quest&atilde;o merece o coment&aacute;rio de cada uma das alternativas.\n\t<\/p>\n<p>\n\t\tNa letra A temos a afirma&ccedil;&atilde;o que a entidade_1 &eacute; dependente. Lembre-se que o que caracteriza a depend&ecirc;ncia no modelo em quest&atilde;o &eacute; o fato das pontas do ret&acirc;ngulo serem arredondas. Sendo assim, as entidades 3, 4 e 5 s&atilde;o dependentes.\n\t<\/p>\n<p>\n\t\tJ&aacute; na alternativa B temos a nota&ccedil;&atilde;o representa uma <strong>heran&ccedil;a completa<\/strong> (dois tra&ccedil;os abaixo do c&iacute;rculo) e exclusiva (apenas um c&iacute;rculo). Sendo assim n&atilde;o podemos dizer que a Entidade_1 est&aacute; incompleto.\n\t<\/p>\n<p>\n\t\tA rela&ccedil;&atilde;o &ldquo;rela_C&rdquo; representa um relacionamento 1:N opcional. Sendo assim, a alternativa C tamb&eacute;m se encontra incorreta.\n\t<\/p>\n<p>\n\t\tA letra D apresenta um relacionamento apresenta um relacionamento obrigat&oacute;rio 1:N. Est&aacute; &eacute; a nossa resposta!\n\t<\/p>\n<p>\n\t\tO erro da alternativa E est&aacute; em dizer que cada inst&acirc;ncia da entidade filho est&aacute; relacionado a uma ou mais inst&acirc;ncias da entidade pai. Quando na realidade a ideia &eacute; justamente o contr&aacute;rio. Pense que um Pai pode ter v&aacute;rios filhos, mais um filho s&oacute; deve ter apenas um pai.\n\t<\/p>\n<p>\n\t\t<strong>Gabarito:<\/strong> D.\n\t<\/p>\n<\/div>\n<div>\n<ol>\n<li value=\"6\">\n\t\t\t<strong>Ano: 2017 Banca: FGV &Oacute;rg&atilde;o: Alerj Cargo:<\/strong> <strong>Analista de Tecnologia da Informa&ccedil;&atilde;o Q. <\/strong>46\n\t\t<\/li>\n<\/ol>\n<p>\n\t\tQuando uma inst&acirc;ncia &eacute; iniciada, o SGBD Oracle 11g aloca uma &aacute;rea de mem&oacute;ria e inicia processos de background. A mem&oacute;ria alocada para vari&aacute;veis de sess&atilde;o, como informa&ccedil;&otilde;es de logon e outras informa&ccedil;&otilde;es necess&aacute;rias por uma sess&atilde;o do banco de dados, &eacute; a:\n\t<\/p>\n<p>\n\t\t(A) Reserved Pool;\n\t<\/p>\n<p>\n\t\t(B) Data Dictionary Cache;\n\t<\/p>\n<p>\n\t\t(C) User Global Area;\n\t<\/p>\n<p>\n\t\t(D) Java Pool;\n\t<\/p>\n<p>\n\t\t(E) Database Buffer Cache\n\t<\/p>\n<p>\n\t\t<strong>Coment&aacute;rio:<\/strong> A &Aacute;rea Global do Usu&aacute;rio (UGA) &eacute; a mem&oacute;ria associada a uma sess&atilde;o de usu&aacute;rio. Nesta sess&atilde;o, onde a mem&oacute;ria &eacute; alocada para as vari&aacute;veis de sess&atilde;o, como informa&ccedil;&otilde;es de logon e outras informa&ccedil;&otilde;es exigidas por uma sess&atilde;o de banco de dados. Essencialmente, o UGA armazena o estado da sess&atilde;o. A figura descreve o UGA pode ser vista abaixo:\n\t<\/p>\n<p align=\"center\">\n\t\t<img loading=\"lazy\" decoding=\"async\" alt=\"\" class=\"aligncenter size-full wp-image-67282\" height=\"153\" src=\"https:\/\/dhg1h5j42swfq.cloudfront.net\/2017\/03\/16161914\/figura-01-questao-6.png\" width=\"203\" \/>\n\t<\/p>\n<p>\n\t\tVejam que o coment&aacute;rio assim est&aacute; diretamente associado ao texto do enunciado. Sendo assim, podemos concluir que nossa resposta est&aacute; na alternativa C.\n\t<\/p>\n<p>\n\t\t<strong>Gabarito:<\/strong> C\n\t<\/p>\n<\/div>\n<div>\n<ol>\n<li value=\"7\">\n\t\t\t<strong>Ano: 2017 Banca: FGV &Oacute;rg&atilde;o: Alerj Cargo:<\/strong> <strong>Analista de Tecnologia da Informa&ccedil;&atilde;o Q. <\/strong>47\n\t\t<\/li>\n<\/ol>\n<p>\n\t\tObserve as figuras a seguir que ilustram, parcialmente, dois procedimentos escritos em PL\/SQL e implementados em uma inst&acirc;ncia de banco de dados Oracle 11g. Considere que a execu&ccedil;&atilde;o de proced1 foi submetida diretamente no prompt do Oracle SQL *Plus&reg;.\n\t<\/p>\n<p>\n\t\t<img loading=\"lazy\" decoding=\"async\" alt=\"\" class=\"aligncenter size-full wp-image-67283\" height=\"485\" src=\"https:\/\/dhg1h5j42swfq.cloudfront.net\/2017\/03\/16161915\/figura-01-questao-7.png\" width=\"644\" srcset=\"https:\/\/dhg1h5j42swfq.cloudfront.net\/2017\/03\/16161915\/figura-01-questao-7.png 644w, https:\/\/dhg1h5j42swfq.cloudfront.net\/2017\/03\/16161915\/figura-01-questao-7.png 300w, https:\/\/dhg1h5j42swfq.cloudfront.net\/2017\/03\/16161915\/figura-01-questao-7.png 398w\" sizes=\"auto, (max-width: 644px) 100vw, 644px\" \/>\n\t<\/p>\n<p>\n\t\tA transa&ccedil;&atilde;o iniciada na linha 5 de proced1 ter&aacute; seus efeitos gravados permanentemente no banco de dados quando:\n\t<\/p>\n<p>\n\t\t(A) a rotina proced2 iniciar;\n\t<\/p>\n<p>\n\t\t(B) o COMMIT da linha 9 de proced2 for executado;\n\t<\/p>\n<p>\n\t\t(C) o EXECUTE IMMEDIATE da linha 9 de proced1 for executado;\n\t<\/p>\n<p>\n\t\t(D) o COMMIT da linha 10 de proced1 for executado;\n\t<\/p>\n<p>\n\t\t(E) o usu&aacute;rio desconectar voluntariamente do Oracle 11g durante a execu&ccedil;&atilde;o da linha 10 de proced2.\n\t<\/p>\n<p>\n\t\t<strong>Coment&aacute;rio:<\/strong>&nbsp;[ATUALIZA&Ccedil;&Atilde;O] De acordo com a documenta&ccedil;&atilde;o do guia do usu&aacute;rio de PL\/SQL da Oracle, o comando EXECUTE IMMEDIATE prepara e executa imediatamente uma instru&ccedil;&atilde;o SQL ou um bloco an&ocirc;nimo PL\/SQL. Ele permite que instru&ccedil;&otilde;es DDL ou DCL possam ser executadas dentro de um bloco PL\/SQL. Os dados gravados efetivamente s&atilde;o apenas os que s&atilde;o manipulados pelo comando, n&atilde;o considerando as demais instru&ccedil;&otilde;es executadas dentro da procedure.&nbsp;\n\t<\/p>\n<p>\n\t\tContudo existe um ponto importante que foi justamente a nuance que o examinador quis&nbsp;questionar na prova. Vejam o que diz a&nbsp;<a href=\"https:\/\/docs.oracle.com\/cd\/B19306_01\/server.102\/b14220\/transact.htm\">documenta&ccedil;&atilde;o oficial<\/a> da oracle sobre commits em transa&ccedil;&otilde;es: &quot;A user runs a DDL statement such as&nbsp;<code>CREATE<\/code>,&nbsp;<code>DROP<\/code>,&nbsp;<code>RENAME<\/code>, or&nbsp;<code>ALTER<\/code>. If the current transaction contains any DML statements, Oracle first commits the transaction, and then runs and commits the DDL statement as a new, single statement transaction.&quot;\n\t<\/p>\n<p>\n\t\tObservem que o comando EXECUTE IMMEDIATE est&aacute;&nbsp;criando uma tabela global tempor&aacute;ria. Neste caso temos um comando DDL. Sendo assim, todos os demais comandos DML da transa&ccedil;&atilde;o ser&atilde;o Commitados nesta linha da transa&ccedil;&atilde;o.&nbsp;\n\t<\/p>\n<p>\n\t\t<strong>Gabarito:<\/strong> C\n\t<\/p>\n<\/div>\n<div>\n<ol>\n<li value=\"8\">\n\t\t\t<strong>Ano: 2017 Banca: FGV &Oacute;rg&atilde;o: Alerj Cargo:<\/strong> <strong>Analista de Tecnologia da Informa&ccedil;&atilde;o Q. <\/strong>48\n\t\t<\/li>\n<\/ol>\n<p>\n\t\tEm banco de dados, a finalidade do processo de normaliza&ccedil;&atilde;o &eacute; evitar redund&acirc;ncias e, portanto, evitar certas anomalias de atualiza&ccedil;&atilde;o de dados. Considere as depend&ecirc;ncias funcionais entre os atributos das seguintes entidades:\n\t<\/p>\n<p>\n\t\tPACIENTE(ID_PACIENTE determina NOME_PACIENTE);\n\t<\/p>\n<p>\n\t\tMEDICO(ID_MEDICO determina CRM_MEDICO, NOME_MEDICO);\n\t<\/p>\n<p>\n\t\tCONSULTA(ID_PACIENTE, ID_MEDICO determinam DATA_ATEND, HORA_ATEND);\n\t<\/p>\n<p>\n\t\tSabendo-se que o atributo sublinhado &eacute; a chave prim&aacute;ria, a alternativa que apresenta as entidades e seus atributos na Terceira Forma Normal (3FN) &eacute;:\n\t<\/p>\n<p>\n\t\t(A) PACIENTE (<u>ID_PACIENTE<\/u>, NOME_PACIENTE, ID_MEDICO, DATA_ATEND, HORA_ATEND)\n\t<\/p>\n<p>\n\t\tMEDICO (<u>ID_MEDICO<\/u>, CRM_MEDICO, NOME_MEDICO)\n\t<\/p>\n<p>\n\t\tCONSULTA (<u>CRM_MEDICO<\/u>, DATA_ATEND, HORA_ATEND)\n\t<\/p>\n<p>\n\t\t(B) PACIENTE (<u>ID_PACIENTE<\/u>, NOME_PACIENTE)\n\t<\/p>\n<p>\n\t\tMEDICO (<u>ID_MEDICO<\/u>, CRM_MEDICO, NOME_MEDICO)\n\t<\/p>\n<p>\n\t\tCONSULTA (<u>ID_PACIENTE<\/u>, NOME_MEDICO, DATA_ATEND, HORA_ATEND)\n\t<\/p>\n<p>\n\t\t(C) PACIENTE (<u>ID_PACIENTE<\/u>, NOME_PACIENTE, ID_MEDICO)\n\t<\/p>\n<p>\n\t\tMEDICO (<u>ID_MEDICO<\/u>, CRM_MEDICO, NOME_MEDICO)\n\t<\/p>\n<p>\n\t\tCONSULTA (<u>ID_PACIENTE<\/u>, DATA_ATEND, HORA_ATEND)\n\t<\/p>\n<p>\n\t\t(D) PACIENTE (<u>ID_PACIENTE<\/u>, NOME_PACIENTE)\n\t<\/p>\n<p>\n\t\tMEDICO (<u>ID_MEDICO<\/u>, CRM_MEDICO, NOME_MEDICO)\n\t<\/p>\n<p>\n\t\tCONSULTA (<u>ID_PACIENTE, ID_MEDICO<\/u>, DATA_ATEND, HORA_ATEND)\n\t<\/p>\n<p>\n\t\t(E) PACIENTE (<u>ID_PACIENTE<\/u>, NOME_PACIENTE)\n\t<\/p>\n<p>\n\t\tMEDICO (<u>ID_MEDICO<\/u>, CRM_MEDICO, NOME_MEDICO)\n\t<\/p>\n<p>\n\t\tCONSULTA (<u>ID_PACIENTE, CRM_MEDICO<\/u>, NOME_MEDICO,\n\t<\/p>\n<p>\n\t\tDATA_ATEND, HORA_ATEND)\n\t<\/p>\n<p>\n\t\t<strong>Coment&aacute;rio:<\/strong> Para chegarmos at&eacute; a terceira forma normal temos que cumprir alguns requisitos. As rela&ccedil;&otilde;es do modelo n&atilde;o podem ter atributos compostos ou multivalorasdos (1FN), n&atilde;o pode existir em cada uma das rela&ccedil;&otilde;es depend&ecirc;ncia parcial (2FN) nem depend&ecirc;ncia transitiva (3FN). Ao ajustar o modelo podemos encontra nossa resposta na alternativa D.\n\t<\/p>\n<p>\n\t\t<strong>Gabarito:<\/strong> D\n\t<\/p>\n<\/div>\n<div>\n<ol>\n<li value=\"9\">\n\t\t\t<strong>Ano: 2017 Banca: FGV &Oacute;rg&atilde;o: Alerj Cargo:<\/strong> <strong>Analista de Tecnologia da Informa&ccedil;&atilde;o Q. 49<\/strong>\n\t\t<\/li>\n<\/ol>\n<p>\n\t\tObserve a instru&ccedil;&atilde;o SQL a seguir, que representa uma consulta &agrave; tabela &quot;TB_Produto&quot; de uma inst&acirc;ncia de banco de dados Oracle 11g.\n\t<\/p>\n<p>\n\t\tSELECT desc_prod\n\t<\/p>\n<p>\n\t\tFROM TB_Produto\n\t<\/p>\n<p>\n\t\tWHERE to_char(data_saida,&#039;YYYY-MM-DD&#039;) = &#039;2016-01-04&#039;;\n\t<\/p>\n<p>\n\t\tA consulta lista a descri&ccedil;&atilde;o dos produtos que tiveram data de sa&iacute;da do estoque em 04 de Janeiro de 2016. A coluna que armazena a data de sa&iacute;da do produto n&atilde;o &eacute; chave prim&aacute;ria. Visando melhorar o desempenho das consultas &agrave; coluna &ldquo;data_saida&rdquo;, o Administrador de Banco de Dados deve criar um &iacute;ndice do tipo:\n\t<\/p>\n<p>\n\t\t(A) B-Tree;\n\t<\/p>\n<p>\n\t\t(B) Function-Based;\n\t<\/p>\n<p>\n\t\t(C) Bitmap;\n\t<\/p>\n<p>\n\t\t(D) Hash;\n\t<\/p>\n<p>\n\t\t(E) Unique.\n\t<\/p>\n<p>\n\t\t<strong>Coment&aacute;rio:<\/strong> Um dos maiores problemas com &iacute;ndices &eacute; que os &iacute;ndices s&atilde;o muitas vezes suprimidos por desenvolvedores e usu&aacute;rios ad-hoc. Desenvolvedores que usam fun&ccedil;&otilde;es muitas vezes suprimem os &iacute;ndices criados pelo banco de dados. No Oracle, existe uma maneira de combater este problema.\n\t<\/p>\n<p>\n\t\tOs <strong>&iacute;ndices baseados em fun&ccedil;&atilde;o<\/strong> permitem criar um &iacute;ndice baseado em uma fun&ccedil;&atilde;o ou express&atilde;o. O valor da fun&ccedil;&atilde;o ou express&atilde;o &eacute; especificado pela pessoa que cria o &iacute;ndice e &eacute; armazenado no &iacute;ndice. Os &iacute;ndices baseados em fun&ccedil;&otilde;es podem envolver v&aacute;rias colunas, express&otilde;es aritm&eacute;ticas ou ainda uma fun&ccedil;&atilde;o PL\/SQL ou uma chamada em C. O exemplo a seguir mostra como criar um &iacute;ndice baseado em fun&ccedil;&atilde;o:\n\t<\/p>\n<p>\n\t\t<img loading=\"lazy\" decoding=\"async\" alt=\"\" class=\"aligncenter size-full wp-image-67296\" height=\"13\" src=\"https:\/\/dhg1h5j42swfq.cloudfront.net\/2017\/03\/16165828\/figura-01-questao-9.png\" width=\"333\" srcset=\"https:\/\/dhg1h5j42swfq.cloudfront.net\/2017\/03\/16165828\/figura-01-questao-9.png 333w, https:\/\/dhg1h5j42swfq.cloudfront.net\/2017\/03\/16165828\/figura-01-questao-9.png 300w\" sizes=\"auto, (max-width: 333px) 100vw, 333px\" \/>\n\t<\/p>\n<p>\n\t\tDesta forma, podemos marcar nosso gabarito na alternativa B. Para quem tiver curiosidade o mestre F&aacute;bio Prado fez <a href=\"http:\/\/www.fabioprado.net\/2016\/04\/indices-no-oracle-database-tudo-o-que.html\">uma palestra<\/a> sobre esse assunto, os slides tamb&eacute;m est&atilde;o dispon&iacute;veis <a href=\"http:\/\/www.dbabr.com.br\/blog\/wp-content\/uploads\/2016\/03\/TudoSobreIndices.pdf\">aqui<\/a>.\n\t<\/p>\n<p>\n\t\t<strong>Gabarito:<\/strong> B\n\t<\/p>\n<\/div>\n<div>\n<ol>\n<li value=\"10\">\n\t\t\t<strong>Ano: 2017 Banca: FGV &Oacute;rg&atilde;o: Alerj Cargo:<\/strong> <strong>Analista de Tecnologia da Informa&ccedil;&atilde;o Q. 50<\/strong>\n\t\t<\/li>\n<\/ol>\n<p>\n\t\tNo SQL Server 2012, os seguintes comandos foram executados individualmente para criar as tabelas no banco de dados MeuBanco.\n\t<\/p>\n<p>\n\t\t<img loading=\"lazy\" decoding=\"async\" alt=\"\" class=\"aligncenter size-full wp-image-67284\" height=\"400\" src=\"https:\/\/dhg1h5j42swfq.cloudfront.net\/2017\/03\/16161917\/figura-01-questao-10.png\" width=\"552\" srcset=\"https:\/\/dhg1h5j42swfq.cloudfront.net\/2017\/03\/16161917\/figura-01-questao-10.png 552w, https:\/\/dhg1h5j42swfq.cloudfront.net\/2017\/03\/16161917\/figura-01-questao-10.png 300w, https:\/\/dhg1h5j42swfq.cloudfront.net\/2017\/03\/16161917\/figura-01-questao-10.png 414w\" sizes=\"auto, (max-width: 552px) 100vw, 552px\" \/>\n\t<\/p>\n<p>\n\t\tA figura abaixo representa o conte&uacute;do das tabelas Tab1, Tab2 e Tab3 de MeuBanco.\n\t<\/p>\n<p>\n\t\t<img loading=\"lazy\" decoding=\"async\" alt=\"\" class=\"aligncenter size-full wp-image-67297\" height=\"656\" src=\"https:\/\/dhg1h5j42swfq.cloudfront.net\/2017\/03\/16165943\/figura-02-questao-10.png\" width=\"378\" srcset=\"https:\/\/dhg1h5j42swfq.cloudfront.net\/2017\/03\/16165943\/figura-02-questao-10.png 378w, https:\/\/dhg1h5j42swfq.cloudfront.net\/2017\/03\/16165943\/figura-02-questao-10.png 173w\" sizes=\"auto, (max-width: 378px) 100vw, 378px\" \/>\n\t<\/p>\n<p>\n\t\tEm momento posterior, os comandos abaixo foram executados individualmente na seguinte ordem:\n\t<\/p>\n<p>\n\t\tTRUNCATE TABLE Tab1;\n\t<\/p>\n<p>\n\t\tDELETE TOP (2) FROM Tab2 WHERE Cod &lt; 4000;\n\t<\/p>\n<p>\n\t\tTRUNCATE TABLE Tab3;\n\t<\/p>\n<p>\n\t\tConsidere a execu&ccedil;&atilde;o de commit impl&iacute;citos e desconsidere quaisquer comandos reconhecidos unicamente por aplicativos clientes para acesso aos bancos de dados do SQL Server 2012. Ap&oacute;s a execu&ccedil;&atilde;o dos comandos, &eacute; correto afirmar que:\n\t<\/p>\n<p>\n\t\t(A) as linhas de Tab1 foram removidas e foi registrada uma entrada no log de transa&ccedil;&otilde;es para cada linha exclu&iacute;da;\n\t<\/p>\n<p>\n\t\t(B) as linhas, a estrutura da tabela, as colunas e as constraints de Tab1 forma removidas;\n\t<\/p>\n<p>\n\t\t(C) Tab2 ficou vazia, mas sua estrutura n&atilde;o sofreu altera&ccedil;&otilde;es;\n\t<\/p>\n<p>\n\t\t(D) os dados de Tab3 foram removidos e suas respectivas p&aacute;ginas de dados foram desalocadas;\n\t<\/p>\n<p>\n\t\t(E) Tab3 teve seus dados removidos e foi registrada uma entrada no log de transa&ccedil;&otilde;es para cada linha exclu&iacute;da.\n\t<\/p>\n<p>\n\t\t<strong>Coment&aacute;rio:<\/strong> O comando TRUNCATE vai remover todas as linhas da tabela e suas respectivas p&aacute;ginas sem gravar essa modifica&ccedil;&atilde;o nos arquivos de log. A estrutura da tabela permanece dispon&iacute;vel no SGBD, agora sem dados armazenados. Sendo assim podemos marcar nossa resposta na alternativa D.\n\t<\/p>\n<p>\n\t\t<strong>Gabarito:<\/strong> D\n\t<\/p>\n<p>\n\t\tEspero que aproveitem os coment&aacute;rios acima para fazer uma revis&atilde;o sobre o assunto. A FGV &eacute; uma das bancas que cobra banco de dados em um n&iacute;vel mais elevado.&nbsp;\n\t<\/p>\n<p>\n\t\tQualquer d&uacute;vida estou &agrave;s ordens,\n\t<\/p>\n<p>\n\t\tThiago\n\t<\/p>\n<\/div>\n","protected":false},"excerpt":{"rendered":"<p>Abaixo comentamos as quest&otilde;es de banco de dados da prova do Alerj deste &uacute;ltimo final de semana. S&atilde;o 10 quest&otilde;es de banco de dados e BI dos mais variados assuntos, vamos aos coment&aacute;rios. Ano: 2017 Banca: FGV&nbsp;&Oacute;rg&atilde;o: Alerj Cargo: Analista de Tecnologia da Informa&ccedil;&atilde;o Q. 41 Observe o seguinte relat&oacute;rio OLAP. A alternativa que ilustra [&hellip;]<\/p>\n","protected":false},"author":215,"featured_media":0,"comment_status":"open","ping_status":"open","sticky":false,"template":"","format":"standard","meta":{"post_tipo":"article","footnotes":""},"categories":[1],"tags":[],"tax_estado":[],"class_list":["post-67275","post","type-post","status-publish","format-standard","hentry","category-cursos-e-concursos"],"acf":[],"yoast_head":"<!-- This site is optimized with the Yoast SEO Premium plugin v27.2 (Yoast SEO v27.2) - https:\/\/yoast.com\/product\/yoast-seo-premium-wordpress\/ -->\n<title>Prova da Semana \u2013 Coment\u00e1rio da prova do Alerj \u2013 Analista de TI \u2013 BD e BI<\/title>\n<meta name=\"robots\" content=\"index, follow, max-snippet:-1, max-image-preview:large, max-video-preview:-1\" \/>\n<link rel=\"canonical\" href=\"https:\/\/www.estrategiaconcursos.com.br\/blog\/prova-da-semana-comentario-da-prova-do-alerj-analista-de-ti-bd-e-bi\/\" \/>\n<meta property=\"og:locale\" content=\"pt_BR\" \/>\n<meta property=\"og:type\" content=\"article\" \/>\n<meta property=\"og:title\" content=\"Prova da Semana \u2013 Coment\u00e1rio da prova do Alerj \u2013 Analista de TI \u2013 BD e BI\" \/>\n<meta property=\"og:description\" content=\"Abaixo comentamos as quest&otilde;es de banco de dados da prova do Alerj deste &uacute;ltimo final de semana. S&atilde;o 10 quest&otilde;es de banco de dados e BI dos mais variados assuntos, vamos aos coment&aacute;rios. Ano: 2017 Banca: FGV&nbsp;&Oacute;rg&atilde;o: Alerj Cargo: Analista de Tecnologia da Informa&ccedil;&atilde;o Q. 41 Observe o seguinte relat&oacute;rio OLAP. A alternativa que ilustra [&hellip;]\" \/>\n<meta property=\"og:url\" content=\"https:\/\/www.estrategiaconcursos.com.br\/blog\/prova-da-semana-comentario-da-prova-do-alerj-analista-de-ti-bd-e-bi\/\" \/>\n<meta property=\"og:site_name\" content=\"Estrat\u00e9gia Concursos\" \/>\n<meta property=\"article:published_time\" content=\"2017-03-16T20:01:45+00:00\" \/>\n<meta property=\"article:modified_time\" content=\"2017-03-17T22:02:09+00:00\" \/>\n<meta property=\"og:image\" content=\"https:\/\/www.estrategiaconcursos.com.br\/blog\/wp-content\/uploads\/2017\/03\/Figura-de-topo.jpg\" \/>\n<meta name=\"author\" content=\"Thiago Rodrigues Cavalcanti\" \/>\n<meta name=\"twitter:card\" content=\"summary_large_image\" \/>\n<meta name=\"twitter:creator\" content=\"@EstratConcursos\" \/>\n<meta name=\"twitter:site\" content=\"@EstratConcursos\" \/>\n<meta name=\"twitter:label1\" content=\"Escrito por\" \/>\n\t<meta name=\"twitter:data1\" content=\"Thiago Rodrigues Cavalcanti\" \/>\n\t<meta name=\"twitter:label2\" content=\"Est. tempo de leitura\" \/>\n\t<meta name=\"twitter:data2\" content=\"13 minutos\" \/>\n<script type=\"application\/ld+json\" class=\"yoast-schema-graph\">{\"@context\":\"https:\/\/schema.org\",\"@graph\":[{\"@type\":\"NewsArticle\",\"@id\":\"https:\/\/www.estrategiaconcursos.com.br\/blog\/prova-da-semana-comentario-da-prova-do-alerj-analista-de-ti-bd-e-bi\/#article\",\"isPartOf\":{\"@id\":\"https:\/\/www.estrategiaconcursos.com.br\/blog\/prova-da-semana-comentario-da-prova-do-alerj-analista-de-ti-bd-e-bi\/\"},\"author\":{\"name\":\"Thiago Rodrigues Cavalcanti\",\"@id\":\"https:\/\/www.estrategiaconcursos.com.br\/blog\/#\/schema\/person\/fcaf7747a784c860b8a4feb3dd2c528e\"},\"headline\":\"Prova da Semana \u2013 Coment\u00e1rio da prova do Alerj \u2013 Analista de TI \u2013 BD e BI\",\"datePublished\":\"2017-03-16T20:01:45+00:00\",\"dateModified\":\"2017-03-17T22:02:09+00:00\",\"mainEntityOfPage\":{\"@id\":\"https:\/\/www.estrategiaconcursos.com.br\/blog\/prova-da-semana-comentario-da-prova-do-alerj-analista-de-ti-bd-e-bi\/\"},\"wordCount\":2643,\"commentCount\":11,\"publisher\":{\"@id\":\"https:\/\/www.estrategiaconcursos.com.br\/blog\/#organization\"},\"image\":{\"@id\":\"https:\/\/www.estrategiaconcursos.com.br\/blog\/prova-da-semana-comentario-da-prova-do-alerj-analista-de-ti-bd-e-bi\/#primaryimage\"},\"thumbnailUrl\":\"https:\/\/www.estrategiaconcursos.com.br\/blog\/wp-content\/uploads\/2017\/03\/Figura-de-topo.jpg\",\"articleSection\":[\"Concursos P\u00fablicos\"],\"inLanguage\":\"pt-BR\",\"potentialAction\":[{\"@type\":\"CommentAction\",\"name\":\"Comment\",\"target\":[\"https:\/\/www.estrategiaconcursos.com.br\/blog\/prova-da-semana-comentario-da-prova-do-alerj-analista-de-ti-bd-e-bi\/#respond\"]}],\"copyrightYear\":\"2017\",\"copyrightHolder\":{\"@id\":\"https:\/\/www.estrategiaconcursos.com.br\/blog\/#organization\"}},{\"@type\":\"WebPage\",\"@id\":\"https:\/\/www.estrategiaconcursos.com.br\/blog\/prova-da-semana-comentario-da-prova-do-alerj-analista-de-ti-bd-e-bi\/\",\"url\":\"https:\/\/www.estrategiaconcursos.com.br\/blog\/prova-da-semana-comentario-da-prova-do-alerj-analista-de-ti-bd-e-bi\/\",\"name\":\"Prova da Semana \u2013 Coment\u00e1rio da prova do Alerj \u2013 Analista de TI \u2013 BD e BI\",\"isPartOf\":{\"@id\":\"https:\/\/www.estrategiaconcursos.com.br\/blog\/#website\"},\"primaryImageOfPage\":{\"@id\":\"https:\/\/www.estrategiaconcursos.com.br\/blog\/prova-da-semana-comentario-da-prova-do-alerj-analista-de-ti-bd-e-bi\/#primaryimage\"},\"image\":{\"@id\":\"https:\/\/www.estrategiaconcursos.com.br\/blog\/prova-da-semana-comentario-da-prova-do-alerj-analista-de-ti-bd-e-bi\/#primaryimage\"},\"thumbnailUrl\":\"https:\/\/www.estrategiaconcursos.com.br\/blog\/wp-content\/uploads\/2017\/03\/Figura-de-topo.jpg\",\"datePublished\":\"2017-03-16T20:01:45+00:00\",\"dateModified\":\"2017-03-17T22:02:09+00:00\",\"breadcrumb\":{\"@id\":\"https:\/\/www.estrategiaconcursos.com.br\/blog\/prova-da-semana-comentario-da-prova-do-alerj-analista-de-ti-bd-e-bi\/#breadcrumb\"},\"inLanguage\":\"pt-BR\",\"potentialAction\":[{\"@type\":\"ReadAction\",\"target\":[\"https:\/\/www.estrategiaconcursos.com.br\/blog\/prova-da-semana-comentario-da-prova-do-alerj-analista-de-ti-bd-e-bi\/\"]}]},{\"@type\":\"ImageObject\",\"inLanguage\":\"pt-BR\",\"@id\":\"https:\/\/www.estrategiaconcursos.com.br\/blog\/prova-da-semana-comentario-da-prova-do-alerj-analista-de-ti-bd-e-bi\/#primaryimage\",\"url\":\"https:\/\/dhg1h5j42swfq.cloudfront.net\/2017\/03\/16161906\/Figura-de-topo.jpg\",\"contentUrl\":\"https:\/\/dhg1h5j42swfq.cloudfront.net\/2017\/03\/16161906\/Figura-de-topo.jpg\",\"width\":956,\"height\":500},{\"@type\":\"BreadcrumbList\",\"@id\":\"https:\/\/www.estrategiaconcursos.com.br\/blog\/prova-da-semana-comentario-da-prova-do-alerj-analista-de-ti-bd-e-bi\/#breadcrumb\",\"itemListElement\":[{\"@type\":\"ListItem\",\"position\":1,\"name\":\"In\u00edcio\",\"item\":\"https:\/\/www.estrategiaconcursos.com.br\/blog\/\"},{\"@type\":\"ListItem\",\"position\":2,\"name\":\"Prova da Semana \u2013 Coment\u00e1rio da prova do Alerj \u2013 Analista de TI \u2013 BD e BI\"}]},{\"@type\":\"WebSite\",\"@id\":\"https:\/\/www.estrategiaconcursos.com.br\/blog\/#website\",\"url\":\"https:\/\/www.estrategiaconcursos.com.br\/blog\/\",\"name\":\"Estrat\u00e9gia Concursos\",\"description\":\"O blog da Estrat\u00e9gia Concursos traz not\u00edcias sobre concursos e artigos de professores oferecendo cursos para concursos (pdf + videaulas) no site.\",\"publisher\":{\"@id\":\"https:\/\/www.estrategiaconcursos.com.br\/blog\/#organization\"},\"potentialAction\":[{\"@type\":\"SearchAction\",\"target\":{\"@type\":\"EntryPoint\",\"urlTemplate\":\"https:\/\/www.estrategiaconcursos.com.br\/blog\/?s={search_term_string}\"},\"query-input\":{\"@type\":\"PropertyValueSpecification\",\"valueRequired\":true,\"valueName\":\"search_term_string\"}}],\"inLanguage\":\"pt-BR\"},{\"@type\":\"Organization\",\"@id\":\"https:\/\/www.estrategiaconcursos.com.br\/blog\/#organization\",\"name\":\"Estrat\u00e9gia Concursos\",\"url\":\"https:\/\/www.estrategiaconcursos.com.br\/blog\/\",\"logo\":{\"@type\":\"ImageObject\",\"inLanguage\":\"pt-BR\",\"@id\":\"https:\/\/www.estrategiaconcursos.com.br\/blog\/#\/schema\/logo\/image\/\",\"url\":\"https:\/\/dhg1h5j42swfq.cloudfront.net\/2025\/06\/03203428\/logo_concursos-1.jpg\",\"contentUrl\":\"https:\/\/dhg1h5j42swfq.cloudfront.net\/2025\/06\/03203428\/logo_concursos-1.jpg\",\"width\":230,\"height\":60,\"caption\":\"Estrat\u00e9gia Concursos\"},\"image\":{\"@id\":\"https:\/\/www.estrategiaconcursos.com.br\/blog\/#\/schema\/logo\/image\/\"},\"sameAs\":[\"https:\/\/x.com\/EstratConcursos\"]},{\"@type\":\"Person\",\"@id\":\"https:\/\/www.estrategiaconcursos.com.br\/blog\/#\/schema\/person\/fcaf7747a784c860b8a4feb3dd2c528e\",\"name\":\"Thiago Rodrigues Cavalcanti\",\"image\":{\"@type\":\"ImageObject\",\"inLanguage\":\"pt-BR\",\"@id\":\"https:\/\/secure.gravatar.com\/avatar\/08e6c519fe84ceb0618b23307f2dee18afb2b5dce83a93b6a66dfdd007a08564?s=96&d=mm&r=g\",\"url\":\"https:\/\/secure.gravatar.com\/avatar\/08e6c519fe84ceb0618b23307f2dee18afb2b5dce83a93b6a66dfdd007a08564?s=96&d=mm&r=g\",\"contentUrl\":\"https:\/\/secure.gravatar.com\/avatar\/08e6c519fe84ceb0618b23307f2dee18afb2b5dce83a93b6a66dfdd007a08564?s=96&d=mm&r=g\",\"caption\":\"Thiago Rodrigues Cavalcanti\"},\"url\":\"https:\/\/www.estrategiaconcursos.com.br\/blog\/author\/rcthiagogmail-com\/\"}]}<\/script>\n<!-- \/ Yoast SEO Premium plugin. -->","yoast_head_json":{"title":"Prova da Semana \u2013 Coment\u00e1rio da prova do Alerj \u2013 Analista de TI \u2013 BD e BI","robots":{"index":"index","follow":"follow","max-snippet":"max-snippet:-1","max-image-preview":"max-image-preview:large","max-video-preview":"max-video-preview:-1"},"canonical":"https:\/\/www.estrategiaconcursos.com.br\/blog\/prova-da-semana-comentario-da-prova-do-alerj-analista-de-ti-bd-e-bi\/","og_locale":"pt_BR","og_type":"article","og_title":"Prova da Semana \u2013 Coment\u00e1rio da prova do Alerj \u2013 Analista de TI \u2013 BD e BI","og_description":"Abaixo comentamos as quest&otilde;es de banco de dados da prova do Alerj deste &uacute;ltimo final de semana. S&atilde;o 10 quest&otilde;es de banco de dados e BI dos mais variados assuntos, vamos aos coment&aacute;rios. Ano: 2017 Banca: FGV&nbsp;&Oacute;rg&atilde;o: Alerj Cargo: Analista de Tecnologia da Informa&ccedil;&atilde;o Q. 41 Observe o seguinte relat&oacute;rio OLAP. A alternativa que ilustra [&hellip;]","og_url":"https:\/\/www.estrategiaconcursos.com.br\/blog\/prova-da-semana-comentario-da-prova-do-alerj-analista-de-ti-bd-e-bi\/","og_site_name":"Estrat\u00e9gia Concursos","article_published_time":"2017-03-16T20:01:45+00:00","article_modified_time":"2017-03-17T22:02:09+00:00","og_image":[{"url":"https:\/\/www.estrategiaconcursos.com.br\/blog\/wp-content\/uploads\/2017\/03\/Figura-de-topo.jpg","type":"","width":"","height":""}],"author":"Thiago Rodrigues Cavalcanti","twitter_card":"summary_large_image","twitter_creator":"@EstratConcursos","twitter_site":"@EstratConcursos","twitter_misc":{"Escrito por":"Thiago Rodrigues Cavalcanti","Est. tempo de leitura":"13 minutos"},"schema":{"@context":"https:\/\/schema.org","@graph":[{"@type":"NewsArticle","@id":"https:\/\/www.estrategiaconcursos.com.br\/blog\/prova-da-semana-comentario-da-prova-do-alerj-analista-de-ti-bd-e-bi\/#article","isPartOf":{"@id":"https:\/\/www.estrategiaconcursos.com.br\/blog\/prova-da-semana-comentario-da-prova-do-alerj-analista-de-ti-bd-e-bi\/"},"author":{"name":"Thiago Rodrigues Cavalcanti","@id":"https:\/\/www.estrategiaconcursos.com.br\/blog\/#\/schema\/person\/fcaf7747a784c860b8a4feb3dd2c528e"},"headline":"Prova da Semana \u2013 Coment\u00e1rio da prova do Alerj \u2013 Analista de TI \u2013 BD e BI","datePublished":"2017-03-16T20:01:45+00:00","dateModified":"2017-03-17T22:02:09+00:00","mainEntityOfPage":{"@id":"https:\/\/www.estrategiaconcursos.com.br\/blog\/prova-da-semana-comentario-da-prova-do-alerj-analista-de-ti-bd-e-bi\/"},"wordCount":2643,"commentCount":11,"publisher":{"@id":"https:\/\/www.estrategiaconcursos.com.br\/blog\/#organization"},"image":{"@id":"https:\/\/www.estrategiaconcursos.com.br\/blog\/prova-da-semana-comentario-da-prova-do-alerj-analista-de-ti-bd-e-bi\/#primaryimage"},"thumbnailUrl":"https:\/\/www.estrategiaconcursos.com.br\/blog\/wp-content\/uploads\/2017\/03\/Figura-de-topo.jpg","articleSection":["Concursos P\u00fablicos"],"inLanguage":"pt-BR","potentialAction":[{"@type":"CommentAction","name":"Comment","target":["https:\/\/www.estrategiaconcursos.com.br\/blog\/prova-da-semana-comentario-da-prova-do-alerj-analista-de-ti-bd-e-bi\/#respond"]}],"copyrightYear":"2017","copyrightHolder":{"@id":"https:\/\/www.estrategiaconcursos.com.br\/blog\/#organization"}},{"@type":"WebPage","@id":"https:\/\/www.estrategiaconcursos.com.br\/blog\/prova-da-semana-comentario-da-prova-do-alerj-analista-de-ti-bd-e-bi\/","url":"https:\/\/www.estrategiaconcursos.com.br\/blog\/prova-da-semana-comentario-da-prova-do-alerj-analista-de-ti-bd-e-bi\/","name":"Prova da Semana \u2013 Coment\u00e1rio da prova do Alerj \u2013 Analista de TI \u2013 BD e BI","isPartOf":{"@id":"https:\/\/www.estrategiaconcursos.com.br\/blog\/#website"},"primaryImageOfPage":{"@id":"https:\/\/www.estrategiaconcursos.com.br\/blog\/prova-da-semana-comentario-da-prova-do-alerj-analista-de-ti-bd-e-bi\/#primaryimage"},"image":{"@id":"https:\/\/www.estrategiaconcursos.com.br\/blog\/prova-da-semana-comentario-da-prova-do-alerj-analista-de-ti-bd-e-bi\/#primaryimage"},"thumbnailUrl":"https:\/\/www.estrategiaconcursos.com.br\/blog\/wp-content\/uploads\/2017\/03\/Figura-de-topo.jpg","datePublished":"2017-03-16T20:01:45+00:00","dateModified":"2017-03-17T22:02:09+00:00","breadcrumb":{"@id":"https:\/\/www.estrategiaconcursos.com.br\/blog\/prova-da-semana-comentario-da-prova-do-alerj-analista-de-ti-bd-e-bi\/#breadcrumb"},"inLanguage":"pt-BR","potentialAction":[{"@type":"ReadAction","target":["https:\/\/www.estrategiaconcursos.com.br\/blog\/prova-da-semana-comentario-da-prova-do-alerj-analista-de-ti-bd-e-bi\/"]}]},{"@type":"ImageObject","inLanguage":"pt-BR","@id":"https:\/\/www.estrategiaconcursos.com.br\/blog\/prova-da-semana-comentario-da-prova-do-alerj-analista-de-ti-bd-e-bi\/#primaryimage","url":"https:\/\/dhg1h5j42swfq.cloudfront.net\/2017\/03\/16161906\/Figura-de-topo.jpg","contentUrl":"https:\/\/dhg1h5j42swfq.cloudfront.net\/2017\/03\/16161906\/Figura-de-topo.jpg","width":956,"height":500},{"@type":"BreadcrumbList","@id":"https:\/\/www.estrategiaconcursos.com.br\/blog\/prova-da-semana-comentario-da-prova-do-alerj-analista-de-ti-bd-e-bi\/#breadcrumb","itemListElement":[{"@type":"ListItem","position":1,"name":"In\u00edcio","item":"https:\/\/www.estrategiaconcursos.com.br\/blog\/"},{"@type":"ListItem","position":2,"name":"Prova da Semana \u2013 Coment\u00e1rio da prova do Alerj \u2013 Analista de TI \u2013 BD e BI"}]},{"@type":"WebSite","@id":"https:\/\/www.estrategiaconcursos.com.br\/blog\/#website","url":"https:\/\/www.estrategiaconcursos.com.br\/blog\/","name":"Estrat\u00e9gia Concursos","description":"O blog da Estrat\u00e9gia Concursos traz not\u00edcias sobre concursos e artigos de professores oferecendo cursos para concursos (pdf + videaulas) no site.","publisher":{"@id":"https:\/\/www.estrategiaconcursos.com.br\/blog\/#organization"},"potentialAction":[{"@type":"SearchAction","target":{"@type":"EntryPoint","urlTemplate":"https:\/\/www.estrategiaconcursos.com.br\/blog\/?s={search_term_string}"},"query-input":{"@type":"PropertyValueSpecification","valueRequired":true,"valueName":"search_term_string"}}],"inLanguage":"pt-BR"},{"@type":"Organization","@id":"https:\/\/www.estrategiaconcursos.com.br\/blog\/#organization","name":"Estrat\u00e9gia Concursos","url":"https:\/\/www.estrategiaconcursos.com.br\/blog\/","logo":{"@type":"ImageObject","inLanguage":"pt-BR","@id":"https:\/\/www.estrategiaconcursos.com.br\/blog\/#\/schema\/logo\/image\/","url":"https:\/\/dhg1h5j42swfq.cloudfront.net\/2025\/06\/03203428\/logo_concursos-1.jpg","contentUrl":"https:\/\/dhg1h5j42swfq.cloudfront.net\/2025\/06\/03203428\/logo_concursos-1.jpg","width":230,"height":60,"caption":"Estrat\u00e9gia Concursos"},"image":{"@id":"https:\/\/www.estrategiaconcursos.com.br\/blog\/#\/schema\/logo\/image\/"},"sameAs":["https:\/\/x.com\/EstratConcursos"]},{"@type":"Person","@id":"https:\/\/www.estrategiaconcursos.com.br\/blog\/#\/schema\/person\/fcaf7747a784c860b8a4feb3dd2c528e","name":"Thiago Rodrigues Cavalcanti","image":{"@type":"ImageObject","inLanguage":"pt-BR","@id":"https:\/\/secure.gravatar.com\/avatar\/08e6c519fe84ceb0618b23307f2dee18afb2b5dce83a93b6a66dfdd007a08564?s=96&d=mm&r=g","url":"https:\/\/secure.gravatar.com\/avatar\/08e6c519fe84ceb0618b23307f2dee18afb2b5dce83a93b6a66dfdd007a08564?s=96&d=mm&r=g","contentUrl":"https:\/\/secure.gravatar.com\/avatar\/08e6c519fe84ceb0618b23307f2dee18afb2b5dce83a93b6a66dfdd007a08564?s=96&d=mm&r=g","caption":"Thiago Rodrigues Cavalcanti"},"url":"https:\/\/www.estrategiaconcursos.com.br\/blog\/author\/rcthiagogmail-com\/"}]}},"_links":{"self":[{"href":"https:\/\/www.estrategiaconcursos.com.br\/blog\/wp-json\/wp\/v2\/posts\/67275","targetHints":{"allow":["GET"]}}],"collection":[{"href":"https:\/\/www.estrategiaconcursos.com.br\/blog\/wp-json\/wp\/v2\/posts"}],"about":[{"href":"https:\/\/www.estrategiaconcursos.com.br\/blog\/wp-json\/wp\/v2\/types\/post"}],"author":[{"embeddable":true,"href":"https:\/\/www.estrategiaconcursos.com.br\/blog\/wp-json\/wp\/v2\/users\/215"}],"replies":[{"embeddable":true,"href":"https:\/\/www.estrategiaconcursos.com.br\/blog\/wp-json\/wp\/v2\/comments?post=67275"}],"version-history":[{"count":3,"href":"https:\/\/www.estrategiaconcursos.com.br\/blog\/wp-json\/wp\/v2\/posts\/67275\/revisions"}],"predecessor-version":[{"id":67367,"href":"https:\/\/www.estrategiaconcursos.com.br\/blog\/wp-json\/wp\/v2\/posts\/67275\/revisions\/67367"}],"wp:attachment":[{"href":"https:\/\/www.estrategiaconcursos.com.br\/blog\/wp-json\/wp\/v2\/media?parent=67275"}],"wp:term":[{"taxonomy":"category","embeddable":true,"href":"https:\/\/www.estrategiaconcursos.com.br\/blog\/wp-json\/wp\/v2\/categories?post=67275"},{"taxonomy":"post_tag","embeddable":true,"href":"https:\/\/www.estrategiaconcursos.com.br\/blog\/wp-json\/wp\/v2\/tags?post=67275"},{"taxonomy":"tax_estado","embeddable":true,"href":"https:\/\/www.estrategiaconcursos.com.br\/blog\/wp-json\/wp\/v2\/tax_estado?post=67275"}],"curies":[{"name":"wp","href":"https:\/\/api.w.org\/{rel}","templated":true}]}}