{"id":67235,"date":"2017-03-15T19:27:08","date_gmt":"2017-03-15T22:27:08","guid":{"rendered":"https:\/\/www.estrategiaconcursos.com.br\/blog\/?p=67235"},"modified":"2017-03-16T10:59:47","modified_gmt":"2017-03-16T13:59:47","slug":"trf-2-ajaj-prova-de-direito-tributario-comentada-com-recurso","status":"publish","type":"post","link":"https:\/\/www.estrategiaconcursos.com.br\/blog\/trf-2-ajaj-prova-de-direito-tributario-comentada-com-recurso\/","title":{"rendered":"TRF 2 &#8211; AJAJ &#8211; Prova de Direito Tribut\u00e1rio Comentada &#8211; Com Recurso"},"content":{"rendered":"<p>\n\tOl&aacute;, pessoal, tudo bem?\n<\/p>\n<p>\n\tAp&oacute;s uma grande jornada de estudos para o TRF 2&ordf; Regi&atilde;o, finalmente passaram as provas, n&atilde;o &eacute; mesmo? Se voc&ecirc; foi muito bem, hora de aproveitar e descansar um pouco. Se n&atilde;o tirou uma nota satisfat&oacute;ria, &eacute; um bom momento para reflex&otilde;es, com a certeza de que nenhum estudo &eacute; perdido, desde que voc&ecirc; persista em seus objetivos! :)\n<\/p>\n<p>\n\tQuanto &agrave; prova aplicada no domingo, foram cobradas 03 quest&otilde;es para o cargo de Analista Judici&aacute;rio &#8211; &Aacute;rea Judici&aacute;ria e 03 quest&otilde;es para o cargo de&nbsp;Analista Judici&aacute;rio &#8211; Oficial de Justi&ccedil;a Avaliador Federal.&nbsp;Neste &uacute;ltimo caso, vislumbramos recurso na quest&atilde;o 33, conforme explica&ccedil;&atilde;o e coment&aacute;rios abaixo.\n<\/p>\n<p>\n\tDesejo a todos voc&ecirc;s muito sucesso!\n<\/p>\n<p>\n\tAbra&ccedil;os,\n<\/p>\n<p>\n\t<strong>Prof. F&aacute;bio Dutra<\/strong>\n<\/p>\n<p>\n\tFacebook: ProfFabioDutra\n<\/p>\n<p>\n\tInstagram: @prof.fabiodutra\n<\/p>\n<p>\n\t<strong>CONSULPLAN\/TRF 2 &ndash; Analista Judici&aacute;rio &ndash; &Aacute;rea Judici&aacute;ria\/2017<\/strong>\n<\/p>\n<p>\n\tQuest&atilde;o 33 &#8211; &ldquo;Idealize que em um Estado qualquer da Federa&ccedil;&atilde;o foi publicado decreto governamental, pelo qual foi alterada a sistem&aacute;tica de recolhimento do ICMS sobre o fornecimento de energia el&eacute;trica. Passou-se do sistema de encontro de contas (cr&eacute;dito-d&eacute;bito) estabelecido por lei complementar, para um sistema de recolhimento por estimativa, com base no apurado no m&ecirc;s anterior, realizando-se no m&ecirc;s subsequente o encontro de contas e admitindo-se o creditamento, caso o saldo fosse favor&aacute;vel ao contribuinte.&rdquo; Com rela&ccedil;&atilde;o ao novo sistema de recolhimento do ICMS deste Estado, tal como registrado no decreto, &eacute; correto afirmar que:\n<\/p>\n<p>\n\tA) &Eacute; v&aacute;lido, visto que n&atilde;o h&aacute; necessidade de lei quando apenas se altera a sistem&aacute;tica de recolhimento do tributo.\n<\/p>\n<p>\n\tB) &Eacute; ineficaz, at&eacute; que se complete o exerc&iacute;cio fiscal em que foi promulgado o decreto, s&oacute; produzindo efeitos ap&oacute;s este per&iacute;odo.\n<\/p>\n<p>\n\tC) Afronta a Constitui&ccedil;&atilde;o, j&aacute; que a cria&ccedil;&atilde;o de nova maneira de recolhimento do tributo deve ocorrer mediante lei no sentido formal e material.\n<\/p>\n<p>\n\tD) &Eacute; inconstitucional, uma vez que a fixa&ccedil;&atilde;o de nova sistem&aacute;tica para recolhimento do imposto tem que ser aprovada pelo CONFAZ &ndash; Conselho Nacional de Pol&iacute;tica Fazend&aacute;ria.\n<\/p>\n<p>\n\t<strong>Coment&aacute;rio: <\/strong>\n<\/p>\n<p>\n\t<strong>Alternativa A: <\/strong>O referido decreto &eacute; inv&aacute;lido, por alterar por meio de ato infralegal o mecanismo de recolhimento definido em lei complementar, violando o princ&iacute;pio da legalidade tribut&aacute;ria. Alternativa errada.\n<\/p>\n<p>\n\t<strong>Alternativa B: <\/strong>O decreto governamental &eacute; inv&aacute;lido, n&atilde;o havendo que se falar em data para o in&iacute;cio de sua efic&aacute;cia. Alternativa errada.\n<\/p>\n<p>\n\t<strong>Alternativa C: <\/strong>De fato, ao alterar por meio de ato infralegal o mecanismo de recolhimento definido em lei complementar, violando o princ&iacute;pio da legalidade tribut&aacute;ria. Alternativa correta.\n<\/p>\n<p>\n\t<strong>Alternativa D: <\/strong>Na realidade, n&atilde;o h&aacute; qualquer ressalva na CF\/88 impondo fixa&ccedil;&atilde;o da forma de recolhimento do ICMS por meio de conv&ecirc;nios celebrados no &acirc;mbito do CONFAZ. Alternativa errada.\n<\/p>\n<p>\n\t<strong>Gabarito: Letra C<\/strong>\n<\/p>\n<p>\n\t<strong>CONSULPLAN\/TRF 2 &ndash; Analista Judici&aacute;rio &ndash; &Aacute;rea Judici&aacute;ria\/2017<\/strong>\n<\/p>\n<p>\n\tQuest&atilde;o 34 &#8211; A compet&ecirc;ncia tribut&aacute;ria plena diz respeito &agrave; cria&ccedil;&atilde;o de tributos, edi&ccedil;&atilde;o de normas tribut&aacute;rias, administra&ccedil;&atilde;o e julgamento de tributos. Com rela&ccedil;&atilde;o &agrave; compet&ecirc;ncia tribut&aacute;ria assinale a &uacute;nica alternativa que contempla duas assertivas corretas em que a segunda completa o sentido da primeira.\n<\/p>\n<p>\n\tA) A compet&ecirc;ncia tribut&aacute;ria &eacute; indeleg&aacute;vel. Assim sendo, a execu&ccedil;&atilde;o das leis, atos ou decis&otilde;es administrativas em mat&eacute;ria tribut&aacute;ria n&atilde;o pode ser conferida por uma pessoa jur&iacute;dica de direito p&uacute;blico a outra.\n<\/p>\n<p>\n\tB) Os munic&iacute;pios t&ecirc;m compet&ecirc;ncia tribut&aacute;ria sujeita &agrave; lei complementar no que concerne &agrave;s normas gerais de direito tribut&aacute;rio. No que diz respeito ao interesse local, contudo, t&ecirc;m compet&ecirc;ncia concorrente plena.\n<\/p>\n<p>\n\tC) A compet&ecirc;ncia tribut&aacute;ria dos Estados &eacute; limitada. Isto ocorre porque se submete aos limites da lei complementar federal e fica jungida ao poder federal quando a quest&atilde;o a julgar exceder o &acirc;mbito puramente regional.\n<\/p>\n<p>\n\tD) A compet&ecirc;ncia tribut&aacute;ria &eacute; parcela do poder de tributar conferida pela Constitui&ccedil;&atilde;o a cada ente pol&iacute;tico, para criar tributos. Desta forma, como os territ&oacute;rios s&atilde;o entes pol&iacute;ticos, t&ecirc;m compet&ecirc;ncia tribut&aacute;ria para instituir impostos municipais.\n<\/p>\n<p>\n\t<strong>Coment&aacute;rio:<\/strong>\n<\/p>\n<p>\n\t<strong>Alternativa A: <\/strong>O poder de instituir tributos (compet&ecirc;ncia tribut&aacute;ria) &eacute; indeleg&aacute;vel. Contudo, a fiscaliza&ccedil;&atilde;o e cobran&ccedil;a de tributos, bem como a execu&ccedil;&atilde;o das leis, atos ou decis&otilde;es administrativas em mat&eacute;ria tribut&aacute;ria (capacidade tribut&aacute;ria ativa) &eacute; deleg&aacute;vel a outra pessoa jur&iacute;dica de direito p&uacute;blico. Alternativa errada.\n<\/p>\n<p>\n\t<strong>Alternativa B:<\/strong> Todos os entes, no exerc&iacute;cio da sua compet&ecirc;ncia tribut&aacute;ria, sujeitam-se &agrave; lei complementar que disp&otilde;e sobre normas gerais. Contudo, a compet&ecirc;ncia legislativa concorrente, nos termos do art. 24, I, da CF\/88, compete apenas &agrave; Uni&atilde;o, aos Estados e ao Distrito Federal. Alternativa errada.\n<\/p>\n<p>\n\t<strong>Alternativa C: &nbsp;<\/strong>A compet&ecirc;ncia tribut&aacute;ria dos Estados realmente est&aacute; limitada aos tributos cuja compet&ecirc;ncia lhe foi atribu&iacute;da pela CF\/88 e s&oacute; pode ser exercida obedecendo as normas gerais previstas em lei complementar federal. Alternativa correta.\n<\/p>\n<p>\n\t<strong>Alternativa D: <\/strong>A primeira assertiva est&aacute; inegavelmente correta. Por&eacute;m, os territ&oacute;rios federais n&atilde;o configuram entes pol&iacute;ticos, raz&atilde;o pela qual n&atilde;o possuem compet&ecirc;ncia tribut&aacute;ria para instituir tributos. Alternativa errada.\n<\/p>\n<p>\n\t<strong>Gabarito: Letra C<\/strong>\n<\/p>\n<p>\n\t<strong>CONSULPLAN\/TRF 2 &ndash; Analista Judici&aacute;rio &ndash; &Aacute;rea Judici&aacute;ria\/2017<\/strong>\n<\/p>\n<p>\n\tQuest&atilde;o 35 &#8211; &ldquo;No Estado Beta da Federa&ccedil;&atilde;o foi editada lei que disp&otilde;e em seu Artigo 4&ordm; que 2% do valor dos emolumentos relativos aos atos praticados pelos cart&oacute;rios de notas ser&atilde;o destinados &agrave; Caixa de Assist&ecirc;ncia dos Advogados do Estado e 2% &agrave; Associa&ccedil;&atilde;o dos Magistrados do Estado. H&aacute; d&uacute;vida, do tabeli&atilde;o de notas, sobre a constitucionalidade deste dispositivo.&rdquo; Consultado a respeito, &eacute; correto afirmar que:\n<\/p>\n<p>\n\tA) &Eacute; v&aacute;lida a destina&ccedil;&atilde;o dos emolumentos, esp&eacute;cie de tributo parafiscal, para institui&ccedil;&atilde;o p&uacute;blica, n&atilde;o privada.\n<\/p>\n<p>\n\tB) &Eacute; v&aacute;lido o conte&uacute;do deste artigo, sendo emolumentos esp&eacute;cie de pre&ccedil;o p&uacute;blico, que pode ser regulado por lei.\n<\/p>\n<p>\n\tC) &Eacute; inconstitucional a destina&ccedil;&atilde;o dos emolumentos, esp&eacute;cie de taxa, para &oacute;rg&atilde;o privado, por ferir o princ&iacute;pio da isonomia.\n<\/p>\n<p>\n\tD) &Eacute; inconstitucional o dispositivo, uma vez que os emolumentos s&atilde;o esp&eacute;cie de contribui&ccedil;&atilde;o, cuja destina&ccedil;&atilde;o &eacute; somente a de remunerar o servi&ccedil;o prestado.\n<\/p>\n<p>\n\t<strong>Coment&aacute;rio: <\/strong>Os emolumentos relativos aos atos praticados pelos cart&oacute;rios de notas s&atilde;o considerados taxas. Trata-se, pois, de recursos p&uacute;blicos que n&atilde;o poderiam ser utilizados em benef&iacute;cio de determinados &oacute;rg&atilde;os privados, por afrontar a isonomia.\n<\/p>\n<p>\n\t<strong>Gabarito: Letra C<\/strong>\n<\/p>\n<p>\n\t<strong>CONSULPLAN\/TRF 2 &ndash; Analista Judici&aacute;rio &ndash; Oficial de Justi&ccedil;a\/2017<\/strong>\n<\/p>\n<p>\n\t<strong>Quest&atilde;o 33 &#8211; <\/strong>Todas as hip&oacute;teses referidas nas alternativas a seguir refletem hip&oacute;tese de imunidade tribut&aacute;ria. Assinale aquela que contemple imunidade subjetiva e autoexecut&aacute;vel (ou incondicional).\n<\/p>\n<p>\n\tA) Impedimento de instituir impostos sobre livros, jornais, peri&oacute;dicos e o papel destinado a sua impress&atilde;o.\n<\/p>\n<p>\n\tB) Proibi&ccedil;&atilde;o aos Entes da Federa&ccedil;&atilde;o de instituir impostos sobre patrim&ocirc;nio, renda e servi&ccedil;os uns dos outros.\n<\/p>\n<p>\n\tC) Interdi&ccedil;&atilde;o de instituir imposto sobre patrim&ocirc;nio, renda ou servi&ccedil;os dos partidos pol&iacute;ticos, inclusive suas funda&ccedil;&otilde;es.\n<\/p>\n<p>\n\tD) Veda&ccedil;&atilde;o &agrave; Uni&atilde;o, aos Estados, ao Distrito Federal e aos Munic&iacute;pios de instituir impostos sobre templos de qualquer culto.\n<\/p>\n<p>\n\t<strong>Coment&aacute;rio:<\/strong>\n<\/p>\n<p>\n\t<strong>Alternativa A:<\/strong> Trata-se de imunidade objetiva (os objetos s&atilde;o imunes). Alternativa errada.\n<\/p>\n<p>\n\t<strong>Alternativa B:<\/strong> Trata-se de imunidade subjetiva (os entes s&atilde;o imunes) e autoaplic&aacute;vel, isto &eacute;, independe do cumprimento de requisitos. Alternativa correta.\n<\/p>\n<p>\n\t<strong>Alternativa C: <\/strong>Trata-se de imunidade subjetiva (os entes s&atilde;o imunes) e condicionada ao cumprimento de requisitos previstos em norma reguladora. Alternativa errada.\n<\/p>\n<p>\n\t<strong>Alternativa D:<\/strong> Entendemos que, no caso da imunidade dos templos de qualquer culto, trata-se de imunidade subjetiva e autoaplic&aacute;vel. Isso porque o que se torna imune n&atilde;o &eacute; apenas o im&oacute;vel, mas a pr&oacute;pria entidade. Prova disso &eacute; o disposto no art. 150, &sect; 4&ordm;, da CF\/88, que estabelece que somente o patrim&ocirc;nio, a renda e os servi&ccedil;os, relacionados com as finalidades essenciais das entidades religiosa. Assim sendo, esta alternativa tamb&eacute;m deveria ser considerada gabarito da quest&atilde;o.\n<\/p>\n<p>\n\t<strong>Gabarito: Letra B<\/strong>\n<\/p>\n<p>\n\t<strong>CONSULPLAN\/TRF 2 &ndash; Analista Judici&aacute;rio &ndash; Oficial de Justi&ccedil;a\/2017<\/strong>\n<\/p>\n<p>\n\t<strong>Quest&atilde;o 34 &#8211;<\/strong> Havendo lit&iacute;gio sobre o imposto de renda incidente na fonte, relativo &agrave; licen&ccedil;a-pr&ecirc;mio de funcion&aacute;rio p&uacute;blico, a demanda foi proposta junto &agrave; vara competente na Justi&ccedil;a Federal. No entanto, o Magistrado determinou a emenda da inicial, com a exclus&atilde;o da Uni&atilde;o do polo passivo e a inclus&atilde;o do Estado-Membro ao qual se vincula o servidor e declinou da compet&ecirc;ncia,&nbsp; alegando ser esta da Justi&ccedil;a Estadual. Com refer&ecirc;ncia &agrave; quest&atilde;o da compet&ecirc;ncia para apreciar a lide, pode ser afirmado que o Magistrado:\n<\/p>\n<p>\n\tA) Agiu com erro, j&aacute; que o imposto de renda &eacute; tributo de compet&ecirc;ncia da Uni&atilde;o, n&atilde;o sendo o Estado-Membro parte leg&iacute;tima para figurar neste lit&iacute;gio e havendo compet&ecirc;ncia da Justi&ccedil;a Federal.\n<\/p>\n<p>\n\tB) Houve equ&iacute;voco do Magistrado, visto que o simples fato de o produto do imposto de renda pertencer ao Estado-Membro, n&atilde;o altera a compet&ecirc;ncia tribut&aacute;ria, que &eacute; da Justi&ccedil;a Federal.\n<\/p>\n<p>\n\tC) Agiu com acerto, por n&atilde;o haver interesse da Uni&atilde;o no lit&iacute;gio, pertencendo ao Estado-Membro o produto da arrecada&ccedil;&atilde;o do imposto de renda na hip&oacute;tese do conflito em comento, sendo competente a Justi&ccedil;a Estadual.\n<\/p>\n<p>\n\tD) O Magistrado decidiu corretamente, j&aacute; que trata-se de servidor p&uacute;blico estadual, pelo que seus vencimentos s&atilde;o pagos pelo Estado-Membro, que efetua os descontos na fonte e qualquer controv&eacute;rsia deve ser dirimida pela Justi&ccedil;a Estadual.\n<\/p>\n<p>\n\t<strong>Coment&aacute;rio: <\/strong>Disp&otilde;e o art. 157, I, da CF\/88, que pertence aos Estados e ao Distrito Federal o produto da arrecada&ccedil;&atilde;o do imposto da Uni&atilde;o sobre renda e proventos de qualquer natureza, incidente na fonte (IRRF), sobre rendimentos pagos, a qualquer t&iacute;tulo, por eles, suas autarquias e pelas funda&ccedil;&otilde;es que institu&iacute;rem e mantiverem. Assim, no caso do lit&iacute;gio sobre o IRRF, n&atilde;o h&aacute; interesse por parte da Uni&atilde;o, mas importa ao Estado, verdadeiro benefici&aacute;rio daquele recurso.\n<\/p>\n<p>\n\t<strong>Gabarito: Letra C<\/strong>\n<\/p>\n<p>\n\t<strong>CONSULPLAN\/TRF 2 &ndash; Analista Judici&aacute;rio &ndash; Oficial de Justi&ccedil;a\/2017<\/strong>\n<\/p>\n<p>\n\t<strong>Quest&atilde;o 35 &#8211;<\/strong> &ldquo;Determinado contribuinte ingressou com recurso administrativo impugnando o cr&eacute;dito tribut&aacute;rio que lhe &eacute; exigido pela Fazenda Estadual. Na pend&ecirc;ncia da aprecia&ccedil;&atilde;o deste recurso, a Fazenda ingressou com execu&ccedil;&atilde;o fiscal do cr&eacute;dito impugnado. O advogado do contribuinte ingressou com exce&ccedil;&atilde;o (obje&ccedil;&atilde;o) de pr&eacute;-executividade em defesa do cliente.&rdquo; Na situa&ccedil;&atilde;o analisada, &eacute; correto afirmar que a exce&ccedil;&atilde;o de pr&eacute;-executividade\n<\/p>\n<p>\n\tA) n&atilde;o &eacute; cab&iacute;vel, por n&atilde;o se tratar de mat&eacute;ria de ordem p&uacute;blica.\n<\/p>\n<p>\n\tB) &eacute; v&aacute;lida, desde que o contribuinte preste cau&ccedil;&atilde;o do valor cobrado pelo Fisco.\n<\/p>\n<p>\n\tC) deve ser rejeitada, pois o Estado tem o poder-dever de cobrar seu cr&eacute;dito, antes que ocorra a prescri&ccedil;&atilde;o.\n<\/p>\n<p>\n\tD) deve ser admitida e acolhida, ante a inexigibilidade do cr&eacute;dito, por for&ccedil;a de existir processo administrativo em curso.\n<\/p>\n<p>\n\t<strong>Coment&aacute;rio: <\/strong>O objetivo da exce&ccedil;&atilde;o de pr&eacute;-executividade &eacute; justamente demonstrar judicialmente que a execu&ccedil;&atilde;o fiscal n&atilde;o &eacute; cab&iacute;vel, como ocorre no caso citado na quest&atilde;o: o contribuinte ingressou com recurso administrativo que, nos termos do art. 151, III, do CTN, suspende a exigibilidade do cr&eacute;dito tribut&aacute;rio.\n<\/p>\n<p>\n\tDessa forma, a Fazenda Estadual est&aacute; impedida de ajuizar a a&ccedil;&atilde;o de execu&ccedil;&atilde;o fiscal, dada inexigibilidade da exa&ccedil;&atilde;o. Por conta disso, a exce&ccedil;&atilde;o de pr&eacute;-executividade deve ser admitida e acolhida, ante a inexigibilidade do cr&eacute;dito, por for&ccedil;a de existir processo administrativo em curso.\n<\/p>\n<p>\n\t<strong>Gabarito: Letra D<\/strong>\n<\/p>\n<p>\n\t&nbsp;\n<\/p>\n<p>\n\t&nbsp;<\/p>\n","protected":false},"excerpt":{"rendered":"<p>Ol&aacute;, pessoal, tudo bem? Ap&oacute;s uma grande jornada de estudos para o TRF 2&ordf; Regi&atilde;o, finalmente passaram as provas, n&atilde;o &eacute; mesmo? Se voc&ecirc; foi muito bem, hora de aproveitar e descansar um pouco. Se n&atilde;o tirou uma nota satisfat&oacute;ria, &eacute; um bom momento para reflex&otilde;es, com a certeza de que nenhum estudo &eacute; perdido, [&hellip;]<\/p>\n","protected":false},"author":150,"featured_media":0,"comment_status":"open","ping_status":"open","sticky":false,"template":"","format":"standard","meta":{"post_tipo":"article","footnotes":""},"categories":[1984],"tags":[],"tax_estado":[],"class_list":["post-67235","post","type-post","status-publish","format-standard","hentry","category-tribunais"],"acf":[],"yoast_head":"<!-- This site is optimized with the Yoast SEO Premium plugin v27.2 (Yoast SEO v27.2) - https:\/\/yoast.com\/product\/yoast-seo-premium-wordpress\/ -->\n<title>TRF 2 - AJAJ - Prova de Direito Tribut\u00e1rio Comentada - Com Recurso<\/title>\n<meta name=\"robots\" content=\"index, follow, max-snippet:-1, max-image-preview:large, max-video-preview:-1\" \/>\n<link rel=\"canonical\" href=\"https:\/\/www.estrategiaconcursos.com.br\/blog\/trf-2-ajaj-prova-de-direito-tributario-comentada-com-recurso\/\" \/>\n<meta property=\"og:locale\" content=\"pt_BR\" \/>\n<meta property=\"og:type\" content=\"article\" \/>\n<meta property=\"og:title\" content=\"TRF 2 - AJAJ - Prova de Direito Tribut\u00e1rio Comentada - Com Recurso\" \/>\n<meta property=\"og:description\" content=\"Ol&aacute;, pessoal, tudo bem? Ap&oacute;s uma grande jornada de estudos para o TRF 2&ordf; Regi&atilde;o, finalmente passaram as provas, n&atilde;o &eacute; mesmo? Se voc&ecirc; foi muito bem, hora de aproveitar e descansar um pouco. Se n&atilde;o tirou uma nota satisfat&oacute;ria, &eacute; um bom momento para reflex&otilde;es, com a certeza de que nenhum estudo &eacute; perdido, [&hellip;]\" \/>\n<meta property=\"og:url\" content=\"https:\/\/www.estrategiaconcursos.com.br\/blog\/trf-2-ajaj-prova-de-direito-tributario-comentada-com-recurso\/\" \/>\n<meta property=\"og:site_name\" content=\"Estrat\u00e9gia Concursos\" \/>\n<meta property=\"article:published_time\" content=\"2017-03-15T22:27:08+00:00\" \/>\n<meta property=\"article:modified_time\" content=\"2017-03-16T13:59:47+00:00\" \/>\n<meta name=\"author\" content=\"F\u00e1bio Dutra\" \/>\n<meta name=\"twitter:card\" content=\"summary_large_image\" \/>\n<meta name=\"twitter:creator\" content=\"@EstratConcursos\" \/>\n<meta name=\"twitter:site\" content=\"@EstratConcursos\" \/>\n<meta name=\"twitter:label1\" content=\"Escrito por\" \/>\n\t<meta name=\"twitter:data1\" content=\"F\u00e1bio Dutra\" \/>\n\t<meta name=\"twitter:label2\" content=\"Est. tempo de leitura\" \/>\n\t<meta name=\"twitter:data2\" content=\"12 minutos\" \/>\n<script type=\"application\/ld+json\" class=\"yoast-schema-graph\">{\"@context\":\"https:\/\/schema.org\",\"@graph\":[{\"@type\":\"NewsArticle\",\"@id\":\"https:\/\/www.estrategiaconcursos.com.br\/blog\/trf-2-ajaj-prova-de-direito-tributario-comentada-com-recurso\/#article\",\"isPartOf\":{\"@id\":\"https:\/\/www.estrategiaconcursos.com.br\/blog\/trf-2-ajaj-prova-de-direito-tributario-comentada-com-recurso\/\"},\"author\":{\"name\":\"F\u00e1bio Dutra\",\"@id\":\"https:\/\/www.estrategiaconcursos.com.br\/blog\/#\/schema\/person\/c6615b1e72eae70edca73ea5362ead63\"},\"headline\":\"TRF 2 &#8211; AJAJ &#8211; Prova de Direito Tribut\u00e1rio Comentada &#8211; Com Recurso\",\"datePublished\":\"2017-03-15T22:27:08+00:00\",\"dateModified\":\"2017-03-16T13:59:47+00:00\",\"mainEntityOfPage\":{\"@id\":\"https:\/\/www.estrategiaconcursos.com.br\/blog\/trf-2-ajaj-prova-de-direito-tributario-comentada-com-recurso\/\"},\"wordCount\":2401,\"commentCount\":1,\"publisher\":{\"@id\":\"https:\/\/www.estrategiaconcursos.com.br\/blog\/#organization\"},\"articleSection\":[\"Tribunais\"],\"inLanguage\":\"pt-BR\",\"potentialAction\":[{\"@type\":\"CommentAction\",\"name\":\"Comment\",\"target\":[\"https:\/\/www.estrategiaconcursos.com.br\/blog\/trf-2-ajaj-prova-de-direito-tributario-comentada-com-recurso\/#respond\"]}],\"copyrightYear\":\"2017\",\"copyrightHolder\":{\"@id\":\"https:\/\/www.estrategiaconcursos.com.br\/blog\/#organization\"}},{\"@type\":\"WebPage\",\"@id\":\"https:\/\/www.estrategiaconcursos.com.br\/blog\/trf-2-ajaj-prova-de-direito-tributario-comentada-com-recurso\/\",\"url\":\"https:\/\/www.estrategiaconcursos.com.br\/blog\/trf-2-ajaj-prova-de-direito-tributario-comentada-com-recurso\/\",\"name\":\"TRF 2 - AJAJ - Prova de Direito Tribut\u00e1rio Comentada - Com Recurso\",\"isPartOf\":{\"@id\":\"https:\/\/www.estrategiaconcursos.com.br\/blog\/#website\"},\"datePublished\":\"2017-03-15T22:27:08+00:00\",\"dateModified\":\"2017-03-16T13:59:47+00:00\",\"breadcrumb\":{\"@id\":\"https:\/\/www.estrategiaconcursos.com.br\/blog\/trf-2-ajaj-prova-de-direito-tributario-comentada-com-recurso\/#breadcrumb\"},\"inLanguage\":\"pt-BR\",\"potentialAction\":[{\"@type\":\"ReadAction\",\"target\":[\"https:\/\/www.estrategiaconcursos.com.br\/blog\/trf-2-ajaj-prova-de-direito-tributario-comentada-com-recurso\/\"]}]},{\"@type\":\"BreadcrumbList\",\"@id\":\"https:\/\/www.estrategiaconcursos.com.br\/blog\/trf-2-ajaj-prova-de-direito-tributario-comentada-com-recurso\/#breadcrumb\",\"itemListElement\":[{\"@type\":\"ListItem\",\"position\":1,\"name\":\"In\u00edcio\",\"item\":\"https:\/\/www.estrategiaconcursos.com.br\/blog\/\"},{\"@type\":\"ListItem\",\"position\":2,\"name\":\"TRF 2 &#8211; AJAJ &#8211; Prova de Direito Tribut\u00e1rio Comentada &#8211; Com Recurso\"}]},{\"@type\":\"WebSite\",\"@id\":\"https:\/\/www.estrategiaconcursos.com.br\/blog\/#website\",\"url\":\"https:\/\/www.estrategiaconcursos.com.br\/blog\/\",\"name\":\"Estrat\u00e9gia Concursos\",\"description\":\"O blog da Estrat\u00e9gia Concursos traz not\u00edcias sobre concursos e artigos de professores oferecendo cursos para concursos (pdf + videaulas) no site.\",\"publisher\":{\"@id\":\"https:\/\/www.estrategiaconcursos.com.br\/blog\/#organization\"},\"potentialAction\":[{\"@type\":\"SearchAction\",\"target\":{\"@type\":\"EntryPoint\",\"urlTemplate\":\"https:\/\/www.estrategiaconcursos.com.br\/blog\/?s={search_term_string}\"},\"query-input\":{\"@type\":\"PropertyValueSpecification\",\"valueRequired\":true,\"valueName\":\"search_term_string\"}}],\"inLanguage\":\"pt-BR\"},{\"@type\":\"Organization\",\"@id\":\"https:\/\/www.estrategiaconcursos.com.br\/blog\/#organization\",\"name\":\"Estrat\u00e9gia Concursos\",\"url\":\"https:\/\/www.estrategiaconcursos.com.br\/blog\/\",\"logo\":{\"@type\":\"ImageObject\",\"inLanguage\":\"pt-BR\",\"@id\":\"https:\/\/www.estrategiaconcursos.com.br\/blog\/#\/schema\/logo\/image\/\",\"url\":\"https:\/\/dhg1h5j42swfq.cloudfront.net\/2025\/06\/03203428\/logo_concursos-1.jpg\",\"contentUrl\":\"https:\/\/dhg1h5j42swfq.cloudfront.net\/2025\/06\/03203428\/logo_concursos-1.jpg\",\"width\":230,\"height\":60,\"caption\":\"Estrat\u00e9gia Concursos\"},\"image\":{\"@id\":\"https:\/\/www.estrategiaconcursos.com.br\/blog\/#\/schema\/logo\/image\/\"},\"sameAs\":[\"https:\/\/x.com\/EstratConcursos\"]},{\"@type\":\"Person\",\"@id\":\"https:\/\/www.estrategiaconcursos.com.br\/blog\/#\/schema\/person\/c6615b1e72eae70edca73ea5362ead63\",\"name\":\"F\u00e1bio Dutra\",\"image\":{\"@type\":\"ImageObject\",\"inLanguage\":\"pt-BR\",\"@id\":\"https:\/\/secure.gravatar.com\/avatar\/2fb4b2715a33320653086a45a7174528e6836e078753b587b59cb70f7b453819?s=96&d=mm&r=g\",\"url\":\"https:\/\/secure.gravatar.com\/avatar\/2fb4b2715a33320653086a45a7174528e6836e078753b587b59cb70f7b453819?s=96&d=mm&r=g\",\"contentUrl\":\"https:\/\/secure.gravatar.com\/avatar\/2fb4b2715a33320653086a45a7174528e6836e078753b587b59cb70f7b453819?s=96&d=mm&r=g\",\"caption\":\"F\u00e1bio Dutra\"},\"url\":\"https:\/\/www.estrategiaconcursos.com.br\/blog\/author\/fabiodutraestrategiaconcursos-com-br\/\"}]}<\/script>\n<!-- \/ Yoast SEO Premium plugin. -->","yoast_head_json":{"title":"TRF 2 - AJAJ - Prova de Direito Tribut\u00e1rio Comentada - Com Recurso","robots":{"index":"index","follow":"follow","max-snippet":"max-snippet:-1","max-image-preview":"max-image-preview:large","max-video-preview":"max-video-preview:-1"},"canonical":"https:\/\/www.estrategiaconcursos.com.br\/blog\/trf-2-ajaj-prova-de-direito-tributario-comentada-com-recurso\/","og_locale":"pt_BR","og_type":"article","og_title":"TRF 2 - AJAJ - Prova de Direito Tribut\u00e1rio Comentada - Com Recurso","og_description":"Ol&aacute;, pessoal, tudo bem? Ap&oacute;s uma grande jornada de estudos para o TRF 2&ordf; Regi&atilde;o, finalmente passaram as provas, n&atilde;o &eacute; mesmo? Se voc&ecirc; foi muito bem, hora de aproveitar e descansar um pouco. Se n&atilde;o tirou uma nota satisfat&oacute;ria, &eacute; um bom momento para reflex&otilde;es, com a certeza de que nenhum estudo &eacute; perdido, [&hellip;]","og_url":"https:\/\/www.estrategiaconcursos.com.br\/blog\/trf-2-ajaj-prova-de-direito-tributario-comentada-com-recurso\/","og_site_name":"Estrat\u00e9gia Concursos","article_published_time":"2017-03-15T22:27:08+00:00","article_modified_time":"2017-03-16T13:59:47+00:00","author":"F\u00e1bio Dutra","twitter_card":"summary_large_image","twitter_creator":"@EstratConcursos","twitter_site":"@EstratConcursos","twitter_misc":{"Escrito por":"F\u00e1bio Dutra","Est. tempo de leitura":"12 minutos"},"schema":{"@context":"https:\/\/schema.org","@graph":[{"@type":"NewsArticle","@id":"https:\/\/www.estrategiaconcursos.com.br\/blog\/trf-2-ajaj-prova-de-direito-tributario-comentada-com-recurso\/#article","isPartOf":{"@id":"https:\/\/www.estrategiaconcursos.com.br\/blog\/trf-2-ajaj-prova-de-direito-tributario-comentada-com-recurso\/"},"author":{"name":"F\u00e1bio Dutra","@id":"https:\/\/www.estrategiaconcursos.com.br\/blog\/#\/schema\/person\/c6615b1e72eae70edca73ea5362ead63"},"headline":"TRF 2 &#8211; AJAJ &#8211; Prova de Direito Tribut\u00e1rio Comentada &#8211; Com Recurso","datePublished":"2017-03-15T22:27:08+00:00","dateModified":"2017-03-16T13:59:47+00:00","mainEntityOfPage":{"@id":"https:\/\/www.estrategiaconcursos.com.br\/blog\/trf-2-ajaj-prova-de-direito-tributario-comentada-com-recurso\/"},"wordCount":2401,"commentCount":1,"publisher":{"@id":"https:\/\/www.estrategiaconcursos.com.br\/blog\/#organization"},"articleSection":["Tribunais"],"inLanguage":"pt-BR","potentialAction":[{"@type":"CommentAction","name":"Comment","target":["https:\/\/www.estrategiaconcursos.com.br\/blog\/trf-2-ajaj-prova-de-direito-tributario-comentada-com-recurso\/#respond"]}],"copyrightYear":"2017","copyrightHolder":{"@id":"https:\/\/www.estrategiaconcursos.com.br\/blog\/#organization"}},{"@type":"WebPage","@id":"https:\/\/www.estrategiaconcursos.com.br\/blog\/trf-2-ajaj-prova-de-direito-tributario-comentada-com-recurso\/","url":"https:\/\/www.estrategiaconcursos.com.br\/blog\/trf-2-ajaj-prova-de-direito-tributario-comentada-com-recurso\/","name":"TRF 2 - AJAJ - Prova de Direito Tribut\u00e1rio Comentada - Com Recurso","isPartOf":{"@id":"https:\/\/www.estrategiaconcursos.com.br\/blog\/#website"},"datePublished":"2017-03-15T22:27:08+00:00","dateModified":"2017-03-16T13:59:47+00:00","breadcrumb":{"@id":"https:\/\/www.estrategiaconcursos.com.br\/blog\/trf-2-ajaj-prova-de-direito-tributario-comentada-com-recurso\/#breadcrumb"},"inLanguage":"pt-BR","potentialAction":[{"@type":"ReadAction","target":["https:\/\/www.estrategiaconcursos.com.br\/blog\/trf-2-ajaj-prova-de-direito-tributario-comentada-com-recurso\/"]}]},{"@type":"BreadcrumbList","@id":"https:\/\/www.estrategiaconcursos.com.br\/blog\/trf-2-ajaj-prova-de-direito-tributario-comentada-com-recurso\/#breadcrumb","itemListElement":[{"@type":"ListItem","position":1,"name":"In\u00edcio","item":"https:\/\/www.estrategiaconcursos.com.br\/blog\/"},{"@type":"ListItem","position":2,"name":"TRF 2 &#8211; AJAJ &#8211; Prova de Direito Tribut\u00e1rio Comentada &#8211; Com Recurso"}]},{"@type":"WebSite","@id":"https:\/\/www.estrategiaconcursos.com.br\/blog\/#website","url":"https:\/\/www.estrategiaconcursos.com.br\/blog\/","name":"Estrat\u00e9gia Concursos","description":"O blog da Estrat\u00e9gia Concursos traz not\u00edcias sobre concursos e artigos de professores oferecendo cursos para concursos (pdf + videaulas) no site.","publisher":{"@id":"https:\/\/www.estrategiaconcursos.com.br\/blog\/#organization"},"potentialAction":[{"@type":"SearchAction","target":{"@type":"EntryPoint","urlTemplate":"https:\/\/www.estrategiaconcursos.com.br\/blog\/?s={search_term_string}"},"query-input":{"@type":"PropertyValueSpecification","valueRequired":true,"valueName":"search_term_string"}}],"inLanguage":"pt-BR"},{"@type":"Organization","@id":"https:\/\/www.estrategiaconcursos.com.br\/blog\/#organization","name":"Estrat\u00e9gia Concursos","url":"https:\/\/www.estrategiaconcursos.com.br\/blog\/","logo":{"@type":"ImageObject","inLanguage":"pt-BR","@id":"https:\/\/www.estrategiaconcursos.com.br\/blog\/#\/schema\/logo\/image\/","url":"https:\/\/dhg1h5j42swfq.cloudfront.net\/2025\/06\/03203428\/logo_concursos-1.jpg","contentUrl":"https:\/\/dhg1h5j42swfq.cloudfront.net\/2025\/06\/03203428\/logo_concursos-1.jpg","width":230,"height":60,"caption":"Estrat\u00e9gia Concursos"},"image":{"@id":"https:\/\/www.estrategiaconcursos.com.br\/blog\/#\/schema\/logo\/image\/"},"sameAs":["https:\/\/x.com\/EstratConcursos"]},{"@type":"Person","@id":"https:\/\/www.estrategiaconcursos.com.br\/blog\/#\/schema\/person\/c6615b1e72eae70edca73ea5362ead63","name":"F\u00e1bio Dutra","image":{"@type":"ImageObject","inLanguage":"pt-BR","@id":"https:\/\/secure.gravatar.com\/avatar\/2fb4b2715a33320653086a45a7174528e6836e078753b587b59cb70f7b453819?s=96&d=mm&r=g","url":"https:\/\/secure.gravatar.com\/avatar\/2fb4b2715a33320653086a45a7174528e6836e078753b587b59cb70f7b453819?s=96&d=mm&r=g","contentUrl":"https:\/\/secure.gravatar.com\/avatar\/2fb4b2715a33320653086a45a7174528e6836e078753b587b59cb70f7b453819?s=96&d=mm&r=g","caption":"F\u00e1bio Dutra"},"url":"https:\/\/www.estrategiaconcursos.com.br\/blog\/author\/fabiodutraestrategiaconcursos-com-br\/"}]}},"_links":{"self":[{"href":"https:\/\/www.estrategiaconcursos.com.br\/blog\/wp-json\/wp\/v2\/posts\/67235","targetHints":{"allow":["GET"]}}],"collection":[{"href":"https:\/\/www.estrategiaconcursos.com.br\/blog\/wp-json\/wp\/v2\/posts"}],"about":[{"href":"https:\/\/www.estrategiaconcursos.com.br\/blog\/wp-json\/wp\/v2\/types\/post"}],"author":[{"embeddable":true,"href":"https:\/\/www.estrategiaconcursos.com.br\/blog\/wp-json\/wp\/v2\/users\/150"}],"replies":[{"embeddable":true,"href":"https:\/\/www.estrategiaconcursos.com.br\/blog\/wp-json\/wp\/v2\/comments?post=67235"}],"version-history":[{"count":2,"href":"https:\/\/www.estrategiaconcursos.com.br\/blog\/wp-json\/wp\/v2\/posts\/67235\/revisions"}],"predecessor-version":[{"id":67241,"href":"https:\/\/www.estrategiaconcursos.com.br\/blog\/wp-json\/wp\/v2\/posts\/67235\/revisions\/67241"}],"wp:attachment":[{"href":"https:\/\/www.estrategiaconcursos.com.br\/blog\/wp-json\/wp\/v2\/media?parent=67235"}],"wp:term":[{"taxonomy":"category","embeddable":true,"href":"https:\/\/www.estrategiaconcursos.com.br\/blog\/wp-json\/wp\/v2\/categories?post=67235"},{"taxonomy":"post_tag","embeddable":true,"href":"https:\/\/www.estrategiaconcursos.com.br\/blog\/wp-json\/wp\/v2\/tags?post=67235"},{"taxonomy":"tax_estado","embeddable":true,"href":"https:\/\/www.estrategiaconcursos.com.br\/blog\/wp-json\/wp\/v2\/tax_estado?post=67235"}],"curies":[{"name":"wp","href":"https:\/\/api.w.org\/{rel}","templated":true}]}}