{"id":67219,"date":"2017-03-15T16:03:41","date_gmt":"2017-03-15T19:03:41","guid":{"rendered":"https:\/\/www.estrategiaconcursos.com.br\/blog\/?p=67219"},"modified":"2017-03-16T10:59:47","modified_gmt":"2017-03-16T13:59:47","slug":"gabarito-trf-2-comentarios-questoes-penal-processo-penal-ajaj-ajaa","status":"publish","type":"post","link":"https:\/\/www.estrategiaconcursos.com.br\/blog\/gabarito-trf-2-comentarios-questoes-penal-processo-penal-ajaj-ajaa\/","title":{"rendered":"GABARITO TRF 2 &#8211; Coment\u00e1rios \u00e0s quest\u00f5es de penal e processo penal (AJAJ e AJAA)"},"content":{"rendered":"<p style=\"text-align: center\">\n\t<span style=\"color:#0000CD\"><b>GABARITO TRF 2&nbsp;&#8211; COMENT&Aacute;RIOS &#8211; AJAJ e AJAA (PENAL E PROCESSO PENAL)<\/b><\/span>\n<\/p>\n<p style=\"text-align: center\">\n\t&nbsp;\n<\/p>\n<p style=\"text-align: justify\">\n\tOl&aacute;, pessoal\n<\/p>\n<p style=\"text-align: justify\">\n\tPara quem n&atilde;o me conhece ainda, meu nome &eacute; <strong>Renan Araujo<\/strong> e sou professor aqui no Estrat&eacute;gia Concursos, lecionando as mat&eacute;rias de Direito Penal e Processual Penal.\n<\/p>\n<p style=\"text-align: justify\">\n\tNeste artigo vamos comentar as quest&otilde;es de Direito Penal e Direito Processual Penal que foram cobradas pela CONSULPLAN na recente prova do TRF 2, para os&nbsp;cargos&nbsp;de Analista Judici&aacute;rio, &aacute;reas JUDICI&Aacute;RIA e ADMINISTRATIVA&nbsp;(GABARITO TRF 2 &#8211; AJAJ e AJAA).\n<\/p>\n<p style=\"text-align: justify\">\n\tA prova teve um n&iacute;vel relativamente baixo, e quem estudou pelo nosso curso com certeza se saiu&nbsp;bem.&nbsp;\n<\/p>\n<p style=\"text-align: justify\">\n\t<strong>N&atilde;o vejo, contudo, possibilidade de recurso.<\/strong>\n<\/p>\n<p style=\"text-align: justify\">\n\tVamos aos coment&aacute;rios:\n<\/p>\n<p style=\"text-align: justify\">\n\t&nbsp;\n<\/p>\n<p style=\"text-align: center\">\n\t<span style=\"color:#FF0000\"><strong>AJAJ<\/strong><\/span>\n<\/p>\n<p style=\"text-align: justify\">\n\t&nbsp;\n<\/p>\n<p style=\"text-align: justify\">\n\t<strong>(CONSULPLAN &ndash; 2017 &ndash; TRF2 &ndash; ANALISTA JUDICI&Aacute;RIO &ndash; &Aacute;REA JUDICI&Aacute;RIA)<\/strong>\n<\/p>\n<p style=\"text-align: justify\">\n\t<strong>Sobre aplica&ccedil;&atilde;o da pena, assinale a alternativa INCORRETA. <\/strong>\n<\/p>\n<p style=\"text-align: justify\">\n\t<strong>A) &nbsp;O desconhecimento da lei &eacute; uma causa atenuante.<\/strong>\n<\/p>\n<p style=\"text-align: justify\">\n\t<strong>B) &nbsp;A incid&ecirc;ncia da circunst&acirc;ncia atenuante n&atilde;o pode conduzir &agrave; redu&ccedil;&atilde;o da pena abaixo do m&iacute;nimo legal.<\/strong>\u2028\n<\/p>\n<p style=\"text-align: justify\">\n\t<strong>C) &Eacute; circunst&acirc;ncia que sempre atenua a pena ter o agente cometido o crime em estado de embriaguez preordenada. <\/strong>\n<\/p>\n<p style=\"text-align: justify\">\n\t<strong>d) No concurso de agravantes e atenuantes, a pena deve aproximar-se do limite indicado pelas circunst&acirc;ncias preponderantes, entendendo-se como tais as que resultam dos motivos determinantes do crime, da personalidade do agente e da reincid&ecirc;ncia.<\/strong>\n<\/p>\n<p style=\"text-align: justify\">\n\t<strong>COMENT&Aacute;RIOS: <\/strong>\n<\/p>\n<p style=\"text-align: justify\">\n\ta) CORRETA: Item correto, pois o desconhecimento da lei n&atilde;o gera isen&ccedil;&atilde;o de pena, mas pode funcionar como circunst&acirc;ncia atenuante, nos termos do art. 65, II do CP.\n<\/p>\n<p style=\"text-align: justify\">\n\tb) CORRETA: Item correto, pois nas duas primeiras etapas da dosimetria da pena (e as atenuantes est&atilde;o na segunda etapa) a pena n&atilde;o pode ficar abaixo do patamar m&iacute;nimo ou acima do m&aacute;ximo, conforme s&uacute;mula 231 do STJ.\n<\/p>\n<p style=\"text-align: justify\">\n\tc) ERRADA: Item errado, pois a embriaguez preordenada &eacute; circunst&acirc;ncia AGRAVANTE, n&atilde;o atenuante, nos termos do art. 61, II, l, do CP.\n<\/p>\n<p style=\"text-align: justify\">\n\td) CORRETA: Item correto, nos termos do art. 67 do CP.\n<\/p>\n<p style=\"text-align: justify\">\n\t<span style=\"color:#FF0000\"><strong>Portanto, a ALTERNATIVA INCORRETA &Eacute; A LETRA C.<\/strong><\/span>\n<\/p>\n<p style=\"text-align: justify\">\n\t&nbsp;\n<\/p>\n<p style=\"text-align: justify\">\n\t<strong>(CONSULPLAN &ndash; 2017 &ndash; TRF2 &ndash; ANALISTA JUDICI&Aacute;RIO &ndash; &Aacute;REA JUDICI&Aacute;RIA)<\/strong>\n<\/p>\n<p style=\"text-align: justify\">\n\t<strong>&ldquo;A progress&atilde;o de regime, no caso dos condenados por crimes hediondos dar-se-&aacute; ap&oacute;s o cumprimento de _____ da pena, se o apenado for prim&aacute;rio; e de _____, se reincidente.&rdquo; Assinale a alternativa que completa correta e sequencialmente a afirmativa anterior. <\/strong>\n<\/p>\n<p style=\"text-align: justify\">\n\t<strong>A)1\/3\/2\/3 <\/strong>\n<\/p>\n<p style=\"text-align: justify\">\n\t<strong>B)1\/4\/2\/5 <\/strong>\n<\/p>\n<p style=\"text-align: justify\">\n\t<strong>C)1\/6\/1\/2<\/strong>\n<\/p>\n<p style=\"text-align: justify\">\n\t<strong>D)2\/5\/3\/5<\/strong>\n<\/p>\n<p style=\"text-align: justify\">\n\t<strong>COMENT&Aacute;RIOS: <\/strong>Em se tratando de crimes hediondos, a progress&atilde;o de regime se dar&aacute; ap&oacute;s o cumprimento de 2\/5 da pena, em se tratando de condenado prim&aacute;rio, e 3\/5 da pena em se tratando de condenado reincidente, nos termos do art. 2&ordm;, &sect;2&ordm; da Lei 8.072\/90.\n<\/p>\n<p style=\"text-align: justify\">\n\t<span style=\"color:#0000FF\"><strong>Portanto, a ALTERNATIVA CORRETA &Eacute; A LETRA D.<\/strong><\/span>\n<\/p>\n<p style=\"text-align: justify\">\n\t&nbsp;\n<\/p>\n<p style=\"text-align: justify\">\n\t<strong>(CONSULPLAN &ndash; 2017 &ndash; TRF2 &ndash; ANALISTA JUDICI&Aacute;RIO &ndash; &Aacute;REA JUDICI&Aacute;RIA)<\/strong>\n<\/p>\n<p style=\"text-align: justify\">\n\t<strong>&ldquo;&lsquo;Fulano de Tal&rsquo; foi preso em flagrante delito por crime afeto &agrave; justi&ccedil;a comum estadual. Comunicado da pris&atilde;o, o juiz de direito converteu a pris&atilde;o em flagrante em pris&atilde;o preventiva. Nesta hip&oacute;tese, o inqu&eacute;rito policial dever&aacute; ser conclu&iacute;do em ____ dias, a partir da _____________.&rdquo; Assinale a alternativa que completa correta e sequencialmente a afirmativa anterior. <\/strong>\n<\/p>\n<p style=\"text-align: justify\">\n\t<strong>A) 10 \/ pris&atilde;o<\/strong>\u2028\n<\/p>\n<p style=\"text-align: justify\">\n\t<strong>B) 15 \/ pris&atilde;o<\/strong>\u2028\n<\/p>\n<p style=\"text-align: justify\">\n\t<strong>C) 10 \/ instaura&ccedil;&atilde;o <\/strong>\n<\/p>\n<p style=\"text-align: justify\">\n\t<strong>D) 15 \/ instaura&ccedil;&atilde;o <\/strong>\n<\/p>\n<p style=\"text-align: justify\">\n\t<strong>COMENT&Aacute;RIOS: <\/strong>O inqu&eacute;rito policial, neste caso, deve ser conclu&iacute;do no prazo de 10 dias, contados da data da efetiva&ccedil;&atilde;o da pris&atilde;o, nos exatos termos do que disp&otilde;e o art. 10 do CPP.\n<\/p>\n<p style=\"text-align: justify\">\n\t<span style=\"color:#0000FF\"><strong>Portanto, a ALTERNATIVA CORRETA &Eacute; A LETRA A.<\/strong><\/span>\n<\/p>\n<p style=\"text-align: justify\">\n\t&nbsp;\n<\/p>\n<p style=\"text-align: justify\">\n\t<strong>(CONSULPLAN &ndash; 2017 &ndash; TRF2 &ndash; ANALISTA JUDICI&Aacute;RIO &ndash; &Aacute;REA JUDICI&Aacute;RIA)<\/strong>\n<\/p>\n<p style=\"text-align: justify\">\n\t<strong>Sobre os temas queixa, perd&atilde;o e ren&uacute;ncia, assinale a alternativa INCORRETA. <\/strong>\n<\/p>\n<p style=\"text-align: justify\">\n\t<strong>a)A ren&uacute;ncia ao exerc&iacute;cio do direito de queixa, em rela&ccedil;&atilde;o a um dos autores do crime, a todos se estender&aacute;. <\/strong>\n<\/p>\n<p style=\"text-align: justify\">\n\t<strong>b) O perd&atilde;o concedido a um dos querelados aproveitar&aacute; a todos, produzindo efeito em rela&ccedil;&atilde;o ao que o recusar. <\/strong>\n<\/p>\n<p style=\"text-align: justify\">\n\t<strong>c) A queixa contra qualquer dos autores do crime obrigar&aacute; ao processo de todos, e o Minist&eacute;rio P&uacute;blico velar&aacute; pela sua indivisibilidade. <\/strong>\n<\/p>\n<p style=\"text-align: justify\">\n\t<strong>d) A queixa, ainda quando a a&ccedil;&atilde;o penal for privativa do ofendido, poder&aacute; ser aditada pelo Minist&eacute;rio P&uacute;blico, a quem caber&aacute; intervir em todos os termos subsequentes do processo. <\/strong>\n<\/p>\n<p style=\"text-align: justify\">\n\t<strong>COMENT&Aacute;RIOS: <\/strong>\n<\/p>\n<p style=\"text-align: justify\">\n\ta) CORRETA: Item correto, pois isso decorre do princ&iacute;pio da indivisibilidade da a&ccedil;&atilde;o penal privada, nos termos do art. 49 do CPP.\n<\/p>\n<p style=\"text-align: justify\">\n\tb) ERRADA: Item errado, pois apesar de o perd&atilde;o oferecido a um dos querelados aproveitar a todos, pelo princ&iacute;pio da indivisibilidade da a&ccedil;&atilde;o penal privada, n&atilde;o produzir&aacute; efeitos em rela&ccedil;&atilde;o &agrave;quele que recusar o perd&atilde;o, eis que o perd&atilde;o &eacute; ato bilateral, ou seja, depende de aceita&ccedil;&atilde;o pelo querelado, nos termos do art. 51 do CPP.\n<\/p>\n<p style=\"text-align: justify\">\n\tc) CORRETA: Item correto, pois isso decorre do princ&iacute;pio da indivisibilidade da a&ccedil;&atilde;o penal privada, nos termos do art. 48 do CPP.\n<\/p>\n<p style=\"text-align: justify\">\n\td) CORRETA: Item correto, nos exatos termos do art. 45 do CPP.\n<\/p>\n<p style=\"text-align: justify\">\n\t<span style=\"color:#FF0000\"><strong>Portanto, a ALTERNATIVA INCORRETA &Eacute; A LETRA B.<\/strong><\/span>\n<\/p>\n<p style=\"text-align: justify\">\n\t&nbsp;\n<\/p>\n<p style=\"text-align: justify\">\n\t<strong>(CONSULPLAN &ndash; 2017 &ndash; TRF2 &ndash; ANALISTA JUDICI&Aacute;RIO &ndash; &Aacute;REA JUDICI&Aacute;RIA)<\/strong>\n<\/p>\n<p style=\"text-align: justify\">\n\t<strong>Sobre o tema Compet&ecirc;ncia Penal da Justi&ccedil;a Federal, assinale a alternativa INCORRETA. <\/strong>\n<\/p>\n<p style=\"text-align: justify\">\n\t<strong>a) Compete &agrave; Justi&ccedil;a Federal processar e julgar crime de falso testemunho cometido no processo trabalhista. <\/strong>\n<\/p>\n<p style=\"text-align: justify\">\n\t<strong>b) Compete &agrave; Justi&ccedil;a Federal processar e julgar os crimes praticados em detrimento das sociedades de economia mista. <\/strong>\n<\/p>\n<p style=\"text-align: justify\">\n\t<strong>c) Compete &agrave; Justi&ccedil;a Federal processar e julgar os crimes praticados contra funcion&aacute;rio p&uacute;blico federal, quando relacionados com o exerc&iacute;cio da fun&ccedil;&atilde;o <\/strong>\n<\/p>\n<p style=\"text-align: justify\">\n\t<strong>d) Compete &agrave; Justi&ccedil;a Estadual Comum, na vig&ecirc;ncia da Constitui&ccedil;&atilde;o de 1988, o processo por contraven&ccedil;&atilde;o penal, ainda que praticada em detrimento de bens, servi&ccedil;os ou interesse da Uni&atilde;o ou de suas entidades. <\/strong>\n<\/p>\n<p style=\"text-align: justify\">\n\t<strong>COMENT&Aacute;RIOS: <\/strong>\n<\/p>\n<p style=\"text-align: justify\">\n\ta) CORRETA: Item correto, pois neste caso o crime estar&aacute; afetando interesse direto da Uni&atilde;o, j&aacute; que praticado no bojo de processo que tramita perante a justi&ccedil;a federalizada.\n<\/p>\n<p style=\"text-align: justify\">\n\tb) ERRADA: Item errado, pois o simples fato de se tratar de crime praticado contra sociedade de economia mista n&atilde;o desloca a compet&ecirc;ncia para a Justi&ccedil;a Federal, nos termos do art. 109, IV da CF\/88.\n<\/p>\n<p style=\"text-align: justify\">\n\tc) CORRETA: Item correto, pois neste caso o crime estar&aacute; afetando interesse direto da Uni&atilde;o, pois afeta servi&ccedil;o da Uni&atilde;o, nos termos do art. 109, IV da CF\/88.\n<\/p>\n<p style=\"text-align: justify\">\n\td) CORRETA: Item correto, pois o art. 109, IV da CF\/88 exclui da compet&ecirc;ncia da Justi&ccedil;a Federal o processo e julgamento das contraven&ccedil;&otilde;es penais, ainda quando praticadas em detrimento de bens, servi&ccedil;os ou interesse da Uni&atilde;o ou de suas entidades.\n<\/p>\n<p style=\"text-align: justify\">\n\t<span style=\"color:#FF0000\"><strong>Portanto, a ALTERNATIVA INCORRETA &Eacute; A LETRA B.<\/strong><\/span>\n<\/p>\n<p style=\"text-align: justify\">\n\t&nbsp;\n<\/p>\n<p style=\"text-align: justify\">\n\t<strong>(CONSULPLAN &ndash; 2017 &ndash; TRF2 &ndash; ANALISTA JUDICI&Aacute;RIO &ndash; &Aacute;REA JUDICI&Aacute;RIA)<\/strong>\n<\/p>\n<p style=\"text-align: justify\">\n\t<strong>Poder&aacute; o juiz substituir a pris&atilde;o preventiva pela domiciliar quando o agente for: <\/strong>\n<\/p>\n<p style=\"text-align: justify\">\n\t<strong>A) &nbsp;Maior de 70 anos. <\/strong>\n<\/p>\n<p style=\"text-align: justify\">\n\t<strong>B) Imprescind&iacute;vel aos cuidados de pessoa menor de 7 anos de idade. <\/strong>\n<\/p>\n<p style=\"text-align: justify\">\n\t<strong>C) &nbsp;Gestante, apenas a partir do 7o m&ecirc;s de gravidez ou sendo esta de alto risco. <\/strong>\n<\/p>\n<p style=\"text-align: justify\">\n\t<strong>D) &nbsp;Homem, caso seja o &uacute;nico respons&aacute;vel pelos <\/strong>\u2028<strong>cuidados do filho de at&eacute; doze anos de idade incompletos.<\/strong>\n<\/p>\n<p style=\"text-align: justify\">\n\t<strong>COMENT&Aacute;RIOS: <\/strong>O Juiz pode substituir a pris&atilde;o preventiva pela pris&atilde;o domiciliar nas hip&oacute;teses previstas no art. 318 do CPP:\n<\/p>\n<p style=\"text-align: justify;margin-left: 40px\">\n\tArt. 318.&nbsp; Poder&aacute; o juiz substituir a pris&atilde;o preventiva pela domiciliar quando o agente for:&nbsp;&nbsp;&nbsp;&nbsp;&nbsp;&nbsp;&nbsp;&nbsp;&nbsp; (Reda&ccedil;&atilde;o dada pela Lei n&ordm; 12.403, de 2011).\n<\/p>\n<p style=\"text-align: justify;margin-left: 40px\">\n\tI &#8211; maior de 80 (oitenta) anos;&nbsp;&nbsp;&nbsp;&nbsp;&nbsp;&nbsp;&nbsp;&nbsp;&nbsp; (Inclu&iacute;do pela Lei n&ordm; 12.403, de 2011).\n<\/p>\n<p style=\"text-align: justify;margin-left: 40px\">\n\tII &#8211; extremamente debilitado por motivo de doen&ccedil;a grave;&nbsp;&nbsp;&nbsp;&nbsp;&nbsp;&nbsp;&nbsp;&nbsp;&nbsp;&nbsp;&nbsp; (Inclu&iacute;do pela Lei n&ordm; 12.403, de 2011).\n<\/p>\n<p style=\"text-align: justify;margin-left: 40px\">\n\tIII &#8211; imprescind&iacute;vel aos cuidados especiais de pessoa menor de 6 (seis) anos de idade ou com defici&ecirc;ncia;&nbsp;&nbsp;&nbsp;&nbsp;&nbsp;&nbsp;&nbsp;&nbsp;&nbsp;&nbsp;&nbsp;&nbsp;&nbsp;&nbsp;&nbsp; (Inclu&iacute;do pela Lei n&ordm; 12.403, de 2011).\n<\/p>\n<p style=\"text-align: justify;margin-left: 40px\">\n\tIV &#8211; gestante;&nbsp;&nbsp;&nbsp;&nbsp;&nbsp;&nbsp;&nbsp;&nbsp;&nbsp;&nbsp; (Reda&ccedil;&atilde;o dada pela Lei n&ordm; 13.257, de 2016)\n<\/p>\n<p style=\"text-align: justify;margin-left: 40px\">\n\tV &#8211; mulher com filho de at&eacute; 12 (doze) anos de idade incompletos;&nbsp;&nbsp;&nbsp;&nbsp;&nbsp;&nbsp;&nbsp;&nbsp;&nbsp;&nbsp; (Inclu&iacute;do pela Lei n&ordm; 13.257, de 2016)\n<\/p>\n<p style=\"text-align: justify;margin-left: 40px\">\n\tVI &#8211; homem, caso seja o &uacute;nico respons&aacute;vel pelos cuidados do filho de at&eacute; 12 (doze) anos de idade incompletos.&nbsp;&nbsp;&nbsp;&nbsp;&nbsp;&nbsp;&nbsp;&nbsp;&nbsp;&nbsp; (Inclu&iacute;do pela Lei n&ordm; 13.257, de 2016) \u2028\n<\/p>\n<p style=\"text-align: justify\">\n\tComo se v&ecirc;, nos termos do art. 318, VI do CPP, a letra D est&aacute; correta.\n<\/p>\n<p style=\"text-align: justify\">\n\t<span style=\"color:#0000FF\"><strong>Portanto, a ALTERNATIVA CORRETA &Eacute; A LETRA D.<\/strong><\/span>\n<\/p>\n<p style=\"text-align: justify\">\n\t&nbsp;\n<\/p>\n<p style=\"text-align: center\">\n\t<span style=\"color:#FF0000\"><strong>AJAA<\/strong><\/span>\n<\/p>\n<p style=\"text-align: justify\">\n\t&nbsp;\n<\/p>\n<p style=\"text-align: justify\">\n\t<strong>(CONSULPLAN &ndash; 2017 &ndash; TRF2 &ndash; ANALISTA JUDICI&Aacute;RIO &ndash; &Aacute;REA ADMINISTRATIVA)<\/strong>\n<\/p>\n<p style=\"text-align: justify\">\n\t<strong>Nos crimes previstos na Lei no 7.716, de 5 de janeiro de 1989 &ndash; que define os crimes resultantes de preconceito de ra&ccedil;a ou de cor &ndash;, constitui efeito da condena&ccedil;&atilde;o a perda do cargo ou fun&ccedil;&atilde;o p&uacute;blica, para o servidor p&uacute;blico, e a suspens&atilde;o do funcionamento do estabelecimento particular envolvido por prazo n&atilde;o superior a: <\/strong>\n<\/p>\n<p style=\"text-align: justify\">\n\t<strong>A) 1 m&ecirc;s.<\/strong>\n<\/p>\n<p style=\"text-align: justify\">\n\t<strong>B) 1 ano. <\/strong>\n<\/p>\n<p style=\"text-align: justify\">\n\t<strong>C) 6 meses. <\/strong>\n<\/p>\n<p style=\"text-align: justify\">\n\t<strong>D) 3 meses<\/strong>\n<\/p>\n<p style=\"text-align: justify\">\n\t<strong>COMENT&Aacute;RIOS: <\/strong>Nos termos do art. 16 da Lei 7.716\/89, constitui efeito da condena&ccedil;&atilde;o a perda do cargo ou fun&ccedil;&atilde;o p&uacute;blica, para o servidor p&uacute;blico, bem como a suspens&atilde;o do funcionamento do estabelecimento particular por prazo n&atilde;o superior a 03 meses.\n<\/p>\n<p style=\"text-align: justify\">\n\t<span style=\"color:#0000FF\"><strong>Portanto, a ALTERNATIVA CORRETA &Eacute; A LETRA D.<\/strong><\/span>\n<\/p>\n<p style=\"text-align: justify\">\n\t&nbsp;\n<\/p>\n<p style=\"text-align: justify\">\n\t<strong>(CONSULPLAN &ndash; 2017 &ndash; TRF2 &ndash; ANALISTA JUDICI&Aacute;RIO &ndash; &Aacute;REA ADMINISTRATIVA)<\/strong>\n<\/p>\n<p style=\"text-align: justify\">\n\t<strong>Sobre a Lei de Abuso de Autoridade (Lei no 4.898, de 9 de dezembro de 1965), analise as afirmativas a seguir. <\/strong>\n<\/p>\n<p style=\"text-align: justify\">\n\t<strong>I) Quando o abuso for cometido por agente de autoridade policial, civil ou militar, de qualquer categoria, poder&aacute; ser cominada a pena aut&ocirc;noma ou acess&oacute;ria, de n&atilde;o poder o acusado exercer fun&ccedil;&otilde;es de natureza policial ou militar no munic&iacute;pio da culpa, por prazo de um a tr&ecirc;s anos. <\/strong>\n<\/p>\n<p style=\"text-align: justify\">\n\t<strong>II) Considera-se autoridade, para os efeitos da lei de abuso de autoridade, quem exerce cargo, emprego ou fun&ccedil;&atilde;o p&uacute;blica, de natureza civil, ou militar, ainda que transitoriamente e sem remunera&ccedil;&atilde;o. <\/strong>\n<\/p>\n<p style=\"text-align: justify\">\n\t<strong>III) A a&ccedil;&atilde;o penal ser&aacute; iniciada, independentemente de inqu&eacute;rito policial ou justifica&ccedil;&atilde;o por den&uacute;ncia do Minist&eacute;rio P&uacute;blico, instru&iacute;da com a representa&ccedil;&atilde;o da v&iacute;tima do abuso. <\/strong>\n<\/p>\n<p style=\"text-align: justify\">\n\t<strong>Est&atilde;o corretas as afirmativas<\/strong>\n<\/p>\n<p style=\"text-align: justify\">\n\t<strong>A) I, II e III.\u2028<\/strong>\n<\/p>\n<p style=\"text-align: justify\">\n\t<strong>B) III, apenas.\u2028<\/strong>\n<\/p>\n<p style=\"text-align: justify\">\n\t<strong>C) I e II, apenas.<\/strong>\n<\/p>\n<p style=\"text-align: justify\">\n\t<strong>D) II e III, apenas<\/strong>\n<\/p>\n<p style=\"text-align: justify\">\n\t<strong>COMENT&Aacute;RIOS: <\/strong>\n<\/p>\n<p style=\"text-align: justify\">\n\tI &ndash; ERRADA: Item errado, pois neste caso poder&aacute; ser cominada a pena aut&ocirc;noma ou acess&oacute;ria, de n&atilde;o poder o acusado exercer fun&ccedil;&otilde;es de natureza policial ou militar no munic&iacute;pio da culpa, por prazo de 01 a 05 anos, nos termos do art. 6&ordm;, &sect;5&ordm; da Lei 4.898\/65.\n<\/p>\n<p style=\"text-align: justify\">\n\tII &ndash; CORRETA: Item correto, pois esta &eacute; a exata defini&ccedil;&atilde;o do art. 5&ordm; da Lei:\n<\/p>\n<p style=\"text-align: justify;margin-left: 40px\">\n\tArt. 5&ordm; Considera-se autoridade, para os efeitos desta lei, quem exerce cargo, emprego ou fun&ccedil;&atilde;o p&uacute;blica, de natureza civil, ou militar, ainda que transitoriamente e sem remunera&ccedil;&atilde;o.\n<\/p>\n<p style=\"text-align: justify\">\n\tIII &ndash; CORRETA: Item correto, pois esta &eacute; a exata previs&atilde;o contida no art. 12 da Lei:\n<\/p>\n<p style=\"text-align: justify;margin-left: 40px\">\n\tArt. 12. A a&ccedil;&atilde;o penal ser&aacute; iniciada, independentemente de inqu&eacute;rito policial ou justifica&ccedil;&atilde;o por den&uacute;ncia do Minist&eacute;rio P&uacute;blico, instru&iacute;da com a representa&ccedil;&atilde;o da v&iacute;tima do abuso\n<\/p>\n<p style=\"text-align: justify\">\n\t<span style=\"color:#0000FF\"><strong>Portanto, a ALTERNATIVA CORRETA &Eacute; A LETRA D.<\/strong><\/span>\n<\/p>\n<p style=\"text-align: justify\">\n\t&nbsp;\n<\/p>\n<p style=\"text-align: justify\">\n\tSe voc&ecirc; quer conhecer mais do meu trabalho aqui no Estrat&eacute;gia Concursos, <a href=\"https:\/\/www.estrategiaconcursos.com.br\/cursosPorProfessor\/renan-araujo-3209\/\">clique aqui<\/a> e baixe, gratuitamente, as aulas demonstrativas dos meus cursos.\n<\/p>\n<p style=\"text-align: justify\">\n\t<strong>Bons estudos!<\/strong>\n<\/p>\n<p style=\"text-align: justify\">\n\t<strong>Prof. Renan Araujo<\/strong>\n<\/p>\n<p style=\"text-align: justify\">\n\t<strong>E-mail:&nbsp;<\/strong><a href=\"mailto:profrenanaraujo@gmail.com\"><strong>prof<\/strong><\/a><strong>renanaraujo@gmail.com<\/strong>\n<\/p>\n<p style=\"text-align: justify\">\n\t<strong>Periscope: @profrenanaraujo&nbsp;<\/strong>\n<\/p>\n<p style=\"text-align: justify\">\n\t<strong>Facebook:&nbsp;<\/strong><a href=\"http:\/\/www.facebook.com\/profrenanaraujoestrategia\"><strong>www.facebook.com\/profrenanaraujoestrategia<\/strong><\/a>\n<\/p>\n<p style=\"text-align: justify\">\n\t<strong>Instagram:&nbsp;<\/strong><a href=\"http:\/\/www.instagram.com\/profrenanaraujo\/?hl=pt-br\"><strong>www.instagram.com\/profrenanaraujo\/?hl=pt-br<\/strong><\/a>\n<\/p>\n<p style=\"text-align: justify\">\n\t<strong>Youtube:&nbsp;<\/strong><a href=\"http:\/\/www.youtube.com\/channel\/UClIFS2cyREWT35OELN8wcFQ\"><strong>www.youtube.com\/channel\/UClIFS2cyREWT35OELN8wcFQ<\/strong><\/a><\/p>\n","protected":false},"excerpt":{"rendered":"<p>GABARITO TRF 2&nbsp;&#8211; COMENT&Aacute;RIOS &#8211; AJAJ e AJAA (PENAL E PROCESSO PENAL) &nbsp; Ol&aacute;, pessoal Para quem n&atilde;o me conhece ainda, meu nome &eacute; Renan Araujo e sou professor aqui no Estrat&eacute;gia Concursos, lecionando as mat&eacute;rias de Direito Penal e Processual Penal. Neste artigo vamos comentar as quest&otilde;es de Direito Penal e Direito Processual Penal [&hellip;]<\/p>\n","protected":false},"author":39,"featured_media":0,"comment_status":"open","ping_status":"open","sticky":false,"template":"","format":"standard","meta":{"post_tipo":"article","footnotes":""},"categories":[1,1984],"tags":[1294],"tax_estado":[],"class_list":["post-67219","post","type-post","status-publish","format-standard","hentry","category-cursos-e-concursos","category-tribunais","tag-trf-2"],"acf":[],"yoast_head":"<!-- This site is optimized with the Yoast SEO Premium plugin v27.2 (Yoast SEO v27.2) - https:\/\/yoast.com\/product\/yoast-seo-premium-wordpress\/ -->\n<title>GABARITO TRF 2 - Coment\u00e1rios \u00e0s quest\u00f5es de penal e processo penal<\/title>\n<meta name=\"description\" content=\"GABARITO TRF 2 (consulplan)- Coment\u00e1rios do Prof. Renan Araujo \u00e0s quest\u00f5es de penal e processo penal, para os cargos de AJAJ e AJAA.\" \/>\n<meta name=\"robots\" content=\"index, follow, max-snippet:-1, max-image-preview:large, max-video-preview:-1\" \/>\n<link rel=\"canonical\" href=\"https:\/\/www.estrategiaconcursos.com.br\/blog\/gabarito-trf-2-comentarios-questoes-penal-processo-penal-ajaj-ajaa\/\" \/>\n<meta property=\"og:locale\" content=\"pt_BR\" \/>\n<meta property=\"og:type\" content=\"article\" \/>\n<meta property=\"og:title\" content=\"GABARITO TRF 2 - Coment\u00e1rios \u00e0s quest\u00f5es de penal e processo penal (AJAJ e AJAA)\" \/>\n<meta property=\"og:description\" content=\"GABARITO TRF 2 (consulplan)- Coment\u00e1rios do Prof. Renan Araujo \u00e0s quest\u00f5es de penal e processo penal, para os cargos de AJAJ e AJAA.\" \/>\n<meta property=\"og:url\" content=\"https:\/\/www.estrategiaconcursos.com.br\/blog\/gabarito-trf-2-comentarios-questoes-penal-processo-penal-ajaj-ajaa\/\" \/>\n<meta property=\"og:site_name\" content=\"Estrat\u00e9gia Concursos\" \/>\n<meta property=\"article:published_time\" content=\"2017-03-15T19:03:41+00:00\" \/>\n<meta property=\"article:modified_time\" content=\"2017-03-16T13:59:47+00:00\" \/>\n<meta name=\"author\" content=\"Renan Araujo\" \/>\n<meta name=\"twitter:card\" content=\"summary_large_image\" \/>\n<meta name=\"twitter:creator\" content=\"@EstratConcursos\" \/>\n<meta name=\"twitter:site\" content=\"@EstratConcursos\" \/>\n<meta name=\"twitter:label1\" content=\"Escrito por\" \/>\n\t<meta name=\"twitter:data1\" content=\"Renan Araujo\" \/>\n\t<meta name=\"twitter:label2\" content=\"Est. tempo de leitura\" \/>\n\t<meta name=\"twitter:data2\" content=\"11 minutos\" \/>\n<script type=\"application\/ld+json\" class=\"yoast-schema-graph\">{\"@context\":\"https:\/\/schema.org\",\"@graph\":[{\"@type\":\"NewsArticle\",\"@id\":\"https:\/\/www.estrategiaconcursos.com.br\/blog\/gabarito-trf-2-comentarios-questoes-penal-processo-penal-ajaj-ajaa\/#article\",\"isPartOf\":{\"@id\":\"https:\/\/www.estrategiaconcursos.com.br\/blog\/gabarito-trf-2-comentarios-questoes-penal-processo-penal-ajaj-ajaa\/\"},\"author\":{\"name\":\"Renan Araujo\",\"@id\":\"https:\/\/www.estrategiaconcursos.com.br\/blog\/#\/schema\/person\/1a7a7af72da82939a6308b2ee292162b\"},\"headline\":\"GABARITO TRF 2 &#8211; Coment\u00e1rios \u00e0s quest\u00f5es de penal e processo penal (AJAJ e AJAA)\",\"datePublished\":\"2017-03-15T19:03:41+00:00\",\"dateModified\":\"2017-03-16T13:59:47+00:00\",\"mainEntityOfPage\":{\"@id\":\"https:\/\/www.estrategiaconcursos.com.br\/blog\/gabarito-trf-2-comentarios-questoes-penal-processo-penal-ajaj-ajaa\/\"},\"wordCount\":2295,\"commentCount\":4,\"publisher\":{\"@id\":\"https:\/\/www.estrategiaconcursos.com.br\/blog\/#organization\"},\"keywords\":[\"TRF 2\"],\"articleSection\":[\"Concursos P\u00fablicos\",\"Tribunais\"],\"inLanguage\":\"pt-BR\",\"potentialAction\":[{\"@type\":\"CommentAction\",\"name\":\"Comment\",\"target\":[\"https:\/\/www.estrategiaconcursos.com.br\/blog\/gabarito-trf-2-comentarios-questoes-penal-processo-penal-ajaj-ajaa\/#respond\"]}],\"copyrightYear\":\"2017\",\"copyrightHolder\":{\"@id\":\"https:\/\/www.estrategiaconcursos.com.br\/blog\/#organization\"}},{\"@type\":\"WebPage\",\"@id\":\"https:\/\/www.estrategiaconcursos.com.br\/blog\/gabarito-trf-2-comentarios-questoes-penal-processo-penal-ajaj-ajaa\/\",\"url\":\"https:\/\/www.estrategiaconcursos.com.br\/blog\/gabarito-trf-2-comentarios-questoes-penal-processo-penal-ajaj-ajaa\/\",\"name\":\"GABARITO TRF 2 - Coment\u00e1rios \u00e0s quest\u00f5es de penal e processo penal\",\"isPartOf\":{\"@id\":\"https:\/\/www.estrategiaconcursos.com.br\/blog\/#website\"},\"datePublished\":\"2017-03-15T19:03:41+00:00\",\"dateModified\":\"2017-03-16T13:59:47+00:00\",\"description\":\"GABARITO TRF 2 (consulplan)- Coment\u00e1rios do Prof. Renan Araujo \u00e0s quest\u00f5es de penal e processo penal, para os cargos de AJAJ e AJAA.\",\"breadcrumb\":{\"@id\":\"https:\/\/www.estrategiaconcursos.com.br\/blog\/gabarito-trf-2-comentarios-questoes-penal-processo-penal-ajaj-ajaa\/#breadcrumb\"},\"inLanguage\":\"pt-BR\",\"potentialAction\":[{\"@type\":\"ReadAction\",\"target\":[\"https:\/\/www.estrategiaconcursos.com.br\/blog\/gabarito-trf-2-comentarios-questoes-penal-processo-penal-ajaj-ajaa\/\"]}]},{\"@type\":\"BreadcrumbList\",\"@id\":\"https:\/\/www.estrategiaconcursos.com.br\/blog\/gabarito-trf-2-comentarios-questoes-penal-processo-penal-ajaj-ajaa\/#breadcrumb\",\"itemListElement\":[{\"@type\":\"ListItem\",\"position\":1,\"name\":\"In\u00edcio\",\"item\":\"https:\/\/www.estrategiaconcursos.com.br\/blog\/\"},{\"@type\":\"ListItem\",\"position\":2,\"name\":\"GABARITO TRF 2 &#8211; Coment\u00e1rios \u00e0s quest\u00f5es de penal e processo penal (AJAJ e AJAA)\"}]},{\"@type\":\"WebSite\",\"@id\":\"https:\/\/www.estrategiaconcursos.com.br\/blog\/#website\",\"url\":\"https:\/\/www.estrategiaconcursos.com.br\/blog\/\",\"name\":\"Estrat\u00e9gia Concursos\",\"description\":\"O blog da Estrat\u00e9gia Concursos traz not\u00edcias sobre concursos e artigos de professores oferecendo cursos para concursos (pdf + videaulas) no site.\",\"publisher\":{\"@id\":\"https:\/\/www.estrategiaconcursos.com.br\/blog\/#organization\"},\"potentialAction\":[{\"@type\":\"SearchAction\",\"target\":{\"@type\":\"EntryPoint\",\"urlTemplate\":\"https:\/\/www.estrategiaconcursos.com.br\/blog\/?s={search_term_string}\"},\"query-input\":{\"@type\":\"PropertyValueSpecification\",\"valueRequired\":true,\"valueName\":\"search_term_string\"}}],\"inLanguage\":\"pt-BR\"},{\"@type\":\"Organization\",\"@id\":\"https:\/\/www.estrategiaconcursos.com.br\/blog\/#organization\",\"name\":\"Estrat\u00e9gia Concursos\",\"url\":\"https:\/\/www.estrategiaconcursos.com.br\/blog\/\",\"logo\":{\"@type\":\"ImageObject\",\"inLanguage\":\"pt-BR\",\"@id\":\"https:\/\/www.estrategiaconcursos.com.br\/blog\/#\/schema\/logo\/image\/\",\"url\":\"https:\/\/dhg1h5j42swfq.cloudfront.net\/2025\/06\/03203428\/logo_concursos-1.jpg\",\"contentUrl\":\"https:\/\/dhg1h5j42swfq.cloudfront.net\/2025\/06\/03203428\/logo_concursos-1.jpg\",\"width\":230,\"height\":60,\"caption\":\"Estrat\u00e9gia Concursos\"},\"image\":{\"@id\":\"https:\/\/www.estrategiaconcursos.com.br\/blog\/#\/schema\/logo\/image\/\"},\"sameAs\":[\"https:\/\/x.com\/EstratConcursos\"]},{\"@type\":\"Person\",\"@id\":\"https:\/\/www.estrategiaconcursos.com.br\/blog\/#\/schema\/person\/1a7a7af72da82939a6308b2ee292162b\",\"name\":\"Renan Araujo\",\"image\":{\"@type\":\"ImageObject\",\"inLanguage\":\"pt-BR\",\"@id\":\"https:\/\/secure.gravatar.com\/avatar\/ca6cb9ba5a547fbe93c05c63d6103dff6c2566555a601f1efb8590a69fb9ed76?s=96&d=mm&r=g\",\"url\":\"https:\/\/secure.gravatar.com\/avatar\/ca6cb9ba5a547fbe93c05c63d6103dff6c2566555a601f1efb8590a69fb9ed76?s=96&d=mm&r=g\",\"contentUrl\":\"https:\/\/secure.gravatar.com\/avatar\/ca6cb9ba5a547fbe93c05c63d6103dff6c2566555a601f1efb8590a69fb9ed76?s=96&d=mm&r=g\",\"caption\":\"Renan Araujo\"},\"url\":\"https:\/\/www.estrategiaconcursos.com.br\/blog\/author\/renanaraujoestrategiaconcursos-com-br\/\"}]}<\/script>\n<!-- \/ Yoast SEO Premium plugin. -->","yoast_head_json":{"title":"GABARITO TRF 2 - Coment\u00e1rios \u00e0s quest\u00f5es de penal e processo penal","description":"GABARITO TRF 2 (consulplan)- Coment\u00e1rios do Prof. Renan Araujo \u00e0s quest\u00f5es de penal e processo penal, para os cargos de AJAJ e AJAA.","robots":{"index":"index","follow":"follow","max-snippet":"max-snippet:-1","max-image-preview":"max-image-preview:large","max-video-preview":"max-video-preview:-1"},"canonical":"https:\/\/www.estrategiaconcursos.com.br\/blog\/gabarito-trf-2-comentarios-questoes-penal-processo-penal-ajaj-ajaa\/","og_locale":"pt_BR","og_type":"article","og_title":"GABARITO TRF 2 - Coment\u00e1rios \u00e0s quest\u00f5es de penal e processo penal (AJAJ e AJAA)","og_description":"GABARITO TRF 2 (consulplan)- Coment\u00e1rios do Prof. Renan Araujo \u00e0s quest\u00f5es de penal e processo penal, para os cargos de AJAJ e AJAA.","og_url":"https:\/\/www.estrategiaconcursos.com.br\/blog\/gabarito-trf-2-comentarios-questoes-penal-processo-penal-ajaj-ajaa\/","og_site_name":"Estrat\u00e9gia Concursos","article_published_time":"2017-03-15T19:03:41+00:00","article_modified_time":"2017-03-16T13:59:47+00:00","author":"Renan Araujo","twitter_card":"summary_large_image","twitter_creator":"@EstratConcursos","twitter_site":"@EstratConcursos","twitter_misc":{"Escrito por":"Renan Araujo","Est. tempo de leitura":"11 minutos"},"schema":{"@context":"https:\/\/schema.org","@graph":[{"@type":"NewsArticle","@id":"https:\/\/www.estrategiaconcursos.com.br\/blog\/gabarito-trf-2-comentarios-questoes-penal-processo-penal-ajaj-ajaa\/#article","isPartOf":{"@id":"https:\/\/www.estrategiaconcursos.com.br\/blog\/gabarito-trf-2-comentarios-questoes-penal-processo-penal-ajaj-ajaa\/"},"author":{"name":"Renan Araujo","@id":"https:\/\/www.estrategiaconcursos.com.br\/blog\/#\/schema\/person\/1a7a7af72da82939a6308b2ee292162b"},"headline":"GABARITO TRF 2 &#8211; Coment\u00e1rios \u00e0s quest\u00f5es de penal e processo penal (AJAJ e AJAA)","datePublished":"2017-03-15T19:03:41+00:00","dateModified":"2017-03-16T13:59:47+00:00","mainEntityOfPage":{"@id":"https:\/\/www.estrategiaconcursos.com.br\/blog\/gabarito-trf-2-comentarios-questoes-penal-processo-penal-ajaj-ajaa\/"},"wordCount":2295,"commentCount":4,"publisher":{"@id":"https:\/\/www.estrategiaconcursos.com.br\/blog\/#organization"},"keywords":["TRF 2"],"articleSection":["Concursos P\u00fablicos","Tribunais"],"inLanguage":"pt-BR","potentialAction":[{"@type":"CommentAction","name":"Comment","target":["https:\/\/www.estrategiaconcursos.com.br\/blog\/gabarito-trf-2-comentarios-questoes-penal-processo-penal-ajaj-ajaa\/#respond"]}],"copyrightYear":"2017","copyrightHolder":{"@id":"https:\/\/www.estrategiaconcursos.com.br\/blog\/#organization"}},{"@type":"WebPage","@id":"https:\/\/www.estrategiaconcursos.com.br\/blog\/gabarito-trf-2-comentarios-questoes-penal-processo-penal-ajaj-ajaa\/","url":"https:\/\/www.estrategiaconcursos.com.br\/blog\/gabarito-trf-2-comentarios-questoes-penal-processo-penal-ajaj-ajaa\/","name":"GABARITO TRF 2 - Coment\u00e1rios \u00e0s quest\u00f5es de penal e processo penal","isPartOf":{"@id":"https:\/\/www.estrategiaconcursos.com.br\/blog\/#website"},"datePublished":"2017-03-15T19:03:41+00:00","dateModified":"2017-03-16T13:59:47+00:00","description":"GABARITO TRF 2 (consulplan)- Coment\u00e1rios do Prof. Renan Araujo \u00e0s quest\u00f5es de penal e processo penal, para os cargos de AJAJ e AJAA.","breadcrumb":{"@id":"https:\/\/www.estrategiaconcursos.com.br\/blog\/gabarito-trf-2-comentarios-questoes-penal-processo-penal-ajaj-ajaa\/#breadcrumb"},"inLanguage":"pt-BR","potentialAction":[{"@type":"ReadAction","target":["https:\/\/www.estrategiaconcursos.com.br\/blog\/gabarito-trf-2-comentarios-questoes-penal-processo-penal-ajaj-ajaa\/"]}]},{"@type":"BreadcrumbList","@id":"https:\/\/www.estrategiaconcursos.com.br\/blog\/gabarito-trf-2-comentarios-questoes-penal-processo-penal-ajaj-ajaa\/#breadcrumb","itemListElement":[{"@type":"ListItem","position":1,"name":"In\u00edcio","item":"https:\/\/www.estrategiaconcursos.com.br\/blog\/"},{"@type":"ListItem","position":2,"name":"GABARITO TRF 2 &#8211; Coment\u00e1rios \u00e0s quest\u00f5es de penal e processo penal (AJAJ e AJAA)"}]},{"@type":"WebSite","@id":"https:\/\/www.estrategiaconcursos.com.br\/blog\/#website","url":"https:\/\/www.estrategiaconcursos.com.br\/blog\/","name":"Estrat\u00e9gia Concursos","description":"O blog da Estrat\u00e9gia Concursos traz not\u00edcias sobre concursos e artigos de professores oferecendo cursos para concursos (pdf + videaulas) no site.","publisher":{"@id":"https:\/\/www.estrategiaconcursos.com.br\/blog\/#organization"},"potentialAction":[{"@type":"SearchAction","target":{"@type":"EntryPoint","urlTemplate":"https:\/\/www.estrategiaconcursos.com.br\/blog\/?s={search_term_string}"},"query-input":{"@type":"PropertyValueSpecification","valueRequired":true,"valueName":"search_term_string"}}],"inLanguage":"pt-BR"},{"@type":"Organization","@id":"https:\/\/www.estrategiaconcursos.com.br\/blog\/#organization","name":"Estrat\u00e9gia Concursos","url":"https:\/\/www.estrategiaconcursos.com.br\/blog\/","logo":{"@type":"ImageObject","inLanguage":"pt-BR","@id":"https:\/\/www.estrategiaconcursos.com.br\/blog\/#\/schema\/logo\/image\/","url":"https:\/\/dhg1h5j42swfq.cloudfront.net\/2025\/06\/03203428\/logo_concursos-1.jpg","contentUrl":"https:\/\/dhg1h5j42swfq.cloudfront.net\/2025\/06\/03203428\/logo_concursos-1.jpg","width":230,"height":60,"caption":"Estrat\u00e9gia Concursos"},"image":{"@id":"https:\/\/www.estrategiaconcursos.com.br\/blog\/#\/schema\/logo\/image\/"},"sameAs":["https:\/\/x.com\/EstratConcursos"]},{"@type":"Person","@id":"https:\/\/www.estrategiaconcursos.com.br\/blog\/#\/schema\/person\/1a7a7af72da82939a6308b2ee292162b","name":"Renan Araujo","image":{"@type":"ImageObject","inLanguage":"pt-BR","@id":"https:\/\/secure.gravatar.com\/avatar\/ca6cb9ba5a547fbe93c05c63d6103dff6c2566555a601f1efb8590a69fb9ed76?s=96&d=mm&r=g","url":"https:\/\/secure.gravatar.com\/avatar\/ca6cb9ba5a547fbe93c05c63d6103dff6c2566555a601f1efb8590a69fb9ed76?s=96&d=mm&r=g","contentUrl":"https:\/\/secure.gravatar.com\/avatar\/ca6cb9ba5a547fbe93c05c63d6103dff6c2566555a601f1efb8590a69fb9ed76?s=96&d=mm&r=g","caption":"Renan Araujo"},"url":"https:\/\/www.estrategiaconcursos.com.br\/blog\/author\/renanaraujoestrategiaconcursos-com-br\/"}]}},"_links":{"self":[{"href":"https:\/\/www.estrategiaconcursos.com.br\/blog\/wp-json\/wp\/v2\/posts\/67219","targetHints":{"allow":["GET"]}}],"collection":[{"href":"https:\/\/www.estrategiaconcursos.com.br\/blog\/wp-json\/wp\/v2\/posts"}],"about":[{"href":"https:\/\/www.estrategiaconcursos.com.br\/blog\/wp-json\/wp\/v2\/types\/post"}],"author":[{"embeddable":true,"href":"https:\/\/www.estrategiaconcursos.com.br\/blog\/wp-json\/wp\/v2\/users\/39"}],"replies":[{"embeddable":true,"href":"https:\/\/www.estrategiaconcursos.com.br\/blog\/wp-json\/wp\/v2\/comments?post=67219"}],"version-history":[{"count":2,"href":"https:\/\/www.estrategiaconcursos.com.br\/blog\/wp-json\/wp\/v2\/posts\/67219\/revisions"}],"predecessor-version":[{"id":67221,"href":"https:\/\/www.estrategiaconcursos.com.br\/blog\/wp-json\/wp\/v2\/posts\/67219\/revisions\/67221"}],"wp:attachment":[{"href":"https:\/\/www.estrategiaconcursos.com.br\/blog\/wp-json\/wp\/v2\/media?parent=67219"}],"wp:term":[{"taxonomy":"category","embeddable":true,"href":"https:\/\/www.estrategiaconcursos.com.br\/blog\/wp-json\/wp\/v2\/categories?post=67219"},{"taxonomy":"post_tag","embeddable":true,"href":"https:\/\/www.estrategiaconcursos.com.br\/blog\/wp-json\/wp\/v2\/tags?post=67219"},{"taxonomy":"tax_estado","embeddable":true,"href":"https:\/\/www.estrategiaconcursos.com.br\/blog\/wp-json\/wp\/v2\/tax_estado?post=67219"}],"curies":[{"name":"wp","href":"https:\/\/api.w.org\/{rel}","templated":true}]}}