{"id":67197,"date":"2017-03-15T14:26:25","date_gmt":"2017-03-15T17:26:25","guid":{"rendered":"https:\/\/www.estrategiaconcursos.com.br\/blog\/?p=67197"},"modified":"2017-03-15T14:36:47","modified_gmt":"2017-03-15T17:36:47","slug":"prova-comentada-afo-trf2-aj-administrativa","status":"publish","type":"post","link":"https:\/\/www.estrategiaconcursos.com.br\/blog\/prova-comentada-afo-trf2-aj-administrativa\/","title":{"rendered":"Prova comentada AFO &#8211; TRF\/2 &#8211; AJ &#8211; Administrativa"},"content":{"rendered":"<p>\n\t<em><strong>Prova comentada AFO &#8211; TRF\/2 &#8211; Analista Judici&aacute;rio&nbsp;&#8211; &Aacute;rea Administrativa &#8211; Consulplan &#8211; 2017<\/strong><\/em>\n<\/p>\n<p>\n\tOl&aacute; amigos! Como &eacute; bom estar aqui!\n<\/p>\n<p>\n\tCom base na prova tipo <strong>2<\/strong>, vamos l&aacute; para a nossas quest&otilde;es&nbsp;de Administra&ccedil;&atilde;o Financeira e Or&ccedil;ament&aacute;ria de AJAA&nbsp;do&nbsp;TRF\/2. Falarei da parte que eu ministrei no nosso curso. A outra parte de AFO, que na verdade &eacute; mais atinente &agrave; contabilidade, foi comentada pelo Prof. Gabriel Rabelo e extrapolaram o edital:&nbsp;<a href=\"https:\/\/www.estrategiaconcursos.com.br\/blog\/ajaa-trf-2-questoes-fora-do-edital-cabe-recurso\/\">https:\/\/www.estrategiaconcursos.com.br\/blog\/ajaa-trf-2-questoes-fora-do-edital-cabe-recurso\/<\/a>\n<\/p>\n<p>\n\tApesar de termos abordado&nbsp;no nosso curso o conte&uacute;do necess&aacute;rio para a resolu&ccedil;&atilde;o das duas&nbsp;quest&otilde;es abaixo, considero que foram bem dif&iacute;ceis. Vamos l&aacute;!\n<\/p>\n<p>\n\t&nbsp;\n<\/p>\n<p>\n\t<strong>43 Muitos debates e discuss&otilde;es sobre o desequil&iacute;brio nas contas p&uacute;blicas, no Brasil, ganharam espa&ccedil;o na m&iacute;dia. A partir de ent&atilde;o, muito se questiona sobre o conte&uacute;do, a interpreta&ccedil;&atilde;o e a efetividade da Lei de Responsabilidade Fiscal. Considerando o disposto na Lei de Responsabilidade Fiscal, marque V para as afirmativas verdadeiras e F para as falsas. <\/strong>\n<\/p>\n<p>\n\t<strong>( ) Os Poderes Executivo, Legislativo, Judici&aacute;rio e, tamb&eacute;m, o Minist&eacute;rio P&uacute;blico, quando verificarem que as metas fiscais legalmente estabelecidas para o resultado prim&aacute;rio ou nominal poder&atilde;o estar comprometidas, promover&atilde;o a limita&ccedil;&atilde;o de empenho e a movimenta&ccedil;&atilde;o financeira, segundo crit&eacute;rios legalmente fixados. Contudo, referidas limita&ccedil;&otilde;es possuem restri&ccedil;&otilde;es na pr&oacute;pria LRF, que faz men&ccedil;&atilde;o a obriga&ccedil;&otilde;es que se encontram grafadas em normas constitucionais e legais, as quais escapam a este tipo de controle. <\/strong>\n<\/p>\n<p>\n\t<strong>( ) O acompanhamento e a avalia&ccedil;&atilde;o, de forma permanente, da pol&iacute;tica e da operacionalidade da gest&atilde;o fiscal, s&atilde;o atribui&ccedil;&otilde;es do Conselho de Gest&atilde;o Fiscal, cujas finalidades, dentre outras, s&atilde;o: promover a harmoniza&ccedil;&atilde;o e a coordena&ccedil;&atilde;o entre os entes da Federa&ccedil;&atilde;o e promover a dissemina&ccedil;&atilde;o de pr&aacute;ticas que resultem em maior efici&ecirc;ncia na aloca&ccedil;&atilde;o e execu&ccedil;&atilde;o do gasto p&uacute;blico, na arrecada&ccedil;&atilde;o de receitas, no controle do endividamento e na transpar&ecirc;ncia da gest&atilde;o fiscal. <\/strong>\n<\/p>\n<p>\n\t<strong>A sequ&ecirc;ncia est&aacute; correta em <\/strong>\n<\/p>\n<p>\n\t<strong>A) F, V. <\/strong>\n<\/p>\n<p>\n\t<strong>B) V, F. <\/strong>\n<\/p>\n<p>\n\t<strong>C) F, F. <\/strong>\n<\/p>\n<p>\n\t<strong>D) V, V.<\/strong>\n<\/p>\n<p>\n\t&nbsp;\n<\/p>\n<p>\n\t<u>(verdadeiro) Explicamos nas p&aacute;ginas 5 e 6 da aula 13 do nosso curso, as quais cito a seguir<\/u>:\n<\/p>\n<p>\n\t&nbsp;\n<\/p>\n<p>\n\t&Eacute; o previsto de maneira expl&iacute;cita na LRF, a qual disp&otilde;e que, se verificado, ao final de um bimestre, que a realiza&ccedil;&atilde;o da receita poder&aacute; n&atilde;o comportar o cumprimento das metas de resultado prim&aacute;rio ou nominal estabelecidas no anexo de metas fiscais, os Poderes e o Minist&eacute;rio P&uacute;blico promover&atilde;o, por ato pr&oacute;prio e nos montantes necess&aacute;rios, nos 30 dias subsequentes, limita&ccedil;&atilde;o de empenho e movimenta&ccedil;&atilde;o financeira, segundo os crit&eacute;rios fixados pela lei de diretrizes or&ccedil;ament&aacute;rias.\n<\/p>\n<p>\n\t(&#8230;)\n<\/p>\n<p>\n\tOutra observa&ccedil;&atilde;o &eacute; a de que, al&eacute;m do Poder Executivo, h&aacute; a extens&atilde;o da limita&ccedil;&atilde;o de empenho aos Poderes Legislativo e Judici&aacute;rio e ao Minist&eacute;rio P&uacute;blico.\n<\/p>\n<p>\n\t(&#8230;)\n<\/p>\n<p>\n\tA LRF apresenta despesas que n&atilde;o podem sofrer a limita&ccedil;&atilde;o de empenho. N&atilde;o ser&atilde;o objeto de limita&ccedil;&atilde;o as despesas que constituam obriga&ccedil;&otilde;es constitucionais e legais do ente, inclusive aquelas destinadas ao pagamento do servi&ccedil;o da d&iacute;vida, e as ressalvadas pela lei de diretrizes or&ccedil;ament&aacute;rias.\n<\/p>\n<p>\n\t&nbsp;\n<\/p>\n<p>\n\t<u>(verdadeiro) Explicamos nas p&aacute;ginas 12 e 13 da aula 13 do nosso curso, as quais cito a seguir:<\/u>\n<\/p>\n<p>\n\t&nbsp;\n<\/p>\n<p>\n\tO acompanhamento e a avalia&ccedil;&atilde;o, de forma permanente, da pol&iacute;tica e da operacionalidade da gest&atilde;o fiscal ser&atilde;o realizados por conselho de gest&atilde;o fiscal &ndash; CGF.\n<\/p>\n<p>\n\t(&#8230;)\n<\/p>\n<p>\n\tO Conselho ser&aacute; constitu&iacute;do por representantes de todos os Poderes e esferas de Governo, do Minist&eacute;rio P&uacute;blico e de entidades t&eacute;cnicas representativas da sociedade, visando a:\n<\/p>\n<ul>\n<li>\n\t\tHarmoniza&ccedil;&atilde;o e coordena&ccedil;&atilde;o entre os entes da Federa&ccedil;&atilde;o.\n\t<\/li>\n<li>\n\t\tDissemina&ccedil;&atilde;o de pr&aacute;ticas que resultem em maior efici&ecirc;ncia na aloca&ccedil;&atilde;o e execu&ccedil;&atilde;o do gasto p&uacute;blico, na arrecada&ccedil;&atilde;o de receitas, no controle do endividamento e na transpar&ecirc;ncia da gest&atilde;o fiscal.\n\t<\/li>\n<li>\n\t\tAdo&ccedil;&atilde;o de normas de consolida&ccedil;&atilde;o das contas p&uacute;blicas, padroniza&ccedil;&atilde;o das presta&ccedil;&otilde;es de contas e dos relat&oacute;rios e demonstrativos de gest&atilde;o fiscal de que trata a LRF, normas e padr&otilde;es mais simples para os pequenos munic&iacute;pios, bem como outros, necess&aacute;rios ao controle social.\n\t<\/li>\n<li>\n\t\tDivulga&ccedil;&atilde;o de an&aacute;lises, estudos e diagn&oacute;sticos.\n\t<\/li>\n<\/ul>\n<p>\n\t&nbsp;\n<\/p>\n<p>\n\tLogo, a sequ&ecirc;ncia correta &eacute; <strong>VV<\/strong>.\n<\/p>\n<p>\n\t&nbsp;\n<\/p>\n<p>\n\tResposta: Letra D\n<\/p>\n<p>\n\t&nbsp;\n<\/p>\n<p>\n\t<strong>44 &ldquo;O processo de elabora&ccedil;&atilde;o do Projeto de Lei Or&ccedil;ament&aacute;ria Anual (PLOA) se desenvolve no &acirc;mbito do Sistema de Planejamento e de Or&ccedil;amento Federal e envolve um conjunto articulado de tarefas complexas e um cronograma gerencial e operacional com especifica&ccedil;&atilde;o de etapas, de produtos e da participa&ccedil;&atilde;o dos agentes. Esse processo compreende a participa&ccedil;&atilde;o dos &oacute;rg&atilde;os central, setoriais e das Unidades or&ccedil;ament&aacute;rias, o que pressup&otilde;e a constante necessidade de tomada de decis&otilde;es nos seus v&aacute;rios n&iacute;veis.&rdquo; (Manual T&eacute;cnico de Or&ccedil;amento &ndash; MTO 2017.) Na elabora&ccedil;&atilde;o do Projeto de Lei Or&ccedil;ament&aacute;ria Anual (PLOA) devem ser consideradas as seguintes premissas, EXCETO: <\/strong>\n<\/p>\n<p>\n\t<strong>A) Elabora&ccedil;&atilde;o do projeto e execu&ccedil;&atilde;o da LOA, realizadas de modo a evidenciar a transpar&ecirc;ncia da gest&atilde;o fiscal, permitindo o amplo acesso da sociedade. <\/strong>\n<\/p>\n<p>\n\t<strong>B) Acompanhamento das despesas que constituem obriga&ccedil;&otilde;es constitucionais e legais da Uni&atilde;o; ciclo or&ccedil;ament&aacute;rio desenvolvido como processo cont&iacute;nuo de an&aacute;lise e decis&atilde;o ao longo de todo o exerc&iacute;cio. <\/strong>\n<\/p>\n<p>\n\t<strong>C) Or&ccedil;amento visto como instrumento de viabiliza&ccedil;&atilde;o do planejamento do governo; &ecirc;nfase na an&aacute;lise da finalidade do gasto da Administra&ccedil;&atilde;o P&uacute;blica, transformando o or&ccedil;amento em instrumento efetivo de programa&ccedil;&atilde;o, de modo a possibilitar a implanta&ccedil;&atilde;o da avalia&ccedil;&atilde;o das a&ccedil;&otilde;es. <\/strong>\n<\/p>\n<p>\n\t<strong>D) Avalia&ccedil;&atilde;o da execu&ccedil;&atilde;o or&ccedil;ament&aacute;ria com o objetivo de subsidiar a elabora&ccedil;&atilde;o da nova proposta or&ccedil;ament&aacute;ria, com base em relat&oacute;rios gerenciais, conferindo racionalidade ao processo; atualiza&ccedil;&atilde;o das execu&ccedil;&otilde;es de receita e de proje&ccedil;&otilde;es das despesas e de elabora&ccedil;&atilde;o da proposta or&ccedil;ament&aacute;ria, com o intuito de se atingir as metas fiscais fixadas no Plano Plurianual (PPA).<\/strong>\n<\/p>\n<p>\n\t&nbsp;\n<\/p>\n<p>\n\tA &uacute;nica alternativa errada &eacute; a Letra D. Como vimos na p&aacute;gina 19 da aula 12 do nosso curso e em v&aacute;rios exerc&iacute;cios sobre o assunto, o anexo de metas fiscais integra a <strong>lei de diretrizes or&ccedil;ament&aacute;rias.<\/strong>\n<\/p>\n<p>\n\t&nbsp;\n<\/p>\n<p>\n\tResposta: Letra D\n<\/p>\n<p>\n\t&nbsp;\n<\/p>\n<p>\n\t&nbsp;\n<\/p>\n<p>\n\tConhe&ccedil;a a rela&ccedil;&atilde;o de cursos para concursos de AFO e Direito Financeiro do Prof. S&eacute;rgio Mendes:&nbsp;<a href=\"https:\/\/www.estrategiaconcursos.com.br\/cursosPorProfessor\/sergio-mendes-3000\/\" target=\"_blank\">Cursos_do_Prof_Sergio_Mendes<\/a>\n<\/p>\n<p>\n\tSe voc&ecirc; for completamente iniciante, indico o curso: <a href=\"https:\/\/www.estrategiaconcursos.com.br\/curso\/administracao-financeira-e-orcamentaria-p-iniciantes-nivel-superior-com-videoaulas\/?pr=3000\" target=\"_blank\">Curso de AFO para Iniciantes<\/a>\n<\/p>\n<p>\n\tSe j&aacute; tiver um pouco de conhecimento, mas ainda n&atilde;o escolheu o seu concurso ou n&atilde;o o encontrou na rela&ccedil;&atilde;o acima, sugiro o curso:&nbsp;<a href=\"https:\/\/www.estrategiaconcursos.com.br\/curso\/administracao-financeira-e-orcamentaria-para-concursos-com-videoaulas-curso-regular\/?pr=3000\" target=\"_blank\">Curso de AFO Regular<\/a>\n<\/p>\n<p>\n\t&nbsp;\n<\/p>\n<p>\n\tForte abra&ccedil;o!\n<\/p>\n<p>\n\tS&eacute;rgio Mendes\n<\/p>\n<p>\n\t<a href=\"http:\/\/www.facebook.com\/sergiomendesafo\">www.facebook.com\/sergiomendesafo<\/a><\/p>\n","protected":false},"excerpt":{"rendered":"<p>Prova comentada AFO &#8211; TRF\/2 &#8211; Analista Judici&aacute;rio&nbsp;&#8211; &Aacute;rea Administrativa &#8211; Consulplan &#8211; 2017 Ol&aacute; amigos! Como &eacute; bom estar aqui! Com base na prova tipo 2, vamos l&aacute; para a nossas quest&otilde;es&nbsp;de Administra&ccedil;&atilde;o Financeira e Or&ccedil;ament&aacute;ria de AJAA&nbsp;do&nbsp;TRF\/2. Falarei da parte que eu ministrei no nosso curso. A outra parte de AFO, que na [&hellip;]<\/p>\n","protected":false},"author":29,"featured_media":0,"comment_status":"open","ping_status":"open","sticky":false,"template":"","format":"standard","meta":{"post_tipo":"article","footnotes":""},"categories":[1984],"tags":[],"tax_estado":[],"class_list":["post-67197","post","type-post","status-publish","format-standard","hentry","category-tribunais"],"acf":[],"yoast_head":"<!-- This site is optimized with the Yoast SEO Premium plugin v27.2 (Yoast SEO v27.2) - https:\/\/yoast.com\/product\/yoast-seo-premium-wordpress\/ -->\n<title>Prova comentada AFO - TRF\/2 - AJ - Administrativa<\/title>\n<meta name=\"robots\" content=\"index, follow, max-snippet:-1, max-image-preview:large, max-video-preview:-1\" \/>\n<link rel=\"canonical\" href=\"https:\/\/www.estrategiaconcursos.com.br\/blog\/prova-comentada-afo-trf2-aj-administrativa\/\" \/>\n<meta property=\"og:locale\" content=\"pt_BR\" \/>\n<meta property=\"og:type\" content=\"article\" \/>\n<meta property=\"og:title\" content=\"Prova comentada AFO - TRF\/2 - AJ - Administrativa\" \/>\n<meta property=\"og:description\" content=\"Prova comentada AFO &#8211; TRF\/2 &#8211; Analista Judici&aacute;rio&nbsp;&#8211; &Aacute;rea Administrativa &#8211; Consulplan &#8211; 2017 Ol&aacute; amigos! Como &eacute; bom estar aqui! Com base na prova tipo 2, vamos l&aacute; para a nossas quest&otilde;es&nbsp;de Administra&ccedil;&atilde;o Financeira e Or&ccedil;ament&aacute;ria de AJAA&nbsp;do&nbsp;TRF\/2. Falarei da parte que eu ministrei no nosso curso. A outra parte de AFO, que na [&hellip;]\" \/>\n<meta property=\"og:url\" content=\"https:\/\/www.estrategiaconcursos.com.br\/blog\/prova-comentada-afo-trf2-aj-administrativa\/\" \/>\n<meta property=\"og:site_name\" content=\"Estrat\u00e9gia Concursos\" \/>\n<meta property=\"article:author\" content=\"https:\/\/www.facebook.com\/profsergiomendes\" \/>\n<meta property=\"article:published_time\" content=\"2017-03-15T17:26:25+00:00\" \/>\n<meta property=\"article:modified_time\" content=\"2017-03-15T17:36:47+00:00\" \/>\n<meta name=\"author\" content=\"S\u00e9rgio Mendes\" \/>\n<meta name=\"twitter:card\" content=\"summary_large_image\" \/>\n<meta name=\"twitter:creator\" content=\"@EstratConcursos\" \/>\n<meta name=\"twitter:site\" content=\"@EstratConcursos\" \/>\n<meta name=\"twitter:label1\" content=\"Escrito por\" \/>\n\t<meta name=\"twitter:data1\" content=\"S\u00e9rgio Mendes\" \/>\n\t<meta name=\"twitter:label2\" content=\"Est. tempo de leitura\" \/>\n\t<meta name=\"twitter:data2\" content=\"7 minutos\" \/>\n<script type=\"application\/ld+json\" class=\"yoast-schema-graph\">{\"@context\":\"https:\/\/schema.org\",\"@graph\":[{\"@type\":\"NewsArticle\",\"@id\":\"https:\/\/www.estrategiaconcursos.com.br\/blog\/prova-comentada-afo-trf2-aj-administrativa\/#article\",\"isPartOf\":{\"@id\":\"https:\/\/www.estrategiaconcursos.com.br\/blog\/prova-comentada-afo-trf2-aj-administrativa\/\"},\"author\":{\"name\":\"S\u00e9rgio Mendes\",\"@id\":\"https:\/\/www.estrategiaconcursos.com.br\/blog\/#\/schema\/person\/4ddc4a162b4fdffa2ea9956dbf62f583\"},\"headline\":\"Prova comentada AFO &#8211; TRF\/2 &#8211; AJ &#8211; Administrativa\",\"datePublished\":\"2017-03-15T17:26:25+00:00\",\"dateModified\":\"2017-03-15T17:36:47+00:00\",\"mainEntityOfPage\":{\"@id\":\"https:\/\/www.estrategiaconcursos.com.br\/blog\/prova-comentada-afo-trf2-aj-administrativa\/\"},\"wordCount\":1477,\"commentCount\":2,\"publisher\":{\"@id\":\"https:\/\/www.estrategiaconcursos.com.br\/blog\/#organization\"},\"articleSection\":[\"Tribunais\"],\"inLanguage\":\"pt-BR\",\"potentialAction\":[{\"@type\":\"CommentAction\",\"name\":\"Comment\",\"target\":[\"https:\/\/www.estrategiaconcursos.com.br\/blog\/prova-comentada-afo-trf2-aj-administrativa\/#respond\"]}],\"copyrightYear\":\"2017\",\"copyrightHolder\":{\"@id\":\"https:\/\/www.estrategiaconcursos.com.br\/blog\/#organization\"}},{\"@type\":\"WebPage\",\"@id\":\"https:\/\/www.estrategiaconcursos.com.br\/blog\/prova-comentada-afo-trf2-aj-administrativa\/\",\"url\":\"https:\/\/www.estrategiaconcursos.com.br\/blog\/prova-comentada-afo-trf2-aj-administrativa\/\",\"name\":\"Prova comentada AFO - TRF\/2 - AJ - Administrativa\",\"isPartOf\":{\"@id\":\"https:\/\/www.estrategiaconcursos.com.br\/blog\/#website\"},\"datePublished\":\"2017-03-15T17:26:25+00:00\",\"dateModified\":\"2017-03-15T17:36:47+00:00\",\"breadcrumb\":{\"@id\":\"https:\/\/www.estrategiaconcursos.com.br\/blog\/prova-comentada-afo-trf2-aj-administrativa\/#breadcrumb\"},\"inLanguage\":\"pt-BR\",\"potentialAction\":[{\"@type\":\"ReadAction\",\"target\":[\"https:\/\/www.estrategiaconcursos.com.br\/blog\/prova-comentada-afo-trf2-aj-administrativa\/\"]}]},{\"@type\":\"BreadcrumbList\",\"@id\":\"https:\/\/www.estrategiaconcursos.com.br\/blog\/prova-comentada-afo-trf2-aj-administrativa\/#breadcrumb\",\"itemListElement\":[{\"@type\":\"ListItem\",\"position\":1,\"name\":\"In\u00edcio\",\"item\":\"https:\/\/www.estrategiaconcursos.com.br\/blog\/\"},{\"@type\":\"ListItem\",\"position\":2,\"name\":\"Prova comentada AFO &#8211; TRF\/2 &#8211; AJ &#8211; Administrativa\"}]},{\"@type\":\"WebSite\",\"@id\":\"https:\/\/www.estrategiaconcursos.com.br\/blog\/#website\",\"url\":\"https:\/\/www.estrategiaconcursos.com.br\/blog\/\",\"name\":\"Estrat\u00e9gia Concursos\",\"description\":\"O blog da Estrat\u00e9gia Concursos traz not\u00edcias sobre concursos e artigos de professores oferecendo cursos para concursos (pdf + videaulas) no site.\",\"publisher\":{\"@id\":\"https:\/\/www.estrategiaconcursos.com.br\/blog\/#organization\"},\"potentialAction\":[{\"@type\":\"SearchAction\",\"target\":{\"@type\":\"EntryPoint\",\"urlTemplate\":\"https:\/\/www.estrategiaconcursos.com.br\/blog\/?s={search_term_string}\"},\"query-input\":{\"@type\":\"PropertyValueSpecification\",\"valueRequired\":true,\"valueName\":\"search_term_string\"}}],\"inLanguage\":\"pt-BR\"},{\"@type\":\"Organization\",\"@id\":\"https:\/\/www.estrategiaconcursos.com.br\/blog\/#organization\",\"name\":\"Estrat\u00e9gia Concursos\",\"url\":\"https:\/\/www.estrategiaconcursos.com.br\/blog\/\",\"logo\":{\"@type\":\"ImageObject\",\"inLanguage\":\"pt-BR\",\"@id\":\"https:\/\/www.estrategiaconcursos.com.br\/blog\/#\/schema\/logo\/image\/\",\"url\":\"https:\/\/dhg1h5j42swfq.cloudfront.net\/2025\/06\/03203428\/logo_concursos-1.jpg\",\"contentUrl\":\"https:\/\/dhg1h5j42swfq.cloudfront.net\/2025\/06\/03203428\/logo_concursos-1.jpg\",\"width\":230,\"height\":60,\"caption\":\"Estrat\u00e9gia Concursos\"},\"image\":{\"@id\":\"https:\/\/www.estrategiaconcursos.com.br\/blog\/#\/schema\/logo\/image\/\"},\"sameAs\":[\"https:\/\/x.com\/EstratConcursos\"]},{\"@type\":\"Person\",\"@id\":\"https:\/\/www.estrategiaconcursos.com.br\/blog\/#\/schema\/person\/4ddc4a162b4fdffa2ea9956dbf62f583\",\"name\":\"S\u00e9rgio Mendes\",\"image\":{\"@type\":\"ImageObject\",\"inLanguage\":\"pt-BR\",\"@id\":\"https:\/\/secure.gravatar.com\/avatar\/4eb4b562c33f40d6f7f76579da7e07350c69579df7db305d32a69ed32ecfd5ce?s=96&d=mm&r=g\",\"url\":\"https:\/\/secure.gravatar.com\/avatar\/4eb4b562c33f40d6f7f76579da7e07350c69579df7db305d32a69ed32ecfd5ce?s=96&d=mm&r=g\",\"contentUrl\":\"https:\/\/secure.gravatar.com\/avatar\/4eb4b562c33f40d6f7f76579da7e07350c69579df7db305d32a69ed32ecfd5ce?s=96&d=mm&r=g\",\"caption\":\"S\u00e9rgio Mendes\"},\"sameAs\":[\"https:\/\/www.facebook.com\/profsergiomendes\"],\"url\":\"https:\/\/www.estrategiaconcursos.com.br\/blog\/author\/sergiomendesestrategiaconcursos-com-br\/\"}]}<\/script>\n<!-- \/ Yoast SEO Premium plugin. -->","yoast_head_json":{"title":"Prova comentada AFO - TRF\/2 - AJ - Administrativa","robots":{"index":"index","follow":"follow","max-snippet":"max-snippet:-1","max-image-preview":"max-image-preview:large","max-video-preview":"max-video-preview:-1"},"canonical":"https:\/\/www.estrategiaconcursos.com.br\/blog\/prova-comentada-afo-trf2-aj-administrativa\/","og_locale":"pt_BR","og_type":"article","og_title":"Prova comentada AFO - TRF\/2 - AJ - Administrativa","og_description":"Prova comentada AFO &#8211; TRF\/2 &#8211; Analista Judici&aacute;rio&nbsp;&#8211; &Aacute;rea Administrativa &#8211; Consulplan &#8211; 2017 Ol&aacute; amigos! Como &eacute; bom estar aqui! Com base na prova tipo 2, vamos l&aacute; para a nossas quest&otilde;es&nbsp;de Administra&ccedil;&atilde;o Financeira e Or&ccedil;ament&aacute;ria de AJAA&nbsp;do&nbsp;TRF\/2. Falarei da parte que eu ministrei no nosso curso. A outra parte de AFO, que na [&hellip;]","og_url":"https:\/\/www.estrategiaconcursos.com.br\/blog\/prova-comentada-afo-trf2-aj-administrativa\/","og_site_name":"Estrat\u00e9gia Concursos","article_author":"https:\/\/www.facebook.com\/profsergiomendes","article_published_time":"2017-03-15T17:26:25+00:00","article_modified_time":"2017-03-15T17:36:47+00:00","author":"S\u00e9rgio Mendes","twitter_card":"summary_large_image","twitter_creator":"@EstratConcursos","twitter_site":"@EstratConcursos","twitter_misc":{"Escrito por":"S\u00e9rgio Mendes","Est. tempo de leitura":"7 minutos"},"schema":{"@context":"https:\/\/schema.org","@graph":[{"@type":"NewsArticle","@id":"https:\/\/www.estrategiaconcursos.com.br\/blog\/prova-comentada-afo-trf2-aj-administrativa\/#article","isPartOf":{"@id":"https:\/\/www.estrategiaconcursos.com.br\/blog\/prova-comentada-afo-trf2-aj-administrativa\/"},"author":{"name":"S\u00e9rgio Mendes","@id":"https:\/\/www.estrategiaconcursos.com.br\/blog\/#\/schema\/person\/4ddc4a162b4fdffa2ea9956dbf62f583"},"headline":"Prova comentada AFO &#8211; TRF\/2 &#8211; AJ &#8211; Administrativa","datePublished":"2017-03-15T17:26:25+00:00","dateModified":"2017-03-15T17:36:47+00:00","mainEntityOfPage":{"@id":"https:\/\/www.estrategiaconcursos.com.br\/blog\/prova-comentada-afo-trf2-aj-administrativa\/"},"wordCount":1477,"commentCount":2,"publisher":{"@id":"https:\/\/www.estrategiaconcursos.com.br\/blog\/#organization"},"articleSection":["Tribunais"],"inLanguage":"pt-BR","potentialAction":[{"@type":"CommentAction","name":"Comment","target":["https:\/\/www.estrategiaconcursos.com.br\/blog\/prova-comentada-afo-trf2-aj-administrativa\/#respond"]}],"copyrightYear":"2017","copyrightHolder":{"@id":"https:\/\/www.estrategiaconcursos.com.br\/blog\/#organization"}},{"@type":"WebPage","@id":"https:\/\/www.estrategiaconcursos.com.br\/blog\/prova-comentada-afo-trf2-aj-administrativa\/","url":"https:\/\/www.estrategiaconcursos.com.br\/blog\/prova-comentada-afo-trf2-aj-administrativa\/","name":"Prova comentada AFO - TRF\/2 - AJ - Administrativa","isPartOf":{"@id":"https:\/\/www.estrategiaconcursos.com.br\/blog\/#website"},"datePublished":"2017-03-15T17:26:25+00:00","dateModified":"2017-03-15T17:36:47+00:00","breadcrumb":{"@id":"https:\/\/www.estrategiaconcursos.com.br\/blog\/prova-comentada-afo-trf2-aj-administrativa\/#breadcrumb"},"inLanguage":"pt-BR","potentialAction":[{"@type":"ReadAction","target":["https:\/\/www.estrategiaconcursos.com.br\/blog\/prova-comentada-afo-trf2-aj-administrativa\/"]}]},{"@type":"BreadcrumbList","@id":"https:\/\/www.estrategiaconcursos.com.br\/blog\/prova-comentada-afo-trf2-aj-administrativa\/#breadcrumb","itemListElement":[{"@type":"ListItem","position":1,"name":"In\u00edcio","item":"https:\/\/www.estrategiaconcursos.com.br\/blog\/"},{"@type":"ListItem","position":2,"name":"Prova comentada AFO &#8211; TRF\/2 &#8211; AJ &#8211; Administrativa"}]},{"@type":"WebSite","@id":"https:\/\/www.estrategiaconcursos.com.br\/blog\/#website","url":"https:\/\/www.estrategiaconcursos.com.br\/blog\/","name":"Estrat\u00e9gia Concursos","description":"O blog da Estrat\u00e9gia Concursos traz not\u00edcias sobre concursos e artigos de professores oferecendo cursos para concursos (pdf + videaulas) no site.","publisher":{"@id":"https:\/\/www.estrategiaconcursos.com.br\/blog\/#organization"},"potentialAction":[{"@type":"SearchAction","target":{"@type":"EntryPoint","urlTemplate":"https:\/\/www.estrategiaconcursos.com.br\/blog\/?s={search_term_string}"},"query-input":{"@type":"PropertyValueSpecification","valueRequired":true,"valueName":"search_term_string"}}],"inLanguage":"pt-BR"},{"@type":"Organization","@id":"https:\/\/www.estrategiaconcursos.com.br\/blog\/#organization","name":"Estrat\u00e9gia Concursos","url":"https:\/\/www.estrategiaconcursos.com.br\/blog\/","logo":{"@type":"ImageObject","inLanguage":"pt-BR","@id":"https:\/\/www.estrategiaconcursos.com.br\/blog\/#\/schema\/logo\/image\/","url":"https:\/\/dhg1h5j42swfq.cloudfront.net\/2025\/06\/03203428\/logo_concursos-1.jpg","contentUrl":"https:\/\/dhg1h5j42swfq.cloudfront.net\/2025\/06\/03203428\/logo_concursos-1.jpg","width":230,"height":60,"caption":"Estrat\u00e9gia Concursos"},"image":{"@id":"https:\/\/www.estrategiaconcursos.com.br\/blog\/#\/schema\/logo\/image\/"},"sameAs":["https:\/\/x.com\/EstratConcursos"]},{"@type":"Person","@id":"https:\/\/www.estrategiaconcursos.com.br\/blog\/#\/schema\/person\/4ddc4a162b4fdffa2ea9956dbf62f583","name":"S\u00e9rgio Mendes","image":{"@type":"ImageObject","inLanguage":"pt-BR","@id":"https:\/\/secure.gravatar.com\/avatar\/4eb4b562c33f40d6f7f76579da7e07350c69579df7db305d32a69ed32ecfd5ce?s=96&d=mm&r=g","url":"https:\/\/secure.gravatar.com\/avatar\/4eb4b562c33f40d6f7f76579da7e07350c69579df7db305d32a69ed32ecfd5ce?s=96&d=mm&r=g","contentUrl":"https:\/\/secure.gravatar.com\/avatar\/4eb4b562c33f40d6f7f76579da7e07350c69579df7db305d32a69ed32ecfd5ce?s=96&d=mm&r=g","caption":"S\u00e9rgio Mendes"},"sameAs":["https:\/\/www.facebook.com\/profsergiomendes"],"url":"https:\/\/www.estrategiaconcursos.com.br\/blog\/author\/sergiomendesestrategiaconcursos-com-br\/"}]}},"_links":{"self":[{"href":"https:\/\/www.estrategiaconcursos.com.br\/blog\/wp-json\/wp\/v2\/posts\/67197","targetHints":{"allow":["GET"]}}],"collection":[{"href":"https:\/\/www.estrategiaconcursos.com.br\/blog\/wp-json\/wp\/v2\/posts"}],"about":[{"href":"https:\/\/www.estrategiaconcursos.com.br\/blog\/wp-json\/wp\/v2\/types\/post"}],"author":[{"embeddable":true,"href":"https:\/\/www.estrategiaconcursos.com.br\/blog\/wp-json\/wp\/v2\/users\/29"}],"replies":[{"embeddable":true,"href":"https:\/\/www.estrategiaconcursos.com.br\/blog\/wp-json\/wp\/v2\/comments?post=67197"}],"version-history":[{"count":5,"href":"https:\/\/www.estrategiaconcursos.com.br\/blog\/wp-json\/wp\/v2\/posts\/67197\/revisions"}],"predecessor-version":[{"id":67210,"href":"https:\/\/www.estrategiaconcursos.com.br\/blog\/wp-json\/wp\/v2\/posts\/67197\/revisions\/67210"}],"wp:attachment":[{"href":"https:\/\/www.estrategiaconcursos.com.br\/blog\/wp-json\/wp\/v2\/media?parent=67197"}],"wp:term":[{"taxonomy":"category","embeddable":true,"href":"https:\/\/www.estrategiaconcursos.com.br\/blog\/wp-json\/wp\/v2\/categories?post=67197"},{"taxonomy":"post_tag","embeddable":true,"href":"https:\/\/www.estrategiaconcursos.com.br\/blog\/wp-json\/wp\/v2\/tags?post=67197"},{"taxonomy":"tax_estado","embeddable":true,"href":"https:\/\/www.estrategiaconcursos.com.br\/blog\/wp-json\/wp\/v2\/tax_estado?post=67197"}],"curies":[{"name":"wp","href":"https:\/\/api.w.org\/{rel}","templated":true}]}}