{"id":67162,"date":"2017-03-15T12:13:01","date_gmt":"2017-03-15T15:13:01","guid":{"rendered":"https:\/\/www.estrategiaconcursos.com.br\/blog\/?p=67162"},"modified":"2017-03-15T12:14:50","modified_gmt":"2017-03-15T15:14:50","slug":"prova-de-tecnica-legislativa-alerj-todos-os-cargos-recurso","status":"publish","type":"post","link":"https:\/\/www.estrategiaconcursos.com.br\/blog\/prova-de-tecnica-legislativa-alerj-todos-os-cargos-recurso\/","title":{"rendered":"Prova de T\u00e9cnica Legislativa &#8211; ALERJ &#8211; Todos os cargos &#8211; (Recurso)"},"content":{"rendered":"<p style=\"text-align: justify\">\n\tOl&aacute;, pessoal!\n<\/p>\n<p style=\"text-align: justify\">\n\tEscrevo para apontar uma quest&atilde;o&nbsp;objetivaa&nbsp;da prova da ALERJ (12\/3) a&nbsp;qual&nbsp;entendo caber recurso. Analisei a prova por completo e encontrei diverg&ecirc;ncia apenas no gabarito dessa quest&atilde;o.\n<\/p>\n<p style=\"text-align: justify\">\n\tEssa foi a quest&atilde;o n&ordm; 33 das provas Tipo 1, em todos os cargos (localize a numera&ccedil;&atilde;o correspondente no seu caderno de provas).\n<\/p>\n<p style=\"text-align: justify\">\n\t&nbsp;\n<\/p>\n<blockquote>\n<p style=\"text-align: justify\">\n\t\tDe acordo com o Regimento Interno da Assembleia Legislativa do Estado do Rio de Janeiro, a Mesa Diretora da Assembleia:\n\t<\/p>\n<p style=\"text-align: justify\">\n\t\t(A) &eacute; &oacute;rg&atilde;o singular, de titularidade do Presidente da Casa Legislativa, a quem compete tomar as provid&ecirc;ncias necess&aacute;rias para o funcionamento da Assembleia, em qualquer setor ou sob quaisquer circunst&acirc;ncias\n\t<\/p>\n<p style=\"text-align: justify\">\n\t\t(B) re&uacute;ne-se ordinariamente uma vez por m&ecirc;s, em dia e hora prefixados, e extraordinariamente, sempre que convocada pelo Presidente ou por tr&ecirc;s de seus membros efetivos;\n\t<\/p>\n<p style=\"text-align: justify\">\n\t\t(C) &eacute; formada por um Presidente, tr&ecirc;s Vice-Presidentes e um Secret&aacute;rio, que poder&atilde;o fazer parte de lideran&ccedil;as e de comiss&otilde;es permanentes, sem preju&iacute;zo das fun&ccedil;&otilde;es inerentes &agrave; mesa;\n\t<\/p>\n<p style=\"text-align: justify\">\n\t\t<span style=\"color:#FF0000\"><strong>(D) comp&otilde;e-se de um Presidente, quatro Vice-Presidentes, quatro Secret&aacute;rios e quatro suplentes, que substituir&atilde;o os Vice-Presidentes e os Secret&aacute;rios em suas eventuais faltas &agrave;s reuni&otilde;es, ocasi&atilde;o em que ter&atilde;o tamb&eacute;m direito a voto;<\/strong><\/span>\n\t<\/p>\n<p style=\"text-align: justify\">\n\t\t(E) constitui o &oacute;rg&atilde;o colegiado superior da Casa Legislativa e &eacute; formada por cinco membros eleitos pelos Deputados, que perder&atilde;o a fun&ccedil;&atilde;o quando deixarem de comparecer a tr&ecirc;s reuni&otilde;es consecutivas sem causa justificada.\n\t<\/p>\n<\/blockquote>\n<p style=\"text-align: justify\">\n\tFoi atribu&iacute;do, pela FGV, a letra D como gabarito. N&atilde;o obstante, est&aacute; errada a letra D e todas as demais assertivas.\n<\/p>\n<p style=\"text-align: justify\">\n\tA justificativa &eacute; que a assertiva D foi elaborada com base na antiga reda&ccedil;&atilde;o do dispositivo regimental. Isso porque o &sect;1&ordm; do Art. 17, no qual se baseou a quest&atilde;o, foi alterado pela Resolu&ccedil;&atilde;o 11\/2015 e passou a ter a seguinte reda&ccedil;&atilde;o:\n<\/p>\n<blockquote>\n<p style=\"text-align: justify\">\n\t\tArt. 17&#8230;\n\t<\/p>\n<p style=\"text-align: justify\">\n\t\t&sect; 1&ordm;. A Mesa Diretora se comp&otilde;e de um Presidente, quatro Vice-Presidentes, quatro Secret&aacute;rios e <strong>quatro vogais<\/strong>, todos efetivos e com<br \/>\n\t\tdireito a voto.\n\t<\/p>\n<\/blockquote>\n<p style=\"text-align: justify\">\n\tObserve que n&atilde;o existe mais a figura dos suplentes, como disse a assertiva. Dessa forma, &eacute; preciso entrar com<strong> recurso<\/strong> em face da quest&atilde;o.\n<\/p>\n<p style=\"text-align: justify\">\n\tSegue, abaixo, o link onde podem encontrar a Resolu&ccedil;&atilde;o que alterou o dispositivo, a fim de subsidiar na argumenta&ccedil;&atilde;o:\n<\/p>\n<p style=\"text-align: justify\">\n\t<a href=\"http:\/\/www2.alerj.rj.gov.br\/lotus_notes\/default.asp?id=74&amp;url=L2NvbnRsZWkubnNmLzgwMzcyMGQ1NmQwOWMwZTcwMzI1NjYzMjAwNzU3YjU5LzhjNjE1Yzc3ZjIxZWIzODQ4MzI1N2UwNTAwNmVmODIxP09wZW5Eb2N1bWVudA==\" target=\"_blank\">Resolu&ccedil;&atilde;o n&ordm; 11\/2015 &#8211; ALERJ<\/a>\n<\/p>\n<p style=\"text-align: justify\">\n\tBoa sorte!!<\/p>\n","protected":false},"excerpt":{"rendered":"<p>Ol&aacute;, pessoal! Escrevo para apontar uma quest&atilde;o&nbsp;objetivaa&nbsp;da prova da ALERJ (12\/3) a&nbsp;qual&nbsp;entendo caber recurso. Analisei a prova por completo e encontrei diverg&ecirc;ncia apenas no gabarito dessa quest&atilde;o. Essa foi a quest&atilde;o n&ordm; 33 das provas Tipo 1, em todos os cargos (localize a numera&ccedil;&atilde;o correspondente no seu caderno de provas). &nbsp; De acordo com o [&hellip;]<\/p>\n","protected":false},"author":48,"featured_media":0,"comment_status":"open","ping_status":"open","sticky":false,"template":"","format":"standard","meta":{"post_tipo":"article","footnotes":""},"categories":[1],"tags":[],"tax_estado":[],"class_list":["post-67162","post","type-post","status-publish","format-standard","hentry","category-cursos-e-concursos"],"acf":[],"yoast_head":"<!-- This site is optimized with the Yoast SEO Premium plugin v27.2 (Yoast SEO v27.2) - https:\/\/yoast.com\/product\/yoast-seo-premium-wordpress\/ -->\n<title>Prova de T\u00e9cnica Legislativa - ALERJ - Todos os cargos - (Recurso)<\/title>\n<meta name=\"robots\" content=\"index, follow, max-snippet:-1, max-image-preview:large, max-video-preview:-1\" \/>\n<link rel=\"canonical\" href=\"https:\/\/www.estrategiaconcursos.com.br\/blog\/prova-de-tecnica-legislativa-alerj-todos-os-cargos-recurso\/\" \/>\n<meta property=\"og:locale\" content=\"pt_BR\" \/>\n<meta property=\"og:type\" content=\"article\" \/>\n<meta property=\"og:title\" content=\"Prova de T\u00e9cnica Legislativa - ALERJ - Todos os cargos - (Recurso)\" \/>\n<meta property=\"og:description\" content=\"Ol&aacute;, pessoal! Escrevo para apontar uma quest&atilde;o&nbsp;objetivaa&nbsp;da prova da ALERJ (12\/3) a&nbsp;qual&nbsp;entendo caber recurso. Analisei a prova por completo e encontrei diverg&ecirc;ncia apenas no gabarito dessa quest&atilde;o. Essa foi a quest&atilde;o n&ordm; 33 das provas Tipo 1, em todos os cargos (localize a numera&ccedil;&atilde;o correspondente no seu caderno de provas). &nbsp; De acordo com o [&hellip;]\" \/>\n<meta property=\"og:url\" content=\"https:\/\/www.estrategiaconcursos.com.br\/blog\/prova-de-tecnica-legislativa-alerj-todos-os-cargos-recurso\/\" \/>\n<meta property=\"og:site_name\" content=\"Estrat\u00e9gia Concursos\" \/>\n<meta property=\"article:published_time\" content=\"2017-03-15T15:13:01+00:00\" \/>\n<meta property=\"article:modified_time\" content=\"2017-03-15T15:14:50+00:00\" \/>\n<meta name=\"author\" content=\"Coordena\u00e7\u00e3o\" \/>\n<meta name=\"twitter:card\" content=\"summary_large_image\" \/>\n<meta name=\"twitter:creator\" content=\"@EstratConcursos\" \/>\n<meta name=\"twitter:site\" content=\"@EstratConcursos\" \/>\n<meta name=\"twitter:label1\" content=\"Escrito por\" \/>\n\t<meta name=\"twitter:data1\" content=\"Coordena\u00e7\u00e3o\" \/>\n\t<meta name=\"twitter:label2\" content=\"Est. tempo de leitura\" \/>\n\t<meta name=\"twitter:data2\" content=\"2 minutos\" \/>\n<script type=\"application\/ld+json\" class=\"yoast-schema-graph\">{\"@context\":\"https:\/\/schema.org\",\"@graph\":[{\"@type\":\"NewsArticle\",\"@id\":\"https:\/\/www.estrategiaconcursos.com.br\/blog\/prova-de-tecnica-legislativa-alerj-todos-os-cargos-recurso\/#article\",\"isPartOf\":{\"@id\":\"https:\/\/www.estrategiaconcursos.com.br\/blog\/prova-de-tecnica-legislativa-alerj-todos-os-cargos-recurso\/\"},\"author\":{\"name\":\"Coordena\u00e7\u00e3o\",\"@id\":\"https:\/\/www.estrategiaconcursos.com.br\/blog\/#\/schema\/person\/cdad40b5818eb228a838461fcd656da7\"},\"headline\":\"Prova de T\u00e9cnica Legislativa &#8211; ALERJ &#8211; Todos os cargos &#8211; (Recurso)\",\"datePublished\":\"2017-03-15T15:13:01+00:00\",\"dateModified\":\"2017-03-15T15:14:50+00:00\",\"mainEntityOfPage\":{\"@id\":\"https:\/\/www.estrategiaconcursos.com.br\/blog\/prova-de-tecnica-legislativa-alerj-todos-os-cargos-recurso\/\"},\"wordCount\":481,\"commentCount\":1,\"publisher\":{\"@id\":\"https:\/\/www.estrategiaconcursos.com.br\/blog\/#organization\"},\"articleSection\":[\"Concursos P\u00fablicos\"],\"inLanguage\":\"pt-BR\",\"potentialAction\":[{\"@type\":\"CommentAction\",\"name\":\"Comment\",\"target\":[\"https:\/\/www.estrategiaconcursos.com.br\/blog\/prova-de-tecnica-legislativa-alerj-todos-os-cargos-recurso\/#respond\"]}],\"copyrightYear\":\"2017\",\"copyrightHolder\":{\"@id\":\"https:\/\/www.estrategiaconcursos.com.br\/blog\/#organization\"}},{\"@type\":\"WebPage\",\"@id\":\"https:\/\/www.estrategiaconcursos.com.br\/blog\/prova-de-tecnica-legislativa-alerj-todos-os-cargos-recurso\/\",\"url\":\"https:\/\/www.estrategiaconcursos.com.br\/blog\/prova-de-tecnica-legislativa-alerj-todos-os-cargos-recurso\/\",\"name\":\"Prova de T\u00e9cnica Legislativa - ALERJ - Todos os cargos - (Recurso)\",\"isPartOf\":{\"@id\":\"https:\/\/www.estrategiaconcursos.com.br\/blog\/#website\"},\"datePublished\":\"2017-03-15T15:13:01+00:00\",\"dateModified\":\"2017-03-15T15:14:50+00:00\",\"breadcrumb\":{\"@id\":\"https:\/\/www.estrategiaconcursos.com.br\/blog\/prova-de-tecnica-legislativa-alerj-todos-os-cargos-recurso\/#breadcrumb\"},\"inLanguage\":\"pt-BR\",\"potentialAction\":[{\"@type\":\"ReadAction\",\"target\":[\"https:\/\/www.estrategiaconcursos.com.br\/blog\/prova-de-tecnica-legislativa-alerj-todos-os-cargos-recurso\/\"]}]},{\"@type\":\"BreadcrumbList\",\"@id\":\"https:\/\/www.estrategiaconcursos.com.br\/blog\/prova-de-tecnica-legislativa-alerj-todos-os-cargos-recurso\/#breadcrumb\",\"itemListElement\":[{\"@type\":\"ListItem\",\"position\":1,\"name\":\"In\u00edcio\",\"item\":\"https:\/\/www.estrategiaconcursos.com.br\/blog\/\"},{\"@type\":\"ListItem\",\"position\":2,\"name\":\"Prova de T\u00e9cnica Legislativa &#8211; ALERJ &#8211; Todos os cargos &#8211; (Recurso)\"}]},{\"@type\":\"WebSite\",\"@id\":\"https:\/\/www.estrategiaconcursos.com.br\/blog\/#website\",\"url\":\"https:\/\/www.estrategiaconcursos.com.br\/blog\/\",\"name\":\"Estrat\u00e9gia Concursos\",\"description\":\"O blog da Estrat\u00e9gia Concursos traz not\u00edcias sobre concursos e artigos de professores oferecendo cursos para concursos (pdf + videaulas) no site.\",\"publisher\":{\"@id\":\"https:\/\/www.estrategiaconcursos.com.br\/blog\/#organization\"},\"potentialAction\":[{\"@type\":\"SearchAction\",\"target\":{\"@type\":\"EntryPoint\",\"urlTemplate\":\"https:\/\/www.estrategiaconcursos.com.br\/blog\/?s={search_term_string}\"},\"query-input\":{\"@type\":\"PropertyValueSpecification\",\"valueRequired\":true,\"valueName\":\"search_term_string\"}}],\"inLanguage\":\"pt-BR\"},{\"@type\":\"Organization\",\"@id\":\"https:\/\/www.estrategiaconcursos.com.br\/blog\/#organization\",\"name\":\"Estrat\u00e9gia Concursos\",\"url\":\"https:\/\/www.estrategiaconcursos.com.br\/blog\/\",\"logo\":{\"@type\":\"ImageObject\",\"inLanguage\":\"pt-BR\",\"@id\":\"https:\/\/www.estrategiaconcursos.com.br\/blog\/#\/schema\/logo\/image\/\",\"url\":\"https:\/\/dhg1h5j42swfq.cloudfront.net\/2025\/06\/03203428\/logo_concursos-1.jpg\",\"contentUrl\":\"https:\/\/dhg1h5j42swfq.cloudfront.net\/2025\/06\/03203428\/logo_concursos-1.jpg\",\"width\":230,\"height\":60,\"caption\":\"Estrat\u00e9gia Concursos\"},\"image\":{\"@id\":\"https:\/\/www.estrategiaconcursos.com.br\/blog\/#\/schema\/logo\/image\/\"},\"sameAs\":[\"https:\/\/x.com\/EstratConcursos\"]},{\"@type\":\"Person\",\"@id\":\"https:\/\/www.estrategiaconcursos.com.br\/blog\/#\/schema\/person\/cdad40b5818eb228a838461fcd656da7\",\"name\":\"Coordena\u00e7\u00e3o\",\"image\":{\"@type\":\"ImageObject\",\"inLanguage\":\"pt-BR\",\"@id\":\"https:\/\/secure.gravatar.com\/avatar\/a413b22da0f5009c634f6c4586a2dbe5207074fd5becd88db5183b8069ef25e4?s=96&d=mm&r=g\",\"url\":\"https:\/\/secure.gravatar.com\/avatar\/a413b22da0f5009c634f6c4586a2dbe5207074fd5becd88db5183b8069ef25e4?s=96&d=mm&r=g\",\"contentUrl\":\"https:\/\/secure.gravatar.com\/avatar\/a413b22da0f5009c634f6c4586a2dbe5207074fd5becd88db5183b8069ef25e4?s=96&d=mm&r=g\",\"caption\":\"Coordena\u00e7\u00e3o\"},\"url\":\"https:\/\/www.estrategiaconcursos.com.br\/blog\/author\/contatoestrategiaconcursos-com-br\/\"}]}<\/script>\n<!-- \/ Yoast SEO Premium plugin. -->","yoast_head_json":{"title":"Prova de T\u00e9cnica Legislativa - ALERJ - Todos os cargos - (Recurso)","robots":{"index":"index","follow":"follow","max-snippet":"max-snippet:-1","max-image-preview":"max-image-preview:large","max-video-preview":"max-video-preview:-1"},"canonical":"https:\/\/www.estrategiaconcursos.com.br\/blog\/prova-de-tecnica-legislativa-alerj-todos-os-cargos-recurso\/","og_locale":"pt_BR","og_type":"article","og_title":"Prova de T\u00e9cnica Legislativa - ALERJ - Todos os cargos - (Recurso)","og_description":"Ol&aacute;, pessoal! Escrevo para apontar uma quest&atilde;o&nbsp;objetivaa&nbsp;da prova da ALERJ (12\/3) a&nbsp;qual&nbsp;entendo caber recurso. Analisei a prova por completo e encontrei diverg&ecirc;ncia apenas no gabarito dessa quest&atilde;o. Essa foi a quest&atilde;o n&ordm; 33 das provas Tipo 1, em todos os cargos (localize a numera&ccedil;&atilde;o correspondente no seu caderno de provas). &nbsp; De acordo com o [&hellip;]","og_url":"https:\/\/www.estrategiaconcursos.com.br\/blog\/prova-de-tecnica-legislativa-alerj-todos-os-cargos-recurso\/","og_site_name":"Estrat\u00e9gia Concursos","article_published_time":"2017-03-15T15:13:01+00:00","article_modified_time":"2017-03-15T15:14:50+00:00","author":"Coordena\u00e7\u00e3o","twitter_card":"summary_large_image","twitter_creator":"@EstratConcursos","twitter_site":"@EstratConcursos","twitter_misc":{"Escrito por":"Coordena\u00e7\u00e3o","Est. tempo de leitura":"2 minutos"},"schema":{"@context":"https:\/\/schema.org","@graph":[{"@type":"NewsArticle","@id":"https:\/\/www.estrategiaconcursos.com.br\/blog\/prova-de-tecnica-legislativa-alerj-todos-os-cargos-recurso\/#article","isPartOf":{"@id":"https:\/\/www.estrategiaconcursos.com.br\/blog\/prova-de-tecnica-legislativa-alerj-todos-os-cargos-recurso\/"},"author":{"name":"Coordena\u00e7\u00e3o","@id":"https:\/\/www.estrategiaconcursos.com.br\/blog\/#\/schema\/person\/cdad40b5818eb228a838461fcd656da7"},"headline":"Prova de T\u00e9cnica Legislativa &#8211; ALERJ &#8211; Todos os cargos &#8211; (Recurso)","datePublished":"2017-03-15T15:13:01+00:00","dateModified":"2017-03-15T15:14:50+00:00","mainEntityOfPage":{"@id":"https:\/\/www.estrategiaconcursos.com.br\/blog\/prova-de-tecnica-legislativa-alerj-todos-os-cargos-recurso\/"},"wordCount":481,"commentCount":1,"publisher":{"@id":"https:\/\/www.estrategiaconcursos.com.br\/blog\/#organization"},"articleSection":["Concursos P\u00fablicos"],"inLanguage":"pt-BR","potentialAction":[{"@type":"CommentAction","name":"Comment","target":["https:\/\/www.estrategiaconcursos.com.br\/blog\/prova-de-tecnica-legislativa-alerj-todos-os-cargos-recurso\/#respond"]}],"copyrightYear":"2017","copyrightHolder":{"@id":"https:\/\/www.estrategiaconcursos.com.br\/blog\/#organization"}},{"@type":"WebPage","@id":"https:\/\/www.estrategiaconcursos.com.br\/blog\/prova-de-tecnica-legislativa-alerj-todos-os-cargos-recurso\/","url":"https:\/\/www.estrategiaconcursos.com.br\/blog\/prova-de-tecnica-legislativa-alerj-todos-os-cargos-recurso\/","name":"Prova de T\u00e9cnica Legislativa - ALERJ - Todos os cargos - (Recurso)","isPartOf":{"@id":"https:\/\/www.estrategiaconcursos.com.br\/blog\/#website"},"datePublished":"2017-03-15T15:13:01+00:00","dateModified":"2017-03-15T15:14:50+00:00","breadcrumb":{"@id":"https:\/\/www.estrategiaconcursos.com.br\/blog\/prova-de-tecnica-legislativa-alerj-todos-os-cargos-recurso\/#breadcrumb"},"inLanguage":"pt-BR","potentialAction":[{"@type":"ReadAction","target":["https:\/\/www.estrategiaconcursos.com.br\/blog\/prova-de-tecnica-legislativa-alerj-todos-os-cargos-recurso\/"]}]},{"@type":"BreadcrumbList","@id":"https:\/\/www.estrategiaconcursos.com.br\/blog\/prova-de-tecnica-legislativa-alerj-todos-os-cargos-recurso\/#breadcrumb","itemListElement":[{"@type":"ListItem","position":1,"name":"In\u00edcio","item":"https:\/\/www.estrategiaconcursos.com.br\/blog\/"},{"@type":"ListItem","position":2,"name":"Prova de T\u00e9cnica Legislativa &#8211; ALERJ &#8211; Todos os cargos &#8211; (Recurso)"}]},{"@type":"WebSite","@id":"https:\/\/www.estrategiaconcursos.com.br\/blog\/#website","url":"https:\/\/www.estrategiaconcursos.com.br\/blog\/","name":"Estrat\u00e9gia Concursos","description":"O blog da Estrat\u00e9gia Concursos traz not\u00edcias sobre concursos e artigos de professores oferecendo cursos para concursos (pdf + videaulas) no site.","publisher":{"@id":"https:\/\/www.estrategiaconcursos.com.br\/blog\/#organization"},"potentialAction":[{"@type":"SearchAction","target":{"@type":"EntryPoint","urlTemplate":"https:\/\/www.estrategiaconcursos.com.br\/blog\/?s={search_term_string}"},"query-input":{"@type":"PropertyValueSpecification","valueRequired":true,"valueName":"search_term_string"}}],"inLanguage":"pt-BR"},{"@type":"Organization","@id":"https:\/\/www.estrategiaconcursos.com.br\/blog\/#organization","name":"Estrat\u00e9gia Concursos","url":"https:\/\/www.estrategiaconcursos.com.br\/blog\/","logo":{"@type":"ImageObject","inLanguage":"pt-BR","@id":"https:\/\/www.estrategiaconcursos.com.br\/blog\/#\/schema\/logo\/image\/","url":"https:\/\/dhg1h5j42swfq.cloudfront.net\/2025\/06\/03203428\/logo_concursos-1.jpg","contentUrl":"https:\/\/dhg1h5j42swfq.cloudfront.net\/2025\/06\/03203428\/logo_concursos-1.jpg","width":230,"height":60,"caption":"Estrat\u00e9gia Concursos"},"image":{"@id":"https:\/\/www.estrategiaconcursos.com.br\/blog\/#\/schema\/logo\/image\/"},"sameAs":["https:\/\/x.com\/EstratConcursos"]},{"@type":"Person","@id":"https:\/\/www.estrategiaconcursos.com.br\/blog\/#\/schema\/person\/cdad40b5818eb228a838461fcd656da7","name":"Coordena\u00e7\u00e3o","image":{"@type":"ImageObject","inLanguage":"pt-BR","@id":"https:\/\/secure.gravatar.com\/avatar\/a413b22da0f5009c634f6c4586a2dbe5207074fd5becd88db5183b8069ef25e4?s=96&d=mm&r=g","url":"https:\/\/secure.gravatar.com\/avatar\/a413b22da0f5009c634f6c4586a2dbe5207074fd5becd88db5183b8069ef25e4?s=96&d=mm&r=g","contentUrl":"https:\/\/secure.gravatar.com\/avatar\/a413b22da0f5009c634f6c4586a2dbe5207074fd5becd88db5183b8069ef25e4?s=96&d=mm&r=g","caption":"Coordena\u00e7\u00e3o"},"url":"https:\/\/www.estrategiaconcursos.com.br\/blog\/author\/contatoestrategiaconcursos-com-br\/"}]}},"_links":{"self":[{"href":"https:\/\/www.estrategiaconcursos.com.br\/blog\/wp-json\/wp\/v2\/posts\/67162","targetHints":{"allow":["GET"]}}],"collection":[{"href":"https:\/\/www.estrategiaconcursos.com.br\/blog\/wp-json\/wp\/v2\/posts"}],"about":[{"href":"https:\/\/www.estrategiaconcursos.com.br\/blog\/wp-json\/wp\/v2\/types\/post"}],"author":[{"embeddable":true,"href":"https:\/\/www.estrategiaconcursos.com.br\/blog\/wp-json\/wp\/v2\/users\/48"}],"replies":[{"embeddable":true,"href":"https:\/\/www.estrategiaconcursos.com.br\/blog\/wp-json\/wp\/v2\/comments?post=67162"}],"version-history":[{"count":3,"href":"https:\/\/www.estrategiaconcursos.com.br\/blog\/wp-json\/wp\/v2\/posts\/67162\/revisions"}],"predecessor-version":[{"id":67170,"href":"https:\/\/www.estrategiaconcursos.com.br\/blog\/wp-json\/wp\/v2\/posts\/67162\/revisions\/67170"}],"wp:attachment":[{"href":"https:\/\/www.estrategiaconcursos.com.br\/blog\/wp-json\/wp\/v2\/media?parent=67162"}],"wp:term":[{"taxonomy":"category","embeddable":true,"href":"https:\/\/www.estrategiaconcursos.com.br\/blog\/wp-json\/wp\/v2\/categories?post=67162"},{"taxonomy":"post_tag","embeddable":true,"href":"https:\/\/www.estrategiaconcursos.com.br\/blog\/wp-json\/wp\/v2\/tags?post=67162"},{"taxonomy":"tax_estado","embeddable":true,"href":"https:\/\/www.estrategiaconcursos.com.br\/blog\/wp-json\/wp\/v2\/tax_estado?post=67162"}],"curies":[{"name":"wp","href":"https:\/\/api.w.org\/{rel}","templated":true}]}}