{"id":671417,"date":"2021-02-11T19:56:16","date_gmt":"2021-02-11T22:56:16","guid":{"rendered":"https:\/\/www.estrategiaconcursos.com.br\/blog\/?p=671417"},"modified":"2023-06-07T13:54:55","modified_gmt":"2023-06-07T16:54:55","slug":"adepol-concurso-delegado-pr","status":"publish","type":"post","link":"https:\/\/www.estrategiaconcursos.com.br\/blog\/adepol-concurso-delegado-pr\/","title":{"rendered":"ADEPOL pede que provas para Delegado PR sejam mantidas"},"content":{"rendered":"\n<h2 class=\"wp-block-heading\" id=\"h-sem-o-certame-mais-de-200-delegacias-serao-fechadas\">Sem o certame mais de 200 Delegacias ser\u00e3o fechadas<\/h2>\n\n\n\n<p>Em uma publica\u00e7\u00e3o publicada no endere\u00e7o eletr\u00f4nico A Associa\u00e7\u00e3o dos Delegados de Pol\u00edcia do Paran\u00e1 (ADEPOL PR), foi divulgada, no dia 9 de fevereiro, a manifesta\u00e7\u00e3o feita por ela em conjunto com o Sindicato dos Delegados de Pol\u00edcia do Paran\u00e1 (SIDEPOL PR), apontando sua preocupa\u00e7\u00e3o quanto \u00e0 recomenda\u00e7\u00e3o de adiamento dada ao concurso Delegado PR. <\/p>\n\n\n\n<p>O concurso para a Pol\u00edcia Civil do Estado do Paran\u00e1 oferta <strong>50 vagas<\/strong> <strong>imediatas<\/strong> para a classe inicial do cargo de <strong>Delegado de Pol\u00edcia<\/strong>. As provas objetivas est\u00e3o previstas para ocorrerem no dia 21 de fevereiro. J\u00e1 as provas de conhecimento espec\u00edfico&nbsp;est\u00e3o marcadas para&nbsp;11 de abril de 2021.<\/p>\n\n\n\n<p>Por\u00e9m, devido aos riscos decorrentes da pandemia de coronav\u00edrus (Covid-19), ainda n\u00e3o erradicada e em nova ascens\u00e3o no pa\u00eds, \u00f3rg\u00e3os como MPT-PR, DPE-PR e DPU recomendaram o adiamento do certame da PC PR. <\/p>\n\n\n\n<p class=\"has-luminous-vivid-amber-background-color has-background\">Nesse sentido, o documento apresentado pela ADEPOL e SIDEPOL, aponta que <strong>defasagem de Delegados de Pol\u00edcia no Estado do Paran\u00e1 chega a 54% do total de cargos da carreira.<\/strong> <\/p>\n\n\n\n<p>Al\u00e9m disso, um estudo realizado em 2019 pelo Sindicato dos Policiais Civis do&nbsp;Rio Grande do Norte apontou que o <strong>Paran\u00e1<\/strong> est\u00e1 na <strong>24\u00aa posi\u00e7\u00e3o entre os estados com a pior propor\u00e7\u00e3o Policiais Civis x Popula\u00e7\u00e3o.<\/strong> <\/p>\n\n\n\n<p>Quando se consideram especificamente os quadros de Delegado, o Estado alcan\u00e7a a <strong>26\u00aa posi\u00e7\u00e3o<\/strong>. Para o Vice-Presidente da ADEPOL PR, Gutemberg Ribeiro, o quadro deficit\u00e1rio de servidores da PC PR tem repercutido diretamente e de forma bastante negativa na <strong>Seguran\u00e7a do Estado. <\/strong><\/p>\n\n\n\n<p>Isto porque, de acordo com a <a href=\"https:\/\/www.adepolpr.org\/manifestacao-adepol-sidepol-sem-o-concurso-mais-de-duzentas-delegacias-serao-fechadas\" target=\"_blank\" rel=\"noreferrer noopener\">manifesta\u00e7\u00e3o<\/a>, <strong>200 munic\u00edpios do Estado n\u00e3o possuem Delegado de Pol\u00edcia<\/strong>; na capital <strong>Curitiba, apenas dois Delegados<\/strong> s\u00e3o respons\u00e1veis por dia para atender a todos os flagrantes ocorridos na cidade e, em algumas cidades do interior, <strong>um \u00fanico profissional atende concomitantemente mais de vinte Munic\u00edpios<\/strong>. <\/p>\n\n\n\n<p>Por isso, caso o <strong>cronograma do concurso seja interrompido<\/strong> e o certame adiado, diz o documento, <strong>haver\u00e1 grandes impactos \u00e0 popula\u00e7\u00e3o, com o fechamento de mais de 200 Delegacias de Pol\u00edcia, sendo 34 delas localizadas em Munic\u00edpios Sedes das Comarcas.<\/strong> <\/p>\n\n\n\n<p>O documento finaliza que a realiza\u00e7\u00e3o do certame nas datas previstas se faz imprescind\u00edvel e que a banca organizadora, UFPR, mais que dobrou a loca\u00e7\u00e3o de espa\u00e7os de maneira a serem usados mais de 350 locais de provas distribu\u00eddos pela Capital e Regi\u00e3o Metropolitana do Estado. Al\u00e9m disso, todos os protocolos de sa\u00fade e seguran\u00e7a ser\u00e3o rigorosamente adotados.  <\/p>\n\n\n\n<p class=\"has-text-align-center has-black-color has-cyan-bluish-gray-background-color has-text-color has-background has-medium-font-size\"><strong>Mais informa\u00e7\u00f5es: <a href=\"https:\/\/www.estrategiaconcursos.com.br\/blog\/concurso-delegado-pr\" target=\"_blank\" rel=\"noreferrer noopener\">Concurso Delegado PR<\/a><\/strong><\/p>\n\n\n\n<h2 class=\"wp-block-heading has-text-align-center\" id=\"cursos\">Prepare-se para o concurso Delegado PR<\/h2>\n\n\n\n<div class=\"container\" id=\"boxes\">\n  <div class=\"row\">\n\n    <div class=\"col-sm\">\n      <div class=\"banner-ecj\" id=\"box-assinatura\">\n        <h3 class=\"titulo-assinatura\">Curso para Delegado PR <\/h3>\n        <p class=\"subtitulo-assinatura\">Cursos focados no edital do concurso<\/p>\n        <div class=\"box-botao\">\n          <a class=\"btn-assinatura\" target=\"_blank\" href=\"https:\/\/www.estrategiaconcursos.com.br\/cursosPorConcurso\/pc-pr-policia-civil-do-parana-delegado\/\" role=\"button\" rel=\"noopener noreferrer\">Conhe\u00e7a mais<\/a>\n        <\/div>\n      <\/div>\n      <p class=\"texto-auxiliar\">Prepare-se com o melhor material e com quem mais aprova em concursos de Procuradorias em todo o pa\u00eds. \n<\/p>\n    <\/div>\n\n  <\/div>\n<\/div>\n\n\n\n<div class=\"container\" id=\"boxes\">\n  <div class=\"row\">\n\n    <div class=\"col-sm\">\n      <div class=\"banner-ecj\" id=\"box-assinatura\">\n        <h3 class=\"titulo-assinatura\">Assinatura Jur\u00eddica <\/h3>\n        <p class=\"subtitulo-assinatura\">Conhe\u00e7a os planos<\/p>\n        <div class=\"box-botao\">\n          <a class=\"btn-assinatura\" target=\"_blank\" href=\"https:\/\/www.estrategiaconcursos.com.br\/assinaturas-ecj\/\" role=\"button\" rel=\"noopener noreferrer\">Conhe\u00e7a mais<\/a>\n        <\/div>\n      <\/div>\n      <p class=\"texto-auxiliar\">Prepare-se com o melhor material e com quem mais aprova em Concursos P\u00fablicos em todo o pa\u00eds. \n<\/p>\n    <\/div>\n\n  <\/div>\n<\/div>\n","protected":false},"excerpt":{"rendered":"<p>Sem o certame mais de 200 Delegacias ser\u00e3o fechadas Em uma publica\u00e7\u00e3o publicada no endere\u00e7o eletr\u00f4nico A Associa\u00e7\u00e3o dos Delegados de Pol\u00edcia do Paran\u00e1 (ADEPOL PR), foi divulgada, no dia 9 de fevereiro, a manifesta\u00e7\u00e3o feita por ela em conjunto com o Sindicato dos Delegados de Pol\u00edcia do Paran\u00e1 (SIDEPOL PR), apontando sua preocupa\u00e7\u00e3o quanto [&hellip;]<\/p>\n","protected":false},"author":1376,"featured_media":671469,"comment_status":"open","ping_status":"closed","sticky":false,"template":"","format":"standard","meta":{"post_tipo":"news","footnotes":""},"categories":[2185],"tags":[],"tax_estado":[219981],"class_list":["post-671417","post","type-post","status-publish","format-standard","has-post-thumbnail","hentry","category-carreiras-juridicas","tax_estado-pr"],"acf":[],"yoast_head":"<!-- This site is optimized with the Yoast SEO Premium plugin v27.2 (Yoast SEO v27.2) - https:\/\/yoast.com\/product\/yoast-seo-premium-wordpress\/ -->\n<title>ADEPOL pede que provas para Delegado PR sejam mantidas<\/title>\n<meta name=\"description\" content=\"Em uma manifesta\u00e7\u00e3o feita pela ADEPOL e pelo SIDEPOL foi clamada a manuten\u00e7\u00e3o do cronograma do concurso Delegado PR. Saiba mais aqui!\" \/>\n<meta name=\"robots\" content=\"index, follow, max-snippet:-1, max-image-preview:large, max-video-preview:-1\" \/>\n<link rel=\"canonical\" href=\"https:\/\/www.estrategiaconcursos.com.br\/blog\/adepol-concurso-delegado-pr\/\" \/>\n<meta property=\"og:locale\" content=\"pt_BR\" \/>\n<meta property=\"og:type\" content=\"article\" \/>\n<meta property=\"og:title\" content=\"ADEPOL pede que provas para Delegado PR sejam mantidas\" \/>\n<meta property=\"og:description\" content=\"Em uma manifesta\u00e7\u00e3o feita pela ADEPOL e pelo SIDEPOL foi clamada a manuten\u00e7\u00e3o do cronograma do concurso Delegado PR. Saiba mais aqui!\" \/>\n<meta property=\"og:url\" content=\"https:\/\/www.estrategiaconcursos.com.br\/blog\/adepol-concurso-delegado-pr\/\" \/>\n<meta property=\"og:site_name\" content=\"Estrat\u00e9gia Concursos\" \/>\n<meta property=\"article:published_time\" content=\"2021-02-11T22:56:16+00:00\" \/>\n<meta property=\"article:modified_time\" content=\"2023-06-07T16:54:55+00:00\" \/>\n<meta property=\"og:image\" content=\"https:\/\/dhg1h5j42swfq.cloudfront.net\/2021\/02\/11202033\/delegado_pr-2.jpg\" \/>\n\t<meta property=\"og:image:width\" content=\"1200\" \/>\n\t<meta property=\"og:image:height\" content=\"625\" \/>\n\t<meta property=\"og:image:type\" content=\"image\/jpeg\" \/>\n<meta name=\"author\" content=\"Mariana Cury Bunduky\" \/>\n<meta name=\"twitter:card\" content=\"summary_large_image\" \/>\n<meta name=\"twitter:creator\" content=\"@EstratConcursos\" \/>\n<meta name=\"twitter:site\" content=\"@EstratConcursos\" \/>\n<meta name=\"twitter:label1\" content=\"Escrito por\" \/>\n\t<meta name=\"twitter:data1\" content=\"Mariana Cury Bunduky\" \/>\n\t<meta name=\"twitter:label2\" content=\"Est. tempo de leitura\" \/>\n\t<meta name=\"twitter:data2\" content=\"3 minutos\" \/>\n<script type=\"application\/ld+json\" class=\"yoast-schema-graph\">{\"@context\":\"https:\/\/schema.org\",\"@graph\":[{\"@type\":\"NewsArticle\",\"@id\":\"https:\/\/www.estrategiaconcursos.com.br\/blog\/adepol-concurso-delegado-pr\/#article\",\"isPartOf\":{\"@id\":\"https:\/\/www.estrategiaconcursos.com.br\/blog\/adepol-concurso-delegado-pr\/\"},\"author\":{\"name\":\"Mariana Cury Bunduky\",\"@id\":\"https:\/\/www.estrategiaconcursos.com.br\/blog\/#\/schema\/person\/97594fe1216aa8a9cd2782ad241b7bac\"},\"headline\":\"ADEPOL pede que provas para Delegado PR sejam mantidas\",\"datePublished\":\"2021-02-11T22:56:16+00:00\",\"dateModified\":\"2023-06-07T16:54:55+00:00\",\"mainEntityOfPage\":{\"@id\":\"https:\/\/www.estrategiaconcursos.com.br\/blog\/adepol-concurso-delegado-pr\/\"},\"wordCount\":521,\"commentCount\":0,\"publisher\":{\"@id\":\"https:\/\/www.estrategiaconcursos.com.br\/blog\/#organization\"},\"image\":{\"@id\":\"https:\/\/www.estrategiaconcursos.com.br\/blog\/adepol-concurso-delegado-pr\/#primaryimage\"},\"thumbnailUrl\":\"https:\/\/dhg1h5j42swfq.cloudfront.net\/2021\/02\/11202033\/delegado_pr-2.jpg\",\"articleSection\":[\"Jur\u00eddico\"],\"inLanguage\":\"pt-BR\",\"potentialAction\":[{\"@type\":\"CommentAction\",\"name\":\"Comment\",\"target\":[\"https:\/\/www.estrategiaconcursos.com.br\/blog\/adepol-concurso-delegado-pr\/#respond\"]}],\"copyrightYear\":\"2021\",\"copyrightHolder\":{\"@id\":\"https:\/\/www.estrategiaconcursos.com.br\/blog\/#organization\"}},{\"@type\":\"WebPage\",\"@id\":\"https:\/\/www.estrategiaconcursos.com.br\/blog\/adepol-concurso-delegado-pr\/\",\"url\":\"https:\/\/www.estrategiaconcursos.com.br\/blog\/adepol-concurso-delegado-pr\/\",\"name\":\"ADEPOL pede que provas para Delegado PR sejam mantidas\",\"isPartOf\":{\"@id\":\"https:\/\/www.estrategiaconcursos.com.br\/blog\/#website\"},\"primaryImageOfPage\":{\"@id\":\"https:\/\/www.estrategiaconcursos.com.br\/blog\/adepol-concurso-delegado-pr\/#primaryimage\"},\"image\":{\"@id\":\"https:\/\/www.estrategiaconcursos.com.br\/blog\/adepol-concurso-delegado-pr\/#primaryimage\"},\"thumbnailUrl\":\"https:\/\/dhg1h5j42swfq.cloudfront.net\/2021\/02\/11202033\/delegado_pr-2.jpg\",\"datePublished\":\"2021-02-11T22:56:16+00:00\",\"dateModified\":\"2023-06-07T16:54:55+00:00\",\"description\":\"Em uma manifesta\u00e7\u00e3o feita pela ADEPOL e pelo SIDEPOL foi clamada a manuten\u00e7\u00e3o do cronograma do concurso Delegado PR. Saiba mais aqui!\",\"breadcrumb\":{\"@id\":\"https:\/\/www.estrategiaconcursos.com.br\/blog\/adepol-concurso-delegado-pr\/#breadcrumb\"},\"inLanguage\":\"pt-BR\",\"potentialAction\":[{\"@type\":\"ReadAction\",\"target\":[\"https:\/\/www.estrategiaconcursos.com.br\/blog\/adepol-concurso-delegado-pr\/\"]}]},{\"@type\":\"ImageObject\",\"inLanguage\":\"pt-BR\",\"@id\":\"https:\/\/www.estrategiaconcursos.com.br\/blog\/adepol-concurso-delegado-pr\/#primaryimage\",\"url\":\"https:\/\/dhg1h5j42swfq.cloudfront.net\/2021\/02\/11202033\/delegado_pr-2.jpg\",\"contentUrl\":\"https:\/\/dhg1h5j42swfq.cloudfront.net\/2021\/02\/11202033\/delegado_pr-2.jpg\",\"width\":1200,\"height\":625,\"caption\":\"ADEPOL\"},{\"@type\":\"BreadcrumbList\",\"@id\":\"https:\/\/www.estrategiaconcursos.com.br\/blog\/adepol-concurso-delegado-pr\/#breadcrumb\",\"itemListElement\":[{\"@type\":\"ListItem\",\"position\":1,\"name\":\"In\u00edcio\",\"item\":\"https:\/\/www.estrategiaconcursos.com.br\/blog\/\"},{\"@type\":\"ListItem\",\"position\":2,\"name\":\"ADEPOL pede que provas para Delegado PR sejam mantidas\"}]},{\"@type\":\"WebSite\",\"@id\":\"https:\/\/www.estrategiaconcursos.com.br\/blog\/#website\",\"url\":\"https:\/\/www.estrategiaconcursos.com.br\/blog\/\",\"name\":\"Estrat\u00e9gia Concursos\",\"description\":\"O blog da Estrat\u00e9gia Concursos traz not\u00edcias sobre concursos e artigos de professores oferecendo cursos para concursos (pdf + videaulas) no site.\",\"publisher\":{\"@id\":\"https:\/\/www.estrategiaconcursos.com.br\/blog\/#organization\"},\"potentialAction\":[{\"@type\":\"SearchAction\",\"target\":{\"@type\":\"EntryPoint\",\"urlTemplate\":\"https:\/\/www.estrategiaconcursos.com.br\/blog\/?s={search_term_string}\"},\"query-input\":{\"@type\":\"PropertyValueSpecification\",\"valueRequired\":true,\"valueName\":\"search_term_string\"}}],\"inLanguage\":\"pt-BR\"},{\"@type\":\"Organization\",\"@id\":\"https:\/\/www.estrategiaconcursos.com.br\/blog\/#organization\",\"name\":\"Estrat\u00e9gia Concursos\",\"url\":\"https:\/\/www.estrategiaconcursos.com.br\/blog\/\",\"logo\":{\"@type\":\"ImageObject\",\"inLanguage\":\"pt-BR\",\"@id\":\"https:\/\/www.estrategiaconcursos.com.br\/blog\/#\/schema\/logo\/image\/\",\"url\":\"https:\/\/dhg1h5j42swfq.cloudfront.net\/2025\/06\/03203428\/logo_concursos-1.jpg\",\"contentUrl\":\"https:\/\/dhg1h5j42swfq.cloudfront.net\/2025\/06\/03203428\/logo_concursos-1.jpg\",\"width\":230,\"height\":60,\"caption\":\"Estrat\u00e9gia Concursos\"},\"image\":{\"@id\":\"https:\/\/www.estrategiaconcursos.com.br\/blog\/#\/schema\/logo\/image\/\"},\"sameAs\":[\"https:\/\/x.com\/EstratConcursos\"]},{\"@type\":\"Person\",\"@id\":\"https:\/\/www.estrategiaconcursos.com.br\/blog\/#\/schema\/person\/97594fe1216aa8a9cd2782ad241b7bac\",\"name\":\"Mariana Cury Bunduky\",\"image\":{\"@type\":\"ImageObject\",\"inLanguage\":\"pt-BR\",\"@id\":\"https:\/\/secure.gravatar.com\/avatar\/?s=96&d=mm&r=g\",\"url\":\"https:\/\/secure.gravatar.com\/avatar\/?s=96&d=mm&r=g\",\"contentUrl\":\"https:\/\/secure.gravatar.com\/avatar\/?s=96&d=mm&r=g\",\"caption\":\"Mariana Cury Bunduky\"},\"url\":\"https:\/\/www.estrategiaconcursos.com.br\/blog\/author\/mariana-bunduky\/\"}]}<\/script>\n<!-- \/ Yoast SEO Premium plugin. -->","yoast_head_json":{"title":"ADEPOL pede que provas para Delegado PR sejam mantidas","description":"Em uma manifesta\u00e7\u00e3o feita pela ADEPOL e pelo SIDEPOL foi clamada a manuten\u00e7\u00e3o do cronograma do concurso Delegado PR. Saiba mais aqui!","robots":{"index":"index","follow":"follow","max-snippet":"max-snippet:-1","max-image-preview":"max-image-preview:large","max-video-preview":"max-video-preview:-1"},"canonical":"https:\/\/www.estrategiaconcursos.com.br\/blog\/adepol-concurso-delegado-pr\/","og_locale":"pt_BR","og_type":"article","og_title":"ADEPOL pede que provas para Delegado PR sejam mantidas","og_description":"Em uma manifesta\u00e7\u00e3o feita pela ADEPOL e pelo SIDEPOL foi clamada a manuten\u00e7\u00e3o do cronograma do concurso Delegado PR. Saiba mais aqui!","og_url":"https:\/\/www.estrategiaconcursos.com.br\/blog\/adepol-concurso-delegado-pr\/","og_site_name":"Estrat\u00e9gia Concursos","article_published_time":"2021-02-11T22:56:16+00:00","article_modified_time":"2023-06-07T16:54:55+00:00","og_image":[{"width":1200,"height":625,"url":"https:\/\/dhg1h5j42swfq.cloudfront.net\/2021\/02\/11202033\/delegado_pr-2.jpg","type":"image\/jpeg"}],"author":"Mariana Cury Bunduky","twitter_card":"summary_large_image","twitter_creator":"@EstratConcursos","twitter_site":"@EstratConcursos","twitter_misc":{"Escrito por":"Mariana Cury Bunduky","Est. tempo de leitura":"3 minutos"},"schema":{"@context":"https:\/\/schema.org","@graph":[{"@type":"NewsArticle","@id":"https:\/\/www.estrategiaconcursos.com.br\/blog\/adepol-concurso-delegado-pr\/#article","isPartOf":{"@id":"https:\/\/www.estrategiaconcursos.com.br\/blog\/adepol-concurso-delegado-pr\/"},"author":{"name":"Mariana Cury Bunduky","@id":"https:\/\/www.estrategiaconcursos.com.br\/blog\/#\/schema\/person\/97594fe1216aa8a9cd2782ad241b7bac"},"headline":"ADEPOL pede que provas para Delegado PR sejam mantidas","datePublished":"2021-02-11T22:56:16+00:00","dateModified":"2023-06-07T16:54:55+00:00","mainEntityOfPage":{"@id":"https:\/\/www.estrategiaconcursos.com.br\/blog\/adepol-concurso-delegado-pr\/"},"wordCount":521,"commentCount":0,"publisher":{"@id":"https:\/\/www.estrategiaconcursos.com.br\/blog\/#organization"},"image":{"@id":"https:\/\/www.estrategiaconcursos.com.br\/blog\/adepol-concurso-delegado-pr\/#primaryimage"},"thumbnailUrl":"https:\/\/dhg1h5j42swfq.cloudfront.net\/2021\/02\/11202033\/delegado_pr-2.jpg","articleSection":["Jur\u00eddico"],"inLanguage":"pt-BR","potentialAction":[{"@type":"CommentAction","name":"Comment","target":["https:\/\/www.estrategiaconcursos.com.br\/blog\/adepol-concurso-delegado-pr\/#respond"]}],"copyrightYear":"2021","copyrightHolder":{"@id":"https:\/\/www.estrategiaconcursos.com.br\/blog\/#organization"}},{"@type":"WebPage","@id":"https:\/\/www.estrategiaconcursos.com.br\/blog\/adepol-concurso-delegado-pr\/","url":"https:\/\/www.estrategiaconcursos.com.br\/blog\/adepol-concurso-delegado-pr\/","name":"ADEPOL pede que provas para Delegado PR sejam mantidas","isPartOf":{"@id":"https:\/\/www.estrategiaconcursos.com.br\/blog\/#website"},"primaryImageOfPage":{"@id":"https:\/\/www.estrategiaconcursos.com.br\/blog\/adepol-concurso-delegado-pr\/#primaryimage"},"image":{"@id":"https:\/\/www.estrategiaconcursos.com.br\/blog\/adepol-concurso-delegado-pr\/#primaryimage"},"thumbnailUrl":"https:\/\/dhg1h5j42swfq.cloudfront.net\/2021\/02\/11202033\/delegado_pr-2.jpg","datePublished":"2021-02-11T22:56:16+00:00","dateModified":"2023-06-07T16:54:55+00:00","description":"Em uma manifesta\u00e7\u00e3o feita pela ADEPOL e pelo SIDEPOL foi clamada a manuten\u00e7\u00e3o do cronograma do concurso Delegado PR. Saiba mais aqui!","breadcrumb":{"@id":"https:\/\/www.estrategiaconcursos.com.br\/blog\/adepol-concurso-delegado-pr\/#breadcrumb"},"inLanguage":"pt-BR","potentialAction":[{"@type":"ReadAction","target":["https:\/\/www.estrategiaconcursos.com.br\/blog\/adepol-concurso-delegado-pr\/"]}]},{"@type":"ImageObject","inLanguage":"pt-BR","@id":"https:\/\/www.estrategiaconcursos.com.br\/blog\/adepol-concurso-delegado-pr\/#primaryimage","url":"https:\/\/dhg1h5j42swfq.cloudfront.net\/2021\/02\/11202033\/delegado_pr-2.jpg","contentUrl":"https:\/\/dhg1h5j42swfq.cloudfront.net\/2021\/02\/11202033\/delegado_pr-2.jpg","width":1200,"height":625,"caption":"ADEPOL"},{"@type":"BreadcrumbList","@id":"https:\/\/www.estrategiaconcursos.com.br\/blog\/adepol-concurso-delegado-pr\/#breadcrumb","itemListElement":[{"@type":"ListItem","position":1,"name":"In\u00edcio","item":"https:\/\/www.estrategiaconcursos.com.br\/blog\/"},{"@type":"ListItem","position":2,"name":"ADEPOL pede que provas para Delegado PR sejam mantidas"}]},{"@type":"WebSite","@id":"https:\/\/www.estrategiaconcursos.com.br\/blog\/#website","url":"https:\/\/www.estrategiaconcursos.com.br\/blog\/","name":"Estrat\u00e9gia Concursos","description":"O blog da Estrat\u00e9gia Concursos traz not\u00edcias sobre concursos e artigos de professores oferecendo cursos para concursos (pdf + videaulas) no site.","publisher":{"@id":"https:\/\/www.estrategiaconcursos.com.br\/blog\/#organization"},"potentialAction":[{"@type":"SearchAction","target":{"@type":"EntryPoint","urlTemplate":"https:\/\/www.estrategiaconcursos.com.br\/blog\/?s={search_term_string}"},"query-input":{"@type":"PropertyValueSpecification","valueRequired":true,"valueName":"search_term_string"}}],"inLanguage":"pt-BR"},{"@type":"Organization","@id":"https:\/\/www.estrategiaconcursos.com.br\/blog\/#organization","name":"Estrat\u00e9gia Concursos","url":"https:\/\/www.estrategiaconcursos.com.br\/blog\/","logo":{"@type":"ImageObject","inLanguage":"pt-BR","@id":"https:\/\/www.estrategiaconcursos.com.br\/blog\/#\/schema\/logo\/image\/","url":"https:\/\/dhg1h5j42swfq.cloudfront.net\/2025\/06\/03203428\/logo_concursos-1.jpg","contentUrl":"https:\/\/dhg1h5j42swfq.cloudfront.net\/2025\/06\/03203428\/logo_concursos-1.jpg","width":230,"height":60,"caption":"Estrat\u00e9gia Concursos"},"image":{"@id":"https:\/\/www.estrategiaconcursos.com.br\/blog\/#\/schema\/logo\/image\/"},"sameAs":["https:\/\/x.com\/EstratConcursos"]},{"@type":"Person","@id":"https:\/\/www.estrategiaconcursos.com.br\/blog\/#\/schema\/person\/97594fe1216aa8a9cd2782ad241b7bac","name":"Mariana Cury Bunduky","image":{"@type":"ImageObject","inLanguage":"pt-BR","@id":"https:\/\/secure.gravatar.com\/avatar\/?s=96&d=mm&r=g","url":"https:\/\/secure.gravatar.com\/avatar\/?s=96&d=mm&r=g","contentUrl":"https:\/\/secure.gravatar.com\/avatar\/?s=96&d=mm&r=g","caption":"Mariana Cury Bunduky"},"url":"https:\/\/www.estrategiaconcursos.com.br\/blog\/author\/mariana-bunduky\/"}]}},"_links":{"self":[{"href":"https:\/\/www.estrategiaconcursos.com.br\/blog\/wp-json\/wp\/v2\/posts\/671417","targetHints":{"allow":["GET"]}}],"collection":[{"href":"https:\/\/www.estrategiaconcursos.com.br\/blog\/wp-json\/wp\/v2\/posts"}],"about":[{"href":"https:\/\/www.estrategiaconcursos.com.br\/blog\/wp-json\/wp\/v2\/types\/post"}],"author":[{"embeddable":true,"href":"https:\/\/www.estrategiaconcursos.com.br\/blog\/wp-json\/wp\/v2\/users\/1376"}],"replies":[{"embeddable":true,"href":"https:\/\/www.estrategiaconcursos.com.br\/blog\/wp-json\/wp\/v2\/comments?post=671417"}],"version-history":[{"count":27,"href":"https:\/\/www.estrategiaconcursos.com.br\/blog\/wp-json\/wp\/v2\/posts\/671417\/revisions"}],"predecessor-version":[{"id":1229120,"href":"https:\/\/www.estrategiaconcursos.com.br\/blog\/wp-json\/wp\/v2\/posts\/671417\/revisions\/1229120"}],"wp:featuredmedia":[{"embeddable":true,"href":"https:\/\/www.estrategiaconcursos.com.br\/blog\/wp-json\/wp\/v2\/media\/671469"}],"wp:attachment":[{"href":"https:\/\/www.estrategiaconcursos.com.br\/blog\/wp-json\/wp\/v2\/media?parent=671417"}],"wp:term":[{"taxonomy":"category","embeddable":true,"href":"https:\/\/www.estrategiaconcursos.com.br\/blog\/wp-json\/wp\/v2\/categories?post=671417"},{"taxonomy":"post_tag","embeddable":true,"href":"https:\/\/www.estrategiaconcursos.com.br\/blog\/wp-json\/wp\/v2\/tags?post=671417"},{"taxonomy":"tax_estado","embeddable":true,"href":"https:\/\/www.estrategiaconcursos.com.br\/blog\/wp-json\/wp\/v2\/tax_estado?post=671417"}],"curies":[{"name":"wp","href":"https:\/\/api.w.org\/{rel}","templated":true}]}}