{"id":67082,"date":"2017-08-29T09:00:15","date_gmt":"2017-08-29T12:00:15","guid":{"rendered":"https:\/\/www.estrategiaconcursos.com.br\/blog\/?p=67082"},"modified":"2022-11-24T12:44:32","modified_gmt":"2022-11-24T15:44:32","slug":"concursos-seduc-mt","status":"publish","type":"post","link":"https:\/\/www.estrategiaconcursos.com.br\/blog\/concursos-seduc-mt\/","title":{"rendered":"Concurso Seduc MT: Prova para T\u00e9cnico Administrativo Educacional tem nova data!"},"content":{"rendered":"<p style=\"text-align: justify;\"><span style=\"color: #000000;\">O concurso da Secretaria de Educa\u00e7\u00e3o, Esporte e Lazer do Estado do Mato Grosso (<strong>concurso Seduc MT<\/strong>) com a<\/span><span style=\"color: #000000;\">\u00a0oferta 5.748 vagas e oportunidades para a <\/span><span style=\"color: #000000;\"> sele\u00e7\u00e3o de Professores, T\u00e9cnicos Administrativos Educacionais e Apoio Educacional, retificou o edital.\u00a0<\/span><\/p>\n<p>\u00a0A retifica\u00e7\u00e3o que foi divulgada na p\u00e1gina da banca organizadora, IBFC, altera a data de prova do cargo de <strong>T\u00e9cnico Administrativo Educacional<\/strong>\u00a0do item 9.1 do Edital, em virtude do n\u00famero de inscritos no concurso e o conte\u00fado program\u00e1tico. Confira abaixo as altera\u00e7\u00f5es!<\/p>\n<p><img loading=\"lazy\" decoding=\"async\" class=\"aligncenter size-full wp-image-87288\" src=\"https:\/\/dhg1h5j42swfq.cloudfront.net\/2017\/08\/29125737\/retifica-Seduc-MT.png\" alt=\"\" width=\"363\" height=\"310\" srcset=\"https:\/\/dhg1h5j42swfq.cloudfront.net\/2017\/08\/29125737\/retifica-Seduc-MT.png 363w, https:\/\/dhg1h5j42swfq.cloudfront.net\/2017\/08\/29125737\/retifica-Seduc-MT.png 300w\" sizes=\"auto, (max-width: 363px) 100vw, 363px\" \/><\/p>\n<p style=\"text-align: justify;\"><span style=\"color: #000000;\">Os sal\u00e1rios iniciais dos cargos ofertados variam entre R$ 1.167,12 e R$ 3.640,34, podendo chegar a R$ 8.875,13.\u00a0S\u00e3o cargos que exigem forma\u00e7\u00e3o em n\u00edvel fundamental, m\u00e9dio e superior.<\/span><\/p>\n<p style=\"text-align: justify; margin-left: 40px;\"><em>\u2013 Professor da educa\u00e7\u00e3o b\u00e1sica \u2013 3.324 vagas<\/em><br \/>\n<em>\u2013 T\u00e9cnico Administrativo \u2013 928 vagas<\/em><br \/>\n<em>\u2013 Apoio Administrativo \u2013 1.496 vagas<\/em><\/p>\n<h3 style=\"text-align: justify;\">Os cargos, \u00e1reas e requisitos<\/h3>\n<p style=\"text-align: justify;\"><span style=\"color: #000000;\">Para T\u00e9cnico Administrativo, o cargo exige forma\u00e7\u00e3o em N\u00edvel M\u00e9dio. J\u00e1 para professor da Educa\u00e7\u00e3o B\u00e1sica, cargo que exige gradua\u00e7\u00e3o em N\u00edvel Superior, s\u00e3o ofertadas vagas as seguintes \u00e1reas de especialidade.<\/span><\/p>\n<p style=\"text-align: justify; padding-left: 30px;\"><span style=\"color: #000000;\"><em>&#8211; Artes<\/em><\/span><br \/>\n<span style=\"color: #000000;\"><em>&#8211; Biologia<\/em><\/span><br \/>\n<span style=\"color: #000000;\"><em>&#8211; Ci\u00eancias F\u00edsicas e Biol\u00f3gicas<\/em><\/span><br \/>\n<span style=\"color: #000000;\"><em>&#8211; Educa\u00e7\u00e3o F\u00edsica<\/em><\/span><br \/>\n<span style=\"color: #000000;\"><em>&#8211; Filosofia<\/em><\/span><br \/>\n<span style=\"color: #000000;\"><em>&#8211; F\u00edsica<\/em><\/span><br \/>\n<span style=\"color: #000000;\"><em>&#8211; Geografia<\/em><\/span><br \/>\n<span style=\"color: #000000;\"><em>&#8211; Hist\u00f3ria<\/em><\/span><br \/>\n<span style=\"color: #000000;\"><em>&#8211; Ingl\u00eas<\/em><\/span><br \/>\n<span style=\"color: #000000;\"><em>&#8211; Espanhol<\/em><\/span><br \/>\n<span style=\"color: #000000;\"><em>&#8211; L\u00edngua Portuguesa<\/em><\/span><br \/>\n<span style=\"color: #000000;\"><em>&#8211; Matem\u00e1tica<\/em><\/span><br \/>\n<span style=\"color: #000000;\"><em>&#8211; Qu\u00edmica<\/em><\/span><br \/>\n<span style=\"color: #000000;\"><em>&#8211; Sociologia<\/em><\/span><br \/>\n<span style=\"color: #000000;\"><em>&#8211; Pedagogia<\/em><\/span><\/p>\n<p style=\"text-align: justify;\"><span style=\"color: #000000;\">O concurso tamb\u00e9m oferta vagas para candidatos em n\u00edvel fundamental. S\u00e3o vagas para o cargo de Apoio Administrativo Educacional as \u00e1reas de Manuten\u00e7\u00e3o de Infraestrutura (Limpeza), Nutri\u00e7\u00e3o (Merendeira) e Vigil\u00e2ncia.<\/span><\/p>\n<h3>Etapas do concurso Seduc MT<\/h3>\n<p style=\"padding-left: 30px;\"><strong>PROFESSOR DE EDUCA\u00c7\u00c3O B\u00c1SICA:<\/strong><br \/>\na) Primeira Etapa: Prova Objetiva de M\u00faltipla Escolha, de car\u00e1ter eliminat\u00f3rio e classificat\u00f3rio;<br \/>\nb) Segunda Etapa: Prova Discursiva, de car\u00e1ter eliminat\u00f3rio e classificat\u00f3rio;<br \/>\nc) Terceira Etapa: Avalia\u00e7\u00e3o Did\u00e1tica, de car\u00e1ter eliminat\u00f3rio e classificat\u00f3rio;<br \/>\nd) Quarta Etapa: Avalia\u00e7\u00e3o de T\u00edtulos, de car\u00e1ter classificat\u00f3rio.<\/p>\n<p style=\"padding-left: 30px;\"><strong>T\u00c9CNICO ADMINISTRATIVO EDUCACIONAL:<\/strong><br \/>\na) Primeira Etapa: Prova Objetiva de M\u00faltipla Escolha, de car\u00e1ter eliminat\u00f3rio e classificat\u00f3rio;<br \/>\nb) Segunda Etapa: Prova Discursiva, de car\u00e1ter eliminat\u00f3rio e classificat\u00f3rio.<\/p>\n<p style=\"padding-left: 30px;\"><strong>APOIO ADMINISTRATIVO EDUCACIONAL:<\/strong><br \/>\na) Etapa \u00fanica: Prova Objetiva de M\u00faltipla Escolha, de car\u00e1ter eliminat\u00f3rio e classificat\u00f3rio.<\/p>\n<h3><img loading=\"lazy\" decoding=\"async\" class=\"aligncenter size-full wp-image-87290\" src=\"https:\/\/dhg1h5j42swfq.cloudfront.net\/2017\/08\/29125926\/provas-seduc-mt.png\" alt=\"\" width=\"367\" height=\"139\" srcset=\"https:\/\/dhg1h5j42swfq.cloudfront.net\/2017\/08\/29125926\/provas-seduc-mt.png 367w, https:\/\/dhg1h5j42swfq.cloudfront.net\/2017\/08\/29125926\/provas-seduc-mt.png 300w\" sizes=\"auto, (max-width: 367px) 100vw, 367px\" \/><\/h3>\n<h3>A prova do concurso Seduc MT<\/h3>\n<p><img loading=\"lazy\" decoding=\"async\" class=\"aligncenter size-full wp-image-80380\" src=\"https:\/\/dhg1h5j42swfq.cloudfront.net\/2017\/07\/04160048\/concurso-seduc-mt1.jpg\" alt=\"concurso seduc mt\" width=\"720\" height=\"887\" srcset=\"https:\/\/dhg1h5j42swfq.cloudfront.net\/2017\/07\/04160048\/concurso-seduc-mt1.jpg 720w, https:\/\/dhg1h5j42swfq.cloudfront.net\/2017\/07\/04160048\/concurso-seduc-mt1.jpg 244w, https:\/\/dhg1h5j42swfq.cloudfront.net\/2017\/07\/04160048\/concurso-seduc-mt1.jpg 610w\" sizes=\"auto, (max-width: 720px) 100vw, 720px\" \/><\/p>\n<h3 style=\"text-align: justify;\">\u00daltimo concurso SEDUC\u00a0MT<\/h3>\n<p style=\"text-align: justify;\"><span style=\"color: #000000;\">Organizado em 2009 pela Funda\u00e7\u00e3o Universidade do Estado de Mato Grosso (FUNEMAT), o certame\u00a0anterior ofereceu 5,5 mil oportunidades para os cargos de professor da Educa\u00e7\u00e3o B\u00e1sica (3 mil vagas), T\u00e9cnico \u00a0Administrativo \u00a0Educacional (500) e Apoio Administrativo Educacional (2 mil). Os aprovados foram lotados em diversas cidades do Estado.<\/span><\/p>\n<p style=\"text-align: justify;\"><span style=\"color: #000000;\">A sele\u00e7\u00e3o incluiu provas objetivas de car\u00e1ter eliminat\u00f3rio e classificat\u00f3rio, abrangendo conhecimentos gerais e conhecimentos espec\u00edficos; A Prova Dissertativa e a etapa de Avalia\u00e7\u00e3o de T\u00edtulos, ambas de car\u00e1ter unicamente classificat\u00f3rio, foram exclusivamente para o posto\u00a0de Professor da Educa\u00e7\u00e3o B\u00e1sica.<\/span><\/p>\n<p style=\"text-align: center;\"><a href=\"https:\/\/www.estrategiaconcursos.com.br\/cursosPorConcurso\/seduc-mt\/\" target=\"_blank\" rel=\"noopener\"><img loading=\"lazy\" decoding=\"async\" class=\"aligncenter wp-image-80367\" src=\"https:\/\/dhg1h5j42swfq.cloudfront.net\/2017\/05\/04154114\/SEDUC-MT3-e1499193688907.jpg\" alt=\"concurso seduc mt\" width=\"619\" height=\"324\" \/><\/a><\/p>\n<p style=\"text-align: center;\"><strong><em>Em breve, o Estrat\u00e9gia Concursos deve lan\u00e7ar\u00a0cursos espec\u00edficos para este certame.<\/em><br \/>\n<a href=\"https:\/\/www.estrategiaconcursos.com.br\/cursosPorConcurso\/seduc-mt\/\" target=\"_blank\" rel=\"noopener\">CURSOS PARA CONCURSO SEDUC MT<br \/>\n<\/a><\/strong><\/p>\n<p style=\"text-align: center;\"><a href=\"https:\/\/www.estrategiaconcursos.com.br\/curso\/pacote-p-seduc-mt-todos-os-cargos-professor-com-videoaulas\/\"><strong>PACOTE p\/ PROFESSOR DE EDUCA\u00c7\u00c3O B\u00c1SICA SEDUC MT<\/strong><\/a><\/p>\n<p style=\"text-align: center;\"><a href=\"https:\/\/www.estrategiaconcursos.com.br\/curso\/pacote-p-seduc-mt-apoio-administrativo-com-videoaulas\/\"><strong>PACOTE p\/ APOIO ADMINISTRATIVO EDUCACIONAL SEDUC MT<\/strong><\/a><\/p>\n<p style=\"text-align: center;\"><a href=\"https:\/\/www.estrategiaconcursos.com.br\/curso\/pacote-completo-p-seduc-mt-tecnico-administrativo-educacional-com-videoaulas\/\"><strong>PACOTE p\/ T\u00c9CNICO ADMINISTRATIVO EDUCACIONAL SEDUC MT<\/strong><\/a><\/p>\n<p><span style=\"color: #000000;\"><strong>Confira tamb\u00e9m o artigo do professor Rodrigo Bandeira sobre o concurso SEDUC MT:\u00a0<a href=\"https:\/\/www.estrategiaconcursos.com.br\/blog\/concurso-seduc-mt-5-748-vagas-ibfc\/\" target=\"_blank\" rel=\"noopener\">Clique aqui!<\/a><\/strong><\/span><\/p>\n<p><span style=\"color: #000000;\">\u00a0<\/span><\/p>\n<h4><span style=\"color: #000000;\"><strong>\u2666Informa\u00e7\u00f5es do Pr\u00f3ximo Concurso<\/strong><\/span><\/h4>\n<p><span style=\"color: #000000;\">\u25baData prevista: 17, 24 de setembro e 01 de outubro<br \/>\n\u25baVagas: 5.748 vagas confirmadas<\/span><br \/>\n<em>\u2013 Professor da educa\u00e7\u00e3o b\u00e1sica \u2013 3.324 vagas<\/em><br \/>\n<em>\u2013 T\u00e9cnico Administrativo \u2013 928 vagas<\/em><br \/>\n<em>\u2013 Apoio Administrativo \u2013 1.496 vagas<\/em><br \/>\n<span style=\"color: #000000;\">\u25baLota\u00e7\u00f5es: Mato Grosso<br \/>\n\u25baRemunera\u00e7\u00e3o inicial: R$ 1.167,12 e R$ 3.640,34<br \/>\n\u25baBanca: IBFC<br \/>\n\u25baEdital:\u00a0<a href=\"https:\/\/www.estrategiaconcursos.com.br\/blog\/wp-content\/uploads\/2017\/05\/Edital-Concurso-Seduc-MT.pdf\">Edital Concurso Seduc MT<\/a><br \/>\n\u25baEscolaridade: N\u00edvel Superior,\u00a0M\u00e9dio e Fundamental<br \/>\n\u25baCursos Estrat\u00e9gia Concursos: <strong><a href=\"https:\/\/www.estrategiaconcursos.com.br\/cursosPorConcurso\/seduc-mt\/\" target=\"_blank\" rel=\"noopener\">CURSOS PARA CONCURSO SEDUC MT<\/a><\/strong><\/span><\/p>\n<p><span style=\"color: #000000;\"><em>Fernando Brito<\/em><br \/>\nAscom Estart\u00e9gia<br \/>\ncomunicacao@estrategiaconcursos.com.br<\/span><\/p>\n","protected":false},"excerpt":{"rendered":"<p>O concurso da Secretaria de Educa\u00e7\u00e3o, Esporte e Lazer do Estado do Mato Grosso (concurso Seduc MT) com a\u00a0oferta 5.748 vagas e oportunidades para a sele\u00e7\u00e3o de Professores, T\u00e9cnicos Administrativos Educacionais e Apoio Educacional, retificou o edital.\u00a0 \u00a0A retifica\u00e7\u00e3o que foi divulgada na p\u00e1gina da banca organizadora, IBFC, altera a data de prova do cargo [&hellip;]<\/p>\n","protected":false},"author":1,"featured_media":82693,"comment_status":"open","ping_status":"open","sticky":false,"template":"","format":"standard","meta":{"post_tipo":"news","footnotes":""},"categories":[1,3766],"tags":[2636],"tax_estado":[219976],"class_list":["post-67082","post","type-post","status-publish","format-standard","has-post-thumbnail","hentry","category-cursos-e-concursos","category-educacional","tag-concurso-seduc-mt","tax_estado-mt"],"acf":[],"yoast_head":"<!-- This site is optimized with the Yoast SEO Premium plugin v27.2 (Yoast SEO v27.2) - https:\/\/yoast.com\/product\/yoast-seo-premium-wordpress\/ -->\n<title>Concurso Seduc MT: Prova para T\u00e9cnico tem nova data!<\/title>\n<meta name=\"description\" content=\"Concurso SEDUC MT: mais de 5,7 mil vagas na Secretaria de Estado de Educa\u00e7\u00e3o de Mato Grosso. H\u00e1 oportunidades para todos os n\u00edveis. Confira!\" \/>\n<meta name=\"robots\" content=\"index, follow, max-snippet:-1, max-image-preview:large, max-video-preview:-1\" \/>\n<link rel=\"canonical\" href=\"https:\/\/www.estrategiaconcursos.com.br\/blog\/concursos-seduc-mt\/\" \/>\n<meta property=\"og:locale\" content=\"pt_BR\" \/>\n<meta property=\"og:type\" content=\"article\" \/>\n<meta property=\"og:title\" content=\"Concurso Seduc MT: Prova para T\u00e9cnico Administrativo Educacional tem nova data!\" \/>\n<meta property=\"og:description\" content=\"Concurso SEDUC MT: mais de 5,7 mil vagas na Secretaria de Estado de Educa\u00e7\u00e3o de Mato Grosso. H\u00e1 oportunidades para todos os n\u00edveis. Confira!\" \/>\n<meta property=\"og:url\" content=\"https:\/\/www.estrategiaconcursos.com.br\/blog\/concursos-seduc-mt\/\" \/>\n<meta property=\"og:site_name\" content=\"Estrat\u00e9gia Concursos\" \/>\n<meta property=\"article:author\" content=\"https:\/\/www.facebook.com\/EstrategiaConcursos\" \/>\n<meta property=\"article:published_time\" content=\"2017-08-29T12:00:15+00:00\" \/>\n<meta property=\"article:modified_time\" content=\"2022-11-24T15:44:32+00:00\" \/>\n<meta property=\"og:image\" content=\"https:\/\/dhg1h5j42swfq.cloudfront.net\/2017\/07\/26080058\/SEDUC-MT3.jpg\" \/>\n\t<meta property=\"og:image:width\" content=\"1200\" \/>\n\t<meta property=\"og:image:height\" content=\"628\" \/>\n\t<meta property=\"og:image:type\" content=\"image\/jpeg\" \/>\n<meta name=\"author\" content=\"Coordena\u00e7\u00e3o\" \/>\n<meta name=\"twitter:card\" content=\"summary_large_image\" \/>\n<meta name=\"twitter:creator\" content=\"@EstratConcursos\" \/>\n<meta name=\"twitter:site\" content=\"@EstratConcursos\" \/>\n<meta name=\"twitter:label1\" content=\"Escrito por\" \/>\n\t<meta name=\"twitter:data1\" content=\"Coordena\u00e7\u00e3o\" \/>\n\t<meta name=\"twitter:label2\" content=\"Est. tempo de leitura\" \/>\n\t<meta name=\"twitter:data2\" content=\"4 minutos\" \/>\n<script type=\"application\/ld+json\" class=\"yoast-schema-graph\">{\"@context\":\"https:\/\/schema.org\",\"@graph\":[{\"@type\":\"NewsArticle\",\"@id\":\"https:\/\/www.estrategiaconcursos.com.br\/blog\/concursos-seduc-mt\/#article\",\"isPartOf\":{\"@id\":\"https:\/\/www.estrategiaconcursos.com.br\/blog\/concursos-seduc-mt\/\"},\"author\":{\"name\":\"Coordena\u00e7\u00e3o\",\"@id\":\"https:\/\/www.estrategiaconcursos.com.br\/blog\/#\/schema\/person\/b4a388c97673c5f483d72185668afa1f\"},\"headline\":\"Concurso Seduc MT: Prova para T\u00e9cnico Administrativo Educacional tem nova data!\",\"datePublished\":\"2017-08-29T12:00:15+00:00\",\"dateModified\":\"2022-11-24T15:44:32+00:00\",\"mainEntityOfPage\":{\"@id\":\"https:\/\/www.estrategiaconcursos.com.br\/blog\/concursos-seduc-mt\/\"},\"wordCount\":640,\"commentCount\":12,\"publisher\":{\"@id\":\"https:\/\/www.estrategiaconcursos.com.br\/blog\/#organization\"},\"image\":{\"@id\":\"https:\/\/www.estrategiaconcursos.com.br\/blog\/concursos-seduc-mt\/#primaryimage\"},\"thumbnailUrl\":\"https:\/\/dhg1h5j42swfq.cloudfront.net\/2017\/07\/26080058\/SEDUC-MT3.jpg\",\"keywords\":[\"concurso seduc mt\"],\"articleSection\":[\"Concursos P\u00fablicos\",\"Educa\u00e7\u00e3o\"],\"inLanguage\":\"pt-BR\",\"potentialAction\":[{\"@type\":\"CommentAction\",\"name\":\"Comment\",\"target\":[\"https:\/\/www.estrategiaconcursos.com.br\/blog\/concursos-seduc-mt\/#respond\"]}],\"copyrightYear\":\"2017\",\"copyrightHolder\":{\"@id\":\"https:\/\/www.estrategiaconcursos.com.br\/blog\/#organization\"}},{\"@type\":\"WebPage\",\"@id\":\"https:\/\/www.estrategiaconcursos.com.br\/blog\/concursos-seduc-mt\/\",\"url\":\"https:\/\/www.estrategiaconcursos.com.br\/blog\/concursos-seduc-mt\/\",\"name\":\"Concurso Seduc MT: Prova para T\u00e9cnico tem nova data!\",\"isPartOf\":{\"@id\":\"https:\/\/www.estrategiaconcursos.com.br\/blog\/#website\"},\"primaryImageOfPage\":{\"@id\":\"https:\/\/www.estrategiaconcursos.com.br\/blog\/concursos-seduc-mt\/#primaryimage\"},\"image\":{\"@id\":\"https:\/\/www.estrategiaconcursos.com.br\/blog\/concursos-seduc-mt\/#primaryimage\"},\"thumbnailUrl\":\"https:\/\/dhg1h5j42swfq.cloudfront.net\/2017\/07\/26080058\/SEDUC-MT3.jpg\",\"datePublished\":\"2017-08-29T12:00:15+00:00\",\"dateModified\":\"2022-11-24T15:44:32+00:00\",\"description\":\"Concurso SEDUC MT: mais de 5,7 mil vagas na Secretaria de Estado de Educa\u00e7\u00e3o de Mato Grosso. H\u00e1 oportunidades para todos os n\u00edveis. Confira!\",\"breadcrumb\":{\"@id\":\"https:\/\/www.estrategiaconcursos.com.br\/blog\/concursos-seduc-mt\/#breadcrumb\"},\"inLanguage\":\"pt-BR\",\"potentialAction\":[{\"@type\":\"ReadAction\",\"target\":[\"https:\/\/www.estrategiaconcursos.com.br\/blog\/concursos-seduc-mt\/\"]}]},{\"@type\":\"ImageObject\",\"inLanguage\":\"pt-BR\",\"@id\":\"https:\/\/www.estrategiaconcursos.com.br\/blog\/concursos-seduc-mt\/#primaryimage\",\"url\":\"https:\/\/dhg1h5j42swfq.cloudfront.net\/2017\/07\/26080058\/SEDUC-MT3.jpg\",\"contentUrl\":\"https:\/\/dhg1h5j42swfq.cloudfront.net\/2017\/07\/26080058\/SEDUC-MT3.jpg\",\"width\":1200,\"height\":628,\"caption\":\"Concurso Seduc MT\"},{\"@type\":\"BreadcrumbList\",\"@id\":\"https:\/\/www.estrategiaconcursos.com.br\/blog\/concursos-seduc-mt\/#breadcrumb\",\"itemListElement\":[{\"@type\":\"ListItem\",\"position\":1,\"name\":\"In\u00edcio\",\"item\":\"https:\/\/www.estrategiaconcursos.com.br\/blog\/\"},{\"@type\":\"ListItem\",\"position\":2,\"name\":\"Concurso Seduc MT: Prova para T\u00e9cnico Administrativo Educacional tem nova data!\"}]},{\"@type\":\"WebSite\",\"@id\":\"https:\/\/www.estrategiaconcursos.com.br\/blog\/#website\",\"url\":\"https:\/\/www.estrategiaconcursos.com.br\/blog\/\",\"name\":\"Estrat\u00e9gia Concursos\",\"description\":\"O blog da Estrat\u00e9gia Concursos traz not\u00edcias sobre concursos e artigos de professores oferecendo cursos para concursos (pdf + videaulas) no site.\",\"publisher\":{\"@id\":\"https:\/\/www.estrategiaconcursos.com.br\/blog\/#organization\"},\"potentialAction\":[{\"@type\":\"SearchAction\",\"target\":{\"@type\":\"EntryPoint\",\"urlTemplate\":\"https:\/\/www.estrategiaconcursos.com.br\/blog\/?s={search_term_string}\"},\"query-input\":{\"@type\":\"PropertyValueSpecification\",\"valueRequired\":true,\"valueName\":\"search_term_string\"}}],\"inLanguage\":\"pt-BR\"},{\"@type\":\"Organization\",\"@id\":\"https:\/\/www.estrategiaconcursos.com.br\/blog\/#organization\",\"name\":\"Estrat\u00e9gia Concursos\",\"url\":\"https:\/\/www.estrategiaconcursos.com.br\/blog\/\",\"logo\":{\"@type\":\"ImageObject\",\"inLanguage\":\"pt-BR\",\"@id\":\"https:\/\/www.estrategiaconcursos.com.br\/blog\/#\/schema\/logo\/image\/\",\"url\":\"https:\/\/dhg1h5j42swfq.cloudfront.net\/2025\/06\/03203428\/logo_concursos-1.jpg\",\"contentUrl\":\"https:\/\/dhg1h5j42swfq.cloudfront.net\/2025\/06\/03203428\/logo_concursos-1.jpg\",\"width\":230,\"height\":60,\"caption\":\"Estrat\u00e9gia Concursos\"},\"image\":{\"@id\":\"https:\/\/www.estrategiaconcursos.com.br\/blog\/#\/schema\/logo\/image\/\"},\"sameAs\":[\"https:\/\/x.com\/EstratConcursos\"]},{\"@type\":\"Person\",\"@id\":\"https:\/\/www.estrategiaconcursos.com.br\/blog\/#\/schema\/person\/b4a388c97673c5f483d72185668afa1f\",\"name\":\"Coordena\u00e7\u00e3o\",\"image\":{\"@type\":\"ImageObject\",\"inLanguage\":\"pt-BR\",\"@id\":\"https:\/\/secure.gravatar.com\/avatar\/b720319e4c9a967eb58678d110f4fe35452fc5d5f97b202bac7b8acceb18c6ad?s=96&d=mm&r=g\",\"url\":\"https:\/\/secure.gravatar.com\/avatar\/b720319e4c9a967eb58678d110f4fe35452fc5d5f97b202bac7b8acceb18c6ad?s=96&d=mm&r=g\",\"contentUrl\":\"https:\/\/secure.gravatar.com\/avatar\/b720319e4c9a967eb58678d110f4fe35452fc5d5f97b202bac7b8acceb18c6ad?s=96&d=mm&r=g\",\"caption\":\"Coordena\u00e7\u00e3o\"},\"sameAs\":[\"https:\/\/www.facebook.com\/EstrategiaConcursos\",\"https:\/\/x.com\/EstratConcursos\"],\"url\":\"https:\/\/www.estrategiaconcursos.com.br\/blog\/author\/estrategia2013\/\"}]}<\/script>\n<!-- \/ Yoast SEO Premium plugin. -->","yoast_head_json":{"title":"Concurso Seduc MT: Prova para T\u00e9cnico tem nova data!","description":"Concurso SEDUC MT: mais de 5,7 mil vagas na Secretaria de Estado de Educa\u00e7\u00e3o de Mato Grosso. H\u00e1 oportunidades para todos os n\u00edveis. Confira!","robots":{"index":"index","follow":"follow","max-snippet":"max-snippet:-1","max-image-preview":"max-image-preview:large","max-video-preview":"max-video-preview:-1"},"canonical":"https:\/\/www.estrategiaconcursos.com.br\/blog\/concursos-seduc-mt\/","og_locale":"pt_BR","og_type":"article","og_title":"Concurso Seduc MT: Prova para T\u00e9cnico Administrativo Educacional tem nova data!","og_description":"Concurso SEDUC MT: mais de 5,7 mil vagas na Secretaria de Estado de Educa\u00e7\u00e3o de Mato Grosso. H\u00e1 oportunidades para todos os n\u00edveis. Confira!","og_url":"https:\/\/www.estrategiaconcursos.com.br\/blog\/concursos-seduc-mt\/","og_site_name":"Estrat\u00e9gia Concursos","article_author":"https:\/\/www.facebook.com\/EstrategiaConcursos","article_published_time":"2017-08-29T12:00:15+00:00","article_modified_time":"2022-11-24T15:44:32+00:00","og_image":[{"width":1200,"height":628,"url":"https:\/\/dhg1h5j42swfq.cloudfront.net\/2017\/07\/26080058\/SEDUC-MT3.jpg","type":"image\/jpeg"}],"author":"Coordena\u00e7\u00e3o","twitter_card":"summary_large_image","twitter_creator":"@EstratConcursos","twitter_site":"@EstratConcursos","twitter_misc":{"Escrito por":"Coordena\u00e7\u00e3o","Est. tempo de leitura":"4 minutos"},"schema":{"@context":"https:\/\/schema.org","@graph":[{"@type":"NewsArticle","@id":"https:\/\/www.estrategiaconcursos.com.br\/blog\/concursos-seduc-mt\/#article","isPartOf":{"@id":"https:\/\/www.estrategiaconcursos.com.br\/blog\/concursos-seduc-mt\/"},"author":{"name":"Coordena\u00e7\u00e3o","@id":"https:\/\/www.estrategiaconcursos.com.br\/blog\/#\/schema\/person\/b4a388c97673c5f483d72185668afa1f"},"headline":"Concurso Seduc MT: Prova para T\u00e9cnico Administrativo Educacional tem nova data!","datePublished":"2017-08-29T12:00:15+00:00","dateModified":"2022-11-24T15:44:32+00:00","mainEntityOfPage":{"@id":"https:\/\/www.estrategiaconcursos.com.br\/blog\/concursos-seduc-mt\/"},"wordCount":640,"commentCount":12,"publisher":{"@id":"https:\/\/www.estrategiaconcursos.com.br\/blog\/#organization"},"image":{"@id":"https:\/\/www.estrategiaconcursos.com.br\/blog\/concursos-seduc-mt\/#primaryimage"},"thumbnailUrl":"https:\/\/dhg1h5j42swfq.cloudfront.net\/2017\/07\/26080058\/SEDUC-MT3.jpg","keywords":["concurso seduc mt"],"articleSection":["Concursos P\u00fablicos","Educa\u00e7\u00e3o"],"inLanguage":"pt-BR","potentialAction":[{"@type":"CommentAction","name":"Comment","target":["https:\/\/www.estrategiaconcursos.com.br\/blog\/concursos-seduc-mt\/#respond"]}],"copyrightYear":"2017","copyrightHolder":{"@id":"https:\/\/www.estrategiaconcursos.com.br\/blog\/#organization"}},{"@type":"WebPage","@id":"https:\/\/www.estrategiaconcursos.com.br\/blog\/concursos-seduc-mt\/","url":"https:\/\/www.estrategiaconcursos.com.br\/blog\/concursos-seduc-mt\/","name":"Concurso Seduc MT: Prova para T\u00e9cnico tem nova data!","isPartOf":{"@id":"https:\/\/www.estrategiaconcursos.com.br\/blog\/#website"},"primaryImageOfPage":{"@id":"https:\/\/www.estrategiaconcursos.com.br\/blog\/concursos-seduc-mt\/#primaryimage"},"image":{"@id":"https:\/\/www.estrategiaconcursos.com.br\/blog\/concursos-seduc-mt\/#primaryimage"},"thumbnailUrl":"https:\/\/dhg1h5j42swfq.cloudfront.net\/2017\/07\/26080058\/SEDUC-MT3.jpg","datePublished":"2017-08-29T12:00:15+00:00","dateModified":"2022-11-24T15:44:32+00:00","description":"Concurso SEDUC MT: mais de 5,7 mil vagas na Secretaria de Estado de Educa\u00e7\u00e3o de Mato Grosso. H\u00e1 oportunidades para todos os n\u00edveis. Confira!","breadcrumb":{"@id":"https:\/\/www.estrategiaconcursos.com.br\/blog\/concursos-seduc-mt\/#breadcrumb"},"inLanguage":"pt-BR","potentialAction":[{"@type":"ReadAction","target":["https:\/\/www.estrategiaconcursos.com.br\/blog\/concursos-seduc-mt\/"]}]},{"@type":"ImageObject","inLanguage":"pt-BR","@id":"https:\/\/www.estrategiaconcursos.com.br\/blog\/concursos-seduc-mt\/#primaryimage","url":"https:\/\/dhg1h5j42swfq.cloudfront.net\/2017\/07\/26080058\/SEDUC-MT3.jpg","contentUrl":"https:\/\/dhg1h5j42swfq.cloudfront.net\/2017\/07\/26080058\/SEDUC-MT3.jpg","width":1200,"height":628,"caption":"Concurso Seduc MT"},{"@type":"BreadcrumbList","@id":"https:\/\/www.estrategiaconcursos.com.br\/blog\/concursos-seduc-mt\/#breadcrumb","itemListElement":[{"@type":"ListItem","position":1,"name":"In\u00edcio","item":"https:\/\/www.estrategiaconcursos.com.br\/blog\/"},{"@type":"ListItem","position":2,"name":"Concurso Seduc MT: Prova para T\u00e9cnico Administrativo Educacional tem nova data!"}]},{"@type":"WebSite","@id":"https:\/\/www.estrategiaconcursos.com.br\/blog\/#website","url":"https:\/\/www.estrategiaconcursos.com.br\/blog\/","name":"Estrat\u00e9gia Concursos","description":"O blog da Estrat\u00e9gia Concursos traz not\u00edcias sobre concursos e artigos de professores oferecendo cursos para concursos (pdf + videaulas) no site.","publisher":{"@id":"https:\/\/www.estrategiaconcursos.com.br\/blog\/#organization"},"potentialAction":[{"@type":"SearchAction","target":{"@type":"EntryPoint","urlTemplate":"https:\/\/www.estrategiaconcursos.com.br\/blog\/?s={search_term_string}"},"query-input":{"@type":"PropertyValueSpecification","valueRequired":true,"valueName":"search_term_string"}}],"inLanguage":"pt-BR"},{"@type":"Organization","@id":"https:\/\/www.estrategiaconcursos.com.br\/blog\/#organization","name":"Estrat\u00e9gia Concursos","url":"https:\/\/www.estrategiaconcursos.com.br\/blog\/","logo":{"@type":"ImageObject","inLanguage":"pt-BR","@id":"https:\/\/www.estrategiaconcursos.com.br\/blog\/#\/schema\/logo\/image\/","url":"https:\/\/dhg1h5j42swfq.cloudfront.net\/2025\/06\/03203428\/logo_concursos-1.jpg","contentUrl":"https:\/\/dhg1h5j42swfq.cloudfront.net\/2025\/06\/03203428\/logo_concursos-1.jpg","width":230,"height":60,"caption":"Estrat\u00e9gia Concursos"},"image":{"@id":"https:\/\/www.estrategiaconcursos.com.br\/blog\/#\/schema\/logo\/image\/"},"sameAs":["https:\/\/x.com\/EstratConcursos"]},{"@type":"Person","@id":"https:\/\/www.estrategiaconcursos.com.br\/blog\/#\/schema\/person\/b4a388c97673c5f483d72185668afa1f","name":"Coordena\u00e7\u00e3o","image":{"@type":"ImageObject","inLanguage":"pt-BR","@id":"https:\/\/secure.gravatar.com\/avatar\/b720319e4c9a967eb58678d110f4fe35452fc5d5f97b202bac7b8acceb18c6ad?s=96&d=mm&r=g","url":"https:\/\/secure.gravatar.com\/avatar\/b720319e4c9a967eb58678d110f4fe35452fc5d5f97b202bac7b8acceb18c6ad?s=96&d=mm&r=g","contentUrl":"https:\/\/secure.gravatar.com\/avatar\/b720319e4c9a967eb58678d110f4fe35452fc5d5f97b202bac7b8acceb18c6ad?s=96&d=mm&r=g","caption":"Coordena\u00e7\u00e3o"},"sameAs":["https:\/\/www.facebook.com\/EstrategiaConcursos","https:\/\/x.com\/EstratConcursos"],"url":"https:\/\/www.estrategiaconcursos.com.br\/blog\/author\/estrategia2013\/"}]}},"_links":{"self":[{"href":"https:\/\/www.estrategiaconcursos.com.br\/blog\/wp-json\/wp\/v2\/posts\/67082","targetHints":{"allow":["GET"]}}],"collection":[{"href":"https:\/\/www.estrategiaconcursos.com.br\/blog\/wp-json\/wp\/v2\/posts"}],"about":[{"href":"https:\/\/www.estrategiaconcursos.com.br\/blog\/wp-json\/wp\/v2\/types\/post"}],"author":[{"embeddable":true,"href":"https:\/\/www.estrategiaconcursos.com.br\/blog\/wp-json\/wp\/v2\/users\/1"}],"replies":[{"embeddable":true,"href":"https:\/\/www.estrategiaconcursos.com.br\/blog\/wp-json\/wp\/v2\/comments?post=67082"}],"version-history":[{"count":48,"href":"https:\/\/www.estrategiaconcursos.com.br\/blog\/wp-json\/wp\/v2\/posts\/67082\/revisions"}],"predecessor-version":[{"id":1129033,"href":"https:\/\/www.estrategiaconcursos.com.br\/blog\/wp-json\/wp\/v2\/posts\/67082\/revisions\/1129033"}],"wp:featuredmedia":[{"embeddable":true,"href":"https:\/\/www.estrategiaconcursos.com.br\/blog\/wp-json\/wp\/v2\/media\/82693"}],"wp:attachment":[{"href":"https:\/\/www.estrategiaconcursos.com.br\/blog\/wp-json\/wp\/v2\/media?parent=67082"}],"wp:term":[{"taxonomy":"category","embeddable":true,"href":"https:\/\/www.estrategiaconcursos.com.br\/blog\/wp-json\/wp\/v2\/categories?post=67082"},{"taxonomy":"post_tag","embeddable":true,"href":"https:\/\/www.estrategiaconcursos.com.br\/blog\/wp-json\/wp\/v2\/tags?post=67082"},{"taxonomy":"tax_estado","embeddable":true,"href":"https:\/\/www.estrategiaconcursos.com.br\/blog\/wp-json\/wp\/v2\/tax_estado?post=67082"}],"curies":[{"name":"wp","href":"https:\/\/api.w.org\/{rel}","templated":true}]}}