{"id":67073,"date":"2017-03-14T14:34:01","date_gmt":"2017-03-14T17:34:01","guid":{"rendered":"https:\/\/www.estrategiaconcursos.com.br\/blog\/?p=67073"},"modified":"2017-03-16T10:59:48","modified_gmt":"2017-03-16T13:59:48","slug":"comentarios-prova-de-direito-civil-trf-2a-regiao-ajoaf-e-ajaj","status":"publish","type":"post","link":"https:\/\/www.estrategiaconcursos.com.br\/blog\/comentarios-prova-de-direito-civil-trf-2a-regiao-ajoaf-e-ajaj\/","title":{"rendered":"Coment\u00e1rios \u00e0 Prova de Direito Civil &#8211; TRF 2\u00aa Regi\u00e3o (AJOAF e AJAJ)"},"content":{"rendered":"<p style=\"text-align: justify\">\n\tOi amigos! Tudo bem com voc&ecirc;s?\n<\/p>\n<p style=\"text-align: justify\">\n\tHoje trago as quest&otilde;es de Direito Civil do concurso para o TRF 2&ordf; Regi&atilde;o, para os cargos de Analista Judici&aacute;rio e Analista Judici&aacute;rio Oficial de Justi&ccedil;a Avaliador Federal. Foi uma prova muito tranquila, n&atilde;o vislumbro a possibilidade de recurso.&nbsp;\n<\/p>\n<p style=\"text-align: justify\">\n\tVamos l&aacute;! Coragem!\n<\/p>\n<p style=\"text-align: justify\">\n\tJo&atilde;o, propriet&aacute;rio de uma casa situada na cidade de Belo Horizonte, celebra um contrato de loca&ccedil;&atilde;o do referido im&oacute;vel residencial urbano com M&aacute;rio, o qual figura na rela&ccedil;&atilde;o jur&iacute;dica na qualidade de locat&aacute;rio. Posteriormente, durante a vig&ecirc;ncia do contrato, a queda de um raio atinge o quadro de distribui&ccedil;&atilde;o de energia el&eacute;trica da casa, ensejando um inc&ecirc;ndio que destr&oacute;i completamente o im&oacute;vel.&nbsp;Conforme as regras contidas no C&oacute;digo Civil de 2002, assinale a alternativa correta.\n<\/p>\n<p style=\"text-align: justify\">\n\tA) Ainda que se trate de caso fortuito ou for&ccedil;a maior, Jo&atilde;o poder&aacute; pleitear de M&aacute;rio, que estava na posse do bem, os valores referentes aos alugu&eacute;is vencidos e n&atilde;o pagos at&eacute; o evento danoso, resolvendo-se o contrato locat&iacute;cio.\n<\/p>\n<p style=\"text-align: justify\">\n\tB) Aplicar-se-&aacute; a m&aacute;xima da res perit domino, ou seja, a coisa perece para o dono. Como M&aacute;rio encontrava-se na posse direta do bem, dever&aacute; suportar os &ocirc;nus resultantes da destrui&ccedil;&atilde;o da casa, ressarcindo todos os preju&iacute;zos suportados por Jo&atilde;o.\n<\/p>\n<p style=\"text-align: justify\">\n\tC) Cuida-se de hip&oacute;tese de solidariedade legal entre o locador e o locat&aacute;rio, de modo que ambos dever&atilde;o responder, na mesma medida, pelas perdas e danos resultantes do desastre natural. Saliente-se que M&aacute;rio poder&aacute; descontar do montante devido os valores j&aacute; pagos a t&iacute;tulo de aluguel.\n<\/p>\n<p style=\"text-align: justify\">\n\tD) Jo&atilde;o, na qualidade de propriet&aacute;rio e locador do im&oacute;vel, n&atilde;o poderia pleitear de M&aacute;rio um novo im&oacute;vel ou seu valor correspondente, mas, com base nos princ&iacute;pios da solidariedade, da eticidade e da boa-f&eacute; objetiva que regem o Direito Civil contempor&acirc;neo, dever&aacute; ser ressarcido a t&iacute;tulo de perdas e danos pelos preju&iacute;zos sofridos.\n<\/p>\n<p style=\"text-align: justify\">\n\t<strong>Coment&aacute;rio:<\/strong>\n<\/p>\n<p style=\"text-align: justify\">\n\t<em>Art. 393. O devedor n&atilde;o responde pelos preju&iacute;zos resultantes de caso fortuito ou for&ccedil;a maior, se expressamente n&atilde;o se houver por eles responsabilizado.<\/em>\n<\/p>\n<p style=\"text-align: justify\">\n\t<em>Art. 567. Se, durante a loca&ccedil;&atilde;o, se deteriorar a coisa alugada, sem culpa do locat&aacute;rio, a este caber&aacute; pedir redu&ccedil;&atilde;o proporcional do aluguel, ou resolver o contrato, caso j&aacute; n&atilde;o sirva a coisa para o fim a que se destinava.<\/em>\n<\/p>\n<p style=\"text-align: justify\">\n\t<em>Art. 569. O locat&aacute;rio &eacute; obrigado:<\/em>\n<\/p>\n<p style=\"text-align: justify\">\n\t<em>II &#8211; a pagar pontualmente o aluguel nos prazos ajustados, e, em falta de ajuste, segundo o costume do lugar;<\/em>\n<\/p>\n<p style=\"text-align: justify\">\n\tGabarito letra A.\n<\/p>\n<p>\n\t&nbsp;\n<\/p>\n<p style=\"text-align: justify\">\n\tAcerca das pessoas naturais, analise as afirmativas que seguem:\n<\/p>\n<p style=\"text-align: justify\">\n\tI. A pessoa com defici&ecirc;ncia poder&aacute; testemunhar em igualdade de condi&ccedil;&otilde;es com as demais pessoas.\n<\/p>\n<p style=\"text-align: justify\">\n\tII. S&atilde;o absolutamente incapazes aqueles que, por causa permanente, n&atilde;o puderem exprimir sua vontade.\n<\/p>\n<p style=\"text-align: justify\">\n\tIII. S&atilde;o incapazes, relativamente a certos atos ou &agrave; maneira de os exercer, os &eacute;brios habituais, os viciados em t&oacute;xico e os que, por defici&ecirc;ncia mental, tenham o discernimento reduzido.\n<\/p>\n<p style=\"text-align: justify\">\n\tEst&atilde;o corretas as afirmativas:\n<\/p>\n<p>\n\tA) I, apenas.\n<\/p>\n<p>\n\tB) I e II, apenas.\n<\/p>\n<p>\n\tC) II e III, apenas.\n<\/p>\n<p>\n\tD) I, II, III.\n<\/p>\n<p>\n\t<strong>Coment&aacute;rio:<\/strong>\n<\/p>\n<p style=\"text-align: justify\">\n\tAfirmativa I &ndash; correta.\n<\/p>\n<p style=\"text-align: justify\">\n\t<em>Art. 228. <\/em><em>&sect; 2&ordm;.&nbsp; A pessoa com defici&ecirc;ncia poder&aacute; testemunhar em igualdade de condi&ccedil;&otilde;es com as demais pessoas, sendo-lhe assegurados todos os recursos de tecnologia assistiva.<\/em>\n<\/p>\n<p style=\"text-align: justify\">\n\tAfirmativa II &ndash; errada.\n<\/p>\n<p style=\"text-align: justify\">\n\t<em>Art. 3&ordm;. S&atilde;o absolutamente incapazes de exercer pessoalmente os atos da vida civil os menores de 16 (dezesseis) anos.&nbsp;&nbsp;&nbsp;&nbsp; <\/em>\n<\/p>\n<p style=\"text-align: justify\">\n\tAfirmativa III &ndash; errada.\n<\/p>\n<p>\n\t<em>Art. 4&ordm;.&nbsp; S&atilde;o incapazes, relativamente a certos atos ou &agrave; maneira de os exercer:&nbsp;&nbsp;&nbsp;&nbsp;&nbsp;&nbsp;&nbsp;&nbsp;&nbsp;&nbsp;&nbsp;&nbsp; <\/em>\n<\/p>\n<p>\n\t<em>I &#8211; os maiores de dezesseis e menores de dezoito anos;<\/em>\n<\/p>\n<p>\n\t<em>II &#8211; os &eacute;brios habituais e os viciados em t&oacute;xico;&nbsp;&nbsp;&nbsp;&nbsp;&nbsp;&nbsp;&nbsp;&nbsp; <\/em>\n<\/p>\n<p>\n\t<em>III &#8211; aqueles que, por causa transit&oacute;ria ou permanente, n&atilde;o puderem exprimir sua vontade;&nbsp;&nbsp;&nbsp;&nbsp;&nbsp;&nbsp;&nbsp;&nbsp;&nbsp; <\/em>\n<\/p>\n<p>\n\t<em>IV &#8211; os pr&oacute;digos.<\/em>\n<\/p>\n<p>\n\tGabarito letra A.\n<\/p>\n<p>\n\t&nbsp;\n<\/p>\n<p>\n\t<em><u>AJ &ndash; Oficial de Justi&ccedil;a Avaliador Federal<\/u><\/em>\n<\/p>\n<p style=\"text-align: justify\">\n\tEm linhas gerais, a fian&ccedil;a &eacute; o contrato pelo qual algu&eacute;m, o fiador, garante satisfazer ao credor uma obriga&ccedil;&atilde;o assumida pelo devedor, caso este n&atilde;o a cumpra. Sobre o contrato de fian&ccedil;a, &eacute; correto afirmar que:\n<\/p>\n<p style=\"text-align: justify\">\n\tA) As d&iacute;vidas futuras n&atilde;o podem ser objeto de fian&ccedil;a.\n<\/p>\n<p style=\"text-align: justify\">\n\tB) A fian&ccedil;a pode ser estipulada ainda que sem o consentimento do devedor, ou at&eacute; mesmo contra sua vontade.\n<\/p>\n<p style=\"text-align: justify\">\n\tC) O C&oacute;digo Civil de 2002 estabelece, como regra geral, a solidariedade legal entre o fiador e o devedor principal.\n<\/p>\n<p style=\"text-align: justify\">\n\tD) Em conson&acirc;ncia com o princ&iacute;pio da instrumentalidade das formas, admite-se que a fian&ccedil;a seja pactuada de forma escrita ou verbal, sendo ainda poss&iacute;vel sua interpreta&ccedil;&atilde;o extensiva.\n<\/p>\n<p style=\"text-align: justify\">\n\t<strong>Coment&aacute;rio:<\/strong>\n<\/p>\n<p style=\"text-align: justify\">\n\tAlternativa &ldquo;a&rdquo; &ndash; errada.\n<\/p>\n<p style=\"text-align: justify\">\n\t<em>Art. 821. As <u>d&iacute;vidas futuras podem ser objeto de fian&ccedil;a<\/u>; mas o fiador, neste caso, n&atilde;o ser&aacute; demandado sen&atilde;o depois que se fizer certa e l&iacute;quida a obriga&ccedil;&atilde;o do principal devedor.<\/em>\n<\/p>\n<p style=\"text-align: justify\">\n\tAlternativa &ldquo;b&rdquo; &ndash; correta.\n<\/p>\n<p style=\"text-align: justify\">\n\t<em>Art. 820. Pode-se estipular a fian&ccedil;a, ainda que sem consentimento do devedor ou contra a sua vontade.<\/em>\n<\/p>\n<p style=\"text-align: justify\">\n\tAlternativa &ldquo;c&rdquo; &ndash; errada.\n<\/p>\n<p style=\"text-align: justify\">\n\t<em>STJ &#8211; AGRAVO REGIMENTAL NO AGRAVO REGIMENTAL NO AGRAVO DE INSTRUMENTO AgRg no AgRg no Ag 615421 MG 2004\/0087301-5 (STJ)<\/em>\n<\/p>\n<p>\n\t<em>Data de publica&ccedil;&atilde;o: 24\/04\/2006<\/em>\n<\/p>\n<p style=\"text-align: justify\">\n\t<em>Ementa: AGRAVO REGIMENTAL EM AGRAVO DE INSTRUMENTO. PROCESSUAL CIVIL. LOCA&Ccedil;&Atilde;O. VIOLA&Ccedil;&Atilde;O AO ART. 458 DO CPC . <strong>INEXIST&Ecirc;NCIA. FIAN&Ccedil;A. SOLIDARIEDADE ENTRE O FIADOR E O AFIAN&Ccedil;ADO<\/strong>. AFERI&Ccedil;&Atilde;O. EXAME DE CL&Aacute;USULA CONTRATUAL. IMPOSSIBILIDADE. S&Uacute;MULA 5\/STJ. DISS&Iacute;DIO JURISPRUDENCIAL N&Atilde;O-CARACTERIZADO. AUS&Ecirc;NCIA DE SIMILITUDE F&Aacute;TICA ENTRE O AC&Oacute;RD&Atilde;O RECORRIDO E OS PARADIGMAS. AGRAVO REGIMENTAL IMPROVIDO. 1. &Eacute; firme a jurisprud&ecirc;ncia do Superior Tribunal de Justi&ccedil;a no sentido de que n&atilde;o h&aacute; falar em ofensa ao art. 458 do CPC quanto o Tribunal de origem pronuncia-se de forma clara e precisa sobre a quest&atilde;o posta nos autos, n&atilde;o estando o magistrado obrigado a rebater, um a um, os argumentos trazidos pela parte, desde que os fundamentos utilizados tenham sido suficientes para embasar a decis&atilde;o. 2. &quot;A simples interpreta&ccedil;&atilde;o de cl&aacute;usula contratual n&atilde;o enseja recurso especial&quot; (S&uacute;mula 5\/STJ). 3. Hip&oacute;tese em que o Tribunal a quo, com base no conjunto probat&oacute;rio dos autos, entendeu pela exist&ecirc;ncia de cl&aacute;usula de solidariedade entre a parte agravante e o devedor principal. 4. Diss&iacute;dio jurisprudencial n&atilde;o-comprovado. 5. Agravo regimental improvido<\/em>\n<\/p>\n<p style=\"text-align: justify\">\n\tAlternativa &ldquo;d&rdquo; &ndash; errada.\n<\/p>\n<p style=\"text-align: justify\">\n\t<em>Art. 819. <u>A fian&ccedil;a dar-se-&aacute; por escrito<\/u>, e n&atilde;o admite interpreta&ccedil;&atilde;o extensiva.<\/em>\n<\/p>\n<p style=\"text-align: justify\">\n\tGabarito letra B.\n<\/p>\n<p>\n\t&nbsp;\n<\/p>\n<p style=\"text-align: justify\">\n\tA responsabilidade civil consiste na obriga&ccedil;&atilde;o de reparar o dano que adv&eacute;m do descumprimento obrigacional, da desobedi&ecirc;ncia de uma regra restabelecida em contrato ou da inobserv&acirc;ncia de um preceito normativo que regula a vida. Com rela&ccedil;&atilde;o ao tema, analise afirmativas a seguir.\n<\/p>\n<p style=\"text-align: justify\">\n\tI. A origem do abuso de direito est&aacute; vinculada &agrave; teoria dos atos emulativos. Conforme previsto pelo C&oacute;digo Civil de 2002, o titular de um direito que, ao exerc&ecirc;-lo, excede manifestamente os limites impostos pelo seu fim econ&ocirc;mico ou social, pela boa-f&eacute; ou pelos bons costumes, comete ato il&iacute;cito.\n<\/p>\n<p style=\"text-align: justify\">\n\tII. Pelo princ&iacute;pio da independ&ecirc;ncia absoluta entre as inst&acirc;ncias c&iacute;vel e penal, a decis&atilde;o proferida pelo ju&iacute;zo criminal n&atilde;o produz qualquer efeito sobre o processo posteriormente instaurado para apurar a responsabilidade civil sobre o mesmo fato.\n<\/p>\n<p style=\"text-align: justify\">\n\tIII. Aquele que habitar um pr&eacute;dio, ou parte dele, responde pelo dano proveniente das coisas que dele ca&iacute;rem ou forem lan&ccedil;adas em lugar indevido. Caso, posteriormente, se identifique o eventual culpado, fica assegurado o direito de regresso aos demais moradores.\n<\/p>\n<p style=\"text-align: justify\">\n\tEst&atilde;o corretas as afirmativas\n<\/p>\n<p style=\"text-align: justify\">\n\tA) I, II e III.\n<\/p>\n<p>\n\tB) I e II, apenas.\n<\/p>\n<p>\n\tC) I e III, apenas.\n<\/p>\n<p>\n\tD) II e III, apenas.\n<\/p>\n<p>\n\t<strong>Coment&aacute;rio:<\/strong>\n<\/p>\n<p style=\"text-align: justify\">\n\tAfirmativa I &ndash; correta.\n<\/p>\n<p style=\"text-align: justify\">\n\t<em>Art. 187. Tamb&eacute;m comete ato il&iacute;cito o titular de um direito que, ao exerc&ecirc;-lo, excede manifestamente os limites impostos pelo seu fim econ&ocirc;mico ou social, pela boa-f&eacute; ou pelos bons costumes.<\/em>\n<\/p>\n<p style=\"text-align: justify\">\n\tAfirmativa II &ndash; errada.\n<\/p>\n<p style=\"text-align: justify\">\n\t<em>Art. 935. A responsabilidade civil &eacute; independente da criminal, n&atilde;o se podendo questionar mais sobre a exist&ecirc;ncia do fato, ou sobre quem seja o seu autor, quando estas quest&otilde;es se acharem decididas no ju&iacute;zo criminal.<\/em>\n<\/p>\n<p style=\"text-align: justify\">\n\tAfirmativa III &ndash; correta.\n<\/p>\n<p style=\"text-align: justify\">\n\t<em>Art. 938. Aquele que habitar pr&eacute;dio, ou parte dele, responde pelo dano proveniente das coisas que dele ca&iacute;rem ou forem lan&ccedil;adas em lugar indevido.<\/em>\n<\/p>\n<p style=\"text-align: justify\">\n\tEnunciado 557 da VI Jornada de Direito Civil: <em>Nos termos do art. 938 do CC, se a coisa cair ou for lan&ccedil;ada de condom&iacute;nio edil&iacute;cio, n&atilde;o sendo poss&iacute;vel identificar de qual unidade, responder&aacute; o condom&iacute;nio, assegurado o direito de regresso.<\/em>\n<\/p>\n<p style=\"text-align: justify\">\n\tGabarito letra C.\n<\/p>\n<p style=\"text-align: justify\">\n\t&nbsp;\n<\/p>\n<p style=\"text-align: justify\">\n\tPor hoje era isso! Espero que voc&ecirc; tenha feito uma excelente prova!\n<\/p>\n<p style=\"text-align: justify\">\n\tMas, se isso n&atilde;o aconteceu, n&atilde;o desanime. Tudo vira aprendizado e experi&ecirc;ncia. Coragem!\n<\/p>\n<p style=\"text-align: justify\">\n\tAbra&ccedil;os,\n<\/p>\n<p style=\"text-align: justify\">\n\tAline Baptista Santiago<\/p>\n","protected":false},"excerpt":{"rendered":"<p>Oi amigos! Tudo bem com voc&ecirc;s? Hoje trago as quest&otilde;es de Direito Civil do concurso para o TRF 2&ordf; Regi&atilde;o, para os cargos de Analista Judici&aacute;rio e Analista Judici&aacute;rio Oficial de Justi&ccedil;a Avaliador Federal. Foi uma prova muito tranquila, n&atilde;o vislumbro a possibilidade de recurso.&nbsp; Vamos l&aacute;! Coragem! Jo&atilde;o, propriet&aacute;rio de uma casa situada na [&hellip;]<\/p>\n","protected":false},"author":57,"featured_media":0,"comment_status":"open","ping_status":"open","sticky":false,"template":"","format":"standard","meta":{"post_tipo":"article","footnotes":""},"categories":[1,1984],"tags":[1294],"tax_estado":[],"class_list":["post-67073","post","type-post","status-publish","format-standard","hentry","category-cursos-e-concursos","category-tribunais","tag-trf-2"],"acf":[],"yoast_head":"<!-- This site is optimized with the Yoast SEO Premium plugin v27.2 (Yoast SEO v27.2) - https:\/\/yoast.com\/product\/yoast-seo-premium-wordpress\/ -->\n<title>Coment\u00e1rios \u00e0 Prova de Direito Civil - TRF 2\u00aa Regi\u00e3o (AJOAF e AJAJ)<\/title>\n<meta name=\"robots\" content=\"index, follow, max-snippet:-1, max-image-preview:large, max-video-preview:-1\" \/>\n<link rel=\"canonical\" href=\"https:\/\/www.estrategiaconcursos.com.br\/blog\/comentarios-prova-de-direito-civil-trf-2a-regiao-ajoaf-e-ajaj\/\" \/>\n<meta property=\"og:locale\" content=\"pt_BR\" \/>\n<meta property=\"og:type\" content=\"article\" \/>\n<meta property=\"og:title\" content=\"Coment\u00e1rios \u00e0 Prova de Direito Civil - TRF 2\u00aa Regi\u00e3o (AJOAF e AJAJ)\" \/>\n<meta property=\"og:description\" content=\"Oi amigos! Tudo bem com voc&ecirc;s? Hoje trago as quest&otilde;es de Direito Civil do concurso para o TRF 2&ordf; Regi&atilde;o, para os cargos de Analista Judici&aacute;rio e Analista Judici&aacute;rio Oficial de Justi&ccedil;a Avaliador Federal. Foi uma prova muito tranquila, n&atilde;o vislumbro a possibilidade de recurso.&nbsp; Vamos l&aacute;! Coragem! Jo&atilde;o, propriet&aacute;rio de uma casa situada na [&hellip;]\" \/>\n<meta property=\"og:url\" content=\"https:\/\/www.estrategiaconcursos.com.br\/blog\/comentarios-prova-de-direito-civil-trf-2a-regiao-ajoaf-e-ajaj\/\" \/>\n<meta property=\"og:site_name\" content=\"Estrat\u00e9gia Concursos\" \/>\n<meta property=\"article:published_time\" content=\"2017-03-14T17:34:01+00:00\" \/>\n<meta property=\"article:modified_time\" content=\"2017-03-16T13:59:48+00:00\" \/>\n<meta name=\"author\" content=\"Aline Baptista Santiago\" \/>\n<meta name=\"twitter:card\" content=\"summary_large_image\" \/>\n<meta name=\"twitter:creator\" content=\"@EstratConcursos\" \/>\n<meta name=\"twitter:site\" content=\"@EstratConcursos\" \/>\n<meta name=\"twitter:label1\" content=\"Escrito por\" \/>\n\t<meta name=\"twitter:data1\" content=\"Aline Baptista Santiago\" \/>\n\t<meta name=\"twitter:label2\" content=\"Est. tempo de leitura\" \/>\n\t<meta name=\"twitter:data2\" content=\"9 minutos\" \/>\n<script type=\"application\/ld+json\" class=\"yoast-schema-graph\">{\"@context\":\"https:\/\/schema.org\",\"@graph\":[{\"@type\":\"NewsArticle\",\"@id\":\"https:\/\/www.estrategiaconcursos.com.br\/blog\/comentarios-prova-de-direito-civil-trf-2a-regiao-ajoaf-e-ajaj\/#article\",\"isPartOf\":{\"@id\":\"https:\/\/www.estrategiaconcursos.com.br\/blog\/comentarios-prova-de-direito-civil-trf-2a-regiao-ajoaf-e-ajaj\/\"},\"author\":{\"name\":\"Aline Baptista Santiago\",\"@id\":\"https:\/\/www.estrategiaconcursos.com.br\/blog\/#\/schema\/person\/847dba5a5192470d2dd6fd794cddf1c9\"},\"headline\":\"Coment\u00e1rios \u00e0 Prova de Direito Civil &#8211; TRF 2\u00aa Regi\u00e3o (AJOAF e AJAJ)\",\"datePublished\":\"2017-03-14T17:34:01+00:00\",\"dateModified\":\"2017-03-16T13:59:48+00:00\",\"mainEntityOfPage\":{\"@id\":\"https:\/\/www.estrategiaconcursos.com.br\/blog\/comentarios-prova-de-direito-civil-trf-2a-regiao-ajoaf-e-ajaj\/\"},\"wordCount\":1788,\"commentCount\":1,\"publisher\":{\"@id\":\"https:\/\/www.estrategiaconcursos.com.br\/blog\/#organization\"},\"keywords\":[\"TRF 2\"],\"articleSection\":[\"Concursos P\u00fablicos\",\"Tribunais\"],\"inLanguage\":\"pt-BR\",\"potentialAction\":[{\"@type\":\"CommentAction\",\"name\":\"Comment\",\"target\":[\"https:\/\/www.estrategiaconcursos.com.br\/blog\/comentarios-prova-de-direito-civil-trf-2a-regiao-ajoaf-e-ajaj\/#respond\"]}],\"copyrightYear\":\"2017\",\"copyrightHolder\":{\"@id\":\"https:\/\/www.estrategiaconcursos.com.br\/blog\/#organization\"}},{\"@type\":\"WebPage\",\"@id\":\"https:\/\/www.estrategiaconcursos.com.br\/blog\/comentarios-prova-de-direito-civil-trf-2a-regiao-ajoaf-e-ajaj\/\",\"url\":\"https:\/\/www.estrategiaconcursos.com.br\/blog\/comentarios-prova-de-direito-civil-trf-2a-regiao-ajoaf-e-ajaj\/\",\"name\":\"Coment\u00e1rios \u00e0 Prova de Direito Civil - TRF 2\u00aa Regi\u00e3o (AJOAF e AJAJ)\",\"isPartOf\":{\"@id\":\"https:\/\/www.estrategiaconcursos.com.br\/blog\/#website\"},\"datePublished\":\"2017-03-14T17:34:01+00:00\",\"dateModified\":\"2017-03-16T13:59:48+00:00\",\"breadcrumb\":{\"@id\":\"https:\/\/www.estrategiaconcursos.com.br\/blog\/comentarios-prova-de-direito-civil-trf-2a-regiao-ajoaf-e-ajaj\/#breadcrumb\"},\"inLanguage\":\"pt-BR\",\"potentialAction\":[{\"@type\":\"ReadAction\",\"target\":[\"https:\/\/www.estrategiaconcursos.com.br\/blog\/comentarios-prova-de-direito-civil-trf-2a-regiao-ajoaf-e-ajaj\/\"]}]},{\"@type\":\"BreadcrumbList\",\"@id\":\"https:\/\/www.estrategiaconcursos.com.br\/blog\/comentarios-prova-de-direito-civil-trf-2a-regiao-ajoaf-e-ajaj\/#breadcrumb\",\"itemListElement\":[{\"@type\":\"ListItem\",\"position\":1,\"name\":\"In\u00edcio\",\"item\":\"https:\/\/www.estrategiaconcursos.com.br\/blog\/\"},{\"@type\":\"ListItem\",\"position\":2,\"name\":\"Coment\u00e1rios \u00e0 Prova de Direito Civil &#8211; TRF 2\u00aa Regi\u00e3o (AJOAF e AJAJ)\"}]},{\"@type\":\"WebSite\",\"@id\":\"https:\/\/www.estrategiaconcursos.com.br\/blog\/#website\",\"url\":\"https:\/\/www.estrategiaconcursos.com.br\/blog\/\",\"name\":\"Estrat\u00e9gia Concursos\",\"description\":\"O blog da Estrat\u00e9gia Concursos traz not\u00edcias sobre concursos e artigos de professores oferecendo cursos para concursos (pdf + videaulas) no site.\",\"publisher\":{\"@id\":\"https:\/\/www.estrategiaconcursos.com.br\/blog\/#organization\"},\"potentialAction\":[{\"@type\":\"SearchAction\",\"target\":{\"@type\":\"EntryPoint\",\"urlTemplate\":\"https:\/\/www.estrategiaconcursos.com.br\/blog\/?s={search_term_string}\"},\"query-input\":{\"@type\":\"PropertyValueSpecification\",\"valueRequired\":true,\"valueName\":\"search_term_string\"}}],\"inLanguage\":\"pt-BR\"},{\"@type\":\"Organization\",\"@id\":\"https:\/\/www.estrategiaconcursos.com.br\/blog\/#organization\",\"name\":\"Estrat\u00e9gia Concursos\",\"url\":\"https:\/\/www.estrategiaconcursos.com.br\/blog\/\",\"logo\":{\"@type\":\"ImageObject\",\"inLanguage\":\"pt-BR\",\"@id\":\"https:\/\/www.estrategiaconcursos.com.br\/blog\/#\/schema\/logo\/image\/\",\"url\":\"https:\/\/dhg1h5j42swfq.cloudfront.net\/2025\/06\/03203428\/logo_concursos-1.jpg\",\"contentUrl\":\"https:\/\/dhg1h5j42swfq.cloudfront.net\/2025\/06\/03203428\/logo_concursos-1.jpg\",\"width\":230,\"height\":60,\"caption\":\"Estrat\u00e9gia Concursos\"},\"image\":{\"@id\":\"https:\/\/www.estrategiaconcursos.com.br\/blog\/#\/schema\/logo\/image\/\"},\"sameAs\":[\"https:\/\/x.com\/EstratConcursos\"]},{\"@type\":\"Person\",\"@id\":\"https:\/\/www.estrategiaconcursos.com.br\/blog\/#\/schema\/person\/847dba5a5192470d2dd6fd794cddf1c9\",\"name\":\"Aline Baptista Santiago\",\"image\":{\"@type\":\"ImageObject\",\"inLanguage\":\"pt-BR\",\"@id\":\"https:\/\/secure.gravatar.com\/avatar\/7ff327e16b14090907247e2610e020902826109cf6ddb5766b2520c9a0077406?s=96&d=mm&r=g\",\"url\":\"https:\/\/secure.gravatar.com\/avatar\/7ff327e16b14090907247e2610e020902826109cf6ddb5766b2520c9a0077406?s=96&d=mm&r=g\",\"contentUrl\":\"https:\/\/secure.gravatar.com\/avatar\/7ff327e16b14090907247e2610e020902826109cf6ddb5766b2520c9a0077406?s=96&d=mm&r=g\",\"caption\":\"Aline Baptista Santiago\"},\"url\":\"https:\/\/www.estrategiaconcursos.com.br\/blog\/author\/alinesantiagoestrategiaconcursos-com-br\/\"}]}<\/script>\n<!-- \/ Yoast SEO Premium plugin. -->","yoast_head_json":{"title":"Coment\u00e1rios \u00e0 Prova de Direito Civil - TRF 2\u00aa Regi\u00e3o (AJOAF e AJAJ)","robots":{"index":"index","follow":"follow","max-snippet":"max-snippet:-1","max-image-preview":"max-image-preview:large","max-video-preview":"max-video-preview:-1"},"canonical":"https:\/\/www.estrategiaconcursos.com.br\/blog\/comentarios-prova-de-direito-civil-trf-2a-regiao-ajoaf-e-ajaj\/","og_locale":"pt_BR","og_type":"article","og_title":"Coment\u00e1rios \u00e0 Prova de Direito Civil - TRF 2\u00aa Regi\u00e3o (AJOAF e AJAJ)","og_description":"Oi amigos! Tudo bem com voc&ecirc;s? Hoje trago as quest&otilde;es de Direito Civil do concurso para o TRF 2&ordf; Regi&atilde;o, para os cargos de Analista Judici&aacute;rio e Analista Judici&aacute;rio Oficial de Justi&ccedil;a Avaliador Federal. Foi uma prova muito tranquila, n&atilde;o vislumbro a possibilidade de recurso.&nbsp; Vamos l&aacute;! Coragem! Jo&atilde;o, propriet&aacute;rio de uma casa situada na [&hellip;]","og_url":"https:\/\/www.estrategiaconcursos.com.br\/blog\/comentarios-prova-de-direito-civil-trf-2a-regiao-ajoaf-e-ajaj\/","og_site_name":"Estrat\u00e9gia Concursos","article_published_time":"2017-03-14T17:34:01+00:00","article_modified_time":"2017-03-16T13:59:48+00:00","author":"Aline Baptista Santiago","twitter_card":"summary_large_image","twitter_creator":"@EstratConcursos","twitter_site":"@EstratConcursos","twitter_misc":{"Escrito por":"Aline Baptista Santiago","Est. tempo de leitura":"9 minutos"},"schema":{"@context":"https:\/\/schema.org","@graph":[{"@type":"NewsArticle","@id":"https:\/\/www.estrategiaconcursos.com.br\/blog\/comentarios-prova-de-direito-civil-trf-2a-regiao-ajoaf-e-ajaj\/#article","isPartOf":{"@id":"https:\/\/www.estrategiaconcursos.com.br\/blog\/comentarios-prova-de-direito-civil-trf-2a-regiao-ajoaf-e-ajaj\/"},"author":{"name":"Aline Baptista Santiago","@id":"https:\/\/www.estrategiaconcursos.com.br\/blog\/#\/schema\/person\/847dba5a5192470d2dd6fd794cddf1c9"},"headline":"Coment\u00e1rios \u00e0 Prova de Direito Civil &#8211; TRF 2\u00aa Regi\u00e3o (AJOAF e AJAJ)","datePublished":"2017-03-14T17:34:01+00:00","dateModified":"2017-03-16T13:59:48+00:00","mainEntityOfPage":{"@id":"https:\/\/www.estrategiaconcursos.com.br\/blog\/comentarios-prova-de-direito-civil-trf-2a-regiao-ajoaf-e-ajaj\/"},"wordCount":1788,"commentCount":1,"publisher":{"@id":"https:\/\/www.estrategiaconcursos.com.br\/blog\/#organization"},"keywords":["TRF 2"],"articleSection":["Concursos P\u00fablicos","Tribunais"],"inLanguage":"pt-BR","potentialAction":[{"@type":"CommentAction","name":"Comment","target":["https:\/\/www.estrategiaconcursos.com.br\/blog\/comentarios-prova-de-direito-civil-trf-2a-regiao-ajoaf-e-ajaj\/#respond"]}],"copyrightYear":"2017","copyrightHolder":{"@id":"https:\/\/www.estrategiaconcursos.com.br\/blog\/#organization"}},{"@type":"WebPage","@id":"https:\/\/www.estrategiaconcursos.com.br\/blog\/comentarios-prova-de-direito-civil-trf-2a-regiao-ajoaf-e-ajaj\/","url":"https:\/\/www.estrategiaconcursos.com.br\/blog\/comentarios-prova-de-direito-civil-trf-2a-regiao-ajoaf-e-ajaj\/","name":"Coment\u00e1rios \u00e0 Prova de Direito Civil - TRF 2\u00aa Regi\u00e3o (AJOAF e AJAJ)","isPartOf":{"@id":"https:\/\/www.estrategiaconcursos.com.br\/blog\/#website"},"datePublished":"2017-03-14T17:34:01+00:00","dateModified":"2017-03-16T13:59:48+00:00","breadcrumb":{"@id":"https:\/\/www.estrategiaconcursos.com.br\/blog\/comentarios-prova-de-direito-civil-trf-2a-regiao-ajoaf-e-ajaj\/#breadcrumb"},"inLanguage":"pt-BR","potentialAction":[{"@type":"ReadAction","target":["https:\/\/www.estrategiaconcursos.com.br\/blog\/comentarios-prova-de-direito-civil-trf-2a-regiao-ajoaf-e-ajaj\/"]}]},{"@type":"BreadcrumbList","@id":"https:\/\/www.estrategiaconcursos.com.br\/blog\/comentarios-prova-de-direito-civil-trf-2a-regiao-ajoaf-e-ajaj\/#breadcrumb","itemListElement":[{"@type":"ListItem","position":1,"name":"In\u00edcio","item":"https:\/\/www.estrategiaconcursos.com.br\/blog\/"},{"@type":"ListItem","position":2,"name":"Coment\u00e1rios \u00e0 Prova de Direito Civil &#8211; TRF 2\u00aa Regi\u00e3o (AJOAF e AJAJ)"}]},{"@type":"WebSite","@id":"https:\/\/www.estrategiaconcursos.com.br\/blog\/#website","url":"https:\/\/www.estrategiaconcursos.com.br\/blog\/","name":"Estrat\u00e9gia Concursos","description":"O blog da Estrat\u00e9gia Concursos traz not\u00edcias sobre concursos e artigos de professores oferecendo cursos para concursos (pdf + videaulas) no site.","publisher":{"@id":"https:\/\/www.estrategiaconcursos.com.br\/blog\/#organization"},"potentialAction":[{"@type":"SearchAction","target":{"@type":"EntryPoint","urlTemplate":"https:\/\/www.estrategiaconcursos.com.br\/blog\/?s={search_term_string}"},"query-input":{"@type":"PropertyValueSpecification","valueRequired":true,"valueName":"search_term_string"}}],"inLanguage":"pt-BR"},{"@type":"Organization","@id":"https:\/\/www.estrategiaconcursos.com.br\/blog\/#organization","name":"Estrat\u00e9gia Concursos","url":"https:\/\/www.estrategiaconcursos.com.br\/blog\/","logo":{"@type":"ImageObject","inLanguage":"pt-BR","@id":"https:\/\/www.estrategiaconcursos.com.br\/blog\/#\/schema\/logo\/image\/","url":"https:\/\/dhg1h5j42swfq.cloudfront.net\/2025\/06\/03203428\/logo_concursos-1.jpg","contentUrl":"https:\/\/dhg1h5j42swfq.cloudfront.net\/2025\/06\/03203428\/logo_concursos-1.jpg","width":230,"height":60,"caption":"Estrat\u00e9gia Concursos"},"image":{"@id":"https:\/\/www.estrategiaconcursos.com.br\/blog\/#\/schema\/logo\/image\/"},"sameAs":["https:\/\/x.com\/EstratConcursos"]},{"@type":"Person","@id":"https:\/\/www.estrategiaconcursos.com.br\/blog\/#\/schema\/person\/847dba5a5192470d2dd6fd794cddf1c9","name":"Aline Baptista Santiago","image":{"@type":"ImageObject","inLanguage":"pt-BR","@id":"https:\/\/secure.gravatar.com\/avatar\/7ff327e16b14090907247e2610e020902826109cf6ddb5766b2520c9a0077406?s=96&d=mm&r=g","url":"https:\/\/secure.gravatar.com\/avatar\/7ff327e16b14090907247e2610e020902826109cf6ddb5766b2520c9a0077406?s=96&d=mm&r=g","contentUrl":"https:\/\/secure.gravatar.com\/avatar\/7ff327e16b14090907247e2610e020902826109cf6ddb5766b2520c9a0077406?s=96&d=mm&r=g","caption":"Aline Baptista Santiago"},"url":"https:\/\/www.estrategiaconcursos.com.br\/blog\/author\/alinesantiagoestrategiaconcursos-com-br\/"}]}},"_links":{"self":[{"href":"https:\/\/www.estrategiaconcursos.com.br\/blog\/wp-json\/wp\/v2\/posts\/67073","targetHints":{"allow":["GET"]}}],"collection":[{"href":"https:\/\/www.estrategiaconcursos.com.br\/blog\/wp-json\/wp\/v2\/posts"}],"about":[{"href":"https:\/\/www.estrategiaconcursos.com.br\/blog\/wp-json\/wp\/v2\/types\/post"}],"author":[{"embeddable":true,"href":"https:\/\/www.estrategiaconcursos.com.br\/blog\/wp-json\/wp\/v2\/users\/57"}],"replies":[{"embeddable":true,"href":"https:\/\/www.estrategiaconcursos.com.br\/blog\/wp-json\/wp\/v2\/comments?post=67073"}],"version-history":[{"count":1,"href":"https:\/\/www.estrategiaconcursos.com.br\/blog\/wp-json\/wp\/v2\/posts\/67073\/revisions"}],"predecessor-version":[{"id":67075,"href":"https:\/\/www.estrategiaconcursos.com.br\/blog\/wp-json\/wp\/v2\/posts\/67073\/revisions\/67075"}],"wp:attachment":[{"href":"https:\/\/www.estrategiaconcursos.com.br\/blog\/wp-json\/wp\/v2\/media?parent=67073"}],"wp:term":[{"taxonomy":"category","embeddable":true,"href":"https:\/\/www.estrategiaconcursos.com.br\/blog\/wp-json\/wp\/v2\/categories?post=67073"},{"taxonomy":"post_tag","embeddable":true,"href":"https:\/\/www.estrategiaconcursos.com.br\/blog\/wp-json\/wp\/v2\/tags?post=67073"},{"taxonomy":"tax_estado","embeddable":true,"href":"https:\/\/www.estrategiaconcursos.com.br\/blog\/wp-json\/wp\/v2\/tax_estado?post=67073"}],"curies":[{"name":"wp","href":"https:\/\/api.w.org\/{rel}","templated":true}]}}