{"id":67035,"date":"2017-03-14T09:43:47","date_gmt":"2017-03-14T12:43:47","guid":{"rendered":"https:\/\/www.estrategiaconcursos.com.br\/blog\/?p=67035"},"modified":"2017-03-16T10:59:48","modified_gmt":"2017-03-16T13:59:48","slug":"prova-de-portugues-trf-2a-regiao-analista-sem-especialidade","status":"publish","type":"post","link":"https:\/\/www.estrategiaconcursos.com.br\/blog\/prova-de-portugues-trf-2a-regiao-analista-sem-especialidade\/","title":{"rendered":"Prova de Portugu\u00eas TRF 2\u00aa Regi\u00e3o Analista Sem especialidade"},"content":{"rendered":"<p>\n\tOl&aacute;, pessoal! Vou fazer um breve coment&aacute;rio da&nbsp;<strong>Prova de Portugu&ecirc;s TRF 2&ordf; Regi&atilde;o Analista Sem especialidade<\/strong>.\n<\/p>\n<p>\n\tTomei por base a seguinte prova:&nbsp;\n<\/p>\n<p>\n\t<strong>ANALISTA JUDICI&Aacute;RIO &ndash; ADMINISTRATIVA &ndash; SEM ESPECIALIDADE &ndash; TIPO 02 &ndash; VERDE PROVA APLICADA DIA 12\/03\/2017 \/ TURNO &#8211; TARDE <\/strong>\n<\/p>\n<p>\n\tBom, realmente foi uma prova trabalhosa com muitas quest&otilde;es grandes e que tomaram tempo, o que j&aacute; era esperado numa prova deste n&iacute;vel, n&atilde;o &eacute; mesmo?!\n<\/p>\n<p>\n\tN&atilde;o vou aqui comentar todas tendo em vista a brevidade do tempo e de certa forma tirar d&uacute;vidas de alguns alunos que entraram em contato comigo.\n<\/p>\n<p>\n\tListei abaixo as quest&otilde;es que geraram d&uacute;vida.\n<\/p>\n<p>\n\tN&atilde;o vi motivo para recurso e abaixo eu comento. Vamos l&aacute;?\n<\/p>\n<p>\n\t<strong>Quest&atilde;o 2<\/strong>\n<\/p>\n<p>\n\tO verbo &ldquo;inserir&rdquo;, utilizado no trecho &ldquo;&ndash; e da pr&oacute;pria realidade em que est&atilde;o inseridos &ndash;&rdquo; (3&ordm;&sect;), aparece na lista de verbos classificados como &ldquo;abundantes&rdquo;, ou seja, que apresentam duas ou tr&ecirc;s formas de igual valor e fun&ccedil;&atilde;o. As ora&ccedil;&otilde;es a seguir apresentam duas possibilidades admitidas pela norma padr&atilde;o da l&iacute;ngua para o partic&iacute;pio do verbo, com EXCE&Ccedil;&Atilde;O de:\n<\/p>\n<p style=\"margin-left:21.3pt\">\n\tA) O trabalho foi desenvolvido\/desenvolto pelo melhor profissional da regi&atilde;o nesta &aacute;rea.\n<\/p>\n<p style=\"margin-left:21.3pt\">\n\tB) Disse que j&aacute; havia limpado\/limpo todo o p&aacute;tio exterior, conforme havia sido orientado.\n<\/p>\n<p style=\"margin-left:21.3pt\">\n\tC) Tendo ganhado\/ganho a competi&ccedil;&atilde;o, estabeleceu-se como o novo nome do atletismo regional.\n<\/p>\n<p style=\"margin-left:21.25pt\">\n\tD) O processo foi trazido\/trago a tempo para a devida aprecia&ccedil;&atilde;o sem que houvesse qualquer preju&iacute;zo.\n<\/p>\n<p>\n\t<strong>Coment&aacute;rio<\/strong>: O partic&iacute;pio irregular normalmente &eacute; empregado com verbos <strong>da voz passiva<\/strong> &ldquo;ser&rdquo; e &ldquo;estar&rdquo;; o partic&iacute;pio regular, aquele terminado em &quot;-do&quot;, normalmente &eacute; empregado com verbos da <strong>voz ativa<\/strong> &ldquo;haver&rdquo; ou &ldquo;ter&rdquo; (O ladr&atilde;o <strong>foi <u>solto<\/u><\/strong> pela pol&iacute;cia. A justi&ccedil;a <strong>tem <u>soltado<\/u><\/strong> ladr&otilde;es.). &Eacute; por isso que, por vezes, confundimos partic&iacute;pios com adjetivos. Por&eacute;m, alguns partic&iacute;pios admitem a regularidade e irregularidade com quaiquer verbos auxiliares acima.\n<\/p>\n<p>\n\tPara facilitar, eu negritei abaixo os verbos empregados nas alternativas (A), (B) e (C), os quais, mesmo soando estranho, est&atilde;o corretos. A lista abaixo &eacute; um trecho da gram&aacute;tica do renomado &nbsp;Evanildo Bechara, em sua gram&aacute;tica MODERNA GRAM&Aacute;TICA PORTUGUESA, 37.&ordf; Edi&ccedil;&atilde;o, editora Moderna, na p&aacute;gina 275:\n<\/p>\n<p>\n\t&rdquo;i) partic&iacute;pio de numerosos verbos.\n<\/p>\n<p>\n\tExiste grande n&uacute;mero de verbos que admitem dois (e uns poucos at&eacute; tr&ecirc;s) partic&iacute;pios: um <em>regular<\/em>, terminado em &#8211;<em>ado <\/em>(1.&ordf; conjuga&ccedil;&atilde;o) ou &#8211;<em>ido <\/em>(2.&ordf; e 3.&ordf; conjuga&ccedil;&otilde;es), e outro <em>irregular<\/em>, proveniente do latim ou de nome que passou a ter aplica&ccedil;&atilde;o como verbo, terminado em &#8211;<em>to<\/em>, &#8211;<em>so <\/em>ou criado por analogia com modelo preexistente. Eis uma rela&ccedil;&atilde;o dessas formas duplas de partic&iacute;pio, indicando-se entre par&ecirc;nteses se ocorrem com a voz ativa (<strong>a.<\/strong>) ou passiva (<strong>p.<\/strong>), ou com ambas (<strong>a.<\/strong>, <strong>p.<\/strong>):\n<\/p>\n<p>\n\t<em>Infinitivo &nbsp;&nbsp;&nbsp;&nbsp;&nbsp; &nbsp;&nbsp;&nbsp;&nbsp; Partic&iacute;pio regular &nbsp;&nbsp;&nbsp;&nbsp;&nbsp;&nbsp;&nbsp; Partic&iacute;pio irregular<\/em>\n<\/p>\n<p>\n\taceitar &nbsp;&nbsp;&nbsp;&nbsp;&nbsp;&nbsp;&nbsp;&nbsp; &nbsp;&nbsp;&nbsp;&nbsp; aceitado (a., p.) &nbsp;&nbsp;&nbsp;&nbsp;&nbsp;&nbsp;&nbsp; aceito (p.), aceite (p.)\n<\/p>\n<p>\n\tacender &nbsp;&nbsp;&nbsp;&nbsp;&nbsp;&nbsp; &nbsp;&nbsp;&nbsp;&nbsp; acendido (a., p.) &nbsp;&nbsp;&nbsp;&nbsp;&nbsp;&nbsp;&nbsp;aceso (p.)\n<\/p>\n<p>\n\tarrepender &nbsp;&nbsp; &nbsp;&nbsp;&nbsp;&nbsp; arrependido (a., p.) &nbsp;&nbsp; repeso por arrepeso (a., p.)\n<\/p>\n<p>\n\tassentar &nbsp;&nbsp;&nbsp;&nbsp;&nbsp; &nbsp;&nbsp;&nbsp;&nbsp; assentado (a., p.) &nbsp;&nbsp;&nbsp;&nbsp;&nbsp; assento (p.), assente (p.)\n<\/p>\n<p>\n\tdesabrir &nbsp;&nbsp;&nbsp; &nbsp;&nbsp;&nbsp;&nbsp;&nbsp;&nbsp;&nbsp; desabrido &nbsp;&nbsp;&nbsp;&nbsp;&nbsp;&nbsp;&nbsp;&nbsp; &nbsp;&nbsp;&nbsp;&nbsp;&nbsp;&nbsp;&nbsp; desaberto\n<\/p>\n<p>\n\t<strong>desenvolver &nbsp;&nbsp;&nbsp;&nbsp; desenvolvido (a., p.) desenvolto (a., p.)<\/strong>\n<\/p>\n<p>\n\teleger &nbsp;&nbsp;&nbsp;&nbsp;&nbsp; &nbsp;&nbsp;&nbsp;&nbsp;&nbsp;&nbsp;&nbsp; elegido (a.) &nbsp;&nbsp;&nbsp;&nbsp;&nbsp;&nbsp; &nbsp;&nbsp;&nbsp;&nbsp;&nbsp;&nbsp;&nbsp; eleito (a., p.)\n<\/p>\n<p>\n\tenvolver &nbsp;&nbsp; &nbsp;&nbsp;&nbsp;&nbsp;&nbsp;&nbsp;&nbsp; envolvido (a., p.) &nbsp;&nbsp;&nbsp;&nbsp;&nbsp;&nbsp; envolto (a., p.)\n<\/p>\n<p>\n\tentregar &nbsp;&nbsp;&nbsp;&nbsp;&nbsp; &nbsp;&nbsp;&nbsp;&nbsp; entregado (a., p.) &nbsp;&nbsp;&nbsp;&nbsp;&nbsp; entregue (p.)\n<\/p>\n<p>\n\tenxugar &nbsp;&nbsp;&nbsp;&nbsp;&nbsp;&nbsp; &nbsp;&nbsp;&nbsp;&nbsp; enxugado (a., p.) &nbsp;&nbsp;&nbsp;&nbsp;&nbsp; enxuto (p.)\n<\/p>\n<p>\n\terigir &nbsp;&nbsp;&nbsp;&nbsp;&nbsp;&nbsp;&nbsp; &nbsp;&nbsp;&nbsp;&nbsp;&nbsp;&nbsp;&nbsp; erigido (a., p.) &nbsp;&nbsp;&nbsp;&nbsp;&nbsp;&nbsp;&nbsp;&nbsp;&nbsp;&nbsp; erecto (p.)\n<\/p>\n<p>\n\texpressar &nbsp;&nbsp;&nbsp;&nbsp; &nbsp;&nbsp;&nbsp;&nbsp; expressado (a., p.) &nbsp;&nbsp;&nbsp; expresso (p.)\n<\/p>\n<p>\n\texpulsar &nbsp;&nbsp;&nbsp;&nbsp;&nbsp; &nbsp;&nbsp;&nbsp;&nbsp; expulsado (a., p.) &nbsp;&nbsp;&nbsp;&nbsp;&nbsp; expulso (p.)\n<\/p>\n<p>\n\texprimir &nbsp;&nbsp; &nbsp;&nbsp;&nbsp;&nbsp;&nbsp;&nbsp;&nbsp; exprimido ( a., p.) &nbsp;&nbsp;&nbsp;&nbsp; expresso (a., p.)\n<\/p>\n<p>\n\textinguir &nbsp;&nbsp; &nbsp;&nbsp;&nbsp;&nbsp;&nbsp;&nbsp;&nbsp; extinguido (a., p.) &nbsp;&nbsp;&nbsp;&nbsp;&nbsp;extinto (p.)\n<\/p>\n<p>\n\tfrigir &nbsp;&nbsp;&nbsp;&nbsp;&nbsp;&nbsp;&nbsp; &nbsp;&nbsp;&nbsp;&nbsp;&nbsp;&nbsp;&nbsp; frigido (a.) &nbsp;&nbsp;&nbsp;&nbsp;&nbsp;&nbsp;&nbsp;&nbsp;&nbsp;&nbsp;&nbsp;&nbsp;&nbsp;&nbsp;&nbsp;&nbsp;&nbsp;frito (a., p.)\n<\/p>\n<p>\n\timprimir &nbsp;&nbsp; &nbsp;&nbsp;&nbsp;&nbsp;&nbsp;&nbsp;&nbsp; imprimido (a., p.) &nbsp;&nbsp;&nbsp;&nbsp;&nbsp; impresso (a., p.)\n<\/p>\n<p>\n\tinserir &nbsp;&nbsp;&nbsp;&nbsp;&nbsp; &nbsp;&nbsp;&nbsp;&nbsp;&nbsp;&nbsp;&nbsp; inserido (a., p.) &nbsp;&nbsp;&nbsp;&nbsp;&nbsp;&nbsp;&nbsp;&nbsp; inserto (a., p.)\n<\/p>\n<p>\n\tfartar &nbsp;&nbsp;&nbsp;&nbsp;&nbsp;&nbsp;&nbsp;&nbsp;&nbsp; &nbsp;&nbsp;&nbsp;&nbsp; fartado (a., p.) &nbsp; &nbsp;&nbsp;&nbsp;&nbsp;&nbsp;&nbsp;&nbsp; farto (p.)\n<\/p>\n<p>\n\tfindar &nbsp;&nbsp;&nbsp;&nbsp;&nbsp;&nbsp;&nbsp;&nbsp;&nbsp; &nbsp;&nbsp;&nbsp;&nbsp; findado (a., p.) &nbsp;&nbsp;&nbsp;&nbsp;&nbsp;&nbsp;&nbsp;&nbsp;&nbsp; findo (p.)\n<\/p>\n<p>\n\t<strong>ganhar &nbsp;&nbsp;&nbsp;&nbsp;&nbsp;&nbsp;&nbsp;&nbsp; &nbsp;&nbsp;&nbsp;ganhado (a., p.) &nbsp;&nbsp;&nbsp;&nbsp;&nbsp;&nbsp; ganho (a., p.)<\/strong>\n<\/p>\n<p>\n\tgastar &nbsp;&nbsp;&nbsp;&nbsp;&nbsp;&nbsp;&nbsp;&nbsp; &nbsp;&nbsp;&nbsp;&nbsp; gastado (a.) &nbsp;&nbsp;&nbsp;&nbsp;&nbsp;&nbsp;&nbsp;&nbsp;&nbsp;&nbsp;&nbsp;&nbsp;&nbsp; gasto (a., p.)\n<\/p>\n<p>\n\tisentar &nbsp;&nbsp;&nbsp;&nbsp;&nbsp;&nbsp;&nbsp;&nbsp; &nbsp;&nbsp;&nbsp;&nbsp; isentado (a.) &nbsp;&nbsp;&nbsp;&nbsp;&nbsp;&nbsp;&nbsp;&nbsp;&nbsp;&nbsp;&nbsp;&nbsp; isento (p.)\n<\/p>\n<p>\n\tjuntar &nbsp;&nbsp;&nbsp;&nbsp;&nbsp;&nbsp;&nbsp;&nbsp;&nbsp; &nbsp;&nbsp;&nbsp;&nbsp; juntado (a., p.) &nbsp; &nbsp;&nbsp;&nbsp;&nbsp;&nbsp;&nbsp;&nbsp; junto (a., p.)\n<\/p>\n<p>\n\t<strong>limpar &nbsp; &nbsp; &nbsp; &nbsp; &nbsp; &nbsp; &nbsp;limpado (a., p.) &nbsp;&nbsp;&nbsp;&nbsp;&nbsp;&nbsp;&nbsp; limpo (a., p.)<\/strong>\n<\/p>\n<p>\n\tmatar &nbsp;&nbsp;&nbsp;&nbsp;&nbsp;&nbsp;&nbsp;&nbsp;&nbsp; &nbsp;&nbsp;&nbsp;&nbsp; matado (a.) &nbsp;&nbsp;&nbsp;&nbsp;&nbsp;&nbsp;&nbsp;&nbsp;&nbsp;&nbsp;&nbsp;&nbsp;&nbsp; morto (a., p.)\n<\/p>\n<p>\n\tpagar &nbsp;&nbsp;&nbsp;&nbsp;&nbsp;&nbsp;&nbsp;&nbsp;&nbsp; &nbsp;&nbsp;&nbsp;&nbsp; pagado (a.) &nbsp;&nbsp;&nbsp;&nbsp;&nbsp;&nbsp;&nbsp;&nbsp;&nbsp;&nbsp;&nbsp;&nbsp;&nbsp; pago (a., p.)\n<\/p>\n<p>\n\tpasmar &nbsp;&nbsp;&nbsp;&nbsp;&nbsp;&nbsp;&nbsp; &nbsp;&nbsp;&nbsp;&nbsp; pasmado (a., p.) &nbsp;&nbsp;&nbsp;&nbsp;&nbsp;&nbsp;&nbsp;&nbsp;&nbsp;&nbsp;&nbsp;&nbsp;&nbsp;&nbsp; pasmo (a.)\n<\/p>\n<p>\n\tpegar &nbsp;&nbsp;&nbsp;&nbsp;&nbsp;&nbsp;&nbsp;&nbsp;&nbsp; &nbsp;&nbsp;&nbsp;&nbsp; pegado (a., p.) &nbsp;&nbsp;&nbsp;&nbsp;&nbsp;&nbsp;&nbsp;&nbsp;&nbsp; pego (&eacute; ou &ecirc;)\n<\/p>\n<p>\n\tsalvar &nbsp;&nbsp;&nbsp;&nbsp;&nbsp;&nbsp;&nbsp;&nbsp;&nbsp; &nbsp;&nbsp;&nbsp;&nbsp; salvado (a., p) &nbsp;&nbsp;&nbsp;&nbsp;&nbsp;&nbsp;&nbsp;&nbsp;&nbsp; salvo (a., p.)\n<\/p>\n<p>\n\tprender &nbsp;&nbsp;&nbsp; &nbsp;&nbsp;&nbsp;&nbsp;&nbsp;&nbsp;&nbsp; prendido (a., p.) &nbsp;&nbsp;&nbsp;&nbsp;&nbsp;&nbsp;&nbsp;&nbsp;&nbsp;&nbsp;&nbsp;&nbsp;&nbsp;&nbsp;&nbsp; preso (p.)\n<\/p>\n<p>\n\trevolver &nbsp;&nbsp; &nbsp;&nbsp;&nbsp;&nbsp;&nbsp;&nbsp;&nbsp; revolvido (a., p.) &nbsp;&nbsp;&nbsp;&nbsp;&nbsp;&nbsp; revolto (a.)\n<\/p>\n<p>\n\tsuspender &nbsp;&nbsp;&nbsp;&nbsp;&nbsp;&nbsp;&nbsp; suspendido (a., p.) &nbsp;&nbsp;&nbsp;&nbsp; suspenso (p.)\n<\/p>\n<p style=\"margin-left:21.25pt\">\n\ttingir &nbsp;&nbsp;&nbsp;&nbsp;&nbsp;&nbsp;&nbsp; &nbsp;&nbsp;&nbsp;&nbsp;&nbsp;&nbsp;&nbsp; tingido (a., p.) &nbsp;&nbsp;&nbsp;&nbsp;&nbsp;&nbsp;&nbsp;&nbsp;&nbsp;&nbsp; tinto (p.)&rdquo;\n<\/p>\n<p>\n\t&nbsp;\n<\/p>\n<p>\n\tPortanto, &eacute; a alternativa (D)&nbsp;que devemos marcar, pois &ldquo;trago&rdquo; n&atilde;o &eacute; partic&iacute;pio. Tal verbo apresenta apenas o partic&iacute;pio regular &ldquo;trazido&rdquo;. Assim, &ldquo;<strong>trago<\/strong>&rdquo; &eacute; apenas o presente do indicativo do verbo &ldquo;tragar&rdquo;: eu <strong>trago<\/strong>, tu trazes, ele traz&#8230;\n<\/p>\n<p>\n\t<strong>Gabarito: D<\/strong>\n<\/p>\n<p>\n\t&nbsp;\n<\/p>\n<p>\n\t<strong>Quest&atilde;o 12<\/strong>\n<\/p>\n<p>\n\tAcerca de alguns tipos de expedientes existentes de acordo com os crit&eacute;rios de correspond&ecirc;ncia oficial, est&aacute; correto o que se afirma em:\n<\/p>\n<p>\n\tA) H&aacute; tr&ecirc;s tipos de expedientes que se diferenciam de acordo com a forma, a finalidade de seu emprego em igual propor&ccedil;&atilde;o: o of&iacute;cio, o aviso e o memorando.\n<\/p>\n<p>\n\tB) O memorando &eacute; a modalidade de comunica&ccedil;&atilde;o entre unidades administrativas de um mesmo &oacute;rg&atilde;o ou, ainda, de &oacute;rg&atilde;os diferentes, que podem estar hierarquicamente em mesmo n&iacute;vel ou em n&iacute;vel diferente.\n<\/p>\n<p>\n\tC) Aviso e of&iacute;cio s&atilde;o modalidades de comunica&ccedil;&atilde;o oficial cuja diferen&ccedil;a &eacute; que o primeiro &eacute; expedido exclusivamente por Ministros de Estado, para autoridades de mesma hierarquia, ao passo que o of&iacute;cio &eacute; expedido para e pelas demais autoridades.\n<\/p>\n<p>\n\tD) Para evitar entendimentos duvidosos acerca das comunica&ccedil;&otilde;es atrav&eacute;s do memorando, os despachos devem ser feitos repetidas vezes, em expedientes separados, n&atilde;o havendo restri&ccedil;&atilde;o quanto ao aumento do n&uacute;mero de comunica&ccedil;&otilde;es.\n<\/p>\n<p>\n\t<strong>Coment&aacute;rio: <\/strong>Como falamos em nossa aula de correspond&ecirc;ncia oficial, a banca cobrou a literalidade do Manual de Reda&ccedil;&atilde;o da Presid&ecirc;ncia da Rep&uacute;blica.\n<\/p>\n<p>\n\t&nbsp;&nbsp;&nbsp;&nbsp;&nbsp;&nbsp;&nbsp; A alternativa (A) est&aacute; errada, pois o item 3 de nossa aula, que &eacute; um extrato do Manual, afirma que &ldquo;<em>H&aacute; tr&ecirc;s tipos de expedientes que se diferenciam <strong>antes pela finalidade<\/strong> <u>do que pela forma<\/u>: o of&iacute;cio, o aviso e o memorando<\/em>.&rdquo;\n<\/p>\n<p>\n\t&nbsp;&nbsp;&nbsp;&nbsp;&nbsp;&nbsp;&nbsp;&nbsp;&nbsp; &nbsp; &nbsp; &nbsp;A alternativa (B) est&aacute; errada, pois o item 3.4.1 de nossa aula, que &eacute; um extrato do Manual, afirma que &ldquo;<em>O memorando &eacute; a modalidade de comunica&ccedil;&atilde;o entre unidades administrativas de um mesmo &oacute;rg&atilde;o, que podem estar hierarquicamente em mesmo n&iacute;vel ou em n&iacute;veis diferentes. Trata-se, portanto, de uma forma de comunica&ccedil;&atilde;o eminentemente interna<\/em>.&rdquo;\n<\/p>\n<p>\n\t&nbsp;&nbsp;&nbsp;&nbsp;&nbsp;&nbsp;&nbsp;&nbsp;&nbsp; &nbsp; &nbsp; &nbsp;A alternativa (C) &eacute; a correta, pois o item 3.3.1 de nossa aula afirma que <em>&ldquo;<strong>Aviso e of&iacute;cio<\/strong> s&atilde;o modalidades de comunica&ccedil;&atilde;o oficial praticamente id&ecirc;nticas. <strong>A &uacute;nica diferen&ccedil;a entre eles &eacute; que o aviso &eacute; expedido exclusivamente por Ministros de Estado, para autoridades de mesma hierarquia, ao passo que o of&iacute;cio &eacute; expedido para e pelas demais autoridades<\/strong>.&rdquo;<\/em>\n<\/p>\n<p>\n\t&nbsp;&nbsp;&nbsp;&nbsp;&nbsp;&nbsp;&nbsp;&nbsp;&nbsp; &nbsp; &nbsp; &nbsp;A alternativa (D) est&aacute; errada, pois o item 3.4.1 de nossa aula afirma que &ldquo;<em>Para evitar desnecess&aacute;rio aumento do n&uacute;mero de comunica&ccedil;&otilde;es, <strong>os despachos ao memorando devem ser dados no pr&oacute;prio documento<\/strong> e, no caso de falta de espa&ccedil;o, <strong>em folha de continua&ccedil;&atilde;o<\/strong>. Esse procedimento permite formar uma esp&eacute;cie de <u>processo simplificado<\/u>, assegurando maior transpar&ecirc;ncia &agrave; tomada de decis&otilde;es, e permitindo que se historie o andamento da mat&eacute;ria tratada no memorando<\/em>.&rdquo;\n<\/p>\n<h4>\n\t<strong>Gabarito: C<\/strong><br \/>\n<\/h4>\n<p>\n\t&nbsp;\n<\/p>\n<p style=\"text-align: center\">\n\t<img loading=\"lazy\" decoding=\"async\" alt=\"coment\u00e1rio prova TRF 2\" class=\"alignnone size-full wp-image-67046\" height=\"320\" src=\"https:\/\/dhg1h5j42swfq.cloudfront.net\/2017\/03\/14093259\/trf2-imagem.png\" width=\"302\" srcset=\"https:\/\/dhg1h5j42swfq.cloudfront.net\/2017\/03\/14093259\/trf2-imagem.png 302w, https:\/\/dhg1h5j42swfq.cloudfront.net\/2017\/03\/14093259\/trf2-imagem.png 283w\" sizes=\"auto, (max-width: 302px) 100vw, 302px\" \/>\n<\/p>\n<p>\n\t<strong>A produ&ccedil;&atilde;o da obra acima, Os Retirantes (1944), foi realizada seis anos depois da publica&ccedil;&atilde;o do romance Vidas Secas. Nessa obra, ao abordar a mis&eacute;ria e a seca claramente vistas atrav&eacute;s da representa&ccedil;&atilde;o de uma fam&iacute;lia de retirantes, C&acirc;ndido Portinari<\/strong>\n<\/p>\n<p style=\"margin-left:21.3pt\">\n\tA) apresenta uma tem&aacute;tica, assim como a descri&ccedil;&atilde;o dos personagens e do ambiente, de forma sutil e din&acirc;mica.\n<\/p>\n<p style=\"margin-left:21.3pt\">\n\tB) permite visualizar a degrada&ccedil;&atilde;o da figura humana e o retrato da figura da morte afugentada pelos personagens.\n<\/p>\n<p style=\"margin-left:21.3pt\">\n\tC) apresenta elementos f&iacute;sicos presentes no cotidiano dos retirantes v&iacute;timas da seca e aspectos relacionados &agrave; desigualdade social.\n<\/p>\n<p style=\"margin-left:21.25pt\">\n\tD) utiliza a linguagem n&atilde;o verbal com o objetivo de construir uma imagem cuja &ecirc;nfase m&iacute;stica se op&otilde;e aos fatos da realidade observ&aacute;vel.\n<\/p>\n<p>\n\t<strong>Coment&aacute;rio<\/strong>: Voc&ecirc; consegue perceber que a alternativa (A) est&aacute; errada, pois a imagem n&atilde;o &eacute; sutil. Ela &eacute; impactante.\n<\/p>\n<p>\n\t&nbsp;&nbsp;&nbsp;&nbsp;&nbsp;&nbsp;&nbsp; A alternativa (B) est&aacute; errada, pois a morte n&atilde;o est&aacute; afugentada, isto &eacute;, n&atilde;o se afastou a possibilidade da morte, ela est&aacute; pr&oacute;xima, pelo pr&oacute;prio caos que se observa na imagem.\n<\/p>\n<p>\n\t&nbsp;&nbsp;&nbsp;&nbsp;&nbsp;&nbsp;&nbsp; A alternativa (C) &eacute; a correta, pois os elementos f&iacute;sicos presentes no cotidiano s&atilde;o um cen&aacute;rio des&eacute;rtico, restos mortais de animais ao ch&atilde;o simbolizando a seca castigante, os sacos com utens&iacute;lios sendo conduzidos nas costas, al&eacute;m dos aspectos dos personagens. Tudo isso representa a desigualdade social.\n<\/p>\n<p>\n\t&nbsp;&nbsp;&nbsp;&nbsp;&nbsp;&nbsp;&nbsp; A alternativa (D) est&aacute; errada, pois simplesmente a imagem n&atilde;o &eacute; oposta &agrave; realidade.\n<\/p>\n<p style=\"margin-left:21.3pt\">\n\t<strong>Gabarito: C<\/strong>\n<\/p>\n<p style=\"margin-left:21.3pt\">\n\t&nbsp;\n<\/p>\n<p style=\"margin-left:21.3pt\">\n\t&nbsp;\n<\/p>\n<p style=\"margin-left:21.3pt\">\n\tCar&iacute;ssimos alunos, por enquanto fico por aqui!\n<\/p>\n<p style=\"margin-left:21.3pt\">\n\tFiz este coment&aacute;rio r&aacute;pido justamente porque acredito que estas tamb&eacute;m possam ser&nbsp;as quest&otilde;es que est&atilde;o gerando d&uacute;vidas a voc&ecirc;.\n<\/p>\n<p style=\"margin-left:21.3pt\">\n\tComo fizemos na prova da semana passada, havendo outras que efetivamente geraram d&uacute;vidas, podem mencion&aacute;-las aqui nos coment&aacute;rios.\n<\/p>\n<p style=\"margin-left:21.3pt\">\n\tS&oacute; n&atilde;o consigo comentar todas agora, mas, arranjando um tempinho aqui, eu passo, olho e comento!\n<\/p>\n<p style=\"margin-left:21.3pt\">\n\tUm grande abra&ccedil;o a todos!!!\n<\/p>\n<p style=\"margin-left:21.3pt\">\n\tProfessor D&eacute;cio Terror\n<\/p>\n<p style=\"margin-left:21.3pt\">\n\t&nbsp;<\/p>\n","protected":false},"excerpt":{"rendered":"<p>Ol&aacute;, pessoal! Vou fazer um breve coment&aacute;rio da&nbsp;Prova de Portugu&ecirc;s TRF 2&ordf; Regi&atilde;o Analista Sem especialidade. Tomei por base a seguinte prova:&nbsp; ANALISTA JUDICI&Aacute;RIO &ndash; ADMINISTRATIVA &ndash; SEM ESPECIALIDADE &ndash; TIPO 02 &ndash; VERDE PROVA APLICADA DIA 12\/03\/2017 \/ TURNO &#8211; TARDE Bom, realmente foi uma prova trabalhosa com muitas quest&otilde;es grandes e que tomaram [&hellip;]<\/p>\n","protected":false},"author":214,"featured_media":0,"comment_status":"open","ping_status":"open","sticky":false,"template":"","format":"standard","meta":{"post_tipo":"article","footnotes":""},"categories":[1,1984],"tags":[2502,2501],"tax_estado":[],"class_list":["post-67035","post","type-post","status-publish","format-standard","hentry","category-cursos-e-concursos","category-tribunais","tag-comentario-portugues-trf-2","tag-comentario-trf-2"],"acf":[],"yoast_head":"<!-- This site is optimized with the Yoast SEO Premium plugin v27.2 (Yoast SEO v27.2) - https:\/\/yoast.com\/product\/yoast-seo-premium-wordpress\/ -->\n<title>Prova de Portugu\u00eas TRF 2\u00aa Regi\u00e3o Analista Sem especialidade<\/title>\n<meta name=\"robots\" content=\"index, follow, max-snippet:-1, max-image-preview:large, max-video-preview:-1\" \/>\n<link rel=\"canonical\" href=\"https:\/\/www.estrategiaconcursos.com.br\/blog\/prova-de-portugues-trf-2a-regiao-analista-sem-especialidade\/\" \/>\n<meta property=\"og:locale\" content=\"pt_BR\" \/>\n<meta property=\"og:type\" content=\"article\" \/>\n<meta property=\"og:title\" content=\"Prova de Portugu\u00eas TRF 2\u00aa Regi\u00e3o Analista Sem especialidade\" \/>\n<meta property=\"og:description\" content=\"Ol&aacute;, pessoal! Vou fazer um breve coment&aacute;rio da&nbsp;Prova de Portugu&ecirc;s TRF 2&ordf; Regi&atilde;o Analista Sem especialidade. Tomei por base a seguinte prova:&nbsp; ANALISTA JUDICI&Aacute;RIO &ndash; ADMINISTRATIVA &ndash; SEM ESPECIALIDADE &ndash; TIPO 02 &ndash; VERDE PROVA APLICADA DIA 12\/03\/2017 \/ TURNO &#8211; TARDE Bom, realmente foi uma prova trabalhosa com muitas quest&otilde;es grandes e que tomaram [&hellip;]\" \/>\n<meta property=\"og:url\" content=\"https:\/\/www.estrategiaconcursos.com.br\/blog\/prova-de-portugues-trf-2a-regiao-analista-sem-especialidade\/\" \/>\n<meta property=\"og:site_name\" content=\"Estrat\u00e9gia Concursos\" \/>\n<meta property=\"article:published_time\" content=\"2017-03-14T12:43:47+00:00\" \/>\n<meta property=\"article:modified_time\" content=\"2017-03-16T13:59:48+00:00\" \/>\n<meta property=\"og:image\" content=\"https:\/\/www.estrategiaconcursos.com.br\/blog\/wp-content\/uploads\/2017\/03\/trf2-imagem.png\" \/>\n<meta name=\"author\" content=\"D\u00e9cio Terror Filho\" \/>\n<meta name=\"twitter:card\" content=\"summary_large_image\" \/>\n<meta name=\"twitter:creator\" content=\"@EstratConcursos\" \/>\n<meta name=\"twitter:site\" content=\"@EstratConcursos\" \/>\n<meta name=\"twitter:label1\" content=\"Escrito por\" \/>\n\t<meta name=\"twitter:data1\" content=\"D\u00e9cio Terror Filho\" \/>\n\t<meta name=\"twitter:label2\" content=\"Est. tempo de leitura\" \/>\n\t<meta name=\"twitter:data2\" content=\"13 minutos\" \/>\n<script type=\"application\/ld+json\" class=\"yoast-schema-graph\">{\"@context\":\"https:\/\/schema.org\",\"@graph\":[{\"@type\":\"NewsArticle\",\"@id\":\"https:\/\/www.estrategiaconcursos.com.br\/blog\/prova-de-portugues-trf-2a-regiao-analista-sem-especialidade\/#article\",\"isPartOf\":{\"@id\":\"https:\/\/www.estrategiaconcursos.com.br\/blog\/prova-de-portugues-trf-2a-regiao-analista-sem-especialidade\/\"},\"author\":{\"name\":\"D\u00e9cio Terror Filho\",\"@id\":\"https:\/\/www.estrategiaconcursos.com.br\/blog\/#\/schema\/person\/e8165364027a31208914fc77c3314727\"},\"headline\":\"Prova de Portugu\u00eas TRF 2\u00aa Regi\u00e3o Analista Sem especialidade\",\"datePublished\":\"2017-03-14T12:43:47+00:00\",\"dateModified\":\"2017-03-16T13:59:48+00:00\",\"mainEntityOfPage\":{\"@id\":\"https:\/\/www.estrategiaconcursos.com.br\/blog\/prova-de-portugues-trf-2a-regiao-analista-sem-especialidade\/\"},\"wordCount\":2513,\"commentCount\":10,\"publisher\":{\"@id\":\"https:\/\/www.estrategiaconcursos.com.br\/blog\/#organization\"},\"image\":{\"@id\":\"https:\/\/www.estrategiaconcursos.com.br\/blog\/prova-de-portugues-trf-2a-regiao-analista-sem-especialidade\/#primaryimage\"},\"thumbnailUrl\":\"https:\/\/www.estrategiaconcursos.com.br\/blog\/wp-content\/uploads\/2017\/03\/trf2-imagem.png\",\"keywords\":[\"coment\u00e1rio portugu\u00eas trf 2\",\"coment\u00e1rio trf 2\"],\"articleSection\":[\"Concursos P\u00fablicos\",\"Tribunais\"],\"inLanguage\":\"pt-BR\",\"potentialAction\":[{\"@type\":\"CommentAction\",\"name\":\"Comment\",\"target\":[\"https:\/\/www.estrategiaconcursos.com.br\/blog\/prova-de-portugues-trf-2a-regiao-analista-sem-especialidade\/#respond\"]}],\"copyrightYear\":\"2017\",\"copyrightHolder\":{\"@id\":\"https:\/\/www.estrategiaconcursos.com.br\/blog\/#organization\"}},{\"@type\":\"WebPage\",\"@id\":\"https:\/\/www.estrategiaconcursos.com.br\/blog\/prova-de-portugues-trf-2a-regiao-analista-sem-especialidade\/\",\"url\":\"https:\/\/www.estrategiaconcursos.com.br\/blog\/prova-de-portugues-trf-2a-regiao-analista-sem-especialidade\/\",\"name\":\"Prova de Portugu\u00eas TRF 2\u00aa Regi\u00e3o Analista Sem especialidade\",\"isPartOf\":{\"@id\":\"https:\/\/www.estrategiaconcursos.com.br\/blog\/#website\"},\"primaryImageOfPage\":{\"@id\":\"https:\/\/www.estrategiaconcursos.com.br\/blog\/prova-de-portugues-trf-2a-regiao-analista-sem-especialidade\/#primaryimage\"},\"image\":{\"@id\":\"https:\/\/www.estrategiaconcursos.com.br\/blog\/prova-de-portugues-trf-2a-regiao-analista-sem-especialidade\/#primaryimage\"},\"thumbnailUrl\":\"https:\/\/www.estrategiaconcursos.com.br\/blog\/wp-content\/uploads\/2017\/03\/trf2-imagem.png\",\"datePublished\":\"2017-03-14T12:43:47+00:00\",\"dateModified\":\"2017-03-16T13:59:48+00:00\",\"breadcrumb\":{\"@id\":\"https:\/\/www.estrategiaconcursos.com.br\/blog\/prova-de-portugues-trf-2a-regiao-analista-sem-especialidade\/#breadcrumb\"},\"inLanguage\":\"pt-BR\",\"potentialAction\":[{\"@type\":\"ReadAction\",\"target\":[\"https:\/\/www.estrategiaconcursos.com.br\/blog\/prova-de-portugues-trf-2a-regiao-analista-sem-especialidade\/\"]}]},{\"@type\":\"ImageObject\",\"inLanguage\":\"pt-BR\",\"@id\":\"https:\/\/www.estrategiaconcursos.com.br\/blog\/prova-de-portugues-trf-2a-regiao-analista-sem-especialidade\/#primaryimage\",\"url\":\"https:\/\/dhg1h5j42swfq.cloudfront.net\/2017\/03\/14093259\/trf2-imagem.png\",\"contentUrl\":\"https:\/\/dhg1h5j42swfq.cloudfront.net\/2017\/03\/14093259\/trf2-imagem.png\",\"width\":302,\"height\":320,\"caption\":\"coment\u00e1rio prova TRF 2\"},{\"@type\":\"BreadcrumbList\",\"@id\":\"https:\/\/www.estrategiaconcursos.com.br\/blog\/prova-de-portugues-trf-2a-regiao-analista-sem-especialidade\/#breadcrumb\",\"itemListElement\":[{\"@type\":\"ListItem\",\"position\":1,\"name\":\"In\u00edcio\",\"item\":\"https:\/\/www.estrategiaconcursos.com.br\/blog\/\"},{\"@type\":\"ListItem\",\"position\":2,\"name\":\"Prova de Portugu\u00eas TRF 2\u00aa Regi\u00e3o Analista Sem especialidade\"}]},{\"@type\":\"WebSite\",\"@id\":\"https:\/\/www.estrategiaconcursos.com.br\/blog\/#website\",\"url\":\"https:\/\/www.estrategiaconcursos.com.br\/blog\/\",\"name\":\"Estrat\u00e9gia Concursos\",\"description\":\"O blog da Estrat\u00e9gia Concursos traz not\u00edcias sobre concursos e artigos de professores oferecendo cursos para concursos (pdf + videaulas) no site.\",\"publisher\":{\"@id\":\"https:\/\/www.estrategiaconcursos.com.br\/blog\/#organization\"},\"potentialAction\":[{\"@type\":\"SearchAction\",\"target\":{\"@type\":\"EntryPoint\",\"urlTemplate\":\"https:\/\/www.estrategiaconcursos.com.br\/blog\/?s={search_term_string}\"},\"query-input\":{\"@type\":\"PropertyValueSpecification\",\"valueRequired\":true,\"valueName\":\"search_term_string\"}}],\"inLanguage\":\"pt-BR\"},{\"@type\":\"Organization\",\"@id\":\"https:\/\/www.estrategiaconcursos.com.br\/blog\/#organization\",\"name\":\"Estrat\u00e9gia Concursos\",\"url\":\"https:\/\/www.estrategiaconcursos.com.br\/blog\/\",\"logo\":{\"@type\":\"ImageObject\",\"inLanguage\":\"pt-BR\",\"@id\":\"https:\/\/www.estrategiaconcursos.com.br\/blog\/#\/schema\/logo\/image\/\",\"url\":\"https:\/\/dhg1h5j42swfq.cloudfront.net\/2025\/06\/03203428\/logo_concursos-1.jpg\",\"contentUrl\":\"https:\/\/dhg1h5j42swfq.cloudfront.net\/2025\/06\/03203428\/logo_concursos-1.jpg\",\"width\":230,\"height\":60,\"caption\":\"Estrat\u00e9gia Concursos\"},\"image\":{\"@id\":\"https:\/\/www.estrategiaconcursos.com.br\/blog\/#\/schema\/logo\/image\/\"},\"sameAs\":[\"https:\/\/x.com\/EstratConcursos\"]},{\"@type\":\"Person\",\"@id\":\"https:\/\/www.estrategiaconcursos.com.br\/blog\/#\/schema\/person\/e8165364027a31208914fc77c3314727\",\"name\":\"D\u00e9cio Terror Filho\",\"image\":{\"@type\":\"ImageObject\",\"inLanguage\":\"pt-BR\",\"@id\":\"https:\/\/secure.gravatar.com\/avatar\/a5b78e734de7c6482e965926e78344deb81abbc34282a3c9536cbb1a59728a37?s=96&d=mm&r=g\",\"url\":\"https:\/\/secure.gravatar.com\/avatar\/a5b78e734de7c6482e965926e78344deb81abbc34282a3c9536cbb1a59728a37?s=96&d=mm&r=g\",\"contentUrl\":\"https:\/\/secure.gravatar.com\/avatar\/a5b78e734de7c6482e965926e78344deb81abbc34282a3c9536cbb1a59728a37?s=96&d=mm&r=g\",\"caption\":\"D\u00e9cio Terror Filho\"},\"url\":\"https:\/\/www.estrategiaconcursos.com.br\/blog\/author\/contatoterrorportugues-com-br\/\"}]}<\/script>\n<!-- \/ Yoast SEO Premium plugin. -->","yoast_head_json":{"title":"Prova de Portugu\u00eas TRF 2\u00aa Regi\u00e3o Analista Sem especialidade","robots":{"index":"index","follow":"follow","max-snippet":"max-snippet:-1","max-image-preview":"max-image-preview:large","max-video-preview":"max-video-preview:-1"},"canonical":"https:\/\/www.estrategiaconcursos.com.br\/blog\/prova-de-portugues-trf-2a-regiao-analista-sem-especialidade\/","og_locale":"pt_BR","og_type":"article","og_title":"Prova de Portugu\u00eas TRF 2\u00aa Regi\u00e3o Analista Sem especialidade","og_description":"Ol&aacute;, pessoal! Vou fazer um breve coment&aacute;rio da&nbsp;Prova de Portugu&ecirc;s TRF 2&ordf; Regi&atilde;o Analista Sem especialidade. Tomei por base a seguinte prova:&nbsp; ANALISTA JUDICI&Aacute;RIO &ndash; ADMINISTRATIVA &ndash; SEM ESPECIALIDADE &ndash; TIPO 02 &ndash; VERDE PROVA APLICADA DIA 12\/03\/2017 \/ TURNO &#8211; TARDE Bom, realmente foi uma prova trabalhosa com muitas quest&otilde;es grandes e que tomaram [&hellip;]","og_url":"https:\/\/www.estrategiaconcursos.com.br\/blog\/prova-de-portugues-trf-2a-regiao-analista-sem-especialidade\/","og_site_name":"Estrat\u00e9gia Concursos","article_published_time":"2017-03-14T12:43:47+00:00","article_modified_time":"2017-03-16T13:59:48+00:00","og_image":[{"url":"https:\/\/www.estrategiaconcursos.com.br\/blog\/wp-content\/uploads\/2017\/03\/trf2-imagem.png","type":"","width":"","height":""}],"author":"D\u00e9cio Terror Filho","twitter_card":"summary_large_image","twitter_creator":"@EstratConcursos","twitter_site":"@EstratConcursos","twitter_misc":{"Escrito por":"D\u00e9cio Terror Filho","Est. tempo de leitura":"13 minutos"},"schema":{"@context":"https:\/\/schema.org","@graph":[{"@type":"NewsArticle","@id":"https:\/\/www.estrategiaconcursos.com.br\/blog\/prova-de-portugues-trf-2a-regiao-analista-sem-especialidade\/#article","isPartOf":{"@id":"https:\/\/www.estrategiaconcursos.com.br\/blog\/prova-de-portugues-trf-2a-regiao-analista-sem-especialidade\/"},"author":{"name":"D\u00e9cio Terror Filho","@id":"https:\/\/www.estrategiaconcursos.com.br\/blog\/#\/schema\/person\/e8165364027a31208914fc77c3314727"},"headline":"Prova de Portugu\u00eas TRF 2\u00aa Regi\u00e3o Analista Sem especialidade","datePublished":"2017-03-14T12:43:47+00:00","dateModified":"2017-03-16T13:59:48+00:00","mainEntityOfPage":{"@id":"https:\/\/www.estrategiaconcursos.com.br\/blog\/prova-de-portugues-trf-2a-regiao-analista-sem-especialidade\/"},"wordCount":2513,"commentCount":10,"publisher":{"@id":"https:\/\/www.estrategiaconcursos.com.br\/blog\/#organization"},"image":{"@id":"https:\/\/www.estrategiaconcursos.com.br\/blog\/prova-de-portugues-trf-2a-regiao-analista-sem-especialidade\/#primaryimage"},"thumbnailUrl":"https:\/\/www.estrategiaconcursos.com.br\/blog\/wp-content\/uploads\/2017\/03\/trf2-imagem.png","keywords":["coment\u00e1rio portugu\u00eas trf 2","coment\u00e1rio trf 2"],"articleSection":["Concursos P\u00fablicos","Tribunais"],"inLanguage":"pt-BR","potentialAction":[{"@type":"CommentAction","name":"Comment","target":["https:\/\/www.estrategiaconcursos.com.br\/blog\/prova-de-portugues-trf-2a-regiao-analista-sem-especialidade\/#respond"]}],"copyrightYear":"2017","copyrightHolder":{"@id":"https:\/\/www.estrategiaconcursos.com.br\/blog\/#organization"}},{"@type":"WebPage","@id":"https:\/\/www.estrategiaconcursos.com.br\/blog\/prova-de-portugues-trf-2a-regiao-analista-sem-especialidade\/","url":"https:\/\/www.estrategiaconcursos.com.br\/blog\/prova-de-portugues-trf-2a-regiao-analista-sem-especialidade\/","name":"Prova de Portugu\u00eas TRF 2\u00aa Regi\u00e3o Analista Sem especialidade","isPartOf":{"@id":"https:\/\/www.estrategiaconcursos.com.br\/blog\/#website"},"primaryImageOfPage":{"@id":"https:\/\/www.estrategiaconcursos.com.br\/blog\/prova-de-portugues-trf-2a-regiao-analista-sem-especialidade\/#primaryimage"},"image":{"@id":"https:\/\/www.estrategiaconcursos.com.br\/blog\/prova-de-portugues-trf-2a-regiao-analista-sem-especialidade\/#primaryimage"},"thumbnailUrl":"https:\/\/www.estrategiaconcursos.com.br\/blog\/wp-content\/uploads\/2017\/03\/trf2-imagem.png","datePublished":"2017-03-14T12:43:47+00:00","dateModified":"2017-03-16T13:59:48+00:00","breadcrumb":{"@id":"https:\/\/www.estrategiaconcursos.com.br\/blog\/prova-de-portugues-trf-2a-regiao-analista-sem-especialidade\/#breadcrumb"},"inLanguage":"pt-BR","potentialAction":[{"@type":"ReadAction","target":["https:\/\/www.estrategiaconcursos.com.br\/blog\/prova-de-portugues-trf-2a-regiao-analista-sem-especialidade\/"]}]},{"@type":"ImageObject","inLanguage":"pt-BR","@id":"https:\/\/www.estrategiaconcursos.com.br\/blog\/prova-de-portugues-trf-2a-regiao-analista-sem-especialidade\/#primaryimage","url":"https:\/\/dhg1h5j42swfq.cloudfront.net\/2017\/03\/14093259\/trf2-imagem.png","contentUrl":"https:\/\/dhg1h5j42swfq.cloudfront.net\/2017\/03\/14093259\/trf2-imagem.png","width":302,"height":320,"caption":"coment\u00e1rio prova TRF 2"},{"@type":"BreadcrumbList","@id":"https:\/\/www.estrategiaconcursos.com.br\/blog\/prova-de-portugues-trf-2a-regiao-analista-sem-especialidade\/#breadcrumb","itemListElement":[{"@type":"ListItem","position":1,"name":"In\u00edcio","item":"https:\/\/www.estrategiaconcursos.com.br\/blog\/"},{"@type":"ListItem","position":2,"name":"Prova de Portugu\u00eas TRF 2\u00aa Regi\u00e3o Analista Sem especialidade"}]},{"@type":"WebSite","@id":"https:\/\/www.estrategiaconcursos.com.br\/blog\/#website","url":"https:\/\/www.estrategiaconcursos.com.br\/blog\/","name":"Estrat\u00e9gia Concursos","description":"O blog da Estrat\u00e9gia Concursos traz not\u00edcias sobre concursos e artigos de professores oferecendo cursos para concursos (pdf + videaulas) no site.","publisher":{"@id":"https:\/\/www.estrategiaconcursos.com.br\/blog\/#organization"},"potentialAction":[{"@type":"SearchAction","target":{"@type":"EntryPoint","urlTemplate":"https:\/\/www.estrategiaconcursos.com.br\/blog\/?s={search_term_string}"},"query-input":{"@type":"PropertyValueSpecification","valueRequired":true,"valueName":"search_term_string"}}],"inLanguage":"pt-BR"},{"@type":"Organization","@id":"https:\/\/www.estrategiaconcursos.com.br\/blog\/#organization","name":"Estrat\u00e9gia Concursos","url":"https:\/\/www.estrategiaconcursos.com.br\/blog\/","logo":{"@type":"ImageObject","inLanguage":"pt-BR","@id":"https:\/\/www.estrategiaconcursos.com.br\/blog\/#\/schema\/logo\/image\/","url":"https:\/\/dhg1h5j42swfq.cloudfront.net\/2025\/06\/03203428\/logo_concursos-1.jpg","contentUrl":"https:\/\/dhg1h5j42swfq.cloudfront.net\/2025\/06\/03203428\/logo_concursos-1.jpg","width":230,"height":60,"caption":"Estrat\u00e9gia Concursos"},"image":{"@id":"https:\/\/www.estrategiaconcursos.com.br\/blog\/#\/schema\/logo\/image\/"},"sameAs":["https:\/\/x.com\/EstratConcursos"]},{"@type":"Person","@id":"https:\/\/www.estrategiaconcursos.com.br\/blog\/#\/schema\/person\/e8165364027a31208914fc77c3314727","name":"D\u00e9cio Terror Filho","image":{"@type":"ImageObject","inLanguage":"pt-BR","@id":"https:\/\/secure.gravatar.com\/avatar\/a5b78e734de7c6482e965926e78344deb81abbc34282a3c9536cbb1a59728a37?s=96&d=mm&r=g","url":"https:\/\/secure.gravatar.com\/avatar\/a5b78e734de7c6482e965926e78344deb81abbc34282a3c9536cbb1a59728a37?s=96&d=mm&r=g","contentUrl":"https:\/\/secure.gravatar.com\/avatar\/a5b78e734de7c6482e965926e78344deb81abbc34282a3c9536cbb1a59728a37?s=96&d=mm&r=g","caption":"D\u00e9cio Terror Filho"},"url":"https:\/\/www.estrategiaconcursos.com.br\/blog\/author\/contatoterrorportugues-com-br\/"}]}},"_links":{"self":[{"href":"https:\/\/www.estrategiaconcursos.com.br\/blog\/wp-json\/wp\/v2\/posts\/67035","targetHints":{"allow":["GET"]}}],"collection":[{"href":"https:\/\/www.estrategiaconcursos.com.br\/blog\/wp-json\/wp\/v2\/posts"}],"about":[{"href":"https:\/\/www.estrategiaconcursos.com.br\/blog\/wp-json\/wp\/v2\/types\/post"}],"author":[{"embeddable":true,"href":"https:\/\/www.estrategiaconcursos.com.br\/blog\/wp-json\/wp\/v2\/users\/214"}],"replies":[{"embeddable":true,"href":"https:\/\/www.estrategiaconcursos.com.br\/blog\/wp-json\/wp\/v2\/comments?post=67035"}],"version-history":[{"count":11,"href":"https:\/\/www.estrategiaconcursos.com.br\/blog\/wp-json\/wp\/v2\/posts\/67035\/revisions"}],"predecessor-version":[{"id":67052,"href":"https:\/\/www.estrategiaconcursos.com.br\/blog\/wp-json\/wp\/v2\/posts\/67035\/revisions\/67052"}],"wp:attachment":[{"href":"https:\/\/www.estrategiaconcursos.com.br\/blog\/wp-json\/wp\/v2\/media?parent=67035"}],"wp:term":[{"taxonomy":"category","embeddable":true,"href":"https:\/\/www.estrategiaconcursos.com.br\/blog\/wp-json\/wp\/v2\/categories?post=67035"},{"taxonomy":"post_tag","embeddable":true,"href":"https:\/\/www.estrategiaconcursos.com.br\/blog\/wp-json\/wp\/v2\/tags?post=67035"},{"taxonomy":"tax_estado","embeddable":true,"href":"https:\/\/www.estrategiaconcursos.com.br\/blog\/wp-json\/wp\/v2\/tax_estado?post=67035"}],"curies":[{"name":"wp","href":"https:\/\/api.w.org\/{rel}","templated":true}]}}