{"id":66885,"date":"2017-03-12T21:08:12","date_gmt":"2017-03-13T00:08:12","guid":{"rendered":"https:\/\/www.estrategiaconcursos.com.br\/blog\/?p=66885"},"modified":"2018-09-21T17:02:10","modified_gmt":"2018-09-21T20:02:10","slug":"raciocinio-logico-trf2-rj-e-es-prova-resolvida-e-gabarito-extraoficial","status":"publish","type":"post","link":"https:\/\/www.estrategiaconcursos.com.br\/blog\/raciocinio-logico-trf2-rj-e-es-prova-resolvida-e-gabarito-extraoficial\/","title":{"rendered":"Racioc\u00ednio L\u00f3gico TRF2 (RJ e ES) &#8211; prova resolvida AJAJ e AJAA"},"content":{"rendered":"<p>Caros alunos, vejam a seguir a resolu\u00e7\u00e3o das quest\u00f5es de Racioc\u00ednio L\u00f3gico cobradas nas provas de <strong>Analista Judici\u00e1rio &#8211; \u00c1rea Judici\u00e1ria<\/strong>\u00a0<strong>(AJAJ) e Analista Judici\u00e1rio &#8211; \u00c1rea Administrativa (AJAA)<\/strong>\u00a0neste domingo.<\/p>\n<p style=\"text-align: center;\"><u><span style=\"color: #ff0000;\"><strong>PROVA RESOLVIDA &#8211; ANALISTA JUDICI\u00c1RIO &#8211; \u00c1REA JUDICI\u00c1RIA (AJAJ)<\/strong><\/span><\/u><\/p>\n<p>Para facilitar a identifica\u00e7\u00e3o das quest\u00f5es, colei as figuras com os enunciados das quest\u00f5es enviados por uma aluna minha que, para minha felicidade, <strong>GABARITOU a prova<\/strong>!<\/p>\n<p><img loading=\"lazy\" decoding=\"async\" class=\"aligncenter size-large wp-image-66887\" src=\"https:\/\/dhg1h5j42swfq.cloudfront.net\/2017\/03\/12153255\/17191694_1868666320021420_3107132978946630287_o.jpg\" alt=\"\" width=\"576\" height=\"1024\" srcset=\"https:\/\/dhg1h5j42swfq.cloudfront.net\/2017\/03\/12153255\/17191694_1868666320021420_3107132978946630287_o.jpg 1152w, https:\/\/dhg1h5j42swfq.cloudfront.net\/2017\/03\/12153255\/17191694_1868666320021420_3107132978946630287_o.jpg 169w, https:\/\/dhg1h5j42swfq.cloudfront.net\/2017\/03\/12153255\/17191694_1868666320021420_3107132978946630287_o.jpg 768w, https:\/\/dhg1h5j42swfq.cloudfront.net\/2017\/03\/12153255\/17191694_1868666320021420_3107132978946630287_o.jpg 576w\" sizes=\"auto, (max-width: 576px) 100vw, 576px\" \/><\/p>\n<p><b>RESOLU\u00c7\u00c3O:<\/b><\/p>\n<p>Veja que temos a sequ\u00eancia:<\/p>\n<p>1, 4, 6, 7, 8, 10, 13, 16, 18, 19, 20, 22, 25, 28, 30&#8230;<\/p>\n<p>&nbsp;<\/p>\n<p>Observe quanto \u00e9 preciso somar para ir de um n\u00famero para o seguinte. Voc\u00ea vai perceber a seguinte regularidade:<\/p>\n<p>+3, +2, +1, +1, +2, +3, +3, +2, +1, +1, +2, +3, +3, +2&#8230;<\/p>\n<p>&nbsp;<\/p>\n<p>Continuando essa l\u00f3gica, precisamos somar +1, obtendo 31, depois somar +1 novamente, obtendo 32, depois somar +2, obtendo 34, e depois somar +3, obtendo 37.<\/p>\n<p>&nbsp;<\/p>\n<p>Assim, os pr\u00f3ximos 4 termos seriam 31, 32, 34 e 37, cuja soma \u00e9 134.<\/p>\n<p><b>Resposta: B<\/b><\/p>\n<p><img loading=\"lazy\" decoding=\"async\" class=\"aligncenter size-full wp-image-66889\" src=\"https:\/\/dhg1h5j42swfq.cloudfront.net\/2017\/03\/12153531\/17155930_1868666333354752_3732128456804694414_n.jpg\" alt=\"\" width=\"280\" height=\"497\" srcset=\"https:\/\/dhg1h5j42swfq.cloudfront.net\/2017\/03\/12153531\/17155930_1868666333354752_3732128456804694414_n.jpg 280w, https:\/\/dhg1h5j42swfq.cloudfront.net\/2017\/03\/12153531\/17155930_1868666333354752_3732128456804694414_n.jpg 169w\" sizes=\"auto, (max-width: 280px) 100vw, 280px\" \/><\/p>\n<p><b>RESOLU\u00c7\u00c3O:\u00a0<\/b><\/p>\n<p>Veja as duas bolinhas do c\u00edrculo externo. Temos uma preta e uma branca. Na figura seguinte, elas passaram para a pr\u00f3xima &#8220;fatia&#8221;, no sentido hor\u00e1rio. Na pr\u00f3xima figura, elas passam para a pr\u00f3xima &#8220;fatia&#8221;, e o mesmo ocorre na seguinte. Portanto, na figura da interroga\u00e7\u00e3o, elas devem estar na fatia seguinte, sempre no sentido hor\u00e1rio. Temos isso nas figuras das alternativas A, C e D. A figura B j\u00e1 pode ser descartada, pois nela a ordem entre a bolinha preta e a bolinha branca est\u00e1 invertida.<\/p>\n<p>&nbsp;<\/p>\n<p>Veja agora as duas bolinhas do c\u00edrculo intermedi\u00e1rio. Da primeira para a segunda figura, elas andam para a pr\u00f3xima fatia no sentido anti-hor\u00e1rio e invertem sua posi\u00e7\u00e3o (em vez de preto-branco, passamos para branco-preto). Na pr\u00f3xima elas andam mais uma casa no sentido anti-hor\u00e1rio e invertem novamente de posi\u00e7\u00e3o. Na pr\u00f3xima elas andam mais uma fatia no sentido anti-hor\u00e1rio e invertem. Para chegar na figura da interroga\u00e7\u00e3o, elas devem andar mais uma fatia no sentido anti-hor\u00e1rio e inverter a posi\u00e7\u00e3o, ficando primeiro a preta e depois a branca. Temos isso na alternativa D apenas, que \u00e9 o gabarito.<\/p>\n<p>&nbsp;<\/p>\n<p>S\u00f3 para confirmar, veja a bolinha que est\u00e1 sozinha no c\u00edrculo mais interno. De uma figura para a outra, ela &#8220;salta&#8221; uma fatia e vai para a pr\u00f3xima e, al\u00e9m disso, ela muda de cor. Partindo da quarta figura, para chegar na da interroga\u00e7\u00e3o a bolinha precisa andar duas casas no sentido hor\u00e1rio e mudar de cor, tornando-se preta. Isto realmente ocorre na figura da alternativa D.<\/p>\n<p><b>Resposta: D<\/b><\/p>\n<p><img loading=\"lazy\" decoding=\"async\" class=\"aligncenter size-full wp-image-66886\" src=\"https:\/\/dhg1h5j42swfq.cloudfront.net\/2017\/03\/12153215\/questao8.png\" alt=\"\" width=\"518\" height=\"431\" srcset=\"https:\/\/dhg1h5j42swfq.cloudfront.net\/2017\/03\/12153215\/questao8.png 518w, https:\/\/dhg1h5j42swfq.cloudfront.net\/2017\/03\/12153215\/questao8.png 300w, https:\/\/dhg1h5j42swfq.cloudfront.net\/2017\/03\/12153215\/questao8.png 361w\" sizes=\"auto, (max-width: 518px) 100vw, 518px\" \/><strong>RESOLU\u00c7\u00c3O:<\/strong><\/p>\n<p>Chamando de M, T e P as quantidades iniciais de ventiladores de mesa, teto e parede, respectivamente, temos:<\/p>\n<p>&#8211; total igual a 60 unidades: \u00a0 M + T + P = 60<\/p>\n<p>&#8211; n\u00famero de ventiladores de teto corresponde a tr\u00eas quartos do n\u00famero de ventiladores de mesa: T = 3M\/4<\/p>\n<p>&#8211; h\u00e1 10 ventiladores de parede a mais que os de teto: P = T + 10<\/p>\n<p>&nbsp;<\/p>\n<p>A segunda equa\u00e7\u00e3o pode ser reescrita assim: M = 4T\/3<\/p>\n<p>&nbsp;<\/p>\n<p>Voltando na primeira equa\u00e7\u00e3o, podemos substituir P e M pelas express\u00f5es encontradas, ficando:<\/p>\n<p>M + T + P = 60<\/p>\n<p>4T\/3 + T + T + 10 = 60<\/p>\n<p>4T\/3 + 3T\/3 + 3T\/3 = 60 &#8211; 10<\/p>\n<p>10T\/3 = 50<\/p>\n<p>T = 50 x 3\/10<\/p>\n<p>T = 15 ventiladores de teto<\/p>\n<p>Logo,<\/p>\n<p>P = T + 10 = 15 + 10 = 25 ventiladores de parede<\/p>\n<p>M = 4T\/3 = 4.15\/3 = 20 ventiladores de mesa<\/p>\n<p>&nbsp;<\/p>\n<p>Se acrescentarmos 9 ventiladores de parede e retirarmos 1\/3 dos ventiladores de teto (ou seja, 1\/3 x 15 = 5 ventiladores), e tirarmos tamb\u00e9m metade dos ventiladores de mesa (ou seja, 1\/2 x 20 = 10 ventiladores), ficaremos com:<\/p>\n<p>&nbsp;<\/p>\n<p>60 + 9 &#8211; 5 &#8211; 10 = 54 ventiladores<\/p>\n<p><strong>Resposta: C<\/strong><\/p>\n<p style=\"text-align: center;\"><span style=\"color: #ff0000;\"><strong><u>PROVA RESOLVIDA &#8211; ANALISTA JUDICI\u00c1RIO &#8211; \u00c1REA ADMINISTRATIVA (AJAA)<\/u><\/strong><\/span><\/p>\n<p style=\"text-align: center;\"><img loading=\"lazy\" decoding=\"async\" class=\"aligncenter size-full wp-image-66908\" src=\"https:\/\/dhg1h5j42swfq.cloudfront.net\/2017\/03\/12203624\/q15.png\" alt=\"\" width=\"371\" height=\"387\" srcset=\"https:\/\/dhg1h5j42swfq.cloudfront.net\/2017\/03\/12203624\/q15.png 371w, https:\/\/dhg1h5j42swfq.cloudfront.net\/2017\/03\/12203624\/q15.png 288w\" sizes=\"auto, (max-width: 371px) 100vw, 371px\" \/><\/p>\n<p style=\"text-align: justify;\"><strong>RESOLU\u00c7\u00c3O:<\/strong><\/p>\n<p style=\"text-align: justify;\">\n<p style=\"text-align: justify;\">Veja que as hort\u00eancias rosas e azuis j\u00e1 foram usadas, faltando somente as HORT\u00caNCIAS BRANCAS.<\/p>\n<p style=\"text-align: justify;\">Veja tamb\u00e9m que a primeira florista j\u00e1 usou as cores rosa e azul, faltando somente a branca, e j\u00e1 usou as hort\u00eancias e as g\u00e9rberas, faltando somente as rosas. Assim, essa primeira florista usou rosas brancas.<\/p>\n<p style=\"text-align: justify;\">Como j\u00e1 foram usadas as rosas brancas e as rosas rosas, faltam somente as ROSAS AZUIS.<\/p>\n<p style=\"text-align: justify;\">Veja ainda que a segunda florista j\u00e1 usou hort\u00eancias e rosas, faltando as g\u00e9rberas, e j\u00e1 usou as cores azul e rosa, faltando a cor branca. Portanto, ela usou tamb\u00e9m as g\u00e9rberas brancas.<\/p>\n<p style=\"text-align: justify;\">Como j\u00e1 foram usadas as g\u00e9rberas azuis e brancas, faltam somente as G\u00c9RBERAS ROSAS.<\/p>\n<p style=\"text-align: justify;\">Portanto, a terceira florista usou HORT\u00caNCIAS BRANCAS, ROSAS AZUIS E G\u00c9RBERAS ROSAS.<\/p>\n<p style=\"text-align: justify;\"><strong>Resposta: B<\/strong><\/p>\n<p style=\"text-align: center;\"><img loading=\"lazy\" decoding=\"async\" class=\"aligncenter size-full wp-image-66909\" src=\"https:\/\/dhg1h5j42swfq.cloudfront.net\/2017\/03\/12203639\/q16.png\" alt=\"\" width=\"452\" height=\"592\" srcset=\"https:\/\/dhg1h5j42swfq.cloudfront.net\/2017\/03\/12203639\/q16.png 452w, https:\/\/dhg1h5j42swfq.cloudfront.net\/2017\/03\/12203639\/q16.png 229w\" sizes=\"auto, (max-width: 452px) 100vw, 452px\" \/><\/p>\n<p style=\"text-align: justify;\"><strong>RESOLU\u00c7\u00c3O:<\/strong><\/p>\n<p style=\"text-align: justify;\">Vamos chamar de M, F1 e F2 os conjuntos dos pais que compraram materiais para o ensino m\u00e9dio, fundamental I e fundamental II respectivamente. Podemos dizer que:<\/p>\n<p style=\"text-align: justify;\">n(M ou F1 ou F2) = n(M) + n(F1) + n(F2) &#8211; n(M e F1) &#8211; n(M e F2) &#8211; n(F1 e F2) + n(M e F1 e F2)<\/p>\n<p style=\"text-align: justify;\">n(M ou F1 ou F2) = 160 + 190 + 180 &#8211; 20 &#8211; 40 &#8211; 30 + 10<\/p>\n<p style=\"text-align: justify;\">n(M ou F1 ou F2) = 450<\/p>\n<p style=\"text-align: justify;\">\n<p style=\"text-align: justify;\">Como temos um total de 500 clientes, e 450 compraram materiais para n\u00edvel m\u00e9dio, fundamental I ou II, os demais clientes s\u00e3o 50.<\/p>\n<p style=\"text-align: justify;\"><span style=\"color: #ff0000;\"><b>Observa\u00e7\u00e3o:<\/b>\u00a0vejam que esta quest\u00e3o cobrou Opera\u00e7\u00f5es com Conjuntos, t\u00f3pico que n\u00e3o estava expresso no edital do TRF2. Embora algu\u00e9m possa at\u00e9 enquadrar, de forma gen\u00e9rica, este assunto dentro de Racioc\u00ednio L\u00f3gico, acho que a atitude correta da banca seria a anula\u00e7\u00e3o da quest\u00e3o. Isto porque, em editais anteriores da CONSULPLAN onde ela quis cobrar opera\u00e7\u00f5es com conjuntos, ela o fez de forma expl\u00edcita. Veja este edital do concurso do MAPA em 2014, em especial a parte que grifei:<\/span><\/p>\n<p style=\"text-align: justify;\"><span style=\"color: #ff0000;\"><strong>RACIOC\u00cdNIO L\u00d3GICO<\/strong><\/span><\/p>\n<p style=\"text-align: justify;\"><span style=\"color: #ff0000;\">Princ\u00edpio da Regress\u00e3o ou Revers\u00e3o. L\u00f3gica Dedutiva, Argumentativa e Quantitativa. L\u00f3gica matem\u00e1tica qualitativa, Sequ\u00eancias L\u00f3gicas envolvendo N\u00fameros, Letras e Figuras. Geometria b\u00e1sica. \u00c1lgebra b\u00e1sica e sistemas lineares.Calend\u00e1rios. Numera\u00e7\u00e3o. Raz\u00f5es Especiais. An\u00e1lise Combinat\u00f3ria e Probabilidade. Progress\u00f5es Aritm\u00e9tica e Geom\u00e9trica. <strong>Conjuntos; as rela\u00e7\u00f5es de pertin\u00eancia, inclus\u00e3o e igualdade; opera\u00e7\u00f5es entre conjuntos, uni\u00e3o, interse\u00e7\u00e3o e diferen\u00e7a.<\/strong> Compara\u00e7\u00f5es.<\/span><\/p>\n<p style=\"text-align: justify;\"><strong>Resposta: A (mas deveria ser anulada)<\/strong><\/p>\n<p style=\"text-align: center;\"><img loading=\"lazy\" decoding=\"async\" class=\"aligncenter size-full wp-image-66910\" src=\"https:\/\/dhg1h5j42swfq.cloudfront.net\/2017\/03\/12203658\/q17.png\" alt=\"\" width=\"515\" height=\"370\" srcset=\"https:\/\/dhg1h5j42swfq.cloudfront.net\/2017\/03\/12203658\/q17.png 515w, https:\/\/dhg1h5j42swfq.cloudfront.net\/2017\/03\/12203658\/q17.png 300w, https:\/\/dhg1h5j42swfq.cloudfront.net\/2017\/03\/12203658\/q17.png 418w\" sizes=\"auto, (max-width: 515px) 100vw, 515px\" \/><\/p>\n<p style=\"text-align: justify;\"><strong>RESOLU\u00c7\u00c3O:<\/strong><\/p>\n<p style=\"text-align: justify;\">Sendo Pab, Ped e Pau os trocos de cada rapaz, podemos dizer que:<\/p>\n<p style=\"text-align: justify;\">(Pab + Ped) \/ 4 = Pau<\/p>\n<p style=\"text-align: justify;\">Pau + Ped = 30<\/p>\n<p style=\"text-align: justify;\">Pab &#8211; Pau = 10<\/p>\n<p style=\"text-align: justify;\">Com a segunda equa\u00e7\u00e3o, podemos escrever que: Ped = 30 &#8211; Pau<\/p>\n<p style=\"text-align: justify;\">Com a terceira equa\u00e7\u00e3o, podemos escrever que: Pab = 10 + Pau<\/p>\n<p style=\"text-align: justify;\">A primeira equa\u00e7\u00e3o pode ser reescrita como:<\/p>\n<p style=\"text-align: justify;\">Pab + Ped = 4.Pau<\/p>\n<p style=\"text-align: justify;\">Substituindo Pab e Ped pelas express\u00f5es obtidas acima, temos:<\/p>\n<p style=\"text-align: justify;\">10 + Pau + 30 &#8211; Pau = 4.Pau<\/p>\n<p style=\"text-align: justify;\">40 = 4.Pau<\/p>\n<p style=\"text-align: justify;\">Pau = 10 reais<\/p>\n<p style=\"text-align: justify;\">Assim,<\/p>\n<p style=\"text-align: justify;\">Ped = 30 &#8211; Pau = 30 &#8211; 10 = 20 reais<\/p>\n<p style=\"text-align: justify;\">Pab = 10 + Pau = 10 + 10 = 20 reais<\/p>\n<p style=\"text-align: justify;\">O troco de Pablo foi de 20 reais.<\/p>\n<p style=\"text-align: justify;\"><strong>Resposta: C<\/strong><\/p>\n<p style=\"text-align: center;\"><img loading=\"lazy\" decoding=\"async\" class=\"aligncenter size-full wp-image-66913\" src=\"https:\/\/dhg1h5j42swfq.cloudfront.net\/2017\/03\/12203710\/q18.png\" alt=\"\" width=\"525\" height=\"394\" srcset=\"https:\/\/dhg1h5j42swfq.cloudfront.net\/2017\/03\/12203710\/q18.png 525w, https:\/\/dhg1h5j42swfq.cloudfront.net\/2017\/03\/12203710\/q18.png 300w, https:\/\/dhg1h5j42swfq.cloudfront.net\/2017\/03\/12203710\/q18.png 400w\" sizes=\"auto, (max-width: 525px) 100vw, 525px\" \/><\/p>\n<p style=\"text-align: justify;\"><strong>RESOLU\u00c7\u00c3O:<\/strong><\/p>\n<p style=\"text-align: justify;\">Veja que \u00e0s 7h parte um \u00f4nibus para a cidade A, afinal j\u00e1 se passaram 30 minutos em rela\u00e7\u00e3o \u00e0s 6h30. Portanto, \u00e0s 7h temos partidas simult\u00e2neas para as cidades A e B. A partir da\u00ed, as partidas simult\u00e2neas se dar\u00e3o nos m\u00faltiplos comuns entre 30 e 40 minutos. O m\u00ednimo m\u00faltiplo comum entre 30 e 40 minutos \u00e9 120 minutos. Portanto, ap\u00f3s 120 minutos teremos a segunda partida simult\u00e2nea.<\/p>\n<p style=\"text-align: justify;\">Como 120 minutos s\u00e3o 2 horas, e estamos contando a partir das 7h, chegamos ao hor\u00e1rio de 9h.<\/p>\n<p style=\"text-align: justify;\"><strong>Resposta: C<\/strong><\/p>\n<p style=\"text-align: justify;\"><img loading=\"lazy\" decoding=\"async\" class=\"aligncenter size-full wp-image-66920\" src=\"https:\/\/dhg1h5j42swfq.cloudfront.net\/2017\/03\/12212131\/q19.png\" alt=\"\" width=\"514\" height=\"728\" srcset=\"https:\/\/dhg1h5j42swfq.cloudfront.net\/2017\/03\/12212131\/q19.png 514w, https:\/\/dhg1h5j42swfq.cloudfront.net\/2017\/03\/12212131\/q19.png 212w\" sizes=\"auto, (max-width: 514px) 100vw, 514px\" \/><b>RESOLU\u00c7\u00c3O:<\/b><\/p>\n<p style=\"text-align: justify;\">Uma vogal comum ao nome das 3 meninas \u00e9 a letra I. Esta \u00e9 a primeira letra da senha.<\/p>\n<p style=\"text-align: justify;\">Tanto Camila como Denise possuem nomes com vogais dobradas. Na s\u00edlaba central dos dois nomes, temos as consoantes M e N, respectivamente. Portanto, uma dessas duas letras deve ser a segunda da senha.<\/p>\n<p style=\"text-align: justify;\">Tanto a letra A como a letra E podem ser a terceira letra, pois ambas est\u00e3o presentes no nome de 2 amigas e est\u00e3o repetidas em algum deles.<\/p>\n<p style=\"text-align: justify;\">A quarta letra pode ser G ou C, que s\u00e3o as consoantes que iniciam os nomes doas animais de estima\u00e7\u00e3o. Mas a letra C faz parte do nome de Camila, motivo pelo qual deve\u00a0ser exclu\u00edda. Assim, a quarta letra s\u00f3 pode ser G. Ficamos entre as alternativas C e D apenas: IMAGENS ou IMAGINA.<\/p>\n<p style=\"text-align: justify;\">A quinta e sexta letras do nome IMAGENS s\u00e3o EN. Elas n\u00e3o est\u00e3o na s\u00edlaba central de nenhum dos nomes. Mas a quinta e sexta letras do nome IMAGINA s\u00e3o IN, que est\u00e3o na s\u00edlaba central do nome de Denise, por\u00e9m n\u00e3o na mesma ordem. Fica claro que a senha s\u00f3 pode ser IMAGINA.<\/p>\n<p style=\"text-align: justify;\">A s\u00e9tima letra \u00e9 uma vogal presente no nome de 2 amigas e da Cadela. Estamos falando da letra A, presente nos nomes de Beatriz, Camila e na cadela Cacau.<\/p>\n<p style=\"text-align: justify;\"><b>Resposta: D<\/b><\/p>\n","protected":false},"excerpt":{"rendered":"<p>Caros alunos, vejam a seguir a resolu\u00e7\u00e3o das quest\u00f5es de Racioc\u00ednio L\u00f3gico cobradas nas provas de Analista Judici\u00e1rio &#8211; \u00c1rea Judici\u00e1ria\u00a0(AJAJ) e Analista Judici\u00e1rio &#8211; \u00c1rea Administrativa (AJAA)\u00a0neste domingo. PROVA RESOLVIDA &#8211; ANALISTA JUDICI\u00c1RIO &#8211; \u00c1REA JUDICI\u00c1RIA (AJAJ) Para facilitar a identifica\u00e7\u00e3o das quest\u00f5es, colei as figuras com os enunciados das quest\u00f5es enviados por uma [&hellip;]<\/p>\n","protected":false},"author":48,"featured_media":43262,"comment_status":"open","ping_status":"open","sticky":false,"template":"","format":"standard","meta":{"post_tipo":"article","footnotes":""},"categories":[1],"tags":[1294],"tax_estado":[],"class_list":["post-66885","post","type-post","status-publish","format-standard","has-post-thumbnail","hentry","category-cursos-e-concursos","tag-trf-2"],"acf":[],"yoast_head":"<!-- This site is optimized with the Yoast SEO Premium plugin v27.2 (Yoast SEO v27.2) - https:\/\/yoast.com\/product\/yoast-seo-premium-wordpress\/ -->\n<title>Racioc\u00ednio L\u00f3gico TRF2 (RJ e ES) - prova resolvida AJAJ e AJAA<\/title>\n<meta name=\"robots\" content=\"index, follow, max-snippet:-1, max-image-preview:large, max-video-preview:-1\" \/>\n<link rel=\"canonical\" href=\"https:\/\/www.estrategiaconcursos.com.br\/blog\/raciocinio-logico-trf2-rj-e-es-prova-resolvida-e-gabarito-extraoficial\/\" \/>\n<meta property=\"og:locale\" content=\"pt_BR\" \/>\n<meta property=\"og:type\" content=\"article\" \/>\n<meta property=\"og:title\" content=\"Racioc\u00ednio L\u00f3gico TRF2 (RJ e ES) - prova resolvida AJAJ e AJAA\" \/>\n<meta property=\"og:description\" content=\"Caros alunos, vejam a seguir a resolu\u00e7\u00e3o das quest\u00f5es de Racioc\u00ednio L\u00f3gico cobradas nas provas de Analista Judici\u00e1rio &#8211; \u00c1rea Judici\u00e1ria\u00a0(AJAJ) e Analista Judici\u00e1rio &#8211; \u00c1rea Administrativa (AJAA)\u00a0neste domingo. PROVA RESOLVIDA &#8211; ANALISTA JUDICI\u00c1RIO &#8211; \u00c1REA JUDICI\u00c1RIA (AJAJ) Para facilitar a identifica\u00e7\u00e3o das quest\u00f5es, colei as figuras com os enunciados das quest\u00f5es enviados por uma [&hellip;]\" \/>\n<meta property=\"og:url\" content=\"https:\/\/www.estrategiaconcursos.com.br\/blog\/raciocinio-logico-trf2-rj-e-es-prova-resolvida-e-gabarito-extraoficial\/\" \/>\n<meta property=\"og:site_name\" content=\"Estrat\u00e9gia Concursos\" \/>\n<meta property=\"article:published_time\" content=\"2017-03-13T00:08:12+00:00\" \/>\n<meta property=\"article:modified_time\" content=\"2018-09-21T20:02:10+00:00\" \/>\n<meta property=\"og:image\" content=\"https:\/\/dhg1h5j42swfq.cloudfront.net\/2016\/07\/09202054\/gabarito-e1509444514343.jpeg\" \/>\n\t<meta property=\"og:image:width\" content=\"400\" \/>\n\t<meta property=\"og:image:height\" content=\"267\" \/>\n\t<meta property=\"og:image:type\" content=\"image\/jpeg\" \/>\n<meta name=\"author\" content=\"Coordena\u00e7\u00e3o\" \/>\n<meta name=\"twitter:card\" content=\"summary_large_image\" \/>\n<meta name=\"twitter:creator\" content=\"@EstratConcursos\" \/>\n<meta name=\"twitter:site\" content=\"@EstratConcursos\" \/>\n<meta name=\"twitter:label1\" content=\"Escrito por\" \/>\n\t<meta name=\"twitter:data1\" content=\"Coordena\u00e7\u00e3o\" \/>\n\t<meta name=\"twitter:label2\" content=\"Est. tempo de leitura\" \/>\n\t<meta name=\"twitter:data2\" content=\"7 minutos\" \/>\n<script type=\"application\/ld+json\" class=\"yoast-schema-graph\">{\"@context\":\"https:\/\/schema.org\",\"@graph\":[{\"@type\":\"NewsArticle\",\"@id\":\"https:\/\/www.estrategiaconcursos.com.br\/blog\/raciocinio-logico-trf2-rj-e-es-prova-resolvida-e-gabarito-extraoficial\/#article\",\"isPartOf\":{\"@id\":\"https:\/\/www.estrategiaconcursos.com.br\/blog\/raciocinio-logico-trf2-rj-e-es-prova-resolvida-e-gabarito-extraoficial\/\"},\"author\":{\"name\":\"Coordena\u00e7\u00e3o\",\"@id\":\"https:\/\/www.estrategiaconcursos.com.br\/blog\/#\/schema\/person\/cdad40b5818eb228a838461fcd656da7\"},\"headline\":\"Racioc\u00ednio L\u00f3gico TRF2 (RJ e ES) &#8211; prova resolvida AJAJ e AJAA\",\"datePublished\":\"2017-03-13T00:08:12+00:00\",\"dateModified\":\"2018-09-21T20:02:10+00:00\",\"mainEntityOfPage\":{\"@id\":\"https:\/\/www.estrategiaconcursos.com.br\/blog\/raciocinio-logico-trf2-rj-e-es-prova-resolvida-e-gabarito-extraoficial\/\"},\"wordCount\":1439,\"commentCount\":38,\"publisher\":{\"@id\":\"https:\/\/www.estrategiaconcursos.com.br\/blog\/#organization\"},\"image\":{\"@id\":\"https:\/\/www.estrategiaconcursos.com.br\/blog\/raciocinio-logico-trf2-rj-e-es-prova-resolvida-e-gabarito-extraoficial\/#primaryimage\"},\"thumbnailUrl\":\"https:\/\/dhg1h5j42swfq.cloudfront.net\/2016\/07\/09202054\/gabarito-e1509444514343.jpeg\",\"keywords\":[\"TRF 2\"],\"articleSection\":[\"Concursos P\u00fablicos\"],\"inLanguage\":\"pt-BR\",\"potentialAction\":[{\"@type\":\"CommentAction\",\"name\":\"Comment\",\"target\":[\"https:\/\/www.estrategiaconcursos.com.br\/blog\/raciocinio-logico-trf2-rj-e-es-prova-resolvida-e-gabarito-extraoficial\/#respond\"]}],\"copyrightYear\":\"2017\",\"copyrightHolder\":{\"@id\":\"https:\/\/www.estrategiaconcursos.com.br\/blog\/#organization\"}},{\"@type\":\"WebPage\",\"@id\":\"https:\/\/www.estrategiaconcursos.com.br\/blog\/raciocinio-logico-trf2-rj-e-es-prova-resolvida-e-gabarito-extraoficial\/\",\"url\":\"https:\/\/www.estrategiaconcursos.com.br\/blog\/raciocinio-logico-trf2-rj-e-es-prova-resolvida-e-gabarito-extraoficial\/\",\"name\":\"Racioc\u00ednio L\u00f3gico TRF2 (RJ e ES) - prova resolvida AJAJ e AJAA\",\"isPartOf\":{\"@id\":\"https:\/\/www.estrategiaconcursos.com.br\/blog\/#website\"},\"primaryImageOfPage\":{\"@id\":\"https:\/\/www.estrategiaconcursos.com.br\/blog\/raciocinio-logico-trf2-rj-e-es-prova-resolvida-e-gabarito-extraoficial\/#primaryimage\"},\"image\":{\"@id\":\"https:\/\/www.estrategiaconcursos.com.br\/blog\/raciocinio-logico-trf2-rj-e-es-prova-resolvida-e-gabarito-extraoficial\/#primaryimage\"},\"thumbnailUrl\":\"https:\/\/dhg1h5j42swfq.cloudfront.net\/2016\/07\/09202054\/gabarito-e1509444514343.jpeg\",\"datePublished\":\"2017-03-13T00:08:12+00:00\",\"dateModified\":\"2018-09-21T20:02:10+00:00\",\"breadcrumb\":{\"@id\":\"https:\/\/www.estrategiaconcursos.com.br\/blog\/raciocinio-logico-trf2-rj-e-es-prova-resolvida-e-gabarito-extraoficial\/#breadcrumb\"},\"inLanguage\":\"pt-BR\",\"potentialAction\":[{\"@type\":\"ReadAction\",\"target\":[\"https:\/\/www.estrategiaconcursos.com.br\/blog\/raciocinio-logico-trf2-rj-e-es-prova-resolvida-e-gabarito-extraoficial\/\"]}]},{\"@type\":\"ImageObject\",\"inLanguage\":\"pt-BR\",\"@id\":\"https:\/\/www.estrategiaconcursos.com.br\/blog\/raciocinio-logico-trf2-rj-e-es-prova-resolvida-e-gabarito-extraoficial\/#primaryimage\",\"url\":\"https:\/\/dhg1h5j42swfq.cloudfront.net\/2016\/07\/09202054\/gabarito-e1509444514343.jpeg\",\"contentUrl\":\"https:\/\/dhg1h5j42swfq.cloudfront.net\/2016\/07\/09202054\/gabarito-e1509444514343.jpeg\",\"width\":400,\"height\":267,\"caption\":\"concursos 2019\"},{\"@type\":\"BreadcrumbList\",\"@id\":\"https:\/\/www.estrategiaconcursos.com.br\/blog\/raciocinio-logico-trf2-rj-e-es-prova-resolvida-e-gabarito-extraoficial\/#breadcrumb\",\"itemListElement\":[{\"@type\":\"ListItem\",\"position\":1,\"name\":\"In\u00edcio\",\"item\":\"https:\/\/www.estrategiaconcursos.com.br\/blog\/\"},{\"@type\":\"ListItem\",\"position\":2,\"name\":\"Racioc\u00ednio L\u00f3gico TRF2 (RJ e ES) &#8211; prova resolvida AJAJ e AJAA\"}]},{\"@type\":\"WebSite\",\"@id\":\"https:\/\/www.estrategiaconcursos.com.br\/blog\/#website\",\"url\":\"https:\/\/www.estrategiaconcursos.com.br\/blog\/\",\"name\":\"Estrat\u00e9gia Concursos\",\"description\":\"O blog da Estrat\u00e9gia Concursos traz not\u00edcias sobre concursos e artigos de professores oferecendo cursos para concursos (pdf + videaulas) no site.\",\"publisher\":{\"@id\":\"https:\/\/www.estrategiaconcursos.com.br\/blog\/#organization\"},\"potentialAction\":[{\"@type\":\"SearchAction\",\"target\":{\"@type\":\"EntryPoint\",\"urlTemplate\":\"https:\/\/www.estrategiaconcursos.com.br\/blog\/?s={search_term_string}\"},\"query-input\":{\"@type\":\"PropertyValueSpecification\",\"valueRequired\":true,\"valueName\":\"search_term_string\"}}],\"inLanguage\":\"pt-BR\"},{\"@type\":\"Organization\",\"@id\":\"https:\/\/www.estrategiaconcursos.com.br\/blog\/#organization\",\"name\":\"Estrat\u00e9gia Concursos\",\"url\":\"https:\/\/www.estrategiaconcursos.com.br\/blog\/\",\"logo\":{\"@type\":\"ImageObject\",\"inLanguage\":\"pt-BR\",\"@id\":\"https:\/\/www.estrategiaconcursos.com.br\/blog\/#\/schema\/logo\/image\/\",\"url\":\"https:\/\/dhg1h5j42swfq.cloudfront.net\/2025\/06\/03203428\/logo_concursos-1.jpg\",\"contentUrl\":\"https:\/\/dhg1h5j42swfq.cloudfront.net\/2025\/06\/03203428\/logo_concursos-1.jpg\",\"width\":230,\"height\":60,\"caption\":\"Estrat\u00e9gia Concursos\"},\"image\":{\"@id\":\"https:\/\/www.estrategiaconcursos.com.br\/blog\/#\/schema\/logo\/image\/\"},\"sameAs\":[\"https:\/\/x.com\/EstratConcursos\"]},{\"@type\":\"Person\",\"@id\":\"https:\/\/www.estrategiaconcursos.com.br\/blog\/#\/schema\/person\/cdad40b5818eb228a838461fcd656da7\",\"name\":\"Coordena\u00e7\u00e3o\",\"image\":{\"@type\":\"ImageObject\",\"inLanguage\":\"pt-BR\",\"@id\":\"https:\/\/secure.gravatar.com\/avatar\/a413b22da0f5009c634f6c4586a2dbe5207074fd5becd88db5183b8069ef25e4?s=96&d=mm&r=g\",\"url\":\"https:\/\/secure.gravatar.com\/avatar\/a413b22da0f5009c634f6c4586a2dbe5207074fd5becd88db5183b8069ef25e4?s=96&d=mm&r=g\",\"contentUrl\":\"https:\/\/secure.gravatar.com\/avatar\/a413b22da0f5009c634f6c4586a2dbe5207074fd5becd88db5183b8069ef25e4?s=96&d=mm&r=g\",\"caption\":\"Coordena\u00e7\u00e3o\"},\"url\":\"https:\/\/www.estrategiaconcursos.com.br\/blog\/author\/contatoestrategiaconcursos-com-br\/\"}]}<\/script>\n<!-- \/ Yoast SEO Premium plugin. -->","yoast_head_json":{"title":"Racioc\u00ednio L\u00f3gico TRF2 (RJ e ES) - prova resolvida AJAJ e AJAA","robots":{"index":"index","follow":"follow","max-snippet":"max-snippet:-1","max-image-preview":"max-image-preview:large","max-video-preview":"max-video-preview:-1"},"canonical":"https:\/\/www.estrategiaconcursos.com.br\/blog\/raciocinio-logico-trf2-rj-e-es-prova-resolvida-e-gabarito-extraoficial\/","og_locale":"pt_BR","og_type":"article","og_title":"Racioc\u00ednio L\u00f3gico TRF2 (RJ e ES) - prova resolvida AJAJ e AJAA","og_description":"Caros alunos, vejam a seguir a resolu\u00e7\u00e3o das quest\u00f5es de Racioc\u00ednio L\u00f3gico cobradas nas provas de Analista Judici\u00e1rio &#8211; \u00c1rea Judici\u00e1ria\u00a0(AJAJ) e Analista Judici\u00e1rio &#8211; \u00c1rea Administrativa (AJAA)\u00a0neste domingo. PROVA RESOLVIDA &#8211; ANALISTA JUDICI\u00c1RIO &#8211; \u00c1REA JUDICI\u00c1RIA (AJAJ) Para facilitar a identifica\u00e7\u00e3o das quest\u00f5es, colei as figuras com os enunciados das quest\u00f5es enviados por uma [&hellip;]","og_url":"https:\/\/www.estrategiaconcursos.com.br\/blog\/raciocinio-logico-trf2-rj-e-es-prova-resolvida-e-gabarito-extraoficial\/","og_site_name":"Estrat\u00e9gia Concursos","article_published_time":"2017-03-13T00:08:12+00:00","article_modified_time":"2018-09-21T20:02:10+00:00","og_image":[{"width":400,"height":267,"url":"https:\/\/dhg1h5j42swfq.cloudfront.net\/2016\/07\/09202054\/gabarito-e1509444514343.jpeg","type":"image\/jpeg"}],"author":"Coordena\u00e7\u00e3o","twitter_card":"summary_large_image","twitter_creator":"@EstratConcursos","twitter_site":"@EstratConcursos","twitter_misc":{"Escrito por":"Coordena\u00e7\u00e3o","Est. tempo de leitura":"7 minutos"},"schema":{"@context":"https:\/\/schema.org","@graph":[{"@type":"NewsArticle","@id":"https:\/\/www.estrategiaconcursos.com.br\/blog\/raciocinio-logico-trf2-rj-e-es-prova-resolvida-e-gabarito-extraoficial\/#article","isPartOf":{"@id":"https:\/\/www.estrategiaconcursos.com.br\/blog\/raciocinio-logico-trf2-rj-e-es-prova-resolvida-e-gabarito-extraoficial\/"},"author":{"name":"Coordena\u00e7\u00e3o","@id":"https:\/\/www.estrategiaconcursos.com.br\/blog\/#\/schema\/person\/cdad40b5818eb228a838461fcd656da7"},"headline":"Racioc\u00ednio L\u00f3gico TRF2 (RJ e ES) &#8211; prova resolvida AJAJ e AJAA","datePublished":"2017-03-13T00:08:12+00:00","dateModified":"2018-09-21T20:02:10+00:00","mainEntityOfPage":{"@id":"https:\/\/www.estrategiaconcursos.com.br\/blog\/raciocinio-logico-trf2-rj-e-es-prova-resolvida-e-gabarito-extraoficial\/"},"wordCount":1439,"commentCount":38,"publisher":{"@id":"https:\/\/www.estrategiaconcursos.com.br\/blog\/#organization"},"image":{"@id":"https:\/\/www.estrategiaconcursos.com.br\/blog\/raciocinio-logico-trf2-rj-e-es-prova-resolvida-e-gabarito-extraoficial\/#primaryimage"},"thumbnailUrl":"https:\/\/dhg1h5j42swfq.cloudfront.net\/2016\/07\/09202054\/gabarito-e1509444514343.jpeg","keywords":["TRF 2"],"articleSection":["Concursos P\u00fablicos"],"inLanguage":"pt-BR","potentialAction":[{"@type":"CommentAction","name":"Comment","target":["https:\/\/www.estrategiaconcursos.com.br\/blog\/raciocinio-logico-trf2-rj-e-es-prova-resolvida-e-gabarito-extraoficial\/#respond"]}],"copyrightYear":"2017","copyrightHolder":{"@id":"https:\/\/www.estrategiaconcursos.com.br\/blog\/#organization"}},{"@type":"WebPage","@id":"https:\/\/www.estrategiaconcursos.com.br\/blog\/raciocinio-logico-trf2-rj-e-es-prova-resolvida-e-gabarito-extraoficial\/","url":"https:\/\/www.estrategiaconcursos.com.br\/blog\/raciocinio-logico-trf2-rj-e-es-prova-resolvida-e-gabarito-extraoficial\/","name":"Racioc\u00ednio L\u00f3gico TRF2 (RJ e ES) - prova resolvida AJAJ e AJAA","isPartOf":{"@id":"https:\/\/www.estrategiaconcursos.com.br\/blog\/#website"},"primaryImageOfPage":{"@id":"https:\/\/www.estrategiaconcursos.com.br\/blog\/raciocinio-logico-trf2-rj-e-es-prova-resolvida-e-gabarito-extraoficial\/#primaryimage"},"image":{"@id":"https:\/\/www.estrategiaconcursos.com.br\/blog\/raciocinio-logico-trf2-rj-e-es-prova-resolvida-e-gabarito-extraoficial\/#primaryimage"},"thumbnailUrl":"https:\/\/dhg1h5j42swfq.cloudfront.net\/2016\/07\/09202054\/gabarito-e1509444514343.jpeg","datePublished":"2017-03-13T00:08:12+00:00","dateModified":"2018-09-21T20:02:10+00:00","breadcrumb":{"@id":"https:\/\/www.estrategiaconcursos.com.br\/blog\/raciocinio-logico-trf2-rj-e-es-prova-resolvida-e-gabarito-extraoficial\/#breadcrumb"},"inLanguage":"pt-BR","potentialAction":[{"@type":"ReadAction","target":["https:\/\/www.estrategiaconcursos.com.br\/blog\/raciocinio-logico-trf2-rj-e-es-prova-resolvida-e-gabarito-extraoficial\/"]}]},{"@type":"ImageObject","inLanguage":"pt-BR","@id":"https:\/\/www.estrategiaconcursos.com.br\/blog\/raciocinio-logico-trf2-rj-e-es-prova-resolvida-e-gabarito-extraoficial\/#primaryimage","url":"https:\/\/dhg1h5j42swfq.cloudfront.net\/2016\/07\/09202054\/gabarito-e1509444514343.jpeg","contentUrl":"https:\/\/dhg1h5j42swfq.cloudfront.net\/2016\/07\/09202054\/gabarito-e1509444514343.jpeg","width":400,"height":267,"caption":"concursos 2019"},{"@type":"BreadcrumbList","@id":"https:\/\/www.estrategiaconcursos.com.br\/blog\/raciocinio-logico-trf2-rj-e-es-prova-resolvida-e-gabarito-extraoficial\/#breadcrumb","itemListElement":[{"@type":"ListItem","position":1,"name":"In\u00edcio","item":"https:\/\/www.estrategiaconcursos.com.br\/blog\/"},{"@type":"ListItem","position":2,"name":"Racioc\u00ednio L\u00f3gico TRF2 (RJ e ES) &#8211; prova resolvida AJAJ e AJAA"}]},{"@type":"WebSite","@id":"https:\/\/www.estrategiaconcursos.com.br\/blog\/#website","url":"https:\/\/www.estrategiaconcursos.com.br\/blog\/","name":"Estrat\u00e9gia Concursos","description":"O blog da Estrat\u00e9gia Concursos traz not\u00edcias sobre concursos e artigos de professores oferecendo cursos para concursos (pdf + videaulas) no site.","publisher":{"@id":"https:\/\/www.estrategiaconcursos.com.br\/blog\/#organization"},"potentialAction":[{"@type":"SearchAction","target":{"@type":"EntryPoint","urlTemplate":"https:\/\/www.estrategiaconcursos.com.br\/blog\/?s={search_term_string}"},"query-input":{"@type":"PropertyValueSpecification","valueRequired":true,"valueName":"search_term_string"}}],"inLanguage":"pt-BR"},{"@type":"Organization","@id":"https:\/\/www.estrategiaconcursos.com.br\/blog\/#organization","name":"Estrat\u00e9gia Concursos","url":"https:\/\/www.estrategiaconcursos.com.br\/blog\/","logo":{"@type":"ImageObject","inLanguage":"pt-BR","@id":"https:\/\/www.estrategiaconcursos.com.br\/blog\/#\/schema\/logo\/image\/","url":"https:\/\/dhg1h5j42swfq.cloudfront.net\/2025\/06\/03203428\/logo_concursos-1.jpg","contentUrl":"https:\/\/dhg1h5j42swfq.cloudfront.net\/2025\/06\/03203428\/logo_concursos-1.jpg","width":230,"height":60,"caption":"Estrat\u00e9gia Concursos"},"image":{"@id":"https:\/\/www.estrategiaconcursos.com.br\/blog\/#\/schema\/logo\/image\/"},"sameAs":["https:\/\/x.com\/EstratConcursos"]},{"@type":"Person","@id":"https:\/\/www.estrategiaconcursos.com.br\/blog\/#\/schema\/person\/cdad40b5818eb228a838461fcd656da7","name":"Coordena\u00e7\u00e3o","image":{"@type":"ImageObject","inLanguage":"pt-BR","@id":"https:\/\/secure.gravatar.com\/avatar\/a413b22da0f5009c634f6c4586a2dbe5207074fd5becd88db5183b8069ef25e4?s=96&d=mm&r=g","url":"https:\/\/secure.gravatar.com\/avatar\/a413b22da0f5009c634f6c4586a2dbe5207074fd5becd88db5183b8069ef25e4?s=96&d=mm&r=g","contentUrl":"https:\/\/secure.gravatar.com\/avatar\/a413b22da0f5009c634f6c4586a2dbe5207074fd5becd88db5183b8069ef25e4?s=96&d=mm&r=g","caption":"Coordena\u00e7\u00e3o"},"url":"https:\/\/www.estrategiaconcursos.com.br\/blog\/author\/contatoestrategiaconcursos-com-br\/"}]}},"_links":{"self":[{"href":"https:\/\/www.estrategiaconcursos.com.br\/blog\/wp-json\/wp\/v2\/posts\/66885","targetHints":{"allow":["GET"]}}],"collection":[{"href":"https:\/\/www.estrategiaconcursos.com.br\/blog\/wp-json\/wp\/v2\/posts"}],"about":[{"href":"https:\/\/www.estrategiaconcursos.com.br\/blog\/wp-json\/wp\/v2\/types\/post"}],"author":[{"embeddable":true,"href":"https:\/\/www.estrategiaconcursos.com.br\/blog\/wp-json\/wp\/v2\/users\/48"}],"replies":[{"embeddable":true,"href":"https:\/\/www.estrategiaconcursos.com.br\/blog\/wp-json\/wp\/v2\/comments?post=66885"}],"version-history":[{"count":5,"href":"https:\/\/www.estrategiaconcursos.com.br\/blog\/wp-json\/wp\/v2\/posts\/66885\/revisions"}],"predecessor-version":[{"id":142292,"href":"https:\/\/www.estrategiaconcursos.com.br\/blog\/wp-json\/wp\/v2\/posts\/66885\/revisions\/142292"}],"wp:featuredmedia":[{"embeddable":true,"href":"https:\/\/www.estrategiaconcursos.com.br\/blog\/wp-json\/wp\/v2\/media\/43262"}],"wp:attachment":[{"href":"https:\/\/www.estrategiaconcursos.com.br\/blog\/wp-json\/wp\/v2\/media?parent=66885"}],"wp:term":[{"taxonomy":"category","embeddable":true,"href":"https:\/\/www.estrategiaconcursos.com.br\/blog\/wp-json\/wp\/v2\/categories?post=66885"},{"taxonomy":"post_tag","embeddable":true,"href":"https:\/\/www.estrategiaconcursos.com.br\/blog\/wp-json\/wp\/v2\/tags?post=66885"},{"taxonomy":"tax_estado","embeddable":true,"href":"https:\/\/www.estrategiaconcursos.com.br\/blog\/wp-json\/wp\/v2\/tax_estado?post=66885"}],"curies":[{"name":"wp","href":"https:\/\/api.w.org\/{rel}","templated":true}]}}