{"id":667640,"date":"2021-02-15T18:43:00","date_gmt":"2021-02-15T21:43:00","guid":{"rendered":"https:\/\/www.estrategiaconcursos.com.br\/blog\/?p=667640"},"modified":"2021-02-17T09:42:43","modified_gmt":"2021-02-17T12:42:43","slug":"divida-ativa-concurso-pf","status":"publish","type":"post","link":"https:\/\/www.estrategiaconcursos.com.br\/blog\/divida-ativa-concurso-pf\/","title":{"rendered":"Saiba tudo sobre a D\u00edvida Ativa para o Concurso PF"},"content":{"rendered":"\n<p class=\"has-medium-font-size\">Veja as principais disposi\u00e7\u00f5es sobre a inscri\u00e7\u00e3o em d\u00edvida ativa da Uni\u00e3o para concurso <a href=\"https:\/\/www.estrategiaconcursos.com.br\/cursosPorConcurso\/policia-federal-agente-141\/\" target=\"_blank\" rel=\"noreferrer noopener\">PF<\/a>, e as formas de execu\u00e7\u00e3o desta d\u00edvida<\/p>\n\n\n\n<div class=\"wp-block-image\"><figure class=\"aligncenter size-medium\"><img loading=\"lazy\" decoding=\"async\" width=\"300\" height=\"155\" src=\"https:\/\/dhg1h5j42swfq.cloudfront.net\/2021\/02\/08103915\/a_5754_d3db718a011f94f39dd49b576d785b08-300x155.jpg\" alt=\"D\u00edvida Ativa da Uni\u00e3o para o Concurso PF\" class=\"wp-image-667643\" srcset=\"https:\/\/dhg1h5j42swfq.cloudfront.net\/2021\/02\/08103915\/a_5754_d3db718a011f94f39dd49b576d785b08-300x155.jpg 300w, https:\/\/dhg1h5j42swfq.cloudfront.net\/2021\/02\/08103915\/a_5754_d3db718a011f94f39dd49b576d785b08.jpg 600w\" sizes=\"auto, (max-width: 300px) 100vw, 300px\" \/><figcaption>D\u00edvida Ativa da Uni\u00e3o para o Concurso PF<\/figcaption><\/figure><\/div>\n\n\n\n<p>Ol\u00e1, Estrategista. Tudo joia?<\/p>\n\n\n\n<p>A primeira coisa a se saber \u00e9: o que \u00e9 d\u00edvida ativa?<\/p>\n\n\n\n<p>Portanto, inicialmente, D\u00edvida Ativa \u00e9 aquela definida como <strong><u>TRIBUT\u00c1RIA<\/u><\/strong> ou <strong><u>N\u00c3O TRIBUT\u00c1RIA<\/u><\/strong> pela Lei n\u00ba 4.320.<\/p>\n\n\n\n<p>Segundo esta lei, D\u00edvida Ativa Tribut\u00e1ria \u00e9 o cr\u00e9dito da Fazenda P\u00fablica <strong><u>dessa natureza<\/u><\/strong>, proveniente de obriga\u00e7\u00e3o legal relativa a tributos e <strong><u>multas tribut\u00e1rias<\/u><\/strong>.<\/p>\n\n\n\n<p>J\u00e1 a D\u00edvida Ativa n\u00e3o Tribut\u00e1ria s\u00e3o os <strong><u>demais<\/u><\/strong> cr\u00e9ditos da Fazenda P\u00fablica, tais como os provenientes de <strong><u>empr\u00e9stimos compuls\u00f3rios<\/u><\/strong>, contribui\u00e7\u00f5es estabelecidas em lei, <strong><u>multa de qualquer origem ou natureza, exceto as tribut\u00e1rias<\/u><\/strong>, foros, laud\u00eamios, alugueis ou taxas de ocupa\u00e7\u00e3o, custas processuais, pre\u00e7os de servi\u00e7os prestados por estabelecimentos p\u00fablicos, indeniza\u00e7\u00f5es, reposi\u00e7\u00f5es, restitui\u00e7\u00f5es, alcances dos respons\u00e1veis definitivamente julgados, bem assim os cr\u00e9ditos decorrentes de obriga\u00e7\u00f5es em moeda estrangeira, de subroga\u00e7\u00e3o de hipoteca, fian\u00e7a, aval ou outra garantia, de contratos em geral ou de outras obriga\u00e7\u00f5es legais.&nbsp;&nbsp;&nbsp;&nbsp;&nbsp;<\/p>\n\n\n\n<p>Vale tamb\u00e9m saber que a D\u00edvida Ativa da Uni\u00e3o ser\u00e1 apurada e inscrita na Procuradoria da Fazenda Nacional.&nbsp;&nbsp;&nbsp;<\/p>\n\n\n\n<p>Em resumo, a d\u00edvida ativa tribut\u00e1ria \u00e9 aquela proveniente de tributos e multas tribut\u00e1rias, enquanto que a d\u00edvida ativa n\u00e3o tribut\u00e1ria \u00e9 o restante. N\u00e3o obstante, a D\u00edvida Ativa, compreendendo a tribut\u00e1ria e a n\u00e3o tribut\u00e1ria, abrange atualiza\u00e7\u00e3o monet\u00e1ria, juros e <strong><u>multa de mora<\/u><\/strong> e demais encargos previstos em lei ou contrato.<\/p>\n\n\n\n<p>N\u00e3o confunda multa tribut\u00e1ria, multa n\u00e3o tribut\u00e1ria e multa de mora.<\/p>\n\n\n\n<p><strong>Adendo:<\/strong> \u00c0 D\u00edvida Ativa da Fazenda P\u00fablica, de qualquer natureza, aplicam-se as normas relativas \u00e0 responsabilidade prevista na legisla\u00e7\u00e3o <strong><u>tribut\u00e1ria<\/u><\/strong>, <strong><u>civil<\/u><\/strong> e <strong><u>comercial<\/u><\/strong>. Apenas memorize esse trecho, uma vez que poder\u00e1 ser cobrado em sua literalidade na prova.<\/p>\n\n\n\n<h2 class=\"wp-block-heading\" id=\"h-inscri-o-em-d-vida-ativa-para-concurso-pf\">Inscri\u00e7\u00e3o em D\u00edvida Ativa para concurso PF<\/h2>\n\n\n\n<p>Um dos pontos mais importantes a se saber sobre o tema \u00e9 acerca da inscri\u00e7\u00e3o em d\u00edvida ativa.<\/p>\n\n\n\n<p>Veja bem, a inscri\u00e7\u00e3o em d\u00edvida ativa, que se constitui no ato de controle administrativo da <strong><u>legalidade<\/u><\/strong>, ser\u00e1 feita pelo \u00f3rg\u00e3o competente para apurar a <strong><u>liquidez e certeza<\/u><\/strong> do cr\u00e9dito e <strong><u>SUSPENDER\u00c1<\/u><\/strong> a prescri\u00e7\u00e3o, para todos os efeitos de direito, <strong><u>por 180 dias<\/u><\/strong>, ou at\u00e9 a distribui\u00e7\u00e3o da execu\u00e7\u00e3o fiscal, <strong><u>se esta ocorrer antes.<\/u><\/strong><\/p>\n\n\n\n<p>O par\u00e1grafo acima \u00e9 de memoriza\u00e7\u00e3o obrigat\u00f3ria, estrategista. Muitas pegadinhas s\u00e3o feitas a partir dele.<\/p>\n\n\n\n<p>Ali\u00e1s, o \u00f3rg\u00e3o competente no \u00e2mbito da Uni\u00e3o \u00e9 a Procuradoria da Fazenda Nacional. Ou seja, \u00e9 a PFN que realiza a apura\u00e7\u00e3o e inscri\u00e7\u00e3o em d\u00edvida ativa.<\/p>\n\n\n\n<p>Vale tamb\u00e9m ressaltar que a D\u00edvida Ativa regularmente inscrita goza da <strong><u>presun\u00e7\u00e3o<\/u><\/strong> de certeza e liquidez.<\/p>\n\n\n\n<p>N\u00e3o obstante, essa presun\u00e7\u00e3o \u00e9 relativa e pode ser ilidida por prova inequ\u00edvoca, a cargo do executado ou de terceiro, a quem aproveite.<\/p>\n\n\n\n<h3 class=\"wp-block-heading\" id=\"h-termo-de-inscri-o-em-d-vida-ativa\">Termo de Inscri\u00e7\u00e3o em D\u00edvida Ativa<\/h3>\n\n\n\n<p>O Termo de Inscri\u00e7\u00e3o de D\u00edvida Ativa dever\u00e1 conter:<\/p>\n\n\n\n<ul class=\"wp-block-list\"><li>nome do devedor, dos correspons\u00e1veis e, sempre que conhecido, o domic\u00edlio ou resid\u00eancia de um e de outros;<\/li><li>valor origin\u00e1rio da d\u00edvida, bem como o termo inicial e a forma de calcular os juros de mora e demais encargos previstos em lei ou contrato;<\/li><li>origem, a natureza e o fundamento legal ou contratual da d\u00edvida;<\/li><li>indica\u00e7\u00e3o, se for o caso, de estar a d\u00edvida sujeita \u00e0 atualiza\u00e7\u00e3o monet\u00e1ria, bem como o respectivo fundamento legal e o termo inicial para o c\u00e1lculo;<\/li><li>data e o n\u00famero da inscri\u00e7\u00e3o, no Registro de D\u00edvida Ativa; e<\/li><li>n\u00famero do processo administrativo ou do auto de infra\u00e7\u00e3o, se neles estiver apurado o valor da d\u00edvida.<\/li><\/ul>\n\n\n\n<h2 class=\"wp-block-heading\" id=\"h-execu-o-da-d-vida-ativa\">Execu\u00e7\u00e3o da D\u00edvida Ativa<\/h2>\n\n\n\n<p>Veja quem s\u00e3o os respons\u00e1veis pelo pagamento da d\u00edvida ativa. A execu\u00e7\u00e3o fiscal poder\u00e1 ser promovida contra:<\/p>\n\n\n\n<ol class=\"wp-block-list\" type=\"I\"><li>devedor;<\/li><li><strong><u>fiador<\/u><\/strong>;<\/li><li>esp\u00f3lio;<\/li><li>massa;<\/li><li><strong><u>respons\u00e1vel<\/u><\/strong>, nos termos da lei, por d\u00edvidas, tribut\u00e1rias ou n\u00e3o, de pessoas f\u00edsicas ou pessoas jur\u00eddicas de direito privado; e<\/li><li><strong><u>os sucessores a qualquer t\u00edtulo<\/u><\/strong>.<\/li><\/ol>\n\n\n\n<p>Vale lembrar que a responsabilidade dos sucessores possui como limite o valor dos bens transferidos a eles.<\/p>\n\n\n\n<p>Al\u00e9m dos 6 elencados acima, o s\u00edndico, o comiss\u00e1rio, o liquidante, o inventariante e o administrador, nos casos de fal\u00eancia, concordata, liquida\u00e7\u00e3o, invent\u00e1rio, insolv\u00eancia ou concurso de credores, se, <strong><u>antes de garantidos os cr\u00e9ditos<\/u><\/strong> da Fazenda P\u00fablica, alienarem ou derem em garantia quaisquer dos bens administrados, respondem, <strong><u>solidariamente<\/u><\/strong>, pelo valor desses bens.<\/p>\n\n\n\n<p>Nesse sentido, esses respons\u00e1veis poder\u00e3o nomear bens livres e desembara\u00e7ados <strong><u>do devedor<\/u><\/strong>, tantos quantos bastem para pagar a d\u00edvida.<\/p>\n\n\n\n<p>Os bens dos respons\u00e1veis ficar\u00e3o, por\u00e9m, sujeitos \u00e0 execu\u00e7\u00e3o, se os do devedor forem insuficientes \u00e0 satisfa\u00e7\u00e3o da d\u00edvida.<\/p>\n\n\n\n<h2 class=\"wp-block-heading\" id=\"h-julgamento-da-d-vida-ativa\">Julgamento da D\u00edvida Ativa<\/h2>\n\n\n\n<p>Estrategista, preste bastante aten\u00e7\u00e3o nisto: a compet\u00eancia para processar e julgar a execu\u00e7\u00e3o da D\u00edvida Ativa da Fazenda P\u00fablica <strong><u>EXCLUI<\/u><\/strong> a de <strong><u>qualquer outro Ju\u00edzo<\/u><\/strong>, inclusive o da fal\u00eancia, da concordata, da liquida\u00e7\u00e3o, da insolv\u00eancia ou do invent\u00e1rio.<\/p>\n\n\n\n<p>Nesse sentido, a peti\u00e7\u00e3o inicial indicar\u00e1 apenas:<\/p>\n\n\n\n<ol class=\"wp-block-list\" type=\"I\"><li>Juiz a quem \u00e9 dirigida;<\/li><li>o pedido; e<\/li><li>o requerimento para a cita\u00e7\u00e3o.<\/li><\/ol>\n\n\n\n<p>A peti\u00e7\u00e3o inicial ser\u00e1 instru\u00edda com a <strong><u>Certid\u00e3o da D\u00edvida Ativa<\/u><\/strong>. Al\u00e9m disso, A peti\u00e7\u00e3o inicial e a Certid\u00e3o de D\u00edvida Ativa poder\u00e3o <strong><u>constituir um \u00fanico documento<\/u><\/strong>.<\/p>\n\n\n\n<p>J\u00e1 a produ\u00e7\u00e3o de provas pela Fazenda P\u00fablica <strong><u>independe<\/u><\/strong> de requerimento na peti\u00e7\u00e3o inicial.<\/p>\n\n\n\n<h2 class=\"wp-block-heading\" id=\"h-deferimento-da-d-vida-ativa\">Deferimento da D\u00edvida Ativa<\/h2>\n\n\n\n<p>Uma vez julgada a d\u00edvida ativa e a deferida, a decis\u00e3o judicial importar\u00e1 em ordem para:<\/p>\n\n\n\n<ul class=\"wp-block-list\"><li>cita\u00e7\u00e3o (ver no pr\u00f3ximo par\u00e1grafo);<\/li><li><strong><u>penhora<\/u><\/strong>, se n\u00e3o for paga a d\u00edvida, nem garantida a execu\u00e7\u00e3o, por meio de dep\u00f3sito, fian\u00e7a ou seguro garantia;&nbsp;&nbsp;&nbsp;<\/li><li><strong><u>arresto<\/u><\/strong>, se o executado n\u00e3o tiver domic\u00edlio ou dele se ocultar;<\/li><li>registro da penhora ou do arresto, independentemente do pagamento de custas ou outras despesas; e<\/li><li>avalia\u00e7\u00e3o dos bens penhorados ou arrestados.<\/li><\/ul>\n\n\n\n<h3 class=\"wp-block-heading\" id=\"h-cita-o\">Cita\u00e7\u00e3o<\/h3>\n\n\n\n<p>Na decis\u00e3o que deferir a d\u00edvida ativa, o executado ser\u00e1 citado para, no prazo de 5 dias, pagar a d\u00edvida com os juros e multa de mora e encargos indicados na Certid\u00e3o de D\u00edvida Ativa, <strong><u>ou garantir a execu\u00e7\u00e3o<\/u><\/strong>.<\/p>\n\n\n\n<p>O despacho do Juiz, que ordenar a cita\u00e7\u00e3o, <strong><u>INTERROMPE<\/u><\/strong> a prescri\u00e7\u00e3o.<\/p>\n\n\n\n<p>Lembrando, a <strong>INSCRI\u00c7\u00c3O<\/strong> em d\u00edvida ativa <strong><u>suspende<\/u><\/strong> a prescri\u00e7\u00e3o em at\u00e9 180 dias. J\u00e1 a decis\u00e3o do juiz que ordena a cita\u00e7\u00e3o <strong><u>interrompe<\/u><\/strong> a prescri\u00e7\u00e3o.<\/p>\n\n\n\n<h3 class=\"wp-block-heading\" id=\"h-das-formas-de-garantia\">Das Formas de Garantia<\/h3>\n\n\n\n<p>Como dito, na cita\u00e7\u00e3o o executado poder\u00e1 pagar a d\u00edvida ou oferecer bens em garantia. Como garantia, o executado poder\u00e1:<\/p>\n\n\n\n<ul class=\"wp-block-list\"><li>efetuar dep\u00f3sito em dinheiro, \u00e0 ordem do Ju\u00edzo em estabelecimento oficial de cr\u00e9dito, que assegure atualiza\u00e7\u00e3o monet\u00e1ria;<\/li><li>oferecer fian\u00e7a banc\u00e1ria ou seguro garantia;&nbsp;<\/li><li>nomear bens \u00e0 penhora;<\/li><li>indicar \u00e0 penhora bens oferecidos por terceiros e aceitos pela Fazenda P\u00fablica.<\/li><\/ul>\n\n\n\n<p>Lembrando que a garantia da execu\u00e7\u00e3o, por meio de <strong><u>dep\u00f3sito em dinheiro<\/u><\/strong>, <strong><u>fian\u00e7a banc\u00e1ria<\/u><\/strong> ou <strong><u>seguro garantia<\/u><\/strong>, produz os mesmos efeitos da <strong><u>penhora<\/u><\/strong>.<\/p>\n\n\n\n<p>Por outro lado, <strong><u>somente o dep\u00f3sito em dinheiro<\/u><\/strong> faz cessar a responsabilidade pela <strong><u>atualiza\u00e7\u00e3o monet\u00e1ria<\/u><\/strong> e <strong><u>juros de mora<\/u><\/strong>.<\/p>\n\n\n\n<p>N\u00e3o ocorrendo o pagamento, nem o oferecimento de garantia da execu\u00e7\u00e3o, a penhora poder\u00e1 recair em qualquer bem do executado, exceto os que a lei declare absolutamente impenhor\u00e1veis.<\/p>\n\n\n\n<p>A penhora ou arresto de bens obedecer\u00e1 \u00e0 seguinte ordem:<\/p>\n\n\n\n<ol class=\"wp-block-list\" type=\"1\"><li>dinheiro;<\/li><li>t\u00edtulo da d\u00edvida p\u00fablica, bem como t\u00edtulo de cr\u00e9dito, que tenham cota\u00e7\u00e3o em bolsa;<\/li><li>pedras e metais preciosos;<\/li><li>im\u00f3veis;<\/li><li>navios e aeronaves;<\/li><li>ve\u00edculos;<\/li><li>m\u00f3veis ou semoventes; e<\/li><li>direitos e a\u00e7\u00f5es.<\/li><\/ol>\n\n\n\n<p>Excepcionalmente, a penhora poder\u00e1 recair sobre <strong><u>estabelecimento comercial<\/u><\/strong>, <strong><u>industrial ou agr\u00edcola<\/u><\/strong>, bem como em <strong><u>planta\u00e7\u00f5es<\/u><\/strong> ou <strong><u>edif\u00edcios em constru\u00e7\u00e3o<\/u><\/strong>.<\/p>\n\n\n\n<p>Uma vez penhorados, os bens poder\u00e3o ser leiloados em leil\u00e3o p\u00fablico.<\/p>\n\n\n\n<p>Assim como em Direito Tribut\u00e1rio, a cobran\u00e7a judicial da D\u00edvida Ativa da Fazenda P\u00fablica n\u00e3o \u00e9 sujeita a concurso de credores ou habilita\u00e7\u00e3o em fal\u00eancia, concordata, liquida\u00e7\u00e3o, invent\u00e1rio ou arrolamento.<\/p>\n\n\n\n<p>O concurso de prefer\u00eancia somente se verifica entre pessoas jur\u00eddicas de direito p\u00fablico, na seguinte ordem:<\/p>\n\n\n\n<ol class=\"wp-block-list\" type=\"1\"><li>Uni\u00e3o e suas autarquias;<\/li><li>Estados, Distrito Federal e Territ\u00f3rios e suas autarquias, conjuntamente e pro rata;<\/li><li>Munic\u00edpios e suas autarquias, conjuntamente e pro rata.<\/li><\/ol>\n\n\n\n<p>Importante tamb\u00e9m saber que nos processos de fal\u00eancia, concordata, liquida\u00e7\u00e3o, invent\u00e1rio, arrolamento ou concurso de credores, nenhuma aliena\u00e7\u00e3o ser\u00e1 judicialmente autorizada sem a prova de quita\u00e7\u00e3o da D\u00edvida Ativa ou a concord\u00e2ncia da Fazenda P\u00fablica.<\/p>\n\n\n\n<h2 class=\"wp-block-heading\" id=\"h-pagamento-da-d-vida-ativa\">Pagamento da D\u00edvida Ativa<\/h2>\n\n\n\n<p>Quando do pagamento da d\u00edvida ativa, al\u00e9m do valor inscrito, tamb\u00e9m ser\u00e3o computadas a atualiza\u00e7\u00e3o monet\u00e1ria do d\u00e9bito, na forma da lei e o acr\u00e9scimo dos seguintes encargos:<\/p>\n\n\n\n<ul class=\"wp-block-list\"><li>juros de mora previstos no artigo seguinte;<\/li><li>percentagens devidas ao Procurador-Geral e Procuradores da Fazenda Nacional, bem como aos Subprocuradores-Gerais da Rep\u00fablica, aos Procuradores da Rep\u00fablica ou Promotor P\u00fablico;<\/li><li>custas de despesas judiciais.<\/li><\/ul>\n\n\n\n<p>Os juros morat\u00f3rios se dar\u00e3o \u00e0 raz\u00e3o de 1% ao m\u00eas, contados do vencimento e calculados sobre o valor origin\u00e1rio (sem atualiza\u00e7\u00e3o monet\u00e1ria).<\/p>\n\n\n\n<h2 class=\"wp-block-heading\" id=\"h-finalizando\">Finalizando<\/h2>\n\n\n\n<p>Nesse artigo esgotamos o assunto sobre D\u00edvida Ativa para o <a href=\"https:\/\/www.estrategiaconcursos.com.br\/blog\/concurso-policia-federal\/\" target=\"_blank\" rel=\"noreferrer noopener\">Concurso PF<\/a>, pelo menos os principais t\u00f3picos que alta probabilidade de cobran\u00e7a.<\/p>\n\n\n\n<p>Desejo a voc\u00ea uma boa prova. Um grande abra\u00e7o.<\/p>\n\n\n\n<p>Leandro Ricardo M. Silveira<\/p>\n\n\n\n<p><strong>Instagram: <\/strong><a href=\"https:\/\/www.instagram.com\/leandro.rms12\/\">https:\/\/www.instagram.com\/leandro.rms12\/<\/a><\/p>\n\n\n\n<p class=\"has-text-align-center has-medium-font-size\"><em><strong>Assinatura Anual Ilimitada*<\/strong><\/em><\/p>\n\n\n\n<p class=\"has-text-align-center\"><em>Prepare-se com o melhor material e com quem mais aprova em Concursos P\u00fablicos em todo o pa\u00eds. Assine agora a nossa Assinatura Anual e tenha acesso ilimitado* a todos os nossos cursos.<\/em><\/p>\n\n\n\n<p class=\"has-text-align-center has-light-green-cyan-background-color has-background\" style=\"font-size:clamp(14.642px, 0.915rem + ((1vw - 3.2px) * 0.721), 22px);px\"><strong>ASSINE AGORA<\/strong>&nbsp;\u2013&nbsp;<strong><a rel=\"noreferrer noopener\" href=\"https:\/\/www.estrategiaconcursos.com.br\/assinaturas\" target=\"_blank\">Assinatura Ilimitada<\/a><\/strong><\/p>\n\n\n\n<p class=\"has-text-align-center has-medium-font-size\"><strong><em><strong>Sistema de Quest\u00f5es<\/strong><\/em><\/strong><\/p>\n\n\n\n<p class=\"has-text-align-center\"><em>Estrat\u00e9gia Quest\u00f5es nasceu maior do que todos os concorrentes, com mais quest\u00f5es cadastradas e mais solu\u00e7\u00f5es por professores. Ent\u00e3o, confira e aproveite os descontos e b\u00f4nus imperd\u00edveis!<\/em><\/p>\n\n\n\n<p class=\"has-text-align-center has-vivid-green-cyan-background-color has-background\" style=\"font-size:clamp(14.642px, 0.915rem + ((1vw - 3.2px) * 0.721), 22px);px\"><strong>ASSINE AGORA \u2013&nbsp;<a href=\"https:\/\/questoes.estrategiaconcursos.com.br\/\" target=\"_blank\" rel=\"noreferrer noopener\">Sistema de Quest\u00f5es<\/a><\/strong><\/p>\n\n\n\n<p class=\"has-text-align-center has-medium-font-size\"><strong><em>Fique por dentro dos concursos abertos<\/em><\/strong><\/p>\n\n\n\n<p class=\"has-text-align-center has-pale-cyan-blue-background-color has-background\" style=\"font-size:clamp(14.642px, 0.915rem + ((1vw - 3.2px) * 0.721), 22px);px\"><a rel=\"noreferrer noopener\" href=\"https:\/\/www.estrategiaconcursos.com.br\/blog\/concursos-abertos\/\" target=\"_blank\"><strong>CONCURSOS ABERTOS<\/strong><\/a><\/p>\n\n\n\n<p class=\"has-text-align-center has-medium-font-size\"><strong><em>As oportunidades previstas<\/em><\/strong><\/p>\n\n\n\n<p class=\"has-text-align-center has-pale-cyan-blue-background-color has-background\" style=\"font-size:clamp(14.642px, 0.915rem + ((1vw - 3.2px) * 0.721), 22px);px\"><a rel=\"noreferrer noopener\" href=\"https:\/\/www.estrategiaconcursos.com.br\/blog\/concursos-2021\/\" target=\"_blank\"><strong>CONCURSOS 2021<\/strong><\/a><\/p>\n","protected":false},"excerpt":{"rendered":"<p>Veja as principais disposi\u00e7\u00f5es sobre a inscri\u00e7\u00e3o em d\u00edvida ativa da Uni\u00e3o para concurso PF, e as formas de execu\u00e7\u00e3o desta d\u00edvida Ol\u00e1, Estrategista. Tudo joia? A primeira coisa a se saber \u00e9: o que \u00e9 d\u00edvida ativa? Portanto, inicialmente, D\u00edvida Ativa \u00e9 aquela definida como TRIBUT\u00c1RIA ou N\u00c3O TRIBUT\u00c1RIA pela Lei n\u00ba 4.320. Segundo [&hellip;]<\/p>\n","protected":false},"author":1668,"featured_media":667643,"comment_status":"open","ping_status":"closed","sticky":false,"template":"","format":"standard","meta":{"post_tipo":"article","footnotes":""},"categories":[1988],"tags":[198948],"tax_estado":[219964,219965,219966,219967,219968,219969,219963,219970,219971,219972,219973,219974,219975,219976,219977,219978,219979,219980,219981,219982,219983,219984,219985,219986,219987,219988,219989,219990],"class_list":["post-667640","post","type-post","status-publish","format-standard","has-post-thumbnail","hentry","category-policia","tag-divida-ativa","tax_estado-ac","tax_estado-al","tax_estado-am","tax_estado-ap","tax_estado-ba","tax_estado-ce","tax_estado-concursos-federais","tax_estado-df","tax_estado-es","tax_estado-go","tax_estado-ma","tax_estado-mg","tax_estado-ms","tax_estado-mt","tax_estado-pa","tax_estado-pb","tax_estado-pe","tax_estado-pi","tax_estado-pr","tax_estado-rj","tax_estado-rn","tax_estado-ro","tax_estado-rr","tax_estado-rs","tax_estado-sc","tax_estado-se","tax_estado-sp","tax_estado-to"],"acf":[],"yoast_head":"<!-- This site is optimized with the Yoast SEO Premium plugin v27.2 (Yoast SEO v27.2) - https:\/\/yoast.com\/product\/yoast-seo-premium-wordpress\/ -->\n<title>Saiba tudo sobre a D\u00edvida Ativa para o Concurso PF<\/title>\n<meta name=\"description\" content=\"Veja as principais disposi\u00e7\u00f5es sobre a inscri\u00e7\u00e3o em d\u00edvida ativa da Uni\u00e3o para concurso PF, e as formas de execu\u00e7\u00e3o desta d\u00edvida\" \/>\n<meta name=\"robots\" content=\"index, follow, max-snippet:-1, max-image-preview:large, max-video-preview:-1\" \/>\n<link rel=\"canonical\" href=\"https:\/\/www.estrategiaconcursos.com.br\/blog\/concurso-policia-federal\/\" \/>\n<meta property=\"og:locale\" content=\"pt_BR\" \/>\n<meta property=\"og:type\" content=\"article\" \/>\n<meta property=\"og:title\" content=\"Saiba tudo sobre a D\u00edvida Ativa para o Concurso PF\" \/>\n<meta property=\"og:description\" content=\"Veja as principais disposi\u00e7\u00f5es sobre a inscri\u00e7\u00e3o em d\u00edvida ativa da Uni\u00e3o para concurso PF, e as formas de execu\u00e7\u00e3o desta d\u00edvida\" \/>\n<meta property=\"og:url\" content=\"https:\/\/www.estrategiaconcursos.com.br\/blog\/concurso-policia-federal\/\" \/>\n<meta property=\"og:site_name\" content=\"Estrat\u00e9gia Concursos\" \/>\n<meta property=\"article:published_time\" content=\"2021-02-15T21:43:00+00:00\" \/>\n<meta property=\"article:modified_time\" content=\"2021-02-17T12:42:43+00:00\" \/>\n<meta property=\"og:image\" content=\"https:\/\/dhg1h5j42swfq.cloudfront.net\/2021\/02\/08103915\/a_5754_d3db718a011f94f39dd49b576d785b08.jpg\" \/>\n\t<meta property=\"og:image:width\" content=\"600\" \/>\n\t<meta property=\"og:image:height\" content=\"310\" \/>\n\t<meta property=\"og:image:type\" content=\"image\/jpeg\" \/>\n<meta name=\"author\" content=\"Leandro Ricardo Machado da Silveira\" \/>\n<meta name=\"twitter:card\" content=\"summary_large_image\" \/>\n<meta name=\"twitter:creator\" content=\"@EstratConcursos\" \/>\n<meta name=\"twitter:site\" content=\"@EstratConcursos\" \/>\n<meta name=\"twitter:label1\" content=\"Escrito por\" \/>\n\t<meta name=\"twitter:data1\" content=\"Leandro Ricardo Machado da Silveira\" \/>\n\t<meta name=\"twitter:label2\" content=\"Est. tempo de leitura\" \/>\n\t<meta name=\"twitter:data2\" content=\"9 minutos\" \/>\n<script type=\"application\/ld+json\" class=\"yoast-schema-graph\">{\"@context\":\"https:\/\/schema.org\",\"@graph\":[{\"@type\":\"Article\",\"@id\":\"https:\/\/www.estrategiaconcursos.com.br\/blog\/concurso-policia-federal\/#article\",\"isPartOf\":{\"@id\":\"https:\/\/www.estrategiaconcursos.com.br\/blog\/divida-ativa-concurso-pf\/\"},\"author\":{\"name\":\"Leandro Ricardo Machado da Silveira\",\"@id\":\"https:\/\/www.estrategiaconcursos.com.br\/blog\/#\/schema\/person\/c666a44fbce7e2e70009a9c13549267a\"},\"headline\":\"Saiba tudo sobre a D\u00edvida Ativa para o Concurso PF\",\"datePublished\":\"2021-02-15T21:43:00+00:00\",\"dateModified\":\"2021-02-17T12:42:43+00:00\",\"mainEntityOfPage\":{\"@id\":\"https:\/\/www.estrategiaconcursos.com.br\/blog\/divida-ativa-concurso-pf\/\"},\"wordCount\":1808,\"commentCount\":0,\"publisher\":{\"@id\":\"https:\/\/www.estrategiaconcursos.com.br\/blog\/#organization\"},\"image\":{\"@id\":\"https:\/\/www.estrategiaconcursos.com.br\/blog\/concurso-policia-federal\/#primaryimage\"},\"thumbnailUrl\":\"https:\/\/dhg1h5j42swfq.cloudfront.net\/2021\/02\/08103915\/a_5754_d3db718a011f94f39dd49b576d785b08.jpg\",\"keywords\":[\"d\u00edvida ativa\"],\"articleSection\":[\"Policial (Agente, Escriv\u00e3o e Investigador)\"],\"inLanguage\":\"pt-BR\",\"potentialAction\":[{\"@type\":\"CommentAction\",\"name\":\"Comment\",\"target\":[\"https:\/\/www.estrategiaconcursos.com.br\/blog\/concurso-policia-federal\/#respond\"]}],\"copyrightYear\":\"2021\",\"copyrightHolder\":{\"@id\":\"https:\/\/www.estrategiaconcursos.com.br\/blog\/#organization\"}},{\"@type\":\"WebPage\",\"@id\":\"https:\/\/www.estrategiaconcursos.com.br\/blog\/divida-ativa-concurso-pf\/\",\"url\":\"https:\/\/www.estrategiaconcursos.com.br\/blog\/concurso-policia-federal\/\",\"name\":\"Saiba tudo sobre a D\u00edvida Ativa para o Concurso PF\",\"isPartOf\":{\"@id\":\"https:\/\/www.estrategiaconcursos.com.br\/blog\/#website\"},\"primaryImageOfPage\":{\"@id\":\"https:\/\/www.estrategiaconcursos.com.br\/blog\/concurso-policia-federal\/#primaryimage\"},\"image\":{\"@id\":\"https:\/\/www.estrategiaconcursos.com.br\/blog\/concurso-policia-federal\/#primaryimage\"},\"thumbnailUrl\":\"https:\/\/dhg1h5j42swfq.cloudfront.net\/2021\/02\/08103915\/a_5754_d3db718a011f94f39dd49b576d785b08.jpg\",\"datePublished\":\"2021-02-15T21:43:00+00:00\",\"dateModified\":\"2021-02-17T12:42:43+00:00\",\"description\":\"Veja as principais disposi\u00e7\u00f5es sobre a inscri\u00e7\u00e3o em d\u00edvida ativa da Uni\u00e3o para concurso PF, e as formas de execu\u00e7\u00e3o desta d\u00edvida\",\"breadcrumb\":{\"@id\":\"https:\/\/www.estrategiaconcursos.com.br\/blog\/concurso-policia-federal\/#breadcrumb\"},\"inLanguage\":\"pt-BR\",\"potentialAction\":[{\"@type\":\"ReadAction\",\"target\":[\"https:\/\/www.estrategiaconcursos.com.br\/blog\/concurso-policia-federal\/\"]}]},{\"@type\":\"ImageObject\",\"inLanguage\":\"pt-BR\",\"@id\":\"https:\/\/www.estrategiaconcursos.com.br\/blog\/concurso-policia-federal\/#primaryimage\",\"url\":\"https:\/\/dhg1h5j42swfq.cloudfront.net\/2021\/02\/08103915\/a_5754_d3db718a011f94f39dd49b576d785b08.jpg\",\"contentUrl\":\"https:\/\/dhg1h5j42swfq.cloudfront.net\/2021\/02\/08103915\/a_5754_d3db718a011f94f39dd49b576d785b08.jpg\",\"width\":600,\"height\":310},{\"@type\":\"BreadcrumbList\",\"@id\":\"https:\/\/www.estrategiaconcursos.com.br\/blog\/concurso-policia-federal\/#breadcrumb\",\"itemListElement\":[{\"@type\":\"ListItem\",\"position\":1,\"name\":\"In\u00edcio\",\"item\":\"https:\/\/www.estrategiaconcursos.com.br\/blog\/\"},{\"@type\":\"ListItem\",\"position\":2,\"name\":\"Saiba tudo sobre a D\u00edvida Ativa para o Concurso PF\"}]},{\"@type\":\"WebSite\",\"@id\":\"https:\/\/www.estrategiaconcursos.com.br\/blog\/#website\",\"url\":\"https:\/\/www.estrategiaconcursos.com.br\/blog\/\",\"name\":\"Estrat\u00e9gia Concursos\",\"description\":\"O blog da Estrat\u00e9gia Concursos traz not\u00edcias sobre concursos e artigos de professores oferecendo cursos para concursos (pdf + videaulas) no site.\",\"publisher\":{\"@id\":\"https:\/\/www.estrategiaconcursos.com.br\/blog\/#organization\"},\"potentialAction\":[{\"@type\":\"SearchAction\",\"target\":{\"@type\":\"EntryPoint\",\"urlTemplate\":\"https:\/\/www.estrategiaconcursos.com.br\/blog\/?s={search_term_string}\"},\"query-input\":{\"@type\":\"PropertyValueSpecification\",\"valueRequired\":true,\"valueName\":\"search_term_string\"}}],\"inLanguage\":\"pt-BR\"},{\"@type\":\"Organization\",\"@id\":\"https:\/\/www.estrategiaconcursos.com.br\/blog\/#organization\",\"name\":\"Estrat\u00e9gia Concursos\",\"url\":\"https:\/\/www.estrategiaconcursos.com.br\/blog\/\",\"logo\":{\"@type\":\"ImageObject\",\"inLanguage\":\"pt-BR\",\"@id\":\"https:\/\/www.estrategiaconcursos.com.br\/blog\/#\/schema\/logo\/image\/\",\"url\":\"https:\/\/dhg1h5j42swfq.cloudfront.net\/2025\/06\/03203428\/logo_concursos-1.jpg\",\"contentUrl\":\"https:\/\/dhg1h5j42swfq.cloudfront.net\/2025\/06\/03203428\/logo_concursos-1.jpg\",\"width\":230,\"height\":60,\"caption\":\"Estrat\u00e9gia Concursos\"},\"image\":{\"@id\":\"https:\/\/www.estrategiaconcursos.com.br\/blog\/#\/schema\/logo\/image\/\"},\"sameAs\":[\"https:\/\/x.com\/EstratConcursos\"]},{\"@type\":\"Person\",\"@id\":\"https:\/\/www.estrategiaconcursos.com.br\/blog\/#\/schema\/person\/c666a44fbce7e2e70009a9c13549267a\",\"name\":\"Leandro Ricardo Machado da Silveira\",\"image\":{\"@type\":\"ImageObject\",\"inLanguage\":\"pt-BR\",\"@id\":\"https:\/\/secure.gravatar.com\/avatar\/6fb25994d16b9649838400aa459b16c1c83f558e0fd6ebebd16da0473908b291?s=96&d=mm&r=g\",\"url\":\"https:\/\/secure.gravatar.com\/avatar\/6fb25994d16b9649838400aa459b16c1c83f558e0fd6ebebd16da0473908b291?s=96&d=mm&r=g\",\"contentUrl\":\"https:\/\/secure.gravatar.com\/avatar\/6fb25994d16b9649838400aa459b16c1c83f558e0fd6ebebd16da0473908b291?s=96&d=mm&r=g\",\"caption\":\"Leandro Ricardo Machado da Silveira\"},\"description\":\"Engenheiro Aeron\u00e1utico, formado pela Universidade Federal de Uberl\u00e2ndia, possui MBA em Administra\u00e7\u00e3o e Finan\u00e7as Corporativas e aprovado nos concursos de Auditor Fiscal SEFAZ-SC e SEFAZ-GO.\",\"url\":\"https:\/\/www.estrategiaconcursos.com.br\/blog\/author\/leandro_vzthotmail-com\/\"}]}<\/script>\n<!-- \/ Yoast SEO Premium plugin. -->","yoast_head_json":{"title":"Saiba tudo sobre a D\u00edvida Ativa para o Concurso PF","description":"Veja as principais disposi\u00e7\u00f5es sobre a inscri\u00e7\u00e3o em d\u00edvida ativa da Uni\u00e3o para concurso PF, e as formas de execu\u00e7\u00e3o desta d\u00edvida","robots":{"index":"index","follow":"follow","max-snippet":"max-snippet:-1","max-image-preview":"max-image-preview:large","max-video-preview":"max-video-preview:-1"},"canonical":"https:\/\/www.estrategiaconcursos.com.br\/blog\/concurso-policia-federal\/","og_locale":"pt_BR","og_type":"article","og_title":"Saiba tudo sobre a D\u00edvida Ativa para o Concurso PF","og_description":"Veja as principais disposi\u00e7\u00f5es sobre a inscri\u00e7\u00e3o em d\u00edvida ativa da Uni\u00e3o para concurso PF, e as formas de execu\u00e7\u00e3o desta d\u00edvida","og_url":"https:\/\/www.estrategiaconcursos.com.br\/blog\/concurso-policia-federal\/","og_site_name":"Estrat\u00e9gia Concursos","article_published_time":"2021-02-15T21:43:00+00:00","article_modified_time":"2021-02-17T12:42:43+00:00","og_image":[{"width":600,"height":310,"url":"https:\/\/dhg1h5j42swfq.cloudfront.net\/2021\/02\/08103915\/a_5754_d3db718a011f94f39dd49b576d785b08.jpg","type":"image\/jpeg"}],"author":"Leandro Ricardo Machado da Silveira","twitter_card":"summary_large_image","twitter_creator":"@EstratConcursos","twitter_site":"@EstratConcursos","twitter_misc":{"Escrito por":"Leandro Ricardo Machado da Silveira","Est. tempo de leitura":"9 minutos"},"schema":{"@context":"https:\/\/schema.org","@graph":[{"@type":"Article","@id":"https:\/\/www.estrategiaconcursos.com.br\/blog\/concurso-policia-federal\/#article","isPartOf":{"@id":"https:\/\/www.estrategiaconcursos.com.br\/blog\/divida-ativa-concurso-pf\/"},"author":{"name":"Leandro Ricardo Machado da Silveira","@id":"https:\/\/www.estrategiaconcursos.com.br\/blog\/#\/schema\/person\/c666a44fbce7e2e70009a9c13549267a"},"headline":"Saiba tudo sobre a D\u00edvida Ativa para o Concurso PF","datePublished":"2021-02-15T21:43:00+00:00","dateModified":"2021-02-17T12:42:43+00:00","mainEntityOfPage":{"@id":"https:\/\/www.estrategiaconcursos.com.br\/blog\/divida-ativa-concurso-pf\/"},"wordCount":1808,"commentCount":0,"publisher":{"@id":"https:\/\/www.estrategiaconcursos.com.br\/blog\/#organization"},"image":{"@id":"https:\/\/www.estrategiaconcursos.com.br\/blog\/concurso-policia-federal\/#primaryimage"},"thumbnailUrl":"https:\/\/dhg1h5j42swfq.cloudfront.net\/2021\/02\/08103915\/a_5754_d3db718a011f94f39dd49b576d785b08.jpg","keywords":["d\u00edvida ativa"],"articleSection":["Policial (Agente, Escriv\u00e3o e Investigador)"],"inLanguage":"pt-BR","potentialAction":[{"@type":"CommentAction","name":"Comment","target":["https:\/\/www.estrategiaconcursos.com.br\/blog\/concurso-policia-federal\/#respond"]}],"copyrightYear":"2021","copyrightHolder":{"@id":"https:\/\/www.estrategiaconcursos.com.br\/blog\/#organization"}},{"@type":"WebPage","@id":"https:\/\/www.estrategiaconcursos.com.br\/blog\/divida-ativa-concurso-pf\/","url":"https:\/\/www.estrategiaconcursos.com.br\/blog\/concurso-policia-federal\/","name":"Saiba tudo sobre a D\u00edvida Ativa para o Concurso PF","isPartOf":{"@id":"https:\/\/www.estrategiaconcursos.com.br\/blog\/#website"},"primaryImageOfPage":{"@id":"https:\/\/www.estrategiaconcursos.com.br\/blog\/concurso-policia-federal\/#primaryimage"},"image":{"@id":"https:\/\/www.estrategiaconcursos.com.br\/blog\/concurso-policia-federal\/#primaryimage"},"thumbnailUrl":"https:\/\/dhg1h5j42swfq.cloudfront.net\/2021\/02\/08103915\/a_5754_d3db718a011f94f39dd49b576d785b08.jpg","datePublished":"2021-02-15T21:43:00+00:00","dateModified":"2021-02-17T12:42:43+00:00","description":"Veja as principais disposi\u00e7\u00f5es sobre a inscri\u00e7\u00e3o em d\u00edvida ativa da Uni\u00e3o para concurso PF, e as formas de execu\u00e7\u00e3o desta d\u00edvida","breadcrumb":{"@id":"https:\/\/www.estrategiaconcursos.com.br\/blog\/concurso-policia-federal\/#breadcrumb"},"inLanguage":"pt-BR","potentialAction":[{"@type":"ReadAction","target":["https:\/\/www.estrategiaconcursos.com.br\/blog\/concurso-policia-federal\/"]}]},{"@type":"ImageObject","inLanguage":"pt-BR","@id":"https:\/\/www.estrategiaconcursos.com.br\/blog\/concurso-policia-federal\/#primaryimage","url":"https:\/\/dhg1h5j42swfq.cloudfront.net\/2021\/02\/08103915\/a_5754_d3db718a011f94f39dd49b576d785b08.jpg","contentUrl":"https:\/\/dhg1h5j42swfq.cloudfront.net\/2021\/02\/08103915\/a_5754_d3db718a011f94f39dd49b576d785b08.jpg","width":600,"height":310},{"@type":"BreadcrumbList","@id":"https:\/\/www.estrategiaconcursos.com.br\/blog\/concurso-policia-federal\/#breadcrumb","itemListElement":[{"@type":"ListItem","position":1,"name":"In\u00edcio","item":"https:\/\/www.estrategiaconcursos.com.br\/blog\/"},{"@type":"ListItem","position":2,"name":"Saiba tudo sobre a D\u00edvida Ativa para o Concurso PF"}]},{"@type":"WebSite","@id":"https:\/\/www.estrategiaconcursos.com.br\/blog\/#website","url":"https:\/\/www.estrategiaconcursos.com.br\/blog\/","name":"Estrat\u00e9gia Concursos","description":"O blog da Estrat\u00e9gia Concursos traz not\u00edcias sobre concursos e artigos de professores oferecendo cursos para concursos (pdf + videaulas) no site.","publisher":{"@id":"https:\/\/www.estrategiaconcursos.com.br\/blog\/#organization"},"potentialAction":[{"@type":"SearchAction","target":{"@type":"EntryPoint","urlTemplate":"https:\/\/www.estrategiaconcursos.com.br\/blog\/?s={search_term_string}"},"query-input":{"@type":"PropertyValueSpecification","valueRequired":true,"valueName":"search_term_string"}}],"inLanguage":"pt-BR"},{"@type":"Organization","@id":"https:\/\/www.estrategiaconcursos.com.br\/blog\/#organization","name":"Estrat\u00e9gia Concursos","url":"https:\/\/www.estrategiaconcursos.com.br\/blog\/","logo":{"@type":"ImageObject","inLanguage":"pt-BR","@id":"https:\/\/www.estrategiaconcursos.com.br\/blog\/#\/schema\/logo\/image\/","url":"https:\/\/dhg1h5j42swfq.cloudfront.net\/2025\/06\/03203428\/logo_concursos-1.jpg","contentUrl":"https:\/\/dhg1h5j42swfq.cloudfront.net\/2025\/06\/03203428\/logo_concursos-1.jpg","width":230,"height":60,"caption":"Estrat\u00e9gia Concursos"},"image":{"@id":"https:\/\/www.estrategiaconcursos.com.br\/blog\/#\/schema\/logo\/image\/"},"sameAs":["https:\/\/x.com\/EstratConcursos"]},{"@type":"Person","@id":"https:\/\/www.estrategiaconcursos.com.br\/blog\/#\/schema\/person\/c666a44fbce7e2e70009a9c13549267a","name":"Leandro Ricardo Machado da Silveira","image":{"@type":"ImageObject","inLanguage":"pt-BR","@id":"https:\/\/secure.gravatar.com\/avatar\/6fb25994d16b9649838400aa459b16c1c83f558e0fd6ebebd16da0473908b291?s=96&d=mm&r=g","url":"https:\/\/secure.gravatar.com\/avatar\/6fb25994d16b9649838400aa459b16c1c83f558e0fd6ebebd16da0473908b291?s=96&d=mm&r=g","contentUrl":"https:\/\/secure.gravatar.com\/avatar\/6fb25994d16b9649838400aa459b16c1c83f558e0fd6ebebd16da0473908b291?s=96&d=mm&r=g","caption":"Leandro Ricardo Machado da Silveira"},"description":"Engenheiro Aeron\u00e1utico, formado pela Universidade Federal de Uberl\u00e2ndia, possui MBA em Administra\u00e7\u00e3o e Finan\u00e7as Corporativas e aprovado nos concursos de Auditor Fiscal SEFAZ-SC e SEFAZ-GO.","url":"https:\/\/www.estrategiaconcursos.com.br\/blog\/author\/leandro_vzthotmail-com\/"}]}},"_links":{"self":[{"href":"https:\/\/www.estrategiaconcursos.com.br\/blog\/wp-json\/wp\/v2\/posts\/667640","targetHints":{"allow":["GET"]}}],"collection":[{"href":"https:\/\/www.estrategiaconcursos.com.br\/blog\/wp-json\/wp\/v2\/posts"}],"about":[{"href":"https:\/\/www.estrategiaconcursos.com.br\/blog\/wp-json\/wp\/v2\/types\/post"}],"author":[{"embeddable":true,"href":"https:\/\/www.estrategiaconcursos.com.br\/blog\/wp-json\/wp\/v2\/users\/1668"}],"replies":[{"embeddable":true,"href":"https:\/\/www.estrategiaconcursos.com.br\/blog\/wp-json\/wp\/v2\/comments?post=667640"}],"version-history":[{"count":4,"href":"https:\/\/www.estrategiaconcursos.com.br\/blog\/wp-json\/wp\/v2\/posts\/667640\/revisions"}],"predecessor-version":[{"id":673983,"href":"https:\/\/www.estrategiaconcursos.com.br\/blog\/wp-json\/wp\/v2\/posts\/667640\/revisions\/673983"}],"wp:featuredmedia":[{"embeddable":true,"href":"https:\/\/www.estrategiaconcursos.com.br\/blog\/wp-json\/wp\/v2\/media\/667643"}],"wp:attachment":[{"href":"https:\/\/www.estrategiaconcursos.com.br\/blog\/wp-json\/wp\/v2\/media?parent=667640"}],"wp:term":[{"taxonomy":"category","embeddable":true,"href":"https:\/\/www.estrategiaconcursos.com.br\/blog\/wp-json\/wp\/v2\/categories?post=667640"},{"taxonomy":"post_tag","embeddable":true,"href":"https:\/\/www.estrategiaconcursos.com.br\/blog\/wp-json\/wp\/v2\/tags?post=667640"},{"taxonomy":"tax_estado","embeddable":true,"href":"https:\/\/www.estrategiaconcursos.com.br\/blog\/wp-json\/wp\/v2\/tax_estado?post=667640"}],"curies":[{"name":"wp","href":"https:\/\/api.w.org\/{rel}","templated":true}]}}