{"id":66616,"date":"2017-03-08T01:20:04","date_gmt":"2017-03-08T04:20:04","guid":{"rendered":"https:\/\/www.estrategiaconcursos.com.br\/blog\/?p=66616"},"modified":"2017-03-16T10:59:49","modified_gmt":"2017-03-16T13:59:49","slug":"trf-2-tecnico-especialidade-informatica-gestao-e-governanca-de-ti","status":"publish","type":"post","link":"https:\/\/www.estrategiaconcursos.com.br\/blog\/trf-2-tecnico-especialidade-informatica-gestao-e-governanca-de-ti\/","title":{"rendered":"TRF 2 T\u00e9cnico Especialidade Inform\u00e1tica \u2013 Gest\u00e3o e Governan\u00e7a de TI"},"content":{"rendered":"<p>\n\tEu novamente pessoal!!! Est&atilde;o acordados?&nbsp; Agora trago a &uacute;nica quest&atilde;o das nossas mat&eacute;rias que caiu na prova para o cargo de T&eacute;cnico &ndash; Especialidade Inform&aacute;tica do TRF 2&ordf; Regi&atilde;o!&nbsp; Utilizei a prova tipo 1.\n<\/p>\n<p>\n\tVamos a ela!\n<\/p>\n<p>\n\tConsulplan &ndash; TRF 2&ordf; Regi&atilde;o &ndash; T&eacute;cnico Judici&aacute;rio &ndash; Especialidade Inform&aacute;tica &ndash; Prova Tipo 1 &ndash;\n<\/p>\n<p>\n\t<strong><u>Quest&atilde;o 53<\/u><\/strong>\n<\/p>\n<p>\n\t&nbsp;&ldquo;[&#8230;] garante que as necessidades, condi&ccedil;&otilde;es e op&ccedil;&otilde;es das partes interessadas sejam avaliadas a fim de determinar objetivos corporativos acordados e equilibrados; definindo a dire&ccedil;&atilde;o atrav&eacute;s de prioriza&ccedil;&otilde;es e tomadas de decis&atilde;o; e monitorando o desempenho e a conformidade com a dire&ccedil;&atilde;o e os objetivos estabelecidos.&rdquo; De acordo com os princ&iacute;pios do COBIT 5, o enunciado anterior corresponde ao conceito de:\n<\/p>\n<p>\n\tA) Gest&atilde;o. &nbsp;B) Organiza&ccedil;&atilde;o. &nbsp;C) Governan&ccedil;a. &nbsp;D) Administra&ccedil;&atilde;o.\n<\/p>\n<p>\n\t<strong>Coment&aacute;rios:&nbsp; Pessoal&#8230; quest&atilde;o tranquila n&eacute;?!&nbsp; Quem assistiu nosso aul&atilde;o da sexta-feira que antecedeu a prova certamente n&atilde;o perdeu essa!&nbsp; Falamos que um dos princ&iacute;pios do COBIT 5 &eacute; distinguir (separar) Governan&ccedil;a e Gest&atilde;o.&nbsp; Neste sentido estabelece que:<\/strong>\n<\/p>\n<p>\n\t<strong>A gest&atilde;o &eacute; respons&aacute;vel pelo planejamento, desenvolvimento, execu&ccedil;&atilde;o e monitoramento das atividades em conson&acirc;ncia com a dire&ccedil;&atilde;o definida pelo &oacute;rg&atilde;o de governan&ccedil;a a fim de atingir os objetivos corporativos.<\/strong>\n<\/p>\n<p>\n\t<strong>&nbsp;A governan&ccedil;a garante que as necessidades, condi&ccedil;&otilde;es e op&ccedil;&otilde;es das Partes Interessadas sejam avaliadas a fim de determinar objetivos corporativos acordados e equilibrados; definindo a dire&ccedil;&atilde;o atrav&eacute;s de prioriza&ccedil;&otilde;es e tomadas de decis&atilde;o; e monitorando o desempenho e a conformidade com a dire&ccedil;&atilde;o e os objetivos estabelecidos.&nbsp; <\/strong>\n<\/p>\n<p>\n\t<strong>Portanto a quest&atilde;o traz a defini&ccedil;&atilde;o exata de governan&ccedil;a dada pelo Cobit 5.&nbsp; Gabarito letra C.<\/strong>\n<\/p>\n<p>\n\tBom, para este cargo s&oacute; tivemos esta quest&atilde;o!! &nbsp;Espero que voc&ecirc;s tenham acertado (essa n&atilde;o dava pra perder)!\n<\/p>\n<p>\n\tSiga&nbsp;os professores de TI do Estrat&eacute;gia no FACEBOOK&hellip; a minha&nbsp;p&aacute;gina&nbsp;&eacute;:&nbsp;<a href=\"https:\/\/www.facebook.com\/fabioalvesprofessor\">https:\/\/www.facebook.com\/fabioalvesprofessor<\/a>\n<\/p>\n<p>\n\tNosso grupo de TI:&nbsp;<a href=\"https:\/\/www.facebook.com\/groups\/EstrategiaConcursosdeTI\/\">https:\/\/www.facebook.com\/groups\/EstrategiaConcursosdeTI\/<\/a>\n<\/p>\n<p>\n\tAb&ccedil;os e Sucesso!\n<\/p>\n<p>\n\tF&aacute;bio Alves<\/p>\n","protected":false},"excerpt":{"rendered":"<p>Eu novamente pessoal!!! Est&atilde;o acordados?&nbsp; Agora trago a &uacute;nica quest&atilde;o das nossas mat&eacute;rias que caiu na prova para o cargo de T&eacute;cnico &ndash; Especialidade Inform&aacute;tica do TRF 2&ordf; Regi&atilde;o!&nbsp; Utilizei a prova tipo 1. Vamos a ela! Consulplan &ndash; TRF 2&ordf; Regi&atilde;o &ndash; T&eacute;cnico Judici&aacute;rio &ndash; Especialidade Inform&aacute;tica &ndash; Prova Tipo 1 &ndash; Quest&atilde;o 53 [&hellip;]<\/p>\n","protected":false},"author":100,"featured_media":0,"comment_status":"open","ping_status":"open","sticky":false,"template":"","format":"standard","meta":{"post_tipo":"article","footnotes":""},"categories":[1,1984],"tags":[1294],"tax_estado":[],"class_list":["post-66616","post","type-post","status-publish","format-standard","hentry","category-cursos-e-concursos","category-tribunais","tag-trf-2"],"acf":[],"yoast_head":"<!-- This site is optimized with the Yoast SEO Premium plugin v27.2 (Yoast SEO v27.2) - https:\/\/yoast.com\/product\/yoast-seo-premium-wordpress\/ -->\n<title>TRF 2 T\u00e9cnico Especialidade Inform\u00e1tica \u2013 Gest\u00e3o e Governan\u00e7a de TI<\/title>\n<meta name=\"robots\" content=\"index, follow, max-snippet:-1, max-image-preview:large, max-video-preview:-1\" \/>\n<link rel=\"canonical\" href=\"https:\/\/www.estrategiaconcursos.com.br\/blog\/trf-2-tecnico-especialidade-informatica-gestao-e-governanca-de-ti\/\" \/>\n<meta property=\"og:locale\" content=\"pt_BR\" \/>\n<meta property=\"og:type\" content=\"article\" \/>\n<meta property=\"og:title\" content=\"TRF 2 T\u00e9cnico Especialidade Inform\u00e1tica \u2013 Gest\u00e3o e Governan\u00e7a de TI\" \/>\n<meta property=\"og:description\" content=\"Eu novamente pessoal!!! Est&atilde;o acordados?&nbsp; Agora trago a &uacute;nica quest&atilde;o das nossas mat&eacute;rias que caiu na prova para o cargo de T&eacute;cnico &ndash; Especialidade Inform&aacute;tica do TRF 2&ordf; Regi&atilde;o!&nbsp; Utilizei a prova tipo 1. Vamos a ela! Consulplan &ndash; TRF 2&ordf; Regi&atilde;o &ndash; T&eacute;cnico Judici&aacute;rio &ndash; Especialidade Inform&aacute;tica &ndash; Prova Tipo 1 &ndash; Quest&atilde;o 53 [&hellip;]\" \/>\n<meta property=\"og:url\" content=\"https:\/\/www.estrategiaconcursos.com.br\/blog\/trf-2-tecnico-especialidade-informatica-gestao-e-governanca-de-ti\/\" \/>\n<meta property=\"og:site_name\" content=\"Estrat\u00e9gia Concursos\" \/>\n<meta property=\"article:published_time\" content=\"2017-03-08T04:20:04+00:00\" \/>\n<meta property=\"article:modified_time\" content=\"2017-03-16T13:59:49+00:00\" \/>\n<meta name=\"author\" content=\"F\u00e1bio Alves\" \/>\n<meta name=\"twitter:card\" content=\"summary_large_image\" \/>\n<meta name=\"twitter:creator\" content=\"@EstratConcursos\" \/>\n<meta name=\"twitter:site\" content=\"@EstratConcursos\" \/>\n<meta name=\"twitter:label1\" content=\"Escrito por\" \/>\n\t<meta name=\"twitter:data1\" content=\"F\u00e1bio Alves\" \/>\n\t<meta name=\"twitter:label2\" content=\"Est. tempo de leitura\" \/>\n\t<meta name=\"twitter:data2\" content=\"2 minutos\" \/>\n<script type=\"application\/ld+json\" class=\"yoast-schema-graph\">{\"@context\":\"https:\/\/schema.org\",\"@graph\":[{\"@type\":\"NewsArticle\",\"@id\":\"https:\/\/www.estrategiaconcursos.com.br\/blog\/trf-2-tecnico-especialidade-informatica-gestao-e-governanca-de-ti\/#article\",\"isPartOf\":{\"@id\":\"https:\/\/www.estrategiaconcursos.com.br\/blog\/trf-2-tecnico-especialidade-informatica-gestao-e-governanca-de-ti\/\"},\"author\":{\"name\":\"F\u00e1bio Alves\",\"@id\":\"https:\/\/www.estrategiaconcursos.com.br\/blog\/#\/schema\/person\/fd4e12a9213010d2228e6bc69b89b33a\"},\"headline\":\"TRF 2 T\u00e9cnico Especialidade Inform\u00e1tica \u2013 Gest\u00e3o e Governan\u00e7a de TI\",\"datePublished\":\"2017-03-08T04:20:04+00:00\",\"dateModified\":\"2017-03-16T13:59:49+00:00\",\"mainEntityOfPage\":{\"@id\":\"https:\/\/www.estrategiaconcursos.com.br\/blog\/trf-2-tecnico-especialidade-informatica-gestao-e-governanca-de-ti\/\"},\"wordCount\":461,\"commentCount\":0,\"publisher\":{\"@id\":\"https:\/\/www.estrategiaconcursos.com.br\/blog\/#organization\"},\"keywords\":[\"TRF 2\"],\"articleSection\":[\"Concursos P\u00fablicos\",\"Tribunais\"],\"inLanguage\":\"pt-BR\",\"potentialAction\":[{\"@type\":\"CommentAction\",\"name\":\"Comment\",\"target\":[\"https:\/\/www.estrategiaconcursos.com.br\/blog\/trf-2-tecnico-especialidade-informatica-gestao-e-governanca-de-ti\/#respond\"]}],\"copyrightYear\":\"2017\",\"copyrightHolder\":{\"@id\":\"https:\/\/www.estrategiaconcursos.com.br\/blog\/#organization\"}},{\"@type\":\"WebPage\",\"@id\":\"https:\/\/www.estrategiaconcursos.com.br\/blog\/trf-2-tecnico-especialidade-informatica-gestao-e-governanca-de-ti\/\",\"url\":\"https:\/\/www.estrategiaconcursos.com.br\/blog\/trf-2-tecnico-especialidade-informatica-gestao-e-governanca-de-ti\/\",\"name\":\"TRF 2 T\u00e9cnico Especialidade Inform\u00e1tica \u2013 Gest\u00e3o e Governan\u00e7a de TI\",\"isPartOf\":{\"@id\":\"https:\/\/www.estrategiaconcursos.com.br\/blog\/#website\"},\"datePublished\":\"2017-03-08T04:20:04+00:00\",\"dateModified\":\"2017-03-16T13:59:49+00:00\",\"breadcrumb\":{\"@id\":\"https:\/\/www.estrategiaconcursos.com.br\/blog\/trf-2-tecnico-especialidade-informatica-gestao-e-governanca-de-ti\/#breadcrumb\"},\"inLanguage\":\"pt-BR\",\"potentialAction\":[{\"@type\":\"ReadAction\",\"target\":[\"https:\/\/www.estrategiaconcursos.com.br\/blog\/trf-2-tecnico-especialidade-informatica-gestao-e-governanca-de-ti\/\"]}]},{\"@type\":\"BreadcrumbList\",\"@id\":\"https:\/\/www.estrategiaconcursos.com.br\/blog\/trf-2-tecnico-especialidade-informatica-gestao-e-governanca-de-ti\/#breadcrumb\",\"itemListElement\":[{\"@type\":\"ListItem\",\"position\":1,\"name\":\"In\u00edcio\",\"item\":\"https:\/\/www.estrategiaconcursos.com.br\/blog\/\"},{\"@type\":\"ListItem\",\"position\":2,\"name\":\"TRF 2 T\u00e9cnico Especialidade Inform\u00e1tica \u2013 Gest\u00e3o e Governan\u00e7a de TI\"}]},{\"@type\":\"WebSite\",\"@id\":\"https:\/\/www.estrategiaconcursos.com.br\/blog\/#website\",\"url\":\"https:\/\/www.estrategiaconcursos.com.br\/blog\/\",\"name\":\"Estrat\u00e9gia Concursos\",\"description\":\"O blog da Estrat\u00e9gia Concursos traz not\u00edcias sobre concursos e artigos de professores oferecendo cursos para concursos (pdf + videaulas) no site.\",\"publisher\":{\"@id\":\"https:\/\/www.estrategiaconcursos.com.br\/blog\/#organization\"},\"potentialAction\":[{\"@type\":\"SearchAction\",\"target\":{\"@type\":\"EntryPoint\",\"urlTemplate\":\"https:\/\/www.estrategiaconcursos.com.br\/blog\/?s={search_term_string}\"},\"query-input\":{\"@type\":\"PropertyValueSpecification\",\"valueRequired\":true,\"valueName\":\"search_term_string\"}}],\"inLanguage\":\"pt-BR\"},{\"@type\":\"Organization\",\"@id\":\"https:\/\/www.estrategiaconcursos.com.br\/blog\/#organization\",\"name\":\"Estrat\u00e9gia Concursos\",\"url\":\"https:\/\/www.estrategiaconcursos.com.br\/blog\/\",\"logo\":{\"@type\":\"ImageObject\",\"inLanguage\":\"pt-BR\",\"@id\":\"https:\/\/www.estrategiaconcursos.com.br\/blog\/#\/schema\/logo\/image\/\",\"url\":\"https:\/\/dhg1h5j42swfq.cloudfront.net\/2025\/06\/03203428\/logo_concursos-1.jpg\",\"contentUrl\":\"https:\/\/dhg1h5j42swfq.cloudfront.net\/2025\/06\/03203428\/logo_concursos-1.jpg\",\"width\":230,\"height\":60,\"caption\":\"Estrat\u00e9gia Concursos\"},\"image\":{\"@id\":\"https:\/\/www.estrategiaconcursos.com.br\/blog\/#\/schema\/logo\/image\/\"},\"sameAs\":[\"https:\/\/x.com\/EstratConcursos\"]},{\"@type\":\"Person\",\"@id\":\"https:\/\/www.estrategiaconcursos.com.br\/blog\/#\/schema\/person\/fd4e12a9213010d2228e6bc69b89b33a\",\"name\":\"F\u00e1bio Alves\",\"image\":{\"@type\":\"ImageObject\",\"inLanguage\":\"pt-BR\",\"@id\":\"https:\/\/secure.gravatar.com\/avatar\/014c4afcbfcf7619f1d2feefbf6091f475f447368bbefcd03c9110b71d59a764?s=96&d=mm&r=g\",\"url\":\"https:\/\/secure.gravatar.com\/avatar\/014c4afcbfcf7619f1d2feefbf6091f475f447368bbefcd03c9110b71d59a764?s=96&d=mm&r=g\",\"contentUrl\":\"https:\/\/secure.gravatar.com\/avatar\/014c4afcbfcf7619f1d2feefbf6091f475f447368bbefcd03c9110b71d59a764?s=96&d=mm&r=g\",\"caption\":\"F\u00e1bio Alves\"},\"url\":\"https:\/\/www.estrategiaconcursos.com.br\/blog\/author\/fabioalvesestrategiaconcursos-com-br\/\"}]}<\/script>\n<!-- \/ Yoast SEO Premium plugin. -->","yoast_head_json":{"title":"TRF 2 T\u00e9cnico Especialidade Inform\u00e1tica \u2013 Gest\u00e3o e Governan\u00e7a de TI","robots":{"index":"index","follow":"follow","max-snippet":"max-snippet:-1","max-image-preview":"max-image-preview:large","max-video-preview":"max-video-preview:-1"},"canonical":"https:\/\/www.estrategiaconcursos.com.br\/blog\/trf-2-tecnico-especialidade-informatica-gestao-e-governanca-de-ti\/","og_locale":"pt_BR","og_type":"article","og_title":"TRF 2 T\u00e9cnico Especialidade Inform\u00e1tica \u2013 Gest\u00e3o e Governan\u00e7a de TI","og_description":"Eu novamente pessoal!!! Est&atilde;o acordados?&nbsp; Agora trago a &uacute;nica quest&atilde;o das nossas mat&eacute;rias que caiu na prova para o cargo de T&eacute;cnico &ndash; Especialidade Inform&aacute;tica do TRF 2&ordf; Regi&atilde;o!&nbsp; Utilizei a prova tipo 1. Vamos a ela! Consulplan &ndash; TRF 2&ordf; Regi&atilde;o &ndash; T&eacute;cnico Judici&aacute;rio &ndash; Especialidade Inform&aacute;tica &ndash; Prova Tipo 1 &ndash; Quest&atilde;o 53 [&hellip;]","og_url":"https:\/\/www.estrategiaconcursos.com.br\/blog\/trf-2-tecnico-especialidade-informatica-gestao-e-governanca-de-ti\/","og_site_name":"Estrat\u00e9gia Concursos","article_published_time":"2017-03-08T04:20:04+00:00","article_modified_time":"2017-03-16T13:59:49+00:00","author":"F\u00e1bio Alves","twitter_card":"summary_large_image","twitter_creator":"@EstratConcursos","twitter_site":"@EstratConcursos","twitter_misc":{"Escrito por":"F\u00e1bio Alves","Est. tempo de leitura":"2 minutos"},"schema":{"@context":"https:\/\/schema.org","@graph":[{"@type":"NewsArticle","@id":"https:\/\/www.estrategiaconcursos.com.br\/blog\/trf-2-tecnico-especialidade-informatica-gestao-e-governanca-de-ti\/#article","isPartOf":{"@id":"https:\/\/www.estrategiaconcursos.com.br\/blog\/trf-2-tecnico-especialidade-informatica-gestao-e-governanca-de-ti\/"},"author":{"name":"F\u00e1bio Alves","@id":"https:\/\/www.estrategiaconcursos.com.br\/blog\/#\/schema\/person\/fd4e12a9213010d2228e6bc69b89b33a"},"headline":"TRF 2 T\u00e9cnico Especialidade Inform\u00e1tica \u2013 Gest\u00e3o e Governan\u00e7a de TI","datePublished":"2017-03-08T04:20:04+00:00","dateModified":"2017-03-16T13:59:49+00:00","mainEntityOfPage":{"@id":"https:\/\/www.estrategiaconcursos.com.br\/blog\/trf-2-tecnico-especialidade-informatica-gestao-e-governanca-de-ti\/"},"wordCount":461,"commentCount":0,"publisher":{"@id":"https:\/\/www.estrategiaconcursos.com.br\/blog\/#organization"},"keywords":["TRF 2"],"articleSection":["Concursos P\u00fablicos","Tribunais"],"inLanguage":"pt-BR","potentialAction":[{"@type":"CommentAction","name":"Comment","target":["https:\/\/www.estrategiaconcursos.com.br\/blog\/trf-2-tecnico-especialidade-informatica-gestao-e-governanca-de-ti\/#respond"]}],"copyrightYear":"2017","copyrightHolder":{"@id":"https:\/\/www.estrategiaconcursos.com.br\/blog\/#organization"}},{"@type":"WebPage","@id":"https:\/\/www.estrategiaconcursos.com.br\/blog\/trf-2-tecnico-especialidade-informatica-gestao-e-governanca-de-ti\/","url":"https:\/\/www.estrategiaconcursos.com.br\/blog\/trf-2-tecnico-especialidade-informatica-gestao-e-governanca-de-ti\/","name":"TRF 2 T\u00e9cnico Especialidade Inform\u00e1tica \u2013 Gest\u00e3o e Governan\u00e7a de TI","isPartOf":{"@id":"https:\/\/www.estrategiaconcursos.com.br\/blog\/#website"},"datePublished":"2017-03-08T04:20:04+00:00","dateModified":"2017-03-16T13:59:49+00:00","breadcrumb":{"@id":"https:\/\/www.estrategiaconcursos.com.br\/blog\/trf-2-tecnico-especialidade-informatica-gestao-e-governanca-de-ti\/#breadcrumb"},"inLanguage":"pt-BR","potentialAction":[{"@type":"ReadAction","target":["https:\/\/www.estrategiaconcursos.com.br\/blog\/trf-2-tecnico-especialidade-informatica-gestao-e-governanca-de-ti\/"]}]},{"@type":"BreadcrumbList","@id":"https:\/\/www.estrategiaconcursos.com.br\/blog\/trf-2-tecnico-especialidade-informatica-gestao-e-governanca-de-ti\/#breadcrumb","itemListElement":[{"@type":"ListItem","position":1,"name":"In\u00edcio","item":"https:\/\/www.estrategiaconcursos.com.br\/blog\/"},{"@type":"ListItem","position":2,"name":"TRF 2 T\u00e9cnico Especialidade Inform\u00e1tica \u2013 Gest\u00e3o e Governan\u00e7a de TI"}]},{"@type":"WebSite","@id":"https:\/\/www.estrategiaconcursos.com.br\/blog\/#website","url":"https:\/\/www.estrategiaconcursos.com.br\/blog\/","name":"Estrat\u00e9gia Concursos","description":"O blog da Estrat\u00e9gia Concursos traz not\u00edcias sobre concursos e artigos de professores oferecendo cursos para concursos (pdf + videaulas) no site.","publisher":{"@id":"https:\/\/www.estrategiaconcursos.com.br\/blog\/#organization"},"potentialAction":[{"@type":"SearchAction","target":{"@type":"EntryPoint","urlTemplate":"https:\/\/www.estrategiaconcursos.com.br\/blog\/?s={search_term_string}"},"query-input":{"@type":"PropertyValueSpecification","valueRequired":true,"valueName":"search_term_string"}}],"inLanguage":"pt-BR"},{"@type":"Organization","@id":"https:\/\/www.estrategiaconcursos.com.br\/blog\/#organization","name":"Estrat\u00e9gia Concursos","url":"https:\/\/www.estrategiaconcursos.com.br\/blog\/","logo":{"@type":"ImageObject","inLanguage":"pt-BR","@id":"https:\/\/www.estrategiaconcursos.com.br\/blog\/#\/schema\/logo\/image\/","url":"https:\/\/dhg1h5j42swfq.cloudfront.net\/2025\/06\/03203428\/logo_concursos-1.jpg","contentUrl":"https:\/\/dhg1h5j42swfq.cloudfront.net\/2025\/06\/03203428\/logo_concursos-1.jpg","width":230,"height":60,"caption":"Estrat\u00e9gia Concursos"},"image":{"@id":"https:\/\/www.estrategiaconcursos.com.br\/blog\/#\/schema\/logo\/image\/"},"sameAs":["https:\/\/x.com\/EstratConcursos"]},{"@type":"Person","@id":"https:\/\/www.estrategiaconcursos.com.br\/blog\/#\/schema\/person\/fd4e12a9213010d2228e6bc69b89b33a","name":"F\u00e1bio Alves","image":{"@type":"ImageObject","inLanguage":"pt-BR","@id":"https:\/\/secure.gravatar.com\/avatar\/014c4afcbfcf7619f1d2feefbf6091f475f447368bbefcd03c9110b71d59a764?s=96&d=mm&r=g","url":"https:\/\/secure.gravatar.com\/avatar\/014c4afcbfcf7619f1d2feefbf6091f475f447368bbefcd03c9110b71d59a764?s=96&d=mm&r=g","contentUrl":"https:\/\/secure.gravatar.com\/avatar\/014c4afcbfcf7619f1d2feefbf6091f475f447368bbefcd03c9110b71d59a764?s=96&d=mm&r=g","caption":"F\u00e1bio Alves"},"url":"https:\/\/www.estrategiaconcursos.com.br\/blog\/author\/fabioalvesestrategiaconcursos-com-br\/"}]}},"_links":{"self":[{"href":"https:\/\/www.estrategiaconcursos.com.br\/blog\/wp-json\/wp\/v2\/posts\/66616","targetHints":{"allow":["GET"]}}],"collection":[{"href":"https:\/\/www.estrategiaconcursos.com.br\/blog\/wp-json\/wp\/v2\/posts"}],"about":[{"href":"https:\/\/www.estrategiaconcursos.com.br\/blog\/wp-json\/wp\/v2\/types\/post"}],"author":[{"embeddable":true,"href":"https:\/\/www.estrategiaconcursos.com.br\/blog\/wp-json\/wp\/v2\/users\/100"}],"replies":[{"embeddable":true,"href":"https:\/\/www.estrategiaconcursos.com.br\/blog\/wp-json\/wp\/v2\/comments?post=66616"}],"version-history":[{"count":3,"href":"https:\/\/www.estrategiaconcursos.com.br\/blog\/wp-json\/wp\/v2\/posts\/66616\/revisions"}],"predecessor-version":[{"id":66632,"href":"https:\/\/www.estrategiaconcursos.com.br\/blog\/wp-json\/wp\/v2\/posts\/66616\/revisions\/66632"}],"wp:attachment":[{"href":"https:\/\/www.estrategiaconcursos.com.br\/blog\/wp-json\/wp\/v2\/media?parent=66616"}],"wp:term":[{"taxonomy":"category","embeddable":true,"href":"https:\/\/www.estrategiaconcursos.com.br\/blog\/wp-json\/wp\/v2\/categories?post=66616"},{"taxonomy":"post_tag","embeddable":true,"href":"https:\/\/www.estrategiaconcursos.com.br\/blog\/wp-json\/wp\/v2\/tags?post=66616"},{"taxonomy":"tax_estado","embeddable":true,"href":"https:\/\/www.estrategiaconcursos.com.br\/blog\/wp-json\/wp\/v2\/tax_estado?post=66616"}],"curies":[{"name":"wp","href":"https:\/\/api.w.org\/{rel}","templated":true}]}}