{"id":66558,"date":"2017-03-07T21:34:59","date_gmt":"2017-03-08T00:34:59","guid":{"rendered":"https:\/\/www.estrategiaconcursos.com.br\/blog\/?p=66558"},"modified":"2017-03-08T11:06:53","modified_gmt":"2017-03-08T14:06:53","slug":"promotor-roraima","status":"publish","type":"post","link":"https:\/\/www.estrategiaconcursos.com.br\/blog\/promotor-roraima\/","title":{"rendered":"Promotor Roraima &#8211; Edital na Pra\u00e7a. Saiba tudo agora."},"content":{"rendered":"<p style=\"text-align: justify\">\n\tConcurso Promotor Roraima com edital na pra&ccedil;a!&nbsp;Vagas para Promotor de Justi&ccedil;a com sal&aacute;rio inicial de <strong>R$ 24 mil<\/strong>. Saiba tudo sobre o edital neste artigo.\n<\/p>\n<p style=\"text-align: justify\">\n\t<img decoding=\"async\" alt=\"promotor roraima\" class=\"size-full wp-image-66587 alignleft\" src=\"https:\/\/dhg1h5j42swfq.cloudfront.net\/2017\/03\/07205208\/Adinoel-Promotor-Rora%C3%ADma-foto.jpg\" style=\"width: 400px;height: 233px\" title=\"\" \/>\n<\/p>\n<p style=\"text-align: justify\">\n\tO Minist&eacute;rio P&uacute;bico do Estado de Roraima, por meio do edital n&uacute;mero 1 &#8211; MPRR, datado de 06 de mar&ccedil;o de 2017 abre concurso para provimento de vagas e forma&ccedil;&atilde;o de cadastro de reserva para o cargo de Promotor de Justi&ccedil;a Substituto.\n<\/p>\n<p style=\"text-align: justify\">\n\t&nbsp;\n<\/p>\n<h2>\n\tRemunera&ccedil;&atilde;o Inicial<br \/>\n<\/h2>\n<p style=\"text-align: justify\">\n\tO valor do subs&iacute;dio inicial para o cargo Promotor de Justi&ccedil;a Substituto ser&aacute; de&nbsp;<strong><span style=\"color:#000000\">R$ 24.681,59<\/span><\/strong>.\n<\/p>\n<p>\n\t&nbsp;\n<\/p>\n<h2 style=\"text-align: justify\">\n\tInscri&ccedil;&atilde;o Preliminar<br \/>\n<\/h2>\n<p style=\"text-align: justify\">\n\tA inscri&ccedil;&atilde;o preliminar no concurso Promotor Roraima ser&aacute; feita por meio da internet no seguinte endere&ccedil;o eletr&ocirc;nico:\n<\/p>\n<p style=\"text-align: center\">\n\t<a href=\"http:\/\/www.cespe.unb.br\/concursos\/mp_rr_17_promotor\/\" target=\"_blank\">http:\/\/www.cespe.unb.br\/concursos\/mp_rr_17_promotor\/<\/a>\n<\/p>\n<p style=\"text-align: justify\">\n\tO prazo para efetuar a inscri&ccedil;&atilde;o acontecer&aacute; no&nbsp;per&iacute;odo entre 10 horas do dia 7 de mar&ccedil;o de 2017 e 18 horas do dia 5 de abril de 2017.\n<\/p>\n<p>\n\t&nbsp;\n<\/p>\n<h2>\n\tValor das Inscri&ccedil;&otilde;es<br \/>\n<\/h2>\n<p style=\"text-align: justify\">\n\tO valor das inscri&ccedil;&otilde;es &eacute; de R$ 220,00 (duzentos e vinte reais).\n<\/p>\n<p>\n\t&nbsp;\n<\/p>\n<p>\n\tFases do Concurso\n<\/p>\n<p>\n\tO concurso Promotor Roraima ter&aacute; as seguintes fases:\n<\/p>\n<p style=\"margin-left: 40px\">\n\t&bull;&bull; inscri&ccedil;&atilde;o preliminar;\n<\/p>\n<p style=\"margin-left: 40px\">\n\t&bull;&bull; prova objetiva;\n<\/p>\n<p style=\"margin-left: 40px\">\n\t&bull;&bull; provas discursivas;\n<\/p>\n<p style=\"margin-left: 40px\">\n\t&bull;&bull; inscri&ccedil;&atilde;o definitiva e sindic&acirc;ncia;\n<\/p>\n<p style=\"margin-left: 40px\">\n\t&bull;&bull; avalia&ccedil;&atilde;o psicol&oacute;gica;\n<\/p>\n<p style=\"margin-left: 40px\">\n\t&bull;&bull; entrevista;\n<\/p>\n<p style=\"margin-left: 40px\">\n\t&bull;&bull; prova oral;\n<\/p>\n<p style=\"margin-left: 40px\">\n\t&bull;&bull; prova de tribuna;\n<\/p>\n<p style=\"margin-left: 40px\">\n\t&bull;&bull; avalia&ccedil;&atilde;o de t&iacute;tulos.\n<\/p>\n<p style=\"text-align: justify\">\n\tA prova objetiva e as provas discursivas ser&atilde;o realizadas nas cidades de Boa Vista\/RR, Bras&iacute;lia\/DF e&nbsp;S&atilde;o Paulo\/SP.&nbsp;As demais fases do concurso e a per&iacute;cia m&eacute;dica dos candidatos que se declararem com defici&ecirc;ncia<br \/>\n\tser&atilde;o realizadas apenas na cidade de Boa Vista\/RR.\n<\/p>\n<p style=\"text-align: justify\">\n\tAinda neste artigo, voc&ecirc; encontrar&aacute; mais informa&ccedil;&otilde;es sobre cada uma das fases do concurso.\n<\/p>\n<p>\n\t&nbsp;\n<\/p>\n<h2>\n\tRequisitos B&aacute;sicos<br \/>\n<\/h2>\n<p style=\"text-align: justify\">\n\tQuem quiser concorrer no concurso Promotor Roraima deve possuir os seguintes requisitos b&aacute;sicos:\n<\/p>\n<p style=\"text-align: justify;margin-left: 40px\">\n\t&bull;&bull; ter a nacionalidade brasileira ou portuguesa;\n<\/p>\n<p style=\"text-align: justify;margin-left: 40px\">\n\t&bull;&bull; estar em gozo dos direitos pol&iacute;ticos;\n<\/p>\n<p style=\"text-align: justify;margin-left: 40px\">\n\t&bull;&bull; estar quite com as obriga&ccedil;&otilde;es militares, em caso de candidato do sexo masculino;\n<\/p>\n<p style=\"text-align: justify;margin-left: 40px\">\n\t&bull;&bull; estar quite com as obriga&ccedil;&otilde;es eleitorais;\n<\/p>\n<p style=\"text-align: justify;margin-left: 40px\">\n\t&bull;&bull; ter idade m&iacute;nima de 18 anos completos na data da posse;\n<\/p>\n<p style=\"text-align: justify;margin-left: 40px\">\n\t&bull;&bull; ter aptid&atilde;o f&iacute;sica e mental para o exerc&iacute;cio das atribui&ccedil;&otilde;es do cargo;\n<\/p>\n<p style=\"text-align: justify;margin-left: 40px\">\n\t&bull;&bull; ter boa conduta social e n&atilde;o estar respondendo a processo ou crime por infra&ccedil;&atilde;o incompat&iacute;vel com exerc&iacute;cio do cargo;\n<\/p>\n<p style=\"text-align: justify;margin-left: 40px\">\n\t&bull;&bull; diploma, devidamente registrado, de conclus&atilde;o de curso de bacharelado em Direito, fornecido por institui&ccedil;&atilde;o de ensino superior reconhecida pelo Minist&eacute;rio da Educa&ccedil;&atilde;o (MEC), e, no m&iacute;nimo,&nbsp;tr&ecirc;s anos de atividade jur&iacute;dica, desempenhada exclusivamente ap&oacute;s a conclus&atilde;o do curso de bacharelado em Direito.\n<\/p>\n<p style=\"text-align: justify;margin-left: 40px\">\n\t&nbsp;\n<\/p>\n<h2 style=\"text-align: justify\">\n\tVagas<br \/>\n<\/h2>\n<p style=\"text-align: justify\">\n\tO edital Promotor Roraima oferece 3 (tr&ecirc;s) vagas para ampla concorr&ecirc;ncia e 1 (uma) vaga para candidatos com defici&ecirc;ncia. Al&eacute;m disso, o edital prev&ecirc; Cadastro de Reserva.\n<\/p>\n<p style=\"text-align: justify\">\n\t&nbsp;\n<\/p>\n<h2 style=\"text-align: justify\">\n\tProva&nbsp;Objetiva<br \/>\n<\/h2>\n<p style=\"text-align: justify\">\n\tA&nbsp;prova&nbsp;objetiva&nbsp;ser&aacute;&nbsp;realizada&nbsp;em&nbsp;Boa Vista\/RR, Bras&iacute;lia\/DF e&nbsp;S&atilde;o Paulo\/SP.\n<\/p>\n<p style=\"text-align: justify\">\n\tEssa prova ter&aacute; a dura&ccedil;&atilde;o de 5 (cinco) horas, no turno da tarde.\n<\/p>\n<p style=\"text-align: justify\">\n\tA data dessa prova est&aacute; prevista para o dia <span style=\"color:#000000\"><strong>03 de junho de 2017<\/strong><\/span>.\n<\/p>\n<p style=\"text-align: justify\">\n\tA prova objetiva ser&aacute; de car&aacute;ter eliminat&oacute;rio e classificat&oacute;rio e conter&aacute; 100 quest&otilde;es das seguintes disciplinas:\n<\/p>\n<p style=\"text-align: justify;margin-left: 40px\">\n\t&bull;&bull; 08 quest&otilde;es de Direito Administrativo;\n<\/p>\n<p style=\"text-align: justify;margin-left: 40px\">\n\t&bull;&bull; 08 quest&otilde;es de Direito Constitucional;\n<\/p>\n<p style=\"text-align: justify;margin-left: 40px\">\n\t&bull;&bull; 08 quest&otilde;es de Direito Civil;\n<\/p>\n<p style=\"text-align: justify;margin-left: 40px\">\n\t&bull;&bull; 08 quest&otilde;es de Direito Processual Civil;\n<\/p>\n<p style=\"text-align: justify;margin-left: 40px\">\n\t&bull;&bull; 08 quest&otilde;es de Direito Penal;\n<\/p>\n<p style=\"text-align: justify;margin-left: 40px\">\n\t&bull;&bull; 08 quest&otilde;es de Direito Processual Penal;\n<\/p>\n<p style=\"text-align: justify;margin-left: 40px\">\n\t&bull;&bull; 08 quest&otilde;es de Direito Tribut&aacute;rio;\n<\/p>\n<p style=\"text-align: justify;margin-left: 40px\">\n\t&bull;&bull; 06&nbsp;quest&otilde;es de Direito da Crian&ccedil;a e do Adolescente;\n<\/p>\n<p style=\"text-align: justify;margin-left: 40px\">\n\t&bull;&bull; 06&nbsp;quest&otilde;es de Direito do Consumidor;\n<\/p>\n<p style=\"text-align: justify;margin-left: 40px\">\n\t&bull;&bull; 06&nbsp;quest&otilde;es de Direito Eleitoral;\n<\/p>\n<p style=\"text-align: justify;margin-left: 40px\">\n\t&bull;&bull; 06&nbsp;quest&otilde;es de Direito Ambiental;\n<\/p>\n<p style=\"text-align: justify;margin-left: 40px\">\n\t&bull;&bull; 04&nbsp;quest&otilde;es de Direito Agr&aacute;rio;\n<\/p>\n<p style=\"text-align: justify;margin-left: 40px\">\n\t&bull;&bull; 03&nbsp;quest&otilde;es de Direito Empresarial.;\n<\/p>\n<p style=\"text-align: justify;margin-left: 40px\">\n\t&bull;&bull; 06&nbsp;quest&otilde;es de Legisla&ccedil;&atilde;o Extravagante;\n<\/p>\n<p style=\"text-align: justify;margin-left: 40px\">\n\t&bull;&bull; 03&nbsp;quest&otilde;es de Legisla&ccedil;&atilde;o do Minist&eacute;rio P&uacute;blico;\n<\/p>\n<p style=\"text-align: justify;margin-left: 40px\">\n\t&bull;&bull; 04 quest&otilde;es de L&iacute;ngua Portuguesa.\n<\/p>\n<p style=\"text-align: justify\">\n\tEssa prova&nbsp;valer&aacute; 40,00 pontos e as quest&otilde;es da prova ser&atilde;o do tipo m&uacute;ltipla escolha, com quatro op&ccedil;&otilde;es (A, B, C e D), sendo uma &uacute;nica resposta correta, de acordo com o comando da quest&atilde;o.\n<\/p>\n<p style=\"text-align: justify\">\n\tA nota em cada quest&atilde;o da prova objetiva, feita com base nas marca&ccedil;&otilde;es da folha de respostas, ser&aacute; igual a: <strong><span style=\"color:#008000\">0,40 ponto<\/span><\/strong>, caso a resposta do candidato esteja em concord&acirc;ncia com o gabarito oficial definitivo&nbsp;das provas; <span style=\"color:#000000\"><strong>0,00<\/strong><\/span>, caso a resposta do candidato esteja em discord&acirc;ncia com o gabarito oficial definitivo das provas, caso n&atilde;o haja marca&ccedil;&atilde;o ou haja mais de uma marca&ccedil;&atilde;o.\n<\/p>\n<p style=\"text-align: justify\">\n\t<span style=\"color:#FF0000\"><strong>Ser&aacute; reprovado<\/strong><\/span> na prova objetiva e eliminado do concurso p&uacute;blico o candidato que obtiver <strong><span style=\"color:#FF0000\">nota inferior a 24,00 pontos nessa prova<\/span><\/strong>.\n<\/p>\n<p style=\"text-align: justify\">\n\tAinda neste artigo, voc&ecirc; encontrar&aacute; as disciplinas de forma detalhada.\n<\/p>\n<p style=\"text-align: justify\">\n\t&nbsp;\n<\/p>\n<h2 style=\"text-align: justify\">\n\tProvas Discursivas<br \/>\n<\/h2>\n<p style=\"text-align: justify\">\n\tO concurso Promotor Roraima ter&aacute; duas provas discursivas&nbsp;(P\u2082 e P\u2083). Essas provas ser&atilde;o de car&aacute;ter eliminat&oacute;rio e classificat&oacute;rio.\n<\/p>\n<p style=\"text-align: justify\">\n\tAs provas discursivas, de car&aacute;ter eliminat&oacute;rio e classificat&oacute;rio, valer&atilde;o o total de 40,00 pontos.\n<\/p>\n<p style=\"text-align: justify\">\n\tA prova discursiva (P\u2082) consistir&aacute; de:\n<\/p>\n<p style=\"text-align: justify;margin-left: 40px\">\n\t&bull;&bull; uma pe&ccedil;a processual de natureza penal, a ser respondida em at&eacute; 120 linhas, valendo 14,00 pontos;\n<\/p>\n<p style=\"text-align: justify;margin-left: 40px\">\n\t&bull;&bull; tr&ecirc;s quest&otilde;es discursivas, a serem respondidas em at&eacute; 20 linhas cada, valendo 2,00 pontos cada&nbsp;quest&atilde;o.\n<\/p>\n<p style=\"text-align: justify\">\n\tA prova discursiva (P3) consistir&aacute; de:\n<\/p>\n<p style=\"text-align: justify;margin-left: 40px\">\n\t&bull;&bull; uma pe&ccedil;a processual de natureza civil, a ser respondida em at&eacute; 120 linhas, valendo 14,00 pontos;\n<\/p>\n<p style=\"text-align: justify;margin-left: 40px\">\n\t&bull;&bull; tr&ecirc;s quest&otilde;es discursivas, a serem respondidas em at&eacute; 20 linhas cada, valendo 2,00 pontos cada&nbsp;quest&atilde;o.\n<\/p>\n<p style=\"text-align: justify\">\n\tAs disciplinas cobradas nas provas discursivas ser&atilde;o as seguintes:\n<\/p>\n<p style=\"text-align: justify;margin-left: 40px\">\n\t&bull;&bull; <strong><span style=\"color:#000000\">Prova Discursiva&nbsp;(P\u2082)<\/span><\/strong>, sendo uma pe&ccedil;a processual penal e 3 (tr&ecirc;s) quest&otilde;es:\n<\/p>\n<p style=\"text-align: justify;margin-left: 80px\">\n\t&bull;&bull; Direito Penal;\n<\/p>\n<p style=\"text-align: justify;margin-left: 80px\">\n\t&bull;&bull; Direito Processual Penal.\n<\/p>\n<p style=\"text-align: justify;margin-left: 40px\">\n\t&bull;&bull; <strong><span style=\"color:#000000\">Prova Discursiva&nbsp;(P\u2083)<\/span><\/strong>, sendo uma pe&ccedil;a processual civil e 3 (tr&ecirc;s) quest&otilde;es:\n<\/p>\n<p style=\"text-align: justify;margin-left: 80px\">\n\t&bull;&bull; Direito Administrativo;\n<\/p>\n<p style=\"text-align: justify;margin-left: 80px\">\n\t&bull;&bull; Direito Constitucional;\n<\/p>\n<p style=\"text-align: justify;margin-left: 80px\">\n\t&bull;&bull; Direito Civil;\n<\/p>\n<p style=\"text-align: justify;margin-left: 80px\">\n\t&bull;&bull; Direito Processual Civil;\n<\/p>\n<p style=\"text-align: justify;margin-left: 80px\">\n\t&bull;&bull; Direitos Difusos e Coletivos.\n<\/p>\n<p style=\"text-align: justify\">\n\tAinda neste artigo, voc&ecirc; encontrar&aacute; as disciplinas de forma detalhada.\n<\/p>\n<p style=\"text-align: justify\">\n\t&nbsp;\n<\/p>\n<h2 style=\"text-align: justify\">\n\tCorre&ccedil;&atilde;o das Provas Discursivas<br \/>\n<\/h2>\n<p style=\"text-align: justify\">\n\tSegundo o edital do concurso Promotor Roraima, observada a reserva de vagas para candidatos com defici&ecirc;ncia e respeitados os empates na &uacute;ltima coloca&ccedil;&atilde;o, ser&atilde;o corrigidas as provas discursivas dos candidatos aprovados na prova objetiva e classificados at&eacute; a <strong><span style=\"color:#000000\">81&ordf; posi&ccedil;&atilde;o<\/span><\/strong>, para os candidatos de ampla concorr&ecirc;ncia, e at&eacute; a <strong>9&ordf; posi&ccedil;&atilde;o<\/strong>, para os candidatos com defici&ecirc;ncia.\n<\/p>\n<p style=\"text-align: justify\">\n\tN&atilde;o havendo candidatos que se declararam pessoas com defici&ecirc;ncia aprovados na prova objetiva, ser&atilde;o corrigidas as provas discursivas dos demais candidatos da listagem geral de aprovados e classificados na prova objetiva, at&eacute; o limite total da 90&ordf; posi&ccedil;&atilde;o, respeitados os empates na &uacute;ltima coloca&ccedil;&atilde;o.\n<\/p>\n<p style=\"text-align: justify\">\n\tNas provas discursivas (P2 e P3), <strong><span style=\"color:#FF0000\">ser&aacute; eliminado<\/span><\/strong> o candidato que obtiver nota&nbsp;<strong><span style=\"color:#FF0000\">inferior a 3,00 pontos<\/span><\/strong> no conjunto das tr&ecirc;s quest&otilde;es que comp&otilde;em cada prova discursiva ou que obtiver <strong><span style=\"color:#FF0000\">nota inferior a 7,00 pontos<\/span><\/strong> em cada uma das pe&ccedil;as processuais.\n<\/p>\n<p style=\"text-align: justify\">\n\t&nbsp;\n<\/p>\n<h2 style=\"text-align: justify\">\n\tInscri&ccedil;&atilde;o Definitiva e Sindic&acirc;ncia<br \/>\n<\/h2>\n<p style=\"text-align: justify\">\n\tSomente ser&atilde;o&nbsp;convocados para a inscri&ccedil;&atilde;o definitiva e sindic&acirc;ncia os candidatos aprovados nas provas discursivas.\n<\/p>\n<p style=\"text-align: justify\">\n\tO requerimento de inscri&ccedil;&atilde;o definitiva estar&aacute; dispon&iacute;vel na internet, no endere&ccedil;o eletr&ocirc;nico <a href=\"http:\/\/www.cespe.unb.br\/concursos\/mp_rr_17_promotor\" target=\"_blank\">http:\/\/www.cespe.unb.br\/concursos\/mp_rr_17_promotor<\/a>, e dever&aacute; ser impresso, assinado e entregue pelo candidato, acompanhado pelos seguintes documentos:\n<\/p>\n<p style=\"text-align: justify;margin-left: 40px\">\n\t&bull;&bull; c&oacute;pia autenticada em cart&oacute;rio da carteira de identidade ou de documento equivalente;\n<\/p>\n<p style=\"text-align: justify;margin-left: 40px\">\n\t&bull;&bull; c&oacute;pia autenticada em cart&oacute;rio do t&iacute;tulo de eleitor e comprovante de quita&ccedil;&atilde;o das obriga&ccedil;&otilde;es eleitorais;\n<\/p>\n<p style=\"text-align: justify;margin-left: 40px\">\n\t&bull;&bull; c&oacute;pia autenticada em cart&oacute;rio do certificado de reservista ou de dispensa do servi&ccedil;o militar;\n<\/p>\n<p style=\"text-align: justify;margin-left: 40px\">\n\t&bull;&bull; certid&otilde;es negativas atualizadas de antecedentes criminais (originais), fornecidas pela Justi&ccedil;a Federal&nbsp;(Comum, Militar e Eleitoral) e pela Justi&ccedil;a Estadual (comum e militar), de onde residir o candidato nos &uacute;ltimos cinco anos;\n<\/p>\n<p style=\"text-align: justify;margin-left: 40px\">\n\t&bull;&bull; foto 3&#215;4 cm recente e sem uso; e\n<\/p>\n<p style=\"text-align: justify;margin-left: 40px\">\n\t&bull;&bull; documentos comprobat&oacute;rios de atividade jur&iacute;dica de, no m&iacute;nimo, tr&ecirc;s anos, conforme Resolu&ccedil;&atilde;o n&ordm; 40, de 26 de maio de 2009, do CNMP.\n<\/p>\n<p style=\"text-align: justify\">\n\tA sindic&acirc;ncia, sob responsabilidade da Comiss&atilde;o de Concurso do MPRR, consistir&aacute; na coleta de informa&ccedil;&otilde;es acerca da vida pregressa e atual, e sobre a conduta individual e social do candidato.\n<\/p>\n<p style=\"text-align: justify\">\n\t&nbsp;\n<\/p>\n<h2 style=\"text-align: justify\">\n\tAvalia&ccedil;&atilde;o Psicol&oacute;gica<br \/>\n<\/h2>\n<p style=\"text-align: justify\">\n\tA fase do concurso de Avalia&ccedil;&atilde;o Psicol&oacute;gica convocar&aacute;&nbsp;os candidatos com inscri&ccedil;&atilde;o definitiva deferida e que n&atilde;o tenham sido eliminados na sindic&acirc;ncia.\n<\/p>\n<p style=\"text-align: justify\">\n\tA avalia&ccedil;&atilde;o psicol&oacute;gica, de car&aacute;ter eliminat&oacute;rio, consistir&aacute; na aplica&ccedil;&atilde;o e na avalia&ccedil;&atilde;o de instrumentos e t&eacute;cnicas psicol&oacute;gicas, que permitam identificar a compatibilidade das caracter&iacute;sticas psicol&oacute;gicas do candidato com os requisitos necess&aacute;rios e restritivos ao desempenho das atribui&ccedil;&otilde;es do cargo.\n<\/p>\n<p style=\"text-align: justify\">\n\tSer&atilde;o avaliados requisitos psicol&oacute;gicos necess&aacute;rios ao cargo, como:\n<\/p>\n<p style=\"text-align: justify;margin-left: 40px\">\n\t&bull;&bull; intelig&ecirc;ncia,\n<\/p>\n<p style=\"text-align: justify;margin-left: 40px\">\n\t&bull;&bull; controle emocional,\n<\/p>\n<p style=\"text-align: justify;margin-left: 40px\">\n\t&bull;&bull; disciplina,\n<\/p>\n<p style=\"text-align: justify;margin-left: 40px\">\n\t&bull;&bull; iniciativa,\n<\/p>\n<p style=\"text-align: justify;margin-left: 40px\">\n\t&bull;&bull; racioc&iacute;nio verbal,\n<\/p>\n<p style=\"text-align: justify;margin-left: 40px\">\n\t&bull;&bull; extrovers&atilde;o,\n<\/p>\n<p style=\"text-align: justify;margin-left: 40px\">\n\t&bull;&bull; responsabilidade,\n<\/p>\n<p style=\"text-align: justify;margin-left: 40px\">\n\t&bull;&bull; tomada de decis&atilde;o e\n<\/p>\n<p style=\"text-align: justify;margin-left: 40px\">\n\t&bull;&bull; planejamento.\n<\/p>\n<p style=\"text-align: justify\">\n\tSer&atilde;o avaliados requisitos restritivos ao cargo, como:\n<\/p>\n<p style=\"text-align: justify;margin-left: 40px\">\n\t&bull;&bull; agressividade inadequada e\n<\/p>\n<p style=\"text-align: justify;margin-left: 40px\">\n\t&bull;&bull; impulsividade exacerbada.\n<\/p>\n<p style=\"text-align: justify\">\n\tNa Avalia&ccedil;&atilde;o Psicol&oacute;gica somente ser&aacute; considerado <strong><span style=\"color:#000000\">APTO<\/span><\/strong>&nbsp;o candidato que apresentar os crit&eacute;rios de adequa&ccedil;&atilde;o estabelecidos a partir dos requisitos psicol&oacute;gicos necess&aacute;rios e dos restritivos ao desempenho das atribui&ccedil;&otilde;es inerentes ao cargo.\n<\/p>\n<p style=\"text-align: justify\">\n\t&nbsp;\n<\/p>\n<h2 style=\"text-align: justify\">\n\tEntrevista<br \/>\n<\/h2>\n<p style=\"text-align: justify\">\n\tNo concurso Promotor Roraima haver&aacute; a fase de Entrevista.\n<\/p>\n<p style=\"text-align: justify\">\n\tSer&atilde;o convocados para a Entrevista, no momento da convoca&ccedil;&atilde;o para a avalia&ccedil;&atilde;o psicol&oacute;gica, os candidatos com inscri&ccedil;&atilde;o definitiva deferida e que n&atilde;o tenham sido eliminados na sindic&acirc;ncia.\n<\/p>\n<p style=\"text-align: justify\">\n\tA Entrevista ter&aacute; car&aacute;ter habilitat&oacute;rio e o candidato somente ser&aacute; eliminado se deixar de comparecer a esta fase.\n<\/p>\n<p style=\"text-align: justify\">\n\tA entrevista n&atilde;o possui car&aacute;ter eliminat&oacute;rio nem classificat&oacute;rio, tendo como finalidade apenas propiciar&nbsp;ao MPRR o conhecimento sobre algumas caracter&iacute;sticas do candidato para eventual lota&ccedil;&atilde;o em fun&ccedil;&otilde;es de confian&ccedil;a.\n<\/p>\n<p style=\"text-align: justify\">\n\t&nbsp;\n<\/p>\n<h2 style=\"text-align: justify\">\n\tProva Oral<br \/>\n<\/h2>\n<p style=\"text-align: justify\">\n\tA Prova Oral somente ser&aacute; aplicada aos&nbsp;candidatos considerados aptos na avalia&ccedil;&atilde;o psicol&oacute;gica e que compareceram &agrave; entrevista.\n<\/p>\n<p style=\"text-align: justify\">\n\tA prova oral valer&aacute; em seu conjunto <strong><span style=\"color:#000000\">10,00 pontos<\/span><\/strong> e versar&aacute; a respeito das disciplinas:\n<\/p>\n<p style=\"text-align: justify;margin-left: 40px\">\n\t&bull;&bull; Direito Administrativo;\n<\/p>\n<p style=\"text-align: justify;margin-left: 40px\">\n\t&bull;&bull; Direito Constitucional;\n<\/p>\n<p style=\"text-align: justify;margin-left: 40px\">\n\t&bull;&bull; Direito Civil;\n<\/p>\n<p style=\"text-align: justify;margin-left: 40px\">\n\t&bull;&bull; Direito Processual Civil;\n<\/p>\n<p style=\"text-align: justify;margin-left: 40px\">\n\t&bull;&bull; Direito Penal;\n<\/p>\n<p style=\"text-align: justify;margin-left: 40px\">\n\t&bull;&bull; Direito Processual Penal;\n<\/p>\n<p style=\"text-align: justify;margin-left: 40px\">\n\t&bull;&bull; Direito Tribut&aacute;rio;\n<\/p>\n<p style=\"text-align: justify;margin-left: 40px\">\n\t&bull;&bull; Direito da Crian&ccedil;a e do Adolescente;\n<\/p>\n<p style=\"text-align: justify;margin-left: 40px\">\n\t&bull;&bull; Direito do Consumidor;\n<\/p>\n<p style=\"text-align: justify;margin-left: 40px\">\n\t&bull;&bull; Direito Eleitoral;\n<\/p>\n<p style=\"text-align: justify;margin-left: 40px\">\n\t&bull;&bull; Direito Ambiental;\n<\/p>\n<p style=\"text-align: justify;margin-left: 40px\">\n\t&bull;&bull; Direito Agr&aacute;rio;\n<\/p>\n<p style=\"text-align: justify;margin-left: 40px\">\n\t&bull;&bull; Direito Empresarial.;\n<\/p>\n<p style=\"text-align: justify;margin-left: 40px\">\n\t&bull;&bull; Legisla&ccedil;&atilde;o Extravagante;\n<\/p>\n<p style=\"text-align: justify;margin-left: 40px\">\n\t&bull;&bull; Legisla&ccedil;&atilde;o do Minist&eacute;rio P&uacute;blico;\n<\/p>\n<p style=\"text-align: justify;margin-left: 40px\">\n\t&bull;&bull; L&iacute;ngua Portuguesa.\n<\/p>\n<p style=\"text-align: justify\">\n\tNa avalia&ccedil;&atilde;o da prova oral, ser&atilde;o considerados o dom&iacute;nio do conhecimento jur&iacute;dico, a articula&ccedil;&atilde;o do racioc&iacute;nio, a capacidade de argumenta&ccedil;&atilde;o e o uso correto do vern&aacute;culo.\n<\/p>\n<p style=\"text-align: justify\">\n\t<span style=\"color:#FF0000\"><strong>Ser&aacute; eliminado<\/strong><\/span> o candidato que obtiver <strong><span style=\"color:#FF0000\">nota inferior a 6,00 pontos<\/span><\/strong> na prova oral ou que n&atilde;o comparecer para a realiza&ccedil;&atilde;o da prova.\n<\/p>\n<p style=\"text-align: justify\">\n\tA prova oral ter&aacute; dura&ccedil;&atilde;o de at&eacute; 30 minutos, tempo em que o candidato dever&aacute; responder as argui&ccedil;&otilde;es das bancas examinadoras. Cada examinador atribuir&aacute; nota na escala de zero a dez.\n<\/p>\n<p style=\"text-align: justify\">\n\tAinda neste artigo, voc&ecirc; encontrar&aacute; as disciplinas de forma detalhada.\n<\/p>\n<p style=\"text-align: justify\">\n\t&nbsp;\n<\/p>\n<h2 style=\"text-align: justify\">\n\tProva de Tribuna<br \/>\n<\/h2>\n<p style=\"text-align: justify\">\n\tA Prova de Tribuna ser&aacute; aplicada aos candidatos n&atilde;o eliminados na Prova Oral.\n<\/p>\n<p style=\"text-align: justify\">\n\tA prova de tribuna ser&aacute; obrigat&oacute;ria e de car&aacute;ter classificat&oacute;rio, com objetivo de aferir a capacidade de exposi&ccedil;&atilde;o oral do candidato, ser&aacute; p&uacute;blica e valer&aacute; <span style=\"color:#000000\"><strong>5,00 pontos<\/strong><\/span>.\n<\/p>\n<p style=\"text-align: justify\">\n\tNessa prova ser&atilde;o avaliados&nbsp;os seguintes quesitos durante a prova de tribuna:\n<\/p>\n<p style=\"text-align: justify;margin-left: 40px\">\n\t&bull;&bull; articula&ccedil;&atilde;o do racioc&iacute;nio,\n<\/p>\n<p style=\"text-align: justify;margin-left: 40px\">\n\t&bull;&bull; convencimento da argumenta&ccedil;&atilde;o,\n<\/p>\n<p style=\"text-align: justify;margin-left: 40px\">\n\t&bull;&bull; poder de s&iacute;ntese,\n<\/p>\n<p style=\"text-align: justify;margin-left: 40px\">\n\t&bull;&bull; emprego de linguagem t&eacute;cnico jur&iacute;dica,\n<\/p>\n<p style=\"text-align: justify;margin-left: 40px\">\n\t&bull;&bull; uso correto do vern&aacute;culo,\n<\/p>\n<p style=\"text-align: justify;margin-left: 40px\">\n\t&bull;&bull; postura e\n<\/p>\n<p style=\"text-align: justify;margin-left: 40px\">\n\t&bull;&bull; dic&ccedil;&atilde;o do candidato.\n<\/p>\n<p style=\"text-align: justify\">\n\t&nbsp;\n<\/p>\n<h2 style=\"text-align: justify\">\n\tAvalia&ccedil;&atilde;o de T&iacute;tulos<br \/>\n<\/h2>\n<p style=\"text-align: justify\">\n\tA Avalia&ccedil;&atilde;o de T&iacute;tulos acontecer&aacute; para os candidatos aprovados na Prova Oral e que comparecerem &agrave; Prova de Tribuna.\n<\/p>\n<p style=\"text-align: justify\">\n\tSomente ser&atilde;o aceitos os t&iacute;tulos abaixo relacionados, expedidos at&eacute; a data da entrega, observados os limites de pontos do quadro a seguir.\n<\/p>\n<p style=\"text-align: center\">\n\t<img decoding=\"async\" alt=\"promotor roraima\" class=\"size-full wp-image-66582 aligncenter\" src=\"https:\/\/dhg1h5j42swfq.cloudfront.net\/2017\/03\/07204042\/Adinoel-Promotor-Rora%C3%ADma-T%C3%ADtulos-01.png\" style=\"width: 600px;height: 443px\" title=\"\" \/><img decoding=\"async\" alt=\"promotor roraima\" class=\"alignnone size-full wp-image-66583\" src=\"https:\/\/dhg1h5j42swfq.cloudfront.net\/2017\/03\/07204057\/Adinoel-Promotor-Rora%C3%ADma-T%C3%ADtulos-02.png\" style=\"width: 600px;height: 147px\" \/>\n<\/p>\n<p style=\"text-align: justify\">\n\t&nbsp;\n<\/p>\n<p style=\"text-align: justify\">\n\t<img loading=\"lazy\" decoding=\"async\" width=\"1020\" height=\"616\" alt=\"promotor roraima\" class=\"alignnone size-full wp-image-42649\" src=\"https:\/\/dhg1h5j42swfq.cloudfront.net\/2016\/05\/14113252\/novas-corujas-0621.png\" style=\"width: 200px;height: 121px\" srcset=\"https:\/\/dhg1h5j42swfq.cloudfront.net\/2016\/05\/14113252\/novas-corujas-0621.png 1020w, https:\/\/dhg1h5j42swfq.cloudfront.net\/2016\/05\/14113252\/novas-corujas-0621.png 300w, https:\/\/dhg1h5j42swfq.cloudfront.net\/2016\/05\/14113252\/novas-corujas-0621.png 768w, https:\/\/dhg1h5j42swfq.cloudfront.net\/2016\/05\/14113252\/novas-corujas-0621.png 497w\" sizes=\"auto, (max-width: 1020px) 100vw, 1020px\" \/>\n<\/p>\n<h2 style=\"text-align: justify\">\n\t<a href=\"https:\/\/www.estrategiaconcursos.com.br\/cursos\/concurso\/\" target=\"_blank\">Cursos p\/ Concursos<\/a><br \/>\n<\/h2>\n<p style=\"text-align: justify\">\n\t<span style=\"color:#008000\">O Estrat&eacute;gia Concursos j&aacute; lan&ccedil;ou cursos focados no&nbsp;<a href=\"https:\/\/www.estrategiaconcursos.com.br\/cursos\/concurso\/\" target=\"_blank\">concurso Promotor Roraima<\/a>. Nossos cursos cont&ecirc;m o conte&uacute;do completo que ser&aacute; cobrado na sua prova. S&atilde;o PDF&acute;s e videoaulas, al&eacute;m de um f&oacute;rum de d&uacute;vidas exclusivo na &aacute;rea do aluno para voc&ecirc; esclarecer pontos com seus professores. Confiamos tanto na qualidade da nossa equipe e dos nossos materiais que n&oacute;s temos uma pol&iacute;tica de satisfa&ccedil;&atilde;o garantida ou seu dinheiro de volta, em at&eacute; 30 dias e sem burocracia.&nbsp;Voc&ecirc; n&atilde;o tem nada a perder, conhe&ccedil;a nossos cursos!<\/span>\n<\/p>\n<p style=\"text-align: justify\">\n\t&nbsp;\n<\/p>\n<p style=\"text-align: justify\">\n\t<img decoding=\"async\" alt=\"promotor rora\u00edma\" class=\"alignnone size-full wp-image-60957\" src=\"https:\/\/www.estrategiaconcursos.com.br\/blog\/wp-content\/uploads\/2017\/01\/coruja-ficha-tecnica.png\" style=\"width: 200px;height: 68px\" \/>\n<\/p>\n<p>\n\t\u25ba<strong>Informa&ccedil;&otilde;es do Concurso<\/strong>\n<\/p>\n<p>\n\t&bull;&bull;&bull; <span style=\"color:#008000\">Data das provas:<\/span> <strong><span style=\"color:#000000\">03\/06\/2017<\/span><\/strong>\n<\/p>\n<p>\n\t&bull;&bull;&bull; <span style=\"color:#008000\">Vagas:&nbsp;<\/span><span style=\"color:#000000\"><strong>4 vagas + Cadastro de Reserva<\/strong><\/span>\n<\/p>\n<p>\n\t&bull;&bull;&bull; <span style=\"color:#008000\">Lota&ccedil;&otilde;es:<\/span> <strong><span style=\"color:#000000\">Estado de Roraima<\/span><\/strong>\n<\/p>\n<p>\n\t&bull;&bull;&bull; <span style=\"color:#008000\">Remunera&ccedil;&atilde;o inicial:<\/span>&nbsp;<strong><span style=\"color:#000000\">R$ 24.681,59<\/span><\/strong>\n<\/p>\n<p>\n\t&bull;&bull;&bull; <span style=\"color:#008000\">Banca:<\/span>&nbsp;<strong><a href=\"http:\/\/www.cespe.unb.br\/concursos\/mp_rr_17_promotor\" target=\"_blank\">CESPE<\/a><\/strong>\n<\/p>\n<p>\n\t&bull;&bull;&bull; Edital:&nbsp;<strong><a href=\"http:\/\/www.cespe.unb.br\/concursos\/mp_rr_17_promotor\/arquivos\/ED_1_2017_MPRR_PROMOTOR_ABT_FINAL.PDF\" target=\"_blank\">EDITAL MP RR<\/a><\/strong>\n<\/p>\n<p>\n\t&bull;&bull;&bull; <span style=\"color:#008000\">Escolaridade:<\/span> <strong><span style=\"color:#000000\">Ensimo Superior e experi&ecirc;ncia de tr&ecirc;s anos na &aacute;rea jur&iacute;dica<\/span><\/strong>&nbsp;\n<\/p>\n<p>\n\t&nbsp;\n<\/p>\n<h2>\n\tDisciplinas Detalhadas Concurso Promotor Roraima<br \/>\n<\/h2>\n<p style=\"text-align: justify\">\n\tAdiante, voc&ecirc; tem as disciplinas do concurso Promotor Roraima de forma detalhada.\n<\/p>\n<h4 style=\"text-align: justify\">\n\tDIREITO ADMINISTRATIVO<br \/>\n<\/h4>\n<p style=\"margin-left: 40px;text-align: justify\">\n\t1 Introdu&ccedil;&atilde;o ao direito administrativo.\n<\/p>\n<p style=\"margin-left: 40px;text-align: justify\">\n\t1.1 Origem, natureza jur&iacute;dica e objeto do direito administrativo.\n<\/p>\n<p style=\"margin-left: 40px;text-align: justify\">\n\t1.2 Os diferentes crit&eacute;rios adotados para a conceitua&ccedil;&atilde;o do direito administrativo.\n<\/p>\n<p style=\"margin-left: 40px;text-align: justify\">\n\t1.3 Fontes do direito administrativo.\n<\/p>\n<p style=\"margin-left: 40px;text-align: justify\">\n\t1.4 Sistemas administrativos: sistema ingl&ecirc;s, sistema franc&ecirc;s e sistema adotado no Brasil.\n<\/p>\n<p style=\"margin-left: 40px;text-align: justify\">\n\t2 Administra&ccedil;&atilde;o P&uacute;blica.\n<\/p>\n<p style=\"margin-left: 40px;text-align: justify\">\n\t2.1 Administra&ccedil;&atilde;o P&uacute;blica em sentido amplo e em sentido estrito.\n<\/p>\n<p style=\"margin-left: 40px;text-align: justify\">\n\t2.2 Administra&ccedil;&atilde;o P&uacute;blica em sentido objetivo e em sentido subjetivo.\n<\/p>\n<p style=\"margin-left: 40px;text-align: justify\">\n\t2.3 Princ&iacute;pios expressos e impl&iacute;citos da Administra&ccedil;&atilde;o P&uacute;blica.\n<\/p>\n<p style=\"margin-left: 40px;text-align: justify\">\n\t3 Regime jur&iacute;dico-administrativo.\n<\/p>\n<p style=\"margin-left: 40px;text-align: justify\">\n\t3.1 Conceito.\n<\/p>\n<p style=\"margin-left: 40px;text-align: justify\">\n\t3.2 Supremacia do interesse p&uacute;blico sobre o privado e indisponibilidade, pela Administra&ccedil;&atilde;o, dos interesses p&uacute;blicos.\n<\/p>\n<p style=\"margin-left: 40px;text-align: justify\">\n\t3.3 Jurisprud&ecirc;ncia aplicada dos tribunais superiores.\n<\/p>\n<p style=\"margin-left: 40px;text-align: justify\">\n\t4 Organiza&ccedil;&atilde;o administrativa.\n<\/p>\n<p style=\"margin-left: 40px;text-align: justify\">\n\t4.1 Centraliza&ccedil;&atilde;o, descentraliza&ccedil;&atilde;o, concentra&ccedil;&atilde;o e desconcentra&ccedil;&atilde;o.\n<\/p>\n<p style=\"margin-left: 40px;text-align: justify\">\n\t4.2 Administra&ccedil;&atilde;o direta.\n<\/p>\n<p style=\"margin-left: 40px;text-align: justify\">\n\t4.3 Administra&ccedil;&atilde;o indireta.\n<\/p>\n<p style=\"margin-left: 40px;text-align: justify\">\n\t4.4 Servi&ccedil;os Sociais Aut&ocirc;nomos; Entidades de Apoio; Organiza&ccedil;&otilde;es Sociais; Organiza&ccedil;&otilde;es da Sociedade Civil de Interesse P&uacute;blico.\n<\/p>\n<p style=\"margin-left: 40px;text-align: justify\">\n\t4.5 Jurisprud&ecirc;ncia aplicada dos tribunais superiores.\n<\/p>\n<p style=\"margin-left: 40px;text-align: justify\">\n\t5 Atos administrativos.\n<\/p>\n<p style=\"margin-left: 40px;text-align: justify\">\n\t5.1 Conceito.\n<\/p>\n<p style=\"margin-left: 40px;text-align: justify\">\n\t5.2 Fatos da administra&ccedil;&atilde;o, atos da administra&ccedil;&atilde;o e atos administrativos.\n<\/p>\n<p style=\"margin-left: 40px;text-align: justify\">\n\t5.3 Requisitos ou elementos.\n<\/p>\n<p style=\"margin-left: 40px;text-align: justify\">\n\t5.4 Atributos.\n<\/p>\n<p style=\"margin-left: 40px;text-align: justify\">\n\t5.5 Classifica&ccedil;&atilde;o.\n<\/p>\n<p style=\"margin-left: 40px;text-align: justify\">\n\t5.6 Atos administrativos em esp&eacute;cie.\n<\/p>\n<p style=\"margin-left: 40px;text-align: justify\">\n\t5.7 O sil&ecirc;ncio no direito administrativo.\n<\/p>\n<p style=\"margin-left: 40px;text-align: justify\">\n\t5.8 Extin&ccedil;&atilde;o dos atos administrativos: revoga&ccedil;&atilde;o, anula&ccedil;&atilde;o e cassa&ccedil;&atilde;o.\n<\/p>\n<p style=\"margin-left: 40px;text-align: justify\">\n\t5.9 Convalida&ccedil;&atilde;o.\n<\/p>\n<p style=\"margin-left: 40px;text-align: justify\">\n\t5.10 Vincula&ccedil;&atilde;o e discricionariedade.\n<\/p>\n<p style=\"margin-left: 40px;text-align: justify\">\n\t5.11 Atos administrativos nulos, anul&aacute;veis e inexistentes.\n<\/p>\n<p style=\"margin-left: 40px;text-align: justify\">\n\t5.12 Decad&ecirc;ncia administrativa.\n<\/p>\n<p style=\"margin-left: 40px;text-align: justify\">\n\t5.13 Jurisprud&ecirc;ncia aplicada dos tribunais superiores.\n<\/p>\n<p style=\"margin-left: 40px;text-align: justify\">\n\t6 Processo administrativo.\n<\/p>\n<p style=\"margin-left: 40px;text-align: justify\">\n\t6.1 Lei n&ordm; 9.784\/1999.\n<\/p>\n<p style=\"margin-left: 40px;text-align: justify\">\n\t6.2 Disposi&ccedil;&otilde;es doutrin&aacute;rias aplic&aacute;veis.\n<\/p>\n<p style=\"margin-left: 40px;text-align: justify\">\n\t6.3 Jurisprud&ecirc;ncia aplicada dos tribunais superiores.\n<\/p>\n<p style=\"margin-left: 40px;text-align: justify\">\n\t7 Poderes e deveres da Administra&ccedil;&atilde;o P&uacute;blica.\n<\/p>\n<p style=\"margin-left: 40px;text-align: justify\">\n\t7.1 Poder regulamentar.\n<\/p>\n<p style=\"margin-left: 40px;text-align: justify\">\n\t7.2 Poder hier&aacute;rquico.\n<\/p>\n<p style=\"margin-left: 40px;text-align: justify\">\n\t7.3 Poder disciplinar.\n<\/p>\n<p style=\"margin-left: 40px;text-align: justify\">\n\t7.4 Poder de pol&iacute;cia.\n<\/p>\n<p style=\"margin-left: 40px;text-align: justify\">\n\t7.5 Dever de agir.\n<\/p>\n<p style=\"margin-left: 40px;text-align: justify\">\n\t7.6 Dever de efici&ecirc;ncia.\n<\/p>\n<p style=\"margin-left: 40px;text-align: justify\">\n\t7.7 Dever de probidade.\n<\/p>\n<p style=\"margin-left: 40px;text-align: justify\">\n\t7.8 Dever de presta&ccedil;&atilde;o de contas.\n<\/p>\n<p style=\"margin-left: 40px;text-align: justify\">\n\t7.9 Uso e abuso do poder.\n<\/p>\n<p style=\"margin-left: 40px;text-align: justify\">\n\t7.10 Jurisprud&ecirc;ncia aplicada dos tribunais superiores.\n<\/p>\n<p style=\"margin-left: 40px;text-align: justify\">\n\t8 Servi&ccedil;os p&uacute;blicos.\n<\/p>\n<p style=\"margin-left: 40px;text-align: justify\">\n\t8.1 Legisla&ccedil;&atilde;o pertinente.\n<\/p>\n<p style=\"margin-left: 40px;text-align: justify\">\n\t8.1.1 Lei n&ordm; 8.987\/1995.\n<\/p>\n<p style=\"margin-left: 40px;text-align: justify\">\n\t8.1.2 Lei n&ordm; 11.079\/2004 e suas altera&ccedil;&otilde;es (parceria p&uacute;blico-privada).\n<\/p>\n<p style=\"margin-left: 40px;text-align: justify\">\n\t8.2 Disposi&ccedil;&otilde;es doutrin&aacute;rias.\n<\/p>\n<p style=\"margin-left: 40px;text-align: justify\">\n\t9 Interven&ccedil;&atilde;o do Estado na propriedade.\n<\/p>\n<p style=\"margin-left: 40px;text-align: justify\">\n\t9.1 Conceito.\n<\/p>\n<p style=\"margin-left: 40px;text-align: justify\">\n\t9.2 Fundamento.\n<\/p>\n<p style=\"margin-left: 40px;text-align: justify\">\n\t9.3 Modalidades.\n<\/p>\n<p style=\"margin-left: 40px;text-align: justify\">\n\t9.4 Jurisprud&ecirc;ncia aplicada dos tribunais superiores.\n<\/p>\n<p style=\"margin-left: 40px;text-align: justify\">\n\t10 Licita&ccedil;&otilde;es.\n<\/p>\n<p style=\"margin-left: 40px;text-align: justify\">\n\t10.1 Legisla&ccedil;&atilde;o pertinente.\n<\/p>\n<p style=\"margin-left: 40px;text-align: justify\">\n\t10.1.1 Lei n&ordm; 8.666\/1993 e suas altera&ccedil;&otilde;es.\n<\/p>\n<p style=\"margin-left: 40px;text-align: justify\">\n\t10.1.2 Lei n&ordm; 10.520\/2002 e demais disposi&ccedil;&otilde;es normativas relativas ao preg&atilde;o.\n<\/p>\n<p style=\"margin-left: 40px;text-align: justify\">\n\t10.1.3 Decreto n&ordm; 7.892\/2013 e suas altera&ccedil;&otilde;es (Sistema de Registro de Pre&ccedil;os).\n<\/p>\n<p style=\"margin-left: 40px;text-align: justify\">\n\t10.1.4 Lei n&ordm; 12.462\/2011 e suas altera&ccedil;&otilde;es (Regime Diferenciado de Contrata&ccedil;&otilde;es P&uacute;blicas).\n<\/p>\n<p style=\"margin-left: 40px;text-align: justify\">\n\t10.1.5 Fundamentos constitucionais.\n<\/p>\n<p style=\"margin-left: 40px;text-align: justify\">\n\t10.1.6 Lei Complementar n&ordm; 123\/2006 e suas altera&ccedil;&otilde;es.\n<\/p>\n<p style=\"margin-left: 40px;text-align: justify\">\n\t10.2 Disposi&ccedil;&otilde;es doutrin&aacute;rias.\n<\/p>\n<p style=\"margin-left: 40px;text-align: justify\">\n\t10.3 Jurisprud&ecirc;ncia aplicada dos tribunais superiores.\n<\/p>\n<p style=\"margin-left: 40px;text-align: justify\">\n\t11 Contratos administrativos.\n<\/p>\n<p style=\"margin-left: 40px;text-align: justify\">\n\t11.1 Legisla&ccedil;&atilde;o pertinente.\n<\/p>\n<p style=\"margin-left: 40px;text-align: justify\">\n\t11.1.1 Lei n&ordm; 8.666\/1993 e suas altera&ccedil;&otilde;es.\n<\/p>\n<p style=\"margin-left: 40px;text-align: justify\">\n\t11.1.2 Decreto n&ordm; 6.170\/2007, Portaria Interministerial CGU\/MF\/MP n&ordm; 507\/2011 e suas altera&ccedil;&otilde;es.\n<\/p>\n<p style=\"margin-left: 40px;text-align: justify\">\n\t11.1.3 Lei n&ordm; 11.107\/2005 e suas altera&ccedil;&otilde;es e Decreto n&ordm; 6.017\/2007 (cons&oacute;rcios p&uacute;blicos).\n<\/p>\n<p style=\"margin-left: 40px;text-align: justify\">\n\t11.1.4 Lei n&ordm;13.019\/14 e suas altera&ccedil;&otilde;es (regime jur&iacute;dico das parcerias entre a administra&ccedil;&atilde;o p&uacute;blica e as organiza&ccedil;&otilde;es da sociedade civil).\n<\/p>\n<p style=\"margin-left: 40px;text-align: justify\">\n\t11.2 Disposi&ccedil;&otilde;es doutrin&aacute;rias.\n<\/p>\n<p style=\"margin-left: 40px;text-align: justify\">\n\t11.3 Jurisprud&ecirc;ncia aplicada dos tribunais superiores.\n<\/p>\n<p style=\"margin-left: 40px;text-align: justify\">\n\t12 Controle da administra&ccedil;&atilde;o p&uacute;blica.\n<\/p>\n<p style=\"margin-left: 40px;text-align: justify\">\n\t12.1 Conceito.\n<\/p>\n<p style=\"margin-left: 40px;text-align: justify\">\n\t12.2 Classifica&ccedil;&atilde;o das formas de controle.\n<\/p>\n<p style=\"margin-left: 40px;text-align: justify\">\n\t12.3 Controle exercido pela administra&ccedil;&atilde;o p&uacute;blica.\n<\/p>\n<p style=\"margin-left: 40px;text-align: justify\">\n\t12.4 Controle legislativo.\n<\/p>\n<p style=\"margin-left: 40px;text-align: justify\">\n\t12.5 Controle judicial.\n<\/p>\n<p style=\"margin-left: 40px;text-align: justify\">\n\t12.6 Jurisprud&ecirc;ncia aplicada dos tribunais superiores.\n<\/p>\n<p style=\"margin-left: 40px;text-align: justify\">\n\t13 Improbidade administrativa.\n<\/p>\n<p style=\"margin-left: 40px;text-align: justify\">\n\t13.1 Lei n&ordm; 8.429\/1992 e suas altera&ccedil;&otilde;es.\n<\/p>\n<p style=\"margin-left: 40px;text-align: justify\">\n\t13.2 Disposi&ccedil;&otilde;es doutrin&aacute;rias aplic&aacute;veis.\n<\/p>\n<p style=\"margin-left: 40px;text-align: justify\">\n\t13.3 Jurisprud&ecirc;ncia aplicada dos tribunais superiores.\n<\/p>\n<p style=\"margin-left: 40px;text-align: justify\">\n\t14 Agentes p&uacute;blicos.\n<\/p>\n<p style=\"margin-left: 40px;text-align: justify\">\n\t14.1 Legisla&ccedil;&atilde;o pertinente.\n<\/p>\n<p style=\"margin-left: 40px;text-align: justify\">\n\t14.1.1 Lei Complementar n&ordm; 053\/2001 (Regime Jur&iacute;dico dos Servidores P&uacute;blicos Civis do Estado de Roraima).\n<\/p>\n<p style=\"margin-left: 40px;text-align: justify\">\n\t14.1.2 Disposi&ccedil;&otilde;es constitucionais aplic&aacute;veis.\n<\/p>\n<p style=\"margin-left: 40px;text-align: justify\">\n\t14.2 Disposi&ccedil;&otilde;es doutrin&aacute;rias.\n<\/p>\n<p style=\"margin-left: 40px;text-align: justify\">\n\t14.3 Jurisprud&ecirc;ncia aplicada dos tribunais superiores.\n<\/p>\n<p style=\"margin-left: 40px;text-align: justify\">\n\t15 Bens p&uacute;blicos.\n<\/p>\n<p style=\"margin-left: 40px;text-align: justify\">\n\t15.1 Conceito.\n<\/p>\n<p style=\"margin-left: 40px;text-align: justify\">\n\t15.2 Classifica&ccedil;&atilde;o.\n<\/p>\n<p style=\"margin-left: 40px;text-align: justify\">\n\t15.3 Caracter&iacute;sticas.\n<\/p>\n<p style=\"margin-left: 40px;text-align: justify\">\n\t15.4 Esp&eacute;cies.\n<\/p>\n<p style=\"margin-left: 40px;text-align: justify\">\n\t15.5 Afeta&ccedil;&atilde;o e desafeta&ccedil;&atilde;o.\n<\/p>\n<p style=\"margin-left: 40px;text-align: justify\">\n\t15.6 Aquisi&ccedil;&atilde;o e aliena&ccedil;&atilde;o.\n<\/p>\n<p style=\"margin-left: 40px;text-align: justify\">\n\t15.7 Uso dos bens p&uacute;blicos por particular.\n<\/p>\n<p style=\"margin-left: 40px;text-align: justify\">\n\t15.8 Jurisprud&ecirc;ncia aplicada dos tribunais superiores.\n<\/p>\n<p style=\"margin-left: 40px;text-align: justify\">\n\t16 Responsabilidade civil do Estado.\n<\/p>\n<p style=\"margin-left: 40px;text-align: justify\">\n\t16.1 Evolu&ccedil;&atilde;o hist&oacute;rica.\n<\/p>\n<p style=\"margin-left: 40px;text-align: justify\">\n\t16.2 Teorias subjetivas e objetivas da responsabilidade patrimonial do Estado.\n<\/p>\n<p style=\"margin-left: 40px;text-align: justify\">\n\t16.3 Responsabilidade civil do Estado no direito brasileiro.\n<\/p>\n<p style=\"margin-left: 40px;text-align: justify\">\n\t16.4 Requisitos para a demonstra&ccedil;&atilde;o da responsabilidade do Estado.\n<\/p>\n<p style=\"margin-left: 40px;text-align: justify\">\n\t16.5 Causas excludentes e atenuantes da responsabilidade do Estado.\n<\/p>\n<p style=\"margin-left: 40px;text-align: justify\">\n\t16.6 Repara&ccedil;&atilde;o do dano.\n<\/p>\n<p style=\"margin-left: 40px;text-align: justify\">\n\t16.7 Direito de regresso.\n<\/p>\n<p style=\"margin-left: 40px;text-align: justify\">\n\t16.8 Responsabilidade prim&aacute;ria e subsidi&aacute;ria.\n<\/p>\n<p style=\"margin-left: 40px;text-align: justify\">\n\t16.9 Responsabilidade do Estado por atos legislativos.\n<\/p>\n<p style=\"margin-left: 40px;text-align: justify\">\n\t16.10 Responsabilidade do Estado por atos judiciais.\n<\/p>\n<p align=\"left\">\n\t&nbsp;\n<\/p>\n<h4 align=\"left\">\n\tDIREITO CONSTITUCIONAL<br \/>\n<\/h4>\n<p align=\"left\" style=\"margin-left: 40px\">\n\t1 Constitui&ccedil;&atilde;o\n<\/p>\n<p align=\"left\" style=\"margin-left: 40px\">\n\t1.1 Conceito, objeto, elementos e classifica&ccedil;&otilde;es.\n<\/p>\n<p align=\"left\" style=\"margin-left: 40px\">\n\t1.2 Supremacia da Constitui&ccedil;&atilde;o.\n<\/p>\n<p align=\"left\" style=\"margin-left: 40px\">\n\t1.3 Aplicabilidade das normas constitucionais.\n<\/p>\n<p align=\"left\" style=\"margin-left: 40px\">\n\t1.4 Interpreta&ccedil;&atilde;o das normas constitucionais.\n<\/p>\n<p align=\"left\" style=\"margin-left: 40px\">\n\t1.5 Jurisprud&ecirc;ncia aplicada dos tribunais superiores.\n<\/p>\n<p align=\"left\" style=\"margin-left: 40px\">\n\t2 Poder constituinte.\n<\/p>\n<p align=\"left\" style=\"margin-left: 40px\">\n\t2.1 Caracter&iacute;sticas.\n<\/p>\n<p align=\"left\" style=\"margin-left: 40px\">\n\t2.2 Poder constituinte origin&aacute;rio\n<\/p>\n<p align=\"left\" style=\"margin-left: 40px\">\n\t2.3 Poder constituinte derivado\n<\/p>\n<p align=\"left\" style=\"margin-left: 40px\">\n\t3 Princ&iacute;pios fundamentais.\n<\/p>\n<p align=\"left\" style=\"margin-left: 40px\">\n\t3.1 Jurisprud&ecirc;ncia aplicada dos tribunais superiores.\n<\/p>\n<p align=\"left\" style=\"margin-left: 40px\">\n\t4 Direitos e garantias fundamentais.\n<\/p>\n<p align=\"left\" style=\"margin-left: 40px\">\n\t4.1 Direitos e deveres individuais e coletivos.\n<\/p>\n<p align=\"left\" style=\"margin-left: 40px\">\n\t4.2 Habeas corpus, mandado de seguran&ccedil;a, mandado de injun&ccedil;&atilde;o e habeas data.\n<\/p>\n<p align=\"left\" style=\"margin-left: 40px\">\n\t4.3 Direitos sociais.\n<\/p>\n<p align=\"left\" style=\"margin-left: 40px\">\n\t4.4 Nacionalidade.\n<\/p>\n<p align=\"left\" style=\"margin-left: 40px\">\n\t4.5 Direitos pol&iacute;ticos.\n<\/p>\n<p align=\"left\" style=\"margin-left: 40px\">\n\t4.6 Partidos pol&iacute;ticos.\n<\/p>\n<p align=\"left\" style=\"margin-left: 40px\">\n\t4.7 Jurisprud&ecirc;ncia aplicada dos tribunais superiores.\n<\/p>\n<p align=\"left\" style=\"margin-left: 40px\">\n\t5 Organiza&ccedil;&atilde;o do Estado.\n<\/p>\n<p align=\"left\" style=\"margin-left: 40px\">\n\t5.1 Organiza&ccedil;&atilde;o pol&iacute;tico administrativa.\n<\/p>\n<p align=\"left\" style=\"margin-left: 40px\">\n\t5.2 Estado Federal Brasileiro.\n<\/p>\n<p align=\"left\" style=\"margin-left: 40px\">\n\t5.3 A Uni&atilde;o.\n<\/p>\n<p align=\"left\" style=\"margin-left: 40px\">\n\t5.4 Estados federados.\n<\/p>\n<p align=\"left\" style=\"margin-left: 40px\">\n\t5.5 Munic&iacute;pios.\n<\/p>\n<p align=\"left\" style=\"margin-left: 40px\">\n\t5.6 O Distrito Federal.\n<\/p>\n<p align=\"left\" style=\"margin-left: 40px\">\n\t5.7 Territ&oacute;rios.\n<\/p>\n<p align=\"left\" style=\"margin-left: 40px\">\n\t5.8 Interven&ccedil;&atilde;o federal.\n<\/p>\n<p align=\"left\" style=\"margin-left: 40px\">\n\t5.9 Interven&ccedil;&atilde;o dos estados nos munic&iacute;pios.\n<\/p>\n<p align=\"left\" style=\"margin-left: 40px\">\n\t5.10 Jurisprud&ecirc;ncia aplicada dos tribunais superiores.\n<\/p>\n<p align=\"left\" style=\"margin-left: 40px\">\n\t6 Administra&ccedil;&atilde;o P&uacute;blica.\n<\/p>\n<p align=\"left\" style=\"margin-left: 40px\">\n\t6.1 Disposi&ccedil;&otilde;es gerais.\n<\/p>\n<p align=\"left\" style=\"margin-left: 40px\">\n\t6.2 Servidores p&uacute;blicos.\n<\/p>\n<p align=\"left\" style=\"margin-left: 40px\">\n\t6.3 Militares dos estados, do Distrito Federal e dos territ&oacute;rios.\n<\/p>\n<p align=\"left\" style=\"margin-left: 40px\">\n\t6.4 Jurisprud&ecirc;ncia aplicada dos tribunais superiores.\n<\/p>\n<p align=\"left\" style=\"margin-left: 40px\">\n\t7 Organiza&ccedil;&atilde;o dos poderes no Estado.\n<\/p>\n<p align=\"left\" style=\"margin-left: 40px\">\n\t7.1 Mecanismos de freios e contrapesos.\n<\/p>\n<p align=\"left\" style=\"margin-left: 40px\">\n\t7.2 Poder Legislativo.\n<\/p>\n<p align=\"left\" style=\"margin-left: 40px\">\n\t7.3 Poder Executivo.\n<\/p>\n<p align=\"left\" style=\"margin-left: 40px\">\n\t7.4 Poder Judici&aacute;rio.\n<\/p>\n<p align=\"left\" style=\"margin-left: 40px\">\n\t7.5 Jurisprud&ecirc;ncia aplicada dos tribunais superiores.\n<\/p>\n<p align=\"left\" style=\"margin-left: 40px\">\n\t8 Fun&ccedil;&otilde;es essenciais &agrave; Justi&ccedil;a.\n<\/p>\n<p align=\"left\" style=\"margin-left: 40px\">\n\t8.1 Minist&eacute;rio P&uacute;blico.\n<\/p>\n<p align=\"left\" style=\"margin-left: 40px\">\n\t8.2 Advocacia P&uacute;blica.\n<\/p>\n<p align=\"left\" style=\"margin-left: 40px\">\n\t8.3 Advocacia e Defensoria P&uacute;blica.\n<\/p>\n<p align=\"left\" style=\"margin-left: 40px\">\n\t8.4 Jurisprud&ecirc;ncia aplicada dos tribunais superiores.\n<\/p>\n<p align=\"left\" style=\"margin-left: 40px\">\n\t9 Controle da constitucionalidade.\n<\/p>\n<p align=\"left\" style=\"margin-left: 40px\">\n\t9.1 Sistemas gerais e sistema brasileiro.\n<\/p>\n<p align=\"left\" style=\"margin-left: 40px\">\n\t9.2 Controle incidental ou concreto.\n<\/p>\n<p align=\"left\" style=\"margin-left: 40px\">\n\t9.3 Controle abstrato de constitucionalidade.\n<\/p>\n<p align=\"left\" style=\"margin-left: 40px\">\n\t9.4 Exame in abstractu da constitucionalidade de proposi&ccedil;&otilde;es legislativas.\n<\/p>\n<p align=\"left\" style=\"margin-left: 40px\">\n\t9.5 A&ccedil;&atilde;o declarat&oacute;ria de constitucionalidade.\n<\/p>\n<p align=\"left\" style=\"margin-left: 40px\">\n\t9.6 A&ccedil;&atilde;o direta de inconstitucionalidade.\n<\/p>\n<p align=\"left\" style=\"margin-left: 40px\">\n\t9.7 Argui&ccedil;&atilde;o de descumprimento de preceito fundamental.\n<\/p>\n<p align=\"left\" style=\"margin-left: 40px\">\n\t9.8 A&ccedil;&atilde;o direta de inconstitucionalidade por omiss&atilde;o.\n<\/p>\n<p align=\"left\" style=\"margin-left: 40px\">\n\t9.9 A&ccedil;&atilde;o direta de inconstitucionalidade interventiva.\n<\/p>\n<p align=\"left\" style=\"margin-left: 40px\">\n\t9.10 Controle concreto e abstrato de constitucionalidade do direito municipal.\n<\/p>\n<p align=\"left\" style=\"margin-left: 40px\">\n\t9.11 Jurisprud&ecirc;ncia aplicada dos tribunais superiores.\n<\/p>\n<p align=\"left\" style=\"margin-left: 40px\">\n\t10 Defesa do Estado e das institui&ccedil;&otilde;es democr&aacute;ticas.\n<\/p>\n<p align=\"left\" style=\"margin-left: 40px\">\n\t10.1 Jurisprud&ecirc;ncia aplicada dos tribunais superiores.\n<\/p>\n<p align=\"left\" style=\"margin-left: 40px\">\n\t11 Sistema Tribut&aacute;rio Nacional.\n<\/p>\n<p align=\"left\" style=\"margin-left: 40px\">\n\t11.1 Princ&iacute;pios gerais.\n<\/p>\n<p align=\"left\" style=\"margin-left: 40px\">\n\t11.2 Limita&ccedil;&otilde;es do poder de tributar.\n<\/p>\n<p align=\"left\" style=\"margin-left: 40px\">\n\t11.3 Impostos da Uni&atilde;o, dos Estados e dos munic&iacute;pios.\n<\/p>\n<p align=\"left\" style=\"margin-left: 40px\">\n\t11.4 Reparti&ccedil;&atilde;o das receitas tribut&aacute;rias.\n<\/p>\n<p align=\"left\" style=\"margin-left: 40px\">\n\t11.5 Jurisprud&ecirc;ncia aplicada dos tribunais superiores.\n<\/p>\n<p align=\"left\" style=\"margin-left: 40px\">\n\t12 Finan&ccedil;as p&uacute;blicas.\n<\/p>\n<p align=\"left\" style=\"margin-left: 40px\">\n\t12.1 Normas gerais.\n<\/p>\n<p align=\"left\" style=\"margin-left: 40px\">\n\t12.2 Or&ccedil;amentos.\n<\/p>\n<p align=\"left\" style=\"margin-left: 40px\">\n\t12.3 Jurisprud&ecirc;ncia aplicada dos tribunais superiores.\n<\/p>\n<p align=\"left\" style=\"margin-left: 40px\">\n\t13 Ordem econ&ocirc;mica e financeira.\n<\/p>\n<p align=\"left\" style=\"margin-left: 40px\">\n\t13.1 Princ&iacute;pios gerais da atividade econ&ocirc;mica.\n<\/p>\n<p align=\"left\" style=\"margin-left: 40px\">\n\t13.2 Pol&iacute;tica urbana, agr&iacute;cola e fundi&aacute;ria e reforma agr&aacute;ria.\n<\/p>\n<p align=\"left\" style=\"margin-left: 40px\">\n\t13.3 Jurisprud&ecirc;ncia aplicada dos tribunais superiores.\n<\/p>\n<p align=\"left\" style=\"margin-left: 40px\">\n\t14 Sistema Financeiro Nacional.\n<\/p>\n<p align=\"left\" style=\"margin-left: 40px\">\n\t15 Ordem social.\n<\/p>\n<p align=\"left\">\n\t&nbsp;\n<\/p>\n<h4 align=\"left\">\n\tDIREITO CIVIL<br \/>\n<\/h4>\n<p align=\"left\" style=\"margin-left: 40px\">\n\t1 Lei de introdu&ccedil;&atilde;o &agrave;s normas do direito brasileiro.\n<\/p>\n<p align=\"left\" style=\"margin-left: 40px\">\n\t1.1 Vig&ecirc;ncia, aplica&ccedil;&atilde;o, obrigatoriedade, interpreta&ccedil;&atilde;o e integra&ccedil;&atilde;o das leis.\n<\/p>\n<p align=\"left\" style=\"margin-left: 40px\">\n\t1.2 Conflito das leis no tempo.\n<\/p>\n<p align=\"left\" style=\"margin-left: 40px\">\n\t1.3 Efic&aacute;cia das leis no espa&ccedil;o.\n<\/p>\n<p align=\"left\" style=\"margin-left: 40px\">\n\t2 Pessoas naturais.\n<\/p>\n<p align=\"left\" style=\"margin-left: 40px\">\n\t2.1 Conceito.\n<\/p>\n<p align=\"left\" style=\"margin-left: 40px\">\n\t2.2 In&iacute;cio da personalidade.\n<\/p>\n<p align=\"left\" style=\"margin-left: 40px\">\n\t2.3 Personalidade.\n<\/p>\n<p align=\"left\" style=\"margin-left: 40px\">\n\t2.4 Capacidade.\n<\/p>\n<p align=\"left\" style=\"margin-left: 40px\">\n\t2.5 Direitos da personalidade.\n<\/p>\n<p align=\"left\" style=\"margin-left: 40px\">\n\t2.6 Nome civil.\n<\/p>\n<p align=\"left\" style=\"margin-left: 40px\">\n\t2.7 Estado civil.\n<\/p>\n<p align=\"left\" style=\"margin-left: 40px\">\n\t2.8 Domic&iacute;lio.\n<\/p>\n<p align=\"left\" style=\"margin-left: 40px\">\n\t2.9 Aus&ecirc;ncia.\n<\/p>\n<p align=\"left\" style=\"margin-left: 40px\">\n\t3 Pessoas jur&iacute;dicas.\n<\/p>\n<p align=\"left\" style=\"margin-left: 40px\">\n\t3.1 Disposi&ccedil;&otilde;es Gerais.\n<\/p>\n<p align=\"left\" style=\"margin-left: 40px\">\n\t3.2. Conceito e elementos caracterizadores.\n<\/p>\n<p align=\"left\" style=\"margin-left: 40px\">\n\t3.3 Constitui&ccedil;&atilde;o.\n<\/p>\n<p align=\"left\" style=\"margin-left: 40px\">\n\t3.4 Extin&ccedil;&atilde;o.\n<\/p>\n<p align=\"left\" style=\"margin-left: 40px\">\n\t3.5 Capacidade e direitos da personalidade.\n<\/p>\n<p align=\"left\" style=\"margin-left: 40px\">\n\t3.6 Domic&iacute;lio.\n<\/p>\n<p align=\"left\" style=\"margin-left: 40px\">\n\t3.7 Sociedades de fato.\n<\/p>\n<p align=\"left\" style=\"margin-left: 40px\">\n\t3.8 Associa&ccedil;&otilde;es.\n<\/p>\n<p align=\"left\" style=\"margin-left: 40px\">\n\t3.9 Sociedades.\n<\/p>\n<p align=\"left\" style=\"margin-left: 40px\">\n\t3.10 Funda&ccedil;&otilde;es.\n<\/p>\n<p align=\"left\" style=\"margin-left: 40px\">\n\t3.11 Grupos despersonalizados.\n<\/p>\n<p align=\"left\" style=\"margin-left: 40px\">\n\t3.12 Desconsidera&ccedil;&atilde;o da personalidade jur&iacute;dica.\n<\/p>\n<p align=\"left\" style=\"margin-left: 40px\">\n\t3.13 Responsabilidade da pessoa jur&iacute;dica e dos s&oacute;cios.\n<\/p>\n<p align=\"left\" style=\"margin-left: 40px\">\n\t4 Bens.\n<\/p>\n<p align=\"left\" style=\"margin-left: 40px\">\n\t4.1 Diferentes classes.\n<\/p>\n<p align=\"left\" style=\"margin-left: 40px\">\n\t4.2 Bens Corp&oacute;reos e incorp&oacute;reos.\n<\/p>\n<p align=\"left\" style=\"margin-left: 40px\">\n\t4.3 Bens no com&eacute;rcio e fora do com&eacute;rcio.\n<\/p>\n<p align=\"left\" style=\"margin-left: 40px\">\n\t5 Fato jur&iacute;dico.\n<\/p>\n<p align=\"left\" style=\"margin-left: 40px\">\n\t6 Neg&oacute;cio jur&iacute;dico.\n<\/p>\n<p align=\"left\" style=\"margin-left: 40px\">\n\t6.1 Disposi&ccedil;&otilde;es gerais.\n<\/p>\n<p align=\"left\" style=\"margin-left: 40px\">\n\t6.2 Classifica&ccedil;&atilde;o e interpreta&ccedil;&atilde;o.\n<\/p>\n<p align=\"left\" style=\"margin-left: 40px\">\n\t6.3 Elementos.\n<\/p>\n<p align=\"left\" style=\"margin-left: 40px\">\n\t6.4 Representa&ccedil;&atilde;o.\n<\/p>\n<p align=\"left\" style=\"margin-left: 40px\">\n\t6.5 Condi&ccedil;&atilde;o, termo e encargo.\n<\/p>\n<p align=\"left\" style=\"margin-left: 40px\">\n\t6.6 Defeitos do neg&oacute;cio jur&iacute;dico.\n<\/p>\n<p align=\"left\" style=\"margin-left: 40px\">\n\t6.7 Exist&ecirc;ncia, efic&aacute;cia, validade, invalidade e nulidade do neg&oacute;cio jur&iacute;dico.\n<\/p>\n<p align=\"left\" style=\"margin-left: 40px\">\n\t6.8 Simula&ccedil;&atilde;o.\n<\/p>\n<p align=\"left\" style=\"margin-left: 40px\">\n\t7 Atos jur&iacute;dicos l&iacute;citos e il&iacute;citos.\n<\/p>\n<p align=\"left\" style=\"margin-left: 40px\">\n\t8 Prescri&ccedil;&atilde;o e decad&ecirc;ncia.\n<\/p>\n<p align=\"left\" style=\"margin-left: 40px\">\n\t9 Prova do fato jur&iacute;dico.\n<\/p>\n<p align=\"left\" style=\"margin-left: 40px\">\n\t10 Obriga&ccedil;&otilde;es.\n<\/p>\n<p align=\"left\" style=\"margin-left: 40px\">\n\t10.1 Caracter&iacute;sticas.\n<\/p>\n<p align=\"left\" style=\"margin-left: 40px\">\n\t10.2 Elementos\n<\/p>\n<p align=\"left\" style=\"margin-left: 40px\">\n\t10.3 Princ&iacute;pios.\n<\/p>\n<p align=\"left\" style=\"margin-left: 40px\">\n\t10.4 Boa-f&eacute;.\n<\/p>\n<p align=\"left\" style=\"margin-left: 40px\">\n\t10.5 Obriga&ccedil;&atilde;o complexa (a obriga&ccedil;&atilde;o como um processo).\n<\/p>\n<p align=\"left\" style=\"margin-left: 40px\">\n\t10.6 Obriga&ccedil;&otilde;es de dar.\n<\/p>\n<p align=\"left\" style=\"margin-left: 40px\">\n\t10.7 Obriga&ccedil;&otilde;es de fazer e de n&atilde;o fazer.\n<\/p>\n<p align=\"left\" style=\"margin-left: 40px\">\n\t10.8 Obriga&ccedil;&otilde;es alternativas e facultativas.\n<\/p>\n<p align=\"left\" style=\"margin-left: 40px\">\n\t10.9 Obriga&ccedil;&otilde;es divis&iacute;veis e indivis&iacute;veis.\n<\/p>\n<p align=\"left\" style=\"margin-left: 40px\">\n\t10.10 Obriga&ccedil;&otilde;es solid&aacute;rias.\n<\/p>\n<p align=\"left\" style=\"margin-left: 40px\">\n\t10.11 Obriga&ccedil;&otilde;es civis e naturais, de meio, de resultado e de garantia.\n<\/p>\n<p align=\"left\" style=\"margin-left: 40px\">\n\t10.12 Obriga&ccedil;&otilde;es de execu&ccedil;&atilde;o instant&acirc;nea, diferida e continuada.\n<\/p>\n<p align=\"left\" style=\"margin-left: 40px\">\n\t10.13 Obriga&ccedil;&otilde;es puras e simples, condicionais, a termo e modais.\n<\/p>\n<p align=\"left\" style=\"margin-left: 40px\">\n\t10.14 Obriga&ccedil;&otilde;es l&iacute;quidas e il&iacute;quidas.\n<\/p>\n<p align=\"left\" style=\"margin-left: 40px\">\n\t10.15 Obriga&ccedil;&otilde;es principais e acess&oacute;rias.\n<\/p>\n<p align=\"left\" style=\"margin-left: 40px\">\n\t10.16 Transmiss&atilde;o das obriga&ccedil;&otilde;es.\n<\/p>\n<p align=\"left\" style=\"margin-left: 40px\">\n\t10.17 Adimplemento e extin&ccedil;&atilde;o das obriga&ccedil;&otilde;es.\n<\/p>\n<p align=\"left\" style=\"margin-left: 40px\">\n\t10.18 Inadimplemento das obriga&ccedil;&otilde;es.\n<\/p>\n<p align=\"left\" style=\"margin-left: 40px\">\n\t11 Contratos.\n<\/p>\n<p align=\"left\" style=\"margin-left: 40px\">\n\t11.1 Princ&iacute;pios.\n<\/p>\n<p align=\"left\" style=\"margin-left: 40px\">\n\t11.2 Classifica&ccedil;&atilde;o.\n<\/p>\n<p align=\"left\" style=\"margin-left: 40px\">\n\t11.3 Contratos em geral.\n<\/p>\n<p align=\"left\" style=\"margin-left: 40px\">\n\t11.4 Disposi&ccedil;&otilde;es gerais.\n<\/p>\n<p align=\"left\" style=\"margin-left: 40px\">\n\t11.5 Interpreta&ccedil;&atilde;o.\n<\/p>\n<p align=\"left\" style=\"margin-left: 40px\">\n\t11.6 Extin&ccedil;&atilde;o.\n<\/p>\n<p align=\"left\" style=\"margin-left: 40px\">\n\t11.7 Esp&eacute;cies de contratos regulados no C&oacute;digo Civil.\n<\/p>\n<p align=\"left\" style=\"margin-left: 40px\">\n\t12 Atos unilaterais.\n<\/p>\n<p align=\"left\" style=\"margin-left: 40px\">\n\t13 Responsabilidade civil.\n<\/p>\n<p align=\"left\" style=\"margin-left: 40px\">\n\t14 Prefer&ecirc;ncias e privil&eacute;gios credit&oacute;rios.\n<\/p>\n<p align=\"left\" style=\"margin-left: 40px\">\n\t15 Posse.\n<\/p>\n<p align=\"left\" style=\"margin-left: 40px\">\n\t16 Direitos reais.\n<\/p>\n<p align=\"left\" style=\"margin-left: 40px\">\n\t16.1 Disposi&ccedil;&otilde;es gerais.\n<\/p>\n<p align=\"left\" style=\"margin-left: 40px\">\n\t16.2 Propriedade.\n<\/p>\n<p align=\"left\" style=\"margin-left: 40px\">\n\t16.3 Superf&iacute;cie.\n<\/p>\n<p align=\"left\" style=\"margin-left: 40px\">\n\t16.4 Servid&otilde;es.\n<\/p>\n<p align=\"left\" style=\"margin-left: 40px\">\n\t16.5 Usufruto.\n<\/p>\n<p align=\"left\" style=\"margin-left: 40px\">\n\t16.6 Uso.\n<\/p>\n<p align=\"left\" style=\"margin-left: 40px\">\n\t16.7 Habita&ccedil;&atilde;o.\n<\/p>\n<p align=\"left\" style=\"margin-left: 40px\">\n\t16.8 Direito do promitente comprador.\n<\/p>\n<p align=\"left\" style=\"margin-left: 40px\">\n\t17 Direitos reais de garantia.\n<\/p>\n<p align=\"left\" style=\"margin-left: 40px\">\n\t17.1 Caracter&iacute;sticas.\n<\/p>\n<p align=\"left\" style=\"margin-left: 40px\">\n\t17.2 Princ&iacute;pios.\n<\/p>\n<p align=\"left\" style=\"margin-left: 40px\">\n\t17.3 Penhor, hipoteca e anticrese.\n<\/p>\n<p align=\"left\" style=\"margin-left: 40px\">\n\t18 Direito das sucess&otilde;es.\n<\/p>\n<p align=\"left\" style=\"margin-left: 40px\">\n\t18.1 Sucess&atilde;o em geral.\n<\/p>\n<p align=\"left\" style=\"margin-left: 40px\">\n\t18.2 Sucess&atilde;o leg&iacute;tima.\n<\/p>\n<p align=\"left\" style=\"margin-left: 40px\">\n\t18.3 Sucess&atilde;o testament&aacute;ria.\n<\/p>\n<p align=\"left\" style=\"margin-left: 40px\">\n\t18.4 Invent&aacute;rio e partilha.\n<\/p>\n<p align=\"left\" style=\"margin-left: 40px\">\n\t19 Lei n&ordm; 8.078\/1990 e suas altera&ccedil;&otilde;es (Direito das rela&ccedil;&otilde;es de consumo).\n<\/p>\n<p align=\"left\" style=\"margin-left: 40px\">\n\t19.1 Consumidor.\n<\/p>\n<p align=\"left\" style=\"margin-left: 40px\">\n\t19.2 Direitos do consumidor.\n<\/p>\n<p align=\"left\" style=\"margin-left: 40px\">\n\t19.3 Fornecedor, produto e servi&ccedil;o.\n<\/p>\n<p align=\"left\" style=\"margin-left: 40px\">\n\t19.4 Qualidade de produtos e servi&ccedil;os, preven&ccedil;&atilde;o e repara&ccedil;&atilde;o dos danos.\n<\/p>\n<p align=\"left\" style=\"margin-left: 40px\">\n\t19.5 Pr&aacute;ticas comerciais.\n<\/p>\n<p align=\"left\" style=\"margin-left: 40px\">\n\t19.6 Prote&ccedil;&atilde;o contratual.\n<\/p>\n<p align=\"left\" style=\"margin-left: 40px\">\n\t20 Lei n&ordm; 6.766\/1979 e suas altera&ccedil;&otilde;es (Parcelamento do solo urbano).\n<\/p>\n<p align=\"left\" style=\"margin-left: 40px\">\n\t21 Lei n&ordm; 6.015\/1973 (Registros P&uacute;blicos).\n<\/p>\n<p align=\"left\" style=\"margin-left: 40px\">\n\t21.1 No&ccedil;&otilde;es gerais, registros, presun&ccedil;&atilde;o de f&eacute; p&uacute;blica, prioridade, especialidade, legalidade, continuidade, transcri&ccedil;&atilde;o, inscri&ccedil;&atilde;o e averba&ccedil;&atilde;o.\n<\/p>\n<p align=\"left\" style=\"margin-left: 40px\">\n\t21.2 Procedimento de d&uacute;vida.\n<\/p>\n<p align=\"left\" style=\"margin-left: 40px\">\n\t22 Lei n&ordm; 10.741\/2003 e suas altera&ccedil;&otilde;es (Estatuto do Idoso).\n<\/p>\n<p align=\"left\" style=\"margin-left: 40px\">\n\t23 Lei n&ordm; 8.245\/1991 e suas altera&ccedil;&otilde;es (Loca&ccedil;&atilde;o de im&oacute;veis urbanos).\n<\/p>\n<p align=\"left\" style=\"margin-left: 40px\">\n\t23.1 Disposi&ccedil;&otilde;es gerais, loca&ccedil;&atilde;o em geral, subloca&ccedil;&otilde;es, aluguel, deveres do locador e do locat&aacute;rio, direito de prefer&ecirc;ncia, benfeitorias, garantias locat&iacute;cias, penalidades civis, nulidades, loca&ccedil;&atilde;o residencial, loca&ccedil;&atilde;o para temporada, loca&ccedil;&atilde;o n&atilde;o residencial.\n<\/p>\n<p align=\"left\" style=\"margin-left: 40px\">\n\t24 Direitos autorais.\n<\/p>\n<p align=\"left\" style=\"margin-left: 40px\">\n\t25 Lei n&ordm; 8.069\/1990 e suas altera&ccedil;&otilde;es (Estatuto da Crian&ccedil;a e do Adolescente).\n<\/p>\n<p align=\"left\" style=\"margin-left: 40px\">\n\t25.1 Disposi&ccedil;&otilde;es preliminares, direitos fundamentais, preven&ccedil;&atilde;o.\n<\/p>\n<p align=\"left\">\n\t&nbsp;\n<\/p>\n<h4 align=\"left\">\n\tDIREITO PROCESSUAL CIVIL<br \/>\n<\/h4>\n<p align=\"left\" style=\"margin-left: 40px\">\n\t1 Lei n&ordm; 13.105\/2015 &ndash; Novo C&oacute;digo de Processo Civil.\n<\/p>\n<p align=\"left\" style=\"margin-left: 40px\">\n\t2 Normas processuais civis.\n<\/p>\n<p align=\"left\" style=\"margin-left: 40px\">\n\t3 A jurisdi&ccedil;&atilde;o.\n<\/p>\n<p align=\"left\" style=\"margin-left: 40px\">\n\t4 A A&ccedil;&atilde;o.\n<\/p>\n<p align=\"left\" style=\"margin-left: 40px\">\n\t4.1 Conceito, natureza, elementos e caracter&iacute;sticas.\n<\/p>\n<p align=\"left\" style=\"margin-left: 40px\">\n\t4.2 Condi&ccedil;&otilde;es da a&ccedil;&atilde;o.\n<\/p>\n<p align=\"left\" style=\"margin-left: 40px\">\n\t4.3 Classifica&ccedil;&atilde;o.\n<\/p>\n<p align=\"left\" style=\"margin-left: 40px\">\n\t5 Pressupostos processuais.\n<\/p>\n<p align=\"left\" style=\"margin-left: 40px\">\n\t6 Preclus&atilde;o.\n<\/p>\n<p align=\"left\" style=\"margin-left: 40px\">\n\t7 Sujeitos do processo.\n<\/p>\n<p align=\"left\" style=\"margin-left: 40px\">\n\t7.1 Capacidade processual e postulat&oacute;ria.\n<\/p>\n<p align=\"left\" style=\"margin-left: 40px\">\n\t7.2 Deveres das partes e procuradores.\n<\/p>\n<p align=\"left\" style=\"margin-left: 40px\">\n\t7.3 Procuradores.\n<\/p>\n<p align=\"left\" style=\"margin-left: 40px\">\n\t7.4 Sucess&atilde;o das partes e dos procuradores.\n<\/p>\n<p align=\"left\" style=\"margin-left: 40px\">\n\t8 Litiscons&oacute;rcio.\n<\/p>\n<p align=\"left\" style=\"margin-left: 40px\">\n\t9 Interven&ccedil;&atilde;o de terceiros.\n<\/p>\n<p align=\"left\" style=\"margin-left: 40px\">\n\t10 Poderes, deveres e responsabilidade do juiz.\n<\/p>\n<p align=\"left\" style=\"margin-left: 40px\">\n\t11 Minist&eacute;rio P&uacute;blico.\n<\/p>\n<p align=\"left\" style=\"margin-left: 40px\">\n\t12 Advocacia P&uacute;blica.\n<\/p>\n<p align=\"left\" style=\"margin-left: 40px\">\n\t13 Defensoria P&uacute;blica.\n<\/p>\n<p align=\"left\" style=\"margin-left: 40px\">\n\t14 Atos processuais.\n<\/p>\n<p align=\"left\" style=\"margin-left: 40px\">\n\t14.1 Forma dos atos.\n<\/p>\n<p align=\"left\" style=\"margin-left: 40px\">\n\t14.2 Tempo e lugar.\n<\/p>\n<p align=\"left\" style=\"margin-left: 40px\">\n\t14.3 Prazos.\n<\/p>\n<p align=\"left\" style=\"margin-left: 40px\">\n\t14.4 Comunica&ccedil;&atilde;o dos atos processuais.\n<\/p>\n<p align=\"left\" style=\"margin-left: 40px\">\n\t14.5 Nulidades.\n<\/p>\n<p align=\"left\" style=\"margin-left: 40px\">\n\t14.6 Distribui&ccedil;&atilde;o e registro.\n<\/p>\n<p align=\"left\" style=\"margin-left: 40px\">\n\t14.7 Valor da causa.\n<\/p>\n<p align=\"left\" style=\"margin-left: 40px\">\n\t15 Tutela provis&oacute;ria.\n<\/p>\n<p align=\"left\" style=\"margin-left: 40px\">\n\t15.1 Tutela de urg&ecirc;ncia.\n<\/p>\n<p align=\"left\" style=\"margin-left: 40px\">\n\t15.2 Disposi&ccedil;&otilde;es gerais.\n<\/p>\n<p align=\"left\" style=\"margin-left: 40px\">\n\t16 Forma&ccedil;&atilde;o, suspens&atilde;o e extin&ccedil;&atilde;o do processo.\n<\/p>\n<p align=\"left\" style=\"margin-left: 40px\">\n\t17 Processo de conhecimento e do cumprimento de senten&ccedil;a.\n<\/p>\n<p align=\"left\" style=\"margin-left: 40px\">\n\t17.1 Procedimento comum.\n<\/p>\n<p align=\"left\" style=\"margin-left: 40px\">\n\t17.2 Disposi&ccedil;&otilde;es Gerais.\n<\/p>\n<p align=\"left\" style=\"margin-left: 40px\">\n\t17.3 Peti&ccedil;&atilde;o inicial.\n<\/p>\n<p align=\"left\" style=\"margin-left: 40px\">\n\t17.4 Improced&ecirc;ncia liminar do pedido.\n<\/p>\n<p align=\"left\" style=\"margin-left: 40px\">\n\t17.5 Audi&ecirc;ncia de concilia&ccedil;&atilde;o ou de media&ccedil;&atilde;o.\n<\/p>\n<p align=\"left\" style=\"margin-left: 40px\">\n\t17.6 Contesta&ccedil;&atilde;o, reconven&ccedil;&atilde;o e revelia.\n<\/p>\n<p align=\"left\" style=\"margin-left: 40px\">\n\t17.7 Audi&ecirc;ncia de instru&ccedil;&atilde;o e julgamento.\n<\/p>\n<p align=\"left\" style=\"margin-left: 40px\">\n\t17.8 Provid&ecirc;ncias preliminares e de saneamento.\n<\/p>\n<p align=\"left\" style=\"margin-left: 40px\">\n\t17.9 Julgamento conforme o estado do processo.\n<\/p>\n<p align=\"left\" style=\"margin-left: 40px\">\n\t17.10 Provas.\n<\/p>\n<p align=\"left\" style=\"margin-left: 40px\">\n\t17.11 Senten&ccedil;a e coisa julgada.\n<\/p>\n<p align=\"left\" style=\"margin-left: 40px\">\n\t17.12 Cumprimento da senten&ccedil;a.\n<\/p>\n<p align=\"left\" style=\"margin-left: 40px\">\n\t17.13 Disposi&ccedil;&otilde;es Gerais.\n<\/p>\n<p align=\"left\" style=\"margin-left: 40px\">\n\t17.14 Cumprimento.\n<\/p>\n<p align=\"left\" style=\"margin-left: 40px\">\n\t17.15 Liquida&ccedil;&atilde;o.\n<\/p>\n<p align=\"left\" style=\"margin-left: 40px\">\n\t18 Procedimentos Especiais.\n<\/p>\n<p align=\"left\" style=\"margin-left: 40px\">\n\t19 Procedimentos de jurisdi&ccedil;&atilde;o volunt&aacute;ria.\n<\/p>\n<p align=\"left\" style=\"margin-left: 40px\">\n\t20 Processos de execu&ccedil;&atilde;o.\n<\/p>\n<p align=\"left\" style=\"margin-left: 40px\">\n\t21 Processos nos tribunais e meios de impugna&ccedil;&atilde;o das decis&otilde;es judiciais.\n<\/p>\n<p align=\"left\" style=\"margin-left: 40px\">\n\t22 Livro Complementar.\n<\/p>\n<p align=\"left\" style=\"margin-left: 40px\">\n\t23 Disposi&ccedil;&otilde;es finais e transit&oacute;rias.\n<\/p>\n<p align=\"left\" style=\"margin-left: 40px\">\n\t24 Mandado de seguran&ccedil;a.\n<\/p>\n<p align=\"left\" style=\"margin-left: 40px\">\n\t25 A&ccedil;&atilde;o popular.\n<\/p>\n<p align=\"left\" style=\"margin-left: 40px\">\n\t26 A&ccedil;&atilde;o civil p&uacute;blica.\n<\/p>\n<p align=\"left\" style=\"margin-left: 40px\">\n\t27 A&ccedil;&atilde;o de improbidade administrativa.\n<\/p>\n<p align=\"left\" style=\"margin-left: 40px\">\n\t28 Reclama&ccedil;&atilde;o constitucional.\n<\/p>\n<p align=\"left\" style=\"margin-left: 40px\">\n\t29 Lei n&ordm; 8.245\/1991 e suas altera&ccedil;&otilde;es (Loca&ccedil;&atilde;o de im&oacute;veis urbanos).\n<\/p>\n<p align=\"left\" style=\"margin-left: 40px\">\n\t29.1 Procedimentos.\n<\/p>\n<p align=\"left\" style=\"margin-left: 40px\">\n\t30 Jurisprud&ecirc;ncia dos tribunais superiores.\n<\/p>\n<p align=\"left\">\n\t&nbsp;\n<\/p>\n<h4 align=\"left\">\n\tDIREITO PENAL<br \/>\n<\/h4>\n<p align=\"left\" style=\"margin-left: 40px\">\n\t1 Fontes do direito penal; princ&iacute;pios aplic&aacute;veis ao direito penal.\n<\/p>\n<p align=\"left\" style=\"margin-left: 40px\">\n\t2 Aplica&ccedil;&atilde;o da lei penal: princ&iacute;pios da legalidade e da anterioridade; a lei penal no tempo e no espa&ccedil;o; tempo e lugar do crime; lei penal excepcional, especial e tempor&aacute;ria; territorialidade e extraterritorialidade da lei penal; pena cumprida no estrangeiro; efic&aacute;cia da senten&ccedil;a estrangeira; contagem de prazo; fra&ccedil;&otilde;es n&atilde;o comput&aacute;veis da pena; interpreta&ccedil;&atilde;o da lei penal; analogia; irretroatividade da lei penal; conflito aparente de normas penais.\n<\/p>\n<p align=\"left\" style=\"margin-left: 40px\">\n\t3 Crime.\n<\/p>\n<p align=\"left\" style=\"margin-left: 40px\">\n\t3.1 Classifica&ccedil;&atilde;o dos crimes; teorias do crime; o fato t&iacute;pico e seus elementos; rela&ccedil;&atilde;o de causalidade; superveni&ecirc;ncia de causa independente; relev&acirc;ncia da omiss&atilde;o; crime consumado e tentado; pena da tentativa; desist&ecirc;ncia volunt&aacute;ria e arrependimento eficaz; arrependimento posterior; crime imposs&iacute;vel; crime doloso, culposo e preterdoloso; agrava&ccedil;&atilde;o pelo resultado; concurso de crimes; erro sobre elementos do tipo; descriminantes putativas; erro determinado por terceiro; erro sobre a pessoa; erro sobre a ilicitude do fato (erro de proibi&ccedil;&atilde;o); coa&ccedil;&atilde;o irresist&iacute;vel e obedi&ecirc;ncia hier&aacute;rquica; ilicitude e causas de exclus&atilde;o; excesso pun&iacute;vel; culpabilidade: teorias, elementos e causas de exclus&atilde;o.\n<\/p>\n<p align=\"left\" style=\"margin-left: 40px\">\n\t4 Imputabilidade penal.\n<\/p>\n<p align=\"left\" style=\"margin-left: 40px\">\n\t5 Concurso de pessoas.\n<\/p>\n<p align=\"left\" style=\"margin-left: 40px\">\n\t6 Penas: esp&eacute;cies de penas; comina&ccedil;&atilde;o das penas; aplica&ccedil;&atilde;o da pena; suspens&atilde;o condicional da pena; livramento condicional; efeitos da condena&ccedil;&atilde;o; reabilita&ccedil;&atilde;o; execu&ccedil;&atilde;o das penas em esp&eacute;cie e incidentes de execu&ccedil;&atilde;o.\n<\/p>\n<p align=\"left\" style=\"margin-left: 40px\">\n\t7 Medidas de seguran&ccedil;a; execu&ccedil;&atilde;o das medidas de seguran&ccedil;a.\n<\/p>\n<p align=\"left\" style=\"margin-left: 40px\">\n\t8 A&ccedil;&atilde;o penal.\n<\/p>\n<p align=\"left\" style=\"margin-left: 40px\">\n\t9 Punibilidade e causas de extin&ccedil;&atilde;o.\n<\/p>\n<p align=\"left\" style=\"margin-left: 40px\">\n\t10 Crimes contra a pessoa.\n<\/p>\n<p align=\"left\" style=\"margin-left: 40px\">\n\t11 Crimes contra o patrim&ocirc;nio.\n<\/p>\n<p align=\"left\" style=\"margin-left: 40px\">\n\t12 Crimes contra a propriedade imaterial.\n<\/p>\n<p align=\"left\" style=\"margin-left: 40px\">\n\t13 Crimes contra a organiza&ccedil;&atilde;o do trabalho.\n<\/p>\n<p align=\"left\" style=\"margin-left: 40px\">\n\t14 Crimes contra o sentimento religioso e contra o respeito aos mortos.\n<\/p>\n<p align=\"left\" style=\"margin-left: 40px\">\n\t15 Crimes contra a dignidade sexual.\n<\/p>\n<p align=\"left\" style=\"margin-left: 40px\">\n\t16 Crimes contra a fam&iacute;lia.\n<\/p>\n<p align=\"left\" style=\"margin-left: 40px\">\n\t17 Crimes contra a incolumidade p&uacute;blica.\n<\/p>\n<p align=\"left\" style=\"margin-left: 40px\">\n\t18 Crimes contra a paz p&uacute;blica.\n<\/p>\n<p align=\"left\" style=\"margin-left: 40px\">\n\t19 Crimes contra a f&eacute; p&uacute;blica.\n<\/p>\n<p align=\"left\" style=\"margin-left: 40px\">\n\t20 Crimes contra a administra&ccedil;&atilde;o p&uacute;blica.\n<\/p>\n<p align=\"left\" style=\"margin-left: 40px\">\n\t21 Lei n&ordm; 8.072\/1990 e suas altera&ccedil;&otilde;es (delitos hediondos).\n<\/p>\n<p align=\"left\" style=\"margin-left: 40px\">\n\t22 Lei n&ordm; 11.343\/2006 e suas altera&ccedil;&otilde;es (Lei Antidrogas).\n<\/p>\n<p align=\"left\" style=\"margin-left: 40px\">\n\t23 Lei n&ordm; 4.898\/1965 e suas altera&ccedil;&otilde;es (Abuso de autoridade).\n<\/p>\n<p align=\"left\" style=\"margin-left: 40px\">\n\t24 Lei n&ordm; 9.455\/1997 e suas altera&ccedil;&otilde;es (Crimes de tortura).\n<\/p>\n<p align=\"left\" style=\"margin-left: 40px\">\n\t25 Lei n&ordm; 10.826\/2003 e suas altera&ccedil;&otilde;es (Estatuto do Desarmamento).\n<\/p>\n<p align=\"left\" style=\"margin-left: 40px\">\n\t26 Lei n&ordm; 12.850\/2013 e suas altera&ccedil;&otilde;es (Crime organizado).\n<\/p>\n<p align=\"left\" style=\"margin-left: 40px\">\n\t27 Lei n&ordm; 9.613\/1998 e suas altera&ccedil;&otilde;es (Lavagem de dinheiro).\n<\/p>\n<p align=\"left\" style=\"margin-left: 40px\">\n\t28 Pacto de S&atilde;o Jos&eacute; e Decreto n&ordm; 678\/1992 (Conven&ccedil;&atilde;o Americana sobre Direitos Humanos).\n<\/p>\n<p align=\"left\" style=\"margin-left: 40px\">\n\t29 Lei n&ordm; 9.513\/1997 (Crimes de tr&acirc;nsito).\n<\/p>\n<p align=\"left\" style=\"margin-left: 40px\">\n\t30 Lei n&ordm; 11.340\/2006 (Lei Maria da Penha).\n<\/p>\n<p align=\"left\" style=\"margin-left: 40px\">\n\t31 Disposi&ccedil;&otilde;es constitucionais aplic&aacute;veis ao direito penal.\n<\/p>\n<p align=\"left\" style=\"margin-left: 40px\">\n\t32 Entendimento dos tribunais superiores acerca dos institutos de direito penal.\n<\/p>\n<p align=\"left\">\n\t&nbsp;\n<\/p>\n<h4 align=\"left\">\n\tDIREITO PROCESSUAL PENAL<br \/>\n<\/h4>\n<p align=\"left\" style=\"margin-left: 40px\">\n\t1 Fontes do direito processual penal; princ&iacute;pios aplic&aacute;veis ao direito processual penal.\n<\/p>\n<p align=\"left\" style=\"margin-left: 40px\">\n\t2 Aplica&ccedil;&atilde;o da lei processual no tempo, no espa&ccedil;o e em rela&ccedil;&atilde;o &agrave;s pessoas; disposi&ccedil;&otilde;es preliminares do C&oacute;digo de Processo Penal.\n<\/p>\n<p align=\"left\" style=\"margin-left: 40px\">\n\t3 Inqu&eacute;rito policial.\n<\/p>\n<p align=\"left\" style=\"margin-left: 40px\">\n\t4 Processo, procedimento e rela&ccedil;&atilde;o jur&iacute;dica processual; elementos identificadores da rela&ccedil;&atilde;o processual; formas do procedimento; princ&iacute;pios gerais e informadores do processo; pretens&atilde;o punitiva; tipos de processo penal; jurisdi&ccedil;&atilde;o.\n<\/p>\n<p align=\"left\" style=\"margin-left: 40px\">\n\t5 A&ccedil;&atilde;o penal.\n<\/p>\n<p align=\"left\" style=\"margin-left: 40px\">\n\t6 A&ccedil;&atilde;o civil.\n<\/p>\n<p align=\"left\" style=\"margin-left: 40px\">\n\t7 Compet&ecirc;ncia.\n<\/p>\n<p align=\"left\" style=\"margin-left: 40px\">\n\t8 Quest&otilde;es e processos incidentes.\n<\/p>\n<p align=\"left\" style=\"margin-left: 40px\">\n\t9 Lei n&ordm; 9.296\/1996 (intercepta&ccedil;&atilde;o telef&ocirc;nica).\n<\/p>\n<p align=\"left\" style=\"margin-left: 40px\">\n\t10 Juiz, Minist&eacute;rio P&uacute;blico, acusado e defensor; assistentes e auxiliares da justi&ccedil;a; atos de terceiros.\n<\/p>\n<p align=\"left\" style=\"margin-left: 40px\">\n\t11 Pris&atilde;o e liberdade provis&oacute;ria; Lei n&ordm; 7.960\/1989 (pris&atilde;o tempor&aacute;ria).\n<\/p>\n<p align=\"left\" style=\"margin-left: 40px\">\n\t12 Cita&ccedil;&otilde;es e intima&ccedil;&otilde;es.\n<\/p>\n<p align=\"left\" style=\"margin-left: 40px\">\n\t13 Senten&ccedil;a e coisa julgada.\n<\/p>\n<p align=\"left\" style=\"margin-left: 40px\">\n\t14 Processos em esp&eacute;cie: processo comum; processos especiais; Lei n&ordm; 8.038\/1990 (normas procedimentais para os processos perante o Superior Tribunal de Justi&ccedil;a e o Supremo Tribunal Federal).\n<\/p>\n<p align=\"left\" style=\"margin-left: 40px\">\n\t15 Lei n&ordm; 9.099\/1995 e Lei n&ordm; 10.259\/2001 (Juizados especiais c&iacute;veis e criminais).\n<\/p>\n<p align=\"left\" style=\"margin-left: 40px\">\n\t16 Prazos: caracter&iacute;sticas, princ&iacute;pios e contagem.\n<\/p>\n<p align=\"left\" style=\"margin-left: 40px\">\n\t17 Nulidades.\n<\/p>\n<p align=\"left\" style=\"margin-left: 40px\">\n\t18 Recursos em geral.\n<\/p>\n<p align=\"left\" style=\"margin-left: 40px\">\n\t19 Habeas corpus e seu processo.\n<\/p>\n<p align=\"left\" style=\"margin-left: 40px\">\n\t20 Lei n&ordm; 7.210\/1984 e suas altera&ccedil;&otilde;es (Execu&ccedil;&atilde;o penal).\n<\/p>\n<p align=\"left\" style=\"margin-left: 40px\">\n\t21 Rela&ccedil;&otilde;es jurisdicionais com autoridade estrangeira.\n<\/p>\n<p align=\"left\" style=\"margin-left: 40px\">\n\t22 Disposi&ccedil;&otilde;es gerais do C&oacute;digo de Processo Penal.\n<\/p>\n<p align=\"left\" style=\"margin-left: 40px\">\n\t23 Disposi&ccedil;&otilde;es constitucionais aplic&aacute;veis ao direito processual penal.\n<\/p>\n<p align=\"left\" style=\"margin-left: 40px\">\n\t24 Entendimento dos tribunais superiores acerca dos institutos de direito processual penal.\n<\/p>\n<p align=\"left\">\n\t&nbsp;\n<\/p>\n<h4 align=\"left\">\n\tDIREITO TRIBUT&Aacute;RIO<br \/>\n<\/h4>\n<p align=\"left\" style=\"margin-left: 40px\">\n\t1 Sistema Tribut&aacute;rio Nacional.\n<\/p>\n<p align=\"left\" style=\"margin-left: 40px\">\n\t1.1 Princ&iacute;pios do direito tribut&aacute;rio.\n<\/p>\n<p align=\"left\" style=\"margin-left: 40px\">\n\t1.2 Limita&ccedil;&otilde;es do poder de tributar.\n<\/p>\n<p align=\"left\" style=\"margin-left: 40px\">\n\t1.3 Reparti&ccedil;&atilde;o das receitas tribut&aacute;rias.\n<\/p>\n<p align=\"left\" style=\"margin-left: 40px\">\n\t2 Tributo.\n<\/p>\n<p align=\"left\" style=\"margin-left: 40px\">\n\t2.1 Conceito.\n<\/p>\n<p align=\"left\" style=\"margin-left: 40px\">\n\t2.2 Natureza jur&iacute;dica.\n<\/p>\n<p align=\"left\" style=\"margin-left: 40px\">\n\t2.3 Esp&eacute;cies.\n<\/p>\n<p align=\"left\" style=\"margin-left: 40px\">\n\t2.4 Imposto.\n<\/p>\n<p align=\"left\" style=\"margin-left: 40px\">\n\t2.5 Taxa.\n<\/p>\n<p align=\"left\" style=\"margin-left: 40px\">\n\t2.6 Contribui&ccedil;&atilde;o de melhoria.\n<\/p>\n<p align=\"left\" style=\"margin-left: 40px\">\n\t2.7 Empr&eacute;stimo compuls&oacute;rio.\n<\/p>\n<p align=\"left\" style=\"margin-left: 40px\">\n\t2.8 Contribui&ccedil;&otilde;es.\n<\/p>\n<p align=\"left\" style=\"margin-left: 40px\">\n\t3 Compet&ecirc;ncia tribut&aacute;ria.\n<\/p>\n<p align=\"left\" style=\"margin-left: 40px\">\n\t3.1 Classifica&ccedil;&atilde;o.\n<\/p>\n<p align=\"left\" style=\"margin-left: 40px\">\n\t3.2 Exerc&iacute;cio da compet&ecirc;ncia tribut&aacute;ria.\n<\/p>\n<p align=\"left\" style=\"margin-left: 40px\">\n\t3.3 Capacidade tribut&aacute;ria ativa.\n<\/p>\n<p align=\"left\" style=\"margin-left: 40px\">\n\t3.4 Imunidade tribut&aacute;ria.\n<\/p>\n<p align=\"left\" style=\"margin-left: 40px\">\n\t3.5 Distin&ccedil;&atilde;o entre imunidade, isen&ccedil;&atilde;o e n&atilde;o incid&ecirc;ncia.\n<\/p>\n<p align=\"left\" style=\"margin-left: 40px\">\n\t3.6 Imunidades em esp&eacute;cie.\n<\/p>\n<p align=\"left\" style=\"margin-left: 40px\">\n\t4 Fontes do direito tribut&aacute;rio.\n<\/p>\n<p align=\"left\" style=\"margin-left: 40px\">\n\t4.1 Constitui&ccedil;&atilde;o Federal.\n<\/p>\n<p align=\"left\" style=\"margin-left: 40px\">\n\t4.2 Leis complementares.\n<\/p>\n<p align=\"left\" style=\"margin-left: 40px\">\n\t4.3 Leis ordin&aacute;rias e atos equivalentes.\n<\/p>\n<p align=\"left\" style=\"margin-left: 40px\">\n\t4.4 Tratados internacionais.\n<\/p>\n<p align=\"left\" style=\"margin-left: 40px\">\n\t4.5 Atos do poder executivo federal com for&ccedil;a de lei material.\n<\/p>\n<p align=\"left\" style=\"margin-left: 40px\">\n\t4.6 Atos exclusivos do poder legislativo.\n<\/p>\n<p align=\"left\" style=\"margin-left: 40px\">\n\t4.7 Conv&ecirc;nios.\n<\/p>\n<p align=\"left\" style=\"margin-left: 40px\">\n\t4.8 Decretos regulamentares.\n<\/p>\n<p align=\"left\" style=\"margin-left: 40px\">\n\t4.9 Normas complementares.\n<\/p>\n<p align=\"left\" style=\"margin-left: 40px\">\n\t5 Vig&ecirc;ncia, aplica&ccedil;&atilde;o, interpreta&ccedil;&atilde;o e integra&ccedil;&atilde;o da legisla&ccedil;&atilde;o tribut&aacute;ria.\n<\/p>\n<p align=\"left\" style=\"margin-left: 40px\">\n\t6 Obriga&ccedil;&atilde;o tribut&aacute;ria.\n<\/p>\n<p align=\"left\" style=\"margin-left: 40px\">\n\t6.1 Defini&ccedil;&atilde;o e natureza jur&iacute;dica.\n<\/p>\n<p align=\"left\" style=\"margin-left: 40px\">\n\t6.2 Obriga&ccedil;&atilde;o principal e acess&oacute;ria.\n<\/p>\n<p align=\"left\" style=\"margin-left: 40px\">\n\t6.3 Fato gerador.\n<\/p>\n<p align=\"left\" style=\"margin-left: 40px\">\n\t6.4 Sujeito ativo.\n<\/p>\n<p align=\"left\" style=\"margin-left: 40px\">\n\t6.5 Sujeito passivo.\n<\/p>\n<p align=\"left\" style=\"margin-left: 40px\">\n\t6.6 Solidariedade.\n<\/p>\n<p align=\"left\" style=\"margin-left: 40px\">\n\t6.7 Capacidade tribut&aacute;ria.\n<\/p>\n<p align=\"left\" style=\"margin-left: 40px\">\n\t6.8 Domic&iacute;lio tribut&aacute;rio.\n<\/p>\n<p align=\"left\" style=\"margin-left: 40px\">\n\t6.9 Responsabilidade tribut&aacute;ria.\n<\/p>\n<p align=\"left\" style=\"margin-left: 40px\">\n\t6.10 Responsabilidade dos sucessores.\n<\/p>\n<p align=\"left\" style=\"margin-left: 40px\">\n\t6.11 Responsabilidade de terceiros.\n<\/p>\n<p align=\"left\" style=\"margin-left: 40px\">\n\t6.12 Responsabilidade por infra&ccedil;&otilde;es.\n<\/p>\n<p align=\"left\" style=\"margin-left: 40px\">\n\t7 Cr&eacute;dito tribut&aacute;rio.\n<\/p>\n<p align=\"left\" style=\"margin-left: 40px\">\n\t7.1 Constitui&ccedil;&atilde;o de cr&eacute;dito tribut&aacute;rio.\n<\/p>\n<p align=\"left\" style=\"margin-left: 40px\">\n\t7.2 Lan&ccedil;amento.\n<\/p>\n<p align=\"left\" style=\"margin-left: 40px\">\n\t7.3 Modalidades de lan&ccedil;amento.\n<\/p>\n<p align=\"left\" style=\"margin-left: 40px\">\n\t7.4 Suspens&atilde;o do cr&eacute;dito tribut&aacute;rio.\n<\/p>\n<p align=\"left\" style=\"margin-left: 40px\">\n\t7.5 Extin&ccedil;&atilde;o do cr&eacute;dito tribut&aacute;rio.\n<\/p>\n<p align=\"left\" style=\"margin-left: 40px\">\n\t7.6 Exclus&atilde;o de cr&eacute;dito tribut&aacute;rio.\n<\/p>\n<p align=\"left\" style=\"margin-left: 40px\">\n\t7.7 Garantias e privil&eacute;gios do cr&eacute;dito tribut&aacute;rio.\n<\/p>\n<p align=\"left\" style=\"margin-left: 40px\">\n\t8 Administra&ccedil;&atilde;o tribut&aacute;ria.\n<\/p>\n<p align=\"left\" style=\"margin-left: 40px\">\n\t8.1 Fiscaliza&ccedil;&atilde;o.\n<\/p>\n<p align=\"left\" style=\"margin-left: 40px\">\n\t8.2 D&iacute;vida ativa.\n<\/p>\n<p align=\"left\" style=\"margin-left: 40px\">\n\t8.3 Certid&otilde;es negativas.\n<\/p>\n<p align=\"left\" style=\"margin-left: 40px\">\n\t9 Impostos da Uni&atilde;o.\n<\/p>\n<p align=\"left\" style=\"margin-left: 40px\">\n\t9.1 Imposto sobre a importa&ccedil;&atilde;o de produtos estrangeiros.\n<\/p>\n<p align=\"left\" style=\"margin-left: 40px\">\n\t9.2 Imposto sobre a exporta&ccedil;&atilde;o de produtos nacionais ou nacionalizados.\n<\/p>\n<p align=\"left\" style=\"margin-left: 40px\">\n\t9.3 Imposto sobre renda e proventos de qualquer natureza.\n<\/p>\n<p align=\"left\" style=\"margin-left: 40px\">\n\t9.4 Imposto sobre produtos industrializados.\n<\/p>\n<p align=\"left\" style=\"margin-left: 40px\">\n\t9.5 Imposto sobre opera&ccedil;&otilde;es de cr&eacute;dito, c&acirc;mbio, seguro ou relativas a t&iacute;tulos e valores mobili&aacute;rios.\n<\/p>\n<p align=\"left\" style=\"margin-left: 40px\">\n\t9.6 Imposto sobre a propriedade territorial rural.\n<\/p>\n<p align=\"left\" style=\"margin-left: 40px\">\n\t9.7 Imposto sobre grandes fortunas.\n<\/p>\n<p align=\"left\" style=\"margin-left: 40px\">\n\t10 Impostos dos estados e do Distrito Federal.\n<\/p>\n<p align=\"left\" style=\"margin-left: 40px\">\n\t10.1 Imposto sobre transmiss&atilde;o causa mortis e doa&ccedil;&atilde;o de quaisquer bens ou direitos.\n<\/p>\n<p align=\"left\" style=\"margin-left: 40px\">\n\t10.2 Imposto sobre opera&ccedil;&otilde;es relativas &agrave; circula&ccedil;&atilde;o de mercadorias e sobre presta&ccedil;&otilde;es de servi&ccedil;os de transporte interestadual e intermunicipal e de comunica&ccedil;&atilde;o, ainda que as opera&ccedil;&otilde;es e as presta&ccedil;&otilde;es se iniciem no exterior.\n<\/p>\n<p align=\"left\" style=\"margin-left: 40px\">\n\t10.3 Imposto sobre propriedade de ve&iacute;culos automotores.\n<\/p>\n<p align=\"left\" style=\"margin-left: 40px\">\n\t11 Impostos dos munic&iacute;pios.\n<\/p>\n<p align=\"left\" style=\"margin-left: 40px\">\n\t11.1 Imposto sobre a propriedade predial e territorial urbana.\n<\/p>\n<p align=\"left\" style=\"margin-left: 40px\">\n\t11.2 Imposto sobre transmiss&atilde;o inter vivos, a qualquer t&iacute;tulo, por ato oneroso, de bens im&oacute;veis, por natureza ou acess&atilde;o f&iacute;sica, e de direitos reais sobre im&oacute;veis, exceto os de garantia, bem como cess&atilde;o de direitos a sua aquisi&ccedil;&atilde;o.\n<\/p>\n<p align=\"left\" style=\"margin-left: 40px\">\n\t11.3 Imposto sobre servi&ccedil;os de qualquer natureza.\n<\/p>\n<p align=\"left\" style=\"margin-left: 40px\">\n\t12 Processo administrativo tribut&aacute;rio.\n<\/p>\n<p align=\"left\" style=\"margin-left: 40px\">\n\t12.1 Princ&iacute;pios b&aacute;sicos.\n<\/p>\n<p align=\"left\" style=\"margin-left: 40px\">\n\t12.2 Acep&ccedil;&otilde;es e esp&eacute;cies.\n<\/p>\n<p align=\"left\" style=\"margin-left: 40px\">\n\t12.3 Determina&ccedil;&atilde;o e exig&ecirc;ncia do cr&eacute;dito tribut&aacute;rio.\n<\/p>\n<p align=\"left\" style=\"margin-left: 40px\">\n\t12.4 Representa&ccedil;&atilde;o fiscal para fins penais.\n<\/p>\n<p align=\"left\" style=\"margin-left: 40px\">\n\t13 Processo judicial tribut&aacute;rio.\n<\/p>\n<p align=\"left\" style=\"margin-left: 40px\">\n\t13.1 A&ccedil;&atilde;o de execu&ccedil;&atilde;o fiscal.\n<\/p>\n<p align=\"left\" style=\"margin-left: 40px\">\n\t13.2 Lei n&ordm; 6.830\/1980 e suas altera&ccedil;&otilde;es (Execu&ccedil;&atilde;o Fiscal).\n<\/p>\n<p align=\"left\" style=\"margin-left: 40px\">\n\t13.3 A&ccedil;&atilde;o cautelar fiscal.\n<\/p>\n<p align=\"left\" style=\"margin-left: 40px\">\n\t13.4 A&ccedil;&atilde;o declarat&oacute;ria da inexist&ecirc;ncia de rela&ccedil;&atilde;o jur&iacute;dico tribut&aacute;ria.\n<\/p>\n<p align=\"left\" style=\"margin-left: 40px\">\n\t13.5 A&ccedil;&atilde;o anulat&oacute;ria de d&eacute;bito fiscal.\n<\/p>\n<p align=\"left\" style=\"margin-left: 40px\">\n\t13.6 Mandado de seguran&ccedil;a.\n<\/p>\n<p align=\"left\" style=\"margin-left: 40px\">\n\t13.7 A&ccedil;&atilde;o de repeti&ccedil;&atilde;o de ind&eacute;bito.\n<\/p>\n<p align=\"left\" style=\"margin-left: 40px\">\n\t13.8 A&ccedil;&atilde;o de consigna&ccedil;&atilde;o em pagamento.\n<\/p>\n<p align=\"left\" style=\"margin-left: 40px\">\n\t13.9 A&ccedil;&otilde;es de controle de constitucionalidade.\n<\/p>\n<p align=\"left\" style=\"margin-left: 40px\">\n\t13.10 A&ccedil;&atilde;o civil p&uacute;blica.\n<\/p>\n<p align=\"left\" style=\"margin-left: 40px\">\n\t14 Lei Complementar n&ordm; 123\/2006 (Estatuto Nacional da Microempresa e da Empresa de Pequeno Porte) e suas altera&ccedil;&otilde;es.\n<\/p>\n<p align=\"left\" style=\"margin-left: 40px\">\n\t15 Il&iacute;cito tribut&aacute;rio.\n<\/p>\n<p align=\"left\" style=\"margin-left: 40px\">\n\t15.1 Il&iacute;cito administrativo tribut&aacute;rio.\n<\/p>\n<p align=\"left\" style=\"margin-left: 40px\">\n\t15.2 Il&iacute;cito penal tribut&aacute;rio.\n<\/p>\n<p align=\"left\" style=\"margin-left: 40px\">\n\t15.3 Crimes contra a ordem tribut&aacute;ria.\n<\/p>\n<p align=\"left\" style=\"margin-left: 40px\">\n\t15.4 Lei n&ordm; 8.137\/1990 e suas altera&ccedil;&otilde;es.\n<\/p>\n<p align=\"left\">\n\t&nbsp;\n<\/p>\n<h4 align=\"left\">\n\tDIREITO DA CRIAN&Ccedil;A E DO ADOLESCENTE<br \/>\n<\/h4>\n<p align=\"left\" style=\"margin-left: 40px\">\n\t1 Crian&ccedil;a e adolescente.\n<\/p>\n<p align=\"left\" style=\"margin-left: 40px\">\n\t1.1 Antecedentes hist&oacute;ricos.\n<\/p>\n<p align=\"left\" style=\"margin-left: 40px\">\n\t1.2 Inser&ccedil;&atilde;o constitucional.\n<\/p>\n<p align=\"left\" style=\"margin-left: 40px\">\n\t1.3 Princ&iacute;pio da preven&ccedil;&atilde;o especial.\n<\/p>\n<p align=\"left\" style=\"margin-left: 40px\">\n\t1.4 Direitos fundamentais da crian&ccedil;a e do adolescente.\n<\/p>\n<p align=\"left\" style=\"margin-left: 40px\">\n\t2 Pol&iacute;tica e organiza&ccedil;&atilde;o do atendimento.\n<\/p>\n<p align=\"left\" style=\"margin-left: 40px\">\n\t2.1 Linhas de a&ccedil;&atilde;o e da pol&iacute;tica de atendimento.\n<\/p>\n<p align=\"left\" style=\"margin-left: 40px\">\n\t2.2 Linhas de a&ccedil;&atilde;o e diretrizes.\n<\/p>\n<p align=\"left\" style=\"margin-left: 40px\">\n\t2.3 Municipaliza&ccedil;&atilde;o e descentraliza&ccedil;&atilde;o.\n<\/p>\n<p align=\"left\" style=\"margin-left: 40px\">\n\t2.4 Participa&ccedil;&atilde;o da cidadania e conselhos dos direitos.\n<\/p>\n<p align=\"left\" style=\"margin-left: 40px\">\n\t2.5 Entidades e programas de atendimento.\n<\/p>\n<p align=\"left\" style=\"margin-left: 40px\">\n\t3 Conselho Tutelar.\n<\/p>\n<p align=\"left\" style=\"margin-left: 40px\">\n\t3.1 Disposi&ccedil;&otilde;es gerais.\n<\/p>\n<p align=\"left\" style=\"margin-left: 40px\">\n\t3.2 Atribui&ccedil;&otilde;es.\n<\/p>\n<p align=\"left\" style=\"margin-left: 40px\">\n\t3.3 Compet&ecirc;ncia.\n<\/p>\n<p align=\"left\" style=\"margin-left: 40px\">\n\t3.4 Escolha dos conselheiros e impedimentos.\n<\/p>\n<p align=\"left\" style=\"margin-left: 40px\">\n\t4 Medidas de prote&ccedil;&atilde;o.\n<\/p>\n<p align=\"left\" style=\"margin-left: 40px\">\n\t4.1 Disposi&ccedil;&otilde;es gerais.\n<\/p>\n<p align=\"left\" style=\"margin-left: 40px\">\n\t4.2 Medidas espec&iacute;ficas de prote&ccedil;&atilde;o.\n<\/p>\n<p align=\"left\" style=\"margin-left: 40px\">\n\t4.3 Coloca&ccedil;&atilde;o em fam&iacute;lia substituta.\n<\/p>\n<p align=\"left\" style=\"margin-left: 40px\">\n\t5 Medidas pertinentes aos pais ou respons&aacute;vel.\n<\/p>\n<p align=\"left\" style=\"margin-left: 40px\">\n\t6 Direito &agrave; conviv&ecirc;ncia familiar.\n<\/p>\n<p align=\"left\" style=\"margin-left: 40px\">\n\t6.1 Fam&iacute;lia natural e fam&iacute;lia substituta.\n<\/p>\n<p align=\"left\" style=\"margin-left: 40px\">\n\t6.2 Guarda.\n<\/p>\n<p align=\"left\" style=\"margin-left: 40px\">\n\t6.3 Tutela.\n<\/p>\n<p align=\"left\" style=\"margin-left: 40px\">\n\t6.4 Ado&ccedil;&atilde;o.\n<\/p>\n<p align=\"left\" style=\"margin-left: 40px\">\n\t6.5 Perda ou suspens&atilde;o do poder familiar.\n<\/p>\n<p align=\"left\" style=\"margin-left: 40px\">\n\t6.6 Coloca&ccedil;&atilde;o em fam&iacute;lia substituta.\n<\/p>\n<p align=\"left\" style=\"margin-left: 40px\">\n\t7 Pr&aacute;tica do ato infracional.\n<\/p>\n<p align=\"left\" style=\"margin-left: 40px\">\n\t7.1 A quest&atilde;o socioeducativa.\n<\/p>\n<p align=\"left\" style=\"margin-left: 40px\">\n\t7.2 Conceito e tempo do ato infracional.\n<\/p>\n<p align=\"left\" style=\"margin-left: 40px\">\n\t7.3 Inimputabilidade.\n<\/p>\n<p align=\"left\" style=\"margin-left: 40px\">\n\t7.4 Direitos individuais.\n<\/p>\n<p align=\"left\" style=\"margin-left: 40px\">\n\t7.5 Garantias processuais.\n<\/p>\n<p align=\"left\" style=\"margin-left: 40px\">\n\t7.6 Medidas socioeducativas.\n<\/p>\n<p align=\"left\" style=\"margin-left: 40px\">\n\t7.7 Remiss&atilde;o.\n<\/p>\n<p align=\"left\" style=\"margin-left: 40px\">\n\t8 Acesso &agrave; Justi&ccedil;a.\n<\/p>\n<p align=\"left\" style=\"margin-left: 40px\">\n\t8.1 A Justi&ccedil;a da inf&acirc;ncia e da juventude.\n<\/p>\n<p align=\"left\" style=\"margin-left: 40px\">\n\t8.2 Princ&iacute;pios gerais.\n<\/p>\n<p align=\"left\" style=\"margin-left: 40px\">\n\t8.3 Compet&ecirc;ncia.\n<\/p>\n<p align=\"left\" style=\"margin-left: 40px\">\n\t8.4 Servi&ccedil;os auxiliares.\n<\/p>\n<p align=\"left\" style=\"margin-left: 40px\">\n\t9 Procedimentos.\n<\/p>\n<p align=\"left\" style=\"margin-left: 40px\">\n\t9.1 Disposi&ccedil;&otilde;es gerais.\n<\/p>\n<p align=\"left\" style=\"margin-left: 40px\">\n\t9.2 Perda e suspens&atilde;o do poder familiar.\n<\/p>\n<p align=\"left\" style=\"margin-left: 40px\">\n\t9.3 Destitui&ccedil;&atilde;o da tutela.\n<\/p>\n<p align=\"left\" style=\"margin-left: 40px\">\n\t9.4 Coloca&ccedil;&atilde;o em fam&iacute;lia substituta.\n<\/p>\n<p align=\"left\" style=\"margin-left: 40px\">\n\t9.5 Apura&ccedil;&atilde;o de ato infracional atribu&iacute;do ao adolescente.\n<\/p>\n<p align=\"left\" style=\"margin-left: 40px\">\n\t9.6 Apura&ccedil;&atilde;o de irregularidade em entidade de atendimento.\n<\/p>\n<p align=\"left\" style=\"margin-left: 40px\">\n\t9.7 Apura&ccedil;&atilde;o de infra&ccedil;&atilde;o administrativa &agrave;s normas de prote&ccedil;&atilde;o &agrave; crian&ccedil;a e ao adolescente.\n<\/p>\n<p align=\"left\" style=\"margin-left: 40px\">\n\t10 Recursos.\n<\/p>\n<p align=\"left\" style=\"margin-left: 40px\">\n\t11 Minist&eacute;rio P&uacute;blico.\n<\/p>\n<p align=\"left\" style=\"margin-left: 40px\">\n\t12 O advogado.\n<\/p>\n<p align=\"left\" style=\"margin-left: 40px\">\n\t13 Prote&ccedil;&atilde;o judicial dos interesses individuais, difusos e coletivos das crian&ccedil;as e dos adolescentes.\n<\/p>\n<p align=\"left\" style=\"margin-left: 40px\">\n\t14 Crimes e infra&ccedil;&otilde;es administrativas.\n<\/p>\n<p align=\"left\">\n\t&nbsp;\n<\/p>\n<h4 align=\"left\">\n\tDIREITO DO CONSUMIDOR<br \/>\n<\/h4>\n<p align=\"left\" style=\"margin-left: 40px\">\n\t1 Direito do consumidor.\n<\/p>\n<p align=\"left\" style=\"margin-left: 40px\">\n\t1.1 Natureza e fonte de suas regras.\n<\/p>\n<p align=\"left\" style=\"margin-left: 40px\">\n\t1.2 Caracter&iacute;sticas e princ&iacute;pios do C&oacute;digo de Defesa do Consumidor.\n<\/p>\n<p align=\"left\" style=\"margin-left: 40px\">\n\t1.3 Integrantes e objeto da rela&ccedil;&atilde;o de consumo.\n<\/p>\n<p align=\"left\" style=\"margin-left: 40px\">\n\t1.4 Pol&iacute;tica nacional de rela&ccedil;&otilde;es de consumo.\n<\/p>\n<p align=\"left\" style=\"margin-left: 40px\">\n\t1.4.1 Objetivos e princ&iacute;pios.\n<\/p>\n<p align=\"left\" style=\"margin-left: 40px\">\n\t1.5 Direitos b&aacute;sicos do consumidor.\n<\/p>\n<p align=\"left\" style=\"margin-left: 40px\">\n\t1.6 Qualidade de produtos e servi&ccedil;os, preven&ccedil;&atilde;o e repara&ccedil;&atilde;o de danos.\n<\/p>\n<p align=\"left\" style=\"margin-left: 40px\">\n\t1.6.1 Prote&ccedil;&atilde;o &agrave; sa&uacute;de e seguran&ccedil;a.\n<\/p>\n<p align=\"left\" style=\"margin-left: 40px\">\n\t1.6.2 Responsabilidade pelo fato do produto e do servi&ccedil;o.\n<\/p>\n<p align=\"left\" style=\"margin-left: 40px\">\n\t1.6.3 Responsabilidade por v&iacute;cio do produto e do servi&ccedil;o.\n<\/p>\n<p align=\"left\" style=\"margin-left: 40px\">\n\t1.6.4 Decad&ecirc;ncia e prescri&ccedil;&atilde;o.\n<\/p>\n<p align=\"left\" style=\"margin-left: 40px\">\n\t1.6.5 Desconsidera&ccedil;&atilde;o da personalidade jur&iacute;dica.\n<\/p>\n<p align=\"left\" style=\"margin-left: 40px\">\n\t1.7 Pr&aacute;ticas comerciais.\n<\/p>\n<p align=\"left\" style=\"margin-left: 40px\">\n\t1.7.1 Oferta e efeito vinculante da oferta publicit&aacute;ria.\n<\/p>\n<p align=\"left\" style=\"margin-left: 40px\">\n\t1.7.2 Publicidade.\n<\/p>\n<p align=\"left\" style=\"margin-left: 40px\">\n\t1.7.3 Pr&aacute;ticas abusivas.\n<\/p>\n<p align=\"left\" style=\"margin-left: 40px\">\n\t1.7.4 Cobran&ccedil;a de d&iacute;vidas.\n<\/p>\n<p align=\"left\" style=\"margin-left: 40px\">\n\t1.7.5 Bancos de dados e cadastros de consumidores.\n<\/p>\n<p align=\"left\" style=\"margin-left: 40px\">\n\t1.8 Prote&ccedil;&atilde;o contratual.\n<\/p>\n<p align=\"left\" style=\"margin-left: 40px\">\n\t1.8.1 Princ&iacute;pios basilares dos contratos de consumo.\n<\/p>\n<p align=\"left\" style=\"margin-left: 40px\">\n\t1.8.2 Cl&aacute;usulas abusivas.\n<\/p>\n<p align=\"left\" style=\"margin-left: 40px\">\n\t1.8.3 Contratos de ades&atilde;o.\n<\/p>\n<p align=\"left\" style=\"margin-left: 40px\">\n\t1.9 San&ccedil;&otilde;es administrativas.\n<\/p>\n<p align=\"left\" style=\"margin-left: 40px\">\n\t2 Infra&ccedil;&otilde;es penais.\n<\/p>\n<p align=\"left\" style=\"margin-left: 40px\">\n\t2.1 As rela&ccedil;&otilde;es de consumo como bem jur&iacute;dico penal.\n<\/p>\n<p align=\"left\" style=\"margin-left: 40px\">\n\t2.2 Sujeitos ativo e passivo dos crimes contra as rela&ccedil;&otilde;es de consumo.\n<\/p>\n<p align=\"left\" style=\"margin-left: 40px\">\n\t2.3 C&oacute;digo penal e prote&ccedil;&atilde;o ao consumidor.\n<\/p>\n<p align=\"left\" style=\"margin-left: 40px\">\n\t2.4 Resultado nas infra&ccedil;&otilde;es penais de consumo e crimes de perigo.\n<\/p>\n<p align=\"left\" style=\"margin-left: 40px\">\n\t2.5 Responsabilidade penal da pessoa jur&iacute;dica.\n<\/p>\n<p align=\"left\" style=\"margin-left: 40px\">\n\t2.6 Tipos penais.\n<\/p>\n<p align=\"left\" style=\"margin-left: 40px\">\n\t2.6.1 Omiss&atilde;o de informa&ccedil;&atilde;o a consumidores.\n<\/p>\n<p align=\"left\" style=\"margin-left: 40px\">\n\t2.6.2 Omiss&atilde;o de comunica&ccedil;&atilde;o da nocividade de produtos.\n<\/p>\n<p align=\"left\" style=\"margin-left: 40px\">\n\t2.6.3 Execu&ccedil;&atilde;o de servi&ccedil;o de alto grau de periculosidade.\n<\/p>\n<p align=\"left\" style=\"margin-left: 40px\">\n\t2.6.4 Oferta n&atilde;o publicit&aacute;ria enganosa.\n<\/p>\n<p align=\"left\" style=\"margin-left: 40px\">\n\t2.6.5 Publicidade enganosa ou abusiva.\n<\/p>\n<p align=\"left\" style=\"margin-left: 40px\">\n\t2.6.6 Indu&ccedil;&atilde;o a comportamento prejudicial ou perigoso.\n<\/p>\n<p align=\"left\" style=\"margin-left: 40px\">\n\t2.6.7 Publicidade sem base f&aacute;tica, t&eacute;cnica ou cient&iacute;fica.\n<\/p>\n<p align=\"left\" style=\"margin-left: 40px\">\n\t2.6.8 Troca de pe&ccedil;as usadas sem autoriza&ccedil;&atilde;o.\n<\/p>\n<p align=\"left\" style=\"margin-left: 40px\">\n\t2.6.9 Cobran&ccedil;a abusiva de d&iacute;vidas.\n<\/p>\n<p align=\"left\" style=\"margin-left: 40px\">\n\t2.6.10 Impedimento de acesso a cadastros e banco de dados.\n<\/p>\n<p align=\"left\" style=\"margin-left: 40px\">\n\t2.6.11 Omiss&atilde;o de corre&ccedil;&atilde;o de informa&ccedil;&otilde;es em bancos de dados e cadastros.\n<\/p>\n<p align=\"left\" style=\"margin-left: 40px\">\n\t2.6.12 Omiss&atilde;o de entrega do termo de garantia.\n<\/p>\n<p align=\"left\" style=\"margin-left: 40px\">\n\t2.7 Individualiza&ccedil;&atilde;o e fixa&ccedil;&atilde;o judicial da pena.\n<\/p>\n<p align=\"left\" style=\"margin-left: 40px\">\n\t2.8 Valor da fian&ccedil;a.\n<\/p>\n<p align=\"left\" style=\"margin-left: 40px\">\n\t2.8.1 Assist&ecirc;ncia.\n<\/p>\n<p align=\"left\" style=\"margin-left: 40px\">\n\t2.8.2 A&ccedil;&atilde;o penal subsidi&aacute;ria.\n<\/p>\n<p align=\"left\" style=\"margin-left: 40px\">\n\t3 Defesa do consumidor em ju&iacute;zo.\n<\/p>\n<p align=\"left\" style=\"margin-left: 40px\">\n\t3.1 Interesses ou direitos difusos, coletivos e individuais homog&ecirc;neos.\n<\/p>\n<p align=\"left\" style=\"margin-left: 40px\">\n\t3.2 Legitimidade ativa para a propositura de a&ccedil;&otilde;es coletivas.\n<\/p>\n<p align=\"left\" style=\"margin-left: 40px\">\n\t3.3 A&ccedil;&otilde;es coletivas para a defesa de interesses individuais homog&ecirc;neos.\n<\/p>\n<p align=\"left\" style=\"margin-left: 40px\">\n\t3.4 A&ccedil;&otilde;es de responsabilidade do fornecedor de produtos e servi&ccedil;os.\n<\/p>\n<p align=\"left\" style=\"margin-left: 40px\">\n\t3.5 Coisa julgada.\n<\/p>\n<p align=\"left\" style=\"margin-left: 40px\">\n\t4 Sistema nacional de defesa do consumidor.\n<\/p>\n<p align=\"left\" style=\"margin-left: 40px\">\n\t4.1 Minist&eacute;rio P&uacute;blico e Defensoria P&uacute;blica.\n<\/p>\n<p align=\"left\" style=\"margin-left: 40px\">\n\t4.2 Delegacia do consumidor.\n<\/p>\n<p align=\"left\" style=\"margin-left: 40px\">\n\t4.3 PROCON.\n<\/p>\n<p align=\"left\" style=\"margin-left: 40px\">\n\t4.4 Associa&ccedil;&otilde;es civis de defesa do consumidor.\n<\/p>\n<p align=\"left\" style=\"margin-left: 40px\">\n\t4.5 Instituto Brasileiro de Pol&iacute;tica e Direito do Consumidor.\n<\/p>\n<p align=\"left\" style=\"margin-left: 40px\">\n\t4.6 Instituto brasileiro de defesa do consumidor.\n<\/p>\n<p align=\"left\" style=\"margin-left: 40px\">\n\t4.7 Departamento de prote&ccedil;&atilde;o e defesa do consumidor.\n<\/p>\n<p align=\"left\" style=\"margin-left: 40px\">\n\t4.8 Sistema nacional de informa&ccedil;&otilde;es de defesa do consumidor.\n<\/p>\n<p align=\"left\" style=\"margin-left: 40px\">\n\t4.9 Conflito de atribui&ccedil;&otilde;es entre PROCON e outros &oacute;rg&atilde;os de defesa do consumidor.\n<\/p>\n<p align=\"left\" style=\"margin-left: 40px\">\n\t5 Conven&ccedil;&atilde;o coletiva de consumo.\n<\/p>\n<p align=\"left\">\n\t&nbsp;\n<\/p>\n<h4 align=\"left\">\n\tDIREITO ELEITORAL<br \/>\n<\/h4>\n<p align=\"left\" style=\"margin-left: 40px\">\n\t1 Conceito e fontes.\n<\/p>\n<p align=\"left\" style=\"margin-left: 40px\">\n\t2 Princ&iacute;pios constitucionais relativos aos direitos pol&iacute;ticos (nacionalidade, elegibilidade e partidos pol&iacute;ticos) de que trata o Cap&iacute;tulo IV do T&iacute;tulo I da Constitui&ccedil;&atilde;o Federal em seus arts. 14 a 17.\n<\/p>\n<p align=\"left\" style=\"margin-left: 40px\">\n\t3 Lei n&ordm; 4.737\/1965 e suas altera&ccedil;&otilde;es (C&oacute;digo Eleitoral).\n<\/p>\n<p align=\"left\" style=\"margin-left: 40px\">\n\t4 Organiza&ccedil;&atilde;o da Justi&ccedil;a Eleitoral: composi&ccedil;&atilde;o e compet&ecirc;ncias.\n<\/p>\n<p align=\"left\" style=\"margin-left: 40px\">\n\t5 Minist&eacute;rio P&uacute;blico Eleitoral: atribui&ccedil;&otilde;es.\n<\/p>\n<p align=\"left\" style=\"margin-left: 40px\">\n\t6 Alistamento eleitoral.\n<\/p>\n<p align=\"left\" style=\"margin-left: 40px\">\n\t6.1 Lei n&ordm; 4.737\/1965 e suas altera&ccedil;&otilde;es.\n<\/p>\n<p align=\"left\" style=\"margin-left: 40px\">\n\t6.2 Lei n&ordm; 6.996\/1982 e suas altera&ccedil;&otilde;es.\n<\/p>\n<p align=\"left\" style=\"margin-left: 40px\">\n\t6.3 Lei n&ordm; 7.444\/1985.\n<\/p>\n<p align=\"left\" style=\"margin-left: 40px\">\n\t6.4 Resolu&ccedil;&atilde;o do Tribunal Superior Eleitoral (TSE) n&ordm; 21.538\/2003.\n<\/p>\n<p align=\"left\" style=\"margin-left: 40px\">\n\t6.5 Ato e efeitos da inscri&ccedil;&atilde;o.\n<\/p>\n<p align=\"left\" style=\"margin-left: 40px\">\n\t6.6 Segunda via.\n<\/p>\n<p align=\"left\" style=\"margin-left: 40px\">\n\t6.7 Transfer&ecirc;ncia e encerramento.\n<\/p>\n<p align=\"left\" style=\"margin-left: 40px\">\n\t6.8 Delegados partid&aacute;rios perante o alistamento.\n<\/p>\n<p align=\"left\" style=\"margin-left: 40px\">\n\t6.9 Cancelamento e exclus&atilde;o de eleitor.\n<\/p>\n<p align=\"left\" style=\"margin-left: 40px\">\n\t6.10 Revis&atilde;o e correi&ccedil;&atilde;o eleitorais.\n<\/p>\n<p align=\"left\" style=\"margin-left: 40px\">\n\t7 Domic&iacute;lio eleitoral.\n<\/p>\n<p align=\"left\" style=\"margin-left: 40px\">\n\t8 Elegibilidade.\n<\/p>\n<p align=\"left\" style=\"margin-left: 40px\">\n\t8.1 Conceito e condi&ccedil;&otilde;es.\n<\/p>\n<p align=\"left\" style=\"margin-left: 40px\">\n\t8.2 Lei Complementar n&ordm; 64\/1990 e suas altera&ccedil;&otilde;es (Inelegibilidade).\n<\/p>\n<p align=\"left\" style=\"margin-left: 40px\">\n\t8.3 Fatos geradores de inelegibilidade.\n<\/p>\n<p align=\"left\" style=\"margin-left: 40px\">\n\t8.4 Incompatibilidades, prazos e suspens&atilde;o por decis&atilde;o judicial dos efeitos da inelegibilidade.\n<\/p>\n<p align=\"left\" style=\"margin-left: 40px\">\n\t9 Impugna&ccedil;&atilde;o de registro de candidatura.\n<\/p>\n<p align=\"left\" style=\"margin-left: 40px\">\n\t9.1 Compet&ecirc;ncia para julgamento, procedimentos, prazos e efeitos recursais no &acirc;mbito da Lei Complementar n&ordm; 64\/1990 e suas altera&ccedil;&otilde;es.\n<\/p>\n<p align=\"left\" style=\"margin-left: 40px\">\n\t10 Partidos pol&iacute;ticos (conforme a Constitui&ccedil;&atilde;o Federal, C&oacute;digo Eleitoral, Lei n&ordm; 9.096\/1995 e suas altera&ccedil;&otilde;es): conceitua&ccedil;&atilde;o, destina&ccedil;&atilde;o, liberdade e autonomia partid&aacute;rias, natureza jur&iacute;dica, cria&ccedil;&atilde;o e registro, car&aacute;ter nacional, funcionamento parlamentar, programa, estatuto, filia&ccedil;&atilde;o, fidelidade e disciplina partid&aacute;rias, fus&atilde;o, incorpora&ccedil;&atilde;o e extin&ccedil;&atilde;o, finan&ccedil;as e contabilidade, presta&ccedil;&atilde;o de contas e san&ccedil;&otilde;es dela decorrentes, fundo partid&aacute;rio, acesso gratuito ao r&aacute;dio e &agrave; televis&atilde;o, propaganda partid&aacute;ria.\n<\/p>\n<p align=\"left\" style=\"margin-left: 40px\">\n\t11 Elei&ccedil;&otilde;es &#8211; Lei n&ordm; 9.504\/1997 e suas altera&ccedil;&otilde;es (C&oacute;digo Eleitoral),\n<\/p>\n<p align=\"left\" style=\"margin-left: 40px\">\n\t11.1 Sistema eleitoral: princ&iacute;pio majorit&aacute;rio e proporcional, representa&ccedil;&atilde;o proporcional, disposi&ccedil;&otilde;es gerais.\n<\/p>\n<p align=\"left\" style=\"margin-left: 40px\">\n\t11.2 Coliga&ccedil;&otilde;es.\n<\/p>\n<p align=\"left\" style=\"margin-left: 40px\">\n\t11.3 Conven&ccedil;&otilde;es para escolha de candidatos.\n<\/p>\n<p align=\"left\" style=\"margin-left: 40px\">\n\t11.4 Registro de candidatura: pedido, substitui&ccedil;&atilde;o, cancelamento, impugna&ccedil;&atilde;o no &acirc;mbito da Lei n&ordm; 9.504\/1997 e suas altera&ccedil;&otilde;es.\n<\/p>\n<p align=\"left\" style=\"margin-left: 40px\">\n\t11.5 Arrecada&ccedil;&atilde;o e aplica&ccedil;&atilde;o de recursos nas campanhas eleitorais: veda&ccedil;&otilde;es inerentes e san&ccedil;&otilde;es.\n<\/p>\n<p align=\"left\" style=\"margin-left: 40px\">\n\t11.6 Presta&ccedil;&atilde;o de contas de campanha.\n<\/p>\n<p align=\"left\" style=\"margin-left: 40px\">\n\t11.7 Pesquisas e testes pr&eacute; eleitorais.\n<\/p>\n<p align=\"left\" style=\"margin-left: 40px\">\n\t11.8 \u2010 Propaganda eleitoral (conforme o C&oacute;digo Eleitoral e a Lei n&ordm; 9.504\/1997 e suas altera&ccedil;&otilde;es).\n<\/p>\n<p align=\"left\" style=\"margin-left: 40px\">\n\t11.8.1 Propaganda na imprensa escrita, no r&aacute;dio, na televis&atilde;o, na Internet e por outros meios.\n<\/p>\n<p align=\"left\" style=\"margin-left: 40px\">\n\t11.8.2 Direito de resposta.\n<\/p>\n<p align=\"left\" style=\"margin-left: 40px\">\n\t11.8.3 Condutas vedadas em campanhas eleitorais.\n<\/p>\n<p align=\"left\" style=\"margin-left: 40px\">\n\t11.8.4 Propaganda eleitoral extempor&acirc;nea e propaganda irregular (multa).\n<\/p>\n<p align=\"left\" style=\"margin-left: 40px\">\n\t11.8.5 Representa&ccedil;&atilde;o por conduta vedada.\n<\/p>\n<p align=\"left\" style=\"margin-left: 40px\">\n\t11.9 Elei&ccedil;&otilde;es.\n<\/p>\n<p align=\"left\" style=\"margin-left: 40px\">\n\t11.9.1 Atos preparat&oacute;rios da vota&ccedil;&atilde;o.\n<\/p>\n<p align=\"left\" style=\"margin-left: 40px\">\n\t11.9.2 Se&ccedil;&otilde;es eleitorais.\n<\/p>\n<p align=\"left\" style=\"margin-left: 40px\">\n\t11.9.3 Mesas receptoras.\n<\/p>\n<p align=\"left\" style=\"margin-left: 40px\">\n\t11.9.4 Fiscaliza&ccedil;&atilde;o das elei&ccedil;&otilde;es.\n<\/p>\n<p align=\"left\" style=\"margin-left: 40px\">\n\t11.9.5 Pol&iacute;cia dos trabalhos eleitorais.\n<\/p>\n<p align=\"left\" style=\"margin-left: 40px\">\n\t11.9.6 In&iacute;cio da vota&ccedil;&atilde;o.\n<\/p>\n<p align=\"left\" style=\"margin-left: 40px\">\n\t11.9.7 O ato de votar.\n<\/p>\n<p align=\"left\" style=\"margin-left: 40px\">\n\t11.9.8 Voto no exterior.\n<\/p>\n<p align=\"left\" style=\"margin-left: 40px\">\n\t11.9.9 Encerramento da vota&ccedil;&atilde;o.\n<\/p>\n<p align=\"left\" style=\"margin-left: 40px\">\n\t11.9.10 &Oacute;rg&atilde;os apuradores.\n<\/p>\n<p align=\"left\" style=\"margin-left: 40px\">\n\t11.9.11 Apura&ccedil;&atilde;o nas juntas eleitorais, nos tribunais regionais e no Tribunal Superior Eleitoral.\n<\/p>\n<p align=\"left\" style=\"margin-left: 40px\">\n\t11.9.12 Sistema eletr&ocirc;nico de vota&ccedil;&atilde;o e totaliza&ccedil;&atilde;o dos votos.\n<\/p>\n<p align=\"left\" style=\"margin-left: 40px\">\n\t11.9.13 Privil&eacute;gios e garantias eleitorais: aspectos gerais, liberdade no exerc&iacute;cio do sufr&aacute;gio, fornecimento gratuito de transporte, em dias de elei&ccedil;&atilde;o, a eleitores residentes nas zonas rurais &mdash; Lei n&ordm; 6.091\/1974 e suas altera&ccedil;&otilde;es.\n<\/p>\n<p align=\"left\" style=\"margin-left: 40px\">\n\t11.9.14 Impugna&ccedil;&otilde;es e recursos.\n<\/p>\n<p align=\"left\" style=\"margin-left: 40px\">\n\t11.9.15 Nulidades da vota&ccedil;&atilde;o.\n<\/p>\n<p align=\"left\" style=\"margin-left: 40px\">\n\t11.10 Diploma&ccedil;&atilde;o dos eleitos: natureza jur&iacute;dica, compet&ecirc;ncia para diplomar e fiscaliza&ccedil;&atilde;o. 11.11 Recursos eleitorais.\n<\/p>\n<p align=\"left\" style=\"margin-left: 40px\">\n\t11.11.1 Cabimento, pressupostos de admissibilidade, processamento, efeitos e prazos.\n<\/p>\n<p align=\"left\" style=\"margin-left: 40px\">\n\t11.11.2 Recursos perante juntas e ju&iacute;zos eleitorais, tribunais regionais e Tribunal Superior.\n<\/p>\n<p align=\"left\" style=\"margin-left: 40px\">\n\t11.12 Disposi&ccedil;&otilde;es finais da Lei n&ordm; 9.504\/1997 e suas altera&ccedil;&otilde;es.\n<\/p>\n<p align=\"left\" style=\"margin-left: 40px\">\n\t11.13 Dever eleitoral: san&ccedil;&otilde;es ao inadimplemento, isen&ccedil;&atilde;o, justifica&ccedil;&atilde;o pelo n&atilde;o comparecimento &agrave; elei&ccedil;&atilde;o.\n<\/p>\n<p align=\"left\" style=\"margin-left: 40px\">\n\t11.14 Abuso de poder e corrup&ccedil;&atilde;o no processo eleitoral.\n<\/p>\n<p align=\"left\" style=\"margin-left: 40px\">\n\t11.14.1 Lei Complementar n&ordm; 64\/1990 e suas altera&ccedil;&otilde;es (investiga&ccedil;&atilde;o judicial eleitoral).\n<\/p>\n<p align=\"left\" style=\"margin-left: 40px\">\n\t11.14.2 Representa&ccedil;&atilde;o por capta&ccedil;&atilde;o il&iacute;cita de sufr&aacute;gio (art. 41 A da Lei n&ordm; \u2010 9.504\/1997).\n<\/p>\n<p align=\"left\" style=\"margin-left: 40px\">\n\t11.14.3 Recurso contra a expedi&ccedil;&atilde;o de diploma.\n<\/p>\n<p align=\"left\" style=\"margin-left: 40px\">\n\t11.14.4 A&ccedil;&atilde;o de impugna&ccedil;&atilde;o de mandato eletivo.\n<\/p>\n<p align=\"left\" style=\"margin-left: 40px\">\n\t12 Crimes eleitorais.\n<\/p>\n<p align=\"left\" style=\"margin-left: 40px\">\n\t12.1 Crimes eleitorais previstos no C&oacute;digo Eleitoral, na Lei Complementar n&ordm; 64\/1990 e na Lei n&ordm; 9.504\/1997 e suas altera&ccedil;&otilde;es.\n<\/p>\n<p align=\"left\" style=\"margin-left: 40px\">\n\t12.2 Processo penal eleitoral: a&ccedil;&atilde;o penal, compet&ecirc;ncia em mat&eacute;ria criminal eleitoral, rito processual penal eleitoral com aplica&ccedil;&atilde;o subsidi&aacute;ria do C&oacute;digo de Processo Penal.\n<\/p>\n<p align=\"left\" style=\"margin-left: 40px\">\n\t12.3 Lei n&ordm; 11.300\/2006 e suas altera&ccedil;&otilde;es (Lei da Minirreforma Eleitoral).\n<\/p>\n<p align=\"left\" style=\"margin-left: 40px\">\n\t13 Lei n&ordm; 12.034\/2009.\n<\/p>\n<p align=\"left\" style=\"margin-left: 40px\">\n\t14 Lei n&ordm; 13.165\/2015.\n<\/p>\n<p align=\"left\">\n\t&nbsp;\n<\/p>\n<h4 align=\"left\">\n\tDIREITO AMBIENTAL<br \/>\n<\/h4>\n<p align=\"left\" style=\"margin-left: 40px\">\n\t1 Direito ambiental constitucional.\n<\/p>\n<p align=\"left\" style=\"margin-left: 40px\">\n\t1.1 Meio ambiente como direito fundamental.\n<\/p>\n<p align=\"left\" style=\"margin-left: 40px\">\n\t1.2 Princ&iacute;pios estruturantes do estado de direito ambiental.\n<\/p>\n<p align=\"left\" style=\"margin-left: 40px\">\n\t1.3 Compet&ecirc;ncias ambientais legislativa e material.\n<\/p>\n<p align=\"left\" style=\"margin-left: 40px\">\n\t1.4 Deveres ambientais.\n<\/p>\n<p align=\"left\" style=\"margin-left: 40px\">\n\t1.5 Instrumentos jurisdicionais.\n<\/p>\n<p align=\"left\" style=\"margin-left: 40px\">\n\t1.6 Fun&ccedil;&atilde;o ambiental p&uacute;blica e privada.\n<\/p>\n<p align=\"left\" style=\"margin-left: 40px\">\n\t1.7 Fun&ccedil;&atilde;o social da propriedade.\n<\/p>\n<p align=\"left\" style=\"margin-left: 40px\">\n\t1.8 Art. 225 da Constitui&ccedil;&atilde;o Federal de 1988.\n<\/p>\n<p align=\"left\" style=\"margin-left: 40px\">\n\t2 Conceito de meio ambiente e seus aspectos.\n<\/p>\n<p align=\"left\" style=\"margin-left: 40px\">\n\t2.1 Meio ambiente natural, artificial, cultural e do trabalho.\n<\/p>\n<p align=\"left\" style=\"margin-left: 40px\">\n\t2.2 Conceito de recursos naturais e meio ambiente como bens ambientais.\n<\/p>\n<p align=\"left\" style=\"margin-left: 40px\">\n\t2.3 Conceito de biodiversidade e desenvolvimento sustent&aacute;vel.\n<\/p>\n<p align=\"left\" style=\"margin-left: 40px\">\n\t2.4 Significado de direitos culturais.\n<\/p>\n<p align=\"left\" style=\"margin-left: 40px\">\n\t3 Princ&iacute;pios de direito ambiental.\n<\/p>\n<p align=\"left\" style=\"margin-left: 40px\">\n\t3.1 Preven&ccedil;&atilde;o, precau&ccedil;&atilde;o, poluidor-pagador e usu&aacute;rio-pagador, coopera&ccedil;&atilde;o, informa&ccedil;&atilde;o, participa&ccedil;&atilde;o, equidade intergeracional.\n<\/p>\n<p align=\"left\" style=\"margin-left: 40px\">\n\t3.2 Princ&iacute;pios da tutela do patrim&ocirc;nio cultural.\n<\/p>\n<p align=\"left\" style=\"margin-left: 40px\">\n\t4 Pol&iacute;tica Nacional de Meio Ambiente.\n<\/p>\n<p align=\"left\" style=\"margin-left: 40px\">\n\t4.1 Objetivos.\n<\/p>\n<p align=\"left\" style=\"margin-left: 40px\">\n\t4.2 Instrumentos de prote&ccedil;&atilde;o (t&eacute;cnicos e econ&ocirc;micos).\n<\/p>\n<p align=\"left\" style=\"margin-left: 40px\">\n\t4.3 SISNAMA: estrutura e funcionamento.\n<\/p>\n<p align=\"left\" style=\"margin-left: 40px\">\n\t4.4 Lei n&ordm; 6.938\/1981 e suas altera&ccedil;&otilde;es.\n<\/p>\n<p align=\"left\" style=\"margin-left: 40px\">\n\t4.5 Decreto n&ordm; 99.274\/1990.\n<\/p>\n<p align=\"left\" style=\"margin-left: 40px\">\n\t4.6 Resolu&ccedil;&atilde;o do CONAMA n&ordm; 1 e suas altera&ccedil;&otilde;es (Relat&oacute;rio de Impacto Ambiental &#8211; EIA-RIMA).\n<\/p>\n<p align=\"left\" style=\"margin-left: 40px\">\n\t4.7 Resolu&ccedil;&atilde;o do CONAMA n&ordm; 237 e suas altera&ccedil;&otilde;es (Licenciamento Ambiental).\n<\/p>\n<p align=\"left\" style=\"margin-left: 40px\">\n\t4.8 Resolu&ccedil;&atilde;o do CONAMA n&ordm; 378 e suas altera&ccedil;&otilde;es (empreendimentos potencialmente causadores de impacto ambiental nacional ou regional).\n<\/p>\n<p align=\"left\" style=\"margin-left: 40px\">\n\t5 Recursos h&iacute;dricos.\n<\/p>\n<p align=\"left\" style=\"margin-left: 40px\">\n\t5.1 Lei n&ordm; 9.433\/1997 e suas altera&ccedil;&otilde;es (instrumentos de gest&atilde;o).\n<\/p>\n<p align=\"left\" style=\"margin-left: 40px\">\n\t5.2 Resolu&ccedil;&atilde;o do CNRH n&ordm; 16\/2001.\n<\/p>\n<p align=\"left\" style=\"margin-left: 40px\">\n\t5.3 Sistema Nacional de Gerenciamento de Recursos H&iacute;dricos (SINGREH).\n<\/p>\n<p align=\"left\" style=\"margin-left: 40px\">\n\t6 Recursos florestais.\n<\/p>\n<p align=\"left\" style=\"margin-left: 40px\">\n\t6.1 Lei n&ordm; 12.651\/2012 e suas altera&ccedil;&otilde;es.\n<\/p>\n<p align=\"left\" style=\"margin-left: 40px\">\n\t6.2 Resolu&ccedil;&otilde;es do CONAMA n&ordm; 302\/2002 e n&ordm; 303\/2002 e suas altera&ccedil;&otilde;es.\n<\/p>\n<p align=\"left\" style=\"margin-left: 40px\">\n\t6.3 Lei n&ordm; 11.284\/2006 (Gest&atilde;o de florestas p&uacute;blicas).\n<\/p>\n<p align=\"left\" style=\"margin-left: 40px\">\n\t7 Espa&ccedil;os territoriais especialmente protegidos.\n<\/p>\n<p align=\"left\" style=\"margin-left: 40px\">\n\t7.1 &Aacute;reas de preserva&ccedil;&atilde;o permanente e reserva legal.\n<\/p>\n<p align=\"left\" style=\"margin-left: 40px\">\n\t7.2 Lei n&ordm; 9.985\/2000 (SNUC).\n<\/p>\n<p align=\"left\" style=\"margin-left: 40px\">\n\t8 Pol&iacute;tica urbana.\n<\/p>\n<p align=\"left\" style=\"margin-left: 40px\">\n\t8.1 Diretrizes, instrumentos e compet&ecirc;ncia.\n<\/p>\n<p align=\"left\" style=\"margin-left: 40px\">\n\t8.2 Artigos 182 e 183 da Constitui&ccedil;&atilde;o Federal.\n<\/p>\n<p align=\"left\" style=\"margin-left: 40px\">\n\t8.3 Lei n&ordm; 10.257\/2001 e suas altera&ccedil;&otilde;es.\n<\/p>\n<p align=\"left\" style=\"margin-left: 40px\">\n\t9 Responsabilidades.\n<\/p>\n<p align=\"left\" style=\"margin-left: 40px\">\n\t9.1 Efeito, impacto e dano ambiental.\n<\/p>\n<p align=\"left\" style=\"margin-left: 40px\">\n\t9.2 Polui&ccedil;&atilde;o.\n<\/p>\n<p align=\"left\" style=\"margin-left: 40px\">\n\t9.3 Responsabilidade administrativa, civil e penal.\n<\/p>\n<p align=\"left\" style=\"margin-left: 40px\">\n\t9.4 Tutela processual: STF, STJ e tribunais de justi&ccedil;a estaduais.\n<\/p>\n<p align=\"left\" style=\"margin-left: 40px\">\n\t9.5 Papel do Minist&eacute;rio P&uacute;blico na defesa do meio ambiente.\n<\/p>\n<p align=\"left\" style=\"margin-left: 40px\">\n\t9.6 Crimes ambientais: esp&eacute;cies e san&ccedil;&otilde;es penais previstas.\n<\/p>\n<p align=\"left\" style=\"margin-left: 40px\">\n\t9.7 Lei n&ordm; 9.605\/1998 e suas altera&ccedil;&otilde;es.\n<\/p>\n<p align=\"left\" style=\"margin-left: 40px\">\n\t9.8 Decreto n&ordm; 6.514\/2008.\n<\/p>\n<p align=\"left\">\n\t&nbsp;\n<\/p>\n<h4 align=\"left\">\n\tDIREITO AGR&Aacute;RIO<br \/>\n<\/h4>\n<p align=\"left\" style=\"margin-left: 40px\">\n\t1 Direito agr&aacute;rio e pol&iacute;tica rural.\n<\/p>\n<p align=\"left\" style=\"margin-left: 40px\">\n\t1.1 Teoria geral do direito agr&aacute;rio.\n<\/p>\n<p align=\"left\" style=\"margin-left: 40px\">\n\t1.2 Forma&ccedil;&atilde;o hist&oacute;rica do direito agr&aacute;rio no Brasil.\n<\/p>\n<p align=\"left\" style=\"margin-left: 40px\">\n\t1.3 Hist&oacute;rico e situa&ccedil;&atilde;o da propriedade territorial rural no Brasil.\n<\/p>\n<p align=\"left\" style=\"margin-left: 40px\">\n\t1.4 Pol&iacute;tica agr&aacute;ria, pol&iacute;tica agr&iacute;cola e pol&iacute;tica fundi&aacute;ria.\n<\/p>\n<p align=\"left\" style=\"margin-left: 40px\">\n\t1.5 Direito de propriedade e fun&ccedil;&atilde;o social da propriedade.\n<\/p>\n<p align=\"left\" style=\"margin-left: 40px\">\n\t1.6 Atividade agr&aacute;ria e agrariedade.\n<\/p>\n<p align=\"left\" style=\"margin-left: 40px\">\n\t1.7 Atividade extrativa.\n<\/p>\n<p align=\"left\" style=\"margin-left: 40px\">\n\t1.8 Produ&ccedil;&atilde;o agr&aacute;ria e prote&ccedil;&atilde;o ambiental.\n<\/p>\n<p align=\"left\" style=\"margin-left: 40px\">\n\t1.9 M&oacute;dulo rural e m&oacute;dulo fiscal.\n<\/p>\n<p align=\"left\" style=\"margin-left: 40px\">\n\t2 Lei n&ordm; 4.504\/1964 e suas altera&ccedil;&otilde;es (Estatuto da Terra).\n<\/p>\n<p align=\"left\" style=\"margin-left: 40px\">\n\t2.1 Normas gerais de direito agr&aacute;rio.\n<\/p>\n<p align=\"left\" style=\"margin-left: 40px\">\n\t2.2 Legisla&ccedil;&atilde;o e doutrina agr&aacute;rias.\n<\/p>\n<p align=\"left\" style=\"margin-left: 40px\">\n\t3 Programa Nacional de Reforma Agr&aacute;ria.\n<\/p>\n<p align=\"left\" style=\"margin-left: 40px\">\n\t3.1 Lei n&ordm; 8.629\/1993 e suas altera&ccedil;&otilde;es.\n<\/p>\n<p align=\"left\" style=\"margin-left: 40px\">\n\t3.2 Terras devolutas.\n<\/p>\n<p align=\"left\" style=\"margin-left: 40px\">\n\t3.2.1 Terras devolutas e terras p&uacute;blicas.\n<\/p>\n<p align=\"left\" style=\"margin-left: 40px\">\n\t3.2.2 Destina&ccedil;&atilde;o das terras devolutas.\n<\/p>\n<p align=\"left\" style=\"margin-left: 40px\">\n\t3.2.3 Terras devolutas e o poder p&uacute;blico.\n<\/p>\n<p align=\"left\" style=\"margin-left: 40px\">\n\t3.2.4 Identifica&ccedil;&atilde;o das terras devolutas.\n<\/p>\n<p align=\"left\" style=\"margin-left: 40px\">\n\t3.3 Execu&ccedil;&atilde;o e administra&ccedil;&atilde;o da reforma agr&aacute;ria.\n<\/p>\n<p align=\"left\" style=\"margin-left: 40px\">\n\t3.4 Desapropria&ccedil;&atilde;o de terras para fins de reforma agr&aacute;ria.\n<\/p>\n<p align=\"left\" style=\"margin-left: 40px\">\n\t3.4.1 Leis Complementares n&ordm; 76\/1993 e n&ordm; 88\/1996.\n<\/p>\n<p align=\"left\" style=\"margin-left: 40px\">\n\t3.4.2 A&ccedil;&atilde;o discriminat&oacute;ria.\n<\/p>\n<p align=\"left\" style=\"margin-left: 40px\">\n\t3.4.3 Posse agr&aacute;ria.\n<\/p>\n<p align=\"left\" style=\"margin-left: 40px\">\n\t3.4.4 A&ccedil;&otilde;es possess&oacute;rias.\n<\/p>\n<p align=\"left\" style=\"margin-left: 40px\">\n\t3.4.5 Esp&eacute;cies de desapropria&ccedil;&atilde;o.\n<\/p>\n<p align=\"left\" style=\"margin-left: 40px\">\n\t3.4.6 Fases da desapropria&ccedil;&atilde;o.\n<\/p>\n<p align=\"left\" style=\"margin-left: 40px\">\n\t3.4.7 Indeniza&ccedil;&atilde;o.\n<\/p>\n<p align=\"left\" style=\"margin-left: 40px\">\n\t3.5 Parcelamento e loteamento rural.\n<\/p>\n<p align=\"left\" style=\"margin-left: 40px\">\n\t3.6 Registros p&uacute;blicos.\n<\/p>\n<p align=\"left\" style=\"margin-left: 40px\">\n\t3.7 T&iacute;tulos da d&iacute;vida agr&aacute;ria.\n<\/p>\n<p align=\"left\" style=\"margin-left: 40px\">\n\t4 Bens p&uacute;blicos dominiais: aliena&ccedil;&atilde;o e concess&atilde;o de terras p&uacute;blicas.\n<\/p>\n<p align=\"left\" style=\"margin-left: 40px\">\n\t5 Regulariza&ccedil;&atilde;o dominial de terras rurais e de sua ocupa&ccedil;&atilde;o.\n<\/p>\n<p align=\"left\" style=\"margin-left: 40px\">\n\t5.1 Discrimina&ccedil;&atilde;o administrativa e judicial de terras.\n<\/p>\n<p align=\"left\" style=\"margin-left: 40px\">\n\t5.2 Arrecada&ccedil;&atilde;o de im&oacute;vel abandonado.\n<\/p>\n<p align=\"left\" style=\"margin-left: 40px\">\n\t5.3 Legitima&ccedil;&atilde;o de posse.\n<\/p>\n<p align=\"left\" style=\"margin-left: 40px\">\n\t5.4 Usucapi&atilde;o especial.\n<\/p>\n<p align=\"left\" style=\"margin-left: 40px\">\n\t6 Aquisi&ccedil;&atilde;o ou arrendamento de im&oacute;vel rural por pessoas f&iacute;sicas ou jur&iacute;dicas estrangeiras e na faixa de fronteira.\n<\/p>\n<p align=\"left\" style=\"margin-left: 40px\">\n\t7 Coloniza&ccedil;&atilde;o oficial e particular.\n<\/p>\n<p align=\"left\" style=\"margin-left: 40px\">\n\t7.1 Empresa rural.\n<\/p>\n<p align=\"left\" style=\"margin-left: 40px\">\n\t7.1.1 Latif&uacute;ndio.\n<\/p>\n<p align=\"left\" style=\"margin-left: 40px\">\n\t7.1.2 Minif&uacute;ndio.\n<\/p>\n<p align=\"left\" style=\"margin-left: 40px\">\n\t7.2 M&oacute;dulo e fra&ccedil;&atilde;o m&iacute;nima de parcelamento.\n<\/p>\n<p align=\"left\" style=\"margin-left: 40px\">\n\t7.3 Indivisibilidade.\n<\/p>\n<p align=\"left\" style=\"margin-left: 40px\">\n\t8 Sistema nacional de cr&eacute;dito rural.\n<\/p>\n<p align=\"left\" style=\"margin-left: 40px\">\n\t8.1 T&iacute;tulos de cr&eacute;dito rural.\n<\/p>\n<p align=\"left\" style=\"margin-left: 40px\">\n\t9 Organiza&ccedil;&atilde;o da vida rural.\n<\/p>\n<p align=\"left\" style=\"margin-left: 40px\">\n\t9.1 Associativismo, cooperativismo e sindicalismo rural.\n<\/p>\n<p align=\"left\" style=\"margin-left: 40px\">\n\t9.2 Pol&iacute;tica nacional de cooperativismo.\n<\/p>\n<p align=\"left\" style=\"margin-left: 40px\">\n\t10 Terras ind&iacute;genas.\n<\/p>\n<p align=\"left\" style=\"margin-left: 40px\">\n\t10.1 Regime das terras tradicionalmente ocupadas por &iacute;ndios.\n<\/p>\n<p align=\"left\" style=\"margin-left: 40px\">\n\t10.2 Demarca&ccedil;&atilde;o das terras das comunidades ind&iacute;genas.\n<\/p>\n<p align=\"left\" style=\"margin-left: 40px\">\n\t11 Im&oacute;vel rural: conceito e classifica&ccedil;&atilde;o.\n<\/p>\n<p align=\"left\" style=\"margin-left: 40px\">\n\t12 Usucapi&atilde;o constitucional rural (art. 191 da Constitui&ccedil;&atilde;o Federal e Lei n&ordm; 6.969\/1981 e suas altera&ccedil;&otilde;es).\n<\/p>\n<p align=\"left\" style=\"margin-left: 40px\">\n\t13 Imposto territorial rural.\n<\/p>\n<p align=\"left\" style=\"margin-left: 40px\">\n\t14 Contratos agr&aacute;rios.\n<\/p>\n<p align=\"left\" style=\"margin-left: 40px\">\n\t15 Justi&ccedil;a agr&aacute;ria.\n<\/p>\n<p align=\"left\" style=\"margin-left: 40px\">\n\t16 Conflitos agr&aacute;rios.\n<\/p>\n<p align=\"left\" style=\"margin-left: 40px\">\n\t17 Trabalho rural.\n<\/p>\n<p align=\"left\" style=\"margin-left: 40px\">\n\t17.1 Enquadramento sindical.\n<\/p>\n<p align=\"left\" style=\"margin-left: 40px\">\n\t17.2 Previd&ecirc;ncia rural.\n<\/p>\n<p align=\"left\" style=\"margin-left: 40px\">\n\t18 Legisla&ccedil;&atilde;o federal: Lei n&ordm; 601\/1850; Decreto n&ordm; 1.318\/1854.\n<\/p>\n<p align=\"left\">\n\t&nbsp;\n<\/p>\n<h4 align=\"left\">\n\tDIREITO EMPRESARIAL<br \/>\n<\/h4>\n<p align=\"left\" style=\"margin-left: 40px\">\n\t1 Fundamentos do direito empresarial.\n<\/p>\n<p align=\"left\" style=\"margin-left: 40px\">\n\t1.1 Origem e evolu&ccedil;&atilde;o hist&oacute;rica, autonomia, fontes e caracter&iacute;sticas.\n<\/p>\n<p align=\"left\" style=\"margin-left: 40px\">\n\t1.2 Teoria da empresa.\n<\/p>\n<p align=\"left\" style=\"margin-left: 40px\">\n\t1.3 Empres&aacute;rio: conceito, caracteriza&ccedil;&atilde;o, inscri&ccedil;&atilde;o, capacidade; empres&aacute;rio individual; pequeno empres&aacute;rio.\n<\/p>\n<p align=\"left\" style=\"margin-left: 40px\">\n\t1.4 Lei Complementar n&ordm; 123\/2006 (microempresa e empresa de pequeno porte) e suas altera&ccedil;&otilde;es.\n<\/p>\n<p align=\"left\" style=\"margin-left: 40px\">\n\t1.5 Prepostos do empres&aacute;rio.\n<\/p>\n<p align=\"left\" style=\"margin-left: 40px\">\n\t1.6 Institutos complementares: nome empresarial, estabelecimento empresarial, escritura&ccedil;&atilde;o.\n<\/p>\n<p align=\"left\" style=\"margin-left: 40px\">\n\t2 Registro de empresa.\n<\/p>\n<p align=\"left\" style=\"margin-left: 40px\">\n\t2.1 &Oacute;rg&atilde;os de registro de empresa.\n<\/p>\n<p align=\"left\" style=\"margin-left: 40px\">\n\t2.2 Atos de registro de empresa.\n<\/p>\n<p align=\"left\" style=\"margin-left: 40px\">\n\t2.3 Processo decis&oacute;rio do registro de empresa.\n<\/p>\n<p align=\"left\" style=\"margin-left: 40px\">\n\t2.4 Inatividade da empresa.\n<\/p>\n<p align=\"left\" style=\"margin-left: 40px\">\n\t2.5 Empres&aacute;rio irregular.\n<\/p>\n<p align=\"left\" style=\"margin-left: 40px\">\n\t2.6 Lei n&ordm; 8.934\/1994 e suas altera&ccedil;&otilde;es.\n<\/p>\n<p align=\"left\" style=\"margin-left: 40px\">\n\t3 Propriedade industrial.\n<\/p>\n<p align=\"left\" style=\"margin-left: 40px\">\n\t3.1 Lei n&ordm; 9.279\/1996.\n<\/p>\n<p align=\"left\" style=\"margin-left: 40px\">\n\t3.2 O Instituto Nacional da Propriedade Industrial (INPI).\n<\/p>\n<p align=\"left\" style=\"margin-left: 40px\">\n\t3.3 Propriedade industrial e direitos autorais.\n<\/p>\n<p align=\"left\" style=\"margin-left: 40px\">\n\t3.4 Patentes.\n<\/p>\n<p align=\"left\" style=\"margin-left: 40px\">\n\t3.5 Desenho industrial.\n<\/p>\n<p align=\"left\" style=\"margin-left: 40px\">\n\t3.6 Marca: esp&eacute;cies.\n<\/p>\n<p align=\"left\" style=\"margin-left: 40px\">\n\t3.7 Procedimento de registro.\n<\/p>\n<p align=\"left\" style=\"margin-left: 40px\">\n\t3.8 Indica&ccedil;&otilde;es geogr&aacute;ficas.\n<\/p>\n<p align=\"left\" style=\"margin-left: 40px\">\n\t4 T&iacute;tulos de cr&eacute;dito.\n<\/p>\n<p align=\"left\" style=\"margin-left: 40px\">\n\t4.1 Hist&oacute;rico da legisla&ccedil;&atilde;o cambi&aacute;ria.\n<\/p>\n<p align=\"left\" style=\"margin-left: 40px\">\n\t4.2 Conceito de t&iacute;tulos de cr&eacute;dito, caracter&iacute;sticas e princ&iacute;pios informadores.\n<\/p>\n<p align=\"left\" style=\"margin-left: 40px\">\n\t4.3 Classifica&ccedil;&atilde;o dos t&iacute;tulos de cr&eacute;dito: letra de c&acirc;mbio, nota promiss&oacute;ria, cheque, duplicata, endosso e aval.\n<\/p>\n<p align=\"left\" style=\"margin-left: 40px\">\n\t4.4 T&iacute;tulos de cr&eacute;dito comercial, industrial, &agrave; exporta&ccedil;&atilde;o, rural, imobili&aacute;rio, banc&aacute;rio.\n<\/p>\n<p align=\"left\" style=\"margin-left: 40px\">\n\t4.5 Letra de arrendamento mercantil.\n<\/p>\n<p align=\"left\" style=\"margin-left: 40px\">\n\t5 A&ccedil;&atilde;o cambial.\n<\/p>\n<p align=\"left\" style=\"margin-left: 40px\">\n\t5.1 A&ccedil;&atilde;o de regresso.\n<\/p>\n<p align=\"left\" style=\"margin-left: 40px\">\n\t5.2 Inoponibilidade de exce&ccedil;&otilde;es.\n<\/p>\n<p align=\"left\" style=\"margin-left: 40px\">\n\t5.3 Responsabilidade patrimonial e fraude &agrave; execu&ccedil;&atilde;o.\n<\/p>\n<p align=\"left\" style=\"margin-left: 40px\">\n\t5.4 Embargos do devedor.\n<\/p>\n<p align=\"left\" style=\"margin-left: 40px\">\n\t5.5 A&ccedil;&atilde;o de anula&ccedil;&atilde;o e substitui&ccedil;&atilde;o de t&iacute;tulo.\n<\/p>\n<p align=\"left\" style=\"margin-left: 40px\">\n\t6 Protesto de t&iacute;tulos e outros documentos de d&iacute;vida: legisla&ccedil;&atilde;o, modalidades, procedimentos, efeitos, a&ccedil;&otilde;es judiciais envolvendo o protesto.\n<\/p>\n<p align=\"left\" style=\"margin-left: 40px\">\n\t7 Direito societ&aacute;rio.\n<\/p>\n<p align=\"left\" style=\"margin-left: 40px\">\n\t7.1 Sociedade empres&aacute;ria: conceito, terminologia, ato constitutivo.\n<\/p>\n<p align=\"left\" style=\"margin-left: 40px\">\n\t7.2 Sociedades simples e empres&aacute;rias.\n<\/p>\n<p align=\"left\" style=\"margin-left: 40px\">\n\t7.3 Personaliza&ccedil;&atilde;o da sociedade empres&aacute;ria.\n<\/p>\n<p align=\"left\" style=\"margin-left: 40px\">\n\t7.4 Classifica&ccedil;&atilde;o das sociedades empres&aacute;rias.\n<\/p>\n<p align=\"left\" style=\"margin-left: 40px\">\n\t7.5 Sociedade irregular.\n<\/p>\n<p align=\"left\" style=\"margin-left: 40px\">\n\t7.6 Teoria da desconsidera&ccedil;&atilde;o da personalidade jur&iacute;dica.\n<\/p>\n<p align=\"left\" style=\"margin-left: 40px\">\n\t7.7 Desconsidera&ccedil;&atilde;o inversa.\n<\/p>\n<p align=\"left\" style=\"margin-left: 40px\">\n\t7.8 Regime jur&iacute;dico dos s&oacute;cios.\n<\/p>\n<p align=\"left\" style=\"margin-left: 40px\">\n\t7.9 Sociedade limitada.\n<\/p>\n<p align=\"left\" style=\"margin-left: 40px\">\n\t7.10 Sociedade an&ocirc;nima.\n<\/p>\n<p align=\"left\" style=\"margin-left: 40px\">\n\t7.11 Lei n&ordm; 6.404\/1976 e suas altera&ccedil;&otilde;es.\n<\/p>\n<p align=\"left\" style=\"margin-left: 40px\">\n\t7.12 Sociedade em nome coletivo.\n<\/p>\n<p align=\"left\" style=\"margin-left: 40px\">\n\t7.13 Sociedade em comandita simples.\n<\/p>\n<p align=\"left\" style=\"margin-left: 40px\">\n\t7.14 Sociedade em comandita por a&ccedil;&otilde;es.\n<\/p>\n<p align=\"left\" style=\"margin-left: 40px\">\n\t7.15 Opera&ccedil;&otilde;es societ&aacute;rias: transforma&ccedil;&atilde;o, incorpora&ccedil;&atilde;o, fus&atilde;o e cis&atilde;o.\n<\/p>\n<p align=\"left\" style=\"margin-left: 40px\">\n\t7.16 Rela&ccedil;&otilde;es entre sociedades: coliga&ccedil;&otilde;es de sociedades, grupos societ&aacute;rios, cons&oacute;rcios, sociedade subsidi&aacute;ria integral, sociedade de prop&oacute;sito espec&iacute;fico.\n<\/p>\n<p align=\"left\" style=\"margin-left: 40px\">\n\t7.17 Dissolu&ccedil;&atilde;o, liquida&ccedil;&atilde;o e extin&ccedil;&atilde;o das sociedades.\n<\/p>\n<p align=\"left\" style=\"margin-left: 40px\">\n\t7.18 Concentra&ccedil;&atilde;o empresarial e defesa da livre concorr&ecirc;ncia.\n<\/p>\n<p align=\"left\" style=\"margin-left: 40px\">\n\t8 Contratos mercantis. 8.1 Caracter&iacute;sticas. 8.2 Compra e venda mercantil.\n<\/p>\n<p align=\"left\" style=\"margin-left: 40px\">\n\t8.3 Comiss&atilde;o mercantil.\n<\/p>\n<p align=\"left\" style=\"margin-left: 40px\">\n\t8.4 Representa&ccedil;&atilde;o comercial.\n<\/p>\n<p align=\"left\" style=\"margin-left: 40px\">\n\t8.5 Concess&atilde;o mercantil.\n<\/p>\n<p align=\"left\" style=\"margin-left: 40px\">\n\t8.6 Franquia (franchising).\n<\/p>\n<p align=\"left\" style=\"margin-left: 40px\">\n\t8.7 Contratos banc&aacute;rios: dep&oacute;sito banc&aacute;rio, m&uacute;tuo banc&aacute;rio, desconto banc&aacute;rio, abertura de cr&eacute;dito.\n<\/p>\n<p align=\"left\" style=\"margin-left: 40px\">\n\t8.8 Contratos banc&aacute;rios impr&oacute;prios: aliena&ccedil;&atilde;o fiduci&aacute;ria em garantia, arrendamento mercantil (leasing), faturiza&ccedil;&atilde;o (factoring), cart&atilde;o de cr&eacute;dito.\n<\/p>\n<p align=\"left\" style=\"margin-left: 40px\">\n\t8.9 Contrato de seguro.\n<\/p>\n<p align=\"left\" style=\"margin-left: 40px\">\n\t8.10 Contratos intelectuais: cess&atilde;o de direito industrial, licen&ccedil;a de uso de direito industrial, transfer&ecirc;ncia de tecnologia, comercializa&ccedil;&atilde;o de logici&aacute;rio (software).\n<\/p>\n<p align=\"left\" style=\"margin-left: 40px\">\n\t9 Direito falimentar.\n<\/p>\n<p align=\"left\" style=\"margin-left: 40px\">\n\t9.1 Lei n&ordm; 11.101\/2005 e suas altera&ccedil;&otilde;es.\n<\/p>\n<p align=\"left\" style=\"margin-left: 40px\">\n\t9.2 Teoria geral do direito falimentar.\n<\/p>\n<p align=\"left\" style=\"margin-left: 40px\">\n\t9.3 Processo falimentar.\n<\/p>\n<p align=\"left\" style=\"margin-left: 40px\">\n\t9.4 Pessoa e bens do falido.\n<\/p>\n<p align=\"left\" style=\"margin-left: 40px\">\n\t9.5 Regime jur&iacute;dico dos atos e contratos do falido.\n<\/p>\n<p align=\"left\" style=\"margin-left: 40px\">\n\t9.6 Regime jur&iacute;dico dos credores do falido.\n<\/p>\n<p align=\"left\" style=\"margin-left: 40px\">\n\t9.7 Recupera&ccedil;&atilde;o judicial.\n<\/p>\n<p align=\"left\" style=\"margin-left: 40px\">\n\t9.8 Recupera&ccedil;&atilde;o extrajudicial.\n<\/p>\n<p align=\"left\" style=\"margin-left: 40px\">\n\t9.9 Liquida&ccedil;&atilde;o extrajudicial de institui&ccedil;&otilde;es financeiras.\n<\/p>\n<p align=\"left\">\n\t&nbsp;\n<\/p>\n<h4 align=\"left\">\n\tDIREITOS DIFUSOS E COLETIVOS (somente para a prova discursiva)<br \/>\n<\/h4>\n<p align=\"left\" style=\"margin-left: 40px\">\n\t1 Teoria constitucional dos direitos difusos e coletivos.\n<\/p>\n<p align=\"left\" style=\"margin-left: 40px\">\n\t1.1 Interesse p&uacute;blico e privado.\n<\/p>\n<p align=\"left\" style=\"margin-left: 40px\">\n\t1.2 Interesse p&uacute;blico prim&aacute;rio e secund&aacute;rio.\n<\/p>\n<p align=\"left\" style=\"margin-left: 40px\">\n\t1.3 Interesses difusos, coletivos e individual homog&ecirc;neos.\n<\/p>\n<p align=\"left\" style=\"margin-left: 40px\">\n\t1.4 A defesa judicial dos interesses transindividuais.\n<\/p>\n<p align=\"left\" style=\"margin-left: 40px\">\n\t2 A&ccedil;&atilde;o civil p&uacute;blica.\n<\/p>\n<p align=\"left\" style=\"margin-left: 40px\">\n\t3 Inqu&eacute;rito civil p&uacute;blico: natureza, objeto, finalidade, instaura&ccedil;&atilde;o, procedimento, produ&ccedil;&atilde;o de provas, transa&ccedil;&atilde;o e arquivamento.\n<\/p>\n<p align=\"left\" style=\"margin-left: 40px\">\n\t3.1 Termo de ajuste de conduta.\n<\/p>\n<p align=\"left\" style=\"margin-left: 40px\">\n\t3.2 Metodologia e mecanismo de investiga&ccedil;&atilde;o.\n<\/p>\n<p align=\"left\" style=\"margin-left: 40px\">\n\t3.3 Resolu&ccedil;&otilde;es do CNMP sobre inqu&eacute;rito civil p&uacute;blico.\n<\/p>\n<p align=\"left\" style=\"margin-left: 40px\">\n\t3.4 Interpreta&ccedil;&atilde;o jurisprudencial dos tribunais superiores.\n<\/p>\n<p align=\"left\" style=\"margin-left: 40px\">\n\t4 Defesa das pessoas idosas.\n<\/p>\n<p align=\"left\" style=\"margin-left: 40px\">\n\t5 Improbidade administrativa.\n<\/p>\n<p align=\"left\" style=\"margin-left: 40px\">\n\t6 Prote&ccedil;&atilde;o ao meio ambiente.\n<\/p>\n<p align=\"left\" style=\"margin-left: 40px\">\n\t7 Prote&ccedil;&atilde;o aos patrim&ocirc;nios cultural, p&uacute;blico e social.\n<\/p>\n<p align=\"left\" style=\"margin-left: 40px\">\n\t8 Defesa das pessoas com defici&ecirc;ncia.\n<\/p>\n<p align=\"left\" style=\"margin-left: 40px\">\n\t9 Defesa da ordem urban&iacute;stica.\n<\/p>\n<p align=\"left\" style=\"margin-left: 40px\">\n\t10 A tutela em ju&iacute;zo dos interesses individuais homog&ecirc;neos, difusos e coletivos.\n<\/p>\n<p align=\"left\" style=\"margin-left: 40px\">\n\t10.1 Compet&ecirc;ncia.\n<\/p>\n<p align=\"left\" style=\"margin-left: 40px\">\n\t10.2 &Ocirc;nus da prova.\n<\/p>\n<p align=\"left\" style=\"margin-left: 40px\">\n\t10.3 Legitimidade ordin&aacute;ria e extraordin&aacute;ria.\n<\/p>\n<p align=\"left\" style=\"margin-left: 40px\">\n\t10.4 Legitimidade ativa e passiva.\n<\/p>\n<p align=\"left\" style=\"margin-left: 40px\">\n\t10.5 Legitimidade ativa da Defensoria P&uacute;blica.\n<\/p>\n<p align=\"left\" style=\"margin-left: 40px\">\n\t10.6 Litiscons&oacute;rcio e assist&ecirc;ncia.\n<\/p>\n<p align=\"left\" style=\"margin-left: 40px\">\n\t10.7 Conex&atilde;o, contin&ecirc;ncia e litispend&ecirc;ncia.\n<\/p>\n<p align=\"left\" style=\"margin-left: 40px\">\n\t10.8 Liminares e recursos.\n<\/p>\n<p align=\"left\" style=\"margin-left: 40px\">\n\t10.9 Multas.\n<\/p>\n<p align=\"left\" style=\"margin-left: 40px\">\n\t10.10 Fundo para reconstitui&ccedil;&atilde;o do bem lesado: fundos federais, fundos estaduais, receitas do fundo, finalidades do fundo, repara&ccedil;&atilde;o das les&otilde;es individuais.\n<\/p>\n<p align=\"left\" style=\"margin-left: 40px\">\n\t10.11 Senten&ccedil;a.\n<\/p>\n<p align=\"left\" style=\"margin-left: 40px\">\n\t10.12 Desist&ecirc;ncia e ren&uacute;ncia do recurso.\n<\/p>\n<p align=\"left\" style=\"margin-left: 40px\">\n\t10.12.1 Efeitos.\n<\/p>\n<p align=\"left\" style=\"margin-left: 40px\">\n\t10.12.2 Desist&ecirc;ncia pelo Minist&eacute;rio P&uacute;blico.\n<\/p>\n<p align=\"left\" style=\"margin-left: 40px\">\n\t10.13 Coisa julgada na a&ccedil;&atilde;o coletiva.\n<\/p>\n<p align=\"left\" style=\"margin-left: 40px\">\n\t10.14 Responsabilidade por custas, honor&aacute;rios advocat&iacute;cios e demais encargos de sucumb&ecirc;ncia.\n<\/p>\n<p align=\"left\" style=\"margin-left: 40px\">\n\t10.15 Liquida&ccedil;&atilde;o e execu&ccedil;&atilde;o da senten&ccedil;a.\n<\/p>\n<p align=\"left\" style=\"margin-left: 40px\">\n\t10.16 Legitimados para a liquida&ccedil;&atilde;o.\n<\/p>\n<p align=\"left\" style=\"margin-left: 40px\">\n\t10.17 Escolha do foro pelo lesado individual.\n<\/p>\n<p align=\"left\" style=\"margin-left: 40px\">\n\t10.18 Responsabilidade e culpa.\n<\/p>\n<p align=\"left\" style=\"margin-left: 40px\">\n\t10.19 Prescri&ccedil;&atilde;o e decad&ecirc;ncia.\n<\/p>\n<p align=\"left\" style=\"margin-left: 40px\">\n\t11 Execu&ccedil;&atilde;o de a&ccedil;&otilde;es coletivas.\n<\/p>\n<p align=\"left\" style=\"margin-left: 40px\">\n\t12 Lei n&ordm; 4.717\/1965 (Lei da A&ccedil;&atilde;o Popular).\n<\/p>\n<p align=\"left\" style=\"margin-left: 40px\">\n\t13 Leis n&ordm; 8.080\/1990 e suas altera&ccedil;&otilde;es, n&ordm; 8.142\/1990, n&ordm; 8.212\/1991 e suas altera&ccedil;&otilde;es, n&ordm; 8.213\/1991 e suas altera&ccedil;&otilde;es e n&ordm; 8.742\/1993 e suas altera&ccedil;&otilde;es e Decreto n&ordm; 7.508\/2011 (Tutela do direito &agrave; sa&uacute;de).\n<\/p>\n<p align=\"left\" style=\"margin-left: 40px\">\n\t13.1 Interpreta&ccedil;&atilde;o jurisprudencial dos tribunais superiores.\n<\/p>\n<p align=\"left\" style=\"margin-left: 40px\">\n\t14 Tutela coletiva do direito &agrave; educa&ccedil;&atilde;o.\n<\/p>\n<p align=\"left\" style=\"margin-left: 40px\">\n\t14.1 Lei n&ordm; 9.394\/1996 e suas altera&ccedil;&otilde;es (Lei de Diretrizes e Bases da Educa&ccedil;&atilde;o Nacional).\n<\/p>\n<p align=\"left\" style=\"margin-left: 40px\">\n\t14.2 Regulamenta&ccedil;&atilde;o e controle do Fundo de Manuten&ccedil;&atilde;o e Desenvolvimento do Ensino Fundamental e de Valoriza&ccedil;&atilde;o do Magist&eacute;rio (FUNDEF).\n<\/p>\n<p align=\"left\" style=\"margin-left: 40px\">\n\t14.3 Interpreta&ccedil;&atilde;o jurisprudencial dos tribunais superiores.\n<\/p>\n<p align=\"left\">\n\t&nbsp;\n<\/p>\n<h4 align=\"left\">\n\tLEGISLA&Ccedil;&Atilde;O EXTRAVAGANTE<br \/>\n<\/h4>\n<p align=\"left\" style=\"margin-left: 40px\">\n\t1 Prote&ccedil;&atilde;o dos deficientes f&iacute;sicos: Lei n&ordm; 7.853\/1989 e suas altera&ccedil;&otilde;es e Decreto n&ordm; 3.298\/1999 e suas altera&ccedil;&otilde;es.\n<\/p>\n<p align=\"left\" style=\"margin-left: 40px\">\n\t2 Patrim&ocirc;nio hist&oacute;rico e cultural: Decreto-Lei n&ordm; 25\/1937 e suas altera&ccedil;&otilde;es; Decreto n&ordm; 3.551\/2000.\n<\/p>\n<p align=\"left\" style=\"margin-left: 40px\">\n\t3 Lei Complementar n&ordm; 101\/2000.\n<\/p>\n<p align=\"left\" style=\"margin-left: 40px\">\n\t4 Lei n&ordm; 12.288\/2010 (Estatuto da Igualdade Racial).\n<\/p>\n<p align=\"left\" style=\"margin-left: 40px\">\n\t5 Lei n&ordm; 7.716\/1989 e suas altera&ccedil;&otilde;es (crimes resultantes de preconceito de ra&ccedil;a ou de cor).\n<\/p>\n<p align=\"left\" style=\"margin-left: 40px\">\n\t6 Decreto n&ordm; 65.810\/1969 (Conven&ccedil;&atilde;o internacional sobre a elimina&ccedil;&atilde;o de todas as formas de discrimina&ccedil;&atilde;o racial).\n<\/p>\n<p align=\"left\" style=\"margin-left: 40px\">\n\t7 Lei n&ordm; 7.437\/1985.\n<\/p>\n<p align=\"left\" style=\"margin-left: 40px\">\n\t8 Lei n&ordm; 10.678\/2003 e suas altera&ccedil;&otilde;es (cria a Secretaria de Pol&iacute;ticas de Promo&ccedil;&atilde;o da Igualdade Racial da Presid&ecirc;ncia da Rep&uacute;blica).\n<\/p>\n<p align=\"left\">\n\t&nbsp;\n<\/p>\n<h4 align=\"left\">\n\tLEGISLA&Ccedil;&Atilde;O DO MINIST&Eacute;RIO P&Uacute;BLICO<br \/>\n<\/h4>\n<p align=\"left\" style=\"margin-left: 40px\">\n\t1 Lei n&ordm; 8.625\/1993.\n<\/p>\n<p align=\"left\" style=\"margin-left: 40px\">\n\t2 Lei Complementar n&ordm; 75\/1993.\n<\/p>\n<p align=\"left\" style=\"margin-left: 40px\">\n\t3 Inqu&eacute;rito civil e compromisso de ajustamento de conduta: Lei n&ordm; 7.347\/1985 e suas altera&ccedil;&otilde;es.\n<\/p>\n<p align=\"left\" style=\"margin-left: 40px\">\n\t5 Lei Complementar 003\/1994 e suas altera&ccedil;&otilde;es (Lei Org&acirc;nica do Minist&eacute;rio P&uacute;blico do Estado de Roraima).\n<\/p>\n<p align=\"left\">\n\t&nbsp;\n<\/p>\n<h4 align=\"left\">\n\tL&Iacute;NGUA PORTUGUESA<br \/>\n<\/h4>\n<p align=\"left\" style=\"margin-left: 40px\">\n\t1 Compreens&atilde;o e interpreta&ccedil;&atilde;o de textos de g&ecirc;neros variados.\n<\/p>\n<p align=\"left\" style=\"margin-left: 40px\">\n\t2 Reconhecimento de tipos e g&ecirc;neros textuais.\n<\/p>\n<p align=\"left\" style=\"margin-left: 40px\">\n\t3 Dom&iacute;nio da ortografia oficial.\n<\/p>\n<p align=\"left\" style=\"margin-left: 40px\">\n\t4 Dom&iacute;nio dos mecanismos de coes&atilde;o textual.\n<\/p>\n<p align=\"left\" style=\"margin-left: 40px\">\n\t4.1 Emprego de elementos de referencia&ccedil;&atilde;o, substitui&ccedil;&atilde;o e repeti&ccedil;&atilde;o, de conectores e de outros elementos de sequencia&ccedil;&atilde;o textual.\n<\/p>\n<p align=\"left\" style=\"margin-left: 40px\">\n\t4.2 Emprego de tempos e modos verbais.\n<\/p>\n<p align=\"left\" style=\"margin-left: 40px\">\n\t5 Dom&iacute;nio da estrutura morfossint&aacute;tica do per&iacute;odo.\n<\/p>\n<p align=\"left\" style=\"margin-left: 40px\">\n\t5.1 Emprego das classes de palavras.\n<\/p>\n<p align=\"left\" style=\"margin-left: 40px\">\n\t5.2 Rela&ccedil;&otilde;es de coordena&ccedil;&atilde;o entre ora&ccedil;&otilde;es e entre termos da ora&ccedil;&atilde;o.\n<\/p>\n<p align=\"left\" style=\"margin-left: 40px\">\n\t5.3 Rela&ccedil;&otilde;es de subordina&ccedil;&atilde;o entre ora&ccedil;&otilde;es e entre termos da ora&ccedil;&atilde;o.\n<\/p>\n<p align=\"left\" style=\"margin-left: 40px\">\n\t5.4 Emprego dos sinais de pontua&ccedil;&atilde;o.\n<\/p>\n<p align=\"left\" style=\"margin-left: 40px\">\n\t5.5 Concord&acirc;ncia verbal e nominal.\n<\/p>\n<p align=\"left\" style=\"margin-left: 40px\">\n\t5.6 Reg&ecirc;ncia verbal e nominal.\n<\/p>\n<p align=\"left\" style=\"margin-left: 40px\">\n\t5.7 Emprego do sinal indicativo de crase.\n<\/p>\n<p align=\"left\" style=\"margin-left: 40px\">\n\t5.8 Coloca&ccedil;&atilde;o dos pronomes &aacute;tonos.\n<\/p>\n<p align=\"left\" style=\"margin-left: 40px\">\n\t6 Reescrita de frases e par&aacute;grafos do texto.\n<\/p>\n<p align=\"left\" style=\"margin-left: 40px\">\n\t6.1 Significa&ccedil;&atilde;o das palavras.\n<\/p>\n<p align=\"left\" style=\"margin-left: 40px\">\n\t6.2 Substitui&ccedil;&atilde;o de palavras ou de trechos de texto.\n<\/p>\n<p align=\"left\" style=\"margin-left: 40px\">\n\t6.3 Reorganiza&ccedil;&atilde;o da estrutura de ora&ccedil;&otilde;es e de per&iacute;odos do texto.\n<\/p>\n<p align=\"left\" style=\"margin-left: 40px\">\n\t6.4 Reescrita de textos de diferentes g&ecirc;neros e n&iacute;veis de formalidade.\n<\/p>\n<p>\n\t&nbsp;\n<\/p>\n<p>\n\t&nbsp;<\/p>\n","protected":false},"excerpt":{"rendered":"<p>Concurso Promotor Roraima com edital na pra&ccedil;a!&nbsp;Vagas para Promotor de Justi&ccedil;a com sal&aacute;rio inicial de R$ 24 mil. Saiba tudo sobre o edital neste artigo. O Minist&eacute;rio P&uacute;bico do Estado de Roraima, por meio do edital n&uacute;mero 1 &#8211; MPRR, datado de 06 de mar&ccedil;o de 2017 abre concurso para provimento de vagas e forma&ccedil;&atilde;o [&hellip;]<\/p>\n","protected":false},"author":99,"featured_media":0,"comment_status":"open","ping_status":"open","sticky":false,"template":"","format":"standard","meta":{"post_tipo":"article","footnotes":""},"categories":[1,2185],"tags":[2497],"tax_estado":[],"class_list":["post-66558","post","type-post","status-publish","format-standard","hentry","category-cursos-e-concursos","category-carreiras-juridicas","tag-mp-rr"],"acf":[],"yoast_head":"<!-- This site is optimized with the Yoast SEO Premium plugin v27.2 (Yoast SEO v27.2) - https:\/\/yoast.com\/product\/yoast-seo-premium-wordpress\/ -->\n<title>Promotor Roraima - Edital na Pra\u00e7a. Saiba tudo agora.<\/title>\n<meta name=\"description\" content=\"Este artigo revela detalhes mais importantes do concurso Promotor Roraima. Aqui voc\u00ea encontrar\u00e1 os detalhes da remunera\u00e7\u00e3o, das vagas, das disciplinas, etc.\" \/>\n<meta name=\"robots\" content=\"index, follow, max-snippet:-1, max-image-preview:large, max-video-preview:-1\" \/>\n<link rel=\"canonical\" href=\"https:\/\/www.estrategiaconcursos.com.br\/blog\/promotor-roraima\/\" \/>\n<meta property=\"og:locale\" content=\"pt_BR\" \/>\n<meta property=\"og:type\" content=\"article\" \/>\n<meta property=\"og:title\" content=\"Promotor Roraima - Edital na Pra\u00e7a. Saiba tudo agora.\" \/>\n<meta property=\"og:description\" content=\"Este artigo revela detalhes mais importantes do concurso Promotor Roraima. Aqui voc\u00ea encontrar\u00e1 os detalhes da remunera\u00e7\u00e3o, das vagas, das disciplinas, etc.\" \/>\n<meta property=\"og:url\" content=\"https:\/\/www.estrategiaconcursos.com.br\/blog\/promotor-roraima\/\" \/>\n<meta property=\"og:site_name\" content=\"Estrat\u00e9gia Concursos\" \/>\n<meta property=\"article:published_time\" content=\"2017-03-08T00:34:59+00:00\" \/>\n<meta property=\"article:modified_time\" content=\"2017-03-08T14:06:53+00:00\" \/>\n<meta property=\"og:image\" content=\"https:\/\/www.estrategiaconcursos.com.br\/blog\/wp-content\/uploads\/2016\/05\/novas-corujas-0621.png\" \/>\n<meta name=\"author\" content=\"Paulo Guimar\u00e3es\" \/>\n<meta name=\"twitter:card\" content=\"summary_large_image\" \/>\n<meta name=\"twitter:creator\" content=\"@EstratConcursos\" \/>\n<meta name=\"twitter:site\" content=\"@EstratConcursos\" \/>\n<meta name=\"twitter:label1\" content=\"Escrito por\" \/>\n\t<meta name=\"twitter:data1\" content=\"Paulo Guimar\u00e3es\" \/>\n\t<meta name=\"twitter:label2\" content=\"Est. tempo de leitura\" \/>\n\t<meta name=\"twitter:data2\" content=\"55 minutos\" \/>\n<script type=\"application\/ld+json\" class=\"yoast-schema-graph\">{\"@context\":\"https:\/\/schema.org\",\"@graph\":[{\"@type\":\"NewsArticle\",\"@id\":\"https:\/\/www.estrategiaconcursos.com.br\/blog\/promotor-roraima\/#article\",\"isPartOf\":{\"@id\":\"https:\/\/www.estrategiaconcursos.com.br\/blog\/promotor-roraima\/\"},\"author\":{\"name\":\"Paulo Guimar\u00e3es\",\"@id\":\"https:\/\/www.estrategiaconcursos.com.br\/blog\/#\/schema\/person\/80ff9f9f52e43a90b6efd99f2869d22b\"},\"headline\":\"Promotor Roraima &#8211; Edital na Pra\u00e7a. Saiba tudo agora.\",\"datePublished\":\"2017-03-08T00:34:59+00:00\",\"dateModified\":\"2017-03-08T14:06:53+00:00\",\"mainEntityOfPage\":{\"@id\":\"https:\/\/www.estrategiaconcursos.com.br\/blog\/promotor-roraima\/\"},\"wordCount\":11101,\"commentCount\":0,\"publisher\":{\"@id\":\"https:\/\/www.estrategiaconcursos.com.br\/blog\/#organization\"},\"image\":{\"@id\":\"https:\/\/www.estrategiaconcursos.com.br\/blog\/promotor-roraima\/#primaryimage\"},\"thumbnailUrl\":\"https:\/\/www.estrategiaconcursos.com.br\/blog\/wp-content\/uploads\/2016\/05\/novas-corujas-0621.png\",\"keywords\":[\"MP RR\"],\"articleSection\":[\"Concursos P\u00fablicos\",\"Jur\u00eddico\"],\"inLanguage\":\"pt-BR\",\"potentialAction\":[{\"@type\":\"CommentAction\",\"name\":\"Comment\",\"target\":[\"https:\/\/www.estrategiaconcursos.com.br\/blog\/promotor-roraima\/#respond\"]}],\"copyrightYear\":\"2017\",\"copyrightHolder\":{\"@id\":\"https:\/\/www.estrategiaconcursos.com.br\/blog\/#organization\"}},{\"@type\":\"WebPage\",\"@id\":\"https:\/\/www.estrategiaconcursos.com.br\/blog\/promotor-roraima\/\",\"url\":\"https:\/\/www.estrategiaconcursos.com.br\/blog\/promotor-roraima\/\",\"name\":\"Promotor Roraima - Edital na Pra\u00e7a. Saiba tudo agora.\",\"isPartOf\":{\"@id\":\"https:\/\/www.estrategiaconcursos.com.br\/blog\/#website\"},\"primaryImageOfPage\":{\"@id\":\"https:\/\/www.estrategiaconcursos.com.br\/blog\/promotor-roraima\/#primaryimage\"},\"image\":{\"@id\":\"https:\/\/www.estrategiaconcursos.com.br\/blog\/promotor-roraima\/#primaryimage\"},\"thumbnailUrl\":\"https:\/\/www.estrategiaconcursos.com.br\/blog\/wp-content\/uploads\/2016\/05\/novas-corujas-0621.png\",\"datePublished\":\"2017-03-08T00:34:59+00:00\",\"dateModified\":\"2017-03-08T14:06:53+00:00\",\"description\":\"Este artigo revela detalhes mais importantes do concurso Promotor Roraima. Aqui voc\u00ea encontrar\u00e1 os detalhes da remunera\u00e7\u00e3o, das vagas, das disciplinas, etc.\",\"breadcrumb\":{\"@id\":\"https:\/\/www.estrategiaconcursos.com.br\/blog\/promotor-roraima\/#breadcrumb\"},\"inLanguage\":\"pt-BR\",\"potentialAction\":[{\"@type\":\"ReadAction\",\"target\":[\"https:\/\/www.estrategiaconcursos.com.br\/blog\/promotor-roraima\/\"]}]},{\"@type\":\"ImageObject\",\"inLanguage\":\"pt-BR\",\"@id\":\"https:\/\/www.estrategiaconcursos.com.br\/blog\/promotor-roraima\/#primaryimage\",\"url\":\"https:\/\/dhg1h5j42swfq.cloudfront.net\/2016\/05\/14113252\/novas-corujas-0621.png\",\"contentUrl\":\"https:\/\/dhg1h5j42swfq.cloudfront.net\/2016\/05\/14113252\/novas-corujas-0621.png\",\"width\":1020,\"height\":616,\"caption\":\"Simulado ISS Manaus\"},{\"@type\":\"BreadcrumbList\",\"@id\":\"https:\/\/www.estrategiaconcursos.com.br\/blog\/promotor-roraima\/#breadcrumb\",\"itemListElement\":[{\"@type\":\"ListItem\",\"position\":1,\"name\":\"In\u00edcio\",\"item\":\"https:\/\/www.estrategiaconcursos.com.br\/blog\/\"},{\"@type\":\"ListItem\",\"position\":2,\"name\":\"Promotor Roraima &#8211; Edital na Pra\u00e7a. Saiba tudo agora.\"}]},{\"@type\":\"WebSite\",\"@id\":\"https:\/\/www.estrategiaconcursos.com.br\/blog\/#website\",\"url\":\"https:\/\/www.estrategiaconcursos.com.br\/blog\/\",\"name\":\"Estrat\u00e9gia Concursos\",\"description\":\"O blog da Estrat\u00e9gia Concursos traz not\u00edcias sobre concursos e artigos de professores oferecendo cursos para concursos (pdf + videaulas) no site.\",\"publisher\":{\"@id\":\"https:\/\/www.estrategiaconcursos.com.br\/blog\/#organization\"},\"potentialAction\":[{\"@type\":\"SearchAction\",\"target\":{\"@type\":\"EntryPoint\",\"urlTemplate\":\"https:\/\/www.estrategiaconcursos.com.br\/blog\/?s={search_term_string}\"},\"query-input\":{\"@type\":\"PropertyValueSpecification\",\"valueRequired\":true,\"valueName\":\"search_term_string\"}}],\"inLanguage\":\"pt-BR\"},{\"@type\":\"Organization\",\"@id\":\"https:\/\/www.estrategiaconcursos.com.br\/blog\/#organization\",\"name\":\"Estrat\u00e9gia Concursos\",\"url\":\"https:\/\/www.estrategiaconcursos.com.br\/blog\/\",\"logo\":{\"@type\":\"ImageObject\",\"inLanguage\":\"pt-BR\",\"@id\":\"https:\/\/www.estrategiaconcursos.com.br\/blog\/#\/schema\/logo\/image\/\",\"url\":\"https:\/\/dhg1h5j42swfq.cloudfront.net\/2025\/06\/03203428\/logo_concursos-1.jpg\",\"contentUrl\":\"https:\/\/dhg1h5j42swfq.cloudfront.net\/2025\/06\/03203428\/logo_concursos-1.jpg\",\"width\":230,\"height\":60,\"caption\":\"Estrat\u00e9gia Concursos\"},\"image\":{\"@id\":\"https:\/\/www.estrategiaconcursos.com.br\/blog\/#\/schema\/logo\/image\/\"},\"sameAs\":[\"https:\/\/x.com\/EstratConcursos\"]},{\"@type\":\"Person\",\"@id\":\"https:\/\/www.estrategiaconcursos.com.br\/blog\/#\/schema\/person\/80ff9f9f52e43a90b6efd99f2869d22b\",\"name\":\"Paulo Guimar\u00e3es\",\"image\":{\"@type\":\"ImageObject\",\"inLanguage\":\"pt-BR\",\"@id\":\"https:\/\/secure.gravatar.com\/avatar\/08d24bbaa2d103a1d6aba72ee81baa1680267436588d5d9cfb8d32c3aa4ca278?s=96&d=mm&r=g\",\"url\":\"https:\/\/secure.gravatar.com\/avatar\/08d24bbaa2d103a1d6aba72ee81baa1680267436588d5d9cfb8d32c3aa4ca278?s=96&d=mm&r=g\",\"contentUrl\":\"https:\/\/secure.gravatar.com\/avatar\/08d24bbaa2d103a1d6aba72ee81baa1680267436588d5d9cfb8d32c3aa4ca278?s=96&d=mm&r=g\",\"caption\":\"Paulo Guimar\u00e3es\"},\"url\":\"https:\/\/www.estrategiaconcursos.com.br\/blog\/author\/pauloguimaraesestrategiaconcursos-com-br\/\"}]}<\/script>\n<!-- \/ Yoast SEO Premium plugin. -->","yoast_head_json":{"title":"Promotor Roraima - Edital na Pra\u00e7a. Saiba tudo agora.","description":"Este artigo revela detalhes mais importantes do concurso Promotor Roraima. Aqui voc\u00ea encontrar\u00e1 os detalhes da remunera\u00e7\u00e3o, das vagas, das disciplinas, etc.","robots":{"index":"index","follow":"follow","max-snippet":"max-snippet:-1","max-image-preview":"max-image-preview:large","max-video-preview":"max-video-preview:-1"},"canonical":"https:\/\/www.estrategiaconcursos.com.br\/blog\/promotor-roraima\/","og_locale":"pt_BR","og_type":"article","og_title":"Promotor Roraima - Edital na Pra\u00e7a. Saiba tudo agora.","og_description":"Este artigo revela detalhes mais importantes do concurso Promotor Roraima. Aqui voc\u00ea encontrar\u00e1 os detalhes da remunera\u00e7\u00e3o, das vagas, das disciplinas, etc.","og_url":"https:\/\/www.estrategiaconcursos.com.br\/blog\/promotor-roraima\/","og_site_name":"Estrat\u00e9gia Concursos","article_published_time":"2017-03-08T00:34:59+00:00","article_modified_time":"2017-03-08T14:06:53+00:00","og_image":[{"url":"https:\/\/www.estrategiaconcursos.com.br\/blog\/wp-content\/uploads\/2016\/05\/novas-corujas-0621.png","type":"","width":"","height":""}],"author":"Paulo Guimar\u00e3es","twitter_card":"summary_large_image","twitter_creator":"@EstratConcursos","twitter_site":"@EstratConcursos","twitter_misc":{"Escrito por":"Paulo Guimar\u00e3es","Est. tempo de leitura":"55 minutos"},"schema":{"@context":"https:\/\/schema.org","@graph":[{"@type":"NewsArticle","@id":"https:\/\/www.estrategiaconcursos.com.br\/blog\/promotor-roraima\/#article","isPartOf":{"@id":"https:\/\/www.estrategiaconcursos.com.br\/blog\/promotor-roraima\/"},"author":{"name":"Paulo Guimar\u00e3es","@id":"https:\/\/www.estrategiaconcursos.com.br\/blog\/#\/schema\/person\/80ff9f9f52e43a90b6efd99f2869d22b"},"headline":"Promotor Roraima &#8211; Edital na Pra\u00e7a. Saiba tudo agora.","datePublished":"2017-03-08T00:34:59+00:00","dateModified":"2017-03-08T14:06:53+00:00","mainEntityOfPage":{"@id":"https:\/\/www.estrategiaconcursos.com.br\/blog\/promotor-roraima\/"},"wordCount":11101,"commentCount":0,"publisher":{"@id":"https:\/\/www.estrategiaconcursos.com.br\/blog\/#organization"},"image":{"@id":"https:\/\/www.estrategiaconcursos.com.br\/blog\/promotor-roraima\/#primaryimage"},"thumbnailUrl":"https:\/\/www.estrategiaconcursos.com.br\/blog\/wp-content\/uploads\/2016\/05\/novas-corujas-0621.png","keywords":["MP RR"],"articleSection":["Concursos P\u00fablicos","Jur\u00eddico"],"inLanguage":"pt-BR","potentialAction":[{"@type":"CommentAction","name":"Comment","target":["https:\/\/www.estrategiaconcursos.com.br\/blog\/promotor-roraima\/#respond"]}],"copyrightYear":"2017","copyrightHolder":{"@id":"https:\/\/www.estrategiaconcursos.com.br\/blog\/#organization"}},{"@type":"WebPage","@id":"https:\/\/www.estrategiaconcursos.com.br\/blog\/promotor-roraima\/","url":"https:\/\/www.estrategiaconcursos.com.br\/blog\/promotor-roraima\/","name":"Promotor Roraima - Edital na Pra\u00e7a. Saiba tudo agora.","isPartOf":{"@id":"https:\/\/www.estrategiaconcursos.com.br\/blog\/#website"},"primaryImageOfPage":{"@id":"https:\/\/www.estrategiaconcursos.com.br\/blog\/promotor-roraima\/#primaryimage"},"image":{"@id":"https:\/\/www.estrategiaconcursos.com.br\/blog\/promotor-roraima\/#primaryimage"},"thumbnailUrl":"https:\/\/www.estrategiaconcursos.com.br\/blog\/wp-content\/uploads\/2016\/05\/novas-corujas-0621.png","datePublished":"2017-03-08T00:34:59+00:00","dateModified":"2017-03-08T14:06:53+00:00","description":"Este artigo revela detalhes mais importantes do concurso Promotor Roraima. Aqui voc\u00ea encontrar\u00e1 os detalhes da remunera\u00e7\u00e3o, das vagas, das disciplinas, etc.","breadcrumb":{"@id":"https:\/\/www.estrategiaconcursos.com.br\/blog\/promotor-roraima\/#breadcrumb"},"inLanguage":"pt-BR","potentialAction":[{"@type":"ReadAction","target":["https:\/\/www.estrategiaconcursos.com.br\/blog\/promotor-roraima\/"]}]},{"@type":"ImageObject","inLanguage":"pt-BR","@id":"https:\/\/www.estrategiaconcursos.com.br\/blog\/promotor-roraima\/#primaryimage","url":"https:\/\/dhg1h5j42swfq.cloudfront.net\/2016\/05\/14113252\/novas-corujas-0621.png","contentUrl":"https:\/\/dhg1h5j42swfq.cloudfront.net\/2016\/05\/14113252\/novas-corujas-0621.png","width":1020,"height":616,"caption":"Simulado ISS Manaus"},{"@type":"BreadcrumbList","@id":"https:\/\/www.estrategiaconcursos.com.br\/blog\/promotor-roraima\/#breadcrumb","itemListElement":[{"@type":"ListItem","position":1,"name":"In\u00edcio","item":"https:\/\/www.estrategiaconcursos.com.br\/blog\/"},{"@type":"ListItem","position":2,"name":"Promotor Roraima &#8211; Edital na Pra\u00e7a. Saiba tudo agora."}]},{"@type":"WebSite","@id":"https:\/\/www.estrategiaconcursos.com.br\/blog\/#website","url":"https:\/\/www.estrategiaconcursos.com.br\/blog\/","name":"Estrat\u00e9gia Concursos","description":"O blog da Estrat\u00e9gia Concursos traz not\u00edcias sobre concursos e artigos de professores oferecendo cursos para concursos (pdf + videaulas) no site.","publisher":{"@id":"https:\/\/www.estrategiaconcursos.com.br\/blog\/#organization"},"potentialAction":[{"@type":"SearchAction","target":{"@type":"EntryPoint","urlTemplate":"https:\/\/www.estrategiaconcursos.com.br\/blog\/?s={search_term_string}"},"query-input":{"@type":"PropertyValueSpecification","valueRequired":true,"valueName":"search_term_string"}}],"inLanguage":"pt-BR"},{"@type":"Organization","@id":"https:\/\/www.estrategiaconcursos.com.br\/blog\/#organization","name":"Estrat\u00e9gia Concursos","url":"https:\/\/www.estrategiaconcursos.com.br\/blog\/","logo":{"@type":"ImageObject","inLanguage":"pt-BR","@id":"https:\/\/www.estrategiaconcursos.com.br\/blog\/#\/schema\/logo\/image\/","url":"https:\/\/dhg1h5j42swfq.cloudfront.net\/2025\/06\/03203428\/logo_concursos-1.jpg","contentUrl":"https:\/\/dhg1h5j42swfq.cloudfront.net\/2025\/06\/03203428\/logo_concursos-1.jpg","width":230,"height":60,"caption":"Estrat\u00e9gia Concursos"},"image":{"@id":"https:\/\/www.estrategiaconcursos.com.br\/blog\/#\/schema\/logo\/image\/"},"sameAs":["https:\/\/x.com\/EstratConcursos"]},{"@type":"Person","@id":"https:\/\/www.estrategiaconcursos.com.br\/blog\/#\/schema\/person\/80ff9f9f52e43a90b6efd99f2869d22b","name":"Paulo Guimar\u00e3es","image":{"@type":"ImageObject","inLanguage":"pt-BR","@id":"https:\/\/secure.gravatar.com\/avatar\/08d24bbaa2d103a1d6aba72ee81baa1680267436588d5d9cfb8d32c3aa4ca278?s=96&d=mm&r=g","url":"https:\/\/secure.gravatar.com\/avatar\/08d24bbaa2d103a1d6aba72ee81baa1680267436588d5d9cfb8d32c3aa4ca278?s=96&d=mm&r=g","contentUrl":"https:\/\/secure.gravatar.com\/avatar\/08d24bbaa2d103a1d6aba72ee81baa1680267436588d5d9cfb8d32c3aa4ca278?s=96&d=mm&r=g","caption":"Paulo Guimar\u00e3es"},"url":"https:\/\/www.estrategiaconcursos.com.br\/blog\/author\/pauloguimaraesestrategiaconcursos-com-br\/"}]}},"_links":{"self":[{"href":"https:\/\/www.estrategiaconcursos.com.br\/blog\/wp-json\/wp\/v2\/posts\/66558","targetHints":{"allow":["GET"]}}],"collection":[{"href":"https:\/\/www.estrategiaconcursos.com.br\/blog\/wp-json\/wp\/v2\/posts"}],"about":[{"href":"https:\/\/www.estrategiaconcursos.com.br\/blog\/wp-json\/wp\/v2\/types\/post"}],"author":[{"embeddable":true,"href":"https:\/\/www.estrategiaconcursos.com.br\/blog\/wp-json\/wp\/v2\/users\/99"}],"replies":[{"embeddable":true,"href":"https:\/\/www.estrategiaconcursos.com.br\/blog\/wp-json\/wp\/v2\/comments?post=66558"}],"version-history":[{"count":29,"href":"https:\/\/www.estrategiaconcursos.com.br\/blog\/wp-json\/wp\/v2\/posts\/66558\/revisions"}],"predecessor-version":[{"id":66601,"href":"https:\/\/www.estrategiaconcursos.com.br\/blog\/wp-json\/wp\/v2\/posts\/66558\/revisions\/66601"}],"wp:attachment":[{"href":"https:\/\/www.estrategiaconcursos.com.br\/blog\/wp-json\/wp\/v2\/media?parent=66558"}],"wp:term":[{"taxonomy":"category","embeddable":true,"href":"https:\/\/www.estrategiaconcursos.com.br\/blog\/wp-json\/wp\/v2\/categories?post=66558"},{"taxonomy":"post_tag","embeddable":true,"href":"https:\/\/www.estrategiaconcursos.com.br\/blog\/wp-json\/wp\/v2\/tags?post=66558"},{"taxonomy":"tax_estado","embeddable":true,"href":"https:\/\/www.estrategiaconcursos.com.br\/blog\/wp-json\/wp\/v2\/tax_estado?post=66558"}],"curies":[{"name":"wp","href":"https:\/\/api.w.org\/{rel}","templated":true}]}}