{"id":66534,"date":"2017-03-08T00:49:21","date_gmt":"2017-03-08T03:49:21","guid":{"rendered":"https:\/\/www.estrategiaconcursos.com.br\/blog\/?p=66534"},"modified":"2018-09-28T17:55:34","modified_gmt":"2018-09-28T20:55:34","slug":"trf-2-analista-de-desenvolvimento-gestao-e-governanca-de-ti-possibilidade-de-recurso","status":"publish","type":"post","link":"https:\/\/www.estrategiaconcursos.com.br\/blog\/trf-2-analista-de-desenvolvimento-gestao-e-governanca-de-ti-possibilidade-de-recurso\/","title":{"rendered":"TRF 2 Analista de Desenvolvimento \u2013 Gest\u00e3o e Governan\u00e7a de TI (Possibilidade de Recurso)"},"content":{"rendered":"<p style=\"text-align: justify;\">Ol\u00e1 pessoal! Voltei agora com os coment\u00e1rios para as quest\u00f5es de Gest\u00e3o e Governan\u00e7a da prova para \u00e1rea de desenvolvimento do TRF 2\u00aa Regi\u00e3o!<\/p>\n<p style=\"text-align: justify;\">Na minha opini\u00e3o temos duas possibilidades de recursos!<\/p>\n<p style=\"text-align: justify;\">Sem mais bl\u00e1 bl\u00e1&#8230; vamos em frente!<\/p>\n<p style=\"text-align: justify;\">Mais uma vez a prova utilizada foi a TIPO 1 \u2013 Branca!<\/p>\n<p style=\"text-align: justify;\">Consulplan \u2013 TRF 2\u00aa Regi\u00e3o \u2013 Analista Judici\u00e1rio \u2013 Desenvolvimento \u2013 Prova Tipo 1<\/p>\n<p style=\"text-align: justify;\"><strong><u>Quest\u00e3o 11<\/u><\/strong><\/p>\n<p style=\"text-align: justify;\">De acordo com o Guia Geral MPS de Software \u2013 2016, um processo representa, dentro da \u00e1rea de software, um conjunto de atividades cujo objetivo \u00e9 atingir uma meta previamente definida. No processo Ger\u00eancia de requisitos \u2013 GRE, n\u00edvel G do MPS.BR (Melhoria de Processo do Software Brasileiro), os resultados esperados s\u00e3o:<\/p>\n<p style=\"text-align: justify;\">I. GRE 1. O escopo do trabalho para o projeto \u00e9 definido.<\/p>\n<p style=\"text-align: justify;\">II. GRE 2. Os requisitos s\u00e3o avaliados com base em crit\u00e9rios objetivos e um comprometimento da equipe t\u00e9cnica com estes requisitos \u00e9 obtido.<\/p>\n<p style=\"text-align: justify;\">III. GRE 3. A rastreabilidade bidirecional entre os requisitos e os produtos de trabalho \u00e9 estabelecida e mantida.<\/p>\n<p style=\"text-align: justify;\">IV. GRE 4. Revis\u00f5es em planos e produtos de trabalho do projeto s\u00e3o realizadas visando identificar e corrigir inconsist\u00eancias em rela\u00e7\u00e3o aos requisitos.<\/p>\n<p style=\"text-align: justify;\">V. GRE 5. Mudan\u00e7as nos requisitos s\u00e3o descartadas ao longo do projeto.<\/p>\n<p style=\"text-align: justify;\">Est\u00e3o corretas apenas as afirmativas<\/p>\n<ol style=\"list-style-type: upper-alpha;\">\n<li style=\"text-align: justify;\">I, II e III. B) I, II e IV. C) II, III e IV. D) III, IV e V.<\/li>\n<\/ol>\n<p style=\"text-align: justify;\">\n<p style=\"text-align: justify;\"><strong>Coment\u00e1rios:<\/strong>\u00a0 <strong>Vamos l\u00e1 &#8230; o prop\u00f3sito do processo Ger\u00eancia de Requisitos \u00e9 gerenciar os requisitos do produto e dos componentes do produto do projeto e identificar inconsist\u00eancias entre os requisitos, os planos do projeto e os produtos de trabalho do projeto.\u00a0 J\u00e1 os resultados esperados deste processo no n\u00edvel G s\u00e3o:<\/strong><\/p>\n<ul>\n<li style=\"text-align: justify;\"><strong>O entendimento dos requisitos \u00e9 obtido junto aos fornecedores de requisitos;<\/strong><\/li>\n<li style=\"text-align: justify;\"><strong>Os requisitos s\u00e3o avaliados com base em crit\u00e9rios objetivos e um comprometimento da equipe t\u00e9cnica com estes requisitos \u00e9 obtido;<\/strong><\/li>\n<li style=\"text-align: justify;\"><strong>A rastreabilidade bidirecional entre os requisitos e os produtos de trabalho \u00e9 estabelecida e mantida;<\/strong><\/li>\n<li style=\"text-align: justify;\"><strong>Revis\u00f5es em planos e produtos de trabalho do projeto s\u00e3o realizadas visando identificar e corrigir inconsist\u00eancias em rela\u00e7\u00e3o aos requisitos; e<\/strong><\/li>\n<li style=\"text-align: justify;\"><strong>Mudan\u00e7as nos requisitos s\u00e3o gerenciadas ao longo do projeto.<\/strong><\/li>\n<\/ul>\n<p style=\"text-align: justify;\"><strong>Desta maneira, o gabarito \u00e9 a letra C, pois os itens I e V est\u00e3o incorretos\u00a0 (n\u00e3o h\u00e1 que se falar em escopo de projeto definido e as mudan\u00e7as s\u00e3o gerenciadas e n\u00e3o descartadas ao longo do projeto).<\/strong><\/p>\n<p style=\"text-align: justify;\"><strong><u>Quest\u00e3o 13<\/u><\/strong><br \/>\nO Projeto MPS.BR (Melhoria de Processo do Software Brasileiro) foi iniciado a partir de dezembro de 2003, tendo como objetivo melhorar a capacidade de desenvolvimento de software, servi\u00e7os e pr\u00e1ticas de gest\u00e3o de RH na ind\u00fastria de TIC. Foi baseado nas normas j\u00e1 existentes. A seguir s\u00e3o apresentadas as bases t\u00e9cnicas para o desenvolvimento do modelo MPS, segundo o guia Geral de Software \u2013 2016. De acordo com o exposto, assinale a alternativa correta.<br \/>\nA) ISO\/IEC 12207:2008, ISO\/IEC 20000, NBR ISO 9001:2008 e CMMI-SVC\u00ae, ISO\/IEC fam\u00edlia 330xx, CMM\u00ae \u2013 People Capability Maturity Model\u00ae, PNQ\u00ae \u2013 Pr\u00eamio Nacional da Qualidade\u00ae, MoProSoft \u2013 NMX-I-059\/2-NYCE-2011<br \/>\nB) ISO\/IEC fam\u00edlia 330xx ,ISO\/IEC 22301:2013, ISO\/IEC 20000, NBR ISO 9001:2008 e CMMI-SVC\u00ae, CMM\u00ae \u2013 People Capability Maturity Model\u00ae, PNQ\u00ae \u2013 Pr\u00eamio Nacional da Qualidade\u00ae e MoProSoft \u2013 NMX-I-059\/2-NYCE-2011.<br \/>\nC) ISO\/IEC 20000, NBR ISO 9001:2008, CMM\u00ae \u2013 People Capability Maturity Model\u00ae, ISO\/IEC fam\u00edlia 330xx, ISO\/IEC 23007:2013 e CMMI-SVC\u00ae, PNQ\u00ae \u2013 Pr\u00eamio Nacional da Qualidade\u00ae, MoProSoft \u2013 NMX-I-059\/2-NYCE-2011 e ISO\/IEC 34301:2007.<br \/>\nD) CMM\u00ae \u2013 People Capability Maturity Model\u00ae, ISO\/IEC 20000, ISO\/IEC fam\u00edlia 330xx, NBR ISO 9001:2008, ISO\/IEC 31000:2009 e CMMI-SVC\u00ae, PNQ\u00ae \u2013 Pr\u00eamio Nacional da Qualidade\u00ae, ISO\/IEC 34301:2007 e MoProSoft \u2013 NMX-I-059\/2-NYCE-2011.<\/p>\n<p style=\"text-align: justify;\"><strong>Coment\u00e1rios: Com tanta coisa pra cobrar sobre MPS.BR, o examinador (a) resolver pedir as refer\u00eancias??? Pois \u00e9&#8230; mas ele fez! E a\u00ed n\u00e3o tem jeito&#8230; ou conhecemos as normas ou chutamos com 25% de chance (neste caso) de acertar. No \u00edndice do documento (MPS.BR Guia Geral MPS de Software) j\u00e1 tem a lista das refer\u00eancias. S\u00e3o elas:<\/strong><\/p>\n<p style=\"text-align: justify;\"><strong>\u2022 ISO\/IEC 12207:2008;<br \/>\n\u2022 ISO\/IEC 20000;<br \/>\n\u2022 NBR ISO 9001:2008;<br \/>\n\u2022 CMMI-SVC\u00ae;<br \/>\n\u2022 ISO\/IEC fam\u00edlia 330xx, CMM;<br \/>\n\u2022 People Capability Maturity Model;<br \/>\n\u2022 PNQ \u2013 Pr\u00eamio Nacional da Qualidade; e<br \/>\n\u2022 MoProSoft \u2013 NMX-I-059\/2-NYCE-2011.<\/strong><\/p>\n<p style=\"text-align: justify;\"><strong>Mas quem se lembrou dessa figura talvez tenha tido mais chance de acertar a quest\u00e3o!<\/strong><\/p>\n<p style=\"text-align: justify;\"><img loading=\"lazy\" decoding=\"async\" class=\"alignnone size-medium wp-image-66617\" title=\"\" src=\"https:\/\/dhg1h5j42swfq.cloudfront.net\/2017\/03\/08002233\/Modelo-MPSBR.png\" alt=\"\" width=\"300\" height=\"185\" srcset=\"https:\/\/dhg1h5j42swfq.cloudfront.net\/2017\/03\/08002233\/Modelo-MPSBR.png 927w, https:\/\/dhg1h5j42swfq.cloudfront.net\/2017\/03\/08002233\/Modelo-MPSBR.png 300w, https:\/\/dhg1h5j42swfq.cloudfront.net\/2017\/03\/08002233\/Modelo-MPSBR.png 768w, https:\/\/dhg1h5j42swfq.cloudfront.net\/2017\/03\/08002233\/Modelo-MPSBR.png 485w\" sizes=\"auto, (max-width: 300px) 100vw, 300px\" \/><\/p>\n<p style=\"text-align: justify;\"><strong>Isso tudo a\u00ed s\u00f3 aparece na letra A que \u00e9 gabarito da quest\u00e3o!<\/strong><\/p>\n<p style=\"text-align: justify;\"><strong><u>Quest\u00e3o 14<\/u><\/strong><br \/>\nO CMMI (Capability Maturity Model \u2013 Integration) para Desenvolvimento tem como base as melhores pr\u00e1ticas em rela\u00e7\u00e3o \u00e0s atividades de desenvolvimento e manuten\u00e7\u00e3o aplicadas a produtos e servi\u00e7os. Abrangendo pr\u00e1ticas que englobam todo o ciclo de vida de um produto, concentrando os esfor\u00e7os no trabalho necess\u00e1rio para constru\u00e7\u00e3o e manuten\u00e7\u00e3o do produto em sua totalidade. O CMMI \u2013 DEV 1.2 possibilita a abordagem da melhoria e avalia\u00e7\u00e3o de processos utilizando duas representa\u00e7\u00f5es diferentes: cont\u00ednua e por est\u00e1gios. Com rela\u00e7\u00e3o \u00e0 representa\u00e7\u00e3o por est\u00e1gios, \u00e9 correto afirmar que a representa\u00e7\u00e3o por est\u00e1gios<br \/>\nA) permite visibilidade crescente da capacidade alcan\u00e7ada em cada \u00e1rea de processo.<br \/>\nB) descreve em resumidamente os resultados de melhoria de processo em uma forma simples.<br \/>\nC) admite que as organiza\u00e7\u00f5es fa\u00e7am a escolha de um percurso de melhoria e sem a necessidade de teste.<br \/>\nD) tem como foco um conjunto de processos a fim de prover \u00e0 organiza\u00e7\u00e3o uma capacidade espec\u00edfica, caracterizada por cada n\u00edvel de maturidade.<\/p>\n<p style=\"text-align: justify;\">\n<strong>Coment\u00e1rios: Pessoal, na letra A o erro est\u00e1 em afirmar que se trata de uma visibilidade \u201ccrescente\u201d, pois neste caso os processos s\u00e3o agrupados por n\u00edveis de maturidade. A representa\u00e7\u00e3o por est\u00e1gio indica quais \u00e1reas de processo devem ser implementadas para alcan\u00e7ar o determinado n\u00edvel de maturidade. Desta maneira, n\u00e3o h\u00e1 visibilidade crescente da capacidade alcan\u00e7ada em cada \u00e1rea de processo.<\/strong><\/p>\n<p style=\"text-align: justify;\"><strong>Na letra C \u00e9 exatamente o contr\u00e1rio do que foi afirmado. A representa\u00e7\u00e3o por est\u00e1gios estabelece um caminho predeterminado para a melhoria a partir do n\u00edvel de maturidade 1 em dire\u00e7\u00e3o ao n\u00edvel de maturidade 5, que envolve a satisfa\u00e7\u00e3o das metas das \u00e1reas de processo em cada n\u00edvel de maturidade.<\/strong><\/p>\n<p style=\"text-align: justify;\"><strong>Agora vamos ao \u201cX\u201d da quest\u00e3o! O gabarito preliminar indica a letra D como a correta e&#8230; de fato ela est\u00e1 correta. A representa\u00e7\u00e3o por est\u00e1gios foca em um conjunto de processos que fornece \u00e0 organiza\u00e7\u00e3o uma capacidade espec\u00edfica caracterizada por cada n\u00edvel de maturidade. <\/strong><\/p>\n<p style=\"text-align: justify;\"><strong>O problema \u00e9 que a letra B tamb\u00e9m est\u00e1 correta j\u00e1 que, no mesmo quadro inclusive (CMMI para Desenvolvimento \u2013 Vers\u00e3o 1.2), onde h\u00e1 a defini\u00e7\u00e3o dada na letra D, est\u00e1 escrito que a representa\u00e7\u00e3o por est\u00e1gios resume os resultados de melhoria de processo em uma forma simples: um \u00fanico n\u00famero que representa o n\u00edvel de maturidade. Nesta letra B h\u00e1, no m\u00e1ximo, um erro de reda\u00e7\u00e3o (parece que ficou faltando uma palavra), mas, em minha opini\u00e3o isso n\u00e3o invalida a afirmativa. Desta maneira, considero sim que h\u00e1 possibilidade de recurso solicitando que a quest\u00e3o seja anulada!<\/strong><\/p>\n<p style=\"text-align: justify;\"><strong><u>Quest\u00e3o 16<\/u><\/strong><br \/>\nO principal objetivo da estrat\u00e9gia do servi\u00e7o \u00e9 fornecer as diretrizes para fomentar os v\u00e1rios est\u00e1gios do ciclo de vida do servi\u00e7o e transformar o Gerenciamento de Servi\u00e7os em um ativo estrat\u00e9gico, dando o direcionamento de como projetar, desenvolver e implement\u00e1-los. Assinale a afirmativa correta acerca da estrat\u00e9gia de servi\u00e7os do modelo ITIL v3.<br \/>\nA) O Gerenciamento de demanda, o Gerenciamento de portf\u00f3lio e o Gerenciamento de disponibilidade comp\u00f5em os processos da estrat\u00e9gia de servi\u00e7os.<br \/>\nB) O portf\u00f3lio de servi\u00e7os gerencia um conjunto de servi\u00e7os para manter e aumentar a entrega dos servi\u00e7os dentro da organiza\u00e7\u00e3o ao longo do ciclo de vida do servi\u00e7o.<br \/>\nC) A finalidade da estrat\u00e9gia de servi\u00e7os \u00e9 mapear e manter os n\u00edveis de entrega de servi\u00e7os requisitados a um custo aceit\u00e1vel. Os requisitos e necessidades s\u00e3o acordados e documentados em um pacote de n\u00edvel de servi\u00e7os.<br \/>\nD) Na estrat\u00e9gia de servi\u00e7os as decis\u00f5es s\u00e3o realizadas levando em considera\u00e7\u00e3o apenas tr\u00eas elementos: processos adapt\u00e1veis para os clientes e estrat\u00e9gias; gerenciamento das incertezas e complexidades; e, aumento da vida econ\u00f4mica dos servi\u00e7os.<\/p>\n<p style=\"text-align: justify;\"><strong>Coment\u00e1rios: Bom, aqui o examinador conta pra gente qual \u00e9 o objetivo da \u201cEstrat\u00e9gia de Servi\u00e7o\u201d da ITIL e no final pede pra gente marcar a alternativa correta. Considerei uma quest\u00e3o bem elaborada. A letra A est\u00e1 errada pois gerenciamento da disponibilidade n\u00e3o faz parte da estrat\u00e9gia de servi\u00e7os.<\/strong><\/p>\n<p style=\"text-align: justify;\"><strong>J\u00e1 a letra B est\u00e1 errada pois o portf\u00f3lio \u00e9 um conjunto completo de servi\u00e7os, incluindo o funil, o cat\u00e1logo, os servi\u00e7os obsoletos e os servi\u00e7os que ainda n\u00e3o existem, mas que a organiza\u00e7\u00e3o ofereceria se tivesse recursos ilimitados, mas n\u00e3o est\u00e1 relacionado (pelo menos n\u00e3o diretamente) com a entrega dos servi\u00e7os. A letra D tamb\u00e9m est\u00e1 errada as decis\u00f5es n\u00e3o s\u00e3o tomadas com base em tais\u00a0elementos!<\/strong><\/p>\n<p style=\"text-align: justify;\"><strong>S\u00f3 nos resta a letra C! De fato, a estrat\u00e9gia de servi\u00e7os \u00e9 mapear e manter os n\u00edveis de entrega de servi\u00e7os requisitados a um custo aceit\u00e1vel e os requisitos e necessidades s\u00e3o acordados e documentados em um pacote de n\u00edvel de servi\u00e7os (SLP \u2013 Service Level Package). Gabarito letra C!<\/strong><\/p>\n<p style=\"text-align: justify;\"><strong><u>Quest\u00e3o 19<\/u><\/strong><br \/>\nA ITIL formou-se no final da d\u00e9cada de 1980 pela CCTA (Central Communications and Telecom Agency), atual OGC (Office of Government Commerce), como um esfor\u00e7o para disciplinar e permitir a compara\u00e7\u00e3o entre as propostas dos diversos prestadores de servi\u00e7os de TI para o governo brit\u00e2nico, objetivando garantir um m\u00ednimo de padroniza\u00e7\u00e3o de atendimento em termos de processos, terminologia, desempenho, qualidade e custo. A biblioteca ITIL V3 est\u00e1 agrupada em cinco volumes: Estrat\u00e9gia de Servi\u00e7os, Projeto de Servi\u00e7os, Transa\u00e7\u00e3o de Servi\u00e7o, Opera\u00e7\u00e3o de Servi\u00e7o e Melhoria Cont\u00ednua de Servi\u00e7o, dos quais s\u00e3o compostos em sua totalidade por 26 processos e quatro fun\u00e7\u00f5es. Dentre os processos, \u00e9 INCORRETO afirmar que:<br \/>\nA) Os seguintes processos fazem parte da opera\u00e7\u00e3o de servi\u00e7os: gerenciamento de eventos, gerenciamento de acidentes, execu\u00e7\u00e3o de requisi\u00e7\u00e3o e gerenciamento de acesso.<br \/>\nB) Os processos que fazem parte da estrat\u00e9gia de servi\u00e7o s\u00e3o: gerenciamento de demanda, gerenciamento de portf\u00f3lio, gerenciamento financeiro e gerenciamento de transi\u00e7\u00e3o.<br \/>\nC) Os seguintes processos fazem parte do projeto de servi\u00e7os: gerenciamento de n\u00edvel de servi\u00e7o, gerenciamento de disponibilidade, gerenciamento de fornecedores, gerenciamento de capacidade e gerenciamento da continuidade dos servi\u00e7os.<br \/>\nD) Os seguintes processos fazem parte da transa\u00e7\u00e3o de servi\u00e7os: planejamento e suporte \u00e0 transa\u00e7\u00e3o, gerenciamento de mudan\u00e7a, gerenciamento de ativos de servi\u00e7os e configura\u00e7\u00e3o, gerenciamento de libera\u00e7\u00e3o e distribui\u00e7\u00e3o, valida\u00e7\u00e3o e testes do servi\u00e7o e avalia\u00e7\u00e3o.<\/p>\n<p style=\"text-align: justify;\"><strong>Coment\u00e1rios: Essa quest\u00e3o deixou alguns candidatos de \u201corelha em p\u00e9\u201d&#8230; Nesta quest\u00e3o o ilustre amigo (a) examinador (a) utilizou tradu\u00e7\u00f5es menos usuais dos nomes dos livros da ITIL (projeto de servi\u00e7o e transa\u00e7\u00e3o de servi\u00e7o). O problema \u00e9 que ele n\u00e3o parou de \u201cinventar\u201d por a\u00ed!!! Essa quest\u00e3o deve ser anulada!<\/strong><\/p>\n<p style=\"text-align: justify;\"><strong>De cara marcar\u00edamos a letra A (j\u00e1 que a quest\u00e3o pede a incorreta), pois n\u00e3o existe Gerenciamento de \u201cacidentes\u201d no livro de opera\u00e7\u00e3o de servi\u00e7os, nem em nenhum outro livro da ITIL. Mas&#8230;a letra B tamb\u00e9m est\u00e1 errada! N\u00e3o existe o processo \u201cGerenciamento da Transi\u00e7\u00e3o\u201d!<\/strong><\/p>\n<p style=\"text-align: justify;\"><strong>Lendo estas duas alternativas eu at\u00e9 pensei que o examinado tinha se confundido no comando da quest\u00e3o quando pediu a incorreta (achei que talvez ele quisesse a correta) e fui atr\u00e1s de erros nas letras C e D, mas ambas est\u00e3o de fato corretas. Sendo assim meus amigos, n\u00e3o outra alternativa sen\u00e3o, ANULAR a quest\u00e3o pois h\u00e1 duas respostas poss\u00edveis (neste caso, duas alternativas incorretas).<\/strong><\/p>\n<p style=\"text-align: justify;\"><strong><u>Quest\u00e3o 27<\/u><\/strong><br \/>\nUma boa pol\u00edtica de seguran\u00e7a define controles l\u00f3gicos e f\u00edsicos assegurando um determinado n\u00edvel de disponibilidade dos servi\u00e7os, confiabilidade dos dados e serve de refer\u00eancia para as a\u00e7\u00f5es de treinamento dos usu\u00e1rios e demais procedimentos de seguran\u00e7a. A ISO\/IEC 27.000 apresenta uma introdu\u00e7\u00e3o geral de um sistema da seguran\u00e7a da informa\u00e7\u00e3o e fornece um gloss\u00e1rio, contendo defini\u00e7\u00f5es da maioria dos termos. Analise as afirmativas a respeito das Normas NBR ISO\/IEC n\u00ba 27.001:2013, NBR ISO\/IEC n\u00ba 27002:2013 e NBR ISO\/IEC n\u00ba27005:2011.<br \/>\nI. Na \u00f3tica da NBR ISO\/IEC n\u00ba 27.001:2013 e NBR ISO\/IEC n\u00ba 27.002:2013, a seguran\u00e7a que pode ser alcan\u00e7ada atrav\u00e9s de meios t\u00e9cnicos \u00e9 limitada e est\u00e1 apoiada por procedimentos e gerenciamentos apropriados. A identifica\u00e7\u00e3o de quais controles devem ser implementados requer planejamento e aten\u00e7\u00e3o cuidadosa em n\u00edvel de detalhes, um sistema de gest\u00e3o da seguran\u00e7a da informa\u00e7\u00e3o bem-sucedido requer apoio de todos os funcion\u00e1rios da organiza\u00e7\u00e3o.<br \/>\nII. A norma NBR ISO\/IEC n\u00ba 27.005:2011 fornece diretrizes para o processo de gest\u00e3o de riscos de seguran\u00e7a da informa\u00e7\u00e3o de uma organiza\u00e7\u00e3o, atendendo particularmente aos requisitos de um Sistema de Gest\u00e3o de Seguran\u00e7a da Informa\u00e7\u00e3o (SGSI) de acordo com a Norma NBR ISO\/IEC n\u00ba 27.001, incluindo um m\u00e9todo espec\u00edfico para a gest\u00e3o de riscos de seguran\u00e7a da informa\u00e7\u00e3o. Cabendo \u00e0 organiza\u00e7\u00e3o a implementa\u00e7\u00e3o e \u00e0 adequa\u00e7\u00e3o do modelo a estrutura do neg\u00f3cio.<br \/>\nIII. A sele\u00e7\u00e3o de controles de seguran\u00e7a da informa\u00e7\u00e3o depende das decis\u00f5es da organiza\u00e7\u00e3o, criando sua pr\u00f3pria legisla\u00e7\u00e3o e regulamenta\u00e7\u00e3o baseadas nos crit\u00e9rios internos da organiza\u00e7\u00e3o para aceita\u00e7\u00e3o de risco.<br \/>\nEst\u00e1(\u00e3o) correta(s) apenas a(s) afirmativa(s)<br \/>\nA) I. B) I e II. C) I e III. D) II e III.<\/p>\n<p style=\"text-align: justify;\"><strong>Coment\u00e1rios: A norma 27002\/2013 diz, logo em nas suas primeiras p\u00e1ginas que, de fato, os fatores de sucesso na implanta\u00e7\u00e3o de um SGSI v\u00e3o al\u00e9m dos meios t\u00e9cnicos dispon\u00edveis! N\u00e3o \u00e9 por acaso inclusive que as referidas normas citam recorrentemente a conscientiza\u00e7\u00e3o e apoio de funcion\u00e1rios, responsabiliza\u00e7\u00e3o e identifica\u00e7\u00e3o dos controles pertinentes. Item correto.<\/strong><\/p>\n<p style=\"text-align: justify;\"><strong>Em rela\u00e7\u00e3o ao item II, a ISO 27005 n\u00e3o inclui uma metodologia espec\u00edfica para a gest\u00e3o de riscos de seguran\u00e7a da informa\u00e7\u00e3o. Isto quer dizer que cada organiza\u00e7\u00e3o deve sim definir sua abordagem ao processo de gest\u00e3o de riscos e \u00e9 por isso que a referida norma \u00e9 aplic\u00e1vel a todos os tipos de organiza\u00e7\u00e3o. Item correto!<\/strong>\n<\/p>\n<p style=\"text-align: justify;\"><strong>O item III come\u00e7a muito bem e at\u00e9 parece que vai estar correto, mas&#8230; as organiza\u00e7\u00f5es criam suas pr\u00f3prias legisla\u00e7\u00f5es? N\u00e3o n\u00e9 pessoal?! A norma menciona que o enfoque da gest\u00e3o de risco deve estar sujeito a todas as legisla\u00e7\u00f5es e regulamenta\u00e7\u00f5es nacionais e internacionais, relevantes. Item incorreto! Gabarito letra A.<\/strong><\/p>\n<p style=\"text-align: justify;\"><u><strong>Quest\u00e3o 31<\/strong><\/u><br \/>\nA Resolu\u00e7\u00e3o n\u00ba 182\/2013 do Conselho Nacional de Justi\u00e7a (CNJ) versa sobre as diretrizes para as contrata\u00e7\u00f5es de Solu\u00e7\u00e3o de Tecnologia da Informa\u00e7\u00e3o e Comunica\u00e7\u00e3o pelos \u00f3rg\u00e3os submetidos ao controle administrativo e financeiro do Conselho Nacional de Justi\u00e7a (CNJ). Nela julga-se necess\u00e1ria a padroniza\u00e7\u00e3o de procedimentos para as contrata\u00e7\u00f5es de Tecnologia da Informa\u00e7\u00e3o e Comunica\u00e7\u00e3o (TIC), de maneira que haja previsibilidade com rela\u00e7\u00e3o ao planejamento, \u00e0 execu\u00e7\u00e3o e \u00e0 gest\u00e3o dos contratos firmados pelos \u00f3rg\u00e3os submetidos ao controle administrativo e financeiro do CNJ. Considerando as recomenda\u00e7\u00f5es da Resolu\u00e7\u00e3o n\u00ba 182\/2013 do Conselho Nacional de Justi\u00e7a, cap\u00edtulo III \u2013 plano e planejamento de contrata\u00e7\u00f5es, analise as afirmativas a seguir.<br \/>\nI. O plano de contrata\u00e7\u00f5es da STCI do \u00f3rg\u00e3o dever\u00e1 ser elaborado no exerc\u00edcio anterior ao ano de sua contrata\u00e7\u00e3o e, ainda, ser submetido \u00e0 autoridade competente do \u00f3rg\u00e3o que deliberar\u00e1 sobre as a\u00e7\u00f5es e os investimentos em tecnologia da informa\u00e7\u00e3o e comunica\u00e7\u00e3o a serem realizadas; a aprova\u00e7\u00e3o ser\u00e1 at\u00e9 o dia 30 outubro de cada ano.<br \/>\nII. O plano de contrata\u00e7\u00e3o dever\u00e1 ter no m\u00ednimo: 1) indica\u00e7\u00e3o das unidades demandantes por solu\u00e7\u00e3o de tecnologia da informa\u00e7\u00e3o e comunica\u00e7\u00e3o para o ano vindouro; 2) prazo de entrega dos estudos preliminares da STCI e dos projetos b\u00e1sicos ou termos de refer\u00eancia de cada uma das contrata\u00e7\u00f5es pretendidas; e, 3) indica\u00e7\u00e3o da fonte de recurso de acordo com a proposta or\u00e7ament\u00e1ria.<br \/>\nIII. O plano de trabalho \u00e9 um documento que deve ser elaborado em casos de terceiriza\u00e7\u00e3o de atividades executadas mediante cess\u00e3o de m\u00e3o de obra e dever\u00e1 ser elaborado antes do Projeto B\u00e1sico ou do termo de refer\u00eancia.<\/p>\n<p style=\"text-align: justify;\">Est\u00e1(\u00e3o) correta(s) apenas a(s) afirmativa(s)<\/p>\n<p style=\"text-align: justify;\">A) I. B) I e II. C) I e III. D) II e III.<\/p>\n<p style=\"text-align: justify;\"><strong>Coment\u00e1rios: O plano de contrata\u00e7\u00f5es das Solu\u00e7\u00f5es de Tecnologia da Informa\u00e7\u00e3o e Comunica\u00e7\u00e3o (STIC) de cada \u00f3rg\u00e3o do Judici\u00e1rio dever\u00e1 ser elaborado no exerc\u00edcio anterior ao ano de sua execu\u00e7\u00e3o, pela \u00c1rea de Tecnologia da Informa\u00e7\u00e3o e Comunica\u00e7\u00e3o, em harmonia com o seu Plano Diretor de Tecnologia da Informa\u00e7\u00e3o e Comunica\u00e7\u00e3o (PDTIC) e deve ser encaminhado at\u00e9 o dia 30 (trinta) de novembro de cada ano \u00e0 autoridade competente do \u00f3rg\u00e3o. <\/strong><\/p>\n<p style=\"text-align: justify;\"><strong>Portanto o item I est\u00e1 errado! Opa&#8230; nessa o examinador foi legal! J\u00e1 matamos a quest\u00e3o! As demais assertivas est\u00e3o de fato corretas!<\/strong><\/p>\n<p style=\"text-align: justify;\"><strong>Gabarito Letra D (a \u00fanica onde n\u00e3o consta o item I)<\/strong>.<\/p>\n<p style=\"text-align: justify;\"><u><strong>Quest\u00e3o 39<\/strong><\/u><br \/>\nSegundo a Instru\u00e7\u00e3o Normativa n\u00ba 2, de 30 de abril de 2008, Art. 11, \u201ca contrata\u00e7\u00e3o de servi\u00e7os continuados dever\u00e1 adotar unidade de medida que permita a mensura\u00e7\u00e3o dos resultados para o pagamento da contratada, e que elimine a possibilidade de remunerar as empresas com base na quantidade de horas de servi\u00e7o ou por postos de trabalho\u201d.<br \/>\nAssinale a afirmativa INCORRETA em rela\u00e7\u00e3o ao Artigo 11 da Normativa 2\/2008.<br \/>\nA) Deve-se evitar o dom\u00ednio de uma \u00fanica empresa sobre a gest\u00e3o dos servi\u00e7os, evitando a depend\u00eancia em rela\u00e7\u00e3o a prestadores espec\u00edficos, sem exce\u00e7\u00f5es.<br \/>\nB) Excepcionalmente poder\u00e1 ser adotado crit\u00e9rio de remunera\u00e7\u00e3o da contratada por postos de trabalho ou quantidade de horas de servi\u00e7o quando houver inviabilidade da ado\u00e7\u00e3o do crit\u00e9rio de aferi\u00e7\u00e3o dos resultados.<br \/>\nC) Os crit\u00e9rios de aferi\u00e7\u00e3o de resultados dever\u00e3o ser preferencialmente dispostos na forma de Acordos de N\u00edvel de Servi\u00e7os, conforme disp\u00f5e Instru\u00e7\u00e3o Normativa n\u00ba 2\/2008 e que dever\u00e3o ser adaptados \u00e0s metodologias de constru\u00e7\u00e3o de ANS.<br \/>\nD) Quando da ado\u00e7\u00e3o da unidade de medida por postos de trabalho ou horas de servi\u00e7o, admite-se a flexibiliza\u00e7\u00e3o da execu\u00e7\u00e3o da atividade ao longo do hor\u00e1rio de expediente, vedando-se a realiza\u00e7\u00e3o de horas-extras ou pagamento de adicionais n\u00e3o previstos nem estimados originariamente no instrumento convocat\u00f3rio.<\/p>\n<p style=\"text-align: justify;\"><strong>Coment\u00e1rios: Quest\u00e3o literal! As alternativas B, C e D constam no referido artigo. A IN02 n\u00e3o faz qualquer men\u00e7\u00e3o em rela\u00e7\u00e3o ao que foi afirmado na letra A! Ele quer a incorreta, portanto, gabarito, letra A.<\/strong><\/p>\n<p style=\"text-align: justify;\">\u00c9 isso pessoal! Vou postar ainda a \u00fanica quest\u00e3o de governan\u00e7a para o cargo de t\u00e9cnico!<\/p>\n<p style=\"text-align: justify;\">Siga\u00a0os professores de TI do Estrat\u00e9gia no FACEBOOK\u2026 a minha\u00a0p\u00e1gina\u00a0\u00e9:\u00a0<a href=\"https:\/\/www.facebook.com\/fabioalvesprofessor\">https:\/\/www.facebook.com\/fabioalvesprofessor<\/a><\/p>\n<p style=\"text-align: justify;\">Nosso grupo de TI:\u00a0<a href=\"https:\/\/www.facebook.com\/groups\/EstrategiaConcursosdeTI\/\">https:\/\/www.facebook.com\/groups\/EstrategiaConcursosdeTI\/<\/a><\/p>\n<p style=\"text-align: justify;\">Ab\u00e7os e Sucesso!<\/p>\n<p style=\"text-align: justify;\">F\u00e1bio Alves<\/p>\n","protected":false},"excerpt":{"rendered":"<p>Ol\u00e1 pessoal! Voltei agora com os coment\u00e1rios para as quest\u00f5es de Gest\u00e3o e Governan\u00e7a da prova para \u00e1rea de desenvolvimento do TRF 2\u00aa Regi\u00e3o! Na minha opini\u00e3o temos duas possibilidades de recursos! Sem mais bl\u00e1 bl\u00e1&#8230; vamos em frente! Mais uma vez a prova utilizada foi a TIPO 1 \u2013 Branca! Consulplan \u2013 TRF 2\u00aa [&hellip;]<\/p>\n","protected":false},"author":100,"featured_media":0,"comment_status":"open","ping_status":"open","sticky":false,"template":"","format":"standard","meta":{"post_tipo":"article","footnotes":""},"categories":[1,1984],"tags":[1294],"tax_estado":[],"class_list":["post-66534","post","type-post","status-publish","format-standard","hentry","category-cursos-e-concursos","category-tribunais","tag-trf-2"],"acf":[],"yoast_head":"<!-- This site is optimized with the Yoast SEO Premium plugin v27.2 (Yoast SEO v27.2) - https:\/\/yoast.com\/product\/yoast-seo-premium-wordpress\/ -->\n<title>TRF 2 Analista de Desenvolvimento \u2013 Gest\u00e3o e Governan\u00e7a de TI (Possibilidade de Recurso)<\/title>\n<meta name=\"robots\" content=\"index, follow, max-snippet:-1, max-image-preview:large, max-video-preview:-1\" \/>\n<link rel=\"canonical\" href=\"https:\/\/www.estrategiaconcursos.com.br\/blog\/trf-2-analista-de-desenvolvimento-gestao-e-governanca-de-ti-possibilidade-de-recurso\/\" \/>\n<meta property=\"og:locale\" content=\"pt_BR\" \/>\n<meta property=\"og:type\" content=\"article\" \/>\n<meta property=\"og:title\" content=\"TRF 2 Analista de Desenvolvimento \u2013 Gest\u00e3o e Governan\u00e7a de TI (Possibilidade de Recurso)\" \/>\n<meta property=\"og:description\" content=\"Ol\u00e1 pessoal! Voltei agora com os coment\u00e1rios para as quest\u00f5es de Gest\u00e3o e Governan\u00e7a da prova para \u00e1rea de desenvolvimento do TRF 2\u00aa Regi\u00e3o! Na minha opini\u00e3o temos duas possibilidades de recursos! Sem mais bl\u00e1 bl\u00e1&#8230; vamos em frente! Mais uma vez a prova utilizada foi a TIPO 1 \u2013 Branca! Consulplan \u2013 TRF 2\u00aa [&hellip;]\" \/>\n<meta property=\"og:url\" content=\"https:\/\/www.estrategiaconcursos.com.br\/blog\/trf-2-analista-de-desenvolvimento-gestao-e-governanca-de-ti-possibilidade-de-recurso\/\" \/>\n<meta property=\"og:site_name\" content=\"Estrat\u00e9gia Concursos\" \/>\n<meta property=\"article:published_time\" content=\"2017-03-08T03:49:21+00:00\" \/>\n<meta property=\"article:modified_time\" content=\"2018-09-28T20:55:34+00:00\" \/>\n<meta property=\"og:image\" content=\"https:\/\/www.estrategiaconcursos.com.br\/blog\/wp-content\/uploads\/2017\/03\/Modelo-MPSBR-300x185.png\" \/>\n<meta name=\"author\" content=\"F\u00e1bio Alves\" \/>\n<meta name=\"twitter:card\" content=\"summary_large_image\" \/>\n<meta name=\"twitter:creator\" content=\"@EstratConcursos\" \/>\n<meta name=\"twitter:site\" content=\"@EstratConcursos\" \/>\n<meta name=\"twitter:label1\" content=\"Escrito por\" \/>\n\t<meta name=\"twitter:data1\" content=\"F\u00e1bio Alves\" \/>\n\t<meta name=\"twitter:label2\" content=\"Est. tempo de leitura\" \/>\n\t<meta name=\"twitter:data2\" content=\"17 minutos\" \/>\n<script type=\"application\/ld+json\" class=\"yoast-schema-graph\">{\"@context\":\"https:\/\/schema.org\",\"@graph\":[{\"@type\":\"NewsArticle\",\"@id\":\"https:\/\/www.estrategiaconcursos.com.br\/blog\/trf-2-analista-de-desenvolvimento-gestao-e-governanca-de-ti-possibilidade-de-recurso\/#article\",\"isPartOf\":{\"@id\":\"https:\/\/www.estrategiaconcursos.com.br\/blog\/trf-2-analista-de-desenvolvimento-gestao-e-governanca-de-ti-possibilidade-de-recurso\/\"},\"author\":{\"name\":\"F\u00e1bio Alves\",\"@id\":\"https:\/\/www.estrategiaconcursos.com.br\/blog\/#\/schema\/person\/fd4e12a9213010d2228e6bc69b89b33a\"},\"headline\":\"TRF 2 Analista de Desenvolvimento \u2013 Gest\u00e3o e Governan\u00e7a de TI (Possibilidade de Recurso)\",\"datePublished\":\"2017-03-08T03:49:21+00:00\",\"dateModified\":\"2018-09-28T20:55:34+00:00\",\"mainEntityOfPage\":{\"@id\":\"https:\/\/www.estrategiaconcursos.com.br\/blog\/trf-2-analista-de-desenvolvimento-gestao-e-governanca-de-ti-possibilidade-de-recurso\/\"},\"wordCount\":3348,\"commentCount\":4,\"publisher\":{\"@id\":\"https:\/\/www.estrategiaconcursos.com.br\/blog\/#organization\"},\"image\":{\"@id\":\"https:\/\/www.estrategiaconcursos.com.br\/blog\/trf-2-analista-de-desenvolvimento-gestao-e-governanca-de-ti-possibilidade-de-recurso\/#primaryimage\"},\"thumbnailUrl\":\"https:\/\/www.estrategiaconcursos.com.br\/blog\/wp-content\/uploads\/2017\/03\/Modelo-MPSBR-300x185.png\",\"keywords\":[\"TRF 2\"],\"articleSection\":[\"Concursos P\u00fablicos\",\"Tribunais\"],\"inLanguage\":\"pt-BR\",\"potentialAction\":[{\"@type\":\"CommentAction\",\"name\":\"Comment\",\"target\":[\"https:\/\/www.estrategiaconcursos.com.br\/blog\/trf-2-analista-de-desenvolvimento-gestao-e-governanca-de-ti-possibilidade-de-recurso\/#respond\"]}],\"copyrightYear\":\"2017\",\"copyrightHolder\":{\"@id\":\"https:\/\/www.estrategiaconcursos.com.br\/blog\/#organization\"}},{\"@type\":\"WebPage\",\"@id\":\"https:\/\/www.estrategiaconcursos.com.br\/blog\/trf-2-analista-de-desenvolvimento-gestao-e-governanca-de-ti-possibilidade-de-recurso\/\",\"url\":\"https:\/\/www.estrategiaconcursos.com.br\/blog\/trf-2-analista-de-desenvolvimento-gestao-e-governanca-de-ti-possibilidade-de-recurso\/\",\"name\":\"TRF 2 Analista de Desenvolvimento \u2013 Gest\u00e3o e Governan\u00e7a de TI (Possibilidade de Recurso)\",\"isPartOf\":{\"@id\":\"https:\/\/www.estrategiaconcursos.com.br\/blog\/#website\"},\"primaryImageOfPage\":{\"@id\":\"https:\/\/www.estrategiaconcursos.com.br\/blog\/trf-2-analista-de-desenvolvimento-gestao-e-governanca-de-ti-possibilidade-de-recurso\/#primaryimage\"},\"image\":{\"@id\":\"https:\/\/www.estrategiaconcursos.com.br\/blog\/trf-2-analista-de-desenvolvimento-gestao-e-governanca-de-ti-possibilidade-de-recurso\/#primaryimage\"},\"thumbnailUrl\":\"https:\/\/www.estrategiaconcursos.com.br\/blog\/wp-content\/uploads\/2017\/03\/Modelo-MPSBR-300x185.png\",\"datePublished\":\"2017-03-08T03:49:21+00:00\",\"dateModified\":\"2018-09-28T20:55:34+00:00\",\"breadcrumb\":{\"@id\":\"https:\/\/www.estrategiaconcursos.com.br\/blog\/trf-2-analista-de-desenvolvimento-gestao-e-governanca-de-ti-possibilidade-de-recurso\/#breadcrumb\"},\"inLanguage\":\"pt-BR\",\"potentialAction\":[{\"@type\":\"ReadAction\",\"target\":[\"https:\/\/www.estrategiaconcursos.com.br\/blog\/trf-2-analista-de-desenvolvimento-gestao-e-governanca-de-ti-possibilidade-de-recurso\/\"]}]},{\"@type\":\"ImageObject\",\"inLanguage\":\"pt-BR\",\"@id\":\"https:\/\/www.estrategiaconcursos.com.br\/blog\/trf-2-analista-de-desenvolvimento-gestao-e-governanca-de-ti-possibilidade-de-recurso\/#primaryimage\",\"url\":\"https:\/\/dhg1h5j42swfq.cloudfront.net\/2017\/03\/08002233\/Modelo-MPSBR.png\",\"contentUrl\":\"https:\/\/dhg1h5j42swfq.cloudfront.net\/2017\/03\/08002233\/Modelo-MPSBR.png\",\"width\":927,\"height\":573},{\"@type\":\"BreadcrumbList\",\"@id\":\"https:\/\/www.estrategiaconcursos.com.br\/blog\/trf-2-analista-de-desenvolvimento-gestao-e-governanca-de-ti-possibilidade-de-recurso\/#breadcrumb\",\"itemListElement\":[{\"@type\":\"ListItem\",\"position\":1,\"name\":\"In\u00edcio\",\"item\":\"https:\/\/www.estrategiaconcursos.com.br\/blog\/\"},{\"@type\":\"ListItem\",\"position\":2,\"name\":\"TRF 2 Analista de Desenvolvimento \u2013 Gest\u00e3o e Governan\u00e7a de TI (Possibilidade de Recurso)\"}]},{\"@type\":\"WebSite\",\"@id\":\"https:\/\/www.estrategiaconcursos.com.br\/blog\/#website\",\"url\":\"https:\/\/www.estrategiaconcursos.com.br\/blog\/\",\"name\":\"Estrat\u00e9gia Concursos\",\"description\":\"O blog da Estrat\u00e9gia Concursos traz not\u00edcias sobre concursos e artigos de professores oferecendo cursos para concursos (pdf + videaulas) no site.\",\"publisher\":{\"@id\":\"https:\/\/www.estrategiaconcursos.com.br\/blog\/#organization\"},\"potentialAction\":[{\"@type\":\"SearchAction\",\"target\":{\"@type\":\"EntryPoint\",\"urlTemplate\":\"https:\/\/www.estrategiaconcursos.com.br\/blog\/?s={search_term_string}\"},\"query-input\":{\"@type\":\"PropertyValueSpecification\",\"valueRequired\":true,\"valueName\":\"search_term_string\"}}],\"inLanguage\":\"pt-BR\"},{\"@type\":\"Organization\",\"@id\":\"https:\/\/www.estrategiaconcursos.com.br\/blog\/#organization\",\"name\":\"Estrat\u00e9gia Concursos\",\"url\":\"https:\/\/www.estrategiaconcursos.com.br\/blog\/\",\"logo\":{\"@type\":\"ImageObject\",\"inLanguage\":\"pt-BR\",\"@id\":\"https:\/\/www.estrategiaconcursos.com.br\/blog\/#\/schema\/logo\/image\/\",\"url\":\"https:\/\/dhg1h5j42swfq.cloudfront.net\/2025\/06\/03203428\/logo_concursos-1.jpg\",\"contentUrl\":\"https:\/\/dhg1h5j42swfq.cloudfront.net\/2025\/06\/03203428\/logo_concursos-1.jpg\",\"width\":230,\"height\":60,\"caption\":\"Estrat\u00e9gia Concursos\"},\"image\":{\"@id\":\"https:\/\/www.estrategiaconcursos.com.br\/blog\/#\/schema\/logo\/image\/\"},\"sameAs\":[\"https:\/\/x.com\/EstratConcursos\"]},{\"@type\":\"Person\",\"@id\":\"https:\/\/www.estrategiaconcursos.com.br\/blog\/#\/schema\/person\/fd4e12a9213010d2228e6bc69b89b33a\",\"name\":\"F\u00e1bio Alves\",\"image\":{\"@type\":\"ImageObject\",\"inLanguage\":\"pt-BR\",\"@id\":\"https:\/\/secure.gravatar.com\/avatar\/014c4afcbfcf7619f1d2feefbf6091f475f447368bbefcd03c9110b71d59a764?s=96&d=mm&r=g\",\"url\":\"https:\/\/secure.gravatar.com\/avatar\/014c4afcbfcf7619f1d2feefbf6091f475f447368bbefcd03c9110b71d59a764?s=96&d=mm&r=g\",\"contentUrl\":\"https:\/\/secure.gravatar.com\/avatar\/014c4afcbfcf7619f1d2feefbf6091f475f447368bbefcd03c9110b71d59a764?s=96&d=mm&r=g\",\"caption\":\"F\u00e1bio Alves\"},\"url\":\"https:\/\/www.estrategiaconcursos.com.br\/blog\/author\/fabioalvesestrategiaconcursos-com-br\/\"}]}<\/script>\n<!-- \/ Yoast SEO Premium plugin. -->","yoast_head_json":{"title":"TRF 2 Analista de Desenvolvimento \u2013 Gest\u00e3o e Governan\u00e7a de TI (Possibilidade de Recurso)","robots":{"index":"index","follow":"follow","max-snippet":"max-snippet:-1","max-image-preview":"max-image-preview:large","max-video-preview":"max-video-preview:-1"},"canonical":"https:\/\/www.estrategiaconcursos.com.br\/blog\/trf-2-analista-de-desenvolvimento-gestao-e-governanca-de-ti-possibilidade-de-recurso\/","og_locale":"pt_BR","og_type":"article","og_title":"TRF 2 Analista de Desenvolvimento \u2013 Gest\u00e3o e Governan\u00e7a de TI (Possibilidade de Recurso)","og_description":"Ol\u00e1 pessoal! Voltei agora com os coment\u00e1rios para as quest\u00f5es de Gest\u00e3o e Governan\u00e7a da prova para \u00e1rea de desenvolvimento do TRF 2\u00aa Regi\u00e3o! Na minha opini\u00e3o temos duas possibilidades de recursos! Sem mais bl\u00e1 bl\u00e1&#8230; vamos em frente! Mais uma vez a prova utilizada foi a TIPO 1 \u2013 Branca! Consulplan \u2013 TRF 2\u00aa [&hellip;]","og_url":"https:\/\/www.estrategiaconcursos.com.br\/blog\/trf-2-analista-de-desenvolvimento-gestao-e-governanca-de-ti-possibilidade-de-recurso\/","og_site_name":"Estrat\u00e9gia Concursos","article_published_time":"2017-03-08T03:49:21+00:00","article_modified_time":"2018-09-28T20:55:34+00:00","og_image":[{"url":"https:\/\/www.estrategiaconcursos.com.br\/blog\/wp-content\/uploads\/2017\/03\/Modelo-MPSBR-300x185.png","type":"","width":"","height":""}],"author":"F\u00e1bio Alves","twitter_card":"summary_large_image","twitter_creator":"@EstratConcursos","twitter_site":"@EstratConcursos","twitter_misc":{"Escrito por":"F\u00e1bio Alves","Est. tempo de leitura":"17 minutos"},"schema":{"@context":"https:\/\/schema.org","@graph":[{"@type":"NewsArticle","@id":"https:\/\/www.estrategiaconcursos.com.br\/blog\/trf-2-analista-de-desenvolvimento-gestao-e-governanca-de-ti-possibilidade-de-recurso\/#article","isPartOf":{"@id":"https:\/\/www.estrategiaconcursos.com.br\/blog\/trf-2-analista-de-desenvolvimento-gestao-e-governanca-de-ti-possibilidade-de-recurso\/"},"author":{"name":"F\u00e1bio Alves","@id":"https:\/\/www.estrategiaconcursos.com.br\/blog\/#\/schema\/person\/fd4e12a9213010d2228e6bc69b89b33a"},"headline":"TRF 2 Analista de Desenvolvimento \u2013 Gest\u00e3o e Governan\u00e7a de TI (Possibilidade de Recurso)","datePublished":"2017-03-08T03:49:21+00:00","dateModified":"2018-09-28T20:55:34+00:00","mainEntityOfPage":{"@id":"https:\/\/www.estrategiaconcursos.com.br\/blog\/trf-2-analista-de-desenvolvimento-gestao-e-governanca-de-ti-possibilidade-de-recurso\/"},"wordCount":3348,"commentCount":4,"publisher":{"@id":"https:\/\/www.estrategiaconcursos.com.br\/blog\/#organization"},"image":{"@id":"https:\/\/www.estrategiaconcursos.com.br\/blog\/trf-2-analista-de-desenvolvimento-gestao-e-governanca-de-ti-possibilidade-de-recurso\/#primaryimage"},"thumbnailUrl":"https:\/\/www.estrategiaconcursos.com.br\/blog\/wp-content\/uploads\/2017\/03\/Modelo-MPSBR-300x185.png","keywords":["TRF 2"],"articleSection":["Concursos P\u00fablicos","Tribunais"],"inLanguage":"pt-BR","potentialAction":[{"@type":"CommentAction","name":"Comment","target":["https:\/\/www.estrategiaconcursos.com.br\/blog\/trf-2-analista-de-desenvolvimento-gestao-e-governanca-de-ti-possibilidade-de-recurso\/#respond"]}],"copyrightYear":"2017","copyrightHolder":{"@id":"https:\/\/www.estrategiaconcursos.com.br\/blog\/#organization"}},{"@type":"WebPage","@id":"https:\/\/www.estrategiaconcursos.com.br\/blog\/trf-2-analista-de-desenvolvimento-gestao-e-governanca-de-ti-possibilidade-de-recurso\/","url":"https:\/\/www.estrategiaconcursos.com.br\/blog\/trf-2-analista-de-desenvolvimento-gestao-e-governanca-de-ti-possibilidade-de-recurso\/","name":"TRF 2 Analista de Desenvolvimento \u2013 Gest\u00e3o e Governan\u00e7a de TI (Possibilidade de Recurso)","isPartOf":{"@id":"https:\/\/www.estrategiaconcursos.com.br\/blog\/#website"},"primaryImageOfPage":{"@id":"https:\/\/www.estrategiaconcursos.com.br\/blog\/trf-2-analista-de-desenvolvimento-gestao-e-governanca-de-ti-possibilidade-de-recurso\/#primaryimage"},"image":{"@id":"https:\/\/www.estrategiaconcursos.com.br\/blog\/trf-2-analista-de-desenvolvimento-gestao-e-governanca-de-ti-possibilidade-de-recurso\/#primaryimage"},"thumbnailUrl":"https:\/\/www.estrategiaconcursos.com.br\/blog\/wp-content\/uploads\/2017\/03\/Modelo-MPSBR-300x185.png","datePublished":"2017-03-08T03:49:21+00:00","dateModified":"2018-09-28T20:55:34+00:00","breadcrumb":{"@id":"https:\/\/www.estrategiaconcursos.com.br\/blog\/trf-2-analista-de-desenvolvimento-gestao-e-governanca-de-ti-possibilidade-de-recurso\/#breadcrumb"},"inLanguage":"pt-BR","potentialAction":[{"@type":"ReadAction","target":["https:\/\/www.estrategiaconcursos.com.br\/blog\/trf-2-analista-de-desenvolvimento-gestao-e-governanca-de-ti-possibilidade-de-recurso\/"]}]},{"@type":"ImageObject","inLanguage":"pt-BR","@id":"https:\/\/www.estrategiaconcursos.com.br\/blog\/trf-2-analista-de-desenvolvimento-gestao-e-governanca-de-ti-possibilidade-de-recurso\/#primaryimage","url":"https:\/\/dhg1h5j42swfq.cloudfront.net\/2017\/03\/08002233\/Modelo-MPSBR.png","contentUrl":"https:\/\/dhg1h5j42swfq.cloudfront.net\/2017\/03\/08002233\/Modelo-MPSBR.png","width":927,"height":573},{"@type":"BreadcrumbList","@id":"https:\/\/www.estrategiaconcursos.com.br\/blog\/trf-2-analista-de-desenvolvimento-gestao-e-governanca-de-ti-possibilidade-de-recurso\/#breadcrumb","itemListElement":[{"@type":"ListItem","position":1,"name":"In\u00edcio","item":"https:\/\/www.estrategiaconcursos.com.br\/blog\/"},{"@type":"ListItem","position":2,"name":"TRF 2 Analista de Desenvolvimento \u2013 Gest\u00e3o e Governan\u00e7a de TI (Possibilidade de Recurso)"}]},{"@type":"WebSite","@id":"https:\/\/www.estrategiaconcursos.com.br\/blog\/#website","url":"https:\/\/www.estrategiaconcursos.com.br\/blog\/","name":"Estrat\u00e9gia Concursos","description":"O blog da Estrat\u00e9gia Concursos traz not\u00edcias sobre concursos e artigos de professores oferecendo cursos para concursos (pdf + videaulas) no site.","publisher":{"@id":"https:\/\/www.estrategiaconcursos.com.br\/blog\/#organization"},"potentialAction":[{"@type":"SearchAction","target":{"@type":"EntryPoint","urlTemplate":"https:\/\/www.estrategiaconcursos.com.br\/blog\/?s={search_term_string}"},"query-input":{"@type":"PropertyValueSpecification","valueRequired":true,"valueName":"search_term_string"}}],"inLanguage":"pt-BR"},{"@type":"Organization","@id":"https:\/\/www.estrategiaconcursos.com.br\/blog\/#organization","name":"Estrat\u00e9gia Concursos","url":"https:\/\/www.estrategiaconcursos.com.br\/blog\/","logo":{"@type":"ImageObject","inLanguage":"pt-BR","@id":"https:\/\/www.estrategiaconcursos.com.br\/blog\/#\/schema\/logo\/image\/","url":"https:\/\/dhg1h5j42swfq.cloudfront.net\/2025\/06\/03203428\/logo_concursos-1.jpg","contentUrl":"https:\/\/dhg1h5j42swfq.cloudfront.net\/2025\/06\/03203428\/logo_concursos-1.jpg","width":230,"height":60,"caption":"Estrat\u00e9gia Concursos"},"image":{"@id":"https:\/\/www.estrategiaconcursos.com.br\/blog\/#\/schema\/logo\/image\/"},"sameAs":["https:\/\/x.com\/EstratConcursos"]},{"@type":"Person","@id":"https:\/\/www.estrategiaconcursos.com.br\/blog\/#\/schema\/person\/fd4e12a9213010d2228e6bc69b89b33a","name":"F\u00e1bio Alves","image":{"@type":"ImageObject","inLanguage":"pt-BR","@id":"https:\/\/secure.gravatar.com\/avatar\/014c4afcbfcf7619f1d2feefbf6091f475f447368bbefcd03c9110b71d59a764?s=96&d=mm&r=g","url":"https:\/\/secure.gravatar.com\/avatar\/014c4afcbfcf7619f1d2feefbf6091f475f447368bbefcd03c9110b71d59a764?s=96&d=mm&r=g","contentUrl":"https:\/\/secure.gravatar.com\/avatar\/014c4afcbfcf7619f1d2feefbf6091f475f447368bbefcd03c9110b71d59a764?s=96&d=mm&r=g","caption":"F\u00e1bio Alves"},"url":"https:\/\/www.estrategiaconcursos.com.br\/blog\/author\/fabioalvesestrategiaconcursos-com-br\/"}]}},"_links":{"self":[{"href":"https:\/\/www.estrategiaconcursos.com.br\/blog\/wp-json\/wp\/v2\/posts\/66534","targetHints":{"allow":["GET"]}}],"collection":[{"href":"https:\/\/www.estrategiaconcursos.com.br\/blog\/wp-json\/wp\/v2\/posts"}],"about":[{"href":"https:\/\/www.estrategiaconcursos.com.br\/blog\/wp-json\/wp\/v2\/types\/post"}],"author":[{"embeddable":true,"href":"https:\/\/www.estrategiaconcursos.com.br\/blog\/wp-json\/wp\/v2\/users\/100"}],"replies":[{"embeddable":true,"href":"https:\/\/www.estrategiaconcursos.com.br\/blog\/wp-json\/wp\/v2\/comments?post=66534"}],"version-history":[{"count":7,"href":"https:\/\/www.estrategiaconcursos.com.br\/blog\/wp-json\/wp\/v2\/posts\/66534\/revisions"}],"predecessor-version":[{"id":144097,"href":"https:\/\/www.estrategiaconcursos.com.br\/blog\/wp-json\/wp\/v2\/posts\/66534\/revisions\/144097"}],"wp:attachment":[{"href":"https:\/\/www.estrategiaconcursos.com.br\/blog\/wp-json\/wp\/v2\/media?parent=66534"}],"wp:term":[{"taxonomy":"category","embeddable":true,"href":"https:\/\/www.estrategiaconcursos.com.br\/blog\/wp-json\/wp\/v2\/categories?post=66534"},{"taxonomy":"post_tag","embeddable":true,"href":"https:\/\/www.estrategiaconcursos.com.br\/blog\/wp-json\/wp\/v2\/tags?post=66534"},{"taxonomy":"tax_estado","embeddable":true,"href":"https:\/\/www.estrategiaconcursos.com.br\/blog\/wp-json\/wp\/v2\/tax_estado?post=66534"}],"curies":[{"name":"wp","href":"https:\/\/api.w.org\/{rel}","templated":true}]}}