{"id":665221,"date":"2020-05-06T08:00:00","date_gmt":"2020-05-06T11:00:00","guid":{"rendered":"https:\/\/www.estrategiaconcursos.com.br\/blog\/?p=665221"},"modified":"2021-02-06T10:25:12","modified_gmt":"2021-02-06T13:25:12","slug":"concurso-bom-jardim-ma","status":"publish","type":"post","link":"https:\/\/www.estrategiaconcursos.com.br\/blog\/concurso-bom-jardim-ma\/","title":{"rendered":"Concurso Bom Jardim MA: provas objetivas s\u00e3o SUSPENSAS"},"content":{"rendered":"\n<p>Est\u00e3o <strong>suspensas as atividades do concurso p\u00fablico da Prefeitura de Bom Jardim<\/strong>, estado do Maranh\u00e3o. De acordo com comunicado, a decis\u00e3o foi tomada como medida de preven\u00e7\u00e3o \u00e0 propaga\u00e7\u00e3o do v\u00edrus de Covid-19.<\/p>\n\n\n\n<p>Dessa forma, a etapa de provas objetivas, que seria aplicada em 24 de maio de 2020, fica interrompida at\u00e9 segunda ordem. Em momento oportuno, um novo cronograma ser\u00e1 divulgado.<\/p>\n\n\n\n<p>Publicado no in\u00edcio de 2020, o edital oferece aos candidatos <strong>224 vagas<\/strong>, entre ampla concorr\u00eancia e pessoas com defici\u00eancia. As oportunidades s\u00e3o para diversos cargos em todas as escolaridades, com sal\u00e1rios de at\u00e9 R$ 6.305,00.<\/p>\n\n\n\n<p>A fim de te deixar sempre bem informado, elaboramos este artigo com as principais informa\u00e7\u00f5es e novidades sobre o concurso Bom Jardim MA. Acompanhe os t\u00f3picos abaixo e n\u00e3o perca nenhum detalhe:<\/p>\n\n\n\n<ul class=\"wp-block-list\"><li><a href=\"#situacao\">Situa\u00e7\u00e3o atual do concurso<\/a><ul><li><a href=\"#datas\">Principais datas<\/a><\/li><\/ul><\/li><li><a href=\"#cargos-vagas\">Cargos e vagas<\/a><ul><li><a href=\"#fundamental\">Fundamental<\/a><\/li><li><a href=\"#medio\">M\u00e9dio<\/a><\/li><li><a href=\"#superior\">Superior<\/a><\/li><\/ul><\/li><li><a href=\"#etapas\">Etapas e provas<\/a><ul><li><a href=\"#objetiva\">Prova objetiva<\/a><\/li><\/ul><\/li><li><a href=\"#cursos-assinatura\">Cursos e assinaturas<\/a><\/li><li><a href=\"#ficha\">Ficha t\u00e9cnica<\/a><\/li><\/ul>\n\n\n\n<h2 class=\"wp-block-heading\" id=\"situacao\">Situa\u00e7\u00e3o atual do concurso Bom Jardim MA<\/h2>\n\n\n\n<h3 class=\"wp-block-heading\" id=\"datas\">Principais datas<\/h3>\n\n\n\n<ul class=\"wp-block-list\"><li><strong>Inscri\u00e7\u00f5es<\/strong>: <s>09 de mar\u00e7o a 31 de maio de 2020<\/s><\/li><li><strong>Isen\u00e7\u00e3o da taxa<\/strong>: <s>09 a 13 de mar\u00e7o de 2020<\/s><\/li><li><strong>\u00daltimo dia para pagamento<\/strong>: <s>1\u00ba de junho de 2020<\/s><\/li><li><strong>Prova<\/strong>: Suspensa<\/li><\/ul>\n\n\n\n<p class=\"has-text-align-center has-background has-medium-font-size\" style=\"background-color:#eeeeee\"><a href=\"https:\/\/dhg1h5j42swfq.cloudfront.net\/2025\/06\/05184319\/edital-no-03-2020-adiamento-provas-bom-jardim.pdf\" target=\"_blank\" rel=\"noreferrer noopener\"><strong>Provas suspensas<\/strong><\/a><\/p>\n\n\n\n<h2 class=\"wp-block-heading\" id=\"cargos-vagas\">Cargos e vagas do concurso Bom Jardim MA<\/h2>\n\n\n\n<h3 class=\"wp-block-heading\" id=\"fundamental\">N\u00edvel fundamental<\/h3>\n\n\n\n<figure class=\"wp-block-table is-style-stripes\"><table class=\"has-subtle-pale-blue-background-color has-fixed-layout has-background\"><thead><tr><th class=\"has-text-align-center\" data-align=\"center\"><strong>CARGO<\/strong>S<\/th><th class=\"has-text-align-center\" data-align=\"center\"><strong>VAGAS<\/strong><\/th><th class=\"has-text-align-center\" data-align=\"center\"><strong><\/strong><strong>SAL\u00c1RIO<\/strong><\/th><\/tr><\/thead><tbody><tr><td class=\"has-text-align-center\" data-align=\"center\">Motorista<\/td><td class=\"has-text-align-center\" data-align=\"center\">05<\/td><td class=\"has-text-align-center\" data-align=\"center\">R$ 1.062,87<\/td><\/tr><tr><td class=\"has-text-align-center\" data-align=\"center\">Auxiliar Operacional de Servi\u00e7os Gerais<\/td><td class=\"has-text-align-center\" data-align=\"center\">46 + CR<\/td><td class=\"has-text-align-center\" data-align=\"center\">R$ 1.045,00<\/td><\/tr><tr><td class=\"has-text-align-center\" data-align=\"center\">Vigia<\/td><td class=\"has-text-align-center\" data-align=\"center\">21<\/td><td class=\"has-text-align-center\" data-align=\"center\">R$ 1.045,00<\/td><\/tr><\/tbody><\/table><\/figure>\n\n\n\n<h3 class=\"wp-block-heading\" id=\"medio\">Ensino m\u00e9dio<\/h3>\n\n\n\n<figure class=\"wp-block-table is-style-stripes\"><table class=\"has-subtle-pale-blue-background-color has-fixed-layout has-background\"><thead><tr><th class=\"has-text-align-center\" data-align=\"center\"><strong>CARGO<\/strong>S<\/th><th class=\"has-text-align-center\" data-align=\"center\"><strong>VAGAS<\/strong><\/th><th class=\"has-text-align-center\" data-align=\"center\"><strong><\/strong><strong>SAL\u00c1RIO<\/strong><\/th><\/tr><\/thead><tbody><tr><td class=\"has-text-align-center\" data-align=\"center\">Agente Administrativo<\/td><td class=\"has-text-align-center\" data-align=\"center\">08<\/td><td class=\"has-text-align-center\" data-align=\"center\">R$ 1.062,87<\/td><\/tr><tr><td class=\"has-text-align-center\" data-align=\"center\">Agente de Tr\u00e2nsito<\/td><td class=\"has-text-align-center\" data-align=\"center\">03<\/td><td class=\"has-text-align-center\" data-align=\"center\">R$ 1.377,24<\/td><\/tr><tr><td class=\"has-text-align-center\" data-align=\"center\">Fiscal de Posturas<\/td><td class=\"has-text-align-center\" data-align=\"center\">02<\/td><td class=\"has-text-align-center\" data-align=\"center\">R$ 1.062,87<\/td><\/tr><tr><td class=\"has-text-align-center\" data-align=\"center\">T\u00e9cnico em Edifica\u00e7\u00f5es<\/td><td class=\"has-text-align-center\" data-align=\"center\">01<\/td><td class=\"has-text-align-center\" data-align=\"center\">R$ 1.062,87<\/td><\/tr><tr><td class=\"has-text-align-center\" data-align=\"center\">T\u00e9cnico em Enfermagem<\/td><td class=\"has-text-align-center\" data-align=\"center\">13<\/td><td class=\"has-text-align-center\" data-align=\"center\">R$ 1.062,87<\/td><\/tr><tr><td class=\"has-text-align-center\" data-align=\"center\">T\u00e9cnico Agropecu\u00e1rio<\/td><td class=\"has-text-align-center\" data-align=\"center\">01<\/td><td class=\"has-text-align-center\" data-align=\"center\">R$ 1.062,87<\/td><\/tr><tr><td class=\"has-text-align-center\" data-align=\"center\">T\u00e9cnico em Radiologia<\/td><td class=\"has-text-align-center\" data-align=\"center\">02<\/td><td class=\"has-text-align-center\" data-align=\"center\">R$ 1.062,87<\/td><\/tr><tr><td class=\"has-text-align-center\" data-align=\"center\">Auxiliar de Consult\u00f3rio Dent\u00e1rio<\/td><td class=\"has-text-align-center\" data-align=\"center\">07<\/td><td class=\"has-text-align-center\" data-align=\"center\">R$ 1.062,87<\/td><\/tr><tr><td class=\"has-text-align-center\" data-align=\"center\">Agente de Endemias<\/td><td class=\"has-text-align-center\" data-align=\"center\">08<\/td><td class=\"has-text-align-center\" data-align=\"center\">R$ 1.250,00<\/td><\/tr><tr><td class=\"has-text-align-center\" data-align=\"center\">Agente Comunit\u00e1rio de Sa\u00fade<\/td><td class=\"has-text-align-center\" data-align=\"center\">30<\/td><td class=\"has-text-align-center\" data-align=\"center\">R$ 1.250,00<\/td><\/tr><\/tbody><\/table><\/figure>\n\n\n\n<h3 class=\"wp-block-heading\" id=\"superior\">Curso superior<\/h3>\n\n\n\n<figure class=\"wp-block-table is-style-stripes\"><table class=\"has-subtle-pale-blue-background-color has-fixed-layout has-background\"><thead><tr><th class=\"has-text-align-center\" data-align=\"center\"><strong>CARGO<\/strong>S<\/th><th class=\"has-text-align-center\" data-align=\"center\"><strong>VAGAS<\/strong><\/th><th class=\"has-text-align-center\" data-align=\"center\"><strong>SAL\u00c1RIO<\/strong><\/th><\/tr><\/thead><tbody><tr><td class=\"has-text-align-center\" data-align=\"center\">M\u00e9dico<\/td><td class=\"has-text-align-center\" data-align=\"center\">08<\/td><td class=\"has-text-align-center\" data-align=\"center\">R$ 6.305,00<\/td><\/tr><tr><td class=\"has-text-align-center\" data-align=\"center\">M\u00e9dico Plantonista<\/td><td class=\"has-text-align-center\" data-align=\"center\">02<\/td><td class=\"has-text-align-center\" data-align=\"center\">R$ 1.750,00<\/td><\/tr><tr><td class=\"has-text-align-center\" data-align=\"center\">Cirurgi\u00e3o Dentista<\/td><td class=\"has-text-align-center\" data-align=\"center\">07<\/td><td class=\"has-text-align-center\" data-align=\"center\">R$ 1.898,82<\/td><\/tr><tr><td class=\"has-text-align-center\" data-align=\"center\">Enfermeiro<\/td><td class=\"has-text-align-center\" data-align=\"center\">10<\/td><td class=\"has-text-align-center\" data-align=\"center\">R$ 1.898,82<\/td><\/tr><tr><td class=\"has-text-align-center\" data-align=\"center\">Assistente Social<\/td><td class=\"has-text-align-center\" data-align=\"center\">01<\/td><td class=\"has-text-align-center\" data-align=\"center\">R$ 1.898,82<\/td><\/tr><tr><td class=\"has-text-align-center\" data-align=\"center\">Cientista Agr\u00e1rio<\/td><td class=\"has-text-align-center\" data-align=\"center\">01<\/td><td class=\"has-text-align-center\" data-align=\"center\">R$ 1.898,82<\/td><\/tr><tr><td class=\"has-text-align-center\" data-align=\"center\">Engenheiro Agr\u00f4nomo<\/td><td class=\"has-text-align-center\" data-align=\"center\">01<\/td><td class=\"has-text-align-center\" data-align=\"center\">R$ 1.898,82<\/td><\/tr><tr><td class=\"has-text-align-center\" data-align=\"center\">Engenheiro de Pesca<\/td><td class=\"has-text-align-center\" data-align=\"center\">01<\/td><td class=\"has-text-align-center\" data-align=\"center\">R$ 1.898,82<\/td><\/tr><tr><td class=\"has-text-align-center\" data-align=\"center\">Tecn\u00f3logo em Alimentos<\/td><td class=\"has-text-align-center\" data-align=\"center\">01<\/td><td class=\"has-text-align-center\" data-align=\"center\">R$ 1.898,82<\/td><\/tr><tr><td class=\"has-text-align-center\" data-align=\"center\">Psicopedagogo<\/td><td class=\"has-text-align-center\" data-align=\"center\">01<\/td><td class=\"has-text-align-center\" data-align=\"center\">R$ 1.898,82<\/td><\/tr><tr><td class=\"has-text-align-center\" data-align=\"center\">Professor do 6\u00ba ao 9\u00ba Ano (v\u00e1rios)<\/td><td class=\"has-text-align-center\" data-align=\"center\">08<\/td><td class=\"has-text-align-center\" data-align=\"center\">R$ 2.557,72<\/td><\/tr><tr><td class=\"has-text-align-center\" data-align=\"center\">Professor do 1\u00ba ao 5\u00ba Ano<\/td><td class=\"has-text-align-center\" data-align=\"center\">25 + CR<\/td><td class=\"has-text-align-center\" data-align=\"center\">R$ 2.557,72<\/td><\/tr><tr><td class=\"has-text-align-center\" data-align=\"center\">Professor de Educa\u00e7\u00e3o Infantil<\/td><td class=\"has-text-align-center\" data-align=\"center\">11 + CR<\/td><td class=\"has-text-align-center\" data-align=\"center\">R$ 2.557,72<\/td><\/tr><\/tbody><\/table><\/figure>\n\n\n\n<h2 class=\"wp-block-heading\" id=\"etapas\">Etapas e provas do concurso Bom Jardim MA<\/h2>\n\n\n\n<p>A avalia\u00e7\u00e3o do concurso Bom Jardim MA ser\u00e1 constitu\u00eddo atrav\u00e9s de at\u00e9 tr\u00eas etapas, conforme abaixo:<\/p>\n\n\n\n<ul class=\"wp-block-list\"><li><strong>Prova Objetiva<\/strong> &#8211; para todos os cargos, de car\u00e1ter eliminat\u00f3rio e classificat\u00f3rio;<\/li><li><strong>Avalia\u00e7\u00e3o de T\u00edtulos<\/strong> &#8211; apenas para Professores, de car\u00e1ter classificat\u00f3rio;<\/li><li><strong>Prova Oral<\/strong> &#8211; ao cargo de Professor de Educa\u00e7\u00e3o Infantil Ind\u00edgena, , de car\u00e1ter eliminat\u00f3rio e classificat\u00f3rio.<\/li><\/ul>\n\n\n\n<h3 class=\"wp-block-heading\" id=\"objetiva\">Provas Objetivas<\/h3>\n\n\n\n<p>A Prova Escrita Objetiva ser\u00e1 composta de 40 quest\u00f5es de m\u00faltipla escolha, com at\u00e9 cinco alternativas e apenas uma resposta correta. Os exames ser\u00e3o aplicados em turnos distintos, conforme abaixo:<\/p>\n\n\n\n<p class=\"has-background\" style=\"background-color:#eeeeee\"><strong>Per\u00edodo da Manh\u00e3<\/strong>: N\u00edveis superior e fundamental<br \/><strong>Per\u00edodo da Tarde<\/strong>: N\u00edvel m\u00e9dio<\/p>\n\n\n\n<ul class=\"wp-block-list\"><li><strong>Cargos de n\u00edvel fundamental:<\/strong><ul><li><em>L\u00edngua Portuguesa &#8211; 10<\/em><\/li><li><em>Racioc\u00ednio L\u00f3gico-Matem\u00e1tico &#8211; 05<\/em><\/li><li><em>Atualidades &#8211; 05<\/em><\/li><li><em>Conhecimentos Espec\u00edficos e Locais &#8211; 20<\/em><\/li><\/ul><\/li><\/ul>\n\n\n\n<ul class=\"wp-block-list\"><li><strong>Cargos de n\u00edvel m\u00e9dio e superior:<\/strong><ul><li><em>L\u00edngua Portuguesa &#8211; 10<\/em><\/li><li><em>Racioc\u00ednio L\u00f3gico-Matem\u00e1tico &#8211; 05<\/em><\/li><li><em>No\u00e7\u00f5es de Inform\u00e1tica &#8211; 05<\/em><\/li><li><em>Conhecimentos Espec\u00edficos e Locais &#8211; 20<\/em><\/li><\/ul><\/li><\/ul>\n\n\n\n<ul class=\"wp-block-list\"><li><strong>Professores:<\/strong><ul><li><em>L\u00edngua Portuguesa &#8211; 10<\/em><\/li><li><em>No\u00e7\u00f5es de Inform\u00e1tica &#8211; 05<\/em><\/li><li><em>Conhecimentos Pedag\u00f3gicos &#8211; 05<\/em><\/li><li><em>Conhecimentos Espec\u00edficos e Locais &#8211; 20<\/em><\/li><\/ul><\/li><\/ul>\n\n\n\n<h3 class=\"wp-block-heading\" id=\"titulos\">Avalia\u00e7\u00e3o de T\u00edtulos<\/h3>\n\n\n\n<p>Os inscritos de Professores ser\u00e3o submetidos \u00e0 avalia\u00e7\u00e3o de t\u00edtulos, de car\u00e1ter classificat\u00f3rio, com pontua\u00e7\u00e3o m\u00e1xima de 10 pontos, ainda que a soma dos valores dos t\u00edtulos apresentados seja superior a esse valor.<\/p>\n\n\n\n<p>Ser\u00e3o convocados os candidatos a cargos de professor aprovados na prova objetiva e que tenham obtido classifica\u00e7\u00e3o at\u00e9 o 6\u00ba lugar na classifica\u00e7\u00e3o geral e at\u00e9 o 2\u00ba lugar entre os inscritos como pessoa com defici\u00eancia.<\/p>\n\n\n\n<p>Somente ser\u00e3o aceitos no concurso Bom Jardim MA os t\u00edtulos abaixo relacionados, observados os limites de pontos:<\/p>\n\n\n\n<div class=\"wp-block-image\"><figure class=\"aligncenter size-large\"><img loading=\"lazy\" decoding=\"async\" width=\"717\" height=\"395\" src=\"https:\/\/dhg1h5j42swfq.cloudfront.net\/2021\/02\/05191206\/image-62.png\" alt=\"\" class=\"wp-image-665268\" srcset=\"https:\/\/dhg1h5j42swfq.cloudfront.net\/2021\/02\/05191206\/image-62.png 717w, https:\/\/dhg1h5j42swfq.cloudfront.net\/2021\/02\/05191206\/image-62-300x165.png 300w, https:\/\/dhg1h5j42swfq.cloudfront.net\/2021\/02\/05191206\/image-62-610x336.png 610w\" sizes=\"auto, (max-width: 717px) 100vw, 717px\" \/><\/figure><\/div>\n\n\n\n<h3 class=\"wp-block-heading\" id=\"discursiva\">Prova Oral<\/h3>\n\n\n\n<p>A prova oral, de car\u00e1ter eliminat\u00f3rio, ser\u00e1 aplicada aos candidatos ao cargo de Professor de Educa\u00e7\u00e3o Infantil Ind\u00edgena, a fim de verificar sua flu\u00eancia na l\u00edngua Tentehar\/Guajajara, tronco lingu\u00edstico Tupi Guarani.<\/p>\n\n\n\n<p>Ser\u00e3o convocados os aprovados na prova objetiva e que tenham obtido classifica\u00e7\u00e3o at\u00e9 o 6\u00ba lugar na classifica\u00e7\u00e3o geral e at\u00e9 o 2\u00ba lugar entre os inscritos como pessoa com defici\u00eancia, caso haja, observados os crit\u00e9rios de desempate.<\/p>\n\n\n\n<p>Na avalia\u00e7\u00e3o da prova oral do concurso Bom Jardim MA, ser\u00e3o considerados a articula\u00e7\u00e3o do racioc\u00ednio, a capacidade de express\u00e3o e o uso correto do vern\u00e1culo.<\/p>\n\n\n\n<hr class=\"wp-block-separator\"\/>\n\n\n\n<h2 class=\"has-text-align-center wp-block-heading\" id=\"cursos-assinatura\">Quer estudar para o concurso Bom Jardim MA?<\/h2>\n\n\n\n<div class=\"container\" id=\"boxes\">\n  <div class=\"row\">\n\n    <div class=\"col-sm\">\n      <div class=\"banner-estrategia\" id=\"box-assinatura\">\n        <h3 class=\"titulo-assinatura\">Concurso Bom Jardim MA<\/h3>\n        <p class=\"subtitulo-assinatura\">Conhe\u00e7a os cursos<\/p>\n        <div class=\"box-botao\">\n          <a class=\"btn-assinatura\" target=\"_blank\" href=\"https:\/\/www.estrategiaconcursos.com.br\/cursos\/\" role=\"button\" rel=\"noopener noreferrer\">Conhe\u00e7a mais<\/a>\n        <\/div>\n      <\/div>\n      \n    <\/div>\n\n  <\/div>\n<\/div>\n\n\n\n<div class=\"container\" id=\"boxes\">\n  <div class=\"row\">\n\n    <div class=\"col-sm\">\n      <div class=\"estrategia\" id=\"box-assinatura\">\n        <h3 class=\"titulo-assinatura\">Assinatura Ilimitada<\/h3>\n        <p class=\"subtitulo-assinatura\">Assinatura Anual Ilimitada*<\/p>\n        <div class=\"box-botao\">\n          <a class=\"btn-assinatura\" target=\"_blank\" href=\"https:\/\/www.estrategiaconcursos.com.br\/assinaturas\/\" role=\"button\" rel=\"noopener noreferrer\">ASSINE AGORA<\/a>\n        <\/div>\n      <\/div>\n      <p class=\"texto-auxiliar\">Prepare-se com o melhor material e com quem mais aprova em Concursos P\u00fablicos em todo o pa\u00eds. Assine agora a nossa Assinatura Anual e tenha acesso ilimitado* a todos os nossos cursos.<\/p>\n    <\/div>\n\n    <div class=\"col-sm\">\n      <div class=\"questoes\" id=\"box-assinatura\">\n        <h3 class=\"titulo-assinatura\">Sistema de Quest\u00f5es<\/h3>\n        <p class=\"subtitulo-assinatura\">Assinatura Ilimitada*\n<\/p>\n        <div class=\"box-botao\">\n          <a class=\"btn-assinatura\" target=\"_blank\" href=\"https:\/\/questoes.estrategiaconcursos.com.br\/\" role=\"button\" rel=\"noopener noreferrer\">ASSINE AGORA<\/a>\n        <\/div>\n      <\/div>\n      <p class=\"texto-auxiliar\">Estrat\u00e9gia Quest\u00f5es nasceu maior do que todos os concorrentes, com mais quest\u00f5es cadastradas e mais solu\u00e7\u00f5es por professores. Clique no link e aproveite os descontos e b\u00f4nus imperd\u00edveis!<\/p>\n    <\/div>\n  <\/div>\n<\/div>\n\n\n\n<div class=\"container\" id=\"boxes\">\n  <div class=\"row\">\n\n    <div class=\"col-sm\" id=\"boxes-concursos\">\n      <div style=\"background-color: #005DAD;\" class=\"conteudo-concursos\" id=\"box-concursos\">\n        <h3 class=\"titulo-assinatura\">Concursos Abertos<\/h3>\n        <p class=\"subtitulo-assinatura\">mais de 15 mil vagas<\/p>\n        <div class=\"box-botao\">\n          <a class=\"btn-assinatura\" target=\"_blank\" href=\"https:\/\/www.estrategiaconcursos.com.br\/blog\/concursos-abertos\/\" role=\"button\" rel=\"noopener noreferrer\">Conhe\u00e7a Agora<\/a>\n        <\/div>\n      <\/div>\n    <\/div>\n\n    <div class=\"col-sm\" id=\"boxes-concursos\">\n      <div style=\"background-color: #419FF0;\" class=\"conteudo-concursos\" id=\"box-concursos\">\n        <h3 class=\"titulo-assinatura\">Concursos 2021<\/h3>\n        <p class=\"subtitulo-assinatura\">mais de 17 mil vagas<\/p>\n        <div class=\"box-botao\">\n          <a class=\"btn-assinatura\" target=\"_blank\" href=\"https:\/\/www.estrategiaconcursos.com.br\/blog\/concursos-2021\/\" role=\"button\" rel=\"noopener noreferrer\">Conhe\u00e7a Agora<\/a>\n        <\/div>\n      <\/div>\n    <\/div>\n\n  <\/div>\n<\/div>\n\n\n\n<figure class=\"wp-block-image\"><img loading=\"lazy\" decoding=\"async\" width=\"300\" height=\"102\" src=\"https:\/\/dhg1h5j42swfq.cloudfront.net\/2017\/03\/28152500\/coruja-ficha-tecnica-300x102.png\" alt=\"Informa\u00e7\u00f5es do concurso Prefeitura de Bom Jardim-MA\" class=\"wp-image-68542\"\/><\/figure>\n\n\n\n<h3 class=\"wp-block-heading\" id=\"ficha\">Informa\u00e7\u00f5es do concurso Prefeitura de Bom Jardim-MA<\/h3>\n\n\n\n<ul class=\"wp-block-list\"><li><strong>Provas<\/strong>: Suspensas<\/li><li><strong>Vagas<\/strong>: 224 + CR<\/li><li><strong>Cargos<\/strong>: V\u00e1rios<\/li><li><strong>Banca<\/strong>: Instituto Legatus<\/li><li><strong>Escolaridade<\/strong>: N\u00edvel fundamental, m\u00e9dio e superior<\/li><li><strong>Edital<\/strong>:&nbsp;<a href=\"https:\/\/dhg1h5j42swfq.cloudfront.net\/2025\/06\/05184321\/edital-no-01_2020-abertura-do-concurso.pdf\" target=\"_blank\" rel=\"noreferrer noopener\">Edital Bom Jardim<\/a><\/li><\/ul>\n","protected":false},"excerpt":{"rendered":"<p>Est\u00e3o suspensas as atividades do concurso p\u00fablico da Prefeitura de Bom Jardim, estado do Maranh\u00e3o. De acordo com comunicado, a decis\u00e3o foi tomada como medida de preven\u00e7\u00e3o \u00e0 propaga\u00e7\u00e3o do v\u00edrus de Covid-19. Dessa forma, a etapa de provas objetivas, que seria aplicada em 24 de maio de 2020, fica interrompida at\u00e9 segunda ordem. Em [&hellip;]<\/p>\n","protected":false},"author":1,"featured_media":666887,"comment_status":"open","ping_status":"closed","sticky":false,"template":"","format":"standard","meta":{"post_tipo":"news_page","footnotes":""},"categories":[1],"tags":[],"tax_estado":[219973],"class_list":["post-665221","post","type-post","status-publish","format-standard","has-post-thumbnail","hentry","category-cursos-e-concursos","tax_estado-ma"],"acf":[],"yoast_head":"<!-- This site is optimized with the Yoast SEO Premium plugin v27.2 (Yoast SEO v27.2) - https:\/\/yoast.com\/product\/yoast-seo-premium-wordpress\/ -->\n<title>Concurso Bom Jardim MA: provas objetivas s\u00e3o SUSPENSAS<\/title>\n<meta name=\"description\" content=\"Concurso Prefeitura de Bom Jardim-MA: Aplica\u00e7\u00e3o de provas \u00e9 suspensa, por conta da pandemia. S\u00e3o 224 vagas para diversos cargos.\" \/>\n<meta name=\"robots\" content=\"index, follow, max-snippet:-1, max-image-preview:large, max-video-preview:-1\" \/>\n<link rel=\"canonical\" href=\"https:\/\/www.estrategiaconcursos.com.br\/blog\/concurso-bom-jardim-ma\/\" \/>\n<meta property=\"og:locale\" content=\"pt_BR\" \/>\n<meta property=\"og:type\" content=\"article\" \/>\n<meta property=\"og:title\" content=\"Concurso Bom Jardim MA: provas objetivas s\u00e3o SUSPENSAS\" \/>\n<meta property=\"og:description\" content=\"Concurso Prefeitura de Bom Jardim-MA: Aplica\u00e7\u00e3o de provas \u00e9 suspensa, por conta da pandemia. S\u00e3o 224 vagas para diversos cargos.\" \/>\n<meta property=\"og:url\" content=\"https:\/\/www.estrategiaconcursos.com.br\/blog\/concurso-bom-jardim-ma\/\" \/>\n<meta property=\"og:site_name\" content=\"Estrat\u00e9gia Concursos\" \/>\n<meta property=\"article:author\" content=\"https:\/\/www.facebook.com\/EstrategiaConcursos\" \/>\n<meta property=\"article:published_time\" content=\"2020-05-06T11:00:00+00:00\" \/>\n<meta property=\"article:modified_time\" content=\"2021-02-06T13:25:12+00:00\" \/>\n<meta property=\"og:image\" content=\"https:\/\/dhg1h5j42swfq.cloudfront.net\/2020\/05\/06100057\/prefeitura_de_bom_jardim-ma.jpg\" \/>\n\t<meta property=\"og:image:width\" content=\"1200\" \/>\n\t<meta property=\"og:image:height\" content=\"628\" \/>\n\t<meta property=\"og:image:type\" content=\"image\/jpeg\" \/>\n<meta name=\"author\" content=\"Coordena\u00e7\u00e3o\" \/>\n<meta name=\"twitter:card\" content=\"summary_large_image\" \/>\n<meta name=\"twitter:creator\" content=\"@EstratConcursos\" \/>\n<meta name=\"twitter:site\" content=\"@EstratConcursos\" \/>\n<meta name=\"twitter:label1\" content=\"Escrito por\" \/>\n\t<meta name=\"twitter:data1\" content=\"Coordena\u00e7\u00e3o\" \/>\n\t<meta name=\"twitter:label2\" content=\"Est. tempo de leitura\" \/>\n\t<meta name=\"twitter:data2\" content=\"4 minutos\" \/>\n<script type=\"application\/ld+json\" class=\"yoast-schema-graph\">{\"@context\":\"https:\/\/schema.org\",\"@graph\":[{\"@type\":\"NewsArticle\",\"@id\":\"https:\/\/www.estrategiaconcursos.com.br\/blog\/concurso-bom-jardim-ma\/#article\",\"isPartOf\":{\"@id\":\"https:\/\/www.estrategiaconcursos.com.br\/blog\/concurso-bom-jardim-ma\/\"},\"author\":{\"name\":\"Coordena\u00e7\u00e3o\",\"@id\":\"https:\/\/www.estrategiaconcursos.com.br\/blog\/#\/schema\/person\/b4a388c97673c5f483d72185668afa1f\"},\"headline\":\"Concurso Bom Jardim MA: provas objetivas s\u00e3o SUSPENSAS\",\"datePublished\":\"2020-05-06T11:00:00+00:00\",\"dateModified\":\"2021-02-06T13:25:12+00:00\",\"mainEntityOfPage\":{\"@id\":\"https:\/\/www.estrategiaconcursos.com.br\/blog\/concurso-bom-jardim-ma\/\"},\"wordCount\":925,\"commentCount\":0,\"publisher\":{\"@id\":\"https:\/\/www.estrategiaconcursos.com.br\/blog\/#organization\"},\"image\":{\"@id\":\"https:\/\/www.estrategiaconcursos.com.br\/blog\/concurso-bom-jardim-ma\/#primaryimage\"},\"thumbnailUrl\":\"https:\/\/dhg1h5j42swfq.cloudfront.net\/2020\/05\/06100057\/prefeitura_de_bom_jardim-ma.jpg\",\"articleSection\":[\"Concursos P\u00fablicos\"],\"inLanguage\":\"pt-BR\",\"potentialAction\":[{\"@type\":\"CommentAction\",\"name\":\"Comment\",\"target\":[\"https:\/\/www.estrategiaconcursos.com.br\/blog\/concurso-bom-jardim-ma\/#respond\"]}],\"copyrightYear\":\"2020\",\"copyrightHolder\":{\"@id\":\"https:\/\/www.estrategiaconcursos.com.br\/blog\/#organization\"}},{\"@type\":\"WebPage\",\"@id\":\"https:\/\/www.estrategiaconcursos.com.br\/blog\/concurso-bom-jardim-ma\/\",\"url\":\"https:\/\/www.estrategiaconcursos.com.br\/blog\/concurso-bom-jardim-ma\/\",\"name\":\"Concurso Bom Jardim MA: provas objetivas s\u00e3o SUSPENSAS\",\"isPartOf\":{\"@id\":\"https:\/\/www.estrategiaconcursos.com.br\/blog\/#website\"},\"primaryImageOfPage\":{\"@id\":\"https:\/\/www.estrategiaconcursos.com.br\/blog\/concurso-bom-jardim-ma\/#primaryimage\"},\"image\":{\"@id\":\"https:\/\/www.estrategiaconcursos.com.br\/blog\/concurso-bom-jardim-ma\/#primaryimage\"},\"thumbnailUrl\":\"https:\/\/dhg1h5j42swfq.cloudfront.net\/2020\/05\/06100057\/prefeitura_de_bom_jardim-ma.jpg\",\"datePublished\":\"2020-05-06T11:00:00+00:00\",\"dateModified\":\"2021-02-06T13:25:12+00:00\",\"description\":\"Concurso Prefeitura de Bom Jardim-MA: Aplica\u00e7\u00e3o de provas \u00e9 suspensa, por conta da pandemia. S\u00e3o 224 vagas para diversos cargos.\",\"breadcrumb\":{\"@id\":\"https:\/\/www.estrategiaconcursos.com.br\/blog\/concurso-bom-jardim-ma\/#breadcrumb\"},\"inLanguage\":\"pt-BR\",\"potentialAction\":[{\"@type\":\"ReadAction\",\"target\":[\"https:\/\/www.estrategiaconcursos.com.br\/blog\/concurso-bom-jardim-ma\/\"]}]},{\"@type\":\"ImageObject\",\"inLanguage\":\"pt-BR\",\"@id\":\"https:\/\/www.estrategiaconcursos.com.br\/blog\/concurso-bom-jardim-ma\/#primaryimage\",\"url\":\"https:\/\/dhg1h5j42swfq.cloudfront.net\/2020\/05\/06100057\/prefeitura_de_bom_jardim-ma.jpg\",\"contentUrl\":\"https:\/\/dhg1h5j42swfq.cloudfront.net\/2020\/05\/06100057\/prefeitura_de_bom_jardim-ma.jpg\",\"width\":1200,\"height\":628},{\"@type\":\"BreadcrumbList\",\"@id\":\"https:\/\/www.estrategiaconcursos.com.br\/blog\/concurso-bom-jardim-ma\/#breadcrumb\",\"itemListElement\":[{\"@type\":\"ListItem\",\"position\":1,\"name\":\"In\u00edcio\",\"item\":\"https:\/\/www.estrategiaconcursos.com.br\/blog\/\"},{\"@type\":\"ListItem\",\"position\":2,\"name\":\"Concurso Bom Jardim MA: provas objetivas s\u00e3o SUSPENSAS\"}]},{\"@type\":\"WebSite\",\"@id\":\"https:\/\/www.estrategiaconcursos.com.br\/blog\/#website\",\"url\":\"https:\/\/www.estrategiaconcursos.com.br\/blog\/\",\"name\":\"Estrat\u00e9gia Concursos\",\"description\":\"O blog da Estrat\u00e9gia Concursos traz not\u00edcias sobre concursos e artigos de professores oferecendo cursos para concursos (pdf + videaulas) no site.\",\"publisher\":{\"@id\":\"https:\/\/www.estrategiaconcursos.com.br\/blog\/#organization\"},\"potentialAction\":[{\"@type\":\"SearchAction\",\"target\":{\"@type\":\"EntryPoint\",\"urlTemplate\":\"https:\/\/www.estrategiaconcursos.com.br\/blog\/?s={search_term_string}\"},\"query-input\":{\"@type\":\"PropertyValueSpecification\",\"valueRequired\":true,\"valueName\":\"search_term_string\"}}],\"inLanguage\":\"pt-BR\"},{\"@type\":\"Organization\",\"@id\":\"https:\/\/www.estrategiaconcursos.com.br\/blog\/#organization\",\"name\":\"Estrat\u00e9gia Concursos\",\"url\":\"https:\/\/www.estrategiaconcursos.com.br\/blog\/\",\"logo\":{\"@type\":\"ImageObject\",\"inLanguage\":\"pt-BR\",\"@id\":\"https:\/\/www.estrategiaconcursos.com.br\/blog\/#\/schema\/logo\/image\/\",\"url\":\"https:\/\/dhg1h5j42swfq.cloudfront.net\/2025\/06\/03203428\/logo_concursos-1.jpg\",\"contentUrl\":\"https:\/\/dhg1h5j42swfq.cloudfront.net\/2025\/06\/03203428\/logo_concursos-1.jpg\",\"width\":230,\"height\":60,\"caption\":\"Estrat\u00e9gia Concursos\"},\"image\":{\"@id\":\"https:\/\/www.estrategiaconcursos.com.br\/blog\/#\/schema\/logo\/image\/\"},\"sameAs\":[\"https:\/\/x.com\/EstratConcursos\"]},{\"@type\":\"Person\",\"@id\":\"https:\/\/www.estrategiaconcursos.com.br\/blog\/#\/schema\/person\/b4a388c97673c5f483d72185668afa1f\",\"name\":\"Coordena\u00e7\u00e3o\",\"image\":{\"@type\":\"ImageObject\",\"inLanguage\":\"pt-BR\",\"@id\":\"https:\/\/secure.gravatar.com\/avatar\/b720319e4c9a967eb58678d110f4fe35452fc5d5f97b202bac7b8acceb18c6ad?s=96&d=mm&r=g\",\"url\":\"https:\/\/secure.gravatar.com\/avatar\/b720319e4c9a967eb58678d110f4fe35452fc5d5f97b202bac7b8acceb18c6ad?s=96&d=mm&r=g\",\"contentUrl\":\"https:\/\/secure.gravatar.com\/avatar\/b720319e4c9a967eb58678d110f4fe35452fc5d5f97b202bac7b8acceb18c6ad?s=96&d=mm&r=g\",\"caption\":\"Coordena\u00e7\u00e3o\"},\"sameAs\":[\"https:\/\/www.facebook.com\/EstrategiaConcursos\",\"https:\/\/x.com\/EstratConcursos\"],\"url\":\"https:\/\/www.estrategiaconcursos.com.br\/blog\/author\/estrategia2013\/\"}]}<\/script>\n<!-- \/ Yoast SEO Premium plugin. -->","yoast_head_json":{"title":"Concurso Bom Jardim MA: provas objetivas s\u00e3o SUSPENSAS","description":"Concurso Prefeitura de Bom Jardim-MA: Aplica\u00e7\u00e3o de provas \u00e9 suspensa, por conta da pandemia. S\u00e3o 224 vagas para diversos cargos.","robots":{"index":"index","follow":"follow","max-snippet":"max-snippet:-1","max-image-preview":"max-image-preview:large","max-video-preview":"max-video-preview:-1"},"canonical":"https:\/\/www.estrategiaconcursos.com.br\/blog\/concurso-bom-jardim-ma\/","og_locale":"pt_BR","og_type":"article","og_title":"Concurso Bom Jardim MA: provas objetivas s\u00e3o SUSPENSAS","og_description":"Concurso Prefeitura de Bom Jardim-MA: Aplica\u00e7\u00e3o de provas \u00e9 suspensa, por conta da pandemia. S\u00e3o 224 vagas para diversos cargos.","og_url":"https:\/\/www.estrategiaconcursos.com.br\/blog\/concurso-bom-jardim-ma\/","og_site_name":"Estrat\u00e9gia Concursos","article_author":"https:\/\/www.facebook.com\/EstrategiaConcursos","article_published_time":"2020-05-06T11:00:00+00:00","article_modified_time":"2021-02-06T13:25:12+00:00","og_image":[{"width":1200,"height":628,"url":"https:\/\/dhg1h5j42swfq.cloudfront.net\/2020\/05\/06100057\/prefeitura_de_bom_jardim-ma.jpg","type":"image\/jpeg"}],"author":"Coordena\u00e7\u00e3o","twitter_card":"summary_large_image","twitter_creator":"@EstratConcursos","twitter_site":"@EstratConcursos","twitter_misc":{"Escrito por":"Coordena\u00e7\u00e3o","Est. tempo de leitura":"4 minutos"},"schema":{"@context":"https:\/\/schema.org","@graph":[{"@type":"NewsArticle","@id":"https:\/\/www.estrategiaconcursos.com.br\/blog\/concurso-bom-jardim-ma\/#article","isPartOf":{"@id":"https:\/\/www.estrategiaconcursos.com.br\/blog\/concurso-bom-jardim-ma\/"},"author":{"name":"Coordena\u00e7\u00e3o","@id":"https:\/\/www.estrategiaconcursos.com.br\/blog\/#\/schema\/person\/b4a388c97673c5f483d72185668afa1f"},"headline":"Concurso Bom Jardim MA: provas objetivas s\u00e3o SUSPENSAS","datePublished":"2020-05-06T11:00:00+00:00","dateModified":"2021-02-06T13:25:12+00:00","mainEntityOfPage":{"@id":"https:\/\/www.estrategiaconcursos.com.br\/blog\/concurso-bom-jardim-ma\/"},"wordCount":925,"commentCount":0,"publisher":{"@id":"https:\/\/www.estrategiaconcursos.com.br\/blog\/#organization"},"image":{"@id":"https:\/\/www.estrategiaconcursos.com.br\/blog\/concurso-bom-jardim-ma\/#primaryimage"},"thumbnailUrl":"https:\/\/dhg1h5j42swfq.cloudfront.net\/2020\/05\/06100057\/prefeitura_de_bom_jardim-ma.jpg","articleSection":["Concursos P\u00fablicos"],"inLanguage":"pt-BR","potentialAction":[{"@type":"CommentAction","name":"Comment","target":["https:\/\/www.estrategiaconcursos.com.br\/blog\/concurso-bom-jardim-ma\/#respond"]}],"copyrightYear":"2020","copyrightHolder":{"@id":"https:\/\/www.estrategiaconcursos.com.br\/blog\/#organization"}},{"@type":"WebPage","@id":"https:\/\/www.estrategiaconcursos.com.br\/blog\/concurso-bom-jardim-ma\/","url":"https:\/\/www.estrategiaconcursos.com.br\/blog\/concurso-bom-jardim-ma\/","name":"Concurso Bom Jardim MA: provas objetivas s\u00e3o SUSPENSAS","isPartOf":{"@id":"https:\/\/www.estrategiaconcursos.com.br\/blog\/#website"},"primaryImageOfPage":{"@id":"https:\/\/www.estrategiaconcursos.com.br\/blog\/concurso-bom-jardim-ma\/#primaryimage"},"image":{"@id":"https:\/\/www.estrategiaconcursos.com.br\/blog\/concurso-bom-jardim-ma\/#primaryimage"},"thumbnailUrl":"https:\/\/dhg1h5j42swfq.cloudfront.net\/2020\/05\/06100057\/prefeitura_de_bom_jardim-ma.jpg","datePublished":"2020-05-06T11:00:00+00:00","dateModified":"2021-02-06T13:25:12+00:00","description":"Concurso Prefeitura de Bom Jardim-MA: Aplica\u00e7\u00e3o de provas \u00e9 suspensa, por conta da pandemia. S\u00e3o 224 vagas para diversos cargos.","breadcrumb":{"@id":"https:\/\/www.estrategiaconcursos.com.br\/blog\/concurso-bom-jardim-ma\/#breadcrumb"},"inLanguage":"pt-BR","potentialAction":[{"@type":"ReadAction","target":["https:\/\/www.estrategiaconcursos.com.br\/blog\/concurso-bom-jardim-ma\/"]}]},{"@type":"ImageObject","inLanguage":"pt-BR","@id":"https:\/\/www.estrategiaconcursos.com.br\/blog\/concurso-bom-jardim-ma\/#primaryimage","url":"https:\/\/dhg1h5j42swfq.cloudfront.net\/2020\/05\/06100057\/prefeitura_de_bom_jardim-ma.jpg","contentUrl":"https:\/\/dhg1h5j42swfq.cloudfront.net\/2020\/05\/06100057\/prefeitura_de_bom_jardim-ma.jpg","width":1200,"height":628},{"@type":"BreadcrumbList","@id":"https:\/\/www.estrategiaconcursos.com.br\/blog\/concurso-bom-jardim-ma\/#breadcrumb","itemListElement":[{"@type":"ListItem","position":1,"name":"In\u00edcio","item":"https:\/\/www.estrategiaconcursos.com.br\/blog\/"},{"@type":"ListItem","position":2,"name":"Concurso Bom Jardim MA: provas objetivas s\u00e3o SUSPENSAS"}]},{"@type":"WebSite","@id":"https:\/\/www.estrategiaconcursos.com.br\/blog\/#website","url":"https:\/\/www.estrategiaconcursos.com.br\/blog\/","name":"Estrat\u00e9gia Concursos","description":"O blog da Estrat\u00e9gia Concursos traz not\u00edcias sobre concursos e artigos de professores oferecendo cursos para concursos (pdf + videaulas) no site.","publisher":{"@id":"https:\/\/www.estrategiaconcursos.com.br\/blog\/#organization"},"potentialAction":[{"@type":"SearchAction","target":{"@type":"EntryPoint","urlTemplate":"https:\/\/www.estrategiaconcursos.com.br\/blog\/?s={search_term_string}"},"query-input":{"@type":"PropertyValueSpecification","valueRequired":true,"valueName":"search_term_string"}}],"inLanguage":"pt-BR"},{"@type":"Organization","@id":"https:\/\/www.estrategiaconcursos.com.br\/blog\/#organization","name":"Estrat\u00e9gia Concursos","url":"https:\/\/www.estrategiaconcursos.com.br\/blog\/","logo":{"@type":"ImageObject","inLanguage":"pt-BR","@id":"https:\/\/www.estrategiaconcursos.com.br\/blog\/#\/schema\/logo\/image\/","url":"https:\/\/dhg1h5j42swfq.cloudfront.net\/2025\/06\/03203428\/logo_concursos-1.jpg","contentUrl":"https:\/\/dhg1h5j42swfq.cloudfront.net\/2025\/06\/03203428\/logo_concursos-1.jpg","width":230,"height":60,"caption":"Estrat\u00e9gia Concursos"},"image":{"@id":"https:\/\/www.estrategiaconcursos.com.br\/blog\/#\/schema\/logo\/image\/"},"sameAs":["https:\/\/x.com\/EstratConcursos"]},{"@type":"Person","@id":"https:\/\/www.estrategiaconcursos.com.br\/blog\/#\/schema\/person\/b4a388c97673c5f483d72185668afa1f","name":"Coordena\u00e7\u00e3o","image":{"@type":"ImageObject","inLanguage":"pt-BR","@id":"https:\/\/secure.gravatar.com\/avatar\/b720319e4c9a967eb58678d110f4fe35452fc5d5f97b202bac7b8acceb18c6ad?s=96&d=mm&r=g","url":"https:\/\/secure.gravatar.com\/avatar\/b720319e4c9a967eb58678d110f4fe35452fc5d5f97b202bac7b8acceb18c6ad?s=96&d=mm&r=g","contentUrl":"https:\/\/secure.gravatar.com\/avatar\/b720319e4c9a967eb58678d110f4fe35452fc5d5f97b202bac7b8acceb18c6ad?s=96&d=mm&r=g","caption":"Coordena\u00e7\u00e3o"},"sameAs":["https:\/\/www.facebook.com\/EstrategiaConcursos","https:\/\/x.com\/EstratConcursos"],"url":"https:\/\/www.estrategiaconcursos.com.br\/blog\/author\/estrategia2013\/"}]}},"_links":{"self":[{"href":"https:\/\/www.estrategiaconcursos.com.br\/blog\/wp-json\/wp\/v2\/posts\/665221","targetHints":{"allow":["GET"]}}],"collection":[{"href":"https:\/\/www.estrategiaconcursos.com.br\/blog\/wp-json\/wp\/v2\/posts"}],"about":[{"href":"https:\/\/www.estrategiaconcursos.com.br\/blog\/wp-json\/wp\/v2\/types\/post"}],"author":[{"embeddable":true,"href":"https:\/\/www.estrategiaconcursos.com.br\/blog\/wp-json\/wp\/v2\/users\/1"}],"replies":[{"embeddable":true,"href":"https:\/\/www.estrategiaconcursos.com.br\/blog\/wp-json\/wp\/v2\/comments?post=665221"}],"version-history":[{"count":15,"href":"https:\/\/www.estrategiaconcursos.com.br\/blog\/wp-json\/wp\/v2\/posts\/665221\/revisions"}],"predecessor-version":[{"id":666917,"href":"https:\/\/www.estrategiaconcursos.com.br\/blog\/wp-json\/wp\/v2\/posts\/665221\/revisions\/666917"}],"wp:featuredmedia":[{"embeddable":true,"href":"https:\/\/www.estrategiaconcursos.com.br\/blog\/wp-json\/wp\/v2\/media\/666887"}],"wp:attachment":[{"href":"https:\/\/www.estrategiaconcursos.com.br\/blog\/wp-json\/wp\/v2\/media?parent=665221"}],"wp:term":[{"taxonomy":"category","embeddable":true,"href":"https:\/\/www.estrategiaconcursos.com.br\/blog\/wp-json\/wp\/v2\/categories?post=665221"},{"taxonomy":"post_tag","embeddable":true,"href":"https:\/\/www.estrategiaconcursos.com.br\/blog\/wp-json\/wp\/v2\/tags?post=665221"},{"taxonomy":"tax_estado","embeddable":true,"href":"https:\/\/www.estrategiaconcursos.com.br\/blog\/wp-json\/wp\/v2\/tax_estado?post=665221"}],"curies":[{"name":"wp","href":"https:\/\/api.w.org\/{rel}","templated":true}]}}