{"id":664900,"date":"2021-02-26T18:00:00","date_gmt":"2021-02-26T21:00:00","guid":{"rendered":"https:\/\/www.estrategiaconcursos.com.br\/blog\/?p=664900"},"modified":"2022-11-24T15:40:01","modified_gmt":"2022-11-24T18:40:01","slug":"edital-bombeiro-to","status":"publish","type":"post","link":"https:\/\/www.estrategiaconcursos.com.br\/blog\/edital-bombeiro-to\/","title":{"rendered":"EDITAL Bombeiro TO tem inscri\u00e7\u00f5es encerradas! S\u00e3o 115 vagas"},"content":{"rendered":"\n<p>Est\u00e3o encerradas as inscri\u00e7\u00f5es para o edital Bombeiro TO, do Corpo de Bombeiros Militar do Tocantins. Conforme o documento, s\u00e3o ofertadas <strong>115 vagas<\/strong>, sendo 100 para Soldado e 15 para Oficial, de n\u00edveis m\u00e9dio e superior, respectivamente. <\/p>\n\n\n\n<p>Os interessados em participar da sele\u00e7\u00e3o puderam realizar as inscri\u00e7\u00f5es no per\u00edodo de <strong>09 a 26 de fevereiro de 2021<\/strong>, no site do Cebraspe, banca organizadora do certame. As taxas foram definidas de acordo com o grau de escolaridade do cargo pretendido, sendo: <\/p>\n\n\n\n<ul class=\"wp-block-list\"><li><strong>M\u00e9dio:<\/strong> R$ 80,00<\/li><li><strong>Superior: <\/strong>R$ 120,00<\/li><\/ul>\n\n\n\n<h2 class=\"wp-block-heading\" id=\"h-analise-de-edital-edital-bombeiro-to\">An\u00e1lise de edital &#8211; edital Bombeiro TO<\/h2>\n\n\n\n<p>E para voc\u00ea que deseja ficar por dentro de tudo sobre mais este concurso, preparamos mais uma super an\u00e1lise de edital. O evento <strong>ser\u00e1 realizado nesta segunda-feira (08), a partir das 20h<\/strong>. N\u00e3o perca!<\/p>\n\n\n\n<p>A fim de te deixar sempre bem informado, elaboramos este artigo com as principais informa\u00e7\u00f5es e novidades sobre o concurso. Acompanhe os t\u00f3picos abaixo e n\u00e3o perca nenhum detalhe:<\/p>\n\n\n\n<ul class=\"wp-block-list\" id=\"analise\"><li><strong><em><a href=\"#analise\">An\u00e1lise de edital<\/a><\/em><\/strong><\/li><li><em><strong><a href=\"#datas\">Principais datas<\/a><\/strong><\/em><\/li><li><em><strong><a href=\"#cargo\">Cargos e vagas<\/a><\/strong><\/em><ul><li><em><strong><a href=\"#medio\">M\u00e9dio<\/a><\/strong><\/em><\/li><li><em><strong><a href=\"#superior\">Superior<\/a><\/strong><\/em><\/li><\/ul><\/li><li><em><strong><a href=\"#etapas\">Etapas e provas<\/a><\/strong><\/em><ul><li><em><strong><a href=\"#objetiva\">Prova objetiva<\/a><\/strong><\/em><ul><li><strong><em><a href=\"#aluno-sol\">Aluno-Soldado<\/a><\/em><\/strong><\/li><li><strong><em><a href=\"#cad\">Cadete<\/a><\/em><\/strong><\/li><\/ul><\/li><li><strong><em><a href=\"#redacao\">Reda\u00e7\u00e3o<\/a><\/em><\/strong><\/li><li><strong><em><a href=\"#fisica\">Exame de Capacidade F\u00edsica<\/a><\/em><\/strong><\/li><li><strong><em><a href=\"#psicologica\">Avalia\u00e7\u00e3o Psicol\u00f3gica<\/a><\/em><\/strong><\/li><li><strong><em><a href=\"#social\">Investiga\u00e7\u00e3o Social<\/a><\/em><\/strong><\/li><\/ul><\/li><li><em><strong><a href=\"#curso\">Cursos e assinaturas<\/a><\/strong><\/em><\/li><li><em><strong><a href=\"#ficha\">Ficha t\u00e9cnica<\/a><\/strong><\/em><\/li><\/ul>\n\n\n\n<h2 class=\"wp-block-heading\" id=\"datas\">Principais datas do edital Bombeiro TO<\/h2>\n\n\n\n<p class=\"has-very-light-gray-background-color has-background\"><strong>Inscri\u00e7\u00f5es<\/strong>: <s>09 a 26 de fevereiro de 2021<\/s><br \/><strong>\u00daltimo dia para pagamento<\/strong>: 22 de mar\u00e7o<br \/><strong>Prova<\/strong>: 11 de abril<\/p>\n\n\n\n<h2 class=\"wp-block-heading\" id=\"cargo\">Cargos, vagas e remunera\u00e7\u00f5es do edital Bombeiro TO<\/h2>\n\n\n\n<h3 class=\"wp-block-heading\" id=\"medio\">N\u00edvel m\u00e9dio<\/h3>\n\n\n\n<figure class=\"wp-block-table is-style-stripes\"><table class=\"has-background has-fixed-layout\" style=\"background-color:#e7f5fe\"><thead><tr><th class=\"has-text-align-center\" data-align=\"center\"><strong>CARGO<\/strong><\/th><th class=\"has-text-align-center\" data-align=\"center\"><strong>VAGAS<\/strong><\/th><th class=\"has-text-align-center\" data-align=\"center\"><strong><\/strong><strong>SAL\u00c1RIO<\/strong><\/th><\/tr><\/thead><tbody><tr><td class=\"has-text-align-center\" data-align=\"center\">Aluno-Soldado (Soldado)<\/td><td class=\"has-text-align-center\" data-align=\"center\">100<\/td><td class=\"has-text-align-center\" data-align=\"center\">R$ 3.330,99 (ap\u00f3s aprova\u00e7\u00e3o no CFP)<\/td><\/tr><\/tbody><\/table><\/figure>\n\n\n\n<h3 class=\"wp-block-heading\" id=\"superior\">N\u00edvel superior<\/h3>\n\n\n\n<figure class=\"wp-block-table is-style-stripes\"><table class=\"has-background has-fixed-layout\" style=\"background-color:#e7f5fe\"><thead><tr><th class=\"has-text-align-center\" data-align=\"center\"><strong>CARGO<\/strong><\/th><th class=\"has-text-align-center\" data-align=\"center\"><strong>VAGAS<\/strong><\/th><th class=\"has-text-align-center\" data-align=\"center\"><strong>SAL\u00c1RIO<\/strong><\/th><\/tr><\/thead><tbody><tr><td class=\"has-text-align-center\" data-align=\"center\">(Cadete) Oficial<\/td><td class=\"has-text-align-center\" data-align=\"center\">15<\/td><td class=\"has-text-align-center\" data-align=\"center\">R$ 8.952,33 (ap\u00f3s aprova\u00e7\u00e3o no CFO)<\/td><\/tr><\/tbody><\/table><\/figure>\n\n\n\n<h2 class=\"wp-block-heading\" id=\"etapas\">Etapas e provas do edital Bombeiro TO<\/h2>\n\n\n\n<h4 class=\"wp-block-heading\" id=\"h-o-concurso-sera-composto-pelas-seguintes-fases\">O concurso ser\u00e1 composto pelas seguintes fases:<\/h4>\n\n\n\n<p>1\u00aa <strong>\u2013<\/strong> Prova Objetiva\/ Reda\u00e7\u00e3o;<br \/><strong>2\u00aa \u2013&nbsp;<\/strong>Exame de Capacidade F\u00edsica;<br \/><strong>3\u00aa \u2013&nbsp;<\/strong>Avalia\u00e7\u00e3o Psicol\u00f3gica; <br \/><strong>4\u00aa \u2013&nbsp;<\/strong>Avalia\u00e7\u00e3o M\u00e9dica e Odontol\u00f3gica; e<br \/><strong>5\u00aa \u2013&nbsp;<\/strong>Investiga\u00e7\u00e3o Social.<\/p>\n\n\n\n<h2 class=\"wp-block-heading\" id=\"objetiva\">Provas Objetivas <\/h2>\n\n\n\n<h3 class=\"wp-block-heading\" id=\"aluno-sol\">Aluno-Soldado<\/h3>\n\n\n\n<p>A prova objetiva, de car\u00e1ter eliminat\u00f3rio e classificat\u00f3rio, valer\u00e1 80,00 pontos. As quest\u00f5es ser\u00e3o do tipo m\u00faltipla escolha com quatro op\u00e7\u00f5es (A a D), sendo uma \u00fanica a correta. <\/p>\n\n\n\n<h4 class=\"wp-block-heading\" id=\"h-disciplinas-cobradas\">Disciplinas cobradas:<\/h4>\n\n\n\n<ul class=\"wp-block-list\"><li><strong><em>L\u00edngua Portuguesa &#8211; 10 quest\u00f5es<\/em><\/strong><\/li><li><strong><em>Matem\u00e1tica &#8211; 10 quest\u00f5es<\/em><\/strong><\/li><li><strong><em>Conhecimentos acerca do estado do Tocantins &#8211; 10 quest\u00f5es<\/em><\/strong><\/li><li><strong><em>No\u00e7\u00f5es de Inform\u00e1tica &#8211; 10 quest\u00f5es<\/em><\/strong><\/li><li><strong><em>Normas relativas ao CBM TO &#8211; 10 quest\u00f5es<\/em><\/strong><\/li><\/ul>\n\n\n\n<h4 class=\"wp-block-heading\" id=\"h-dos-criterios-de-avaliacao-da-prova-objetiva-aluno-soldado\">DOS CRIT\u00c9RIOS DE AVALIA\u00c7\u00c3O DA PROVA OBJETIVA (Aluno-Soldado):<\/h4>\n\n\n\n<p>A nota em cada quest\u00e3o da prova objetiva para Soldado, feita com base nas<br \/>marca\u00e7\u00f5es da folha de respostas, ser\u00e1 igual a: <\/p>\n\n\n\n<p><strong>2,00<\/strong> pontos para as disciplinas L\u00edngua Portuguesa, Matem\u00e1tica e Normas relativas ao CBMTO;<br \/><strong>1,00<\/strong> ponto para as disciplinas Conhecimentos acerca do estado do Tocantins<br \/>e No\u00e7\u00f5es de Inform\u00e1tica, caso a resposta do candidato esteja em concord\u00e2ncia com o gabarito oficial definitivo das provas;<br \/><strong>0,00<\/strong>, caso a resposta do candidato esteja em discord\u00e2ncia com o gabarito oficial definitivo das provas. <\/p>\n\n\n\n<h4 class=\"wp-block-heading\" id=\"h-nota-minima\">NOTA M\u00cdNIMA:<\/h4>\n\n\n\n<p>Ser\u00e1 aprovado na prova objetiva o candidato ao cargo de Aluno-Soldado que obtiver <strong>nota igual ou superior a 40,00 pontos<\/strong> na prova e que n\u00e3o obtiver nota zero em alguma das disciplinas da prova.<\/p>\n\n\n\n<h3 class=\"wp-block-heading\" id=\"cad\">Cadete<\/h3>\n\n\n\n<p>A prova objetiva, de car\u00e1ter eliminat\u00f3rio e classificat\u00f3rio, valer\u00e1 75,00 pontos. As quest\u00f5es ser\u00e3o do tipo m\u00faltipla escolha com quatro op\u00e7\u00f5es (A a D), sendo uma \u00fanica a correta.<\/p>\n\n\n\n<h4 class=\"wp-block-heading\" id=\"h-disciplinas-cobradas-1\">Disciplinas cobradas:<\/h4>\n\n\n\n<ul class=\"wp-block-list\"><li><strong><em>L\u00edngua Portuguesa &#8211; 10 quest\u00f5es<\/em><\/strong><\/li><li><strong><em>Matem\u00e1tica &#8211; 5 quest\u00f5es<\/em><\/strong><\/li><li><strong><em>F\u00edsica &#8211; 10 quest\u00f5es<\/em><\/strong><\/li><li><strong><em>Qu\u00edmica &#8211; 10 quest\u00f5es<\/em><\/strong><\/li><li><strong><em>Normais relativas ao CBM TO &#8211; 5 quest\u00f5es<\/em><\/strong><\/li><\/ul>\n\n\n\n<h4 class=\"wp-block-heading\" id=\"h-dos-criterios-de-avaliacao-da-prova-objetiva-cadete-edital-bombeiro-to\">DOS CRIT\u00c9RIOS DE AVALIA\u00c7\u00c3O DA PROVA OBJETIVA (Cadete) &#8211; edital Bombeiro TO:<\/h4>\n\n\n\n<p>A nota em cada quest\u00e3o da prova objetiva para Soldado, feita com base nas<br \/>marca\u00e7\u00f5es da folha de respostas, ser\u00e1 igual a:<\/p>\n\n\n\n<p><strong>2,00<\/strong> pontos para a disciplina L\u00edngua Portuguesa;<br \/>1,50 ponto para as disciplinas F\u00edsica, Qu\u00edmica e Normas relativas ao CBMTO;<br \/><strong>1,00<\/strong> ponto para as disciplinas Matem\u00e1tica e Conhecimentos acerca do estado do Tocantins, caso a resposta do candidato esteja em concord\u00e2ncia com o gabarito oficial definitivo das provas; <br \/><strong>0,00<\/strong>, caso a resposta do candidato esteja em discord\u00e2ncia com o<br \/>gabarito oficial definitivo das provas.<\/p>\n\n\n\n<h4 class=\"wp-block-heading\" id=\"h-nota-minima-1\">NOTA M\u00cdNIMA:<\/h4>\n\n\n\n<p>Ser\u00e1 aprovado na prova objetiva o candidato ao cargo de Cadete que obtiver <strong>nota igual ou superior a 37,50 pontos<\/strong> na prova e que n\u00e3o obtiver nota zero em alguma das disciplinas da prova.<\/p>\n\n\n\n<h2 class=\"wp-block-heading\" id=\"redacao\">Reda\u00e7\u00e3o<\/h2>\n\n\n\n<p>A prova de reda\u00e7\u00e3o valer\u00e1 25,00 pontos para Cadete e 20,00 pontos para Aluno-Soldado e consistir\u00e1 de uma reda\u00e7\u00e3o acerca de tema de atualidade, a ser respondida em at\u00e9 30 linhas.<\/p>\n\n\n\n<h4 class=\"wp-block-heading\" id=\"h-dos-criterios-de-avaliacao-da-prova-de-redacao\"><strong>DOS CRIT\u00c9RIOS DE AVALIA\u00c7\u00c3O DA PROVA DE REDA\u00c7\u00c3O<\/strong>:<\/h4>\n\n\n\n<p>Respeitados os empates na \u00faltima coloca\u00e7\u00e3o, ser\u00e3o corrigidas as provas de reda\u00e7\u00e3o dos candidatos aprovados na prova objetiva e classificados conforme quadro a seguir:<\/p>\n\n\n\n<h4 class=\"wp-block-heading\" id=\"h-cargo-masculino-feminino\"><strong>CARGO MASCULINO | FEMININO<\/strong><\/h4>\n\n\n\n<ul class=\"wp-block-list\"><li><strong>Cadete:<\/strong> 52\u00aa | 8\u00aa<\/li><li><strong>Aluno-Soldado:<\/strong> 360\u00aa | 40\u00aa<\/li><\/ul>\n\n\n\n<h2 class=\"wp-block-heading\" id=\"fisica\">Exame de Capacidade F\u00edsica &#8211; edital Bombeiro TO<\/h2>\n\n\n\n<p>Considera-se exame de capacidade f\u00edsica o conjunto de avalia\u00e7\u00f5es f\u00edsicas realizadas pelos candidatos aos cargos de Cadete e de Aluno-Soldado do Corpo de Bombeiros Militar.<\/p>\n\n\n\n<p>A etapa visa avaliar a capacidade do candidato para desempenhar as atividades inerentes aos cargos integrantes do Corpo de Bombeiros Militar do Estado do Tocantins. Ser\u00e3o avaliados os seguintes exerc\u00edcios:<\/p>\n\n\n\n<ul class=\"wp-block-list\"><li><strong><em>Teste din\u00e2mico em barra fixa (homens);<\/em><\/strong><\/li><li><strong><em>Teste est\u00e1tico em barra fixa (mulheres)<\/em><\/strong><\/li><li><strong><em>Prova de nata\u00e7\u00e3o 50 m (homens e mulheres);<\/em><\/strong><\/li><li><strong><em>Teste de flex\u00e3o abdominal remador (homens e mulheres);<\/em><\/strong><\/li><li><strong><em>Flex\u00e3o de bra\u00e7os; <\/em><\/strong><\/li><li><strong><em>Prova de corrida de 12 minutos; e<\/em><\/strong><\/li><li><strong><em>Teste de equil\u00edbrio din\u00e2mico\/altura.<\/em><\/strong><\/li><\/ul>\n\n\n\n<h2 class=\"wp-block-heading\" id=\"psicologica\">Avalia\u00e7\u00e3o Psicol\u00f3gica <\/h2>\n\n\n\n<p>A avalia\u00e7\u00e3o psicol\u00f3gica ser\u00e1 destinada a avaliar os tra\u00e7os de personalidade restritivos ou incompat\u00edveis para o exerc\u00edcio da atividade no cargo, conforme previsto no art. 11, \u00a76\u00b0 da Lei n\u00b0 2.578\/12.<\/p>\n\n\n\n<p>S\u00e3o considerados tra\u00e7os de personalidade incompat\u00edveis para inclus\u00e3o no edital Bombeiro TO:<\/p>\n\n\n\n<p><strong><em>I \u2013 descontrole emocional;<br \/>II \u2013 descontrole da agressividade;<br \/>III \u2013 descontrole da impulsividade;<br \/>IV \u2013 altera\u00e7\u00f5es acentuadas da afetividade;<br \/>V \u2013 oposicionismo \u00e0s normas sociais e figuras de autoridade;<br \/>VI \u2013 dificuldade acentuada para estabelecer contato interpessoal;<br \/>VII \u2013 funcionamento intelectual abaixo da m\u00e9dia, associado a preju\u00edzo no comportamento adaptativo e desempenho deficit\u00e1rio de acordo com idade e grupamento social;<br \/>VIII \u2013 dist\u00farbio acentuado da energia vital, de forma a comprometer a capacidade para a\u00e7\u00e3o. <\/em><\/strong><\/p>\n\n\n\n<h2 class=\"wp-block-heading\" id=\"h-avaliacao-de-medica-e-odontologica\">Avalia\u00e7\u00e3o de M\u00e9dica e Odontol\u00f3gica<\/h2>\n\n\n\n<p>A avalia\u00e7\u00e3o m\u00e9dica e odontol\u00f3gica, de responsabilidade do CBMTO, ser\u00e1 realizada por Junta de Sa\u00fade composta de profissionais da \u00e1rea de sa\u00fade e designados pela comiss\u00e3o para esse fim em local e em data a serem divulgados no site www.bombeiros.to.gov.br.<\/p>\n\n\n\n<p>A avalia\u00e7\u00e3o m\u00e9dica e odontol\u00f3gica ter\u00e1 car\u00e1ter eliminat\u00f3rio e os candidatos ser\u00e3o considerados <strong>aptos ou inaptos<\/strong> para a atividade bombeiro militar.<\/p>\n\n\n\n<h2 class=\"wp-block-heading\" id=\"social\">Investiga\u00e7\u00e3o Social<\/h2>\n\n\n\n<p>A investiga\u00e7\u00e3o social e da vida pregressa, de car\u00e1ter eliminat\u00f3rio, \u00e9 de responsabilidade do CBMTO, e ser\u00e1 realizada a partir das informa\u00e7\u00f5es constantes do Formul\u00e1rio de Coleta de Dados e usando as formas<br \/>legais de obten\u00e7\u00e3o de informa\u00e7\u00f5es sobre a conduta e a vida pregressa do candidato.<\/p>\n\n\n\n<h2 class=\"has-text-align-center wp-block-heading\" id=\"curso\"> Quer estudar para o edital Bombeiro TO?<\/h2>\n\n\n\n<div class=\"container\" id=\"boxes\">\n  <div class=\"row\">\n\n    <div class=\"col-sm\">\n      <div class=\"banner-policial\" id=\"box-assinatura\">\n        <h3 class=\"titulo-assinatura\">Curso Bombeiro TO<\/h3>\n        <p class=\"subtitulo-assinatura\">Conhe\u00e7a os cursos<\/p>\n        <div class=\"box-botao\">\n          <a class=\"btn-assinatura\" target=\"_blank\" href=\"https:\/\/www.estrategiaconcursos.com.br\/cursosPorConcurso\/corpo-de-bombeiros-do-tocantins-cbm-to\/\" role=\"button\" rel=\"noopener noreferrer\">Conhe\u00e7a mais<\/a>\n        <\/div>\n      <\/div><\/div><\/div><\/div>\n\n\n\n<div class=\"container\" id=\"boxes\">\n  <div class=\"row\">\n\n    <div class=\"col-sm\">\n      <div class=\"estrategia\" id=\"box-assinatura\">\n        <h3 class=\"titulo-assinatura\">Assinatura Ilimitada<\/h3>\n        <p class=\"subtitulo-assinatura\">Assinatura Anual Ilimitada*<\/p>\n        <div class=\"box-botao\">\n          <a class=\"btn-assinatura\" target=\"_blank\" href=\"https:\/\/www.estrategiaconcursos.com.br\/assinaturas\/\" role=\"button\" rel=\"noopener noreferrer\">ASSINE AGORA<\/a>\n        <\/div>\n      <\/div>\n      <p class=\"texto-auxiliar\">Prepare-se com o melhor material e com quem mais aprova em Concursos P\u00fablicos em todo o pa\u00eds. Assine agora a nossa Assinatura Anual e tenha acesso ilimitado* a todos os nossos cursos.<\/p>\n    <\/div>\n\n    <div class=\"col-sm\">\n      <div class=\"questoes\" id=\"box-assinatura\">\n        <h3 class=\"titulo-assinatura\">Sistema de Quest\u00f5es<\/h3>\n        <p class=\"subtitulo-assinatura\">Assinatura Ilimitada*<\/p>\n        <div class=\"box-botao\">\n          <a class=\"btn-assinatura\" target=\"_blank\" href=\"https:\/\/www.estrategiaconcursos.com.br\/cursosPorConcurso\/sistema-de-questoes\/#\/\" role=\"button\" rel=\"noopener noreferrer\">ASSINE AGORA<\/a>\n        <\/div>\n      <\/div>\n      <p class=\"texto-auxiliar\">Estrat\u00e9gia Quest\u00f5es nasceu maior do que todos os concorrentes, com mais quest\u00f5es cadastradas e mais solu\u00e7\u00f5es por professores. Clique no link e aproveite os descontos e b\u00f4nus imperd\u00edveis!<\/p>\n    <\/div>\n  <\/div>\n<\/div>\n\n\n\n<div class=\"container\" id=\"boxes\">\n  <div class=\"row\">\n\n  \n    <div class=\"col-sm\" id=\"boxes-concursos\">\n      <div style=\"background-color: #005DAD;\" class=\"conteudo-concursos\" id=\"box-concursos\">\n        <h3 class=\"titulo-assinatura\">Concursos Abertos<\/h3>\n        <p class=\"subtitulo-assinatura\">mais de 15 mil vagas<\/p>\n        <div class=\"box-botao\">\n          <a class=\"btn-assinatura\" target=\"_blank\" href=\"https:\/\/www.estrategiaconcursos.com.br\/blog\/concursos-abertos\/\" role=\"button\" rel=\"noopener noreferrer\">Conhe\u00e7a Agora<\/a>\n        <\/div>\n      <\/div>\n    <\/div>\n\n    <div class=\"col-sm\" id=\"boxes-concursos\">\n      <div style=\"background-color: #419FF0;\" class=\"conteudo-concursos\" id=\"box-concursos\">\n        <h3 class=\"titulo-assinatura\">Concursos 2021<\/h3>\n        <p class=\"subtitulo-assinatura\">mais de 17 mil vagas<\/p>\n        <div class=\"box-botao\">\n          <a class=\"btn-assinatura\" target=\"_blank\" href=\"https:\/\/www.estrategiaconcursos.com.br\/blog\/concursos-2021\/\" role=\"button\" rel=\"noopener noreferrer\">Conhe\u00e7a Agora<\/a>\n        <\/div>\n      <\/div>\n    <\/div>\n\n  <\/div>\n<\/div>\n\n\n\n<figure class=\"wp-block-image\"><img loading=\"lazy\" decoding=\"async\" width=\"300\" height=\"102\" src=\"https:\/\/dhg1h5j42swfq.cloudfront.net\/2017\/03\/28152500\/coruja-ficha-tecnica-300x102.png\" alt=\"Ficha do edital Bombeiro TO\" class=\"wp-image-68542\"\/><\/figure>\n\n\n\n<h3 class=\"wp-block-heading\" id=\"ficha\">Informa\u00e7\u00f5es do edital Bombeiro TO<\/h3>\n\n\n\n<ul class=\"wp-block-list\"><li><strong>Inscri\u00e7\u00f5es<\/strong>: <strong><s>09 a 26 de fevereiro de 2021<\/s><\/strong><\/li><li><strong>Prova<\/strong>: 11 de abril<\/li><li><strong>Vagas<\/strong>: 115<\/li><li><strong>Cargos<\/strong>: Soldado e Oficial<\/li><li><strong>Banca<\/strong>: Cebraspe<\/li><li><strong>Escolaridade<\/strong>: N\u00edveis m\u00e9dio e superior<\/li><li><strong>Edital<\/strong>:&nbsp;<strong><a href=\"https:\/\/dhg1h5j42swfq.cloudfront.net\/2021\/02\/08144225\/ed_1_2021_cbmto_abertura.pdf\" target=\"_blank\" rel=\"noreferrer noopener\">Baixe AQUI!<\/a><\/strong><\/li><\/ul>\n\n\n\n<p><\/p>\n","protected":false},"excerpt":{"rendered":"<p>Est\u00e3o encerradas as inscri\u00e7\u00f5es para o edital Bombeiro TO, do Corpo de Bombeiros Militar do Tocantins. Conforme o documento, s\u00e3o ofertadas 115 vagas, sendo 100 para Soldado e 15 para Oficial, de n\u00edveis m\u00e9dio e superior, respectivamente. Os interessados em participar da sele\u00e7\u00e3o puderam realizar as inscri\u00e7\u00f5es no per\u00edodo de 09 a 26 de fevereiro [&hellip;]<\/p>\n","protected":false},"author":1,"featured_media":634456,"comment_status":"open","ping_status":"closed","sticky":false,"template":"","format":"standard","meta":{"post_tipo":"news","footnotes":""},"categories":[1988],"tags":[],"tax_estado":[219990],"class_list":["post-664900","post","type-post","status-publish","format-standard","has-post-thumbnail","hentry","category-policia","tax_estado-to"],"acf":[],"yoast_head":"<!-- This site is optimized with the Yoast SEO Premium plugin v27.2 (Yoast SEO v27.2) - https:\/\/yoast.com\/product\/yoast-seo-premium-wordpress\/ -->\n<title>EDITAL Bombeiro TO tem inscri\u00e7\u00f5es encerradas! S\u00e3o 115 vagas<\/title>\n<meta name=\"description\" content=\"Foi publicado o edital Bombeiro TO, do Corpo de Bombeiros Militar do Tocantins, com oferta de 115 vagas. Confira no site!\" \/>\n<meta name=\"robots\" content=\"index, follow, max-snippet:-1, max-image-preview:large, max-video-preview:-1\" \/>\n<link rel=\"canonical\" href=\"https:\/\/www.estrategiaconcursos.com.br\/blog\/edital-bombeiro-to\/\" \/>\n<meta property=\"og:locale\" content=\"pt_BR\" \/>\n<meta property=\"og:type\" content=\"article\" \/>\n<meta property=\"og:title\" content=\"EDITAL Bombeiro TO tem inscri\u00e7\u00f5es encerradas! S\u00e3o 115 vagas\" \/>\n<meta property=\"og:description\" content=\"Foi publicado o edital Bombeiro TO, do Corpo de Bombeiros Militar do Tocantins, com oferta de 115 vagas. Confira no site!\" \/>\n<meta property=\"og:url\" content=\"https:\/\/www.estrategiaconcursos.com.br\/blog\/edital-bombeiro-to\/\" \/>\n<meta property=\"og:site_name\" content=\"Estrat\u00e9gia Concursos\" \/>\n<meta property=\"article:author\" content=\"https:\/\/www.facebook.com\/EstrategiaConcursos\" \/>\n<meta property=\"article:published_time\" content=\"2021-02-26T21:00:00+00:00\" \/>\n<meta property=\"article:modified_time\" content=\"2022-11-24T18:40:01+00:00\" \/>\n<meta property=\"og:image\" content=\"https:\/\/dhg1h5j42swfq.cloudfront.net\/2020\/12\/19083953\/bombeiros-to-1024x536-1.jpg\" \/>\n\t<meta property=\"og:image:width\" content=\"1024\" \/>\n\t<meta property=\"og:image:height\" content=\"536\" \/>\n\t<meta property=\"og:image:type\" content=\"image\/jpeg\" \/>\n<meta name=\"author\" content=\"Coordena\u00e7\u00e3o\" \/>\n<meta name=\"twitter:card\" content=\"summary_large_image\" \/>\n<meta name=\"twitter:creator\" content=\"@EstratConcursos\" \/>\n<meta name=\"twitter:site\" content=\"@EstratConcursos\" \/>\n<meta name=\"twitter:label1\" content=\"Escrito por\" \/>\n\t<meta name=\"twitter:data1\" content=\"Coordena\u00e7\u00e3o\" \/>\n\t<meta name=\"twitter:label2\" content=\"Est. tempo de leitura\" \/>\n\t<meta name=\"twitter:data2\" content=\"6 minutos\" \/>\n<script type=\"application\/ld+json\" class=\"yoast-schema-graph\">{\"@context\":\"https:\/\/schema.org\",\"@graph\":[{\"@type\":\"NewsArticle\",\"@id\":\"https:\/\/www.estrategiaconcursos.com.br\/blog\/edital-bombeiro-to\/#article\",\"isPartOf\":{\"@id\":\"https:\/\/www.estrategiaconcursos.com.br\/blog\/edital-bombeiro-to\/\"},\"author\":{\"name\":\"Coordena\u00e7\u00e3o\",\"@id\":\"https:\/\/www.estrategiaconcursos.com.br\/blog\/#\/schema\/person\/b4a388c97673c5f483d72185668afa1f\"},\"headline\":\"EDITAL Bombeiro TO tem inscri\u00e7\u00f5es encerradas! S\u00e3o 115 vagas\",\"datePublished\":\"2021-02-26T21:00:00+00:00\",\"dateModified\":\"2022-11-24T18:40:01+00:00\",\"mainEntityOfPage\":{\"@id\":\"https:\/\/www.estrategiaconcursos.com.br\/blog\/edital-bombeiro-to\/\"},\"wordCount\":1339,\"commentCount\":0,\"publisher\":{\"@id\":\"https:\/\/www.estrategiaconcursos.com.br\/blog\/#organization\"},\"image\":{\"@id\":\"https:\/\/www.estrategiaconcursos.com.br\/blog\/edital-bombeiro-to\/#primaryimage\"},\"thumbnailUrl\":\"https:\/\/dhg1h5j42swfq.cloudfront.net\/2020\/12\/19083953\/bombeiros-to-1024x536-1.jpg\",\"articleSection\":[\"Policial (Agente, Escriv\u00e3o e Investigador)\"],\"inLanguage\":\"pt-BR\",\"potentialAction\":[{\"@type\":\"CommentAction\",\"name\":\"Comment\",\"target\":[\"https:\/\/www.estrategiaconcursos.com.br\/blog\/edital-bombeiro-to\/#respond\"]}],\"copyrightYear\":\"2021\",\"copyrightHolder\":{\"@id\":\"https:\/\/www.estrategiaconcursos.com.br\/blog\/#organization\"}},{\"@type\":\"WebPage\",\"@id\":\"https:\/\/www.estrategiaconcursos.com.br\/blog\/edital-bombeiro-to\/\",\"url\":\"https:\/\/www.estrategiaconcursos.com.br\/blog\/edital-bombeiro-to\/\",\"name\":\"EDITAL Bombeiro TO tem inscri\u00e7\u00f5es encerradas! S\u00e3o 115 vagas\",\"isPartOf\":{\"@id\":\"https:\/\/www.estrategiaconcursos.com.br\/blog\/#website\"},\"primaryImageOfPage\":{\"@id\":\"https:\/\/www.estrategiaconcursos.com.br\/blog\/edital-bombeiro-to\/#primaryimage\"},\"image\":{\"@id\":\"https:\/\/www.estrategiaconcursos.com.br\/blog\/edital-bombeiro-to\/#primaryimage\"},\"thumbnailUrl\":\"https:\/\/dhg1h5j42swfq.cloudfront.net\/2020\/12\/19083953\/bombeiros-to-1024x536-1.jpg\",\"datePublished\":\"2021-02-26T21:00:00+00:00\",\"dateModified\":\"2022-11-24T18:40:01+00:00\",\"description\":\"Foi publicado o edital Bombeiro TO, do Corpo de Bombeiros Militar do Tocantins, com oferta de 115 vagas. Confira no site!\",\"breadcrumb\":{\"@id\":\"https:\/\/www.estrategiaconcursos.com.br\/blog\/edital-bombeiro-to\/#breadcrumb\"},\"inLanguage\":\"pt-BR\",\"potentialAction\":[{\"@type\":\"ReadAction\",\"target\":[\"https:\/\/www.estrategiaconcursos.com.br\/blog\/edital-bombeiro-to\/\"]}]},{\"@type\":\"ImageObject\",\"inLanguage\":\"pt-BR\",\"@id\":\"https:\/\/www.estrategiaconcursos.com.br\/blog\/edital-bombeiro-to\/#primaryimage\",\"url\":\"https:\/\/dhg1h5j42swfq.cloudfront.net\/2020\/12\/19083953\/bombeiros-to-1024x536-1.jpg\",\"contentUrl\":\"https:\/\/dhg1h5j42swfq.cloudfront.net\/2020\/12\/19083953\/bombeiros-to-1024x536-1.jpg\",\"width\":1024,\"height\":536},{\"@type\":\"BreadcrumbList\",\"@id\":\"https:\/\/www.estrategiaconcursos.com.br\/blog\/edital-bombeiro-to\/#breadcrumb\",\"itemListElement\":[{\"@type\":\"ListItem\",\"position\":1,\"name\":\"In\u00edcio\",\"item\":\"https:\/\/www.estrategiaconcursos.com.br\/blog\/\"},{\"@type\":\"ListItem\",\"position\":2,\"name\":\"EDITAL Bombeiro TO tem inscri\u00e7\u00f5es encerradas! S\u00e3o 115 vagas\"}]},{\"@type\":\"WebSite\",\"@id\":\"https:\/\/www.estrategiaconcursos.com.br\/blog\/#website\",\"url\":\"https:\/\/www.estrategiaconcursos.com.br\/blog\/\",\"name\":\"Estrat\u00e9gia Concursos\",\"description\":\"O blog da Estrat\u00e9gia Concursos traz not\u00edcias sobre concursos e artigos de professores oferecendo cursos para concursos (pdf + videaulas) no site.\",\"publisher\":{\"@id\":\"https:\/\/www.estrategiaconcursos.com.br\/blog\/#organization\"},\"potentialAction\":[{\"@type\":\"SearchAction\",\"target\":{\"@type\":\"EntryPoint\",\"urlTemplate\":\"https:\/\/www.estrategiaconcursos.com.br\/blog\/?s={search_term_string}\"},\"query-input\":{\"@type\":\"PropertyValueSpecification\",\"valueRequired\":true,\"valueName\":\"search_term_string\"}}],\"inLanguage\":\"pt-BR\"},{\"@type\":\"Organization\",\"@id\":\"https:\/\/www.estrategiaconcursos.com.br\/blog\/#organization\",\"name\":\"Estrat\u00e9gia Concursos\",\"url\":\"https:\/\/www.estrategiaconcursos.com.br\/blog\/\",\"logo\":{\"@type\":\"ImageObject\",\"inLanguage\":\"pt-BR\",\"@id\":\"https:\/\/www.estrategiaconcursos.com.br\/blog\/#\/schema\/logo\/image\/\",\"url\":\"https:\/\/dhg1h5j42swfq.cloudfront.net\/2025\/06\/03203428\/logo_concursos-1.jpg\",\"contentUrl\":\"https:\/\/dhg1h5j42swfq.cloudfront.net\/2025\/06\/03203428\/logo_concursos-1.jpg\",\"width\":230,\"height\":60,\"caption\":\"Estrat\u00e9gia Concursos\"},\"image\":{\"@id\":\"https:\/\/www.estrategiaconcursos.com.br\/blog\/#\/schema\/logo\/image\/\"},\"sameAs\":[\"https:\/\/x.com\/EstratConcursos\"]},{\"@type\":\"Person\",\"@id\":\"https:\/\/www.estrategiaconcursos.com.br\/blog\/#\/schema\/person\/b4a388c97673c5f483d72185668afa1f\",\"name\":\"Coordena\u00e7\u00e3o\",\"image\":{\"@type\":\"ImageObject\",\"inLanguage\":\"pt-BR\",\"@id\":\"https:\/\/secure.gravatar.com\/avatar\/b720319e4c9a967eb58678d110f4fe35452fc5d5f97b202bac7b8acceb18c6ad?s=96&d=mm&r=g\",\"url\":\"https:\/\/secure.gravatar.com\/avatar\/b720319e4c9a967eb58678d110f4fe35452fc5d5f97b202bac7b8acceb18c6ad?s=96&d=mm&r=g\",\"contentUrl\":\"https:\/\/secure.gravatar.com\/avatar\/b720319e4c9a967eb58678d110f4fe35452fc5d5f97b202bac7b8acceb18c6ad?s=96&d=mm&r=g\",\"caption\":\"Coordena\u00e7\u00e3o\"},\"sameAs\":[\"https:\/\/www.facebook.com\/EstrategiaConcursos\",\"https:\/\/x.com\/EstratConcursos\"],\"url\":\"https:\/\/www.estrategiaconcursos.com.br\/blog\/author\/estrategia2013\/\"}]}<\/script>\n<!-- \/ Yoast SEO Premium plugin. -->","yoast_head_json":{"title":"EDITAL Bombeiro TO tem inscri\u00e7\u00f5es encerradas! S\u00e3o 115 vagas","description":"Foi publicado o edital Bombeiro TO, do Corpo de Bombeiros Militar do Tocantins, com oferta de 115 vagas. Confira no site!","robots":{"index":"index","follow":"follow","max-snippet":"max-snippet:-1","max-image-preview":"max-image-preview:large","max-video-preview":"max-video-preview:-1"},"canonical":"https:\/\/www.estrategiaconcursos.com.br\/blog\/edital-bombeiro-to\/","og_locale":"pt_BR","og_type":"article","og_title":"EDITAL Bombeiro TO tem inscri\u00e7\u00f5es encerradas! S\u00e3o 115 vagas","og_description":"Foi publicado o edital Bombeiro TO, do Corpo de Bombeiros Militar do Tocantins, com oferta de 115 vagas. Confira no site!","og_url":"https:\/\/www.estrategiaconcursos.com.br\/blog\/edital-bombeiro-to\/","og_site_name":"Estrat\u00e9gia Concursos","article_author":"https:\/\/www.facebook.com\/EstrategiaConcursos","article_published_time":"2021-02-26T21:00:00+00:00","article_modified_time":"2022-11-24T18:40:01+00:00","og_image":[{"width":1024,"height":536,"url":"https:\/\/dhg1h5j42swfq.cloudfront.net\/2020\/12\/19083953\/bombeiros-to-1024x536-1.jpg","type":"image\/jpeg"}],"author":"Coordena\u00e7\u00e3o","twitter_card":"summary_large_image","twitter_creator":"@EstratConcursos","twitter_site":"@EstratConcursos","twitter_misc":{"Escrito por":"Coordena\u00e7\u00e3o","Est. tempo de leitura":"6 minutos"},"schema":{"@context":"https:\/\/schema.org","@graph":[{"@type":"NewsArticle","@id":"https:\/\/www.estrategiaconcursos.com.br\/blog\/edital-bombeiro-to\/#article","isPartOf":{"@id":"https:\/\/www.estrategiaconcursos.com.br\/blog\/edital-bombeiro-to\/"},"author":{"name":"Coordena\u00e7\u00e3o","@id":"https:\/\/www.estrategiaconcursos.com.br\/blog\/#\/schema\/person\/b4a388c97673c5f483d72185668afa1f"},"headline":"EDITAL Bombeiro TO tem inscri\u00e7\u00f5es encerradas! S\u00e3o 115 vagas","datePublished":"2021-02-26T21:00:00+00:00","dateModified":"2022-11-24T18:40:01+00:00","mainEntityOfPage":{"@id":"https:\/\/www.estrategiaconcursos.com.br\/blog\/edital-bombeiro-to\/"},"wordCount":1339,"commentCount":0,"publisher":{"@id":"https:\/\/www.estrategiaconcursos.com.br\/blog\/#organization"},"image":{"@id":"https:\/\/www.estrategiaconcursos.com.br\/blog\/edital-bombeiro-to\/#primaryimage"},"thumbnailUrl":"https:\/\/dhg1h5j42swfq.cloudfront.net\/2020\/12\/19083953\/bombeiros-to-1024x536-1.jpg","articleSection":["Policial (Agente, Escriv\u00e3o e Investigador)"],"inLanguage":"pt-BR","potentialAction":[{"@type":"CommentAction","name":"Comment","target":["https:\/\/www.estrategiaconcursos.com.br\/blog\/edital-bombeiro-to\/#respond"]}],"copyrightYear":"2021","copyrightHolder":{"@id":"https:\/\/www.estrategiaconcursos.com.br\/blog\/#organization"}},{"@type":"WebPage","@id":"https:\/\/www.estrategiaconcursos.com.br\/blog\/edital-bombeiro-to\/","url":"https:\/\/www.estrategiaconcursos.com.br\/blog\/edital-bombeiro-to\/","name":"EDITAL Bombeiro TO tem inscri\u00e7\u00f5es encerradas! S\u00e3o 115 vagas","isPartOf":{"@id":"https:\/\/www.estrategiaconcursos.com.br\/blog\/#website"},"primaryImageOfPage":{"@id":"https:\/\/www.estrategiaconcursos.com.br\/blog\/edital-bombeiro-to\/#primaryimage"},"image":{"@id":"https:\/\/www.estrategiaconcursos.com.br\/blog\/edital-bombeiro-to\/#primaryimage"},"thumbnailUrl":"https:\/\/dhg1h5j42swfq.cloudfront.net\/2020\/12\/19083953\/bombeiros-to-1024x536-1.jpg","datePublished":"2021-02-26T21:00:00+00:00","dateModified":"2022-11-24T18:40:01+00:00","description":"Foi publicado o edital Bombeiro TO, do Corpo de Bombeiros Militar do Tocantins, com oferta de 115 vagas. Confira no site!","breadcrumb":{"@id":"https:\/\/www.estrategiaconcursos.com.br\/blog\/edital-bombeiro-to\/#breadcrumb"},"inLanguage":"pt-BR","potentialAction":[{"@type":"ReadAction","target":["https:\/\/www.estrategiaconcursos.com.br\/blog\/edital-bombeiro-to\/"]}]},{"@type":"ImageObject","inLanguage":"pt-BR","@id":"https:\/\/www.estrategiaconcursos.com.br\/blog\/edital-bombeiro-to\/#primaryimage","url":"https:\/\/dhg1h5j42swfq.cloudfront.net\/2020\/12\/19083953\/bombeiros-to-1024x536-1.jpg","contentUrl":"https:\/\/dhg1h5j42swfq.cloudfront.net\/2020\/12\/19083953\/bombeiros-to-1024x536-1.jpg","width":1024,"height":536},{"@type":"BreadcrumbList","@id":"https:\/\/www.estrategiaconcursos.com.br\/blog\/edital-bombeiro-to\/#breadcrumb","itemListElement":[{"@type":"ListItem","position":1,"name":"In\u00edcio","item":"https:\/\/www.estrategiaconcursos.com.br\/blog\/"},{"@type":"ListItem","position":2,"name":"EDITAL Bombeiro TO tem inscri\u00e7\u00f5es encerradas! S\u00e3o 115 vagas"}]},{"@type":"WebSite","@id":"https:\/\/www.estrategiaconcursos.com.br\/blog\/#website","url":"https:\/\/www.estrategiaconcursos.com.br\/blog\/","name":"Estrat\u00e9gia Concursos","description":"O blog da Estrat\u00e9gia Concursos traz not\u00edcias sobre concursos e artigos de professores oferecendo cursos para concursos (pdf + videaulas) no site.","publisher":{"@id":"https:\/\/www.estrategiaconcursos.com.br\/blog\/#organization"},"potentialAction":[{"@type":"SearchAction","target":{"@type":"EntryPoint","urlTemplate":"https:\/\/www.estrategiaconcursos.com.br\/blog\/?s={search_term_string}"},"query-input":{"@type":"PropertyValueSpecification","valueRequired":true,"valueName":"search_term_string"}}],"inLanguage":"pt-BR"},{"@type":"Organization","@id":"https:\/\/www.estrategiaconcursos.com.br\/blog\/#organization","name":"Estrat\u00e9gia Concursos","url":"https:\/\/www.estrategiaconcursos.com.br\/blog\/","logo":{"@type":"ImageObject","inLanguage":"pt-BR","@id":"https:\/\/www.estrategiaconcursos.com.br\/blog\/#\/schema\/logo\/image\/","url":"https:\/\/dhg1h5j42swfq.cloudfront.net\/2025\/06\/03203428\/logo_concursos-1.jpg","contentUrl":"https:\/\/dhg1h5j42swfq.cloudfront.net\/2025\/06\/03203428\/logo_concursos-1.jpg","width":230,"height":60,"caption":"Estrat\u00e9gia Concursos"},"image":{"@id":"https:\/\/www.estrategiaconcursos.com.br\/blog\/#\/schema\/logo\/image\/"},"sameAs":["https:\/\/x.com\/EstratConcursos"]},{"@type":"Person","@id":"https:\/\/www.estrategiaconcursos.com.br\/blog\/#\/schema\/person\/b4a388c97673c5f483d72185668afa1f","name":"Coordena\u00e7\u00e3o","image":{"@type":"ImageObject","inLanguage":"pt-BR","@id":"https:\/\/secure.gravatar.com\/avatar\/b720319e4c9a967eb58678d110f4fe35452fc5d5f97b202bac7b8acceb18c6ad?s=96&d=mm&r=g","url":"https:\/\/secure.gravatar.com\/avatar\/b720319e4c9a967eb58678d110f4fe35452fc5d5f97b202bac7b8acceb18c6ad?s=96&d=mm&r=g","contentUrl":"https:\/\/secure.gravatar.com\/avatar\/b720319e4c9a967eb58678d110f4fe35452fc5d5f97b202bac7b8acceb18c6ad?s=96&d=mm&r=g","caption":"Coordena\u00e7\u00e3o"},"sameAs":["https:\/\/www.facebook.com\/EstrategiaConcursos","https:\/\/x.com\/EstratConcursos"],"url":"https:\/\/www.estrategiaconcursos.com.br\/blog\/author\/estrategia2013\/"}]}},"_links":{"self":[{"href":"https:\/\/www.estrategiaconcursos.com.br\/blog\/wp-json\/wp\/v2\/posts\/664900","targetHints":{"allow":["GET"]}}],"collection":[{"href":"https:\/\/www.estrategiaconcursos.com.br\/blog\/wp-json\/wp\/v2\/posts"}],"about":[{"href":"https:\/\/www.estrategiaconcursos.com.br\/blog\/wp-json\/wp\/v2\/types\/post"}],"author":[{"embeddable":true,"href":"https:\/\/www.estrategiaconcursos.com.br\/blog\/wp-json\/wp\/v2\/users\/1"}],"replies":[{"embeddable":true,"href":"https:\/\/www.estrategiaconcursos.com.br\/blog\/wp-json\/wp\/v2\/comments?post=664900"}],"version-history":[{"count":29,"href":"https:\/\/www.estrategiaconcursos.com.br\/blog\/wp-json\/wp\/v2\/posts\/664900\/revisions"}],"predecessor-version":[{"id":1129193,"href":"https:\/\/www.estrategiaconcursos.com.br\/blog\/wp-json\/wp\/v2\/posts\/664900\/revisions\/1129193"}],"wp:featuredmedia":[{"embeddable":true,"href":"https:\/\/www.estrategiaconcursos.com.br\/blog\/wp-json\/wp\/v2\/media\/634456"}],"wp:attachment":[{"href":"https:\/\/www.estrategiaconcursos.com.br\/blog\/wp-json\/wp\/v2\/media?parent=664900"}],"wp:term":[{"taxonomy":"category","embeddable":true,"href":"https:\/\/www.estrategiaconcursos.com.br\/blog\/wp-json\/wp\/v2\/categories?post=664900"},{"taxonomy":"post_tag","embeddable":true,"href":"https:\/\/www.estrategiaconcursos.com.br\/blog\/wp-json\/wp\/v2\/tags?post=664900"},{"taxonomy":"tax_estado","embeddable":true,"href":"https:\/\/www.estrategiaconcursos.com.br\/blog\/wp-json\/wp\/v2\/tax_estado?post=664900"}],"curies":[{"name":"wp","href":"https:\/\/api.w.org\/{rel}","templated":true}]}}