{"id":66418,"date":"2017-03-08T10:26:39","date_gmt":"2017-03-08T13:26:39","guid":{"rendered":"https:\/\/www.estrategiaconcursos.com.br\/blog\/?p=66418"},"modified":"2017-03-16T10:59:48","modified_gmt":"2017-03-16T13:59:48","slug":"trf-2a-seguranca-e-transportes-questoes-comentadas-de-hoje-ate-amanha","status":"publish","type":"post","link":"https:\/\/www.estrategiaconcursos.com.br\/blog\/trf-2a-seguranca-e-transportes-questoes-comentadas-de-hoje-ate-amanha\/","title":{"rendered":"TRF 2 &#8211; Seguran\u00e7a e Transportes &#8211; Quest\u00f5es Comentadas (de hoje at\u00e9 amanh\u00e3)! [MAIS DUAS CABEM RECURSO]"},"content":{"rendered":"<p>\n\t<strong>TRF 2 &#8211; Seguran&ccedil;a e Transportes &#8211; Quest&otilde;es Comentadas (de hoje at&eacute; amanh&atilde;)! [CABE RECURSO]<\/strong>\n<\/p>\n<p style=\"text-align: justify\">\n\tOl&aacute;, amigos!\n<\/p>\n<p style=\"text-align: justify\">\n\tPara quem n&atilde;o me conhece ainda, meu nome &eacute; <strong>Marcos Gir&atilde;o<\/strong> e sou professor aqui do Estrat&eacute;gia Concursos, lecionando as disciplinas Leis Penais Especiais, Legisla&ccedil;&atilde;o de Tr&acirc;nsito e Seguran&ccedil;a Corporativa para concursos P&uacute;blicos.\n<\/p>\n<p style=\"text-align: justify\">\n\tPara o certame<strong> TRF 2&ordf;<\/strong>, fiquei respons&aacute;vel por ministrar, junto ao brilhante <strong>Prof. Alexandre Herculano<\/strong>,&nbsp; as disciplinas cobradas na parte de <strong>CONHECIMENTOS ESPEC&Iacute;FICOS<\/strong><strong> <\/strong>para o cargo de T&eacute;cnico Judici&aacute;rio Apiio Especializado Seguran&ccedil;a e TRansportes! Vamos aqui, portanto, passar o coment&aacute;rio do gabarito preliminar da p<strong>rova <\/strong>aplicada <u>DOMINGO<\/u>, pela CONSULPLAN.\n<\/p>\n<p style=\"text-align: justify\">\n\tPor questg&otilde;es de sa&uacute;de, estou conmentando pouco a pouco as quest&otilde;es, mas at&eacute; amanh&atilde;, ao meio dia, todas estar&atilde;o devidamente comentadas. Fiquem dfando F5&nbsp; vez por outra que esse artigo estar&aacute; atualizado, combinado?\n<\/p>\n<p style=\"text-align: justify\">\n\tO Prof. Herculano j&aacute; publicou outro artigo com nossas sugest&otilde;es de recursos&nbsp; e voc&ecirc;s podem acess&aacute;-lo pelo link:\n<\/p>\n<p style=\"text-align: justify\">\n\t<a href=\"https:\/\/www.estrategiaconcursos.com.br\/blog\/trf2-seguranca-e-transporte-questoes-passiveis-de-anulacao\/\">https:\/\/www.estrategiaconcursos.com.br\/blog\/trf2-seguranca-e-transporte-questoes-passiveis-de-anulacao\/<\/a>\n<\/p>\n<p style=\"text-align: justify\">\n\tTodas as sugest&otilde;es estar&atilde;o aqui tamb&eacute;m, mas junto aos coment&aacute;rios da quest&otilde;es, quando for o caso, belezA?\n<\/p>\n<p style=\"text-align: justify\">\n\tA resposta de PRATICAMENTE TODAS elas <strong>constavam tamb&eacute;m no nosso material que esteva cheio de quest&otilde;es in&eacute;ditas bem parecida com essa da prova!&nbsp; Nossos alunos vibraram muito!!!!!<\/strong>\n<\/p>\n<p>\n\tBom, ent&atilde;o vamos aos coment&aacute;rios delas!\n<\/p>\n<p style=\"text-align: justify\">\n\t<span style=\"text-decoration: underline\"><strong><u>QUEST&Otilde;ES CONHECIMENTOS ESPEC&Iacute;FICOS SEGURAN&Ccedil;A E TRANSPORTES &#8211; TIPO 1:<\/u><\/strong><\/span>\n<\/p>\n<p style=\"text-align: justify\">\n\t<strong>21. Ao Sistema Nacional de Armas &ndash; Sinarm compete, EXCETO:<\/strong><br \/>\n\tA) Cadastrar as armas de fogo produzidas, importadas e vendidas no Pa&iacute;s.<br \/>\n\tB) Identificar as caracter&iacute;sticas e a propriedade de armas de fogo, mediante cadastro.<br \/>\n\tC) Cadastrar as autoriza&ccedil;&otilde;es de porte de arma de fogo e as renova&ccedil;&otilde;es expedidas pela Pol&iacute;cia Civil.<br \/>\n\tD) Cadastrar as transfer&ecirc;ncias de propriedade, extravio, furto, roubo e outras ocorr&ecirc;ncias suscet&iacute;veis de alterar os dados cadastrais, inclusive as decorrentes de fechamento de empresas de seguran&ccedil;a privada e de transporte de valores.\n<\/p>\n<p>\n\t<u>Coment&aacute;rio<\/u>:\n<\/p>\n<p style=\"text-align: justify\">\n\tTodos os itens est&atilde;o corretos, segundo o art. 2&ordm; da Lei n&ordm;10.826\/03, exceto o item C. Correto seria seria segundo o inciso III do citado artigo : cadastrar as autoriza&ccedil;&otilde;es de porte de arma de fogo e as renova&ccedil;&otilde;es expedidas pela Pol&iacute;cia <span style=\"color:#FF0000\"><strong>Federal <\/strong><\/span><s>Civil<\/s>\n<\/p>\n<p style=\"text-align: justify\">\n\tGabarito: <strong>Letra &quot;C&quot;<\/strong>\n<\/p>\n<p style=\"text-align: justify\">\n\t<strong>22. Em rela&ccedil;&atilde;o ao registro de arma de fogo, previsto na Lei n&ordm; 10.826, de 22 de dezembro 2003, assinale a alternativa INCORRETA.<\/strong><br \/>\n\tA) A aquisi&ccedil;&atilde;o de muni&ccedil;&atilde;o somente poder&aacute; ser feita no calibre correspondente &agrave; arma registrada e na quantidade estabelecida no regulamento da Lei.<br \/>\n\tB) &Eacute; obrigat&oacute;rio o registro de arma de fogo no &oacute;rg&atilde;o competente, sendo certo dizer que as armas de fogo de uso restrito ser&atilde;o registradas no Comando do Ex&eacute;rcito, na forma do regulamento da Lei.<br \/>\n\tC) O Sinarm expedir&aacute; autoriza&ccedil;&atilde;o de compra de arma de fogo ap&oacute;s atendidos os requisitos anteriormente estabelecidos, em nome do requerente e para a arma indicada, sendo transfer&iacute;vel esta autoriza&ccedil;&atilde;o, desde que o interessado preencha os requisitos legais.<br \/>\n\tD) O certificado de registro de arma de fogo, com validade em todo o territ&oacute;rio nacional, autoriza o seu propriet&aacute;rio a manter a arma de fogo exclusivamente no interior de sua resid&ecirc;ncia ou domic&iacute;lio, ou depend&ecirc;ncia desses, ou, ainda, no seu local de trabalho, desde que seja ele o titular ou o respons&aacute;vel legal pelo estabelecimento ou empresa.\n<\/p>\n<p>\n\t<u>Coment&aacute;rio<\/u>:\n<\/p>\n<p>\n\tItem A &#8211; Certo. (art. 4&ordm;, &sect;2&ordm;).<br \/>\n\tItem B &#8211; Certo. (art. 3&ordm;, caput e par&aacute;grafo &uacute;nico).<br \/>\n\tItem C &#8211; <span style=\"color:#FF0000\"><strong>Errado<\/strong><\/span>. O Sinarm expedir&aacute; autoriza&ccedil;&atilde;o de compra de arma de fogo ap&oacute;s atendidos os requisitos anteriormente estabelecidos, em nome do requerente e para a arma indicada, sendo <span style=\"color:#FF0000\"><strong>intransfer&iacute;vel <\/strong><\/span>esta autoriza&ccedil;&atilde;o, desde que o interessado preencha os requisitos legais (art. 4&ordm;, &sect;1&ordm;)..<br \/>\n\tItem D &#8211; Certo. (art. 5&ordm;)\n<\/p>\n<p>\n\tGabarito: <strong>Letra &quot;C&quot;<\/strong>\n<\/p>\n<p>\n\t<strong>23. Quanto &agrave; Lei n&ordm; 10.826, de 22 de dezembro 2003, analise as afirmativas a seguir.<\/strong><br \/>\n\t<strong>I.<\/strong> O presidente do tribunal ou o chefe do Minist&eacute;rio P&uacute;blico designar&aacute; os servidores de seus quadros pessoais no<br \/>\n\texerc&iacute;cio de fun&ccedil;&otilde;es de seguran&ccedil;a que poder&atilde;o portar arma de fogo, respeitado o limite m&aacute;ximo de 50% do n&uacute;mero<br \/>\n\tde servidores que exer&ccedil;am fun&ccedil;&otilde;es de seguran&ccedil;a.<br \/>\n\t<strong>II. <\/strong>As armas de fogo utilizadas pelos empregados das empresas de seguran&ccedil;a privada e de transporte de valores,<br \/>\n\tconstitu&iacute;das na forma da lei, ser&atilde;o de propriedade, responsabilidade e guarda das respectivas empresas, somente<br \/>\n\tpodendo ser utilizadas quando em servi&ccedil;o, devendo essas observar as condi&ccedil;&otilde;es de uso e de armazenagem estabelecidas pelo &oacute;rg&atilde;o competente, sendo o certificado de registro e a autoriza&ccedil;&atilde;o de porte expedidos pela Pol&iacute;cia Federal em nome da empresa.<br \/>\n\t<strong>III.<\/strong> Compete ao Minist&eacute;rio da Justi&ccedil;a a autoriza&ccedil;&atilde;o do porte de arma para os respons&aacute;veis pela seguran&ccedil;a de cidad&atilde;os estrangeiros em visita ou sediados no Brasil, bem como nos termos do regulamento desta Lei, o registro e a concess&atilde;o de porte de tr&acirc;nsito de arma de fogo para colecionadores, atiradores e ca&ccedil;adores e de representantes<br \/>\n\testrangeiros em competi&ccedil;&atilde;o internacional oficial de tiro realizada no territ&oacute;rio nacional.<br \/>\n\t<strong>Est&aacute; correto o que se afirma em:<\/strong><br \/>\n\tA) I, II e III. B) II, apenas. C) III, apenas. D) I e II, apenas.<br \/>\n\t<u>Coment&aacute;rio<\/u>:\n<\/p>\n<p>\n\t<strong>Item I &#8211; <\/strong>Certo. (art. 7&ordm;-A, &sect;2&ordm;)<br \/>\n\t<strong>Item II &#8211; <\/strong>Certo. (art. 7&ordm;)<br \/>\n\t<strong>ITem III &#8211; <span style=\"color:#FF0000\">Errado<\/span><\/strong>. Compete ao Minist&eacute;rio da Justi&ccedil;a a autoriza&ccedil;&atilde;o do porte de arma para os respons&aacute;veis pela seguran&ccedil;a de cidad&atilde;os estrangeiros em visita ou sediados no Brasil, <span style=\"color:#FF0000\"><strong>e ao Comando do Ex&eacute;rcito<\/strong><\/span>, bem como nos termos do regulamento desta Lei, o registro e a concess&atilde;o de porte de tr&acirc;nsito de arma de fogo para colecionadores,&nbsp; atiradores e ca&ccedil;adores e de representantes estrangeiros em competi&ccedil;&atilde;o internacional oficial de tiro realizada no territ&oacute;rio nacional. (art. 9&ordm;)\n<\/p>\n<p>\n\tGabarito: <strong>Letra &quot;D&quot;<\/strong>\n<\/p>\n<p>\n\t<strong>24. S&atilde;o tipos penais previstos na Lei n&ordm; 10.826, de 22 de dezembro 2003, EXCETO:<\/strong><br \/>\n\tA) Utilizar simulacro de arma de fogo para pr&aacute;tica de crime ou contraven&ccedil;&atilde;o penal.<br \/>\n\tB) Deixar de observar as cautelas necess&aacute;rias para impedir que menor de dezoito anos ou pessoa portadora de<br \/>\n\tdefici&ecirc;ncia mental se apodere de arma de fogo que esteja sob sua posse ou que seja de sua propriedade.<br \/>\n\tC) Possuir ou manter sob sua guarda arma de fogo, acess&oacute;rio ou muni&ccedil;&atilde;o, de uso permitido, em desacordo com<br \/>\n\tdetermina&ccedil;&atilde;o legal ou regulamentar, no interior de sua resid&ecirc;ncia ou depend&ecirc;ncia desta, ou, ainda, no seu local de<br \/>\n\ttrabalho, desde que seja o titular ou o respons&aacute;vel legal do estabelecimento ou empresa.<br \/>\n\tD) O propriet&aacute;rio ou diretor respons&aacute;vel de empresa de seguran&ccedil;a e transporte de valores deixarem de registrar<br \/>\n\tocorr&ecirc;ncia policial e de comunicar &agrave; Pol&iacute;cia Federal perda, furto, roubo ou outras formas de extravio de arma de<br \/>\n\tfogo, acess&oacute;rio ou muni&ccedil;&atilde;o que estejam sob sua guarda, nas primeiras vinte quatro horas depois de ocorrido o fato.\n<\/p>\n<p>\n\t<u>Coment&aacute;rio<\/u>:\n<\/p>\n<p>\n\tItem A &#8211; <span style=\"color:#FF0000\"><strong>Errado, pois n&atilde;o h&aacute; esse tipo penal no Estatuto do Desarmamento.<\/strong><\/span><br \/>\n\tItem B &#8211; Certo. (art. 13)<br \/>\n\tItem C &#8211; Certo (art. 12)<br \/>\n\tItem D &#8211; Certo (art. 13, par&aacute;grafo &uacute;nico)\n<\/p>\n<p>\n\tGabarito: <strong>Letra &quot;A&quot;<\/strong>\n<\/p>\n<p>\n\t<strong>25. Em rela&ccedil;&atilde;o &agrave; Lei n&ordm; 10.826, de 22 de dezembro 2003, &eacute; proibido o porte de arma de fogo em todo o territ&oacute;rio nacional, salvo para os casos previstos em legisla&ccedil;&atilde;o pr&oacute;pria e para, EXCETO:<\/strong><br \/>\n\tA) Os integrantes das For&ccedil;as Armadas.<br \/>\n\tB) Os integrantes de &oacute;rg&atilde;os referidos nos incisos do caput do Art. 144 da Constitui&ccedil;&atilde;o Federal.<br \/>\n\tC) Os integrantes das guardas municipais dos munic&iacute;pios com mais de dez mil e menos de quinhentos mil habitantes, quando em servi&ccedil;o.<br \/>\n\tD) Os agentes operacionais da Ag&ecirc;ncia Brasileira de Intelig&ecirc;ncia e os agentes do Departamento de Seguran&ccedil;a do<br \/>\n\tGabinete de Seguran&ccedil;a Institucional da Presid&ecirc;ncia da Rep&uacute;blica.\n<\/p>\n<p>\n\t<u>Coment&aacute;rio<\/u>:\n<\/p>\n<p>\n\tItem A &#8211; Certo (art. 6&ordm;, I)<br \/>\n\tItem B &#8211; Certo (art. 6&ordm;, II)<br \/>\n\tItem C &#8211; <span style=\"color:#FF0000\"><strong>Errado<\/strong><\/span>. Os integrantes das guardas municipais dos munic&iacute;pios com mais de <span style=\"color:#FF0000\"><strong>cinquenta <\/strong><\/span>mil e menos de&nbsp; quinhentos mil habitantes, quando em servi&ccedil;o. (art. 6&ordm;, IV)<br \/>\n\tItem D &#8211; Certo (art. 6&ordm;, V)\n<\/p>\n<p>\n\tGabarito: <strong>Letra &quot;C&quot;<\/strong>\n<\/p>\n<p>\n\t<strong>26. O tr&acirc;nsito de ve&iacute;culos nas vias terrestres abertas &agrave; circula&ccedil;&atilde;o obedecer&aacute; &agrave;s seguintes normas, segundo o CTB,<br \/>\n\tEXCETO:<\/strong><br \/>\n\tA) A circula&ccedil;&atilde;o far-se-&aacute; pelo lado direito da via, admitindo-se as exce&ccedil;&otilde;es devidamente sinalizadas.<br \/>\n\tB) Os ve&iacute;culos que se deslocam sobre trilhos ter&atilde;o prefer&ecirc;ncia de passagem sobre os demais, respeitadas as normas de circula&ccedil;&atilde;o.<br \/>\n\tC) Os ve&iacute;culos precedidos de batedores ter&atilde;o prefer&ecirc;ncia absoluta de passagem, respeitadas as demais normas de<br \/>\n\tcircula&ccedil;&atilde;o.<br \/>\n\tD) O condutor dever&aacute; guardar dist&acirc;ncia de seguran&ccedil;a lateral e frontal entre o seu e os demais ve&iacute;culos, bem como em rela&ccedil;&atilde;o ao bordo da pista, considerando-se, no momento, a velocidade e as condi&ccedil;&otilde;es do local, da circula&ccedil;&atilde;o, do ve&iacute;culo e as condi&ccedil;&otilde;es clim&aacute;ticas.\n<\/p>\n<p>\n\t<u>Coment&aacute;rio<\/u>:\n<\/p>\n<p>\n\tItem A &#8211; Certo. (art. 29, I)<br \/>\n\tItem B &#8211; Certo. (art. 29, XII)<br \/>\n\tItem C &#8211; <span style=\"color:#FF0000\"><strong>Errado<\/strong><\/span>. Os ve&iacute;culos precedidos de batedores ter&atilde;o <span style=\"color:#FF0000\"><strong>prioridade&nbsp; <\/strong><\/span><s>prefer&ecirc;ncia absoluta<\/s> de passagem, respeitadas as demais normas de circula&ccedil;&atilde;o. (art. 29, VI)<br \/>\n\tItem D &#8211; Certo. (art. 29, II)\n<\/p>\n<p>\n\tGabarito: <strong>Letra &quot;C&quot;<\/strong>\n<\/p>\n<p>\n\t<strong>27. Sobre as normas gerais de circula&ccedil;&atilde;o e conduta presentes no CTB, analise as afirmativas a seguir.<\/strong><br \/>\n\t<strong>I. <\/strong>Respeitadas as normas de circula&ccedil;&atilde;o e conduta estabelecidas no CTB, em ordem decrescente, os ve&iacute;culos de menor porte ser&atilde;o sempre respons&aacute;veis pela seguran&ccedil;a dos maiores, os n&atilde;o motorizados pelos motorizados e, juntos, pela incolumidade dos pedestres.<br \/>\n\t<strong>II.<\/strong> Os ve&iacute;culos mais lentos, quando em fila, dever&atilde;o manter proximidade suficiente entre si para n&atilde;o permitir que<br \/>\n\tve&iacute;culos que os ultrapassem possam se intercalar na fila, pois, nestes casos, a ultrapassagem n&atilde;o &eacute; permitida.<br \/>\n\t<strong>III.<\/strong> O condutor n&atilde;o poder&aacute; ultrapassar ve&iacute;culos em vias com duplo sentido de dire&ccedil;&atilde;o e pista &uacute;nica, nos trechos em<br \/>\n\tcurvas e em aclives sem visibilidade suficiente, nas passagens de n&iacute;vel, nas pontes e viadutos e nas travessias de<br \/>\n\tpedestres, em nenhuma hip&oacute;tese.<br \/>\n\t<strong>Est&atilde;o INCORRETAS as afirmativas<\/strong><br \/>\n\tA) I, II e III. B) I e II, apenas. C) I e III, apenas. D) II e III, apenas.\n<\/p>\n<p>\n\t<u>Coment&aacute;rio<\/u>:\n<\/p>\n<p>\n\tItem I.<strong> <span style=\"color:#FF0000\">Errado<\/span><\/strong>. Respeitadas as normas de circula&ccedil;&atilde;o e conduta estabelecidas no CTB, em ordem decrescente, os ve&iacute;culos de <span style=\"color:#FF0000\"><strong>maior <\/strong><\/span><s>menor <\/s>porte ser&atilde;o sempre respons&aacute;veis pela seguran&ccedil;a dos <span style=\"color:#FF0000\"><strong>menores <\/strong><\/span><s>maiores<\/s>, os <s>n&atilde;o<\/s> motorizados pelos <span style=\"color:#FF0000\"><strong>n&atilde;o <\/strong><\/span>motorizados e, juntos, pela incolumidade dos pedestres. (art. 29, &sect;2&ordm;)<br \/>\n\t<strong>Item II &#8211; <span style=\"color:#FF0000\">Errado<\/span><\/strong>. Os ve&iacute;culos mais lentos, quando em fila, dever&atilde;o manter <span style=\"color:#FF0000\">dist&acirc;ncia <\/span><s>proximidade <\/s>suficiente entre si para <s>n&atilde;o <\/s>permitir que ve&iacute;culos que os ultrapassem possam se intercalar na fila com seguran&ccedil;a.<s>, pois, nestes casos, a ultrapassagem n&atilde;o &eacute; permitida<\/s>. (art. 30, par&aacute;grafo &uacute;nico)<br \/>\n\tItem III &#8211;<strong>&nbsp;<\/strong> <span style=\"color:#FF0000\"><strong>Errado<\/strong><\/span>. O condutor n&atilde;o poder&aacute; ultrapassar ve&iacute;culos em vias com duplo sentido de dire&ccedil;&atilde;o e pista &uacute;nica, nos trechos em curvas e em aclives sem visibilidade suficiente, nas passagens de n&iacute;vel, nas pontes e viadutos e nas travessias de pedestres, <span style=\"color:#FF0000\"><strong><font face=\"Arial\">exceto quando houver sinaliza&ccedil;&atilde;o permitindo a ultrapassagem<\/font><\/strong><\/span> <s>em nenhuma hip&oacute;tese<\/s>. (art. 30, par&aacute;grafo &uacute;nico)\n<\/p>\n<p>\n\tGabarito: <strong>Letra &quot;A&quot;<\/strong>\n<\/p>\n<p>\n\t<strong>28. A velocidade m&aacute;xima permitida para a via ser&aacute; indicada por meio de sinaliza&ccedil;&atilde;o, obedecidas suas caracter&iacute;sticas t&eacute;cnicas e as condi&ccedil;&otilde;es de tr&acirc;nsito. Onde n&atilde;o existir sinaliza&ccedil;&atilde;o regulamentadora, a velocidade m&aacute;xima ser&aacute; de quarenta quil&ocirc;metros por hora, nas vias urbanas:<\/strong><br \/>\n\tA) Vias locais.&nbsp; B) Vias arteriais.&nbsp; C) Vias coletoras. . D) Vias de tr&acirc;nsito r&aacute;pido.\n<\/p>\n<p>\n\t<u>Coment&aacute;rio<\/u>:\n<\/p>\n<p>\n\tSegundo o art. 61, &sect;1&ordm;, I, &quot;c&quot;, do CTB, Onde n&atilde;o existir sinaliza&ccedil;&atilde;o regulamentadora, a velocidade m&aacute;xima ser&aacute; de quarenta quil&ocirc;metros por hora, nas vias urbanas <span style=\"color:#0000FF\"><strong>coletoras<\/strong><\/span>.\n<\/p>\n<p>\n\tGabarito: <strong>Letra &quot;C&quot;<\/strong>\n<\/p>\n<p>\n\t<strong>29. Segundo o CTB, assinale a afirmativa INCORRETA.<\/strong><br \/>\n\tA) Entende-se como tempo de dire&ccedil;&atilde;o ou de condu&ccedil;&atilde;o apenas o per&iacute;odo em que o condutor estiver efetivamente ao volante, em curso entre a origem e o destino.<br \/>\n\tB) &Eacute; vedado ao motorista profissional dirigir por mais de doze horas e meia ininterruptas ve&iacute;culos de transporte<br \/>\n\trodovi&aacute;rio coletivo de passageiros ou de transporte rodovi&aacute;rio de cargas.<br \/>\n\tC) Ser&atilde;o observados trinta minutos para descanso dentro de cada seis horas na condu&ccedil;&atilde;o de ve&iacute;culo de transporte de carga, sendo facultado o seu fracionamento e o do tempo de dire&ccedil;&atilde;o desde que n&atilde;o ultrapassadas cinco horas e meia cont&iacute;nuas no exerc&iacute;cio da condu&ccedil;&atilde;o.<br \/>\n\tD) Em situa&ccedil;&otilde;es excepcionais de inobserv&acirc;ncia justificada do tempo de dire&ccedil;&atilde;o, devidamente registradas, o tempo de dire&ccedil;&atilde;o poder&aacute; ser elevado pelo per&iacute;odo necess&aacute;rio para que o condutor, o ve&iacute;culo e a carga cheguem a um lugar que ofere&ccedil;a a seguran&ccedil;a e o atendimento demandados, desde que n&atilde;o haja comprometimento da seguran&ccedil;a rodovi&aacute;ria.\n<\/p>\n<p>\n\t<u>Coment&aacute;rio<\/u>:\n<\/p>\n<p>\n\tItem A &#8211; Certo. (art. 67-C, &sect;4&ordm;)<br \/>\n\tItem B &#8211; <span style=\"color:#FF0000\"><strong>Errado<\/strong><\/span>. &Eacute; vedado ao motorista profissional dirigir por mais de <span style=\"color:#FF0000\"><strong>cinco <\/strong><\/span><s>doze <\/s>horas e meia ininterruptas ve&iacute;culos de transporte rodovi&aacute;rio coletivo de passageiros ou de transporte rodovi&aacute;rio de cargas. (art. 67-C, caput)&nbsp; (<strong><span style=\"color:#B22222\">OBS: de fato, conduzir por mais de 12 horas e meia tamb&eacute;m &eacute;&nbsp; vedado, mas se eu disser que essa regra &eacute; correta, significa dizer que n&atilde;o &eacute; vedado conduzir ve&iacute;culo por 10 horas ininterruptas, por exemplo, e isso contraira expressamente o que o CTB regula no dispositivo citado. E a banca pediu a base da resposta no CTB, n&atilde;o foi? Em tese, est&aacute; errada.<\/span><\/strong>\n<\/p>\n<p>\n\t<span style=\"color:#FF0000\"><strong>NO ENTANTO, RECONHE&Ccedil;O QUE A REDA&Ccedil;&Atilde;O ATRAPALOU MUITO A INTERPRETA&Ccedil;&Atilde;O DOS CANDIDATOS, POSSIBILITANDO D&Uacute;VIDAS, J&Aacute; QUE TAMB&Eacute;M, EM TESE, N&Atilde;O SE PODE DIZER QUE N&Atilde;O SEJA VEDADO AO MOTORISTA PROFISSIONAL DIRIGIR POR 12 HORAS E MEIA ININTERRUPTAS. SE VOC&Ecirc; N&Atilde;O EST&Aacute; CONVENCIDO E SE ACHOU PREJUDICADO, CABE RECURSO SIM.<\/strong><\/span><br \/>\n\tItem C &#8211; Certo. (art. 67-C, &sect;4&ordm;)<br \/>\n\tItem D &#8211; Certo. (art. 67-C, &sect;2&ordm;)\n<\/p>\n<p>\n\tGabarito: <strong>Letra &quot;B&quot; <span style=\"color:#FF0000\">[PASS&Iacute;VEL DE RECURSO PARA ANULA&Ccedil;&Atilde;O POR IMPOSSIBILITAR CORRETO JULGAMENTO POR PARTE DO CANDIDATO]<\/span><\/strong>\n<\/p>\n<p>\n\t<strong>30. Segundo o CTB, assinale a alternativa INCORRETA.<\/strong><br \/>\n\tA) O ciclista desmontado empurrando a bicicleta equipara-se ao pedestre em direitos e deveres.<br \/>\n\tB) &Eacute; assegurada ao pedestre a utiliza&ccedil;&atilde;o dos passeios ou passagens apropriadas das vias urbanas e dos acostamentos das vias rurais para circula&ccedil;&atilde;o, podendo a autoridade competente permitir a utiliza&ccedil;&atilde;o de parte da cal&ccedil;ada para outros fins, desde que n&atilde;o seja prejudicial ao fluxo de pedestres.<br \/>\n\tC) Nas &aacute;reas urbanas, quando n&atilde;o houver passeios ou quando n&atilde;o for poss&iacute;vel a utiliza&ccedil;&atilde;o destes, a circula&ccedil;&atilde;o de<br \/>\n\tpedestres na pista de rolamento ser&aacute; feita com prioridade sobre os ve&iacute;culos, pelos bordos da pista, em fila &uacute;nica,<br \/>\n\texceto em locais proibidos pela sinaliza&ccedil;&atilde;o e nas situa&ccedil;&otilde;es em que a seguran&ccedil;a ficar comprometida.<br \/>\n\tD) Nas vias rurais, quando n&atilde;o houver acostamento ou quando n&atilde;o for poss&iacute;vel a utiliza&ccedil;&atilde;o dele, a circula&ccedil;&atilde;o de<br \/>\n\tpedestres, na pista de rolamento, ser&aacute; feita sem prioridade sobre os ve&iacute;culos, pelos bordos da pista, em fila &uacute;nica, no mesmo sentido ao deslocamento de ve&iacute;culos, exceto em locais proibidos pela sinaliza&ccedil;&atilde;o e nas situa&ccedil;&otilde;es em que a seguran&ccedil;a ficar comprometida.\n<\/p>\n<p>\n\t<u>Coment&aacute;rio<\/u>:\n<\/p>\n<p>\n\tItem A &#8211; Certo. (art. 68, &sect;1&ordm;)<br \/>\n\tItem B &#8211; Certo. (art. 68, caput)<br \/>\n\tItem C &#8211; Certo. (art. 68, &sect;2&ordm;)<br \/>\n\tItem D &#8211; <span style=\"color:#FF0000\"><strong>Errado<\/strong><\/span>. Nas vias rurais, quando n&atilde;o houver acostamento ou quando n&atilde;o for poss&iacute;vel a utiliza&ccedil;&atilde;o dele, a circula&ccedil;&atilde;o de pedestres, na pista de rolamento, ser&aacute; feita <span style=\"color:#FF0000\"><strong>com <\/strong><\/span><s>sem <\/s>prioridade sobre os ve&iacute;culos, pelos bordos da pista, em fila &uacute;nica, <s>no mesmo<\/s> <span style=\"color:#FF0000\"><strong>em sentido contr&aacute;rio <\/strong><\/span>ao do deslocamento de ve&iacute;culos, exceto em locais proibidos pela sinaliza&ccedil;&atilde;o e nas situa&ccedil;&otilde;es em que a seguran&ccedil;a ficar comprometida. (art. 68, &sect;2&ordm;)\n<\/p>\n<p>\n\tGabarito: <strong>Letra &quot;D&quot;<\/strong>\n<\/p>\n<p>\n\t<br \/>\n\t<strong>31. De acordo com o CTB, &eacute; INCORRETO afirmar que:<\/strong><br \/>\n\tA) Somente poder&aacute; transitar pelas vias terrestres o ve&iacute;culo cujo peso e dimens&otilde;es atenderem aos limites&nbsp; estabelecidos pelo CONTRAN.<br \/>\n\tB) Nenhum propriet&aacute;rio ou respons&aacute;vel poder&aacute;, sem pr&eacute;via autoriza&ccedil;&atilde;o da autoridade competente, fazer ou ordenar<br \/>\n\tque sejam feitas no ve&iacute;culo modifica&ccedil;&otilde;es de suas caracter&iacute;sticas de f&aacute;brica.<br \/>\n\tC) Em nenhuma hip&oacute;tese ser&aacute; tolerado um percentual sobre os limites de peso bruto total e peso bruto transmitido por eixo de ve&iacute;culos &agrave; superf&iacute;cie das vias, mesmo quando aferido por equipamento, na forma estabelecida pelo<br \/>\n\tCONTRAN.<br \/>\n\tD) Nenhum ve&iacute;culo ou combina&ccedil;&atilde;o de ve&iacute;culos poder&aacute; transitar com lota&ccedil;&atilde;o de passageiros, com peso bruto total, ou com peso bruto total combinado com peso por eixo, superior ao fixado pelo fabricante, nem ultrapassar a capacidade m&aacute;xima de tra&ccedil;&atilde;o da unidade tratora.\n<\/p>\n<p>\n\t<u>Coment&aacute;rio<\/u>:\n<\/p>\n<p>\n\tItem A &#8211; Certo. (art. 99)<br \/>\n\tItem B &#8211; Certo. (art. 98)<br \/>\n\tItem C &#8211; Errado. <s>Em nenhuma hip&oacute;tese<\/s> <span style=\"color:#FF0000\"><strong>ser&aacute; tolerado <\/strong><\/span>um percentual sobre os limites de peso bruto total e peso bruto transmitido por eixo de ve&iacute;culos &agrave; superf&iacute;cie das vias, mesmo quando aferido por equipamento, na forma estabelecida pelo CONTRAN. (art. 99, &sect;2&ordm;)<br \/>\n\tItem A &#8211; Certo. (art. 100)\n<\/p>\n<p>\n\tGabarito: <strong>Letra &quot;C&quot;<\/strong>\n<\/p>\n<p>\n\t<strong>32. Segundo o CTB, a autoridade de tr&acirc;nsito, na esfera das compet&ecirc;ncias estabelecidas por esse C&oacute;digo e dentro de sua circunscri&ccedil;&atilde;o, dever&aacute; aplicar, &agrave;s infra&ccedil;&otilde;es nele previstas, certas penalidades. Acerca dessas penalidades, marque V para as verdadeiras e F para as falsas.<\/strong><br \/>\n\t( ) Multa.<br \/>\n\t( ) Advert&ecirc;ncia verbal.<br \/>\n\t( ) Suspens&atilde;o do direito de dirigir.<br \/>\n\t( ) Cassa&ccedil;&atilde;o da Carteira Nacional de Habilita&ccedil;&atilde;o.<br \/>\n\tA sequ&ecirc;ncia est&aacute; correta em<br \/>\n\tA) V, F, V, V. B) V, F, F, V. C) V, F, V, F. D) F, V, F, V.\n<\/p>\n<p>\n\t<u>Coment&aacute;rio<\/u>:\n<\/p>\n<p>\n\t( <strong><span style=\"color:#0000FF\">V<\/span><\/strong> ) Multa.<br \/>\n\t(<span style=\"color:#FF0000\"><strong> F<\/strong><\/span> ) Advert&ecirc;ncia verbal.<br \/>\n\t(<strong><span style=\"color:#0000FF\"> V<\/span><\/strong> ) Suspens&atilde;o do direito de dirigir.<br \/>\n\t(<strong> <span style=\"color:#0000FF\">V<\/span><\/strong> ) Cassa&ccedil;&atilde;o da Carteira Nacional de Habilita&ccedil;&atilde;o.\n<\/p>\n<p>\n\tGabarito: <strong>Letra &quot;A&quot;<\/strong>\n<\/p>\n<p>\n\t<span style=\"color:#0000FF\"><strong>AT&Eacute; AQUI TUDO CERTINHO QUANTO AO GABARITO PRELIMINAR DA BANCA, <\/strong><\/span><span style=\"color:#FF0000\"><strong>COM EXCE&Ccedil;&Atilde;O DA QUEST&Atilde;O 29, PASS&Iacute;VEL DE RECURSO, MAS QUE VOU PAGAR PRA VER COMO A BANCA REAGIR&Aacute;!!!<\/strong><\/span>\n<\/p>\n<p>\n\tContinuando:\n<\/p>\n<p>\n\t<strong>A NR-23 &ndash; Prote&ccedil;&atilde;o Contra Inc&ecirc;ndios &ndash; contextualiza as quest&otilde;es 33, 34, e 35.<\/strong>\n<\/p>\n<p>\n\t<u><span style=\"color:#FF0000\"><strong>OPA, AGORA, ATEN&Ccedil;&Atilde;O<\/strong><\/span><\/u>:\n<\/p>\n<p>\n\t<span style=\"color:#FF0000\"><strong>AS QUEST&Otilde;ES 33 A 35 DEVEM SER <u>ANULADAS <\/u>POR TEREM SIDO ELABORADAS COM BASE NA VERS&Atilde;O ANTIGA DA NR-23. DEPOIS DAS ATUALIZA&Ccedil;&Otilde;ES QUE ESSA NR RECEBEU POR MEIO DA PORTARIA SIT n.&ordm; 221, de 06 de maio de 2011, PRATICAMENTE NENHUMA DAS REGRAS COBRADAS NAS TR&Ecirc;S QUEST&Otilde;ES EXISTE MAIS.<\/strong><\/span>\n<\/p>\n<p>\n\t<s>33. &Eacute; INCORRETO afirmar que todas as empresas dever&atilde;o possuir<br \/>\n\tA) prote&ccedil;&atilde;o contra inc&ecirc;ndio.<br \/>\n\tB) pessoas adestradas no uso correto desses equipamentos.<br \/>\n\tC) sa&iacute;das suficientes para a r&aacute;pida retirada do pessoal em servi&ccedil;o, em caso de inc&ecirc;ndio.<br \/>\n\tD) equipamento suficiente para combater o fogo, inclusive de grande propor&ccedil;&atilde;o em todas as suas fases.<\/s>\n<\/p>\n<p>\n\t<s>34. T&atilde;o cedo o fogo se manifeste, s&oacute; N&Atilde;O cabe<br \/>\n\tA) acionar o sistema de alarme.<br \/>\n\tB) chamar imediatamente o Corpo de Bombeiros.<br \/>\n\tC) em qualquer situa&ccedil;&atilde;o, desligar m&aacute;quinas e aparelhos el&eacute;tricos.<br \/>\n\tD) atac&aacute;-lo, o mais rapidamente poss&iacute;vel, pelos meios adequados.<\/s>\n<\/p>\n<p>\n\t<s>35. Analise as afirmativas a seguir, marque V para as verdadeiras e F para as falsas.<br \/>\n\t( ) O sentido de abertura da porta n&atilde;o poder&aacute; ser para o interior do local de trabalho.<br \/>\n\t( ) N&atilde;o h&aacute; exig&ecirc;ncia de largura m&iacute;nima das aberturas de sa&iacute;da, pois deve ser observado o n&uacute;mero de trabalhadores do local.<br \/>\n\t( ) As aberturas, sa&iacute;das e vias de passagem devem ser claramente assinaladas por meio de placas ou sinais luminosos, indicando a dire&ccedil;&atilde;o da sa&iacute;da.<br \/>\n\t( ) Os locais de trabalho dever&atilde;o dispor de sa&iacute;das, em n&uacute;mero suficiente e dispostas de modo que aqueles que se<br \/>\n\tencontrem nesses locais possam abandon&aacute;-los com rapidez e seguran&ccedil;a, em caso de emerg&ecirc;ncia.<br \/>\n\tA sequ&ecirc;ncia est&aacute; correta em<br \/>\n\tA) V, F, V, V. B) F, V, V, V. C) V, V, F, V. D) V, V, V, F.<\/s>\n<\/p>\n<p>\n\t<strong>A Resolu&ccedil;&atilde;o n&ordm; 239, de 6 de setembro de 2016, disp&otilde;e sobre a Pol&iacute;tica Nacional do Poder Judici&aacute;rio. Neste contexto, responda &agrave;s quest&otilde;es 36 e 37.<br \/>\n\t36. S&atilde;o diretrizes da Pol&iacute;tica Nacional de Seguran&ccedil;a do Poder Judici&aacute;rio, EXCETO:<\/strong><br \/>\n\tA) Buscar permanentemente a qualidade e a efetividade da seguran&ccedil;a institucional do Poder Judici&aacute;rio.<br \/>\n\tB) Orientar a elabora&ccedil;&atilde;o de atos normativos que promovam a moderniza&ccedil;&atilde;o da seguran&ccedil;a institucional do Poder<br \/>\n\tJudici&aacute;rio.<br \/>\n\tC) Incentivar a integra&ccedil;&atilde;o das unidades de seguran&ccedil;a institucional e o compartilhamento de boas pr&aacute;ticas nesse<br \/>\n\tdom&iacute;nio somente entre os &oacute;rg&atilde;os internos do Poder Judici&aacute;rio.<br \/>\n\tD) Fortalecer a atua&ccedil;&atilde;o do CNJ na governan&ccedil;a das a&ccedil;&otilde;es de seguran&ccedil;a institucional do Poder Judici&aacute;rio, por meio da identifica&ccedil;&atilde;o, avalia&ccedil;&atilde;o, acompanhamento tratamento de quest&otilde;es que lhe s&atilde;o afetas.\n<\/p>\n<p>\n\t<u>Coment&aacute;rio<\/u>:\n<\/p>\n<p>\n\tItem A &#8211; Certo. (art. 4&ordm;, II)<br \/>\n\tItem B &#8211; Certo. (art. 4&ordm;, IV)&nbsp;<br \/>\n\tItem C &#8211; <span style=\"color:#FF0000\"><strong>Errado<\/strong><\/span>. Incentivar a integra&ccedil;&atilde;o das unidades de seguran&ccedil;a institucional e o compartilhamento de boas pr&aacute;ticas nesse dom&iacute;nio somente<span style=\"color:#FF0000\"><strong> entre os &oacute;rg&atilde;os do Poder Judici&aacute;rio, e ainda com outras institui&ccedil;&otilde;es de seguran&ccedil;a p&uacute;blica<\/strong><\/span> <s>os &oacute;rg&atilde;os internos do Poder Judici&aacute;rio<\/s>. (art. 4&ordm;, III)<br \/>\n\tItem D &#8211; Certo. (art. 4&ordm;, I)&nbsp;&nbsp;\n<\/p>\n<p>\n\tGabarito: <strong>Letra &quot;C&quot;<\/strong>\n<\/p>\n<p>\n\t<strong>37. O Comit&ecirc; Gestor do Sistema Nacional de Seguran&ccedil;a do Poder Judici&aacute;rio, mediante assessoramento do Departamento de Seguran&ccedil;a Institucional do Poder Judici&aacute;rio, definir&aacute; os protocolos, as medidas e as rotinas de seguran&ccedil;a que comp&otilde;em esta Pol&iacute;tica Nacional de Seguran&ccedil;a, com os seguintes objetivos, EXCETO:<\/strong><br \/>\n\tA) Orientar a defini&ccedil;&atilde;o das compet&ecirc;ncias e atribui&ccedil;&otilde;es dos profissionais de seguran&ccedil;a que atuam no Poder Judici&aacute;rio.<br \/>\n\tB) Definir metodologia de gest&atilde;o de riscos gerais para a seguran&ccedil;a das autoridades de todos os Poderes da Rep&uacute;blica.<br \/>\n\tC) Definir metodologia para a produ&ccedil;&atilde;o de conhecimentos de intelig&ecirc;ncia no &acirc;mbito da Seguran&ccedil;a Institucional do<br \/>\n\tPoder Judici&aacute;rio.<br \/>\n\tD) Identificar, referendar e difundir boas pr&aacute;ticas em seguran&ccedil;a institucional, provendo aos &oacute;rg&atilde;os do Poder Judici&aacute;rio orienta&ccedil;&otilde;es para a sua implementa&ccedil;&atilde;o.\n<\/p>\n<p>\n\t<u>Coment&aacute;rio<\/u>:\n<\/p>\n<p>\n\tItem A &#8211; Certo. (art. 5&ordm;, IV)<br \/>\n\tItem B &#8211; <span style=\"color:#FF0000\"><strong>Errado<\/strong><\/span>. Definir metodologia de gest&atilde;o de riscos <span style=\"color:#FF0000\"><strong>espec&iacute;fica para o Poder Judici&aacute;rio <\/strong><\/span><s>gerais para a seguran&ccedil;a das autoridades de todos os Poderes da Rep&uacute;blica<\/s>. (art. 5&ordm;, II)<br \/>\n\tItem C &#8211; Certo. (art. 5&ordm;, III)<br \/>\n\tItem C &#8211; Certo. (art. 5&ordm;, III)\n<\/p>\n<p>\n\tGabarito: <strong>Letra &quot;B&quot;<\/strong>\n<\/p>\n<p>\n\t<strong>A Resolu&ccedil;&atilde;o n&ordm; 176, de 10\/06\/2013, institui o Sistema Nacional de Seguran&ccedil;a do Poder Judici&aacute;rio &ndash; SINASPJ e d&aacute; outras provid&ecirc;ncias. Neste contexto, responda &agrave;s quest&otilde;es 38 e 39.<br \/>\n\t38. Recomenda-se que os Tribunais adotem, no &acirc;mbito de suas compet&ecirc;ncias, assim que poss&iacute;vel, as seguintes medidas m&iacute;nimas para a seguran&ccedil;a e magistrados, EXCETO:<\/strong><br \/>\n\tA) Obrigatoriedade quanto ao uso de crach&aacute;s.<br \/>\n\tB) Policiamento ostensivo com agentes pr&oacute;prios, preferencialmente, ou terceirizados, inclusive nas salas de audi&ecirc;ncias, quando necess&aacute;rio.<br \/>\n\tC) Instala&ccedil;&atilde;o de aparelho detector de metais, aos quais devem se submeter todos que acessarem as depend&ecirc;ncias, incluindo os magistrados e servidores que tenham lota&ccedil;&atilde;o ou sede de seus cargos e fun&ccedil;&otilde;es nas depend&ecirc;ncias do f&oacute;rum ou tribunal onde est&aacute; instalado o detector de metais.<br \/>\n\tD) Edi&ccedil;&atilde;o de Resolu&ccedil;&atilde;o para restringir o ingresso de pessoas armadas em seus pr&eacute;dios, observando que policiais<br \/>\n\tmilitares, civis, ou federais, bem como integrantes de guarda municipal, n&atilde;o poder&atilde;o entrar ou permanecer em sala<br \/>\n\tde audi&ecirc;ncia, secretaria, gabinete ou qualquer outra reparti&ccedil;&atilde;o judicial, portando arma de fogo, quando estiverem<br \/>\n\tna condi&ccedil;&atilde;o de parte ou testemunha, em processo de qualquer natureza.\n<\/p>\n<p>\n\t<u>Coment&aacute;rio<\/u>:\n<\/p>\n<p>\n\tItem A &#8211; Certo (art. 9&ordm;, II)<br \/>\n\tItem B &#8211; Certo (art. 9&ordm;, V)<br \/>\n\tItem C &#8211; <span style=\"color:#FF0000\"><strong>Errado<\/strong><\/span>.&nbsp; Instala&ccedil;&atilde;o de aparelho detector de metais, aos quais devem se submeter todos que acessarem as depend&ecirc;ncias, <span style=\"color:#FF0000\"><strong>exceto <\/strong><\/span><s>incluindo <\/s>os magistrados e servidores que tenham lota&ccedil;&atilde;o ou sede de seus cargos e fun&ccedil;&otilde;es nas depend&ecirc;ncias do f&oacute;rum ou tribunal onde est&aacute; instalado o detector de metais. (art. 9&ordm;, V)<br \/>\n\tItem D &#8211; Certo (art. 9&ordm;, VII)\n<\/p>\n<p>\n\tGabarito: <strong>Letra &quot;C&quot;<\/strong>\n<\/p>\n<p>\n\t<strong>39. No &acirc;mbito do SINASPJ, N&Atilde;O caber&aacute; ao Comit&ecirc; Gestor a seguinte medida:<\/strong><br \/>\n\tA) Instaurar inqu&eacute;ritos policiais para apura&ccedil;&atilde;o de infra&ccedil;&otilde;es praticadas contra magistrado no exerc&iacute;cio de sua fun&ccedil;&atilde;o.<br \/>\n\tB) Recomendar ao Presidente do CNJ ou ao Corregedor Nacional de Justi&ccedil;a a requisi&ccedil;&atilde;o de servidores para auxiliar os trabalhos do Comit&ecirc; Gestor da Pol&iacute;tica Nacional de Seguran&ccedil;a do Poder Judici&aacute;rio e do Departamento de Seguran&ccedil;a Institucional do Poder Judici&aacute;rio.<br \/>\n\tC) Recomendar ao Presidente do tribunal respectivo, ad referendum do Plen&aacute;rio, a designa&ccedil;&atilde;o de magistrados,<br \/>\n\tmediante a provoca&ccedil;&atilde;o do juiz natural, para atuarem em regime de esfor&ccedil;o concentrado com o fim de acelerar a<br \/>\n\tinstru&ccedil;&atilde;o e o julgamento de processos associados a magistrado em situa&ccedil;&atilde;o de risco.<br \/>\n\tD) Representar ao Advogado Geral da Uni&atilde;o e aos Procuradores Gerais dos Estados e do Distrito Federal a designa&ccedil;&atilde;o de membro da institui&ccedil;&atilde;o para postular em ju&iacute;zo em nome de magistrado v&iacute;tima de crime, ou seus sucessores, notadamente para a propositura de a&ccedil;&otilde;es de natureza indenizat&oacute;ria e, nas hip&oacute;teses legais, propositura de a&ccedil;&atilde;o penal privada subsidi&aacute;ria da p&uacute;blica e interven&ccedil;&atilde;o na condi&ccedil;&atilde;o de assistente de acusa&ccedil;&atilde;o, quando houver circunst&acirc;ncias indicativas de que a infra&ccedil;&atilde;o penal foi cometida com o prop&oacute;sito de intimida&ccedil;&atilde;o ou como forma de repres&aacute;lia &agrave; atua&ccedil;&atilde;o jurisdicional.\n<\/p>\n<p>\n\t<u>Coment&aacute;rio<\/u>:\n<\/p>\n<p>\n\tItem A &#8211; Errado. <span style=\"color:#FF0000\"><strong>Representar &agrave; autoridade policial competente pela instaura&ccedil;&atilde;o de inqu&eacute;ritos<\/strong><\/span> policiais para apura&ccedil;&atilde;o de infra&ccedil;&otilde;es praticadas contra magistrado no exerc&iacute;cio de sua fun&ccedil;&atilde;o. (art. 4&ordm;, VIII)<br \/>\n\tItem B &#8211; Certo (art. 4&ordm;, II)<br \/>\n\tItem C &#8211; Certo (art. 4&ordm;, V)<br \/>\n\tItem D &#8211; Certo (art. 4&ordm;, XI)\n<\/p>\n<p>\n\tGabarito: <strong>Letra &quot;A&quot;<\/strong>\n<\/p>\n<p>\n\t<span style=\"color:#0000FF\"><strong>QUEST&Otilde;ES 36 A 39 CERTINHAS QUANTO AO GABARITO PRELIMINAR!<\/strong><\/span>\n<\/p>\n<p>\n\t<span style=\"color:#0000FF\"><strong>Primeros esclarecimentos sobre as pr&oacute;ximas quest&otilde;es, &agrave; exce&ccedil;&atilde;o das 44 e 47, que cobram do candidato o conhecimento da Lei Federal n&ordm; 9.883 e do Decreto Federal n&ordm; 4.376.<\/strong><\/span>\n<\/p>\n<p>\n\t<strong>Essas duas normas s&atilde;o conhecidas por TODOS doutrinadores de SEGURAN&Ccedil;A, SEJA ELA PRIVADA OU P&Uacute;BLICA, como as normas BASILARES da doutrina de intelig&ecirc;ncia do Estado brasilerio e, portanto, comp&otilde;em, sem qualquer sombra de d&uacute;vida, a Legiala&ccedil;&atilde;o B&aacute;sica de Intelig&ecirc;ncia do Brasil. Protanto, n&atilde;o h&aacute; qualquer problem a em terem sido corbradas no Edital TRF 2&ordf; para o cargo em quest&atilde;o, dentro da parte de No&ccedil;&otilde;es de Intelig&ecirc;ncia. Nos mais variados &uacute;ltimos concursos para cargos similares, inclusive o do Banco Central, elas foram cobradas dentro do mesmo escopo pedido no Edital, ok? Tanto &eacute; assim que em noss curso auqi noi Estrat&eacute;gia ministramos as duas normas.<\/strong>\n<\/p>\n<p>\n\t<strong>Cada uma delas, conceitua o Sistema Brasilerio de Intelig&ecirc;ncia do nosso pa&iacute;s (art. 1&ordm;, caput, da Lei n&ordm; 9.883\/99 e art. 1&ordm;, &sect;1&ordm;, Decreto n&ordm; 4.376\/02)&nbsp; definindo, inclusive, os conceitos de intelig&ecirc;ncia e contraintelig&ecirc;ncia a serem utilizados pelos &oacute;rg&atilde;os de seguran&ccedil;a p&uacute;blica e privada brasileiros (arts. 2&ordm; e 3&ordm;, Lei n&ordm; 9.883\/99 e arts. 2&ordm; e 3&ordm; do Decreto n&ordm;4.376\/02) em suas atividades na &aacute;rea. S&atilde;o esses, repito os conceitos basilares que devem permear a intelig&ecirc;ncia do Estado brasileiro. qualquer outro normativo, deve ser desconsiderado como basilar.<\/strong>\n<\/p>\n<p>\n\t<span style=\"color:#FF0000\"><strong>Conclus&atilde;o: NA MINHA OPINI&Atilde;O, AS BANCA N&Atilde;O ERROU EM COBR&Aacute;-LAS! NO ENTANTO, FIQUE &Agrave; VONTADE PARA ENTRAR COM RECURSO SE VC CONSIDERAR QUE PELA N&Atilde;O CITA&Ccedil;&Atilde;O <u>EXPRESSA <\/u>DAS DUAS NORMAS NO EDITAL, A BANCA N&Atilde;O PODERIA TER COBRADO TAIS NORMAS. MUITOS RECURSOS PODEM AJUDAR NA DECIS&Atilde;P PELA ANULA&Ccedil;&Atilde;O DE QUEST&Otilde;ES.<\/strong><\/span>\n<\/p>\n<p>\n\t<span style=\"color:#FF0000\"><strong>AGORA, PERGUNTO: N&Atilde;O SENDO ESSAS NORMAS, QUAL ENT&Atilde;O SERIA A LEGISLA&Ccedil;&Atilde;O B&Aacute;SICA DE INTELIG&Ecirc;NCIA DO NOSSO PA&Iacute;S???<\/strong><\/span>\n<\/p>\n<p>\n\t<strong>De qualquer modo, vou coment&aacute;-las:<\/strong>\n<\/p>\n<p>\n\t<strong>43. &Agrave; Ag&ecirc;ncia Brasileira de Intelig&ecirc;ncia &ndash; ABIN compete, EXCETO:<\/strong><br \/>\n\tA) Avaliar as amea&ccedil;as externas, &agrave; ordem constitucional, pois as amea&ccedil;as internas s&atilde;o de atribui&ccedil;&atilde;o exclusiva da Pol&iacute;cia Federal.<br \/>\n\tB) Planejar e executar a prote&ccedil;&atilde;o de conhecimentos sens&iacute;veis, relativos aos interesses e &agrave; seguran&ccedil;a do Estado e da sociedade.<br \/>\n\tC) Promover o desenvolvimento de recursos humanos e da doutrina de intelig&ecirc;ncia, e realizar estudos e pesquisas para o exerc&iacute;cio e aprimoramento da atividade de intelig&ecirc;ncia.<br \/>\n\tD) Planejar e executar a&ccedil;&otilde;es, inclusive sigilosas, relativas &agrave; obten&ccedil;&atilde;o e an&aacute;lise de dados para a produ&ccedil;&atilde;o de conhecimentos destinados a assessorar o Presidente da Rep&uacute;blica.\n<\/p>\n<p>\n\t<u>Coment&aacute;rio<\/u>:\n<\/p>\n<p>\n\tItem A &#8211; <span style=\"color:#FF0000\"><strong>Errado<\/strong><\/span>. Avaliar as amea&ccedil;as <span style=\"color:#B22222\"><strong>internas <\/strong><\/span>e externas, &agrave; ordem constitucional<s>, pois as amea&ccedil;as internas s&atilde;o de atribui&ccedil;&atilde;o exclusiva da Pol&iacute;cia Federal. <\/s> (art. 4&ordm;, III, Lei 9.883\/99)<br \/>\n\tItem B &#8211; Certo (art. 4&ordm;, II, Lei 9.883\/99)<br \/>\n\tItem C &#8211; Certo (art. 4&ordm;, IV, Lei 9.883\/99)<br \/>\n\tItem D &#8211; Certo (art. 4&ordm;, I, Lei 9.883\/99)\n<\/p>\n<p>\n\tGabarito: <strong>Letra &quot;A&quot;<\/strong>\n<\/p>\n<p>\n\t<strong>44. A atividade de intelig&ecirc;ncia compreende um plexo de a&ccedil;&otilde;es engendradas pelo Estado com diversos objetivos. Dentro desse feixe de a&ccedil;&otilde;es, encontram-se as a&ccedil;&otilde;es encobertas. Sobre as a&ccedil;&otilde;es encobertas ou &ldquo;covert actions&rdquo;, pode-se afirmar que:<\/strong><br \/>\n\tA) S&atilde;o a&ccedil;&otilde;es secretas praticadas pelo Estado que tem por objetivo coletar dados negados pela intelig&ecirc;ncia adversa.<br \/>\n\tB) S&atilde;o a&ccedil;&otilde;es realizadas pelas For&ccedil;as Armadas contra pa&iacute;s estrangeiro com fito de desvendar inten&ccedil;&otilde;es de ataque &agrave; soberania nacional.<br \/>\n\tC) S&atilde;o a&ccedil;&otilde;es secretas praticadas por determinado Estado vinculadas &agrave; sua pol&iacute;tica interna que objetivam neutralizar a&ccedil;&otilde;es de organiza&ccedil;&otilde;es criminosas.<br \/>\n\tD) S&atilde;o a&ccedil;&otilde;es secretas praticadas por determinado Estado vinculadas &agrave; sua pol&iacute;tica externa que objetivam influenciar outro Estado ou Governo a deliberarem por a&ccedil;&otilde;es pol&iacute;ticas, econ&ocirc;micas, militares e\/ou sociais que provoquem um resultado de interesse para o pa&iacute;s atuante.\n<\/p>\n<p align=\"justify\" style=\"margin-left:4px\">\n\t<u>Coment&aacute;rio<\/u>:\n<\/p>\n<p align=\"justify\" style=\"margin-left:4px\">\n\tPara embasar a resposta, trecho de dois textos encontrado na internet:\n<\/p>\n<p align=\"justify\" style=\"margin-left:4px\">\n\t<em>&quot;A intelig&ecirc;ncia est&aacute; ligada, historicamente, &agrave; diplomacia e atua bastante em seu proveito, mesmo porque a a&ccedil;&atilde;o diplom&aacute;tica, sendo em grande parte, pela sua pr&oacute;pria natureza, voltada para a obten&ccedil;&atilde;o de informa&ccedil;&otilde;es externas, n&atilde;o deixa de ser relacionada, de certa forma, &agrave; intelig&ecirc;ncia. Ressalte-se, ainda que &eacute; comum haver embaixadas de onde atuam agentes de intelig&ecirc;ncia, sob a cobertura de fun&ccedil;&otilde;es diplom&aacute;ticas.<\/em>\n<\/p>\n<p align=\"justify\" style=\"margin-left:4px\">\n\t<em>Outra caracter&iacute;stica bastante singular e de elevada import&acirc;ncia da intelig&ecirc;ncia &eacute; a capacidade de executar <strong>as chamadas a&ccedil;&otilde;es encobertas ou secretas, utilizando meios sigilosos, para alcan&ccedil;ar fins pol&iacute;ticos, onde n&atilde;o cabem a&ccedil;&otilde;es diplom&aacute;ticas abertas. Situam-se entre o uso ostensivo de meios militares e o de meios diplom&aacute;ticos normais. A&nbsp; CIA nos Estados Unidos e a KGB na antiga Uni&atilde;o Sovi&eacute;tica s&atilde;o os maiores exemplos do uso dessas a&ccedil;&otilde;es encobertas<\/strong>, largamente exploradas pela m&iacute;dia e literatura especializada. (Obs.: A ABIN legalmente n&atilde;o pode efetuar tais a&ccedil;&otilde;es)&quot;&nbsp;&nbsp;&nbsp; <\/em>http:\/\/reservaer.com.br\/estrategicos\/inteligencia.html\n<\/p>\n<p>\n\t<em>&quot;Talvez o campo mais interessante e sinistro em Intelig&ecirc;ncia seja a <strong>A&ccedil;&atilde;o Secreta (tamb&eacute;m chamada de Opera&ccedil;&otilde;es Clandestinas, Opera&ccedil;&otilde;es Negras e Opera&ccedil;&otilde;es Negras).<\/strong> Alguns n&atilde;o consideram a A&ccedil;&atilde;o Secreta como parte da miss&atilde;o de Intelig&ecirc;ncia tradicional e, portanto, acreditam que ela deve ser tratada independentemente e at&eacute; organizada dentro de uma organiza&ccedil;&atilde;o separada. Outros acham que, porque muitas vezes se inter-relaciona com Opera&ccedil;&otilde;es de Intelig&ecirc;ncia e Opera&ccedil;&otilde;es de Contra-Intelig&ecirc;ncia, deve continuar a permanecer dentro da mesma organiza&ccedil;&atilde;o ou aparelho governante.<\/em>\n<\/p>\n<p>\n\t<em>Existem muitos tipos de opera&ccedil;&otilde;es de A&ccedil;&atilde;o Secreta, nem todas violentas. <strong>Por exemplo, se um governo quiser influenciar a pol&iacute;tica do governo de outro pa&iacute;s, o governo pode secretamente financiar um partido da oposi&ccedil;&atilde;o nesse pa&iacute;s para influenciar as elei&ccedil;&otilde;es desse pa&iacute;s<\/strong> (&#8230;)&nbsp;&nbsp; <\/em>http:\/\/www.informationclearinghouse.info\/article10356.htm\n<\/p>\n<p>\n\tAssim, podemos concluir que a op&ccedil;&atilde;o que mais se aproxima do exposto acima &eacute; a que diz serem as a&ccedil;&otilde;es encobertas, a<em>&ccedil;&otilde;es secretas praticadas por determinado Estado vinculadas &agrave; sua pol&iacute;tica externa que objetivam influenciar outro Estado ou Governo a deliberarem por a&ccedil;&otilde;es pol&iacute;ticas, econ&ocirc;micas, militares e\/ou sociais que provoquem um resultado de interesse para o pa&iacute;s atuante<\/em>.\n<\/p>\n<p>\n\tGabarito: <strong>Letra &quot;D&quot;<\/strong>\n<\/p>\n<p>\n\t<strong>45. De acordo com o que disp&otilde;e o Decreto n&ordm; 4.376, de 13 de setembro de 2002, sobre a organiza&ccedil;&atilde;o e funcionamento do Sistema Brasileiro de Intelig&ecirc;ncia &ndash; SISBIN, fica institu&iacute;do, vinculado &agrave; Secretaria de Governo da Presid&ecirc;ncia da Rep&uacute;blica, o Conselho Consultivo do Sistema Brasileiro de Intelig&ecirc;ncia, ao qual compete, EXCETO:<\/strong>\n<\/p>\n<p>\n\tA) Emitir pareceres sobre a execu&ccedil;&atilde;o da Pol&iacute;tica Nacional de Intelig&ecirc;ncia.<br \/>\n\tB) Opinar sobre propostas de integra&ccedil;&atilde;o de novos &oacute;rg&atilde;os e entidades ao Sistema Brasileiro de Intelig&ecirc;ncia.<br \/>\n\tC) Propor o regimento interno ao Ministro-Chefe do Gabinete de Seguran&ccedil;a Institucional (GSI), que preside o Conselho Consultivo do SISBIN.<br \/>\n\tD) Propor normas e procedimentos gerais para o interc&acirc;mbio de conhecimentos e as comunica&ccedil;&otilde;es entre os &oacute;rg&atilde;os que constituem o Sistema Brasileiro de Intelig&ecirc;ncia, inclusive no que respeita &agrave; seguran&ccedil;a da informa&ccedil;&atilde;o.\n<\/p>\n<p>\n\t<u>Coment&aacute;rio<\/u>:\n<\/p>\n<p>\n\tItem A &#8211; Certo (art. 7&ordm;, I)<br \/>\n\tItem B &#8211; Certo (art. 7&ordm;, IV)<br \/>\n\tItem C &#8211; <span style=\"color:#FF0000\"><strong>Errado<\/strong><\/span>. Propor o regimento interno ao <span style=\"color:#FF0000\"><strong> <font face=\"Arial\" size=\"2\">Ministro de Estado Chefe da Secretaria de Governo da Presid&ecirc;ncia da Rep&uacute;blica<\/font> <\/strong><\/span><s>Ministro-Chefe do Gabinete de Seguran&ccedil;a Institucional (GSI)<\/s>, que preside o Conselho Consultivo do SISBIN.&nbsp; (art. 7&ordm;, VI c\/c art. 8&ordm;, &sect;1&ordm;))<br \/>\n\tItem D &#8211; Certo (art. 7&ordm;, IV)\n<\/p>\n<p>\n\tGabarito: <strong>Letra &quot;C&quot;<\/strong>\n<\/p>\n<p>\n\t<strong>46. De acordo com o Decreto n&ordm; 4.376, de 13 de setembro de 2002, o Conselho Consultivo do Sistema Brasileiro de Intelig&ecirc;ncia:<\/strong><br \/>\n\tA) Reunir-se-&aacute; com a presen&ccedil;a de, no m&iacute;nimo, um ter&ccedil;o de seus membros.<br \/>\n\tB) Mediante convite de qualquer membro do Conselho, representantes de outros &oacute;rg&atilde;os ou entidades poder&atilde;o participar das suas reuni&otilde;es, como assessores ou observadores.<br \/>\n\tC) Reunir-se-&aacute;, em car&aacute;ter extraordin&aacute;rio, at&eacute; tr&ecirc;s vezes por ano, na sede da ABIN, em Bras&iacute;lia, e, sempre que convocado pelo seu Presidente ou a requerimento de um de seus membros.<br \/>\n\tD) Reunir-se-&aacute;, em car&aacute;ter ordin&aacute;rio, at&eacute; tr&ecirc;s vezes por ano, na sede da Gabinete de Seguran&ccedil;a Institucional da Presid&ecirc;ncia da Rep&uacute;blica, em Bras&iacute;lia, e, extraordinariamente, sempre que convocado pelo seu Presidente ou a requerimento de um de seus membros.\n<\/p>\n<p>\n\t<u>Coment&aacute;rio<\/u>:\n<\/p>\n<p>\n\tItem A &#8211; <span style=\"color:#FF0000\"><strong>Errado<\/strong><\/span>. Reunir-se-&aacute; com a presen&ccedil;a de, no m&iacute;nimo,<strong> <span style=\"color:#FF0000\">a maioria<\/span> <\/strong>de <s>um ter&ccedil;o de <\/s>seus membros. (art. 8&ordm;, &sect;2&ordm;)<br \/>\n\tItem B &#8211; <span style=\"color:#0000FF\"><strong>Certo <\/strong><\/span>(art. 8&ordm;, &sect;3&ordm;)<br \/>\n\tItem C &#8211; <span style=\"color:#FF0000\"><strong>Errado<\/strong><\/span>. Reunir-se-&aacute;, em car&aacute;ter <span style=\"color:#FF0000\"><strong>ordin&aacute;rio <\/strong><\/span><s>extraordin&aacute;rio<\/s>, at&eacute; tr&ecirc;s vezes por ano, na sede da ABIN, em Bras&iacute;lia, e <span style=\"color:#FF0000\"><strong>extraordinariamente<\/strong><\/span>, sempre que convocado pelo seu Presidente ou a requerimento de um de seus membros. (art. 9&ordm;)<br \/>\n\tItem D &#8211; <span style=\"color:#FF0000\"><strong>Errado<\/strong><\/span>. Reunir-se-&aacute;, em car&aacute;ter ordin&aacute;rio, at&eacute; tr&ecirc;s vezes por ano, na sede da <span style=\"color:#FF0000\"><strong>ABIN <\/strong><\/span><s>Gabinete de Seguran&ccedil;a Institucional da Presid&ecirc;ncia da Rep&uacute;blica<\/s>, em Bras&iacute;lia, e, extraordinariamente, sempre que convocado pelo seu Presidente ou a requerimento de um de seus membros.\n<\/p>\n<p>\n\tGabarito: <strong>Letra &quot;B&quot;<\/strong>\n<\/p>\n<p>\n\t<strong>47. &ldquo;A maneira com que determinada sociedade lida com o dilema transpar&ecirc;ncia versus sigilo, em termos de procedimentos e atribui&ccedil;&otilde;es dos servi&ccedil;os de intelig&ecirc;ncia, &eacute; um indicador do grau de desenvolvimento da democracia nessa sociedade.&rdquo;<br \/>\n\t(GILL, Peter. Policing Politics: Security Intelligence and the Liberal Democratic State. London: Frank Cass, 1994.)<\/strong><br \/>\n\tNo que tange ao tema: transpar&ecirc;ncia das a&ccedil;&otilde;es e atos dos servi&ccedil;os de intelig&ecirc;ncia dentro de um Estado Democr&aacute;tico de Direito, assinale a alternativa a seguir que se dissocia dessa ideia.<br \/>\n\tA) Controle.&nbsp;&nbsp; B) Accountability.&nbsp;&nbsp; C) Presta&ccedil;&atilde;o de Contas.&nbsp; D) Veda&ccedil;&atilde;o a accountability.\n<\/p>\n<p>\n\t<u>Coment&aacute;rio:<\/u>\n<\/p>\n<p>\n\t<i><b>Accountability<\/b><\/i> &eacute; um termo da <u><a href=\"https:\/\/pt.wikipedia.org\/wiki\/L%C3%ADngua_inglesa\" title=\"L\u00edngua inglesa\">l&iacute;ngua inglesa<\/a><\/u> que pode ser traduzido para o <a href=\"https:\/\/pt.wikipedia.org\/wiki\/L%C3%ADngua_portuguesa\" title=\"L\u00edngua portuguesa\">portugu&ecirc;s<\/a> como <b>responsabilidade com &eacute;tica<\/b><sup class=\"reference\" id=\"cite_ref-1\"><a href=\"https:\/\/pt.wikipedia.org\/wiki\/Accountability#cite_note-1\">1<span>]<\/span><\/a><\/sup> e remete &agrave; obriga&ccedil;&atilde;o, &agrave; transpar&ecirc;ncia, de membros de um &oacute;rg&atilde;o administrativo ou representativo de <b>prestar contas<\/b> a inst&acirc;ncias controladoras ou a seus representados. Outro termo usado numa poss&iacute;vel vers&atilde;o portuguesa &eacute; <b>responsabiliza&ccedil;&atilde;o<\/b>. Tamb&eacute;m traduzida como <b>presta&ccedil;&atilde;o de contas<\/b>, significa que quem desempenha fun&ccedil;&otilde;es de import&acirc;ncia na sociedade deve regularmente explicar o que anda a fazer, como faz, por qual motivo faz, quanto gasta e o que vai fazer a seguir. N&atilde;o se trata, portanto, apenas de prestar contas em termos quantitativos mas de auto-avaliar a obra feita, de dar a conhecer o que se conseguiu e de justificar aquilo em que se falhou. A obriga&ccedil;&atilde;o de prestar contas, neste sentido amplo, &eacute; tanto maior quanto a fun&ccedil;&atilde;o &eacute; p&uacute;blica, ou seja, quando se trata do desempenho de cargos pagos pelo dinheiro dos contribuintes.&nbsp; https:\/\/pt.wikipedia.org\/wiki\/Accountability\n<\/p>\n<p class=\"Artigo\" style=\"text-indent:1cm;margin-left:0cm\">\n\tJ&aacute; o sigilo, segundo a Lei de Acesso &agrave; Informa&ccedil;&atilde;o, que trata do sigilo e do acesso &agrave; informa&ccedil;&otilde;es p&uacute;blicas:\n<\/p>\n<p>\n\t<em><font face=\"Arial\" size=\"2\"><span>Art. 3<u><sup>o<\/sup><\/u>&nbsp; Os procedimentos previstos nesta Lei destinam-se a assegurar o direito fundamental de acesso &agrave; informa&ccedil;&atilde;o e devem ser executados em conformidade com os princ&iacute;pios b&aacute;sicos da administra&ccedil;&atilde;o p&uacute;blica e com as seguintes diretrizes: <\/span><\/font><\/em>\n<\/p>\n<p>\n\t<em><font face=\"Arial\" size=\"2\"><span>I &#8211; observ&acirc;ncia <strong>da publicidade como preceito geral e do sigilo como exce&ccedil;&atilde;o<\/strong>; <\/span><\/font><\/em>\n<\/p>\n<p>\n\t<em>(&#8230;)<\/em>\n<\/p>\n<p>\n\t<em><font face=\"Arial\" size=\"2\"><span>III &#8211; informa&ccedil;&atilde;o sigilosa: a<strong>quela submetida temporariamente &agrave; restri&ccedil;&atilde;o de acesso p&uacute;blico em raz&atilde;o de sua imprescindibilidade para a seguran&ccedil;a da sociedade e do Estado<\/strong>;&nbsp;<\/span><\/font><\/em>\n<\/p>\n<p>\n\tLogo, fica &oacute;bvio cocnluir que a <span style=\"color:#FF0000\"><strong>veda&ccedil;&atilde;o &agrave; accountability <\/strong><\/span>dissocia-se plenamente do exposto acima!\n<\/p>\n<p>\n\tGabarito: <strong>Letra &quot;D&quot;<\/strong>\n<\/p>\n<p>\n\t<span style=\"color:#0000FF\"><strong>QUEST&Otilde;ES 43 A 47 CERTINHAS QUANTO AO GABARITO PRELIMINAR!<\/strong><\/span>\n<\/p>\n<p>\n\t<strong>&#8211; SOBRE AS QUEST&Otilde;ES 48 A 50, QUE COBRAM A LEI DE ACESSO &Agrave; INFORMA&Ccedil;&Atilde;O (LEI N&ordm; 12.527\/11), SEM MUITO POLEMIZAR SE DEVERIA OU N&Atilde;O SER COBRADA, TODAS DEVEM SER ANULADAS POR CONTER ERRO DE GRAFIA NA CITA&Ccedil;&Atilde;O DO N&Uacute;MERO DA NORMA. <\/strong>\n<\/p>\n<p>\n\t<strong>&#8211; EM TODAS AS QUEST&Otilde;ES A BANCA CITA A LEI 12.257\/11, <span style=\"color:#FF0000\">QUE &Eacute; A NORMA QUE CONCEDE AUX&Iacute;LIO ESPECIAL E BOLSA ESPECIAL AOS DEPENDENTES DOS MILITARES DAS FOR&Ccedil;AS ARMADAS FALECIDOS NO TERREMOTO DE JANEIRO DE 2010 NA REP&Uacute;BLICA DO HAITI.<\/span><\/strong>\n<\/p>\n<p>\n\t<strong><span style=\"color:#FF0000\">NADA A VER, N&Atilde;O &Eacute;??<\/span><\/strong>\n<\/p>\n<p>\n\t<strong><span style=\"color:#FF0000\">QUAL ARGUMENTO ENT&Atilde;O VOC&Ecirc; DE UTILIZAR NO SEU RECURSO? O QUE TODAS AS BANCAS UTILIZAM QUANDO ANULAM QUEST&Otilde;ES COM ERROS SEMELHANTES:<\/span><\/strong>\n<\/p>\n<p>\n\t<em><strong><span style=\"color:#FF0000\">&quot;A REDA&Ccedil;&Atilde;O DO COMANDO IMPOSSIBILITOU O JULGAMENTO OBJETIVO DO ITEM. DESSA FORMA, PEDE-SE A ANULA&Ccedil;&Atilde;O&quot;<\/span><\/strong><\/em>\n<\/p>\n<p>\n\t<span style=\"color:#000000\"><strong>Foi esse mesmo argumento, por exemplo,&nbsp; que o Cespe nos deu em nosso concurso para o cargo de Analista do Banco Central em 2013 (Gest&atilde;o e An&aacute;lise Processual), quando anulou 03 quest&otilde;es que tinham no comando erro de grafia da norma!<\/strong><\/span>\n<\/p>\n<p>\n\t<strong><span style=\"color:#FF0000\">DESSA FORMA, <span style=\"font-size:14px\">TODAS AS QUEST&Otilde;ES DA LEI DE ACESSO &Agrave; INFORMA&Ccedil;&Atilde;O <u>DEVEM SER ANULADAS<\/u>!!!<\/span><\/span><\/strong>\n<\/p>\n<p>\n\t<strong>51. &ldquo;A doutrina de gest&atilde;o de conflitos estabelece tr&ecirc;s crit&eacute;rios de a&ccedil;&atilde;o para a tomada de decis&atilde;o. Nesse sentido, a a&ccedil;&atilde;o:<br \/>\n\t(I) deve ter probabilidade de redu&ccedil;&atilde;o da amea&ccedil;a maior do que os perigos a serem enfrentados e a continuidade do status quo; (II) somente deve ser realizada quando indispens&aacute;vel; e, (III) deve ter respaldo legal, moral e &eacute;tico.&rdquo; A alternativa que, sucessivamente, corresponde aos crit&eacute;rios de a&ccedil;&atilde;o descritos &eacute;:<\/strong><br \/>\n\tA) justifica&ccedil;&atilde;o \/ legalidade \/ aceitabilidade.<br \/>\n\tB) necessidade \/ imprescindibilidade \/ legalidade.<br \/>\n\tC) validade do risco \/ necessidade \/ aceitabilidade.<br \/>\n\tD) imprescindibilidade \/ necessidade \/ validade do risco.\n<\/p>\n<p>\n\t<u>Coment&aacute;rio<\/u>:\n<\/p>\n<p>\n\tCom base no Curso de Gerenciamento de Crises &#8211; M&oacute;dulo 1 (p&aacute;gs. 13 e 14), da Secretaria Nacional de Seguran&ccedil;a P&uacute;blica do Minist&eacute;rio da Justi&ccedil;a (SENASP\/MJ):\n<\/p>\n<p>\n\t(I) deve ter probabilidade de redu&ccedil;&atilde;o da amea&ccedil;a maior do que os perigos a serem enfrentados e a continuidade do<br \/>\n\tstatus quo &#8211;&gt; <span style=\"color:#0000FF\"><strong>VALIDADE DO RISCO<\/strong><\/span>\n<\/p>\n<p>\n\t(II) somente deve ser realizada quando indispens&aacute;vel &#8211;&gt; <span style=\"color:#0000FF\"><strong>NECESSIDADE<\/strong><\/span>\n<\/p>\n<p>\n\t(III) deve ter respaldo legal, moral e &eacute;tico &#8211;&gt; <span style=\"color:#0000FF\"><strong>ACEITABILIDADE<\/strong><\/span>\n<\/p>\n<p>\n\tGabarito: <strong>Letra &quot;C&quot;<\/strong>\n<\/p>\n<p style=\"text-align: justify\">\n\t<strong>52. &ldquo;Na fase do preparo, costuma-se ter duas abordagens b&aacute;sicas de gerenciamento dos conflitos. A abordagem ____________ privilegia a resposta aos eventos conforme cada caso apresentado, podendo gerar problemas de entrosamento diante da casu&iacute;stica variada que pode se apresentar. A abordagem ____________, por sua vez, privilegia o treinamento e a defini&ccedil;&atilde;o clara de pap&eacute;is entre os integrantes do grupo para o gerenciamento dos eventos.&rdquo; Assinale a alternativa que completa correta e sequencialmente a afirmativa anterior.<\/strong><br \/>\n\tA) &lsquo;ad hoc&rsquo; \/ &lsquo;de comiss&atilde;o&rsquo; B) &lsquo;imediatista&rsquo; \/ &lsquo;sistem&aacute;tica&rsquo;&nbsp; C) &lsquo;operacional&rsquo; \/ &lsquo;especialista&rsquo; D) &lsquo;status quo&rsquo; \/ &lsquo;permanente&rsquo;\n<\/p>\n<p>\n\t<u>Coment&aacute;rio<\/u>:\n<\/p>\n<p>\n\tCom base no Curso de Gerenciamento de Crises &#8211; M&oacute;dulo 1 (&acute;p&aacute;g. 48), da Secretaria Nacional de Seguran&ccedil;a P&uacute;blica do Minist&eacute;rio da Justi&ccedil;a (SENASP\/MJ):\n<\/p>\n<p>\n\t<em>&ldquo;Na fase do preparo, costuma-se ter duas abordagens b&aacute;sicas de gerenciamento dos conflitos. A abordagem <span style=\"color:#0000FF\"><strong>ad hoc<\/strong><\/span> privilegia a resposta aos eventos conforme cada caso apresentado, podendo gerar problemas de entrosamento diante da casu&iacute;stica variada que pode se apresentar. A abordagem <span style=\"color:#0000FF\"><strong>de comiss&atilde;o<\/strong><\/span>, por sua vez, privilegia o treinamento e a defini&ccedil;&atilde;o clara de pap&eacute;is entre os integrantes do grupo para o gerenciamento dos eventos.&rdquo;<\/em>\n<\/p>\n<p>\n\tGabarito: <strong>Letra &quot;A&quot;<\/strong>\n<\/p>\n<p style=\"text-align: justify\">\n\t<strong>53. Considere que, hipoteticamente, no exerc&iacute;cio das atividades do cargo de T&eacute;cnico Judici&aacute;rio\/Seguran&ccedil;a e Transporte &ndash; &Aacute;rea Administrativa, &ldquo;o servidor Jo&atilde;o encontre-se diante de determinado evento de conflito que, dado seu est&aacute;gio atual, demande a elabora&ccedil;&atilde;o de um plano espec&iacute;fico para a solu&ccedil;&atilde;o da situa&ccedil;&atilde;o&rdquo;. Acerca de tal planejamento, &eacute; correto que Jo&atilde;o considere que:<\/strong><br \/>\n\t<strong>I. <\/strong>O plano espec&iacute;fico deve observar os crit&eacute;rios de a&ccedil;&atilde;o.<br \/>\n\t<strong>II. <\/strong>As informa&ccedil;&otilde;es (intelig&ecirc;ncia) s&atilde;o preponderantes na tomada de decis&atilde;o sobre qual a melhor solu&ccedil;&atilde;o para o conflito.<br \/>\n\t<strong>III.<\/strong> O emprego do grupo t&aacute;tico deve ser a primeira na escala priorit&aacute;ria de solu&ccedil;&otilde;es a serem tomadas, dada sua<br \/>\n\tefetividade.<br \/>\n\t<strong>IV.<\/strong> A solu&ccedil;&atilde;o a ser elaborada pode ser de natureza t&aacute;tica ou negociada, bem como se traduzir na transfer&ecirc;ncia do<br \/>\n\tconflito para outro local.<br \/>\n\t<strong>Est&atilde;o corretas as afirmativas<\/strong><br \/>\n\tA) I, II, III e IV. B) I, II e III, apenas. C) I, II e IV, apenas. D) I, III e IV, apenas.\n<\/p>\n<p style=\"text-align: justify\">\n\t<u>Coment&aacute;rio<\/u>:\n<\/p>\n<p style=\"text-align: justify\">\n\tItem I &#8211; <span style=\"color:#0000FF\"><strong>Certo<\/strong><\/span>, N&atilde;o h&aacute; com odesconsiderar os crit&eacute;rios de a&ccedil;&atilde;o no plano espec&iacute;fico.<br \/>\n\tItem II &#8211; <span style=\"color:#0000FF\"><strong>Certo<\/strong><\/span>, nessa fase, as informa&ccedil;&otilde;es (intelig&ecirc;ncia) s&atilde;o preponderantes na tomada de decis&atilde;o sobre qual a melhor solu&ccedil;&atilde;o para o conflito.<br \/>\n\tItem III &#8211; <strong><span style=\"color:#FF0000\">Errado<\/span>.<\/strong> Essa a&ccedil;&atilde;o n&atilde;o deve necessariamente ser a primeira na escala priorit&aacute;ria. H&aacute; de se respeitar as t&aacute;ticas de resolu&ccedil;&atilde;o do conflito. A negocia&ccedil;&atilde;o, por exemplo, pode ser a solu&ccedil;&atilde;o melhor, antes mesmo da entrada em a&ccedil;&atilde;o do grupo t&aacute;tico.<br \/>\n\tItem IV &#8211; <span style=\"color:#0000FF\"><strong>Certo<\/strong><\/span>.&nbsp; No planejamento h&aacute; se de considerar que na resolu&ccedil;&atilde;o do conflito a solu&ccedil;&atilde;o a ser elaborada pode ser de natureza t&aacute;tica ou negociada, bem como se traduzir na transfer&ecirc;ncia do conflito para outro local.\n<\/p>\n<p style=\"text-align: justify\">\n\tGabarito: <strong>Letra &quot;C&quot;<\/strong>\n<\/p>\n<p style=\"text-align: justify\">\n\t<strong>54. &ldquo;Presos da Penitenci&aacute;ria Estadual de Alca&ccedil;uz, no Rio Grande do Norte, voltaram a se rebelar na manh&atilde; desta quinta-feira (19). Armadas com facas e pedras, as fac&ccedil;&otilde;es entram em confronto nos pavilh&otilde;es. Sons de tiro e bombas tamb&eacute;m s&atilde;o ouvidos. Um helic&oacute;ptero da pol&iacute;cia sobrevoa o local. Agentes penitenci&aacute;rios atiram balas de borracha e bombas de g&aacute;s lacrimog&ecirc;neo, enquanto presos arremessam pedras e barras de ferro.&rdquo;<br \/>\n\t(Rebeli&atilde;o na Penitenci&aacute;ria Estadual de Alca&ccedil;uz deixa mortos, diz PM. Dispon&iacute;vel em: http:\/\/www.jb.com.br\/pais\/noticias\/2017\/01\/19\/rebeliaona- penitenciaria-estadual-de-alcacuz-deixa-mortos-diz-pm\/. Acesso em 25\/01\/2017.)<br \/>\n\tEm eventos conflituosos similares ao descrito no excerto anterior, N&Atilde;O se configura atitude correta relativa &agrave; defini&ccedil;&atilde;o dos per&iacute;metros t&aacute;ticos:<\/strong><br \/>\n\tA) A perman&ecirc;ncia da imprensa no per&iacute;metro t&aacute;tico interno.<br \/>\n\tB) A demarca&ccedil;&atilde;o da chamada zona est&eacute;ril por meio do per&iacute;metro t&aacute;tico interno.<br \/>\n\tC) A ado&ccedil;&atilde;o de medidas necess&aacute;rias para bloqueio de sinais de r&aacute;dio e televis&atilde;o.<br \/>\n\tD) A varredura no pres&iacute;dio em busca de celulares e outros aparelhos que possibilitem a comunica&ccedil;&atilde;o com o mundo<br \/>\n\texterior.\n<\/p>\n<p style=\"text-align: justify\">\n\t<u>Coment&aacute;rio<\/u>:\n<\/p>\n<p>\n\tCom base no Curso de Gerenciamento de Crises &#8211; M&oacute;dulo 1 (&acute;p&aacute;g. 27), da Secretaria Nacional de Seguran&ccedil;a P&uacute;blica do Minist&eacute;rio da Justi&ccedil;a (SENASP\/MJ):\n<\/p>\n<p>\n\tO per&iacute;metro t&aacute;tico <strong><u>interno <\/u><\/strong>&eacute; um cord&atilde;o de isolamento <span style=\"color:#FF0000\"><strong>que circunda no ponto cr&iacute;tico<\/strong><\/span>, formando o que se denomina de zona est&eacute;ril. <span style=\"color:#FF0000\"><strong>No seu interior, somente devem permanecer os causadores do evento, os ref&eacute;ns (se houver) e os policiais especialmente designados<\/strong><\/span>. E ningu&eacute;m mais! Esse per&iacute;metro deve ser patrulhado por policiais uniformizados, que tenham de prefer&ecirc;ncia um temperamento alerta e vigoroso, para afastar e afugentar poss&iacute;veis intrusos.\n<\/p>\n<p>\n\tJ&aacute; o per&iacute;metro t&aacute;tico <strong><u>externo<\/u><\/strong> &eacute; destinado a formar uma zona tamp&atilde;o, entre o per&iacute;metro interno e o p&uacute;blico. Nele ficam instalados o posto de comando (PC) do gerente da crise e o posto de comando t&aacute;tico (PCT), do comandante do grupo t&aacute;tico especial. No interior desse per&iacute;metro, admite-se o tr&acirc;nsito e a&#039; perman&ecirc;ncia de policiais que n&atilde;o estejam diretamente envolvidos com o gerenciamento do evento cr&iacute;tico, pessoal m&eacute;dico, apoio operacional (corpo de bombeiros, peritos criminais, motoristas de ambul&acirc;ncias,) e a m&iacute;dia (t&atilde;o somente quando da realiza&ccedil;&atilde;o de <em>briefings <\/em>ou entrevistas).\n<\/p>\n<p>\n\tLogo, observando-se os dois conceitos acima, conclui-se que N&Atilde;O se configura atitude correta relativa &agrave; defini&ccedil;&atilde;o dos per&iacute;metros t&aacute;ticos <span style=\"color:#FF0000\"><strong>a perman&ecirc;ncia da imprensa no per&iacute;metro t&aacute;tico interno<\/strong><\/span>. As letras C e D,&nbsp; s&atilde;o atividades perfeitamente aplic&aacute;veis dentre as realizadas pelo pessoal do per&iacute;metro interno, quando realizadas como parte da a&ccedil;&atilde;o de isolar na fase de respota imediata. Veja o que diz o curso da SENASP\/MJ aqui citado em sua p&aacute;g. 51:\n<\/p>\n<p>\n\t<em>&quot;O isolamento do local n&atilde;o se materializa apenas pela implanta&ccedil;&atilde;o dos per&iacute;metros t&aacute;ticos, <span style=\"color:#FF0000\"><strong>mas tamb&eacute;m pela interrup&ccedil;&atilde;o ou bloqueio das comunica&ccedil;&otilde;es telef&ocirc;nicas com o mundo exterior, bem como, o fornecimento de energia el&eacute;trica, a fim de evitar que se tenha informa&ccedil;&atilde;o, atrav&eacute;s dos meios de comunica&ccedil;&atilde;o, tais como r&aacute;dio e televis&atilde;o.<\/strong><\/span><\/em>\n<\/p>\n<p>\n\t<em>Os perpetradores devem ser isolados de forma que se imponha a eles a sensa&ccedil;&atilde;o de estarem completamente sozinhos. Essa a&ccedil;&atilde;o tem como principal objetivo obter o total controle da situa&ccedil;&atilde;o p<strong>ela pol&iacute;cia, que passa a ser o &uacute;nico ve&iacute;culo de comunica&ccedil;&atilde;o entre os protagonistas do evento e o mundo exteri<\/strong>or.<\/em>\n<\/p>\n<p>\n\tTamb&eacute;m dentro do isolamento ser&aacute; feito a evacua&ccedil;&atilde;o das pessoas que n&atilde;o s&atilde;o envolvidas com a ocorr&ecirc;ncia, como: transeuntes e trabalhadores do local. A<span style=\"color:#FF0000\"><em><strong>p&oacute;s a evacua&ccedil;&atilde;o ser&atilde;o determinados os per&iacute;metros <u>interno<\/u> e <u>externo.&quot;<\/u><\/strong><\/em><\/span>\n<\/p>\n<p style=\"text-align: justify\">\n\tGabarito: <strong>Letra &quot;A&quot;<\/strong>\n<\/p>\n<p style=\"text-align: justify\">\n\t<strong>55. Acerca da tem&aacute;tica &ldquo;Organiza&ccedil;&atilde;o do Posto de Comando&rdquo;, analise as afirmativas a seguir, marque V para as verdadeiras e F para as falsas.<\/strong><br \/>\n\t( ) Tem sua instala&ccedil;&atilde;o, via de regra, durante a fase da resolu&ccedil;&atilde;o do conflito.<br \/>\n\t( ) Uma de suas principais fun&ccedil;&otilde;es se constitui no processamento, an&aacute;lise e difus&atilde;o das informa&ccedil;&otilde;es coletadas.<br \/>\n\t( ) Os elementos essenciais na organiza&ccedil;&atilde;o do Posto de Comando devem compreender os elementos de comando, operacionais e de apoio e assessoria.<br \/>\n\t( ) Sua instala&ccedil;&atilde;o &eacute; indispens&aacute;vel para o gerenciamento dos conflitos, independentemente do n&uacute;mero de unidades e atividades a serem coordenadas na opera&ccedil;&atilde;o, dada a necessidade de uma central de atua&ccedil;&atilde;o formalmente estabelecida.<br \/>\n\t<strong>A sequ&ecirc;ncia est&aacute; correta em<\/strong><br \/>\n\tA) V, F, V, F. B) F, V, V, F. C) F, F, V, V. D) V, V, V, F.\n<\/p>\n<p style=\"text-align: justify\">\n\t<u>Coment&aacute;rio<\/u>:\n<\/p>\n<p style=\"text-align: justify\">\n\tCom base no Curso de Gerenciamento de Crises &#8211; M&oacute;dulo 1 (p&aacute;gs. 30 a 37), da Secretaria Nacional de Seguran&ccedil;a P&uacute;blica do Minist&eacute;rio da Justi&ccedil;a (SENASP\/MJ):\n<\/p>\n<p>\n\t( <span style=\"color:#FF0000\"><strong>F<\/strong><\/span> ) O Posto de Comando tem fundamental import&acirc;ncia <span style=\"color:#FF0000\"><strong>no curso do gerenciamento de uma cris<\/strong><\/span>e. De sua organiza&ccedil;&atilde;o e operacionalidade dependem o fluxo de decis&otilde;es e o pr&oacute;prio &ecirc;xito da a&ccedil;&atilde;o policial durante o evento cr&iacute;tico.<br \/>\n\t(<strong> <span style=\"color:#0000FF\">V<\/span><\/strong> ) Uma de suas principais fun&ccedil;&otilde;es se constitui no processamento, an&aacute;lise e difus&atilde;o das informa&ccedil;&otilde;es coletadas.<br \/>\n\t( <span style=\"color:#0000FF\"><strong>V<\/strong> <\/span>) Os elementos essenciais na organiza&ccedil;&atilde;o do Posto de Comando devem compreender os elementos de comando, operacionais e de apoio e assessoria.<br \/>\n\t( <span style=\"color:#FF0000\"><strong>F<\/strong><\/span> ) Faz-se necess&aacute;rio instalar um Posto de Comando, em tr&ecirc;s situa&ccedil;&otilde;es:\n<\/p>\n<ul>\n<li>\n\t\t<strong>quando o n&uacute;mero de pessoas envolvidas numa opera&ccedil;&atilde;o de campo exceda a capacidade de controle<\/strong> (&ldquo;<em>span of control<\/em>&rdquo;) do gerente da crise. Por capacidade de controle entende-se o n&uacute;mero m&aacute;ximo de pessoas que um indiv&iacute;duo pode pessoalmente dirigir e controlar de uma maneira eficiente e eficaz. Importa lembrar que essa capacidade pode ser reduzida pelo efeito do estresse;\n\t<\/li>\n<li>\n\t\tnuma opera&ccedil;&atilde;o de campo que requeira <strong>coordena&ccedil;&atilde;o entre v&aacute;rias unidades de uma mesma entidade policial ou entre organiza&ccedil;&otilde;es policiais diferentes<\/strong>; e\n\t<\/li>\n<li>\n\t\tnuma opera&ccedil;&atilde;o de campo <strong>que exija atividades m&uacute;ltiplas<\/strong>.\n\t<\/li>\n<\/ul>\n<p>\n\tGabarito: <strong>Letra &quot;B&quot;<\/strong>\n<\/p>\n<p style=\"text-align: justify\">\n\t<strong>56. S&atilde;o fases da confronta&ccedil;&atilde;o:<br \/>\n\t1 &ndash; Preparo 2 &ndash; Resposta imediata 3 &ndash; Plano espec&iacute;fico 4 &ndash; Resolu&ccedil;&atilde;o<br \/>\n\tConsiderando os termos anteriores, correlacione-os adequadamente &agrave; coluna a seguir.<\/strong><br \/>\n\t( ) Deve incluir a realiza&ccedil;&atilde;o peri&oacute;dica de ensaios e exerc&iacute;cios simulados.<br \/>\n\t( ) Etapa que se ocupa da discuss&atilde;o e elabora&ccedil;&atilde;o de uma solu&ccedil;&atilde;o para o evento.<br \/>\n\t( ) Se norteia por quatro conceitos b&aacute;sicos: conter, controlar, comunicar e coordenar.<br \/>\n\t( ) &Eacute; comumente tida como a fase mais delicada do conflito, principalmente quando se decide pelo uso de for&ccedil;a letal.<br \/>\n\t<strong>A sequ&ecirc;ncia est&aacute; correta em<\/strong><br \/>\n\tA) 1, 2, 3, 4. B) 1, 3, 2, 4. C) 3, 1, 4, 2. D) 3, 1, 2, 4.\n<\/p>\n<p style=\"text-align: justify\">\n\t<u>Coment&aacute;rio<\/u>:\n<\/p>\n<p style=\"text-align: justify\">\n\t( <span style=\"color:#0000FF\"><strong>1<\/strong><\/span> ) Deve incluir a realiza&ccedil;&atilde;o peri&oacute;dica de ensaios e exerc&iacute;cios simulados.<br \/>\n\t( <span style=\"color:#0000FF\"><strong>3<\/strong><\/span> ) Etapa que se ocupa da discuss&atilde;o e elabora&ccedil;&atilde;o de uma solu&ccedil;&atilde;o para o evento.<br \/>\n\t( <span style=\"color:#0000FF\"><strong>2<\/strong><\/span> ) Se norteia por quatro conceitos b&aacute;sicos: conter, controlar, comunicar e coordenar.<br \/>\n\t(<span style=\"color:#0000FF\"><strong> 4<\/strong><\/span> ) &Eacute; comumente tida como a fase mais delicada do conflito, principalmente quando se decide pelo uso de for&ccedil;a letal.\n<\/p>\n<p style=\"text-align: justify\">\n\tGabarito: <strong>Letra &quot;B&quot;<\/strong>\n<\/p>\n<p style=\"text-align: justify\">\n\t<strong>57. A fase de resposta imediata &eacute; aquela em que se toma conhecimento e reage ao evento cr&iacute;tico. Segundo a doutrina sobre o assunto, N&Atilde;O se caracteriza como atividade a ser desempenhada em tal fase:<\/strong><br \/>\n\tA) O imediato in&iacute;cio das negocia&ccedil;&otilde;es.<br \/>\n\tB) Isolar a &aacute;rea, estabelecendo os per&iacute;metros t&aacute;ticos.<br \/>\n\tC) Estabelecer o posto de comando em local seguro, pr&oacute;ximo ao ponto cr&iacute;tico.<br \/>\n\tD) Verificar se a a&ccedil;&atilde;o t&aacute;tica escolhida est&aacute; dentro da capacidade de desempenho dos envolvidos.\n<\/p>\n<p style=\"text-align: justify\">\n\t<u>Coment&aacute;rio<\/u>:\n<\/p>\n<p style=\"text-align: justify\">\n\t<span style=\"font-size:14px\"><span style=\"font-family: arial,helvetica,sans-serif\"><span style=\"line-height: 115%;color: black\">Cuidado! nA reposta imediata, as medidas imediatas mais importantes a serem tomadas s&atilde;o: <b>conter<\/b>; <b>solicitar apoio<\/b>; <b>isolar<\/b> e <b>manter contato sem concess&otilde;es ou promessas<\/b>.<\/span><\/span><\/span>\n<\/p>\n<p style=\"text-align: justify\">\n\tItem A &#8211;&nbsp;Nessa fase deve-se <u>manter contato sem concess&otilde;es ou promessas<\/u>, um embri&atilde;o do que se entede por negocia&ccedil;&atilde;o. <span style=\"color:#FF0000\"><strong>OBS: NO ENTANTO, O USO DA PALAVRA IMEDIATO PODE TER SIDO EXAGERADO PELA BANCA E TALVEZ SEJA POR A&Iacute; QUE ENSEJA-SE RECURSO A NEGOCIA&Ccedil;&Atilde;O &Eacute; SEMPRE DESEJ&Aacute;VEL EM SITUA&Ccedil;&Otilde;ES DE CRISE, MAS NEM SEMPRE PODEM ACONTECER DE FORMA T&Atilde;O IMEDIATA. <\/strong><\/span><br \/>\n\tItem B &#8211; Certo. Trata-se da a&ccedil;&atilde;o de <strong>isolar.<\/strong>\n<\/p>\n<p style=\"text-align: justify\">\n\tItem C &#8211; Certo. &Eacute; na a&ccedil;&atilde;o de isolamento que se tem condi&ccedil;&otilde;es de se estabelecer o posto de comando em local seguro, pr&oacute;ximo ao ponto cr&iacute;tico.<br \/>\n\tItem D &#8211;&nbsp; <span style=\"color:#FF0000\"><strong>Errado<\/strong><\/span>. Essa a&ccedil;&atilde;o est&aacute; mais conectada &agrave; fase de <span style=\"color:#FF0000\"><strong>preparo <\/strong><\/span>onde, no quesito treinamento. Em sua p&aacute;gina 49, o Curso de Gerenciamento de Crises do SENASP\/MJ assim disp&otilde;em:\n<\/p>\n<p style=\"text-align: justify\">\n\t<em>&quot;Esse preparo ou aprestamento deve abranger todos os escal&otilde;es da organiza&ccedil;&atilde;o policial, atrav&eacute;s de uma sistem&aacute;tica de difus&atilde;o e ensinamento dos princ&iacute;pios doutrin&aacute;rios do gerenciamento de crises, seguidos de treinamento e ensaios <span style=\"color:#0000FF\">q<strong>ue possibilitem o desenvolvimento de habilidades e aptid&otilde;es em tr&ecirc;s n&iacute;veis distintos<\/strong><\/span>: o <u>individual<\/u>, o de <u>grupo<\/u> e o de <u>sistema<\/u>.&quot;<\/em>\n<\/p>\n<p style=\"text-align: justify\">\n\tGabarito: <strong><span style=\"color:#FF0000\">Letra &quot;D&quot; [PEDE&acute;SE ANULA&Ccedil;&Atilde;O POR CONTER DUAS RESPOSTAS ERRADAS]<\/span><\/strong>\n<\/p>\n<p style=\"text-align: justify\">\n\t<strong>O trecho a seguir contextualiza as quest&otilde;es 58, 59 e 60. Leia-o atentamente.<br \/>\n\t&ldquo;Eis algumas m&aacute;ximas de que deves impregnar-te antes de pensar em sitiar cidades ou ganhar batalhas. (&#8230;) Um h&aacute;bil general jamais se encontrar&aacute; reduzido a tais extremos. Ele conhece a arte de humilhar os seus inimigos sem travar batalhas. Sem derramar uma gota de sangue, sem mesmo desembainhar a espada, consegue tomar as cidades. Sem colocar os p&eacute;s em reinos estrangeiros, descobre o meio de conquist&aacute;-Ios.&rdquo;<br \/>\n\t(TZU, Sun. A arte da guerra \/ Tradu&ccedil;&atilde;o de Sueli Barros Cassal. Porto Alegre: L&amp;PM, 2006.)<\/strong>\n<\/p>\n<p style=\"text-align: justify\">\n\t<strong>58. Acerca do papel do negociador na gest&atilde;o de conflitos segundo a doutrina, &eacute; INCORRETO afirmar que<\/strong><br \/>\n\tA) condi&ccedil;&otilde;es como tempo reduzido e presen&ccedil;a de um interlocutor tornam os eventos cr&iacute;ticos inegoci&aacute;veis.<br \/>\n\tB) deve-se buscar a supera&ccedil;&atilde;o do papel de mero coadjuvante da figura do negociador, colocando-o como elemento de influ&ecirc;ncia na opera&ccedil;&atilde;o.<br \/>\n\tC) organiza&ccedil;&otilde;es fortemente influenciadas por preceitos de hierarquia podem sofrer limita&ccedil;&otilde;es ao desempenho das<br \/>\n\tatividades do negociador.<br \/>\n\tD) a designa&ccedil;&atilde;o formal de grupos de negocia&ccedil;&atilde;o dentro da organiza&ccedil;&atilde;o &eacute; medida que contribui para a redefini&ccedil;&atilde;o da mentalidade de que a a&ccedil;&atilde;o t&aacute;tica &eacute; indispens&aacute;vel em todos os casos.\n<\/p>\n<p style=\"text-align: justify\">\n\t<u>Coment&aacute;rio<\/u>:\n<\/p>\n<p style=\"text-align: justify\">\n\tDas op&ccedil;&otilde;es de resposta, sem d&uacute;vida a letra A &eacute; errada! Tempo reduzido e a presen&ccedil;a de um iterlocutor (negociador) n&atilde;o tornam inegoci&aacute;veis os eventos cr&iacute;ticos. Na p&aacute;gina 20 do Curso da SENASP\/MJ temos que:\n<\/p>\n<p style=\"text-align: justify\">\n\t<span style=\"font-family:arial,helvetica,sans-serif\"><span style=\"font-size: 14px\"><em><span style=\"line-height: 115%\">Segundo Monteiro (1994), a negocia&ccedil;&atilde;o &eacute; quase tudo no gerenciamento de crises. Ressalta tamb&eacute;m que: &ldquo;gerenciar crises &eacute; negociar, negociar e negociar. E quando ocorre de se esgotarem todas as chances de negocia&ccedil;&otilde;es, deve-se ainda tentar negociar mais um pouquinho . <\/span><\/em><\/span><\/span>\n<\/p>\n<p style=\"text-align: justify\">\n\tGabarito: <strong>Letra &quot;A&quot;<\/strong><br \/>\n\t&nbsp;\n<\/p>\n<p style=\"text-align: justify\">\n\t<strong>59. S&atilde;o exemplos de t&aacute;ticas de negocia&ccedil;&atilde;o, EXCETO:<\/strong><br \/>\n\tA) Evitar respostas negativas diretas (&ldquo;n&atilde;o&rdquo;), uma vez que podem provocar rea&ccedil;&atilde;o violenta do indiv&iacute;duo.<br \/>\n\tB) Demonstrar flexibilidade na conduta do negociador, sendo salutar, assim, realizar pequenas concess&otilde;es ao indiv&iacute;duo causador do evento.<br \/>\n\tC) Ser honesto (sempre que poss&iacute;vel), pois leva a uma confian&ccedil;a m&uacute;tua entre negociador e causador do conflito que pode contribuir para o sucesso da negocia&ccedil;&atilde;o.<br \/>\n\tD) Ao tentar ganhar tempo, conv&eacute;m que o negociador fale mais do que ou&ccedil;a, questionando o que o indiv&iacute;duo tem como exig&ecirc;ncia e evitando, assim, que o indiv&iacute;duo fa&ccedil;a pedidos de forma planejada.\n<\/p>\n<p style=\"text-align: justify\">\n\t<u>Coment&aacute;rio<\/u>:\n<\/p>\n<p style=\"text-align: justify\">\n\tNa Aula 17 do nosso curso, p&aacute;ginas 43 e 44, voc&ecirc; tem a resposta para essa quest&atilde;o. Segundo o conte&uacute;do ali escrito:\n<\/p>\n<p style=\"text-align: justify\">\n\tItem A &#8211; Certo. Evitar respostas negativas diretas (&ldquo;n&atilde;o&rdquo;), uma vez que podem provocar rea&ccedil;&atilde;o violenta do indiv&iacute;duo.<br \/>\n\tItem B &#8211; Certo. Demonstrar flexibilidade na conduta do negociador, sendo salutar, assim, realizar pequenas concess&otilde;es ao indiv&iacute;duo causador do evento.<br \/>\n\tItem C &#8211; Certo. Ser honesto (sempre que poss&iacute;vel), pois leva a uma confian&ccedil;a m&uacute;tua entre negociador e causador do conflito que pode contribuir para o sucesso da negocia&ccedil;&atilde;o.<br \/>\n\tItem D &#8211; <span style=\"color:#FF0000\"><strong>Errado<\/strong><\/span>. Ao tentar ganhar tempo, conv&eacute;m que o negociador <span style=\"color:#FF0000\"><strong>ou&ccedil;a <\/strong><\/span><s>fale <\/s>mais do que <span style=\"color:#FF0000\"><strong>fale <\/strong><\/span><s>ou&ccedil;a<\/s>. Seja mais um bom ouvinte do que um conversador. <s>questionando o que o indiv&iacute;duo tem como exig&ecirc;ncia e evitando, assim, que o indiv&iacute;duo fa&ccedil;a pedidos de forma planejada<\/s>.\n<\/p>\n<p style=\"text-align: justify\">\n\tGabarito: <strong>Letra &quot;D&quot;<\/strong>\n<\/p>\n<p style=\"text-align: justify\">\n\t<strong>60. Entre as principais t&aacute;ticas de negocia&ccedil;&atilde;o, a tarefa de ganhar tempo tem papel central no desenrolar de um evento cr&iacute;tico de conflito. A esse respeito, &eacute; INCORRETO afirmar que<\/strong><br \/>\n\tA) ao prolongar o evento cr&iacute;tico de maneira h&aacute;bil e planejada, o negociador evitar&aacute; a ado&ccedil;&atilde;o de solu&ccedil;&otilde;es precipitadas.<br \/>\n\tB) a administra&ccedil;&atilde;o do tempo pelo negociador sofre press&otilde;es diversas, como por exemplo dos familiares dos envolvidos e do grupo t&aacute;tico.<br \/>\n\tC) n&atilde;o existem desvantagens na ado&ccedil;&atilde;o de tal pr&aacute;tica, considerando que as consequ&ecirc;ncias previstas dela advindas s&atilde;o a redu&ccedil;&atilde;o da ansiedade e o esgotamento do indiv&iacute;duo causador do evento.<br \/>\n\tD) o ato de ganhar tempo por meio da negocia&ccedil;&atilde;o propicia decis&otilde;es mais racionais, na medida em que os contatos<br \/>\n\tentre o indiv&iacute;duo causador e o grupo de negocia&ccedil;&atilde;o permite a obten&ccedil;&atilde;o de informa&ccedil;&otilde;es e incrementa o fluxo de comunica&ccedil;&otilde;es.\n<\/p>\n<p style=\"text-align: justify\">\n\t<u>Coment&aacute;rio<\/u>:\n<\/p>\n<p style=\"text-align: justify\">\n\tA &uacute;nica op&ccedil;&atilde;o errada &eacute; a letra &quot;C&quot; ao afirmar categoricamente que a ado&ccedil;&atilde;o da negcia&ccedil;&atilde;o n&atilde;o tem qualquer desvantagem. <span style=\"color:#FF0000\"><strong>Tem sim, no caso de o negociador for in&aacute;bil!!<\/strong><\/span>! Segundo o curso do SENASP\/MJ (p&aacute;gs. 20 e 21)\n<\/p>\n<p>\n\t<em><span style=\"color:#FF0000\"><strong>&quot;A tarefa de negocia&ccedil;&atilde;o, dada a sua prioridade, n&atilde;o pode ser confiada a qualquer um<\/strong><\/span>. Dela ficar&aacute; encarregado um policial com treinamento espec&iacute;fico, denominado de negociador.<\/em>\n<\/p>\n<p>\n\t<em>O negociador tem um papel de grande responsabilidade no processo de gerenciamento de crises, sendo muitas as suas atribui&ccedil;&otilde;es. Assim sendo, <span style=\"color:#FF0000\"><strong>n&atilde;o pode a sua fun&ccedil;&atilde;o ser desempenhada por qualquer outra pessoa, influente ou n&atilde;o<\/strong><\/span>, como j&aacute; ocorreram e ocorrem em diversas ocasi&otilde;es.&quot;<\/em>\n<\/p>\n<p>\n\t<em>No Brasil, muitas pessoas s&atilde;o escolhidas para negocia&ccedil;&atilde;o sem terem a haiblidade necess&aacute;ria, pr&aacute;tica conden&aacute;vel&quot;<\/em>\n<\/p>\n<p>\n\t<span style=\"color:#0000FF\"><strong>QUEST&Otilde;ES 51 A 56 E 58 A 60, A MEU VER CORRETAS QUANTO AO GABARITO PRELIMINAR! <\/strong><\/span><span style=\"color:#FF0000\"><strong>A 57 &Eacute; PASSIVEL DE RECURSOS PARA ANULA&Ccedil;&Atilde;O.<\/strong><\/span>\n<\/p>\n<p>\n\tBom, &eacute; isso! Espero sinceramente ter ajudado!\n<\/p>\n<p>\n\tSe voc&ecirc; n&atilde;o est&aacute; convencido do coment&aacute;rio de uma ou outra quest&atilde;o, e tem fundamentos s&oacute;lidos para contestar, n&atilde;o pense duas vezes: <strong>CORRA COM O SEU RECURSO! A GUERRA EST&Aacute; ABERTA E O PROFESSOR N&Atilde;O &Eacute; O DONO DA VERDADE<\/strong>. AQUI TRAZEMOS NOSSA EXPERI&Ecirc;NCIA E OBJETIVIDADE, TENTANDO BUSCAR A VERDADE DAS RESPOSTAS APRESENTADAS. UM NORTE PARA VOC&Ecirc;!\n<\/p>\n<p>\n\tGrande abra&ccedil;o e estou na torcida por todos!! Deus os aben&ccedil;oe!\n<\/p>\n<p>\n\t<span style=\"color: #000000\">E se quiserem falar comigo, <strong>tirar d&uacute;vidas<\/strong> e ter <strong>acesso a dicas e conte&uacute;dos gratuitos<\/strong>, acesse nossas redes sociais:<\/span>\n<\/p>\n<p style=\"text-align: justify\">\n\t<span style=\"color: #0000ff\"><strong>Email: professormarcosgiraoestrategia@gmail.com<\/strong><\/span>\n<\/p>\n<p style=\"text-align: justify\">\n\t<strong><a href=\"https:\/\/www.facebook.com\/ProfMarcosGirao\">Fanpage do Prof. Marcos Gir&atilde;o<\/a><\/strong>\n<\/p>\n<p style=\"text-align: justify\">\n\t<strong><a href=\"https:\/\/www.youtube.com\/channel\/UCsjAzxopmLjgmxkeR1Lo6wQ\">Canal do Youtube &#8211; Prof. Marcos Gir&atilde;o<\/a><\/strong>\n<\/p>\n<p style=\"text-align: justify\">\n\t<strong><a href=\"http:\/\/www.periscope.tv\/profmarcosgirao\">Periscope &#8211; Prof. Marcos Gir&atilde;o<\/a><\/strong>\n<\/p>\n<p style=\"text-align: justify\">\n\t<span style=\"color: #3366ff\"><strong>Instagram: @profmarcosgirao<\/strong><\/span>\n<\/p>\n<p style=\"text-align: justify\">\n\t<span style=\"color: #000000\">Grande abra&ccedil;o e bons estudos!<\/span><\/p>\n","protected":false},"excerpt":{"rendered":"<p>TRF 2 &#8211; Seguran&ccedil;a e Transportes &#8211; Quest&otilde;es Comentadas (de hoje at&eacute; amanh&atilde;)! [CABE RECURSO] Ol&aacute;, amigos! Para quem n&atilde;o me conhece ainda, meu nome &eacute; Marcos Gir&atilde;o e sou professor aqui do Estrat&eacute;gia Concursos, lecionando as disciplinas Leis Penais Especiais, Legisla&ccedil;&atilde;o de Tr&acirc;nsito e Seguran&ccedil;a Corporativa para concursos P&uacute;blicos. Para o certame TRF 2&ordf;, [&hellip;]<\/p>\n","protected":false},"author":248,"featured_media":0,"comment_status":"open","ping_status":"open","sticky":false,"template":"","format":"standard","meta":{"post_tipo":"article","footnotes":""},"categories":[1,1984],"tags":[2496,2331],"tax_estado":[],"class_list":["post-66418","post","type-post","status-publish","format-standard","hentry","category-cursos-e-concursos","category-tribunais","tag-seguranca-e-transportes","tag-trf-2a"],"acf":[],"yoast_head":"<!-- This site is optimized with the Yoast SEO Premium plugin v27.2 (Yoast SEO v27.2) - https:\/\/yoast.com\/product\/yoast-seo-premium-wordpress\/ -->\n<title>TRF 2 - Seguran\u00e7a e Transportes - Quest\u00f5es Comentadas (de hoje at\u00e9 amanh\u00e3)! [MAIS DUAS CABEM RECURSO]<\/title>\n<meta name=\"robots\" content=\"index, follow, max-snippet:-1, max-image-preview:large, max-video-preview:-1\" \/>\n<link rel=\"canonical\" href=\"https:\/\/www.estrategiaconcursos.com.br\/blog\/trf-2a-seguranca-e-transportes-questoes-comentadas-de-hoje-ate-amanha\/\" \/>\n<meta property=\"og:locale\" content=\"pt_BR\" \/>\n<meta property=\"og:type\" content=\"article\" \/>\n<meta property=\"og:title\" content=\"TRF 2 - Seguran\u00e7a e Transportes - Quest\u00f5es Comentadas (de hoje at\u00e9 amanh\u00e3)! [MAIS DUAS CABEM RECURSO]\" \/>\n<meta property=\"og:description\" content=\"TRF 2 &#8211; Seguran&ccedil;a e Transportes &#8211; Quest&otilde;es Comentadas (de hoje at&eacute; amanh&atilde;)! [CABE RECURSO] Ol&aacute;, amigos! Para quem n&atilde;o me conhece ainda, meu nome &eacute; Marcos Gir&atilde;o e sou professor aqui do Estrat&eacute;gia Concursos, lecionando as disciplinas Leis Penais Especiais, Legisla&ccedil;&atilde;o de Tr&acirc;nsito e Seguran&ccedil;a Corporativa para concursos P&uacute;blicos. Para o certame TRF 2&ordf;, [&hellip;]\" \/>\n<meta property=\"og:url\" content=\"https:\/\/www.estrategiaconcursos.com.br\/blog\/trf-2a-seguranca-e-transportes-questoes-comentadas-de-hoje-ate-amanha\/\" \/>\n<meta property=\"og:site_name\" content=\"Estrat\u00e9gia Concursos\" \/>\n<meta property=\"article:published_time\" content=\"2017-03-08T13:26:39+00:00\" \/>\n<meta property=\"article:modified_time\" content=\"2017-03-16T13:59:48+00:00\" \/>\n<meta name=\"author\" content=\"Marcos Gir\u00e3o\" \/>\n<meta name=\"twitter:card\" content=\"summary_large_image\" \/>\n<meta name=\"twitter:creator\" content=\"@EstratConcursos\" \/>\n<meta name=\"twitter:site\" content=\"@EstratConcursos\" \/>\n<meta name=\"twitter:label1\" content=\"Escrito por\" \/>\n\t<meta name=\"twitter:data1\" content=\"Marcos Gir\u00e3o\" \/>\n\t<meta name=\"twitter:label2\" content=\"Est. tempo de leitura\" \/>\n\t<meta name=\"twitter:data2\" content=\"59 minutos\" \/>\n<script type=\"application\/ld+json\" class=\"yoast-schema-graph\">{\"@context\":\"https:\/\/schema.org\",\"@graph\":[{\"@type\":\"NewsArticle\",\"@id\":\"https:\/\/www.estrategiaconcursos.com.br\/blog\/trf-2a-seguranca-e-transportes-questoes-comentadas-de-hoje-ate-amanha\/#article\",\"isPartOf\":{\"@id\":\"https:\/\/www.estrategiaconcursos.com.br\/blog\/trf-2a-seguranca-e-transportes-questoes-comentadas-de-hoje-ate-amanha\/\"},\"author\":{\"name\":\"Marcos Gir\u00e3o\",\"@id\":\"https:\/\/www.estrategiaconcursos.com.br\/blog\/#\/schema\/person\/6be195b7a02a8ca214472b848686bb37\"},\"headline\":\"TRF 2 &#8211; Seguran\u00e7a e Transportes &#8211; Quest\u00f5es Comentadas (de hoje at\u00e9 amanh\u00e3)! [MAIS DUAS CABEM RECURSO]\",\"datePublished\":\"2017-03-08T13:26:39+00:00\",\"dateModified\":\"2017-03-16T13:59:48+00:00\",\"mainEntityOfPage\":{\"@id\":\"https:\/\/www.estrategiaconcursos.com.br\/blog\/trf-2a-seguranca-e-transportes-questoes-comentadas-de-hoje-ate-amanha\/\"},\"wordCount\":11859,\"commentCount\":12,\"publisher\":{\"@id\":\"https:\/\/www.estrategiaconcursos.com.br\/blog\/#organization\"},\"keywords\":[\"seguran\u00e7a e transportes\",\"TRF 2\u00aa\"],\"articleSection\":[\"Concursos P\u00fablicos\",\"Tribunais\"],\"inLanguage\":\"pt-BR\",\"potentialAction\":[{\"@type\":\"CommentAction\",\"name\":\"Comment\",\"target\":[\"https:\/\/www.estrategiaconcursos.com.br\/blog\/trf-2a-seguranca-e-transportes-questoes-comentadas-de-hoje-ate-amanha\/#respond\"]}],\"copyrightYear\":\"2017\",\"copyrightHolder\":{\"@id\":\"https:\/\/www.estrategiaconcursos.com.br\/blog\/#organization\"}},{\"@type\":\"WebPage\",\"@id\":\"https:\/\/www.estrategiaconcursos.com.br\/blog\/trf-2a-seguranca-e-transportes-questoes-comentadas-de-hoje-ate-amanha\/\",\"url\":\"https:\/\/www.estrategiaconcursos.com.br\/blog\/trf-2a-seguranca-e-transportes-questoes-comentadas-de-hoje-ate-amanha\/\",\"name\":\"TRF 2 - Seguran\u00e7a e Transportes - Quest\u00f5es Comentadas (de hoje at\u00e9 amanh\u00e3)! [MAIS DUAS CABEM RECURSO]\",\"isPartOf\":{\"@id\":\"https:\/\/www.estrategiaconcursos.com.br\/blog\/#website\"},\"datePublished\":\"2017-03-08T13:26:39+00:00\",\"dateModified\":\"2017-03-16T13:59:48+00:00\",\"breadcrumb\":{\"@id\":\"https:\/\/www.estrategiaconcursos.com.br\/blog\/trf-2a-seguranca-e-transportes-questoes-comentadas-de-hoje-ate-amanha\/#breadcrumb\"},\"inLanguage\":\"pt-BR\",\"potentialAction\":[{\"@type\":\"ReadAction\",\"target\":[\"https:\/\/www.estrategiaconcursos.com.br\/blog\/trf-2a-seguranca-e-transportes-questoes-comentadas-de-hoje-ate-amanha\/\"]}]},{\"@type\":\"BreadcrumbList\",\"@id\":\"https:\/\/www.estrategiaconcursos.com.br\/blog\/trf-2a-seguranca-e-transportes-questoes-comentadas-de-hoje-ate-amanha\/#breadcrumb\",\"itemListElement\":[{\"@type\":\"ListItem\",\"position\":1,\"name\":\"In\u00edcio\",\"item\":\"https:\/\/www.estrategiaconcursos.com.br\/blog\/\"},{\"@type\":\"ListItem\",\"position\":2,\"name\":\"TRF 2 &#8211; Seguran\u00e7a e Transportes &#8211; Quest\u00f5es Comentadas (de hoje at\u00e9 amanh\u00e3)! [MAIS DUAS CABEM RECURSO]\"}]},{\"@type\":\"WebSite\",\"@id\":\"https:\/\/www.estrategiaconcursos.com.br\/blog\/#website\",\"url\":\"https:\/\/www.estrategiaconcursos.com.br\/blog\/\",\"name\":\"Estrat\u00e9gia Concursos\",\"description\":\"O blog da Estrat\u00e9gia Concursos traz not\u00edcias sobre concursos e artigos de professores oferecendo cursos para concursos (pdf + videaulas) no site.\",\"publisher\":{\"@id\":\"https:\/\/www.estrategiaconcursos.com.br\/blog\/#organization\"},\"potentialAction\":[{\"@type\":\"SearchAction\",\"target\":{\"@type\":\"EntryPoint\",\"urlTemplate\":\"https:\/\/www.estrategiaconcursos.com.br\/blog\/?s={search_term_string}\"},\"query-input\":{\"@type\":\"PropertyValueSpecification\",\"valueRequired\":true,\"valueName\":\"search_term_string\"}}],\"inLanguage\":\"pt-BR\"},{\"@type\":\"Organization\",\"@id\":\"https:\/\/www.estrategiaconcursos.com.br\/blog\/#organization\",\"name\":\"Estrat\u00e9gia Concursos\",\"url\":\"https:\/\/www.estrategiaconcursos.com.br\/blog\/\",\"logo\":{\"@type\":\"ImageObject\",\"inLanguage\":\"pt-BR\",\"@id\":\"https:\/\/www.estrategiaconcursos.com.br\/blog\/#\/schema\/logo\/image\/\",\"url\":\"https:\/\/dhg1h5j42swfq.cloudfront.net\/2025\/06\/03203428\/logo_concursos-1.jpg\",\"contentUrl\":\"https:\/\/dhg1h5j42swfq.cloudfront.net\/2025\/06\/03203428\/logo_concursos-1.jpg\",\"width\":230,\"height\":60,\"caption\":\"Estrat\u00e9gia Concursos\"},\"image\":{\"@id\":\"https:\/\/www.estrategiaconcursos.com.br\/blog\/#\/schema\/logo\/image\/\"},\"sameAs\":[\"https:\/\/x.com\/EstratConcursos\"]},{\"@type\":\"Person\",\"@id\":\"https:\/\/www.estrategiaconcursos.com.br\/blog\/#\/schema\/person\/6be195b7a02a8ca214472b848686bb37\",\"name\":\"Marcos Gir\u00e3o\",\"image\":{\"@type\":\"ImageObject\",\"inLanguage\":\"pt-BR\",\"@id\":\"https:\/\/secure.gravatar.com\/avatar\/ac5b9a36e2c99a8280e07b5763e3b764471d5b861c47521bfd2edffdfbb06fbd?s=96&d=mm&r=g\",\"url\":\"https:\/\/secure.gravatar.com\/avatar\/ac5b9a36e2c99a8280e07b5763e3b764471d5b861c47521bfd2edffdfbb06fbd?s=96&d=mm&r=g\",\"contentUrl\":\"https:\/\/secure.gravatar.com\/avatar\/ac5b9a36e2c99a8280e07b5763e3b764471d5b861c47521bfd2edffdfbb06fbd?s=96&d=mm&r=g\",\"caption\":\"Marcos Gir\u00e3o\"},\"url\":\"https:\/\/www.estrategiaconcursos.com.br\/blog\/author\/marcosgiraoestrategiaconcursos-com-br\/\"}]}<\/script>\n<!-- \/ Yoast SEO Premium plugin. -->","yoast_head_json":{"title":"TRF 2 - Seguran\u00e7a e Transportes - Quest\u00f5es Comentadas (de hoje at\u00e9 amanh\u00e3)! [MAIS DUAS CABEM RECURSO]","robots":{"index":"index","follow":"follow","max-snippet":"max-snippet:-1","max-image-preview":"max-image-preview:large","max-video-preview":"max-video-preview:-1"},"canonical":"https:\/\/www.estrategiaconcursos.com.br\/blog\/trf-2a-seguranca-e-transportes-questoes-comentadas-de-hoje-ate-amanha\/","og_locale":"pt_BR","og_type":"article","og_title":"TRF 2 - Seguran\u00e7a e Transportes - Quest\u00f5es Comentadas (de hoje at\u00e9 amanh\u00e3)! [MAIS DUAS CABEM RECURSO]","og_description":"TRF 2 &#8211; Seguran&ccedil;a e Transportes &#8211; Quest&otilde;es Comentadas (de hoje at&eacute; amanh&atilde;)! [CABE RECURSO] Ol&aacute;, amigos! Para quem n&atilde;o me conhece ainda, meu nome &eacute; Marcos Gir&atilde;o e sou professor aqui do Estrat&eacute;gia Concursos, lecionando as disciplinas Leis Penais Especiais, Legisla&ccedil;&atilde;o de Tr&acirc;nsito e Seguran&ccedil;a Corporativa para concursos P&uacute;blicos. Para o certame TRF 2&ordf;, [&hellip;]","og_url":"https:\/\/www.estrategiaconcursos.com.br\/blog\/trf-2a-seguranca-e-transportes-questoes-comentadas-de-hoje-ate-amanha\/","og_site_name":"Estrat\u00e9gia Concursos","article_published_time":"2017-03-08T13:26:39+00:00","article_modified_time":"2017-03-16T13:59:48+00:00","author":"Marcos Gir\u00e3o","twitter_card":"summary_large_image","twitter_creator":"@EstratConcursos","twitter_site":"@EstratConcursos","twitter_misc":{"Escrito por":"Marcos Gir\u00e3o","Est. tempo de leitura":"59 minutos"},"schema":{"@context":"https:\/\/schema.org","@graph":[{"@type":"NewsArticle","@id":"https:\/\/www.estrategiaconcursos.com.br\/blog\/trf-2a-seguranca-e-transportes-questoes-comentadas-de-hoje-ate-amanha\/#article","isPartOf":{"@id":"https:\/\/www.estrategiaconcursos.com.br\/blog\/trf-2a-seguranca-e-transportes-questoes-comentadas-de-hoje-ate-amanha\/"},"author":{"name":"Marcos Gir\u00e3o","@id":"https:\/\/www.estrategiaconcursos.com.br\/blog\/#\/schema\/person\/6be195b7a02a8ca214472b848686bb37"},"headline":"TRF 2 &#8211; Seguran\u00e7a e Transportes &#8211; Quest\u00f5es Comentadas (de hoje at\u00e9 amanh\u00e3)! [MAIS DUAS CABEM RECURSO]","datePublished":"2017-03-08T13:26:39+00:00","dateModified":"2017-03-16T13:59:48+00:00","mainEntityOfPage":{"@id":"https:\/\/www.estrategiaconcursos.com.br\/blog\/trf-2a-seguranca-e-transportes-questoes-comentadas-de-hoje-ate-amanha\/"},"wordCount":11859,"commentCount":12,"publisher":{"@id":"https:\/\/www.estrategiaconcursos.com.br\/blog\/#organization"},"keywords":["seguran\u00e7a e transportes","TRF 2\u00aa"],"articleSection":["Concursos P\u00fablicos","Tribunais"],"inLanguage":"pt-BR","potentialAction":[{"@type":"CommentAction","name":"Comment","target":["https:\/\/www.estrategiaconcursos.com.br\/blog\/trf-2a-seguranca-e-transportes-questoes-comentadas-de-hoje-ate-amanha\/#respond"]}],"copyrightYear":"2017","copyrightHolder":{"@id":"https:\/\/www.estrategiaconcursos.com.br\/blog\/#organization"}},{"@type":"WebPage","@id":"https:\/\/www.estrategiaconcursos.com.br\/blog\/trf-2a-seguranca-e-transportes-questoes-comentadas-de-hoje-ate-amanha\/","url":"https:\/\/www.estrategiaconcursos.com.br\/blog\/trf-2a-seguranca-e-transportes-questoes-comentadas-de-hoje-ate-amanha\/","name":"TRF 2 - Seguran\u00e7a e Transportes - Quest\u00f5es Comentadas (de hoje at\u00e9 amanh\u00e3)! [MAIS DUAS CABEM RECURSO]","isPartOf":{"@id":"https:\/\/www.estrategiaconcursos.com.br\/blog\/#website"},"datePublished":"2017-03-08T13:26:39+00:00","dateModified":"2017-03-16T13:59:48+00:00","breadcrumb":{"@id":"https:\/\/www.estrategiaconcursos.com.br\/blog\/trf-2a-seguranca-e-transportes-questoes-comentadas-de-hoje-ate-amanha\/#breadcrumb"},"inLanguage":"pt-BR","potentialAction":[{"@type":"ReadAction","target":["https:\/\/www.estrategiaconcursos.com.br\/blog\/trf-2a-seguranca-e-transportes-questoes-comentadas-de-hoje-ate-amanha\/"]}]},{"@type":"BreadcrumbList","@id":"https:\/\/www.estrategiaconcursos.com.br\/blog\/trf-2a-seguranca-e-transportes-questoes-comentadas-de-hoje-ate-amanha\/#breadcrumb","itemListElement":[{"@type":"ListItem","position":1,"name":"In\u00edcio","item":"https:\/\/www.estrategiaconcursos.com.br\/blog\/"},{"@type":"ListItem","position":2,"name":"TRF 2 &#8211; Seguran\u00e7a e Transportes &#8211; Quest\u00f5es Comentadas (de hoje at\u00e9 amanh\u00e3)! [MAIS DUAS CABEM RECURSO]"}]},{"@type":"WebSite","@id":"https:\/\/www.estrategiaconcursos.com.br\/blog\/#website","url":"https:\/\/www.estrategiaconcursos.com.br\/blog\/","name":"Estrat\u00e9gia Concursos","description":"O blog da Estrat\u00e9gia Concursos traz not\u00edcias sobre concursos e artigos de professores oferecendo cursos para concursos (pdf + videaulas) no site.","publisher":{"@id":"https:\/\/www.estrategiaconcursos.com.br\/blog\/#organization"},"potentialAction":[{"@type":"SearchAction","target":{"@type":"EntryPoint","urlTemplate":"https:\/\/www.estrategiaconcursos.com.br\/blog\/?s={search_term_string}"},"query-input":{"@type":"PropertyValueSpecification","valueRequired":true,"valueName":"search_term_string"}}],"inLanguage":"pt-BR"},{"@type":"Organization","@id":"https:\/\/www.estrategiaconcursos.com.br\/blog\/#organization","name":"Estrat\u00e9gia Concursos","url":"https:\/\/www.estrategiaconcursos.com.br\/blog\/","logo":{"@type":"ImageObject","inLanguage":"pt-BR","@id":"https:\/\/www.estrategiaconcursos.com.br\/blog\/#\/schema\/logo\/image\/","url":"https:\/\/dhg1h5j42swfq.cloudfront.net\/2025\/06\/03203428\/logo_concursos-1.jpg","contentUrl":"https:\/\/dhg1h5j42swfq.cloudfront.net\/2025\/06\/03203428\/logo_concursos-1.jpg","width":230,"height":60,"caption":"Estrat\u00e9gia Concursos"},"image":{"@id":"https:\/\/www.estrategiaconcursos.com.br\/blog\/#\/schema\/logo\/image\/"},"sameAs":["https:\/\/x.com\/EstratConcursos"]},{"@type":"Person","@id":"https:\/\/www.estrategiaconcursos.com.br\/blog\/#\/schema\/person\/6be195b7a02a8ca214472b848686bb37","name":"Marcos Gir\u00e3o","image":{"@type":"ImageObject","inLanguage":"pt-BR","@id":"https:\/\/secure.gravatar.com\/avatar\/ac5b9a36e2c99a8280e07b5763e3b764471d5b861c47521bfd2edffdfbb06fbd?s=96&d=mm&r=g","url":"https:\/\/secure.gravatar.com\/avatar\/ac5b9a36e2c99a8280e07b5763e3b764471d5b861c47521bfd2edffdfbb06fbd?s=96&d=mm&r=g","contentUrl":"https:\/\/secure.gravatar.com\/avatar\/ac5b9a36e2c99a8280e07b5763e3b764471d5b861c47521bfd2edffdfbb06fbd?s=96&d=mm&r=g","caption":"Marcos Gir\u00e3o"},"url":"https:\/\/www.estrategiaconcursos.com.br\/blog\/author\/marcosgiraoestrategiaconcursos-com-br\/"}]}},"_links":{"self":[{"href":"https:\/\/www.estrategiaconcursos.com.br\/blog\/wp-json\/wp\/v2\/posts\/66418","targetHints":{"allow":["GET"]}}],"collection":[{"href":"https:\/\/www.estrategiaconcursos.com.br\/blog\/wp-json\/wp\/v2\/posts"}],"about":[{"href":"https:\/\/www.estrategiaconcursos.com.br\/blog\/wp-json\/wp\/v2\/types\/post"}],"author":[{"embeddable":true,"href":"https:\/\/www.estrategiaconcursos.com.br\/blog\/wp-json\/wp\/v2\/users\/248"}],"replies":[{"embeddable":true,"href":"https:\/\/www.estrategiaconcursos.com.br\/blog\/wp-json\/wp\/v2\/comments?post=66418"}],"version-history":[{"count":45,"href":"https:\/\/www.estrategiaconcursos.com.br\/blog\/wp-json\/wp\/v2\/posts\/66418\/revisions"}],"predecessor-version":[{"id":66656,"href":"https:\/\/www.estrategiaconcursos.com.br\/blog\/wp-json\/wp\/v2\/posts\/66418\/revisions\/66656"}],"wp:attachment":[{"href":"https:\/\/www.estrategiaconcursos.com.br\/blog\/wp-json\/wp\/v2\/media?parent=66418"}],"wp:term":[{"taxonomy":"category","embeddable":true,"href":"https:\/\/www.estrategiaconcursos.com.br\/blog\/wp-json\/wp\/v2\/categories?post=66418"},{"taxonomy":"post_tag","embeddable":true,"href":"https:\/\/www.estrategiaconcursos.com.br\/blog\/wp-json\/wp\/v2\/tags?post=66418"},{"taxonomy":"tax_estado","embeddable":true,"href":"https:\/\/www.estrategiaconcursos.com.br\/blog\/wp-json\/wp\/v2\/tax_estado?post=66418"}],"curies":[{"name":"wp","href":"https:\/\/api.w.org\/{rel}","templated":true}]}}