{"id":66357,"date":"2017-03-06T12:12:16","date_gmt":"2017-03-06T15:12:16","guid":{"rendered":"https:\/\/www.estrategiaconcursos.com.br\/blog\/?p=66357"},"modified":"2017-03-16T10:59:50","modified_gmt":"2017-03-16T13:59:50","slug":"recurso-trf-2a-regiao-direito-processual-civil","status":"publish","type":"post","link":"https:\/\/www.estrategiaconcursos.com.br\/blog\/recurso-trf-2a-regiao-direito-processual-civil\/","title":{"rendered":"RECURSO TRF 2\u00aa Regi\u00e3o &#8211; Direito Processual Civil"},"content":{"rendered":"<p>\n\tRECURSO TRF 2&ordf; Regi&atilde;o &#8211; Direito Processual Civil\n<\/p>\n<p>\n\tAp&oacute;s a publica&ccedil;&atilde;o dos nossos coment&aacute;rios, v&aacute;rios alunos entraram em contato&nbsp;pedindo esclarecimento quanto &agrave; quest&atilde;o 24 (Prova Amarela) para o cargo de T&eacute;cnico Judici&aacute;rio &ndash; &Aacute;rea Administrativa.\n<\/p>\n<p>\n\tVejamos, primeiramente, a quest&atilde;o:\n<\/p>\n<p>\n\t&#8212;\n<\/p>\n<p style=\"margin-left: 40px;\">\n\t<strong>Quest&atilde;o 24 &ndash; TRF2&ordf; Regi&atilde;o &ndash; TJAA &ndash; 2017<\/strong>\n<\/p>\n<p style=\"margin-left: 40px;\">\n\t<em>O C&oacute;digo de Processo Civil de 2015 (Lei Federal n&ordm; 13.105\/2015) buscou combater o excesso de formalismo que existia nos diplomas processuais que o procederam, corroborando a m&aacute;xima doutrin&aacute;ria de que &ldquo;o processo n&atilde;o &eacute; um fim em si mesmo&rdquo;. Sobre o tema, assinale a alternativa correta.<\/em>\n<\/p>\n<p style=\"margin-left: 40px;\">\n\t<em>a) Podem as partes, independentemente da aquiesc&ecirc;ncia do juiz da causa, fixar calend&aacute;rio para a pr&aacute;tica de atos processuais.<\/em>\n<\/p>\n<p style=\"margin-left: 40px;\">\n\t<em>b) Antes de considerar inadmiss&iacute;vel o recurso, o relator conceder&aacute; o prazo de 5 (cinco) dias ao recorrente para que seja sanado v&iacute;cio ou complementada a documenta&ccedil;&atilde;o exig&iacute;vel.<\/em>\n<\/p>\n<p style=\"margin-left: 40px;\">\n\t<em>c) Caso verifique a ocorr&ecirc;ncia de v&iacute;cios san&aacute;veis ou de irregularidades no processo, o juiz determinar&aacute; sua corre&ccedil;&atilde;o em prazo nunca superior a dez dias.<\/em>\n<\/p>\n<p style=\"margin-left: 40px;\">\n\t<em>d) Verificando que a peti&ccedil;&atilde;o inicial n&atilde;o preenche os requisitos legais ou que apresenta defeitos e irregularidades capazes de dificultar o julgamento de m&eacute;rito, o juiz dever&aacute; indeferi-la e extinguir o processo sem resolu&ccedil;&atilde;o do m&eacute;rito.<\/em>\n<\/p>\n<p style=\"margin-left: 40px;\">\n\t<strong>Coment&aacute;rios<\/strong>\n<\/p>\n<p style=\"margin-left: 40px;\">\n\tA <strong>alternativa A<\/strong> est&aacute; incorreta, pois o juiz participar&aacute; do calend&aacute;rio procedimental, devendo ser homologado pelo juiz para que possa produzir efeitos, tal como se extrai da leitura do art. 191, do NCPC.\n<\/p>\n<p style=\"margin-left: 40px;\">\n\tA <strong>alternativa B<\/strong> est&aacute; correta e &eacute; o gabarito da quest&atilde;o. Note que alternativa representa exatamente o que prev&ecirc; o par&aacute;grafo &uacute;nico do art. 932 do NCPC:\n<\/p>\n<p style=\"margin-left: 40px;\">\n\t<em>Par&aacute;grafo &uacute;nico. Antes de considerar inadmiss&iacute;vel o recurso, o relator conceder&aacute; o prazo de 5 (cinco) dias ao recorrente para que seja sanado v&iacute;cio ou complementada a documenta&ccedil;&atilde;o exig&iacute;vel.<\/em>\n<\/p>\n<p style=\"margin-left: 40px;\">\n\tA <strong>alternativa C<\/strong> est&aacute; incorreta, pois o prazo par retifica&ccedil;&atilde;o de irregularidades ou v&iacute;cios san&aacute;veis n&atilde;o podem ser superiores a 30 dias, tal como estabelece o art. 352, do NCPC.\n<\/p>\n<p style=\"margin-left: 40px;\">\n\tA <strong>alternativa D<\/strong> est&aacute; incorreta, pois antes de extinguir o processo sem julgamento do m&eacute;rito, o juiz deve viabilizar &agrave; parte a possibilidade de retirar o v&iacute;cio. Apenas se o autor n&atilde;o efetuar a corre&ccedil;&atilde;o do v&iacute;cio ou irregularidade no prazo assinalado &eacute; que o juiz extinguir&aacute; o processo sem an&aacute;lise do m&eacute;rito.\n<\/p>\n<p>\n\t&#8212;\n<\/p>\n<p>\n\tEm um primeiro momento, entendemos n&atilde;o haver possibilidade de recursos quanto ao conte&uacute;do. Veja aqui os coment&aacute;rios das&nbsp;quest&otilde;es:\n<\/p>\n<blockquote class=\"wp-embedded-content\" data-secret=\"jsEXgMebok\"><p><a href=\"https:\/\/www.estrategiaconcursos.com.br\/blog\/comentarios-prova-de-direito-processual-civil-trf-2a-regiao\/\">Coment\u00e1rios \u00e0 prova de Direito Processual Civil &#8211; TRF 2\u00aa Regi\u00e3o<\/a><\/p><\/blockquote>\n<p><iframe loading=\"lazy\" class=\"wp-embedded-content\" sandbox=\"allow-scripts\" security=\"restricted\" style=\"position: absolute; clip: rect(1px, 1px, 1px, 1px);\" title=\"&#8220;Coment\u00e1rios \u00e0 prova de Direito Processual Civil &#8211; TRF 2\u00aa Regi\u00e3o&#8221; &#8212; Estrat\u00e9gia Concursos\" src=\"https:\/\/www.estrategiaconcursos.com.br\/blog\/comentarios-prova-de-direito-processual-civil-trf-2a-regiao\/embed\/#?secret=xQln8WPjmT#?secret=jsEXgMebok\" data-secret=\"jsEXgMebok\" width=\"500\" height=\"282\" frameborder=\"0\" marginwidth=\"0\" marginheight=\"0\" scrolling=\"no\"><\/iframe>\n<\/p>\n<p>\n\tContudo, vejamos a ementa de Direito Processual Civil da CONSUPLAN:\n<\/p>\n<p>\n\t<a href=\"https:\/\/dhg1h5j42swfq.cloudfront.net\/2017\/03\/06114243\/Capturar.jpg\"><img loading=\"lazy\" decoding=\"async\" alt=\"\" class=\"aligncenter size-full wp-image-66358\" height=\"400\" src=\"https:\/\/dhg1h5j42swfq.cloudfront.net\/2017\/03\/06114243\/Capturar.jpg\" width=\"1077\" srcset=\"https:\/\/dhg1h5j42swfq.cloudfront.net\/2017\/03\/06114243\/Capturar.jpg 1077w, https:\/\/dhg1h5j42swfq.cloudfront.net\/2017\/03\/06114243\/Capturar.jpg 300w, https:\/\/dhg1h5j42swfq.cloudfront.net\/2017\/03\/06114243\/Capturar.jpg 768w, https:\/\/dhg1h5j42swfq.cloudfront.net\/2017\/03\/06114243\/Capturar.jpg 1024w, https:\/\/dhg1h5j42swfq.cloudfront.net\/2017\/03\/06114243\/Capturar.jpg 500w\" sizes=\"auto, (max-width: 1077px) 100vw, 1077px\" \/><\/a>\n<\/p>\n<p>\n\tVerticalizando a ementa, temos:\n<\/p>\n<p style=\"margin-left: 40px;\">\n\t<strong>NO&Ccedil;&Otilde;ES DE DIREITO PROCESSUAL CIVIL:<\/strong>\n<\/p>\n<p style=\"margin-left: 40px;\">\n\t1) Sujeitos do Processo: Das Partes e dos Procuradores.\n<\/p>\n<p style=\"margin-left: 40px;\">\n\t2) Do Juiz e dos Auxiliares da Justi&ccedil;a: Chefe de Secretaria, Oficial de Justi&ccedil;a, Perito, Deposit&aacute;rio, Administrador, Interprete, Tradutor, Conciliadores e Mediadores Judiciais (deveres, responsabilidades, suspei&ccedil;&atilde;o e impedimento).\n<\/p>\n<p style=\"margin-left: 40px;\">\n\t3) Atos Processuais: forma, tempo, lugar e prazos processuais.\n<\/p>\n<p style=\"margin-left: 40px;\">\n\t4) Preclus&atilde;o.\n<\/p>\n<p style=\"margin-left: 40px;\">\n\t5) Comunica&ccedil;&atilde;o dos atos processuais: Cita&ccedil;&atilde;o, Cartas, intima&ccedil;&atilde;o e notifica&ccedil;&atilde;o (conceito, forma, requisitos, esp&eacute;cies).\n<\/p>\n<p style=\"margin-left: 40px;\">\n\t6) Nulidades.\n<\/p>\n<p style=\"margin-left: 40px;\">\n\t7) Distribui&ccedil;&atilde;o e registro.\n<\/p>\n<p style=\"margin-left: 40px;\">\n\t8) Tutela Provis&oacute;ria: disposi&ccedil;&otilde;es gerais, tutela de urg&ecirc;ncia, tutela da evid&ecirc;ncia.\n<\/p>\n<p style=\"margin-left: 40px;\">\n\t9) Da Senten&ccedil;a e da Coisa Julgada.\n<\/p>\n<p style=\"margin-left: 40px;\">\n\t10) Recursos: disposi&ccedil;&otilde;es gerais.\n<\/p>\n<p style=\"margin-left: 40px;\">\n\t11) Restaura&ccedil;&atilde;o dos Autos.\n<\/p>\n<p style=\"margin-left: 40px;\">\n\t12) Lei do Processo Judicial Eletr&ocirc;nico: Lei n&ordm; 11.419\/2006.\n<\/p>\n<p style=\"margin-left: 40px;\">\n\t13) Lei dos Juizados Especiais Federais: Lei n&ordm; 10.259\/2001 e Lei n&ordm; 9.099\/1995.\n<\/p>\n<p>\n\tTivemos um total de 13 itens, dos quais 11 deles estavam localizados no Novo C&oacute;digo de Processo Civil.\n<\/p>\n<p>\n\tNote que em alguns dos pontos d NCPC cont&eacute;m uma limita&ccedil;&atilde;o do conte&uacute;do. Por exemplo, em rela&ccedil;&atilde;o ao tema &ldquo;Recursos&rdquo;, que est&aacute; no T&iacute;tulo II do Livro III entre os arts. 994 a 1.044, o examinador cobrou apenas a parte relativa &agrave;s disposi&ccedil;&otilde;es gerais (arts. 994 a 1.008).\n<\/p>\n<p>\n\tA utiliza&ccedil;&atilde;o dos &ldquo;dois pontos&rdquo; delimita que, dentro da parte de recursos ser&atilde;o cobrados apenas os t&oacute;picos atinentes &agrave;s disposi&ccedil;&otilde;es preliminares.\n<\/p>\n<p>\n\tA t&iacute;tulo de esclarecimento, registre-se que o assunto &ldquo;Recurso&rdquo; &eacute; um dos t&iacute;tulo do Livro III, que trata &ldquo;Dos Processos nos Tribunais e dos Meios de Impugna&ccedil;&atilde;o das Decis&otilde;es Judiciais&rdquo;.\n<\/p>\n<p>\n\tCom base nisso, marcamos em vermelho o que o examinador disse que iria cobrar na prova de t&eacute;cnico judici&aacute;rio &ndash; &aacute;rea administrativa (TJAA) do TRF da 2&ordf; Regi&atilde;o:\n<\/p>\n<p>\n\t&#8212;\n<\/p>\n<p style=\"margin-left: 80px;\">\n\t<span style=\"font-size:10px;\"><em>PARTE GERAL<\/em><\/span>\n<\/p>\n<p style=\"margin-left: 80px;\">\n\t<span style=\"font-size:10px;\"><em>LIVRO I &#8211; Das Normas Processuais Civis<\/em><\/span>\n<\/p>\n<p style=\"margin-left: 80px;\">\n\t<span style=\"font-size:10px;\"><em>T&iacute;tulo &Uacute;nico &#8211; Das Normas Fundamentais e da Aplica&ccedil;&atilde;o das Normas Processuais<\/em><\/span>\n<\/p>\n<p style=\"margin-left: 80px;\">\n\t<span style=\"font-size:10px;\"><em>Cap&iacute;tulo I &#8211; Das Normas Fundamentais do Processo Civil &ndash; arts. 1.&ordm; a 12<\/em><\/span>\n<\/p>\n<p style=\"margin-left: 80px;\">\n\t<span style=\"font-size:10px;\"><em>Cap&iacute;tulo II &#8211; Da Aplica&ccedil;&atilde;o das Normas Processuais &ndash; arts. 13 a 15<\/em><\/span>\n<\/p>\n<p style=\"margin-left: 80px;\">\n\t<span style=\"font-size:10px;\"><em>LIVRO II &#8211; Da Fun&ccedil;&atilde;o Jurisdicional<\/em><\/span>\n<\/p>\n<p style=\"margin-left: 80px;\">\n\t<span style=\"font-size:10px;\"><em>T&iacute;tulo I &#8211; Da Jurisdi&ccedil;&atilde;o e da A&ccedil;&atilde;o &ndash; arts. 16 a 20<\/em><\/span>\n<\/p>\n<p style=\"margin-left: 80px;\">\n\t<span style=\"font-size:10px;\"><em>T&iacute;tulo II &#8211; Dos Limites da Jurisdi&ccedil;&atilde;o Nacional e da Coopera&ccedil;&atilde;o Internacional<\/em><\/span>\n<\/p>\n<p style=\"margin-left: 80px;\">\n\t<span style=\"font-size:10px;\"><em>Cap&iacute;tulo I &#8211; Dos Limites da Jurisdi&ccedil;&atilde;o Nacional &ndash; arts. 21 a 25<\/em><\/span>\n<\/p>\n<p style=\"margin-left: 80px;\">\n\t<span style=\"font-size:10px;\"><em>Cap&iacute;tulo II &#8211; Da Coopera&ccedil;&atilde;o Internacional<\/em><\/span>\n<\/p>\n<p style=\"margin-left: 80px;\">\n\t<span style=\"font-size:10px;\"><em>Se&ccedil;&atilde;o I &#8211; Disposi&ccedil;&otilde;es Gerais &ndash; arts. 26 e 27<\/em><\/span>\n<\/p>\n<p style=\"margin-left: 80px;\">\n\t<span style=\"font-size:10px;\"><em>Se&ccedil;&atilde;o II &#8211; Do Aux&iacute;lio Direto &ndash; arts. 28 a 34<\/em><\/span>\n<\/p>\n<p style=\"margin-left: 80px;\">\n\t<span style=\"font-size:10px;\"><em>Se&ccedil;&atilde;o III &#8211; Da Carta Rogat&oacute;ria &ndash; arts. 35 e 36<\/em><\/span>\n<\/p>\n<p style=\"margin-left: 80px;\">\n\t<span style=\"font-size:10px;\"><em>Se&ccedil;&atilde;o IV &#8211; Disposi&ccedil;&otilde;es Comuns &agrave;s Se&ccedil;&otilde;es Anteriores &ndash; arts. 37 a 41<\/em><\/span>\n<\/p>\n<p style=\"margin-left: 80px;\">\n\t<span style=\"font-size:10px;\"><em>T&iacute;tulo III &#8211; Da Compet&ecirc;ncia Interna<\/em><\/span>\n<\/p>\n<p style=\"margin-left: 80px;\">\n\t<span style=\"font-size:10px;\"><em>Cap&iacute;tulo I &#8211; Da Compet&ecirc;ncia<\/em><\/span>\n<\/p>\n<p style=\"margin-left: 80px;\">\n\t<span style=\"font-size:10px;\"><em>Se&ccedil;&atilde;o I &#8211; Disposi&ccedil;&otilde;es Gerais &ndash; arts. 42 a 53<\/em><\/span>\n<\/p>\n<p style=\"margin-left: 80px;\">\n\t<span style=\"font-size:10px;\"><em>Se&ccedil;&atilde;o II &#8211; Da Modifica&ccedil;&atilde;o da Compet&ecirc;ncia &ndash; arts. 54 a 63<\/em><\/span>\n<\/p>\n<p style=\"margin-left: 80px;\">\n\t<span style=\"font-size:10px;\"><em>Se&ccedil;&atilde;o III &#8211; Da Incompet&ecirc;ncia &ndash; arts. 64 a 66<\/em><\/span>\n<\/p>\n<p style=\"margin-left: 80px;\">\n\t<span style=\"font-size:10px;\"><em>Cap&iacute;tulo II &#8211; Da Coopera&ccedil;&atilde;o Nacional &ndash; arts. 67 a 69<\/em><\/span>\n<\/p>\n<p style=\"margin-left: 80px;\">\n\t<span style=\"color:#FF0000;\"><span style=\"font-size:10px;\"><em><strong>LIVRO III &#8211; Dos Sujeitos do Processo<\/strong><\/em><\/span><\/span>\n<\/p>\n<p style=\"margin-left: 80px;\">\n\t<span style=\"color:#FF0000;\"><span style=\"font-size:10px;\"><em><strong>T&iacute;tulo I &#8211; Das Partes e dos Procuradores<\/strong><\/em><\/span><\/span>\n<\/p>\n<p style=\"margin-left: 80px;\">\n\t<span style=\"color:#FF0000;\"><span style=\"font-size:10px;\"><em><strong>Cap&iacute;tulo I &#8211; Da Capacidade Processual &ndash; arts. 70 a 76<\/strong><\/em><\/span><\/span>\n<\/p>\n<p style=\"margin-left: 80px;\">\n\t<span style=\"color:#FF0000;\"><span style=\"font-size:10px;\"><em><strong>Cap&iacute;tulo II &#8211; Dos Deveres das Partes e de seus Procuradores<\/strong><\/em><\/span><\/span>\n<\/p>\n<p style=\"margin-left: 80px;\">\n\t<span style=\"color:#FF0000;\"><span style=\"font-size:10px;\"><em><strong>Se&ccedil;&atilde;o I &#8211; Dos Deveres &ndash; arts. 77 e 78<\/strong><\/em><\/span><\/span>\n<\/p>\n<p style=\"margin-left: 80px;\">\n\t<span style=\"color:#FF0000;\"><span style=\"font-size:10px;\"><em><strong>Se&ccedil;&atilde;o II &#8211; Da Responsabilidade das Partes por Dano Processual &ndash; arts. 79 a 81<\/strong><\/em><\/span><\/span>\n<\/p>\n<p style=\"margin-left: 80px;\">\n\t<span style=\"color:#FF0000;\"><span style=\"font-size:10px;\"><em><strong>Se&ccedil;&atilde;o III &#8211; Das Despesas, dos Honor&aacute;rios Advocat&iacute;cios e das Multas &ndash; arts. 82 a 97<\/strong><\/em><\/span><\/span>\n<\/p>\n<p style=\"margin-left: 80px;\">\n\t<span style=\"color:#FF0000;\"><span style=\"font-size:10px;\"><em><strong>Se&ccedil;&atilde;o IV &#8211; Da Gratuidade da Justi&ccedil;a &ndash; arts. 98 a 102<\/strong><\/em><\/span><\/span>\n<\/p>\n<p style=\"margin-left: 80px;\">\n\t<span style=\"color:#FF0000;\"><span style=\"font-size:10px;\"><em><strong>Cap&iacute;tulo III &#8211; Dos Procuradores &ndash; arts. 103 a 107<\/strong><\/em><\/span><\/span>\n<\/p>\n<p style=\"margin-left: 80px;\">\n\t<span style=\"color:#FF0000;\"><span style=\"font-size:10px;\"><em><strong>Cap&iacute;tulo IV &#8211; Da Sucess&atilde;o das Partes e dos Procuradores &ndash; arts. 108 a 112<\/strong><\/em><\/span><\/span>\n<\/p>\n<p style=\"margin-left: 80px;\">\n\t<span style=\"font-size:10px;\"><em>T&iacute;tulo II &#8211; Do Litiscons&oacute;rcio &ndash; arts. 113 a 118<\/em><\/span>\n<\/p>\n<p style=\"margin-left: 80px;\">\n\t<span style=\"font-size:10px;\"><em>T&iacute;tulo III &#8211; Da Interven&ccedil;&atilde;o de Terceiros<\/em><\/span>\n<\/p>\n<p style=\"margin-left: 80px;\">\n\t<span style=\"font-size:10px;\"><em>Cap&iacute;tulo I &#8211; Da Assist&ecirc;ncia<\/em><\/span>\n<\/p>\n<p style=\"margin-left: 80px;\">\n\t<span style=\"font-size:10px;\"><em>Se&ccedil;&atilde;o I &#8211; Disposi&ccedil;&otilde;es Comuns &ndash; arts. 119 e 120<\/em><\/span>\n<\/p>\n<p style=\"margin-left: 80px;\">\n\t<span style=\"font-size:10px;\"><em>Se&ccedil;&atilde;o II &#8211; Da Assist&ecirc;ncia Simples &ndash; arts. 121 a 123<\/em><\/span>\n<\/p>\n<p style=\"margin-left: 80px;\">\n\t<span style=\"font-size:10px;\"><em>Se&ccedil;&atilde;o III &#8211; Da Assist&ecirc;ncia Litisconsorcial &ndash; art. 124<\/em><\/span>\n<\/p>\n<p style=\"margin-left: 80px;\">\n\t<span style=\"font-size:10px;\"><em>Cap&iacute;tulo II &#8211; Da Denuncia&ccedil;&atilde;o da Lide &ndash; arts. 125 a 129<\/em><\/span>\n<\/p>\n<p style=\"margin-left: 80px;\">\n\t<span style=\"font-size:10px;\"><em>Cap&iacute;tulo III &#8211; Do Chamamento ao Processo &ndash; arts. 130 a 132<\/em><\/span>\n<\/p>\n<p style=\"margin-left: 80px;\">\n\t<span style=\"font-size:10px;\"><em>Cap&iacute;tulo IV &#8211; Do Incidente de Desconsidera&ccedil;&atilde;o da Personalidade Jur&iacute;dica &ndash; arts. 133 a 137<\/em><\/span>\n<\/p>\n<p style=\"margin-left: 80px;\">\n\t<span style=\"font-size:10px;\"><em>Cap&iacute;tulo V &#8211; Do Amicus Curiae &ndash; art. 138<\/em><\/span>\n<\/p>\n<p style=\"margin-left: 80px;\">\n\t<span style=\"color:#FF0000;\"><span style=\"font-size:10px;\"><em><strong>T&iacute;tulo IV &#8211; Do Juiz e dos Auxiliares da Justi&ccedil;a<\/strong><\/em><\/span><\/span>\n<\/p>\n<p style=\"margin-left: 80px;\">\n\t<span style=\"color:#FF0000;\"><span style=\"font-size:10px;\"><em><strong>Cap&iacute;tulo I &#8211; Dos Poderes, dos Deveres e da Responsabilidade do Juiz &ndash; arts. 139 a 143<\/strong><\/em><\/span><\/span>\n<\/p>\n<p style=\"margin-left: 80px;\">\n\t<span style=\"color:#FF0000;\"><span style=\"font-size:10px;\"><em><strong>Cap&iacute;tulo II &#8211; Dos Impedimentos e da Suspei&ccedil;&atilde;o &ndash; arts. 144 a 148<\/strong><\/em><\/span><\/span>\n<\/p>\n<p style=\"margin-left: 80px;\">\n\t<span style=\"color:#FF0000;\"><span style=\"font-size:10px;\"><em><strong>Cap&iacute;tulo III &#8211; Dos Auxiliares da Justi&ccedil;a &ndash; art. 149<\/strong><\/em><\/span><\/span>\n<\/p>\n<p style=\"margin-left: 80px;\">\n\t<span style=\"color:#FF0000;\"><span style=\"font-size:10px;\"><em><strong>Se&ccedil;&atilde;o I &#8211; Do Escriv&atilde;o, do Chefe de Secretaria e do Oficial de Justi&ccedil;a &ndash; arts. 150 a 155<\/strong><\/em><\/span><\/span>\n<\/p>\n<p style=\"margin-left: 80px;\">\n\t<span style=\"color:#FF0000;\"><span style=\"font-size:10px;\"><em><strong>Se&ccedil;&atilde;o II &#8211; Do Perito &ndash; arts. 156 a 158<\/strong><\/em><\/span><\/span>\n<\/p>\n<p style=\"margin-left: 80px;\">\n\t<span style=\"color:#FF0000;\"><span style=\"font-size:10px;\"><em><strong>Se&ccedil;&atilde;o III &#8211; Do Deposit&aacute;rio e do Administrador &ndash; arts. 159 a 161<\/strong><\/em><\/span><\/span>\n<\/p>\n<p style=\"margin-left: 80px;\">\n\t<span style=\"color:#FF0000;\"><span style=\"font-size:10px;\"><em><strong>Se&ccedil;&atilde;o IV &#8211; Do Int&eacute;rprete e do Tradutor &ndash; arts. 162 a 164<\/strong><\/em><\/span><\/span>\n<\/p>\n<p style=\"margin-left: 80px;\">\n\t<span style=\"color:#FF0000;\"><span style=\"font-size:10px;\"><em><strong>Se&ccedil;&atilde;o V &#8211; Dos Conciliadores e Mediadores Judiciais &ndash; arts. 165 a 175<\/strong><\/em><\/span><\/span>\n<\/p>\n<p style=\"margin-left: 80px;\">\n\t<span style=\"font-size:10px;\"><em>T&iacute;tulo V &#8211; Do Minist&eacute;rio P&uacute;blico &ndash; arts. 176 a 181<\/em><\/span>\n<\/p>\n<p style=\"margin-left: 80px;\">\n\t<span style=\"font-size:10px;\"><em>T&iacute;tulo VI &#8211; Da Advocacia P&uacute;blica &ndash; arts. 182 a 184<\/em><\/span>\n<\/p>\n<p style=\"margin-left: 80px;\">\n\t<span style=\"font-size:10px;\"><em>T&iacute;tulo VII &#8211; Da Defensoria P&uacute;blica &ndash; arts. 185 a 187<\/em><\/span>\n<\/p>\n<p style=\"margin-left: 80px;\">\n\t<span style=\"color:#FF0000;\"><span style=\"font-size:10px;\"><em><strong>LIVRO IV &#8211; Dos Atos Processuais<\/strong><\/em><\/span><\/span>\n<\/p>\n<p style=\"margin-left: 80px;\">\n\t<span style=\"color:#FF0000;\"><span style=\"font-size:10px;\"><em><strong>T&iacute;tulo I &#8211; Da Forma, do Tempo e do Lugar dos Atos Processuais<\/strong><\/em><\/span><\/span>\n<\/p>\n<p style=\"margin-left: 80px;\">\n\t<span style=\"color:#FF0000;\"><span style=\"font-size:10px;\"><em><strong>Cap&iacute;tulo I &#8211; Da Forma dos Atos Processuais<\/strong><\/em><\/span><\/span>\n<\/p>\n<p style=\"margin-left: 80px;\">\n\t<span style=\"color:#FF0000;\"><span style=\"font-size:10px;\"><em><strong>Se&ccedil;&atilde;o I &#8211; Dos Atos em Geral &ndash; arts. 188 a 192<\/strong><\/em><\/span><\/span>\n<\/p>\n<p style=\"margin-left: 80px;\">\n\t<span style=\"color:#FF0000;\"><span style=\"font-size:10px;\"><em><strong>Se&ccedil;&atilde;o II &#8211; Da Pr&aacute;tica Eletr&ocirc;nica de Atos Processuais &ndash; arts. 193 a 199<\/strong><\/em><\/span><\/span>\n<\/p>\n<p style=\"margin-left: 80px;\">\n\t<span style=\"color:#FF0000;\"><span style=\"font-size:10px;\"><em><strong>Se&ccedil;&atilde;o III &#8211; Dos Atos das Partes &ndash; arts. 200 a 202<\/strong><\/em><\/span><\/span>\n<\/p>\n<p style=\"margin-left: 80px;\">\n\t<span style=\"color:#FF0000;\"><span style=\"font-size:10px;\"><em><strong>Se&ccedil;&atilde;o IV &#8211; Dos Pronunciamentos do Juiz &ndash; arts. 203 a 205<\/strong><\/em><\/span><\/span>\n<\/p>\n<p style=\"margin-left: 80px;\">\n\t<span style=\"color:#FF0000;\"><span style=\"font-size:10px;\"><em><strong>Se&ccedil;&atilde;o V &#8211; Dos Atos do Escriv&atilde;o ou do Chefe de Secretaria &ndash; arts. 206 a 211<\/strong><\/em><\/span><\/span>\n<\/p>\n<p style=\"margin-left: 80px;\">\n\t<span style=\"color:#FF0000;\"><span style=\"font-size:10px;\"><em><strong>Cap&iacute;tulo II &#8211; Do Tempo e do Lugar dos Atos Processuais<\/strong><\/em><\/span><\/span>\n<\/p>\n<p style=\"margin-left: 80px;\">\n\t<span style=\"color:#FF0000;\"><span style=\"font-size:10px;\"><em><strong>Se&ccedil;&atilde;o I &#8211; Do Tempo &ndash; arts. 212 a 216<\/strong><\/em><\/span><\/span>\n<\/p>\n<p style=\"margin-left: 80px;\">\n\t<span style=\"color:#FF0000;\"><span style=\"font-size:10px;\"><em><strong>Se&ccedil;&atilde;o II &#8211; Do Lugar &ndash; art. 217<\/strong><\/em><\/span><\/span>\n<\/p>\n<p style=\"margin-left: 80px;\">\n\t<span style=\"color:#FF0000;\"><span style=\"font-size:10px;\"><em><strong>Cap&iacute;tulo III &#8211; Dos Prazos<\/strong><\/em><\/span><\/span>\n<\/p>\n<p style=\"margin-left: 80px;\">\n\t<span style=\"color:#FF0000;\"><span style=\"font-size:10px;\"><em><strong>Se&ccedil;&atilde;o I &#8211; Disposi&ccedil;&otilde;es Gerais &ndash; arts. 218 a 232<\/strong><\/em><\/span><\/span>\n<\/p>\n<p style=\"margin-left: 80px;\">\n\t<span style=\"color:#FF0000;\"><span style=\"font-size:10px;\"><em><strong>Se&ccedil;&atilde;o II &#8211; Da Verifica&ccedil;&atilde;o dos Prazos e das Penalidades &ndash; arts. 233 a 235<\/strong><\/em><\/span><\/span>\n<\/p>\n<p style=\"margin-left: 80px;\">\n\t<span style=\"color:#FF0000;\"><span style=\"font-size:10px;\"><em><strong>T&iacute;tulo II &#8211; Da Comunica&ccedil;&atilde;o dos Atos Processuais<\/strong><\/em><\/span><\/span>\n<\/p>\n<p style=\"margin-left: 80px;\">\n\t<span style=\"color:#FF0000;\"><span style=\"font-size:10px;\"><em><strong>Cap&iacute;tulo I &#8211; Disposi&ccedil;&otilde;es Gerais &ndash; arts. 236 e 237<\/strong><\/em><\/span><\/span>\n<\/p>\n<p style=\"margin-left: 80px;\">\n\t<span style=\"color:#FF0000;\"><span style=\"font-size:10px;\"><em><strong>Cap&iacute;tulo II &#8211; Da Cita&ccedil;&atilde;o &ndash; arts. 238 a 259<\/strong><\/em><\/span><\/span>\n<\/p>\n<p style=\"margin-left: 80px;\">\n\t<span style=\"color:#FF0000;\"><span style=\"font-size:10px;\"><em><strong>Cap&iacute;tulo III &#8211; Das Cartas &ndash; arts. 260 a 268<\/strong><\/em><\/span><\/span>\n<\/p>\n<p style=\"margin-left: 80px;\">\n\t<span style=\"color:#FF0000;\"><span style=\"font-size:10px;\"><em><strong>Cap&iacute;tulo IV &#8211; Das Intima&ccedil;&otilde;es &ndash; arts. 269 a 275<\/strong><\/em><\/span><\/span>\n<\/p>\n<p style=\"margin-left: 80px;\">\n\t<span style=\"color:#FF0000;\"><span style=\"font-size:10px;\"><em><strong>T&iacute;tulo III &#8211; Das Nulidades &ndash; arts. 276 a 283<\/strong><\/em><\/span><\/span>\n<\/p>\n<p style=\"margin-left: 80px;\">\n\t<span style=\"color:#FF0000;\"><span style=\"font-size:10px;\"><em><strong>T&iacute;tulo IV &#8211; Da Distribui&ccedil;&atilde;o e do Registro &ndash; arts. 284 a 290<\/strong><\/em><\/span><\/span>\n<\/p>\n<p style=\"margin-left: 80px;\">\n\t<span style=\"font-size:10px;\"><em>T&iacute;tulo V &#8211; Do Valor da Causa &ndash; arts. 291 a 293<\/em><\/span>\n<\/p>\n<p style=\"margin-left: 80px;\">\n\t<span style=\"color:#FF0000;\"><span style=\"font-size:10px;\"><em><strong>LIVRO V &#8211; Da Tutela Provis&oacute;ria<\/strong><\/em><\/span><\/span>\n<\/p>\n<p style=\"margin-left: 80px;\">\n\t<span style=\"color:#FF0000;\"><span style=\"font-size:10px;\"><em><strong>T&iacute;tulo I &#8211; Disposi&ccedil;&otilde;es Gerais &ndash; arts. 294 a 299<\/strong><\/em><\/span><\/span>\n<\/p>\n<p style=\"margin-left: 80px;\">\n\t<span style=\"color:#FF0000;\"><span style=\"font-size:10px;\"><em><strong>T&iacute;tulo II &#8211; Da Tutela de Urg&ecirc;ncia<\/strong><\/em><\/span><\/span>\n<\/p>\n<p style=\"margin-left: 80px;\">\n\t<span style=\"color:#FF0000;\"><span style=\"font-size:10px;\"><em><strong>Cap&iacute;tulo I &#8211; Disposi&ccedil;&otilde;es Gerais &ndash; arts. 300 a 302<\/strong><\/em><\/span><\/span>\n<\/p>\n<p style=\"margin-left: 80px;\">\n\t<span style=\"color:#FF0000;\"><span style=\"font-size:10px;\"><em><strong>Cap&iacute;tulo II &#8211; Do Procedimento da Tutela Antecipada Requerida em Car&aacute;ter Antecedente &ndash; arts. 303 e 304<\/strong><\/em><\/span><\/span>\n<\/p>\n<p style=\"margin-left: 80px;\">\n\t<span style=\"color:#FF0000;\"><span style=\"font-size:10px;\"><em><strong>Cap&iacute;tulo III &#8211; Do Procedimento da Tutela Cautelar Requerida em Car&aacute;ter Antecedente &ndash; arts. 305 a 310<\/strong><\/em><\/span><\/span>\n<\/p>\n<p style=\"margin-left: 80px;\">\n\t<span style=\"color:#FF0000;\"><span style=\"font-size:10px;\"><em><strong>T&iacute;tulo III &#8211; Da Tutela da Evid&ecirc;ncia &ndash; art. 311<\/strong><\/em><\/span><\/span>\n<\/p>\n<p style=\"margin-left: 80px;\">\n\t<span style=\"font-size:10px;\"><em>LIVRO VI &#8211; Da Forma&ccedil;&atilde;o, da Suspens&atilde;o e da Extin&ccedil;&atilde;o do Processo<\/em><\/span>\n<\/p>\n<p style=\"margin-left: 80px;\">\n\t<span style=\"font-size:10px;\"><em>T&iacute;tulo I &#8211; Da Forma&ccedil;&atilde;o do Processo &ndash; art. 312<\/em><\/span>\n<\/p>\n<p style=\"margin-left: 80px;\">\n\t<span style=\"font-size:10px;\"><em>T&iacute;tulo II &#8211; Da Suspens&atilde;o do Processo &ndash; arts. 313 a 315<\/em><\/span>\n<\/p>\n<p style=\"margin-left: 80px;\">\n\t<span style=\"font-size:10px;\"><em>T&iacute;tulo III &#8211; Da Extin&ccedil;&atilde;o do Processo &ndash; arts. 316 e 137<\/em><\/span>\n<\/p>\n<p style=\"margin-left: 80px;\">\n\t<span style=\"font-size:10px;\"><em>PARTE ESPECIAL<\/em><\/span>\n<\/p>\n<p style=\"margin-left: 80px;\">\n\t<span style=\"font-size:10px;\"><em>LIVRO I &#8211; Do Processo de Conhecimento e do Cumprimento de Senten&ccedil;a<\/em><\/span>\n<\/p>\n<p style=\"margin-left: 80px;\">\n\t<span style=\"font-size:10px;\"><em>T&iacute;tulo I &#8211; Do Procedimento Comum<\/em><\/span>\n<\/p>\n<p style=\"margin-left: 80px;\">\n\t<span style=\"font-size:10px;\"><em>Cap&iacute;tulo I &#8211; Disposi&ccedil;&otilde;es Gerais &ndash; art. 318<\/em><\/span>\n<\/p>\n<p style=\"margin-left: 80px;\">\n\t<span style=\"font-size:10px;\"><em>Cap&iacute;tulo II &#8211; Da Peti&ccedil;&atilde;o Inicial<\/em><\/span>\n<\/p>\n<p style=\"margin-left: 80px;\">\n\t<span style=\"font-size:10px;\"><em>Se&ccedil;&atilde;o I &#8211; Dos Requisitos da Peti&ccedil;&atilde;o Inicial &ndash; arts. 319 a 321<\/em><\/span>\n<\/p>\n<p style=\"margin-left: 80px;\">\n\t<span style=\"font-size:10px;\"><em>Se&ccedil;&atilde;o II &#8211; Do Pedido &ndash; arts. 322 a 329<\/em><\/span>\n<\/p>\n<p style=\"margin-left: 80px;\">\n\t<span style=\"font-size:10px;\"><em>Se&ccedil;&atilde;o III &#8211; Do Indeferimento da Peti&ccedil;&atilde;o Inicial &ndash; arts. 330 e 331<\/em><\/span>\n<\/p>\n<p style=\"margin-left: 80px;\">\n\t<span style=\"font-size:10px;\"><em>Cap&iacute;tulo III &#8211; Improced&ecirc;ncia Liminar do Pedido &ndash; art. 332<\/em><\/span>\n<\/p>\n<p style=\"margin-left: 80px;\">\n\t<span style=\"font-size:10px;\"><em>Cap&iacute;tulo IV &#8211; Da Convers&atilde;o da A&ccedil;&atilde;o Individual em A&ccedil;&atilde;o Coletiva &ndash; art. 333<\/em><\/span>\n<\/p>\n<p style=\"margin-left: 80px;\">\n\t<span style=\"font-size:10px;\"><em>Cap&iacute;tulo V &#8211; Da Audi&ecirc;ncia de Concilia&ccedil;&atilde;o ou de Media&ccedil;&atilde;o &ndash; art. 334<\/em><\/span>\n<\/p>\n<p style=\"margin-left: 80px;\">\n\t<span style=\"font-size:10px;\"><em>Cap&iacute;tulo VI &#8211; Da Contesta&ccedil;&atilde;o &ndash; arts. 335 a 342<\/em><\/span>\n<\/p>\n<p style=\"margin-left: 80px;\">\n\t<span style=\"font-size:10px;\"><em>Cap&iacute;tulo VII &#8211; Da Reconven&ccedil;&atilde;o &ndash; art. 343<\/em><\/span>\n<\/p>\n<p style=\"margin-left: 80px;\">\n\t<span style=\"font-size:10px;\"><em>Cap&iacute;tulo VIII &#8211; Da Revelia &ndash; arts. 344 a 346<\/em><\/span>\n<\/p>\n<p style=\"margin-left: 80px;\">\n\t<span style=\"font-size:10px;\"><em>Cap&iacute;tulo IX &#8211; Das Provid&ecirc;ncias Preliminares e do Saneamento &ndash; art. 347<\/em><\/span>\n<\/p>\n<p style=\"margin-left: 80px;\">\n\t<span style=\"font-size:10px;\"><em>Se&ccedil;&atilde;o I &#8211; Da N&atilde;o Incid&ecirc;ncia dos Efeitos da Revelia &ndash; arts. 348 e 349<\/em><\/span>\n<\/p>\n<p style=\"margin-left: 80px;\">\n\t<span style=\"font-size:10px;\"><em>Se&ccedil;&atilde;o II &#8211; Do Fato Impeditivo, Modificativo ou Extintivo do Direito do Autor &ndash; art. 350<\/em><\/span>\n<\/p>\n<p style=\"margin-left: 80px;\">\n\t<span style=\"font-size:10px;\"><em>Se&ccedil;&atilde;o III &#8211; Das Alega&ccedil;&otilde;es do R&eacute;u &ndash; arts. 351 a 353<\/em><\/span>\n<\/p>\n<p style=\"margin-left: 80px;\">\n\t<span style=\"font-size:10px;\"><em>Cap&iacute;tulo X &#8211; Do Julgamento Conforme o Estado do Processo<\/em><\/span>\n<\/p>\n<p style=\"margin-left: 80px;\">\n\t<span style=\"font-size:10px;\"><em>Se&ccedil;&atilde;o I &#8211; Da Extin&ccedil;&atilde;o do Processo &ndash; art. 354<\/em><\/span>\n<\/p>\n<p style=\"margin-left: 80px;\">\n\t<span style=\"font-size:10px;\"><em>Se&ccedil;&atilde;o II &#8211; Do Julgamento Antecipado do M&eacute;rito &ndash; art. 355<\/em><\/span>\n<\/p>\n<p style=\"margin-left: 80px;\">\n\t<span style=\"font-size:10px;\"><em>Se&ccedil;&atilde;o III &#8211; Do Julgamento Antecipado Parcial do M&eacute;rito &ndash; art. 356<\/em><\/span>\n<\/p>\n<p style=\"margin-left: 80px;\">\n\t<span style=\"font-size:10px;\"><em>Se&ccedil;&atilde;o IV &#8211; Do Saneamento e da Organiza&ccedil;&atilde;o do Processo &ndash; art. 357<\/em><\/span>\n<\/p>\n<p style=\"margin-left: 80px;\">\n\t<span style=\"font-size:10px;\"><em>Cap&iacute;tulo XI &#8211; Da Audi&ecirc;ncia de Instru&ccedil;&atilde;o e Julgamento &ndash; arts. 358 a 368<\/em><\/span>\n<\/p>\n<p style=\"margin-left: 80px;\">\n\t<span style=\"font-size:10px;\"><em>Cap&iacute;tulo XII &#8211; Das Provas<\/em><\/span>\n<\/p>\n<p style=\"margin-left: 80px;\">\n\t<span style=\"font-size:10px;\"><em>Se&ccedil;&atilde;o I &#8211; Disposi&ccedil;&otilde;es Gerais &ndash; arts. 369 a 380<\/em><\/span>\n<\/p>\n<p style=\"margin-left: 80px;\">\n\t<span style=\"font-size:10px;\"><em>Se&ccedil;&atilde;o II &#8211; Da Produ&ccedil;&atilde;o Antecipada da Prova &ndash; arts. 381 a 383<\/em><\/span>\n<\/p>\n<p style=\"margin-left: 80px;\">\n\t<span style=\"font-size:10px;\"><em>Se&ccedil;&atilde;o III &#8211; Da Ata Notarial &ndash; art. 384<\/em><\/span>\n<\/p>\n<p style=\"margin-left: 80px;\">\n\t<span style=\"font-size:10px;\"><em>Se&ccedil;&atilde;o IV &#8211; Do Depoimento Pessoal &ndash; arts. 385 a 388<\/em><\/span>\n<\/p>\n<p style=\"margin-left: 80px;\">\n\t<span style=\"font-size:10px;\"><em>Se&ccedil;&atilde;o V &#8211; Da Confiss&atilde;o &ndash; arts. 389 a 395<\/em><\/span>\n<\/p>\n<p style=\"margin-left: 80px;\">\n\t<span style=\"font-size:10px;\"><em>Se&ccedil;&atilde;o VI &#8211; Da Exibi&ccedil;&atilde;o de Documento ou Coisa &ndash; arts. 396 a 404<\/em><\/span>\n<\/p>\n<p style=\"margin-left: 80px;\">\n\t<span style=\"font-size:10px;\"><em>Subse&ccedil;&atilde;o I &#8211; Da for&ccedil;a probante dos documentos &ndash; arts. 405 a 429<\/em><\/span>\n<\/p>\n<p style=\"margin-left: 80px;\">\n\t<span style=\"font-size:10px;\"><em>Subse&ccedil;&atilde;o II &#8211; Da argui&ccedil;&atilde;o de falsidade &ndash; arts. 430 a 433<\/em><\/span>\n<\/p>\n<p style=\"margin-left: 80px;\">\n\t<span style=\"font-size:10px;\"><em>Subse&ccedil;&atilde;o III &#8211; Da produ&ccedil;&atilde;o da prova documental &ndash; arts. 434 a 438<\/em><\/span>\n<\/p>\n<p style=\"margin-left: 80px;\">\n\t<span style=\"font-size:10px;\"><em>Se&ccedil;&atilde;o VIII &#8211; Dos Documentos Eletr&ocirc;nicos &ndash; arts. 439 a 441<\/em><\/span>\n<\/p>\n<p style=\"margin-left: 80px;\">\n\t<span style=\"font-size:10px;\"><em>Se&ccedil;&atilde;o IX &#8211; Da Prova Testemunhal<\/em><\/span>\n<\/p>\n<p style=\"margin-left: 80px;\">\n\t<span style=\"font-size:10px;\"><em>Subse&ccedil;&atilde;o I &#8211; Da admissibilidade e do valor da prova testemunhal &ndash; arts. 442 a 449<\/em><\/span>\n<\/p>\n<p style=\"margin-left: 80px;\">\n\t<span style=\"font-size:10px;\"><em>Subse&ccedil;&atilde;o II &#8211; Da produ&ccedil;&atilde;o da prova testemunhal &ndash; arts. 450 a 463<\/em><\/span>\n<\/p>\n<p style=\"margin-left: 80px;\">\n\t<span style=\"font-size:10px;\"><em>Se&ccedil;&atilde;o X &#8211; Da Prova Pericial &ndash; arts. 464 a 480<\/em><\/span>\n<\/p>\n<p style=\"margin-left: 80px;\">\n\t<span style=\"font-size:10px;\"><em>Se&ccedil;&atilde;o XI &#8211; Da Inspe&ccedil;&atilde;o Judicial &ndash; arts. 481 a 484<\/em><\/span>\n<\/p>\n<p style=\"margin-left: 80px;\">\n\t<span style=\"color:#FF0000;\"><span style=\"font-size:10px;\"><em><strong>Cap&iacute;tulo XIII &#8211; Da Senten&ccedil;a e da Coisa Julgada<\/strong><\/em><\/span><\/span>\n<\/p>\n<p style=\"margin-left: 80px;\">\n\t<span style=\"color:#FF0000;\"><span style=\"font-size:10px;\"><em><strong>Se&ccedil;&atilde;o I &#8211; Disposi&ccedil;&otilde;es Gerais &ndash; arts. 485 a 488<\/strong><\/em><\/span><\/span>\n<\/p>\n<p style=\"margin-left: 80px;\">\n\t<span style=\"color:#FF0000;\"><span style=\"font-size:10px;\"><em><strong>Se&ccedil;&atilde;o II &#8211; Dos Elementos e dos Efeitos da Senten&ccedil;a &ndash; arts. 489 a 495<\/strong><\/em><\/span><\/span>\n<\/p>\n<p style=\"margin-left: 80px;\">\n\t<span style=\"color:#FF0000;\"><span style=\"font-size:10px;\"><em><strong>Se&ccedil;&atilde;o III &#8211; Da Remessa Necess&aacute;ria &ndash; art. 496<\/strong><\/em><\/span><\/span>\n<\/p>\n<p style=\"margin-left: 80px;\">\n\t<span style=\"color:#FF0000;\"><span style=\"font-size:10px;\"><em><strong>Se&ccedil;&atilde;o IV &#8211; Do Julgamento das A&ccedil;&otilde;es Relativas &agrave;s Presta&ccedil;&otilde;es de Fazer, de N&atilde;o Fazer e de Entregar Coisa &ndash; arts. 497 a 501<\/strong><\/em><\/span><\/span>\n<\/p>\n<p style=\"margin-left: 80px;\">\n\t<span style=\"color:#FF0000;\"><span style=\"font-size:10px;\"><em><strong>Se&ccedil;&atilde;o V &#8211; Da Coisa Julgada &ndash; arts. 502 a 508<\/strong><\/em><\/span><\/span>\n<\/p>\n<p style=\"margin-left: 80px;\">\n\t<span style=\"font-size:10px;\"><em>Cap&iacute;tulo XIV &#8211; Da Liquida&ccedil;&atilde;o de Senten&ccedil;a &ndash; arts. 509 a 512<\/em><\/span>\n<\/p>\n<p style=\"margin-left: 80px;\">\n\t<span style=\"font-size:10px;\"><em>T&iacute;tulo II &#8211; Do Cumprimento da Senten&ccedil;a<\/em><\/span>\n<\/p>\n<p style=\"margin-left: 80px;\">\n\t<span style=\"font-size:10px;\"><em>Cap&iacute;tulo I &#8211; Disposi&ccedil;&otilde;es Gerais &ndash; arts. 513 a 519<\/em><\/span>\n<\/p>\n<p style=\"margin-left: 80px;\">\n\t<span style=\"font-size:10px;\"><em>Cap&iacute;tulo II &#8211; Do Cumprimento Provis&oacute;rio da Senten&ccedil;a que Reconhe&ccedil;a a Exigibilidade de Obriga&ccedil;&atilde;o de Pagar Quantia Certa &ndash; arts. 520 a 522<\/em><\/span>\n<\/p>\n<p style=\"margin-left: 80px;\">\n\t<span style=\"font-size:10px;\"><em>Cap&iacute;tulo III &#8211; Do Cumprimento Definitivo da Senten&ccedil;a que Reconhece a Exigibilidade de Obriga&ccedil;&atilde;o de Pagar Quantia Certa &ndash; arts. 523 a 527<\/em><\/span>\n<\/p>\n<p style=\"margin-left: 80px;\">\n\t<span style=\"font-size:10px;\"><em>Cap&iacute;tulo IV &#8211; Do Cumprimento de Senten&ccedil;a que Reconhe&ccedil;a a Exigibilidade de Obriga&ccedil;&atilde;o de Prestar Alimentos &ndash; arts. 528 a 533<\/em><\/span>\n<\/p>\n<p style=\"margin-left: 80px;\">\n\t<span style=\"font-size:10px;\"><em>Cap&iacute;tulo V &#8211; Do Cumprimento de Senten&ccedil;a que Reconhe&ccedil;a a Exigibilidade de Obriga&ccedil;&atilde;o de Pagar Quantia Certa pela Fazenda P&uacute;blica &ndash; arts. 534 e 535<\/em><\/span>\n<\/p>\n<p style=\"margin-left: 80px;\">\n\t<span style=\"font-size:10px;\"><em>Cap&iacute;tulo VI &#8211; Do Cumprimento de Senten&ccedil;a que Reconhe&ccedil;a a Exigibilidade de Obriga&ccedil;&atilde;o de Fazer, de N&atilde;o Fazer ou de Entregar Coisa<\/em><\/span>\n<\/p>\n<p style=\"margin-left: 80px;\">\n\t<span style=\"font-size:10px;\"><em>Se&ccedil;&atilde;o I &#8211; Do Cumprimento de Senten&ccedil;a que Reconhe&ccedil;a a Exigibilidade de Obriga&ccedil;&atilde;o de Fazer ou de N&atilde;o Fazer &ndash; arts. 536 e 537<\/em><\/span>\n<\/p>\n<p style=\"margin-left: 80px;\">\n\t<span style=\"font-size:10px;\"><em>Se&ccedil;&atilde;o II &#8211; Do Cumprimento de Senten&ccedil;a que Reconhe&ccedil;a a Exigibilidade de Obriga&ccedil;&atilde;o de Entregar Coisa &ndash; art. 538<\/em><\/span>\n<\/p>\n<p style=\"margin-left: 80px;\">\n\t<span style=\"font-size:10px;\"><em>T&iacute;tulo III &#8211; Dos Procedimentos Especiais<\/em><\/span>\n<\/p>\n<p style=\"margin-left: 80px;\">\n\t<span style=\"font-size:10px;\"><em>Cap&iacute;tulo I &#8211; Da A&ccedil;&atilde;o de Consigna&ccedil;&atilde;o em Pagamento &ndash; arts. 539 a 549<\/em><\/span>\n<\/p>\n<p style=\"margin-left: 80px;\">\n\t<span style=\"font-size:10px;\"><em>Cap&iacute;tulo II &#8211; Da A&ccedil;&atilde;o de Exigir Contas &ndash; arts. 550 a 553<\/em><\/span>\n<\/p>\n<p style=\"margin-left: 80px;\">\n\t<span style=\"font-size:10px;\"><em>Cap&iacute;tulo III &#8211; Das A&ccedil;&otilde;es Possess&oacute;rias<\/em><\/span>\n<\/p>\n<p style=\"margin-left: 80px;\">\n\t<span style=\"font-size:10px;\"><em>Se&ccedil;&atilde;o I &#8211; Disposi&ccedil;&otilde;es Gerais &ndash; arts. 554 a 559<\/em><\/span>\n<\/p>\n<p style=\"margin-left: 80px;\">\n\t<span style=\"font-size:10px;\"><em>Se&ccedil;&atilde;o II &#8211; Da Manuten&ccedil;&atilde;o e da Reintegra&ccedil;&atilde;o de Posse &ndash; arts. 560 a 566<\/em><\/span>\n<\/p>\n<p style=\"margin-left: 80px;\">\n\t<span style=\"font-size:10px;\"><em>Se&ccedil;&atilde;o III &#8211; Do Interdito Proibit&oacute;rio &ndash; arts. 567 e 568<\/em><\/span>\n<\/p>\n<p style=\"margin-left: 80px;\">\n\t<span style=\"font-size:10px;\"><em>Cap&iacute;tulo IV &#8211; Da A&ccedil;&atilde;o de Divis&atilde;o e da Demarca&ccedil;&atilde;o de Terras Particulares<\/em><\/span>\n<\/p>\n<p style=\"margin-left: 80px;\">\n\t<span style=\"font-size:10px;\"><em>Se&ccedil;&atilde;o I &#8211; Disposi&ccedil;&otilde;es Gerais &ndash; arts. 569 a 573<\/em><\/span>\n<\/p>\n<p style=\"margin-left: 80px;\">\n\t<span style=\"font-size:10px;\"><em>Se&ccedil;&atilde;o II &#8211; Da Demarca&ccedil;&atilde;o &ndash; arts. 574 a 587<\/em><\/span>\n<\/p>\n<p style=\"margin-left: 80px;\">\n\t<span style=\"font-size:10px;\"><em>Se&ccedil;&atilde;o III &#8211; Da Divis&atilde;o &ndash; arts. 588 a 598<\/em><\/span>\n<\/p>\n<p style=\"margin-left: 80px;\">\n\t<span style=\"font-size:10px;\"><em>Cap&iacute;tulo V &#8211; Da A&ccedil;&atilde;o de Dissolu&ccedil;&atilde;o Parcial de Sociedade &ndash; arts. 599 a 609<\/em><\/span>\n<\/p>\n<p style=\"margin-left: 80px;\">\n\t<span style=\"font-size:10px;\"><em>Cap&iacute;tulo VI &#8211; Do Invent&aacute;rio e da Partilha<\/em><\/span>\n<\/p>\n<p style=\"margin-left: 80px;\">\n\t<span style=\"font-size:10px;\"><em>Se&ccedil;&atilde;o I &#8211; Disposi&ccedil;&otilde;es Gerais &ndash; arts. 610 a 614<\/em><\/span>\n<\/p>\n<p style=\"margin-left: 80px;\">\n\t<span style=\"font-size:10px;\"><em>Se&ccedil;&atilde;o II &#8211; Da Legitimidade para Requerer o Invent&aacute;rio &ndash; arts. 615 e 616<\/em><\/span>\n<\/p>\n<p style=\"margin-left: 80px;\">\n\t<span style=\"font-size:10px;\"><em>Se&ccedil;&atilde;o III &#8211; Do Inventariante e das Primeiras Declara&ccedil;&otilde;es &ndash; art. 617 a 625<\/em><\/span>\n<\/p>\n<p style=\"margin-left: 80px;\">\n\t<span style=\"font-size:10px;\"><em>Se&ccedil;&atilde;o IV &#8211; Das Cita&ccedil;&otilde;es e das Impugna&ccedil;&otilde;es &ndash; arts. 626 a 629<\/em><\/span>\n<\/p>\n<p style=\"margin-left: 80px;\">\n\t<span style=\"font-size:10px;\"><em>Se&ccedil;&atilde;o V &#8211; Da Avalia&ccedil;&atilde;o e do C&aacute;lculo do Imposto &ndash; arts. 630 a 638<\/em><\/span>\n<\/p>\n<p style=\"margin-left: 80px;\">\n\t<span style=\"font-size:10px;\"><em>Se&ccedil;&atilde;o VI &#8211; Das Cola&ccedil;&otilde;es &ndash; arts. 639 a 641<\/em><\/span>\n<\/p>\n<p style=\"margin-left: 80px;\">\n\t<span style=\"font-size:10px;\"><em>Se&ccedil;&atilde;o VII &#8211; Do Pagamento das D&iacute;vidas &ndash; arts. 642 a 646<\/em><\/span>\n<\/p>\n<p style=\"margin-left: 80px;\">\n\t<span style=\"font-size:10px;\"><em>Se&ccedil;&atilde;o VIII &#8211; Da Partilha &ndash; arts. 647 a 658<\/em><\/span>\n<\/p>\n<p style=\"margin-left: 80px;\">\n\t<span style=\"font-size:10px;\"><em>Se&ccedil;&atilde;o IX &#8211; Do Arrolamento &ndash; arts. 659 a 667<\/em><\/span>\n<\/p>\n<p style=\"margin-left: 80px;\">\n\t<span style=\"font-size:10px;\"><em>Se&ccedil;&atilde;o X &#8211; Disposi&ccedil;&otilde;es Comuns a Todas as Se&ccedil;&otilde;es &ndash; arts. 668 a 673<\/em><\/span>\n<\/p>\n<p style=\"margin-left: 80px;\">\n\t<span style=\"font-size:10px;\"><em>Cap&iacute;tulo VII &#8211; Dos Embargos de Terceiro &ndash; arts. 674 a 681<\/em><\/span>\n<\/p>\n<p style=\"margin-left: 80px;\">\n\t<span style=\"font-size:10px;\"><em>Cap&iacute;tulo VIII &#8211; Da Oposi&ccedil;&atilde;o &ndash; arts. 682 a 686<\/em><\/span>\n<\/p>\n<p style=\"margin-left: 80px;\">\n\t<span style=\"font-size:10px;\"><em>Cap&iacute;tulo IX &#8211; Da Habilita&ccedil;&atilde;o &ndash; arts. 687 a 692<\/em><\/span>\n<\/p>\n<p style=\"margin-left: 80px;\">\n\t<span style=\"font-size:10px;\"><em>Cap&iacute;tulo X &#8211; Das A&ccedil;&otilde;es de Fam&iacute;lia &ndash; arts. 693 a 699<\/em><\/span>\n<\/p>\n<p style=\"margin-left: 80px;\">\n\t<span style=\"font-size:10px;\"><em>Cap&iacute;tulo XI &#8211; Da A&ccedil;&atilde;o Monit&oacute;ria &ndash; arts. 700 a 702<\/em><\/span>\n<\/p>\n<p style=\"margin-left: 80px;\">\n\t<span style=\"font-size:10px;\"><em>Cap&iacute;tulo XII &#8211; Da Homologa&ccedil;&atilde;o do Penhor Legal &ndash; arts. 703 a 706<\/em><\/span>\n<\/p>\n<p style=\"margin-left: 80px;\">\n\t<span style=\"font-size:10px;\"><em>Cap&iacute;tulo XIII &#8211; Da Regula&ccedil;&atilde;o de Avaria Grossa &ndash; arts. 707 a 711<\/em><\/span>\n<\/p>\n<p style=\"margin-left: 80px;\">\n\t<span style=\"color:#FF0000;\"><span style=\"font-size:10px;\"><em><strong>Cap&iacute;tulo XIV &#8211; Da Restaura&ccedil;&atilde;o de Autos &ndash; arts. 712 a 718<\/strong><\/em><\/span><\/span>\n<\/p>\n<p style=\"margin-left: 80px;\">\n\t<span style=\"font-size:10px;\"><em>Cap&iacute;tulo XV &#8211; Dos Procedimentos de Jurisdi&ccedil;&atilde;o Volunt&aacute;ria<\/em><\/span>\n<\/p>\n<p style=\"margin-left: 80px;\">\n\t<span style=\"font-size:10px;\"><em>Se&ccedil;&atilde;o I &#8211; Disposi&ccedil;&otilde;es Gerais &ndash; arts. 719 a 725<\/em><\/span>\n<\/p>\n<p style=\"margin-left: 80px;\">\n\t<span style=\"font-size:10px;\"><em>Se&ccedil;&atilde;o II &#8211; Da Notifica&ccedil;&atilde;o e da Interpela&ccedil;&atilde;o &ndash; arts. 726 a 729<\/em><\/span>\n<\/p>\n<p style=\"margin-left: 80px;\">\n\t<span style=\"font-size:10px;\"><em>Se&ccedil;&atilde;o III &#8211; Da Aliena&ccedil;&atilde;o Judicial &ndash; art. 730<\/em><\/span>\n<\/p>\n<p style=\"margin-left: 80px;\">\n\t<span style=\"font-size:10px;\"><em>Se&ccedil;&atilde;o IV &#8211; Do Div&oacute;rcio e da Separa&ccedil;&atilde;o Consensuais, da Extin&ccedil;&atilde;o Consensual de Uni&atilde;o Est&aacute;vel e da Altera&ccedil;&atilde;o do Regime de Bens do Matrim&ocirc;nio &ndash; arts. 731 a 734<\/em><\/span>\n<\/p>\n<p style=\"margin-left: 80px;\">\n\t<span style=\"font-size:10px;\"><em>Se&ccedil;&atilde;o V &#8211; Dos Testamentos e dos Codicilos &ndash; arts. 735 a 737<\/em><\/span>\n<\/p>\n<p style=\"margin-left: 80px;\">\n\t<span style=\"font-size:10px;\"><em>Se&ccedil;&atilde;o VI &#8211; Da Heran&ccedil;a Jacente &ndash; arts. 738 a 743<\/em><\/span>\n<\/p>\n<p style=\"margin-left: 80px;\">\n\t<span style=\"font-size:10px;\"><em>Se&ccedil;&atilde;o VII &#8211; Dos Bens dos Ausentes &ndash; arts. 744 e 745<\/em><\/span>\n<\/p>\n<p style=\"margin-left: 80px;\">\n\t<span style=\"font-size:10px;\"><em>Se&ccedil;&atilde;o VIII &#8211; Das Coisas Vagas &ndash; art. 746<\/em><\/span>\n<\/p>\n<p style=\"margin-left: 80px;\">\n\t<span style=\"font-size:10px;\"><em>Se&ccedil;&atilde;o IX &#8211; Da Interdi&ccedil;&atilde;o &ndash; arts. 747 a 758<\/em><\/span>\n<\/p>\n<p style=\"margin-left: 80px;\">\n\t<span style=\"font-size:10px;\"><em>Se&ccedil;&atilde;o X &#8211; Disposi&ccedil;&otilde;es Comuns &agrave; Tutela e &agrave; Curatela &ndash; arts. 759 a 763<\/em><\/span>\n<\/p>\n<p style=\"margin-left: 80px;\">\n\t<span style=\"font-size:10px;\"><em>Se&ccedil;&atilde;o XI &#8211; Da Organiza&ccedil;&atilde;o e da Fiscaliza&ccedil;&atilde;o das Funda&ccedil;&otilde;es &ndash; arts. 764 e 765<\/em><\/span>\n<\/p>\n<p style=\"margin-left: 80px;\">\n\t<span style=\"font-size:10px;\"><em>Se&ccedil;&atilde;o XII &#8211; Da Ratifica&ccedil;&atilde;o dos Protestos Mar&iacute;timos e dos Processos Testemunh&aacute;veis Formados a Bordo &ndash; arts. 766 a 770<\/em><\/span>\n<\/p>\n<p style=\"margin-left: 80px;\">\n\t<span style=\"font-size:10px;\"><em>LIVRO II &#8211; Do Processo de Execu&ccedil;&atilde;o<\/em><\/span>\n<\/p>\n<p style=\"margin-left: 80px;\">\n\t<span style=\"font-size:10px;\"><em>T&iacute;tulo I &#8211; Da Execu&ccedil;&atilde;o em Geral<\/em><\/span>\n<\/p>\n<p style=\"margin-left: 80px;\">\n\t<span style=\"font-size:10px;\"><em>Cap&iacute;tulo I &#8211; Disposi&ccedil;&otilde;es Gerais &ndash; arts. 771 a 777<\/em><\/span>\n<\/p>\n<p style=\"margin-left: 80px;\">\n\t<span style=\"font-size:10px;\"><em>Cap&iacute;tulo II &#8211; Das Partes &ndash; arts. 778 a 780<\/em><\/span>\n<\/p>\n<p style=\"margin-left: 80px;\">\n\t<span style=\"font-size:10px;\"><em>Cap&iacute;tulo III &#8211; Da Compet&ecirc;ncia &ndash; arts. 781 e 782<\/em><\/span>\n<\/p>\n<p style=\"margin-left: 80px;\">\n\t<span style=\"font-size:10px;\"><em>Cap&iacute;tulo IV &#8211; Dos Requisitos Necess&aacute;rios para Realizar Qualquer Execu&ccedil;&atilde;o<\/em><\/span>\n<\/p>\n<p style=\"margin-left: 80px;\">\n\t<span style=\"font-size:10px;\"><em>Se&ccedil;&atilde;o I &#8211; Do T&iacute;tulo Executivo &ndash; arts. 783 a 785<\/em><\/span>\n<\/p>\n<p style=\"margin-left: 80px;\">\n\t<span style=\"font-size:10px;\"><em>Se&ccedil;&atilde;o II &#8211; Da Exigibilidade da Obriga&ccedil;&atilde;o &ndash; arts. 786 a 788<\/em><\/span>\n<\/p>\n<p style=\"margin-left: 80px;\">\n\t<span style=\"font-size:10px;\"><em>Cap&iacute;tulo V &#8211; Da Responsabilidade Patrimonial &ndash; arts. 789 a 796<\/em><\/span>\n<\/p>\n<p style=\"margin-left: 80px;\">\n\t<span style=\"font-size:10px;\"><em>T&iacute;tulo II &#8211; Das Diversas Esp&eacute;cies de Execu&ccedil;&atilde;o<\/em><\/span>\n<\/p>\n<p style=\"margin-left: 80px;\">\n\t<span style=\"font-size:10px;\"><em>Cap&iacute;tulo I &#8211; Disposi&ccedil;&otilde;es Gerais &ndash; arts. 797 a 805<\/em><\/span>\n<\/p>\n<p style=\"margin-left: 80px;\">\n\t<span style=\"font-size:10px;\"><em>Cap&iacute;tulo II &#8211; Da Execu&ccedil;&atilde;o para a Entrega de Coisa<\/em><\/span>\n<\/p>\n<p style=\"margin-left: 80px;\">\n\t<span style=\"font-size:10px;\"><em>Se&ccedil;&atilde;o I &#8211; Da Entrega de Coisa Certa &ndash; arts. 806 a 810<\/em><\/span>\n<\/p>\n<p style=\"margin-left: 80px;\">\n\t<span style=\"font-size:10px;\"><em>Se&ccedil;&atilde;o II &#8211; Da Entrega de Coisa Incerta &ndash; arts. 811 a 813<\/em><\/span>\n<\/p>\n<p style=\"margin-left: 80px;\">\n\t<span style=\"font-size:10px;\"><em>Cap&iacute;tulo III &#8211; Da Execu&ccedil;&atilde;o das Obriga&ccedil;&otilde;es de Fazer ou de N&atilde;o Fazer<\/em><\/span>\n<\/p>\n<p style=\"margin-left: 80px;\">\n\t<span style=\"font-size:10px;\"><em>Se&ccedil;&atilde;o I &#8211; Disposi&ccedil;&otilde;es Comuns &ndash; art. 814<\/em><\/span>\n<\/p>\n<p style=\"margin-left: 80px;\">\n\t<span style=\"font-size:10px;\"><em>Se&ccedil;&atilde;o II &#8211; Da Obriga&ccedil;&atilde;o de Fazer &ndash; arts. 815 a 821<\/em><\/span>\n<\/p>\n<p style=\"margin-left: 80px;\">\n\t<span style=\"font-size:10px;\"><em>Se&ccedil;&atilde;o III &#8211; Da Obriga&ccedil;&atilde;o de N&atilde;o Fazer &ndash; arts. 822 e 823<\/em><\/span>\n<\/p>\n<p style=\"margin-left: 80px;\">\n\t<span style=\"font-size:10px;\"><em>Cap&iacute;tulo IV &#8211; Da Execu&ccedil;&atilde;o por Quantia Certa<\/em><\/span>\n<\/p>\n<p style=\"margin-left: 80px;\">\n\t<span style=\"font-size:10px;\"><em>Se&ccedil;&atilde;o I &#8211; Disposi&ccedil;&otilde;es Gerais &ndash; arts. 824 a 826<\/em><\/span>\n<\/p>\n<p style=\"margin-left: 80px;\">\n\t<span style=\"font-size:10px;\"><em>Se&ccedil;&atilde;o II &#8211; Da Cita&ccedil;&atilde;o do Devedor e do Arresto &ndash; arts. 827 a 830<\/em><\/span>\n<\/p>\n<p style=\"margin-left: 80px;\">\n\t<span style=\"font-size:10px;\"><em>Se&ccedil;&atilde;o III &#8211; Da Penhora, do Dep&oacute;sito e da Avalia&ccedil;&atilde;o<\/em><\/span>\n<\/p>\n<p style=\"margin-left: 80px;\">\n\t<span style=\"font-size:10px;\"><em>Subse&ccedil;&atilde;o I &#8211; Do objeto da penhora &ndash; arts. 831 a 836<\/em><\/span>\n<\/p>\n<p style=\"margin-left: 80px;\">\n\t<span style=\"font-size:10px;\"><em>Subse&ccedil;&atilde;o II &#8211; Da documenta&ccedil;&atilde;o da penhora, de seu registro e do dep&oacute;sito &ndash; arts. 837 a 844<\/em><\/span>\n<\/p>\n<p style=\"margin-left: 80px;\">\n\t<span style=\"font-size:10px;\"><em>Subse&ccedil;&atilde;o III &#8211; Do lugar de realiza&ccedil;&atilde;o da penhora &ndash; arts. 845 e 846<\/em><\/span>\n<\/p>\n<p style=\"margin-left: 80px;\">\n\t<span style=\"font-size:10px;\"><em>Subse&ccedil;&atilde;o IV &#8211; Das modifica&ccedil;&otilde;es da penhora &ndash; arts. 847 a 853<\/em><\/span>\n<\/p>\n<p style=\"margin-left: 80px;\">\n\t<span style=\"font-size:10px;\"><em>Subse&ccedil;&atilde;o V &#8211; Da penhora de dinheiro em dep&oacute;sito ou em aplica&ccedil;&atilde;o financeira &ndash; art. 854<\/em><\/span>\n<\/p>\n<p style=\"margin-left: 80px;\">\n\t<span style=\"font-size:10px;\"><em>Subse&ccedil;&atilde;o VI &#8211; Da penhora de cr&eacute;ditos &ndash; arts. 855 a 860<\/em><\/span>\n<\/p>\n<p style=\"margin-left: 80px;\">\n\t<span style=\"font-size:10px;\"><em>Subse&ccedil;&atilde;o VII &#8211; Da penhora das quotas ou das a&ccedil;&otilde;es de sociedades personificadas &ndash; art. 861<\/em><\/span>\n<\/p>\n<p style=\"margin-left: 80px;\">\n\t<span style=\"font-size:10px;\"><em>Subse&ccedil;&atilde;o VIII &#8211; Da penhora de empresa, de outros estabelecimentos e de semoventes &ndash; arts. 862 a 865<\/em><\/span>\n<\/p>\n<p style=\"margin-left: 80px;\">\n\t<span style=\"font-size:10px;\"><em>Subse&ccedil;&atilde;o IX &#8211; Da penhora de percentual de faturamento de empresa &ndash; art. 866<\/em><\/span>\n<\/p>\n<p style=\"margin-left: 80px;\">\n\t<span style=\"font-size:10px;\"><em>Subse&ccedil;&atilde;o X &#8211; Da penhora de frutos e rendimentos de coisa m&oacute;vel ou im&oacute;vel &ndash; arts. 867 a 869<\/em><\/span>\n<\/p>\n<p style=\"margin-left: 80px;\">\n\t<span style=\"font-size:10px;\"><em>Subse&ccedil;&atilde;o XI &#8211; Da avalia&ccedil;&atilde;o &ndash; arts. 870 a 875<\/em><\/span>\n<\/p>\n<p style=\"margin-left: 80px;\">\n\t<span style=\"font-size:10px;\"><em>Se&ccedil;&atilde;o IV &#8211; Da Expropria&ccedil;&atilde;o de Bens<\/em><\/span>\n<\/p>\n<p style=\"margin-left: 80px;\">\n\t<span style=\"font-size:10px;\"><em>Subse&ccedil;&atilde;o I &#8211; Da adjudica&ccedil;&atilde;o &ndash; arts. 876 a 878<\/em><\/span>\n<\/p>\n<p style=\"margin-left: 80px;\">\n\t<span style=\"font-size:10px;\"><em>Subse&ccedil;&atilde;o II &#8211; Da aliena&ccedil;&atilde;o &ndash; arts. 879 a 903<\/em><\/span>\n<\/p>\n<p style=\"margin-left: 80px;\">\n\t<span style=\"font-size:10px;\"><em>Se&ccedil;&atilde;o V &#8211; Da Satisfa&ccedil;&atilde;o do Cr&eacute;dito &ndash; arts. 904 a 909<\/em><\/span>\n<\/p>\n<p style=\"margin-left: 80px;\">\n\t<span style=\"font-size:10px;\"><em>Cap&iacute;tulo V &#8211; Da Execu&ccedil;&atilde;o contra a Fazenda P&uacute;blica &ndash; art. 910<\/em><\/span>\n<\/p>\n<p style=\"margin-left: 80px;\">\n\t<span style=\"font-size:10px;\"><em>Cap&iacute;tulo VI &#8211; Da Execu&ccedil;&atilde;o de Alimentos &ndash; arts. 911 a 913<\/em><\/span>\n<\/p>\n<p style=\"margin-left: 80px;\">\n\t<span style=\"font-size:10px;\"><em>T&iacute;tulo III &#8211; Dos Embargos &agrave; Execu&ccedil;&atilde;o &ndash; arts. 914 a 920<\/em><\/span>\n<\/p>\n<p style=\"margin-left: 80px;\">\n\t<span style=\"font-size:10px;\"><em>T&iacute;tulo IV &#8211; Da Suspens&atilde;o e da Extin&ccedil;&atilde;o do Processo de Execu&ccedil;&atilde;o<\/em><\/span>\n<\/p>\n<p style=\"margin-left: 80px;\">\n\t<span style=\"font-size:10px;\"><em>Cap&iacute;tulo I &#8211; Da Suspens&atilde;o do Processo de Execu&ccedil;&atilde;o &ndash; arts. 921 a 923<\/em><\/span>\n<\/p>\n<p style=\"margin-left: 80px;\">\n\t<span style=\"font-size:10px;\"><em>Cap&iacute;tulo II &#8211; Da Extin&ccedil;&atilde;o do Processo de Execu&ccedil;&atilde;o &ndash; arts. 924 e 925<\/em><\/span>\n<\/p>\n<p style=\"margin-left: 80px;\">\n\t<span style=\"font-size:10px;\"><em>LIVRO III &#8211; Dos Processos nos Tribunais e dos Meios de Impugna&ccedil;&atilde;o das Decis&otilde;es Judiciais<\/em><\/span>\n<\/p>\n<p style=\"margin-left: 80px;\">\n\t<span style=\"font-size:10px;\"><em>T&iacute;tulo I &#8211; Da Ordem dos Processos e dos Processos de Compet&ecirc;ncia Origin&aacute;ria dos Tribunais<\/em><\/span>\n<\/p>\n<p style=\"margin-left: 80px;\">\n\t<span style=\"font-size:10px;\"><em>Cap&iacute;tulo I &#8211; Disposi&ccedil;&otilde;es Gerais &ndash; arts. 926 a 928<\/em><\/span>\n<\/p>\n<p style=\"margin-left: 80px;\">\n\t<span style=\"font-size:10px;\"><em>Cap&iacute;tulo II &#8211; Da Ordem dos Processos no Tribunal &ndash; arts. 929 a 946<\/em><\/span>\n<\/p>\n<p style=\"margin-left: 80px;\">\n\t<span style=\"font-size:10px;\"><em>Cap&iacute;tulo III &#8211; Do Incidente de Assun&ccedil;&atilde;o de Compet&ecirc;ncia &ndash; art. 947<\/em><\/span>\n<\/p>\n<p style=\"margin-left: 80px;\">\n\t<span style=\"font-size:10px;\"><em>Cap&iacute;tulo IV &#8211; Do Incidente de Argui&ccedil;&atilde;o de Inconstitucionalidade &ndash; arts. 948 a 950<\/em><\/span>\n<\/p>\n<p style=\"margin-left: 80px;\">\n\t<span style=\"font-size:10px;\"><em>Cap&iacute;tulo V &#8211; Do Conflito de Compet&ecirc;ncia &ndash; arts. 951 a 959<\/em><\/span>\n<\/p>\n<p style=\"margin-left: 80px;\">\n\t<span style=\"font-size:10px;\"><em>Cap&iacute;tulo VI &#8211; Da Homologa&ccedil;&atilde;o de Decis&atilde;o Estrangeira e da Concess&atilde;o do Exequatur &agrave; Carta Rogat&oacute;ria &ndash; arts. 960 a 965<\/em><\/span>\n<\/p>\n<p style=\"margin-left: 80px;\">\n\t<span style=\"font-size:10px;\"><em>Cap&iacute;tulo VII &#8211; Da A&ccedil;&atilde;o Rescis&oacute;ria &ndash; arts. 966 a 975<\/em><\/span>\n<\/p>\n<p style=\"margin-left: 80px;\">\n\t<span style=\"font-size:10px;\"><em>Cap&iacute;tulo VIII &#8211; Do Incidente de Resolu&ccedil;&atilde;o de Demandas Repetitivas &ndash; arts. 976 a 987<\/em><\/span>\n<\/p>\n<p style=\"margin-left: 80px;\">\n\t<span style=\"font-size:10px;\"><em>Cap&iacute;tulo IX &#8211; Da Reclama&ccedil;&atilde;o &ndash; arts. 988 a 993<\/em><\/span>\n<\/p>\n<p style=\"margin-left: 80px;\">\n\t<span style=\"color:#FF0000;\"><span style=\"font-size:10px;\"><em><strong>T&iacute;tulo II &#8211; Dos Recursos<\/strong><\/em><\/span><\/span>\n<\/p>\n<p style=\"margin-left: 80px;\">\n\t<span style=\"color:#FF0000;\"><span style=\"font-size:10px;\"><em><strong>Cap&iacute;tulo I &#8211; Disposi&ccedil;&otilde;es Gerais &ndash; arts. 994 a 1.008<\/strong><\/em><\/span><\/span>\n<\/p>\n<p style=\"margin-left: 80px;\">\n\t<span style=\"font-size:10px;\"><em>Cap&iacute;tulo II &#8211; Da Apela&ccedil;&atilde;o &ndash; arts. 1.009 a 1.014<\/em><\/span>\n<\/p>\n<p style=\"margin-left: 80px;\">\n\t<span style=\"font-size:10px;\"><em>Cap&iacute;tulo III &#8211; Do Agravo de Instrumento &ndash; arts. 1.015 a 1.020<\/em><\/span>\n<\/p>\n<p style=\"margin-left: 80px;\">\n\t<span style=\"font-size:10px;\"><em>Cap&iacute;tulo IV &#8211; Do Agravo Interno &ndash; art. 1.021<\/em><\/span>\n<\/p>\n<p style=\"margin-left: 80px;\">\n\t<span style=\"font-size:10px;\"><em>Cap&iacute;tulo V &#8211; Dos Embargos de Declara&ccedil;&atilde;o &ndash; arts. 1.022 a 1.026<\/em><\/span>\n<\/p>\n<p style=\"margin-left: 80px;\">\n\t<span style=\"font-size:10px;\"><em>Cap&iacute;tulo VI &#8211; Dos Recursos para o Supremo Tribunal Federal e para o Superior Tribunal de Justi&ccedil;a<\/em><\/span>\n<\/p>\n<p style=\"margin-left: 80px;\">\n\t<span style=\"font-size:10px;\"><em>Se&ccedil;&atilde;o I &#8211; Do Recurso Ordin&aacute;rio &ndash; arts. 1.027 e 1.028<\/em><\/span>\n<\/p>\n<p style=\"margin-left: 80px;\">\n\t<span style=\"font-size:10px;\"><em>Se&ccedil;&atilde;o II &#8211; Do Recurso Extraordin&aacute;rio e do Recurso Especial<\/em><\/span>\n<\/p>\n<p style=\"margin-left: 80px;\">\n\t<span style=\"font-size:10px;\"><em>Subse&ccedil;&atilde;o I &#8211; Disposi&ccedil;&otilde;es gerais &ndash; arts. 1.029 a 1.035<\/em><\/span>\n<\/p>\n<p style=\"margin-left: 80px;\">\n\t<span style=\"font-size:10px;\"><em>Subse&ccedil;&atilde;o II &#8211; Do julgamento dos recursos extraordin&aacute;rio e especial repetitivos &ndash; arts. 1.036 a 1.041<\/em><\/span>\n<\/p>\n<p style=\"margin-left: 80px;\">\n\t<span style=\"font-size:10px;\"><em>Se&ccedil;&atilde;o III &#8211; Do Agravo em Recurso Especial e em Recurso Extraordin&aacute;rio &ndash; art. 1.042<\/em><\/span>\n<\/p>\n<p style=\"margin-left: 80px;\">\n\t<span style=\"font-size:10px;\"><em>Se&ccedil;&atilde;o IV &#8211; Dos Embargos de Diverg&ecirc;ncia &ndash; arts. 1.043 e 1.044<\/em><\/span>\n<\/p>\n<p style=\"margin-left: 80px;\">\n\t<span style=\"font-size:10px;\"><em>LIVRO COMPLEMENTAR &#8211; Disposi&ccedil;&otilde;es Finais e Transit&oacute;rias &ndash; arts. 1.045 a 1.072<\/em><\/span>\n<\/p>\n<p>\n\t&#8212;\n<\/p>\n<p>\n\tAssim, verifica-se que&nbsp;a ementa foi restritiva. Cobrou t&oacute;picos importantes e espec&iacute;ficos de Direito Processual Civil &agrave; luz do NCPC. Confirmando a pretens&atilde;o de cobrar aquilo que est&aacute; na literalidade do NCPC, a pr&oacute;pria banca fez refer&ecirc;ncia em <strong>TODAS<\/strong> as quest&otilde;es ao &ldquo;C&oacute;digo Processual Civil de 2015 (Lei Federal n&ordm; 13.105\/15)&rdquo;.\n<\/p>\n<p>\n\tInclusive, em nosso curso, com algum receio&nbsp;em determinados pontos da mat&eacute;ria, avan&ccedil;amos um pouco mais para evitar surpresas quanto a cobran&ccedil;a de outros pontos dentro de determinado conte&uacute;do expressamente previsto no edital. No caso de dessa quest&atilde;o 24, foi pior, foi cobrado um assunto nem sequer mencionado na ementa.\n<\/p>\n<p>\n\tO fundamento da quest&atilde;o mencionada foi extra&iacute;do do art. 932, do NCPC.\n<\/p>\n<p>\n\tPrimeiro, n&atilde;o h&aacute; possibilidade de responder &agrave; quest&atilde;o com base nos pontos expressamente exigidos na ementa. At&eacute; porque a cobran&ccedil;a &eacute; espec&iacute;fica. Ela visa exigir do candidato o conhecimento de conduta do relator ao receber o recurso e verificar a aus&ecirc;ncia ou irregularidade em rela&ccedil;&atilde;o a determinado pressuposto processual.\n<\/p>\n<p>\n\t&Eacute;, de fato, como se extrai do enunciado, uma inova&ccedil;&atilde;o que tem por finalidade minimizar o formalismo processual, mas para responder com seguran&ccedil;a e, principalmente, com objetividade, fazia-se necess&aacute;rio estudar expressamente o art. 932 do NCPC.\n<\/p>\n<p>\n\tEsse dispositivo est&aacute; inserido dentro do Livro III (Dos Processos nos Tribunais e dos Meios de Impugna&ccedil;&atilde;o das Decis&otilde;es Judiciais), por&eacute;m no T&iacute;tulo I, que trata da (Da Ordem dos Processos e dos Processos de Compet&ecirc;ncia Origin&aacute;ria dos Tribunais), assunto n&atilde;o abordado na ementa.\n<\/p>\n<p>\n\tVeja, o Livro III &eacute; composto por dois t&iacute;tulos:\n<\/p>\n<p style=\"margin-left: 40px;\">\n\t<em>LIVRO III &#8211; Dos Processos nos Tribunais e dos Meios de Impugna&ccedil;&atilde;o das Decis&otilde;es Judiciais<\/em>\n<\/p>\n<p style=\"margin-left: 40px;\">\n\t<em>T&iacute;tulo I &#8211; Da Ordem dos Processos e dos Processos de Compet&ecirc;ncia Origin&aacute;ria dos Tribunais<\/em>\n<\/p>\n<p style=\"margin-left: 40px;\">\n\t<em>T&iacute;tulo II &#8211; Dos Recursos<\/em>\n<\/p>\n<p>\n\tConforme o edital, apenas o t&oacute;pico das&nbsp;&ldquo;disposi&ccedil;&otilde;es gerais&rdquo; dentro do T&iacute;tulo II foi exigido.\n<\/p>\n<p>\n\tA partir do momento que a banca busca explicitar pontos dentro de conte&uacute;dos maiores, ela d&aacute; ao candidato a seguran&ccedil;a de que ele deve estudar restritivamente os pontos indicados. Racioc&iacute;nio diverso&nbsp;induziria a erro e tornaria a ementa vazia de sentido.\n<\/p>\n<p>\n\tNo caso, nem mesmo dentro de alguns dos t&oacute;picos poder&iacute;amos enquadrar a quest&atilde;o, ainda que fiz&eacute;ssemos uma interpreta&ccedil;&atilde;o ampliativa. Explico.\n<\/p>\n<p>\n\tSe a banca, n&atilde;o obstante tenha feito refer&ecirc;ncia apenas &agrave;s &ldquo;disposi&ccedil;&otilde;es gerais&rdquo;, cobrasse todo o assunto de recursos, ainda assim n&atilde;o faz sentido nenhum estudar a &ldquo;Da Ordem dos Processos e dos Processos de Compet&ecirc;ncia Origin&aacute;ria dos Tribunais&rdquo;, que consta do Livro III.\n<\/p>\n<p>\n\tSe fosse para cobrar o Livro III na sua integralidade seria obrigat&oacute;rio mencionar: &ldquo;Dos Processos nos Tribunais e dos Meios de Impugna&ccedil;&atilde;o das Decis&otilde;es Judiciais&rdquo; apenas ou seguido de &ldquo;dois pontos&rdquo; indicando os t&oacute;picos deste livro que seriam objeto de cobran&ccedil;a.\n<\/p>\n<p>\n\tDiante disso, <strong>entendemos que voc&ecirc; deve recorrer dessa quest&atilde;o, argumentando que ela est&aacute; totalmente fora do edital<\/strong> e, mesmo que fosse efetuada interpreta&ccedil;&atilde;o ampliativa da ementa (o que n&atilde;o &eacute; recomend&aacute;vel por ferir a objetividade), n&atilde;o haveria como concluir que o assunto cobrado na quest&atilde;o 24 deveria ser estudado.\n<\/p>\n<p>\n\tQuem errou a quest&atilde;o, utilize as orienta&ccedil;&otilde;es que colocamos acima para fundamentar eventual recurso.\n<\/p>\n<p>\n\t&Eacute; parte integrante do concurso e fundamental para a sua aprova&ccedil;&atilde;o buscar todos os pontos poss&iacute;veis.\n<\/p>\n<p>\n\tA depender da sua nota, esse ponto poder&aacute; ser fundamental para torn&aacute;-lo T&eacute;cnico Judici&aacute;rio do TRF da 2&ordf; Regi&atilde;o.\n<\/p>\n<p>\n\tContem comigo!\n<\/p>\n<p>\n\t<span style=\"color:#FF0000;\"><strong>Quanto &agrave; QUEST&Atilde;O 25, do mesmo modo, e pelos mesmos fundamentos, podem recorrer da quest&atilde;o. A LETRA A, dada como incorreta, e gabarito da quest&atilde;o, consta de conteudo fora do edital! A fundamenta&ccedil;&atilde;o deve ser efetuada do mesmo modo, com refer&ecirc;ncia ao edital, explicando &agrave; comiss&atilde;o do concurso que n&atilde;o h&aacute; correla&ccedil;&atilde;o com a ementa. Se tiver d&uacute;vidas, deixe coment&aacute;rio.<\/strong><\/span>\n<\/p>\n<p>\n\tLembre de curtir a minha p&aacute;gina:\n<\/p>\n<p>\n\t<a href=\"https:\/\/www.facebook.com\/dpcparaconcursos\/\">https:\/\/www.facebook.com\/dpcparaconcursos\/<\/a>\n<\/p>\n<p>\n\tBons estudos!<\/p>\n","protected":false},"excerpt":{"rendered":"<p>RECURSO TRF 2&ordf; Regi&atilde;o &#8211; Direito Processual Civil Ap&oacute;s a publica&ccedil;&atilde;o dos nossos coment&aacute;rios, v&aacute;rios alunos entraram em contato&nbsp;pedindo esclarecimento quanto &agrave; quest&atilde;o 24 (Prova Amarela) para o cargo de T&eacute;cnico Judici&aacute;rio &ndash; &Aacute;rea Administrativa. Vejamos, primeiramente, a quest&atilde;o: &#8212; Quest&atilde;o 24 &ndash; TRF2&ordf; Regi&atilde;o &ndash; TJAA &ndash; 2017 O C&oacute;digo de Processo Civil de [&hellip;]<\/p>\n","protected":false},"author":180,"featured_media":66360,"comment_status":"open","ping_status":"open","sticky":false,"template":"","format":"standard","meta":{"post_tipo":"article","footnotes":""},"categories":[1,1984],"tags":[1614,1690,8,1294],"tax_estado":[],"class_list":["post-66357","post","type-post","status-publish","format-standard","has-post-thumbnail","hentry","category-cursos-e-concursos","category-tribunais","tag-concurso-trf-2","tag-direito-processual-civil","tag-recurso","tag-trf-2"],"acf":[],"yoast_head":"<!-- This site is optimized with the Yoast SEO Premium plugin v27.2 (Yoast SEO v27.2) - https:\/\/yoast.com\/product\/yoast-seo-premium-wordpress\/ -->\n<title>RECURSO TRF 2\u00aa Regi\u00e3o - Direito Processual Civil<\/title>\n<meta name=\"robots\" content=\"index, follow, max-snippet:-1, max-image-preview:large, max-video-preview:-1\" \/>\n<link rel=\"canonical\" href=\"https:\/\/www.estrategiaconcursos.com.br\/blog\/recurso-trf-2a-regiao-direito-processual-civil\/\" \/>\n<meta property=\"og:locale\" content=\"pt_BR\" \/>\n<meta property=\"og:type\" content=\"article\" \/>\n<meta property=\"og:title\" content=\"RECURSO TRF 2\u00aa Regi\u00e3o - Direito Processual Civil\" \/>\n<meta property=\"og:description\" content=\"RECURSO TRF 2&ordf; Regi&atilde;o &#8211; Direito Processual Civil Ap&oacute;s a publica&ccedil;&atilde;o dos nossos coment&aacute;rios, v&aacute;rios alunos entraram em contato&nbsp;pedindo esclarecimento quanto &agrave; quest&atilde;o 24 (Prova Amarela) para o cargo de T&eacute;cnico Judici&aacute;rio &ndash; &Aacute;rea Administrativa. Vejamos, primeiramente, a quest&atilde;o: &#8212; Quest&atilde;o 24 &ndash; TRF2&ordf; Regi&atilde;o &ndash; TJAA &ndash; 2017 O C&oacute;digo de Processo Civil de [&hellip;]\" \/>\n<meta property=\"og:url\" content=\"https:\/\/www.estrategiaconcursos.com.br\/blog\/recurso-trf-2a-regiao-direito-processual-civil\/\" \/>\n<meta property=\"og:site_name\" content=\"Estrat\u00e9gia Concursos\" \/>\n<meta property=\"article:author\" content=\"https:\/\/www.facebook.com\/ricardo.s.torques\" \/>\n<meta property=\"article:published_time\" content=\"2017-03-06T15:12:16+00:00\" \/>\n<meta property=\"article:modified_time\" content=\"2017-03-16T13:59:50+00:00\" \/>\n<meta property=\"og:image\" content=\"https:\/\/dhg1h5j42swfq.cloudfront.net\/2017\/03\/06114825\/recurso.jpg\" \/>\n\t<meta property=\"og:image:width\" content=\"780\" \/>\n\t<meta property=\"og:image:height\" content=\"460\" \/>\n\t<meta property=\"og:image:type\" content=\"image\/jpeg\" \/>\n<meta name=\"author\" content=\"Ricardo Torques\" \/>\n<meta name=\"twitter:card\" content=\"summary_large_image\" \/>\n<meta name=\"twitter:creator\" content=\"@EstratConcursos\" \/>\n<meta name=\"twitter:site\" content=\"@EstratConcursos\" \/>\n<meta name=\"twitter:label1\" content=\"Escrito por\" \/>\n\t<meta name=\"twitter:data1\" content=\"Ricardo Torques\" \/>\n\t<meta name=\"twitter:label2\" content=\"Est. tempo de leitura\" \/>\n\t<meta name=\"twitter:data2\" content=\"28 minutos\" \/>\n<script type=\"application\/ld+json\" class=\"yoast-schema-graph\">{\"@context\":\"https:\/\/schema.org\",\"@graph\":[{\"@type\":\"NewsArticle\",\"@id\":\"https:\/\/www.estrategiaconcursos.com.br\/blog\/recurso-trf-2a-regiao-direito-processual-civil\/#article\",\"isPartOf\":{\"@id\":\"https:\/\/www.estrategiaconcursos.com.br\/blog\/recurso-trf-2a-regiao-direito-processual-civil\/\"},\"author\":{\"name\":\"Ricardo Torques\",\"@id\":\"https:\/\/www.estrategiaconcursos.com.br\/blog\/#\/schema\/person\/aa39cf5ddb518e5bdce27c35788405e2\"},\"headline\":\"RECURSO TRF 2\u00aa Regi\u00e3o &#8211; Direito Processual Civil\",\"datePublished\":\"2017-03-06T15:12:16+00:00\",\"dateModified\":\"2017-03-16T13:59:50+00:00\",\"mainEntityOfPage\":{\"@id\":\"https:\/\/www.estrategiaconcursos.com.br\/blog\/recurso-trf-2a-regiao-direito-processual-civil\/\"},\"wordCount\":5648,\"commentCount\":14,\"publisher\":{\"@id\":\"https:\/\/www.estrategiaconcursos.com.br\/blog\/#organization\"},\"image\":{\"@id\":\"https:\/\/www.estrategiaconcursos.com.br\/blog\/recurso-trf-2a-regiao-direito-processual-civil\/#primaryimage\"},\"thumbnailUrl\":\"https:\/\/dhg1h5j42swfq.cloudfront.net\/2017\/03\/06114825\/recurso.jpg\",\"keywords\":[\"concurso trf 2\",\"Direito Processual Civil\",\"Recurso\",\"TRF 2\"],\"articleSection\":[\"Concursos P\u00fablicos\",\"Tribunais\"],\"inLanguage\":\"pt-BR\",\"potentialAction\":[{\"@type\":\"CommentAction\",\"name\":\"Comment\",\"target\":[\"https:\/\/www.estrategiaconcursos.com.br\/blog\/recurso-trf-2a-regiao-direito-processual-civil\/#respond\"]}],\"copyrightYear\":\"2017\",\"copyrightHolder\":{\"@id\":\"https:\/\/www.estrategiaconcursos.com.br\/blog\/#organization\"}},{\"@type\":\"WebPage\",\"@id\":\"https:\/\/www.estrategiaconcursos.com.br\/blog\/recurso-trf-2a-regiao-direito-processual-civil\/\",\"url\":\"https:\/\/www.estrategiaconcursos.com.br\/blog\/recurso-trf-2a-regiao-direito-processual-civil\/\",\"name\":\"RECURSO TRF 2\u00aa Regi\u00e3o - Direito Processual Civil\",\"isPartOf\":{\"@id\":\"https:\/\/www.estrategiaconcursos.com.br\/blog\/#website\"},\"primaryImageOfPage\":{\"@id\":\"https:\/\/www.estrategiaconcursos.com.br\/blog\/recurso-trf-2a-regiao-direito-processual-civil\/#primaryimage\"},\"image\":{\"@id\":\"https:\/\/www.estrategiaconcursos.com.br\/blog\/recurso-trf-2a-regiao-direito-processual-civil\/#primaryimage\"},\"thumbnailUrl\":\"https:\/\/dhg1h5j42swfq.cloudfront.net\/2017\/03\/06114825\/recurso.jpg\",\"datePublished\":\"2017-03-06T15:12:16+00:00\",\"dateModified\":\"2017-03-16T13:59:50+00:00\",\"breadcrumb\":{\"@id\":\"https:\/\/www.estrategiaconcursos.com.br\/blog\/recurso-trf-2a-regiao-direito-processual-civil\/#breadcrumb\"},\"inLanguage\":\"pt-BR\",\"potentialAction\":[{\"@type\":\"ReadAction\",\"target\":[\"https:\/\/www.estrategiaconcursos.com.br\/blog\/recurso-trf-2a-regiao-direito-processual-civil\/\"]}]},{\"@type\":\"ImageObject\",\"inLanguage\":\"pt-BR\",\"@id\":\"https:\/\/www.estrategiaconcursos.com.br\/blog\/recurso-trf-2a-regiao-direito-processual-civil\/#primaryimage\",\"url\":\"https:\/\/dhg1h5j42swfq.cloudfront.net\/2017\/03\/06114825\/recurso.jpg\",\"contentUrl\":\"https:\/\/dhg1h5j42swfq.cloudfront.net\/2017\/03\/06114825\/recurso.jpg\",\"width\":780,\"height\":460,\"caption\":\"Como diferenciar as esp\u00e9cies recursais\"},{\"@type\":\"BreadcrumbList\",\"@id\":\"https:\/\/www.estrategiaconcursos.com.br\/blog\/recurso-trf-2a-regiao-direito-processual-civil\/#breadcrumb\",\"itemListElement\":[{\"@type\":\"ListItem\",\"position\":1,\"name\":\"In\u00edcio\",\"item\":\"https:\/\/www.estrategiaconcursos.com.br\/blog\/\"},{\"@type\":\"ListItem\",\"position\":2,\"name\":\"RECURSO TRF 2\u00aa Regi\u00e3o &#8211; Direito Processual Civil\"}]},{\"@type\":\"WebSite\",\"@id\":\"https:\/\/www.estrategiaconcursos.com.br\/blog\/#website\",\"url\":\"https:\/\/www.estrategiaconcursos.com.br\/blog\/\",\"name\":\"Estrat\u00e9gia Concursos\",\"description\":\"O blog da Estrat\u00e9gia Concursos traz not\u00edcias sobre concursos e artigos de professores oferecendo cursos para concursos (pdf + videaulas) no site.\",\"publisher\":{\"@id\":\"https:\/\/www.estrategiaconcursos.com.br\/blog\/#organization\"},\"potentialAction\":[{\"@type\":\"SearchAction\",\"target\":{\"@type\":\"EntryPoint\",\"urlTemplate\":\"https:\/\/www.estrategiaconcursos.com.br\/blog\/?s={search_term_string}\"},\"query-input\":{\"@type\":\"PropertyValueSpecification\",\"valueRequired\":true,\"valueName\":\"search_term_string\"}}],\"inLanguage\":\"pt-BR\"},{\"@type\":\"Organization\",\"@id\":\"https:\/\/www.estrategiaconcursos.com.br\/blog\/#organization\",\"name\":\"Estrat\u00e9gia Concursos\",\"url\":\"https:\/\/www.estrategiaconcursos.com.br\/blog\/\",\"logo\":{\"@type\":\"ImageObject\",\"inLanguage\":\"pt-BR\",\"@id\":\"https:\/\/www.estrategiaconcursos.com.br\/blog\/#\/schema\/logo\/image\/\",\"url\":\"https:\/\/dhg1h5j42swfq.cloudfront.net\/2025\/06\/03203428\/logo_concursos-1.jpg\",\"contentUrl\":\"https:\/\/dhg1h5j42swfq.cloudfront.net\/2025\/06\/03203428\/logo_concursos-1.jpg\",\"width\":230,\"height\":60,\"caption\":\"Estrat\u00e9gia Concursos\"},\"image\":{\"@id\":\"https:\/\/www.estrategiaconcursos.com.br\/blog\/#\/schema\/logo\/image\/\"},\"sameAs\":[\"https:\/\/x.com\/EstratConcursos\"]},{\"@type\":\"Person\",\"@id\":\"https:\/\/www.estrategiaconcursos.com.br\/blog\/#\/schema\/person\/aa39cf5ddb518e5bdce27c35788405e2\",\"name\":\"Ricardo Torques\",\"image\":{\"@type\":\"ImageObject\",\"inLanguage\":\"pt-BR\",\"@id\":\"https:\/\/secure.gravatar.com\/avatar\/ce9ac6c3cff25fe86d15ed568ebc64d1724baf5c0693133bcb1f6073f712f92a?s=96&d=mm&r=g\",\"url\":\"https:\/\/secure.gravatar.com\/avatar\/ce9ac6c3cff25fe86d15ed568ebc64d1724baf5c0693133bcb1f6073f712f92a?s=96&d=mm&r=g\",\"contentUrl\":\"https:\/\/secure.gravatar.com\/avatar\/ce9ac6c3cff25fe86d15ed568ebc64d1724baf5c0693133bcb1f6073f712f92a?s=96&d=mm&r=g\",\"caption\":\"Ricardo Torques\"},\"sameAs\":[\"https:\/\/www.facebook.com\/ricardo.s.torques\"],\"url\":\"https:\/\/www.estrategiaconcursos.com.br\/blog\/author\/ricardotorquesestrategiaconcursos-com-br\/\"}]}<\/script>\n<!-- \/ Yoast SEO Premium plugin. -->","yoast_head_json":{"title":"RECURSO TRF 2\u00aa Regi\u00e3o - Direito Processual Civil","robots":{"index":"index","follow":"follow","max-snippet":"max-snippet:-1","max-image-preview":"max-image-preview:large","max-video-preview":"max-video-preview:-1"},"canonical":"https:\/\/www.estrategiaconcursos.com.br\/blog\/recurso-trf-2a-regiao-direito-processual-civil\/","og_locale":"pt_BR","og_type":"article","og_title":"RECURSO TRF 2\u00aa Regi\u00e3o - Direito Processual Civil","og_description":"RECURSO TRF 2&ordf; Regi&atilde;o &#8211; Direito Processual Civil Ap&oacute;s a publica&ccedil;&atilde;o dos nossos coment&aacute;rios, v&aacute;rios alunos entraram em contato&nbsp;pedindo esclarecimento quanto &agrave; quest&atilde;o 24 (Prova Amarela) para o cargo de T&eacute;cnico Judici&aacute;rio &ndash; &Aacute;rea Administrativa. Vejamos, primeiramente, a quest&atilde;o: &#8212; Quest&atilde;o 24 &ndash; TRF2&ordf; Regi&atilde;o &ndash; TJAA &ndash; 2017 O C&oacute;digo de Processo Civil de [&hellip;]","og_url":"https:\/\/www.estrategiaconcursos.com.br\/blog\/recurso-trf-2a-regiao-direito-processual-civil\/","og_site_name":"Estrat\u00e9gia Concursos","article_author":"https:\/\/www.facebook.com\/ricardo.s.torques","article_published_time":"2017-03-06T15:12:16+00:00","article_modified_time":"2017-03-16T13:59:50+00:00","og_image":[{"width":780,"height":460,"url":"https:\/\/dhg1h5j42swfq.cloudfront.net\/2017\/03\/06114825\/recurso.jpg","type":"image\/jpeg"}],"author":"Ricardo Torques","twitter_card":"summary_large_image","twitter_creator":"@EstratConcursos","twitter_site":"@EstratConcursos","twitter_misc":{"Escrito por":"Ricardo Torques","Est. tempo de leitura":"28 minutos"},"schema":{"@context":"https:\/\/schema.org","@graph":[{"@type":"NewsArticle","@id":"https:\/\/www.estrategiaconcursos.com.br\/blog\/recurso-trf-2a-regiao-direito-processual-civil\/#article","isPartOf":{"@id":"https:\/\/www.estrategiaconcursos.com.br\/blog\/recurso-trf-2a-regiao-direito-processual-civil\/"},"author":{"name":"Ricardo Torques","@id":"https:\/\/www.estrategiaconcursos.com.br\/blog\/#\/schema\/person\/aa39cf5ddb518e5bdce27c35788405e2"},"headline":"RECURSO TRF 2\u00aa Regi\u00e3o &#8211; Direito Processual Civil","datePublished":"2017-03-06T15:12:16+00:00","dateModified":"2017-03-16T13:59:50+00:00","mainEntityOfPage":{"@id":"https:\/\/www.estrategiaconcursos.com.br\/blog\/recurso-trf-2a-regiao-direito-processual-civil\/"},"wordCount":5648,"commentCount":14,"publisher":{"@id":"https:\/\/www.estrategiaconcursos.com.br\/blog\/#organization"},"image":{"@id":"https:\/\/www.estrategiaconcursos.com.br\/blog\/recurso-trf-2a-regiao-direito-processual-civil\/#primaryimage"},"thumbnailUrl":"https:\/\/dhg1h5j42swfq.cloudfront.net\/2017\/03\/06114825\/recurso.jpg","keywords":["concurso trf 2","Direito Processual Civil","Recurso","TRF 2"],"articleSection":["Concursos P\u00fablicos","Tribunais"],"inLanguage":"pt-BR","potentialAction":[{"@type":"CommentAction","name":"Comment","target":["https:\/\/www.estrategiaconcursos.com.br\/blog\/recurso-trf-2a-regiao-direito-processual-civil\/#respond"]}],"copyrightYear":"2017","copyrightHolder":{"@id":"https:\/\/www.estrategiaconcursos.com.br\/blog\/#organization"}},{"@type":"WebPage","@id":"https:\/\/www.estrategiaconcursos.com.br\/blog\/recurso-trf-2a-regiao-direito-processual-civil\/","url":"https:\/\/www.estrategiaconcursos.com.br\/blog\/recurso-trf-2a-regiao-direito-processual-civil\/","name":"RECURSO TRF 2\u00aa Regi\u00e3o - Direito Processual Civil","isPartOf":{"@id":"https:\/\/www.estrategiaconcursos.com.br\/blog\/#website"},"primaryImageOfPage":{"@id":"https:\/\/www.estrategiaconcursos.com.br\/blog\/recurso-trf-2a-regiao-direito-processual-civil\/#primaryimage"},"image":{"@id":"https:\/\/www.estrategiaconcursos.com.br\/blog\/recurso-trf-2a-regiao-direito-processual-civil\/#primaryimage"},"thumbnailUrl":"https:\/\/dhg1h5j42swfq.cloudfront.net\/2017\/03\/06114825\/recurso.jpg","datePublished":"2017-03-06T15:12:16+00:00","dateModified":"2017-03-16T13:59:50+00:00","breadcrumb":{"@id":"https:\/\/www.estrategiaconcursos.com.br\/blog\/recurso-trf-2a-regiao-direito-processual-civil\/#breadcrumb"},"inLanguage":"pt-BR","potentialAction":[{"@type":"ReadAction","target":["https:\/\/www.estrategiaconcursos.com.br\/blog\/recurso-trf-2a-regiao-direito-processual-civil\/"]}]},{"@type":"ImageObject","inLanguage":"pt-BR","@id":"https:\/\/www.estrategiaconcursos.com.br\/blog\/recurso-trf-2a-regiao-direito-processual-civil\/#primaryimage","url":"https:\/\/dhg1h5j42swfq.cloudfront.net\/2017\/03\/06114825\/recurso.jpg","contentUrl":"https:\/\/dhg1h5j42swfq.cloudfront.net\/2017\/03\/06114825\/recurso.jpg","width":780,"height":460,"caption":"Como diferenciar as esp\u00e9cies recursais"},{"@type":"BreadcrumbList","@id":"https:\/\/www.estrategiaconcursos.com.br\/blog\/recurso-trf-2a-regiao-direito-processual-civil\/#breadcrumb","itemListElement":[{"@type":"ListItem","position":1,"name":"In\u00edcio","item":"https:\/\/www.estrategiaconcursos.com.br\/blog\/"},{"@type":"ListItem","position":2,"name":"RECURSO TRF 2\u00aa Regi\u00e3o &#8211; Direito Processual Civil"}]},{"@type":"WebSite","@id":"https:\/\/www.estrategiaconcursos.com.br\/blog\/#website","url":"https:\/\/www.estrategiaconcursos.com.br\/blog\/","name":"Estrat\u00e9gia Concursos","description":"O blog da Estrat\u00e9gia Concursos traz not\u00edcias sobre concursos e artigos de professores oferecendo cursos para concursos (pdf + videaulas) no site.","publisher":{"@id":"https:\/\/www.estrategiaconcursos.com.br\/blog\/#organization"},"potentialAction":[{"@type":"SearchAction","target":{"@type":"EntryPoint","urlTemplate":"https:\/\/www.estrategiaconcursos.com.br\/blog\/?s={search_term_string}"},"query-input":{"@type":"PropertyValueSpecification","valueRequired":true,"valueName":"search_term_string"}}],"inLanguage":"pt-BR"},{"@type":"Organization","@id":"https:\/\/www.estrategiaconcursos.com.br\/blog\/#organization","name":"Estrat\u00e9gia Concursos","url":"https:\/\/www.estrategiaconcursos.com.br\/blog\/","logo":{"@type":"ImageObject","inLanguage":"pt-BR","@id":"https:\/\/www.estrategiaconcursos.com.br\/blog\/#\/schema\/logo\/image\/","url":"https:\/\/dhg1h5j42swfq.cloudfront.net\/2025\/06\/03203428\/logo_concursos-1.jpg","contentUrl":"https:\/\/dhg1h5j42swfq.cloudfront.net\/2025\/06\/03203428\/logo_concursos-1.jpg","width":230,"height":60,"caption":"Estrat\u00e9gia Concursos"},"image":{"@id":"https:\/\/www.estrategiaconcursos.com.br\/blog\/#\/schema\/logo\/image\/"},"sameAs":["https:\/\/x.com\/EstratConcursos"]},{"@type":"Person","@id":"https:\/\/www.estrategiaconcursos.com.br\/blog\/#\/schema\/person\/aa39cf5ddb518e5bdce27c35788405e2","name":"Ricardo Torques","image":{"@type":"ImageObject","inLanguage":"pt-BR","@id":"https:\/\/secure.gravatar.com\/avatar\/ce9ac6c3cff25fe86d15ed568ebc64d1724baf5c0693133bcb1f6073f712f92a?s=96&d=mm&r=g","url":"https:\/\/secure.gravatar.com\/avatar\/ce9ac6c3cff25fe86d15ed568ebc64d1724baf5c0693133bcb1f6073f712f92a?s=96&d=mm&r=g","contentUrl":"https:\/\/secure.gravatar.com\/avatar\/ce9ac6c3cff25fe86d15ed568ebc64d1724baf5c0693133bcb1f6073f712f92a?s=96&d=mm&r=g","caption":"Ricardo Torques"},"sameAs":["https:\/\/www.facebook.com\/ricardo.s.torques"],"url":"https:\/\/www.estrategiaconcursos.com.br\/blog\/author\/ricardotorquesestrategiaconcursos-com-br\/"}]}},"_links":{"self":[{"href":"https:\/\/www.estrategiaconcursos.com.br\/blog\/wp-json\/wp\/v2\/posts\/66357","targetHints":{"allow":["GET"]}}],"collection":[{"href":"https:\/\/www.estrategiaconcursos.com.br\/blog\/wp-json\/wp\/v2\/posts"}],"about":[{"href":"https:\/\/www.estrategiaconcursos.com.br\/blog\/wp-json\/wp\/v2\/types\/post"}],"author":[{"embeddable":true,"href":"https:\/\/www.estrategiaconcursos.com.br\/blog\/wp-json\/wp\/v2\/users\/180"}],"replies":[{"embeddable":true,"href":"https:\/\/www.estrategiaconcursos.com.br\/blog\/wp-json\/wp\/v2\/comments?post=66357"}],"version-history":[{"count":3,"href":"https:\/\/www.estrategiaconcursos.com.br\/blog\/wp-json\/wp\/v2\/posts\/66357\/revisions"}],"predecessor-version":[{"id":66387,"href":"https:\/\/www.estrategiaconcursos.com.br\/blog\/wp-json\/wp\/v2\/posts\/66357\/revisions\/66387"}],"wp:featuredmedia":[{"embeddable":true,"href":"https:\/\/www.estrategiaconcursos.com.br\/blog\/wp-json\/wp\/v2\/media\/66360"}],"wp:attachment":[{"href":"https:\/\/www.estrategiaconcursos.com.br\/blog\/wp-json\/wp\/v2\/media?parent=66357"}],"wp:term":[{"taxonomy":"category","embeddable":true,"href":"https:\/\/www.estrategiaconcursos.com.br\/blog\/wp-json\/wp\/v2\/categories?post=66357"},{"taxonomy":"post_tag","embeddable":true,"href":"https:\/\/www.estrategiaconcursos.com.br\/blog\/wp-json\/wp\/v2\/tags?post=66357"},{"taxonomy":"tax_estado","embeddable":true,"href":"https:\/\/www.estrategiaconcursos.com.br\/blog\/wp-json\/wp\/v2\/tax_estado?post=66357"}],"curies":[{"name":"wp","href":"https:\/\/api.w.org\/{rel}","templated":true}]}}