{"id":66355,"date":"2017-03-06T11:40:06","date_gmt":"2017-03-06T14:40:06","guid":{"rendered":"https:\/\/www.estrategiaconcursos.com.br\/blog\/?p=66355"},"modified":"2017-03-16T10:59:50","modified_gmt":"2017-03-16T13:59:50","slug":"gabarito-trf-2-tjaa-comentarios-as-questoes-de-penal-e-processo-penal","status":"publish","type":"post","link":"https:\/\/www.estrategiaconcursos.com.br\/blog\/gabarito-trf-2-tjaa-comentarios-as-questoes-de-penal-e-processo-penal\/","title":{"rendered":"GABARITO TRF 2 &#8211; TJAA &#8211; Coment\u00e1rios \u00e0s quest\u00f5es de penal e processo penal &#8211; TEM RECURSO"},"content":{"rendered":"<p style=\"text-align: center\">\n\t<b>GABARITO TRF 2&nbsp;&#8211; COMENT&Aacute;RIOS &#8211; TJAA (PENAL E PROCESSO PENAL)<\/b>\n<\/p>\n<p style=\"text-align: center\">\n\t&nbsp;\n<\/p>\n<p style=\"text-align: justify\">\n\tOl&aacute;, pessoal\n<\/p>\n<p style=\"text-align: justify\">\n\tPara quem n&atilde;o me conhece ainda, meu nome &eacute; <strong>Renan Araujo<\/strong> e sou professor aqui no Estrat&eacute;gia Concursos, lecionando as mat&eacute;rias de Direito Penal e Processual Penal.\n<\/p>\n<p style=\"text-align: justify\">\n\tNeste artigo vamos comentar as quest&otilde;es de Direito Penal e Direito Processual Penal que foram cobradas pela CONSULPLAN na recente prova do TRF 2, para o cargo de TJAA (GABARITO TRF 2 &#8211; TJAA).\n<\/p>\n<p style=\"text-align: justify\">\n\tA prova teve um n&iacute;vel fraco, at&eacute; abaixo do esperado. A exce&ccedil;&atilde;o fica por conta da quest&atilde;o 21, que podia complicar um pouco o aluno (talvez a quest&atilde;o 36 tamb&eacute;m). No mais, as quest&otilde;es foram simples, embora a reda&ccedil;&atilde;o pudesse ser melhor em algumas delas.\n<\/p>\n<p style=\"text-align: justify\">\n\t<span style=\"color:#FF0000\"><strong>H&aacute; possibilidade de recurso na quest&atilde;o 21, por fugir do exigido pelo EDITAL.<\/strong><\/span>\n<\/p>\n<p style=\"text-align: justify\">\n\tVamos aos coment&aacute;rios:\n<\/p>\n<p style=\"text-align: justify\">\n\t&nbsp;\n<\/p>\n<p style=\"text-align: justify\">\n\t<span style=\"color:#000000\"><strong>TJAA &#8211; PROVA AMARELA<\/strong><\/span>\n<\/p>\n<p style=\"text-align: justify\">\n\t&nbsp;\n<\/p>\n<p style=\"text-align: justify\">\n\t<strong>DIREITO&nbsp;PENAL<\/strong>\n<\/p>\n<p style=\"text-align: justify\">\n\t&nbsp;\n<\/p>\n<p style=\"text-align: justify\">\n\t<strong>Q. 21<\/strong>\n<\/p>\n<p style=\"text-align: justify\">\n\t<strong>&ldquo;N&atilde;o incorre na mesma pena do crime de descaminho o agente que&#8230;&rdquo;<\/strong>\n<\/p>\n<p style=\"text-align: justify\">\n\t<strong>GABARITO DA BANCA: LETRA D<\/strong>\n<\/p>\n<p style=\"text-align: justify\">\n\t<strong>COMENT&Aacute;RIOS<\/strong>: Nesta quest&atilde;o o candidato deveria ter conhecimento da figura que corresponde ao crime de descaminho e sua diferen&ccedil;a em rela&ccedil;&atilde;o ao contrabando.\n<\/p>\n<p style=\"text-align: justify\">\n\tDe fato, a letra D est&aacute; correta, pois a importa&ccedil;&atilde;o ou exporta&ccedil;&atilde;o de mercadoria proibida configura crime de contrabando, n&atilde;o descaminho, nos termos do art. 334-A do CP.\n<\/p>\n<p style=\"text-align: justify\">\n\tTodas as demais alternativas correspondem a condutas que implicam pena pelo crime de descaminho, nos termos do art. 334, &sect;1&ordm; do CP:\n<\/p>\n<p style=\"margin-left: 40px;text-align: justify\">\n\t<em>Art. 334.&nbsp; Iludir, no todo ou em parte, o pagamento de direito ou imposto devido pela entrada, pela sa&iacute;da ou pelo consumo de mercadoria (Reda&ccedil;&atilde;o dada pela Lei n&ordm; 13.008, de 26.6.2014)<\/em>\n<\/p>\n<p style=\"margin-left: 40px;text-align: justify\">\n\t<em>Pena &#8211; reclus&atilde;o, de 1 (um) a 4 (quatro) anos. (Reda&ccedil;&atilde;o dada pela Lei n&ordm; 13.008, de 26.6.2014)<\/em>\n<\/p>\n<p style=\"margin-left: 40px;text-align: justify\">\n\t<em>&sect; 1o&nbsp; Incorre na mesma pena quem:&nbsp; (Reda&ccedil;&atilde;o dada pela Lei n&ordm; 13.008, de 26.6.2014)<\/em>\n<\/p>\n<p style=\"margin-left: 40px;text-align: justify\">\n\t<em>I &#8211; pratica navega&ccedil;&atilde;o de cabotagem, fora dos casos permitidos em lei;&nbsp; (Reda&ccedil;&atilde;o dada pela Lei n&ordm; 13.008, de 26.6.2014)<\/em>\n<\/p>\n<p style=\"margin-left: 40px;text-align: justify\">\n\t<em>II &#8211; pratica fato assimilado, em lei especial, a descaminho;&nbsp; (Reda&ccedil;&atilde;o dada pela Lei n&ordm; 13.008, de 26.6.2014)<\/em>\n<\/p>\n<p style=\"margin-left: 40px;text-align: justify\">\n\t<em>III &#8211; vende, exp&otilde;e &agrave; venda, mant&eacute;m em dep&oacute;sito ou, de qualquer forma, utiliza em proveito pr&oacute;prio ou alheio, no exerc&iacute;cio de atividade comercial ou industrial, mercadoria de proced&ecirc;ncia estrangeira que introduziu clandestinamente no Pa&iacute;s ou importou fraudulentamente ou que sabe ser produto de introdu&ccedil;&atilde;o clandestina no territ&oacute;rio nacional ou de importa&ccedil;&atilde;o fraudulenta por parte de outrem; (Reda&ccedil;&atilde;o dada pela Lei n&ordm; 13.008, de 26.6.2014)<\/em>\n<\/p>\n<p style=\"margin-left: 40px;text-align: justify\">\n\t<em>IV &#8211; adquire, recebe ou oculta, em proveito pr&oacute;prio ou alheio, no exerc&iacute;cio de atividade comercial ou industrial, mercadoria de proced&ecirc;ncia estrangeira, desacompanhada de documenta&ccedil;&atilde;o legal ou acompanhada de documentos que sabe serem falsos.&nbsp; (Reda&ccedil;&atilde;o dada pela Lei n&ordm; 13.008, de 26.6.2014)<\/em>\n<\/p>\n<p style=\"text-align: justify\">\n\t<span style=\"color:#0000CD\"><strong>Portanto, a ALTERNATIVA CORRETA &Eacute; A LETRA D.<\/strong><\/span>\n<\/p>\n<p style=\"text-align: justify\">\n\t<span style=\"color:#FF0000\"><b>Todavia, esse tema se refere a um t&oacute;pico n&atilde;o exigido pelo edital (crimes praticados por PARTICULAR contra a administra&ccedil;&atilde;o em geral). Logo, DEVE SER ANULADA A QUEST&Atilde;O.<\/b><\/span>\n<\/p>\n<p style=\"text-align: justify\">\n\t&nbsp;\n<\/p>\n<p style=\"text-align: justify\">\n\t<strong>Q. 22<\/strong>\n<\/p>\n<p style=\"text-align: justify\">\n\t<strong>&ldquo;Assinale a alternativa que apresenta um crime&#8230;&rdquo;<\/strong>\n<\/p>\n<p style=\"text-align: justify\">\n\t<strong>GABARITO DA BANCA: LETRA C<\/strong>\n<\/p>\n<p style=\"text-align: justify\">\n\t<strong>COMENT&Aacute;RIOS<\/strong>: O gabarito da Banca est&aacute; correto. Dentre os crimes apresentados, apenas o PECULATO possui forma culposa (peculato culposa), nos termos do art. 312, &sect;2&ordm; do CP. Os demais crimes s&oacute; s&atilde;o pun&iacute;veis na forma dolosa, pois n&atilde;o h&aacute; previs&atilde;o expressa de puni&ccedil;&atilde;o a t&iacute;tulo de culpa.\n<\/p>\n<p style=\"text-align: justify\">\n\t<span style=\"color:#0000CD\"><strong>Portanto, a ALTERNATIVA CORRETA &Eacute; A LETRA C.<\/strong><\/span>\n<\/p>\n<p style=\"text-align: justify\">\n\t&nbsp;\n<\/p>\n<p style=\"text-align: justify\">\n\t<strong>Q. 23<\/strong>\n<\/p>\n<p style=\"text-align: justify\">\n\t<strong>&ldquo;Assinale a alternativa que apresenta a descri&ccedil;&atilde;o da conduta t&iacute;pica do crime de corrup&ccedil;&atilde;o passiva. &rdquo;<\/strong>\n<\/p>\n<p style=\"text-align: justify\">\n\t<strong>GABARITO DA BANCA: LETRA B<\/strong>\n<\/p>\n<p style=\"text-align: justify\">\n\t<strong>COMENT&Aacute;RIOS<\/strong>: O gabarito da Banca est&aacute; correto. O crime de corrup&ccedil;&atilde;o passiva &eacute; caracterizado pela conduta de &ldquo;solicitar ou receber, para si ou para outrem, direta ou indiretamente, ainda que fora da fun&ccedil;&atilde;o ou antes de assumi-la, mas em raz&atilde;o dela, vantagem indevida, ou aceitar promessa de tal vantagem&rdquo;, nos termos do art. 317 do CP.\n<\/p>\n<p style=\"text-align: justify\">\n\tA conduta da letra A corresponde &agrave; corrup&ccedil;&atilde;o ATIVA (art. 333 do CP).\n<\/p>\n<p style=\"text-align: justify\">\n\tA conduta da letra C corresponde &agrave; CONCUSS&Atilde;O (art. 316 do CP).\n<\/p>\n<p style=\"text-align: justify\">\n\tA conduta da letra D corresponde &agrave; PREVARICA&Ccedil;&Atilde;O (art. 319 do CP).\n<\/p>\n<p style=\"text-align: justify\">\n\t<span style=\"color:#0000CD\"><strong>Portanto, a ALTERNATIVA CORRETA &Eacute; A LETRA B.<\/strong><\/span>\n<\/p>\n<p style=\"text-align: justify\">\n\t&nbsp;\n<\/p>\n<p style=\"text-align: justify\">\n\t&nbsp;\n<\/p>\n<p style=\"text-align: justify\">\n\t&nbsp;\n<\/p>\n<p style=\"text-align: justify\">\n\t<strong>PROCESSO PENAL<\/strong>\n<\/p>\n<p style=\"text-align: justify\">\n\t&nbsp;\n<\/p>\n<p style=\"text-align: justify\">\n\t<strong>Q. 36<\/strong>\n<\/p>\n<p style=\"text-align: justify\">\n\t<strong>&ldquo;Sobre o tema inqu&eacute;rito policial&#8230;&rdquo;<\/strong>\n<\/p>\n<p style=\"text-align: justify\">\n\t<strong>GABARITO DA BANCA: LETRA D<\/strong>\n<\/p>\n<p style=\"text-align: justify\">\n\t<strong>COMENT&Aacute;RIOS<\/strong>: De fato, a letra D &eacute; a &uacute;nica INCORRETA, conforme pede o enunciado.\n<\/p>\n<p style=\"text-align: justify\">\n\tA letra A est&aacute; correta, nos termos do art. 12 do CPP.\n<\/p>\n<p style=\"text-align: justify\">\n\tA letra B est&aacute; correta, nos termos do art. 9&ordm; do CPP.\n<\/p>\n<p style=\"text-align: justify\">\n\tA letra C est&aacute; correta, nos termos do art. 18 do CPP.\n<\/p>\n<p style=\"text-align: justify\">\n\tA letra D, como dito, est&aacute; INCORRETA, pois, nos termos do art. 13-A do CP, pois neste caso (crime de sequestro), &eacute; poss&iacute;vel a requisi&ccedil;&atilde;o de tais informa&ccedil;&otilde;es diretamente pela autoridade policial.\n<\/p>\n<p style=\"text-align: justify\">\n\t<span style=\"color:#FF0000\"><strong>Portanto, a ALTERNATIVA INCORRETA &Eacute; A LETRA D.<\/strong><\/span>\n<\/p>\n<p style=\"text-align: justify\">\n\t&nbsp;\n<\/p>\n<p style=\"text-align: justify\">\n\t&nbsp;\n<\/p>\n<p style=\"text-align: justify\">\n\t<strong>Q. 37<\/strong>\n<\/p>\n<p style=\"text-align: justify\">\n\t<strong>&ldquo;Nos casos em que somente se procede mediante queixa&#8230;&rdquo;<\/strong>\n<\/p>\n<p style=\"text-align: justify\">\n\t<strong>GABARITO DA BANCA: LETRA B<\/strong>\n<\/p>\n<p style=\"text-align: justify\">\n\t<strong>COMENT&Aacute;RIOS<\/strong>: De fato, a letra B &eacute; a &uacute;nica correta, pois n&atilde;o corresponde a uma hip&oacute;tese de peremp&ccedil;&atilde;o.\n<\/p>\n<p style=\"text-align: justify\">\n\tAs hip&oacute;teses de peremp&ccedil;&atilde;o est&atilde;o previstas no art. 60 do CPP:\n<\/p>\n<p style=\"margin-left: 40px;text-align: justify\">\n\t<em>Art. 60.&nbsp; Nos casos em que somente se procede mediante queixa, considerar-se-&aacute; perempta a a&ccedil;&atilde;o penal:<\/em>\n<\/p>\n<p style=\"margin-left: 40px;text-align: justify\">\n\t<em>I &#8211; quando, iniciada esta, o querelante deixar de promover o andamento do processo durante 30 dias seguidos;<\/em>\n<\/p>\n<p style=\"margin-left: 40px;text-align: justify\">\n\t<em>II &#8211; quando, falecendo o querelante, ou sobrevindo sua incapacidade, n&atilde;o comparecer em ju&iacute;zo, para prosseguir no processo, dentro do prazo de 60 (sessenta) dias, qualquer das pessoas a quem couber faz&ecirc;-lo, ressalvado o disposto no art. 36;<\/em>\n<\/p>\n<p style=\"margin-left: 40px;text-align: justify\">\n\t<em>III &#8211; quando o querelante deixar de comparecer, sem motivo justificado, a qualquer ato do processo a que deva estar presente, ou deixar de formular o pedido de condena&ccedil;&atilde;o nas alega&ccedil;&otilde;es finais;<\/em>\n<\/p>\n<p style=\"margin-left: 40px;text-align: justify\">\n\t<em>IV &#8211; quando, sendo o querelante pessoa jur&iacute;dica, esta se extinguir sem deixar sucessor.<\/em>\n<\/p>\n<p style=\"text-align: justify\">\n\tComo se v&ecirc;, as situa&ccedil;&otilde;es das alternativas A, C e D correspondem a hip&oacute;teses em que haver&aacute; peremp&ccedil;&atilde;o da a&ccedil;&atilde;o penal, nos termos do art. 60, I, III e IV do CPP.\n<\/p>\n<p style=\"text-align: justify\">\n\t<span style=\"color:#0000CD\"><strong>Portanto, a ALTERNATIVA CORRETA &Eacute; A LETRA B.<\/strong><\/span>\n<\/p>\n<p style=\"text-align: justify\">\n\t&nbsp;\n<\/p>\n<p style=\"text-align: justify\">\n\t&nbsp;\n<\/p>\n<p style=\"text-align: justify\">\n\t<strong>Q. 38<\/strong>\n<\/p>\n<p style=\"text-align: justify\">\n\t<strong>&ldquo;Os Procuradores Regionais da Rep&uacute;blica&#8230;&rdquo;<\/strong>\n<\/p>\n<p style=\"text-align: justify\">\n\t<strong>GABARITO DA BANCA: LETRA C<\/strong>\n<\/p>\n<p style=\"text-align: justify\">\n\t<strong>COMENT&Aacute;RIOS<\/strong>: O gabarito est&aacute; correto, pois os Procuradores Regionais da Rep&uacute;blica s&atilde;o os membros do MPU que atuam perante os TRFs, ou seja, atuam na segunda inst&acirc;ncia. Estes membros do MPU possuem foro por prerrogativa de fun&ccedil;&atilde;o perante o STJ, ou seja, nos crimes comuns e nos crimes de responsabilidade s&atilde;o processados e julgados pelo STJ, nos termos do art. 105, I, &ldquo;a&rdquo; da CRFB\/88.\n<\/p>\n<p style=\"text-align: justify\">\n\t<span style=\"color:#0000CD\"><strong>Portanto, a ALTERNATIVA CORRETA &Eacute; A LETRA C.<\/strong><\/span>\n<\/p>\n<p style=\"text-align: justify\">\n\t&nbsp;\n<\/p>\n<p style=\"text-align: justify\">\n\t&nbsp;\n<\/p>\n<p style=\"text-align: justify\">\n\t<strong>Q. 39<\/strong>\n<\/p>\n<p style=\"text-align: justify\">\n\t<strong>&ldquo;Ser&aacute; admitida a decreta&ccedil;&atilde;o da pris&atilde;o preventiva&#8230;&rdquo;<\/strong>\n<\/p>\n<p style=\"text-align: justify\">\n\t<strong>GABARITO DA BANCA: LETRA C<\/strong>\n<\/p>\n<p style=\"text-align: justify\">\n\t<strong>COMENT&Aacute;RIOS<\/strong>: Al&eacute;m da necessidade de que haja a presen&ccedil;a dos requisitos e pressupostos previstos nos arts. 311 e 312 do CPP, a pris&atilde;o preventiva s&oacute; &eacute; admitida nas hip&oacute;teses previstas no art. 313 do CPP:\n<\/p>\n<p style=\"margin-left: 40px;text-align: justify\">\n\t<em>Art. 313.&nbsp; Nos termos do art. 312 deste C&oacute;digo, ser&aacute; admitida a decreta&ccedil;&atilde;o da pris&atilde;o preventiva: (Reda&ccedil;&atilde;o dada pela Lei n&ordm; 12.403, de 2011).<\/em>\n<\/p>\n<p style=\"margin-left: 40px;text-align: justify\">\n\t<em>I &#8211; nos crimes dolosos punidos com pena privativa de liberdade m&aacute;xima superior a 4 (quatro) anos;&nbsp;&nbsp;&nbsp;&nbsp;&nbsp;&nbsp;&nbsp; (Reda&ccedil;&atilde;o dada pela Lei n&ordm; 12.403, de 2011).<\/em>\n<\/p>\n<p style=\"margin-left: 40px;text-align: justify\">\n\t<em>II &#8211; se tiver sido condenado por outro crime doloso, em senten&ccedil;a transitada em julgado, ressalvado o disposto no inciso I do caput do art. 64 do Decreto-Lei no 2.848, de 7 de dezembro de 1940 &#8211; C&oacute;digo Penal; (Reda&ccedil;&atilde;o dada pela Lei n&ordm; 12.403, de 2011).<\/em>\n<\/p>\n<p style=\"margin-left: 40px;text-align: justify\">\n\t<em>III &#8211; se o crime envolver viol&ecirc;ncia dom&eacute;stica e familiar contra a mulher, crian&ccedil;a, adolescente, idoso, enfermo ou pessoa com defici&ecirc;ncia, para garantir a execu&ccedil;&atilde;o das medidas protetivas de urg&ecirc;ncia; (Reda&ccedil;&atilde;o dada pela Lei n&ordm; 12.403, de 2011).<\/em>\n<\/p>\n<p style=\"margin-left: 40px;text-align: justify\">\n\t<em>Par&aacute;grafo &uacute;nico.&nbsp; Tamb&eacute;m ser&aacute; admitida a pris&atilde;o preventiva quando houver d&uacute;vida sobre a identidade civil da pessoa ou quando esta n&atilde;o fornecer elementos suficientes para esclarec&ecirc;-la, devendo o preso ser colocado imediatamente em liberdade ap&oacute;s a identifica&ccedil;&atilde;o, salvo se outra hip&oacute;tese recomendar a manuten&ccedil;&atilde;o da medida. (Inclu&iacute;do pela Lei n&ordm; 12.403, de 2011).<\/em>\n<\/p>\n<p style=\"text-align: justify\">\n\tComo se v&ecirc;, a letra C est&aacute; correta, pois o fato de se tratar de crime doloso apenado com reclus&atilde;o N&Atilde;O &eacute; uma das condi&ccedil;&otilde;es previstas no art. 313 do CPP.\n<\/p>\n<p style=\"text-align: justify\">\n\tAs demais est&atilde;o corretas, nos termos do art. 313, I, III e &sect; &uacute;nico.\n<\/p>\n<p style=\"text-align: justify\">\n\t<span style=\"color:#0000CD\"><strong>Portanto, a ALTERNATIVA CORRETA &Eacute; A LETRA C.<\/strong><\/span>\n<\/p>\n<p style=\"text-align: justify\">\n\t&nbsp;\n<\/p>\n<p style=\"text-align: justify\">\n\t<strong>Q. 40<\/strong>\n<\/p>\n<p style=\"text-align: justify\">\n\t<strong>&ldquo;Da decis&atilde;o que denegar a apela&ccedil;&atilde;o ou a julgar deserta cabe(m): &rdquo;<\/strong>\n<\/p>\n<p style=\"text-align: justify\">\n\t<strong>GABARITO DA BANCA: LETRA A<\/strong>\n<\/p>\n<p style=\"text-align: justify\">\n\t<strong>COMENT&Aacute;RIOS<\/strong>: O gabarito est&aacute; correto, pois para impugnar tal decis&atilde;o o recurso cab&iacute;vel &eacute; o RESE (recurso em sentido estrito), nos termos do que disp&otilde;e o art. 581, XV do CPP.\n<\/p>\n<p style=\"text-align: justify\">\n\t<span style=\"color:#0000CD\"><strong>Portanto, a ALTERNATIVA CORRETA &Eacute; A LETRA A.<\/strong><\/span>\n<\/p>\n<p style=\"text-align: justify\">\n\t&nbsp;\n<\/p>\n<p style=\"text-align: justify\">\n\tSe voc&ecirc; quer conhecer mais do meu trabalho aqui no Estrat&eacute;gia Concursos, <a href=\"https:\/\/www.estrategiaconcursos.com.br\/cursosPorProfessor\/renan-araujo-3209\/\">clique aqui<\/a> e baixe, gratuitamente, as aulas demonstrativas dos meus cursos.\n<\/p>\n<p style=\"text-align: justify\">\n\t<strong>Bons estudos!<\/strong>\n<\/p>\n<p style=\"text-align: justify\">\n\t<strong>Prof. Renan Araujo<\/strong>\n<\/p>\n<p style=\"text-align: justify\">\n\t<strong>E-mail:&nbsp;<\/strong><a href=\"mailto:profrenanaraujo@gmail.com\"><strong>prof<\/strong><\/a><strong>renanaraujo@gmail.com<\/strong>\n<\/p>\n<p style=\"text-align: justify\">\n\t<strong>Periscope: @profrenanaraujo&nbsp;<\/strong>\n<\/p>\n<p style=\"text-align: justify\">\n\t<strong>Facebook:&nbsp;<\/strong><a href=\"http:\/\/www.facebook.com\/profrenanaraujoestrategia\"><strong>www.facebook.com\/profrenanaraujoestrategia<\/strong><\/a>\n<\/p>\n<p style=\"text-align: justify\">\n\t<strong>Instagram:&nbsp;<\/strong><a href=\"http:\/\/www.instagram.com\/profrenanaraujo\/?hl=pt-br\"><strong>www.instagram.com\/profrenanaraujo\/?hl=pt-br<\/strong><\/a>\n<\/p>\n<p style=\"text-align: justify\">\n\t<strong>Youtube:&nbsp;<\/strong><a href=\"http:\/\/www.youtube.com\/channel\/UClIFS2cyREWT35OELN8wcFQ\"><strong>www.youtube.com\/channel\/UClIFS2cyREWT35OELN8wcFQ<\/strong><\/a><\/p>\n","protected":false},"excerpt":{"rendered":"<p>GABARITO TRF 2&nbsp;&#8211; COMENT&Aacute;RIOS &#8211; TJAA (PENAL E PROCESSO PENAL) &nbsp; Ol&aacute;, pessoal Para quem n&atilde;o me conhece ainda, meu nome &eacute; Renan Araujo e sou professor aqui no Estrat&eacute;gia Concursos, lecionando as mat&eacute;rias de Direito Penal e Processual Penal. Neste artigo vamos comentar as quest&otilde;es de Direito Penal e Direito Processual Penal que foram [&hellip;]<\/p>\n","protected":false},"author":39,"featured_media":0,"comment_status":"open","ping_status":"open","sticky":false,"template":"","format":"standard","meta":{"post_tipo":"article","footnotes":""},"categories":[1,1984],"tags":[1294],"tax_estado":[],"class_list":["post-66355","post","type-post","status-publish","format-standard","hentry","category-cursos-e-concursos","category-tribunais","tag-trf-2"],"acf":[],"yoast_head":"<!-- This site is optimized with the Yoast SEO Premium plugin v27.2 (Yoast SEO v27.2) - https:\/\/yoast.com\/product\/yoast-seo-premium-wordpress\/ -->\n<title>GABARITO TRF 2 - T\u00c9CNICO - Penal e processo penal<\/title>\n<meta name=\"description\" content=\"GABARITO TRF 2 - Coment\u00e1rios do Prof. Renan Araujo \u00e0s quest\u00f5es de Direito Penal e Processo Penal do concurso TRF 2 (TJAA), elaborado pela CONSULPLAN.\" \/>\n<meta name=\"robots\" content=\"index, follow, max-snippet:-1, max-image-preview:large, max-video-preview:-1\" \/>\n<link rel=\"canonical\" href=\"https:\/\/www.estrategiaconcursos.com.br\/blog\/gabarito-trf-2-tjaa-comentarios-as-questoes-de-penal-e-processo-penal\/\" \/>\n<meta property=\"og:locale\" content=\"pt_BR\" \/>\n<meta property=\"og:type\" content=\"article\" \/>\n<meta property=\"og:title\" content=\"GABARITO TRF 2 - TJAA - Coment\u00e1rios \u00e0s quest\u00f5es de penal e processo penal - TEM RECURSO\" \/>\n<meta property=\"og:description\" content=\"GABARITO TRF 2 - Coment\u00e1rios do Prof. Renan Araujo \u00e0s quest\u00f5es de Direito Penal e Processo Penal do concurso TRF 2 (TJAA), elaborado pela CONSULPLAN.\" \/>\n<meta property=\"og:url\" content=\"https:\/\/www.estrategiaconcursos.com.br\/blog\/gabarito-trf-2-tjaa-comentarios-as-questoes-de-penal-e-processo-penal\/\" \/>\n<meta property=\"og:site_name\" content=\"Estrat\u00e9gia Concursos\" \/>\n<meta property=\"article:published_time\" content=\"2017-03-06T14:40:06+00:00\" \/>\n<meta property=\"article:modified_time\" content=\"2017-03-16T13:59:50+00:00\" \/>\n<meta name=\"author\" content=\"Renan Araujo\" \/>\n<meta name=\"twitter:card\" content=\"summary_large_image\" \/>\n<meta name=\"twitter:creator\" content=\"@EstratConcursos\" \/>\n<meta name=\"twitter:site\" content=\"@EstratConcursos\" \/>\n<meta name=\"twitter:label1\" content=\"Escrito por\" \/>\n\t<meta name=\"twitter:data1\" content=\"Renan Araujo\" \/>\n\t<meta name=\"twitter:label2\" content=\"Est. tempo de leitura\" \/>\n\t<meta name=\"twitter:data2\" content=\"9 minutos\" \/>\n<script type=\"application\/ld+json\" class=\"yoast-schema-graph\">{\"@context\":\"https:\/\/schema.org\",\"@graph\":[{\"@type\":\"NewsArticle\",\"@id\":\"https:\/\/www.estrategiaconcursos.com.br\/blog\/gabarito-trf-2-tjaa-comentarios-as-questoes-de-penal-e-processo-penal\/#article\",\"isPartOf\":{\"@id\":\"https:\/\/www.estrategiaconcursos.com.br\/blog\/gabarito-trf-2-tjaa-comentarios-as-questoes-de-penal-e-processo-penal\/\"},\"author\":{\"name\":\"Renan Araujo\",\"@id\":\"https:\/\/www.estrategiaconcursos.com.br\/blog\/#\/schema\/person\/1a7a7af72da82939a6308b2ee292162b\"},\"headline\":\"GABARITO TRF 2 &#8211; TJAA &#8211; Coment\u00e1rios \u00e0s quest\u00f5es de penal e processo penal &#8211; TEM RECURSO\",\"datePublished\":\"2017-03-06T14:40:06+00:00\",\"dateModified\":\"2017-03-16T13:59:50+00:00\",\"mainEntityOfPage\":{\"@id\":\"https:\/\/www.estrategiaconcursos.com.br\/blog\/gabarito-trf-2-tjaa-comentarios-as-questoes-de-penal-e-processo-penal\/\"},\"wordCount\":1847,\"commentCount\":32,\"publisher\":{\"@id\":\"https:\/\/www.estrategiaconcursos.com.br\/blog\/#organization\"},\"keywords\":[\"TRF 2\"],\"articleSection\":[\"Concursos P\u00fablicos\",\"Tribunais\"],\"inLanguage\":\"pt-BR\",\"potentialAction\":[{\"@type\":\"CommentAction\",\"name\":\"Comment\",\"target\":[\"https:\/\/www.estrategiaconcursos.com.br\/blog\/gabarito-trf-2-tjaa-comentarios-as-questoes-de-penal-e-processo-penal\/#respond\"]}],\"copyrightYear\":\"2017\",\"copyrightHolder\":{\"@id\":\"https:\/\/www.estrategiaconcursos.com.br\/blog\/#organization\"}},{\"@type\":\"WebPage\",\"@id\":\"https:\/\/www.estrategiaconcursos.com.br\/blog\/gabarito-trf-2-tjaa-comentarios-as-questoes-de-penal-e-processo-penal\/\",\"url\":\"https:\/\/www.estrategiaconcursos.com.br\/blog\/gabarito-trf-2-tjaa-comentarios-as-questoes-de-penal-e-processo-penal\/\",\"name\":\"GABARITO TRF 2 - T\u00c9CNICO - Penal e processo penal\",\"isPartOf\":{\"@id\":\"https:\/\/www.estrategiaconcursos.com.br\/blog\/#website\"},\"datePublished\":\"2017-03-06T14:40:06+00:00\",\"dateModified\":\"2017-03-16T13:59:50+00:00\",\"description\":\"GABARITO TRF 2 - Coment\u00e1rios do Prof. Renan Araujo \u00e0s quest\u00f5es de Direito Penal e Processo Penal do concurso TRF 2 (TJAA), elaborado pela CONSULPLAN.\",\"breadcrumb\":{\"@id\":\"https:\/\/www.estrategiaconcursos.com.br\/blog\/gabarito-trf-2-tjaa-comentarios-as-questoes-de-penal-e-processo-penal\/#breadcrumb\"},\"inLanguage\":\"pt-BR\",\"potentialAction\":[{\"@type\":\"ReadAction\",\"target\":[\"https:\/\/www.estrategiaconcursos.com.br\/blog\/gabarito-trf-2-tjaa-comentarios-as-questoes-de-penal-e-processo-penal\/\"]}]},{\"@type\":\"BreadcrumbList\",\"@id\":\"https:\/\/www.estrategiaconcursos.com.br\/blog\/gabarito-trf-2-tjaa-comentarios-as-questoes-de-penal-e-processo-penal\/#breadcrumb\",\"itemListElement\":[{\"@type\":\"ListItem\",\"position\":1,\"name\":\"In\u00edcio\",\"item\":\"https:\/\/www.estrategiaconcursos.com.br\/blog\/\"},{\"@type\":\"ListItem\",\"position\":2,\"name\":\"GABARITO TRF 2 &#8211; TJAA &#8211; Coment\u00e1rios \u00e0s quest\u00f5es de penal e processo penal &#8211; TEM RECURSO\"}]},{\"@type\":\"WebSite\",\"@id\":\"https:\/\/www.estrategiaconcursos.com.br\/blog\/#website\",\"url\":\"https:\/\/www.estrategiaconcursos.com.br\/blog\/\",\"name\":\"Estrat\u00e9gia Concursos\",\"description\":\"O blog da Estrat\u00e9gia Concursos traz not\u00edcias sobre concursos e artigos de professores oferecendo cursos para concursos (pdf + videaulas) no site.\",\"publisher\":{\"@id\":\"https:\/\/www.estrategiaconcursos.com.br\/blog\/#organization\"},\"potentialAction\":[{\"@type\":\"SearchAction\",\"target\":{\"@type\":\"EntryPoint\",\"urlTemplate\":\"https:\/\/www.estrategiaconcursos.com.br\/blog\/?s={search_term_string}\"},\"query-input\":{\"@type\":\"PropertyValueSpecification\",\"valueRequired\":true,\"valueName\":\"search_term_string\"}}],\"inLanguage\":\"pt-BR\"},{\"@type\":\"Organization\",\"@id\":\"https:\/\/www.estrategiaconcursos.com.br\/blog\/#organization\",\"name\":\"Estrat\u00e9gia Concursos\",\"url\":\"https:\/\/www.estrategiaconcursos.com.br\/blog\/\",\"logo\":{\"@type\":\"ImageObject\",\"inLanguage\":\"pt-BR\",\"@id\":\"https:\/\/www.estrategiaconcursos.com.br\/blog\/#\/schema\/logo\/image\/\",\"url\":\"https:\/\/dhg1h5j42swfq.cloudfront.net\/2025\/06\/03203428\/logo_concursos-1.jpg\",\"contentUrl\":\"https:\/\/dhg1h5j42swfq.cloudfront.net\/2025\/06\/03203428\/logo_concursos-1.jpg\",\"width\":230,\"height\":60,\"caption\":\"Estrat\u00e9gia Concursos\"},\"image\":{\"@id\":\"https:\/\/www.estrategiaconcursos.com.br\/blog\/#\/schema\/logo\/image\/\"},\"sameAs\":[\"https:\/\/x.com\/EstratConcursos\"]},{\"@type\":\"Person\",\"@id\":\"https:\/\/www.estrategiaconcursos.com.br\/blog\/#\/schema\/person\/1a7a7af72da82939a6308b2ee292162b\",\"name\":\"Renan Araujo\",\"image\":{\"@type\":\"ImageObject\",\"inLanguage\":\"pt-BR\",\"@id\":\"https:\/\/secure.gravatar.com\/avatar\/ca6cb9ba5a547fbe93c05c63d6103dff6c2566555a601f1efb8590a69fb9ed76?s=96&d=mm&r=g\",\"url\":\"https:\/\/secure.gravatar.com\/avatar\/ca6cb9ba5a547fbe93c05c63d6103dff6c2566555a601f1efb8590a69fb9ed76?s=96&d=mm&r=g\",\"contentUrl\":\"https:\/\/secure.gravatar.com\/avatar\/ca6cb9ba5a547fbe93c05c63d6103dff6c2566555a601f1efb8590a69fb9ed76?s=96&d=mm&r=g\",\"caption\":\"Renan Araujo\"},\"url\":\"https:\/\/www.estrategiaconcursos.com.br\/blog\/author\/renanaraujoestrategiaconcursos-com-br\/\"}]}<\/script>\n<!-- \/ Yoast SEO Premium plugin. -->","yoast_head_json":{"title":"GABARITO TRF 2 - T\u00c9CNICO - Penal e processo penal","description":"GABARITO TRF 2 - Coment\u00e1rios do Prof. Renan Araujo \u00e0s quest\u00f5es de Direito Penal e Processo Penal do concurso TRF 2 (TJAA), elaborado pela CONSULPLAN.","robots":{"index":"index","follow":"follow","max-snippet":"max-snippet:-1","max-image-preview":"max-image-preview:large","max-video-preview":"max-video-preview:-1"},"canonical":"https:\/\/www.estrategiaconcursos.com.br\/blog\/gabarito-trf-2-tjaa-comentarios-as-questoes-de-penal-e-processo-penal\/","og_locale":"pt_BR","og_type":"article","og_title":"GABARITO TRF 2 - TJAA - Coment\u00e1rios \u00e0s quest\u00f5es de penal e processo penal - TEM RECURSO","og_description":"GABARITO TRF 2 - Coment\u00e1rios do Prof. Renan Araujo \u00e0s quest\u00f5es de Direito Penal e Processo Penal do concurso TRF 2 (TJAA), elaborado pela CONSULPLAN.","og_url":"https:\/\/www.estrategiaconcursos.com.br\/blog\/gabarito-trf-2-tjaa-comentarios-as-questoes-de-penal-e-processo-penal\/","og_site_name":"Estrat\u00e9gia Concursos","article_published_time":"2017-03-06T14:40:06+00:00","article_modified_time":"2017-03-16T13:59:50+00:00","author":"Renan Araujo","twitter_card":"summary_large_image","twitter_creator":"@EstratConcursos","twitter_site":"@EstratConcursos","twitter_misc":{"Escrito por":"Renan Araujo","Est. tempo de leitura":"9 minutos"},"schema":{"@context":"https:\/\/schema.org","@graph":[{"@type":"NewsArticle","@id":"https:\/\/www.estrategiaconcursos.com.br\/blog\/gabarito-trf-2-tjaa-comentarios-as-questoes-de-penal-e-processo-penal\/#article","isPartOf":{"@id":"https:\/\/www.estrategiaconcursos.com.br\/blog\/gabarito-trf-2-tjaa-comentarios-as-questoes-de-penal-e-processo-penal\/"},"author":{"name":"Renan Araujo","@id":"https:\/\/www.estrategiaconcursos.com.br\/blog\/#\/schema\/person\/1a7a7af72da82939a6308b2ee292162b"},"headline":"GABARITO TRF 2 &#8211; TJAA &#8211; Coment\u00e1rios \u00e0s quest\u00f5es de penal e processo penal &#8211; TEM RECURSO","datePublished":"2017-03-06T14:40:06+00:00","dateModified":"2017-03-16T13:59:50+00:00","mainEntityOfPage":{"@id":"https:\/\/www.estrategiaconcursos.com.br\/blog\/gabarito-trf-2-tjaa-comentarios-as-questoes-de-penal-e-processo-penal\/"},"wordCount":1847,"commentCount":32,"publisher":{"@id":"https:\/\/www.estrategiaconcursos.com.br\/blog\/#organization"},"keywords":["TRF 2"],"articleSection":["Concursos P\u00fablicos","Tribunais"],"inLanguage":"pt-BR","potentialAction":[{"@type":"CommentAction","name":"Comment","target":["https:\/\/www.estrategiaconcursos.com.br\/blog\/gabarito-trf-2-tjaa-comentarios-as-questoes-de-penal-e-processo-penal\/#respond"]}],"copyrightYear":"2017","copyrightHolder":{"@id":"https:\/\/www.estrategiaconcursos.com.br\/blog\/#organization"}},{"@type":"WebPage","@id":"https:\/\/www.estrategiaconcursos.com.br\/blog\/gabarito-trf-2-tjaa-comentarios-as-questoes-de-penal-e-processo-penal\/","url":"https:\/\/www.estrategiaconcursos.com.br\/blog\/gabarito-trf-2-tjaa-comentarios-as-questoes-de-penal-e-processo-penal\/","name":"GABARITO TRF 2 - T\u00c9CNICO - Penal e processo penal","isPartOf":{"@id":"https:\/\/www.estrategiaconcursos.com.br\/blog\/#website"},"datePublished":"2017-03-06T14:40:06+00:00","dateModified":"2017-03-16T13:59:50+00:00","description":"GABARITO TRF 2 - Coment\u00e1rios do Prof. Renan Araujo \u00e0s quest\u00f5es de Direito Penal e Processo Penal do concurso TRF 2 (TJAA), elaborado pela CONSULPLAN.","breadcrumb":{"@id":"https:\/\/www.estrategiaconcursos.com.br\/blog\/gabarito-trf-2-tjaa-comentarios-as-questoes-de-penal-e-processo-penal\/#breadcrumb"},"inLanguage":"pt-BR","potentialAction":[{"@type":"ReadAction","target":["https:\/\/www.estrategiaconcursos.com.br\/blog\/gabarito-trf-2-tjaa-comentarios-as-questoes-de-penal-e-processo-penal\/"]}]},{"@type":"BreadcrumbList","@id":"https:\/\/www.estrategiaconcursos.com.br\/blog\/gabarito-trf-2-tjaa-comentarios-as-questoes-de-penal-e-processo-penal\/#breadcrumb","itemListElement":[{"@type":"ListItem","position":1,"name":"In\u00edcio","item":"https:\/\/www.estrategiaconcursos.com.br\/blog\/"},{"@type":"ListItem","position":2,"name":"GABARITO TRF 2 &#8211; TJAA &#8211; Coment\u00e1rios \u00e0s quest\u00f5es de penal e processo penal &#8211; TEM RECURSO"}]},{"@type":"WebSite","@id":"https:\/\/www.estrategiaconcursos.com.br\/blog\/#website","url":"https:\/\/www.estrategiaconcursos.com.br\/blog\/","name":"Estrat\u00e9gia Concursos","description":"O blog da Estrat\u00e9gia Concursos traz not\u00edcias sobre concursos e artigos de professores oferecendo cursos para concursos (pdf + videaulas) no site.","publisher":{"@id":"https:\/\/www.estrategiaconcursos.com.br\/blog\/#organization"},"potentialAction":[{"@type":"SearchAction","target":{"@type":"EntryPoint","urlTemplate":"https:\/\/www.estrategiaconcursos.com.br\/blog\/?s={search_term_string}"},"query-input":{"@type":"PropertyValueSpecification","valueRequired":true,"valueName":"search_term_string"}}],"inLanguage":"pt-BR"},{"@type":"Organization","@id":"https:\/\/www.estrategiaconcursos.com.br\/blog\/#organization","name":"Estrat\u00e9gia Concursos","url":"https:\/\/www.estrategiaconcursos.com.br\/blog\/","logo":{"@type":"ImageObject","inLanguage":"pt-BR","@id":"https:\/\/www.estrategiaconcursos.com.br\/blog\/#\/schema\/logo\/image\/","url":"https:\/\/dhg1h5j42swfq.cloudfront.net\/2025\/06\/03203428\/logo_concursos-1.jpg","contentUrl":"https:\/\/dhg1h5j42swfq.cloudfront.net\/2025\/06\/03203428\/logo_concursos-1.jpg","width":230,"height":60,"caption":"Estrat\u00e9gia Concursos"},"image":{"@id":"https:\/\/www.estrategiaconcursos.com.br\/blog\/#\/schema\/logo\/image\/"},"sameAs":["https:\/\/x.com\/EstratConcursos"]},{"@type":"Person","@id":"https:\/\/www.estrategiaconcursos.com.br\/blog\/#\/schema\/person\/1a7a7af72da82939a6308b2ee292162b","name":"Renan Araujo","image":{"@type":"ImageObject","inLanguage":"pt-BR","@id":"https:\/\/secure.gravatar.com\/avatar\/ca6cb9ba5a547fbe93c05c63d6103dff6c2566555a601f1efb8590a69fb9ed76?s=96&d=mm&r=g","url":"https:\/\/secure.gravatar.com\/avatar\/ca6cb9ba5a547fbe93c05c63d6103dff6c2566555a601f1efb8590a69fb9ed76?s=96&d=mm&r=g","contentUrl":"https:\/\/secure.gravatar.com\/avatar\/ca6cb9ba5a547fbe93c05c63d6103dff6c2566555a601f1efb8590a69fb9ed76?s=96&d=mm&r=g","caption":"Renan Araujo"},"url":"https:\/\/www.estrategiaconcursos.com.br\/blog\/author\/renanaraujoestrategiaconcursos-com-br\/"}]}},"_links":{"self":[{"href":"https:\/\/www.estrategiaconcursos.com.br\/blog\/wp-json\/wp\/v2\/posts\/66355","targetHints":{"allow":["GET"]}}],"collection":[{"href":"https:\/\/www.estrategiaconcursos.com.br\/blog\/wp-json\/wp\/v2\/posts"}],"about":[{"href":"https:\/\/www.estrategiaconcursos.com.br\/blog\/wp-json\/wp\/v2\/types\/post"}],"author":[{"embeddable":true,"href":"https:\/\/www.estrategiaconcursos.com.br\/blog\/wp-json\/wp\/v2\/users\/39"}],"replies":[{"embeddable":true,"href":"https:\/\/www.estrategiaconcursos.com.br\/blog\/wp-json\/wp\/v2\/comments?post=66355"}],"version-history":[{"count":2,"href":"https:\/\/www.estrategiaconcursos.com.br\/blog\/wp-json\/wp\/v2\/posts\/66355\/revisions"}],"predecessor-version":[{"id":66363,"href":"https:\/\/www.estrategiaconcursos.com.br\/blog\/wp-json\/wp\/v2\/posts\/66355\/revisions\/66363"}],"wp:attachment":[{"href":"https:\/\/www.estrategiaconcursos.com.br\/blog\/wp-json\/wp\/v2\/media?parent=66355"}],"wp:term":[{"taxonomy":"category","embeddable":true,"href":"https:\/\/www.estrategiaconcursos.com.br\/blog\/wp-json\/wp\/v2\/categories?post=66355"},{"taxonomy":"post_tag","embeddable":true,"href":"https:\/\/www.estrategiaconcursos.com.br\/blog\/wp-json\/wp\/v2\/tags?post=66355"},{"taxonomy":"tax_estado","embeddable":true,"href":"https:\/\/www.estrategiaconcursos.com.br\/blog\/wp-json\/wp\/v2\/tax_estado?post=66355"}],"curies":[{"name":"wp","href":"https:\/\/api.w.org\/{rel}","templated":true}]}}