{"id":663435,"date":"2021-02-03T18:43:44","date_gmt":"2021-02-03T21:43:44","guid":{"rendered":"https:\/\/www.estrategiaconcursos.com.br\/blog\/?p=663435"},"modified":"2021-02-04T11:10:13","modified_gmt":"2021-02-04T14:10:13","slug":"retomado-concurso-setec-inscricoes-reabertas","status":"publish","type":"post","link":"https:\/\/www.estrategiaconcursos.com.br\/blog\/retomado-concurso-setec-inscricoes-reabertas\/","title":{"rendered":"Com retomada, concurso SETEC ter\u00e1 inscri\u00e7\u00f5es reabertas!"},"content":{"rendered":"\n<p>Foram retomadas as atividades do concurso p\u00fablico da empresa de <strong>Servi\u00e7os T\u00e9cnicos Gerais de Campinas<\/strong>. Com isso, o edital SETEC foi republicado com altera\u00e7\u00f5es em seu cronograma, tais como nas datas de inscri\u00e7\u00f5es e provas.<\/p>\n\n\n\n<p>Portanto, aqueles que t\u00eam interesse em participar do concurso devem ficar atentos quanto ao novo calend\u00e1rio. Isso porque ser\u00e1 aberto um novo prazo de candidatura e todo o procedimento dever\u00e1 ser feito no site do Instituto Mais, entre os dias <strong>08 de fevereiro e 11 de mar\u00e7o<\/strong>.<\/p>\n\n\n\n<p>Al\u00e9m disso, para que as inscri\u00e7\u00f5es sejam deferidas, ou seja, aceitas, ser\u00e1 necess\u00e1rio efetuar o pagamento da taxa determinado pelo SETEC. O valor varia conforme o grau de escolaridade do cargo, sendo: <\/p>\n\n\n\n<ul class=\"wp-block-list\"><li><strong>Fundamental<\/strong>: R$ 53,00<\/li><li><strong>M\u00e9dio<\/strong>: R$ 66,00<\/li><li><strong>Superior<\/strong>: R$ 81,00<\/li><\/ul>\n\n\n\n<p>As etapas de avalia\u00e7\u00e3o tamb\u00e9m ganharam novas datas de aplica\u00e7\u00e3o. As provas objetivas e pr\u00e1tico-profissional, por exemplo, ser\u00e3o realizadas na data prevista de <strong>18 de abril<\/strong>, em turnos distintos. A entrega dos t\u00edtulos dever\u00e1 acontecer no mesmo dia, no per\u00edodo da manh\u00e3.<\/p>\n\n\n\n<h2 class=\"has-medium-font-size wp-block-heading\" id=\"h-confira-a-ntegra-dos-editais-republicados-do-concurso-setec-contendo-todas-as-altera-es-nas-inscri-es-e-demais-datas-do-cronograma\"><span class=\"has-inline-color has-black-color\">Confira a \u00edntegra dos editais republicados do concurso SETEC, contendo todas as altera\u00e7\u00f5es nas inscri\u00e7\u00f5es e demais datas do cronograma:<\/span><\/h2>\n\n\n\n<p class=\"has-text-align-center has-background has-medium-font-size\" style=\"background-color:#eeeeee\"><strong><a href=\"https:\/\/dhg1h5j42swfq.cloudfront.net\/2025\/06\/03173212\/cp-02_2020_procurador_edital_reabertura-e-retificacao_2021_publicado_03-02-2021-1.pdf\" target=\"_blank\" rel=\"noreferrer noopener\">SETEC \u2013 Procurador<\/a>&nbsp;|&nbsp;<a href=\"https:\/\/dhg1h5j42swfq.cloudfront.net\/2025\/06\/03172048\/cp-01_2020_edital_reabertura-e-retificacao_2021_publicado_03-02-2021.pdf\" target=\"_blank\" rel=\"noreferrer noopener\">SETEC \u2013 Geral<\/a><\/strong><\/p>\n\n\n\n<h2 class=\"wp-block-heading\" id=\"h-sobre-o-concurso-setec\">Sobre o concurso SETEC<\/h2>\n\n\n\n<p>Os editais do concurso SETEC ofertam&nbsp;<strong>32 vagas para provimento imediato<\/strong>. O primeiro traz oportunidades para diferentes cargos nos n\u00edveis fundamental, m\u00e9dio e superior. J\u00e1 o segundo contempla vagas para Procurador.<\/p>\n\n\n\n<p>Os sal\u00e1rios a serem pagos variam de <strong>R$ 1.864,44 a R$ 8.286,45<\/strong>. Al\u00e9m deste valor, os profissionais tamb\u00e9m receber\u00e3o outros benef\u00edcios, tais como Vale Transporte, Cesta B\u00e1sica de Alimentos, Vale Alimenta\u00e7\u00e3o, Conv\u00eanio M\u00e9dico e Conv\u00eanio Odontol\u00f3gico.<\/p>\n\n\n\n<p class=\"has-text-align-center has-background has-medium-font-size\" style=\"background-color:#eeeeee\"><strong>Saiba mais: <a href=\"https:\/\/www.estrategiaconcursos.com.br\/blog\/concurso-setec-campinas\/\" target=\"_blank\" rel=\"noreferrer noopener\">Concurso SETEC Campinas<\/a><\/strong><\/p>\n\n\n\n<hr class=\"wp-block-separator\"\/>\n\n\n\n<div class=\"container\" id=\"boxes\">\n  <div class=\"row\">\n\n    <div class=\"col-sm\">\n      <div class=\"banner-adm\" id=\"box-assinatura\">\n        <h3 class=\"titulo-assinatura\">Cursos SETEC<\/h3>\n        <p class=\"subtitulo-assinatura\">Estude conosco<\/p>\n        <div class=\"box-botao\">\n          <a class=\"btn-assinatura\" target=\"_blank\" href=\"https:\/\/www.estrategiaconcursos.com.br\/cursos\/\" role=\"button\" rel=\"noopener noreferrer\">Conhe\u00e7a os cursos<\/a>\n        <\/div>\n      <\/div>\n     \n    <\/div>\n\n  <\/div>\n<\/div>\n\n\n\n<div class=\"container\" id=\"boxes\">\n  <div class=\"row\">\n\n    <div class=\"col-sm\">\n      <div class=\"estrategia\" id=\"box-assinatura\">\n        <h3 class=\"titulo-assinatura\">Assinatura Ilimitada<\/h3>\n        <p class=\"subtitulo-assinatura\">Assinatura Anual Ilimitada*<\/p>\n        <div class=\"box-botao\">\n          <a class=\"btn-assinatura\" target=\"_blank\" href=\"https:\/\/www.estrategiaconcursos.com.br\/assinaturas\/\" role=\"button\" rel=\"noopener noreferrer\">ASSINE AGORA<\/a>\n        <\/div>\n      <\/div>\n      <p class=\"texto-auxiliar\">Prepare-se com o melhor material e com quem mais aprova em Concursos P\u00fablicos em todo o pa\u00eds. Assine agora a nossa Assinatura Anual e tenha acesso ilimitado* a todos os nossos cursos.<\/p>\n    <\/div>\n\n    <div class=\"col-sm\">\n      <div class=\"questoes\" id=\"box-assinatura\">\n        <h3 class=\"titulo-assinatura\">Sistema de Quest\u00f5es<\/h3>\n        <p class=\"subtitulo-assinatura\">Assinatura Ilimitada*\n<\/p>\n        <div class=\"box-botao\">\n          <a class=\"btn-assinatura\" target=\"_blank\" href=\"https:\/\/questoes.estrategiaconcursos.com.br\/\" role=\"button\" rel=\"noopener noreferrer\">ASSINE AGORA<\/a>\n        <\/div>\n      <\/div>\n      <p class=\"texto-auxiliar\">Estrat\u00e9gia Quest\u00f5es nasceu maior do que todos os concorrentes, com mais quest\u00f5es cadastradas e mais solu\u00e7\u00f5es por professores. Clique no link e aproveite os descontos e b\u00f4nus imperd\u00edveis!<\/p>\n    <\/div>\n  <\/div>\n<\/div>\n\n\n\n<div class=\"container\" id=\"boxes\">\n  <div class=\"row\">\n\n    <div class=\"col-sm\" id=\"boxes-concursos\">\n      <div style=\"background-color: #005DAD;\" class=\"conteudo-concursos\" id=\"box-concursos\">\n        <h3 class=\"titulo-assinatura\">Concursos Abertos<\/h3>\n        <p class=\"subtitulo-assinatura\">mais de 15 mil vagas<\/p>\n        <div class=\"box-botao\">\n          <a class=\"btn-assinatura\" target=\"_blank\" href=\"https:\/\/www.estrategiaconcursos.com.br\/blog\/concursos-abertos\/\" role=\"button\" rel=\"noopener noreferrer\">Conhe\u00e7a Agora<\/a>\n        <\/div>\n      <\/div>\n    <\/div>\n\n    <div class=\"col-sm\" id=\"boxes-concursos\">\n      <div style=\"background-color: #419FF0;\" class=\"conteudo-concursos\" id=\"box-concursos\">\n        <h3 class=\"titulo-assinatura\">Concursos 2021<\/h3>\n        <p class=\"subtitulo-assinatura\">mais de 50 mil vagas<\/p>\n        <div class=\"box-botao\">\n          <a class=\"btn-assinatura\" target=\"_blank\" href=\"https:\/\/www.estrategiaconcursos.com.br\/blog\/concursos-2021\/\" role=\"button\" rel=\"noopener noreferrer\">Conhe\u00e7a Agora<\/a>\n        <\/div>\n      <\/div>\n    <\/div>\n\n  <\/div>\n<\/div>\n","protected":false},"excerpt":{"rendered":"<p>Foram retomadas as atividades do concurso p\u00fablico da empresa de Servi\u00e7os T\u00e9cnicos Gerais de Campinas. Com isso, o edital SETEC foi republicado com altera\u00e7\u00f5es em seu cronograma, tais como nas datas de inscri\u00e7\u00f5es e provas. Portanto, aqueles que t\u00eam interesse em participar do concurso devem ficar atentos quanto ao novo calend\u00e1rio. Isso porque ser\u00e1 aberto [&hellip;]<\/p>\n","protected":false},"author":1,"featured_media":489627,"comment_status":"open","ping_status":"closed","sticky":false,"template":"","format":"standard","meta":{"post_tipo":"news","footnotes":""},"categories":[214992],"tags":[],"tax_estado":[219989],"class_list":["post-663435","post","type-post","status-publish","format-standard","has-post-thumbnail","hentry","category-concursos-administrativos","tax_estado-sp"],"acf":[],"yoast_head":"<!-- This site is optimized with the Yoast SEO Premium plugin v27.2 (Yoast SEO v27.2) - https:\/\/yoast.com\/product\/yoast-seo-premium-wordpress\/ -->\n<title>Com retomada, concurso SETEC ter\u00e1 inscri\u00e7\u00f5es reabertas!<\/title>\n<meta name=\"description\" content=\"Ap\u00f3s meses suspenso, SETEC Campinas retoma atividades de concurso p\u00fablico, com inscri\u00e7\u00f5es reabertas e provas em abril. Saiba mais!\" \/>\n<meta name=\"robots\" content=\"index, follow, max-snippet:-1, max-image-preview:large, max-video-preview:-1\" \/>\n<link rel=\"canonical\" href=\"https:\/\/www.estrategiaconcursos.com.br\/blog\/retomado-concurso-setec-inscricoes-reabertas\/\" \/>\n<meta property=\"og:locale\" content=\"pt_BR\" \/>\n<meta property=\"og:type\" content=\"article\" \/>\n<meta property=\"og:title\" content=\"Com retomada, concurso SETEC ter\u00e1 inscri\u00e7\u00f5es reabertas!\" \/>\n<meta property=\"og:description\" content=\"Ap\u00f3s meses suspenso, SETEC Campinas retoma atividades de concurso p\u00fablico, com inscri\u00e7\u00f5es reabertas e provas em abril. Saiba mais!\" \/>\n<meta property=\"og:url\" content=\"https:\/\/www.estrategiaconcursos.com.br\/blog\/retomado-concurso-setec-inscricoes-reabertas\/\" \/>\n<meta property=\"og:site_name\" content=\"Estrat\u00e9gia Concursos\" \/>\n<meta property=\"article:author\" content=\"https:\/\/www.facebook.com\/EstrategiaConcursos\" \/>\n<meta property=\"article:published_time\" content=\"2021-02-03T21:43:44+00:00\" \/>\n<meta property=\"article:modified_time\" content=\"2021-02-04T14:10:13+00:00\" \/>\n<meta property=\"og:image\" content=\"https:\/\/dhg1h5j42swfq.cloudfront.net\/2020\/03\/07112747\/SETEC_CAMPINAS.jpg\" \/>\n\t<meta property=\"og:image:width\" content=\"1200\" \/>\n\t<meta property=\"og:image:height\" content=\"628\" \/>\n\t<meta property=\"og:image:type\" content=\"image\/jpeg\" \/>\n<meta name=\"author\" content=\"Coordena\u00e7\u00e3o\" \/>\n<meta name=\"twitter:card\" content=\"summary_large_image\" \/>\n<meta name=\"twitter:creator\" content=\"@EstratConcursos\" \/>\n<meta name=\"twitter:site\" content=\"@EstratConcursos\" \/>\n<meta name=\"twitter:label1\" content=\"Escrito por\" \/>\n\t<meta name=\"twitter:data1\" content=\"Coordena\u00e7\u00e3o\" \/>\n\t<meta name=\"twitter:label2\" content=\"Est. tempo de leitura\" \/>\n\t<meta name=\"twitter:data2\" content=\"2 minutos\" \/>\n<script type=\"application\/ld+json\" class=\"yoast-schema-graph\">{\"@context\":\"https:\/\/schema.org\",\"@graph\":[{\"@type\":\"NewsArticle\",\"@id\":\"https:\/\/www.estrategiaconcursos.com.br\/blog\/retomado-concurso-setec-inscricoes-reabertas\/#article\",\"isPartOf\":{\"@id\":\"https:\/\/www.estrategiaconcursos.com.br\/blog\/retomado-concurso-setec-inscricoes-reabertas\/\"},\"author\":{\"name\":\"Coordena\u00e7\u00e3o\",\"@id\":\"https:\/\/www.estrategiaconcursos.com.br\/blog\/#\/schema\/person\/b4a388c97673c5f483d72185668afa1f\"},\"headline\":\"Com retomada, concurso SETEC ter\u00e1 inscri\u00e7\u00f5es reabertas!\",\"datePublished\":\"2021-02-03T21:43:44+00:00\",\"dateModified\":\"2021-02-04T14:10:13+00:00\",\"mainEntityOfPage\":{\"@id\":\"https:\/\/www.estrategiaconcursos.com.br\/blog\/retomado-concurso-setec-inscricoes-reabertas\/\"},\"wordCount\":409,\"commentCount\":0,\"publisher\":{\"@id\":\"https:\/\/www.estrategiaconcursos.com.br\/blog\/#organization\"},\"image\":{\"@id\":\"https:\/\/www.estrategiaconcursos.com.br\/blog\/retomado-concurso-setec-inscricoes-reabertas\/#primaryimage\"},\"thumbnailUrl\":\"https:\/\/dhg1h5j42swfq.cloudfront.net\/2020\/03\/07112747\/SETEC_CAMPINAS.jpg\",\"articleSection\":[\"Executivo (Administrativa)\"],\"inLanguage\":\"pt-BR\",\"potentialAction\":[{\"@type\":\"CommentAction\",\"name\":\"Comment\",\"target\":[\"https:\/\/www.estrategiaconcursos.com.br\/blog\/retomado-concurso-setec-inscricoes-reabertas\/#respond\"]}],\"copyrightYear\":\"2021\",\"copyrightHolder\":{\"@id\":\"https:\/\/www.estrategiaconcursos.com.br\/blog\/#organization\"}},{\"@type\":\"WebPage\",\"@id\":\"https:\/\/www.estrategiaconcursos.com.br\/blog\/retomado-concurso-setec-inscricoes-reabertas\/\",\"url\":\"https:\/\/www.estrategiaconcursos.com.br\/blog\/retomado-concurso-setec-inscricoes-reabertas\/\",\"name\":\"Com retomada, concurso SETEC ter\u00e1 inscri\u00e7\u00f5es reabertas!\",\"isPartOf\":{\"@id\":\"https:\/\/www.estrategiaconcursos.com.br\/blog\/#website\"},\"primaryImageOfPage\":{\"@id\":\"https:\/\/www.estrategiaconcursos.com.br\/blog\/retomado-concurso-setec-inscricoes-reabertas\/#primaryimage\"},\"image\":{\"@id\":\"https:\/\/www.estrategiaconcursos.com.br\/blog\/retomado-concurso-setec-inscricoes-reabertas\/#primaryimage\"},\"thumbnailUrl\":\"https:\/\/dhg1h5j42swfq.cloudfront.net\/2020\/03\/07112747\/SETEC_CAMPINAS.jpg\",\"datePublished\":\"2021-02-03T21:43:44+00:00\",\"dateModified\":\"2021-02-04T14:10:13+00:00\",\"description\":\"Ap\u00f3s meses suspenso, SETEC Campinas retoma atividades de concurso p\u00fablico, com inscri\u00e7\u00f5es reabertas e provas em abril. Saiba mais!\",\"breadcrumb\":{\"@id\":\"https:\/\/www.estrategiaconcursos.com.br\/blog\/retomado-concurso-setec-inscricoes-reabertas\/#breadcrumb\"},\"inLanguage\":\"pt-BR\",\"potentialAction\":[{\"@type\":\"ReadAction\",\"target\":[\"https:\/\/www.estrategiaconcursos.com.br\/blog\/retomado-concurso-setec-inscricoes-reabertas\/\"]}]},{\"@type\":\"ImageObject\",\"inLanguage\":\"pt-BR\",\"@id\":\"https:\/\/www.estrategiaconcursos.com.br\/blog\/retomado-concurso-setec-inscricoes-reabertas\/#primaryimage\",\"url\":\"https:\/\/dhg1h5j42swfq.cloudfront.net\/2020\/03\/07112747\/SETEC_CAMPINAS.jpg\",\"contentUrl\":\"https:\/\/dhg1h5j42swfq.cloudfront.net\/2020\/03\/07112747\/SETEC_CAMPINAS.jpg\",\"width\":1200,\"height\":628,\"caption\":\"Provas SETEC Campinas\"},{\"@type\":\"BreadcrumbList\",\"@id\":\"https:\/\/www.estrategiaconcursos.com.br\/blog\/retomado-concurso-setec-inscricoes-reabertas\/#breadcrumb\",\"itemListElement\":[{\"@type\":\"ListItem\",\"position\":1,\"name\":\"In\u00edcio\",\"item\":\"https:\/\/www.estrategiaconcursos.com.br\/blog\/\"},{\"@type\":\"ListItem\",\"position\":2,\"name\":\"Com retomada, concurso SETEC ter\u00e1 inscri\u00e7\u00f5es reabertas!\"}]},{\"@type\":\"WebSite\",\"@id\":\"https:\/\/www.estrategiaconcursos.com.br\/blog\/#website\",\"url\":\"https:\/\/www.estrategiaconcursos.com.br\/blog\/\",\"name\":\"Estrat\u00e9gia Concursos\",\"description\":\"O blog da Estrat\u00e9gia Concursos traz not\u00edcias sobre concursos e artigos de professores oferecendo cursos para concursos (pdf + videaulas) no site.\",\"publisher\":{\"@id\":\"https:\/\/www.estrategiaconcursos.com.br\/blog\/#organization\"},\"potentialAction\":[{\"@type\":\"SearchAction\",\"target\":{\"@type\":\"EntryPoint\",\"urlTemplate\":\"https:\/\/www.estrategiaconcursos.com.br\/blog\/?s={search_term_string}\"},\"query-input\":{\"@type\":\"PropertyValueSpecification\",\"valueRequired\":true,\"valueName\":\"search_term_string\"}}],\"inLanguage\":\"pt-BR\"},{\"@type\":\"Organization\",\"@id\":\"https:\/\/www.estrategiaconcursos.com.br\/blog\/#organization\",\"name\":\"Estrat\u00e9gia Concursos\",\"url\":\"https:\/\/www.estrategiaconcursos.com.br\/blog\/\",\"logo\":{\"@type\":\"ImageObject\",\"inLanguage\":\"pt-BR\",\"@id\":\"https:\/\/www.estrategiaconcursos.com.br\/blog\/#\/schema\/logo\/image\/\",\"url\":\"https:\/\/dhg1h5j42swfq.cloudfront.net\/2025\/06\/03203428\/logo_concursos-1.jpg\",\"contentUrl\":\"https:\/\/dhg1h5j42swfq.cloudfront.net\/2025\/06\/03203428\/logo_concursos-1.jpg\",\"width\":230,\"height\":60,\"caption\":\"Estrat\u00e9gia Concursos\"},\"image\":{\"@id\":\"https:\/\/www.estrategiaconcursos.com.br\/blog\/#\/schema\/logo\/image\/\"},\"sameAs\":[\"https:\/\/x.com\/EstratConcursos\"]},{\"@type\":\"Person\",\"@id\":\"https:\/\/www.estrategiaconcursos.com.br\/blog\/#\/schema\/person\/b4a388c97673c5f483d72185668afa1f\",\"name\":\"Coordena\u00e7\u00e3o\",\"image\":{\"@type\":\"ImageObject\",\"inLanguage\":\"pt-BR\",\"@id\":\"https:\/\/secure.gravatar.com\/avatar\/b720319e4c9a967eb58678d110f4fe35452fc5d5f97b202bac7b8acceb18c6ad?s=96&d=mm&r=g\",\"url\":\"https:\/\/secure.gravatar.com\/avatar\/b720319e4c9a967eb58678d110f4fe35452fc5d5f97b202bac7b8acceb18c6ad?s=96&d=mm&r=g\",\"contentUrl\":\"https:\/\/secure.gravatar.com\/avatar\/b720319e4c9a967eb58678d110f4fe35452fc5d5f97b202bac7b8acceb18c6ad?s=96&d=mm&r=g\",\"caption\":\"Coordena\u00e7\u00e3o\"},\"sameAs\":[\"https:\/\/www.facebook.com\/EstrategiaConcursos\",\"https:\/\/x.com\/EstratConcursos\"],\"url\":\"https:\/\/www.estrategiaconcursos.com.br\/blog\/author\/estrategia2013\/\"}]}<\/script>\n<!-- \/ Yoast SEO Premium plugin. -->","yoast_head_json":{"title":"Com retomada, concurso SETEC ter\u00e1 inscri\u00e7\u00f5es reabertas!","description":"Ap\u00f3s meses suspenso, SETEC Campinas retoma atividades de concurso p\u00fablico, com inscri\u00e7\u00f5es reabertas e provas em abril. Saiba mais!","robots":{"index":"index","follow":"follow","max-snippet":"max-snippet:-1","max-image-preview":"max-image-preview:large","max-video-preview":"max-video-preview:-1"},"canonical":"https:\/\/www.estrategiaconcursos.com.br\/blog\/retomado-concurso-setec-inscricoes-reabertas\/","og_locale":"pt_BR","og_type":"article","og_title":"Com retomada, concurso SETEC ter\u00e1 inscri\u00e7\u00f5es reabertas!","og_description":"Ap\u00f3s meses suspenso, SETEC Campinas retoma atividades de concurso p\u00fablico, com inscri\u00e7\u00f5es reabertas e provas em abril. Saiba mais!","og_url":"https:\/\/www.estrategiaconcursos.com.br\/blog\/retomado-concurso-setec-inscricoes-reabertas\/","og_site_name":"Estrat\u00e9gia Concursos","article_author":"https:\/\/www.facebook.com\/EstrategiaConcursos","article_published_time":"2021-02-03T21:43:44+00:00","article_modified_time":"2021-02-04T14:10:13+00:00","og_image":[{"width":1200,"height":628,"url":"https:\/\/dhg1h5j42swfq.cloudfront.net\/2020\/03\/07112747\/SETEC_CAMPINAS.jpg","type":"image\/jpeg"}],"author":"Coordena\u00e7\u00e3o","twitter_card":"summary_large_image","twitter_creator":"@EstratConcursos","twitter_site":"@EstratConcursos","twitter_misc":{"Escrito por":"Coordena\u00e7\u00e3o","Est. tempo de leitura":"2 minutos"},"schema":{"@context":"https:\/\/schema.org","@graph":[{"@type":"NewsArticle","@id":"https:\/\/www.estrategiaconcursos.com.br\/blog\/retomado-concurso-setec-inscricoes-reabertas\/#article","isPartOf":{"@id":"https:\/\/www.estrategiaconcursos.com.br\/blog\/retomado-concurso-setec-inscricoes-reabertas\/"},"author":{"name":"Coordena\u00e7\u00e3o","@id":"https:\/\/www.estrategiaconcursos.com.br\/blog\/#\/schema\/person\/b4a388c97673c5f483d72185668afa1f"},"headline":"Com retomada, concurso SETEC ter\u00e1 inscri\u00e7\u00f5es reabertas!","datePublished":"2021-02-03T21:43:44+00:00","dateModified":"2021-02-04T14:10:13+00:00","mainEntityOfPage":{"@id":"https:\/\/www.estrategiaconcursos.com.br\/blog\/retomado-concurso-setec-inscricoes-reabertas\/"},"wordCount":409,"commentCount":0,"publisher":{"@id":"https:\/\/www.estrategiaconcursos.com.br\/blog\/#organization"},"image":{"@id":"https:\/\/www.estrategiaconcursos.com.br\/blog\/retomado-concurso-setec-inscricoes-reabertas\/#primaryimage"},"thumbnailUrl":"https:\/\/dhg1h5j42swfq.cloudfront.net\/2020\/03\/07112747\/SETEC_CAMPINAS.jpg","articleSection":["Executivo (Administrativa)"],"inLanguage":"pt-BR","potentialAction":[{"@type":"CommentAction","name":"Comment","target":["https:\/\/www.estrategiaconcursos.com.br\/blog\/retomado-concurso-setec-inscricoes-reabertas\/#respond"]}],"copyrightYear":"2021","copyrightHolder":{"@id":"https:\/\/www.estrategiaconcursos.com.br\/blog\/#organization"}},{"@type":"WebPage","@id":"https:\/\/www.estrategiaconcursos.com.br\/blog\/retomado-concurso-setec-inscricoes-reabertas\/","url":"https:\/\/www.estrategiaconcursos.com.br\/blog\/retomado-concurso-setec-inscricoes-reabertas\/","name":"Com retomada, concurso SETEC ter\u00e1 inscri\u00e7\u00f5es reabertas!","isPartOf":{"@id":"https:\/\/www.estrategiaconcursos.com.br\/blog\/#website"},"primaryImageOfPage":{"@id":"https:\/\/www.estrategiaconcursos.com.br\/blog\/retomado-concurso-setec-inscricoes-reabertas\/#primaryimage"},"image":{"@id":"https:\/\/www.estrategiaconcursos.com.br\/blog\/retomado-concurso-setec-inscricoes-reabertas\/#primaryimage"},"thumbnailUrl":"https:\/\/dhg1h5j42swfq.cloudfront.net\/2020\/03\/07112747\/SETEC_CAMPINAS.jpg","datePublished":"2021-02-03T21:43:44+00:00","dateModified":"2021-02-04T14:10:13+00:00","description":"Ap\u00f3s meses suspenso, SETEC Campinas retoma atividades de concurso p\u00fablico, com inscri\u00e7\u00f5es reabertas e provas em abril. Saiba mais!","breadcrumb":{"@id":"https:\/\/www.estrategiaconcursos.com.br\/blog\/retomado-concurso-setec-inscricoes-reabertas\/#breadcrumb"},"inLanguage":"pt-BR","potentialAction":[{"@type":"ReadAction","target":["https:\/\/www.estrategiaconcursos.com.br\/blog\/retomado-concurso-setec-inscricoes-reabertas\/"]}]},{"@type":"ImageObject","inLanguage":"pt-BR","@id":"https:\/\/www.estrategiaconcursos.com.br\/blog\/retomado-concurso-setec-inscricoes-reabertas\/#primaryimage","url":"https:\/\/dhg1h5j42swfq.cloudfront.net\/2020\/03\/07112747\/SETEC_CAMPINAS.jpg","contentUrl":"https:\/\/dhg1h5j42swfq.cloudfront.net\/2020\/03\/07112747\/SETEC_CAMPINAS.jpg","width":1200,"height":628,"caption":"Provas SETEC Campinas"},{"@type":"BreadcrumbList","@id":"https:\/\/www.estrategiaconcursos.com.br\/blog\/retomado-concurso-setec-inscricoes-reabertas\/#breadcrumb","itemListElement":[{"@type":"ListItem","position":1,"name":"In\u00edcio","item":"https:\/\/www.estrategiaconcursos.com.br\/blog\/"},{"@type":"ListItem","position":2,"name":"Com retomada, concurso SETEC ter\u00e1 inscri\u00e7\u00f5es reabertas!"}]},{"@type":"WebSite","@id":"https:\/\/www.estrategiaconcursos.com.br\/blog\/#website","url":"https:\/\/www.estrategiaconcursos.com.br\/blog\/","name":"Estrat\u00e9gia Concursos","description":"O blog da Estrat\u00e9gia Concursos traz not\u00edcias sobre concursos e artigos de professores oferecendo cursos para concursos (pdf + videaulas) no site.","publisher":{"@id":"https:\/\/www.estrategiaconcursos.com.br\/blog\/#organization"},"potentialAction":[{"@type":"SearchAction","target":{"@type":"EntryPoint","urlTemplate":"https:\/\/www.estrategiaconcursos.com.br\/blog\/?s={search_term_string}"},"query-input":{"@type":"PropertyValueSpecification","valueRequired":true,"valueName":"search_term_string"}}],"inLanguage":"pt-BR"},{"@type":"Organization","@id":"https:\/\/www.estrategiaconcursos.com.br\/blog\/#organization","name":"Estrat\u00e9gia Concursos","url":"https:\/\/www.estrategiaconcursos.com.br\/blog\/","logo":{"@type":"ImageObject","inLanguage":"pt-BR","@id":"https:\/\/www.estrategiaconcursos.com.br\/blog\/#\/schema\/logo\/image\/","url":"https:\/\/dhg1h5j42swfq.cloudfront.net\/2025\/06\/03203428\/logo_concursos-1.jpg","contentUrl":"https:\/\/dhg1h5j42swfq.cloudfront.net\/2025\/06\/03203428\/logo_concursos-1.jpg","width":230,"height":60,"caption":"Estrat\u00e9gia Concursos"},"image":{"@id":"https:\/\/www.estrategiaconcursos.com.br\/blog\/#\/schema\/logo\/image\/"},"sameAs":["https:\/\/x.com\/EstratConcursos"]},{"@type":"Person","@id":"https:\/\/www.estrategiaconcursos.com.br\/blog\/#\/schema\/person\/b4a388c97673c5f483d72185668afa1f","name":"Coordena\u00e7\u00e3o","image":{"@type":"ImageObject","inLanguage":"pt-BR","@id":"https:\/\/secure.gravatar.com\/avatar\/b720319e4c9a967eb58678d110f4fe35452fc5d5f97b202bac7b8acceb18c6ad?s=96&d=mm&r=g","url":"https:\/\/secure.gravatar.com\/avatar\/b720319e4c9a967eb58678d110f4fe35452fc5d5f97b202bac7b8acceb18c6ad?s=96&d=mm&r=g","contentUrl":"https:\/\/secure.gravatar.com\/avatar\/b720319e4c9a967eb58678d110f4fe35452fc5d5f97b202bac7b8acceb18c6ad?s=96&d=mm&r=g","caption":"Coordena\u00e7\u00e3o"},"sameAs":["https:\/\/www.facebook.com\/EstrategiaConcursos","https:\/\/x.com\/EstratConcursos"],"url":"https:\/\/www.estrategiaconcursos.com.br\/blog\/author\/estrategia2013\/"}]}},"_links":{"self":[{"href":"https:\/\/www.estrategiaconcursos.com.br\/blog\/wp-json\/wp\/v2\/posts\/663435","targetHints":{"allow":["GET"]}}],"collection":[{"href":"https:\/\/www.estrategiaconcursos.com.br\/blog\/wp-json\/wp\/v2\/posts"}],"about":[{"href":"https:\/\/www.estrategiaconcursos.com.br\/blog\/wp-json\/wp\/v2\/types\/post"}],"author":[{"embeddable":true,"href":"https:\/\/www.estrategiaconcursos.com.br\/blog\/wp-json\/wp\/v2\/users\/1"}],"replies":[{"embeddable":true,"href":"https:\/\/www.estrategiaconcursos.com.br\/blog\/wp-json\/wp\/v2\/comments?post=663435"}],"version-history":[{"count":6,"href":"https:\/\/www.estrategiaconcursos.com.br\/blog\/wp-json\/wp\/v2\/posts\/663435\/revisions"}],"predecessor-version":[{"id":663694,"href":"https:\/\/www.estrategiaconcursos.com.br\/blog\/wp-json\/wp\/v2\/posts\/663435\/revisions\/663694"}],"wp:featuredmedia":[{"embeddable":true,"href":"https:\/\/www.estrategiaconcursos.com.br\/blog\/wp-json\/wp\/v2\/media\/489627"}],"wp:attachment":[{"href":"https:\/\/www.estrategiaconcursos.com.br\/blog\/wp-json\/wp\/v2\/media?parent=663435"}],"wp:term":[{"taxonomy":"category","embeddable":true,"href":"https:\/\/www.estrategiaconcursos.com.br\/blog\/wp-json\/wp\/v2\/categories?post=663435"},{"taxonomy":"post_tag","embeddable":true,"href":"https:\/\/www.estrategiaconcursos.com.br\/blog\/wp-json\/wp\/v2\/tags?post=663435"},{"taxonomy":"tax_estado","embeddable":true,"href":"https:\/\/www.estrategiaconcursos.com.br\/blog\/wp-json\/wp\/v2\/tax_estado?post=663435"}],"curies":[{"name":"wp","href":"https:\/\/api.w.org\/{rel}","templated":true}]}}