{"id":66291,"date":"2017-03-07T12:56:29","date_gmt":"2017-03-07T15:56:29","guid":{"rendered":"https:\/\/www.estrategiaconcursos.com.br\/blog\/?p=66291"},"modified":"2017-03-16T10:59:49","modified_gmt":"2017-03-16T13:59:49","slug":"cabe-recurso-portugues-trf-2","status":"publish","type":"post","link":"https:\/\/www.estrategiaconcursos.com.br\/blog\/cabe-recurso-portugues-trf-2\/","title":{"rendered":"Cabe recurso Portugu\u00eas TRF 2"},"content":{"rendered":"<p>\n\tOl&aacute;, pessoal!\n<\/p>\n<p>\n\tCabe recurso contra uma quest&atilde;o de n&iacute;vel t&eacute;cnico da prova de Portugu&ecirc;s TRF 2&ordf; Regi&atilde;o.\n<\/p>\n<p>\n\tA quest&atilde;o se encontra nas provas de n&iacute;vel t&eacute;cnico e &eacute; a seguinte:\n<\/p>\n<p>\n\tNas alternativas a seguir h&aacute; um exemplo de figura de linguagem denominada elipse. Assinale-a.\n<\/p>\n<p>\n\t(A) &quot;Nossos melhores pensamentos constroem mundos melhores e tamb&eacute;m c&eacute;rebros melhores.&quot;<br \/>\n\t(B) &quot;A &uacute;nica express&atilde;o incessantemente presente e dispon&iacute;vel &eacute; a liberdade natural e silenciosa&#8230;&quot;<br \/>\n\t(C) &quot;As experi&ecirc;ncias comuns no mundo, eventos maiores e menores v&atilde;o se consolidando como trajetos&#8230;&quot;<br \/>\n\t(D) &quot;S&oacute; ao final de um tempo ele conseguir&aacute; ultrapassar as fixa&ccedil;&otilde;es estruturais internas e refazer suas op&ccedil;&otilde;es.&quot;\n<\/p>\n<p>\n\t<strong>Coment&aacute;rio<\/strong>: A elipse &eacute; a omiss&atilde;o de palavra facilmente subentendida no texto, o que ocorreu na alternativa (A).\n<\/p>\n<p>\n\tNote que o verbo &quot;constroem&quot; ficou subentendido na ora&ccedil;&atilde;o &quot;e tamb&eacute;m (constroem) c&eacute;rebros melhores&quot;.\n<\/p>\n<p>\n\tPor&eacute;m h&aacute; de observar que, na realidade, houve o objeto direto composto &quot;mundos melhores e tamb&eacute;m c&eacute;rebros melhores&quot;, pois o verbo &quot;constroem&quot; &eacute; transitivo direto.\n<\/p>\n<p>\n\tOra, ao considerarmos a elipse neste termo composto, o mesmo poderia ocorrer tamb&eacute;m na alternativa (D), pois o infinitivo &quot;refazer&quot; &eacute; o verbo principal da locu&ccedil;&atilde;o verbal, cujo verbo auxiliar &quot;conseguir&aacute;&quot; se encontra subentendido.\n<\/p>\n<p>\n\t&quot;S&oacute; ao final de um tempo ele <u>conseguir&aacute; ultrapassar<\/u> as fixa&ccedil;&otilde;es estruturais internas e <u><strong>(conseguir&aacute;) <\/strong>refazer<\/u> suas op&ccedil;&otilde;es.&quot;\n<\/p>\n<p>\n\tDessa forma, cabe contesta&ccedil;&atilde;o na quest&atilde;o, solicitando a anula&ccedil;&atilde;o por haver duas poss&iacute;veis alternativas corretas.\n<\/p>\n<p>\n\tSegue mais uma considera&ccedil;&atilde;o:\n<\/p>\n<p>\n\t&nbsp;\n<\/p>\n<p>\n\t<strong>T&Eacute;CNICO JUDICI&Aacute;RIO &ndash; ADMINISTRATIVA &ndash; SEM ESPECIALIDADE &ndash; TIPO 01&ndash; BRANCA<\/strong>\n<\/p>\n<p>\n\t<strong>Quest&atilde;o 3<\/strong>\n<\/p>\n<p>\n\tA reescrita de <em>&ldquo;Contudo, o homem n&atilde;o mediu as poss&iacute;veis consequ&ecirc;ncias que tal desenvolvimento pudesse causar de modo a provocar o desequil&iacute;brio ao meio ambiente e a pr&oacute;pria amea&ccedil;a &agrave; vida humana.&rdquo; <\/em>(1&ordm;&sect;) em que a corre&ccedil;&atilde;o gramatical e o sentido foram preservados pode ser indicada em:\n<\/p>\n<p style=\"margin-left:21.3pt\">\n\tA) Assim, o homem n&atilde;o mensurou as poss&iacute;veis consequ&ecirc;ncias que seriam causadas por tal de modo a provocar o desequil&iacute;brio ao meio ambiente e a pr&oacute;pria amea&ccedil;a e &agrave; vida humana.\n<\/p>\n<p style=\"margin-left:21.3pt\">\n\tB) N&atilde;o obstante, o homem n&atilde;o mediu as poss&iacute;veis consequ&ecirc;ncias que poderiam ser causadas por tal desenvolvimento provocando o desequil&iacute;brio ao meio ambiente e a pr&oacute;pria amea&ccedil;a e &agrave; vida humana.\n<\/p>\n<p style=\"margin-left:21.3pt\">\n\tC) As poss&iacute;veis consequ&ecirc;ncias que tal desenvolvimento pudesse causar de modo a provocar o desequil&iacute;brio ao meio ambiente e a pr&oacute;pria amea&ccedil;a e &agrave; vida humana, entretanto, n&atilde;o foram logradas.\n<\/p>\n<p style=\"margin-left:21.3pt\">\n\tD) Contudo, o homem n&atilde;o mediu as poss&iacute;veis consequ&ecirc;ncias que tal desenvolvimento pudesse causar de modo a provocar o desequil&iacute;brio e a pr&oacute;pria amea&ccedil;a ao meio ambiente e &agrave; vida humana.\n<\/p>\n<p style=\"margin-left:21.3pt\">\n\t&nbsp;\n<\/p>\n<p>\n\t<strong>Coment&aacute;rio e recurso: <\/strong>A banca elegeu como correta a alternativa (B), por&eacute;m devemos notar que a conjun&ccedil;&atilde;o &ldquo;e&rdquo;, diante da express&atilde;o &ldquo;e &agrave; vida&rdquo;, incorreu em erro gramatical. Veja:\n<\/p>\n<p>\n\t<em>&ldquo;<u>Contudo<\/u>, <u>o homem n&atilde;o mediu as poss&iacute;veis consequ&ecirc;ncias<\/u> que <u>tal desenvolvimento pudesse causar<\/u> de modo a provocar <u>o desequil&iacute;brio ao meio ambiente<\/u> e <u>a pr&oacute;pria amea&ccedil;a &agrave; vida humana<\/u>.&rdquo;<\/em>\n<\/p>\n<p>\n\t<u>N&atilde;o obstante<\/u>, <u>o homem n&atilde;o mediu as poss&iacute;veis consequ&ecirc;ncias<\/u> que <u>poderiam ser causadas por tal desenvolvimento<\/u> provocando <u>o desequil&iacute;brio ao meio ambiente<\/u> e <u>a pr&oacute;pria amea&ccedil;a <strong>e<\/strong> &agrave; vida humana<\/u>.\n<\/p>\n<p>\n\tJ&aacute; a alternativa (D) poderia ser tomada como a correta, pois repete a estrutura do trecho original. O ideal seria a express&atilde;o &ldquo;respectivamente&rdquo; para deixar clara a rela&ccedil;&atilde;o de depend&ecirc;ncia da express&atilde;o &ldquo;ao meio ambiente&rdquo; ao substantivo &ldquo;desequil&iacute;brio&rdquo; e &ldquo;&agrave; vida humana&rdquo; em rela&ccedil;&atilde;o ao substantivo &ldquo;amea&ccedil;a&rdquo;.\n<\/p>\n<p>\n\tCompare:\n<\/p>\n<p>\n\t<em>&ldquo;<u>Contudo, o homem n&atilde;o mediu as poss&iacute;veis consequ&ecirc;ncias que tal desenvolvimento pudesse causar de modo a provocar<\/u> <u>o desequil&iacute;brio ao meio ambiente<\/u> e <u>a pr&oacute;pria amea&ccedil;a &agrave; vida humana<\/u>.&rdquo;<\/em>\n<\/p>\n<p>\n\t<u>Contudo<\/u>, <u>o homem n&atilde;o mediu as poss&iacute;veis consequ&ecirc;ncias<\/u> <u>que tal desenvolvimento pudesse causar de modo a provocar<\/u> <u>o desequil&iacute;brio<\/u> e <u>a pr&oacute;pria amea&ccedil;a<\/u> <u>ao meio ambiente<\/u> e <u>&agrave; vida humana<\/u>.\n<\/p>\n<p>\n\tO ideal seria:\n<\/p>\n<p>\n\t<u>Contudo<\/u>, <u>o homem n&atilde;o mediu as poss&iacute;veis consequ&ecirc;ncias<\/u> <u>que tal desenvolvimento pudesse causar de modo a provocar<\/u> <u>o desequil&iacute;brio<\/u> e <u>a pr&oacute;pria amea&ccedil;a<\/u> <u>ao meio ambiente<\/u> e <u>&agrave; vida humana, <\/u><strong>respectivamente<\/strong>.\n<\/p>\n<p>\n\tDessa forma, fica f&aacute;cil observar que houve erro na alternativa (B) e a alternativa (D) pode ser a resposta da quest&atilde;o, mesmo na falta de clareza da reda&ccedil;&atilde;o de depend&ecirc;ncia dos trechos acima expostos.\n<\/p>\n<p>\n\tConcluindo, pede-se a anula&ccedil;&atilde;o da quest&atilde;o ou a mudan&ccedil;a do gabarito da alternativa (B) para (D).\n<\/p>\n<p>\n\t<strong>Gabarito preliminar: B<\/strong>\n<\/p>\n<p>\n\t&nbsp;\n<\/p>\n<p>\n\tAgora, veja uma quest&atilde;o que muita gente teve d&uacute;vida, mas n&atilde;o houve erro da banca:\n<\/p>\n<p>\n\tANALISTA JUDICI&Aacute;RIO\/SERVI&Ccedil;O SOCIAL &ndash; &Aacute;REA APOIO ESPECIALIZADO &ndash; TIPO 01 &ndash; BRANCA\n<\/p>\n<p>\n\t07.&nbsp;Assinale a op&ccedil;&atilde;o em que o &ldquo;a&rdquo; sublinhado nas duas frases deve receber o acento grave indicativo de crase.<br \/>\n\tA) Fui a casa de meu pai. L&aacute;, algumas pessoas preconceituosas ficaram a dist&acirc;ncia.<br \/>\n\tB) O professor se referiu a todos que estavam presentes. Eles ficaram frente a frente.<br \/>\n\tC) O m&eacute;rito foi dedicado a eles. Os supervisores chegaram a uma hora em ponto na escola.<br \/>\n\tD) Os estudantes vestiram-se a Momo. Eles foram barrados pelos seguran&ccedil;as a entrada do sal&atilde;o de baile.\n<\/p>\n<p>\n\tA alternativa (A) est&aacute; errada, pois a palavra &quot;casa&quot; &eacute; seguida do caracterizador &quot;de meu pai&quot;, por isso admite crase. Por&eacute;m, a express&atilde;o &quot;a dist&acirc;ncia&quot; n&atilde;o admite artigo &quot;a&quot;. H&aacute; apenas preposi&ccedil;&atilde;o &quot;a&quot;. Assim, n&atilde;o cabe crase. S&oacute; caberia crase se tal substantivo tivesse sido caracterizado, como o seguinte: &quot;&agrave; dist&acirc;ncia de dois metros&quot;.\n<\/p>\n<p>\n\tA alternativa (B) est&aacute; errada, pois o verbo &quot;se referiu&quot; rege a preposi&ccedil;&atilde;o &quot;a&quot; e o pronome &quot;todos&quot; n&atilde;o admite artigo &quot;a&quot;. Assim, n&atilde;o houve crase. Al&eacute;m disso, diante de palavras repetidas, s&oacute; cabe preposi&ccedil;&atilde;o &quot;a&quot;.\n<\/p>\n<p>\n\tA alternativa (C) est&aacute; errada, pois o pronome &quot;eles&quot; e o artigo indefinido &quot;uma&quot; n&atilde;o admitem artigo &quot;a&quot;, por isso n&atilde;o cabe crase.\n<\/p>\n<p>\n\tA alternativa (D) &eacute; a correta, pois a express&atilde;o &quot;&agrave; Momo&quot; faz subentender o substantivo feminino &quot;moda&quot; (&agrave; moda Momo). Al&eacute;m disso, a locu&ccedil;&atilde;o adverbial &quot;&agrave; entrada do sal&atilde;o de baile&quot; &eacute; precedida de preposi&ccedil;&atilde;o &quot;a&quot; e o substantivo &quot;entrada&quot; &eacute; precedida do artigo &quot;a&quot;.\n<\/p>\n<p>\n\tGrande abra&ccedil;o!\n<\/p>\n<p>\n\tProfessor D&eacute;cio Terror\n<\/p>\n<p>\n\t&nbsp;<\/p>\n","protected":false},"excerpt":{"rendered":"<p>Ol&aacute;, pessoal! Cabe recurso contra uma quest&atilde;o de n&iacute;vel t&eacute;cnico da prova de Portugu&ecirc;s TRF 2&ordf; Regi&atilde;o. A quest&atilde;o se encontra nas provas de n&iacute;vel t&eacute;cnico e &eacute; a seguinte: Nas alternativas a seguir h&aacute; um exemplo de figura de linguagem denominada elipse. Assinale-a. (A) &quot;Nossos melhores pensamentos constroem mundos melhores e tamb&eacute;m c&eacute;rebros melhores.&quot; [&hellip;]<\/p>\n","protected":false},"author":214,"featured_media":0,"comment_status":"open","ping_status":"open","sticky":false,"template":"","format":"standard","meta":{"post_tipo":"article","footnotes":""},"categories":[1,1984],"tags":[2495,2494],"tax_estado":[],"class_list":["post-66291","post","type-post","status-publish","format-standard","hentry","category-cursos-e-concursos","category-tribunais","tag-recurso-portugues-trf","tag-recurso-trf"],"acf":[],"yoast_head":"<!-- This site is optimized with the Yoast SEO Premium plugin v27.2 (Yoast SEO v27.2) - https:\/\/yoast.com\/product\/yoast-seo-premium-wordpress\/ -->\n<title>Cabe recurso Portugu\u00eas TRF 2<\/title>\n<meta name=\"robots\" content=\"index, follow, max-snippet:-1, max-image-preview:large, max-video-preview:-1\" \/>\n<link rel=\"canonical\" href=\"https:\/\/www.estrategiaconcursos.com.br\/blog\/cabe-recurso-portugues-trf-2\/\" \/>\n<meta property=\"og:locale\" content=\"pt_BR\" \/>\n<meta property=\"og:type\" content=\"article\" \/>\n<meta property=\"og:title\" content=\"Cabe recurso Portugu\u00eas TRF 2\" \/>\n<meta property=\"og:description\" content=\"Ol&aacute;, pessoal! Cabe recurso contra uma quest&atilde;o de n&iacute;vel t&eacute;cnico da prova de Portugu&ecirc;s TRF 2&ordf; Regi&atilde;o. A quest&atilde;o se encontra nas provas de n&iacute;vel t&eacute;cnico e &eacute; a seguinte: Nas alternativas a seguir h&aacute; um exemplo de figura de linguagem denominada elipse. Assinale-a. (A) &quot;Nossos melhores pensamentos constroem mundos melhores e tamb&eacute;m c&eacute;rebros melhores.&quot; [&hellip;]\" \/>\n<meta property=\"og:url\" content=\"https:\/\/www.estrategiaconcursos.com.br\/blog\/cabe-recurso-portugues-trf-2\/\" \/>\n<meta property=\"og:site_name\" content=\"Estrat\u00e9gia Concursos\" \/>\n<meta property=\"article:published_time\" content=\"2017-03-07T15:56:29+00:00\" \/>\n<meta property=\"article:modified_time\" content=\"2017-03-16T13:59:49+00:00\" \/>\n<meta name=\"author\" content=\"D\u00e9cio Terror Filho\" \/>\n<meta name=\"twitter:card\" content=\"summary_large_image\" \/>\n<meta name=\"twitter:creator\" content=\"@EstratConcursos\" \/>\n<meta name=\"twitter:site\" content=\"@EstratConcursos\" \/>\n<meta name=\"twitter:label1\" content=\"Escrito por\" \/>\n\t<meta name=\"twitter:data1\" content=\"D\u00e9cio Terror Filho\" \/>\n\t<meta name=\"twitter:label2\" content=\"Est. tempo de leitura\" \/>\n\t<meta name=\"twitter:data2\" content=\"7 minutos\" \/>\n<script type=\"application\/ld+json\" class=\"yoast-schema-graph\">{\"@context\":\"https:\/\/schema.org\",\"@graph\":[{\"@type\":\"NewsArticle\",\"@id\":\"https:\/\/www.estrategiaconcursos.com.br\/blog\/cabe-recurso-portugues-trf-2\/#article\",\"isPartOf\":{\"@id\":\"https:\/\/www.estrategiaconcursos.com.br\/blog\/cabe-recurso-portugues-trf-2\/\"},\"author\":{\"name\":\"D\u00e9cio Terror Filho\",\"@id\":\"https:\/\/www.estrategiaconcursos.com.br\/blog\/#\/schema\/person\/e8165364027a31208914fc77c3314727\"},\"headline\":\"Cabe recurso Portugu\u00eas TRF 2\",\"datePublished\":\"2017-03-07T15:56:29+00:00\",\"dateModified\":\"2017-03-16T13:59:49+00:00\",\"mainEntityOfPage\":{\"@id\":\"https:\/\/www.estrategiaconcursos.com.br\/blog\/cabe-recurso-portugues-trf-2\/\"},\"wordCount\":1397,\"commentCount\":77,\"publisher\":{\"@id\":\"https:\/\/www.estrategiaconcursos.com.br\/blog\/#organization\"},\"keywords\":[\"recurso Portugu\u00eas TRF\",\"Recurso TRF\"],\"articleSection\":[\"Concursos P\u00fablicos\",\"Tribunais\"],\"inLanguage\":\"pt-BR\",\"potentialAction\":[{\"@type\":\"CommentAction\",\"name\":\"Comment\",\"target\":[\"https:\/\/www.estrategiaconcursos.com.br\/blog\/cabe-recurso-portugues-trf-2\/#respond\"]}],\"copyrightYear\":\"2017\",\"copyrightHolder\":{\"@id\":\"https:\/\/www.estrategiaconcursos.com.br\/blog\/#organization\"}},{\"@type\":\"WebPage\",\"@id\":\"https:\/\/www.estrategiaconcursos.com.br\/blog\/cabe-recurso-portugues-trf-2\/\",\"url\":\"https:\/\/www.estrategiaconcursos.com.br\/blog\/cabe-recurso-portugues-trf-2\/\",\"name\":\"Cabe recurso Portugu\u00eas TRF 2\",\"isPartOf\":{\"@id\":\"https:\/\/www.estrategiaconcursos.com.br\/blog\/#website\"},\"datePublished\":\"2017-03-07T15:56:29+00:00\",\"dateModified\":\"2017-03-16T13:59:49+00:00\",\"breadcrumb\":{\"@id\":\"https:\/\/www.estrategiaconcursos.com.br\/blog\/cabe-recurso-portugues-trf-2\/#breadcrumb\"},\"inLanguage\":\"pt-BR\",\"potentialAction\":[{\"@type\":\"ReadAction\",\"target\":[\"https:\/\/www.estrategiaconcursos.com.br\/blog\/cabe-recurso-portugues-trf-2\/\"]}]},{\"@type\":\"BreadcrumbList\",\"@id\":\"https:\/\/www.estrategiaconcursos.com.br\/blog\/cabe-recurso-portugues-trf-2\/#breadcrumb\",\"itemListElement\":[{\"@type\":\"ListItem\",\"position\":1,\"name\":\"In\u00edcio\",\"item\":\"https:\/\/www.estrategiaconcursos.com.br\/blog\/\"},{\"@type\":\"ListItem\",\"position\":2,\"name\":\"Cabe recurso Portugu\u00eas TRF 2\"}]},{\"@type\":\"WebSite\",\"@id\":\"https:\/\/www.estrategiaconcursos.com.br\/blog\/#website\",\"url\":\"https:\/\/www.estrategiaconcursos.com.br\/blog\/\",\"name\":\"Estrat\u00e9gia Concursos\",\"description\":\"O blog da Estrat\u00e9gia Concursos traz not\u00edcias sobre concursos e artigos de professores oferecendo cursos para concursos (pdf + videaulas) no site.\",\"publisher\":{\"@id\":\"https:\/\/www.estrategiaconcursos.com.br\/blog\/#organization\"},\"potentialAction\":[{\"@type\":\"SearchAction\",\"target\":{\"@type\":\"EntryPoint\",\"urlTemplate\":\"https:\/\/www.estrategiaconcursos.com.br\/blog\/?s={search_term_string}\"},\"query-input\":{\"@type\":\"PropertyValueSpecification\",\"valueRequired\":true,\"valueName\":\"search_term_string\"}}],\"inLanguage\":\"pt-BR\"},{\"@type\":\"Organization\",\"@id\":\"https:\/\/www.estrategiaconcursos.com.br\/blog\/#organization\",\"name\":\"Estrat\u00e9gia Concursos\",\"url\":\"https:\/\/www.estrategiaconcursos.com.br\/blog\/\",\"logo\":{\"@type\":\"ImageObject\",\"inLanguage\":\"pt-BR\",\"@id\":\"https:\/\/www.estrategiaconcursos.com.br\/blog\/#\/schema\/logo\/image\/\",\"url\":\"https:\/\/dhg1h5j42swfq.cloudfront.net\/2025\/06\/03203428\/logo_concursos-1.jpg\",\"contentUrl\":\"https:\/\/dhg1h5j42swfq.cloudfront.net\/2025\/06\/03203428\/logo_concursos-1.jpg\",\"width\":230,\"height\":60,\"caption\":\"Estrat\u00e9gia Concursos\"},\"image\":{\"@id\":\"https:\/\/www.estrategiaconcursos.com.br\/blog\/#\/schema\/logo\/image\/\"},\"sameAs\":[\"https:\/\/x.com\/EstratConcursos\"]},{\"@type\":\"Person\",\"@id\":\"https:\/\/www.estrategiaconcursos.com.br\/blog\/#\/schema\/person\/e8165364027a31208914fc77c3314727\",\"name\":\"D\u00e9cio Terror Filho\",\"image\":{\"@type\":\"ImageObject\",\"inLanguage\":\"pt-BR\",\"@id\":\"https:\/\/secure.gravatar.com\/avatar\/a5b78e734de7c6482e965926e78344deb81abbc34282a3c9536cbb1a59728a37?s=96&d=mm&r=g\",\"url\":\"https:\/\/secure.gravatar.com\/avatar\/a5b78e734de7c6482e965926e78344deb81abbc34282a3c9536cbb1a59728a37?s=96&d=mm&r=g\",\"contentUrl\":\"https:\/\/secure.gravatar.com\/avatar\/a5b78e734de7c6482e965926e78344deb81abbc34282a3c9536cbb1a59728a37?s=96&d=mm&r=g\",\"caption\":\"D\u00e9cio Terror Filho\"},\"url\":\"https:\/\/www.estrategiaconcursos.com.br\/blog\/author\/contatoterrorportugues-com-br\/\"}]}<\/script>\n<!-- \/ Yoast SEO Premium plugin. -->","yoast_head_json":{"title":"Cabe recurso Portugu\u00eas TRF 2","robots":{"index":"index","follow":"follow","max-snippet":"max-snippet:-1","max-image-preview":"max-image-preview:large","max-video-preview":"max-video-preview:-1"},"canonical":"https:\/\/www.estrategiaconcursos.com.br\/blog\/cabe-recurso-portugues-trf-2\/","og_locale":"pt_BR","og_type":"article","og_title":"Cabe recurso Portugu\u00eas TRF 2","og_description":"Ol&aacute;, pessoal! Cabe recurso contra uma quest&atilde;o de n&iacute;vel t&eacute;cnico da prova de Portugu&ecirc;s TRF 2&ordf; Regi&atilde;o. A quest&atilde;o se encontra nas provas de n&iacute;vel t&eacute;cnico e &eacute; a seguinte: Nas alternativas a seguir h&aacute; um exemplo de figura de linguagem denominada elipse. Assinale-a. (A) &quot;Nossos melhores pensamentos constroem mundos melhores e tamb&eacute;m c&eacute;rebros melhores.&quot; [&hellip;]","og_url":"https:\/\/www.estrategiaconcursos.com.br\/blog\/cabe-recurso-portugues-trf-2\/","og_site_name":"Estrat\u00e9gia Concursos","article_published_time":"2017-03-07T15:56:29+00:00","article_modified_time":"2017-03-16T13:59:49+00:00","author":"D\u00e9cio Terror Filho","twitter_card":"summary_large_image","twitter_creator":"@EstratConcursos","twitter_site":"@EstratConcursos","twitter_misc":{"Escrito por":"D\u00e9cio Terror Filho","Est. tempo de leitura":"7 minutos"},"schema":{"@context":"https:\/\/schema.org","@graph":[{"@type":"NewsArticle","@id":"https:\/\/www.estrategiaconcursos.com.br\/blog\/cabe-recurso-portugues-trf-2\/#article","isPartOf":{"@id":"https:\/\/www.estrategiaconcursos.com.br\/blog\/cabe-recurso-portugues-trf-2\/"},"author":{"name":"D\u00e9cio Terror Filho","@id":"https:\/\/www.estrategiaconcursos.com.br\/blog\/#\/schema\/person\/e8165364027a31208914fc77c3314727"},"headline":"Cabe recurso Portugu\u00eas TRF 2","datePublished":"2017-03-07T15:56:29+00:00","dateModified":"2017-03-16T13:59:49+00:00","mainEntityOfPage":{"@id":"https:\/\/www.estrategiaconcursos.com.br\/blog\/cabe-recurso-portugues-trf-2\/"},"wordCount":1397,"commentCount":77,"publisher":{"@id":"https:\/\/www.estrategiaconcursos.com.br\/blog\/#organization"},"keywords":["recurso Portugu\u00eas TRF","Recurso TRF"],"articleSection":["Concursos P\u00fablicos","Tribunais"],"inLanguage":"pt-BR","potentialAction":[{"@type":"CommentAction","name":"Comment","target":["https:\/\/www.estrategiaconcursos.com.br\/blog\/cabe-recurso-portugues-trf-2\/#respond"]}],"copyrightYear":"2017","copyrightHolder":{"@id":"https:\/\/www.estrategiaconcursos.com.br\/blog\/#organization"}},{"@type":"WebPage","@id":"https:\/\/www.estrategiaconcursos.com.br\/blog\/cabe-recurso-portugues-trf-2\/","url":"https:\/\/www.estrategiaconcursos.com.br\/blog\/cabe-recurso-portugues-trf-2\/","name":"Cabe recurso Portugu\u00eas TRF 2","isPartOf":{"@id":"https:\/\/www.estrategiaconcursos.com.br\/blog\/#website"},"datePublished":"2017-03-07T15:56:29+00:00","dateModified":"2017-03-16T13:59:49+00:00","breadcrumb":{"@id":"https:\/\/www.estrategiaconcursos.com.br\/blog\/cabe-recurso-portugues-trf-2\/#breadcrumb"},"inLanguage":"pt-BR","potentialAction":[{"@type":"ReadAction","target":["https:\/\/www.estrategiaconcursos.com.br\/blog\/cabe-recurso-portugues-trf-2\/"]}]},{"@type":"BreadcrumbList","@id":"https:\/\/www.estrategiaconcursos.com.br\/blog\/cabe-recurso-portugues-trf-2\/#breadcrumb","itemListElement":[{"@type":"ListItem","position":1,"name":"In\u00edcio","item":"https:\/\/www.estrategiaconcursos.com.br\/blog\/"},{"@type":"ListItem","position":2,"name":"Cabe recurso Portugu\u00eas TRF 2"}]},{"@type":"WebSite","@id":"https:\/\/www.estrategiaconcursos.com.br\/blog\/#website","url":"https:\/\/www.estrategiaconcursos.com.br\/blog\/","name":"Estrat\u00e9gia Concursos","description":"O blog da Estrat\u00e9gia Concursos traz not\u00edcias sobre concursos e artigos de professores oferecendo cursos para concursos (pdf + videaulas) no site.","publisher":{"@id":"https:\/\/www.estrategiaconcursos.com.br\/blog\/#organization"},"potentialAction":[{"@type":"SearchAction","target":{"@type":"EntryPoint","urlTemplate":"https:\/\/www.estrategiaconcursos.com.br\/blog\/?s={search_term_string}"},"query-input":{"@type":"PropertyValueSpecification","valueRequired":true,"valueName":"search_term_string"}}],"inLanguage":"pt-BR"},{"@type":"Organization","@id":"https:\/\/www.estrategiaconcursos.com.br\/blog\/#organization","name":"Estrat\u00e9gia Concursos","url":"https:\/\/www.estrategiaconcursos.com.br\/blog\/","logo":{"@type":"ImageObject","inLanguage":"pt-BR","@id":"https:\/\/www.estrategiaconcursos.com.br\/blog\/#\/schema\/logo\/image\/","url":"https:\/\/dhg1h5j42swfq.cloudfront.net\/2025\/06\/03203428\/logo_concursos-1.jpg","contentUrl":"https:\/\/dhg1h5j42swfq.cloudfront.net\/2025\/06\/03203428\/logo_concursos-1.jpg","width":230,"height":60,"caption":"Estrat\u00e9gia Concursos"},"image":{"@id":"https:\/\/www.estrategiaconcursos.com.br\/blog\/#\/schema\/logo\/image\/"},"sameAs":["https:\/\/x.com\/EstratConcursos"]},{"@type":"Person","@id":"https:\/\/www.estrategiaconcursos.com.br\/blog\/#\/schema\/person\/e8165364027a31208914fc77c3314727","name":"D\u00e9cio Terror Filho","image":{"@type":"ImageObject","inLanguage":"pt-BR","@id":"https:\/\/secure.gravatar.com\/avatar\/a5b78e734de7c6482e965926e78344deb81abbc34282a3c9536cbb1a59728a37?s=96&d=mm&r=g","url":"https:\/\/secure.gravatar.com\/avatar\/a5b78e734de7c6482e965926e78344deb81abbc34282a3c9536cbb1a59728a37?s=96&d=mm&r=g","contentUrl":"https:\/\/secure.gravatar.com\/avatar\/a5b78e734de7c6482e965926e78344deb81abbc34282a3c9536cbb1a59728a37?s=96&d=mm&r=g","caption":"D\u00e9cio Terror Filho"},"url":"https:\/\/www.estrategiaconcursos.com.br\/blog\/author\/contatoterrorportugues-com-br\/"}]}},"_links":{"self":[{"href":"https:\/\/www.estrategiaconcursos.com.br\/blog\/wp-json\/wp\/v2\/posts\/66291","targetHints":{"allow":["GET"]}}],"collection":[{"href":"https:\/\/www.estrategiaconcursos.com.br\/blog\/wp-json\/wp\/v2\/posts"}],"about":[{"href":"https:\/\/www.estrategiaconcursos.com.br\/blog\/wp-json\/wp\/v2\/types\/post"}],"author":[{"embeddable":true,"href":"https:\/\/www.estrategiaconcursos.com.br\/blog\/wp-json\/wp\/v2\/users\/214"}],"replies":[{"embeddable":true,"href":"https:\/\/www.estrategiaconcursos.com.br\/blog\/wp-json\/wp\/v2\/comments?post=66291"}],"version-history":[{"count":4,"href":"https:\/\/www.estrategiaconcursos.com.br\/blog\/wp-json\/wp\/v2\/posts\/66291\/revisions"}],"predecessor-version":[{"id":66526,"href":"https:\/\/www.estrategiaconcursos.com.br\/blog\/wp-json\/wp\/v2\/posts\/66291\/revisions\/66526"}],"wp:attachment":[{"href":"https:\/\/www.estrategiaconcursos.com.br\/blog\/wp-json\/wp\/v2\/media?parent=66291"}],"wp:term":[{"taxonomy":"category","embeddable":true,"href":"https:\/\/www.estrategiaconcursos.com.br\/blog\/wp-json\/wp\/v2\/categories?post=66291"},{"taxonomy":"post_tag","embeddable":true,"href":"https:\/\/www.estrategiaconcursos.com.br\/blog\/wp-json\/wp\/v2\/tags?post=66291"},{"taxonomy":"tax_estado","embeddable":true,"href":"https:\/\/www.estrategiaconcursos.com.br\/blog\/wp-json\/wp\/v2\/tax_estado?post=66291"}],"curies":[{"name":"wp","href":"https:\/\/api.w.org\/{rel}","templated":true}]}}