{"id":66280,"date":"2017-03-05T21:02:09","date_gmt":"2017-03-06T00:02:09","guid":{"rendered":"https:\/\/www.estrategiaconcursos.com.br\/blog\/?p=66280"},"modified":"2017-08-16T17:03:45","modified_gmt":"2017-08-16T20:03:45","slug":"comentario-gabarito-trf2-direito-administrativo-tecnico","status":"publish","type":"post","link":"https:\/\/www.estrategiaconcursos.com.br\/blog\/comentario-gabarito-trf2-direito-administrativo-tecnico\/","title":{"rendered":"Coment\u00e1rio Gabarito TRF2 Direito Administrativo T\u00e9cnico"},"content":{"rendered":"<p style=\"text-align: justify\">\n\tOl&aacute; pessoal!\n<\/p>\n<p style=\"text-align: justify\">\n\tEstou passando aqui para apresentar o coment&aacute;rio do gabarito de Direito Administrativo da prova do TRF\/2&ordf; Regi&atilde;o. A prova n&atilde;o estava dif&iacute;cil, em que pese eu acreditasse que ela estaria ainda mais f&aacute;cil.\n<\/p>\n<p style=\"text-align: justify\">\n\tA Consulplan cobrou alguns assuntos diferenciados, como parcerias p&uacute;blico-privadas (dentro de um subitem de contratos administrativos, o que &eacute; uma &quot;maldade&quot; contra os concurseiros), e a legisla&ccedil;&atilde;o sobre s&uacute;mulas vinculantes (assunto que entraria em controle da Administra&ccedil;&atilde;o P&uacute;blica, mas seria um assunto mais de Direito Constitucional do que de Direito Administrativo).\n<\/p>\n<p style=\"text-align: justify\">\n\tEnt&atilde;o, vamos aos coment&aacute;rios:\n<\/p>\n<p style=\"text-align: justify\">\n\t&nbsp;\n<\/p>\n<p style=\"text-align: justify\">\n\t<span style=\"color:#0000FF\"><strong>Quest&atilde;o 11<\/strong> <\/span>&ndash; O&nbsp;Poder P&uacute;blico Estadual tem por objetivo celebrar contrato administrativo com empresa privada pelo prazo de quinze anos, que tenha como objeto a concess&atilde;o do servi&ccedil;o p&uacute;blico de transporte, em que o particular seja tamb&eacute;m encarregado de realizar as obras de infraestrutura necess&aacute;rias &agrave; presta&ccedil;&atilde;o do servi&ccedil;o, sendo remunerado pelo usu&aacute;rio do servi&ccedil;o, bem como pelo Ente P&uacute;blico contratante. Sobre o caso anterior, assinale qual formato de contrato administrativo deve ser celebrado pelo Poder P&uacute;blico Estadual.\n<\/p>\n<p style=\"text-align: justify\">\n\ta) Contrato de gest&atilde;o, disciplinado pela Lei n&ordm; 9.637\/1998.\n<\/p>\n<p style=\"text-align: justify\">\n\tb) Contrato de cons&oacute;rcio p&uacute;blico, disciplinado pela Lei n&ordm; 11.107\/2005.\n<\/p>\n<p style=\"text-align: justify\">\n\tc) Contrato de parceria p&uacute;blico-privada, disciplinado pela Lei n&ordm; 11.079\/2004.\n<\/p>\n<p style=\"text-align: justify\">\n\td) Contrato de concess&atilde;o administrativa, disciplinado pela Lei n&ordm; 8.987\/1995.\n<\/p>\n<p style=\"text-align: justify\">\n\t<strong><u>Coment&aacute;rio<\/u><\/strong>: no contrato administrativo em an&aacute;lise, o servi&ccedil;o ser&aacute; pago em conjunto pelo Ente P&uacute;blico e pelo usu&aacute;rio. Logo, trata-se de um contrato de parceria p&uacute;blico-privada, nos termos da Lei 11.079\/2004, na forma de <strong>concess&atilde;o patrocinada<\/strong>, definida como a concess&atilde;o de servi&ccedil;os p&uacute;blicos ou de obras p&uacute;blicas que envolve, adicionalmente &agrave; tarifa cobrada dos usu&aacute;rios, uma contrapresta&ccedil;&atilde;o pecuni&aacute;ria do parceiro p&uacute;blico ao parceiro privado (Lei 11.079\/2004, art. 2&ordm;, &sect; 1&ordm;) (letra C).\n<\/p>\n<p style=\"text-align: justify\">\n\tN&atilde;o se trata de contrato de gest&atilde;o, pois este &eacute; firmado com organiza&ccedil;&otilde;es sociais, que s&atilde;o entidades privadas sem fins lucrativos (n&atilde;o s&atilde;o &ldquo;empresas privadas&rdquo;). Tamb&eacute;m n&atilde;o &eacute; cons&oacute;rcio p&uacute;blico, uma vez que este &eacute; firmado entre entes federados. Por fim, n&atilde;o se trata de concess&atilde;o administrativa, pois nessa modalidade de parceria p&uacute;blico-privada, a Administra&ccedil;&atilde;o seria a usu&aacute;ria direta ou indireta do servi&ccedil;o (logo, n&atilde;o haveria pagamento de tarifa por parte dos usu&aacute;rios).\n<\/p>\n<p style=\"text-align: justify\">\n\tEssa quest&atilde;o trata mais de servi&ccedil;os p&uacute;blicos. Por&eacute;m a Consulplan pode tentar enquadrar o quesito como esp&eacute;cie de contratos administrativos. Assim, at&eacute; d&aacute; para tentar um recurso alegando que o conte&uacute;do extrapolou o edital, mas a banca ter&aacute; uma &ldquo;sa&iacute;da&rdquo; para n&atilde;o anular a quest&atilde;o, enquadrando dentro de contratos. Infelizmente, isso faz parte.\n<\/p>\n<p style=\"text-align: justify\">\n\t<span style=\"color:#0000FF\"><strong>Gabarito: alternativa C<\/strong>.<\/span>\n<\/p>\n<p style=\"text-align: justify\">\n\t&nbsp;\n<\/p>\n<p style=\"text-align: justify\">\n\t<span style=\"color:#0000FF\"><strong>Quest&atilde;o 12<\/strong><\/span> &ndash; &ldquo;A Administra&ccedil;&atilde;o P&uacute;blica Federal deixa de editar ato administrativo, violando, com isso direito de sociedade empres&aacute;ria a ter reconhecida isen&ccedil;&atilde;o tribut&aacute;ria. A sociedade empres&aacute;ria prejudicada consulta seu advogado sobre o cabimento de utiliza&ccedil;&atilde;o de reclama&ccedil;&atilde;o constitucional, tendo em vista que a omiss&atilde;o administrativa viola entendimento do Supremo Tribunal Federal, positivado em s&uacute;mula vinculante.&rdquo; Sobre a hip&oacute;tese, assinale a alternativa correta.\n<\/p>\n<p style=\"text-align: justify\">\n\ta) N&atilde;o &eacute; cab&iacute;vel a utiliza&ccedil;&atilde;o de reclama&ccedil;&atilde;o constitucional, a qual somente pode ser utilizada contra atos comissivos da Administra&ccedil;&atilde;o P&uacute;blica.\n<\/p>\n<p style=\"text-align: justify\">\n\tb) &Eacute; cab&iacute;vel a utiliza&ccedil;&atilde;o de reclama&ccedil;&atilde;o constitucional, ap&oacute;s esgotamento das vias administrativas.\n<\/p>\n<p style=\"text-align: justify\">\n\tc) N&atilde;o &eacute; cab&iacute;vel a utiliza&ccedil;&atilde;o de reclama&ccedil;&atilde;o constitucional, uma vez que as s&uacute;mulas vinculantes t&ecirc;m como destinat&aacute;rios os &oacute;rg&atilde;os do Poder Judici&aacute;rio.\n<\/p>\n<p style=\"text-align: justify\">\n\td) Somente &eacute; cab&iacute;vel a utiliza&ccedil;&atilde;o da reclama&ccedil;&atilde;o constitucional contra omiss&atilde;o administrativa caso dois ter&ccedil;os dos membros do Supremo Tribunal Federal admitam sua utiliza&ccedil;&atilde;o.\n<\/p>\n<p style=\"text-align: justify\">\n\t<strong><u>Coment&aacute;rio<\/u><\/strong>: esse assunto &eacute; mais de Direito Constitucional do que de Direito Administrativo. As s&uacute;mulas vinculantes est&atilde;o previstas no art. 103-A da Constitui&ccedil;&atilde;o Federal. Elas s&atilde;o editadas pelo STF, mediante decis&atilde;o de dois ter&ccedil;os dos seus membros, ap&oacute;s reiteradas decis&otilde;es sobre mat&eacute;ria constitucional. A partir da publica&ccedil;&atilde;o na imprensa oficial, a s&uacute;mula ter&aacute; efeito vinculante em rela&ccedil;&atilde;o aos <strong>demais &oacute;rg&atilde;os do Poder Judici&aacute;rio e &agrave; administra&ccedil;&atilde;o p&uacute;blica direta e indireta<\/strong>, nas esferas federal, estadual e municipal.\n<\/p>\n<p style=\"text-align: justify\">\n\tCom efeito, disp&otilde;e o art. 103-A, &sect; 3&ordm;, que &ldquo;do ato administrativo ou decis&atilde;o judicial que contrariar a s&uacute;mula aplic&aacute;vel ou que indevidamente a aplicar, caber&aacute; reclama&ccedil;&atilde;o ao Supremo Tribunal Federal que, julgando-a procedente, anular&aacute; o ato administrativo ou cassar&aacute; a decis&atilde;o judicial reclamada, e determinar&aacute; que outra seja proferida com ou sem a aplica&ccedil;&atilde;o da s&uacute;mula, conforme o caso&rdquo;.\n<\/p>\n<p style=\"text-align: justify\">\n\tAdemais, a edi&ccedil;&atilde;o, a revis&atilde;o e o cancelamento de enunciado de s&uacute;mula vinculante s&atilde;o regulamentados pela Lei 11.417\/2006, cujo art. 7&ordm; disp&otilde;e que:\n<\/p>\n<blockquote>\n<p style=\"text-align: justify\">\n\t\tArt. 7&ordm;&nbsp; Da decis&atilde;o judicial ou do ato administrativo que contrariar enunciado de s&uacute;mula vinculante, negar-lhe vig&ecirc;ncia ou aplic&aacute;-lo indevidamente caber&aacute; reclama&ccedil;&atilde;o ao Supremo Tribunal Federal, sem preju&iacute;zo dos recursos ou outros meios admiss&iacute;veis de impugna&ccedil;&atilde;o.\n\t<\/p>\n<p style=\"text-align: justify\">\n\t\t&sect; 1o&nbsp; <strong>Contra omiss&atilde;o ou ato da administra&ccedil;&atilde;o p&uacute;blica, o uso da reclama&ccedil;&atilde;o s&oacute; ser&aacute; admitido ap&oacute;s esgotamento das vias administrativas.<\/strong>\n\t<\/p>\n<p style=\"text-align: justify\">\n\t\t&sect; 2o&nbsp; Ao julgar procedente a reclama&ccedil;&atilde;o, o Supremo Tribunal Federal anular&aacute; o ato administrativo ou cassar&aacute; a decis&atilde;o judicial impugnada, determinando que outra seja proferida com ou sem aplica&ccedil;&atilde;o da s&uacute;mula, conforme o caso.\n\t<\/p>\n<\/blockquote>\n<p style=\"text-align: justify\">\n\t&#8212;-\n<\/p>\n<p style=\"text-align: justify\">\n\tLogo, &eacute; cab&iacute;vel a ado&ccedil;&atilde;o da reclama&ccedil;&atilde;o constitucional, pois a omiss&atilde;o viola s&uacute;mula vinculante, por&eacute;m somente ap&oacute;s o esgotamento das vias administrativas.\n<\/p>\n<p style=\"text-align: justify\">\n\t<span style=\"color:#0000FF\"><strong>Gabarito: alternativa B.<\/strong><\/span>\n<\/p>\n<p style=\"text-align: justify\">\n\t&nbsp;\n<\/p>\n<p style=\"text-align: justify\">\n\t<span style=\"color:#0000FF\"><strong>Quest&atilde;o 13<\/strong> <\/span>&ndash; Dentre as entidades mencionadas a seguir, assinale aquela que N&Atilde;O tem o dever de licitar para aquisi&ccedil;&atilde;o de bens e servi&ccedil;os.\n<\/p>\n<p style=\"text-align: justify\">\n\ta) Ordem dos Advogados do Brasil.\n<\/p>\n<p style=\"text-align: justify\">\n\tb) Cons&oacute;rcios P&uacute;blicos.\n<\/p>\n<p style=\"text-align: justify\">\n\tc) Ag&ecirc;ncias Executivas.\n<\/p>\n<p style=\"text-align: justify\">\n\td) Sociedades de Economia Mista exploradora de servi&ccedil;o p&uacute;blico.\n<\/p>\n<p style=\"text-align: justify\">\n\t<strong><u>Coment&aacute;rio<\/u><\/strong>: em geral, toda a Administra&ccedil;&atilde;o P&uacute;blica tem o dever de licitar. Isso inclui, portanto, a administra&ccedil;&atilde;o direta e indireta. Nessa linha, lembramos que as ag&ecirc;ncias executivas s&atilde;o autarquias ou funda&ccedil;&otilde;es que recebam essa qualifica&ccedil;&atilde;o, ou seja, s&atilde;o entidades da Administra&ccedil;&atilde;o indireta, ent&atilde;o devem licitar. As sociedades de economia mista, independentemente da atividade que exercem, integram a Administra&ccedil;&atilde;o indireta e tamb&eacute;m possuem o dever de licitar (atualmente, elas seguem as regras da Lei 13.303\/2016, que estabelece o regime licitat&oacute;rio das empresas estatais, incluindo hip&oacute;teses de dispensa e inexigibilidade; por&eacute;m a regra &eacute; licitar). Por fim, os cons&oacute;rcios p&uacute;blicos integrar&atilde;o a Administra&ccedil;&atilde;o indireta quando possu&iacute;rem personalidade de direito p&uacute;blico (se for de direito privado, n&atilde;o h&aacute; consenso se integram ou n&atilde;o a Administra&ccedil;&atilde;o indireta). Por&eacute;m, em qualquer caso, os cons&oacute;rcios p&uacute;blicos devem licitar, conforme determina o art. 6&ordm; da Lei 11.107\/2005.\n<\/p>\n<p style=\"text-align: justify\">\n\tPor outro lado, a OAB, ainda que exer&ccedil;a a fiscaliza&ccedil;&atilde;o de classe profissional, n&atilde;o faz parte da Administra&ccedil;&atilde;o e, por isso, n&atilde;o se submete ao dever de licitar ou de fazer concurso p&uacute;blico, conforme j&aacute; decidiu o STF em alguns casos.\n<\/p>\n<p style=\"text-align: justify\">\n\t<span style=\"color:#0000FF\"><strong>Gabarito: alternativa A.<\/strong><\/span>\n<\/p>\n<p style=\"text-align: justify\">\n\t&nbsp;\n<\/p>\n<p style=\"text-align: justify\">\n\t<span style=\"color:#0000FF\"><strong>Quest&atilde;o 14<\/strong><\/span> &ndash; &ldquo;Fernanda, servidora do Tribunal Regional Federal, se ausenta imotivadamente do servi&ccedil;o por quarenta dias consecutivos, no per&iacute;odo de doze meses. Nesse sentido, foi aberta sindic&acirc;ncia, a qual concluiu pela demiss&atilde;o da servidora do cargo, em decis&atilde;o do Presidente do Tribunal Regional Federal.&rdquo; Sobre a hip&oacute;tese, assinale a alternativa correta com base na Lei n&ordm; 8.112\/1990.\n<\/p>\n<p style=\"text-align: justify\">\n\ta) A demiss&atilde;o foi correta, uma vez que respeitada a tipicidade da conduta, o procedimento e a compet&ecirc;ncia para a aplica&ccedil;&atilde;o da san&ccedil;&atilde;o.\n<\/p>\n<p style=\"text-align: justify\">\n\tb) A demiss&atilde;o foi irregular, uma vez que a pena de demiss&atilde;o de servidor p&uacute;blico federal somente pode ser tomada pelo Presidente da Rep&uacute;blica.\n<\/p>\n<p style=\"text-align: justify\">\n\tc) A demiss&atilde;o foi irregular, uma vez que a pena de demiss&atilde;o de servidor p&uacute;blico federal deve ser apurada em processo administrativo disciplinar e n&atilde;o em sindic&acirc;ncia.\n<\/p>\n<p style=\"text-align: justify\">\n\td) A demiss&atilde;o foi irregular, uma vez somente se configura abandono de cargo para fins de demiss&atilde;o quando h&aacute; falta imotivada por sessenta dias consecutivos.\n<\/p>\n<p style=\"text-align: justify\">\n\t<strong><u>Coment&aacute;rio<\/u><\/strong>: o abandono de cargo &eacute; a aus&ecirc;ncia intencional do servidor ao servi&ccedil;o por mais de trinta dias consecutivos (Lei 8.112\/1990, art. 138). Tal infra&ccedil;&atilde;o &eacute; punida com demiss&atilde;o, na forma do art. 132, II, do Estatuto dos Servidores.\n<\/p>\n<p style=\"text-align: justify\">\n\tAl&eacute;m disso, analisando exclusivamente o texto da Lei 8.112\/1990, sabemos que a aplica&ccedil;&atilde;o da pena de demiss&atilde;o compete &agrave;s seguintes autoridades:\n<\/p>\n<blockquote>\n<p style=\"text-align: justify\">\n\t\tArt. 141.&nbsp; As penalidades disciplinares ser&atilde;o aplicadas: I &#8211; pelo Presidente da Rep&uacute;blica, pelos Presidentes das Casas do Poder Legislativo e <strong>dos Tribunais Federais<\/strong> e pelo Procurador-Geral da Rep&uacute;blica, quando se tratar de demiss&atilde;o e cassa&ccedil;&atilde;o de aposentadoria ou disponibilidade de servidor vinculado ao respectivo Poder, &oacute;rg&atilde;o, ou entidade;\n\t<\/p>\n<\/blockquote>\n<p style=\"text-align: justify\">\n\tPor fim, a aplica&ccedil;&atilde;o da pena de demiss&atilde;o depende da instaura&ccedil;&atilde;o de processo administrativo disciplinar, que ter&aacute; rito sum&aacute;rio no caso de abandono de cargo (art. 133, c\/c art. 140), ou seja, mesmo no abandono de cargo h&aacute; processo administrativo disciplinar, s&oacute; muda o rito, que ser&aacute; sum&aacute;rio (mais curto).\n<\/p>\n<p style=\"text-align: justify\">\n\tCom isso, podemos notar que a demiss&atilde;o foi irregular, pois a pena de demiss&atilde;o deve ser apurada em processo administrativo disciplinar e n&atilde;o em sindic&acirc;ncia (letra C).\n<\/p>\n<p style=\"text-align: justify\">\n\tVejamos as demais alternativas:\n<\/p>\n<p style=\"text-align: justify\">\n\ta) a demiss&atilde;o, conforme vimos, foi irregular &ndash; ERRADA;\n<\/p>\n<p style=\"text-align: justify\">\n\tb) n&atilde;o &eacute; apenas o Presidente da Rep&uacute;blica, pois existem outras autoridades com esta compet&ecirc;ncia, incluindo os presidentes de tribunais federais &ndash; ERRADA;\n<\/p>\n<p style=\"text-align: justify\">\n\td) a falta imotivada por 30 dias consecutivos j&aacute; constitui abandono de cargo. Lembrando que a falta por 60 dias, interpolados, dentro do prazo de 12 meses, configura inassiduidade habitual, que tamb&eacute;m enseja a demiss&atilde;o &ndash; ERRADA.\n<\/p>\n<p style=\"text-align: justify\">\n\t<span style=\"color:#0000FF\"><strong>Gabarito: alternativa C.<\/strong><\/span>\n<\/p>\n<p style=\"text-align: justify\">\n\t&nbsp;\n<\/p>\n<p style=\"text-align: justify\">\n\t<span style=\"color:#0000FF\"><strong>Quest&atilde;o 15<\/strong> <\/span>&ndash; &ldquo;Determinada associa&ccedil;&atilde;o privada faz requerimento administrativo formal &agrave; Administra&ccedil;&atilde;o P&uacute;blica, buscando informa&ccedil;&otilde;es acerca de contrato administrativo que suspeitam ter irregularidades.&rdquo; Acerca do princ&iacute;pio da publicidade das informa&ccedil;&otilde;es da Administra&ccedil;&atilde;o P&uacute;blica, assinale a alternativa correta.\n<\/p>\n<p style=\"text-align: justify\">\n\ta) &Eacute; poss&iacute;vel a restri&ccedil;&atilde;o de informa&ccedil;&otilde;es caso haja risco &agrave; intimidade de alguma das partes envolvidas no ato ou processo administrativo, bem como haja risco &agrave; seguran&ccedil;a do Estado.\n<\/p>\n<p style=\"text-align: justify\">\n\tb) As informa&ccedil;&otilde;es administrativas buscadas somente podem ser prestadas aos diretamente envolvidos, demonstrado o leg&iacute;timo interesse, por meio de habeas data.\n<\/p>\n<p style=\"text-align: justify\">\n\tc) &Eacute; poss&iacute;vel que haja restri&ccedil;&atilde;o de informa&ccedil;&otilde;es pela Administra&ccedil;&atilde;o P&uacute;blica, mas somente decorrente de decis&atilde;o judicial, em que expostos os motivos do sigilo.\n<\/p>\n<p style=\"text-align: justify\">\n\td) Todas as informa&ccedil;&otilde;es administrativas buscadas devem ser prestadas, tendo em vista o princ&iacute;pio da publicidade, materializado no direito constitucional de peti&ccedil;&atilde;o.\n<\/p>\n<p style=\"text-align: justify\">\n\t<strong><u>Coment&aacute;rio<\/u><\/strong>: em geral, as informa&ccedil;&otilde;es de posse dos &oacute;rg&atilde;os e entidades p&uacute;blicos devem ser disponibilizadas para a sociedade. Contudo, existem situa&ccedil;&otilde;es em que as informa&ccedil;&otilde;es podem ser protegidas pelo sigilo. Nessa linha, disp&otilde;e a Constitui&ccedil;&atilde;o Federal que &ldquo;todos t&ecirc;m direito a receber dos &oacute;rg&atilde;os p&uacute;blicos informa&ccedil;&otilde;es de seu interesse particular, ou de interesse coletivo ou geral, que ser&atilde;o prestadas no prazo da lei, sob pena de responsabilidade, ressalvadas aquelas <strong>cujo sigilo seja imprescind&iacute;vel &agrave; seguran&ccedil;a da sociedade e do Estado<\/strong>&rdquo; (CF, art. 5&ordm;, XXXIII). Al&eacute;m disso, a Constitui&ccedil;&atilde;o tamb&eacute;m protege a intimidada (CF, art. 5&ordm;, X e LX). Dessa forma, a Lei de Acesso &agrave; Informa&ccedil;&atilde;o (Lei 12.527\/2011) prev&ecirc; a prote&ccedil;&atilde;o das informa&ccedil;&otilde;es imprescind&iacute;veis &agrave; seguran&ccedil;a da sociedade e do Estado, assim como daquelas relacionadas &agrave; intimidade pessoal. Logo, a informa&ccedil;&atilde;o solicitada poder&aacute; ser restringida, desde que haja risco &agrave; intimidade de alguma das partes ou que haja risco para a seguran&ccedil;a da sociedade e do Estado (letra A).\n<\/p>\n<p style=\"text-align: justify\">\n\tAs letra B e C est&atilde;o incorretas, pois a pr&oacute;pria Administra&ccedil;&atilde;o, em regra, deve divulgar as informa&ccedil;&otilde;es, independentemente de processo judicial (incluindo o <em>habeas data<\/em>). J&aacute; a letra D &eacute; errada, justamente porque existem exce&ccedil;&otilde;es.\n<\/p>\n<p style=\"text-align: justify\">\n\t<span style=\"color:#0000FF\"><strong>Gabarito: alternativa A.<\/strong><\/span>\n<\/p>\n<p style=\"text-align: justify\">\n\t&nbsp;\n<\/p>\n<p style=\"text-align: justify\">\n\t<strong><span style=\"color:#0000FF\">Quest&atilde;o 16<\/span> &ndash;&nbsp;<\/strong>De acordo com o Art. 71, caput, da Constitui&ccedil;&atilde;o da Rep&uacute;blica Federativa do Brasil, &ldquo;o controle externo, a cargo do Congresso Nacional, ser&aacute; exercido com o aux&iacute;lio do Tribunal de Contas da Uni&atilde;o (&#8230;)&rdquo;. &Agrave; luz da interpreta&ccedil;&atilde;o do referido preceito constitucional e das normas que lhe s&atilde;o correlatas, assinale a afirmativa correta.\n<\/p>\n<p style=\"text-align: justify\">\n\ta) O Tribunal de Contas da Uni&atilde;o, como &oacute;rg&atilde;o do Poder Judici&aacute;rio, n&atilde;o est&aacute; subordinado ao Congresso Nacional.\n<\/p>\n<p style=\"text-align: justify\">\n\tb) Como o Tribunal de Contas da Uni&atilde;o &eacute; &oacute;rg&atilde;o auxiliar do Congresso Nacional, as decis&otilde;es que profira podem ser revistas por este &uacute;ltimo.\n<\/p>\n<p style=\"text-align: justify\">\n\tc) O Tribunal de Contas da Uni&atilde;o n&atilde;o exerce diretamente o controle externo, sob o prisma financeiro e or&ccedil;ament&aacute;rio, dos entes da administra&ccedil;&atilde;o direta e indireta.\n<\/p>\n<p style=\"text-align: justify\">\n\td) O Tribunal de Contas da Uni&atilde;o possui compet&ecirc;ncias pr&oacute;prias, que exerce de modo aut&ocirc;nomo, sem subordina&ccedil;&atilde;o ao Congresso Nacional.\n<\/p>\n<p style=\"text-align: justify\">\n\t<strong><u>Coment&aacute;rio<\/u><\/strong>: em que pese o Congresso Nacional seja o titular do controle externo, o Tribunal de Contas da Uni&atilde;o (TCU) possui v&aacute;rias compet&ecirc;ncias constitucionais que lhes s&atilde;o pr&oacute;prias, isto &eacute;, o TCU tem as suas pr&oacute;prias compet&ecirc;ncias, das quais n&atilde;o cabe recurso ao Congresso Nacional. Em geral, essas atribui&ccedil;&otilde;es do TCU constam no art. 71 da Constitui&ccedil;&atilde;o Federal.\n<\/p>\n<p style=\"text-align: justify\">\n\tAgora, vejamos as alternativas:\n<\/p>\n<p style=\"text-align: justify\">\n\ta) o TCU n&atilde;o faz parte do Poder Judici&aacute;rio. Na verdade, o TCU n&atilde;o faz parte de qualquer dos Poderes, ainda que esteja vinculado ao Legislativo para v&aacute;rias finalidades &ndash; ERRADA;\n<\/p>\n<p style=\"text-align: justify\">\n\tb) dizer que o TCU &ldquo;auxilia&rdquo; n&atilde;o &eacute; o mesmo que dizer que ele &eacute; &ldquo;auxiliar&rdquo;. O TCU auxilia o Congresso Nacional no exerc&iacute;cio do controle externo, seja pela presta&ccedil;&atilde;o de informa&ccedil;&otilde;es ou pela emiss&atilde;o do parecer pr&eacute;vio sobre as contas do Presidente da Rep&uacute;blica. Por&eacute;m, as compet&ecirc;ncias do TCU s&atilde;o exercidas pelo pr&oacute;prio Tribunal, sem subordina&ccedil;&atilde;o ao Congresso. Logo, o TCU n&atilde;o &eacute; &oacute;rg&atilde;o auxiliar do legislativo &ndash; ERRADA;\n<\/p>\n<p style=\"text-align: justify\">\n\tc) o TCU exerce o controle externo diretamente, por v&aacute;rios meios, como a realiza&ccedil;&atilde;o de auditorias e inspe&ccedil;&otilde;es &ndash; ERRADA;\n<\/p>\n<p style=\"text-align: justify\">\n\td) conforme vimos acima, &eacute; isso mesmo. O TCU tem compet&ecirc;ncias pr&oacute;prias e privativas, descritas no art. 71 da Constitui&ccedil;&atilde;o Federal &ndash; CORRETA.\n<\/p>\n<p style=\"text-align: justify\">\n\t<span style=\"color:#0000FF\"><strong>Gabarito: alternativa D.<\/strong><\/span>\n<\/p>\n<p style=\"text-align: justify\">\n\t&nbsp;\n<\/p>\n<p style=\"text-align: justify\">\n\t<span style=\"color:#0000FF\"><strong>Quest&atilde;o 19<\/strong><\/span> &ndash; &ldquo;Ednaldo, servidor p&uacute;blico est&aacute;vel, titular de cargo de provimento efetivo, teve s&eacute;ria discuss&atilde;o com o seu superior hier&aacute;rquico. Na ocasi&atilde;o, foi informado pelo departamento de recursos humanos que, nos termos de resolu&ccedil;&atilde;o interna, caso lhe fossem atribu&iacute;dos tr&ecirc;s conceitos baixos, de modo consecutivo, em suas avalia&ccedil;&otilde;es de desempenho, seria determinada a sua imediata exonera&ccedil;&atilde;o.&rdquo; &Agrave; luz da sistem&aacute;tica constitucional, &eacute; correto afirmar que a resolu&ccedil;&atilde;o interna que dispusesse da maneira indicada estaria\n<\/p>\n<p style=\"text-align: justify\">\n\ta) errada, pois a perda do cargo, na hip&oacute;tese descrita, precisa estar prevista em lei complementar.\n<\/p>\n<p style=\"text-align: justify\">\n\tb) certa, desde que sejam assegurados o contradit&oacute;rio e a ampla defesa.\n<\/p>\n<p style=\"text-align: justify\">\n\tc) errada, j&aacute; que o servidor p&uacute;blico est&aacute;vel somente pode perder o cargo em processo administrativo.\n<\/p>\n<p style=\"text-align: justify\">\n\td) certa, pois compete &agrave; Administra&ccedil;&atilde;o P&uacute;blica zelar pelo princ&iacute;pio da efici&ecirc;ncia, exonerando os servidores que n&atilde;o o atendam.\n<\/p>\n<p style=\"text-align: justify\">\n\t<strong><u>Coment&aacute;rio<\/u><\/strong>: a Constitui&ccedil;&atilde;o Federal disp&otilde;e, em seu art. 41, &sect; 1&ordm;, que:\n<\/p>\n<blockquote>\n<p style=\"text-align: justify\">\n\t\tArt. 41. S&atilde;o est&aacute;veis ap&oacute;s tr&ecirc;s anos de efetivo exerc&iacute;cio os servidores nomeados para cargo de provimento efetivo em virtude de concurso p&uacute;blico.\n\t<\/p>\n<p style=\"text-align: justify\">\n\t\t&sect; 1&ordm; O servidor p&uacute;blico est&aacute;vel s&oacute; perder&aacute; o cargo:\n\t<\/p>\n<p style=\"text-align: justify\">\n\t\tI &#8211; em virtude de senten&ccedil;a judicial transitada em julgado;\n\t<\/p>\n<p style=\"text-align: justify\">\n\t\tII &#8211; mediante processo administrativo em que lhe seja assegurada ampla defesa;\n\t<\/p>\n<p style=\"text-align: justify\">\n\t\tIII &#8211; mediante procedimento de avalia&ccedil;&atilde;o peri&oacute;dica de desempenho, <strong>na forma de lei complementar<\/strong>, assegurada ampla defesa.\n\t<\/p>\n<\/blockquote>\n<p style=\"text-align: justify\">\n\t&#8212;-\n<\/p>\n<p style=\"text-align: justify\">\n\tLogo, o servidor n&atilde;o poderia ser demitido, pois a regulamenta&ccedil;&atilde;o da perda de cargo em virtude de insufici&ecirc;ncia de desempenho depende de regulamenta&ccedil;&atilde;o em lei complementar. Tal lei n&atilde;o foi editada at&eacute; hoje, logo a resolu&ccedil;&atilde;o interna n&atilde;o &eacute; instrumento h&aacute;bil para criar essa hip&oacute;tese de perda de cargo.\n<\/p>\n<p style=\"text-align: justify\">\n\t<span style=\"color:#0000FF\"><strong>Gabarito: alternativa A.<\/strong><\/span>\n<\/p>\n<p>\n\t&#8212;-\n<\/p>\n<p>\n\t&Eacute; isso, pessoal!\n<\/p>\n<p>\n\tDesejo a todos um &oacute;timo resultado neste concurso!\n<\/p>\n<p>\n\tN&oacute;s estamos tamb&eacute;m nas redes sociais, onde disponibilizamos diariamente dicas de Direito Administrativo e de prepara&ccedil;&atilde;o para concursos p&uacute;blicos.&nbsp;Siga-nos!\n<\/p>\n<ul>\n<li>\n\t\t<b>Lista especial<\/b> (para receber materiais gratuitos de Direito Administrativo):&nbsp;<a href=\"http:\/\/eepurl.com\/caWVb5\" target=\"_blank\">http:\/\/eepurl.com\/caWVb5<\/a>\n\t<\/li>\n<li>\n\t\t<strong>Instagram<\/strong>: <a href=\"https:\/\/www.instagram.com\/profherbertalmeida\/\" target=\"_blank\">@profherbertalmeida<\/a>\n\t<\/li>\n<li>\n\t\t<strong>Periscope<\/strong>: @profherbertalmeida\n\t<\/li>\n<li>\n\t\t<strong>Facebook<\/strong>:&nbsp;<a href=\"https:\/\/www.facebook.com\/profherbertalmeida\/\" target=\"_blank\">profherbertalmeida<\/a>\n\t<\/li>\n<\/ul>\n<p>\n\tGrande abra&ccedil;o,\n<\/p>\n<p>\n\tHerbert Almeida&nbsp;<\/p>\n","protected":false},"excerpt":{"rendered":"<p>Ol&aacute; pessoal! Estou passando aqui para apresentar o coment&aacute;rio do gabarito de Direito Administrativo da prova do TRF\/2&ordf; Regi&atilde;o. A prova n&atilde;o estava dif&iacute;cil, em que pese eu acreditasse que ela estaria ainda mais f&aacute;cil. A Consulplan cobrou alguns assuntos diferenciados, como parcerias p&uacute;blico-privadas (dentro de um subitem de contratos administrativos, o que &eacute; uma [&hellip;]<\/p>\n","protected":false},"author":129,"featured_media":0,"comment_status":"open","ping_status":"open","sticky":false,"template":"","format":"standard","meta":{"post_tipo":"article","footnotes":""},"categories":[1],"tags":[],"tax_estado":[],"class_list":["post-66280","post","type-post","status-publish","format-standard","hentry","category-cursos-e-concursos"],"acf":[],"yoast_head":"<!-- This site is optimized with the Yoast SEO Premium plugin v27.2 (Yoast SEO v27.2) - https:\/\/yoast.com\/product\/yoast-seo-premium-wordpress\/ -->\n<title>Coment\u00e1rio Gabarito TRF2 Direito Administrativo T\u00e9cnico<\/title>\n<meta name=\"description\" content=\"Gabarito trf 2 Direito Administrativos - Coment\u00e1rio das quest\u00f5es de direito administrativo do concurso do TRF 2 - T\u00e9cnico Administrativo.\" \/>\n<meta name=\"robots\" content=\"index, follow, max-snippet:-1, max-image-preview:large, max-video-preview:-1\" \/>\n<link rel=\"canonical\" href=\"https:\/\/www.estrategiaconcursos.com.br\/blog\/comentario-gabarito-trf2-direito-administrativo-tecnico\/\" \/>\n<meta property=\"og:locale\" content=\"pt_BR\" \/>\n<meta property=\"og:type\" content=\"article\" \/>\n<meta property=\"og:title\" content=\"Coment\u00e1rio Gabarito TRF2 Direito Administrativo T\u00e9cnico\" \/>\n<meta property=\"og:description\" content=\"Gabarito trf 2 Direito Administrativos - Coment\u00e1rio das quest\u00f5es de direito administrativo do concurso do TRF 2 - T\u00e9cnico Administrativo.\" \/>\n<meta property=\"og:url\" content=\"https:\/\/www.estrategiaconcursos.com.br\/blog\/comentario-gabarito-trf2-direito-administrativo-tecnico\/\" \/>\n<meta property=\"og:site_name\" content=\"Estrat\u00e9gia Concursos\" \/>\n<meta property=\"article:published_time\" content=\"2017-03-06T00:02:09+00:00\" \/>\n<meta property=\"article:modified_time\" content=\"2017-08-16T20:03:45+00:00\" \/>\n<meta name=\"author\" content=\"Herbert Almeida\" \/>\n<meta name=\"twitter:card\" content=\"summary_large_image\" \/>\n<meta name=\"twitter:creator\" content=\"@EstratConcursos\" \/>\n<meta name=\"twitter:site\" content=\"@EstratConcursos\" \/>\n<meta name=\"twitter:label1\" content=\"Escrito por\" \/>\n\t<meta name=\"twitter:data1\" content=\"Herbert Almeida\" \/>\n\t<meta name=\"twitter:label2\" content=\"Est. tempo de leitura\" \/>\n\t<meta name=\"twitter:data2\" content=\"17 minutos\" \/>\n<script type=\"application\/ld+json\" class=\"yoast-schema-graph\">{\"@context\":\"https:\/\/schema.org\",\"@graph\":[{\"@type\":\"NewsArticle\",\"@id\":\"https:\/\/www.estrategiaconcursos.com.br\/blog\/comentario-gabarito-trf2-direito-administrativo-tecnico\/#article\",\"isPartOf\":{\"@id\":\"https:\/\/www.estrategiaconcursos.com.br\/blog\/comentario-gabarito-trf2-direito-administrativo-tecnico\/\"},\"author\":{\"name\":\"Herbert Almeida\",\"@id\":\"https:\/\/www.estrategiaconcursos.com.br\/blog\/#\/schema\/person\/59717c75350fa01aa0fd68a52a8d02e0\"},\"headline\":\"Coment\u00e1rio Gabarito TRF2 Direito Administrativo T\u00e9cnico\",\"datePublished\":\"2017-03-06T00:02:09+00:00\",\"dateModified\":\"2017-08-16T20:03:45+00:00\",\"mainEntityOfPage\":{\"@id\":\"https:\/\/www.estrategiaconcursos.com.br\/blog\/comentario-gabarito-trf2-direito-administrativo-tecnico\/\"},\"wordCount\":3501,\"commentCount\":10,\"publisher\":{\"@id\":\"https:\/\/www.estrategiaconcursos.com.br\/blog\/#organization\"},\"articleSection\":[\"Concursos P\u00fablicos\"],\"inLanguage\":\"pt-BR\",\"potentialAction\":[{\"@type\":\"CommentAction\",\"name\":\"Comment\",\"target\":[\"https:\/\/www.estrategiaconcursos.com.br\/blog\/comentario-gabarito-trf2-direito-administrativo-tecnico\/#respond\"]}],\"copyrightYear\":\"2017\",\"copyrightHolder\":{\"@id\":\"https:\/\/www.estrategiaconcursos.com.br\/blog\/#organization\"}},{\"@type\":\"WebPage\",\"@id\":\"https:\/\/www.estrategiaconcursos.com.br\/blog\/comentario-gabarito-trf2-direito-administrativo-tecnico\/\",\"url\":\"https:\/\/www.estrategiaconcursos.com.br\/blog\/comentario-gabarito-trf2-direito-administrativo-tecnico\/\",\"name\":\"Coment\u00e1rio Gabarito TRF2 Direito Administrativo T\u00e9cnico\",\"isPartOf\":{\"@id\":\"https:\/\/www.estrategiaconcursos.com.br\/blog\/#website\"},\"datePublished\":\"2017-03-06T00:02:09+00:00\",\"dateModified\":\"2017-08-16T20:03:45+00:00\",\"description\":\"Gabarito trf 2 Direito Administrativos - Coment\u00e1rio das quest\u00f5es de direito administrativo do concurso do TRF 2 - T\u00e9cnico Administrativo.\",\"breadcrumb\":{\"@id\":\"https:\/\/www.estrategiaconcursos.com.br\/blog\/comentario-gabarito-trf2-direito-administrativo-tecnico\/#breadcrumb\"},\"inLanguage\":\"pt-BR\",\"potentialAction\":[{\"@type\":\"ReadAction\",\"target\":[\"https:\/\/www.estrategiaconcursos.com.br\/blog\/comentario-gabarito-trf2-direito-administrativo-tecnico\/\"]}]},{\"@type\":\"BreadcrumbList\",\"@id\":\"https:\/\/www.estrategiaconcursos.com.br\/blog\/comentario-gabarito-trf2-direito-administrativo-tecnico\/#breadcrumb\",\"itemListElement\":[{\"@type\":\"ListItem\",\"position\":1,\"name\":\"In\u00edcio\",\"item\":\"https:\/\/www.estrategiaconcursos.com.br\/blog\/\"},{\"@type\":\"ListItem\",\"position\":2,\"name\":\"Coment\u00e1rio Gabarito TRF2 Direito Administrativo T\u00e9cnico\"}]},{\"@type\":\"WebSite\",\"@id\":\"https:\/\/www.estrategiaconcursos.com.br\/blog\/#website\",\"url\":\"https:\/\/www.estrategiaconcursos.com.br\/blog\/\",\"name\":\"Estrat\u00e9gia Concursos\",\"description\":\"O blog da Estrat\u00e9gia Concursos traz not\u00edcias sobre concursos e artigos de professores oferecendo cursos para concursos (pdf + videaulas) no site.\",\"publisher\":{\"@id\":\"https:\/\/www.estrategiaconcursos.com.br\/blog\/#organization\"},\"potentialAction\":[{\"@type\":\"SearchAction\",\"target\":{\"@type\":\"EntryPoint\",\"urlTemplate\":\"https:\/\/www.estrategiaconcursos.com.br\/blog\/?s={search_term_string}\"},\"query-input\":{\"@type\":\"PropertyValueSpecification\",\"valueRequired\":true,\"valueName\":\"search_term_string\"}}],\"inLanguage\":\"pt-BR\"},{\"@type\":\"Organization\",\"@id\":\"https:\/\/www.estrategiaconcursos.com.br\/blog\/#organization\",\"name\":\"Estrat\u00e9gia Concursos\",\"url\":\"https:\/\/www.estrategiaconcursos.com.br\/blog\/\",\"logo\":{\"@type\":\"ImageObject\",\"inLanguage\":\"pt-BR\",\"@id\":\"https:\/\/www.estrategiaconcursos.com.br\/blog\/#\/schema\/logo\/image\/\",\"url\":\"https:\/\/dhg1h5j42swfq.cloudfront.net\/2025\/06\/03203428\/logo_concursos-1.jpg\",\"contentUrl\":\"https:\/\/dhg1h5j42swfq.cloudfront.net\/2025\/06\/03203428\/logo_concursos-1.jpg\",\"width\":230,\"height\":60,\"caption\":\"Estrat\u00e9gia Concursos\"},\"image\":{\"@id\":\"https:\/\/www.estrategiaconcursos.com.br\/blog\/#\/schema\/logo\/image\/\"},\"sameAs\":[\"https:\/\/x.com\/EstratConcursos\"]},{\"@type\":\"Person\",\"@id\":\"https:\/\/www.estrategiaconcursos.com.br\/blog\/#\/schema\/person\/59717c75350fa01aa0fd68a52a8d02e0\",\"name\":\"Herbert Almeida\",\"image\":{\"@type\":\"ImageObject\",\"inLanguage\":\"pt-BR\",\"@id\":\"https:\/\/secure.gravatar.com\/avatar\/b6461a43893c24d5fc91efc433971ffec025c84c0341129f4578034d77f9a536?s=96&d=mm&r=g\",\"url\":\"https:\/\/secure.gravatar.com\/avatar\/b6461a43893c24d5fc91efc433971ffec025c84c0341129f4578034d77f9a536?s=96&d=mm&r=g\",\"contentUrl\":\"https:\/\/secure.gravatar.com\/avatar\/b6461a43893c24d5fc91efc433971ffec025c84c0341129f4578034d77f9a536?s=96&d=mm&r=g\",\"caption\":\"Herbert Almeida\"},\"url\":\"https:\/\/www.estrategiaconcursos.com.br\/blog\/author\/herbertestrategiaconcursos-com-br\/\"}]}<\/script>\n<!-- \/ Yoast SEO Premium plugin. -->","yoast_head_json":{"title":"Coment\u00e1rio Gabarito TRF2 Direito Administrativo T\u00e9cnico","description":"Gabarito trf 2 Direito Administrativos - Coment\u00e1rio das quest\u00f5es de direito administrativo do concurso do TRF 2 - T\u00e9cnico Administrativo.","robots":{"index":"index","follow":"follow","max-snippet":"max-snippet:-1","max-image-preview":"max-image-preview:large","max-video-preview":"max-video-preview:-1"},"canonical":"https:\/\/www.estrategiaconcursos.com.br\/blog\/comentario-gabarito-trf2-direito-administrativo-tecnico\/","og_locale":"pt_BR","og_type":"article","og_title":"Coment\u00e1rio Gabarito TRF2 Direito Administrativo T\u00e9cnico","og_description":"Gabarito trf 2 Direito Administrativos - Coment\u00e1rio das quest\u00f5es de direito administrativo do concurso do TRF 2 - T\u00e9cnico Administrativo.","og_url":"https:\/\/www.estrategiaconcursos.com.br\/blog\/comentario-gabarito-trf2-direito-administrativo-tecnico\/","og_site_name":"Estrat\u00e9gia Concursos","article_published_time":"2017-03-06T00:02:09+00:00","article_modified_time":"2017-08-16T20:03:45+00:00","author":"Herbert Almeida","twitter_card":"summary_large_image","twitter_creator":"@EstratConcursos","twitter_site":"@EstratConcursos","twitter_misc":{"Escrito por":"Herbert Almeida","Est. tempo de leitura":"17 minutos"},"schema":{"@context":"https:\/\/schema.org","@graph":[{"@type":"NewsArticle","@id":"https:\/\/www.estrategiaconcursos.com.br\/blog\/comentario-gabarito-trf2-direito-administrativo-tecnico\/#article","isPartOf":{"@id":"https:\/\/www.estrategiaconcursos.com.br\/blog\/comentario-gabarito-trf2-direito-administrativo-tecnico\/"},"author":{"name":"Herbert Almeida","@id":"https:\/\/www.estrategiaconcursos.com.br\/blog\/#\/schema\/person\/59717c75350fa01aa0fd68a52a8d02e0"},"headline":"Coment\u00e1rio Gabarito TRF2 Direito Administrativo T\u00e9cnico","datePublished":"2017-03-06T00:02:09+00:00","dateModified":"2017-08-16T20:03:45+00:00","mainEntityOfPage":{"@id":"https:\/\/www.estrategiaconcursos.com.br\/blog\/comentario-gabarito-trf2-direito-administrativo-tecnico\/"},"wordCount":3501,"commentCount":10,"publisher":{"@id":"https:\/\/www.estrategiaconcursos.com.br\/blog\/#organization"},"articleSection":["Concursos P\u00fablicos"],"inLanguage":"pt-BR","potentialAction":[{"@type":"CommentAction","name":"Comment","target":["https:\/\/www.estrategiaconcursos.com.br\/blog\/comentario-gabarito-trf2-direito-administrativo-tecnico\/#respond"]}],"copyrightYear":"2017","copyrightHolder":{"@id":"https:\/\/www.estrategiaconcursos.com.br\/blog\/#organization"}},{"@type":"WebPage","@id":"https:\/\/www.estrategiaconcursos.com.br\/blog\/comentario-gabarito-trf2-direito-administrativo-tecnico\/","url":"https:\/\/www.estrategiaconcursos.com.br\/blog\/comentario-gabarito-trf2-direito-administrativo-tecnico\/","name":"Coment\u00e1rio Gabarito TRF2 Direito Administrativo T\u00e9cnico","isPartOf":{"@id":"https:\/\/www.estrategiaconcursos.com.br\/blog\/#website"},"datePublished":"2017-03-06T00:02:09+00:00","dateModified":"2017-08-16T20:03:45+00:00","description":"Gabarito trf 2 Direito Administrativos - Coment\u00e1rio das quest\u00f5es de direito administrativo do concurso do TRF 2 - T\u00e9cnico Administrativo.","breadcrumb":{"@id":"https:\/\/www.estrategiaconcursos.com.br\/blog\/comentario-gabarito-trf2-direito-administrativo-tecnico\/#breadcrumb"},"inLanguage":"pt-BR","potentialAction":[{"@type":"ReadAction","target":["https:\/\/www.estrategiaconcursos.com.br\/blog\/comentario-gabarito-trf2-direito-administrativo-tecnico\/"]}]},{"@type":"BreadcrumbList","@id":"https:\/\/www.estrategiaconcursos.com.br\/blog\/comentario-gabarito-trf2-direito-administrativo-tecnico\/#breadcrumb","itemListElement":[{"@type":"ListItem","position":1,"name":"In\u00edcio","item":"https:\/\/www.estrategiaconcursos.com.br\/blog\/"},{"@type":"ListItem","position":2,"name":"Coment\u00e1rio Gabarito TRF2 Direito Administrativo T\u00e9cnico"}]},{"@type":"WebSite","@id":"https:\/\/www.estrategiaconcursos.com.br\/blog\/#website","url":"https:\/\/www.estrategiaconcursos.com.br\/blog\/","name":"Estrat\u00e9gia Concursos","description":"O blog da Estrat\u00e9gia Concursos traz not\u00edcias sobre concursos e artigos de professores oferecendo cursos para concursos (pdf + videaulas) no site.","publisher":{"@id":"https:\/\/www.estrategiaconcursos.com.br\/blog\/#organization"},"potentialAction":[{"@type":"SearchAction","target":{"@type":"EntryPoint","urlTemplate":"https:\/\/www.estrategiaconcursos.com.br\/blog\/?s={search_term_string}"},"query-input":{"@type":"PropertyValueSpecification","valueRequired":true,"valueName":"search_term_string"}}],"inLanguage":"pt-BR"},{"@type":"Organization","@id":"https:\/\/www.estrategiaconcursos.com.br\/blog\/#organization","name":"Estrat\u00e9gia Concursos","url":"https:\/\/www.estrategiaconcursos.com.br\/blog\/","logo":{"@type":"ImageObject","inLanguage":"pt-BR","@id":"https:\/\/www.estrategiaconcursos.com.br\/blog\/#\/schema\/logo\/image\/","url":"https:\/\/dhg1h5j42swfq.cloudfront.net\/2025\/06\/03203428\/logo_concursos-1.jpg","contentUrl":"https:\/\/dhg1h5j42swfq.cloudfront.net\/2025\/06\/03203428\/logo_concursos-1.jpg","width":230,"height":60,"caption":"Estrat\u00e9gia Concursos"},"image":{"@id":"https:\/\/www.estrategiaconcursos.com.br\/blog\/#\/schema\/logo\/image\/"},"sameAs":["https:\/\/x.com\/EstratConcursos"]},{"@type":"Person","@id":"https:\/\/www.estrategiaconcursos.com.br\/blog\/#\/schema\/person\/59717c75350fa01aa0fd68a52a8d02e0","name":"Herbert Almeida","image":{"@type":"ImageObject","inLanguage":"pt-BR","@id":"https:\/\/secure.gravatar.com\/avatar\/b6461a43893c24d5fc91efc433971ffec025c84c0341129f4578034d77f9a536?s=96&d=mm&r=g","url":"https:\/\/secure.gravatar.com\/avatar\/b6461a43893c24d5fc91efc433971ffec025c84c0341129f4578034d77f9a536?s=96&d=mm&r=g","contentUrl":"https:\/\/secure.gravatar.com\/avatar\/b6461a43893c24d5fc91efc433971ffec025c84c0341129f4578034d77f9a536?s=96&d=mm&r=g","caption":"Herbert Almeida"},"url":"https:\/\/www.estrategiaconcursos.com.br\/blog\/author\/herbertestrategiaconcursos-com-br\/"}]}},"_links":{"self":[{"href":"https:\/\/www.estrategiaconcursos.com.br\/blog\/wp-json\/wp\/v2\/posts\/66280","targetHints":{"allow":["GET"]}}],"collection":[{"href":"https:\/\/www.estrategiaconcursos.com.br\/blog\/wp-json\/wp\/v2\/posts"}],"about":[{"href":"https:\/\/www.estrategiaconcursos.com.br\/blog\/wp-json\/wp\/v2\/types\/post"}],"author":[{"embeddable":true,"href":"https:\/\/www.estrategiaconcursos.com.br\/blog\/wp-json\/wp\/v2\/users\/129"}],"replies":[{"embeddable":true,"href":"https:\/\/www.estrategiaconcursos.com.br\/blog\/wp-json\/wp\/v2\/comments?post=66280"}],"version-history":[{"count":3,"href":"https:\/\/www.estrategiaconcursos.com.br\/blog\/wp-json\/wp\/v2\/posts\/66280\/revisions"}],"predecessor-version":[{"id":67193,"href":"https:\/\/www.estrategiaconcursos.com.br\/blog\/wp-json\/wp\/v2\/posts\/66280\/revisions\/67193"}],"wp:attachment":[{"href":"https:\/\/www.estrategiaconcursos.com.br\/blog\/wp-json\/wp\/v2\/media?parent=66280"}],"wp:term":[{"taxonomy":"category","embeddable":true,"href":"https:\/\/www.estrategiaconcursos.com.br\/blog\/wp-json\/wp\/v2\/categories?post=66280"},{"taxonomy":"post_tag","embeddable":true,"href":"https:\/\/www.estrategiaconcursos.com.br\/blog\/wp-json\/wp\/v2\/tags?post=66280"},{"taxonomy":"tax_estado","embeddable":true,"href":"https:\/\/www.estrategiaconcursos.com.br\/blog\/wp-json\/wp\/v2\/tax_estado?post=66280"}],"curies":[{"name":"wp","href":"https:\/\/api.w.org\/{rel}","templated":true}]}}