{"id":66277,"date":"2017-03-05T20:38:04","date_gmt":"2017-03-05T23:38:04","guid":{"rendered":"https:\/\/www.estrategiaconcursos.com.br\/blog\/?p=66277"},"modified":"2017-08-16T17:03:46","modified_gmt":"2017-08-16T20:03:46","slug":"gabarito-extraoficial-direito-constitucional-tecnico-administrativo-trf-2a-regiao","status":"publish","type":"post","link":"https:\/\/www.estrategiaconcursos.com.br\/blog\/gabarito-extraoficial-direito-constitucional-tecnico-administrativo-trf-2a-regiao\/","title":{"rendered":"Gabarito Extraoficial &#8211; Direito Constitucional &#8211; T\u00e9cnico Administrativo TRF 2a Regi\u00e3o"},"content":{"rendered":"<p>\n\tOl&aacute;, pessoal, tudo bem?\n<\/p>\n<p>\n\tGostei da prova de Direito Constitucional de T&eacute;cnico TRF 2a Regi&atilde;o.\n<\/p>\n<p>\n\tN&atilde;o foi uma prova dif&iacute;cil, mas tamb&eacute;m n&atilde;o considero que foi no velho estilo da CONSULPLAN.\n<\/p>\n<p>\n\tAcredito que essa banca est&aacute;, aos poucos, evoluindo.&nbsp;\n<\/p>\n<p>\n\tAbaixo, seguem os meus coment&aacute;rios, j&aacute; com o gabarito extraoficial. Dificilmente vir&aacute; algo diferente disso.\n<\/p>\n<p>\n\tAbra&ccedil;os,\n<\/p>\n<p>\n\tRicardo Vale\n<\/p>\n<p>\n\t<strong>P.S:<\/strong>&nbsp;Acompanhem dicas di&aacute;rias sobre Direito Constitucional no meu Facebook. Segue o link da minha p&aacute;gina\n<\/p>\n<p>\n\t<a href=\"https:\/\/www.facebook.com\/profricardovale\/\">https:\/\/www.facebook.com\/profricardovale\/<\/a>\n<\/p>\n<p>\n\t&nbsp;\n<\/p>\n<p>\n\t<span style=\"color:#0000FF\"><strong>Prova &ndash; T&eacute;cnico (&Aacute;rea Administrativa) TRF 2a Regi&atilde;o<\/strong><\/span>\n<\/p>\n<p>\n\t<strong>15 &ndash; (CONSULPLAN \/ TRF 2<sup>a<\/sup> Regi&atilde;o &ndash; 2017) Determinada associa&ccedil;&atilde;o privada faz requerimento administrativo formal &agrave; Administra&ccedil;&atilde;o P&uacute;blica, buscando informa&ccedil;&otilde;es acerca do contrato administrativo que suspeitam ter irregularidades.<\/strong>\n<\/p>\n<p>\n\t<strong>Acerca do princ&iacute;pio da publicidade das informa&ccedil;&otilde;es na Administra&ccedil;&atilde;o P&uacute;blica, assinale a alternativa correta.<\/strong>\n<\/p>\n<p>\n\ta) &Eacute; poss&iacute;vel a restri&ccedil;&atilde;o de informa&ccedil;&otilde;es caso haja risco &agrave; intimidade de alguma das partes envolvidas no ato ou processo administrativo, bem como haja risco &agrave; seguran&ccedil;a do Estado.\n<\/p>\n<p>\n\tb) As informa&ccedil;&otilde;es administrativas buscadas somente podem ser prestadas aos diretamente envolvidos, demonstrado o leg&iacute;timo interesse, por meio de <em>habeas data<\/em>.\n<\/p>\n<p>\n\tc) &Eacute; poss&iacute;vel que haja restri&ccedil;&atilde;o de informa&ccedil;&otilde;es pela Administra&ccedil;&atilde;o P&uacute;blica, mas somente decorrente de decis&atilde;o judicial, em que expostos os motivos do sigilo.\n<\/p>\n<p>\n\td) Todas as informa&ccedil;&otilde;es administrativas buscadas devem ser prestadas, tendo em vista o princ&iacute;pio da publicidade, materializado no direito constitucional de peti&ccedil;&atilde;o.\n<\/p>\n<p>\n\t<strong>Coment&aacute;rios: <\/strong>\n<\/p>\n<p>\n\tLetra A: correta. A regra geral &eacute; que a Administra&ccedil;&atilde;o P&uacute;blica dever&aacute; fornecer as informa&ccedil;&otilde;es que lhe forem solicitadas, em respeito ao princ&iacute;pio da publicidade.\n<\/p>\n<p>\n\tNo entanto, <strong><em>n&atilde;o precisar&atilde;o ser fornecidas<\/em><\/strong> as informa&ccedil;&otilde;es cujo <strong><em>sigilo seja imprescind&iacute;vel &agrave; seguran&ccedil;a da sociedade e do Estado <\/em><\/strong>(art. 5&ordm;, XXXIII). Tamb&eacute;m deve-se observar a intimidade das pessoas, que &eacute; inviol&aacute;vel (art. 5&ordm;, X).\n<\/p>\n<p>\n\tLetra B: errada. O <em>habeas data<\/em> <strong><em>n&atilde;o &eacute; meio h&aacute;bil <\/em><\/strong>para que se possa ter acesso a contratos administrativos. O <em>habeas data <\/em>pode ser impetrado para assegurar o conhecimento de informa&ccedil;&otilde;es relativas &agrave; pessoa do impetrante, constantes de registros ou bancos de dados de entidades governamentais ou de car&aacute;ter p&uacute;blico.\n<\/p>\n<p>\n\tLetra C: errada. A Administra&ccedil;&atilde;o pode, <strong><em>por ato pr&oacute;prio<\/em><\/strong>, restringir o acesso a determinadas informa&ccedil;&otilde;es cujo sigilo seja imprescind&iacute;vel &agrave; seguran&ccedil;a da sociedade e do Estado.\n<\/p>\n<p>\n\tLetra D: errada. Nem todas as informa&ccedil;&otilde;es solicitadas &agrave; Administra&ccedil;&atilde;o devem ser fornecidas. H&aacute; aquelas que s&atilde;o sigilosas.\n<\/p>\n<p>\n\tO gabarito &eacute; a letra A.\n<\/p>\n<p>\n\t<strong>16 &ndash; (CONSULPLAN \/ TRF 2<sup>a<\/sup> Regi&atilde;o &ndash; 2017) De acordo com o art. 71, caput, da Constitui&ccedil;&atilde;o da Rep&uacute;blica Federativa do Brasil, &ldquo;<em>o controle externo, a cargo do Congresso Nacional, ser&aacute; exercido com o aux&iacute;lio do Tribunal de Contas da Uni&atilde;o (&#8230;)<\/em>&rdquo;.<\/strong>\n<\/p>\n<p>\n\t<strong>&Agrave; luz da interpreta&ccedil;&atilde;o do referido preceito constitucional e das normas que lhe s&atilde;o correlatas, assinale a afirmativa correta.<\/strong>\n<\/p>\n<p>\n\ta) O Tribunal de Contas da Uni&atilde;o, como &oacute;rg&atilde;o do Poder Judici&aacute;rio, n&atilde;o est&aacute; subordinado ao Congresso Nacional.\n<\/p>\n<p>\n\tb) Como o Tribunal de Contas da Uni&atilde;o &eacute; &oacute;rg&atilde;o auxiliar do Congresso Nacional, as decis&otilde;es que profira podem ser revistas por este &uacute;ltimo.\n<\/p>\n<p>\n\tc) O Tribunal de Contas da Uni&atilde;o n&atilde;o exerce diretamente o controle externo, sob o prisma financeiro e or&ccedil;ament&aacute;rio, dos entes da administra&ccedil;&atilde;o direta e indireta.\n<\/p>\n<p>\n\td) O Tribunal de Contas da Uni&atilde;o possui compet&ecirc;ncias pr&oacute;prias, que exerce de modo aut&ocirc;nomo, sem subordina&ccedil;&atilde;o ao Congresso Nacional.\n<\/p>\n<p>\n\t<strong>Coment&aacute;rios: <\/strong>\n<\/p>\n<p>\n\tLetra A: errada. O TCU <strong><em>n&atilde;o integra<\/em><\/strong> o Poder Judici&aacute;rio.\n<\/p>\n<p>\n\tLetra B: errada. O TCU auxilia o Congresso Nacional no exerc&iacute;cio do controle externo. No entanto, trata-se de &oacute;rg&atilde;o aut&ocirc;nomo e independente e, portanto, suas decis&otilde;es <strong><em>n&atilde;o podem ser revistas<\/em><\/strong> pelo Congresso Nacional.\n<\/p>\n<p>\n\tLetra C: errada. Sob o prisma financeiro e or&ccedil;ament&aacute;rio, &eacute; o TCU que exerce o controle externo da Administra&ccedil;&atilde;o P&uacute;blica. Nesse sentido, compete ao TCU <em>&ldquo;julgar as contas dos administradores e demais respons&aacute;veis por dinheiros, bens e valores p&uacute;blicos da administra&ccedil;&atilde;o direta e indireta, inclu&iacute;das as funda&ccedil;&otilde;es e sociedades institu&iacute;das e mantidas pelo Poder P&uacute;blico federal, e as contas daqueles que derem causa a perda, extravio ou outra irregularidade de que resulte preju&iacute;zo ao er&aacute;rio p&uacute;blico&rdquo;<\/em> (art. 71, II).\n<\/p>\n<p>\n\tLetra D: correta. &Eacute; isso mesmo. O TCU tem <strong><em>compet&ecirc;ncias pr&oacute;prias<\/em><\/strong>, que exerce sem subordina&ccedil;&atilde;o ao Congresso Nacional.\n<\/p>\n<p>\n\tO gabarito &eacute; a letra D.\n<\/p>\n<p>\n\t<strong>17 &ndash; (CONSULPLAN \/ TRF 2<sup>a <\/sup>Regi&atilde;o &ndash; 2017) Ednaldo, estudante de direito, informou ao seu colega Pedro que tinha realizado amplos estudos a respeito das compet&ecirc;ncias do Conselho Nacional de Justi&ccedil;a (CNJ). Por fim, alcan&ccedil;ou tr&ecirc;s conclus&otilde;es: <\/strong>\n<\/p>\n<p>\n\t(1) todos os &oacute;rg&atilde;os do Poder Judici&aacute;rio est&atilde;o sujeitos ao controle do CNJ;\n<\/p>\n<p>\n\t(2) o CNJ realiza o controle dos atos administrativos, financeiros e jurisdicionais praticados pelos &oacute;rg&atilde;os do Poder Judici&aacute;rio; e\n<\/p>\n<p>\n\t(3) o CNJ, no exerc&iacute;cio de sua compet&ecirc;ncia constitucional, pode expedir recomenda&ccedil;&otilde;es.\n<\/p>\n<p>\n\t<strong>&Agrave; luz da sistem&aacute;tica constitucional, &eacute; correto afirmar que:<\/strong>\n<\/p>\n<p>\n\ta) somente a conclus&atilde;o 2 est&aacute; incorreta.\n<\/p>\n<p>\n\tb) todas as conclus&otilde;es est&atilde;o corretas.\n<\/p>\n<p>\n\tc) somente a conclus&atilde;o 3 est&aacute; correta.\n<\/p>\n<p>\n\td) todas as conclus&otilde;es est&atilde;o incorretas.\n<\/p>\n<p>\n\t<strong>Coment&aacute;rios: <\/strong>\n<\/p>\n<p>\n\tA <strong><em>primeira assertiva<\/em><\/strong> est&aacute; errada. O STF n&atilde;o est&aacute; sujeito ao controle do CNJ.\n<\/p>\n<p>\n\tA <strong><em>segunda assertiva<\/em><\/strong> est&aacute; errada. O CNJ n&atilde;o realiza o controle dos atos jurisdicionais praticados pelos &oacute;rg&atilde;os do Poder Judici&aacute;rio.\n<\/p>\n<p>\n\tA <strong><em>terceira assertiva<\/em><\/strong> est&aacute; correta. O CNJ pode expedir recomenda&ccedil;&otilde;es, nos termos do art. 103-B, &sect; 4&ordm;, I, CF\/88:\n<\/p>\n<p style=\"margin-left:36.0pt\">\n\t<strong><em>&sect; 4&ordm;<\/em><\/strong><em> Compete ao Conselho o controle da atua&ccedil;&atilde;o administrativa e financeira do Poder Judici&aacute;rio e do cumprimento dos deveres funcionais dos ju&iacute;zes, cabendo-lhe, al&eacute;m de outras atribui&ccedil;&otilde;es que lhe forem conferidas pelo Estatuto da Magistratura:<\/em>&nbsp;\n<\/p>\n<p style=\"margin-left:36.0pt\">\n\t<strong><em>I &#8211;<\/em><\/strong><em> zelar pela autonomia do Poder Judici&aacute;rio e pelo cumprimento do Estatuto da Magistratura, podendo expedir atos regulamentares, no &acirc;mbito de sua compet&ecirc;ncia, ou <strong><u>recomendar provid&ecirc;ncias<\/u><\/strong><\/em>;\n<\/p>\n<p>\n\tO gabarito &eacute; a letra C.\n<\/p>\n<p>\n\t<strong>18 &ndash; (CONSULPLAN \/ TRF 2<sup>a<\/sup> Regi&atilde;o &ndash; 2017) Ap&oacute;s proferir senten&ccedil;a desfavor&aacute;vel aos interesses de Alfa, influente pol&iacute;tico da localidade, determinado juiz federal recebeu a amea&ccedil;a de que sofreria uma representa&ccedil;&atilde;o, na qual seria solicitada a sua remo&ccedil;&atilde;o compuls&oacute;ria para outra Se&ccedil;&atilde;o Judici&aacute;ria. Nesta representa&ccedil;&atilde;o, seriam narrados supostos il&iacute;citos praticados pelo magistrado. <\/strong>\n<\/p>\n<p>\n\t<strong>&Agrave; luz da sistem&aacute;tica constitucional, &eacute; correto afirmar que o juiz federal, caso viesse a sofrer a representa&ccedil;&atilde;o noticiada por Alfa e fosse confirmada a conduta inadequada:<\/strong>\n<\/p>\n<p>\n\ta) por for&ccedil;a da garantia da inamovibilidade, n&atilde;o poderia ser removido compulsoriamente.\n<\/p>\n<p>\n\tb) somente poderia ser removido compulsoriamente por decis&atilde;o un&acirc;nime dos membros do CNJ, assegurada ampla defesa.\n<\/p>\n<p>\n\tc) somente poderia ser removido por for&ccedil;a de decis&atilde;o proferida em processo judicial, assegurado o contradit&oacute;rio e a ampla defesa.\n<\/p>\n<p>\n\td) poderia ser removido compulsoriamente pelo voto da maioria absoluta do respectivo tribunal, assegurada ampla defesa.\n<\/p>\n<p>\n\t<strong>Coment&aacute;rios: <\/strong>\n<\/p>\n<p>\n\tOs magistrados possuem a garantia da inamovibilidade, segundo a qual <strong><em>n&atilde;o poder&atilde;o ser removidos de of&iacute;cio<\/em><\/strong>.\n<\/p>\n<p>\n\tA inamovibilidade, todavia, n&atilde;o &eacute; absoluta. O juiz poder&aacute; ser removido de of&iacute;cio mediante decis&atilde;o da <strong><em>maioria absoluta do CNJ ou do tribunal ao qual est&aacute; vinculado<\/em><\/strong>, assegurada ampla defesa.\n<\/p>\n<p>\n\tO gabarito &eacute; a letra D.\n<\/p>\n<p>\n\t<strong>19 &ndash; (CONSULPLAN \/ TRF 2<sup>a<\/sup> Regi&atilde;o &ndash; 2017) Ednaldo, servidor p&uacute;blico est&aacute;vel, titular de cargo de provimento efetivo, teve s&eacute;ria discuss&atilde;o com o seu superior hier&aacute;rquico. Na ocasi&atilde;o, foi informado pelo departamento de recursos humanos que, nos termos de resolu&ccedil;&atilde;o interna, caso lhe fossem atribu&iacute;dos tr&ecirc;s conceitos baixos, de modo consecutivo, em suas avalia&ccedil;&otilde;es de desempenho, seria determinada a sua imediata exonera&ccedil;&atilde;o.<\/strong>\n<\/p>\n<p>\n\t<strong>&Agrave; luz da sistem&aacute;tica constitucional, &eacute; correto afirmar que a resolu&ccedil;&atilde;o interna que dispusesse de maneira indicada estaria:<\/strong>\n<\/p>\n<p>\n\ta) errada, pois a perda do cargo, na hip&oacute;tese descrita, precisa estar prevista em lei complementar.\n<\/p>\n<p>\n\tb) certa, desde que sejam assegurados o contradit&oacute;rio e a ampla defesa.\n<\/p>\n<p>\n\tc) errada, j&aacute; que o servidor p&uacute;blico est&aacute;vel somente pode perder o cargo em processo administrativo.\n<\/p>\n<p>\n\td) certa, pois compete &agrave; Administra&ccedil;&atilde;o P&uacute;blica zelar pelo princ&iacute;pio da efici&ecirc;ncia, exonerando os servidores que n&atilde;o o atendam.\n<\/p>\n<p>\n\t<strong>Coment&aacute;rios: <\/strong>\n<\/p>\n<p>\n\tO servidor p&uacute;blico est&aacute;vel poder&aacute; perder o cargo nas <strong><em>seguintes hip&oacute;teses<\/em><\/strong>:\n<\/p>\n<p style=\"margin-left:36.0pt\">\n\t<strong>a)<\/strong> senten&ccedil;a judicial transitada em julgado;\n<\/p>\n<p style=\"margin-left:36.0pt\">\n\t<strong>b)<\/strong> processo administrativo em que lhe seja assegurada ampla defesa;\n<\/p>\n<p style=\"margin-left:36.0pt\">\n\t<strong>c)<\/strong> procedimento de avalia&ccedil;&atilde;o peri&oacute;dica, <u>na forma de lei complementar<\/u>, assegurada ampla defesa; e\n<\/p>\n<p style=\"margin-left:36.0pt\">\n\t<strong>d)<\/strong> excesso de despesas com pessoal.\n<\/p>\n<p>\n\tDesse modo, &eacute; poss&iacute;vel constatar que, na situa&ccedil;&atilde;o apresentada, a resolu&ccedil;&atilde;o interna est&aacute; errada, pois h&aacute; necessidade de que a avalia&ccedil;&atilde;o peri&oacute;dica de desempenho esteja prevista em lei complementar.\n<\/p>\n<p>\n\tO gabarito &eacute; a letra A.\n<\/p>\n<p>\n\t<strong>20 &ndash; (CONSULPLAN \/ TRF 2<sup>a<\/sup> Regi&atilde;o &ndash; 2017) Iliel e Anel travaram intenso debate a respeito da relev&acirc;ncia da distin&ccedil;&atilde;o, para a Rep&uacute;blica Federativa do Brasil, do conceito de nacionalidade, em especial sob o prisma da frui&ccedil;&atilde;o de direitos e garantias individuais. Para Iliel, os direitos e garantias individuais s&atilde;o privativos dos brasileiros, natos ou naturalizados. Anel, por sua vez, acresceu que somente quem tem direitos pol&iacute;ticos possui direitos e garantias individuais.<\/strong>\n<\/p>\n<p>\n\t<strong>&Agrave; luz do disposto na Constitui&ccedil;&atilde;o da Rep&uacute;blica, &eacute; correto afirmar que:<\/strong>\n<\/p>\n<p>\n\ta) somente a afirma&ccedil;&atilde;o de Iliel est&aacute; incorreta.\n<\/p>\n<p>\n\tb) as afirma&ccedil;&otilde;es de Iliel e Anel est&atilde;o totalmente incorretas.\n<\/p>\n<p>\n\tc) somente a afirma&ccedil;&atilde;o de Iliel est&aacute; incorreta.\n<\/p>\n<p>\n\td) as afirma&ccedil;&otilde;es de Iliel e Anel est&atilde;o totalmente corretas.\n<\/p>\n<p>\n\t<strong>Coment&aacute;rios: <\/strong>\n<\/p>\n<p>\n\tIiel afirmou que <em>&ldquo;os direitos e garantias individuais s&atilde;o privativos dos brasileiros, natos ou naturalizados&rdquo;. <\/em>A afirma&ccedil;&atilde;o est&aacute; <strong><em>errada<\/em><\/strong>, uma vez que os estrangeiros tamb&eacute;m s&atilde;o titulares de direitos fundamentais.\n<\/p>\n<p>\n\tAnel afirmou que <em>&ldquo;somente quem tem direitos pol&iacute;ticos possui direitos e garantias individuais&rdquo;.<\/em> A afirma&ccedil;&atilde;o est&aacute; <strong><em>errada, <\/em><\/strong>uma vez que qualquer pessoa &eacute; titular de direitos individuais. Apenas como exemplo, qualquer pessoa tem direito &agrave; vida. N&atilde;o h&aacute; necessidade de que se tenha direitos pol&iacute;ticos para isso.\n<\/p>\n<p>\n\tO gabarito &eacute; a letra B.\n<\/p>\n<p>\n\t&nbsp;\n<\/p>\n<p>\n\t&nbsp;\n<\/p>\n<p>\n\t&nbsp;\n<\/p>\n<p>\n\t&nbsp;\n<\/p>\n<p>\n\t&nbsp;\n<\/p>\n<p>\n\t&nbsp;\n<\/p>\n<p>\n\t&nbsp;\n<\/p>\n<p>\n\t&nbsp;<\/p>\n","protected":false},"excerpt":{"rendered":"<p>Ol&aacute;, pessoal, tudo bem? Gostei da prova de Direito Constitucional de T&eacute;cnico TRF 2a Regi&atilde;o. N&atilde;o foi uma prova dif&iacute;cil, mas tamb&eacute;m n&atilde;o considero que foi no velho estilo da CONSULPLAN. Acredito que essa banca est&aacute;, aos poucos, evoluindo.&nbsp; Abaixo, seguem os meus coment&aacute;rios, j&aacute; com o gabarito extraoficial. Dificilmente vir&aacute; algo diferente disso. Abra&ccedil;os, [&hellip;]<\/p>\n","protected":false},"author":26,"featured_media":0,"comment_status":"open","ping_status":"open","sticky":false,"template":"","format":"standard","meta":{"post_tipo":"article","footnotes":""},"categories":[1],"tags":[],"tax_estado":[],"class_list":["post-66277","post","type-post","status-publish","format-standard","hentry","category-cursos-e-concursos"],"acf":[],"yoast_head":"<!-- This site is optimized with the Yoast SEO Premium plugin v27.2 (Yoast SEO v27.2) - https:\/\/yoast.com\/product\/yoast-seo-premium-wordpress\/ -->\n<title>Gabarito Extraoficial - Direito Constitucional - T\u00e9cnico Administrativo TRF 2a Regi\u00e3o<\/title>\n<meta name=\"robots\" content=\"index, follow, max-snippet:-1, max-image-preview:large, max-video-preview:-1\" \/>\n<link rel=\"canonical\" href=\"https:\/\/www.estrategiaconcursos.com.br\/blog\/gabarito-extraoficial-direito-constitucional-tecnico-administrativo-trf-2a-regiao\/\" \/>\n<meta property=\"og:locale\" content=\"pt_BR\" \/>\n<meta property=\"og:type\" content=\"article\" \/>\n<meta property=\"og:title\" content=\"Gabarito Extraoficial - Direito Constitucional - T\u00e9cnico Administrativo TRF 2a Regi\u00e3o\" \/>\n<meta property=\"og:description\" content=\"Ol&aacute;, pessoal, tudo bem? Gostei da prova de Direito Constitucional de T&eacute;cnico TRF 2a Regi&atilde;o. N&atilde;o foi uma prova dif&iacute;cil, mas tamb&eacute;m n&atilde;o considero que foi no velho estilo da CONSULPLAN. Acredito que essa banca est&aacute;, aos poucos, evoluindo.&nbsp; Abaixo, seguem os meus coment&aacute;rios, j&aacute; com o gabarito extraoficial. Dificilmente vir&aacute; algo diferente disso. Abra&ccedil;os, [&hellip;]\" \/>\n<meta property=\"og:url\" content=\"https:\/\/www.estrategiaconcursos.com.br\/blog\/gabarito-extraoficial-direito-constitucional-tecnico-administrativo-trf-2a-regiao\/\" \/>\n<meta property=\"og:site_name\" content=\"Estrat\u00e9gia Concursos\" \/>\n<meta property=\"article:author\" content=\"https:\/\/www.facebook.com\/rvale01\" \/>\n<meta property=\"article:published_time\" content=\"2017-03-05T23:38:04+00:00\" \/>\n<meta property=\"article:modified_time\" content=\"2017-08-16T20:03:46+00:00\" \/>\n<meta name=\"author\" content=\"Ricardo Vale\" \/>\n<meta name=\"twitter:card\" content=\"summary_large_image\" \/>\n<meta name=\"twitter:creator\" content=\"@https:\/\/twitter.com\/EstratConcursos\" \/>\n<meta name=\"twitter:site\" content=\"@EstratConcursos\" \/>\n<meta name=\"twitter:label1\" content=\"Escrito por\" \/>\n\t<meta name=\"twitter:data1\" content=\"Ricardo Vale\" \/>\n\t<meta name=\"twitter:label2\" content=\"Est. tempo de leitura\" \/>\n\t<meta name=\"twitter:data2\" content=\"11 minutos\" \/>\n<script type=\"application\/ld+json\" class=\"yoast-schema-graph\">{\"@context\":\"https:\/\/schema.org\",\"@graph\":[{\"@type\":\"NewsArticle\",\"@id\":\"https:\/\/www.estrategiaconcursos.com.br\/blog\/gabarito-extraoficial-direito-constitucional-tecnico-administrativo-trf-2a-regiao\/#article\",\"isPartOf\":{\"@id\":\"https:\/\/www.estrategiaconcursos.com.br\/blog\/gabarito-extraoficial-direito-constitucional-tecnico-administrativo-trf-2a-regiao\/\"},\"author\":{\"name\":\"Ricardo Vale\",\"@id\":\"https:\/\/www.estrategiaconcursos.com.br\/blog\/#\/schema\/person\/c32e47dba2159cafe7796a9569a6ff7e\"},\"headline\":\"Gabarito Extraoficial &#8211; Direito Constitucional &#8211; T\u00e9cnico Administrativo TRF 2a Regi\u00e3o\",\"datePublished\":\"2017-03-05T23:38:04+00:00\",\"dateModified\":\"2017-08-16T20:03:46+00:00\",\"mainEntityOfPage\":{\"@id\":\"https:\/\/www.estrategiaconcursos.com.br\/blog\/gabarito-extraoficial-direito-constitucional-tecnico-administrativo-trf-2a-regiao\/\"},\"wordCount\":2117,\"commentCount\":2,\"publisher\":{\"@id\":\"https:\/\/www.estrategiaconcursos.com.br\/blog\/#organization\"},\"articleSection\":[\"Concursos P\u00fablicos\"],\"inLanguage\":\"pt-BR\",\"potentialAction\":[{\"@type\":\"CommentAction\",\"name\":\"Comment\",\"target\":[\"https:\/\/www.estrategiaconcursos.com.br\/blog\/gabarito-extraoficial-direito-constitucional-tecnico-administrativo-trf-2a-regiao\/#respond\"]}],\"copyrightYear\":\"2017\",\"copyrightHolder\":{\"@id\":\"https:\/\/www.estrategiaconcursos.com.br\/blog\/#organization\"}},{\"@type\":\"WebPage\",\"@id\":\"https:\/\/www.estrategiaconcursos.com.br\/blog\/gabarito-extraoficial-direito-constitucional-tecnico-administrativo-trf-2a-regiao\/\",\"url\":\"https:\/\/www.estrategiaconcursos.com.br\/blog\/gabarito-extraoficial-direito-constitucional-tecnico-administrativo-trf-2a-regiao\/\",\"name\":\"Gabarito Extraoficial - Direito Constitucional - T\u00e9cnico Administrativo TRF 2a Regi\u00e3o\",\"isPartOf\":{\"@id\":\"https:\/\/www.estrategiaconcursos.com.br\/blog\/#website\"},\"datePublished\":\"2017-03-05T23:38:04+00:00\",\"dateModified\":\"2017-08-16T20:03:46+00:00\",\"breadcrumb\":{\"@id\":\"https:\/\/www.estrategiaconcursos.com.br\/blog\/gabarito-extraoficial-direito-constitucional-tecnico-administrativo-trf-2a-regiao\/#breadcrumb\"},\"inLanguage\":\"pt-BR\",\"potentialAction\":[{\"@type\":\"ReadAction\",\"target\":[\"https:\/\/www.estrategiaconcursos.com.br\/blog\/gabarito-extraoficial-direito-constitucional-tecnico-administrativo-trf-2a-regiao\/\"]}]},{\"@type\":\"BreadcrumbList\",\"@id\":\"https:\/\/www.estrategiaconcursos.com.br\/blog\/gabarito-extraoficial-direito-constitucional-tecnico-administrativo-trf-2a-regiao\/#breadcrumb\",\"itemListElement\":[{\"@type\":\"ListItem\",\"position\":1,\"name\":\"In\u00edcio\",\"item\":\"https:\/\/www.estrategiaconcursos.com.br\/blog\/\"},{\"@type\":\"ListItem\",\"position\":2,\"name\":\"Gabarito Extraoficial &#8211; Direito Constitucional &#8211; T\u00e9cnico Administrativo TRF 2a Regi\u00e3o\"}]},{\"@type\":\"WebSite\",\"@id\":\"https:\/\/www.estrategiaconcursos.com.br\/blog\/#website\",\"url\":\"https:\/\/www.estrategiaconcursos.com.br\/blog\/\",\"name\":\"Estrat\u00e9gia Concursos\",\"description\":\"O blog da Estrat\u00e9gia Concursos traz not\u00edcias sobre concursos e artigos de professores oferecendo cursos para concursos (pdf + videaulas) no site.\",\"publisher\":{\"@id\":\"https:\/\/www.estrategiaconcursos.com.br\/blog\/#organization\"},\"potentialAction\":[{\"@type\":\"SearchAction\",\"target\":{\"@type\":\"EntryPoint\",\"urlTemplate\":\"https:\/\/www.estrategiaconcursos.com.br\/blog\/?s={search_term_string}\"},\"query-input\":{\"@type\":\"PropertyValueSpecification\",\"valueRequired\":true,\"valueName\":\"search_term_string\"}}],\"inLanguage\":\"pt-BR\"},{\"@type\":\"Organization\",\"@id\":\"https:\/\/www.estrategiaconcursos.com.br\/blog\/#organization\",\"name\":\"Estrat\u00e9gia Concursos\",\"url\":\"https:\/\/www.estrategiaconcursos.com.br\/blog\/\",\"logo\":{\"@type\":\"ImageObject\",\"inLanguage\":\"pt-BR\",\"@id\":\"https:\/\/www.estrategiaconcursos.com.br\/blog\/#\/schema\/logo\/image\/\",\"url\":\"https:\/\/dhg1h5j42swfq.cloudfront.net\/2025\/06\/03203428\/logo_concursos-1.jpg\",\"contentUrl\":\"https:\/\/dhg1h5j42swfq.cloudfront.net\/2025\/06\/03203428\/logo_concursos-1.jpg\",\"width\":230,\"height\":60,\"caption\":\"Estrat\u00e9gia Concursos\"},\"image\":{\"@id\":\"https:\/\/www.estrategiaconcursos.com.br\/blog\/#\/schema\/logo\/image\/\"},\"sameAs\":[\"https:\/\/x.com\/EstratConcursos\"]},{\"@type\":\"Person\",\"@id\":\"https:\/\/www.estrategiaconcursos.com.br\/blog\/#\/schema\/person\/c32e47dba2159cafe7796a9569a6ff7e\",\"name\":\"Ricardo Vale\",\"image\":{\"@type\":\"ImageObject\",\"inLanguage\":\"pt-BR\",\"@id\":\"https:\/\/secure.gravatar.com\/avatar\/e5a5658c798bb49dd53314263f59f38c192d73370fb65839a372c2ae9027be74?s=96&d=mm&r=g\",\"url\":\"https:\/\/secure.gravatar.com\/avatar\/e5a5658c798bb49dd53314263f59f38c192d73370fb65839a372c2ae9027be74?s=96&d=mm&r=g\",\"contentUrl\":\"https:\/\/secure.gravatar.com\/avatar\/e5a5658c798bb49dd53314263f59f38c192d73370fb65839a372c2ae9027be74?s=96&d=mm&r=g\",\"caption\":\"Ricardo Vale\"},\"sameAs\":[\"https:\/\/www.facebook.com\/rvale01\",\"https:\/\/x.com\/https:\/\/twitter.com\/EstratConcursos\"],\"url\":\"https:\/\/www.estrategiaconcursos.com.br\/blog\/author\/ricardovaleestrategiaconcursos-com-br\/\"}]}<\/script>\n<!-- \/ Yoast SEO Premium plugin. -->","yoast_head_json":{"title":"Gabarito Extraoficial - Direito Constitucional - T\u00e9cnico Administrativo TRF 2a Regi\u00e3o","robots":{"index":"index","follow":"follow","max-snippet":"max-snippet:-1","max-image-preview":"max-image-preview:large","max-video-preview":"max-video-preview:-1"},"canonical":"https:\/\/www.estrategiaconcursos.com.br\/blog\/gabarito-extraoficial-direito-constitucional-tecnico-administrativo-trf-2a-regiao\/","og_locale":"pt_BR","og_type":"article","og_title":"Gabarito Extraoficial - Direito Constitucional - T\u00e9cnico Administrativo TRF 2a Regi\u00e3o","og_description":"Ol&aacute;, pessoal, tudo bem? Gostei da prova de Direito Constitucional de T&eacute;cnico TRF 2a Regi&atilde;o. N&atilde;o foi uma prova dif&iacute;cil, mas tamb&eacute;m n&atilde;o considero que foi no velho estilo da CONSULPLAN. Acredito que essa banca est&aacute;, aos poucos, evoluindo.&nbsp; Abaixo, seguem os meus coment&aacute;rios, j&aacute; com o gabarito extraoficial. Dificilmente vir&aacute; algo diferente disso. Abra&ccedil;os, [&hellip;]","og_url":"https:\/\/www.estrategiaconcursos.com.br\/blog\/gabarito-extraoficial-direito-constitucional-tecnico-administrativo-trf-2a-regiao\/","og_site_name":"Estrat\u00e9gia Concursos","article_author":"https:\/\/www.facebook.com\/rvale01","article_published_time":"2017-03-05T23:38:04+00:00","article_modified_time":"2017-08-16T20:03:46+00:00","author":"Ricardo Vale","twitter_card":"summary_large_image","twitter_creator":"@https:\/\/twitter.com\/EstratConcursos","twitter_site":"@EstratConcursos","twitter_misc":{"Escrito por":"Ricardo Vale","Est. tempo de leitura":"11 minutos"},"schema":{"@context":"https:\/\/schema.org","@graph":[{"@type":"NewsArticle","@id":"https:\/\/www.estrategiaconcursos.com.br\/blog\/gabarito-extraoficial-direito-constitucional-tecnico-administrativo-trf-2a-regiao\/#article","isPartOf":{"@id":"https:\/\/www.estrategiaconcursos.com.br\/blog\/gabarito-extraoficial-direito-constitucional-tecnico-administrativo-trf-2a-regiao\/"},"author":{"name":"Ricardo Vale","@id":"https:\/\/www.estrategiaconcursos.com.br\/blog\/#\/schema\/person\/c32e47dba2159cafe7796a9569a6ff7e"},"headline":"Gabarito Extraoficial &#8211; Direito Constitucional &#8211; T\u00e9cnico Administrativo TRF 2a Regi\u00e3o","datePublished":"2017-03-05T23:38:04+00:00","dateModified":"2017-08-16T20:03:46+00:00","mainEntityOfPage":{"@id":"https:\/\/www.estrategiaconcursos.com.br\/blog\/gabarito-extraoficial-direito-constitucional-tecnico-administrativo-trf-2a-regiao\/"},"wordCount":2117,"commentCount":2,"publisher":{"@id":"https:\/\/www.estrategiaconcursos.com.br\/blog\/#organization"},"articleSection":["Concursos P\u00fablicos"],"inLanguage":"pt-BR","potentialAction":[{"@type":"CommentAction","name":"Comment","target":["https:\/\/www.estrategiaconcursos.com.br\/blog\/gabarito-extraoficial-direito-constitucional-tecnico-administrativo-trf-2a-regiao\/#respond"]}],"copyrightYear":"2017","copyrightHolder":{"@id":"https:\/\/www.estrategiaconcursos.com.br\/blog\/#organization"}},{"@type":"WebPage","@id":"https:\/\/www.estrategiaconcursos.com.br\/blog\/gabarito-extraoficial-direito-constitucional-tecnico-administrativo-trf-2a-regiao\/","url":"https:\/\/www.estrategiaconcursos.com.br\/blog\/gabarito-extraoficial-direito-constitucional-tecnico-administrativo-trf-2a-regiao\/","name":"Gabarito Extraoficial - Direito Constitucional - T\u00e9cnico Administrativo TRF 2a Regi\u00e3o","isPartOf":{"@id":"https:\/\/www.estrategiaconcursos.com.br\/blog\/#website"},"datePublished":"2017-03-05T23:38:04+00:00","dateModified":"2017-08-16T20:03:46+00:00","breadcrumb":{"@id":"https:\/\/www.estrategiaconcursos.com.br\/blog\/gabarito-extraoficial-direito-constitucional-tecnico-administrativo-trf-2a-regiao\/#breadcrumb"},"inLanguage":"pt-BR","potentialAction":[{"@type":"ReadAction","target":["https:\/\/www.estrategiaconcursos.com.br\/blog\/gabarito-extraoficial-direito-constitucional-tecnico-administrativo-trf-2a-regiao\/"]}]},{"@type":"BreadcrumbList","@id":"https:\/\/www.estrategiaconcursos.com.br\/blog\/gabarito-extraoficial-direito-constitucional-tecnico-administrativo-trf-2a-regiao\/#breadcrumb","itemListElement":[{"@type":"ListItem","position":1,"name":"In\u00edcio","item":"https:\/\/www.estrategiaconcursos.com.br\/blog\/"},{"@type":"ListItem","position":2,"name":"Gabarito Extraoficial &#8211; Direito Constitucional &#8211; T\u00e9cnico Administrativo TRF 2a Regi\u00e3o"}]},{"@type":"WebSite","@id":"https:\/\/www.estrategiaconcursos.com.br\/blog\/#website","url":"https:\/\/www.estrategiaconcursos.com.br\/blog\/","name":"Estrat\u00e9gia Concursos","description":"O blog da Estrat\u00e9gia Concursos traz not\u00edcias sobre concursos e artigos de professores oferecendo cursos para concursos (pdf + videaulas) no site.","publisher":{"@id":"https:\/\/www.estrategiaconcursos.com.br\/blog\/#organization"},"potentialAction":[{"@type":"SearchAction","target":{"@type":"EntryPoint","urlTemplate":"https:\/\/www.estrategiaconcursos.com.br\/blog\/?s={search_term_string}"},"query-input":{"@type":"PropertyValueSpecification","valueRequired":true,"valueName":"search_term_string"}}],"inLanguage":"pt-BR"},{"@type":"Organization","@id":"https:\/\/www.estrategiaconcursos.com.br\/blog\/#organization","name":"Estrat\u00e9gia Concursos","url":"https:\/\/www.estrategiaconcursos.com.br\/blog\/","logo":{"@type":"ImageObject","inLanguage":"pt-BR","@id":"https:\/\/www.estrategiaconcursos.com.br\/blog\/#\/schema\/logo\/image\/","url":"https:\/\/dhg1h5j42swfq.cloudfront.net\/2025\/06\/03203428\/logo_concursos-1.jpg","contentUrl":"https:\/\/dhg1h5j42swfq.cloudfront.net\/2025\/06\/03203428\/logo_concursos-1.jpg","width":230,"height":60,"caption":"Estrat\u00e9gia Concursos"},"image":{"@id":"https:\/\/www.estrategiaconcursos.com.br\/blog\/#\/schema\/logo\/image\/"},"sameAs":["https:\/\/x.com\/EstratConcursos"]},{"@type":"Person","@id":"https:\/\/www.estrategiaconcursos.com.br\/blog\/#\/schema\/person\/c32e47dba2159cafe7796a9569a6ff7e","name":"Ricardo Vale","image":{"@type":"ImageObject","inLanguage":"pt-BR","@id":"https:\/\/secure.gravatar.com\/avatar\/e5a5658c798bb49dd53314263f59f38c192d73370fb65839a372c2ae9027be74?s=96&d=mm&r=g","url":"https:\/\/secure.gravatar.com\/avatar\/e5a5658c798bb49dd53314263f59f38c192d73370fb65839a372c2ae9027be74?s=96&d=mm&r=g","contentUrl":"https:\/\/secure.gravatar.com\/avatar\/e5a5658c798bb49dd53314263f59f38c192d73370fb65839a372c2ae9027be74?s=96&d=mm&r=g","caption":"Ricardo Vale"},"sameAs":["https:\/\/www.facebook.com\/rvale01","https:\/\/x.com\/https:\/\/twitter.com\/EstratConcursos"],"url":"https:\/\/www.estrategiaconcursos.com.br\/blog\/author\/ricardovaleestrategiaconcursos-com-br\/"}]}},"_links":{"self":[{"href":"https:\/\/www.estrategiaconcursos.com.br\/blog\/wp-json\/wp\/v2\/posts\/66277","targetHints":{"allow":["GET"]}}],"collection":[{"href":"https:\/\/www.estrategiaconcursos.com.br\/blog\/wp-json\/wp\/v2\/posts"}],"about":[{"href":"https:\/\/www.estrategiaconcursos.com.br\/blog\/wp-json\/wp\/v2\/types\/post"}],"author":[{"embeddable":true,"href":"https:\/\/www.estrategiaconcursos.com.br\/blog\/wp-json\/wp\/v2\/users\/26"}],"replies":[{"embeddable":true,"href":"https:\/\/www.estrategiaconcursos.com.br\/blog\/wp-json\/wp\/v2\/comments?post=66277"}],"version-history":[{"count":1,"href":"https:\/\/www.estrategiaconcursos.com.br\/blog\/wp-json\/wp\/v2\/posts\/66277\/revisions"}],"predecessor-version":[{"id":66278,"href":"https:\/\/www.estrategiaconcursos.com.br\/blog\/wp-json\/wp\/v2\/posts\/66277\/revisions\/66278"}],"wp:attachment":[{"href":"https:\/\/www.estrategiaconcursos.com.br\/blog\/wp-json\/wp\/v2\/media?parent=66277"}],"wp:term":[{"taxonomy":"category","embeddable":true,"href":"https:\/\/www.estrategiaconcursos.com.br\/blog\/wp-json\/wp\/v2\/categories?post=66277"},{"taxonomy":"post_tag","embeddable":true,"href":"https:\/\/www.estrategiaconcursos.com.br\/blog\/wp-json\/wp\/v2\/tags?post=66277"},{"taxonomy":"tax_estado","embeddable":true,"href":"https:\/\/www.estrategiaconcursos.com.br\/blog\/wp-json\/wp\/v2\/tax_estado?post=66277"}],"curies":[{"name":"wp","href":"https:\/\/api.w.org\/{rel}","templated":true}]}}