{"id":662739,"date":"2021-02-17T09:29:00","date_gmt":"2021-02-17T12:29:00","guid":{"rendered":"https:\/\/www.estrategiaconcursos.com.br\/blog\/?p=662739"},"modified":"2023-07-13T16:08:35","modified_gmt":"2023-07-13T19:08:35","slug":"despesa-publica-concurso-pf","status":"publish","type":"post","link":"https:\/\/www.estrategiaconcursos.com.br\/blog\/despesa-publica-concurso-pf\/","title":{"rendered":"Despesa P\u00fablica para concurso PF &#8211; LC 101\/2000"},"content":{"rendered":"\n<p class=\"has-medium-font-size\">Entenda a despesa p\u00fablica para PF, gera\u00e7\u00e3o de despesa, despesas obrigat\u00f3rias de car\u00e1ter continuado, limites de despesa com pessoal entre outras<\/p>\n\n\n\n<figure class=\"wp-block-image aligncenter size-medium\"><img loading=\"lazy\" decoding=\"async\" width=\"300\" height=\"225\" src=\"https:\/\/dhg1h5j42swfq.cloudfront.net\/2021\/02\/03071444\/despesa-com-pessoal-1-300x225.jpg\" alt=\"Despesa P\u00fablica para concurso PF\" class=\"wp-image-662741\" srcset=\"https:\/\/dhg1h5j42swfq.cloudfront.net\/2021\/02\/03071444\/despesa-com-pessoal-1-300x225.jpg 300w, https:\/\/dhg1h5j42swfq.cloudfront.net\/2021\/02\/03071444\/despesa-com-pessoal-1-768x576.jpg 768w, https:\/\/dhg1h5j42swfq.cloudfront.net\/2021\/02\/03071444\/despesa-com-pessoal-1-610x458.jpg 610w, https:\/\/dhg1h5j42swfq.cloudfront.net\/2021\/02\/03071444\/despesa-com-pessoal-1.jpg 960w\" sizes=\"auto, (max-width: 300px) 100vw, 300px\" \/><figcaption class=\"wp-element-caption\">Despesa P\u00fablica para concurso PF<\/figcaption><\/figure>\n\n\n\n<p>Ol\u00e1, Estrategista. Tudo joia?<\/p>\n\n\n\n<p>O edital concurso de delegado da Pol\u00edcia Federal n\u00e3o deu moleza, exigiu o conhecimento da Lei Complementar 101 de 2020, a famosa Lei de Responsabilidade Fiscal<strong>. Trouxe esse tema (despesa p\u00fablica para o concurso PF), pois \u00e9 um dos mais cobrados pelas bancas, quando o assunto \u00e9 Lei de Responsabilidade Fiscal<\/strong>. Portanto, prepare seu caf\u00e9, e aten\u00e7\u00e3o redobrada nesse assunto que \u00e9 imprescind\u00edvel para quem deseja ser aprovado nesse concurso. Vamos l\u00e1?<\/p>\n\n\n\n<p>Para quem n\u00e3o me conhece, me chamo Leandro, sou Auditor-Fiscal da SEFAZ-SC, aprovado no \u00faltimo concurso na 24\u00ba posi\u00e7\u00e3o. Para quem quiser trocar uma ideia ou tirar uma d\u00favida, sinta-se \u00e0 vontade para me chamar nas redes sociais (<strong>Instagram: <\/strong><a href=\"https:\/\/www.instagram.com\/leandro.rms12\/\">https:\/\/www.instagram.com\/leandro.rms12\/<\/a>).<\/p>\n\n\n\n<p>Antes de mais nada, existem 2 tipos de despesas p\u00fablicas: a or\u00e7ament\u00e1ria e a extraor\u00e7ament\u00e1ria. Veja uma breve descri\u00e7\u00e3o sobre cada uma delas.<\/p>\n\n\n\n<h2 class=\"wp-block-heading\" id=\"h-despesa-publica-para-concurso-pf\">Despesa P\u00fablica para Concurso PF<\/h2>\n\n\n\n<h3 class=\"wp-block-heading\" id=\"h-despesa-orcamentaria\">Despesa Or\u00e7ament\u00e1ria<\/h3>\n\n\n\n<p>Como o pr\u00f3prio nome sugere, s\u00e3o despesas fixadas nas leis or\u00e7ament\u00e1rias ou nas leis de cr\u00e9ditos adicionais. Isto \u00e9, <strong>dependem de autoriza\u00e7\u00e3o legislativa.<\/strong><\/p>\n\n\n\n<h3 class=\"wp-block-heading\" id=\"h-despesas-extraorcamentarias\">Despesas Extraor\u00e7ament\u00e1rias<\/h3>\n\n\n\n<p>Por outro lado, despesas extraor\u00e7ament\u00e1rias s\u00e3o despesas que n\u00e3o est\u00e3o consignadas no or\u00e7amento ou nas leis de cr\u00e9ditos adicionais.<\/p>\n\n\n\n<h2 class=\"wp-block-heading\" id=\"h-estagios-da-despesa\">Est\u00e1gios da Despesa<\/h2>\n\n\n\n<p>Segundo a <a href=\"http:\/\/www.planalto.gov.br\/ccivil_03\/leis\/l4320.htm\">Lei 4.320<\/a>, que estabelece as normas gerais de Direito Financeiro, veja os est\u00e1gios da Despesa P\u00fablica: fixa\u00e7\u00e3o e execu\u00e7\u00e3o.<\/p>\n\n\n\n<ol class=\"wp-block-list\" type=\"1\">\n<li><strong>Fixa\u00e7\u00e3o (Programa\u00e7\u00e3o)<\/strong><\/li>\n\n\n\n<li><strong>Execu\u00e7\u00e3o da Despesa<\/strong>\n<ul class=\"wp-block-list\">\n<li>Empenho (ato que cria obriga\u00e7\u00e3o);<\/li>\n\n\n\n<li>Liquida\u00e7\u00e3o (verifica\u00e7\u00e3o do direito adquirido);<\/li>\n\n\n\n<li>Pagamento.<\/li>\n<\/ul>\n<\/li>\n<\/ol>\n\n\n\n<p><strong>Em primeiro lugar, e mais importante, \u00e9 vedada a realiza\u00e7\u00e3o de despesa sem pr\u00e9vio empenho. <\/strong>Todavia, em casos especiais previstos na legisla\u00e7\u00e3o espec\u00edfica ser\u00e1 dispensada a emiss\u00e3o da <strong>nota de empenho<\/strong>.<\/p>\n\n\n\n<p>A liquida\u00e7\u00e3o tem por fim apurar:<\/p>\n\n\n\n<ul class=\"wp-block-list\">\n<li>Origem e o objeto do que se deve pagar;<\/li>\n\n\n\n<li>Import\u00e2ncia EXATA a pagar;<\/li>\n\n\n\n<li>Quem se deve pagar a import\u00e2ncia, para extinguir a obriga\u00e7\u00e3o.<\/li>\n<\/ul>\n\n\n\n<p>Por fim, a ordem de pagamento \u00e9 o DESPACHO exarado por autoridade competente, determinando que a despesa seja paga.<\/p>\n\n\n\n<h2 class=\"wp-block-heading\" id=\"h-geracao-de-despesa\">Gera\u00e7\u00e3o de Despesa<\/h2>\n\n\n\n<p>Entendemos acima os passos obrigat\u00f3rios ao pagamento de quaisquer despesas. Vamos entender, portanto, os crit\u00e9rios necess\u00e1rios \u00e0 gera\u00e7\u00e3o de uma nova despesa.<\/p>\n\n\n\n<p>A cria\u00e7\u00e3o, expans\u00e3o ou aperfei\u00e7oamento de a\u00e7\u00e3o governamental que acarrete <strong>aumento da despesa<\/strong> ser\u00e1 acompanhado de:<\/p>\n\n\n\n<ul class=\"wp-block-list\">\n<li>estimativa do impacto or\u00e7ament\u00e1rio-financeiro no <strong>exerc\u00edcio em que deva entrar em vigor e nos 02 subsequentes<\/strong>;<\/li>\n\n\n\n<li>declara\u00e7\u00e3o do ordenador da despesa de que o aumento tem <strong>adequa\u00e7\u00e3o or\u00e7ament\u00e1ria<\/strong> e financeira com a <strong>LOA<\/strong> e <strong>compatibilidade<\/strong> com o <strong>PPA<\/strong> e com a <strong>LDO<\/strong>.<\/li>\n<\/ul>\n\n\n\n<p>Entretanto, para as despesas consideradas irrelevantes, nos termos da LDO, as exig\u00eancias acima n\u00e3o precisam ser observadas. Portanto, com exce\u00e7\u00e3o das despesas irrelevantes, <strong>ser\u00e3o consideradas n\u00e3o autorizadas, irregulares e lesivas ao patrim\u00f4nio p\u00fablico a gera\u00e7\u00e3o de despesa ou assun\u00e7\u00e3o de obriga\u00e7\u00e3o que n\u00e3o atendam \u00e0s 2 condi\u00e7\u00f5es acima.<\/strong><\/p>\n\n\n\n<p>Adendo:<\/p>\n\n\n\n<ol class=\"wp-block-list\" type=\"a\">\n<li><strong>Adequa\u00e7\u00e3o Or\u00e7ament\u00e1ria<\/strong>: despesa que possua dota\u00e7\u00e3o espec\u00edfica e suficiente, ou que esteja abrangida por cr\u00e9dito gen\u00e9rico, de forma que somadas todas as despesas da mesma esp\u00e9cie, realizadas e a realizar, previstas no programa de trabalho, n\u00e3o sejam ultrapassados os limites estabelecidos para o exerc\u00edcio;<\/li>\n\n\n\n<li><strong>Compat\u00edvel<\/strong>: a despesa que se conforme com as diretrizes, objetivos, prioridades e metas previstos no PPA e na LDO e n\u00e3o infrinja qualquer de suas disposi\u00e7\u00f5es.<\/li>\n<\/ol>\n\n\n\n<h2 class=\"wp-block-heading\" id=\"h-despesa-obrigatoria-de-carater-continuado\">Despesa Obrigat\u00f3ria de Car\u00e1ter Continuado<\/h2>\n\n\n\n<p>Em primeiro lugar, despesa obrigat\u00f3ria de car\u00e1ter continuado \u00e9 a despesa <strong>CORRENTE<\/strong> derivada de lei, medida provis\u00f3ria ou ato administrativo normativo que fixem para o ente a obriga\u00e7\u00e3o legal de sua execu\u00e7\u00e3o por um <strong>per\u00edodo superior a 2 exerc\u00edcios.<\/strong><\/p>\n\n\n\n<p><strong>An\u00e1lise:<\/strong> Perceba que a LRF fala em exerc\u00edcio, como interst\u00edcio de tempo, e n\u00e3o em anos. Hoje, o exerc\u00edcio financeiro confunde-se com nosso ano, mas n\u00e3o h\u00e1 uma obrigatoriedade de ser assim. Logo, cuidado com as pegadinhas de banca, ao afirmarem que o per\u00edodo se d\u00e1 em anos.<\/p>\n\n\n\n<p>Em segundo lugar, os atos que criarem ou aumentarem despesa obrigat\u00f3ria de car\u00e1ter continuado dever\u00e3o ser instru\u00eddos com:<\/p>\n\n\n\n<ul class=\"wp-block-list\">\n<li>estimativa do impacto or\u00e7ament\u00e1rio-financeiro no <strong>exerc\u00edcio em que deva entrar em vigor e nos 02 subsequentes<\/strong>; e<\/li>\n\n\n\n<li>demonstrar a origem dos recursos para seu custeio.<\/li>\n<\/ul>\n\n\n\n<p><strong>Adendo: <\/strong>As 2 exig\u00eancias acima n\u00e3o se aplicam \u00e0s despesas destinadas ao servi\u00e7o da d\u00edvida nem ao reajustamento de remunera\u00e7\u00e3o de pessoal.<\/p>\n\n\n\n<p>Al\u00e9m dessas 2 exig\u00eancias, o ato ser\u00e1 acompanhado de comprova\u00e7\u00e3o de que a despesa criada ou aumentada n\u00e3o afetar\u00e1 as metas de resultados fiscais (Anexo da LDO), devendo seus efeitos financeiros, nos per\u00edodos seguintes, ser compensados pelo <strong>aumento permanente<\/strong> de receita ou pela <strong>redu\u00e7\u00e3o permanente<\/strong> de despesa.<\/p>\n\n\n\n<p>Adendo:<\/p>\n\n\n\n<ol class=\"wp-block-list\" type=\"I\">\n<li><strong>Aumento permanente de receita<\/strong>: proveniente da eleva\u00e7\u00e3o de al\u00edquotas, amplia\u00e7\u00e3o da base de c\u00e1lculo, majora\u00e7\u00e3o ou cria\u00e7\u00e3o de tributo ou contribui\u00e7\u00e3o;<\/li>\n<\/ol>\n\n\n\n<p><strong>Ser\u00e3o tamb\u00e9m consideradas n\u00e3o autorizadas, irregulares e lesivas ao patrim\u00f4nio p\u00fablico a gera\u00e7\u00e3o de despesa ou assun\u00e7\u00e3o de obriga\u00e7\u00e3o que n\u00e3o atendam \u00e0s 2 condi\u00e7\u00f5es acima.<\/strong><\/p>\n\n\n\n<p>Importante entender que a prorroga\u00e7\u00e3o de despesa criada por prazo determinado, \u00e9 considerada <strong>aumento de despesa<\/strong>.<\/p>\n\n\n\n<h2 class=\"wp-block-heading\" id=\"h-despesas-de-pessoal\">Despesas de Pessoal<\/h2>\n\n\n\n<p>Como \u00e9 bem sabido, uma das maiores fatias da pizza de despesas p\u00fablicas \u00e9 a de pessoal. Isso porque tais despesas geram compromissos presentes e futuros, por d\u00e9cadas e d\u00e9cadas.<\/p>\n\n\n\n<p>Dessa forma, deve-se ter prud\u00eancia total no que diz respeito ao aumento de despesas de pessoal. Sendo assim, a LRF reserva uma se\u00e7\u00e3o espec\u00edfica s\u00f3 para tratar desse assunto.<\/p>\n\n\n\n<p>Veja, sob a \u00f3tica da LRF, despesa total com pessoal \u00e9 o somat\u00f3rio dos gastos do ente da Federa\u00e7\u00e3o com:<\/p>\n\n\n\n<ul class=\"wp-block-list\">\n<li>Ativos;<\/li>\n\n\n\n<li>inativos;<\/li>\n\n\n\n<li>pensionistas;<\/li>\n\n\n\n<li>relativos a mandatos eletivos;<\/li>\n\n\n\n<li>cargos, fun\u00e7\u00f5es ou empregos, civis, militares e de membros de Poder.<\/li>\n<\/ul>\n\n\n\n<p>Gastos estes com quaisquer esp\u00e9cies remunerat\u00f3rias que sejam, tais como vencimentos e vantagens, fixas e vari\u00e1veis, subs\u00eddios, proventos da aposentadoria, reformas e pens\u00f5es, inclusive adicionais, gratifica\u00e7\u00f5es, horas extras e vantagens pessoais de qualquer natureza, bem como encargos sociais e contribui\u00e7\u00f5es recolhidas pelo ente \u00e0s entidades de previd\u00eancia.<\/p>\n\n\n\n<p>Al\u00e9m disso, os valores dos contratos de terceiriza\u00e7\u00e3o de m\u00e3o-de-obra que se referem \u00e0 <strong>substitui\u00e7\u00e3o de servidores e empregados p\u00fablicos<\/strong> ser\u00e3o contabilizados como &#8220;<strong>Outras Despesas de Pessoal<\/strong>&#8220;.<\/p>\n\n\n\n<p>Para efeitos de controle, a despesa total com pessoal ser\u00e1 apurada somando-se a realizada no m\u00eas em refer\u00eancia com as dos 11 imediatamente anteriores, adotando-se o regime de compet\u00eancia.<\/p>\n\n\n\n<p><strong>An\u00e1lise:<\/strong> Perceba que a despesa de pessoal n\u00e3o \u00e9 a do ano vigente, mas sim em um interst\u00edcio de 12 meses. Dessa forma, cada m\u00eas esse valor ser\u00e1 atualizado.<\/p>\n\n\n\n<h3 class=\"wp-block-heading\" id=\"h-limitacoes-a-despesa-de-pessoal\">Limita\u00e7\u00f5es \u00e0 Despesa de Pessoal<\/h3>\n\n\n\n<p>Talvez essa seja a parte mais importante da Lei de Responsabilidade Fiscal. Isto \u00e9, os limites que os entes p\u00fablicos devem obedecer ao contratarem novos servidores.<\/p>\n\n\n\n<p>Em primeiro lugar, a despesa total com pessoal, em cada per\u00edodo de apura\u00e7\u00e3o e em cada ente da Federa\u00e7\u00e3o, n\u00e3o poder\u00e1 exceder os percentuais da receita corrente l\u00edquida (RCL), a seguir discriminados:<\/p>\n\n\n\n<ol class=\"wp-block-list\" type=\"I\">\n<li>Uni\u00e3o: <strong>50%<\/strong>, sendo 40,9% para Poder Exec., 6% para Jud., 2,5% para Legislativo e Tribunal de Contas e 0,6% para Min. P\u00fablico;<\/li>\n\n\n\n<li>Estados: <strong>60%<\/strong>, sendo 49% para P. Exec., 6% para Jud., 3% para Legislativo e Tribunal de Contas e 2% para Min. P\u00fab.;<\/li>\n\n\n\n<li>Munic\u00edpios: <strong>60%<\/strong>, sendo 54% para P. Exec e 6% para P. Leg.<\/li>\n<\/ol>\n\n\n\n<p>Al\u00e9m disso, existem tamb\u00e9m os limites a cada Poder. Veja o quadro resumo abaixo:<\/p>\n\n\n\n<figure class=\"wp-block-image aligncenter size-large\"><img loading=\"lazy\" decoding=\"async\" width=\"567\" height=\"156\" src=\"https:\/\/dhg1h5j42swfq.cloudfront.net\/2021\/02\/03072109\/image-24.png\" alt=\"limites de gasto com pessoal\" class=\"wp-image-662744\" srcset=\"https:\/\/dhg1h5j42swfq.cloudfront.net\/2021\/02\/03072109\/image-24.png 567w, https:\/\/dhg1h5j42swfq.cloudfront.net\/2021\/02\/03072109\/image-24-300x83.png 300w\" sizes=\"auto, (max-width: 567px) 100vw, 567px\" \/><figcaption class=\"wp-element-caption\">Limites de Gasto com Pessoal<\/figcaption><\/figure>\n\n\n\n<p><strong>Adendo I:<\/strong> O Poder Executivo Federal dever\u00e1 destacar 3% para as despesas com pessoal do:<\/p>\n\n\n\n<ul class=\"wp-block-list\">\n<li>Poder Judici\u00e1rio, o Minist\u00e9rio P\u00fablico do <strong>Distrito Federal e dos Territ\u00f3rios<\/strong> e a Defensoria P\u00fablica dos <strong>TERRIT\u00d3RIOS <\/strong>(Defensoria P\u00fablica do DF n\u00e3o!);<\/li>\n\n\n\n<li>pol\u00edcia civil, a pol\u00edcia penal, a pol\u00edcia militar e o corpo de bombeiros militar do Distrito Federal, bem como prestar assist\u00eancia financeira ao Distrito Federal para a execu\u00e7\u00e3o de servi\u00e7os p\u00fablicos, por meio de fundo pr\u00f3prio.<\/li>\n<\/ul>\n\n\n\n<p><strong>Adendo II:<\/strong> Nos Estados em que houver <strong>Tribunal de Contas dos Munic\u00edpios<\/strong>, os percentuais do Poder Legislativo <strong>Estadual<\/strong> e Poder Executivo <strong>Estadual<\/strong> ser\u00e3o, respectivamente, acrescidos e reduzidos em <strong>0,4%.<\/strong><\/p>\n\n\n\n<h3 class=\"wp-block-heading\" id=\"h-nao-se-enquadram-como-despesa-de-pessoal\">N\u00e3o se enquadram como Despesa de Pessoal<\/h3>\n\n\n\n<p>Por derradeiro, para fins do atendimento dos limites de despesa de pessoal, n\u00e3o ser\u00e3o computadas as despesas:<\/p>\n\n\n\n<ul class=\"wp-block-list\">\n<li>de indeniza\u00e7\u00e3o por demiss\u00e3o de servidores ou empregados;<\/li>\n\n\n\n<li>relativas a incentivos \u00e0 demiss\u00e3o volunt\u00e1ria;<\/li>\n\n\n\n<li>derivadas da convoca\u00e7\u00e3o extraordin\u00e1ria do Congresso Nacional<\/li>\n\n\n\n<li><strong>decorrentes de decis\u00e3o judicial<\/strong> e da compet\u00eancia de per\u00edodo anterior ao da apura\u00e7\u00e3o da despesa de pessoal (ou seja, despesa de per\u00edodo maior que 12 meses atr\u00e1s);<\/li>\n\n\n\n<li>com pessoal, do Distrito Federal e dos Estados do Amap\u00e1 e Roraima, custeadas com recursos transferidos pela Uni\u00e3o;<\/li>\n\n\n\n<li>com inativos, ainda que por interm\u00e9dio de fundo espec\u00edfico, desde que sejam custeadas por recursos provenientes:\n<ul class=\"wp-block-list\">\n<li>da arrecada\u00e7\u00e3o de contribui\u00e7\u00f5es dos segurados;<\/li>\n\n\n\n<li>da compensa\u00e7\u00e3o financeira na contagem rec\u00edproca do tempo de contribui\u00e7\u00e3o entre o RPPS e o RGPS;<\/li>\n\n\n\n<li>das demais receitas diretamente arrecadadas por fundo vinculado a tal finalidade, inclusive o produto da aliena\u00e7\u00e3o de bens, direitos e ativos, bem como seu super\u00e1vit financeiro.<\/li>\n<\/ul>\n<\/li>\n<\/ul>\n\n\n\n<h2 class=\"wp-block-heading\" id=\"h-finalizando\">Finalizando<\/h2>\n\n\n\n<p>Ufa! Bastante informa\u00e7\u00e3o n\u00e3o \u00e9 mesmo?<\/p>\n\n\n\n<p>\u00c9 justamente por isso que esse assunto causa tantos erros para os concurseiros. Se quiser ser aprovado, sugiro que imprima este artigo sobre despesa p\u00fablica para concurso PF e estude-o quantas vezes forem necess\u00e1rias. Tudo que est\u00e1 disposto neste artigo possui alto \u00edndice de cobran\u00e7a.<\/p>\n\n\n\n<p>Desejo a voc\u00ea uma boa prova. Um grande abra\u00e7o.<\/p>\n\n\n\n<p>Leandro Ricardo M. Silveira<\/p>\n\n\n\n<p><strong>Instagram: <\/strong><a href=\"https:\/\/www.instagram.com\/leandro.rms12\/\">https:\/\/www.instagram.com\/leandro.rms12\/<\/a><\/p>\n\n\n\n<p class=\"has-text-align-center has-medium-font-size\"><em><strong>Assinatura Anual Ilimitada*<\/strong><\/em><\/p>\n\n\n\n<p class=\"has-text-align-center\"><em>Prepare-se com o melhor material e com quem mais aprova em Concursos P\u00fablicos em todo o pa\u00eds. Assine agora a nossa Assinatura Anual e tenha acesso ilimitado* a todos os nossos cursos.<\/em><\/p>\n\n\n\n<p class=\"has-text-align-center has-light-green-cyan-background-color has-background\" style=\"font-size:clamp(14.642px, 0.915rem + ((1vw - 3.2px) * 0.721), 22px);px\"><strong>ASSINE AGORA<\/strong>&nbsp;\u2013&nbsp;<strong><a rel=\"noreferrer noopener\" href=\"https:\/\/www.estrategiaconcursos.com.br\/assinaturas\" target=\"_blank\">Assinatura Ilimitada<\/a><\/strong><\/p>\n\n\n\n<p class=\"has-text-align-center has-medium-font-size\"><strong><em><strong>Sistema de Quest\u00f5es<\/strong><\/em><\/strong><\/p>\n\n\n\n<p class=\"has-text-align-center\"><em>Estrat\u00e9gia Quest\u00f5es nasceu maior do que todos os concorrentes, com mais quest\u00f5es cadastradas e mais solu\u00e7\u00f5es por professores. Ent\u00e3o, confira e aproveite os descontos e b\u00f4nus imperd\u00edveis!<\/em><\/p>\n\n\n\n<p class=\"has-text-align-center has-vivid-green-cyan-background-color has-background\" style=\"font-size:clamp(14.642px, 0.915rem + ((1vw - 3.2px) * 0.721), 22px);px\"><strong>ASSINE AGORA \u2013&nbsp;<a href=\"https:\/\/questoes.estrategiaconcursos.com.br\/\" target=\"_blank\" rel=\"noreferrer noopener\">Sistema de Quest\u00f5es<\/a><\/strong><\/p>\n\n\n\n<p class=\"has-text-align-center has-medium-font-size\"><strong><em>Fique por dentro dos concursos em aberto<\/em><\/strong><\/p>\n\n\n\n<p class=\"has-text-align-center has-pale-cyan-blue-background-color has-background\" style=\"font-size:clamp(14.642px, 0.915rem + ((1vw - 3.2px) * 0.721), 22px);px\"><a rel=\"noreferrer noopener\" href=\"https:\/\/www.estrategiaconcursos.com.br\/blog\/concursos-abertos\/\" target=\"_blank\"><strong>CONCURSOS ABERTOS<\/strong><\/a><\/p>\n\n\n\n<p class=\"has-text-align-center has-medium-font-size\"><\/p>\n","protected":false},"excerpt":{"rendered":"<p>Entenda a despesa p\u00fablica para PF, gera\u00e7\u00e3o de despesa, despesas obrigat\u00f3rias de car\u00e1ter continuado, limites de despesa com pessoal entre outras Ol\u00e1, Estrategista. Tudo joia? O edital concurso de delegado da Pol\u00edcia Federal n\u00e3o deu moleza, exigiu o conhecimento da Lei Complementar 101 de 2020, a famosa Lei de Responsabilidade Fiscal. Trouxe esse tema (despesa [&hellip;]<\/p>\n","protected":false},"author":1668,"featured_media":662741,"comment_status":"open","ping_status":"closed","sticky":false,"template":"","format":"standard","meta":{"post_tipo":"article","footnotes":""},"categories":[1988],"tags":[218095,220079],"tax_estado":[219964,219965,219966,219967,219968,219969,219963,219970,219971,219972,219973,219974,219975,219976,219977,219978,219979,219980,219981,219982,219983,219984,219985,219986,219987,219988,219989,219990],"class_list":["post-662739","post","type-post","status-publish","format-standard","has-post-thumbnail","hentry","category-policia","tag-despesa-publica","tag-lc-101","tax_estado-ac","tax_estado-al","tax_estado-am","tax_estado-ap","tax_estado-ba","tax_estado-ce","tax_estado-concursos-federais","tax_estado-df","tax_estado-es","tax_estado-go","tax_estado-ma","tax_estado-mg","tax_estado-ms","tax_estado-mt","tax_estado-pa","tax_estado-pb","tax_estado-pe","tax_estado-pi","tax_estado-pr","tax_estado-rj","tax_estado-rn","tax_estado-ro","tax_estado-rr","tax_estado-rs","tax_estado-sc","tax_estado-se","tax_estado-sp","tax_estado-to"],"acf":[],"yoast_head":"<!-- This site is optimized with the Yoast SEO Premium plugin v27.2 (Yoast SEO v27.2) - https:\/\/yoast.com\/product\/yoast-seo-premium-wordpress\/ -->\n<title>Despesa P\u00fablica para concurso PF - LC 101\/2000<\/title>\n<meta name=\"description\" content=\"Entenda a despesa p\u00fablica para PF, gera\u00e7\u00e3o de despesa, despesas obrigat\u00f3rias de car\u00e1ter continuado, limites de despesa com pessoal\" \/>\n<meta name=\"robots\" content=\"index, follow, max-snippet:-1, max-image-preview:large, max-video-preview:-1\" \/>\n<link rel=\"canonical\" href=\"https:\/\/www.estrategiaconcursos.com.br\/blog\/despesa-publica-concurso-pf\/\" \/>\n<meta property=\"og:locale\" content=\"pt_BR\" \/>\n<meta property=\"og:type\" content=\"article\" \/>\n<meta property=\"og:title\" content=\"Despesa P\u00fablica para concurso PF - LC 101\/2000\" \/>\n<meta property=\"og:description\" content=\"Entenda a despesa p\u00fablica para PF, gera\u00e7\u00e3o de despesa, despesas obrigat\u00f3rias de car\u00e1ter continuado, limites de despesa com pessoal\" \/>\n<meta property=\"og:url\" content=\"https:\/\/www.estrategiaconcursos.com.br\/blog\/despesa-publica-concurso-pf\/\" \/>\n<meta property=\"og:site_name\" content=\"Estrat\u00e9gia Concursos\" \/>\n<meta property=\"article:published_time\" content=\"2021-02-17T12:29:00+00:00\" \/>\n<meta property=\"article:modified_time\" content=\"2023-07-13T19:08:35+00:00\" \/>\n<meta property=\"og:image\" content=\"https:\/\/dhg1h5j42swfq.cloudfront.net\/2021\/02\/03071444\/despesa-com-pessoal-1.jpg\" \/>\n\t<meta property=\"og:image:width\" content=\"960\" \/>\n\t<meta property=\"og:image:height\" content=\"720\" \/>\n\t<meta property=\"og:image:type\" content=\"image\/jpeg\" \/>\n<meta name=\"author\" content=\"Leandro Ricardo Machado da Silveira\" \/>\n<meta name=\"twitter:card\" content=\"summary_large_image\" \/>\n<meta name=\"twitter:creator\" content=\"@EstratConcursos\" \/>\n<meta name=\"twitter:site\" content=\"@EstratConcursos\" \/>\n<meta name=\"twitter:label1\" content=\"Escrito por\" \/>\n\t<meta name=\"twitter:data1\" content=\"Leandro Ricardo Machado da Silveira\" \/>\n\t<meta name=\"twitter:label2\" content=\"Est. tempo de leitura\" \/>\n\t<meta name=\"twitter:data2\" content=\"9 minutos\" \/>\n<script type=\"application\/ld+json\" class=\"yoast-schema-graph\">{\"@context\":\"https:\/\/schema.org\",\"@graph\":[{\"@type\":\"NewsArticle\",\"@id\":\"https:\/\/www.estrategiaconcursos.com.br\/blog\/despesa-publica-concurso-pf\/#article\",\"isPartOf\":{\"@id\":\"https:\/\/www.estrategiaconcursos.com.br\/blog\/despesa-publica-concurso-pf\/\"},\"author\":{\"name\":\"Leandro Ricardo Machado da Silveira\",\"@id\":\"https:\/\/www.estrategiaconcursos.com.br\/blog\/#\/schema\/person\/c666a44fbce7e2e70009a9c13549267a\"},\"headline\":\"Despesa P\u00fablica para concurso PF &#8211; LC 101\/2000\",\"datePublished\":\"2021-02-17T12:29:00+00:00\",\"dateModified\":\"2023-07-13T19:08:35+00:00\",\"mainEntityOfPage\":{\"@id\":\"https:\/\/www.estrategiaconcursos.com.br\/blog\/despesa-publica-concurso-pf\/\"},\"wordCount\":1805,\"commentCount\":0,\"publisher\":{\"@id\":\"https:\/\/www.estrategiaconcursos.com.br\/blog\/#organization\"},\"image\":{\"@id\":\"https:\/\/www.estrategiaconcursos.com.br\/blog\/despesa-publica-concurso-pf\/#primaryimage\"},\"thumbnailUrl\":\"https:\/\/dhg1h5j42swfq.cloudfront.net\/2021\/02\/03071444\/despesa-com-pessoal-1.jpg\",\"keywords\":[\"despesa p\u00fablica\",\"lc 101\"],\"articleSection\":[\"Policial (Agente, Escriv\u00e3o e Investigador)\"],\"inLanguage\":\"pt-BR\",\"potentialAction\":[{\"@type\":\"CommentAction\",\"name\":\"Comment\",\"target\":[\"https:\/\/www.estrategiaconcursos.com.br\/blog\/despesa-publica-concurso-pf\/#respond\"]}],\"copyrightYear\":\"2021\",\"copyrightHolder\":{\"@id\":\"https:\/\/www.estrategiaconcursos.com.br\/blog\/#organization\"}},{\"@type\":\"WebPage\",\"@id\":\"https:\/\/www.estrategiaconcursos.com.br\/blog\/despesa-publica-concurso-pf\/\",\"url\":\"https:\/\/www.estrategiaconcursos.com.br\/blog\/despesa-publica-concurso-pf\/\",\"name\":\"Despesa P\u00fablica para concurso PF - LC 101\/2000\",\"isPartOf\":{\"@id\":\"https:\/\/www.estrategiaconcursos.com.br\/blog\/#website\"},\"primaryImageOfPage\":{\"@id\":\"https:\/\/www.estrategiaconcursos.com.br\/blog\/despesa-publica-concurso-pf\/#primaryimage\"},\"image\":{\"@id\":\"https:\/\/www.estrategiaconcursos.com.br\/blog\/despesa-publica-concurso-pf\/#primaryimage\"},\"thumbnailUrl\":\"https:\/\/dhg1h5j42swfq.cloudfront.net\/2021\/02\/03071444\/despesa-com-pessoal-1.jpg\",\"datePublished\":\"2021-02-17T12:29:00+00:00\",\"dateModified\":\"2023-07-13T19:08:35+00:00\",\"description\":\"Entenda a despesa p\u00fablica para PF, gera\u00e7\u00e3o de despesa, despesas obrigat\u00f3rias de car\u00e1ter continuado, limites de despesa com pessoal\",\"breadcrumb\":{\"@id\":\"https:\/\/www.estrategiaconcursos.com.br\/blog\/despesa-publica-concurso-pf\/#breadcrumb\"},\"inLanguage\":\"pt-BR\",\"potentialAction\":[{\"@type\":\"ReadAction\",\"target\":[\"https:\/\/www.estrategiaconcursos.com.br\/blog\/despesa-publica-concurso-pf\/\"]}]},{\"@type\":\"ImageObject\",\"inLanguage\":\"pt-BR\",\"@id\":\"https:\/\/www.estrategiaconcursos.com.br\/blog\/despesa-publica-concurso-pf\/#primaryimage\",\"url\":\"https:\/\/dhg1h5j42swfq.cloudfront.net\/2021\/02\/03071444\/despesa-com-pessoal-1.jpg\",\"contentUrl\":\"https:\/\/dhg1h5j42swfq.cloudfront.net\/2021\/02\/03071444\/despesa-com-pessoal-1.jpg\",\"width\":960,\"height\":720},{\"@type\":\"BreadcrumbList\",\"@id\":\"https:\/\/www.estrategiaconcursos.com.br\/blog\/despesa-publica-concurso-pf\/#breadcrumb\",\"itemListElement\":[{\"@type\":\"ListItem\",\"position\":1,\"name\":\"In\u00edcio\",\"item\":\"https:\/\/www.estrategiaconcursos.com.br\/blog\/\"},{\"@type\":\"ListItem\",\"position\":2,\"name\":\"Despesa P\u00fablica para concurso PF &#8211; LC 101\/2000\"}]},{\"@type\":\"WebSite\",\"@id\":\"https:\/\/www.estrategiaconcursos.com.br\/blog\/#website\",\"url\":\"https:\/\/www.estrategiaconcursos.com.br\/blog\/\",\"name\":\"Estrat\u00e9gia Concursos\",\"description\":\"O blog da Estrat\u00e9gia Concursos traz not\u00edcias sobre concursos e artigos de professores oferecendo cursos para concursos (pdf + videaulas) no site.\",\"publisher\":{\"@id\":\"https:\/\/www.estrategiaconcursos.com.br\/blog\/#organization\"},\"potentialAction\":[{\"@type\":\"SearchAction\",\"target\":{\"@type\":\"EntryPoint\",\"urlTemplate\":\"https:\/\/www.estrategiaconcursos.com.br\/blog\/?s={search_term_string}\"},\"query-input\":{\"@type\":\"PropertyValueSpecification\",\"valueRequired\":true,\"valueName\":\"search_term_string\"}}],\"inLanguage\":\"pt-BR\"},{\"@type\":\"Organization\",\"@id\":\"https:\/\/www.estrategiaconcursos.com.br\/blog\/#organization\",\"name\":\"Estrat\u00e9gia Concursos\",\"url\":\"https:\/\/www.estrategiaconcursos.com.br\/blog\/\",\"logo\":{\"@type\":\"ImageObject\",\"inLanguage\":\"pt-BR\",\"@id\":\"https:\/\/www.estrategiaconcursos.com.br\/blog\/#\/schema\/logo\/image\/\",\"url\":\"https:\/\/dhg1h5j42swfq.cloudfront.net\/2025\/06\/03203428\/logo_concursos-1.jpg\",\"contentUrl\":\"https:\/\/dhg1h5j42swfq.cloudfront.net\/2025\/06\/03203428\/logo_concursos-1.jpg\",\"width\":230,\"height\":60,\"caption\":\"Estrat\u00e9gia Concursos\"},\"image\":{\"@id\":\"https:\/\/www.estrategiaconcursos.com.br\/blog\/#\/schema\/logo\/image\/\"},\"sameAs\":[\"https:\/\/x.com\/EstratConcursos\"]},{\"@type\":\"Person\",\"@id\":\"https:\/\/www.estrategiaconcursos.com.br\/blog\/#\/schema\/person\/c666a44fbce7e2e70009a9c13549267a\",\"name\":\"Leandro Ricardo Machado da Silveira\",\"image\":{\"@type\":\"ImageObject\",\"inLanguage\":\"pt-BR\",\"@id\":\"https:\/\/secure.gravatar.com\/avatar\/6fb25994d16b9649838400aa459b16c1c83f558e0fd6ebebd16da0473908b291?s=96&d=mm&r=g\",\"url\":\"https:\/\/secure.gravatar.com\/avatar\/6fb25994d16b9649838400aa459b16c1c83f558e0fd6ebebd16da0473908b291?s=96&d=mm&r=g\",\"contentUrl\":\"https:\/\/secure.gravatar.com\/avatar\/6fb25994d16b9649838400aa459b16c1c83f558e0fd6ebebd16da0473908b291?s=96&d=mm&r=g\",\"caption\":\"Leandro Ricardo Machado da Silveira\"},\"description\":\"Engenheiro Aeron\u00e1utico, formado pela Universidade Federal de Uberl\u00e2ndia, possui MBA em Administra\u00e7\u00e3o e Finan\u00e7as Corporativas e aprovado nos concursos de Auditor Fiscal SEFAZ-SC e SEFAZ-GO.\",\"url\":\"https:\/\/www.estrategiaconcursos.com.br\/blog\/author\/leandro_vzthotmail-com\/\"}]}<\/script>\n<!-- \/ Yoast SEO Premium plugin. -->","yoast_head_json":{"title":"Despesa P\u00fablica para concurso PF - LC 101\/2000","description":"Entenda a despesa p\u00fablica para PF, gera\u00e7\u00e3o de despesa, despesas obrigat\u00f3rias de car\u00e1ter continuado, limites de despesa com pessoal","robots":{"index":"index","follow":"follow","max-snippet":"max-snippet:-1","max-image-preview":"max-image-preview:large","max-video-preview":"max-video-preview:-1"},"canonical":"https:\/\/www.estrategiaconcursos.com.br\/blog\/despesa-publica-concurso-pf\/","og_locale":"pt_BR","og_type":"article","og_title":"Despesa P\u00fablica para concurso PF - LC 101\/2000","og_description":"Entenda a despesa p\u00fablica para PF, gera\u00e7\u00e3o de despesa, despesas obrigat\u00f3rias de car\u00e1ter continuado, limites de despesa com pessoal","og_url":"https:\/\/www.estrategiaconcursos.com.br\/blog\/despesa-publica-concurso-pf\/","og_site_name":"Estrat\u00e9gia Concursos","article_published_time":"2021-02-17T12:29:00+00:00","article_modified_time":"2023-07-13T19:08:35+00:00","og_image":[{"width":960,"height":720,"url":"https:\/\/dhg1h5j42swfq.cloudfront.net\/2021\/02\/03071444\/despesa-com-pessoal-1.jpg","type":"image\/jpeg"}],"author":"Leandro Ricardo Machado da Silveira","twitter_card":"summary_large_image","twitter_creator":"@EstratConcursos","twitter_site":"@EstratConcursos","twitter_misc":{"Escrito por":"Leandro Ricardo Machado da Silveira","Est. tempo de leitura":"9 minutos"},"schema":{"@context":"https:\/\/schema.org","@graph":[{"@type":"NewsArticle","@id":"https:\/\/www.estrategiaconcursos.com.br\/blog\/despesa-publica-concurso-pf\/#article","isPartOf":{"@id":"https:\/\/www.estrategiaconcursos.com.br\/blog\/despesa-publica-concurso-pf\/"},"author":{"name":"Leandro Ricardo Machado da Silveira","@id":"https:\/\/www.estrategiaconcursos.com.br\/blog\/#\/schema\/person\/c666a44fbce7e2e70009a9c13549267a"},"headline":"Despesa P\u00fablica para concurso PF &#8211; LC 101\/2000","datePublished":"2021-02-17T12:29:00+00:00","dateModified":"2023-07-13T19:08:35+00:00","mainEntityOfPage":{"@id":"https:\/\/www.estrategiaconcursos.com.br\/blog\/despesa-publica-concurso-pf\/"},"wordCount":1805,"commentCount":0,"publisher":{"@id":"https:\/\/www.estrategiaconcursos.com.br\/blog\/#organization"},"image":{"@id":"https:\/\/www.estrategiaconcursos.com.br\/blog\/despesa-publica-concurso-pf\/#primaryimage"},"thumbnailUrl":"https:\/\/dhg1h5j42swfq.cloudfront.net\/2021\/02\/03071444\/despesa-com-pessoal-1.jpg","keywords":["despesa p\u00fablica","lc 101"],"articleSection":["Policial (Agente, Escriv\u00e3o e Investigador)"],"inLanguage":"pt-BR","potentialAction":[{"@type":"CommentAction","name":"Comment","target":["https:\/\/www.estrategiaconcursos.com.br\/blog\/despesa-publica-concurso-pf\/#respond"]}],"copyrightYear":"2021","copyrightHolder":{"@id":"https:\/\/www.estrategiaconcursos.com.br\/blog\/#organization"}},{"@type":"WebPage","@id":"https:\/\/www.estrategiaconcursos.com.br\/blog\/despesa-publica-concurso-pf\/","url":"https:\/\/www.estrategiaconcursos.com.br\/blog\/despesa-publica-concurso-pf\/","name":"Despesa P\u00fablica para concurso PF - LC 101\/2000","isPartOf":{"@id":"https:\/\/www.estrategiaconcursos.com.br\/blog\/#website"},"primaryImageOfPage":{"@id":"https:\/\/www.estrategiaconcursos.com.br\/blog\/despesa-publica-concurso-pf\/#primaryimage"},"image":{"@id":"https:\/\/www.estrategiaconcursos.com.br\/blog\/despesa-publica-concurso-pf\/#primaryimage"},"thumbnailUrl":"https:\/\/dhg1h5j42swfq.cloudfront.net\/2021\/02\/03071444\/despesa-com-pessoal-1.jpg","datePublished":"2021-02-17T12:29:00+00:00","dateModified":"2023-07-13T19:08:35+00:00","description":"Entenda a despesa p\u00fablica para PF, gera\u00e7\u00e3o de despesa, despesas obrigat\u00f3rias de car\u00e1ter continuado, limites de despesa com pessoal","breadcrumb":{"@id":"https:\/\/www.estrategiaconcursos.com.br\/blog\/despesa-publica-concurso-pf\/#breadcrumb"},"inLanguage":"pt-BR","potentialAction":[{"@type":"ReadAction","target":["https:\/\/www.estrategiaconcursos.com.br\/blog\/despesa-publica-concurso-pf\/"]}]},{"@type":"ImageObject","inLanguage":"pt-BR","@id":"https:\/\/www.estrategiaconcursos.com.br\/blog\/despesa-publica-concurso-pf\/#primaryimage","url":"https:\/\/dhg1h5j42swfq.cloudfront.net\/2021\/02\/03071444\/despesa-com-pessoal-1.jpg","contentUrl":"https:\/\/dhg1h5j42swfq.cloudfront.net\/2021\/02\/03071444\/despesa-com-pessoal-1.jpg","width":960,"height":720},{"@type":"BreadcrumbList","@id":"https:\/\/www.estrategiaconcursos.com.br\/blog\/despesa-publica-concurso-pf\/#breadcrumb","itemListElement":[{"@type":"ListItem","position":1,"name":"In\u00edcio","item":"https:\/\/www.estrategiaconcursos.com.br\/blog\/"},{"@type":"ListItem","position":2,"name":"Despesa P\u00fablica para concurso PF &#8211; LC 101\/2000"}]},{"@type":"WebSite","@id":"https:\/\/www.estrategiaconcursos.com.br\/blog\/#website","url":"https:\/\/www.estrategiaconcursos.com.br\/blog\/","name":"Estrat\u00e9gia Concursos","description":"O blog da Estrat\u00e9gia Concursos traz not\u00edcias sobre concursos e artigos de professores oferecendo cursos para concursos (pdf + videaulas) no site.","publisher":{"@id":"https:\/\/www.estrategiaconcursos.com.br\/blog\/#organization"},"potentialAction":[{"@type":"SearchAction","target":{"@type":"EntryPoint","urlTemplate":"https:\/\/www.estrategiaconcursos.com.br\/blog\/?s={search_term_string}"},"query-input":{"@type":"PropertyValueSpecification","valueRequired":true,"valueName":"search_term_string"}}],"inLanguage":"pt-BR"},{"@type":"Organization","@id":"https:\/\/www.estrategiaconcursos.com.br\/blog\/#organization","name":"Estrat\u00e9gia Concursos","url":"https:\/\/www.estrategiaconcursos.com.br\/blog\/","logo":{"@type":"ImageObject","inLanguage":"pt-BR","@id":"https:\/\/www.estrategiaconcursos.com.br\/blog\/#\/schema\/logo\/image\/","url":"https:\/\/dhg1h5j42swfq.cloudfront.net\/2025\/06\/03203428\/logo_concursos-1.jpg","contentUrl":"https:\/\/dhg1h5j42swfq.cloudfront.net\/2025\/06\/03203428\/logo_concursos-1.jpg","width":230,"height":60,"caption":"Estrat\u00e9gia Concursos"},"image":{"@id":"https:\/\/www.estrategiaconcursos.com.br\/blog\/#\/schema\/logo\/image\/"},"sameAs":["https:\/\/x.com\/EstratConcursos"]},{"@type":"Person","@id":"https:\/\/www.estrategiaconcursos.com.br\/blog\/#\/schema\/person\/c666a44fbce7e2e70009a9c13549267a","name":"Leandro Ricardo Machado da Silveira","image":{"@type":"ImageObject","inLanguage":"pt-BR","@id":"https:\/\/secure.gravatar.com\/avatar\/6fb25994d16b9649838400aa459b16c1c83f558e0fd6ebebd16da0473908b291?s=96&d=mm&r=g","url":"https:\/\/secure.gravatar.com\/avatar\/6fb25994d16b9649838400aa459b16c1c83f558e0fd6ebebd16da0473908b291?s=96&d=mm&r=g","contentUrl":"https:\/\/secure.gravatar.com\/avatar\/6fb25994d16b9649838400aa459b16c1c83f558e0fd6ebebd16da0473908b291?s=96&d=mm&r=g","caption":"Leandro Ricardo Machado da Silveira"},"description":"Engenheiro Aeron\u00e1utico, formado pela Universidade Federal de Uberl\u00e2ndia, possui MBA em Administra\u00e7\u00e3o e Finan\u00e7as Corporativas e aprovado nos concursos de Auditor Fiscal SEFAZ-SC e SEFAZ-GO.","url":"https:\/\/www.estrategiaconcursos.com.br\/blog\/author\/leandro_vzthotmail-com\/"}]}},"_links":{"self":[{"href":"https:\/\/www.estrategiaconcursos.com.br\/blog\/wp-json\/wp\/v2\/posts\/662739","targetHints":{"allow":["GET"]}}],"collection":[{"href":"https:\/\/www.estrategiaconcursos.com.br\/blog\/wp-json\/wp\/v2\/posts"}],"about":[{"href":"https:\/\/www.estrategiaconcursos.com.br\/blog\/wp-json\/wp\/v2\/types\/post"}],"author":[{"embeddable":true,"href":"https:\/\/www.estrategiaconcursos.com.br\/blog\/wp-json\/wp\/v2\/users\/1668"}],"replies":[{"embeddable":true,"href":"https:\/\/www.estrategiaconcursos.com.br\/blog\/wp-json\/wp\/v2\/comments?post=662739"}],"version-history":[{"count":4,"href":"https:\/\/www.estrategiaconcursos.com.br\/blog\/wp-json\/wp\/v2\/posts\/662739\/revisions"}],"predecessor-version":[{"id":1248172,"href":"https:\/\/www.estrategiaconcursos.com.br\/blog\/wp-json\/wp\/v2\/posts\/662739\/revisions\/1248172"}],"wp:featuredmedia":[{"embeddable":true,"href":"https:\/\/www.estrategiaconcursos.com.br\/blog\/wp-json\/wp\/v2\/media\/662741"}],"wp:attachment":[{"href":"https:\/\/www.estrategiaconcursos.com.br\/blog\/wp-json\/wp\/v2\/media?parent=662739"}],"wp:term":[{"taxonomy":"category","embeddable":true,"href":"https:\/\/www.estrategiaconcursos.com.br\/blog\/wp-json\/wp\/v2\/categories?post=662739"},{"taxonomy":"post_tag","embeddable":true,"href":"https:\/\/www.estrategiaconcursos.com.br\/blog\/wp-json\/wp\/v2\/tags?post=662739"},{"taxonomy":"tax_estado","embeddable":true,"href":"https:\/\/www.estrategiaconcursos.com.br\/blog\/wp-json\/wp\/v2\/tax_estado?post=662739"}],"curies":[{"name":"wp","href":"https:\/\/api.w.org\/{rel}","templated":true}]}}