{"id":66270,"date":"2017-03-05T19:56:43","date_gmt":"2017-03-05T22:56:43","guid":{"rendered":"https:\/\/www.estrategiaconcursos.com.br\/blog\/?p=66270"},"modified":"2017-03-07T08:50:19","modified_gmt":"2017-03-07T11:50:19","slug":"questoes-comentadas-de-sustentabilidade-trf2","status":"publish","type":"post","link":"https:\/\/www.estrategiaconcursos.com.br\/blog\/questoes-comentadas-de-sustentabilidade-trf2\/","title":{"rendered":"Quest\u00f5es comentadas de Sustentabilidade TRF2"},"content":{"rendered":"<p>\n\tFala, pessoal!\n<\/p>\n<p>\n\tProva de sustentabilidade veio dentro do esperado. Cobraram <strong>Resolu&ccedil;&atilde;o CNJ 201\/15, Licita&ccedil;&otilde;es Sustent&aacute;veis e CISAP.<\/strong>\n<\/p>\n<p>\n\tA Consulplan cobrou a decoreba mesmo, conforme est&aacute;vamos esperando!&nbsp;\n<\/p>\n<p>\n\tRealmente o <strong>conte&uacute;do de sustentabilidade era bem extenso<\/strong>, mas felizmente conseguimos passar todo o conte&uacute;do necess&aacute;rio para acertar as quest&otilde;es. <strong>Estava tudo no material em PDF e em v&iacute;deo e l&oacute;gico nos simulados! Quem estudou gabaritou!<\/strong>\n<\/p>\n<p>\n\tE como foram poucas quest&otilde;es tudo fica mais dif&iacute;cil e complicado. Se tiv&eacute;ssemos 10 quest&otilde;es de sustentabilidade, seria bem mais f&aacute;cil. Pois as chances de cobrarem os principais temas aumentariam.\n<\/p>\n<p>\n\tVoc&ecirc; pode estar pensando: ah! eu achei f&aacute;cil, professor! Ok! F&aacute;cil porque voc&ecirc; estudou! J&aacute; recebi algumas mensagens de pessoas que erraram a quest&atilde;o da CISAP e a quest&atilde;o do car&aacute;ter permanente, preferencialmente&#8230;\n<\/p>\n<p>\n\tN&atilde;o adianta deixar para estudar na &uacute;ltima semana! Aquisi&ccedil;&atilde;o de conhecimento leva tempo! ;-)\n<\/p>\n<p>\n\t&nbsp;\n<\/p>\n<p>\n\tVamos aos coment&aacute;rios!\n<\/p>\n<p>\n\t<strong>1 &#8211; (CONSULPLAN &ndash; 2017)<\/strong>\n<\/p>\n<p>\n\t<strong>Nos termos do Decreto 7.746\/2012, &eacute; considerada uma diretriz de sustentabilidade nas contrata&ccedil;&otilde;es p&uacute;blicas:<\/strong>\n<\/p>\n<p>\n\t<strong>A &ndash; maior gera&ccedil;&atilde;o de empregos, preferencialmente com m&atilde;o de obra local;<\/strong>\n<\/p>\n<p>\n\t<strong>B &ndash; maior&nbsp;impacto sobre recursos naturais como flora, fauna, ar, solo e &aacute;gua;<\/strong>\n<\/p>\n<p>\n\t<strong>C &ndash; exclusividade&nbsp;para materiais, tecnologias e mat&eacute;rias-primas de origem local;<\/strong>\n<\/p>\n<p>\n\t<strong>D &#8211; maior vida &uacute;til a despeito do maior&nbsp;custo de manuten&ccedil;&atilde;o do bem e da obra.<\/strong>\n<\/p>\n<p>\n\t&nbsp;\n<\/p>\n<p>\n\tGabarito: Letra A. A de aprovado! Quest&atilde;o bem simples! Vimos no PDF, na v&iacute;deoaula, nos simulados. Enfim, previs&iacute;vel!\n<\/p>\n<p>\n\tArt. 4<u><sup>o<\/sup><\/u>, Decreto 7.746\/2012. Est&aacute; l&aacute; no simulado na &aacute;rea do aluno!\n<\/p>\n<p>\n\tS&atilde;o diretrizes de sustentabilidade, entre outras:\n<\/p>\n<p>\n\tI &ndash; <span style=\"color:#FF0000\"><strong>menor<\/strong><\/span> impacto sobre recursos naturais como flora, fauna, ar, solo e &aacute;gua;\n<\/p>\n<p>\n\tII &ndash; <span style=\"color:#FF0000\"><strong>prefer&ecirc;ncia<\/strong><\/span> para materiais, tecnologias e mat&eacute;rias-primas de origem local;\n<\/p>\n<p>\n\tIII &ndash; maior efici&ecirc;ncia na utiliza&ccedil;&atilde;o de recursos naturais como &aacute;gua e energia;\n<\/p>\n<p>\n\tIV &ndash; maior gera&ccedil;&atilde;o de empregos, preferencialmente com m&atilde;o de obra local;\n<\/p>\n<p>\n\tV &ndash; maior vida &uacute;til e <span style=\"color:#FF0000\"><strong>menor custo de manuten&ccedil;&atilde;o<\/strong><\/span> do bem e da obra;\n<\/p>\n<p>\n\tVI &ndash; uso de inova&ccedil;&otilde;es que reduzam a press&atilde;o sobre recursos naturais; e\n<\/p>\n<p>\n\tVII &ndash; origem ambientalmente regular dos recursos naturais utilizados nos bens, servi&ccedil;os e obras.&nbsp;\n<\/p>\n<p>\n\t&nbsp;\n<\/p>\n<p>\n\t<strong>2 &#8211; (CONSULPLAN &ndash; 2017)<\/strong>\n<\/p>\n<p>\n\t<strong>Nos termos da Resolu&ccedil;&atilde;o 201\/15 do Conselho Nacional de Justi&ccedil;a, a&ccedil;&otilde;es que tenham como objetivo a constru&ccedil;&atilde;o de um novo modelo de cultura institucional visando &agrave; inser&ccedil;&atilde;o de crit&eacute;rios de sustentabilidade nas atividades do Poder Judici&aacute;rio, denomina-se:<\/strong>\n<\/p>\n<p>\n\t<strong>A &ndash; Agenda Ambiental<\/strong>\n<\/p>\n<p>\n\t<strong>B &ndash; Log&iacute;stica Sustent&aacute;vel<\/strong>\n<\/p>\n<p>\n\t<strong>C &ndash; Pr&aacute;ticas de Racionaliza&ccedil;&atilde;o<\/strong>\n<\/p>\n<p>\n\t<strong>D &ndash; Pr&aacute;ticas de Sustentabilidade<\/strong>\n<\/p>\n<p>\n\t&nbsp;\n<\/p>\n<p>\n\t<strong>Gabarito: Letra D.<\/strong>\n<\/p>\n<p>\n\tArt, 3&ordm;, V, Resolu&ccedil;&atilde;o CNJ 201\/15.\n<\/p>\n<p>\n\tConceitos sempre caem! Nunca pule os conceitos!\n<\/p>\n<p>\n\tPr&aacute;ticas de sustentabilidade: a&ccedil;&otilde;es que tenham como objetivo a constru&ccedil;&atilde;o de um novo modelo de cultura institucional visando &agrave; inser&ccedil;&atilde;o de crit&eacute;rios de sustentabilidade nas atividades do Poder Judici&aacute;rio.\n<\/p>\n<p>\n\t&nbsp;\n<\/p>\n<p>\n\t<strong>3 &#8211; (CONSULPLAN &ndash; 2017)<\/strong>\n<\/p>\n<p>\n\t<strong>Analise as afirmativas a seguir:<\/strong>\n<\/p>\n<p>\n\t<strong>I &ndash;As unidades ou n&uacute;cleos socioambientais dever&atilde;o ter car&aacute;ter tempor&aacute;rio&nbsp;at&eacute; que se realizem o&nbsp;planejamento, implementa&ccedil;&atilde;o, monitoramento de metas anuais de sustentabilidade, para posterior avalia&ccedil;&atilde;o pelos Conselhos socioambientais permanentes.<\/strong>\n<\/p>\n<p>\n\t<strong>II &ndash; O hist&oacute;rico de consumo da unidade dever&aacute; ser considerado para monitoramento de dados e dever&aacute; adot&aacute;-lo como crit&eacute;rio &uacute;nico&nbsp;no levantamento da real necessidade de consumo, evitando o desperd&iacute;cio de materiais.<\/strong>\n<\/p>\n<p>\n\t<strong>III &ndash;As unidades ou n&uacute;cleos socioambientais dever&atilde;o, preferencialmente, ser subordinados &agrave; alta administra&ccedil;&atilde;o dos &oacute;rg&atilde;os tendo em vista as suas atribui&ccedil;&otilde;es estrat&eacute;gicas e as mudan&ccedil;as de paradigma que suas a&ccedil;&otilde;es compreendem.<\/strong>\n<\/p>\n<p>\n\t<strong>Nos termos da Resolu&ccedil;&atilde;o n&ordm; 201\/2015 do Conselho Nacional de Justi&ccedil;a, est&aacute; correto apenas o que se afirma em:<\/strong>\n<\/p>\n<p>\n\t<strong>A &ndash; I<\/strong>\n<\/p>\n<p>\n\t<strong>B &ndash; III<\/strong>\n<\/p>\n<p>\n\t<strong>C &ndash; I e II<\/strong>\n<\/p>\n<p>\n\t<strong>D &ndash; II e III<\/strong>\n<\/p>\n<p>\n\tLetra B de Botar pra Brocar!!! Tudo o que vimos em aula. Est&aacute; no PDF, v&iacute;deoaula, simulados, aul&otilde;es.\n<\/p>\n<p>\n\tArt. 4&ordm; As unidades ou n&uacute;cleos socioambientais dever&atilde;o ter<span style=\"color:#FF0000\"> <strong>car&aacute;ter PERMANENTE<\/strong><\/span> para o planejamento, implementa&ccedil;&atilde;o, monitoramento de metas anuais e avalia&ccedil;&atilde;o de indicadores de desempenho para o cumprimento desta Resolu&ccedil;&atilde;o, devendo ser criadas no prazo m&aacute;ximo de 120 (cento e vinte) dias, a partir da publica&ccedil;&atilde;o da presente. &nbsp;\n<\/p>\n<p>\n\tArt. 6&ordm;, &sect; 5&ordm;. O <strong>hist&oacute;rico de consumo<\/strong> da unidade dever&aacute; ser considerado para monitoramento de dados e <strong>poder&aacute; ser <span style=\"color:#FF0000\">um dos crit&eacute;rios<\/span><\/strong> utilizados no levantamento da real necessidade de consumo.\n<\/p>\n<p>\n\tArt. 7&ordm; As unidades ou n&uacute;cleos socioambientais dever&atilde;o, <span style=\"color:#FF0000\"><strong>PREFERENCIALMENTE, ser subordinados<\/strong> <\/span>&agrave; alta administra&ccedil;&atilde;o dos &oacute;rg&atilde;os tendo em vista as suas atribui&ccedil;&otilde;es estrat&eacute;gicas e as mudan&ccedil;as de paradigma que suas a&ccedil;&otilde;es compreendem.\n<\/p>\n<p>\n\t&nbsp;\n<\/p>\n<p>\n\t<strong>4 &#8211; (CONSULPLAN &ndash; 2017)<\/strong>\n<\/p>\n<p>\n\t<strong>Nos termos do Decreto Federal 7.746\/12, s&atilde;o membros da CISAP, exceto:<\/strong>\n<\/p>\n<p>\n\t<strong>A &ndash; Controladoria Geral da Uni&atilde;o<\/strong>\n<\/p>\n<p>\n\t<strong>B &ndash; Advocacia Geral da Uni&atilde;o<\/strong>\n<\/p>\n<p>\n\t<strong>C &ndash; Casa Civil da Presid&ecirc;ncia da Rep&uacute;blica<\/strong>\n<\/p>\n<p>\n\t<strong>D &ndash; Secretaria de Log&iacute;stica e Tecnologia da Informa&ccedil;&atilde;o.<\/strong>\n<\/p>\n<p>\n\t&nbsp;\n<\/p>\n<p>\n\tLetra B. B de botar pra brocar! Tamb&eacute;m esperado! Muita gente estava achando que n&atilde;o precisa estudar CISAP, pois s&oacute; iria cair a parte de licita&ccedil;&otilde;es. Est&aacute; a&iacute;! Cobraram CISAP sim!\n<\/p>\n<p>\n\tArt. 10. A CISAP ser&aacute; composta por:\n<\/p>\n<p>\n\tI &ndash; dois representantes do Minist&eacute;rio do Planejamento, Or&ccedil;amento e Gest&atilde;o, sendo:\n<\/p>\n<p>\n\ta) um representante da Secretaria de Log&iacute;stica e Tecnologia da Informa&ccedil;&atilde;o, que a presidir&aacute;; e\n<\/p>\n<p>\n\tb) um representante da Secretaria de Or&ccedil;amento Federal;\n<\/p>\n<p>\n\tII &ndash; um representante do Minist&eacute;rio do Meio Ambiente, que exercer&aacute; a vice-presid&ecirc;ncia;\n<\/p>\n<p>\n\tIII &ndash; um representante da Casa Civil da Presid&ecirc;ncia da Rep&uacute;blica;\n<\/p>\n<p>\n\tIV &ndash; um representante do Minist&eacute;rio de Minas e Energia;\n<\/p>\n<p>\n\tV &ndash; um representante do Minist&eacute;rio do Desenvolvimento, Ind&uacute;stria e Com&eacute;rcio Exterior;\n<\/p>\n<p>\n\tVI &ndash; um representante do Minist&eacute;rio da Ci&ecirc;ncia, Tecnologia e Inova&ccedil;&atilde;o;\n<\/p>\n<p>\n\tVII &ndash; um representante do Minist&eacute;rio da Fazenda; e\n<\/p>\n<p>\n\tVIII &ndash; um representante da Controladoria-Geral da Uni&atilde;o.\n<\/p>\n<p>\n\t&nbsp;\n<\/p>\n<p>\n\t<strong>Espero que voc&ecirc;s tenham acertado as quest&otilde;es!<\/strong>\n<\/p>\n<p>\n\t<strong>Independentemente do resultado, continue estudando! Jamais desista! Mandou bem? Parab&eacute;ns! Comemore!<\/strong>\n<\/p>\n<p>\n\t<strong>N&atilde;o foi bem? Ok! Curta essa fossa hoje e amanh&atilde; volte a estudar!<\/strong>\n<\/p>\n<p>\n\t<strong>Lembrem-se de tirar experi&ecirc;ncia de tudo isso! Tudo o que voc&ecirc; aprendeu, evoluiu, o quanto melhorou.<\/strong>\n<\/p>\n<p>\n\t<strong>Voc&ecirc; cada vez mais pr&oacute;ximo da aprova&ccedil;&atilde;o. Apenas continue firme, estudando, sempre!<\/strong>\n<\/p>\n<p>\n\t<strong>Agrade&ccedil;a a oportunidade de poder melhor de vida!<\/strong>\n<\/p>\n<p>\n\t<strong>Um abra&ccedil;o! Fiquem com Deus.<\/strong>\n<\/p>\n<p>\n\t<strong>Rosenval<\/strong><\/p>\n","protected":false},"excerpt":{"rendered":"<p>NO\u00c7\u00d5ES DE SUSTENTABILIDADE TRF2 ROSENVAL<\/p>\n","protected":false},"author":73,"featured_media":0,"comment_status":"open","ping_status":"open","sticky":false,"template":"","format":"standard","meta":{"post_tipo":"article","footnotes":""},"categories":[1],"tags":[2493,703,2492],"tax_estado":[],"class_list":["post-66270","post","type-post","status-publish","format-standard","hentry","category-cursos-e-concursos","tag-prova-sustentabilidade-trf-2","tag-sus","tag-sustentabilidade-trf"],"acf":[],"yoast_head":"<!-- This site is optimized with the Yoast SEO Premium plugin v27.2 (Yoast SEO v27.2) - https:\/\/yoast.com\/product\/yoast-seo-premium-wordpress\/ -->\n<title>Quest\u00f5es comentadas de Sustentabilidade TRF2<\/title>\n<meta name=\"robots\" content=\"index, follow, max-snippet:-1, max-image-preview:large, max-video-preview:-1\" \/>\n<link rel=\"canonical\" href=\"https:\/\/www.estrategiaconcursos.com.br\/blog\/questoes-comentadas-de-sustentabilidade-trf2\/\" \/>\n<meta property=\"og:locale\" content=\"pt_BR\" \/>\n<meta property=\"og:type\" content=\"article\" \/>\n<meta property=\"og:title\" content=\"Quest\u00f5es comentadas de Sustentabilidade TRF2\" \/>\n<meta property=\"og:description\" content=\"NO\u00c7\u00d5ES DE SUSTENTABILIDADE TRF2 ROSENVAL\" \/>\n<meta property=\"og:url\" content=\"https:\/\/www.estrategiaconcursos.com.br\/blog\/questoes-comentadas-de-sustentabilidade-trf2\/\" \/>\n<meta property=\"og:site_name\" content=\"Estrat\u00e9gia Concursos\" \/>\n<meta property=\"article:author\" content=\"https:\/\/www.facebook.com\/rosenvaljr\" \/>\n<meta property=\"article:published_time\" content=\"2017-03-05T22:56:43+00:00\" \/>\n<meta property=\"article:modified_time\" content=\"2017-03-07T11:50:19+00:00\" \/>\n<meta name=\"author\" content=\"Rosenval J\u00fanior\" \/>\n<meta name=\"twitter:card\" content=\"summary_large_image\" \/>\n<meta name=\"twitter:creator\" content=\"@EstratConcursos\" \/>\n<meta name=\"twitter:site\" content=\"@EstratConcursos\" \/>\n<meta name=\"twitter:label1\" content=\"Escrito por\" \/>\n\t<meta name=\"twitter:data1\" content=\"Rosenval J\u00fanior\" \/>\n\t<meta name=\"twitter:label2\" content=\"Est. tempo de leitura\" \/>\n\t<meta name=\"twitter:data2\" content=\"7 minutos\" \/>\n<script type=\"application\/ld+json\" class=\"yoast-schema-graph\">{\"@context\":\"https:\/\/schema.org\",\"@graph\":[{\"@type\":\"NewsArticle\",\"@id\":\"https:\/\/www.estrategiaconcursos.com.br\/blog\/questoes-comentadas-de-sustentabilidade-trf2\/#article\",\"isPartOf\":{\"@id\":\"https:\/\/www.estrategiaconcursos.com.br\/blog\/questoes-comentadas-de-sustentabilidade-trf2\/\"},\"author\":{\"name\":\"Rosenval J\u00fanior\",\"@id\":\"https:\/\/www.estrategiaconcursos.com.br\/blog\/#\/schema\/person\/3489eb8fb39ff11193689cf7762b03b0\"},\"headline\":\"Quest\u00f5es comentadas de Sustentabilidade TRF2\",\"datePublished\":\"2017-03-05T22:56:43+00:00\",\"dateModified\":\"2017-03-07T11:50:19+00:00\",\"mainEntityOfPage\":{\"@id\":\"https:\/\/www.estrategiaconcursos.com.br\/blog\/questoes-comentadas-de-sustentabilidade-trf2\/\"},\"wordCount\":1337,\"commentCount\":11,\"publisher\":{\"@id\":\"https:\/\/www.estrategiaconcursos.com.br\/blog\/#organization\"},\"keywords\":[\"PROVA SUSTENTABILIDADE TRF 2\",\"SUS\",\"SUSTENTABILIDADE TRF\"],\"articleSection\":[\"Concursos P\u00fablicos\"],\"inLanguage\":\"pt-BR\",\"potentialAction\":[{\"@type\":\"CommentAction\",\"name\":\"Comment\",\"target\":[\"https:\/\/www.estrategiaconcursos.com.br\/blog\/questoes-comentadas-de-sustentabilidade-trf2\/#respond\"]}],\"copyrightYear\":\"2017\",\"copyrightHolder\":{\"@id\":\"https:\/\/www.estrategiaconcursos.com.br\/blog\/#organization\"}},{\"@type\":\"WebPage\",\"@id\":\"https:\/\/www.estrategiaconcursos.com.br\/blog\/questoes-comentadas-de-sustentabilidade-trf2\/\",\"url\":\"https:\/\/www.estrategiaconcursos.com.br\/blog\/questoes-comentadas-de-sustentabilidade-trf2\/\",\"name\":\"Quest\u00f5es comentadas de Sustentabilidade TRF2\",\"isPartOf\":{\"@id\":\"https:\/\/www.estrategiaconcursos.com.br\/blog\/#website\"},\"datePublished\":\"2017-03-05T22:56:43+00:00\",\"dateModified\":\"2017-03-07T11:50:19+00:00\",\"breadcrumb\":{\"@id\":\"https:\/\/www.estrategiaconcursos.com.br\/blog\/questoes-comentadas-de-sustentabilidade-trf2\/#breadcrumb\"},\"inLanguage\":\"pt-BR\",\"potentialAction\":[{\"@type\":\"ReadAction\",\"target\":[\"https:\/\/www.estrategiaconcursos.com.br\/blog\/questoes-comentadas-de-sustentabilidade-trf2\/\"]}]},{\"@type\":\"BreadcrumbList\",\"@id\":\"https:\/\/www.estrategiaconcursos.com.br\/blog\/questoes-comentadas-de-sustentabilidade-trf2\/#breadcrumb\",\"itemListElement\":[{\"@type\":\"ListItem\",\"position\":1,\"name\":\"In\u00edcio\",\"item\":\"https:\/\/www.estrategiaconcursos.com.br\/blog\/\"},{\"@type\":\"ListItem\",\"position\":2,\"name\":\"Quest\u00f5es comentadas de Sustentabilidade TRF2\"}]},{\"@type\":\"WebSite\",\"@id\":\"https:\/\/www.estrategiaconcursos.com.br\/blog\/#website\",\"url\":\"https:\/\/www.estrategiaconcursos.com.br\/blog\/\",\"name\":\"Estrat\u00e9gia Concursos\",\"description\":\"O blog da Estrat\u00e9gia Concursos traz not\u00edcias sobre concursos e artigos de professores oferecendo cursos para concursos (pdf + videaulas) no site.\",\"publisher\":{\"@id\":\"https:\/\/www.estrategiaconcursos.com.br\/blog\/#organization\"},\"potentialAction\":[{\"@type\":\"SearchAction\",\"target\":{\"@type\":\"EntryPoint\",\"urlTemplate\":\"https:\/\/www.estrategiaconcursos.com.br\/blog\/?s={search_term_string}\"},\"query-input\":{\"@type\":\"PropertyValueSpecification\",\"valueRequired\":true,\"valueName\":\"search_term_string\"}}],\"inLanguage\":\"pt-BR\"},{\"@type\":\"Organization\",\"@id\":\"https:\/\/www.estrategiaconcursos.com.br\/blog\/#organization\",\"name\":\"Estrat\u00e9gia Concursos\",\"url\":\"https:\/\/www.estrategiaconcursos.com.br\/blog\/\",\"logo\":{\"@type\":\"ImageObject\",\"inLanguage\":\"pt-BR\",\"@id\":\"https:\/\/www.estrategiaconcursos.com.br\/blog\/#\/schema\/logo\/image\/\",\"url\":\"https:\/\/dhg1h5j42swfq.cloudfront.net\/2025\/06\/03203428\/logo_concursos-1.jpg\",\"contentUrl\":\"https:\/\/dhg1h5j42swfq.cloudfront.net\/2025\/06\/03203428\/logo_concursos-1.jpg\",\"width\":230,\"height\":60,\"caption\":\"Estrat\u00e9gia Concursos\"},\"image\":{\"@id\":\"https:\/\/www.estrategiaconcursos.com.br\/blog\/#\/schema\/logo\/image\/\"},\"sameAs\":[\"https:\/\/x.com\/EstratConcursos\"]},{\"@type\":\"Person\",\"@id\":\"https:\/\/www.estrategiaconcursos.com.br\/blog\/#\/schema\/person\/3489eb8fb39ff11193689cf7762b03b0\",\"name\":\"Rosenval J\u00fanior\",\"image\":{\"@type\":\"ImageObject\",\"inLanguage\":\"pt-BR\",\"@id\":\"https:\/\/secure.gravatar.com\/avatar\/dc38e7bcadccb99c8a28b35b027bdc6b8b6a65ee938a25ed335e3e31eed462e0?s=96&d=mm&r=g\",\"url\":\"https:\/\/secure.gravatar.com\/avatar\/dc38e7bcadccb99c8a28b35b027bdc6b8b6a65ee938a25ed335e3e31eed462e0?s=96&d=mm&r=g\",\"contentUrl\":\"https:\/\/secure.gravatar.com\/avatar\/dc38e7bcadccb99c8a28b35b027bdc6b8b6a65ee938a25ed335e3e31eed462e0?s=96&d=mm&r=g\",\"caption\":\"Rosenval J\u00fanior\"},\"description\":\"Graduado pela Universidade Federal de Vi\u00e7osa - UFV. P\u00f3s-graduado em Direito Ambiental. Graduado tamb\u00e9m em Gest\u00e3o Ambiental, com tr\u00eas especializa\u00e7\u00f5es na \u00e1rea ambiental. Mestrando em Engenharia Ambiental. Servidor p\u00fablico do Minist\u00e9rio da Justi\u00e7a e professor de Direito Ambiental, Meio Ambiente, Direito Agr\u00e1rio e Direito Urban\u00edstico para concursos p\u00fablicos. Professor de Direito Ambiental para o Exame de Ordem. Aprovado em 15 concursos p\u00fablicos na \u00e1rea de Meio Ambiente como Analista Ambiental do Instituto Brasileiro do Meio Ambiente e dos Recursos Naturais Renov\u00e1veis - IBAMA; Analista Pericial - Especialidade Engenharia Florestal do Minist\u00e9rio P\u00fablico da Uni\u00e3o - MPU; Analista de Infraestrutura - \u00c1rea de Especializa\u00e7\u00e3o Ambiental do Departamento Nacional de Infraestrutura de Transportes - DNIT; Especialista em Regula\u00e7\u00e3o - \u00c1rea Engenharia Ambiental e Engenharia Florestal, com \u00eanfase em Meio Ambiente da Ag\u00eancia Nacional de Transportes Terrestres - ANTT; Consultor Legislativo em Meio Ambiente e Direito Ambiental, Organiza\u00e7\u00e3o Territorial, Desenvolvimento Urbano e Regional da C\u00e2mara dos Deputados; entre outros. Autor do livro \\\"Direito Ambiental para Concursos e Exame de Ordem\\\", Editora Juru\u00e1. Iniciou sua carreira no servi\u00e7o p\u00fablico federal em 2006, quando obteve aprova\u00e7\u00e3o em 1\u00b0 lugar para o cargo de engenheiro florestal da Casa Civil da Presid\u00eancia da Rep\u00fablica\/Arquivo Nacional. Alguns concursos em que foi aprovado: 1\u00b0 lugar para Analista do Minist\u00e9rio P\u00fablico de MG; 1\u00ba lugar para Engenheiro da Casa Civil da Presid\u00eancia da Rep\u00fablica; 1\u00b0 lugar para T\u00e9cnico em Recursos Naturais \u2013 n\u00edvel II \u2013 \u00c1rea Engenharia Florestal do IDAF; 2\u00b0 lugar para Analista Pericial do Minist\u00e9rio P\u00fablico da Uni\u00e3o - MPU; 2\u00b0 lugar para Analista em Reforma e Desenvolvimento Agr\u00e1rio do INCRA; 7\u00ba lugar Engenheiro J\u00fanior da Caixa Econ\u00f4mica Federal; 10\u00ba lugar para Analista Ambiental do Instituto Estadual de Florestas - IEF\/MG; 6\u00ba lugar para Analista de Infraestrutura (\u00c1rea de Especializa\u00e7\u00e3o Ambiental) do Departamento Nacional de Infraestrutura de Transportes \u2013 DNIT (Prova objetiva e discursiva); 2\u00b0 lugar para Perito Criminal da Pol\u00edcia Civil do Estado do Rio de Janeiro \u2013PCERJ (Resultado na Prova objetiva, TAF, Avalia\u00e7\u00e3o M\u00e9dica, e Psicot\u00e9cnico); 10\u00ba lugar para Perito Criminal da Pol\u00edcia Federal \u2013 DPF \u2013 \u00c1rea 9 (Resultado definitivo na prova objetiva e discursiva); 2\u00b0 lugar para Analista Ambiental do Instituto Brasileiro do Meio Ambiente e dos Recursos Naturais Renov\u00e1veis \u2013 IBAMA (Prova objetiva e discursiva); 1\u00b0 lugar para Especialista em Regula\u00e7\u00e3o Engenharia Ambiental e Engenharia Florestal (com \u00eanfase em meio ambiente) da Ag\u00eancia Nacional de Transportes Terrestres - ANTT (Resultado da prova objetiva, discursiva e de t\u00edtulos); 10\u00ba lugar para Consultor Legislativo em Meio Ambiente e Direito Ambiental, Organiza\u00e7\u00e3o Territorial, Desenvolvimento Urbano e Regional da C\u00e2mara dos Deputados. (Resultado da prova objetiva, discursiva e de t\u00edtulos) Entre em contato comigo pelo facebook e pelo Youtube. Basta colocar na busca: Rosenval J\u00fanior. Ou copiar e colar o endere\u00e7o: www.facebook.com\/rosenvaljr Acesse o meu site e saiba mais: www.aprendadireitoambiental.com.br\",\"sameAs\":[\"http:\/\/www.aprendadireitoambiental.com.br\",\"https:\/\/www.facebook.com\/rosenvaljr\"],\"url\":\"https:\/\/www.estrategiaconcursos.com.br\/blog\/author\/rosenvaljuniorestrategiaconcursos-com-br\/\"}]}<\/script>\n<!-- \/ Yoast SEO Premium plugin. -->","yoast_head_json":{"title":"Quest\u00f5es comentadas de Sustentabilidade TRF2","robots":{"index":"index","follow":"follow","max-snippet":"max-snippet:-1","max-image-preview":"max-image-preview:large","max-video-preview":"max-video-preview:-1"},"canonical":"https:\/\/www.estrategiaconcursos.com.br\/blog\/questoes-comentadas-de-sustentabilidade-trf2\/","og_locale":"pt_BR","og_type":"article","og_title":"Quest\u00f5es comentadas de Sustentabilidade TRF2","og_description":"NO\u00c7\u00d5ES DE SUSTENTABILIDADE TRF2 ROSENVAL","og_url":"https:\/\/www.estrategiaconcursos.com.br\/blog\/questoes-comentadas-de-sustentabilidade-trf2\/","og_site_name":"Estrat\u00e9gia Concursos","article_author":"https:\/\/www.facebook.com\/rosenvaljr","article_published_time":"2017-03-05T22:56:43+00:00","article_modified_time":"2017-03-07T11:50:19+00:00","author":"Rosenval J\u00fanior","twitter_card":"summary_large_image","twitter_creator":"@EstratConcursos","twitter_site":"@EstratConcursos","twitter_misc":{"Escrito por":"Rosenval J\u00fanior","Est. tempo de leitura":"7 minutos"},"schema":{"@context":"https:\/\/schema.org","@graph":[{"@type":"NewsArticle","@id":"https:\/\/www.estrategiaconcursos.com.br\/blog\/questoes-comentadas-de-sustentabilidade-trf2\/#article","isPartOf":{"@id":"https:\/\/www.estrategiaconcursos.com.br\/blog\/questoes-comentadas-de-sustentabilidade-trf2\/"},"author":{"name":"Rosenval J\u00fanior","@id":"https:\/\/www.estrategiaconcursos.com.br\/blog\/#\/schema\/person\/3489eb8fb39ff11193689cf7762b03b0"},"headline":"Quest\u00f5es comentadas de Sustentabilidade TRF2","datePublished":"2017-03-05T22:56:43+00:00","dateModified":"2017-03-07T11:50:19+00:00","mainEntityOfPage":{"@id":"https:\/\/www.estrategiaconcursos.com.br\/blog\/questoes-comentadas-de-sustentabilidade-trf2\/"},"wordCount":1337,"commentCount":11,"publisher":{"@id":"https:\/\/www.estrategiaconcursos.com.br\/blog\/#organization"},"keywords":["PROVA SUSTENTABILIDADE TRF 2","SUS","SUSTENTABILIDADE TRF"],"articleSection":["Concursos P\u00fablicos"],"inLanguage":"pt-BR","potentialAction":[{"@type":"CommentAction","name":"Comment","target":["https:\/\/www.estrategiaconcursos.com.br\/blog\/questoes-comentadas-de-sustentabilidade-trf2\/#respond"]}],"copyrightYear":"2017","copyrightHolder":{"@id":"https:\/\/www.estrategiaconcursos.com.br\/blog\/#organization"}},{"@type":"WebPage","@id":"https:\/\/www.estrategiaconcursos.com.br\/blog\/questoes-comentadas-de-sustentabilidade-trf2\/","url":"https:\/\/www.estrategiaconcursos.com.br\/blog\/questoes-comentadas-de-sustentabilidade-trf2\/","name":"Quest\u00f5es comentadas de Sustentabilidade TRF2","isPartOf":{"@id":"https:\/\/www.estrategiaconcursos.com.br\/blog\/#website"},"datePublished":"2017-03-05T22:56:43+00:00","dateModified":"2017-03-07T11:50:19+00:00","breadcrumb":{"@id":"https:\/\/www.estrategiaconcursos.com.br\/blog\/questoes-comentadas-de-sustentabilidade-trf2\/#breadcrumb"},"inLanguage":"pt-BR","potentialAction":[{"@type":"ReadAction","target":["https:\/\/www.estrategiaconcursos.com.br\/blog\/questoes-comentadas-de-sustentabilidade-trf2\/"]}]},{"@type":"BreadcrumbList","@id":"https:\/\/www.estrategiaconcursos.com.br\/blog\/questoes-comentadas-de-sustentabilidade-trf2\/#breadcrumb","itemListElement":[{"@type":"ListItem","position":1,"name":"In\u00edcio","item":"https:\/\/www.estrategiaconcursos.com.br\/blog\/"},{"@type":"ListItem","position":2,"name":"Quest\u00f5es comentadas de Sustentabilidade TRF2"}]},{"@type":"WebSite","@id":"https:\/\/www.estrategiaconcursos.com.br\/blog\/#website","url":"https:\/\/www.estrategiaconcursos.com.br\/blog\/","name":"Estrat\u00e9gia Concursos","description":"O blog da Estrat\u00e9gia Concursos traz not\u00edcias sobre concursos e artigos de professores oferecendo cursos para concursos (pdf + videaulas) no site.","publisher":{"@id":"https:\/\/www.estrategiaconcursos.com.br\/blog\/#organization"},"potentialAction":[{"@type":"SearchAction","target":{"@type":"EntryPoint","urlTemplate":"https:\/\/www.estrategiaconcursos.com.br\/blog\/?s={search_term_string}"},"query-input":{"@type":"PropertyValueSpecification","valueRequired":true,"valueName":"search_term_string"}}],"inLanguage":"pt-BR"},{"@type":"Organization","@id":"https:\/\/www.estrategiaconcursos.com.br\/blog\/#organization","name":"Estrat\u00e9gia Concursos","url":"https:\/\/www.estrategiaconcursos.com.br\/blog\/","logo":{"@type":"ImageObject","inLanguage":"pt-BR","@id":"https:\/\/www.estrategiaconcursos.com.br\/blog\/#\/schema\/logo\/image\/","url":"https:\/\/dhg1h5j42swfq.cloudfront.net\/2025\/06\/03203428\/logo_concursos-1.jpg","contentUrl":"https:\/\/dhg1h5j42swfq.cloudfront.net\/2025\/06\/03203428\/logo_concursos-1.jpg","width":230,"height":60,"caption":"Estrat\u00e9gia Concursos"},"image":{"@id":"https:\/\/www.estrategiaconcursos.com.br\/blog\/#\/schema\/logo\/image\/"},"sameAs":["https:\/\/x.com\/EstratConcursos"]},{"@type":"Person","@id":"https:\/\/www.estrategiaconcursos.com.br\/blog\/#\/schema\/person\/3489eb8fb39ff11193689cf7762b03b0","name":"Rosenval J\u00fanior","image":{"@type":"ImageObject","inLanguage":"pt-BR","@id":"https:\/\/secure.gravatar.com\/avatar\/dc38e7bcadccb99c8a28b35b027bdc6b8b6a65ee938a25ed335e3e31eed462e0?s=96&d=mm&r=g","url":"https:\/\/secure.gravatar.com\/avatar\/dc38e7bcadccb99c8a28b35b027bdc6b8b6a65ee938a25ed335e3e31eed462e0?s=96&d=mm&r=g","contentUrl":"https:\/\/secure.gravatar.com\/avatar\/dc38e7bcadccb99c8a28b35b027bdc6b8b6a65ee938a25ed335e3e31eed462e0?s=96&d=mm&r=g","caption":"Rosenval J\u00fanior"},"description":"Graduado pela Universidade Federal de Vi\u00e7osa - UFV. P\u00f3s-graduado em Direito Ambiental. Graduado tamb\u00e9m em Gest\u00e3o Ambiental, com tr\u00eas especializa\u00e7\u00f5es na \u00e1rea ambiental. Mestrando em Engenharia Ambiental. Servidor p\u00fablico do Minist\u00e9rio da Justi\u00e7a e professor de Direito Ambiental, Meio Ambiente, Direito Agr\u00e1rio e Direito Urban\u00edstico para concursos p\u00fablicos. Professor de Direito Ambiental para o Exame de Ordem. Aprovado em 15 concursos p\u00fablicos na \u00e1rea de Meio Ambiente como Analista Ambiental do Instituto Brasileiro do Meio Ambiente e dos Recursos Naturais Renov\u00e1veis - IBAMA; Analista Pericial - Especialidade Engenharia Florestal do Minist\u00e9rio P\u00fablico da Uni\u00e3o - MPU; Analista de Infraestrutura - \u00c1rea de Especializa\u00e7\u00e3o Ambiental do Departamento Nacional de Infraestrutura de Transportes - DNIT; Especialista em Regula\u00e7\u00e3o - \u00c1rea Engenharia Ambiental e Engenharia Florestal, com \u00eanfase em Meio Ambiente da Ag\u00eancia Nacional de Transportes Terrestres - ANTT; Consultor Legislativo em Meio Ambiente e Direito Ambiental, Organiza\u00e7\u00e3o Territorial, Desenvolvimento Urbano e Regional da C\u00e2mara dos Deputados; entre outros. Autor do livro \"Direito Ambiental para Concursos e Exame de Ordem\", Editora Juru\u00e1. Iniciou sua carreira no servi\u00e7o p\u00fablico federal em 2006, quando obteve aprova\u00e7\u00e3o em 1\u00b0 lugar para o cargo de engenheiro florestal da Casa Civil da Presid\u00eancia da Rep\u00fablica\/Arquivo Nacional. Alguns concursos em que foi aprovado: 1\u00b0 lugar para Analista do Minist\u00e9rio P\u00fablico de MG; 1\u00ba lugar para Engenheiro da Casa Civil da Presid\u00eancia da Rep\u00fablica; 1\u00b0 lugar para T\u00e9cnico em Recursos Naturais \u2013 n\u00edvel II \u2013 \u00c1rea Engenharia Florestal do IDAF; 2\u00b0 lugar para Analista Pericial do Minist\u00e9rio P\u00fablico da Uni\u00e3o - MPU; 2\u00b0 lugar para Analista em Reforma e Desenvolvimento Agr\u00e1rio do INCRA; 7\u00ba lugar Engenheiro J\u00fanior da Caixa Econ\u00f4mica Federal; 10\u00ba lugar para Analista Ambiental do Instituto Estadual de Florestas - IEF\/MG; 6\u00ba lugar para Analista de Infraestrutura (\u00c1rea de Especializa\u00e7\u00e3o Ambiental) do Departamento Nacional de Infraestrutura de Transportes \u2013 DNIT (Prova objetiva e discursiva); 2\u00b0 lugar para Perito Criminal da Pol\u00edcia Civil do Estado do Rio de Janeiro \u2013PCERJ (Resultado na Prova objetiva, TAF, Avalia\u00e7\u00e3o M\u00e9dica, e Psicot\u00e9cnico); 10\u00ba lugar para Perito Criminal da Pol\u00edcia Federal \u2013 DPF \u2013 \u00c1rea 9 (Resultado definitivo na prova objetiva e discursiva); 2\u00b0 lugar para Analista Ambiental do Instituto Brasileiro do Meio Ambiente e dos Recursos Naturais Renov\u00e1veis \u2013 IBAMA (Prova objetiva e discursiva); 1\u00b0 lugar para Especialista em Regula\u00e7\u00e3o Engenharia Ambiental e Engenharia Florestal (com \u00eanfase em meio ambiente) da Ag\u00eancia Nacional de Transportes Terrestres - ANTT (Resultado da prova objetiva, discursiva e de t\u00edtulos); 10\u00ba lugar para Consultor Legislativo em Meio Ambiente e Direito Ambiental, Organiza\u00e7\u00e3o Territorial, Desenvolvimento Urbano e Regional da C\u00e2mara dos Deputados. (Resultado da prova objetiva, discursiva e de t\u00edtulos) Entre em contato comigo pelo facebook e pelo Youtube. Basta colocar na busca: Rosenval J\u00fanior. Ou copiar e colar o endere\u00e7o: www.facebook.com\/rosenvaljr Acesse o meu site e saiba mais: www.aprendadireitoambiental.com.br","sameAs":["http:\/\/www.aprendadireitoambiental.com.br","https:\/\/www.facebook.com\/rosenvaljr"],"url":"https:\/\/www.estrategiaconcursos.com.br\/blog\/author\/rosenvaljuniorestrategiaconcursos-com-br\/"}]}},"_links":{"self":[{"href":"https:\/\/www.estrategiaconcursos.com.br\/blog\/wp-json\/wp\/v2\/posts\/66270","targetHints":{"allow":["GET"]}}],"collection":[{"href":"https:\/\/www.estrategiaconcursos.com.br\/blog\/wp-json\/wp\/v2\/posts"}],"about":[{"href":"https:\/\/www.estrategiaconcursos.com.br\/blog\/wp-json\/wp\/v2\/types\/post"}],"author":[{"embeddable":true,"href":"https:\/\/www.estrategiaconcursos.com.br\/blog\/wp-json\/wp\/v2\/users\/73"}],"replies":[{"embeddable":true,"href":"https:\/\/www.estrategiaconcursos.com.br\/blog\/wp-json\/wp\/v2\/comments?post=66270"}],"version-history":[{"count":4,"href":"https:\/\/www.estrategiaconcursos.com.br\/blog\/wp-json\/wp\/v2\/posts\/66270\/revisions"}],"predecessor-version":[{"id":66495,"href":"https:\/\/www.estrategiaconcursos.com.br\/blog\/wp-json\/wp\/v2\/posts\/66270\/revisions\/66495"}],"wp:attachment":[{"href":"https:\/\/www.estrategiaconcursos.com.br\/blog\/wp-json\/wp\/v2\/media?parent=66270"}],"wp:term":[{"taxonomy":"category","embeddable":true,"href":"https:\/\/www.estrategiaconcursos.com.br\/blog\/wp-json\/wp\/v2\/categories?post=66270"},{"taxonomy":"post_tag","embeddable":true,"href":"https:\/\/www.estrategiaconcursos.com.br\/blog\/wp-json\/wp\/v2\/tags?post=66270"},{"taxonomy":"tax_estado","embeddable":true,"href":"https:\/\/www.estrategiaconcursos.com.br\/blog\/wp-json\/wp\/v2\/tax_estado?post=66270"}],"curies":[{"name":"wp","href":"https:\/\/api.w.org\/{rel}","templated":true}]}}