{"id":66240,"date":"2017-03-05T17:07:58","date_gmt":"2017-03-05T20:07:58","guid":{"rendered":"https:\/\/www.estrategiaconcursos.com.br\/blog\/?p=66240"},"modified":"2017-08-16T17:03:46","modified_gmt":"2017-08-16T20:03:46","slug":"gabarito-extraoficial-direito-constitucional-trf-2a-regiao-tecnico-judiciario-seguranca-analista-judiciario-contabilidade-e-tecnico-judiciario-informatica","status":"publish","type":"post","link":"https:\/\/www.estrategiaconcursos.com.br\/blog\/gabarito-extraoficial-direito-constitucional-trf-2a-regiao-tecnico-judiciario-seguranca-analista-judiciario-contabilidade-e-tecnico-judiciario-informatica\/","title":{"rendered":"Gabarito Extraoficial &#8211; Direito Constitucional TRF2 &#8211; Tec. Jud. (Seguran\u00e7a), Analista Jud (Contadoria) e Tec. Jud. (Inform\u00e1tica)"},"content":{"rendered":"<p>\n\tOl&aacute;, pessoal! Tudo bem?\n<\/p>\n<p>\n\tTive acesso a algumas das provas do TRF 2a Regi&atilde;o, as quais comentarei nesse artigo. S&atilde;o elas:\n<\/p>\n<p>\n\t<strong>1) TRF 2a Regi&atilde;o &#8211; T&eacute;cnico (Seguran&ccedil;a)<\/strong>\n<\/p>\n<p>\n\t<strong>2) TRF 2a Regi&atilde;o &#8211; Analista (Contabilidade)<\/strong>\n<\/p>\n<p>\n\t<strong>3) TRF 2a Regi&atilde;o &#8211; T&eacute;cnico (Inform&aacute;tica)<\/strong>\n<\/p>\n<p>\n\tOs coment&aacute;rios abaixo s&atilde;o um Gabarito Extraoficial, mas dificilmente vir&aacute; algo diferente, a n&atilde;o ser que a CONSULPLAN d&ecirc; piruetas.&nbsp;\n<\/p>\n<p>\n\tAbra&ccedil;os,\n<\/p>\n<p>\n\tRicardo Vale\n<\/p>\n<p>\n\t<strong>P.S: <\/strong>Acompanhem dicas di&aacute;rias sobre Direito Constitucional no meu Facebook. Segue o link da minha p&aacute;gina\n<\/p>\n<p>\n\t<a href=\"https:\/\/www.facebook.com\/profricardovale\/\">https:\/\/www.facebook.com\/profricardovale\/<\/a>\n<\/p>\n<p>\n\t&nbsp;\n<\/p>\n<p>\n\t<span style=\"color:#0000FF\"><strong>Prova &ndash; T&eacute;cnico (&Aacute;rea Seguran&ccedil;a) TRF 2a Regi&atilde;o:&nbsp;<\/strong><\/span>\n<\/p>\n<p>\n\t<strong>13 &#8211; (CONSULPLAN \/ TRF 2<sup>a<\/sup> Regi&atilde;o &ndash; 2017) &ldquo;Determinado professor de direito constitucional explicou aos seus alunos que certas normas constitucionais, embora sejam capazes de produzir efeitos imediatos na realidade, dando ensejo ao surgimento de direitos subjetivos, fazem refer&ecirc;ncia &agrave; lei, que pode reduzir o seu alcance, com o estabelecimento, por exemplo, de certos requisitos a serem observados.&rdquo; <\/strong>\n<\/p>\n<p>\n\t<strong>Considerando a classifica&ccedil;&atilde;o das normas constitucionais quanto &agrave; aplicabilidade, &eacute; correto afirmar que o exemplo oferecido pelo professor &eacute; de uma norma:<\/strong>\n<\/p>\n<p>\n\ta) program&aacute;tica\n<\/p>\n<p>\n\tb) de efic&aacute;cia contida\n<\/p>\n<p>\n\tc) de efic&aacute;cia limitada\n<\/p>\n<p>\n\td) de efic&aacute;cia plena e aplicabilidade imediata.\n<\/p>\n<p>\n\t<strong>Coment&aacute;rios:<\/strong>\n<\/p>\n<p>\n\tNa situa&ccedil;&atilde;o apresentada, o professor deu o exemplo de uma norma de efic&aacute;cia contida.\n<\/p>\n<p>\n\tAs normas de efic&aacute;cia contida s&atilde;o <strong><em>autoaplic&aacute;veis<\/em><\/strong>, isto &eacute;, produzem efeitos imediatos, n&atilde;o dependendo de regulamenta&ccedil;&atilde;o para isso.\n<\/p>\n<p>\n\tAo mesmo tempo, as normas de efic&aacute;cia contida s&atilde;o <strong><em>restring&iacute;veis<\/em><\/strong>, ou seja, podem seu alcance reduzido por lei.\n<\/p>\n<p>\n\tO gabarito &eacute; a letra B.\n<\/p>\n<p>\n\t<strong>14 &#8211; (CONSULPLAN \/ TRF 2<sup>a<\/sup> Regi&atilde;o &ndash; 2017) &ldquo;Edson era investigado pela pr&aacute;tica de um crime e estava com receio de ser julgado por um juiz federal que considerava seu desafeto. Ao conversar com seu amigo Pedro, estudante de direito, foi informado que a Constitui&ccedil;&atilde;o da Rep&uacute;blica disp&otilde;e, em seu art. 5&ordm;, XXXVII, que n&atilde;o haver&aacute; ju&iacute;zo ou tribunal de exce&ccedil;&atilde;o.&rdquo;<\/strong>\n<\/p>\n<p>\n\t<strong>&Agrave; luz da sistem&aacute;tica constitucional, o coment&aacute;rio de Pedro indica que:<\/strong>\n<\/p>\n<p>\n\ta) A causa de Edson ser&aacute; julgada pelo juiz federal que a escolher.\n<\/p>\n<p>\n\tb) Os crit&eacute;rios de escolha do juiz federal devem anteceder a pr&aacute;tica do crime.\n<\/p>\n<p>\n\tc) As regras gerais de compet&ecirc;ncia n&atilde;o admitem exce&ccedil;&atilde;o, aplicando-se a todos.\n<\/p>\n<p>\n\td) A compet&ecirc;ncia de todos os ju&iacute;zes deve ser detalhada na Constitui&ccedil;&atilde;o, sem exce&ccedil;&atilde;o.\n<\/p>\n<p>\n\t<strong>Coment&aacute;rios:<\/strong>\n<\/p>\n<p>\n\tO <strong><em>princ&iacute;pio do<\/em><\/strong> <strong><em>juiz natural<\/em><\/strong> se reflete em dois dispositivos da Constitui&ccedil;&atilde;o:\n<\/p>\n<p style=\"margin-left:36.0pt\">\n\t<strong>Art. 5&ordm; (&#8230;)<\/strong>\n<\/p>\n<p style=\"margin-left:36.0pt\">\n\t<strong>XXXVII &#8211;<\/strong> n&atilde;o haver&aacute; ju&iacute;zo ou tribunal de exce&ccedil;&atilde;o;\n<\/p>\n<p style=\"margin-left:36.0pt\">\n\t<strong>LIII &#8211;<\/strong> ningu&eacute;m ser&aacute; processado nem sentenciado sen&atilde;o pela autoridade competente;\n<\/p>\n<p>\n\tComo se pode verificar, a CF\/88 pro&iacute;be a exist&ecirc;ncia de ju&iacute;zo ou tribunal de exce&ccedil;&atilde;o, o que tem por objetivo garantir um julgamento justo e imparcial. Nesse sentido, as regras para determina&ccedil;&atilde;o do ju&iacute;zo ou tribunal competente <strong><em>dever&atilde;o anteceder o fato<\/em><\/strong>.\n<\/p>\n<p>\n\tO gabarito &eacute; a letra B.\n<\/p>\n<p>\n\t&nbsp;\n<\/p>\n<p>\n\t<span style=\"color:#0000FF\"><strong>Prova &ndash; Analista (&Aacute;rea Contabilidade) TRF 2a Regi&atilde;o<\/strong><\/span>\n<\/p>\n<p>\n\t<strong>15 &#8211; (CONSULPLAN \/ TRF 2<sup>a<\/sup> Regi&atilde;o &ndash; 2017) &Iacute;lio, por interm&eacute;dio de seu advogado, impetrou mandado de seguran&ccedil;a contra ato de juiz federal perante o Tribunal Regional Federal ao qual o magistrado estava vinculado. Para sua surpresa, a ordem foi denegada, tendo prevalecido interpreta&ccedil;&atilde;o nitidamente contr&aacute;ria &agrave; Constitui&ccedil;&atilde;o da Rep&uacute;blica.<\/strong>\n<\/p>\n<p>\n\t<strong>&Agrave; luz da narrativa anterior e da sistem&aacute;tica constitucional, &eacute; poss&iacute;vel a interposi&ccedil;&atilde;o de qual recurso contra o ac&oacute;rd&atilde;o do Tribunal Regional Federal?<\/strong>\n<\/p>\n<p>\n\ta) Reclama&ccedil;&atilde;o endere&ccedil;ada ao Supremo Tribunal Federal.\n<\/p>\n<p>\n\tb) Recurso especial endere&ccedil;ado ao Superior Tribunal de Justi&ccedil;a.\n<\/p>\n<p>\n\tc) Recurso ordin&aacute;rio endere&ccedil;ado ao Superior Tribunal de Justi&ccedil;a.\n<\/p>\n<p>\n\td) Recurso extraordin&aacute;rio endere&ccedil;ado ao Supremo Tribunal Federal.\n<\/p>\n<p>\n\t<strong>Coment&aacute;rios:<\/strong>\n<\/p>\n<p>\n\tSegundo o art. 105, II, al&iacute;nea &ldquo;b&rdquo;, <strong><em>compete ao STJ julgar<\/em><\/strong>, <strong><em>em recurso ordin&aacute;rio<\/em><\/strong>, os mandados de seguran&ccedil;a decididos em &uacute;nica inst&acirc;ncia pelos Tribunais Regionais Federais ou pelos tribunais dos Estados, do Distrito Federal e Territ&oacute;rios, quando denegat&oacute;ria a decis&atilde;o.\n<\/p>\n<p>\n\tO gabarito &eacute; a letra C.\n<\/p>\n<p>\n\t<strong>16 &ndash;<\/strong> <strong>(CONSULPLAN \/ TRF 2<sup>a<\/sup> Regi&atilde;o &ndash; 2017) &ldquo;&Eacute;lia, estudante de direito, observou que muitos direitos fundamentais, como a liberdade de express&atilde;o e a honra, seriam potencialmente colidentes entre si, o que a deixou com muitas d&uacute;vidas. Em raz&atilde;o desse estado de coisas, procurou o professor de direito constitucional e apresentou tr&ecirc;s proposi&ccedil;&otilde;es:<\/strong>\n<\/p>\n<p>\n\t<strong>I) <\/strong>O int&eacute;rprete deve sempre buscar a concord&acirc;ncia pr&aacute;tica entre os direitos fundamentais.\n<\/p>\n<p>\n\t<strong>II) <\/strong>Na hip&oacute;tese de conflito, ir&aacute; prevalecer o direito fundamental considerado mais importante pela sociedade, independentemente das circunst&acirc;ncias do caso concreto.\n<\/p>\n<p>\n\t<strong>III)<\/strong> O conflito entre direitos fundamentais somente pode ser resolvido pela lei.\n<\/p>\n<p>\n\t<strong>Considerando a doutrina majorit&aacute;ria e o entendimento prevalecente no &acirc;mbito do Supremo Tribunal Federal, &eacute; correto afirmar que est&aacute; (&atilde;o) correta (s) a (s) proposi&ccedil;&atilde;o (&otilde;es):<\/strong>\n<\/p>\n<p>\n\ta) I, II e III.\n<\/p>\n<p>\n\tb) I, apenas\n<\/p>\n<p>\n\tc) III, apenas\n<\/p>\n<p>\n\td) I e II, apenas.\n<\/p>\n<p>\n\t<strong>Coment&aacute;rios:<\/strong>\n<\/p>\n<p>\n\tA <strong><em>primeira assertiva<\/em><\/strong> est&aacute; correta. O conflito entre direitos fundamentais dever&aacute; ser solucionado pela aplica&ccedil;&atilde;o do princ&iacute;pio da harmoniza&ccedil;&atilde;o (ou concord&acirc;ncia pr&aacute;tica). Por meio desse princ&iacute;pio, o int&eacute;rprete ir&aacute; conferir preval&ecirc;ncia a um dos direitos fundamentais em conflito, evitando-se, todavia, o sacrif&iacute;cio total do outro.\n<\/p>\n<p>\n\tA <strong><em>segunda assertiva<\/em><\/strong> est&aacute; errada. O conflito entre direitos fundamentais n&atilde;o pode ser solucionado em abstrato. Ao contr&aacute;rio, deve ser solucionado levando-se em considera&ccedil;&atilde;o as peculiaridades do caso concreto.\n<\/p>\n<p>\n\tA <strong><em>terceira assertiva<\/em><\/strong> est&aacute; errada. O conflito entre direitos fundamentais &eacute; resolvido pelo princ&iacute;pio da harmoniza&ccedil;&atilde;o (ou da concord&acirc;ncia pr&aacute;tica).\n<\/p>\n<p>\n\tO gabarito &eacute; a letra B.\n<\/p>\n<p>\n\t<strong>17 &ndash; (CONSULPLAN \/ TRF 2<sup>a<\/sup> Regi&atilde;o &ndash; 2017) H&aacute; quase dois anos, Ednaldo, empregado de uma sociedade empres&aacute;ria do ramo industrial e contribuinte do Regime Geral de Previd&ecirc;ncia Social, requereu sua aposentadoria, o que foi deferido pela autarquia federal competente, tendo sido constatado o seguinte:<\/strong>\n<\/p>\n<p>\n\t<strong>I)<\/strong> No c&aacute;lculo do valor do respectivo benef&iacute;cio foram atualizados os sal&aacute;rios de contribui&ccedil;&atilde;o considerados pela autarquia.\n<\/p>\n<p>\n\t<strong>II)<\/strong> Em dezembro do primeiro ano, Ednaldo recebeu a gratifica&ccedil;&atilde;o natalina, levando em considera&ccedil;&atilde;o o valor do benef&iacute;cio recebido em janeiro do respectivo ano.\n<\/p>\n<p>\n\t<strong>III)<\/strong> Por fim, para surpresa de Ednaldo, apesar de todos os empregados de sua antiga empregadora terem tido os sal&aacute;rios reajustados em 20%, o que decorria de conven&ccedil;&atilde;o coletiva de trabalho, os seus proventos, em raz&atilde;o dos crit&eacute;rios estabelecidos na lei de reg&ecirc;ncia e considerando o mesmo per&iacute;odo, foram reajustados em apenas 10%.\n<\/p>\n<p>\n\t<strong>Est&atilde;o em harmonia com a sistem&aacute;tica constitucional as afirmativas:<\/strong>\n<\/p>\n<p>\n\ta) I, II e III.\n<\/p>\n<p>\n\tb) I e II, apenas.\n<\/p>\n<p>\n\tc) I e III, apenas\n<\/p>\n<p>\n\td) II e III, apenas\n<\/p>\n<p>\n\t<strong>Coment&aacute;rios:<\/strong>\n<\/p>\n<p>\n\tA <strong><em>primeira assertiva<\/em><\/strong> est&aacute; correta. Segundo o art. 201, &sect; 3&ordm;, CF\/88, &ldquo;<em>todos os sal&aacute;rios de contribui&ccedil;&atilde;o considerados para o c&aacute;lculo de benef&iacute;cio ser&atilde;o devidamente atualizados, na forma da lei<\/em>&rdquo;.\n<\/p>\n<p>\n\tA <strong><em>segunda assertiva<\/em><\/strong> est&aacute; errada. A gratifica&ccedil;&atilde;o natalina dos aposentados e pensionistas ter&aacute; por base o valor dos proventos do <u>m&ecirc;s de dezembro<\/u> de cada ano (art. 201, &sect; 6&ordm;, CF\/88).\n<\/p>\n<p>\n\tA <strong><em>terceira assertiva<\/em><\/strong> est&aacute; correta. A CF\/88 assegura o reajustamento dos benef&iacute;cios para preservar-lhes, em car&aacute;ter permanente, o valor real, <u>conforme crit&eacute;rios definidos em lei<\/u>. N&atilde;o h&aacute; que se falar em reajuste parit&aacute;rio dos proventos de aposentadoria com a remunera&ccedil;&atilde;o dos trabalhadores em atividade. Em outras palavras, o reajuste concedido aos empregados em virtude de conven&ccedil;&atilde;o coletiva de trabalho n&atilde;o precisa ser estendido aos proventos de aposentadoria.\n<\/p>\n<p>\n\tO gabarito &eacute; a letra C.\n<\/p>\n<p>\n\t&nbsp;\n<\/p>\n<p>\n\t<span style=\"color:#0000FF\"><strong>Prova &ndash; T&eacute;cnico (&Aacute;rea Inform&aacute;tica) TRF 2a Regi&atilde;o<\/strong><\/span>\n<\/p>\n<p>\n\t<strong>14 &ndash; (CONSULPLAN \/ TRF 2<sup>a<\/sup> Regi&atilde;o &ndash; 2017) Ednilton, estudante de direito, ao analisar a composi&ccedil;&atilde;o, as compet&ecirc;ncias e a forma de controle das atividades do Supremo Tribunal Federal, alcan&ccedil;ou tr&ecirc;s conclus&otilde;es<\/strong>\n<\/p>\n<p>\n\t(1<sup>a<\/sup>) os seus Ministros s&atilde;o nomeados pelo Senado Federal, ap&oacute;s indica&ccedil;&atilde;o do Presidente da Rep&uacute;blica;\n<\/p>\n<p>\n\t(2<sup>a<\/sup>) ao Tribunal compete a guarda da Constitui&ccedil;&atilde;o e;\n<\/p>\n<p>\n\t(3<sup>a<\/sup>) como &oacute;rg&atilde;o do Poder Judici&aacute;rio, est&aacute; sujeito ao controle do Conselho Nacional de Justi&ccedil;a.\n<\/p>\n<p>\n\t<strong>A an&aacute;lise das conclus&otilde;es de Ednilton &agrave; luz da ordem constitucional permite afirmar que:<\/strong>\n<\/p>\n<p>\n\ta) todas as conclus&otilde;es est&atilde;o corretas.\n<\/p>\n<p>\n\tb) somente a terceira conclus&atilde;o est&aacute; correta.\n<\/p>\n<p>\n\tc) somente a segunda conclus&atilde;o est&aacute; correta.\n<\/p>\n<p>\n\td) somente a primeira e a segunda conclus&otilde;es est&atilde;o corretas.\n<\/p>\n<p>\n\t<strong>Coment&aacute;rios:<\/strong>\n<\/p>\n<p>\n\tA <strong><em>primeira assertiva<\/em><\/strong> est&aacute; errada. A nomea&ccedil;&atilde;o dos Ministros do STF compete ao Presidente da Rep&uacute;blica, ap&oacute;s a aprova&ccedil;&atilde;o do Senado Federal.\n<\/p>\n<p>\n\tA <strong><em>segunda assertiva<\/em><\/strong> est&aacute; correta. A miss&atilde;o primordial do STF &eacute; a guarda da Constitui&ccedil;&atilde;o.\n<\/p>\n<p>\n\tA <strong><em>terceira assertiva<\/em><\/strong> est&aacute; errada. O STF, embora integre o Poder Judici&aacute;rio, n&atilde;o est&aacute; sujeito ao controle do CNJ.\n<\/p>\n<p>\n\tO gabarito &eacute; a letra C.\n<\/p>\n<p>\n\t<strong>15 &#8211; (CONSULPLAN \/ TRF 2<sup>a<\/sup> Regi&atilde;o &ndash; 2017) &ldquo;Determinado professor de direito constitucional explicou aos seus alunos que certas normas constitucionais, embora sejam capazes de produzir efeitos imediatos na realidade, dando ensejo ao surgimento de direitos subjetivos, fazem refer&ecirc;ncia &agrave; lei, que pode reduzir o seu alcance, com o estabelecimento, por exemplo, de certos requisitos a serem observados.&rdquo; <\/strong>\n<\/p>\n<p>\n\t<strong>Considerando a classifica&ccedil;&atilde;o das normas constitucionais quanto &agrave; aplicabilidade, &eacute; correto afirmar que o exemplo oferecido pelo professor &eacute; de uma norma:<\/strong>\n<\/p>\n<p>\n\ta) program&aacute;tica\n<\/p>\n<p>\n\tb) de efic&aacute;cia contida\n<\/p>\n<p>\n\tc) de efic&aacute;cia limitada\n<\/p>\n<p>\n\td) de efic&aacute;cia plena e aplicabilidade imediata.\n<\/p>\n<p>\n\t<strong>Coment&aacute;rios:<\/strong>\n<\/p>\n<p>\n\tNa situa&ccedil;&atilde;o apresentada, o professor deu o exemplo de uma norma de efic&aacute;cia contida.\n<\/p>\n<p>\n\tAs normas de efic&aacute;cia contida s&atilde;o <strong><em>autoaplic&aacute;veis<\/em><\/strong>, isto &eacute;, produzem efeitos imediatos, n&atilde;o dependendo de regulamenta&ccedil;&atilde;o para isso.\n<\/p>\n<p>\n\tAo mesmo tempo, as normas de efic&aacute;cia contida s&atilde;o <strong><em>restring&iacute;veis<\/em><\/strong>, ou seja, podem seu alcance reduzido por lei.\n<\/p>\n<p>\n\tO gabarito &eacute; a letra B.\n<\/p>\n<p>\n\t<strong>16 &#8211; (CONSULPLAN \/ TRF 2<sup>a<\/sup> Regi&atilde;o &ndash; 2017) &ldquo;Edson era investigado pela pr&aacute;tica de um crime e estava com receio de ser julgado por um juiz federal que considerava seu desafeto. Ao conversar com seu amigo Pedro, estudante de direito, foi informado que a Constitui&ccedil;&atilde;o da Rep&uacute;blica disp&otilde;e, em seu art. 5&ordm;, XXXVII, que n&atilde;o haver&aacute; ju&iacute;zo ou tribunal de exce&ccedil;&atilde;o.&rdquo;<\/strong>\n<\/p>\n<p>\n\t<strong>&Agrave; luz da sistem&aacute;tica constitucional, o coment&aacute;rio de Pedro indica que:<\/strong>\n<\/p>\n<p>\n\ta) A causa de Edson ser&aacute; julgada pelo juiz federal que a escolher.\n<\/p>\n<p>\n\tb) Os crit&eacute;rios de escolha do juiz federal devem anteceder a pr&aacute;tica do crime.\n<\/p>\n<p>\n\tc) As regras gerais de compet&ecirc;ncia n&atilde;o admitem exce&ccedil;&atilde;o, aplicando-se a todos.\n<\/p>\n<p>\n\td) A compet&ecirc;ncia de todos os ju&iacute;zes deve ser detalhada na Constitui&ccedil;&atilde;o, sem exce&ccedil;&atilde;o.\n<\/p>\n<p>\n\t<strong>Coment&aacute;rios:<\/strong>\n<\/p>\n<p>\n\tO <strong><em>princ&iacute;pio do<\/em><\/strong> <strong><em>juiz natural<\/em><\/strong> se reflete em dois dispositivos da Constitui&ccedil;&atilde;o:\n<\/p>\n<p style=\"margin-left:36.0pt\">\n\t<strong>Art. 5&ordm; (&#8230;)<\/strong>\n<\/p>\n<p style=\"margin-left:36.0pt\">\n\t<strong>XXXVII &#8211;<\/strong> n&atilde;o haver&aacute; ju&iacute;zo ou tribunal de exce&ccedil;&atilde;o;\n<\/p>\n<p style=\"margin-left:36.0pt\">\n\t<strong>LIII &#8211;<\/strong> ningu&eacute;m ser&aacute; processado nem sentenciado sen&atilde;o pela autoridade competente;\n<\/p>\n<p>\n\tComo se pode verificar, a CF\/88 pro&iacute;be a exist&ecirc;ncia de ju&iacute;zo ou tribunal de exce&ccedil;&atilde;o, o que tem por objetivo garantir um julgamento justo e imparcial. Nesse sentido, as regras para determina&ccedil;&atilde;o do ju&iacute;zo ou tribunal competente <strong><em>dever&atilde;o anteceder o fato<\/em><\/strong>.\n<\/p>\n<p>\n\tO gabarito &eacute; a letra B.\n<\/p>\n<p>\n\t<strong>17 &#8211; (CONSULPLAN \/ TRF 2<sup>a<\/sup> Regi&atilde;o &ndash; 2017) &ldquo;Eust&aacute;quio, pessoa muito querida, foi contratado por determinado ente federativo para ocupar um cargo em comiss&atilde;o, com carga de trabalho de 8 horas por dia, tendo recebido a atribui&ccedil;&atilde;o de ministrar aulas em certa escola municipal. Afinal, fora detectada uma car&ecirc;ncia muito grande de profissionais na &aacute;rea.&rdquo;<\/strong>\n<\/p>\n<p>\n\t<strong>&Agrave; luz das informa&ccedil;&otilde;es fornecidas e da sistem&aacute;tica constitucional, &eacute; correto afirmar que a contrata&ccedil;&atilde;o de Eust&aacute;quio est&aacute;:<\/strong>\n<\/p>\n<p>\n\ta) Dissonante da Constitui&ccedil;&atilde;o da Rep&uacute;blica, pois somente as fun&ccedil;&otilde;es de confian&ccedil;a poderiam ser utilizadas para os referidos fins.\n<\/p>\n<p>\n\tb) Dissonante da Constitui&ccedil;&atilde;o da Rep&uacute;blica, pois a atribui&ccedil;&atilde;o desempenhada por Eust&aacute;quio &eacute; incompat&iacute;vel com os cargos em comiss&atilde;o.\n<\/p>\n<p>\n\tc) Em harmonia com a Constitui&ccedil;&atilde;o da Rep&uacute;blica, pois os cargos em comiss&atilde;o podem ser utilizados para suprir a car&ecirc;ncia dos cargos de provimento efetivo.\n<\/p>\n<p>\n\td) Em harmonia com a Constitui&ccedil;&atilde;o da Rep&uacute;blica, pois os cargos em comiss&atilde;o e os de provimento efetivo s&oacute; se diferenciam em rela&ccedil;&atilde;o &agrave; forma de acesso, n&atilde;o quanto &agrave;s fun&ccedil;&otilde;es.\n<\/p>\n<p>\n\t<strong>Coment&aacute;rios: <\/strong>\n<\/p>\n<p>\n\tAs fun&ccedil;&otilde;es de confian&ccedil;a e os cargos em comiss&atilde;o destinam-se apenas &agrave;s atribui&ccedil;&otilde;es de <strong><em>dire&ccedil;&atilde;o, chefia e assessoramento<\/em><\/strong>. Desse modo, na condi&ccedil;&atilde;o de ocupante de cargo em comiss&atilde;o, Eust&aacute;quio n&atilde;o poderia ter sido designado para a atribui&ccedil;&atilde;o de ministrar aulas.\n<\/p>\n<p>\n\tO gabarito &eacute; a letra B.<\/p>\n","protected":false},"excerpt":{"rendered":"<p>Ol&aacute;, pessoal! Tudo bem? Tive acesso a algumas das provas do TRF 2a Regi&atilde;o, as quais comentarei nesse artigo. S&atilde;o elas: 1) TRF 2a Regi&atilde;o &#8211; T&eacute;cnico (Seguran&ccedil;a) 2) TRF 2a Regi&atilde;o &#8211; Analista (Contabilidade) 3) TRF 2a Regi&atilde;o &#8211; T&eacute;cnico (Inform&aacute;tica) Os coment&aacute;rios abaixo s&atilde;o um Gabarito Extraoficial, mas dificilmente vir&aacute; algo diferente, a [&hellip;]<\/p>\n","protected":false},"author":26,"featured_media":0,"comment_status":"open","ping_status":"open","sticky":false,"template":"","format":"standard","meta":{"post_tipo":"article","footnotes":""},"categories":[1],"tags":[],"tax_estado":[],"class_list":["post-66240","post","type-post","status-publish","format-standard","hentry","category-cursos-e-concursos"],"acf":[],"yoast_head":"<!-- This site is optimized with the Yoast SEO Premium plugin v27.2 (Yoast SEO v27.2) - https:\/\/yoast.com\/product\/yoast-seo-premium-wordpress\/ -->\n<title>Gabarito Extraoficial - Direito Constitucional TRF2 - Tec. Jud. (Seguran\u00e7a), Analista Jud (Contadoria) e Tec. Jud. (Inform\u00e1tica)<\/title>\n<meta name=\"robots\" content=\"index, follow, max-snippet:-1, max-image-preview:large, max-video-preview:-1\" \/>\n<link rel=\"canonical\" href=\"https:\/\/www.estrategiaconcursos.com.br\/blog\/gabarito-extraoficial-direito-constitucional-trf-2a-regiao-tecnico-judiciario-seguranca-analista-judiciario-contabilidade-e-tecnico-judiciario-informatica\/\" \/>\n<meta property=\"og:locale\" content=\"pt_BR\" \/>\n<meta property=\"og:type\" content=\"article\" \/>\n<meta property=\"og:title\" content=\"Gabarito Extraoficial - Direito Constitucional TRF2 - Tec. Jud. (Seguran\u00e7a), Analista Jud (Contadoria) e Tec. Jud. (Inform\u00e1tica)\" \/>\n<meta property=\"og:description\" content=\"Ol&aacute;, pessoal! Tudo bem? Tive acesso a algumas das provas do TRF 2a Regi&atilde;o, as quais comentarei nesse artigo. S&atilde;o elas: 1) TRF 2a Regi&atilde;o &#8211; T&eacute;cnico (Seguran&ccedil;a) 2) TRF 2a Regi&atilde;o &#8211; Analista (Contabilidade) 3) TRF 2a Regi&atilde;o &#8211; T&eacute;cnico (Inform&aacute;tica) Os coment&aacute;rios abaixo s&atilde;o um Gabarito Extraoficial, mas dificilmente vir&aacute; algo diferente, a [&hellip;]\" \/>\n<meta property=\"og:url\" content=\"https:\/\/www.estrategiaconcursos.com.br\/blog\/gabarito-extraoficial-direito-constitucional-trf-2a-regiao-tecnico-judiciario-seguranca-analista-judiciario-contabilidade-e-tecnico-judiciario-informatica\/\" \/>\n<meta property=\"og:site_name\" content=\"Estrat\u00e9gia Concursos\" \/>\n<meta property=\"article:author\" content=\"https:\/\/www.facebook.com\/rvale01\" \/>\n<meta property=\"article:published_time\" content=\"2017-03-05T20:07:58+00:00\" \/>\n<meta property=\"article:modified_time\" content=\"2017-08-16T20:03:46+00:00\" \/>\n<meta name=\"author\" content=\"Ricardo Vale\" \/>\n<meta name=\"twitter:card\" content=\"summary_large_image\" \/>\n<meta name=\"twitter:creator\" content=\"@https:\/\/twitter.com\/EstratConcursos\" \/>\n<meta name=\"twitter:site\" content=\"@EstratConcursos\" \/>\n<meta name=\"twitter:label1\" content=\"Escrito por\" \/>\n\t<meta name=\"twitter:data1\" content=\"Ricardo Vale\" \/>\n\t<meta name=\"twitter:label2\" content=\"Est. tempo de leitura\" \/>\n\t<meta name=\"twitter:data2\" content=\"13 minutos\" \/>\n<script type=\"application\/ld+json\" class=\"yoast-schema-graph\">{\"@context\":\"https:\/\/schema.org\",\"@graph\":[{\"@type\":\"NewsArticle\",\"@id\":\"https:\/\/www.estrategiaconcursos.com.br\/blog\/gabarito-extraoficial-direito-constitucional-trf-2a-regiao-tecnico-judiciario-seguranca-analista-judiciario-contabilidade-e-tecnico-judiciario-informatica\/#article\",\"isPartOf\":{\"@id\":\"https:\/\/www.estrategiaconcursos.com.br\/blog\/gabarito-extraoficial-direito-constitucional-trf-2a-regiao-tecnico-judiciario-seguranca-analista-judiciario-contabilidade-e-tecnico-judiciario-informatica\/\"},\"author\":{\"name\":\"Ricardo Vale\",\"@id\":\"https:\/\/www.estrategiaconcursos.com.br\/blog\/#\/schema\/person\/c32e47dba2159cafe7796a9569a6ff7e\"},\"headline\":\"Gabarito Extraoficial &#8211; Direito Constitucional TRF2 &#8211; Tec. Jud. (Seguran\u00e7a), Analista Jud (Contadoria) e Tec. Jud. (Inform\u00e1tica)\",\"datePublished\":\"2017-03-05T20:07:58+00:00\",\"dateModified\":\"2017-08-16T20:03:46+00:00\",\"mainEntityOfPage\":{\"@id\":\"https:\/\/www.estrategiaconcursos.com.br\/blog\/gabarito-extraoficial-direito-constitucional-trf-2a-regiao-tecnico-judiciario-seguranca-analista-judiciario-contabilidade-e-tecnico-judiciario-informatica\/\"},\"wordCount\":2625,\"commentCount\":3,\"publisher\":{\"@id\":\"https:\/\/www.estrategiaconcursos.com.br\/blog\/#organization\"},\"articleSection\":[\"Concursos P\u00fablicos\"],\"inLanguage\":\"pt-BR\",\"potentialAction\":[{\"@type\":\"CommentAction\",\"name\":\"Comment\",\"target\":[\"https:\/\/www.estrategiaconcursos.com.br\/blog\/gabarito-extraoficial-direito-constitucional-trf-2a-regiao-tecnico-judiciario-seguranca-analista-judiciario-contabilidade-e-tecnico-judiciario-informatica\/#respond\"]}],\"copyrightYear\":\"2017\",\"copyrightHolder\":{\"@id\":\"https:\/\/www.estrategiaconcursos.com.br\/blog\/#organization\"}},{\"@type\":\"WebPage\",\"@id\":\"https:\/\/www.estrategiaconcursos.com.br\/blog\/gabarito-extraoficial-direito-constitucional-trf-2a-regiao-tecnico-judiciario-seguranca-analista-judiciario-contabilidade-e-tecnico-judiciario-informatica\/\",\"url\":\"https:\/\/www.estrategiaconcursos.com.br\/blog\/gabarito-extraoficial-direito-constitucional-trf-2a-regiao-tecnico-judiciario-seguranca-analista-judiciario-contabilidade-e-tecnico-judiciario-informatica\/\",\"name\":\"Gabarito Extraoficial - Direito Constitucional TRF2 - Tec. Jud. (Seguran\u00e7a), Analista Jud (Contadoria) e Tec. Jud. (Inform\u00e1tica)\",\"isPartOf\":{\"@id\":\"https:\/\/www.estrategiaconcursos.com.br\/blog\/#website\"},\"datePublished\":\"2017-03-05T20:07:58+00:00\",\"dateModified\":\"2017-08-16T20:03:46+00:00\",\"breadcrumb\":{\"@id\":\"https:\/\/www.estrategiaconcursos.com.br\/blog\/gabarito-extraoficial-direito-constitucional-trf-2a-regiao-tecnico-judiciario-seguranca-analista-judiciario-contabilidade-e-tecnico-judiciario-informatica\/#breadcrumb\"},\"inLanguage\":\"pt-BR\",\"potentialAction\":[{\"@type\":\"ReadAction\",\"target\":[\"https:\/\/www.estrategiaconcursos.com.br\/blog\/gabarito-extraoficial-direito-constitucional-trf-2a-regiao-tecnico-judiciario-seguranca-analista-judiciario-contabilidade-e-tecnico-judiciario-informatica\/\"]}]},{\"@type\":\"BreadcrumbList\",\"@id\":\"https:\/\/www.estrategiaconcursos.com.br\/blog\/gabarito-extraoficial-direito-constitucional-trf-2a-regiao-tecnico-judiciario-seguranca-analista-judiciario-contabilidade-e-tecnico-judiciario-informatica\/#breadcrumb\",\"itemListElement\":[{\"@type\":\"ListItem\",\"position\":1,\"name\":\"In\u00edcio\",\"item\":\"https:\/\/www.estrategiaconcursos.com.br\/blog\/\"},{\"@type\":\"ListItem\",\"position\":2,\"name\":\"Gabarito Extraoficial &#8211; Direito Constitucional TRF2 &#8211; Tec. Jud. (Seguran\u00e7a), Analista Jud (Contadoria) e Tec. Jud. (Inform\u00e1tica)\"}]},{\"@type\":\"WebSite\",\"@id\":\"https:\/\/www.estrategiaconcursos.com.br\/blog\/#website\",\"url\":\"https:\/\/www.estrategiaconcursos.com.br\/blog\/\",\"name\":\"Estrat\u00e9gia Concursos\",\"description\":\"O blog da Estrat\u00e9gia Concursos traz not\u00edcias sobre concursos e artigos de professores oferecendo cursos para concursos (pdf + videaulas) no site.\",\"publisher\":{\"@id\":\"https:\/\/www.estrategiaconcursos.com.br\/blog\/#organization\"},\"potentialAction\":[{\"@type\":\"SearchAction\",\"target\":{\"@type\":\"EntryPoint\",\"urlTemplate\":\"https:\/\/www.estrategiaconcursos.com.br\/blog\/?s={search_term_string}\"},\"query-input\":{\"@type\":\"PropertyValueSpecification\",\"valueRequired\":true,\"valueName\":\"search_term_string\"}}],\"inLanguage\":\"pt-BR\"},{\"@type\":\"Organization\",\"@id\":\"https:\/\/www.estrategiaconcursos.com.br\/blog\/#organization\",\"name\":\"Estrat\u00e9gia Concursos\",\"url\":\"https:\/\/www.estrategiaconcursos.com.br\/blog\/\",\"logo\":{\"@type\":\"ImageObject\",\"inLanguage\":\"pt-BR\",\"@id\":\"https:\/\/www.estrategiaconcursos.com.br\/blog\/#\/schema\/logo\/image\/\",\"url\":\"https:\/\/dhg1h5j42swfq.cloudfront.net\/2025\/06\/03203428\/logo_concursos-1.jpg\",\"contentUrl\":\"https:\/\/dhg1h5j42swfq.cloudfront.net\/2025\/06\/03203428\/logo_concursos-1.jpg\",\"width\":230,\"height\":60,\"caption\":\"Estrat\u00e9gia Concursos\"},\"image\":{\"@id\":\"https:\/\/www.estrategiaconcursos.com.br\/blog\/#\/schema\/logo\/image\/\"},\"sameAs\":[\"https:\/\/x.com\/EstratConcursos\"]},{\"@type\":\"Person\",\"@id\":\"https:\/\/www.estrategiaconcursos.com.br\/blog\/#\/schema\/person\/c32e47dba2159cafe7796a9569a6ff7e\",\"name\":\"Ricardo Vale\",\"image\":{\"@type\":\"ImageObject\",\"inLanguage\":\"pt-BR\",\"@id\":\"https:\/\/secure.gravatar.com\/avatar\/e5a5658c798bb49dd53314263f59f38c192d73370fb65839a372c2ae9027be74?s=96&d=mm&r=g\",\"url\":\"https:\/\/secure.gravatar.com\/avatar\/e5a5658c798bb49dd53314263f59f38c192d73370fb65839a372c2ae9027be74?s=96&d=mm&r=g\",\"contentUrl\":\"https:\/\/secure.gravatar.com\/avatar\/e5a5658c798bb49dd53314263f59f38c192d73370fb65839a372c2ae9027be74?s=96&d=mm&r=g\",\"caption\":\"Ricardo Vale\"},\"sameAs\":[\"https:\/\/www.facebook.com\/rvale01\",\"https:\/\/x.com\/https:\/\/twitter.com\/EstratConcursos\"],\"url\":\"https:\/\/www.estrategiaconcursos.com.br\/blog\/author\/ricardovaleestrategiaconcursos-com-br\/\"}]}<\/script>\n<!-- \/ Yoast SEO Premium plugin. -->","yoast_head_json":{"title":"Gabarito Extraoficial - Direito Constitucional TRF2 - Tec. Jud. (Seguran\u00e7a), Analista Jud (Contadoria) e Tec. Jud. (Inform\u00e1tica)","robots":{"index":"index","follow":"follow","max-snippet":"max-snippet:-1","max-image-preview":"max-image-preview:large","max-video-preview":"max-video-preview:-1"},"canonical":"https:\/\/www.estrategiaconcursos.com.br\/blog\/gabarito-extraoficial-direito-constitucional-trf-2a-regiao-tecnico-judiciario-seguranca-analista-judiciario-contabilidade-e-tecnico-judiciario-informatica\/","og_locale":"pt_BR","og_type":"article","og_title":"Gabarito Extraoficial - Direito Constitucional TRF2 - Tec. Jud. (Seguran\u00e7a), Analista Jud (Contadoria) e Tec. Jud. (Inform\u00e1tica)","og_description":"Ol&aacute;, pessoal! Tudo bem? Tive acesso a algumas das provas do TRF 2a Regi&atilde;o, as quais comentarei nesse artigo. S&atilde;o elas: 1) TRF 2a Regi&atilde;o &#8211; T&eacute;cnico (Seguran&ccedil;a) 2) TRF 2a Regi&atilde;o &#8211; Analista (Contabilidade) 3) TRF 2a Regi&atilde;o &#8211; T&eacute;cnico (Inform&aacute;tica) Os coment&aacute;rios abaixo s&atilde;o um Gabarito Extraoficial, mas dificilmente vir&aacute; algo diferente, a [&hellip;]","og_url":"https:\/\/www.estrategiaconcursos.com.br\/blog\/gabarito-extraoficial-direito-constitucional-trf-2a-regiao-tecnico-judiciario-seguranca-analista-judiciario-contabilidade-e-tecnico-judiciario-informatica\/","og_site_name":"Estrat\u00e9gia Concursos","article_author":"https:\/\/www.facebook.com\/rvale01","article_published_time":"2017-03-05T20:07:58+00:00","article_modified_time":"2017-08-16T20:03:46+00:00","author":"Ricardo Vale","twitter_card":"summary_large_image","twitter_creator":"@https:\/\/twitter.com\/EstratConcursos","twitter_site":"@EstratConcursos","twitter_misc":{"Escrito por":"Ricardo Vale","Est. tempo de leitura":"13 minutos"},"schema":{"@context":"https:\/\/schema.org","@graph":[{"@type":"NewsArticle","@id":"https:\/\/www.estrategiaconcursos.com.br\/blog\/gabarito-extraoficial-direito-constitucional-trf-2a-regiao-tecnico-judiciario-seguranca-analista-judiciario-contabilidade-e-tecnico-judiciario-informatica\/#article","isPartOf":{"@id":"https:\/\/www.estrategiaconcursos.com.br\/blog\/gabarito-extraoficial-direito-constitucional-trf-2a-regiao-tecnico-judiciario-seguranca-analista-judiciario-contabilidade-e-tecnico-judiciario-informatica\/"},"author":{"name":"Ricardo Vale","@id":"https:\/\/www.estrategiaconcursos.com.br\/blog\/#\/schema\/person\/c32e47dba2159cafe7796a9569a6ff7e"},"headline":"Gabarito Extraoficial &#8211; Direito Constitucional TRF2 &#8211; Tec. Jud. (Seguran\u00e7a), Analista Jud (Contadoria) e Tec. Jud. (Inform\u00e1tica)","datePublished":"2017-03-05T20:07:58+00:00","dateModified":"2017-08-16T20:03:46+00:00","mainEntityOfPage":{"@id":"https:\/\/www.estrategiaconcursos.com.br\/blog\/gabarito-extraoficial-direito-constitucional-trf-2a-regiao-tecnico-judiciario-seguranca-analista-judiciario-contabilidade-e-tecnico-judiciario-informatica\/"},"wordCount":2625,"commentCount":3,"publisher":{"@id":"https:\/\/www.estrategiaconcursos.com.br\/blog\/#organization"},"articleSection":["Concursos P\u00fablicos"],"inLanguage":"pt-BR","potentialAction":[{"@type":"CommentAction","name":"Comment","target":["https:\/\/www.estrategiaconcursos.com.br\/blog\/gabarito-extraoficial-direito-constitucional-trf-2a-regiao-tecnico-judiciario-seguranca-analista-judiciario-contabilidade-e-tecnico-judiciario-informatica\/#respond"]}],"copyrightYear":"2017","copyrightHolder":{"@id":"https:\/\/www.estrategiaconcursos.com.br\/blog\/#organization"}},{"@type":"WebPage","@id":"https:\/\/www.estrategiaconcursos.com.br\/blog\/gabarito-extraoficial-direito-constitucional-trf-2a-regiao-tecnico-judiciario-seguranca-analista-judiciario-contabilidade-e-tecnico-judiciario-informatica\/","url":"https:\/\/www.estrategiaconcursos.com.br\/blog\/gabarito-extraoficial-direito-constitucional-trf-2a-regiao-tecnico-judiciario-seguranca-analista-judiciario-contabilidade-e-tecnico-judiciario-informatica\/","name":"Gabarito Extraoficial - Direito Constitucional TRF2 - Tec. Jud. (Seguran\u00e7a), Analista Jud (Contadoria) e Tec. Jud. (Inform\u00e1tica)","isPartOf":{"@id":"https:\/\/www.estrategiaconcursos.com.br\/blog\/#website"},"datePublished":"2017-03-05T20:07:58+00:00","dateModified":"2017-08-16T20:03:46+00:00","breadcrumb":{"@id":"https:\/\/www.estrategiaconcursos.com.br\/blog\/gabarito-extraoficial-direito-constitucional-trf-2a-regiao-tecnico-judiciario-seguranca-analista-judiciario-contabilidade-e-tecnico-judiciario-informatica\/#breadcrumb"},"inLanguage":"pt-BR","potentialAction":[{"@type":"ReadAction","target":["https:\/\/www.estrategiaconcursos.com.br\/blog\/gabarito-extraoficial-direito-constitucional-trf-2a-regiao-tecnico-judiciario-seguranca-analista-judiciario-contabilidade-e-tecnico-judiciario-informatica\/"]}]},{"@type":"BreadcrumbList","@id":"https:\/\/www.estrategiaconcursos.com.br\/blog\/gabarito-extraoficial-direito-constitucional-trf-2a-regiao-tecnico-judiciario-seguranca-analista-judiciario-contabilidade-e-tecnico-judiciario-informatica\/#breadcrumb","itemListElement":[{"@type":"ListItem","position":1,"name":"In\u00edcio","item":"https:\/\/www.estrategiaconcursos.com.br\/blog\/"},{"@type":"ListItem","position":2,"name":"Gabarito Extraoficial &#8211; Direito Constitucional TRF2 &#8211; Tec. Jud. (Seguran\u00e7a), Analista Jud (Contadoria) e Tec. Jud. (Inform\u00e1tica)"}]},{"@type":"WebSite","@id":"https:\/\/www.estrategiaconcursos.com.br\/blog\/#website","url":"https:\/\/www.estrategiaconcursos.com.br\/blog\/","name":"Estrat\u00e9gia Concursos","description":"O blog da Estrat\u00e9gia Concursos traz not\u00edcias sobre concursos e artigos de professores oferecendo cursos para concursos (pdf + videaulas) no site.","publisher":{"@id":"https:\/\/www.estrategiaconcursos.com.br\/blog\/#organization"},"potentialAction":[{"@type":"SearchAction","target":{"@type":"EntryPoint","urlTemplate":"https:\/\/www.estrategiaconcursos.com.br\/blog\/?s={search_term_string}"},"query-input":{"@type":"PropertyValueSpecification","valueRequired":true,"valueName":"search_term_string"}}],"inLanguage":"pt-BR"},{"@type":"Organization","@id":"https:\/\/www.estrategiaconcursos.com.br\/blog\/#organization","name":"Estrat\u00e9gia Concursos","url":"https:\/\/www.estrategiaconcursos.com.br\/blog\/","logo":{"@type":"ImageObject","inLanguage":"pt-BR","@id":"https:\/\/www.estrategiaconcursos.com.br\/blog\/#\/schema\/logo\/image\/","url":"https:\/\/dhg1h5j42swfq.cloudfront.net\/2025\/06\/03203428\/logo_concursos-1.jpg","contentUrl":"https:\/\/dhg1h5j42swfq.cloudfront.net\/2025\/06\/03203428\/logo_concursos-1.jpg","width":230,"height":60,"caption":"Estrat\u00e9gia Concursos"},"image":{"@id":"https:\/\/www.estrategiaconcursos.com.br\/blog\/#\/schema\/logo\/image\/"},"sameAs":["https:\/\/x.com\/EstratConcursos"]},{"@type":"Person","@id":"https:\/\/www.estrategiaconcursos.com.br\/blog\/#\/schema\/person\/c32e47dba2159cafe7796a9569a6ff7e","name":"Ricardo Vale","image":{"@type":"ImageObject","inLanguage":"pt-BR","@id":"https:\/\/secure.gravatar.com\/avatar\/e5a5658c798bb49dd53314263f59f38c192d73370fb65839a372c2ae9027be74?s=96&d=mm&r=g","url":"https:\/\/secure.gravatar.com\/avatar\/e5a5658c798bb49dd53314263f59f38c192d73370fb65839a372c2ae9027be74?s=96&d=mm&r=g","contentUrl":"https:\/\/secure.gravatar.com\/avatar\/e5a5658c798bb49dd53314263f59f38c192d73370fb65839a372c2ae9027be74?s=96&d=mm&r=g","caption":"Ricardo Vale"},"sameAs":["https:\/\/www.facebook.com\/rvale01","https:\/\/x.com\/https:\/\/twitter.com\/EstratConcursos"],"url":"https:\/\/www.estrategiaconcursos.com.br\/blog\/author\/ricardovaleestrategiaconcursos-com-br\/"}]}},"_links":{"self":[{"href":"https:\/\/www.estrategiaconcursos.com.br\/blog\/wp-json\/wp\/v2\/posts\/66240","targetHints":{"allow":["GET"]}}],"collection":[{"href":"https:\/\/www.estrategiaconcursos.com.br\/blog\/wp-json\/wp\/v2\/posts"}],"about":[{"href":"https:\/\/www.estrategiaconcursos.com.br\/blog\/wp-json\/wp\/v2\/types\/post"}],"author":[{"embeddable":true,"href":"https:\/\/www.estrategiaconcursos.com.br\/blog\/wp-json\/wp\/v2\/users\/26"}],"replies":[{"embeddable":true,"href":"https:\/\/www.estrategiaconcursos.com.br\/blog\/wp-json\/wp\/v2\/comments?post=66240"}],"version-history":[{"count":3,"href":"https:\/\/www.estrategiaconcursos.com.br\/blog\/wp-json\/wp\/v2\/posts\/66240\/revisions"}],"predecessor-version":[{"id":66245,"href":"https:\/\/www.estrategiaconcursos.com.br\/blog\/wp-json\/wp\/v2\/posts\/66240\/revisions\/66245"}],"wp:attachment":[{"href":"https:\/\/www.estrategiaconcursos.com.br\/blog\/wp-json\/wp\/v2\/media?parent=66240"}],"wp:term":[{"taxonomy":"category","embeddable":true,"href":"https:\/\/www.estrategiaconcursos.com.br\/blog\/wp-json\/wp\/v2\/categories?post=66240"},{"taxonomy":"post_tag","embeddable":true,"href":"https:\/\/www.estrategiaconcursos.com.br\/blog\/wp-json\/wp\/v2\/tags?post=66240"},{"taxonomy":"tax_estado","embeddable":true,"href":"https:\/\/www.estrategiaconcursos.com.br\/blog\/wp-json\/wp\/v2\/tax_estado?post=66240"}],"curies":[{"name":"wp","href":"https:\/\/api.w.org\/{rel}","templated":true}]}}