{"id":66236,"date":"2017-03-05T16:59:30","date_gmt":"2017-03-05T19:59:30","guid":{"rendered":"https:\/\/www.estrategiaconcursos.com.br\/blog\/?p=66236"},"modified":"2020-04-13T15:35:38","modified_gmt":"2020-04-13T18:35:38","slug":"gabarito-extraoficial-trf-2-aj-contadoria-custos-etica-e-contabilidade-geral","status":"publish","type":"post","link":"https:\/\/www.estrategiaconcursos.com.br\/blog\/gabarito-extraoficial-trf-2-aj-contadoria-custos-etica-e-contabilidade-geral\/","title":{"rendered":"Gabarito Extraoficial TRF 2 &#8211; AJ Contadoria: Contabilidade Geral, Custos e \u00c9tica!"},"content":{"rendered":"<h1 style=\"text-align: justify\">\n\tGabarito Extraoficial TRF 2 &#8211; AJ Contadoria<br \/>\n<\/h1>\n<p style=\"text-align: justify\">\n\tGabarito Extraoficial TRF 2 &#8211; Ol&aacute;, pessoal! Tudo bem?\n<\/p>\n<p style=\"text-align: justify\">\n\tA seguir a corre&ccedil;&atilde;o da prova de Custos, &Eacute;tica e Contabilidade Geral do TRF 2, realizado hoje pela Consuplan.&nbsp;\n<\/p>\n<p style=\"text-align: justify\">\n\tA princ&iacute;pio, possibilidade de recursos nas quest&otilde;es que tratam da retifica&ccedil;&atilde;o do erro da DRE (43 desta corre&ccedil;&atilde;o) e&nbsp;na que fala da venda do im&oacute;vel (44 desta corre&ccedil;&atilde;o).\n<\/p>\n<p style=\"text-align: justify\">\n\tNo geral, uma prova tranquila, sendo que v&aacute;rios pontos foram abordados no nosso aul&atilde;o ontem de v&eacute;spera e absolutamente todas poderiam ser resolvidas com nossos cursos do Estrat&eacute;gia.\n<\/p>\n<p style=\"text-align: justify\">\n\tBom, antes de come&ccedil;ar, sempre deixamos os nossos convites para a sua prepara&ccedil;&atilde;o em alto n&iacute;vel:\n<\/p>\n<p style=\"text-align: justify\">\n\t1 &#8211; Seguir o nosso Instagram: <span style=\"color:#FF0000\">@contabilidadefacilitada<\/span>\n<\/p>\n<p style=\"text-align: justify\">\n\t2 &#8211; Participar do nosso grupo de estudos do Facebook:&nbsp;<strong><a href=\"https:\/\/www.facebook.com\/groups\/1396537853978098\/?fref=ts\" target=\"_blank\" rel=\"noopener noreferrer\">CONTABILIDADE PARA CONCURSOS &#8211; GRUPO DE ESTUDOS<\/a><\/strong>\n<\/p>\n<p style=\"text-align: justify\">\n\t3 &#8211; Participar de nossa lista exclusiva de e-mails:&nbsp;<strong><a href=\"http:\/\/eepurl.com\/b2UPNb\" target=\"_blank\" rel=\"noopener noreferrer\">LISTA EXCLUSIVA PARA RECEBER MATERIAIS DE CONTABILIDADE PARA CONCURSOS<\/a><\/strong>\n<\/p>\n<p style=\"text-align: justify\">\n\t<strong>CORRE&Ccedil;&Atilde;O &#8211; GABARITO EXTRAOFICIAL TRF 2 &#8211; AJ Contadoria<\/strong>\n<\/p>\n<p style=\"text-align: justify\">\n\t&nbsp;\n<\/p>\n<p style=\"text-align: justify\">\n\t<strong>23. Uma empresa industrial apresentou os seguintes valores de contas<\/strong>\n<\/p>\n<p style=\"text-align: justify\">\n\tA sequ&ecirc;ncia correta de valores de custos e despesas s&atilde;o, respectivamente:\n<\/p>\n<p style=\"text-align: justify\">\n\tGabarito: B R$ 29.500,00 e R$ 73.000,00\n<\/p>\n<p style=\"text-align: justify\">\n\t&nbsp;\n<\/p>\n<p style=\"text-align: justify\">\n\t<strong>24. Uma empresa industrial utiliza-se do custeio por absor&ccedil;&atilde;o para realizar toda a sua apura&ccedil;&atilde;o de custos. Considerando um fator importante, a classifica&ccedil;&atilde;o dos custos em diretos e indiretos se d&aacute; em rela&ccedil;&atilde;o:<\/strong>\n<\/p>\n<p style=\"text-align: justify\">\n\tGabarito: B &ndash; aos produtos.\n<\/p>\n<p style=\"text-align: justify\">\n\t&nbsp;\n<\/p>\n<p style=\"text-align: justify\">\n\t<strong>30. Um contador, chamado J&uacute;nior (&#8230;)<\/strong>\n<\/p>\n<p style=\"text-align: justify\">\n\tGabarito:\n<\/p>\n<p style=\"text-align: justify\">\n\tB) N&atilde;o emitir o parecer, pois n&atilde;o tem em m&atilde;os os documentos que comprovem a situa&ccedil;&atilde;o.\n<\/p>\n<p style=\"text-align: justify\">\n\tComent&aacute;rios:\n<\/p>\n<p style=\"text-align: justify\">\n\tArt. 4&ordm; O Profissional da Contabilidade poder&aacute; publicar relat&oacute;rio, parecer ou trabalho t&eacute;cnico-profissional, assinado e sob sua responsabilidade.\n<\/p>\n<p style=\"text-align: justify\">\n\tArt. 5&ordm; O Contador, quando perito, assistente t&eacute;cnico, auditor ou &aacute;rbitro, dever&aacute;;\n<\/p>\n<p style=\"text-align: justify\">\n\tVI &ndash; abster-se de dar parecer ou emitir opini&atilde;o sem estar suficientemente informado e munido de documentos;\n<\/p>\n<p style=\"text-align: justify\">\n\t&nbsp;\n<\/p>\n<p style=\"text-align: justify\">\n\t<strong>31. Segundo o C&oacute;digo de &Eacute;tica do Contador, a transgress&atilde;o de preceito&#8230;<\/strong>\n<\/p>\n<p>\n\tGabarito:\n<\/p>\n<p style=\"text-align: justify\">\n\tD) II e III, apenas\n<\/p>\n<p style=\"text-align: justify\">\n\tComent&aacute;rios:\n<\/p>\n<p style=\"text-align: justify\">\n\tArt. 12 A transgress&atilde;o de preceito deste C&oacute;digo constitui infra&ccedil;&atilde;o &eacute;tica, sancionada, segundo a gravidade, com a aplica&ccedil;&atilde;o de uma das seguintes penalidades:\n<\/p>\n<p style=\"text-align: justify\">\n\tI &ndash; advert&ecirc;ncia reservada;\n<\/p>\n<p style=\"text-align: justify\">\n\tII &ndash; censura reservada;\n<\/p>\n<p style=\"text-align: justify\">\n\tIII &ndash; censura p&uacute;blica.\n<\/p>\n<p style=\"text-align: justify\">\n\t&sect; 1&ordm; Na aplica&ccedil;&atilde;o das san&ccedil;&otilde;es &eacute;ticas, podem ser consideradas como atenuantes:\n<\/p>\n<p style=\"text-align: justify\">\n\tI &ndash; a&ccedil;&atilde;o desenvolvida em defesa de prerrogativa profissional;\n<\/p>\n<p style=\"text-align: justify\">\n\tII &ndash; aus&ecirc;ncia de puni&ccedil;&atilde;o &eacute;tica anterior;\n<\/p>\n<p style=\"text-align: justify\">\n\tIII &ndash; presta&ccedil;&atilde;o de relevantes servi&ccedil;os &agrave; Contabilidade.\n<\/p>\n<p style=\"text-align: justify\">\n\t&nbsp;\n<\/p>\n<p style=\"text-align: justify\">\n\t<strong>32 &ndash; Uma grande empresa de minera&ccedil;&atilde;o apresentou os seguintes dados no dia 31 de dezembro de 2016:<\/strong>\n<\/p>\n<p style=\"text-align: justify\">\n\tNo Balan&ccedil;o Patrimonial, o valor do Ativo &eacute; de :\n<\/p>\n<p style=\"text-align: justify\">\n\tExaust&atilde;o acumulada &#8211; 250.000,00\n<\/p>\n<p style=\"text-align: justify\">\n\tCaixa 20.000,00\n<\/p>\n<p style=\"text-align: justify\">\n\tVe&iacute;culos 430.000,00\n<\/p>\n<p style=\"text-align: justify\">\n\tClientes mar&ccedil;o de 2018 295.000,00\n<\/p>\n<p style=\"text-align: justify\">\n\tTributos a recuperar 25.000,00\n<\/p>\n<p style=\"text-align: justify\">\n\tMina de ouro 2.500.000,00\n<\/p>\n<p style=\"text-align: justify\">\n\tClientes &#8211; julho de 2017 500.000,00\n<\/p>\n<p style=\"text-align: justify\">\n\tProvis&atilde;o para cr&eacute;dito de liquida&ccedil;&atilde;o duvidosa &#8211; 2.000,00\n<\/p>\n<p style=\"text-align: justify\">\n\tEstoque para venda imediata 720.000,00\n<\/p>\n<p style=\"text-align: justify\">\n\tDeprecia&ccedil;&atilde;o acumulada &#8211; 45.000,00\n<\/p>\n<p style=\"text-align: justify\">\n\tIm&oacute;veis 1.000.000,00\n<\/p>\n<p style=\"text-align: justify\">\n\tTotal Ativo 5.193.000,00\n<\/p>\n<p style=\"text-align: justify\">\n\tGabarito: A R$ 5.193.000,00\n<\/p>\n<p style=\"text-align: justify\">\n\t&nbsp;\n<\/p>\n<p style=\"text-align: justify\">\n\t<strong>33 &ndash; Uma empresa de servi&ccedil;oes cont&aacute;beis apresentou os seguintes valores em 31 de ezembro de 2016:<\/strong>\n<\/p>\n<p style=\"text-align: justify\">\n\tO valor do resultado bruto na Demosntra&ccedil;&atilde;o do Resultado do Exerc&iacute;cio do per&iacute;odo &eacute; de:\n<\/p>\n<p style=\"text-align: justify\">\n\tReceita Bruta ser. Prestado&nbsp;&nbsp; 1.500.000,00\n<\/p>\n<p style=\"text-align: justify\">\n\tServi&ccedil;os cancelados&nbsp;&nbsp;&nbsp; &#8211; 10.000,00\n<\/p>\n<p style=\"text-align: justify\">\n\tTributos sobre servi&ccedil;os &#8211; 75.000,00\n<\/p>\n<p style=\"text-align: justify\">\n\tReceita l&iacute;quida&nbsp;&nbsp;&nbsp; 1.415.000,00\n<\/p>\n<p style=\"text-align: justify\">\n\tCusto do servi&ccedil;o prestado&nbsp;&nbsp;&nbsp; &#8211; 56.000,00\n<\/p>\n<p style=\"text-align: justify\">\n\tLucro Bruto 1.359.000,00\n<\/p>\n<p style=\"text-align: justify\">\n\tGabarito : C R$ 1.359.000,00\n<\/p>\n<p style=\"text-align: justify\">\n\t&nbsp;\n<\/p>\n<p style=\"text-align: justify\">\n\t<strong>34 &ndash; A empresa Nossa Ltda encerrou o exerc&iacute;cio de 2016 com um lucro significante e destinar&aacute; parte do lucro para reserva estatut&aacute;rio. Sobre essa reserva, a Lei 6404\/76 diz que o estatuto poder&aacute; criar reserva desde que, para cada uma:<\/strong>\n<\/p>\n<p style=\"text-align: justify\">\n\tI &ndash; Indique, de modo preciso e completo, sua finalidade.\n<\/p>\n<p style=\"text-align: justify\">\n\tII Fixe os crit&eacute;rios para determinar a parcela anual dos lucro l&iacute;quidos que ser&atilde;o destinados &agrave; sua constitui&ccedil;&atilde;o.\n<\/p>\n<p style=\"text-align: justify\">\n\tIII Estabele&ccedil;a o limite m&aacute;ximo da reserva, que deve respeitar 1% do lucro apurado.\n<\/p>\n<p style=\"text-align: justify\">\n\tConsiderando a Lei 6404\/76, est&atilde;o corretas as afirmativas:\n<\/p>\n<p style=\"text-align: justify\">\n\tComent&aacute;rio: Segundo a lei 6404\/76:\n<\/p>\n<p style=\"text-align: justify\">\n\tReservas Estatut&aacute;rias\n<\/p>\n<p style=\"text-align: justify\">\n\tArt. 194. O estatuto poder&aacute; criar reservas desde que, para cada uma:\n<\/p>\n<p style=\"text-align: justify\">\n\tI &#8211; indique, de modo preciso e completo, a sua finalidade;\n<\/p>\n<p style=\"text-align: justify\">\n\tII &#8211; fixe os crit&eacute;rios para determinar a parcela anual dos lucros l&iacute;quidos que ser&atilde;o destinados &agrave; sua constitui&ccedil;&atilde;o; e\n<\/p>\n<p style=\"text-align: justify\">\n\tIII &#8211; estabele&ccedil;a o limite m&aacute;ximo da reserva.\n<\/p>\n<p style=\"text-align: justify\">\n\tA afirmativa III est&aacute; errada. A Lei n&atilde;o fixa limite de 1%.\n<\/p>\n<p style=\"text-align: justify\">\n\tGabarito: B) I e II, apenas\n<\/p>\n<p style=\"text-align: justify\">\n\t&nbsp;\n<\/p>\n<p style=\"text-align: justify\">\n\t<strong>35 &ndash; A empresa Voc&ecirc; Ltda atua no ramo de servicos e realizou o lan&ccedil;amento cont&aacute;bil do 1\/12 referente ao 13&ordm; sal&aacute;rio de seus empregados do m&ecirc;s de mar&ccedil;o de 2016. O lan&ccedil;amento cont&aacute;bil realizado para o reconhecimento do fato ocasionou:<\/strong>\n<\/p>\n<p style=\"text-align: justify\">\n\tGabarito C &ndash; aumento na Despesa e aumento no Passivo\n<\/p>\n<p style=\"text-align: justify\">\n\t&nbsp;\n<\/p>\n<p style=\"text-align: justify\">\n\t<strong>36 &ndash; Segundo a Lei 6404\/76, &ldquo;no Ativo, as contas ser&atilde;o dispostas em ordem decrescentes do grau de liquidez dos elementos nela registrados&#8230;&rdquo;<\/strong>\n<\/p>\n<p style=\"text-align: justify\">\n\tDe acordo com a referida Lei, &ldquo;os direitos realiz&aacute;veis ap&oacute;s o t&eacute;rmino do exerc&iacute;cio seguinte, &#8230;&rdquo; devem ser classificados como?\n<\/p>\n<p style=\"text-align: justify\">\n\tComent&aacute;rio: Literalidade da Lei 6404\/76:\n<\/p>\n<p style=\"text-align: justify\">\n\tArt. 179. As contas ser&atilde;o classificadas do seguinte modo:\n<\/p>\n<p style=\"text-align: justify\">\n\tII &#8211; no ativo realiz&aacute;vel a longo prazo: os direitos realiz&aacute;veis ap&oacute;s o t&eacute;rmino do exerc&iacute;cio seguinte, assim como os derivados de vendas, adiantamentos ou empr&eacute;stimos a sociedades coligadas ou controladas (artigo 243), diretores, acionistas ou participantes no lucro da companhia, que n&atilde;o constitu&iacute;rem neg&oacute;cios usuais na explora&ccedil;&atilde;o do objeto da companhia;\n<\/p>\n<p style=\"text-align: justify\">\n\tQuest&atilde;o 36 &ndash; Gabarito D &ndash; Ativo Realiz&aacute;vel a Longo Prazo\n<\/p>\n<p style=\"text-align: justify\">\n\t&nbsp;\n<\/p>\n<p style=\"text-align: justify\">\n\t<strong>37 &ndash; A empresa ZGN atual exclusivamente no ramo comercial&#8230;. Qual o lan&ccedil;amento cont&aacute;bil que deve realizar:<\/strong>\n<\/p>\n<p style=\"text-align: justify\">\n\tGabarito: letra B\n<\/p>\n<p style=\"text-align: justify\">\n\tD &ndash; Mercadoria 850\n<\/p>\n<p style=\"text-align: justify\">\n\tD &ndash; ICMS a recuperar 150\n<\/p>\n<p style=\"text-align: justify\">\n\tC &ndash; Caixa 1000\n<\/p>\n<p style=\"text-align: justify\">\n\t&nbsp;\n<\/p>\n<p style=\"text-align: justify\">\n\t<strong>38. A Companhia Solda S\/A, que atua exclusivamente (&#8230;)<\/strong>\n<\/p>\n<p style=\"text-align: justify\">\n\tGabarito:\n<\/p>\n<p style=\"text-align: justify\">\n\tA) Valor justo.\n<\/p>\n<p style=\"text-align: justify\">\n\t<strong>Coment&aacute;rios:<\/strong>\n<\/p>\n<p style=\"text-align: justify\">\n\tSegundo a Lei 6.404\/76:\n<\/p>\n<p style=\"text-align: justify\">\n\tArt. 183. No balan&ccedil;o, os elementos do ativo ser&atilde;o avaliados segundo os seguintes crit&eacute;rios:\n<\/p>\n<p style=\"text-align: justify\">\n\ta) pelo seu valor justo, quando se tratar de aplica&ccedil;&otilde;es destinadas &agrave; negocia&ccedil;&atilde;o ou dispon&iacute;veis para venda; e (Reda&ccedil;&atilde;o dada pela Lei n&ordm; 11.941, de 2009)\n<\/p>\n<p style=\"text-align: justify\">\n\t&nbsp;\n<\/p>\n<p style=\"text-align: justify\">\n\t<strong>39. A Resolu&ccedil;&atilde;o CFC n&ordm; 1.374\/2011 apresenta, entre outros, os conceitos&#8230;<\/strong>\n<\/p>\n<p style=\"text-align: justify\">\n\tGabarito:\n<\/p>\n<p style=\"text-align: justify\">\n\tD) Puder ser utilizada como dado de entrada em processos empregados pelos usu&aacute;rios para predizer futuros resultados.\n<\/p>\n<p style=\"text-align: justify\">\n\t<strong>Coment&aacute;rios:<\/strong>\n<\/p>\n<p style=\"text-align: justify\">\n\tInforma&ccedil;&atilde;o cont&aacute;bil-financeira relevante &eacute; aquela capaz de fazer diferen&ccedil;a nas decis&otilde;es que possam ser tomadas pelos usu&aacute;rios.\n<\/p>\n<p style=\"text-align: justify\">\n\tA informa&ccedil;&atilde;o cont&aacute;bil-financeira &eacute; capaz de fazer diferen&ccedil;a nas decis&otilde;es se tiver valor preditivo, valor confirmat&oacute;rio ou ambos.\n<\/p>\n<p style=\"text-align: justify\">\n\tA informa&ccedil;&atilde;o cont&aacute;bil-financeira tem valor preditivo se puder ser utilizada pelos usu&aacute;rios para predizer futuros resultados. A informa&ccedil;&atilde;o cont&aacute;bil-financeira n&atilde;o precisa ser uma predi&ccedil;&atilde;o ou uma proje&ccedil;&atilde;o para que possua valor preditivo. A informa&ccedil;&atilde;o cont&aacute;bil-financeira com valor preditivo &eacute; empregada pelos usu&aacute;rios ao fazerem suas pr&oacute;prias predi&ccedil;&otilde;es.\n<\/p>\n<p style=\"text-align: justify\">\n\tA informa&ccedil;&atilde;o cont&aacute;bil-financeira tem valor confirmat&oacute;rio se retro-alimentar &ndash; servir de feedback &ndash; avalia&ccedil;&otilde;es pr&eacute;vias (confirm&aacute;-las ou alter&aacute;-las).\n<\/p>\n<p style=\"text-align: justify\">\n\t&nbsp;\n<\/p>\n<p style=\"text-align: justify\">\n\t&nbsp;\n<\/p>\n<p style=\"text-align: justify\">\n\t<strong>40. Sobre o Patrim&ocirc;nio L&iacute;quido das entidades, (&#8230;)<\/strong>\n<\/p>\n<p style=\"text-align: justify\">\n\t(V)&nbsp;A conta do capital social discriminar&aacute;&#8230;\n<\/p>\n<p style=\"text-align: justify\">\n\t(F) Devem ser classificadas como reservas de lucros&#8230;\n<\/p>\n<p style=\"text-align: justify\">\n\t(V) Tamb&eacute;m ser&aacute; ainda registrado como&#8230;\n<\/p>\n<p style=\"text-align: justify\">\n\t(V) Ser&atilde;o classificadas como reservas de lucros&#8230;\n<\/p>\n<p style=\"text-align: justify\">\n\t(V) As a&ccedil;&otilde;es em tesouraria dever&atilde;o ser destacadas&#8230;\n<\/p>\n<p style=\"text-align: justify\">\n\tGabarito:\n<\/p>\n<p style=\"text-align: justify\">\n\tB) V, F, V, V, V.\n<\/p>\n<p style=\"text-align: justify\">\n\t&nbsp;\n<\/p>\n<p style=\"text-align: justify\">\n\t<strong>41. De acordo com a Resolu&ccedil;&atilde;o CFC n. 1.374\/2011, &ldquo;ativo &eacute; um recursos controlado&rdquo; (&#8230;)<\/strong>\n<\/p>\n<p style=\"text-align: justify\">\n\tGabarito:\n<\/p>\n<p style=\"text-align: justify\">\n\tC) Como despesa na demonstra&ccedil;&atilde;o do resultado.\n<\/p>\n<p style=\"text-align: justify\">\n\tComent&aacute;rios:\n<\/p>\n<p style=\"text-align: justify\">\n\t4.45. Um ativo n&atilde;o deve ser reconhecido no balan&ccedil;o patrimonial quando os gastos incorridos n&atilde;o proporcionarem a expectativa prov&aacute;vel de gera&ccedil;&atilde;o de benef&iacute;cios econ&ocirc;micos para a entidade al&eacute;m do per&iacute;odo cont&aacute;bil corrente. Ao inv&eacute;s disso, tal transa&ccedil;&atilde;o deve ser reconhecida como despesa na demonstra&ccedil;&atilde;o do resultado. Esse tratamento n&atilde;o implica dizer que a inten&ccedil;&atilde;o da administra&ccedil;&atilde;o ao incorrer nos gastos n&atilde;o tenha sido a de gerar benef&iacute;cios econ&ocirc;micos futuros para a entidade ou que a administra&ccedil;&atilde;o tenha sido mal conduzida. A &uacute;nica implica&ccedil;&atilde;o &eacute; que o grau de certeza quanto &agrave; gera&ccedil;&atilde;o de benef&iacute;cios econ&ocirc;micos para a entidade, al&eacute;m do per&iacute;odo cont&aacute;bil corrente, &eacute; insuficiente para garantir o reconhecimento do ativo.\n<\/p>\n<p style=\"text-align: justify\">\n\t&nbsp;\n<\/p>\n<p style=\"text-align: justify\">\n\t<strong>42. A Resolu&ccedil;&atilde;o CFC n. 1.374\/2011 define, entre outros fatores, as bases para mensura&ccedil;&atilde;o, (&#8230;)<\/strong>\n<\/p>\n<p style=\"text-align: justify\">\n\tGabarito:\n<\/p>\n<p style=\"text-align: justify\">\n\tC) Valor realiz&aacute;vel\n<\/p>\n<p style=\"text-align: justify\">\n\tComent&aacute;rios:\n<\/p>\n<p style=\"text-align: justify\">\n\tCPC 00:\n<\/p>\n<p style=\"text-align: justify\">\n\t4.55. Um n&uacute;mero variado de bases de mensura&ccedil;&atilde;o &eacute; empregado em diferentes graus e em variadas combina&ccedil;&otilde;es nas demonstra&ccedil;&otilde;es cont&aacute;beis. Essas bases incluem o que segue:\n<\/p>\n<p style=\"text-align: justify\">\n\t(a) Custo hist&oacute;rico. Os ativos s&atilde;o registrados pelos montantes pagos em caixa ou equivalentes de caixa ou pelo valor justo dos recursos entregues para adquiri-los na data da aquisi&ccedil;&atilde;o. Os passivos s&atilde;o registrados pelos montantes dos recursos recebidos em troca da obriga&ccedil;&atilde;o ou, em algumas circunst&acirc;ncias (como, por exemplo, imposto de renda), pelos montantes em caixa ou equivalentes de caixa se espera ser&atilde;o necess&aacute;rios para liquidar o passivo no curso normal das opera&ccedil;&otilde;es.\n<\/p>\n<p style=\"text-align: justify\">\n\t(b) Custo corrente. Os ativos s&atilde;o mantidos pelos montantes em caixa ou equivalentes de caixa que teriam de ser pagos se esses mesmos ativos ou ativos equivalentes fossem adquiridos na data do balan&ccedil;o. Os passivos s&atilde;o reconhecidos pelos montantes em caixa ou equivalentes de caixa, n&atilde;o descontados, que se espera seriam necess&aacute;rios para liquidar a obriga&ccedil;&atilde;o na data do balan&ccedil;o.\n<\/p>\n<p style=\"text-align: justify\">\n\t(c) Valor realiz&aacute;vel (valor de realiza&ccedil;&atilde;o ou de liquida&ccedil;&atilde;o). Os ativos s&atilde;o mantidos pelos montantes em caixa ou equivalentes de caixa que poderiam ser obtidos pela sua venda em forma ordenada. <strong>OS PASSIVOS S&Atilde;O MANTIDOS PELOS SEUS MONTANTES DE LIQUIDA&Ccedil;&Atilde;O<\/strong>, isto &eacute;, pelos montantes em caixa ou equivalentes de caixa, n&atilde;o descontados, que se espera ser&atilde;o pagos para liquidar as correspondentes obriga&ccedil;&otilde;es no curso normal das opera&ccedil;&otilde;es.\n<\/p>\n<p style=\"text-align: justify\">\n\t(d) Valor presente. Os ativos s&atilde;o mantidos pelo valor presente, descontado, dos fluxos futuros de entradas l&iacute;quidas de caixa que se espera seja gerado pelo item no curso normal das opera&ccedil;&otilde;es. Os passivos s&atilde;o mantidos pelo valor presente, descontado, dos fluxos futuros de sa&iacute;das l&iacute;quidas de caixa que se espera ser&atilde;o necess&aacute;rios para liquidar o passivo no curso normal das opera&ccedil;&otilde;es.\n<\/p>\n<p style=\"text-align: justify\">\n\t&nbsp;\n<\/p>\n<p style=\"text-align: justify\">\n\t&nbsp;\n<\/p>\n<p style=\"text-align: justify\">\n\t<strong>43. O contador da empresa Mas Ltda. Elaborou as demonstra&ccedil;&otilde;es cont&aacute;beis da empresa (&#8230;)<\/strong>\n<\/p>\n<p style=\"text-align: justify\">\n\tGabarito: D) Errou, pois a falta de reconhecimento de tais itens n&atilde;o &eacute; corrigida pela divulga&ccedil;&atilde;o das pr&aacute;ticas cont&aacute;beis adotadas nem tampouco pelas notas explicativas ou material elucidativo.\n<\/p>\n<p style=\"text-align: justify\">\n\t<span style=\"color:#FF0000\"><strong>CABE RECURSO!<\/strong><\/span>\n<\/p>\n<p style=\"text-align: justify\">\n\tA banca n&atilde;o divulgou se o erro &eacute; ou n&atilde;o material. Se o erro &eacute; material, ent&atilde;o deve ser corrigida a DRE. Se d&aacute; tempo de divulgar em nota explicativa, ent&atilde;o pode ser corrigida a DRE.\n<\/p>\n<p style=\"text-align: justify\">\n\tTodavia, se o erro n&atilde;o for material, ent&atilde;o pode ser corrigido posteriormente, como ajuste de exerc&iacute;cios anteriores.\n<\/p>\n<p style=\"text-align: justify\">\n\tCPC 23:\n<\/p>\n<p style=\"text-align: justify\">\n\tOmiss&atilde;o material ou incorre&ccedil;&atilde;o material &eacute; a omiss&atilde;o ou a informa&ccedil;&atilde;o incorreta que puder, individual ou coletivamente, influenciar as decis&otilde;es econ&ocirc;micas que os usu&aacute;rios das demonstra&ccedil;&otilde;es cont&aacute;beis tomam com base nessas demonstra&ccedil;&otilde;es. A materialidade depende da dimens&atilde;o e da natureza da omiss&atilde;o ou da informa&ccedil;&atilde;o incorreta julgada &agrave; luz das circunst&acirc;ncias &agrave;s quais est&aacute; sujeita. A dimens&atilde;o ou a natureza do item, ou a combina&ccedil;&atilde;o de ambas, pode ser o fator determinante.\n<\/p>\n<p style=\"text-align: justify\">\n\t41. Erros podem ocorrer no registro, na mensura&ccedil;&atilde;o, na apresenta&ccedil;&atilde;o ou na divulga&ccedil;&atilde;o de elementos de demonstra&ccedil;&otilde;es cont&aacute;beis. As demonstra&ccedil;&otilde;es cont&aacute;beis n&atilde;o estar&atilde;o em conformidade com os Pronunciamentos, Interpreta&ccedil;&otilde;es e Orienta&ccedil;&otilde;es deste CPC se contiverem erros materiais ou erros imateriais cometidos intencionalmente para alcan&ccedil;ar determinada apresenta&ccedil;&atilde;o da posi&ccedil;&atilde;o patrimonial e financeira, do desempenho ou dos fluxos de caixa da entidade. Os potenciais erros do per&iacute;odo corrente descobertos nesse per&iacute;odo devem ser corrigidos antes de as demonstra&ccedil;&otilde;es cont&aacute;beis serem autorizadas para publica&ccedil;&atilde;o. Contudo, os erros materiais, por vezes, n&atilde;o s&atilde;o descobertos at&eacute; um per&iacute;odo subsequente, e esses erros de per&iacute;odos anteriores s&atilde;o corrigidos na informa&ccedil;&atilde;o comparativa apresentada nas demonstra&ccedil;&otilde;es cont&aacute;beis desse per&iacute;odo subsequente (ver itens 42 a 47). 42. Sujeito ao disposto no item 43, a entidade deve corrigir os erros materiais de per&iacute;odos anteriores retrospectivamente no primeiro conjunto de demonstra&ccedil;&otilde;es cont&aacute;beis cuja autoriza&ccedil;&atilde;o para publica&ccedil;&atilde;o ocorra ap&oacute;s a descoberta de tais erros: (a) por reapresenta&ccedil;&atilde;o dos valores comparativos para o per&iacute;odo anterior apresentado em que tenha ocorrido o erro; ou (b) se o erro ocorreu antes do per&iacute;odo anterior mais antigo apresentado, da reapresenta&ccedil;&atilde;o dos saldos de abertura dos ativos, dos passivos e do patrim&ocirc;nio l&iacute;quido para o per&iacute;odo anterior mais antigo apresentado.\n<\/p>\n<p style=\"text-align: justify\">\n\t&nbsp;\n<\/p>\n<p style=\"text-align: justify\">\n\t<strong>44. A empresa BIT Ltda, que tem como atividade fim exclusiva a fabrica&ccedil;&atilde;o de celulares e est&aacute; situada em uma pequena cidade, tinha um im&oacute;vel registrado em seu ativo n&atilde;o circulante, imobilizado, com valor l&iacute;quido (j&aacute; descontando deprecia&ccedil;&atilde;o) de R$ 500.000,00. A venda foi realizada com recebimento a vista no valor de R$ 550.000,00&rdquo;. O registro cont&aacute;bil da opera&ccedil;&atilde;o ocasionou, segundo a resolu&ccedil;&atilde;o CFC n 1.374\/2011,<\/strong>\n<\/p>\n<p style=\"text-align: justify\">\n\t<span style=\"color:#FF0000\"><strong>CABE RECURSO!<\/strong><\/span>\n<\/p>\n<p style=\"text-align: justify\">\n\tComent&aacute;rio: Aparentemente, esta quest&atilde;o tem duas respostas.\n<\/p>\n<p style=\"text-align: justify\">\n\tA contabiliza&ccedil;&atilde;o ficaria assim:\n<\/p>\n<p style=\"text-align: justify\">\n\tD &ndash; Caixa (Ativo) 550.000\n<\/p>\n<p style=\"text-align: justify\">\n\tC &ndash; Imobilizado (Ativo) 500.000\n<\/p>\n<p style=\"text-align: justify\">\n\tC &ndash; Outras receitas (Dre) 50.000\n<\/p>\n<p style=\"text-align: justify\">\n\tVamos aguardar a posi&ccedil;&atilde;o da banca e analisar melhor, para ver se d&aacute; recurso.\n<\/p>\n<p style=\"text-align: justify\">\n\tGabarito: Letra A &ndash; aumento no Ativo.\n<\/p>\n<p style=\"text-align: justify\">\n\t&nbsp;\n<\/p>\n<p style=\"text-align: justify\">\n\t&nbsp;\n<\/p>\n<p style=\"text-align: justify\">\n\t<strong>45. A empresa Beta S\/A possui uma a&ccedil;&atilde;o&#8230;<\/strong>\n<\/p>\n<p style=\"text-align: justify\">\n\tGabarito: C) Divulgar em notas explicativas.\n<\/p>\n<p style=\"text-align: justify\">\n\tComent&aacute;rios:\n<\/p>\n<p style=\"text-align: justify\">\n\tTrata-se de ativo contingente. Se n&atilde;o &eacute; certo que a empresa ir&aacute; receber o valor, ent&atilde;o ela n&atilde;o deve reconhecer o ativo, apenas divulgar em notas explicativas.\n<\/p>\n<p style=\"text-align: justify\">\n\tSegundo o CPC 25:\n<\/p>\n<p style=\"text-align: justify\">\n\t31. A entidade n&atilde;o deve reconhecer um ativo contingente.\n<\/p>\n<p style=\"text-align: justify\">\n\t32. Os ativos contingentes surgem normalmente de evento n&atilde;o planejado ou de outros n&atilde;o esperados que d&atilde;o origem &agrave; possibilidade de entrada de benef&iacute;cios econ&ocirc;micos para a entidade. Um exemplo &eacute; uma reivindica&ccedil;&atilde;o que a entidade esteja reclamando por meio de processos legais, em que o desfecho seja incerto.\n<\/p>\n<p style=\"text-align: justify\">\n\t33. Os ativos contingentes n&atilde;o s&atilde;o reconhecidos nas demonstra&ccedil;&otilde;es cont&aacute;beis, uma vez que pode tratar-se de resultado que nunca venha a ser realizado. Por&eacute;m, quando a realiza&ccedil;&atilde;o do ganho &eacute; praticamente certa, ent&atilde;o o ativo relacionado n&atilde;o &eacute; um ativo contingente e o seu reconhecimento &eacute; adequado.\n<\/p>\n<p style=\"text-align: justify\">\n\t34. O ativo contingente &eacute; divulgado, como exigido pelo item 89, quando for prov&aacute;vel a entrada de benef&iacute;cios econ&ocirc;micos.\n<\/p>\n<p style=\"text-align: justify\">\n\t89. Quando for prov&aacute;vel a entrada de benef&iacute;cios econ&ocirc;micos, a entidade deve divulgar breve descri&ccedil;&atilde;o da natureza dos ativos contingentes na data do balan&ccedil;o e, quando pratic&aacute;vel, uma estimativa dos seus efeitos financeiros, mensurada usando os princ&iacute;pios estabelecidos para as provis&otilde;es nos itens 36 a 52.<\/p>\n","protected":false},"excerpt":{"rendered":"<p>Gabarito Extraoficial TRF 2 &#8211; AJ Contadoria Gabarito Extraoficial TRF 2 &#8211; Ol&aacute;, pessoal! Tudo bem? A seguir a corre&ccedil;&atilde;o da prova de Custos, &Eacute;tica e Contabilidade Geral do TRF 2, realizado hoje pela Consuplan.&nbsp; A princ&iacute;pio, possibilidade de recursos nas quest&otilde;es que tratam da retifica&ccedil;&atilde;o do erro da DRE (43 desta corre&ccedil;&atilde;o) e&nbsp;na que [&hellip;]<\/p>\n","protected":false},"author":20,"featured_media":0,"comment_status":"open","ping_status":"open","sticky":false,"template":"","format":"standard","meta":{"post_tipo":"article","footnotes":""},"categories":[1],"tags":[],"tax_estado":[],"class_list":["post-66236","post","type-post","status-publish","format-standard","hentry","category-cursos-e-concursos"],"acf":[],"yoast_head":"<!-- This site is optimized with the Yoast SEO Premium plugin v27.2 (Yoast SEO v27.2) - https:\/\/yoast.com\/product\/yoast-seo-premium-wordpress\/ -->\n<title>Gabarito Extraoficial TRF 2 - AJ Contadoria: Contabilidade Geral, Custos e \u00c9tica!<\/title>\n<meta name=\"description\" content=\"Gabarito Extraoficial TRF 2 - AJ Contadoria: Corre\u00e7\u00e3o da prova de Contabilidade Geral, Custos e \u00c9tica da Prova de Analista Judici\u00e1rio - Contadoria.\" \/>\n<meta name=\"robots\" content=\"index, follow, max-snippet:-1, max-image-preview:large, max-video-preview:-1\" \/>\n<link rel=\"canonical\" href=\"https:\/\/www.estrategiaconcursos.com.br\/blog\/gabarito-extraoficial-trf-2-aj-contadoria-custos-etica-e-contabilidade-geral\/\" \/>\n<meta property=\"og:locale\" content=\"pt_BR\" \/>\n<meta property=\"og:type\" content=\"article\" \/>\n<meta property=\"og:title\" content=\"Gabarito Extraoficial TRF 2 - AJ Contadoria: Contabilidade Geral, Custos e \u00c9tica!\" \/>\n<meta property=\"og:description\" content=\"Gabarito Extraoficial TRF 2 - AJ Contadoria: Corre\u00e7\u00e3o da prova de Contabilidade Geral, Custos e \u00c9tica da Prova de Analista Judici\u00e1rio - Contadoria.\" \/>\n<meta property=\"og:url\" content=\"https:\/\/www.estrategiaconcursos.com.br\/blog\/gabarito-extraoficial-trf-2-aj-contadoria-custos-etica-e-contabilidade-geral\/\" \/>\n<meta property=\"og:site_name\" content=\"Estrat\u00e9gia Concursos\" \/>\n<meta property=\"article:published_time\" content=\"2017-03-05T19:59:30+00:00\" \/>\n<meta property=\"article:modified_time\" content=\"2020-04-13T18:35:38+00:00\" \/>\n<meta name=\"author\" content=\"Luciano Rosa\" \/>\n<meta name=\"twitter:card\" content=\"summary_large_image\" \/>\n<meta name=\"twitter:creator\" content=\"@EstratConcursos\" \/>\n<meta name=\"twitter:site\" content=\"@EstratConcursos\" \/>\n<meta name=\"twitter:label1\" content=\"Escrito por\" \/>\n\t<meta name=\"twitter:data1\" content=\"Luciano Rosa\" \/>\n\t<meta name=\"twitter:label2\" content=\"Est. tempo de leitura\" \/>\n\t<meta name=\"twitter:data2\" content=\"15 minutos\" \/>\n<script type=\"application\/ld+json\" class=\"yoast-schema-graph\">{\"@context\":\"https:\/\/schema.org\",\"@graph\":[{\"@type\":\"NewsArticle\",\"@id\":\"https:\/\/www.estrategiaconcursos.com.br\/blog\/gabarito-extraoficial-trf-2-aj-contadoria-custos-etica-e-contabilidade-geral\/#article\",\"isPartOf\":{\"@id\":\"https:\/\/www.estrategiaconcursos.com.br\/blog\/gabarito-extraoficial-trf-2-aj-contadoria-custos-etica-e-contabilidade-geral\/\"},\"author\":{\"name\":\"Luciano Rosa\",\"@id\":\"https:\/\/www.estrategiaconcursos.com.br\/blog\/#\/schema\/person\/523996854b82477bef38e2ab59b10b96\"},\"headline\":\"Gabarito Extraoficial TRF 2 &#8211; AJ Contadoria: Contabilidade Geral, Custos e \u00c9tica!\",\"datePublished\":\"2017-03-05T19:59:30+00:00\",\"dateModified\":\"2020-04-13T18:35:38+00:00\",\"mainEntityOfPage\":{\"@id\":\"https:\/\/www.estrategiaconcursos.com.br\/blog\/gabarito-extraoficial-trf-2-aj-contadoria-custos-etica-e-contabilidade-geral\/\"},\"wordCount\":3058,\"commentCount\":4,\"publisher\":{\"@id\":\"https:\/\/www.estrategiaconcursos.com.br\/blog\/#organization\"},\"articleSection\":[\"Concursos P\u00fablicos\"],\"inLanguage\":\"pt-BR\",\"potentialAction\":[{\"@type\":\"CommentAction\",\"name\":\"Comment\",\"target\":[\"https:\/\/www.estrategiaconcursos.com.br\/blog\/gabarito-extraoficial-trf-2-aj-contadoria-custos-etica-e-contabilidade-geral\/#respond\"]}],\"copyrightYear\":\"2017\",\"copyrightHolder\":{\"@id\":\"https:\/\/www.estrategiaconcursos.com.br\/blog\/#organization\"}},{\"@type\":\"WebPage\",\"@id\":\"https:\/\/www.estrategiaconcursos.com.br\/blog\/gabarito-extraoficial-trf-2-aj-contadoria-custos-etica-e-contabilidade-geral\/\",\"url\":\"https:\/\/www.estrategiaconcursos.com.br\/blog\/gabarito-extraoficial-trf-2-aj-contadoria-custos-etica-e-contabilidade-geral\/\",\"name\":\"Gabarito Extraoficial TRF 2 - AJ Contadoria: Contabilidade Geral, Custos e \u00c9tica!\",\"isPartOf\":{\"@id\":\"https:\/\/www.estrategiaconcursos.com.br\/blog\/#website\"},\"datePublished\":\"2017-03-05T19:59:30+00:00\",\"dateModified\":\"2020-04-13T18:35:38+00:00\",\"description\":\"Gabarito Extraoficial TRF 2 - AJ Contadoria: Corre\u00e7\u00e3o da prova de Contabilidade Geral, Custos e \u00c9tica da Prova de Analista Judici\u00e1rio - Contadoria.\",\"breadcrumb\":{\"@id\":\"https:\/\/www.estrategiaconcursos.com.br\/blog\/gabarito-extraoficial-trf-2-aj-contadoria-custos-etica-e-contabilidade-geral\/#breadcrumb\"},\"inLanguage\":\"pt-BR\",\"potentialAction\":[{\"@type\":\"ReadAction\",\"target\":[\"https:\/\/www.estrategiaconcursos.com.br\/blog\/gabarito-extraoficial-trf-2-aj-contadoria-custos-etica-e-contabilidade-geral\/\"]}]},{\"@type\":\"BreadcrumbList\",\"@id\":\"https:\/\/www.estrategiaconcursos.com.br\/blog\/gabarito-extraoficial-trf-2-aj-contadoria-custos-etica-e-contabilidade-geral\/#breadcrumb\",\"itemListElement\":[{\"@type\":\"ListItem\",\"position\":1,\"name\":\"In\u00edcio\",\"item\":\"https:\/\/www.estrategiaconcursos.com.br\/blog\/\"},{\"@type\":\"ListItem\",\"position\":2,\"name\":\"Gabarito Extraoficial TRF 2 &#8211; AJ Contadoria: Contabilidade Geral, Custos e \u00c9tica!\"}]},{\"@type\":\"WebSite\",\"@id\":\"https:\/\/www.estrategiaconcursos.com.br\/blog\/#website\",\"url\":\"https:\/\/www.estrategiaconcursos.com.br\/blog\/\",\"name\":\"Estrat\u00e9gia Concursos\",\"description\":\"O blog da Estrat\u00e9gia Concursos traz not\u00edcias sobre concursos e artigos de professores oferecendo cursos para concursos (pdf + videaulas) no site.\",\"publisher\":{\"@id\":\"https:\/\/www.estrategiaconcursos.com.br\/blog\/#organization\"},\"potentialAction\":[{\"@type\":\"SearchAction\",\"target\":{\"@type\":\"EntryPoint\",\"urlTemplate\":\"https:\/\/www.estrategiaconcursos.com.br\/blog\/?s={search_term_string}\"},\"query-input\":{\"@type\":\"PropertyValueSpecification\",\"valueRequired\":true,\"valueName\":\"search_term_string\"}}],\"inLanguage\":\"pt-BR\"},{\"@type\":\"Organization\",\"@id\":\"https:\/\/www.estrategiaconcursos.com.br\/blog\/#organization\",\"name\":\"Estrat\u00e9gia Concursos\",\"url\":\"https:\/\/www.estrategiaconcursos.com.br\/blog\/\",\"logo\":{\"@type\":\"ImageObject\",\"inLanguage\":\"pt-BR\",\"@id\":\"https:\/\/www.estrategiaconcursos.com.br\/blog\/#\/schema\/logo\/image\/\",\"url\":\"https:\/\/dhg1h5j42swfq.cloudfront.net\/2025\/06\/03203428\/logo_concursos-1.jpg\",\"contentUrl\":\"https:\/\/dhg1h5j42swfq.cloudfront.net\/2025\/06\/03203428\/logo_concursos-1.jpg\",\"width\":230,\"height\":60,\"caption\":\"Estrat\u00e9gia Concursos\"},\"image\":{\"@id\":\"https:\/\/www.estrategiaconcursos.com.br\/blog\/#\/schema\/logo\/image\/\"},\"sameAs\":[\"https:\/\/x.com\/EstratConcursos\"]},{\"@type\":\"Person\",\"@id\":\"https:\/\/www.estrategiaconcursos.com.br\/blog\/#\/schema\/person\/523996854b82477bef38e2ab59b10b96\",\"name\":\"Luciano Rosa\",\"image\":{\"@type\":\"ImageObject\",\"inLanguage\":\"pt-BR\",\"@id\":\"https:\/\/secure.gravatar.com\/avatar\/83a121de5c60d4c6fd842714d97bf0c8077c4e40935f2d96950c4a5859cf82c4?s=96&d=mm&r=g\",\"url\":\"https:\/\/secure.gravatar.com\/avatar\/83a121de5c60d4c6fd842714d97bf0c8077c4e40935f2d96950c4a5859cf82c4?s=96&d=mm&r=g\",\"contentUrl\":\"https:\/\/secure.gravatar.com\/avatar\/83a121de5c60d4c6fd842714d97bf0c8077c4e40935f2d96950c4a5859cf82c4?s=96&d=mm&r=g\",\"caption\":\"Luciano Rosa\"},\"url\":\"https:\/\/www.estrategiaconcursos.com.br\/blog\/author\/lucianorosaestrategiaconcursos-com-br\/\"}]}<\/script>\n<!-- \/ Yoast SEO Premium plugin. -->","yoast_head_json":{"title":"Gabarito Extraoficial TRF 2 - AJ Contadoria: Contabilidade Geral, Custos e \u00c9tica!","description":"Gabarito Extraoficial TRF 2 - AJ Contadoria: Corre\u00e7\u00e3o da prova de Contabilidade Geral, Custos e \u00c9tica da Prova de Analista Judici\u00e1rio - Contadoria.","robots":{"index":"index","follow":"follow","max-snippet":"max-snippet:-1","max-image-preview":"max-image-preview:large","max-video-preview":"max-video-preview:-1"},"canonical":"https:\/\/www.estrategiaconcursos.com.br\/blog\/gabarito-extraoficial-trf-2-aj-contadoria-custos-etica-e-contabilidade-geral\/","og_locale":"pt_BR","og_type":"article","og_title":"Gabarito Extraoficial TRF 2 - AJ Contadoria: Contabilidade Geral, Custos e \u00c9tica!","og_description":"Gabarito Extraoficial TRF 2 - AJ Contadoria: Corre\u00e7\u00e3o da prova de Contabilidade Geral, Custos e \u00c9tica da Prova de Analista Judici\u00e1rio - Contadoria.","og_url":"https:\/\/www.estrategiaconcursos.com.br\/blog\/gabarito-extraoficial-trf-2-aj-contadoria-custos-etica-e-contabilidade-geral\/","og_site_name":"Estrat\u00e9gia Concursos","article_published_time":"2017-03-05T19:59:30+00:00","article_modified_time":"2020-04-13T18:35:38+00:00","author":"Luciano Rosa","twitter_card":"summary_large_image","twitter_creator":"@EstratConcursos","twitter_site":"@EstratConcursos","twitter_misc":{"Escrito por":"Luciano Rosa","Est. tempo de leitura":"15 minutos"},"schema":{"@context":"https:\/\/schema.org","@graph":[{"@type":"NewsArticle","@id":"https:\/\/www.estrategiaconcursos.com.br\/blog\/gabarito-extraoficial-trf-2-aj-contadoria-custos-etica-e-contabilidade-geral\/#article","isPartOf":{"@id":"https:\/\/www.estrategiaconcursos.com.br\/blog\/gabarito-extraoficial-trf-2-aj-contadoria-custos-etica-e-contabilidade-geral\/"},"author":{"name":"Luciano Rosa","@id":"https:\/\/www.estrategiaconcursos.com.br\/blog\/#\/schema\/person\/523996854b82477bef38e2ab59b10b96"},"headline":"Gabarito Extraoficial TRF 2 &#8211; AJ Contadoria: Contabilidade Geral, Custos e \u00c9tica!","datePublished":"2017-03-05T19:59:30+00:00","dateModified":"2020-04-13T18:35:38+00:00","mainEntityOfPage":{"@id":"https:\/\/www.estrategiaconcursos.com.br\/blog\/gabarito-extraoficial-trf-2-aj-contadoria-custos-etica-e-contabilidade-geral\/"},"wordCount":3058,"commentCount":4,"publisher":{"@id":"https:\/\/www.estrategiaconcursos.com.br\/blog\/#organization"},"articleSection":["Concursos P\u00fablicos"],"inLanguage":"pt-BR","potentialAction":[{"@type":"CommentAction","name":"Comment","target":["https:\/\/www.estrategiaconcursos.com.br\/blog\/gabarito-extraoficial-trf-2-aj-contadoria-custos-etica-e-contabilidade-geral\/#respond"]}],"copyrightYear":"2017","copyrightHolder":{"@id":"https:\/\/www.estrategiaconcursos.com.br\/blog\/#organization"}},{"@type":"WebPage","@id":"https:\/\/www.estrategiaconcursos.com.br\/blog\/gabarito-extraoficial-trf-2-aj-contadoria-custos-etica-e-contabilidade-geral\/","url":"https:\/\/www.estrategiaconcursos.com.br\/blog\/gabarito-extraoficial-trf-2-aj-contadoria-custos-etica-e-contabilidade-geral\/","name":"Gabarito Extraoficial TRF 2 - AJ Contadoria: Contabilidade Geral, Custos e \u00c9tica!","isPartOf":{"@id":"https:\/\/www.estrategiaconcursos.com.br\/blog\/#website"},"datePublished":"2017-03-05T19:59:30+00:00","dateModified":"2020-04-13T18:35:38+00:00","description":"Gabarito Extraoficial TRF 2 - AJ Contadoria: Corre\u00e7\u00e3o da prova de Contabilidade Geral, Custos e \u00c9tica da Prova de Analista Judici\u00e1rio - Contadoria.","breadcrumb":{"@id":"https:\/\/www.estrategiaconcursos.com.br\/blog\/gabarito-extraoficial-trf-2-aj-contadoria-custos-etica-e-contabilidade-geral\/#breadcrumb"},"inLanguage":"pt-BR","potentialAction":[{"@type":"ReadAction","target":["https:\/\/www.estrategiaconcursos.com.br\/blog\/gabarito-extraoficial-trf-2-aj-contadoria-custos-etica-e-contabilidade-geral\/"]}]},{"@type":"BreadcrumbList","@id":"https:\/\/www.estrategiaconcursos.com.br\/blog\/gabarito-extraoficial-trf-2-aj-contadoria-custos-etica-e-contabilidade-geral\/#breadcrumb","itemListElement":[{"@type":"ListItem","position":1,"name":"In\u00edcio","item":"https:\/\/www.estrategiaconcursos.com.br\/blog\/"},{"@type":"ListItem","position":2,"name":"Gabarito Extraoficial TRF 2 &#8211; AJ Contadoria: Contabilidade Geral, Custos e \u00c9tica!"}]},{"@type":"WebSite","@id":"https:\/\/www.estrategiaconcursos.com.br\/blog\/#website","url":"https:\/\/www.estrategiaconcursos.com.br\/blog\/","name":"Estrat\u00e9gia Concursos","description":"O blog da Estrat\u00e9gia Concursos traz not\u00edcias sobre concursos e artigos de professores oferecendo cursos para concursos (pdf + videaulas) no site.","publisher":{"@id":"https:\/\/www.estrategiaconcursos.com.br\/blog\/#organization"},"potentialAction":[{"@type":"SearchAction","target":{"@type":"EntryPoint","urlTemplate":"https:\/\/www.estrategiaconcursos.com.br\/blog\/?s={search_term_string}"},"query-input":{"@type":"PropertyValueSpecification","valueRequired":true,"valueName":"search_term_string"}}],"inLanguage":"pt-BR"},{"@type":"Organization","@id":"https:\/\/www.estrategiaconcursos.com.br\/blog\/#organization","name":"Estrat\u00e9gia Concursos","url":"https:\/\/www.estrategiaconcursos.com.br\/blog\/","logo":{"@type":"ImageObject","inLanguage":"pt-BR","@id":"https:\/\/www.estrategiaconcursos.com.br\/blog\/#\/schema\/logo\/image\/","url":"https:\/\/dhg1h5j42swfq.cloudfront.net\/2025\/06\/03203428\/logo_concursos-1.jpg","contentUrl":"https:\/\/dhg1h5j42swfq.cloudfront.net\/2025\/06\/03203428\/logo_concursos-1.jpg","width":230,"height":60,"caption":"Estrat\u00e9gia Concursos"},"image":{"@id":"https:\/\/www.estrategiaconcursos.com.br\/blog\/#\/schema\/logo\/image\/"},"sameAs":["https:\/\/x.com\/EstratConcursos"]},{"@type":"Person","@id":"https:\/\/www.estrategiaconcursos.com.br\/blog\/#\/schema\/person\/523996854b82477bef38e2ab59b10b96","name":"Luciano Rosa","image":{"@type":"ImageObject","inLanguage":"pt-BR","@id":"https:\/\/secure.gravatar.com\/avatar\/83a121de5c60d4c6fd842714d97bf0c8077c4e40935f2d96950c4a5859cf82c4?s=96&d=mm&r=g","url":"https:\/\/secure.gravatar.com\/avatar\/83a121de5c60d4c6fd842714d97bf0c8077c4e40935f2d96950c4a5859cf82c4?s=96&d=mm&r=g","contentUrl":"https:\/\/secure.gravatar.com\/avatar\/83a121de5c60d4c6fd842714d97bf0c8077c4e40935f2d96950c4a5859cf82c4?s=96&d=mm&r=g","caption":"Luciano Rosa"},"url":"https:\/\/www.estrategiaconcursos.com.br\/blog\/author\/lucianorosaestrategiaconcursos-com-br\/"}]}},"_links":{"self":[{"href":"https:\/\/www.estrategiaconcursos.com.br\/blog\/wp-json\/wp\/v2\/posts\/66236","targetHints":{"allow":["GET"]}}],"collection":[{"href":"https:\/\/www.estrategiaconcursos.com.br\/blog\/wp-json\/wp\/v2\/posts"}],"about":[{"href":"https:\/\/www.estrategiaconcursos.com.br\/blog\/wp-json\/wp\/v2\/types\/post"}],"author":[{"embeddable":true,"href":"https:\/\/www.estrategiaconcursos.com.br\/blog\/wp-json\/wp\/v2\/users\/20"}],"replies":[{"embeddable":true,"href":"https:\/\/www.estrategiaconcursos.com.br\/blog\/wp-json\/wp\/v2\/comments?post=66236"}],"version-history":[{"count":3,"href":"https:\/\/www.estrategiaconcursos.com.br\/blog\/wp-json\/wp\/v2\/posts\/66236\/revisions"}],"predecessor-version":[{"id":503167,"href":"https:\/\/www.estrategiaconcursos.com.br\/blog\/wp-json\/wp\/v2\/posts\/66236\/revisions\/503167"}],"wp:attachment":[{"href":"https:\/\/www.estrategiaconcursos.com.br\/blog\/wp-json\/wp\/v2\/media?parent=66236"}],"wp:term":[{"taxonomy":"category","embeddable":true,"href":"https:\/\/www.estrategiaconcursos.com.br\/blog\/wp-json\/wp\/v2\/categories?post=66236"},{"taxonomy":"post_tag","embeddable":true,"href":"https:\/\/www.estrategiaconcursos.com.br\/blog\/wp-json\/wp\/v2\/tags?post=66236"},{"taxonomy":"tax_estado","embeddable":true,"href":"https:\/\/www.estrategiaconcursos.com.br\/blog\/wp-json\/wp\/v2\/tax_estado?post=66236"}],"curies":[{"name":"wp","href":"https:\/\/api.w.org\/{rel}","templated":true}]}}