{"id":66164,"date":"2017-03-05T11:45:35","date_gmt":"2017-03-05T14:45:35","guid":{"rendered":"https:\/\/www.estrategiaconcursos.com.br\/blog\/?p=66164"},"modified":"2018-09-27T14:52:30","modified_gmt":"2018-09-27T17:52:30","slug":"gabarito-trf-2-rj-es-prova-resolvida","status":"publish","type":"post","link":"https:\/\/www.estrategiaconcursos.com.br\/blog\/gabarito-trf-2-rj-es-prova-resolvida\/","title":{"rendered":"Gabarito TRF 2 (RJ e ES) &#8211; provas resolvidas ser\u00e3o disponibilizadas aqui"},"content":{"rendered":"<h2 style=\"text-align: justify;\">Gabarito TRF 2 (RJ e ES) &#8211; provas resolvidas ser\u00e3o disponibilizadas aqui<\/h2>\n<p style=\"text-align: justify;\">Ol\u00e1 pessoal! Neste artigo eu estou reunindo\u00a0as provas referentes ao concurso TRF 2 (RJ e ES) resolvidas pelos professores do Estrat\u00e9gia. Veja mais abaixo que j\u00e1 publicamos a resolu\u00e7\u00e3o de V\u00c1RIAS provas de V\u00c1RIOS cargos! E continuaremos atualizando este artigo (salve-o nos seus favoritos e veja mais tarde novamente).<\/p>\n<p style=\"text-align: justify;\"><a href=\"https:\/\/www.estrategiaconcursos.com.br\/blog\/gabarito-concurso-trf2-consulplan-divulga-as-respostas-oficiais-prelimirares-das-provas-confira\/\" target=\"_blank\" rel=\"noopener\">Clique aqui<\/a> para consultar\u00a0o gabarito oficial preliminar disponibilizado pela banca CONSULPLAN hoje \u00e0s 21h.<\/p>\n<p style=\"text-align: justify;\">O que VOC\u00ca achou da prova? Comente aqui!<\/p>\n<p style=\"text-align: justify;\">Enquanto os professores v\u00e3o publicando as resolu\u00e7\u00f5es das provas, <u><strong>gostaria de pedir que voc\u00ea\u00a0compartilhasse\u00a0conosco AS SUAS IMPRESS\u00d5ES sobre as provas<\/strong><\/u>. Basta deixar um coment\u00e1rio neste artigo (na parte inferior desta p\u00e1gina) respondendo, entre outras coisas, algumas das perguntas abaixo:<\/p>\n<p style=\"text-align: justify;\"><span style=\"color: #0000ff;\"><em>&#8211; As provas estavam mais f\u00e1ceis ou mais dif\u00edceis do que voc\u00ea esperava da CONSULPLAN?<\/em><\/span><\/p>\n<p style=\"text-align: justify;\"><span style=\"color: #0000ff;\"><em>&#8211; Faltou muita gente na sua sala? <\/em><\/span><\/p>\n<p style=\"text-align: justify;\"><span style=\"color: #0000ff;\"><em>&#8211; Houve algum problema no seu local de prova?\u00a0<\/em><\/span><\/p>\n<p style=\"text-align: justify;\"><span style=\"color: #0000ff;\"><em>&#8211; O tempo foi suficiente para resolver todas as quest\u00f5es?\u00a0<\/em><\/span><\/p>\n<p style=\"text-align: justify;\"><span style=\"color: #0000ff;\"><em>&#8211; Quais foram as mat\u00e9rias mais dif\u00edceis?<\/em><\/span><\/p>\n<p style=\"text-align: justify;\"><span style=\"color: #0000ff;\"><em>&#8211; O aul\u00e3o de v\u00e9spera ajudou voc\u00ea a acertar mais quest\u00f5es?<\/em><\/span><\/p>\n<p style=\"text-align: justify;\"><span style=\"color: #0000ff;\"><em>&#8211; Voc\u00ea j\u00e1 havia feito algum concurso de Tribunais? Pretende fazer outro? Qual (ou quais)?<\/em><\/span><\/p>\n<p style=\"text-align: justify;\"><strong>DICA: no in\u00edcio do seu coment\u00e1rio, coloque a sigla do seu cargo (ex.: TJAA, AJAA etc) para todo mundo entender melhor :)<\/strong><\/p>\n<p style=\"text-align: justify;\">\n<h2 style=\"text-align: justify;\">Curso Intensivo Gratuito para o TJ\/SP &#8211; saiba mais!<\/h2>\n<p style=\"text-align: justify;\">Aproveito para deixar um convite muito especial: nesta segunda-feira (06\/mar\u00e7o) \u00e0s 19 horas temos <a href=\"https:\/\/www.estrategiaconcursos.com.br\/aulao-concurso-tjsp\/\" target=\"_blank\" rel=\"noopener\"><span style=\"color: #ff0000;\"><strong>ABERTURA DO CURSO INTENSIVO GRATUITO PARA O TJ\/SP<\/strong><\/span><\/a>. Caso voc\u00ea n\u00e3o saiba, foram aprovadas <span style=\"color: #ff0000;\"><strong>2.419 vagas<\/strong><\/span> novas para Escrevente do TJ\/SP, que ganha em torno de <strong><span style=\"color: #ff0000;\">R$6.000 por m\u00eas!<\/span><\/strong> Durante a abertura faremos uma an\u00e1lise completa do \u00faltimo concurso e falaremos bastante\u00a0sobre a carreira de Escrevente do TJ\/SP! Para se inscrever gratuitamente e acompanhar a palestra de abertura e as demais aulas, basta preencher os dados abaixo:<\/p>\n<div style=\"text-align: center;\">\n<form class=\"infusion-form\" accept-charset=\"UTF-8\" action=\"https:\/\/ax182.infusionsoft.com\/app\/form\/process\/1233d14a0d339068a9ed38efa17053db\" method=\"POST\"><input name=\"infusionsoft_version\" type=\"hidden\" value=\"1.62.0.51\" \/>&nbsp;<\/p>\n<p>&nbsp;<\/p>\n<p>&nbsp;<\/p>\n<p>&nbsp;<\/p>\n<p>&nbsp;<\/p>\n<p>&nbsp;<\/p>\n<p><label for=\"inf_field_FirstName\">Nome *<\/label><br \/>\n<input id=\"inf_field_FirstName\" class=\"infusion-field-input-container\" name=\"inf_field_FirstName\" type=\"text\" \/><\/p>\n<div class=\"infusion-field\"><label for=\"inf_field_Email\">Email *<\/label><br \/>\n<input id=\"inf_field_Email\" class=\"infusion-field-input-container\" name=\"inf_field_Email\" type=\"text\" \/><\/div>\n<div class=\"infusion-field\"><label for=\"inf_field_Phone1\">Telefone *<\/label><br \/>\n<input id=\"inf_field_Phone1\" class=\"infusion-field-input-container\" name=\"inf_field_Phone1\" type=\"text\" \/><\/div>\n<p><input name=\"inf_form_xid\" type=\"hidden\" value=\"1233d14a0d339068a9ed38efa17053db\" \/><br \/>\n<input name=\"inf_form_name\" type=\"hidden\" value=\"Web Form submitted\" \/><\/p>\n<div class=\"infusion-submit\"><input class=\"btn btn-success pull-center\" style=\"font-weight: bold;\" type=\"submit\" value=\"Quero Participar Gratuitamente!\" \/><\/div>\n<div class=\"infusion-submit\"><\/div>\n<p><a href=\"https:\/\/www.estrategiaconcursos.com.br\/aulao-concurso-tjsp\/\" target=\"_blank\" rel=\"noopener\"><img loading=\"lazy\" decoding=\"async\" class=\"aligncenter size-full wp-image-66205\" src=\"https:\/\/dhg1h5j42swfq.cloudfront.net\/2017\/03\/04213521\/gabarito-TRF-2-RJ-ES-prova-resolvida.png\" alt=\"gabarito TRF 2 RJ ES prova resolvida\" width=\"1206\" height=\"271\" srcset=\"https:\/\/dhg1h5j42swfq.cloudfront.net\/2017\/03\/04213521\/gabarito-TRF-2-RJ-ES-prova-resolvida.png 1206w, https:\/\/dhg1h5j42swfq.cloudfront.net\/2017\/03\/04213521\/gabarito-TRF-2-RJ-ES-prova-resolvida.png 300w, https:\/\/dhg1h5j42swfq.cloudfront.net\/2017\/03\/04213521\/gabarito-TRF-2-RJ-ES-prova-resolvida.png 768w, https:\/\/dhg1h5j42swfq.cloudfront.net\/2017\/03\/04213521\/gabarito-TRF-2-RJ-ES-prova-resolvida.png 1024w, https:\/\/dhg1h5j42swfq.cloudfront.net\/2017\/03\/04213521\/gabarito-TRF-2-RJ-ES-prova-resolvida.png 500w\" sizes=\"auto, (max-width: 1206px) 100vw, 1206px\" \/><\/a><\/p>\n<p>&nbsp;<\/p>\n<p>&nbsp;<\/p>\n<p>&nbsp;<\/p>\n<p>&nbsp;<\/p>\n<p>&nbsp;<\/p>\n<p>&nbsp;<\/p>\n<p>&nbsp;<\/p>\n<\/form>\n<\/div>\n<p><script type=\"text\/javascript\" src=\"https:\/\/ax182.infusionsoft.com\/app\/webTracking\/getTrackingCode\"><\/script><\/p>\n<p>&nbsp;<\/p>\n<p><script type=\"text\/javascript\" src=\"https:\/\/ax182.infusionsoft.com\/app\/webTracking\/getTrackingCode\"><\/script><\/p>\n<h2><\/h2>\n<h2>Direito Processual Civil\u00a0(TJAA)<\/h2>\n<p>Para ver a resolu\u00e7\u00e3o das quest\u00f5es de Processo Civil com o professor Ricardo Torques, <a href=\"https:\/\/www.estrategiaconcursos.com.br\/blog\/?p=66319\" target=\"_blank\" rel=\"noopener\"><span style=\"color: #ff0000;\"><u><strong>clique AQUI.<\/strong><\/u><\/span><\/a><\/p>\n<p>&nbsp;<\/p>\n<h2>Direito Administrativo<\/h2>\n<p>O prof. Herbert Almeida disponibilizou a resolu\u00e7\u00e3o das quest\u00f5es de Direito Administrativo, que voc\u00ea pode acessar <u><strong><a href=\"https:\/\/www.estrategiaconcursos.com.br\/blog\/?p=66280\" target=\"_blank\" rel=\"noopener\"><span style=\"color: #ff0000;\">clicando AQUI<\/span><\/a><\/strong><\/u>.<\/p>\n<p>&nbsp;<\/p>\n<h2>Direito Constitucional (v\u00e1rios cargos)<\/h2>\n<p>O professor Ricardo Vale resolveu as quest\u00f5es de Direito Constitucional. Acesse o artigo <strong><span style=\"color: #ff0000;\"><a href=\"https:\/\/www.estrategiaconcursos.com.br\/blog\/?p=66240\" target=\"_blank\" rel=\"noopener\">clicando AQUI.<\/a>\u00a0<\/span><\/strong><span style=\"color: #000000;\">Para o cargo de <strong>TJAA<\/strong>, entre<\/span><strong><span style=\"color: #ff0000;\"> <a href=\"https:\/\/www.estrategiaconcursos.com.br\/blog\/gabarito-extraoficial-direito-constitucional-tecnico-administrativo-trf-2a-regiao\/\" target=\"_blank\" rel=\"noopener\">NESTE ARTIGO<\/a>.<\/span><\/strong><\/p>\n<p>&nbsp;<\/p>\n<h2>Portugu\u00eas<\/h2>\n<p>O professor D\u00e9cio Terror analisou as provas e verificou a possiblidade de recursos. Veja esta an\u00e1lise <u><strong><a href=\"https:\/\/www.estrategiaconcursos.com.br\/blog\/cabe-recurso-portugues-trf-2\/\" target=\"_blank\" rel=\"noopener\"><span style=\"color: #ff0000;\">NESTE ARTIGO<\/span><\/a><\/strong><\/u>.<\/p>\n<p>&nbsp;<\/p>\n<h2>Direito Previdenci\u00e1rio (TJAA)<\/h2>\n<p>O professor Ali Jaha publicou <a href=\"https:\/\/www.estrategiaconcursos.com.br\/blog\/direito-previdenciario-prova-comentada-tjaa-trf-2\/\" target=\"_blank\" rel=\"noopener\"><span style=\"color: #ff0000;\"><u><strong>ESTE ARTIGO<\/strong><\/u><\/span><\/a> com a resolu\u00e7\u00e3o das quest\u00f5es de Direito Previdenci\u00e1rio para T\u00e9cnico Judici\u00e1rio sem especialidade (TJAA).<\/p>\n<p>&nbsp;<\/p>\n<h2>Direito Penal e Processo Penal\u00a0(TJAA)<\/h2>\n<p>O professor Renan Ara\u00fajo\u00a0analisou as provas e verificou a possiblidade de recursos. Veja esta an\u00e1lise <u><strong><a href=\"https:\/\/www.estrategiaconcursos.com.br\/blog\/gabarito-trf-2-tjaa-comentarios-as-questoes-de-penal-e-processo-penal\/\" target=\"_blank\" rel=\"noopener\"><span style=\"color: #ff0000;\">NESTE ARTIGO<\/span><\/a><\/strong><\/u><\/p>\n<p>&nbsp;<\/p>\n<h2>Direito Tribut\u00e1rio\u00a0(TJAA)<\/h2>\n<p>Confira os coment\u00e1rios do professor F\u00e1bio Dutra\u00a0<strong><a href=\"https:\/\/www.estrategiaconcursos.com.br\/blog\/prova-comentada-direito-tributario-trf-2-tjaa\/\" target=\"_blank\" rel=\"noopener\"><span style=\"color: #ff0000;\">clicando AQUI<\/span><\/a><\/strong>.<\/p>\n<p>&nbsp;<\/p>\n<h2>Sustentabilidade (v\u00e1rios cargos)<\/h2>\n<p>O professor Rosenval Junior publicou um artigo com a resolu\u00e7\u00e3o das quest\u00f5es de No\u00e7\u00f5es de Sustentabilidade. Acesse-o <u><strong><a href=\"https:\/\/www.estrategiaconcursos.com.br\/blog\/?p=66270\" target=\"_blank\" rel=\"noopener\"><span style=\"color: #ff0000;\">clicando AQUI<\/span><\/a><\/strong><\/u>.<\/p>\n<p>&nbsp;<\/p>\n<h2>AFO (Analista \/ Contadoria)<\/h2>\n<p>O prof. S\u00e9rgio Mendes comentou as quest\u00f5es de administra\u00e7\u00e3o financeira e or\u00e7ament\u00e1ria <a href=\"https:\/\/www.estrategiaconcursos.com.br\/blog\/prova-comentada-afo-trf2-aj-contadoria\/\" target=\"_blank\" rel=\"noopener\"><span style=\"color: #ff0000;\"><u><strong>AQUI<\/strong><\/u><\/span><\/a>.<\/p>\n<p>&nbsp;<\/p>\n<h2>Contabilidade (Analista\/Contadoria)<\/h2>\n<p>Veja a prova resolvida pelo professor Gabriel Rabelo <strong><a href=\"https:\/\/www.estrategiaconcursos.com.br\/blog\/gabarito-extraoficial-trf-2-aj-contadoria-custos-etica-e-contabilidade-geral\/\" target=\"_blank\" rel=\"noopener\"><span style=\"color: #ff0000;\">clicando AQUI<\/span><\/a><\/strong>.<\/p>\n<p>&nbsp;<\/p>\n<h2>Contabilidade P\u00fablica (Analista \/ Contadoria)<\/h2>\n<p>O professor Gilmar Possati resolveu as quest\u00f5es de Contabilidade P\u00fablica para voc\u00eas. Baixem o PDF <a href=\"https:\/\/www.estrategiaconcursos.com.br\/blog\/wp-content\/uploads\/2017\/03\/Prova_Comentada_Consulplan_TRF2_2017.pdf\" target=\"_blank\" rel=\"noopener\"><span style=\"color: #ff0000;\"><u><strong>CLICANDO AQUI<\/strong><\/u><\/span><\/a>.<\/p>\n<h2><\/h2>\n<h2>C\u00f3digo de \u00c9tica do Contador (Analista \/ Contadoria)<\/h2>\n<p>O professor Tiago Zanolla publicou a resolu\u00e7\u00e3o das quest\u00f5es de C\u00f3digo de \u00c9tica. Veja-as <u><strong><a href=\"https:\/\/www.estrategiaconcursos.com.br\/blog\/?p=66290\" target=\"_blank\" rel=\"noopener\"><span style=\"color: #ff0000;\">clicando AQUI<\/span><\/a><\/strong><\/u>.<\/p>\n<p>&nbsp;<\/p>\n<h2>Racioc\u00ednio L\u00f3gico TJAA &#8211; prova comentada<\/h2>\n<p>Veja as minhas resolu\u00e7\u00f5es das quest\u00f5es de T\u00e9cnico Judici\u00e1rio sem especialidade:<\/p>\n<p>&nbsp;<\/p>\n<p><strong>CONSULPLAN &#8211; TRF2 &#8211; 2017)<\/strong>\u00a0Tr\u00eas amigos compararam&#8230;<\/p>\n<p><strong>RESOLU\u00c7\u00c3O:\u00a0<\/strong><\/p>\n<p>Vamos chamar de A, B e C os pre\u00e7os das lapiseiras de 0,5mm, 0,7mm e 0,9mm respectivamente. Sabemos que:<\/p>\n<p>&#8211; Marcos comprou duas lapiseiras de 0,7mm e uma de 0,9mm e pagou R$ 20,00, ou seja:<\/p>\n<p>2xB\u00a0+ C\u00a0= 20 , \u00a0 logo C = 20 &#8211; 2B<\/p>\n<p>&#8211; Marcelo\u00a0comprou duas lapiseiras de 0,5mm e uma de 0,7mm e pagou R$ 19,00, ou seja:<\/p>\n<p>2xA + B = 19, \u00a0 logo 2A = 19 &#8211; B, de modo que A = 9,5 &#8211; B\/2<\/p>\n<p>&#8211; Maur\u00edcio comprou uma\u00a0lapiseira\u00a0de 0,5mm, uma de 0,7mm e uma de 0,9mm e pagou R$ 22,00, ou seja:<\/p>\n<p>A + B + C = 22<\/p>\n<p>Substituindo as express\u00f5es anteriores nesta \u00faltima equa\u00e7\u00e3o, temos:<\/p>\n<p>(9,5 &#8211; B\/2) + B + (20 &#8211; 2B) = 22<\/p>\n<p>29,5 &#8211; 3B\/2 = 22<\/p>\n<p>7,5 = 3B\/2<\/p>\n<p>B = 5 reais<\/p>\n<p>Assim,<\/p>\n<p>A = 9,5 &#8211; 5\/2 = 9,5 &#8211; 2,5 = 7 reais<\/p>\n<p>C = 20 &#8211; 2.5 = 10 reais<\/p>\n<p>A lapiseira mais cara \u00e9 a de 0,9mm e a mais\u00a0barata \u00e9 a de 0,7mm.<\/p>\n<p><strong>Resposta: C (0,9mm e 0,7mm)<\/strong><\/p>\n<p>&nbsp;<\/p>\n<p><strong>CONSULPLAN &#8211; TRF2 &#8211; 2017)<\/strong>\u00a0Quatro amigos: Alexandre&#8230;<\/p>\n<p><strong>RESOLU\u00c7\u00c3O:\u00a0<\/strong><\/p>\n<p>Veja que as frases de Breno e Diogo s\u00e3o contradit\u00f3rias entre si, de modo que, se uma for Verdadeira, a outra certamente ser\u00e1 Falsa. As demais informa\u00e7\u00f5es devem ser FALSAS!<\/p>\n<p>Sabendo que o que Alexandre disse \u00e9 falso, podemos concluir que a carteira de Breno N\u00c3O est\u00e1 em dia. E sabendo que a frase de C\u00e1ssio \u00e9 falsa, podemos concluir que a carteira dele N\u00c3O est\u00e1 vencida. Ou seja, C\u00e1ssio tem habilita\u00e7\u00e3o para dirigir o autom\u00f3vel.<\/p>\n<p><strong>Resposta: A (C\u00e1ssio)<\/strong><\/p>\n<p>&nbsp;<\/p>\n<p><strong>CONSULPLAN &#8211; TRF2 &#8211; 2017)<\/strong>\u00a0Sobre uma mesa encontram-se&#8230;.<\/p>\n<p><strong>RESOLU\u00c7\u00c3O:\u00a0<\/strong><\/p>\n<p>Temos uma garrafa de pl\u00e1stico, uma de alum\u00ednio e outra de vidro. As bebidas s\u00e3o suco, leite e refrigerante. E as quantidades s\u00e3o cheia, quase cheia e pela metade. Podemos montar a tabela:<\/p>\n<p><img loading=\"lazy\" decoding=\"async\" class=\"aligncenter size-full wp-image-66267\" src=\"https:\/\/dhg1h5j42swfq.cloudfront.net\/2017\/03\/05194001\/figura1.png\" alt=\"\" width=\"697\" height=\"132\" srcset=\"https:\/\/dhg1h5j42swfq.cloudfront.net\/2017\/03\/05194001\/figura1.png 697w, https:\/\/dhg1h5j42swfq.cloudfront.net\/2017\/03\/05194001\/figura1.png 300w, https:\/\/dhg1h5j42swfq.cloudfront.net\/2017\/03\/05194001\/figura1.png 500w\" sizes=\"auto, (max-width: 697px) 100vw, 697px\" \/><\/p>\n<p>Como a garrafa quase cheia \u00e9 a de pl\u00e1stico ou alum\u00ednio, podemos tirar essa op\u00e7\u00e3o de volume da garrafa de vidro. Veja tamb\u00e9m que a garrafa de pl\u00e1stico n\u00e3o \u00e9 aquela que tem suco e nem a que est\u00e1 pela metade. Podemos tirar essas op\u00e7\u00f5es da garrafa de pl\u00e1stico. Podemos tamb\u00e9m cortar o leite da garrafa de vidro, e cortar o refrigerante da garrafa de pl\u00e1stico. Ficamos com:<\/p>\n<p><img loading=\"lazy\" decoding=\"async\" class=\"aligncenter size-full wp-image-66269\" src=\"https:\/\/dhg1h5j42swfq.cloudfront.net\/2017\/03\/05194514\/figura2.png\" alt=\"\" width=\"692\" height=\"133\" srcset=\"https:\/\/dhg1h5j42swfq.cloudfront.net\/2017\/03\/05194514\/figura2.png 692w, https:\/\/dhg1h5j42swfq.cloudfront.net\/2017\/03\/05194514\/figura2.png 300w, https:\/\/dhg1h5j42swfq.cloudfront.net\/2017\/03\/05194514\/figura2.png 500w\" sizes=\"auto, (max-width: 692px) 100vw, 692px\" \/><\/p>\n<p>Veja que o leite \u00e9 a \u00fanica op\u00e7\u00e3o para a garrafa de pl\u00e1stico.<\/p>\n<p>Podemos agora dar um &#8220;chute&#8221;. Sabemos que a garrafa cujo l\u00edquido est\u00e1 pela \u00a0metade tem suco. Vamos supor que esta \u00e9 a garrafa de vidro. Assim, podemos marcar o Suco na garrafa de Vidro. Como o Leite j\u00e1 est\u00e1 na de pl\u00e1stico, sobra o Refri para a garrafa de alum\u00ednio. A garrafa de vidro tem metade do volume. Para as garrafas de pl\u00e1stico e de alum\u00ednio sobram as op\u00e7\u00f5es &#8220;Cheia&#8221; e &#8220;quase&#8221;. Como o enunciado disse que o volume de refri \u00e9 menor que o volume de leite, devemos atribuir &#8220;Cheia&#8221; para a garrafa de pl\u00e1stico (que tem o leite) e &#8220;quase&#8221; para a garrafa de Alum\u00ednio (que tem o refri). Ficamos com:<\/p>\n<p><img loading=\"lazy\" decoding=\"async\" class=\"aligncenter size-full wp-image-66271\" src=\"https:\/\/dhg1h5j42swfq.cloudfront.net\/2017\/03\/05195154\/figura3.png\" alt=\"\" width=\"694\" height=\"135\" srcset=\"https:\/\/dhg1h5j42swfq.cloudfront.net\/2017\/03\/05195154\/figura3.png 694w, https:\/\/dhg1h5j42swfq.cloudfront.net\/2017\/03\/05195154\/figura3.png 300w, https:\/\/dhg1h5j42swfq.cloudfront.net\/2017\/03\/05195154\/figura3.png 500w\" sizes=\"auto, (max-width: 694px) 100vw, 694px\" \/><\/p>\n<p>Com esta tabela, podemos afirmar que as garrafas com menor e maior volume s\u00e3o, respectivamente, a de Vidro e a de Pl\u00e1stico.<\/p>\n<p><strong>Resposta: D (vidro e pl\u00e1stico)<\/strong><\/p>\n<p>&nbsp;<\/p>\n<h2>Racioc\u00ednio L\u00f3gico (Analistas) &#8211; prova comentada<\/h2>\n<p>Veja as minhas resolu\u00e7\u00f5es das quest\u00f5es de Racioc\u00ednio L\u00f3gico cobradas para os Analistas:<\/p>\n<p><strong>CONSULPLAN &#8211; TRF2 &#8211; 2017)<\/strong>\u00a0Sime\u00e3o, Estev\u00e3o e Alan possuem c\u00e3es das ra\u00e7as&#8230;<\/p>\n<p><strong>RESOLU\u00c7\u00c3O:<\/strong><\/p>\n<p>Veja que temos 3 rapazes, 3 c\u00e3es e 3 cores. Para fazer as associa\u00e7\u00f5es, podemos resolver com a tabela que eu sempre ensinei a voc\u00eas.<\/p>\n<p>Como o c\u00e3o de Estev\u00e3o \u00e9 cinza, ele n\u00e3o pode ser o buldogue (que \u00e9 preto), podendo ser o beagle ou o labrador. Note que tanto Estev\u00e3o como Sime\u00e3o est\u00e3o entre os mesmos dois c\u00e3es: beagle ou labrador. Assim, sobra o buldogue (que \u00e9 o c\u00e3o preto) para Alan.<\/p>\n<p>Sobraram as cores branco e cinza, e os c\u00e3es beagle e labrador para Sime\u00e3o e Estev\u00e3o. Como o labrador n\u00e3o \u00e9 branco, ele s\u00f3 pode ser cinza. E, sendo cinza, o labrador \u00e9 de Estev\u00e3o. Deste forma, sobra para Sime\u00e3o um beagle branco.<\/p>\n<p>Temos as seguintes associa\u00e7\u00f5es:<\/p>\n<p>&#8211; Sime\u00e3o tem um beagle branco<\/p>\n<p>&#8211; Estev\u00e3o tem um labrador cinza<\/p>\n<p>&#8211; Alan tem um buldogue preto.<\/p>\n<p>O dono do beagle, do c\u00e3o preto, do c\u00e3o branco, do labrador e do buldogue s\u00e3o, respectivamente:<\/p>\n<p>&#8211; Sime\u00e3o, Alan, Sime\u00e3o, Estev\u00e3o, Alan.<\/p>\n<p><b>Resposta: A (Sime\u00e3o, Alan, Sime\u00e3o, Estev\u00e3o, Alan)<\/b><\/p>\n<p>&nbsp;<\/p>\n<p><b>CONSULPLAN &#8211; TRF2 &#8211; 2017)<\/b>\u00a0Bruna mora longe de seus pais&#8230;<\/p>\n<p><b>RESOLU\u00c7\u00c3O:<\/b><\/p>\n<p>As escolhas de Bruna no primeiro semestre podem ser:<\/p>\n<p>&#8211; janeiro e mar\u00e7o<\/p>\n<p>&#8211; janeiro e abril<\/p>\n<p>&#8211; janeiro e maio<\/p>\n<p>&#8211; janeiro e junho<\/p>\n<p>&#8211; fevereiro e abril<\/p>\n<p>&#8211; fevereiro e maio<\/p>\n<p>&#8211; fevereiro e junho<\/p>\n<p>&#8211; mar\u00e7o e maio<\/p>\n<p>&#8211; mar\u00e7o e junho<\/p>\n<p>&#8211; abril e junho<\/p>\n<p>Temos um total de 10 possibilidades de escolha no primeiro semestre. Para o segundo semestre temos 5\u00a0possibilidades (de agosto a dezembro).<\/p>\n<p>O total de possibilidades \u00e9, portanto, 10 x 5 = 50.<\/p>\n<p>Entretanto, esta quest\u00e3o deve ser ANULADA pois ela trata de An\u00e1lise Combinat\u00f3ria ou Princ\u00edpios de Contagem, tema que N\u00c3O estava presente no edital da CONSULPLAN. Quando a CONSULPLAN j\u00e1 cobrou este tema em concursos anteriores, ela foi expl\u00edcita no edital. Veja o caso do edital do MAPA\/2014:<\/p>\n<p style=\"text-align: justify;\"><em>Princ\u00edpio da Regress\u00e3o ou Revers\u00e3o. L\u00f3gica Dedutiva, Argumentativa e Quantitativa. L\u00f3gica matem\u00e1tica qualitativa, Sequ\u00eancias L\u00f3gicas envolvendo N\u00fameros, Letras e Figuras. Geometria b\u00e1sica. \u00c1lgebra b\u00e1sica e sistemas lineares.Calend\u00e1rios. Numera\u00e7\u00e3o. Raz\u00f5es Especiais. <span style=\"color: #ff0000;\"><u><strong>An\u00e1lise Combinat\u00f3ria <\/strong><\/u><\/span>e Probabilidade. Progress\u00f5es Aritm\u00e9tica e Geom\u00e9trica. Conjuntos; as rela\u00e7\u00f5es de pertin\u00eancia, inclus\u00e3o e igualdade; opera\u00e7\u00f5es entre conjuntos, uni\u00e3o, interse\u00e7\u00e3o e diferen\u00e7a. Compara\u00e7\u00f5es. <\/em><\/p>\n<p><strong>Resposta: C (50)<\/strong><\/p>\n<p>&nbsp;<\/p>\n<p><strong>CONSULPLAN &#8211; TRF2 &#8211; 2017)<\/strong>\u00a0Alexandre desenhou pol\u00edgonos e, dentro dos mesmos&#8230;<\/p>\n<p><b>RESOLU\u00c7\u00c3O:<\/b><\/p>\n<p>Veja que os poligonos v\u00e3o se alternando:<\/p>\n<p>&#8211; 4 lados, 3 lados, 5 lados, 4 lados, 3 lados, &#8230;<\/p>\n<p>Fica evidente que o pr\u00f3ximo pol\u00edgono ser\u00e1 um de 5 lados, ou seja, um pent\u00e1gono.<\/p>\n<p>Note que o n\u00famero de pontos dentro de cada pol\u00edgono \u00e9 a multiplica\u00e7\u00e3o do n\u00famero de lados pelos n\u00fameros 1, 2, 3, 4, 5&#8230; Veja:<\/p>\n<p>Primeiro pol\u00edgono: 4 pontos = 4 lados x 1<\/p>\n<p>Segundo pol\u00edgono: 6 pontos = 3 lados x 2<\/p>\n<p>Terceiro pol\u00edgono: 15 pontos = 5 lados x 3<\/p>\n<p>Quarto pol\u00edgono: 16 pontos = 4 lados x 4<\/p>\n<p>Quinto pol\u00edgono: 15 pontos = 3\u00a0lados x 5<\/p>\n<p>Seguindo esta l\u00f3gica, teremos, no sexto pol\u00edgono, 5 lados x 6 = 30 pontos.<\/p>\n<p><b>Resposta: D (30)<\/b><\/p>\n<h2>Racioc\u00ednio L\u00f3gico (T\u00e9cnico\/Seguran\u00e7a) &#8211; prova comentada<\/h2>\n<p>Veja abaixo as resolu\u00e7\u00f5es da prova de T\u00e9cnico em Seguran\u00e7a.<\/p>\n<p><strong>CONSULPLAN &#8211; TRF2 &#8211; 2017)<\/strong>\u00a0Em uma sala de 2<sup>o<\/sup> ano do Ensino M\u00e9dio&#8230;<\/p>\n<p><b>RESOLU\u00c7\u00c3O:<\/b><\/p>\n<p>Como 20 alunos gostam de Matem\u00e1tica, 18 de F\u00edsica e 10 de ambas, podemos escrever:<\/p>\n<p>n(A ou B) = n(A) + n(B) &#8211; n(A e B)<\/p>\n<p>n(A ou B) = 20 + 18 &#8211; 10 = 28<\/p>\n<p>Portanto, 28 alunos gostam de exatas (matem\u00e1tica ou f\u00edsica). Como eles representam 40% da turma, ent\u00e3o:<\/p>\n<p>40% &#8212;&#8212;&#8212;&#8212;- 28 alunos<\/p>\n<p>100% &#8212;&#8212;&#8212;&#8211; N alunos<\/p>\n<p>&nbsp;<\/p>\n<p>N x 40% = 100% x 28<\/p>\n<p>N x 40\u00a0= 100 x 28<\/p>\n<p>N x 4\u00a0= 10\u00a0x 28<\/p>\n<p>N x 1\u00a0= 10\u00a0x 7<\/p>\n<p>N = 70 alunos<\/p>\n<p><b>Resposta: D (70)<\/b><\/p>\n<p>&nbsp;<\/p>\n<p><strong>CONSULPLAN &#8211; TRF2 &#8211; 2017)<\/strong>\u00a0Uma das fun\u00e7\u00f5es de Matheus na empresa&#8230;<\/p>\n<p><b>RESOLU\u00c7\u00c3O:<\/b><\/p>\n<p>Note que as 3 primeiras letras do c\u00f3digo s\u00e3o as iniciais do m\u00eas. Ou seja, em setembro teremos SET. Os 3 primeiros n\u00fameros est\u00e3o em sequ\u00eancia:<\/p>\n<p>006, 013, 027, 048&#8230;<\/p>\n<p>Veja que vamos somando 7 unidades, depois 14, depois 21 e assim por diante. Seguindo essa l\u00f3gica, dever\u00edamos somar 28 para maio, depois somar 35 para junho, depois somar 42 para julho, depois 49 para agosto, e depois 56 para setembro. Chegar\u00edamos a 048 + 28 + 35 + 42 + 49 + 56 = 258. J\u00e1 chegamos a SET258, que nos permite encontrar o gabarito.<\/p>\n<p>Continuando o c\u00f3digo, veja a pr\u00f3xima letra de cada um deles: D, E, F, G. Seguindo esta l\u00f3gica, ter\u00edamos H para maio, I para junho, J para julho, K para agosto e L para setembro.<\/p>\n<p>Em seguida temos mais uma letra: G, H, I, J. Seguindo esta l\u00f3gica, temos K para maio, L para junho, M para julho, N para agosto e O para setembro.<\/p>\n<p>Para finalizar temos um c\u00f3digo de 4 n\u00fameros: 3472, 1736, 0868, 0434. Veja que basta ir dividindo por 2. Para chegar em setembro, precisamos dividir o 434 por 2 cinco vezes, chegando a 13, ou melhor, 0013.<\/p>\n<p>O c\u00f3digo final \u00e9 SET258LO0013.<\/p>\n<p><b>Resposta: C (SET258LO0013)<\/b><\/p>\n<p>&nbsp;<\/p>\n<h2>Racioc\u00ednio L\u00f3gico (T\u00e9cnico\/Inform\u00e1tica) &#8211; prova resolvida<\/h2>\n<p>Veja agora as quest\u00f5es de Racioc\u00ednio L\u00f3gico da prova de T\u00e9cnico, especialidade Inform\u00e1tica. Duas das quest\u00f5es eu j\u00e1 resolvi acima, na prova de T\u00e9cnico\/Seguran\u00e7a. Veja esta que tamb\u00e9m foi cobrada para Inform\u00e1tica:<\/p>\n<p><strong>CONSULPLAN &#8211; TRF2 &#8211; 2017)<\/strong>\u00a0As amigas Karen e Ana resolveram&#8230;<\/p>\n<p><b>RESOLU\u00c7\u00c3O:<\/b><\/p>\n<p>Karen gastou 30% na primeira loja, 25% na segunda (1\/4) e 10% na terceira. Ou seja, ela gastou 30% + 25% + 10% = 65%, sobrando 35% , que correspondem a 280 reais. Assim, o valor inicial que ela levou foi:<\/p>\n<p>35% &#8212;&#8212;&#8212;&#8211; 280 reais<\/p>\n<p>100% &#8212;&#8212;&#8212; K<\/p>\n<p>&nbsp;<\/p>\n<p>K\u00a0x 35% = 100% x 280<\/p>\n<p>K\u00a0x 35\u00a0= 100 x 280<\/p>\n<p>K x 5 = 100 x 40<\/p>\n<p>K = 100 x 8<\/p>\n<p>K = 800 reais<\/p>\n<p>&nbsp;<\/p>\n<p>Como Ana levou 25% a mais, ent\u00e3o ela levou:<\/p>\n<p>Ana = (1+25%) x 800<\/p>\n<p>Ana = 1,25 x 800<\/p>\n<p>Ana = 1000 reais<\/p>\n<p>&nbsp;<\/p>\n<p>Como ela gastou 25% em uma loja e 40% (2\/5) na outra, o gasto total foi de 25% + 40% = 65%, sobrando 35% dos 1000 reais, ou melhor, 350 reais.<\/p>\n<p><b>Resposta: A (350)<\/b><\/p>\n<p>&nbsp;<\/p>\n<h2 style=\"text-align: justify;\">Matem\u00e1tica Financeira (Analista\/Contadoria) &#8211; prova comentada<\/h2>\n<p>Deixo abaixo a minha resolu\u00e7\u00e3o das quest\u00f5es de Matem\u00e1tica Financeira da prova de CONTADOR.<\/p>\n<p>&nbsp;<\/p>\n<p><strong>CONSULPLAN &#8211; TRF2 &#8211; 2017)\u00a0<\/strong>A empresa Tio Ltda. resolveu&#8230;<\/p>\n<p><b>RESOLU\u00c7\u00c3O:<\/b><\/p>\n<p>O fator de valor atual \u00e9:<\/p>\n<p>a(n,j) = [(1+j)^n-1] \/ [j x (1+j)^n]<\/p>\n<p>Como (1+2%)^6 = 1,02^2 x 1,02^2 x 1,02^2 = 1,0404 x 1,0404 x 1,0404 = 1,1261, podemos escrever:<\/p>\n<p>a(6,2%) = [1,1261 &#8211; 1] \/ [0,02 x 1,1261] = 5,5989<\/p>\n<p>Assim,<\/p>\n<p>VP = P x a(n,j)<\/p>\n<p>250.000 = P x 5,5989<\/p>\n<p>P = 250.000 \/ 5,5989<\/p>\n<p>P = 44.651,62 reais<\/p>\n<p>&nbsp;<\/p>\n<p>O valor total pago ser\u00e1 6 x P = 6 x 44.651,62 = 267.909,76 reais<\/p>\n<p>&nbsp;<\/p>\n<p>Veja que N\u00c3O temos essa op\u00e7\u00e3o de resposta! Por outro lado, temos a resposta R$ 281.540,60, que \u00e9 o valor encontrado em uma situa\u00e7\u00e3o onde o cliente deixasse para pagar tudo de UMA S\u00d3 VEZ ao final dos 6 meses:<\/p>\n<p>M = C x (1+j)^t<\/p>\n<p>M = 250.000 x (1+2%)^6<\/p>\n<p>M = 250.000 x (1,02)^6<\/p>\n<p>M = 250.000 x 1,1261<\/p>\n<p>M = 281.540,60 reais<\/p>\n<p>Esta quest\u00e3o deve ser ANULADA, pois o enunciado \u00e9 expl\u00edcito ao dizer que n\u00f3s teremos um financiamento com SEIS PRESTA\u00c7\u00d5ES mensais.<\/p>\n<p><b>Resposta: DEVE SER ANULADA\u00a0<\/b><\/p>\n<p>&nbsp;<\/p>\n<p><strong>CONSULPLAN &#8211; TRF2 &#8211; 2017)\u00a0<\/strong>&#8220;Uma empresa comercial aplicou&#8230;&#8221;<\/p>\n<p><strong>RESOLU\u00c7\u00c3O:<\/strong><\/p>\n<p>A taxa de 12% ao semestre corresponde a 2% ao m\u00eas. Em 5 meses, teremos o montante:<\/p>\n<p>M = C x (1+jxt)<\/p>\n<p>M = 150000 x (1 + 0,02 x 5) = 150000 x 1,10 = 165000<\/p>\n<p>&nbsp;<\/p>\n<p>Aplicando este valor por 2 anos \u00e0 taxa de 5% ao ano, teremos, no regime composto:<\/p>\n<p>M = C x (1 + j)^t<\/p>\n<p>M = 165000 x (1 + 0,05)^2<\/p>\n<p>M = 165000 x (1,05)^2<\/p>\n<p>M = 165000 x 1,1025<\/p>\n<p>M = 181.912,50 reais<\/p>\n<p><strong>Resposta: D (R$ 181.912,50)<\/strong><\/p>\n<p>&nbsp;<\/p>\n<p><strong>CONSULPLAN &#8211; TRF2 &#8211; 2017) <\/strong>A empresa Nova Ltda. contraiu um empr\u00e9stimo&#8230;<\/p>\n<p><strong>RESOLU\u00c7\u00c3O:<\/strong><\/p>\n<p>150.000 = P\/1,15 + P\/1,15^2 + P\/1,15^3<\/p>\n<p>Multiplicando tudo por 1,15^3, temos:<\/p>\n<p>150.000 x 1,15^3 = Px1,15^2 + Px1,15 + P<\/p>\n<p>150.000 x 1,5208\u00a0= Px1,3225\u00a0+ Px1,15 + P<\/p>\n<p>228.131,25 = P x (1,3225 + 1,15 + 1)<\/p>\n<p>228.131,25 = P x (3,4725)<\/p>\n<p>P =\u00a0228.131,25 \/ 3,4725<\/p>\n<p>P = 65.696,54 reais<\/p>\n<p><strong>Resposta: B \u00a0(R$ 65.696,54)<\/strong><\/p>\n<p>&nbsp;<\/p>\n<p><b>CONSULPLAN &#8211; TRF2 &#8211; 2017)<\/b>\u00a0Um financiamento de R$ 50.000,00 ser\u00e1 pago&#8230;<\/p>\n<p><strong>RESOLU\u00c7\u00c3O:<\/strong><\/p>\n<p>Quest\u00e3o IMPOSS\u00cdVEL de resolver sem uma calculadora ou uma tabela financeira. Seria preciso obter o valor de (1 + 3%) elevado \u00e0 48\u00aa pot\u00eancia!<\/p>\n<p>Provavelmente o examinador queria cobrar o sistema SAC, que permitiria c\u00e1lculos manuais, e n\u00e3o o PRICE (que j\u00e1 tinha sido objeto de outra quest\u00e3o).<\/p>\n<p>Mesmo se considerarmos o sistema SAC chegar\u00edamos ao saldo de 37132 reais, que n\u00e3o corresponde a qualquer das op\u00e7\u00f5es de resposta.<\/p>\n<p><strong>Resposta: DEVE SER ANULADA.<\/strong><\/p>\n<p>&nbsp;<\/p>\n<p><b>CONSULPLAN &#8211; TRF2 &#8211; 2017)<\/b>\u00a0A empresa Nossa Ltda. possui um financiamento e faltam&#8230;<\/p>\n<p><strong>RESOLU\u00c7\u00c3O:<\/strong><\/p>\n<p>Para come\u00e7ar, essa quest\u00e3o possui um claro erro de grafia. Faltam 3, e n\u00e3o 2 presta\u00e7\u00f5es de 1000 reais. Trazendo-as para o valor presente, temos:<\/p>\n<p>VP = 1000\/1,023 + 1000\/1,023^2 + 1000\/1,023^3<\/p>\n<p>VP = 977,51 + 955,53 + 934,05<\/p>\n<p>VP = 2867,11<\/p>\n<p><strong>Resposta: C ( R$2.867,11), mas DEVE SER ANULADA pelo erro de grafia.<\/strong><\/p>\n<p>Sauda\u00e7\u00f5es,<\/p>\n","protected":false},"excerpt":{"rendered":"<p>Gabarito TRF 2 (RJ e ES) &#8211; provas resolvidas ser\u00e3o disponibilizadas aqui Ol\u00e1 pessoal! Neste artigo eu estou reunindo\u00a0as provas referentes ao concurso TRF 2 (RJ e ES) resolvidas pelos professores do Estrat\u00e9gia. Veja mais abaixo que j\u00e1 publicamos a resolu\u00e7\u00e3o de V\u00c1RIAS provas de V\u00c1RIOS cargos! E continuaremos atualizando este artigo (salve-o nos seus [&hellip;]<\/p>\n","protected":false},"author":48,"featured_media":55923,"comment_status":"open","ping_status":"open","sticky":false,"template":"","format":"standard","meta":{"post_tipo":"article","footnotes":""},"categories":[],"tags":[1614],"tax_estado":[],"class_list":["post-66164","post","type-post","status-publish","format-standard","has-post-thumbnail","hentry","tag-concurso-trf-2"],"acf":[],"yoast_head":"<!-- This site is optimized with the Yoast SEO Premium plugin v27.2 (Yoast SEO v27.2) - https:\/\/yoast.com\/product\/yoast-seo-premium-wordpress\/ -->\n<title>Gabarito TRF 2 (RJ e ES) - confira as provas resolvidas AQUI!<\/title>\n<meta name=\"description\" content=\"Os professores do Estrat\u00e9gia v\u00e3o disponibilizar aqui o Gabarito TRF 2 (RJ e ES) e as provas resolvidas! Saiba das possibilidades de recursos e anula\u00e7\u00f5es!\" \/>\n<meta name=\"robots\" content=\"index, follow, max-snippet:-1, max-image-preview:large, max-video-preview:-1\" \/>\n<link rel=\"canonical\" href=\"https:\/\/www.estrategiaconcursos.com.br\/blog\/gabarito-trf-2-rj-es-prova-resolvida\/\" \/>\n<meta property=\"og:locale\" content=\"pt_BR\" \/>\n<meta property=\"og:type\" content=\"article\" \/>\n<meta property=\"og:title\" content=\"Gabarito TRF 2 (RJ e ES) - provas resolvidas ser\u00e3o disponibilizadas aqui\" \/>\n<meta property=\"og:description\" content=\"Os professores do Estrat\u00e9gia v\u00e3o disponibilizar aqui o Gabarito TRF 2 (RJ e ES) e as provas resolvidas! Saiba das possibilidades de recursos e anula\u00e7\u00f5es!\" \/>\n<meta property=\"og:url\" content=\"https:\/\/www.estrategiaconcursos.com.br\/blog\/gabarito-trf-2-rj-es-prova-resolvida\/\" \/>\n<meta property=\"og:site_name\" content=\"Estrat\u00e9gia Concursos\" \/>\n<meta property=\"article:published_time\" content=\"2017-03-05T14:45:35+00:00\" \/>\n<meta property=\"article:modified_time\" content=\"2018-09-27T17:52:30+00:00\" \/>\n<meta property=\"og:image\" content=\"https:\/\/dhg1h5j42swfq.cloudfront.net\/2016\/11\/23213942\/concurso-trf-2-rj-es.png\" \/>\n\t<meta property=\"og:image:width\" content=\"1023\" \/>\n\t<meta property=\"og:image:height\" content=\"730\" \/>\n\t<meta property=\"og:image:type\" content=\"image\/png\" \/>\n<meta name=\"author\" content=\"Coordena\u00e7\u00e3o\" \/>\n<meta name=\"twitter:card\" content=\"summary_large_image\" \/>\n<meta name=\"twitter:creator\" content=\"@EstratConcursos\" \/>\n<meta name=\"twitter:site\" content=\"@EstratConcursos\" \/>\n<meta name=\"twitter:label1\" content=\"Escrito por\" \/>\n\t<meta name=\"twitter:data1\" content=\"Coordena\u00e7\u00e3o\" \/>\n\t<meta name=\"twitter:label2\" content=\"Est. tempo de leitura\" \/>\n\t<meta name=\"twitter:data2\" content=\"13 minutos\" \/>\n<script type=\"application\/ld+json\" class=\"yoast-schema-graph\">{\"@context\":\"https:\/\/schema.org\",\"@graph\":[{\"@type\":\"NewsArticle\",\"@id\":\"https:\/\/www.estrategiaconcursos.com.br\/blog\/gabarito-trf-2-rj-es-prova-resolvida\/#article\",\"isPartOf\":{\"@id\":\"https:\/\/www.estrategiaconcursos.com.br\/blog\/gabarito-trf-2-rj-es-prova-resolvida\/\"},\"author\":{\"name\":\"Coordena\u00e7\u00e3o\",\"@id\":\"https:\/\/www.estrategiaconcursos.com.br\/blog\/#\/schema\/person\/cdad40b5818eb228a838461fcd656da7\"},\"headline\":\"Gabarito TRF 2 (RJ e ES) &#8211; provas resolvidas ser\u00e3o disponibilizadas aqui\",\"datePublished\":\"2017-03-05T14:45:35+00:00\",\"dateModified\":\"2018-09-27T17:52:30+00:00\",\"mainEntityOfPage\":{\"@id\":\"https:\/\/www.estrategiaconcursos.com.br\/blog\/gabarito-trf-2-rj-es-prova-resolvida\/\"},\"wordCount\":2669,\"commentCount\":137,\"publisher\":{\"@id\":\"https:\/\/www.estrategiaconcursos.com.br\/blog\/#organization\"},\"image\":{\"@id\":\"https:\/\/www.estrategiaconcursos.com.br\/blog\/gabarito-trf-2-rj-es-prova-resolvida\/#primaryimage\"},\"thumbnailUrl\":\"https:\/\/dhg1h5j42swfq.cloudfront.net\/2016\/11\/23213942\/concurso-trf-2-rj-es.png\",\"keywords\":[\"concurso trf 2\"],\"inLanguage\":\"pt-BR\",\"potentialAction\":[{\"@type\":\"CommentAction\",\"name\":\"Comment\",\"target\":[\"https:\/\/www.estrategiaconcursos.com.br\/blog\/gabarito-trf-2-rj-es-prova-resolvida\/#respond\"]}],\"copyrightYear\":\"2017\",\"copyrightHolder\":{\"@id\":\"https:\/\/www.estrategiaconcursos.com.br\/blog\/#organization\"}},{\"@type\":\"WebPage\",\"@id\":\"https:\/\/www.estrategiaconcursos.com.br\/blog\/gabarito-trf-2-rj-es-prova-resolvida\/\",\"url\":\"https:\/\/www.estrategiaconcursos.com.br\/blog\/gabarito-trf-2-rj-es-prova-resolvida\/\",\"name\":\"Gabarito TRF 2 (RJ e ES) - confira as provas resolvidas AQUI!\",\"isPartOf\":{\"@id\":\"https:\/\/www.estrategiaconcursos.com.br\/blog\/#website\"},\"primaryImageOfPage\":{\"@id\":\"https:\/\/www.estrategiaconcursos.com.br\/blog\/gabarito-trf-2-rj-es-prova-resolvida\/#primaryimage\"},\"image\":{\"@id\":\"https:\/\/www.estrategiaconcursos.com.br\/blog\/gabarito-trf-2-rj-es-prova-resolvida\/#primaryimage\"},\"thumbnailUrl\":\"https:\/\/dhg1h5j42swfq.cloudfront.net\/2016\/11\/23213942\/concurso-trf-2-rj-es.png\",\"datePublished\":\"2017-03-05T14:45:35+00:00\",\"dateModified\":\"2018-09-27T17:52:30+00:00\",\"description\":\"Os professores do Estrat\u00e9gia v\u00e3o disponibilizar aqui o Gabarito TRF 2 (RJ e ES) e as provas resolvidas! Saiba das possibilidades de recursos e anula\u00e7\u00f5es!\",\"breadcrumb\":{\"@id\":\"https:\/\/www.estrategiaconcursos.com.br\/blog\/gabarito-trf-2-rj-es-prova-resolvida\/#breadcrumb\"},\"inLanguage\":\"pt-BR\",\"potentialAction\":[{\"@type\":\"ReadAction\",\"target\":[\"https:\/\/www.estrategiaconcursos.com.br\/blog\/gabarito-trf-2-rj-es-prova-resolvida\/\"]}]},{\"@type\":\"ImageObject\",\"inLanguage\":\"pt-BR\",\"@id\":\"https:\/\/www.estrategiaconcursos.com.br\/blog\/gabarito-trf-2-rj-es-prova-resolvida\/#primaryimage\",\"url\":\"https:\/\/dhg1h5j42swfq.cloudfront.net\/2016\/11\/23213942\/concurso-trf-2-rj-es.png\",\"contentUrl\":\"https:\/\/dhg1h5j42swfq.cloudfront.net\/2016\/11\/23213942\/concurso-trf-2-rj-es.png\",\"width\":1023,\"height\":730,\"caption\":\"GABARITO TRF 2 RJ ES PROVA RESOLVIDA\"},{\"@type\":\"BreadcrumbList\",\"@id\":\"https:\/\/www.estrategiaconcursos.com.br\/blog\/gabarito-trf-2-rj-es-prova-resolvida\/#breadcrumb\",\"itemListElement\":[{\"@type\":\"ListItem\",\"position\":1,\"name\":\"In\u00edcio\",\"item\":\"https:\/\/www.estrategiaconcursos.com.br\/blog\/\"},{\"@type\":\"ListItem\",\"position\":2,\"name\":\"Gabarito TRF 2 (RJ e ES) &#8211; provas resolvidas ser\u00e3o disponibilizadas aqui\"}]},{\"@type\":\"WebSite\",\"@id\":\"https:\/\/www.estrategiaconcursos.com.br\/blog\/#website\",\"url\":\"https:\/\/www.estrategiaconcursos.com.br\/blog\/\",\"name\":\"Estrat\u00e9gia Concursos\",\"description\":\"O blog da Estrat\u00e9gia Concursos traz not\u00edcias sobre concursos e artigos de professores oferecendo cursos para concursos (pdf + videaulas) no site.\",\"publisher\":{\"@id\":\"https:\/\/www.estrategiaconcursos.com.br\/blog\/#organization\"},\"potentialAction\":[{\"@type\":\"SearchAction\",\"target\":{\"@type\":\"EntryPoint\",\"urlTemplate\":\"https:\/\/www.estrategiaconcursos.com.br\/blog\/?s={search_term_string}\"},\"query-input\":{\"@type\":\"PropertyValueSpecification\",\"valueRequired\":true,\"valueName\":\"search_term_string\"}}],\"inLanguage\":\"pt-BR\"},{\"@type\":\"Organization\",\"@id\":\"https:\/\/www.estrategiaconcursos.com.br\/blog\/#organization\",\"name\":\"Estrat\u00e9gia Concursos\",\"url\":\"https:\/\/www.estrategiaconcursos.com.br\/blog\/\",\"logo\":{\"@type\":\"ImageObject\",\"inLanguage\":\"pt-BR\",\"@id\":\"https:\/\/www.estrategiaconcursos.com.br\/blog\/#\/schema\/logo\/image\/\",\"url\":\"https:\/\/dhg1h5j42swfq.cloudfront.net\/2025\/06\/03203428\/logo_concursos-1.jpg\",\"contentUrl\":\"https:\/\/dhg1h5j42swfq.cloudfront.net\/2025\/06\/03203428\/logo_concursos-1.jpg\",\"width\":230,\"height\":60,\"caption\":\"Estrat\u00e9gia Concursos\"},\"image\":{\"@id\":\"https:\/\/www.estrategiaconcursos.com.br\/blog\/#\/schema\/logo\/image\/\"},\"sameAs\":[\"https:\/\/x.com\/EstratConcursos\"]},{\"@type\":\"Person\",\"@id\":\"https:\/\/www.estrategiaconcursos.com.br\/blog\/#\/schema\/person\/cdad40b5818eb228a838461fcd656da7\",\"name\":\"Coordena\u00e7\u00e3o\",\"image\":{\"@type\":\"ImageObject\",\"inLanguage\":\"pt-BR\",\"@id\":\"https:\/\/secure.gravatar.com\/avatar\/a413b22da0f5009c634f6c4586a2dbe5207074fd5becd88db5183b8069ef25e4?s=96&d=mm&r=g\",\"url\":\"https:\/\/secure.gravatar.com\/avatar\/a413b22da0f5009c634f6c4586a2dbe5207074fd5becd88db5183b8069ef25e4?s=96&d=mm&r=g\",\"contentUrl\":\"https:\/\/secure.gravatar.com\/avatar\/a413b22da0f5009c634f6c4586a2dbe5207074fd5becd88db5183b8069ef25e4?s=96&d=mm&r=g\",\"caption\":\"Coordena\u00e7\u00e3o\"},\"url\":\"https:\/\/www.estrategiaconcursos.com.br\/blog\/author\/contatoestrategiaconcursos-com-br\/\"}]}<\/script>\n<!-- \/ Yoast SEO Premium plugin. -->","yoast_head_json":{"title":"Gabarito TRF 2 (RJ e ES) - confira as provas resolvidas AQUI!","description":"Os professores do Estrat\u00e9gia v\u00e3o disponibilizar aqui o Gabarito TRF 2 (RJ e ES) e as provas resolvidas! Saiba das possibilidades de recursos e anula\u00e7\u00f5es!","robots":{"index":"index","follow":"follow","max-snippet":"max-snippet:-1","max-image-preview":"max-image-preview:large","max-video-preview":"max-video-preview:-1"},"canonical":"https:\/\/www.estrategiaconcursos.com.br\/blog\/gabarito-trf-2-rj-es-prova-resolvida\/","og_locale":"pt_BR","og_type":"article","og_title":"Gabarito TRF 2 (RJ e ES) - provas resolvidas ser\u00e3o disponibilizadas aqui","og_description":"Os professores do Estrat\u00e9gia v\u00e3o disponibilizar aqui o Gabarito TRF 2 (RJ e ES) e as provas resolvidas! Saiba das possibilidades de recursos e anula\u00e7\u00f5es!","og_url":"https:\/\/www.estrategiaconcursos.com.br\/blog\/gabarito-trf-2-rj-es-prova-resolvida\/","og_site_name":"Estrat\u00e9gia Concursos","article_published_time":"2017-03-05T14:45:35+00:00","article_modified_time":"2018-09-27T17:52:30+00:00","og_image":[{"width":1023,"height":730,"url":"https:\/\/dhg1h5j42swfq.cloudfront.net\/2016\/11\/23213942\/concurso-trf-2-rj-es.png","type":"image\/png"}],"author":"Coordena\u00e7\u00e3o","twitter_card":"summary_large_image","twitter_creator":"@EstratConcursos","twitter_site":"@EstratConcursos","twitter_misc":{"Escrito por":"Coordena\u00e7\u00e3o","Est. tempo de leitura":"13 minutos"},"schema":{"@context":"https:\/\/schema.org","@graph":[{"@type":"NewsArticle","@id":"https:\/\/www.estrategiaconcursos.com.br\/blog\/gabarito-trf-2-rj-es-prova-resolvida\/#article","isPartOf":{"@id":"https:\/\/www.estrategiaconcursos.com.br\/blog\/gabarito-trf-2-rj-es-prova-resolvida\/"},"author":{"name":"Coordena\u00e7\u00e3o","@id":"https:\/\/www.estrategiaconcursos.com.br\/blog\/#\/schema\/person\/cdad40b5818eb228a838461fcd656da7"},"headline":"Gabarito TRF 2 (RJ e ES) &#8211; provas resolvidas ser\u00e3o disponibilizadas aqui","datePublished":"2017-03-05T14:45:35+00:00","dateModified":"2018-09-27T17:52:30+00:00","mainEntityOfPage":{"@id":"https:\/\/www.estrategiaconcursos.com.br\/blog\/gabarito-trf-2-rj-es-prova-resolvida\/"},"wordCount":2669,"commentCount":137,"publisher":{"@id":"https:\/\/www.estrategiaconcursos.com.br\/blog\/#organization"},"image":{"@id":"https:\/\/www.estrategiaconcursos.com.br\/blog\/gabarito-trf-2-rj-es-prova-resolvida\/#primaryimage"},"thumbnailUrl":"https:\/\/dhg1h5j42swfq.cloudfront.net\/2016\/11\/23213942\/concurso-trf-2-rj-es.png","keywords":["concurso trf 2"],"inLanguage":"pt-BR","potentialAction":[{"@type":"CommentAction","name":"Comment","target":["https:\/\/www.estrategiaconcursos.com.br\/blog\/gabarito-trf-2-rj-es-prova-resolvida\/#respond"]}],"copyrightYear":"2017","copyrightHolder":{"@id":"https:\/\/www.estrategiaconcursos.com.br\/blog\/#organization"}},{"@type":"WebPage","@id":"https:\/\/www.estrategiaconcursos.com.br\/blog\/gabarito-trf-2-rj-es-prova-resolvida\/","url":"https:\/\/www.estrategiaconcursos.com.br\/blog\/gabarito-trf-2-rj-es-prova-resolvida\/","name":"Gabarito TRF 2 (RJ e ES) - confira as provas resolvidas AQUI!","isPartOf":{"@id":"https:\/\/www.estrategiaconcursos.com.br\/blog\/#website"},"primaryImageOfPage":{"@id":"https:\/\/www.estrategiaconcursos.com.br\/blog\/gabarito-trf-2-rj-es-prova-resolvida\/#primaryimage"},"image":{"@id":"https:\/\/www.estrategiaconcursos.com.br\/blog\/gabarito-trf-2-rj-es-prova-resolvida\/#primaryimage"},"thumbnailUrl":"https:\/\/dhg1h5j42swfq.cloudfront.net\/2016\/11\/23213942\/concurso-trf-2-rj-es.png","datePublished":"2017-03-05T14:45:35+00:00","dateModified":"2018-09-27T17:52:30+00:00","description":"Os professores do Estrat\u00e9gia v\u00e3o disponibilizar aqui o Gabarito TRF 2 (RJ e ES) e as provas resolvidas! Saiba das possibilidades de recursos e anula\u00e7\u00f5es!","breadcrumb":{"@id":"https:\/\/www.estrategiaconcursos.com.br\/blog\/gabarito-trf-2-rj-es-prova-resolvida\/#breadcrumb"},"inLanguage":"pt-BR","potentialAction":[{"@type":"ReadAction","target":["https:\/\/www.estrategiaconcursos.com.br\/blog\/gabarito-trf-2-rj-es-prova-resolvida\/"]}]},{"@type":"ImageObject","inLanguage":"pt-BR","@id":"https:\/\/www.estrategiaconcursos.com.br\/blog\/gabarito-trf-2-rj-es-prova-resolvida\/#primaryimage","url":"https:\/\/dhg1h5j42swfq.cloudfront.net\/2016\/11\/23213942\/concurso-trf-2-rj-es.png","contentUrl":"https:\/\/dhg1h5j42swfq.cloudfront.net\/2016\/11\/23213942\/concurso-trf-2-rj-es.png","width":1023,"height":730,"caption":"GABARITO TRF 2 RJ ES PROVA RESOLVIDA"},{"@type":"BreadcrumbList","@id":"https:\/\/www.estrategiaconcursos.com.br\/blog\/gabarito-trf-2-rj-es-prova-resolvida\/#breadcrumb","itemListElement":[{"@type":"ListItem","position":1,"name":"In\u00edcio","item":"https:\/\/www.estrategiaconcursos.com.br\/blog\/"},{"@type":"ListItem","position":2,"name":"Gabarito TRF 2 (RJ e ES) &#8211; provas resolvidas ser\u00e3o disponibilizadas aqui"}]},{"@type":"WebSite","@id":"https:\/\/www.estrategiaconcursos.com.br\/blog\/#website","url":"https:\/\/www.estrategiaconcursos.com.br\/blog\/","name":"Estrat\u00e9gia Concursos","description":"O blog da Estrat\u00e9gia Concursos traz not\u00edcias sobre concursos e artigos de professores oferecendo cursos para concursos (pdf + videaulas) no site.","publisher":{"@id":"https:\/\/www.estrategiaconcursos.com.br\/blog\/#organization"},"potentialAction":[{"@type":"SearchAction","target":{"@type":"EntryPoint","urlTemplate":"https:\/\/www.estrategiaconcursos.com.br\/blog\/?s={search_term_string}"},"query-input":{"@type":"PropertyValueSpecification","valueRequired":true,"valueName":"search_term_string"}}],"inLanguage":"pt-BR"},{"@type":"Organization","@id":"https:\/\/www.estrategiaconcursos.com.br\/blog\/#organization","name":"Estrat\u00e9gia Concursos","url":"https:\/\/www.estrategiaconcursos.com.br\/blog\/","logo":{"@type":"ImageObject","inLanguage":"pt-BR","@id":"https:\/\/www.estrategiaconcursos.com.br\/blog\/#\/schema\/logo\/image\/","url":"https:\/\/dhg1h5j42swfq.cloudfront.net\/2025\/06\/03203428\/logo_concursos-1.jpg","contentUrl":"https:\/\/dhg1h5j42swfq.cloudfront.net\/2025\/06\/03203428\/logo_concursos-1.jpg","width":230,"height":60,"caption":"Estrat\u00e9gia Concursos"},"image":{"@id":"https:\/\/www.estrategiaconcursos.com.br\/blog\/#\/schema\/logo\/image\/"},"sameAs":["https:\/\/x.com\/EstratConcursos"]},{"@type":"Person","@id":"https:\/\/www.estrategiaconcursos.com.br\/blog\/#\/schema\/person\/cdad40b5818eb228a838461fcd656da7","name":"Coordena\u00e7\u00e3o","image":{"@type":"ImageObject","inLanguage":"pt-BR","@id":"https:\/\/secure.gravatar.com\/avatar\/a413b22da0f5009c634f6c4586a2dbe5207074fd5becd88db5183b8069ef25e4?s=96&d=mm&r=g","url":"https:\/\/secure.gravatar.com\/avatar\/a413b22da0f5009c634f6c4586a2dbe5207074fd5becd88db5183b8069ef25e4?s=96&d=mm&r=g","contentUrl":"https:\/\/secure.gravatar.com\/avatar\/a413b22da0f5009c634f6c4586a2dbe5207074fd5becd88db5183b8069ef25e4?s=96&d=mm&r=g","caption":"Coordena\u00e7\u00e3o"},"url":"https:\/\/www.estrategiaconcursos.com.br\/blog\/author\/contatoestrategiaconcursos-com-br\/"}]}},"_links":{"self":[{"href":"https:\/\/www.estrategiaconcursos.com.br\/blog\/wp-json\/wp\/v2\/posts\/66164","targetHints":{"allow":["GET"]}}],"collection":[{"href":"https:\/\/www.estrategiaconcursos.com.br\/blog\/wp-json\/wp\/v2\/posts"}],"about":[{"href":"https:\/\/www.estrategiaconcursos.com.br\/blog\/wp-json\/wp\/v2\/types\/post"}],"author":[{"embeddable":true,"href":"https:\/\/www.estrategiaconcursos.com.br\/blog\/wp-json\/wp\/v2\/users\/48"}],"replies":[{"embeddable":true,"href":"https:\/\/www.estrategiaconcursos.com.br\/blog\/wp-json\/wp\/v2\/comments?post=66164"}],"version-history":[{"count":48,"href":"https:\/\/www.estrategiaconcursos.com.br\/blog\/wp-json\/wp\/v2\/posts\/66164\/revisions"}],"predecessor-version":[{"id":143751,"href":"https:\/\/www.estrategiaconcursos.com.br\/blog\/wp-json\/wp\/v2\/posts\/66164\/revisions\/143751"}],"wp:featuredmedia":[{"embeddable":true,"href":"https:\/\/www.estrategiaconcursos.com.br\/blog\/wp-json\/wp\/v2\/media\/55923"}],"wp:attachment":[{"href":"https:\/\/www.estrategiaconcursos.com.br\/blog\/wp-json\/wp\/v2\/media?parent=66164"}],"wp:term":[{"taxonomy":"category","embeddable":true,"href":"https:\/\/www.estrategiaconcursos.com.br\/blog\/wp-json\/wp\/v2\/categories?post=66164"},{"taxonomy":"post_tag","embeddable":true,"href":"https:\/\/www.estrategiaconcursos.com.br\/blog\/wp-json\/wp\/v2\/tags?post=66164"},{"taxonomy":"tax_estado","embeddable":true,"href":"https:\/\/www.estrategiaconcursos.com.br\/blog\/wp-json\/wp\/v2\/tax_estado?post=66164"}],"curies":[{"name":"wp","href":"https:\/\/api.w.org\/{rel}","templated":true}]}}