{"id":661255,"date":"2021-02-07T07:00:00","date_gmt":"2021-02-07T10:00:00","guid":{"rendered":"https:\/\/www.estrategiaconcursos.com.br\/blog\/?p=661255"},"modified":"2021-02-01T14:03:40","modified_gmt":"2021-02-01T17:03:40","slug":"2-maratona-de-temas-avancados","status":"publish","type":"post","link":"https:\/\/www.estrategiaconcursos.com.br\/blog\/2-maratona-de-temas-avancados\/","title":{"rendered":"2\u00aa Maratona de Temas Avan\u00e7ados &#8211; Delegado da PF: neste domingo!"},"content":{"rendered":"\n<p id=\"block-9be01c08-fe5d-4f4a-aa75-1e19a1c95d99\">Neste domingo, 7 de fevereiro de 2021, a partir das 08:00, ocorrer\u00e1 a &#8220;<em>2\u00aa Maratona de Temas Avan\u00e7ados<\/em> Delegado da PF&#8221;. Acesse ao vivo e gratuitamente pelo canal do Estrat\u00e9gia Carreira Jur\u00eddica no Youtube.<\/p>\n\n\n\n<p>Este ser\u00e1 o segundo de quatro eventos que ocorrer\u00e3o sempre em domingos alternados (24\/01; 07\/02; 21\/02 e 07\/03), visando refor\u00e7ar a sua prepara\u00e7\u00e3o para o concurso.<\/p>\n\n\n\n<h3 class=\"wp-block-heading\" id=\"block-96b8bb22-2bd8-4287-9e65-c8726e05db3b\">2\u00aa Maratona de Temas Avan\u00e7ados &#8211; Cronograma<\/h3>\n\n\n\n<ul class=\"wp-block-list\" id=\"block-3d09b460-e7ab-48ab-a243-8e28cb8e14b7\"><li><strong>Data:<\/strong> 7 de fevereiro de 2021<\/li><li><strong>Hor\u00e1rio:<\/strong> 08:00<\/li><li><strong>Onde:<\/strong> <a rel=\"noreferrer noopener\" href=\"https:\/\/www.youtube.com\/watch?v=VkPGo_grfEI\" target=\"_blank\">Canal do Estrat\u00e9gia Carreira Jur\u00eddica no Youtube<\/a><\/li><\/ul>\n\n\n<figure class=\"wp-block-embed-youtube wp-block-embed is-type-video is-provider-youtube wp-embed-aspect-16-9 wp-has-aspect-ratio\"><div class=\"lyte-wrapper\" style=\"width:853px;max-width:100%;margin:5px;\"><div class=\"lyMe\" id=\"WYL_L-OdaVLQUDc\"><div id=\"lyte_L-OdaVLQUDc\" data-src=\"\/\/i.ytimg.com\/vi\/L-OdaVLQUDc\/hqdefault.jpg\" class=\"pL\"><div class=\"tC\"><div class=\"tT\"><\/div><\/div><div class=\"play\"><\/div><div class=\"ctrl\"><div class=\"Lctrl\"><\/div><div class=\"Rctrl\"><\/div><\/div><\/div><noscript><a href=\"https:\/\/youtu.be\/L-OdaVLQUDc\" rel=\"nofollow\"><img loading=\"lazy\" decoding=\"async\" src=\"https:\/\/i.ytimg.com\/vi\/L-OdaVLQUDc\/0.jpg\" alt=\"YouTube video thumbnail\" width=\"853\" height=\"460\" \/><br \/>Assista a este v\u00eddeo no YouTube<\/a><\/noscript><\/div><\/div><div class=\"lL\" style=\"max-width:100%;width:853px;margin:5px;\"><\/div><figcaption><\/figcaption><\/figure>\n\n\n<h3 class=\"wp-block-heading\" id=\"h-2-maratona-de-temas-avan-ados-programa-o\">2\u00aa Maratona de Temas Avan\u00e7ados &#8211; Programa\u00e7\u00e3o <\/h3>\n\n\n\n<figure class=\"wp-block-table is-style-stripes\"><table class=\"has-subtle-pale-blue-background-color has-fixed-layout has-background\"><tbody><tr><td><strong>Disciplina<\/strong><\/td><td><strong>Professor<\/strong><\/td><td><strong>Hor\u00e1rio<\/strong><\/td><\/tr><tr><td>Direito Administrativo<\/td><td>Cl\u00e1udio Tusco<\/td><td>8h \u00e0s 9h<\/td><\/tr><tr><td>Direito Constitucional<\/td><td>Nelma Fontana<\/td><td>9h \u00e0s 10h<\/td><\/tr><tr><td>Direito Internacional P\u00fablico e Coopera\u00e7\u00e3o Internacional<\/td><td>Rafael Dantas<\/td><td>10h \u00e0s 11h<\/td><\/tr><tr><td>Direito Penal<\/td><td>Alex Fadel s<\/td><td>11h \u00e0s 12h<\/td><\/tr><tr><td>&nbsp;<strong>INTERVALO<\/strong><\/td><td><\/td><td>13h \u00e0s 14h<\/td><\/tr><tr><td>Direito Processual Penal<\/td><td>Guilherme Rezende<\/td><td>14h \u00e0s 15h<\/td><\/tr><tr><td>Legisla\u00e7\u00e3o Penal Especial<\/td><td>Luiz Godoy<\/td><td>15h \u00e0s 16h<\/td><\/tr><tr><td>Direito Previdenci\u00e1rio<\/td><td>Rafael Dantas<\/td><td>16h \u00e0s 17h<\/td><\/tr><tr><td>Direito Financeiro e Tribut\u00e1rio<\/td><td>Cl\u00e1udio Tusco<\/td><td>17h \u00e0s 18h<\/td><\/tr><\/tbody><\/table><\/figure>\n\n\n\n<h3 class=\"wp-block-heading\" id=\"block-cce1922f-b9de-4e2a-b5a6-30a4285ba8a7\">Delegado da PF &#8211; Curiosidades<\/h3>\n\n\n\n<p id=\"block-98ddbb4f-9a89-4e30-bce9-637b4b16d135\">Foi publicado o edital da Pol\u00edcia Federal, com oferta de 123 vagas imediatas para Delegado Federal, com sal\u00e1rio inicial de R$ 23 mil. <\/p>\n\n\n\n<p id=\"block-98ddbb4f-9a89-4e30-bce9-637b4b16d135\">As inscri\u00e7\u00f5es v\u00e3o do dia 22 de janeiro at\u00e9 o dia 09 de fevereiro e devem ser realizadas no endere\u00e7o eletr\u00f4nico do <strong>Cebraspe<\/strong>, mediante pagamento da taxa, fixada em<strong> R$ 250,00<\/strong>.<\/p>\n\n\n\n<p id=\"block-14276593-ce85-4c5f-b6af-d97cac0fd8b0\">Para tomar posse no cargo, o candidato a Delegado da PF deve possuir forma\u00e7\u00e3o superior em Direito e comprovar, at\u00e9 a data da posse, o cumprimento de atividade jur\u00eddica ou policial de por tr\u00eas anos; al\u00e9m de ter 18 anos ou mais e CNH na categoria &#8220;B&#8221; ou superior.<\/p>\n\n\n\n<p id=\"block-d77c217c-99e0-40a2-be0c-97b24283f7d6\">A aplica\u00e7\u00e3o das provas objetiva e discursiva est\u00e1 prevista para o dia <strong>21 de mar\u00e7o<\/strong>, em turnos diferentes.<\/p>\n\n\n\n<h2 class=\"has-text-align-center wp-block-heading\" id=\"cursos\">Cursos para o concurso <\/h2>\n\n\n\n<div class=\"container\" id=\"boxes\">\n  <div class=\"row\">\n\n    <div class=\"col-sm\">\n      <div class=\"banner-ecj\" id=\"box-assinatura\">\n        <h3 class=\"titulo-assinatura\">PROMO\u00c7\u00c3O: Pacotes para Delegado PF  <\/h3>\n        <p class=\"subtitulo-assinatura\">Cursos focados no edital do concurso<\/p>\n        <div class=\"box-botao\">\n          <a class=\"btn-assinatura\" target=\"_blank\" href=\"https:\/\/www.estrategiaconcursos.com.br\/cursosPorConcurso\/promocao-pacote-completo-policia-federal-delegado\/\" role=\"button\" rel=\"noopener noreferrer\">Conhe\u00e7a mais<\/a>\n        <\/div>\n      <\/div>\n      <p class=\"texto-auxiliar\">Prepare-se com o melhor material e com quem mais aprova em concursos em todo o pa\u00eds. \n<\/p>\n    <\/div>\n\n  <\/div>\n<\/div>\n\n\n\n<div class=\"container\" id=\"boxes\">\n  <div class=\"row\">\n\n    <div class=\"col-sm\">\n      <div class=\"banner-ecj\" id=\"box-assinatura\">\n        <h3 class=\"titulo-assinatura\">Assinatura Jur\u00eddica <\/h3>\n        <p class=\"subtitulo-assinatura\">Conhe\u00e7a os planos<\/p>\n        <div class=\"box-botao\">\n          <a class=\"btn-assinatura\" target=\"_blank\" href=\"https:\/\/www.estrategiaconcursos.com.br\/assinaturas-ecj\/\" role=\"button\" rel=\"noopener noreferrer\">Conhe\u00e7a mais<\/a>\n        <\/div>\n      <\/div>\n      <p class=\"texto-auxiliar\">Prepare-se com o melhor material e com quem mais aprova em Concursos P\u00fablicos em todo o pa\u00eds. \n<\/p>\n    <\/div>\n\n  <\/div>\n<\/div>\n\n\n\n<div class=\"container\" id=\"boxes\">\n  <div class=\"row\">\n\n    <div class=\"col-sm\" id=\"boxes-concursos\">\n      <div style=\"background-color: #005DAD;\" class=\"conteudo-concursos\" id=\"box-concursos\">\n        <h3 class=\"titulo-assinatura\">Concursos Abertos<\/h3>\n        <p class=\"subtitulo-assinatura\">mais de 15 mil vagas<\/p>\n        <div class=\"box-botao\">\n          <a class=\"btn-assinatura\" target=\"_blank\" href=\"https:\/\/www.estrategiaconcursos.com.br\/blog\/concursos-abertos\/\" role=\"button\" rel=\"noopener noreferrer\">Conhe\u00e7a Agora<\/a>\n        <\/div>\n      <\/div>\n    <\/div>\n\n    <div class=\"col-sm\" id=\"boxes-concursos\">\n      <div style=\"background-color: #419FF0;\" class=\"conteudo-concursos\" id=\"box-concursos\">\n        <h3 class=\"titulo-assinatura\">Concursos 2021<\/h3>\n        <p class=\"subtitulo-assinatura\">mais de 50 mil vagas<\/p>\n        <div class=\"box-botao\">\n          <a class=\"btn-assinatura\" target=\"_blank\" href=\"https:\/\/www.estrategiaconcursos.com.br\/blog\/concursos-2021\/\" role=\"button\" rel=\"noopener noreferrer\">Conhe\u00e7a Agora<\/a>\n        <\/div>\n      <\/div>\n    <\/div>\n\n  <\/div>\n<\/div>\n","protected":false},"excerpt":{"rendered":"<p>Neste domingo, 7 de fevereiro de 2021, a partir das 08:00, ocorrer\u00e1 a &#8220;2\u00aa Maratona de Temas Avan\u00e7ados Delegado da PF&#8221;. Acesse ao vivo e gratuitamente pelo canal do Estrat\u00e9gia Carreira Jur\u00eddica no Youtube. Este ser\u00e1 o segundo de quatro eventos que ocorrer\u00e3o sempre em domingos alternados (24\/01; 07\/02; 21\/02 e 07\/03), visando refor\u00e7ar a [&hellip;]<\/p>\n","protected":false},"author":1,"featured_media":637270,"comment_status":"open","ping_status":"closed","sticky":false,"template":"","format":"standard","meta":{"post_tipo":"news","footnotes":""},"categories":[2185],"tags":[],"tax_estado":[219963],"class_list":["post-661255","post","type-post","status-publish","format-standard","has-post-thumbnail","hentry","category-carreiras-juridicas","tax_estado-concursos-federais"],"acf":[],"yoast_head":"<!-- This site is optimized with the Yoast SEO Premium plugin v27.2 (Yoast SEO v27.2) - https:\/\/yoast.com\/product\/yoast-seo-premium-wordpress\/ -->\n<title>2\u00aa Maratona de Temas Avan\u00e7ados - Delegado da PF: neste domingo!<\/title>\n<meta name=\"description\" content=\"Durante todo este domingo, 7 de fevereiro, ocorre a 2\u00aa Maratona de Temas Avan\u00e7ados para Delegado da PF ao vivo e gratuitamente pelo Youtube.\" \/>\n<meta name=\"robots\" content=\"index, follow, max-snippet:-1, max-image-preview:large, max-video-preview:-1\" \/>\n<link rel=\"canonical\" href=\"https:\/\/www.estrategiaconcursos.com.br\/blog\/2-maratona-de-temas-avancados\/\" \/>\n<meta property=\"og:locale\" content=\"pt_BR\" \/>\n<meta property=\"og:type\" content=\"article\" \/>\n<meta property=\"og:title\" content=\"2\u00aa Maratona de Temas Avan\u00e7ados - Delegado da PF: neste domingo!\" \/>\n<meta property=\"og:description\" content=\"Durante todo este domingo, 7 de fevereiro, ocorre a 2\u00aa Maratona de Temas Avan\u00e7ados para Delegado da PF ao vivo e gratuitamente pelo Youtube.\" \/>\n<meta property=\"og:url\" content=\"https:\/\/www.estrategiaconcursos.com.br\/blog\/2-maratona-de-temas-avancados\/\" \/>\n<meta property=\"og:site_name\" content=\"Estrat\u00e9gia Concursos\" \/>\n<meta property=\"article:author\" content=\"https:\/\/www.facebook.com\/EstrategiaConcursos\" \/>\n<meta property=\"article:published_time\" content=\"2021-02-07T10:00:00+00:00\" \/>\n<meta property=\"og:image\" content=\"https:\/\/dhg1h5j42swfq.cloudfront.net\/2020\/12\/29120004\/delegado-pf6.jpg\" \/>\n\t<meta property=\"og:image:width\" content=\"1200\" \/>\n\t<meta property=\"og:image:height\" content=\"628\" \/>\n\t<meta property=\"og:image:type\" content=\"image\/jpeg\" \/>\n<meta name=\"author\" content=\"Coordena\u00e7\u00e3o\" \/>\n<meta name=\"twitter:card\" content=\"summary_large_image\" \/>\n<meta name=\"twitter:creator\" content=\"@EstratConcursos\" \/>\n<meta name=\"twitter:site\" content=\"@EstratConcursos\" \/>\n<meta name=\"twitter:label1\" content=\"Escrito por\" \/>\n\t<meta name=\"twitter:data1\" content=\"Coordena\u00e7\u00e3o\" \/>\n\t<meta name=\"twitter:label2\" content=\"Est. tempo de leitura\" \/>\n\t<meta name=\"twitter:data2\" content=\"2 minutos\" \/>\n<script type=\"application\/ld+json\" class=\"yoast-schema-graph\">{\"@context\":\"https:\/\/schema.org\",\"@graph\":[{\"@type\":\"NewsArticle\",\"@id\":\"https:\/\/www.estrategiaconcursos.com.br\/blog\/2-maratona-de-temas-avancados\/#article\",\"isPartOf\":{\"@id\":\"https:\/\/www.estrategiaconcursos.com.br\/blog\/2-maratona-de-temas-avancados\/\"},\"author\":{\"name\":\"Coordena\u00e7\u00e3o\",\"@id\":\"https:\/\/www.estrategiaconcursos.com.br\/blog\/#\/schema\/person\/b4a388c97673c5f483d72185668afa1f\"},\"headline\":\"2\u00aa Maratona de Temas Avan\u00e7ados &#8211; Delegado da PF: neste domingo!\",\"datePublished\":\"2021-02-07T10:00:00+00:00\",\"mainEntityOfPage\":{\"@id\":\"https:\/\/www.estrategiaconcursos.com.br\/blog\/2-maratona-de-temas-avancados\/\"},\"wordCount\":405,\"commentCount\":0,\"publisher\":{\"@id\":\"https:\/\/www.estrategiaconcursos.com.br\/blog\/#organization\"},\"image\":{\"@id\":\"https:\/\/www.estrategiaconcursos.com.br\/blog\/2-maratona-de-temas-avancados\/#primaryimage\"},\"thumbnailUrl\":\"https:\/\/dhg1h5j42swfq.cloudfront.net\/2020\/12\/29120004\/delegado-pf6.jpg\",\"articleSection\":[\"Jur\u00eddico\"],\"inLanguage\":\"pt-BR\",\"potentialAction\":[{\"@type\":\"CommentAction\",\"name\":\"Comment\",\"target\":[\"https:\/\/www.estrategiaconcursos.com.br\/blog\/2-maratona-de-temas-avancados\/#respond\"]}],\"copyrightYear\":\"2021\",\"copyrightHolder\":{\"@id\":\"https:\/\/www.estrategiaconcursos.com.br\/blog\/#organization\"}},{\"@type\":\"WebPage\",\"@id\":\"https:\/\/www.estrategiaconcursos.com.br\/blog\/2-maratona-de-temas-avancados\/\",\"url\":\"https:\/\/www.estrategiaconcursos.com.br\/blog\/2-maratona-de-temas-avancados\/\",\"name\":\"2\u00aa Maratona de Temas Avan\u00e7ados - Delegado da PF: neste domingo!\",\"isPartOf\":{\"@id\":\"https:\/\/www.estrategiaconcursos.com.br\/blog\/#website\"},\"primaryImageOfPage\":{\"@id\":\"https:\/\/www.estrategiaconcursos.com.br\/blog\/2-maratona-de-temas-avancados\/#primaryimage\"},\"image\":{\"@id\":\"https:\/\/www.estrategiaconcursos.com.br\/blog\/2-maratona-de-temas-avancados\/#primaryimage\"},\"thumbnailUrl\":\"https:\/\/dhg1h5j42swfq.cloudfront.net\/2020\/12\/29120004\/delegado-pf6.jpg\",\"datePublished\":\"2021-02-07T10:00:00+00:00\",\"description\":\"Durante todo este domingo, 7 de fevereiro, ocorre a 2\u00aa Maratona de Temas Avan\u00e7ados para Delegado da PF ao vivo e gratuitamente pelo Youtube.\",\"breadcrumb\":{\"@id\":\"https:\/\/www.estrategiaconcursos.com.br\/blog\/2-maratona-de-temas-avancados\/#breadcrumb\"},\"inLanguage\":\"pt-BR\",\"potentialAction\":[{\"@type\":\"ReadAction\",\"target\":[\"https:\/\/www.estrategiaconcursos.com.br\/blog\/2-maratona-de-temas-avancados\/\"]}]},{\"@type\":\"ImageObject\",\"inLanguage\":\"pt-BR\",\"@id\":\"https:\/\/www.estrategiaconcursos.com.br\/blog\/2-maratona-de-temas-avancados\/#primaryimage\",\"url\":\"https:\/\/dhg1h5j42swfq.cloudfront.net\/2020\/12\/29120004\/delegado-pf6.jpg\",\"contentUrl\":\"https:\/\/dhg1h5j42swfq.cloudfront.net\/2020\/12\/29120004\/delegado-pf6.jpg\",\"width\":1200,\"height\":628,\"caption\":\"Recursos Delta PF\"},{\"@type\":\"BreadcrumbList\",\"@id\":\"https:\/\/www.estrategiaconcursos.com.br\/blog\/2-maratona-de-temas-avancados\/#breadcrumb\",\"itemListElement\":[{\"@type\":\"ListItem\",\"position\":1,\"name\":\"In\u00edcio\",\"item\":\"https:\/\/www.estrategiaconcursos.com.br\/blog\/\"},{\"@type\":\"ListItem\",\"position\":2,\"name\":\"2\u00aa Maratona de Temas Avan\u00e7ados &#8211; Delegado da PF: neste domingo!\"}]},{\"@type\":\"WebSite\",\"@id\":\"https:\/\/www.estrategiaconcursos.com.br\/blog\/#website\",\"url\":\"https:\/\/www.estrategiaconcursos.com.br\/blog\/\",\"name\":\"Estrat\u00e9gia Concursos\",\"description\":\"O blog da Estrat\u00e9gia Concursos traz not\u00edcias sobre concursos e artigos de professores oferecendo cursos para concursos (pdf + videaulas) no site.\",\"publisher\":{\"@id\":\"https:\/\/www.estrategiaconcursos.com.br\/blog\/#organization\"},\"potentialAction\":[{\"@type\":\"SearchAction\",\"target\":{\"@type\":\"EntryPoint\",\"urlTemplate\":\"https:\/\/www.estrategiaconcursos.com.br\/blog\/?s={search_term_string}\"},\"query-input\":{\"@type\":\"PropertyValueSpecification\",\"valueRequired\":true,\"valueName\":\"search_term_string\"}}],\"inLanguage\":\"pt-BR\"},{\"@type\":\"Organization\",\"@id\":\"https:\/\/www.estrategiaconcursos.com.br\/blog\/#organization\",\"name\":\"Estrat\u00e9gia Concursos\",\"url\":\"https:\/\/www.estrategiaconcursos.com.br\/blog\/\",\"logo\":{\"@type\":\"ImageObject\",\"inLanguage\":\"pt-BR\",\"@id\":\"https:\/\/www.estrategiaconcursos.com.br\/blog\/#\/schema\/logo\/image\/\",\"url\":\"https:\/\/dhg1h5j42swfq.cloudfront.net\/2025\/06\/03203428\/logo_concursos-1.jpg\",\"contentUrl\":\"https:\/\/dhg1h5j42swfq.cloudfront.net\/2025\/06\/03203428\/logo_concursos-1.jpg\",\"width\":230,\"height\":60,\"caption\":\"Estrat\u00e9gia Concursos\"},\"image\":{\"@id\":\"https:\/\/www.estrategiaconcursos.com.br\/blog\/#\/schema\/logo\/image\/\"},\"sameAs\":[\"https:\/\/x.com\/EstratConcursos\"]},{\"@type\":\"Person\",\"@id\":\"https:\/\/www.estrategiaconcursos.com.br\/blog\/#\/schema\/person\/b4a388c97673c5f483d72185668afa1f\",\"name\":\"Coordena\u00e7\u00e3o\",\"image\":{\"@type\":\"ImageObject\",\"inLanguage\":\"pt-BR\",\"@id\":\"https:\/\/secure.gravatar.com\/avatar\/b720319e4c9a967eb58678d110f4fe35452fc5d5f97b202bac7b8acceb18c6ad?s=96&d=mm&r=g\",\"url\":\"https:\/\/secure.gravatar.com\/avatar\/b720319e4c9a967eb58678d110f4fe35452fc5d5f97b202bac7b8acceb18c6ad?s=96&d=mm&r=g\",\"contentUrl\":\"https:\/\/secure.gravatar.com\/avatar\/b720319e4c9a967eb58678d110f4fe35452fc5d5f97b202bac7b8acceb18c6ad?s=96&d=mm&r=g\",\"caption\":\"Coordena\u00e7\u00e3o\"},\"sameAs\":[\"https:\/\/www.facebook.com\/EstrategiaConcursos\",\"https:\/\/x.com\/EstratConcursos\"],\"url\":\"https:\/\/www.estrategiaconcursos.com.br\/blog\/author\/estrategia2013\/\"}]}<\/script>\n<!-- \/ Yoast SEO Premium plugin. -->","yoast_head_json":{"title":"2\u00aa Maratona de Temas Avan\u00e7ados - Delegado da PF: neste domingo!","description":"Durante todo este domingo, 7 de fevereiro, ocorre a 2\u00aa Maratona de Temas Avan\u00e7ados para Delegado da PF ao vivo e gratuitamente pelo Youtube.","robots":{"index":"index","follow":"follow","max-snippet":"max-snippet:-1","max-image-preview":"max-image-preview:large","max-video-preview":"max-video-preview:-1"},"canonical":"https:\/\/www.estrategiaconcursos.com.br\/blog\/2-maratona-de-temas-avancados\/","og_locale":"pt_BR","og_type":"article","og_title":"2\u00aa Maratona de Temas Avan\u00e7ados - Delegado da PF: neste domingo!","og_description":"Durante todo este domingo, 7 de fevereiro, ocorre a 2\u00aa Maratona de Temas Avan\u00e7ados para Delegado da PF ao vivo e gratuitamente pelo Youtube.","og_url":"https:\/\/www.estrategiaconcursos.com.br\/blog\/2-maratona-de-temas-avancados\/","og_site_name":"Estrat\u00e9gia Concursos","article_author":"https:\/\/www.facebook.com\/EstrategiaConcursos","article_published_time":"2021-02-07T10:00:00+00:00","og_image":[{"width":1200,"height":628,"url":"https:\/\/dhg1h5j42swfq.cloudfront.net\/2020\/12\/29120004\/delegado-pf6.jpg","type":"image\/jpeg"}],"author":"Coordena\u00e7\u00e3o","twitter_card":"summary_large_image","twitter_creator":"@EstratConcursos","twitter_site":"@EstratConcursos","twitter_misc":{"Escrito por":"Coordena\u00e7\u00e3o","Est. tempo de leitura":"2 minutos"},"schema":{"@context":"https:\/\/schema.org","@graph":[{"@type":"NewsArticle","@id":"https:\/\/www.estrategiaconcursos.com.br\/blog\/2-maratona-de-temas-avancados\/#article","isPartOf":{"@id":"https:\/\/www.estrategiaconcursos.com.br\/blog\/2-maratona-de-temas-avancados\/"},"author":{"name":"Coordena\u00e7\u00e3o","@id":"https:\/\/www.estrategiaconcursos.com.br\/blog\/#\/schema\/person\/b4a388c97673c5f483d72185668afa1f"},"headline":"2\u00aa Maratona de Temas Avan\u00e7ados &#8211; Delegado da PF: neste domingo!","datePublished":"2021-02-07T10:00:00+00:00","mainEntityOfPage":{"@id":"https:\/\/www.estrategiaconcursos.com.br\/blog\/2-maratona-de-temas-avancados\/"},"wordCount":405,"commentCount":0,"publisher":{"@id":"https:\/\/www.estrategiaconcursos.com.br\/blog\/#organization"},"image":{"@id":"https:\/\/www.estrategiaconcursos.com.br\/blog\/2-maratona-de-temas-avancados\/#primaryimage"},"thumbnailUrl":"https:\/\/dhg1h5j42swfq.cloudfront.net\/2020\/12\/29120004\/delegado-pf6.jpg","articleSection":["Jur\u00eddico"],"inLanguage":"pt-BR","potentialAction":[{"@type":"CommentAction","name":"Comment","target":["https:\/\/www.estrategiaconcursos.com.br\/blog\/2-maratona-de-temas-avancados\/#respond"]}],"copyrightYear":"2021","copyrightHolder":{"@id":"https:\/\/www.estrategiaconcursos.com.br\/blog\/#organization"}},{"@type":"WebPage","@id":"https:\/\/www.estrategiaconcursos.com.br\/blog\/2-maratona-de-temas-avancados\/","url":"https:\/\/www.estrategiaconcursos.com.br\/blog\/2-maratona-de-temas-avancados\/","name":"2\u00aa Maratona de Temas Avan\u00e7ados - Delegado da PF: neste domingo!","isPartOf":{"@id":"https:\/\/www.estrategiaconcursos.com.br\/blog\/#website"},"primaryImageOfPage":{"@id":"https:\/\/www.estrategiaconcursos.com.br\/blog\/2-maratona-de-temas-avancados\/#primaryimage"},"image":{"@id":"https:\/\/www.estrategiaconcursos.com.br\/blog\/2-maratona-de-temas-avancados\/#primaryimage"},"thumbnailUrl":"https:\/\/dhg1h5j42swfq.cloudfront.net\/2020\/12\/29120004\/delegado-pf6.jpg","datePublished":"2021-02-07T10:00:00+00:00","description":"Durante todo este domingo, 7 de fevereiro, ocorre a 2\u00aa Maratona de Temas Avan\u00e7ados para Delegado da PF ao vivo e gratuitamente pelo Youtube.","breadcrumb":{"@id":"https:\/\/www.estrategiaconcursos.com.br\/blog\/2-maratona-de-temas-avancados\/#breadcrumb"},"inLanguage":"pt-BR","potentialAction":[{"@type":"ReadAction","target":["https:\/\/www.estrategiaconcursos.com.br\/blog\/2-maratona-de-temas-avancados\/"]}]},{"@type":"ImageObject","inLanguage":"pt-BR","@id":"https:\/\/www.estrategiaconcursos.com.br\/blog\/2-maratona-de-temas-avancados\/#primaryimage","url":"https:\/\/dhg1h5j42swfq.cloudfront.net\/2020\/12\/29120004\/delegado-pf6.jpg","contentUrl":"https:\/\/dhg1h5j42swfq.cloudfront.net\/2020\/12\/29120004\/delegado-pf6.jpg","width":1200,"height":628,"caption":"Recursos Delta PF"},{"@type":"BreadcrumbList","@id":"https:\/\/www.estrategiaconcursos.com.br\/blog\/2-maratona-de-temas-avancados\/#breadcrumb","itemListElement":[{"@type":"ListItem","position":1,"name":"In\u00edcio","item":"https:\/\/www.estrategiaconcursos.com.br\/blog\/"},{"@type":"ListItem","position":2,"name":"2\u00aa Maratona de Temas Avan\u00e7ados &#8211; Delegado da PF: neste domingo!"}]},{"@type":"WebSite","@id":"https:\/\/www.estrategiaconcursos.com.br\/blog\/#website","url":"https:\/\/www.estrategiaconcursos.com.br\/blog\/","name":"Estrat\u00e9gia Concursos","description":"O blog da Estrat\u00e9gia Concursos traz not\u00edcias sobre concursos e artigos de professores oferecendo cursos para concursos (pdf + videaulas) no site.","publisher":{"@id":"https:\/\/www.estrategiaconcursos.com.br\/blog\/#organization"},"potentialAction":[{"@type":"SearchAction","target":{"@type":"EntryPoint","urlTemplate":"https:\/\/www.estrategiaconcursos.com.br\/blog\/?s={search_term_string}"},"query-input":{"@type":"PropertyValueSpecification","valueRequired":true,"valueName":"search_term_string"}}],"inLanguage":"pt-BR"},{"@type":"Organization","@id":"https:\/\/www.estrategiaconcursos.com.br\/blog\/#organization","name":"Estrat\u00e9gia Concursos","url":"https:\/\/www.estrategiaconcursos.com.br\/blog\/","logo":{"@type":"ImageObject","inLanguage":"pt-BR","@id":"https:\/\/www.estrategiaconcursos.com.br\/blog\/#\/schema\/logo\/image\/","url":"https:\/\/dhg1h5j42swfq.cloudfront.net\/2025\/06\/03203428\/logo_concursos-1.jpg","contentUrl":"https:\/\/dhg1h5j42swfq.cloudfront.net\/2025\/06\/03203428\/logo_concursos-1.jpg","width":230,"height":60,"caption":"Estrat\u00e9gia Concursos"},"image":{"@id":"https:\/\/www.estrategiaconcursos.com.br\/blog\/#\/schema\/logo\/image\/"},"sameAs":["https:\/\/x.com\/EstratConcursos"]},{"@type":"Person","@id":"https:\/\/www.estrategiaconcursos.com.br\/blog\/#\/schema\/person\/b4a388c97673c5f483d72185668afa1f","name":"Coordena\u00e7\u00e3o","image":{"@type":"ImageObject","inLanguage":"pt-BR","@id":"https:\/\/secure.gravatar.com\/avatar\/b720319e4c9a967eb58678d110f4fe35452fc5d5f97b202bac7b8acceb18c6ad?s=96&d=mm&r=g","url":"https:\/\/secure.gravatar.com\/avatar\/b720319e4c9a967eb58678d110f4fe35452fc5d5f97b202bac7b8acceb18c6ad?s=96&d=mm&r=g","contentUrl":"https:\/\/secure.gravatar.com\/avatar\/b720319e4c9a967eb58678d110f4fe35452fc5d5f97b202bac7b8acceb18c6ad?s=96&d=mm&r=g","caption":"Coordena\u00e7\u00e3o"},"sameAs":["https:\/\/www.facebook.com\/EstrategiaConcursos","https:\/\/x.com\/EstratConcursos"],"url":"https:\/\/www.estrategiaconcursos.com.br\/blog\/author\/estrategia2013\/"}]}},"_links":{"self":[{"href":"https:\/\/www.estrategiaconcursos.com.br\/blog\/wp-json\/wp\/v2\/posts\/661255","targetHints":{"allow":["GET"]}}],"collection":[{"href":"https:\/\/www.estrategiaconcursos.com.br\/blog\/wp-json\/wp\/v2\/posts"}],"about":[{"href":"https:\/\/www.estrategiaconcursos.com.br\/blog\/wp-json\/wp\/v2\/types\/post"}],"author":[{"embeddable":true,"href":"https:\/\/www.estrategiaconcursos.com.br\/blog\/wp-json\/wp\/v2\/users\/1"}],"replies":[{"embeddable":true,"href":"https:\/\/www.estrategiaconcursos.com.br\/blog\/wp-json\/wp\/v2\/comments?post=661255"}],"version-history":[{"count":13,"href":"https:\/\/www.estrategiaconcursos.com.br\/blog\/wp-json\/wp\/v2\/posts\/661255\/revisions"}],"predecessor-version":[{"id":661335,"href":"https:\/\/www.estrategiaconcursos.com.br\/blog\/wp-json\/wp\/v2\/posts\/661255\/revisions\/661335"}],"wp:featuredmedia":[{"embeddable":true,"href":"https:\/\/www.estrategiaconcursos.com.br\/blog\/wp-json\/wp\/v2\/media\/637270"}],"wp:attachment":[{"href":"https:\/\/www.estrategiaconcursos.com.br\/blog\/wp-json\/wp\/v2\/media?parent=661255"}],"wp:term":[{"taxonomy":"category","embeddable":true,"href":"https:\/\/www.estrategiaconcursos.com.br\/blog\/wp-json\/wp\/v2\/categories?post=661255"},{"taxonomy":"post_tag","embeddable":true,"href":"https:\/\/www.estrategiaconcursos.com.br\/blog\/wp-json\/wp\/v2\/tags?post=661255"},{"taxonomy":"tax_estado","embeddable":true,"href":"https:\/\/www.estrategiaconcursos.com.br\/blog\/wp-json\/wp\/v2\/tax_estado?post=661255"}],"curies":[{"name":"wp","href":"https:\/\/api.w.org\/{rel}","templated":true}]}}