{"id":660710,"date":"2021-01-30T10:00:22","date_gmt":"2021-01-30T13:00:22","guid":{"rendered":"https:\/\/www.estrategiaconcursos.com.br\/blog\/?p=660710"},"modified":"2021-02-02T09:30:33","modified_gmt":"2021-02-02T12:30:33","slug":"lancamento-da-trilha-estrategica-regular-e-avancada-sefaz-pr-2021","status":"publish","type":"post","link":"https:\/\/www.estrategiaconcursos.com.br\/blog\/lancamento-da-trilha-estrategica-regular-e-avancada-sefaz-pr-2021\/","title":{"rendered":"Lan\u00e7amento da Trilha Estrat\u00e9gica Regular e Avan\u00e7ada &#8211; SEFAZ\/PR &#8211; 2021"},"content":{"rendered":"\n<p>Ol\u00e1, concurseiro!<\/p>\n\n\n\n<p>Para voc\u00ea que est\u00e1 se preparando ou tem em mente estudar para o concurso de Auditor Fiscal da Secretaria da Fazenda do Paran\u00e1 (SEFAZ\/PR), temos uma excelente not\u00edcia!<\/p>\n\n\n\n<p>Nesta segunda-feira (01\/02), vamos lan\u00e7ar duas Trilhas direcionadas para este concurso: a <strong>Trilha Estrat\u00e9gica Regular<\/strong> e a <strong>Trilha Estrat\u00e9gica Avan\u00e7ada<\/strong>, voltadas \u00e0 prepara\u00e7\u00e3o para o concurso de Auditor Fiscal da SEFAZ PR.<\/p>\n\n\n\n<p>Na <strong>Trilha Regular<\/strong>, conduziremos os alunos iniciantes (inclusive aqueles que nunca tiveram contato com nenhuma disciplina), durante <strong>53 semanas<\/strong>, com o objetivo de percorrer todo o conte\u00fado do \u00faltimo edital desse concurso, realizado em 2012.<\/p>\n\n\n\n<p>J\u00e1 a <strong>Trilha Avan\u00e7ada<\/strong> ter\u00e1 dura\u00e7\u00e3o de <strong>27 semanas<\/strong>, e ser\u00e1 voltada \u00e0 realiza\u00e7\u00e3o de muitas <strong>revis\u00f5es<\/strong> e <strong>quest\u00f5es <\/strong>das mat\u00e9rias mais cobradas nos concursos da \u00c1rea Fiscal, al\u00e9m de passar tamb\u00e9m pela teoria de outras disciplinas mais avan\u00e7adas.<\/p>\n\n\n\n<h2 class=\"wp-block-heading\" id=\"h-ltimo-concurso\">\u00daltimo concurso<\/h2>\n\n\n\n<p>O \u00faltimo concurso para Auditor da SEFAZ\/PR, com oferta de <strong>100 vagas<\/strong>, ocorreu em <strong>2012<\/strong>. A banca organizadora foi a COPS\/UEL.<\/p>\n\n\n\n<p>As Provas Objetivas foram compostas por Prova 1, que conteve 70 quest\u00f5es e Prova 2, com 90 quest\u00f5es, assim totalizando 160 quest\u00f5es de m\u00faltipla escolha.<\/p>\n\n\n\n<p>A distribui\u00e7\u00e3o da quest\u00f5es entre as disciplinas foi feita conforme tabela abaixo:<\/p>\n\n\n\n<div class=\"wp-block-image\"><figure class=\"aligncenter size-large is-resized\"><img loading=\"lazy\" decoding=\"async\" src=\"https:\/\/dhg1h5j42swfq.cloudfront.net\/2021\/01\/30094919\/image-391.png\" alt=\"\" class=\"wp-image-660717\" width=\"330\" height=\"356\" srcset=\"https:\/\/dhg1h5j42swfq.cloudfront.net\/2021\/01\/30094919\/image-391.png 324w, https:\/\/dhg1h5j42swfq.cloudfront.net\/2021\/01\/30094919\/image-391-278x300.png 278w\" sizes=\"auto, (max-width: 330px) 100vw, 330px\" \/><\/figure><\/div>\n\n\n\n<h2 class=\"wp-block-heading\" id=\"h-sobre-as-trilhas-estrat-gicas\">Sobre as Trilhas Estrat\u00e9gicas<\/h2>\n\n\n\n<p>O objetivo principal das Trilhas Estrat\u00e9gicas, na qual se inclui a nossa da&nbsp;<strong>SEFAZ\/PR<\/strong>, \u00e9 tornar o estudo o mais eficiente poss\u00edvel, almejando otimizar ao m\u00e1ximo a prepara\u00e7\u00e3o nesse per\u00edodo pr\u00e9-edital.<\/p>\n\n\n\n<p>Muitas vezes, o aluno n\u00e3o consegue caminhar nos estudos por n\u00e3o saber como come\u00e7ar ou como intensificar um estudo que j\u00e1 venha sendo feito. \u00c9 a\u00ed que entra a Trilha Estrat\u00e9gica!<\/p>\n\n\n\n<p>As Trilhas Regulares t\u00eam o objetivo de utilizar da melhor maneira o tempo dispon\u00edvel do aluno neste per\u00edodo pr\u00e9-edital para que, o mais breve poss\u00edvel, esteja preparado para as provas.<\/p>\n\n\n\n<p>Para isso, elas s\u00e3o compostas de tarefas di\u00e1rias elaboradas por profissionais (nossos&nbsp;<em>Coaches<\/em>) que j\u00e1 obtiveram \u00eaxito nos mais variados concursos do pa\u00eds.<\/p>\n\n\n\n<p>Por sua vez, as Trilhas Avan\u00e7adas t\u00eam o objetivo de elevar o n\u00edvel do aluno que j\u00e1 tenha estudado a maior parte do conte\u00fado, de forma que chegue ainda mais bem preparado para quando o edital sair.<\/p>\n\n\n\n<p>Al\u00e9m disso, h\u00e1 um Canal do&nbsp;<strong><em>Telegram<\/em><\/strong>&nbsp;espec\u00edfico para a Trilha da&nbsp;<strong>SEFAZ\/PR<\/strong>em que eu, como Organizador da Trilha, manterei contato com os alunos assinantes e com aqueles que adquirirem o pacote completo para esse concurso, como envio de informa\u00e7\u00f5es importantes, dicas de estudo e conte\u00fados motivacionais. E os alunos poder\u00e3o enviar suas d\u00favidas tamb\u00e9m.<\/p>\n\n\n\n<figure class=\"wp-block-image\"><img decoding=\"async\" src=\"https:\/\/dhg1h5j42swfq.cloudfront.net\/2020\/07\/29175943\/organiza%C3%A7%C3%A3o-trilha.png\" alt=\"\" class=\"wp-image-548930\"\/><\/figure>\n\n\n\n<p>As&nbsp;<em>Trilhas<\/em>&nbsp;funcionar\u00e3o da seguinte forma:<\/p>\n\n\n\n<ul class=\"wp-block-list\"><li>Indica\u00e7\u00e3o de estudo por&nbsp;<em>Ciclos de Estudo;<\/em><\/li><li><em>Sugest\u00e3o das disciplinas<\/em>&nbsp;a serem estudadas em cada ciclo e momento da prepara\u00e7\u00e3o;<\/li><li>Apontamento da&nbsp;<em>sequ\u00eancia de estudo<\/em>&nbsp;em cada disciplina;<\/li><li>F<em>oco no custo x benef\u00edcio<\/em>&nbsp;considerando o conte\u00fado e o tempo de prepara\u00e7\u00e3o;<\/li><li>Apontamento de estudo de teoria, exerc\u00edcios, revis\u00e3o, legisla\u00e7\u00e3o e simulados.<\/li><\/ul>\n\n\n\n<p>Quer mais informa\u00e7\u00f5es sobre as Trilhas Estrat\u00e9gicas? Clique no link abaixo:<\/p>\n\n\n\n<p><strong><a href=\"https:\/\/www.estrategiaconcursos.com.br\/blog\/trilhas-estrategicas-informacoes-e-trilhas-liberadas-hoje\/\" target=\"_blank\" rel=\"noreferrer noopener\">Trilhas Estrat\u00e9gicas<\/a><\/strong><\/p>\n\n\n\n<p>A primeira trilha estar\u00e1 dispon\u00edvel na \u00e1rea dos alunos assinantes e daqueles que adquiriram o Pacote Completo para SEFAZ-PR na segunda-feira, dia 01\/02.<\/p>\n\n\n\n<p>Meus amigos, vamos com tudo encarar esse desafio!<\/p>\n\n\n\n<p>Contem comigo!<\/p>\n\n\n\n<p><strong>Guilherme Carvalho<\/strong>&nbsp;\u2013&nbsp;<em>Coach Estrat\u00e9gia Concursos<\/em><br \/>Instagram: @_guilhermefcarvalho<\/p>\n","protected":false},"excerpt":{"rendered":"<p>Ol\u00e1, concurseiro! Para voc\u00ea que est\u00e1 se preparando ou tem em mente estudar para o concurso de Auditor Fiscal da Secretaria da Fazenda do Paran\u00e1 (SEFAZ\/PR), temos uma excelente not\u00edcia! Nesta segunda-feira (01\/02), vamos lan\u00e7ar duas Trilhas direcionadas para este concurso: a Trilha Estrat\u00e9gica Regular e a Trilha Estrat\u00e9gica Avan\u00e7ada, voltadas \u00e0 prepara\u00e7\u00e3o para o [&hellip;]<\/p>\n","protected":false},"author":1755,"featured_media":433999,"comment_status":"open","ping_status":"closed","sticky":false,"template":"","format":"standard","meta":{"post_tipo":"article","footnotes":""},"categories":[1983],"tags":[],"tax_estado":[219981],"class_list":["post-660710","post","type-post","status-publish","format-standard","has-post-thumbnail","hentry","category-fiscal-estadual","tax_estado-pr"],"acf":[],"yoast_head":"<!-- This site is optimized with the Yoast SEO Premium plugin v27.2 (Yoast SEO v27.2) - https:\/\/yoast.com\/product\/yoast-seo-premium-wordpress\/ -->\n<title>Lan\u00e7amento da Trilha Estrat\u00e9gica Regular e Avan\u00e7ada - SEFAZ\/PR - 2021<\/title>\n<meta name=\"robots\" content=\"index, follow, max-snippet:-1, max-image-preview:large, max-video-preview:-1\" \/>\n<link rel=\"canonical\" href=\"https:\/\/www.estrategiaconcursos.com.br\/blog\/lancamento-da-trilha-estrategica-regular-e-avancada-sefaz-pr-2021\/\" \/>\n<meta property=\"og:locale\" content=\"pt_BR\" \/>\n<meta property=\"og:type\" content=\"article\" \/>\n<meta property=\"og:title\" content=\"Lan\u00e7amento da Trilha Estrat\u00e9gica Regular e Avan\u00e7ada - SEFAZ\/PR - 2021\" \/>\n<meta property=\"og:description\" content=\"Ol\u00e1, concurseiro! Para voc\u00ea que est\u00e1 se preparando ou tem em mente estudar para o concurso de Auditor Fiscal da Secretaria da Fazenda do Paran\u00e1 (SEFAZ\/PR), temos uma excelente not\u00edcia! Nesta segunda-feira (01\/02), vamos lan\u00e7ar duas Trilhas direcionadas para este concurso: a Trilha Estrat\u00e9gica Regular e a Trilha Estrat\u00e9gica Avan\u00e7ada, voltadas \u00e0 prepara\u00e7\u00e3o para o [&hellip;]\" \/>\n<meta property=\"og:url\" content=\"https:\/\/www.estrategiaconcursos.com.br\/blog\/lancamento-da-trilha-estrategica-regular-e-avancada-sefaz-pr-2021\/\" \/>\n<meta property=\"og:site_name\" content=\"Estrat\u00e9gia Concursos\" \/>\n<meta property=\"article:published_time\" content=\"2021-01-30T13:00:22+00:00\" \/>\n<meta property=\"article:modified_time\" content=\"2021-02-02T12:30:33+00:00\" \/>\n<meta property=\"og:image\" content=\"https:\/\/dhg1h5j42swfq.cloudfront.net\/2019\/10\/14162227\/concurso-sefaz-pr.png\" \/>\n\t<meta property=\"og:image:width\" content=\"400\" \/>\n\t<meta property=\"og:image:height\" content=\"209\" \/>\n\t<meta property=\"og:image:type\" content=\"image\/png\" \/>\n<meta name=\"author\" content=\"Guilherme Carvalho\" \/>\n<meta name=\"twitter:card\" content=\"summary_large_image\" \/>\n<meta name=\"twitter:creator\" content=\"@EstratConcursos\" \/>\n<meta name=\"twitter:site\" content=\"@EstratConcursos\" \/>\n<meta name=\"twitter:label1\" content=\"Escrito por\" \/>\n\t<meta name=\"twitter:data1\" content=\"Guilherme Carvalho\" \/>\n\t<meta name=\"twitter:label2\" content=\"Est. tempo de leitura\" \/>\n\t<meta name=\"twitter:data2\" content=\"3 minutos\" \/>\n<script type=\"application\/ld+json\" class=\"yoast-schema-graph\">{\"@context\":\"https:\/\/schema.org\",\"@graph\":[{\"@type\":\"NewsArticle\",\"@id\":\"https:\/\/www.estrategiaconcursos.com.br\/blog\/lancamento-da-trilha-estrategica-regular-e-avancada-sefaz-pr-2021\/#article\",\"isPartOf\":{\"@id\":\"https:\/\/www.estrategiaconcursos.com.br\/blog\/lancamento-da-trilha-estrategica-regular-e-avancada-sefaz-pr-2021\/\"},\"author\":{\"name\":\"Guilherme Carvalho\",\"@id\":\"https:\/\/www.estrategiaconcursos.com.br\/blog\/#\/schema\/person\/2b14d196647fc7c4382480dc8b094103\"},\"headline\":\"Lan\u00e7amento da Trilha Estrat\u00e9gica Regular e Avan\u00e7ada &#8211; SEFAZ\/PR &#8211; 2021\",\"datePublished\":\"2021-01-30T13:00:22+00:00\",\"dateModified\":\"2021-02-02T12:30:33+00:00\",\"mainEntityOfPage\":{\"@id\":\"https:\/\/www.estrategiaconcursos.com.br\/blog\/lancamento-da-trilha-estrategica-regular-e-avancada-sefaz-pr-2021\/\"},\"wordCount\":602,\"commentCount\":0,\"publisher\":{\"@id\":\"https:\/\/www.estrategiaconcursos.com.br\/blog\/#organization\"},\"image\":{\"@id\":\"https:\/\/www.estrategiaconcursos.com.br\/blog\/lancamento-da-trilha-estrategica-regular-e-avancada-sefaz-pr-2021\/#primaryimage\"},\"thumbnailUrl\":\"https:\/\/dhg1h5j42swfq.cloudfront.net\/2019\/10\/14162227\/concurso-sefaz-pr.png\",\"articleSection\":[\"Fiscal - Estadual (ICMS)\"],\"inLanguage\":\"pt-BR\",\"potentialAction\":[{\"@type\":\"CommentAction\",\"name\":\"Comment\",\"target\":[\"https:\/\/www.estrategiaconcursos.com.br\/blog\/lancamento-da-trilha-estrategica-regular-e-avancada-sefaz-pr-2021\/#respond\"]}],\"copyrightYear\":\"2021\",\"copyrightHolder\":{\"@id\":\"https:\/\/www.estrategiaconcursos.com.br\/blog\/#organization\"}},{\"@type\":\"WebPage\",\"@id\":\"https:\/\/www.estrategiaconcursos.com.br\/blog\/lancamento-da-trilha-estrategica-regular-e-avancada-sefaz-pr-2021\/\",\"url\":\"https:\/\/www.estrategiaconcursos.com.br\/blog\/lancamento-da-trilha-estrategica-regular-e-avancada-sefaz-pr-2021\/\",\"name\":\"Lan\u00e7amento da Trilha Estrat\u00e9gica Regular e Avan\u00e7ada - SEFAZ\/PR - 2021\",\"isPartOf\":{\"@id\":\"https:\/\/www.estrategiaconcursos.com.br\/blog\/#website\"},\"primaryImageOfPage\":{\"@id\":\"https:\/\/www.estrategiaconcursos.com.br\/blog\/lancamento-da-trilha-estrategica-regular-e-avancada-sefaz-pr-2021\/#primaryimage\"},\"image\":{\"@id\":\"https:\/\/www.estrategiaconcursos.com.br\/blog\/lancamento-da-trilha-estrategica-regular-e-avancada-sefaz-pr-2021\/#primaryimage\"},\"thumbnailUrl\":\"https:\/\/dhg1h5j42swfq.cloudfront.net\/2019\/10\/14162227\/concurso-sefaz-pr.png\",\"datePublished\":\"2021-01-30T13:00:22+00:00\",\"dateModified\":\"2021-02-02T12:30:33+00:00\",\"breadcrumb\":{\"@id\":\"https:\/\/www.estrategiaconcursos.com.br\/blog\/lancamento-da-trilha-estrategica-regular-e-avancada-sefaz-pr-2021\/#breadcrumb\"},\"inLanguage\":\"pt-BR\",\"potentialAction\":[{\"@type\":\"ReadAction\",\"target\":[\"https:\/\/www.estrategiaconcursos.com.br\/blog\/lancamento-da-trilha-estrategica-regular-e-avancada-sefaz-pr-2021\/\"]}]},{\"@type\":\"ImageObject\",\"inLanguage\":\"pt-BR\",\"@id\":\"https:\/\/www.estrategiaconcursos.com.br\/blog\/lancamento-da-trilha-estrategica-regular-e-avancada-sefaz-pr-2021\/#primaryimage\",\"url\":\"https:\/\/dhg1h5j42swfq.cloudfront.net\/2019\/10\/14162227\/concurso-sefaz-pr.png\",\"contentUrl\":\"https:\/\/dhg1h5j42swfq.cloudfront.net\/2019\/10\/14162227\/concurso-sefaz-pr.png\",\"width\":400,\"height\":209,\"caption\":\"Sefaz PR\"},{\"@type\":\"BreadcrumbList\",\"@id\":\"https:\/\/www.estrategiaconcursos.com.br\/blog\/lancamento-da-trilha-estrategica-regular-e-avancada-sefaz-pr-2021\/#breadcrumb\",\"itemListElement\":[{\"@type\":\"ListItem\",\"position\":1,\"name\":\"In\u00edcio\",\"item\":\"https:\/\/www.estrategiaconcursos.com.br\/blog\/\"},{\"@type\":\"ListItem\",\"position\":2,\"name\":\"Lan\u00e7amento da Trilha Estrat\u00e9gica Regular e Avan\u00e7ada &#8211; SEFAZ\/PR &#8211; 2021\"}]},{\"@type\":\"WebSite\",\"@id\":\"https:\/\/www.estrategiaconcursos.com.br\/blog\/#website\",\"url\":\"https:\/\/www.estrategiaconcursos.com.br\/blog\/\",\"name\":\"Estrat\u00e9gia Concursos\",\"description\":\"O blog da Estrat\u00e9gia Concursos traz not\u00edcias sobre concursos e artigos de professores oferecendo cursos para concursos (pdf + videaulas) no site.\",\"publisher\":{\"@id\":\"https:\/\/www.estrategiaconcursos.com.br\/blog\/#organization\"},\"potentialAction\":[{\"@type\":\"SearchAction\",\"target\":{\"@type\":\"EntryPoint\",\"urlTemplate\":\"https:\/\/www.estrategiaconcursos.com.br\/blog\/?s={search_term_string}\"},\"query-input\":{\"@type\":\"PropertyValueSpecification\",\"valueRequired\":true,\"valueName\":\"search_term_string\"}}],\"inLanguage\":\"pt-BR\"},{\"@type\":\"Organization\",\"@id\":\"https:\/\/www.estrategiaconcursos.com.br\/blog\/#organization\",\"name\":\"Estrat\u00e9gia Concursos\",\"url\":\"https:\/\/www.estrategiaconcursos.com.br\/blog\/\",\"logo\":{\"@type\":\"ImageObject\",\"inLanguage\":\"pt-BR\",\"@id\":\"https:\/\/www.estrategiaconcursos.com.br\/blog\/#\/schema\/logo\/image\/\",\"url\":\"https:\/\/dhg1h5j42swfq.cloudfront.net\/2025\/06\/03203428\/logo_concursos-1.jpg\",\"contentUrl\":\"https:\/\/dhg1h5j42swfq.cloudfront.net\/2025\/06\/03203428\/logo_concursos-1.jpg\",\"width\":230,\"height\":60,\"caption\":\"Estrat\u00e9gia Concursos\"},\"image\":{\"@id\":\"https:\/\/www.estrategiaconcursos.com.br\/blog\/#\/schema\/logo\/image\/\"},\"sameAs\":[\"https:\/\/x.com\/EstratConcursos\"]},{\"@type\":\"Person\",\"@id\":\"https:\/\/www.estrategiaconcursos.com.br\/blog\/#\/schema\/person\/2b14d196647fc7c4382480dc8b094103\",\"name\":\"Guilherme Carvalho\",\"image\":{\"@type\":\"ImageObject\",\"inLanguage\":\"pt-BR\",\"@id\":\"https:\/\/secure.gravatar.com\/avatar\/63211429833da774aa5b2c1d246d495536086e7774a95354a36ac95d7a05f008?s=96&d=mm&r=g\",\"url\":\"https:\/\/secure.gravatar.com\/avatar\/63211429833da774aa5b2c1d246d495536086e7774a95354a36ac95d7a05f008?s=96&d=mm&r=g\",\"contentUrl\":\"https:\/\/secure.gravatar.com\/avatar\/63211429833da774aa5b2c1d246d495536086e7774a95354a36ac95d7a05f008?s=96&d=mm&r=g\",\"caption\":\"Guilherme Carvalho\"},\"sameAs\":[\"@guilhermefcarvalho\"],\"url\":\"https:\/\/www.estrategiaconcursos.com.br\/blog\/author\/guifel-carvalhogmail-com\/\"}]}<\/script>\n<!-- \/ Yoast SEO Premium plugin. -->","yoast_head_json":{"title":"Lan\u00e7amento da Trilha Estrat\u00e9gica Regular e Avan\u00e7ada - SEFAZ\/PR - 2021","robots":{"index":"index","follow":"follow","max-snippet":"max-snippet:-1","max-image-preview":"max-image-preview:large","max-video-preview":"max-video-preview:-1"},"canonical":"https:\/\/www.estrategiaconcursos.com.br\/blog\/lancamento-da-trilha-estrategica-regular-e-avancada-sefaz-pr-2021\/","og_locale":"pt_BR","og_type":"article","og_title":"Lan\u00e7amento da Trilha Estrat\u00e9gica Regular e Avan\u00e7ada - SEFAZ\/PR - 2021","og_description":"Ol\u00e1, concurseiro! Para voc\u00ea que est\u00e1 se preparando ou tem em mente estudar para o concurso de Auditor Fiscal da Secretaria da Fazenda do Paran\u00e1 (SEFAZ\/PR), temos uma excelente not\u00edcia! Nesta segunda-feira (01\/02), vamos lan\u00e7ar duas Trilhas direcionadas para este concurso: a Trilha Estrat\u00e9gica Regular e a Trilha Estrat\u00e9gica Avan\u00e7ada, voltadas \u00e0 prepara\u00e7\u00e3o para o [&hellip;]","og_url":"https:\/\/www.estrategiaconcursos.com.br\/blog\/lancamento-da-trilha-estrategica-regular-e-avancada-sefaz-pr-2021\/","og_site_name":"Estrat\u00e9gia Concursos","article_published_time":"2021-01-30T13:00:22+00:00","article_modified_time":"2021-02-02T12:30:33+00:00","og_image":[{"width":400,"height":209,"url":"https:\/\/dhg1h5j42swfq.cloudfront.net\/2019\/10\/14162227\/concurso-sefaz-pr.png","type":"image\/png"}],"author":"Guilherme Carvalho","twitter_card":"summary_large_image","twitter_creator":"@EstratConcursos","twitter_site":"@EstratConcursos","twitter_misc":{"Escrito por":"Guilherme Carvalho","Est. tempo de leitura":"3 minutos"},"schema":{"@context":"https:\/\/schema.org","@graph":[{"@type":"NewsArticle","@id":"https:\/\/www.estrategiaconcursos.com.br\/blog\/lancamento-da-trilha-estrategica-regular-e-avancada-sefaz-pr-2021\/#article","isPartOf":{"@id":"https:\/\/www.estrategiaconcursos.com.br\/blog\/lancamento-da-trilha-estrategica-regular-e-avancada-sefaz-pr-2021\/"},"author":{"name":"Guilherme Carvalho","@id":"https:\/\/www.estrategiaconcursos.com.br\/blog\/#\/schema\/person\/2b14d196647fc7c4382480dc8b094103"},"headline":"Lan\u00e7amento da Trilha Estrat\u00e9gica Regular e Avan\u00e7ada &#8211; SEFAZ\/PR &#8211; 2021","datePublished":"2021-01-30T13:00:22+00:00","dateModified":"2021-02-02T12:30:33+00:00","mainEntityOfPage":{"@id":"https:\/\/www.estrategiaconcursos.com.br\/blog\/lancamento-da-trilha-estrategica-regular-e-avancada-sefaz-pr-2021\/"},"wordCount":602,"commentCount":0,"publisher":{"@id":"https:\/\/www.estrategiaconcursos.com.br\/blog\/#organization"},"image":{"@id":"https:\/\/www.estrategiaconcursos.com.br\/blog\/lancamento-da-trilha-estrategica-regular-e-avancada-sefaz-pr-2021\/#primaryimage"},"thumbnailUrl":"https:\/\/dhg1h5j42swfq.cloudfront.net\/2019\/10\/14162227\/concurso-sefaz-pr.png","articleSection":["Fiscal - Estadual (ICMS)"],"inLanguage":"pt-BR","potentialAction":[{"@type":"CommentAction","name":"Comment","target":["https:\/\/www.estrategiaconcursos.com.br\/blog\/lancamento-da-trilha-estrategica-regular-e-avancada-sefaz-pr-2021\/#respond"]}],"copyrightYear":"2021","copyrightHolder":{"@id":"https:\/\/www.estrategiaconcursos.com.br\/blog\/#organization"}},{"@type":"WebPage","@id":"https:\/\/www.estrategiaconcursos.com.br\/blog\/lancamento-da-trilha-estrategica-regular-e-avancada-sefaz-pr-2021\/","url":"https:\/\/www.estrategiaconcursos.com.br\/blog\/lancamento-da-trilha-estrategica-regular-e-avancada-sefaz-pr-2021\/","name":"Lan\u00e7amento da Trilha Estrat\u00e9gica Regular e Avan\u00e7ada - SEFAZ\/PR - 2021","isPartOf":{"@id":"https:\/\/www.estrategiaconcursos.com.br\/blog\/#website"},"primaryImageOfPage":{"@id":"https:\/\/www.estrategiaconcursos.com.br\/blog\/lancamento-da-trilha-estrategica-regular-e-avancada-sefaz-pr-2021\/#primaryimage"},"image":{"@id":"https:\/\/www.estrategiaconcursos.com.br\/blog\/lancamento-da-trilha-estrategica-regular-e-avancada-sefaz-pr-2021\/#primaryimage"},"thumbnailUrl":"https:\/\/dhg1h5j42swfq.cloudfront.net\/2019\/10\/14162227\/concurso-sefaz-pr.png","datePublished":"2021-01-30T13:00:22+00:00","dateModified":"2021-02-02T12:30:33+00:00","breadcrumb":{"@id":"https:\/\/www.estrategiaconcursos.com.br\/blog\/lancamento-da-trilha-estrategica-regular-e-avancada-sefaz-pr-2021\/#breadcrumb"},"inLanguage":"pt-BR","potentialAction":[{"@type":"ReadAction","target":["https:\/\/www.estrategiaconcursos.com.br\/blog\/lancamento-da-trilha-estrategica-regular-e-avancada-sefaz-pr-2021\/"]}]},{"@type":"ImageObject","inLanguage":"pt-BR","@id":"https:\/\/www.estrategiaconcursos.com.br\/blog\/lancamento-da-trilha-estrategica-regular-e-avancada-sefaz-pr-2021\/#primaryimage","url":"https:\/\/dhg1h5j42swfq.cloudfront.net\/2019\/10\/14162227\/concurso-sefaz-pr.png","contentUrl":"https:\/\/dhg1h5j42swfq.cloudfront.net\/2019\/10\/14162227\/concurso-sefaz-pr.png","width":400,"height":209,"caption":"Sefaz PR"},{"@type":"BreadcrumbList","@id":"https:\/\/www.estrategiaconcursos.com.br\/blog\/lancamento-da-trilha-estrategica-regular-e-avancada-sefaz-pr-2021\/#breadcrumb","itemListElement":[{"@type":"ListItem","position":1,"name":"In\u00edcio","item":"https:\/\/www.estrategiaconcursos.com.br\/blog\/"},{"@type":"ListItem","position":2,"name":"Lan\u00e7amento da Trilha Estrat\u00e9gica Regular e Avan\u00e7ada &#8211; SEFAZ\/PR &#8211; 2021"}]},{"@type":"WebSite","@id":"https:\/\/www.estrategiaconcursos.com.br\/blog\/#website","url":"https:\/\/www.estrategiaconcursos.com.br\/blog\/","name":"Estrat\u00e9gia Concursos","description":"O blog da Estrat\u00e9gia Concursos traz not\u00edcias sobre concursos e artigos de professores oferecendo cursos para concursos (pdf + videaulas) no site.","publisher":{"@id":"https:\/\/www.estrategiaconcursos.com.br\/blog\/#organization"},"potentialAction":[{"@type":"SearchAction","target":{"@type":"EntryPoint","urlTemplate":"https:\/\/www.estrategiaconcursos.com.br\/blog\/?s={search_term_string}"},"query-input":{"@type":"PropertyValueSpecification","valueRequired":true,"valueName":"search_term_string"}}],"inLanguage":"pt-BR"},{"@type":"Organization","@id":"https:\/\/www.estrategiaconcursos.com.br\/blog\/#organization","name":"Estrat\u00e9gia Concursos","url":"https:\/\/www.estrategiaconcursos.com.br\/blog\/","logo":{"@type":"ImageObject","inLanguage":"pt-BR","@id":"https:\/\/www.estrategiaconcursos.com.br\/blog\/#\/schema\/logo\/image\/","url":"https:\/\/dhg1h5j42swfq.cloudfront.net\/2025\/06\/03203428\/logo_concursos-1.jpg","contentUrl":"https:\/\/dhg1h5j42swfq.cloudfront.net\/2025\/06\/03203428\/logo_concursos-1.jpg","width":230,"height":60,"caption":"Estrat\u00e9gia Concursos"},"image":{"@id":"https:\/\/www.estrategiaconcursos.com.br\/blog\/#\/schema\/logo\/image\/"},"sameAs":["https:\/\/x.com\/EstratConcursos"]},{"@type":"Person","@id":"https:\/\/www.estrategiaconcursos.com.br\/blog\/#\/schema\/person\/2b14d196647fc7c4382480dc8b094103","name":"Guilherme Carvalho","image":{"@type":"ImageObject","inLanguage":"pt-BR","@id":"https:\/\/secure.gravatar.com\/avatar\/63211429833da774aa5b2c1d246d495536086e7774a95354a36ac95d7a05f008?s=96&d=mm&r=g","url":"https:\/\/secure.gravatar.com\/avatar\/63211429833da774aa5b2c1d246d495536086e7774a95354a36ac95d7a05f008?s=96&d=mm&r=g","contentUrl":"https:\/\/secure.gravatar.com\/avatar\/63211429833da774aa5b2c1d246d495536086e7774a95354a36ac95d7a05f008?s=96&d=mm&r=g","caption":"Guilherme Carvalho"},"sameAs":["@guilhermefcarvalho"],"url":"https:\/\/www.estrategiaconcursos.com.br\/blog\/author\/guifel-carvalhogmail-com\/"}]}},"_links":{"self":[{"href":"https:\/\/www.estrategiaconcursos.com.br\/blog\/wp-json\/wp\/v2\/posts\/660710","targetHints":{"allow":["GET"]}}],"collection":[{"href":"https:\/\/www.estrategiaconcursos.com.br\/blog\/wp-json\/wp\/v2\/posts"}],"about":[{"href":"https:\/\/www.estrategiaconcursos.com.br\/blog\/wp-json\/wp\/v2\/types\/post"}],"author":[{"embeddable":true,"href":"https:\/\/www.estrategiaconcursos.com.br\/blog\/wp-json\/wp\/v2\/users\/1755"}],"replies":[{"embeddable":true,"href":"https:\/\/www.estrategiaconcursos.com.br\/blog\/wp-json\/wp\/v2\/comments?post=660710"}],"version-history":[{"count":2,"href":"https:\/\/www.estrategiaconcursos.com.br\/blog\/wp-json\/wp\/v2\/posts\/660710\/revisions"}],"predecessor-version":[{"id":661889,"href":"https:\/\/www.estrategiaconcursos.com.br\/blog\/wp-json\/wp\/v2\/posts\/660710\/revisions\/661889"}],"wp:featuredmedia":[{"embeddable":true,"href":"https:\/\/www.estrategiaconcursos.com.br\/blog\/wp-json\/wp\/v2\/media\/433999"}],"wp:attachment":[{"href":"https:\/\/www.estrategiaconcursos.com.br\/blog\/wp-json\/wp\/v2\/media?parent=660710"}],"wp:term":[{"taxonomy":"category","embeddable":true,"href":"https:\/\/www.estrategiaconcursos.com.br\/blog\/wp-json\/wp\/v2\/categories?post=660710"},{"taxonomy":"post_tag","embeddable":true,"href":"https:\/\/www.estrategiaconcursos.com.br\/blog\/wp-json\/wp\/v2\/tags?post=660710"},{"taxonomy":"tax_estado","embeddable":true,"href":"https:\/\/www.estrategiaconcursos.com.br\/blog\/wp-json\/wp\/v2\/tax_estado?post=660710"}],"curies":[{"name":"wp","href":"https:\/\/api.w.org\/{rel}","templated":true}]}}