{"id":66070,"date":"2017-03-04T11:54:49","date_gmt":"2017-03-04T14:54:49","guid":{"rendered":"https:\/\/www.estrategiaconcursos.com.br\/blog\/?p=66070"},"modified":"2017-03-09T17:27:24","modified_gmt":"2017-03-09T20:27:24","slug":"edital-pmac-2017","status":"publish","type":"post","link":"https:\/\/www.estrategiaconcursos.com.br\/blog\/edital-pmac-2017\/","title":{"rendered":"Edital PMAC 2017 &#8211; Saiba tudo sobre o concurso agora!"},"content":{"rendered":"<p style=\"text-align: justify\">\n\tO&nbsp;<u><strong><a href=\"http:\/\/www.agencia.ac.gov.br\/wp-content\/uploads\/2017\/03\/Edital.pdf\" target=\"_blank\"><span style=\"color:#0000CD\">edital PMAC 2017<\/span><\/a><\/strong><\/u>, da Pol&iacute;cia Militar do Acre, foi publicado no dia 03\/03\/2017, no Di&aacute;rio Oficial do Estado do Acre. Saiba tudo do edital neste artigo.\n<\/p>\n<p style=\"text-align: justify\">\n\t<strong>O professor Marcos Gir&atilde;o gravou este v&iacute;deo explicando tudo sobre o concurso da PM\/AC:<\/strong>\n<\/p>\n<p style=\"text-align: justify\">\n\t<a href=\"https:\/\/www.youtube.com\/watch?v=R8A7Of0XO_o\">https:\/\/www.youtube.com\/watch?v=R8A7Of0XO_o<\/a>\n<\/p>\n<p>\n\t&nbsp;\n<\/p>\n<p>\n\t<img loading=\"lazy\" decoding=\"async\" alt=\"edital pmac 2017\" class=\"size-full wp-image-66063 alignleft\" height=\"633\" src=\"https:\/\/dhg1h5j42swfq.cloudfront.net\/2017\/03\/03104216\/Bras%C3%A3o_PMAC.png\" style=\"width: 300px;height: 286px\" title=\"\" width=\"665\" srcset=\"https:\/\/dhg1h5j42swfq.cloudfront.net\/2017\/03\/03104216\/Bras%C3%A3o_PMAC.png 665w, https:\/\/dhg1h5j42swfq.cloudfront.net\/2017\/03\/03104216\/Bras%C3%A3o_PMAC.png 300w, https:\/\/dhg1h5j42swfq.cloudfront.net\/2017\/03\/03104216\/Bras%C3%A3o_PMAC.png 315w\" sizes=\"auto, (max-width: 665px) 100vw, 665px\" \/>\n<\/p>\n<h2 style=\"text-align: justify\">\n\tVagas<br \/>\n<\/h2>\n<p style=\"text-align: justify\">\n\tDe acordo com o edital,&nbsp;ser&atilde;o:\n<\/p>\n<p style=\"text-align: justify\">\n\t<strong>&bull;&bull; 230 vagas para o cargo de Aluno Soldado Combatente<\/strong>, sendo 184 ofertas para o sexo masculino e 46 para o feminino.\n<\/p>\n<p style=\"text-align: justify\">\n\t<strong>&bull;&bull; 10&nbsp;vagas para o cargo de Aluno Soldado M&uacute;sico<\/strong>.\n<\/p>\n<p style=\"text-align: justify\">\n\t<strong>&bull;&bull; 10&nbsp;vagas para o cargo de Aluno Soldado de Sa&uacute;de<\/strong>, sendo 5 vagas para T&eacute;cnico de Enfermagem e 5 vagas para Auxiliar de Sa&uacute;de Bucal.\n<\/p>\n<p>\n\tN&atilde;o haver&aacute; vagas para candidatos com defici&ecirc;ncia.\n<\/p>\n<h3>\n\tBanca do Concurso<br \/>\n<\/h3>\n<p style=\"text-align: justify\">\n\tO certame ser&aacute; realizado pelo Instituto Brasileiro de Apoio e Desenvolvimento Executivo (<a href=\"http:\/\/www.ibade.org.br\/\" target=\"_blank\">www.ibade.org.br<\/a>).&nbsp;\n<\/p>\n<p>\n\t&nbsp;\n<\/p>\n<p>\n\t&nbsp;\n<\/p>\n<h2>\n\tValor da inscri&ccedil;&atilde;o<br \/>\n<\/h2>\n<p style=\"text-align: justify\">\n\tO valor da inscri&ccedil;&atilde;o &nbsp;&eacute; de R$ 65,00 (sessenta e cinco reais)&nbsp;e deve ser realizada pelo endere&ccedil;o eletr&ocirc;nico&nbsp;<a href=\"http:\/\/www.ibade.org.br\/\" target=\"_blank\">www.ibade.org.br<\/a>.\n<\/p>\n<p>\n\t&nbsp;\n<\/p>\n<h2>\n\tPer&iacute;odo de inscri&ccedil;&atilde;o no concurso<br \/>\n<\/h2>\n<p style=\"text-align: justify\">\n\tO per&iacute;odo de inscri&ccedil;&atilde;o no concurso &eacute; de 03\/03\/2017 at&eacute; 28\/03\/2017.\n<\/p>\n<p>\n\t&nbsp;\n<\/p>\n<h2>\n\tFases&nbsp;do&nbsp;concurso<br \/>\n<\/h2>\n<p style=\"text-align: justify\">\n\tSegundo o edital PMAC 2017, o concurso possui tr&ecirc;s fases, a saber:\n<\/p>\n<p style=\"text-align: justify;margin-left: 40px\">\n\t&rarr; 1a Fase &#8211; Provas Objetivas;\n<\/p>\n<p style=\"text-align: justify;margin-left: 40px\">\n\t&rarr; 2a Fase &#8211; Prova de Aptid&atilde;o F&iacute;sica, Exame Psicot&eacute;cnico, Prova Pr&aacute;tica Instrumental, Exame M&eacute;dico e Toxicol&oacute;gico;\n<\/p>\n<p style=\"text-align: justify;margin-left: 40px\">\n\t&rarr; 3a Fase &#8211; Investiga&ccedil;&atilde;o Criminal e Social.\n<\/p>\n<p style=\"text-align: justify\">\n\tMais adiante, neste artigo, voc&ecirc; encontrar&aacute; detalhes de cada fase do concurso.\n<\/p>\n<p style=\"text-align: justify\">\n\t&nbsp;\n<\/p>\n<h2 style=\"text-align: justify\">\n\tRequisitos b&aacute;sicos do candidato<br \/>\n<\/h2>\n<p style=\"text-align: justify\">\n\tAqueles que quiserem concorrer a uma das vagas do concurso PMAC 2017 dever&atilde;o possuir os seguintes requisitos b&aacute;sicos:\n<\/p>\n<p style=\"text-align: justify;margin-left: 40px\">\n\t&bull;&bull; ser brasileiro nato ou naturalizado;\n<\/p>\n<p style=\"text-align: justify;margin-left: 40px\">\n\t&bull;&bull; ter, no m&aacute;ximo, 30 (trinta) anos de idade at&eacute; a data do in&iacute;cio das inscri&ccedil;&otilde;es;\n<\/p>\n<p style=\"text-align: justify;margin-left: 40px\">\n\t&bull;&bull; estar em dia com o servi&ccedil;o militar obrigat&oacute;rio;\n<\/p>\n<p style=\"text-align: justify;margin-left: 40px\">\n\t&bull;&bull; ser eleitor e achar-se em gozo dos seus direitos pol&iacute;ticos;\n<\/p>\n<p style=\"text-align: justify;margin-left: 40px\">\n\t&bull;&bull; possuir idoneidade moral, comprovada por meio de folha corrida policial militar e judicial, na forma prevista em edital;\n<\/p>\n<p style=\"text-align: justify;margin-left: 40px\">\n\t&bull;&bull; comprovar aptid&atilde;o f&iacute;sica e mental, mediante exames m&eacute;dicos, testes f&iacute;sicos e avalia&ccedil;&atilde;o psicot&eacute;cnica, na forma prevista em edital;\n<\/p>\n<p style=\"text-align: justify;margin-left: 40px\">\n\t&bull;&bull; possuir estatura m&iacute;nima de 1,60 m para candidatos do sexo masculino e 1,55 m para candidatas do sexo feminino;\n<\/p>\n<p style=\"text-align: justify;margin-left: 40px\">\n\t&bull;&bull; n&atilde;o exercer, nem ter exercido, atividades prejudiciais ou perigosas &agrave; seguran&ccedil;a nacional. k) ter idade m&iacute;nima de dezoito anos completos na data da matr&iacute;cula no Curso de Forma&ccedil;&atilde;o.\n<\/p>\n<p style=\"text-align: justify\">\n\t&nbsp;\n<\/p>\n<h2 style=\"text-align: justify\">\n\tEscolaridade<br \/>\n<\/h2>\n<p style=\"text-align: justify\">\n\tO edital PMAC 2017 solicita dos candidatos a seguinte escolaridade:\n<\/p>\n<p style=\"text-align: justify;margin-left: 40px\">\n\t&bull;&bull; Aluno Soldado Combatente: conclus&atilde;o do ensino m&eacute;dio.\n<\/p>\n<p style=\"text-align: justify;margin-left: 40px\">\n\t&bull;&bull; Aluno Soldado M&uacute;sico: conclus&atilde;o do ensino m&eacute;dio.\n<\/p>\n<p style=\"text-align: justify;margin-left: 40px\">\n\t&bull;&bull; Aluno Soldado de Sa&uacute;de &#8211; T&eacute;cnico de Enfermagem: conclus&atilde;o do ensino m&eacute;dio e diploma de curso t&eacute;cnico de Enfermagem.\n<\/p>\n<p style=\"text-align: justify;margin-left: 40px\">\n\t&bull;&bull; Aluno Soldado de Sa&uacute;de &#8211; Auxiliar de Sa&uacute;de Bucal: conclus&atilde;o do ensino m&eacute;dio e diploma de curso de Auxiliar de Sa&uacute;de Bucal.\n<\/p>\n<p style=\"text-align: justify\">\n\t&nbsp;\n<\/p>\n<h2 style=\"text-align: justify\">\n\tRemunera&ccedil;&atilde;o<br \/>\n<\/h2>\n<p style=\"text-align: justify\">\n\tA remunera&ccedil;&atilde;o prevista no edital para todos os cargos oferecidos &eacute; de <strong>R$ 3.319,02<\/strong>.\n<\/p>\n<p style=\"text-align: justify\">\n\t&nbsp;\n<\/p>\n<h2 style=\"text-align: justify\">\n\tJornada de Trabalho<br \/>\n<\/h2>\n<p style=\"text-align: justify\">\n\tA jornada de trabalho &eacute; de regime integral e de dedica&ccedil;&atilde;o exclusiva.\n<\/p>\n<p style=\"text-align: justify\">\n\t&nbsp;\n<\/p>\n<h2 style=\"text-align: justify\">\n\t1a Fase &#8211; Prova Objetiva<br \/>\n<\/h2>\n<p style=\"text-align: justify\">\n\tA Prova Objetiva ter&aacute; dura&ccedil;&atilde;o de 4 (quatro) horas. Ela ser&aacute; realizada no turno da manh&atilde;. A data da prova &eacute; <span style=\"color:#000000\"><strong>23\/04\/2017<\/strong><\/span>.\n<\/p>\n<p style=\"text-align: justify\">\n\tEssa prova ser&aacute; realizada nas seguintes cidades do Estado do Acre:\n<\/p>\n<p style=\"text-align: justify;margin-left: 40px\">\n\t&bull;&bull; Brasil&eacute;ia;\n<\/p>\n<p style=\"text-align: justify;margin-left: 40px\">\n\t&bull;&bull; Cruzeiro do Sul;\n<\/p>\n<p style=\"text-align: justify;margin-left: 40px\">\n\t&bull;&bull; Rio Branco;\n<\/p>\n<p style=\"text-align: justify;margin-left: 40px\">\n\t&bull;&bull; Sena Madureira;\n<\/p>\n<p style=\"text-align: justify;margin-left: 40px\">\n\t&bull;&bull; Tarauac&aacute;.\n<\/p>\n<p style=\"text-align: justify\">\n\tConforme o edital PMAC 2017, as&nbsp;disciplinas cobradas &nbsp;s&atilde;o diferentes para cada cargo oferecido. Tamb&eacute;m h&aacute; diferen&ccedil;a no valor de cada quest&atilde;o. Confira isso abaixo:\n<\/p>\n<p style=\"text-align: justify\">\n\t<img loading=\"lazy\" decoding=\"async\" width=\"965\" height=\"322\" alt=\"edital pmac 2017\" class=\"alignnone size-full wp-image-66142\" src=\"https:\/\/dhg1h5j42swfq.cloudfront.net\/2017\/03\/04094524\/Adinoel-PMAC-disciplinas-01.png\" style=\"width: 700px;height: 234px\" srcset=\"https:\/\/dhg1h5j42swfq.cloudfront.net\/2017\/03\/04094524\/Adinoel-PMAC-disciplinas-01.png 965w, https:\/\/dhg1h5j42swfq.cloudfront.net\/2017\/03\/04094524\/Adinoel-PMAC-disciplinas-01.png 300w, https:\/\/dhg1h5j42swfq.cloudfront.net\/2017\/03\/04094524\/Adinoel-PMAC-disciplinas-01.png 768w, https:\/\/dhg1h5j42swfq.cloudfront.net\/2017\/03\/04094524\/Adinoel-PMAC-disciplinas-01.png 500w\" sizes=\"auto, (max-width: 965px) 100vw, 965px\" \/>\n<\/p>\n<p style=\"text-align: justify\">\n\t<img loading=\"lazy\" decoding=\"async\" width=\"967\" height=\"347\" alt=\"edital pmac 2017\" class=\"alignnone size-full wp-image-66143\" src=\"https:\/\/dhg1h5j42swfq.cloudfront.net\/2017\/03\/04094554\/Adinoel-PMAC-disciplinas-02.png\" style=\"width: 700px;height: 251px\" srcset=\"https:\/\/dhg1h5j42swfq.cloudfront.net\/2017\/03\/04094554\/Adinoel-PMAC-disciplinas-02.png 967w, https:\/\/dhg1h5j42swfq.cloudfront.net\/2017\/03\/04094554\/Adinoel-PMAC-disciplinas-02.png 300w, https:\/\/dhg1h5j42swfq.cloudfront.net\/2017\/03\/04094554\/Adinoel-PMAC-disciplinas-02.png 768w, https:\/\/dhg1h5j42swfq.cloudfront.net\/2017\/03\/04094554\/Adinoel-PMAC-disciplinas-02.png 500w\" sizes=\"auto, (max-width: 967px) 100vw, 967px\" \/>\n<\/p>\n<p style=\"text-align: justify\">\n\t<img loading=\"lazy\" decoding=\"async\" width=\"965\" height=\"386\" alt=\"edital pmac 2017\" class=\"alignnone size-full wp-image-66144\" src=\"https:\/\/dhg1h5j42swfq.cloudfront.net\/2017\/03\/04094618\/Adinoel-PMAC-disciplinas-03.png\" style=\"width: 700px;height: 280px\" srcset=\"https:\/\/dhg1h5j42swfq.cloudfront.net\/2017\/03\/04094618\/Adinoel-PMAC-disciplinas-03.png 965w, https:\/\/dhg1h5j42swfq.cloudfront.net\/2017\/03\/04094618\/Adinoel-PMAC-disciplinas-03.png 300w, https:\/\/dhg1h5j42swfq.cloudfront.net\/2017\/03\/04094618\/Adinoel-PMAC-disciplinas-03.png 768w, https:\/\/dhg1h5j42swfq.cloudfront.net\/2017\/03\/04094618\/Adinoel-PMAC-disciplinas-03.png 500w\" sizes=\"auto, (max-width: 965px) 100vw, 965px\" \/>\n<\/p>\n<p style=\"text-align: justify\">\n\tMais adiante, neste artigo, voc&ecirc; encontrar&aacute; as disciplinas detalhadas.\n<\/p>\n<p style=\"text-align: justify\">\n\t&nbsp;\n<\/p>\n<h2 style=\"text-align: justify\">\n\tElimina&ccedil;&atilde;o na 1a Fase &#8211; Prova Objetiva<br \/>\n<\/h2>\n<p style=\"text-align: justify\">\n\tSera\u0301 eliminado do concurso o candidato que na\u0303o obtiver, pelo menos, 50% (cinquenta por cento) dos pontos da Prova Objetiva e\/ou obtiver nota 0 (zero) em qualquer uma das disciplinas.\n<\/p>\n<p style=\"text-align: justify\">\n\t&nbsp;\n<\/p>\n<h2 style=\"text-align: justify\">\n\t2a Fase &#8211; Prova de Aptid&atilde;o F&iacute;sica<br \/>\n<\/h2>\n<p style=\"text-align: justify\">\n\tSer&atilde;o classificados para a Prova de Aptid&atilde;o F&iacute;sica, conforme a ordem decrescente da nota obtida na Prova Objetiva:\n<\/p>\n<p style=\"text-align: justify;margin-left: 40px\">\n\t&bull;&bull; 1.150 candidatos ao&nbsp;cargo de Aluno Soldado Combatente;\n<\/p>\n<p style=\"text-align: justify;margin-left: 40px\">\n\t&bull;&bull; 50 candidatos ao cargo de Aluno Soldado M&uacute;sico;\n<\/p>\n<p style=\"text-align: justify;margin-left: 40px\">\n\t&bull;&bull; 25 candidatos ao cargo de Aluno Soldado de Sa&uacute;de &#8211; T&eacute;cnico de Enfermagem;&nbsp;\n<\/p>\n<p style=\"text-align: justify;margin-left: 40px\">\n\t&bull;&bull; 25 candidatos ao cargo de Aluno Soldado de Sa&uacute;de &#8211; Auxiliar de Sa&uacute;de Bucal.\n<\/p>\n<p style=\"text-align: justify\">\n\tEm caso de empate na u\u0301ltima posic\u0327a\u0303o do quantitativo acima definido, todos os empatados nesta posic\u0327a\u0303o sera\u0303o convocados.\n<\/p>\n<p style=\"text-align: justify\">\n\tOs exerci\u0301cios fi\u0301sicos para a realizac\u0327a\u0303o da Prova de Aptida\u0303o Fi\u0301sica sera\u0303o os seguintes:\n<\/p>\n<p style=\"text-align: justify;margin-left: 40px\">\n\t&rArr; Resiste\u0302ncia Muscular Localizada: Teste de apoio de frente sobre o solo e Teste de resiste\u0302ncia abdominal em 1 minuto, conforme especificado no <u><strong><a href=\"http:\/\/www.agencia.ac.gov.br\/wp-content\/uploads\/2017\/03\/Edital.pdf\" target=\"_blank\"><span style=\"color:#0000CD\">edital<\/span><\/a><\/strong><\/u>;\n<\/p>\n<p style=\"text-align: justify;margin-left: 40px\">\n\t&rArr; Teste de Forc\u0327a: Teste dina\u0302mico de barra fixa com pegada em pronac\u0327a\u0303o para homens (Execuc\u0327a\u0303o Dina\u0302mica), Teste de barra fixa com pegada em pronac\u0327a\u0303o para mulheres (Execuc\u0327a\u0303o Isome\u0301trica), nos termos do&nbsp;<u><strong><a href=\"http:\/\/www.agencia.ac.gov.br\/wp-content\/uploads\/2017\/03\/Edital.pdf\" target=\"_blank\"><span style=\"color:#0000CD\">edital<\/span><\/a><\/strong><\/u>.<br \/>\n\t&rArr; Resiste\u0302ncia Cardiovascular: Teste de Corrida para homens &ndash; desempenho mi\u0301nimo de 2.400 metros (Cooper) e Teste de Corrida para mulheres &ndash; desempenho mi\u0301nimo de 1.800 metros (Cooper), nos termos do <u><strong><a href=\"http:\/\/www.agencia.ac.gov.br\/wp-content\/uploads\/2017\/03\/Edital.pdf\" target=\"_blank\"><span style=\"color:#0000CD\">edital<\/span><\/a><\/strong><\/u>; e\n<\/p>\n<p style=\"text-align: justify;margin-left: 40px\">\n\t&rArr; Teste de Natac\u0327a\u0303o: Visa verificar a adaptac\u0327a\u0303o do candidato ao meio li\u0301quido, mensurado atrave\u0301s do desempenho em nadar em 01 (um) dos estilos &ldquo;crawl, costas, peito e borboleta&rdquo;.\n<\/p>\n<p style=\"text-align: justify\">\n\tA Prova de Aptid&atilde;o F&iacute;sica &eacute; de car&aacute;ter eliminat&oacute;rio.\n<\/p>\n<p style=\"text-align: justify\">\n\t&nbsp;\n<\/p>\n<h2 style=\"text-align: justify\">\n\t2a Fase &#8211; Exame Psicot&eacute;cnico<br \/>\n<\/h2>\n<p style=\"text-align: justify\">\n\tTodos os candidatos considerados APTOS na Prova de Aptida\u0303o Fi\u0301sica sera\u0303o convocados para o Exame Psicote\u0301cnico, de presenc\u0327a obrigato\u0301ria e de cara\u0301ter eliminato\u0301rio\n<\/p>\n<p style=\"text-align: justify\">\n\tO Exame Psicote\u0301cnico para fins de selec\u0327a\u0303o de candidatos e\u0301 um processo realizado mediante o emprego de um conjunto de procedimentos objetivos e cienti\u0301ficos, que permite identificar se o candidato preenche os padro\u0303es psicolo\u0301gicos exigidos e as caracteri\u0301sticas para um melhor desempenho da func\u0327a\u0303o.\n<\/p>\n<p style=\"text-align: justify\">\n\tNo Exame Psicot&eacute;cnico o candidato ser&aacute; avaliado&nbsp;nos para\u0302metros estabelecidos no Perfil Profissiogra\u0301fico do Policial Militar do Acre, conforme a seguir:\n<\/p>\n<p style=\"text-align: justify;margin-left: 40px\">\n\t&rArr; controle emocional;\n<\/p>\n<p style=\"text-align: justify;margin-left: 40px\">\n\t&rArr; ansiedade;\n<\/p>\n<p style=\"text-align: justify;margin-left: 40px\">\n\t&rArr; impulsividade;\n<\/p>\n<p style=\"text-align: justify;margin-left: 40px\">\n\t&rArr; resist&ecirc;ncia &agrave; frustra&ccedil;&atilde;o;\n<\/p>\n<p style=\"text-align: justify;margin-left: 40px\">\n\t&rArr; potencial de desenvolvido cognitivo;\n<\/p>\n<p style=\"text-align: justify;margin-left: 40px\">\n\t&rArr; mem&oacute;ria auditiva e visual;\n<\/p>\n<p style=\"text-align: justify;margin-left: 40px\">\n\t&rArr; controle e canaliza&ccedil;&atilde;o produtiva da agressividade;\n<\/p>\n<p style=\"text-align: justify;margin-left: 40px\">\n\t&rArr; flexibilidade de conduta;\n<\/p>\n<p style=\"text-align: justify;margin-left: 40px\">\n\t&rArr; iniciativa;\n<\/p>\n<p style=\"text-align: justify;margin-left: 40px\">\n\t&rArr; relacionamento interpessoal;\n<\/p>\n<p style=\"text-align: justify;margin-left: 40px\">\n\t&rArr; potencial de lideran&ccedil;a;\n<\/p>\n<p style=\"text-align: justify;margin-left: 40px\">\n\t&rArr; racioc&iacute;nio l&oacute;gico;\n<\/p>\n<p style=\"text-align: justify;margin-left: 40px\">\n\t&rArr; aten&ccedil;&atilde;o concentrada;\n<\/p>\n<p style=\"text-align: justify;margin-left: 40px\">\n\t&rArr; flu&ecirc;ncia verbal;\n<\/p>\n<p style=\"text-align: justify;margin-left: 40px\">\n\t&rArr; dom&iacute;nio psicomotor;\n<\/p>\n<p style=\"text-align: justify;margin-left: 40px\">\n\t&rArr; autoconfian&ccedil;a;\n<\/p>\n<p style=\"text-align: justify;margin-left: 40px\">\n\t&rArr; disposi&ccedil;&atilde;o para o trabalho;\n<\/p>\n<p style=\"text-align: justify;margin-left: 40px\">\n\t&rArr; resist&ecirc;ncia &agrave; fadiga psicof&iacute;sica;\n<\/p>\n<p style=\"text-align: justify;margin-left: 40px\">\n\t&rArr; capacidade de cooperar e trabalhar em grupo;\n<\/p>\n<p style=\"text-align: justify;margin-left: 40px\">\n\t&rArr; criatividade;\n<\/p>\n<p style=\"text-align: justify;margin-left: 40px\">\n\t&rArr; sinais f&oacute;bicos e disr&iacute;tmicos;\n<\/p>\n<p style=\"text-align: justify;margin-left: 40px\">\n\t&rArr; percep&ccedil;&atilde;o de detalhes;\n<\/p>\n<p style=\"text-align: justify;margin-left: 40px\">\n\t&rArr; capacidade de improvisa&ccedil;&atilde;o.\n<\/p>\n<p style=\"text-align: justify\">\n\t&nbsp;\n<\/p>\n<h2 style=\"text-align: justify\">\n\t2a Fase &#8211; Prova Pr&aacute;tica Instrumental<br \/>\n<\/h2>\n<p style=\"text-align: justify\">\n\tA Prova Pr&aacute;tica Instrumental somente ser&aacute; realizada para os candidatos ao cargo de Aluno Soldado M&uacute;sico.\n<\/p>\n<p style=\"text-align: justify\">\n\tNa prova pra\u0301tica instrumental sera\u0303o avaliadas, entre outros aspectos, a interpretac\u0327a\u0303o musical, em conformidade com o estilo da obra, afinac\u0327a\u0303o, articulac\u0327a\u0303o, dina\u0302mica, precisa\u0303o ri\u0301tmica, qualidade do som e da execuc\u0327a\u0303o instrumental e qualidade da leitura a\u0300 primeira vista.\n<\/p>\n<p style=\"text-align: justify\">\n\t&nbsp;\n<\/p>\n<h2 style=\"text-align: justify\">\n\t2a. Fase &#8211; Exame M&eacute;dico e Toxicol&oacute;gico<br \/>\n<\/h2>\n<p style=\"text-align: justify\">\n\tA fase de Exame Me\u0301dico e Toxicolo\u0301gico, de cara\u0301ter unicamente eliminato\u0301rio, sera\u0301 realizada somente com os candidatos APTOS no Exame Psicote\u0301cnico e na Prova Pra\u0301tica Instrumental.\n<\/p>\n<p style=\"text-align: justify\">\n\tPara a realizac\u0327a\u0303o do Exame Me\u0301dico e Toxicolo\u0301gico, obrigatoriamente os candidatos devera\u0303o apresentar os exames, acompanhados dos respectivos laudos:\n<\/p>\n<p style=\"text-align: justify;margin-left: 40px\">\n\t\uf0b7 &nbsp;Hemograma;\n<\/p>\n<p style=\"text-align: justify;margin-left: 40px\">\n\t\uf0b7 &nbsp;Glicemia;\n<\/p>\n<p style=\"text-align: justify;margin-left: 40px\">\n\t\uf0b7 &nbsp;Chagas;\n<\/p>\n<p style=\"text-align: justify;margin-left: 40px\">\n\t\uf0b7 &nbsp;VDRL;\n<\/p>\n<p style=\"text-align: justify;margin-left: 40px\">\n\t\uf0b7 &nbsp;HBSAg;\n<\/p>\n<p style=\"text-align: justify;margin-left: 40px\">\n\t\uf0b7 &nbsp;TGO;\n<\/p>\n<p style=\"text-align: justify;margin-left: 40px\">\n\t\uf0b7 &nbsp;TGP;\n<\/p>\n<p style=\"text-align: justify;margin-left: 40px\">\n\t\uf0b7 &nbsp;Bilirrubinas e frac\u0327o\u0303es;\n<\/p>\n<p style=\"text-align: justify;margin-left: 40px\">\n\t\uf0b7 &nbsp;Tipo Sangui\u0301neo e fator RH;\n<\/p>\n<p style=\"text-align: justify;margin-left: 40px\">\n\t\uf0b7 &nbsp;Eletrocardiograma;\n<\/p>\n<p style=\"text-align: justify;margin-left: 40px\">\n\t\uf0b7 &nbsp;Raios-X de to\u0301rax;\n<\/p>\n<p style=\"text-align: justify;margin-left: 40px\">\n\t\uf0b7 &nbsp;Toxicolo\u0301gico, do tipo &ldquo;larga janela de detecc\u0327a\u0303o&rdquo;, que acusam uso de substa\u0302ncias entorpecentes ili\u0301citas causadoras de depende\u0302ncia qui\u0301mica ou psi\u0301quica de qualquer&nbsp;natureza e devera\u0303o apresentar resultados para um peri\u0301odo mi\u0301nimo de 90 (noventa) dias;\n<\/p>\n<p style=\"text-align: justify;margin-left: 40px\">\n\t\uf0b7 &nbsp;Oftalmolo\u0301gico completo (inclusive com avaliac\u0327a\u0303o sensocroma\u0301tica);\n<\/p>\n<p style=\"text-align: justify;margin-left: 40px\">\n\t\uf0b7 &nbsp;Audiometria tonal e vocal.\n<\/p>\n<p style=\"text-align: justify\">\n\t&nbsp;\n<\/p>\n<h2 style=\"text-align: justify\">\n\t3a Fase &#8211; Investiga&ccedil;&atilde;o Criminal e Social<br \/>\n<\/h2>\n<p style=\"text-align: justify\">\n\tConforme o edital PMAC 2017, participara\u0303o desta Fase, de cara\u0301ter eliminato\u0301rio, os candidatos APTOS na Fase Exame Me\u0301dico e Toxicolo\u0301gico.\n<\/p>\n<p style=\"text-align: justify\">\n\tNesta fase do concurso sera\u0301 considerado &ldquo;CONTRAINDICADO&rdquo;, o candidato cuja Investigac\u0327a\u0303o Criminal e Social constatar, a qualquer tempo, envolvimento comprometedor no passado ou presente, como:\n<\/p>\n<p style=\"text-align: justify;margin-left: 40px\">\n\t&rArr; pra\u0301tica de ac\u0327o\u0303es delituosas, mesmo na\u0303o existindo inque\u0301rito policial ou ac\u0327a\u0303o penal instaurados;\n<\/p>\n<p style=\"text-align: justify;margin-left: 40px\">\n\t&rArr;&nbsp;to\u0301xicos, como usua\u0301rio ou fornecedor;\n<\/p>\n<p style=\"text-align: justify;margin-left: 40px\">\n\t&rArr;&nbsp;atos de vandalismo, desonestidade, indisciplina ou viole\u0302ncia em escolas, locais de trabalho, come\u0301rcio, estabelecimentos financeiros, fami\u0301lia ou comunidade;\n<\/p>\n<p style=\"text-align: justify;margin-left: 40px\">\n\t&rArr;&nbsp;pra\u0301tica de alcoolismo;\n<\/p>\n<p style=\"text-align: justify;margin-left: 40px\">\n\t&rArr;&nbsp;ac\u0327o\u0303es que culminaram em demissa\u0303o, licenciamento ou exclusa\u0303o de organizac\u0327o\u0303es civis ou militares por motivos disciplinares ou conduta inadequada;\n<\/p>\n<p style=\"text-align: justify;margin-left: 40px\">\n\t&rArr; pra\u0301tica de crime contra a administrac\u0327a\u0303o pu\u0301blica ou atos de improbidade administrativa.\n<\/p>\n<p style=\"text-align: justify\">\n\tTambe\u0301m sera\u0301 considerado &ldquo;CONTRAINDICADO&rdquo;, o candidato que:\n<\/p>\n<p style=\"text-align: justify;margin-left: 40px\">\n\t&rArr; na\u0303o apresentar os certificados negativos de antecedentes criminais (nada consta), junto ao Poder Judicia\u0301rio Federal, Justic\u0327a Eleitoral, Justic\u0327a Estadual, ale\u0301m da certida\u0303o junto a\u0300 Secretaria de Seguranc\u0327a Pu\u0301blica, ou o\u0301rga\u0303o conge\u0302nere, nos estados em que tenha residido nos u\u0301ltimos cinco anos.\n<\/p>\n<p style=\"text-align: justify;margin-left: 40px\">\n\t&rArr; tiver sido condenado por sentenc\u0327a transitada em julgado por crime com pena prevista superior a dois anos ou ainda estiver em peri\u0301odo de cumprimento de pena.\n<\/p>\n<p style=\"text-align: justify;margin-left: 40px\">\n\t&rArr; tiver sido indiciado em inque\u0301rito policial ou denunciado por envolvimento com tra\u0301fico de drogas, porte ou posse ilegal de arma de fogo, roubo, furto, estupro, abandono de incapaz, bem como por demais crimes previstos no Co\u0301digo Penal Brasileiro, que possuam pena mi\u0301nima superior a quatro anos.\n<\/p>\n<p style=\"text-align: justify;margin-left: 40px\">\n\t&rArr; tenha sido dispensado de Corporac\u0327a\u0303o das Forc\u0327as Armadas, por incapacidade fi\u0301sica definitiva ou moral, ou por motivo incompati\u0301vel com as exige\u0302ncias para a func\u0327a\u0303o Policial Militar, de acordo com a legislac\u0327a\u0303o em vigor.\n<\/p>\n<p style=\"text-align: justify;margin-left: 40px\">\n\t&rArr; sendo egresso de outras instituic\u0327o\u0303es militares, na\u0303o estar classificado, no mi\u0301nimo, no comportamento &ldquo;BOM&rdquo;.\n<\/p>\n<p style=\"text-align: justify;margin-left: 40px\">\n\t&rArr; figure como indiciado em Inque\u0301rito Policial Militar ou Conselho de Disciplina, ou ainda, estiver respondendo a processo criminal comum ou militar, relativo a caso de fato ocorrido em conseque\u0302ncia do servic\u0327o que constitui\u0301a ili\u0301cito, infamante, lesivo, a\u0300 honra ou ao pudor militar. 13.7.8. Tenha sido desligado de estabelecimento militar por motivo disciplinar.\n<\/p>\n<p style=\"text-align: justify;margin-left: 40px\">\n\t&rArr; na\u0303o tenha idoneidade moral e conduta pregressa compati\u0301vel com o cargo de militar estadual pretendido.\n<\/p>\n<p style=\"text-align: justify\">\n\t&nbsp;\n<\/p>\n<p>\n\t<img loading=\"lazy\" decoding=\"async\" alt=\"edital PMAC 2017\" class=\"size-full wp-image-42649 alignleft\" height=\"616\" src=\"https:\/\/dhg1h5j42swfq.cloudfront.net\/2016\/05\/14113252\/novas-corujas-0621.png\" style=\"width: 200px;height: 121px\" title=\"\" width=\"1020\" srcset=\"https:\/\/dhg1h5j42swfq.cloudfront.net\/2016\/05\/14113252\/novas-corujas-0621.png 1020w, https:\/\/dhg1h5j42swfq.cloudfront.net\/2016\/05\/14113252\/novas-corujas-0621.png 300w, https:\/\/dhg1h5j42swfq.cloudfront.net\/2016\/05\/14113252\/novas-corujas-0621.png 768w, https:\/\/dhg1h5j42swfq.cloudfront.net\/2016\/05\/14113252\/novas-corujas-0621.png 497w\" sizes=\"auto, (max-width: 1020px) 100vw, 1020px\" \/>\n<\/p>\n<h2>\n\t<a href=\"https:\/\/www.estrategiaconcursos.com.br\/cursosPorConcurso\/policia-militar-do-acre-pm-ac\/\" target=\"_blank\">Curso p\/ Concursos<\/a><br \/>\n<\/h2>\n<p style=\"text-align: justify\">\n\t<span style=\"color:#008000\">O Estrat&eacute;gia Concursos j&aacute; lan&ccedil;ou cursos focados no&nbsp;<\/span><strong><a href=\"https:\/\/www.estrategiaconcursos.com.br\/cursosPorConcurso\/policia-militar-do-acre-pm-ac\/\"><span style=\"color:#0000FF\">edital PMAC 2017<\/span><\/a><\/strong><span style=\"color:#008000\">. Nossos cursos cont&ecirc;m o conte&uacute;do completo que ser&aacute; cobrado na sua prova. S&atilde;o PDF&acute;s e videoaulas, al&eacute;m de um f&oacute;rum de d&uacute;vidas exclusivo na &aacute;rea do aluno para voc&ecirc; esclarecer pontos com seus professores. Confiamos tanto na qualidade da nossa equipe e dos nossos materiais que n&oacute;s temos uma pol&iacute;tica de satisfa&ccedil;&atilde;o garantida ou seu dinheiro de volta, em at&eacute; 30 dias e sem burocracia.&nbsp;Voc&ecirc; n&atilde;o tem nada a perder, conhe&ccedil;a nossos cursos!<\/span>\n<\/p>\n<p style=\"text-align: justify\">\n\t&nbsp;\n<\/p>\n<p style=\"text-align: justify\">\n\t<img decoding=\"async\" alt=\"edital PMAC 2017\" class=\"alignnone size-full wp-image-60957\" src=\"https:\/\/www.estrategiaconcursos.com.br\/blog\/wp-content\/uploads\/2017\/01\/coruja-ficha-tecnica.png\" style=\"width: 200px;height: 68px\" \/>\n<\/p>\n<p>\n\t\u25ba&nbsp;<strong>Informa&ccedil;&otilde;es do Concurso<\/strong>\n<\/p>\n<p>\n\t&bull;&bull;&bull; Data prevista: edital na pra&ccedil;a\n<\/p>\n<p>\n\t&bull;&bull;&bull; Inscri&ccedil;&ocirc;es: 03\/03\/2017 at&eacute; 28\/03\/2017\n<\/p>\n<p>\n\t&bull;&bull;&bull; Data da prova: 23\/04\/2017\n<\/p>\n<p>\n\t&bull;&bull;&bull; Vagas: 250 vagas (230 Soldado Combatente, 10 Soldado M&uacute;sico, 10 Soldado de Sa&uacute;de)\n<\/p>\n<p>\n\t&bull;&bull;&bull; Lota&ccedil;&otilde;es: Estado do Acre\n<\/p>\n<p>\n\t&bull;&bull;&bull; Remunera&ccedil;&atilde;o inicial: R$ 3.319,12\n<\/p>\n<p>\n\t&bull;&bull;&bull; Banca: IBADE (<a href=\"http:\/\/www.ibade.org.br\/\" target=\"_blank\">www.ibade.org.br<\/a>)\n<\/p>\n<p>\n\t&bull;&bull;&bull; Edital:&nbsp;<strong><a href=\"http:\/\/www.agencia.ac.gov.br\/wp-content\/uploads\/2017\/03\/Edital.pdf\" target=\"_blank\">edital PMAC 2017<\/a><\/strong>\n<\/p>\n<p>\n\t&bull;&bull;&bull; Escolaridade: Ensimo M&eacute;dio&nbsp;\n<\/p>\n<p>\n\t&bull;&bull;&bull; Cursos Estrat&eacute;gia Concursos:&nbsp;<strong><a href=\"https:\/\/www.estrategiaconcursos.com.br\/cursosPorConcurso\/policia-militar-do-acre-pm-ac\/\" target=\"_blank\">CURSOS<\/a><\/strong><a href=\"https:\/\/www.estrategiaconcursos.com.br\/cursosPorConcurso\/policia-militar-do-acre-pm-ac\/\" target=\"_blank\"><strong>&nbsp;PMAC 2017<\/strong><\/a>\n<\/p>\n<p style=\"text-align: justify\">\n\t&nbsp;\n<\/p>\n<h2 style=\"text-align: justify\">\n\tDisciplinas Detalhadas<br \/>\n<\/h2>\n<p style=\"text-align: justify\">\n\tAdiante, voc&ecirc; tem as disciplinas que ser&atilde;o cobradas para cada cargo do concurso PMAC 2017 de forma detalhada.\n<\/p>\n<h3 style=\"text-align: justify\">\n\tALUNO SOLDADO COMBATENTE<br \/>\n<\/h3>\n<p style=\"text-align: justify\">\n\tLI\u0301NGUA PORTUGUESA:<br \/>\n\tCompreensa\u0303o de textos. Denotac\u0327a\u0303o e conotac\u0327a\u0303o. Ortografia: emprego das letras e acentuac\u0327a\u0303o gra\u0301fica. Sinais de Pontuac\u0327a\u0303o. Classes de palavras e suas flexo\u0303es. Coletivos. Verbos: conjugac\u0327a\u0303o, emprego dos tempos, modos e vozes verbais. Concorda\u0302ncias: nominal e verbal. Rege\u0302ncias: nominal e verbal. Emprego do acento indicativo da crase. Colocac\u0327a\u0303o dos pronomes. Sema\u0302ntica: sinoni\u0301mia, antoni\u0301mia, homoni\u0301mia, paroni\u0301mia, polissemia e figuras de linguagem. Func\u0327o\u0303es sinta\u0301ticas de termos e de orac\u0327o\u0303es. Processos sinta\u0301ticos: subordinac\u0327a\u0303o e coordenac\u0327a\u0303o.\n<\/p>\n<p style=\"text-align: justify\">\n\t&nbsp;\n<\/p>\n<p style=\"text-align: justify\">\n\tHISTO\u0301RIA E GEOGRAFIA DO ACRE:<br \/>\n\tAnexac\u0327a\u0303o do Acre ao Brasil. Evoluc\u0327a\u0303o poli\u0301tica e administrativa do Acre. Movimentos de defesa da floresta no Acre. Agricultura no Acre: das colo\u0302nias agri\u0301colas aos projetos de assentamento dirigidos. Reservas extrativas no Acre e desenvolvimento sustenta\u0301vel. Fluxos migrato\u0301rios no Acre. O espac\u0327o acreano: formac\u0327a\u0303o populacional, economia, espac\u0327o da cidade, espac\u0327o do campo, meio ambiente e desenvolvimento no Acre. O espac\u0327o acreano: relevo, clima, hidrografia, vegetac\u0327a\u0303o, problemas ambientais e apropriac\u0327a\u0303o do espac\u0327o, o meio ambiente como recurso econo\u0302mico: benefi\u0301cios e malefi\u0301cios.\n<\/p>\n<p style=\"text-align: justify\">\n\t&nbsp;\n<\/p>\n<p style=\"text-align: justify\">\n\tMATEMA\u0301TICA:<br \/>\n\tConjuntos: conceito, igualdade, classificac\u0327a\u0303o, pertine\u0302ncia, inclusa\u0303o, operac\u0327o\u0303es de unia\u0303o, intersec\u0327a\u0303o e diferenc\u0327a. Sistema de Numerac\u0327a\u0303o Decimal e outras bases de numerac\u0327a\u0303o. Operac\u0327o\u0303es com nu\u0301meros naturais. Problemas com as quatro operac\u0327o\u0303es. Expresso\u0303es Nume\u0301ricas. Divisibilidade. Mu\u0301ltiplos e Divisores. Nu\u0301meros Primos. Fatorac\u0327a\u0303o. MDC e MMC e aplicac\u0327o\u0303es. Nu\u0301meros Racionais: forma fraciona\u0301ria e forma decimal, operac\u0327o\u0303es e problemas. Medidas: unidades de medida (comprimento, massa, capacidade, superfi\u0301cie e volume). Grandezas Proporcionais: raza\u0303o, proporc\u0327a\u0303o, regra de tre\u0302s simples e composta. Porcentagem. Juros simples. Equac\u0327o\u0303es do Primeiro e do Segundo Grau. Noc\u0327o\u0303es de Geometria Plana: tria\u0302ngulos, quadrila\u0301teros, poli\u0301gonos, semelhanc\u0327a, teorema de Pita\u0301goras, a\u0301reas e volumes. Func\u0327o\u0303es: tabelas, gra\u0301ficos, estati\u0301sticas. Grau, quadra\u0301tica, exponencial e logaritmos. Matrizes. Determinantes. Sistema Linear. Probabilidades.\n<\/p>\n<p style=\"text-align: justify\">\n\t&nbsp;\n<\/p>\n<p style=\"text-align: justify\">\n\tATUALIDADES:<br \/>\n\tTo\u0301picos relevantes e atuais de diversas a\u0301reas, tais como poli\u0301tica, economia, sociedade, educac\u0327a\u0303o, tecnologia, energia, relac\u0327o\u0303es internacionais, desenvolvimento sustenta\u0301vel, seguranc\u0327a e ecologia, suas inter-relac\u0327o\u0303es e suas vinculac\u0327o\u0303es histo\u0301ricas. Globalizac\u0327a\u0303o. Compreensa\u0303o dos problemas que afetam a vida da comunidade, do estado e do pai\u0301s.\n<\/p>\n<p style=\"text-align: justify\">\n\t&nbsp;\n<\/p>\n<p style=\"text-align: justify\">\n\tINFORMA\u0301TICA BA\u0301SICA:<br \/>\n\tSistema operacional e ambiente Linux. Edic\u0327a\u0303o de textos, planilhas e apresentac\u0327o\u0303es em ambiente Linux. Sistema operacional e ambiente Windows. Edic\u0327a\u0303o de textos, planilhas e apresentac\u0327o\u0303es 4 em ambiente Windows. Conceitos ba\u0301sicos, ferramentas, aplicativos e procedimentos de Internet. Conceitos ba\u0301sicos,ferramentas, aplicativos e procedimentos de Intranet. Conceitos de organizac\u0327a\u0303o e de gerenciamento de informac\u0327o\u0303es, arquivos, pastas e programas. Seguranc\u0327a da informac\u0327a\u0303o. Procedimentos de seguranc\u0327a. Noc\u0327o\u0303es de vi\u0301rus e pragas virtuais. Noc\u0327o\u0303es de firewall. Aplicativos para seguranc\u0327a (anti-vi\u0301rus, anti-spyware, etc). Procedimentos de backup.\n<\/p>\n<p style=\"text-align: justify\">\n\t&nbsp;\n<\/p>\n<p style=\"text-align: justify\">\n\tESTATUTO DOS MILITARES ESTADUAIS E SUAS ALTERAC\u0327O\u0303ES:<br \/>\n\tLei Complementar no 164, de 3 julho de 2006.\n<\/p>\n<p style=\"text-align: justify\">\n\t&nbsp;\n<\/p>\n<h3 style=\"text-align: justify\">\n\tALUNO SOLDADO MU\u0301SICO<br \/>\n<\/h3>\n<p style=\"text-align: justify\">\n\tLI\u0301NGUA PORTUGUESA:&nbsp;<br \/>\n\tCompreensa\u0303o de textos. Denotac\u0327a\u0303o e conotac\u0327a\u0303o. Ortografia: emprego das letras e acentuac\u0327a\u0303o gra\u0301fica. Sinais de Pontuac\u0327a\u0303o. Classes de palavras e suas flexo\u0303es. Coletivos. Verbos: conjugac\u0327a\u0303o, emprego dos tempos, modos e vozes verbais. Concorda\u0302ncias: nominal e verbal. Rege\u0302ncias: nominal e verbal. Emprego do acento indicativo da crase. Colocac\u0327a\u0303o dos pronomes. Sema\u0302ntica: sinoni\u0301mia, antoni\u0301mia, homoni\u0301mia, paroni\u0301mia, polissemia e figuras de linguagem. Func\u0327o\u0303es sinta\u0301ticas de termos e de orac\u0327o\u0303es. Processos sinta\u0301ticos: subordinac\u0327a\u0303o e coordenac\u0327a\u0303o.\n<\/p>\n<p style=\"text-align: justify\">\n\t&nbsp;\n<\/p>\n<p style=\"text-align: justify\">\n\tHISTO\u0301RIA E GEOGRAFIA DO ACRE:<br \/>\n\tAnexac\u0327a\u0303o do Acre ao Brasil. Evoluc\u0327a\u0303o poli\u0301tica e administrativa do Acre. Movimentos de defesa da floresta no Acre. Agricultura no Acre: das colo\u0302nias agri\u0301colas aos projetos de assentamento dirigidos. Reservas extrativas no Acre e desenvolvimento sustenta\u0301vel. Fluxos migrato\u0301rios no Acre. O espac\u0327o acreano: formac\u0327a\u0303o populacional, economia, espac\u0327o da cidade, espac\u0327o do campo, meio ambiente e desenvolvimento no Acre. O espac\u0327o acreano: relevo, clima, hidrografia, vegetac\u0327a\u0303o, problemas ambientais e apropriac\u0327a\u0303o do espac\u0327o, o meio ambiente como recurso econo\u0302mico: benefi\u0301cios e malefi\u0301cios.\n<\/p>\n<p style=\"text-align: justify\">\n\tMATEMA\u0301TICA:<br \/>\n\tSistemas de numerac\u0327a\u0303o. Teoria dos conjuntos. Conjuntos nume\u0301ricos: propriedades e operac\u0327o\u0303es. MMC e MDC. Crite\u0301rios de divisibilidade. Produtos nota\u0301veis. Potenciac\u0327a\u0303o e radiciac\u0327a\u0303o. Fatorac\u0327a\u0303o. Medidas: a\u0301rea, massa, comprimento, capacidade, volume e tempo. Unidade moneta\u0301ria brasileira. Polino\u0302mios e equac\u0327o\u0303es polinomiais: operac\u0327o\u0303es; rai\u0301zes; relac\u0327o\u0303es entre os coeficientes e as rai\u0301zes. Relac\u0327o\u0303es bina\u0301rias e func\u0327o\u0303es. Func\u0327o\u0303es, equac\u0327o\u0303es e inequac\u0327o\u0303es (1o grau, 2o grau, exponencial e logari\u0301tmica). Logaritmos. Grandezas proporcionais. Regra de tre\u0302s simples e regra de composta. Porcentagem. Progressa\u0303o aritme\u0301tica. Progressa\u0303o geome\u0301trica. Estati\u0301stica. Sistema de Equac\u0327o\u0303es. Matrizes, determinantes e sistemas lineares. Seque\u0302ncias e se\u0301ries. Progressa\u0303o aritme\u0301tica e progressa\u0303o geome\u0301trica. Me\u0301dias aritme\u0301ticas simples, aritme\u0301tica ponderada, geome\u0301trica e harmo\u0302nica. Ana\u0301lise combinato\u0301ria e probabilidade. Trigonometria: Razo\u0303es trigonome\u0301tricas no tria\u0302ngulo reta\u0302ngulo; arcos e a\u0302ngulos; circunfere\u0302ncia trigonome\u0301trica; a\u0302ngulo entre os ponteiros de um relo\u0301gio; relac\u0327a\u0303o fundamental da trigonometria; reduc\u0327a\u0303o ao primeiro quadrante. Geometria plana: a\u0302ngulos; poli\u0301gonos; tria\u0302ngulos; quadrila\u0301teros; hexa\u0301gonos; ci\u0301rculo e circunfere\u0302ncia (principais elementos, ca\u0301lculo de peri\u0301metros e a\u0301reas); teorema de Tales; semelhanc\u0327a de tria\u0302ngulos; relac\u0327o\u0303es me\u0301tricas num tria\u0302ngulo reta\u0302ngulo e num tria\u0302ngulo qualquer (Lei dos senos e Lei dos cossenos). Geometria espacial: poliedros; paralelepi\u0301pedo, prisma, cilindro, pira\u0302mide, cone; esfera (principais elementos, ca\u0301lculo de peri\u0301metros, a\u0301reas e volumes). Matema\u0301tica financeira: juros simples e juros compostos (Juros, aumentos, descontos e montante). Racioci\u0301nio lo\u0301gico. Jogos e desafios da matema\u0301tica.\n<\/p>\n<p style=\"text-align: justify\">\n\t&nbsp;\n<\/p>\n<p style=\"text-align: justify\">\n\tATUALIDADES:<br \/>\n\tTo\u0301picos relevantes e atuais de diversas a\u0301reas, tais como poli\u0301tica, economia, sociedade, educac\u0327a\u0303o, tecnologia, energia, relac\u0327o\u0303es internacionais, desenvolvimento sustenta\u0301vel, seguranc\u0327a e ecologia, suas inter-relac\u0327o\u0303es e suas vinculac\u0327o\u0303es histo\u0301ricas. Globalizac\u0327a\u0303o. Compreensa\u0303o dos problemas que afetam a vida da comunidade, do estado e do pai\u0301s.\n<\/p>\n<p style=\"text-align: justify\">\n\t&nbsp;\n<\/p>\n<p style=\"text-align: justify\">\n\tINFORMA\u0301TICA BA\u0301SICA:<br \/>\n\tSistema operacional e ambiente Linux. Edic\u0327a\u0303o de textos, planilhas e apresentac\u0327o\u0303es em ambiente Linux. Sistema operacional e ambiente Windows. Edic\u0327a\u0303o de textos, planilhas e apresentac\u0327o\u0303es 4 em ambiente Windows. Conceitos ba\u0301sicos, ferramentas, aplicativos e procedimentos de Internet. Conceitos ba\u0301sicos,ferramentas, aplicativos e procedimentos de Intranet. Conceitos de organizac\u0327a\u0303o e de gerenciamento de informac\u0327o\u0303es, arquivos, pastas e programas. Seguranc\u0327a da informac\u0327a\u0303o. Procedimentos de seguranc\u0327a. Noc\u0327o\u0303es de vi\u0301rus e pragas virtuais. Noc\u0327o\u0303es de firewall. Aplicativos para seguranc\u0327a (anti-vi\u0301rus, anti-spyware, etc). Procedimentos de backup.\n<\/p>\n<p style=\"text-align: justify\">\n\t&nbsp;\n<\/p>\n<p style=\"text-align: justify\">\n\tESTATUTO DOS MILITARES ESTADUAIS E SUAS ALTERAC\u0327O\u0303ES:<br \/>\n\tLei Complementar no 164, de 3 julho de 2006.\n<\/p>\n<p style=\"text-align: justify\">\n\t&nbsp;\n<\/p>\n<p style=\"text-align: justify\">\n\tCONHECIMENTOS ESPECI\u0301FICOS:&nbsp;ALUNO SOLDADO MU\u0301SICO<br \/>\n\tNotas; pauta; clave de sol; clave de fa\u0301 na 4a linha; valores; semitom, tom e alterac\u0327o\u0303es; ponto de aumento e de diminuic\u0327a\u0303o; ligadura; claves de do\u0301 na 1a, 2a, 3a e 4a linhas; intervalos simples e compostos: formac\u0327a\u0303o, classificac\u0327a\u0303o, inversa\u0303o e enarmonia; escala &#8211; grau; escala maior: forma primitiva, harmo\u0302nica e melo\u0301dica; escala menor: forma primitiva, harmo\u0302nica e melo\u0301dica; se\u0301rie harmo\u0302nica; compassos; si\u0301ncope; contratempo; quia\u0301lteras e anacruse; tons vizinhos; modos litu\u0301rgicos: jo\u0302nio; do\u0301rico, fri\u0301gio, li\u0301dio, mixoli\u0301dio, eo\u0301lio e lo\u0301crio; formac\u0327a\u0303o, classificac\u0327a\u0303o, inverso\u0303es e cifragem pra\u0301tica de acordes: tri\u0301ades; maior, menor, diminuta, aumentada; formac\u0327a\u0303o, classificac\u0327a\u0303o, inverso\u0303es e cifragem pra\u0301tica de acordes: te\u0301trades; maior, menor, diminuta, aumentada e dominantes; resoluc\u0327a\u0303o do tri\u0301tono na preparac\u0327a\u0303o V7 prima\u0301rio; ornamento: apogiatura, mordente, grupeto, trinado, floreio, portamento, arpejo, cade\u0302ncia, glisando; transporte; transposic\u0327a\u0303o para instrumentos transpositores; andamento; expressa\u0303o; escalas artificiais: escala croma\u0301tica maior e menor; abreviaturas; e escala geral.\n<\/p>\n<p style=\"text-align: justify\">\n\t&nbsp;\n<\/p>\n<h3 style=\"text-align: justify\">\n\tALUNO SOLDADO SAU\u0301DE &ndash; TE\u0301CNICO EM ENFERMAGEM E ALUNO SOLDADO SAU\u0301DE &ndash; AUXILIAR EM SAU\u0301DE BUCAL<br \/>\n<\/h3>\n<p style=\"text-align: justify\">\n\tLI\u0301NGUA PORTUGUESA:<br \/>\n\tCompreensa\u0303o de textos. Denotac\u0327a\u0303o e conotac\u0327a\u0303o. Ortografia: emprego das letras e acentuac\u0327a\u0303o gra\u0301fica. Sinais de Pontuac\u0327a\u0303o. Classes de palavras e suas flexo\u0303es. Coletivos. Verbos: conjugac\u0327a\u0303o, emprego dos tempos, modos e vozes verbais. Concorda\u0302ncias: nominal e verbal. Rege\u0302ncias: nominal e verbal. Emprego do acento indicativo da crase. Colocac\u0327a\u0303o dos pronomes. Sema\u0302ntica: sinoni\u0301mia, antoni\u0301mia, homoni\u0301mia, paroni\u0301mia, polissemia e figuras de linguagem. Func\u0327o\u0303es sinta\u0301ticas de termos e de orac\u0327o\u0303es. Processos sinta\u0301ticos: subordinac\u0327a\u0303o e coordenac\u0327a\u0303o.\n<\/p>\n<p style=\"text-align: justify\">\n\t&nbsp;\n<\/p>\n<p style=\"text-align: justify\">\n\tHISTO\u0301RIA E GEOGRAFIA DO ACRE:<br \/>\n\tAnexac\u0327a\u0303o do Acre ao Brasil. Evoluc\u0327a\u0303o poli\u0301tica e administrativa do Acre. Movimentos de defesa da floresta no Acre. Agricultura no Acre: das colo\u0302nias agri\u0301colas aos projetos de assentamento dirigidos. Reservas extrativas no Acre e desenvolvimento sustenta\u0301vel. Fluxos migrato\u0301rios no Acre. O espac\u0327o acreano: formac\u0327a\u0303o populacional, economia, espac\u0327o da cidade, espac\u0327o do campo, meio ambiente e desenvolvimento no Acre. O espac\u0327o acreano: relevo, clima, hidrografia, vegetac\u0327a\u0303o, problemas ambientais e apropriac\u0327a\u0303o do espac\u0327o, o meio ambiente como recurso econo\u0302mico: benefi\u0301cios e malefi\u0301cios.\n<\/p>\n<p style=\"text-align: justify\">\n\t&nbsp;\n<\/p>\n<p style=\"text-align: justify\">\n\tMATEMA\u0301TICA:<br \/>\n\tSistemas de numerac\u0327a\u0303o. Teoria dos conjuntos. Conjuntos nume\u0301ricos: propriedades e operac\u0327o\u0303es. MMC e MDC. Crite\u0301rios de divisibilidade. Produtos nota\u0301veis. Potenciac\u0327a\u0303o e radiciac\u0327a\u0303o. Fatorac\u0327a\u0303o. Medidas: a\u0301rea, massa, comprimento, capacidade, volume e tempo. Unidade moneta\u0301ria brasileira. Polino\u0302mios e equac\u0327o\u0303es polinomiais: operac\u0327o\u0303es; rai\u0301zes; relac\u0327o\u0303es entre os coeficientes e as rai\u0301zes. Relac\u0327o\u0303es bina\u0301rias e func\u0327o\u0303es. Func\u0327o\u0303es, equac\u0327o\u0303es e inequac\u0327o\u0303es (1o grau, 2o grau, exponencial e logari\u0301tmica). Logaritmos. Grandezas proporcionais. Regra de tre\u0302s simples e regra de composta. Porcentagem. Progressa\u0303o aritme\u0301tica. Progressa\u0303o geome\u0301trica. Estati\u0301stica. Sistema de Equac\u0327o\u0303es. Matrizes, determinantes e sistemas lineares. Seque\u0302ncias e se\u0301ries. Progressa\u0303o aritme\u0301tica e progressa\u0303o&nbsp;geome\u0301trica. Me\u0301dias aritme\u0301ticas simples, aritme\u0301tica ponderada, geome\u0301trica e harmo\u0302nica. Ana\u0301lise combinato\u0301ria e probabilidade. Trigonometria: Razo\u0303es trigonome\u0301tricas no tria\u0302ngulo reta\u0302ngulo; arcos e a\u0302ngulos; circunfere\u0302ncia trigonome\u0301trica; a\u0302ngulo entre os ponteiros de um relo\u0301gio; relac\u0327a\u0303o fundamental da trigonometria; reduc\u0327a\u0303o ao primeiro quadrante. Geometria plana: a\u0302ngulos; poli\u0301gonos; tria\u0302ngulos; quadrila\u0301teros; hexa\u0301gonos; ci\u0301rculo e circunfere\u0302ncia (principais elementos, ca\u0301lculo de peri\u0301metros e a\u0301reas); teorema de Tales; semelhanc\u0327a de tria\u0302ngulos; relac\u0327o\u0303es me\u0301tricas num tria\u0302ngulo reta\u0302ngulo e num tria\u0302ngulo qualquer (Lei dos senos e Lei dos cossenos). Geometria espacial: poliedros; paralelepi\u0301pedo, prisma, cilindro, pira\u0302mide, cone; esfera (principais elementos, ca\u0301lculo de peri\u0301metros, a\u0301reas e volumes). Matema\u0301tica financeira: juros simples e juros compostos (Juros, aumentos, descontos e montante). Racioci\u0301nio lo\u0301gico. Jogos e desafios da matema\u0301tica.\n<\/p>\n<p style=\"text-align: justify\">\n\t&nbsp;\n<\/p>\n<p style=\"text-align: justify\">\n\tATUALIDADES:<br \/>\n\tTo\u0301picos relevantes e atuais de diversas a\u0301reas, tais como poli\u0301tica, economia, sociedade, educac\u0327a\u0303o, tecnologia, energia, relac\u0327o\u0303es internacionais, desenvolvimento sustenta\u0301vel, seguranc\u0327a e ecologia, suas inter-relac\u0327o\u0303es e suas vinculac\u0327o\u0303es histo\u0301ricas. Globalizac\u0327a\u0303o. Compreensa\u0303o dos problemas que afetam a vida da comunidade, do estado e do pai\u0301s.\n<\/p>\n<p style=\"text-align: justify\">\n\t&nbsp;\n<\/p>\n<p style=\"text-align: justify\">\n\tINFORMA\u0301TICA BA\u0301SICA:<br \/>\n\tSistema operacional e ambiente Linux. Edic\u0327a\u0303o de textos, planilhas e apresentac\u0327o\u0303es em ambiente Linux. Sistema operacional e ambiente Windows. Edic\u0327a\u0303o de textos, planilhas e apresentac\u0327o\u0303es 4 em ambiente Windows. Conceitos ba\u0301sicos, ferramentas, aplicativos e procedimentos de Internet. Conceitos ba\u0301sicos,ferramentas, aplicativos e procedimentos de Intranet. Conceitos de organizac\u0327a\u0303o e de gerenciamento de informac\u0327o\u0303es, arquivos, pastas e programas. Seguranc\u0327a da informac\u0327a\u0303o. Procedimentos de seguranc\u0327a. Noc\u0327o\u0303es de vi\u0301rus e pragas virtuais. Noc\u0327o\u0303es de firewall. Aplicativos para seguranc\u0327a (anti-vi\u0301rus, anti-spyware, etc). Procedimentos de backup.\n<\/p>\n<p style=\"text-align: justify\">\n\t&nbsp;\n<\/p>\n<p style=\"text-align: justify\">\n\tESTATUTO DOS MILITARES ESTADUAIS E SUAS ALTERAC\u0327O\u0303ES:<br \/>\n\tLei Complementar no 164, de 3 julho de 2006\n<\/p>\n<p style=\"text-align: justify\">\n\t&nbsp;\n<\/p>\n<p style=\"text-align: justify\">\n\tCONHECIMENTOS ESPECI\u0301FICOS:<br \/>\n\tALUNO SOLDADO SAU\u0301DE &ndash; AUXILIAR EM SAU\u0301DE BUCAL<br \/>\n\tAdministrac\u0327a\u0303o do Consulto\u0301rio Denta\u0301rio. Ergonomia Aplicada a\u0300 Odontologia. A\u0301reas ou zonas de trabalho. Padronizac\u0327a\u0303o. Deveres do ASB. Transfere\u0302ncias de instrumentos. Tempo, ac\u0327a\u0303o e movimento. O equipamento como elemento de trabalho. Conduta do ASB frente ao cirurgia\u0303o dentista. Posic\u0327a\u0303o de trabalho do cirurgia\u0303o dentista. Anatomia. Definic\u0327a\u0303o. Corpo humano. Anatomia denta\u0301ria. Biosseguranc\u0327a. Contaminac\u0327a\u0303o. Cuidados universais. Objetivos. Preparac\u0327a\u0303o do ambiente. Conceito. Classificac\u0327a\u0303o. Classificac\u0327a\u0303o dos objetivos inanimados &#8211; Spaulding. Etapas para o processamento do instrumental contaminado. Cuidados com a manipulac\u0327a\u0303o do lixo e da roupa suja. Doenc\u0327as Infectocontagiosas. Infecc\u0327o\u0303es bacterianas. Infecc\u0327o\u0303es fu\u0301ngicas. Infecc\u0327o\u0303es viro\u0301ticas. Protec\u0327a\u0303o por vacinas. Fundamentos Ba\u0301sicos de Enfermagem. Sinais vitais. Emerge\u0302ncias me\u0301dicas em consulto\u0301rio denta\u0301rio. Vias de administrac\u0327a\u0303o de medicamentos. Radiologia. Aparelhos de raios-X odontolo\u0301gicos. Radioprotec\u0327a\u0303o. Filmes radiogra\u0301ficos periapicais. Ca\u0302mara escura. Soluc\u0327o\u0303es de processamento. Laborato\u0301rio de Pro\u0301tese Denta\u0301ria. Pro\u0301tese. Pro\u0301tese denta\u0301ria. Tipos de pro\u0301tese denta\u0301ria. A participac\u0327a\u0303o do ASB no atendimento dos servic\u0327os de pro\u0301tese. Relac\u0327a\u0303o entre ASB e TSB. Fases de confecc\u0327a\u0303o de pro\u0301teses. Prevenc\u0327a\u0303o. Placa denta\u0301ria. Doenc\u0327a periodontal. Doenc\u0327a ca\u0301rie. Meios de controle. Selantes na prevenc\u0327a\u0303o. Cadeia odontolo\u0301gica. Equipo. Unidade auxiliar. Foco ou refletor. Mocho. Aparelho de raios-X. Amalgamador. Fotopolimerizador. Ultrassom. Esterilizador de bolinhas. Ca\u0302mara escura. Negatosco\u0301pio. Estufa. Autoclave. Seladora automa\u0301tica. Pec\u0327as de ma\u0303o. Seringa tri\u0301plice. Compressor. Caixa de comando. Pedal. Bomba de alta succ\u0327a\u0303o. Arma\u0301rio cli\u0301nico auxiliar. Instrumentais Odontolo\u0301gicos. Instrumentais para exame cli\u0301nico. Instrumentais para procedimentos. Instrumentais para cirurgia. Instrumentais e materiais para exodontias. Instrumentais para periodontia. Instrumentais e materiais para denti\u0301stica e pro\u0301tese. Para endodontia &#8211; Instrumentais e materiais. Instrumentais para ortodontia. Materiais Denta\u0301rios. Materiais restauradores diretos. Cimentos e bases produtoras. Materiais para confecc\u0327a\u0303o de pro\u0301tese. Manipulac\u0327a\u0303o de gessos. Cimentos para endodontia. Materiais Diversos. Para denti\u0301stica, pro\u0301tese e endodontia. Para prevenc\u0327a\u0303o e higiene bucal. Para biosseguranc\u0327a e cirurgia. Para denti\u0301stica, pro\u0301tese e ortodontia. Programa de educac\u0327a\u0303o em sau\u0301de bucal. Legislac\u0327a\u0303o Sau\u0301de Pu\u0301blica: Constituic\u0327a\u0303o Federal &#8211; Artigos 196 a 200. Lei Federal 8.080\/90 &#8211; Dispo\u0303e sobre as condic\u0327o\u0303es para a promoc\u0327a\u0303o, protec\u0327a\u0303o e recuperac\u0327a\u0303o da sau\u0301de, a organizac\u0327a\u0303o e o funcionamento dos servic\u0327os correspondentes e da\u0301 outras provide\u0302ncias. Lei n.o 11.889, de 24 de dezembro de 2008 &#8211; Regulamenta o exerci\u0301cio das profisso\u0303es de Te\u0301cnico em Sau\u0301de Bucal &#8211; TSB e de Auxiliar em Sau\u0301de Bucal &#8211; ASB. E\u0301tica profissional &#8211; Conceito. Direito dos pacientes. Comportamento profissional. Privacidade e segredo profissional.\n<\/p>\n<p style=\"text-align: justify\">\n\t&nbsp;\n<\/p>\n<p style=\"text-align: justify\">\n\tALUNO SOLDADO SAU\u0301DE &ndash; TE\u0301CNICO EM ENFERMAGEM<br \/>\n\tA inserc\u0327a\u0303o dos servic\u0327os de enfermagem no Sistema U\u0301nico de Sau\u0301de (SUS). Co\u0301digo de E\u0301tica e Lei do Exerci\u0301cio Profissional. Poli\u0301tica de Humanizac\u0327a\u0303o do SUS. Funcionamento dos sistemas: locomotor, pele e anexos, cardiovascular, linfa\u0301tico, respirato\u0301rio, nervoso, sensorial, endo\u0301crino, urina\u0301rio e o\u0301rga\u0303os genitais. Agentes infecciosos e ectoparasitos (vi\u0301rus, bacte\u0301rias, fungos, protozoa\u0301rios e artro\u0301podes). Doenc\u0327as transmissi\u0301veis pelos agentes infecciosos e ectoparasitos. Saneamento ba\u0301sico. Educac\u0327a\u0303o em sau\u0301de. Conceito e tipo de imunidade. Programa de imunizac\u0327a\u0303o. Noc\u0327o\u0303es ba\u0301sicas sobre administrac\u0327a\u0303o de fa\u0301rmacos: ca\u0301lculos fundamentais, efeitos colaterais e assiste\u0302ncia de enfermagem. Procedimentos te\u0301cnicos de enfermagem. Assiste\u0302ncia integral de enfermagem a\u0300 sau\u0301de: da crianc\u0327a e do adolescente, da mulher, do adulto, do idoso e mental. Assiste\u0302ncia ao indivi\u0301duo, fami\u0301lia e comunidade com transtornos: agudos, cro\u0302nicos degenerativos, mentais, infecciosos e contagiosos. Assiste\u0302ncia de enfermagem no pre\u0301, trans e po\u0301s-operato\u0301rio. Assiste\u0302ncia de enfermagem em urge\u0302ncia e emerge\u0302ncia. Biosseguranc\u0327a: conceito, normas de prevenc\u0327a\u0303o e controle de infecc\u0327a\u0303o. Classificac\u0327a\u0303o de artigos e superfi\u0301cies hospitalares aplicando conhecimentos de desinfecc\u0327a\u0303o, limpeza, preparo e esterilizac\u0327a\u0303o de material. Preparac\u0327a\u0303o e acompanhamento de exames diagno\u0301sticos. Protocolos de seguranc\u0327a do paciente. Noc\u0327o\u0303es de administrac\u0327a\u0303o e organizac\u0327a\u0303o dos servic\u0327os de sau\u0301de e de enfermagem. Normas e\u0301ticas do COFEN.\n<\/p>\n<p style=\"text-align: justify\">\n\t&nbsp;\n<\/p>\n<p style=\"text-align: justify\">\n\t&nbsp;\n<\/p>\n<p style=\"text-align: justify\">\n\t&nbsp;\n<\/p>\n<p style=\"text-align: justify\">\n\t&nbsp;<\/p>\n","protected":false},"excerpt":{"rendered":"<p>O&nbsp;edital PMAC 2017, da Pol&iacute;cia Militar do Acre, foi publicado no dia 03\/03\/2017, no Di&aacute;rio Oficial do Estado do Acre. Saiba tudo do edital neste artigo. O professor Marcos Gir&atilde;o gravou este v&iacute;deo explicando tudo sobre o concurso da PM\/AC: &nbsp; Vagas De acordo com o edital,&nbsp;ser&atilde;o: &bull;&bull; 230 vagas para o cargo de Aluno [&hellip;]<\/p>\n","protected":false},"author":248,"featured_media":0,"comment_status":"open","ping_status":"open","sticky":false,"template":"","format":"standard","meta":{"post_tipo":"article","footnotes":""},"categories":[1],"tags":[],"tax_estado":[],"class_list":["post-66070","post","type-post","status-publish","format-standard","hentry","category-cursos-e-concursos"],"acf":[],"yoast_head":"<!-- This site is optimized with the Yoast SEO Premium plugin v27.2 (Yoast SEO v27.2) - https:\/\/yoast.com\/product\/yoast-seo-premium-wordpress\/ -->\n<title>Edital PMAC 2017 - Saiba tudo sobre o concurso agora!<\/title>\n<meta name=\"description\" content=\"Este artigo analisa o edital PMAC 2017 (Pol\u00edcia Militar do Acre). Nele, voc\u00ea saber\u00e1 dos requisitos, da remunera\u00e7\u00e3o, das disciplinas, etc.\" \/>\n<meta name=\"robots\" content=\"index, follow, max-snippet:-1, max-image-preview:large, max-video-preview:-1\" \/>\n<link rel=\"canonical\" href=\"https:\/\/www.estrategiaconcursos.com.br\/blog\/edital-pmac-2017\/\" \/>\n<meta property=\"og:locale\" content=\"pt_BR\" \/>\n<meta property=\"og:type\" content=\"article\" \/>\n<meta property=\"og:title\" content=\"Edital PMAC 2017 - Saiba tudo sobre o concurso agora!\" \/>\n<meta property=\"og:description\" content=\"Este artigo analisa o edital PMAC 2017 (Pol\u00edcia Militar do Acre). Nele, voc\u00ea saber\u00e1 dos requisitos, da remunera\u00e7\u00e3o, das disciplinas, etc.\" \/>\n<meta property=\"og:url\" content=\"https:\/\/www.estrategiaconcursos.com.br\/blog\/edital-pmac-2017\/\" \/>\n<meta property=\"og:site_name\" content=\"Estrat\u00e9gia Concursos\" \/>\n<meta property=\"article:published_time\" content=\"2017-03-04T14:54:49+00:00\" \/>\n<meta property=\"article:modified_time\" content=\"2017-03-09T20:27:24+00:00\" \/>\n<meta property=\"og:image\" content=\"https:\/\/www.estrategiaconcursos.com.br\/blog\/wp-content\/uploads\/2017\/03\/Adinoel-PMAC-disciplinas-01.png\" \/>\n<meta name=\"author\" content=\"Marcos Gir\u00e3o\" \/>\n<meta name=\"twitter:card\" content=\"summary_large_image\" \/>\n<meta name=\"twitter:creator\" content=\"@EstratConcursos\" \/>\n<meta name=\"twitter:site\" content=\"@EstratConcursos\" \/>\n<meta name=\"twitter:label1\" content=\"Escrito por\" \/>\n\t<meta name=\"twitter:data1\" content=\"Marcos Gir\u00e3o\" \/>\n\t<meta name=\"twitter:label2\" content=\"Est. tempo de leitura\" \/>\n\t<meta name=\"twitter:data2\" content=\"27 minutos\" \/>\n<script type=\"application\/ld+json\" class=\"yoast-schema-graph\">{\"@context\":\"https:\/\/schema.org\",\"@graph\":[{\"@type\":\"NewsArticle\",\"@id\":\"https:\/\/www.estrategiaconcursos.com.br\/blog\/edital-pmac-2017\/#article\",\"isPartOf\":{\"@id\":\"https:\/\/www.estrategiaconcursos.com.br\/blog\/edital-pmac-2017\/\"},\"author\":{\"name\":\"Marcos Gir\u00e3o\",\"@id\":\"https:\/\/www.estrategiaconcursos.com.br\/blog\/#\/schema\/person\/6be195b7a02a8ca214472b848686bb37\"},\"headline\":\"Edital PMAC 2017 &#8211; Saiba tudo sobre o concurso agora!\",\"datePublished\":\"2017-03-04T14:54:49+00:00\",\"dateModified\":\"2017-03-09T20:27:24+00:00\",\"mainEntityOfPage\":{\"@id\":\"https:\/\/www.estrategiaconcursos.com.br\/blog\/edital-pmac-2017\/\"},\"wordCount\":5347,\"commentCount\":0,\"publisher\":{\"@id\":\"https:\/\/www.estrategiaconcursos.com.br\/blog\/#organization\"},\"image\":{\"@id\":\"https:\/\/www.estrategiaconcursos.com.br\/blog\/edital-pmac-2017\/#primaryimage\"},\"thumbnailUrl\":\"https:\/\/www.estrategiaconcursos.com.br\/blog\/wp-content\/uploads\/2017\/03\/Adinoel-PMAC-disciplinas-01.png\",\"articleSection\":[\"Concursos P\u00fablicos\"],\"inLanguage\":\"pt-BR\",\"potentialAction\":[{\"@type\":\"CommentAction\",\"name\":\"Comment\",\"target\":[\"https:\/\/www.estrategiaconcursos.com.br\/blog\/edital-pmac-2017\/#respond\"]}],\"copyrightYear\":\"2017\",\"copyrightHolder\":{\"@id\":\"https:\/\/www.estrategiaconcursos.com.br\/blog\/#organization\"}},{\"@type\":\"WebPage\",\"@id\":\"https:\/\/www.estrategiaconcursos.com.br\/blog\/edital-pmac-2017\/\",\"url\":\"https:\/\/www.estrategiaconcursos.com.br\/blog\/edital-pmac-2017\/\",\"name\":\"Edital PMAC 2017 - Saiba tudo sobre o concurso agora!\",\"isPartOf\":{\"@id\":\"https:\/\/www.estrategiaconcursos.com.br\/blog\/#website\"},\"primaryImageOfPage\":{\"@id\":\"https:\/\/www.estrategiaconcursos.com.br\/blog\/edital-pmac-2017\/#primaryimage\"},\"image\":{\"@id\":\"https:\/\/www.estrategiaconcursos.com.br\/blog\/edital-pmac-2017\/#primaryimage\"},\"thumbnailUrl\":\"https:\/\/www.estrategiaconcursos.com.br\/blog\/wp-content\/uploads\/2017\/03\/Adinoel-PMAC-disciplinas-01.png\",\"datePublished\":\"2017-03-04T14:54:49+00:00\",\"dateModified\":\"2017-03-09T20:27:24+00:00\",\"description\":\"Este artigo analisa o edital PMAC 2017 (Pol\u00edcia Militar do Acre). Nele, voc\u00ea saber\u00e1 dos requisitos, da remunera\u00e7\u00e3o, das disciplinas, etc.\",\"breadcrumb\":{\"@id\":\"https:\/\/www.estrategiaconcursos.com.br\/blog\/edital-pmac-2017\/#breadcrumb\"},\"inLanguage\":\"pt-BR\",\"potentialAction\":[{\"@type\":\"ReadAction\",\"target\":[\"https:\/\/www.estrategiaconcursos.com.br\/blog\/edital-pmac-2017\/\"]}]},{\"@type\":\"ImageObject\",\"inLanguage\":\"pt-BR\",\"@id\":\"https:\/\/www.estrategiaconcursos.com.br\/blog\/edital-pmac-2017\/#primaryimage\",\"url\":\"https:\/\/dhg1h5j42swfq.cloudfront.net\/2017\/03\/04094524\/Adinoel-PMAC-disciplinas-01.png\",\"contentUrl\":\"https:\/\/dhg1h5j42swfq.cloudfront.net\/2017\/03\/04094524\/Adinoel-PMAC-disciplinas-01.png\",\"width\":965,\"height\":322},{\"@type\":\"BreadcrumbList\",\"@id\":\"https:\/\/www.estrategiaconcursos.com.br\/blog\/edital-pmac-2017\/#breadcrumb\",\"itemListElement\":[{\"@type\":\"ListItem\",\"position\":1,\"name\":\"In\u00edcio\",\"item\":\"https:\/\/www.estrategiaconcursos.com.br\/blog\/\"},{\"@type\":\"ListItem\",\"position\":2,\"name\":\"Edital PMAC 2017 &#8211; Saiba tudo sobre o concurso agora!\"}]},{\"@type\":\"WebSite\",\"@id\":\"https:\/\/www.estrategiaconcursos.com.br\/blog\/#website\",\"url\":\"https:\/\/www.estrategiaconcursos.com.br\/blog\/\",\"name\":\"Estrat\u00e9gia Concursos\",\"description\":\"O blog da Estrat\u00e9gia Concursos traz not\u00edcias sobre concursos e artigos de professores oferecendo cursos para concursos (pdf + videaulas) no site.\",\"publisher\":{\"@id\":\"https:\/\/www.estrategiaconcursos.com.br\/blog\/#organization\"},\"potentialAction\":[{\"@type\":\"SearchAction\",\"target\":{\"@type\":\"EntryPoint\",\"urlTemplate\":\"https:\/\/www.estrategiaconcursos.com.br\/blog\/?s={search_term_string}\"},\"query-input\":{\"@type\":\"PropertyValueSpecification\",\"valueRequired\":true,\"valueName\":\"search_term_string\"}}],\"inLanguage\":\"pt-BR\"},{\"@type\":\"Organization\",\"@id\":\"https:\/\/www.estrategiaconcursos.com.br\/blog\/#organization\",\"name\":\"Estrat\u00e9gia Concursos\",\"url\":\"https:\/\/www.estrategiaconcursos.com.br\/blog\/\",\"logo\":{\"@type\":\"ImageObject\",\"inLanguage\":\"pt-BR\",\"@id\":\"https:\/\/www.estrategiaconcursos.com.br\/blog\/#\/schema\/logo\/image\/\",\"url\":\"https:\/\/dhg1h5j42swfq.cloudfront.net\/2025\/06\/03203428\/logo_concursos-1.jpg\",\"contentUrl\":\"https:\/\/dhg1h5j42swfq.cloudfront.net\/2025\/06\/03203428\/logo_concursos-1.jpg\",\"width\":230,\"height\":60,\"caption\":\"Estrat\u00e9gia Concursos\"},\"image\":{\"@id\":\"https:\/\/www.estrategiaconcursos.com.br\/blog\/#\/schema\/logo\/image\/\"},\"sameAs\":[\"https:\/\/x.com\/EstratConcursos\"]},{\"@type\":\"Person\",\"@id\":\"https:\/\/www.estrategiaconcursos.com.br\/blog\/#\/schema\/person\/6be195b7a02a8ca214472b848686bb37\",\"name\":\"Marcos Gir\u00e3o\",\"image\":{\"@type\":\"ImageObject\",\"inLanguage\":\"pt-BR\",\"@id\":\"https:\/\/secure.gravatar.com\/avatar\/ac5b9a36e2c99a8280e07b5763e3b764471d5b861c47521bfd2edffdfbb06fbd?s=96&d=mm&r=g\",\"url\":\"https:\/\/secure.gravatar.com\/avatar\/ac5b9a36e2c99a8280e07b5763e3b764471d5b861c47521bfd2edffdfbb06fbd?s=96&d=mm&r=g\",\"contentUrl\":\"https:\/\/secure.gravatar.com\/avatar\/ac5b9a36e2c99a8280e07b5763e3b764471d5b861c47521bfd2edffdfbb06fbd?s=96&d=mm&r=g\",\"caption\":\"Marcos Gir\u00e3o\"},\"url\":\"https:\/\/www.estrategiaconcursos.com.br\/blog\/author\/marcosgiraoestrategiaconcursos-com-br\/\"}]}<\/script>\n<!-- \/ Yoast SEO Premium plugin. -->","yoast_head_json":{"title":"Edital PMAC 2017 - Saiba tudo sobre o concurso agora!","description":"Este artigo analisa o edital PMAC 2017 (Pol\u00edcia Militar do Acre). Nele, voc\u00ea saber\u00e1 dos requisitos, da remunera\u00e7\u00e3o, das disciplinas, etc.","robots":{"index":"index","follow":"follow","max-snippet":"max-snippet:-1","max-image-preview":"max-image-preview:large","max-video-preview":"max-video-preview:-1"},"canonical":"https:\/\/www.estrategiaconcursos.com.br\/blog\/edital-pmac-2017\/","og_locale":"pt_BR","og_type":"article","og_title":"Edital PMAC 2017 - Saiba tudo sobre o concurso agora!","og_description":"Este artigo analisa o edital PMAC 2017 (Pol\u00edcia Militar do Acre). Nele, voc\u00ea saber\u00e1 dos requisitos, da remunera\u00e7\u00e3o, das disciplinas, etc.","og_url":"https:\/\/www.estrategiaconcursos.com.br\/blog\/edital-pmac-2017\/","og_site_name":"Estrat\u00e9gia Concursos","article_published_time":"2017-03-04T14:54:49+00:00","article_modified_time":"2017-03-09T20:27:24+00:00","og_image":[{"url":"https:\/\/www.estrategiaconcursos.com.br\/blog\/wp-content\/uploads\/2017\/03\/Adinoel-PMAC-disciplinas-01.png","type":"","width":"","height":""}],"author":"Marcos Gir\u00e3o","twitter_card":"summary_large_image","twitter_creator":"@EstratConcursos","twitter_site":"@EstratConcursos","twitter_misc":{"Escrito por":"Marcos Gir\u00e3o","Est. tempo de leitura":"27 minutos"},"schema":{"@context":"https:\/\/schema.org","@graph":[{"@type":"NewsArticle","@id":"https:\/\/www.estrategiaconcursos.com.br\/blog\/edital-pmac-2017\/#article","isPartOf":{"@id":"https:\/\/www.estrategiaconcursos.com.br\/blog\/edital-pmac-2017\/"},"author":{"name":"Marcos Gir\u00e3o","@id":"https:\/\/www.estrategiaconcursos.com.br\/blog\/#\/schema\/person\/6be195b7a02a8ca214472b848686bb37"},"headline":"Edital PMAC 2017 &#8211; Saiba tudo sobre o concurso agora!","datePublished":"2017-03-04T14:54:49+00:00","dateModified":"2017-03-09T20:27:24+00:00","mainEntityOfPage":{"@id":"https:\/\/www.estrategiaconcursos.com.br\/blog\/edital-pmac-2017\/"},"wordCount":5347,"commentCount":0,"publisher":{"@id":"https:\/\/www.estrategiaconcursos.com.br\/blog\/#organization"},"image":{"@id":"https:\/\/www.estrategiaconcursos.com.br\/blog\/edital-pmac-2017\/#primaryimage"},"thumbnailUrl":"https:\/\/www.estrategiaconcursos.com.br\/blog\/wp-content\/uploads\/2017\/03\/Adinoel-PMAC-disciplinas-01.png","articleSection":["Concursos P\u00fablicos"],"inLanguage":"pt-BR","potentialAction":[{"@type":"CommentAction","name":"Comment","target":["https:\/\/www.estrategiaconcursos.com.br\/blog\/edital-pmac-2017\/#respond"]}],"copyrightYear":"2017","copyrightHolder":{"@id":"https:\/\/www.estrategiaconcursos.com.br\/blog\/#organization"}},{"@type":"WebPage","@id":"https:\/\/www.estrategiaconcursos.com.br\/blog\/edital-pmac-2017\/","url":"https:\/\/www.estrategiaconcursos.com.br\/blog\/edital-pmac-2017\/","name":"Edital PMAC 2017 - Saiba tudo sobre o concurso agora!","isPartOf":{"@id":"https:\/\/www.estrategiaconcursos.com.br\/blog\/#website"},"primaryImageOfPage":{"@id":"https:\/\/www.estrategiaconcursos.com.br\/blog\/edital-pmac-2017\/#primaryimage"},"image":{"@id":"https:\/\/www.estrategiaconcursos.com.br\/blog\/edital-pmac-2017\/#primaryimage"},"thumbnailUrl":"https:\/\/www.estrategiaconcursos.com.br\/blog\/wp-content\/uploads\/2017\/03\/Adinoel-PMAC-disciplinas-01.png","datePublished":"2017-03-04T14:54:49+00:00","dateModified":"2017-03-09T20:27:24+00:00","description":"Este artigo analisa o edital PMAC 2017 (Pol\u00edcia Militar do Acre). Nele, voc\u00ea saber\u00e1 dos requisitos, da remunera\u00e7\u00e3o, das disciplinas, etc.","breadcrumb":{"@id":"https:\/\/www.estrategiaconcursos.com.br\/blog\/edital-pmac-2017\/#breadcrumb"},"inLanguage":"pt-BR","potentialAction":[{"@type":"ReadAction","target":["https:\/\/www.estrategiaconcursos.com.br\/blog\/edital-pmac-2017\/"]}]},{"@type":"ImageObject","inLanguage":"pt-BR","@id":"https:\/\/www.estrategiaconcursos.com.br\/blog\/edital-pmac-2017\/#primaryimage","url":"https:\/\/dhg1h5j42swfq.cloudfront.net\/2017\/03\/04094524\/Adinoel-PMAC-disciplinas-01.png","contentUrl":"https:\/\/dhg1h5j42swfq.cloudfront.net\/2017\/03\/04094524\/Adinoel-PMAC-disciplinas-01.png","width":965,"height":322},{"@type":"BreadcrumbList","@id":"https:\/\/www.estrategiaconcursos.com.br\/blog\/edital-pmac-2017\/#breadcrumb","itemListElement":[{"@type":"ListItem","position":1,"name":"In\u00edcio","item":"https:\/\/www.estrategiaconcursos.com.br\/blog\/"},{"@type":"ListItem","position":2,"name":"Edital PMAC 2017 &#8211; Saiba tudo sobre o concurso agora!"}]},{"@type":"WebSite","@id":"https:\/\/www.estrategiaconcursos.com.br\/blog\/#website","url":"https:\/\/www.estrategiaconcursos.com.br\/blog\/","name":"Estrat\u00e9gia Concursos","description":"O blog da Estrat\u00e9gia Concursos traz not\u00edcias sobre concursos e artigos de professores oferecendo cursos para concursos (pdf + videaulas) no site.","publisher":{"@id":"https:\/\/www.estrategiaconcursos.com.br\/blog\/#organization"},"potentialAction":[{"@type":"SearchAction","target":{"@type":"EntryPoint","urlTemplate":"https:\/\/www.estrategiaconcursos.com.br\/blog\/?s={search_term_string}"},"query-input":{"@type":"PropertyValueSpecification","valueRequired":true,"valueName":"search_term_string"}}],"inLanguage":"pt-BR"},{"@type":"Organization","@id":"https:\/\/www.estrategiaconcursos.com.br\/blog\/#organization","name":"Estrat\u00e9gia Concursos","url":"https:\/\/www.estrategiaconcursos.com.br\/blog\/","logo":{"@type":"ImageObject","inLanguage":"pt-BR","@id":"https:\/\/www.estrategiaconcursos.com.br\/blog\/#\/schema\/logo\/image\/","url":"https:\/\/dhg1h5j42swfq.cloudfront.net\/2025\/06\/03203428\/logo_concursos-1.jpg","contentUrl":"https:\/\/dhg1h5j42swfq.cloudfront.net\/2025\/06\/03203428\/logo_concursos-1.jpg","width":230,"height":60,"caption":"Estrat\u00e9gia Concursos"},"image":{"@id":"https:\/\/www.estrategiaconcursos.com.br\/blog\/#\/schema\/logo\/image\/"},"sameAs":["https:\/\/x.com\/EstratConcursos"]},{"@type":"Person","@id":"https:\/\/www.estrategiaconcursos.com.br\/blog\/#\/schema\/person\/6be195b7a02a8ca214472b848686bb37","name":"Marcos Gir\u00e3o","image":{"@type":"ImageObject","inLanguage":"pt-BR","@id":"https:\/\/secure.gravatar.com\/avatar\/ac5b9a36e2c99a8280e07b5763e3b764471d5b861c47521bfd2edffdfbb06fbd?s=96&d=mm&r=g","url":"https:\/\/secure.gravatar.com\/avatar\/ac5b9a36e2c99a8280e07b5763e3b764471d5b861c47521bfd2edffdfbb06fbd?s=96&d=mm&r=g","contentUrl":"https:\/\/secure.gravatar.com\/avatar\/ac5b9a36e2c99a8280e07b5763e3b764471d5b861c47521bfd2edffdfbb06fbd?s=96&d=mm&r=g","caption":"Marcos Gir\u00e3o"},"url":"https:\/\/www.estrategiaconcursos.com.br\/blog\/author\/marcosgiraoestrategiaconcursos-com-br\/"}]}},"_links":{"self":[{"href":"https:\/\/www.estrategiaconcursos.com.br\/blog\/wp-json\/wp\/v2\/posts\/66070","targetHints":{"allow":["GET"]}}],"collection":[{"href":"https:\/\/www.estrategiaconcursos.com.br\/blog\/wp-json\/wp\/v2\/posts"}],"about":[{"href":"https:\/\/www.estrategiaconcursos.com.br\/blog\/wp-json\/wp\/v2\/types\/post"}],"author":[{"embeddable":true,"href":"https:\/\/www.estrategiaconcursos.com.br\/blog\/wp-json\/wp\/v2\/users\/248"}],"replies":[{"embeddable":true,"href":"https:\/\/www.estrategiaconcursos.com.br\/blog\/wp-json\/wp\/v2\/comments?post=66070"}],"version-history":[{"count":35,"href":"https:\/\/www.estrategiaconcursos.com.br\/blog\/wp-json\/wp\/v2\/posts\/66070\/revisions"}],"predecessor-version":[{"id":66792,"href":"https:\/\/www.estrategiaconcursos.com.br\/blog\/wp-json\/wp\/v2\/posts\/66070\/revisions\/66792"}],"wp:attachment":[{"href":"https:\/\/www.estrategiaconcursos.com.br\/blog\/wp-json\/wp\/v2\/media?parent=66070"}],"wp:term":[{"taxonomy":"category","embeddable":true,"href":"https:\/\/www.estrategiaconcursos.com.br\/blog\/wp-json\/wp\/v2\/categories?post=66070"},{"taxonomy":"post_tag","embeddable":true,"href":"https:\/\/www.estrategiaconcursos.com.br\/blog\/wp-json\/wp\/v2\/tags?post=66070"},{"taxonomy":"tax_estado","embeddable":true,"href":"https:\/\/www.estrategiaconcursos.com.br\/blog\/wp-json\/wp\/v2\/tax_estado?post=66070"}],"curies":[{"name":"wp","href":"https:\/\/api.w.org\/{rel}","templated":true}]}}