{"id":658793,"date":"2021-01-27T16:32:41","date_gmt":"2021-01-27T19:32:41","guid":{"rendered":"https:\/\/www.estrategiaconcursos.com.br\/blog\/?p=658793"},"modified":"2021-01-27T16:32:43","modified_gmt":"2021-01-27T19:32:43","slug":"informacoes-provas-concurso-redencao","status":"publish","type":"post","link":"https:\/\/www.estrategiaconcursos.com.br\/blog\/informacoes-provas-concurso-redencao\/","title":{"rendered":"Confira todas as informa\u00e7\u00f5es das provas do concurso Reden\u00e7\u00e3o"},"content":{"rendered":"\n<p>Se voc\u00ea se inscreveu no concurso p\u00fablico da Prefeitura de Reden\u00e7\u00e3o, muita aten\u00e7\u00e3o: as <strong>provas seguem confirmad\u00edssimas para os pr\u00f3ximos finais de semana<\/strong>, 31 de janeiro e 06 de fevereiro. <\/p>\n\n\n\n<p>A aplica\u00e7\u00e3o ocorrer\u00e1 em diferentes <a href=\"https:\/\/dhg1h5j42swfq.cloudfront.net\/2025\/06\/27145300\/listagem-geral-locais-de-provas.pdf\" target=\"_blank\" rel=\"noreferrer noopener\">locais<\/a>, conforme abaixo:<\/p>\n\n\n\n<figure class=\"wp-block-table is-style-stripes\"><table class=\"has-subtle-pale-blue-background-color has-fixed-layout has-background\"><tbody><tr><td class=\"has-text-align-center\" data-align=\"center\"><strong>31\/01 &#8211; Manh\u00e3 (8h)<\/strong><\/td><td class=\"has-text-align-center\" data-align=\"center\"><strong>06\/02 &#8211; Manh\u00e3 (8h)<\/strong><\/td><\/tr><tr><td class=\"has-text-align-center\" data-align=\"center\">Agente de Infraestrutura Operacional, Agente de Infraestrutura Educacional (Auxiliar de Servi\u00e7os Gerais \u2013 Zona Urbana e Zona Rural)<\/td><td class=\"has-text-align-center\" data-align=\"center\">Cargos de n\u00edvel m\u00e9dio<\/td><\/tr><tr><td class=\"has-text-align-center\" data-align=\"center\"><strong>31\/01 &#8211;<\/strong> <strong>Tarde (14h)<\/strong><\/td><td class=\"has-text-align-center\" data-align=\"center\"><strong>06\/02 &#8211;<\/strong> <strong>Tarde (14h)<\/strong><\/td><\/tr><tr><td class=\"has-text-align-center\" data-align=\"center\">Demais cargos de n\u00edvel fundamental<\/td><td class=\"has-text-align-center\" data-align=\"center\">Cargos de n\u00edvel superior<\/td><\/tr><\/tbody><\/table><\/figure>\n\n\n\n<p>E para um bom andamento da etapa, os candidatos devem obedecer alguns <a href=\"https:\/\/dhg1h5j42swfq.cloudfront.net\/2025\/06\/27145237\/edital-de-convocacao-prova-objetiva-e-discursiva.pdf\" target=\"_blank\" rel=\"noreferrer noopener\">protocolos e medidas de seguran\u00e7a<\/a>, tais como:<\/p>\n\n\n\n<ul class=\"wp-block-list\"><li>Uso <strong>obrigat\u00f3rio de m\u00e1scara<\/strong>, devendo cobrir nariz e boca;<\/li><li>Se sujeitar a aferi\u00e7\u00e3o de temperatura no acesso aos locais de provas do concurso Reden\u00e7\u00e3o;<\/li><li>Recomenda-se manter os <strong>cabelos presos<\/strong> e evitar o uso de acess\u00f3rios (brincos, an\u00e9is, pulseiras, etc);<\/li><li>Ser\u00e1 proibido o compartilhamento de canetas ou qualquer outro material;<\/li><li>O candidatos poder\u00e3o levar seu <strong>pr\u00f3prio \u00e1lcool gel<\/strong>, desde que esteja em embalagem transparente.<\/li><\/ul>\n\n\n\n<h2 class=\"wp-block-heading\" id=\"h-provas-do-concurso-reden-o\">Provas do concurso Reden\u00e7\u00e3o<\/h2>\n\n\n\n<p>A prova objetiva, de car\u00e1ter eliminat\u00f3rio e classificat\u00f3rio, ser\u00e1 realizada por todos os cargos e valer\u00e1 100 pontos no total. O exame ser\u00e1 composto por 40 quest\u00f5es de m\u00faltipla escolha, com cinco op\u00e7\u00f5es de resposta, das quais apenas uma ser\u00e1 correta.<\/p>\n\n\n\n<p>Haver\u00e1 ainda uma prova discursiva, realizada no mesmo dia e hor\u00e1rio das provas objetivas pelos inscritos nos cargos de n\u00edvel Superior. Nesta etapa o candidato dever\u00e1 desenvolver texto dissertativo a partir de proposta \u00fanica.<\/p>\n\n\n\n<h2 class=\"wp-block-heading\" id=\"h-concurso-prefeitura-de-reden-o\">Concurso Prefeitura de Reden\u00e7\u00e3o<\/h2>\n\n\n\n<p>A Prefeitura de Reden\u00e7\u00e3o oferta o total de\u00a0<strong>1.012 vagas<\/strong>, distribu\u00eddas entre ampla concorr\u00eancia e pessoas com defici\u00eancia, dispostas em tr\u00eas editais nas \u00e1reas da Administra\u00e7\u00e3o Geral, Educa\u00e7\u00e3o e Sa\u00fade.<\/p>\n\n\n\n<p>As oportunidades s\u00e3o para diversos cargos abrangendo todos os n\u00edveis de escolaridades, sendo eles fundamental, m\u00e9dio e superior.<\/p>\n\n\n\n<p class=\"has-text-align-center has-background has-normal-font-size\" style=\"background-color:#eeeeee\"><strong><a href=\"https:\/\/www.estrategiaconcursos.com.br\/blog\/concurso-prefeitura-redencao-pa\/\" target=\"_blank\" rel=\"noreferrer noopener\">Concurso Prefeitura de Reden\u00e7\u00e3o<\/a> | <a href=\"https:\/\/www.estrategiaconcursos.com.br\/blog\/concurso-iss-redencao-pa\/\" target=\"_blank\" rel=\"noreferrer noopener\">Concurso ISS Reden\u00e7\u00e3o<\/a><\/strong><\/p>\n\n\n\n<hr class=\"wp-block-separator\"\/>\n\n\n\n<div class=\"container\" id=\"boxes\">\n  <div class=\"row\">\n\n    <div class=\"col-sm\">\n      <div class=\"banner-estrategia\" id=\"box-assinatura\">\n        <h3 class=\"titulo-assinatura\">Cursos para concursos<\/h3>\n        <p class=\"subtitulo-assinatura\">Estude conosco<\/p>\n        <div class=\"box-botao\">\n          <a class=\"btn-assinatura\" target=\"_blank\" href=\"https:\/\/www.estrategiaconcursos.com.br\/cursos\/\" role=\"button\" rel=\"noopener noreferrer\">Conhe\u00e7a os cursos<\/a>\n        <\/div>\n      <\/div>\n      <p class=\"texto-auxiliar\">Prepare-se com o melhor material e com quem mais aprova em Concursos P\u00fablicos em todo o pa\u00eds.<\/p>\n    <\/div>\n\n  <\/div>\n<\/div>\n\n\n\n<div class=\"container\" id=\"boxes\">\n  <div class=\"row\">\n\n    <div class=\"col-sm\">\n      <div class=\"estrategia\" id=\"box-assinatura\">\n        <h3 class=\"titulo-assinatura\">Assinatura Ilimitada<\/h3>\n        <p class=\"subtitulo-assinatura\">Assinatura Anual Ilimitada*<\/p>\n        <div class=\"box-botao\">\n          <a class=\"btn-assinatura\" target=\"_blank\" href=\"https:\/\/www.estrategiaconcursos.com.br\/assinaturas\/\" role=\"button\" rel=\"noopener noreferrer\">ASSINE AGORA<\/a>\n        <\/div>\n      <\/div>\n      <p class=\"texto-auxiliar\">Prepare-se com o melhor material e com quem mais aprova em Concursos P\u00fablicos em todo o pa\u00eds. Assine agora a nossa Assinatura Anual e tenha acesso ilimitado* a todos os nossos cursos.<\/p>\n    <\/div>\n\n    <div class=\"col-sm\">\n      <div class=\"questoes\" id=\"box-assinatura\">\n        <h3 class=\"titulo-assinatura\">Sistema de Quest\u00f5es<\/h3>\n        <p class=\"subtitulo-assinatura\">Assinatura Ilimitada*\n<\/p>\n        <div class=\"box-botao\">\n          <a class=\"btn-assinatura\" target=\"_blank\" href=\"https:\/\/questoes.estrategiaconcursos.com.br\/\" role=\"button\" rel=\"noopener noreferrer\">ASSINE AGORA<\/a>\n        <\/div>\n      <\/div>\n      <p class=\"texto-auxiliar\">Estrat\u00e9gia Quest\u00f5es nasceu maior do que todos os concorrentes, com mais quest\u00f5es cadastradas e mais solu\u00e7\u00f5es por professores. Clique no link e aproveite os descontos e b\u00f4nus imperd\u00edveis!<\/p>\n    <\/div>\n  <\/div>\n<\/div>\n\n\n\n<div class=\"container\" id=\"boxes\">\n  <div class=\"row\">\n\n    <div class=\"col-sm\" id=\"boxes-concursos\">\n      <div style=\"background-color: #005DAD;\" class=\"conteudo-concursos\" id=\"box-concursos\">\n        <h3 class=\"titulo-assinatura\">Concursos Abertos<\/h3>\n        <p class=\"subtitulo-assinatura\">mais de 15 mil vagas<\/p>\n        <div class=\"box-botao\">\n          <a class=\"btn-assinatura\" target=\"_blank\" href=\"https:\/\/www.estrategiaconcursos.com.br\/blog\/concursos-abertos\/\" role=\"button\" rel=\"noopener noreferrer\">Conhe\u00e7a Agora<\/a>\n        <\/div>\n      <\/div>\n    <\/div>\n\n    <div class=\"col-sm\" id=\"boxes-concursos\">\n      <div style=\"background-color: #419FF0;\" class=\"conteudo-concursos\" id=\"box-concursos\">\n        <h3 class=\"titulo-assinatura\">Concursos 2021<\/h3>\n        <p class=\"subtitulo-assinatura\">mais de 17 mil vagas<\/p>\n        <div class=\"box-botao\">\n          <a class=\"btn-assinatura\" target=\"_blank\" href=\"https:\/\/www.estrategiaconcursos.com.br\/blog\/concursos-2021\/\" role=\"button\" rel=\"noopener noreferrer\">Conhe\u00e7a Agora<\/a>\n        <\/div>\n      <\/div>\n    <\/div>\n\n  <\/div>\n<\/div>\n","protected":false},"excerpt":{"rendered":"<p>Se voc\u00ea se inscreveu no concurso p\u00fablico da Prefeitura de Reden\u00e7\u00e3o, muita aten\u00e7\u00e3o: as provas seguem confirmad\u00edssimas para os pr\u00f3ximos finais de semana, 31 de janeiro e 06 de fevereiro. A aplica\u00e7\u00e3o ocorrer\u00e1 em diferentes locais, conforme abaixo: 31\/01 &#8211; Manh\u00e3 (8h) 06\/02 &#8211; Manh\u00e3 (8h) Agente de Infraestrutura Operacional, Agente de Infraestrutura Educacional (Auxiliar [&hellip;]<\/p>\n","protected":false},"author":1,"featured_media":658912,"comment_status":"open","ping_status":"closed","sticky":false,"template":"","format":"standard","meta":{"post_tipo":"news","footnotes":""},"categories":[1],"tags":[],"tax_estado":[219977],"class_list":["post-658793","post","type-post","status-publish","format-standard","has-post-thumbnail","hentry","category-cursos-e-concursos","tax_estado-pa"],"acf":[],"yoast_head":"<!-- This site is optimized with the Yoast SEO Premium plugin v27.2 (Yoast SEO v27.2) - https:\/\/yoast.com\/product\/yoast-seo-premium-wordpress\/ -->\n<title>Confira todas as informa\u00e7\u00f5es das provas do concurso Reden\u00e7\u00e3o<\/title>\n<meta name=\"description\" content=\"Confira as novas informa\u00e7\u00f5es sobre as provas do concurso da Prefeitura de Reden\u00e7\u00e3o previstas para os dias 31 de janeiro e 06 de fevereiro.\" \/>\n<meta name=\"robots\" content=\"index, follow, max-snippet:-1, max-image-preview:large, max-video-preview:-1\" \/>\n<link rel=\"canonical\" href=\"https:\/\/www.estrategiaconcursos.com.br\/blog\/informacoes-provas-concurso-redencao\/\" \/>\n<meta property=\"og:locale\" content=\"pt_BR\" \/>\n<meta property=\"og:type\" content=\"article\" \/>\n<meta property=\"og:title\" content=\"Confira todas as informa\u00e7\u00f5es das provas do concurso Reden\u00e7\u00e3o\" \/>\n<meta property=\"og:description\" content=\"Confira as novas informa\u00e7\u00f5es sobre as provas do concurso da Prefeitura de Reden\u00e7\u00e3o previstas para os dias 31 de janeiro e 06 de fevereiro.\" \/>\n<meta property=\"og:url\" content=\"https:\/\/www.estrategiaconcursos.com.br\/blog\/informacoes-provas-concurso-redencao\/\" \/>\n<meta property=\"og:site_name\" content=\"Estrat\u00e9gia Concursos\" \/>\n<meta property=\"article:author\" content=\"https:\/\/www.facebook.com\/EstrategiaConcursos\" \/>\n<meta property=\"article:published_time\" content=\"2021-01-27T19:32:41+00:00\" \/>\n<meta property=\"article:modified_time\" content=\"2021-01-27T19:32:43+00:00\" \/>\n<meta property=\"og:image\" content=\"https:\/\/dhg1h5j42swfq.cloudfront.net\/2021\/01\/27163139\/redencao-provas.jpg\" \/>\n\t<meta property=\"og:image:width\" content=\"1200\" \/>\n\t<meta property=\"og:image:height\" content=\"628\" \/>\n\t<meta property=\"og:image:type\" content=\"image\/jpeg\" \/>\n<meta name=\"author\" content=\"Coordena\u00e7\u00e3o\" \/>\n<meta name=\"twitter:card\" content=\"summary_large_image\" \/>\n<meta name=\"twitter:creator\" content=\"@EstratConcursos\" \/>\n<meta name=\"twitter:site\" content=\"@EstratConcursos\" \/>\n<meta name=\"twitter:label1\" content=\"Escrito por\" \/>\n\t<meta name=\"twitter:data1\" content=\"Coordena\u00e7\u00e3o\" \/>\n\t<meta name=\"twitter:label2\" content=\"Est. tempo de leitura\" \/>\n\t<meta name=\"twitter:data2\" content=\"2 minutos\" \/>\n<script type=\"application\/ld+json\" class=\"yoast-schema-graph\">{\"@context\":\"https:\/\/schema.org\",\"@graph\":[{\"@type\":\"NewsArticle\",\"@id\":\"https:\/\/www.estrategiaconcursos.com.br\/blog\/informacoes-provas-concurso-redencao\/#article\",\"isPartOf\":{\"@id\":\"https:\/\/www.estrategiaconcursos.com.br\/blog\/informacoes-provas-concurso-redencao\/\"},\"author\":{\"name\":\"Coordena\u00e7\u00e3o\",\"@id\":\"https:\/\/www.estrategiaconcursos.com.br\/blog\/#\/schema\/person\/b4a388c97673c5f483d72185668afa1f\"},\"headline\":\"Confira todas as informa\u00e7\u00f5es das provas do concurso Reden\u00e7\u00e3o\",\"datePublished\":\"2021-01-27T19:32:41+00:00\",\"dateModified\":\"2021-01-27T19:32:43+00:00\",\"mainEntityOfPage\":{\"@id\":\"https:\/\/www.estrategiaconcursos.com.br\/blog\/informacoes-provas-concurso-redencao\/\"},\"wordCount\":477,\"commentCount\":0,\"publisher\":{\"@id\":\"https:\/\/www.estrategiaconcursos.com.br\/blog\/#organization\"},\"image\":{\"@id\":\"https:\/\/www.estrategiaconcursos.com.br\/blog\/informacoes-provas-concurso-redencao\/#primaryimage\"},\"thumbnailUrl\":\"https:\/\/dhg1h5j42swfq.cloudfront.net\/2021\/01\/27163139\/redencao-provas.jpg\",\"articleSection\":[\"Concursos P\u00fablicos\"],\"inLanguage\":\"pt-BR\",\"potentialAction\":[{\"@type\":\"CommentAction\",\"name\":\"Comment\",\"target\":[\"https:\/\/www.estrategiaconcursos.com.br\/blog\/informacoes-provas-concurso-redencao\/#respond\"]}],\"copyrightYear\":\"2021\",\"copyrightHolder\":{\"@id\":\"https:\/\/www.estrategiaconcursos.com.br\/blog\/#organization\"}},{\"@type\":\"WebPage\",\"@id\":\"https:\/\/www.estrategiaconcursos.com.br\/blog\/informacoes-provas-concurso-redencao\/\",\"url\":\"https:\/\/www.estrategiaconcursos.com.br\/blog\/informacoes-provas-concurso-redencao\/\",\"name\":\"Confira todas as informa\u00e7\u00f5es das provas do concurso Reden\u00e7\u00e3o\",\"isPartOf\":{\"@id\":\"https:\/\/www.estrategiaconcursos.com.br\/blog\/#website\"},\"primaryImageOfPage\":{\"@id\":\"https:\/\/www.estrategiaconcursos.com.br\/blog\/informacoes-provas-concurso-redencao\/#primaryimage\"},\"image\":{\"@id\":\"https:\/\/www.estrategiaconcursos.com.br\/blog\/informacoes-provas-concurso-redencao\/#primaryimage\"},\"thumbnailUrl\":\"https:\/\/dhg1h5j42swfq.cloudfront.net\/2021\/01\/27163139\/redencao-provas.jpg\",\"datePublished\":\"2021-01-27T19:32:41+00:00\",\"dateModified\":\"2021-01-27T19:32:43+00:00\",\"description\":\"Confira as novas informa\u00e7\u00f5es sobre as provas do concurso da Prefeitura de Reden\u00e7\u00e3o previstas para os dias 31 de janeiro e 06 de fevereiro.\",\"breadcrumb\":{\"@id\":\"https:\/\/www.estrategiaconcursos.com.br\/blog\/informacoes-provas-concurso-redencao\/#breadcrumb\"},\"inLanguage\":\"pt-BR\",\"potentialAction\":[{\"@type\":\"ReadAction\",\"target\":[\"https:\/\/www.estrategiaconcursos.com.br\/blog\/informacoes-provas-concurso-redencao\/\"]}]},{\"@type\":\"ImageObject\",\"inLanguage\":\"pt-BR\",\"@id\":\"https:\/\/www.estrategiaconcursos.com.br\/blog\/informacoes-provas-concurso-redencao\/#primaryimage\",\"url\":\"https:\/\/dhg1h5j42swfq.cloudfront.net\/2021\/01\/27163139\/redencao-provas.jpg\",\"contentUrl\":\"https:\/\/dhg1h5j42swfq.cloudfront.net\/2021\/01\/27163139\/redencao-provas.jpg\",\"width\":1200,\"height\":628,\"caption\":\"Reden\u00e7\u00e3o Par\u00e1\"},{\"@type\":\"BreadcrumbList\",\"@id\":\"https:\/\/www.estrategiaconcursos.com.br\/blog\/informacoes-provas-concurso-redencao\/#breadcrumb\",\"itemListElement\":[{\"@type\":\"ListItem\",\"position\":1,\"name\":\"In\u00edcio\",\"item\":\"https:\/\/www.estrategiaconcursos.com.br\/blog\/\"},{\"@type\":\"ListItem\",\"position\":2,\"name\":\"Confira todas as informa\u00e7\u00f5es das provas do concurso Reden\u00e7\u00e3o\"}]},{\"@type\":\"WebSite\",\"@id\":\"https:\/\/www.estrategiaconcursos.com.br\/blog\/#website\",\"url\":\"https:\/\/www.estrategiaconcursos.com.br\/blog\/\",\"name\":\"Estrat\u00e9gia Concursos\",\"description\":\"O blog da Estrat\u00e9gia Concursos traz not\u00edcias sobre concursos e artigos de professores oferecendo cursos para concursos (pdf + videaulas) no site.\",\"publisher\":{\"@id\":\"https:\/\/www.estrategiaconcursos.com.br\/blog\/#organization\"},\"potentialAction\":[{\"@type\":\"SearchAction\",\"target\":{\"@type\":\"EntryPoint\",\"urlTemplate\":\"https:\/\/www.estrategiaconcursos.com.br\/blog\/?s={search_term_string}\"},\"query-input\":{\"@type\":\"PropertyValueSpecification\",\"valueRequired\":true,\"valueName\":\"search_term_string\"}}],\"inLanguage\":\"pt-BR\"},{\"@type\":\"Organization\",\"@id\":\"https:\/\/www.estrategiaconcursos.com.br\/blog\/#organization\",\"name\":\"Estrat\u00e9gia Concursos\",\"url\":\"https:\/\/www.estrategiaconcursos.com.br\/blog\/\",\"logo\":{\"@type\":\"ImageObject\",\"inLanguage\":\"pt-BR\",\"@id\":\"https:\/\/www.estrategiaconcursos.com.br\/blog\/#\/schema\/logo\/image\/\",\"url\":\"https:\/\/dhg1h5j42swfq.cloudfront.net\/2025\/06\/03203428\/logo_concursos-1.jpg\",\"contentUrl\":\"https:\/\/dhg1h5j42swfq.cloudfront.net\/2025\/06\/03203428\/logo_concursos-1.jpg\",\"width\":230,\"height\":60,\"caption\":\"Estrat\u00e9gia Concursos\"},\"image\":{\"@id\":\"https:\/\/www.estrategiaconcursos.com.br\/blog\/#\/schema\/logo\/image\/\"},\"sameAs\":[\"https:\/\/x.com\/EstratConcursos\"]},{\"@type\":\"Person\",\"@id\":\"https:\/\/www.estrategiaconcursos.com.br\/blog\/#\/schema\/person\/b4a388c97673c5f483d72185668afa1f\",\"name\":\"Coordena\u00e7\u00e3o\",\"image\":{\"@type\":\"ImageObject\",\"inLanguage\":\"pt-BR\",\"@id\":\"https:\/\/secure.gravatar.com\/avatar\/b720319e4c9a967eb58678d110f4fe35452fc5d5f97b202bac7b8acceb18c6ad?s=96&d=mm&r=g\",\"url\":\"https:\/\/secure.gravatar.com\/avatar\/b720319e4c9a967eb58678d110f4fe35452fc5d5f97b202bac7b8acceb18c6ad?s=96&d=mm&r=g\",\"contentUrl\":\"https:\/\/secure.gravatar.com\/avatar\/b720319e4c9a967eb58678d110f4fe35452fc5d5f97b202bac7b8acceb18c6ad?s=96&d=mm&r=g\",\"caption\":\"Coordena\u00e7\u00e3o\"},\"sameAs\":[\"https:\/\/www.facebook.com\/EstrategiaConcursos\",\"https:\/\/x.com\/EstratConcursos\"],\"url\":\"https:\/\/www.estrategiaconcursos.com.br\/blog\/author\/estrategia2013\/\"}]}<\/script>\n<!-- \/ Yoast SEO Premium plugin. -->","yoast_head_json":{"title":"Confira todas as informa\u00e7\u00f5es das provas do concurso Reden\u00e7\u00e3o","description":"Confira as novas informa\u00e7\u00f5es sobre as provas do concurso da Prefeitura de Reden\u00e7\u00e3o previstas para os dias 31 de janeiro e 06 de fevereiro.","robots":{"index":"index","follow":"follow","max-snippet":"max-snippet:-1","max-image-preview":"max-image-preview:large","max-video-preview":"max-video-preview:-1"},"canonical":"https:\/\/www.estrategiaconcursos.com.br\/blog\/informacoes-provas-concurso-redencao\/","og_locale":"pt_BR","og_type":"article","og_title":"Confira todas as informa\u00e7\u00f5es das provas do concurso Reden\u00e7\u00e3o","og_description":"Confira as novas informa\u00e7\u00f5es sobre as provas do concurso da Prefeitura de Reden\u00e7\u00e3o previstas para os dias 31 de janeiro e 06 de fevereiro.","og_url":"https:\/\/www.estrategiaconcursos.com.br\/blog\/informacoes-provas-concurso-redencao\/","og_site_name":"Estrat\u00e9gia Concursos","article_author":"https:\/\/www.facebook.com\/EstrategiaConcursos","article_published_time":"2021-01-27T19:32:41+00:00","article_modified_time":"2021-01-27T19:32:43+00:00","og_image":[{"width":1200,"height":628,"url":"https:\/\/dhg1h5j42swfq.cloudfront.net\/2021\/01\/27163139\/redencao-provas.jpg","type":"image\/jpeg"}],"author":"Coordena\u00e7\u00e3o","twitter_card":"summary_large_image","twitter_creator":"@EstratConcursos","twitter_site":"@EstratConcursos","twitter_misc":{"Escrito por":"Coordena\u00e7\u00e3o","Est. tempo de leitura":"2 minutos"},"schema":{"@context":"https:\/\/schema.org","@graph":[{"@type":"NewsArticle","@id":"https:\/\/www.estrategiaconcursos.com.br\/blog\/informacoes-provas-concurso-redencao\/#article","isPartOf":{"@id":"https:\/\/www.estrategiaconcursos.com.br\/blog\/informacoes-provas-concurso-redencao\/"},"author":{"name":"Coordena\u00e7\u00e3o","@id":"https:\/\/www.estrategiaconcursos.com.br\/blog\/#\/schema\/person\/b4a388c97673c5f483d72185668afa1f"},"headline":"Confira todas as informa\u00e7\u00f5es das provas do concurso Reden\u00e7\u00e3o","datePublished":"2021-01-27T19:32:41+00:00","dateModified":"2021-01-27T19:32:43+00:00","mainEntityOfPage":{"@id":"https:\/\/www.estrategiaconcursos.com.br\/blog\/informacoes-provas-concurso-redencao\/"},"wordCount":477,"commentCount":0,"publisher":{"@id":"https:\/\/www.estrategiaconcursos.com.br\/blog\/#organization"},"image":{"@id":"https:\/\/www.estrategiaconcursos.com.br\/blog\/informacoes-provas-concurso-redencao\/#primaryimage"},"thumbnailUrl":"https:\/\/dhg1h5j42swfq.cloudfront.net\/2021\/01\/27163139\/redencao-provas.jpg","articleSection":["Concursos P\u00fablicos"],"inLanguage":"pt-BR","potentialAction":[{"@type":"CommentAction","name":"Comment","target":["https:\/\/www.estrategiaconcursos.com.br\/blog\/informacoes-provas-concurso-redencao\/#respond"]}],"copyrightYear":"2021","copyrightHolder":{"@id":"https:\/\/www.estrategiaconcursos.com.br\/blog\/#organization"}},{"@type":"WebPage","@id":"https:\/\/www.estrategiaconcursos.com.br\/blog\/informacoes-provas-concurso-redencao\/","url":"https:\/\/www.estrategiaconcursos.com.br\/blog\/informacoes-provas-concurso-redencao\/","name":"Confira todas as informa\u00e7\u00f5es das provas do concurso Reden\u00e7\u00e3o","isPartOf":{"@id":"https:\/\/www.estrategiaconcursos.com.br\/blog\/#website"},"primaryImageOfPage":{"@id":"https:\/\/www.estrategiaconcursos.com.br\/blog\/informacoes-provas-concurso-redencao\/#primaryimage"},"image":{"@id":"https:\/\/www.estrategiaconcursos.com.br\/blog\/informacoes-provas-concurso-redencao\/#primaryimage"},"thumbnailUrl":"https:\/\/dhg1h5j42swfq.cloudfront.net\/2021\/01\/27163139\/redencao-provas.jpg","datePublished":"2021-01-27T19:32:41+00:00","dateModified":"2021-01-27T19:32:43+00:00","description":"Confira as novas informa\u00e7\u00f5es sobre as provas do concurso da Prefeitura de Reden\u00e7\u00e3o previstas para os dias 31 de janeiro e 06 de fevereiro.","breadcrumb":{"@id":"https:\/\/www.estrategiaconcursos.com.br\/blog\/informacoes-provas-concurso-redencao\/#breadcrumb"},"inLanguage":"pt-BR","potentialAction":[{"@type":"ReadAction","target":["https:\/\/www.estrategiaconcursos.com.br\/blog\/informacoes-provas-concurso-redencao\/"]}]},{"@type":"ImageObject","inLanguage":"pt-BR","@id":"https:\/\/www.estrategiaconcursos.com.br\/blog\/informacoes-provas-concurso-redencao\/#primaryimage","url":"https:\/\/dhg1h5j42swfq.cloudfront.net\/2021\/01\/27163139\/redencao-provas.jpg","contentUrl":"https:\/\/dhg1h5j42swfq.cloudfront.net\/2021\/01\/27163139\/redencao-provas.jpg","width":1200,"height":628,"caption":"Reden\u00e7\u00e3o Par\u00e1"},{"@type":"BreadcrumbList","@id":"https:\/\/www.estrategiaconcursos.com.br\/blog\/informacoes-provas-concurso-redencao\/#breadcrumb","itemListElement":[{"@type":"ListItem","position":1,"name":"In\u00edcio","item":"https:\/\/www.estrategiaconcursos.com.br\/blog\/"},{"@type":"ListItem","position":2,"name":"Confira todas as informa\u00e7\u00f5es das provas do concurso Reden\u00e7\u00e3o"}]},{"@type":"WebSite","@id":"https:\/\/www.estrategiaconcursos.com.br\/blog\/#website","url":"https:\/\/www.estrategiaconcursos.com.br\/blog\/","name":"Estrat\u00e9gia Concursos","description":"O blog da Estrat\u00e9gia Concursos traz not\u00edcias sobre concursos e artigos de professores oferecendo cursos para concursos (pdf + videaulas) no site.","publisher":{"@id":"https:\/\/www.estrategiaconcursos.com.br\/blog\/#organization"},"potentialAction":[{"@type":"SearchAction","target":{"@type":"EntryPoint","urlTemplate":"https:\/\/www.estrategiaconcursos.com.br\/blog\/?s={search_term_string}"},"query-input":{"@type":"PropertyValueSpecification","valueRequired":true,"valueName":"search_term_string"}}],"inLanguage":"pt-BR"},{"@type":"Organization","@id":"https:\/\/www.estrategiaconcursos.com.br\/blog\/#organization","name":"Estrat\u00e9gia Concursos","url":"https:\/\/www.estrategiaconcursos.com.br\/blog\/","logo":{"@type":"ImageObject","inLanguage":"pt-BR","@id":"https:\/\/www.estrategiaconcursos.com.br\/blog\/#\/schema\/logo\/image\/","url":"https:\/\/dhg1h5j42swfq.cloudfront.net\/2025\/06\/03203428\/logo_concursos-1.jpg","contentUrl":"https:\/\/dhg1h5j42swfq.cloudfront.net\/2025\/06\/03203428\/logo_concursos-1.jpg","width":230,"height":60,"caption":"Estrat\u00e9gia Concursos"},"image":{"@id":"https:\/\/www.estrategiaconcursos.com.br\/blog\/#\/schema\/logo\/image\/"},"sameAs":["https:\/\/x.com\/EstratConcursos"]},{"@type":"Person","@id":"https:\/\/www.estrategiaconcursos.com.br\/blog\/#\/schema\/person\/b4a388c97673c5f483d72185668afa1f","name":"Coordena\u00e7\u00e3o","image":{"@type":"ImageObject","inLanguage":"pt-BR","@id":"https:\/\/secure.gravatar.com\/avatar\/b720319e4c9a967eb58678d110f4fe35452fc5d5f97b202bac7b8acceb18c6ad?s=96&d=mm&r=g","url":"https:\/\/secure.gravatar.com\/avatar\/b720319e4c9a967eb58678d110f4fe35452fc5d5f97b202bac7b8acceb18c6ad?s=96&d=mm&r=g","contentUrl":"https:\/\/secure.gravatar.com\/avatar\/b720319e4c9a967eb58678d110f4fe35452fc5d5f97b202bac7b8acceb18c6ad?s=96&d=mm&r=g","caption":"Coordena\u00e7\u00e3o"},"sameAs":["https:\/\/www.facebook.com\/EstrategiaConcursos","https:\/\/x.com\/EstratConcursos"],"url":"https:\/\/www.estrategiaconcursos.com.br\/blog\/author\/estrategia2013\/"}]}},"_links":{"self":[{"href":"https:\/\/www.estrategiaconcursos.com.br\/blog\/wp-json\/wp\/v2\/posts\/658793","targetHints":{"allow":["GET"]}}],"collection":[{"href":"https:\/\/www.estrategiaconcursos.com.br\/blog\/wp-json\/wp\/v2\/posts"}],"about":[{"href":"https:\/\/www.estrategiaconcursos.com.br\/blog\/wp-json\/wp\/v2\/types\/post"}],"author":[{"embeddable":true,"href":"https:\/\/www.estrategiaconcursos.com.br\/blog\/wp-json\/wp\/v2\/users\/1"}],"replies":[{"embeddable":true,"href":"https:\/\/www.estrategiaconcursos.com.br\/blog\/wp-json\/wp\/v2\/comments?post=658793"}],"version-history":[{"count":13,"href":"https:\/\/www.estrategiaconcursos.com.br\/blog\/wp-json\/wp\/v2\/posts\/658793\/revisions"}],"predecessor-version":[{"id":658917,"href":"https:\/\/www.estrategiaconcursos.com.br\/blog\/wp-json\/wp\/v2\/posts\/658793\/revisions\/658917"}],"wp:featuredmedia":[{"embeddable":true,"href":"https:\/\/www.estrategiaconcursos.com.br\/blog\/wp-json\/wp\/v2\/media\/658912"}],"wp:attachment":[{"href":"https:\/\/www.estrategiaconcursos.com.br\/blog\/wp-json\/wp\/v2\/media?parent=658793"}],"wp:term":[{"taxonomy":"category","embeddable":true,"href":"https:\/\/www.estrategiaconcursos.com.br\/blog\/wp-json\/wp\/v2\/categories?post=658793"},{"taxonomy":"post_tag","embeddable":true,"href":"https:\/\/www.estrategiaconcursos.com.br\/blog\/wp-json\/wp\/v2\/tags?post=658793"},{"taxonomy":"tax_estado","embeddable":true,"href":"https:\/\/www.estrategiaconcursos.com.br\/blog\/wp-json\/wp\/v2\/tax_estado?post=658793"}],"curies":[{"name":"wp","href":"https:\/\/api.w.org\/{rel}","templated":true}]}}