{"id":658413,"date":"2021-02-22T08:43:00","date_gmt":"2021-02-22T11:43:00","guid":{"rendered":"https:\/\/www.estrategiaconcursos.com.br\/blog\/?p=658413"},"modified":"2021-02-10T15:08:13","modified_gmt":"2021-02-10T18:08:13","slug":"pregao-para-concurso-pf","status":"publish","type":"post","link":"https:\/\/www.estrategiaconcursos.com.br\/blog\/pregao-para-concurso-pf\/","title":{"rendered":"Entenda o Preg\u00e3o para concurso da PF \u2013 Lei 10.520"},"content":{"rendered":"\n<p class=\"has-medium-font-size\">Veja as disposi\u00e7\u00f5es sobre a Lei 10.520, Lei do Preg\u00e3o para <a href=\"https:\/\/www.estrategiaconcursos.com.br\/blog\/concurso-policia-federal\/\" target=\"_blank\" rel=\"noreferrer noopener\">concurso da Pol\u00edcia Federal<\/a> \u2013 modalidade de licita\u00e7\u00e3o para aquisi\u00e7\u00e3o de bens e servi\u00e7os comuns<\/p>\n\n\n\n<div class=\"wp-block-image\"><figure class=\"aligncenter size-medium\"><img loading=\"lazy\" decoding=\"async\" width=\"300\" height=\"200\" src=\"https:\/\/dhg1h5j42swfq.cloudfront.net\/2021\/01\/27083919\/71479825710-300x200.jpg\" alt=\"Preg\u00e3o para concurso da PF\" class=\"wp-image-658414\" srcset=\"https:\/\/dhg1h5j42swfq.cloudfront.net\/2021\/01\/27083919\/71479825710-300x200.jpg 300w, https:\/\/dhg1h5j42swfq.cloudfront.net\/2021\/01\/27083919\/71479825710-768x512.jpg 768w, https:\/\/dhg1h5j42swfq.cloudfront.net\/2021\/01\/27083919\/71479825710-610x407.jpg 610w, https:\/\/dhg1h5j42swfq.cloudfront.net\/2021\/01\/27083919\/71479825710.jpg 810w\" sizes=\"auto, (max-width: 300px) 100vw, 300px\" \/><figcaption>Preg\u00e3o para concurso da PF<\/figcaption><\/figure><\/div>\n\n\n\n<p>Ol\u00e1, Estrategista. Tudo joia?<\/p>\n\n\n\n<p>Como sabemos, a Lei 8.666 n\u00e3o foi capaz de instituir todas as modalidades de licita\u00e7\u00e3o, isso porque o mundo est\u00e1 em constante transforma\u00e7\u00e3o. Por conta disso, o setor p\u00fablico deve cada vez mais se flexibilizar em rela\u00e7\u00e3o \u00e0s disposi\u00e7\u00f5es de uma lei ultrapassada e ir em busca de novas leis que reflitam melhor a velocidade e facilidade de um mundo cada vez mais digital.<\/p>\n\n\n\n<p>Foi pensando nisso que se instituiu o preg\u00e3o, modalidade de licita\u00e7\u00e3o para compras de bens e servi\u00e7os comuns, que se trata de uma modalidade semelhante ao leil\u00e3o (previsto na Lei 8.666).<\/p>\n\n\n\n<p>O que ambas t\u00eam de certo modo em comum? O tipo: menor pre\u00e7o para o preg\u00e3o e maior pre\u00e7o para leil\u00e3o.<\/p>\n\n\n\n<p>Para quem n\u00e3o me conhece, me chamo Leandro, sou Auditor-Fiscal da SEFAZ-SC, aprovado no \u00faltimo concurso na 24\u00ba posi\u00e7\u00e3o. Para quem quiser trocar uma ideia ou tirar uma d\u00favida, sinta-se \u00e0 vontade para me chamar nas redes sociais (<strong>Instagram: <\/strong><a href=\"https:\/\/www.instagram.com\/leandro.rms12\/\" target=\"_blank\" rel=\"noreferrer noopener\">https:\/\/www.instagram.com\/leandro.rms12\/<\/a>).<\/p>\n\n\n\n<h2 class=\"wp-block-heading\" id=\"h-informa-es-especiais-sobre-licita-o-em-geral\">Informa\u00e7\u00f5es especiais sobre licita\u00e7\u00e3o em geral<\/h2>\n\n\n\n<p>Ali\u00e1s, a licita\u00e7\u00e3o destina-se:<\/p>\n\n\n\n<ul class=\"wp-block-list\"><li>garantir a observ\u00e2ncia do princ\u00edpio constitucional da <strong><u>ISONOMIA<\/u><\/strong>,<\/li><li>sele\u00e7\u00e3o da proposta mais vantajosa para a administra\u00e7\u00e3o; e<\/li><li>promo\u00e7\u00e3o do desenvolvimento nacional sustent\u00e1vel<\/li><\/ul>\n\n\n\n<p>Importante ainda falarmos sobre os princ\u00edpios b\u00e1sicos da licita\u00e7\u00e3o, que s\u00e3o:<\/p>\n\n\n\n<ul class=\"wp-block-list\"><li>legalidade;<\/li><li>impessoalidade;<\/li><li>moralidade;<\/li><li>igualdade;<\/li><li>publicidade;<\/li><li>probidade administrativa;<\/li><li>vincula\u00e7\u00e3o ao instrumento convocat\u00f3rio;<\/li><li>julgamento objetivo.<\/li><\/ul>\n\n\n\n<h2 class=\"wp-block-heading\" id=\"h-preg-o-para-concurso-da-pf\">Preg\u00e3o para concurso da PF<\/h2>\n\n\n\n<p>Feita essa breve introdu\u00e7\u00e3o, a Lei 10.520 disp\u00f5e que para aquisi\u00e7\u00e3o de bens e servi\u00e7os comuns, <strong><u>PODER\u00c1<\/u><\/strong> ser adotada a licita\u00e7\u00e3o na modalidade de preg\u00e3o. Ou seja, n\u00e3o se trata de uma obrigatoriedade, mas discricionariedade do administrador optar por essa modalidade de licita\u00e7\u00e3o.<\/p>\n\n\n\n<p>A saber, consideram-se <strong><u>bens e servi\u00e7os comuns<\/u><\/strong> aqueles cujos padr\u00f5es de <strong><u>desempenho<\/u><\/strong> e <strong><u>qualidade<\/u><\/strong> possam ser <strong><u>objetivamente<\/u><\/strong> definidos pelo edital, por meio de especifica\u00e7\u00f5es usuais no mercado.<\/p>\n\n\n\n<p>Ali\u00e1s, existem 2 formas de preg\u00e3o: o presencial e o eletr\u00f4nico, de modo muito semelhante \u00e0s bolsas de valores, inclusive o nome preg\u00e3o surgiu de l\u00e1.<\/p>\n\n\n\n<p>A Lei 10.520 trata-se do preg\u00e3o presencial. No final deste artigo farei breves considera\u00e7\u00f5es sobre o preg\u00e3o eletr\u00f4nico.<\/p>\n\n\n\n<p>N\u00e3o coincidentemente, \u00e9 <strong><u>facultada<\/u><\/strong> a participa\u00e7\u00e3o de bolsas de mercadorias no apoio t\u00e9cnico e operacional aos \u00f3rg\u00e3os e entidades promotores da modalidade de preg\u00e3o, utilizando-se de recursos tecnol\u00f3gicos.<\/p>\n\n\n\n<p><strong>Adendo<\/strong>: As bolsas de mercadorias que prestem apoio t\u00e9cnico e operacional dever\u00e3o estar organizadas sob a forma de <strong><u>sociedades civis sem fins lucrativos<\/u> <\/strong>e com a participa\u00e7\u00e3o plural de corretoras que operem sistemas eletr\u00f4nicos unificados de preg\u00f5es.<\/p>\n\n\n\n<h2 class=\"wp-block-heading\" id=\"h-fases-do-preg-o\">Fases do Preg\u00e3o<\/h2>\n\n\n\n<p>O preg\u00e3o \u00e9 constitu\u00eddo das seguintes fases:<\/p>\n\n\n\n<ol class=\"wp-block-list\" type=\"1\"><li>Fase Preparat\u00f3ria; e<\/li><li>Fase Externa.<\/li><\/ol>\n\n\n\n<h3 class=\"wp-block-heading\" id=\"h-fase-preparat-ria\">Fase Preparat\u00f3ria<\/h3>\n\n\n\n<p>Na fase preparat\u00f3ria, autoridade competente justificar\u00e1 a necessidade de contrata\u00e7\u00e3o e definir\u00e1 o objeto do certame, as exig\u00eancias de habilita\u00e7\u00e3o, os crit\u00e9rios de aceita\u00e7\u00e3o das propostas, as <strong><u>san\u00e7\u00f5es por inadimplemento<\/u><\/strong> e as cl\u00e1usulas do contrato, inclusive com fixa\u00e7\u00e3o dos prazos para fornecimento.<\/p>\n\n\n\n<p>Al\u00e9m disso, por se tratar de servi\u00e7os essenciais, a defini\u00e7\u00e3o do objeto dever\u00e1 ser <strong><u>precisa<\/u><\/strong>, <strong><u>suficiente e clara<\/u><\/strong>, vedadas especifica\u00e7\u00f5es que, por excessivas, irrelevantes ou desnecess\u00e1rias, limitem a competi\u00e7\u00e3o.<\/p>\n\n\n\n<p>Al\u00e9m disso, a autoridade competente designar\u00e1, <strong><u>dentre os servidores do \u00f3rg\u00e3o ou entidade promotora da licita\u00e7\u00e3o<\/u><\/strong>, o pregoeiro e respectiva equipe de apoio, cuja atribui\u00e7\u00e3o inclui:<\/p>\n\n\n\n<ul class=\"wp-block-list\"><li>recebimento das propostas e lances;<\/li><li>an\u00e1lise de sua aceitabilidade;<\/li><li>classifica\u00e7\u00e3o das propostas e lances;<\/li><li>habilita\u00e7\u00e3o;<\/li><li>adjudica\u00e7\u00e3o do objeto do certame ao licitante vencedor.<\/li><\/ul>\n\n\n\n<p>Al\u00e9m da necessidade de o pregoeiro ser eleito dentre os servidores do \u00f3rg\u00e3o\/entidade promotor da licita\u00e7\u00e3o. A equipe de apoio dever\u00e1 ser integrada <strong><u>em sua maioria<\/u><\/strong> por servidores ocupantes de cargo efetivo ou emprego da administra\u00e7\u00e3o, <strong><u>preferencialmente<\/u><\/strong> pertencentes ao quadro permanente do \u00f3rg\u00e3o ou entidade promotora do evento.<\/p>\n\n\n\n<p><strong>Adendo:<\/strong> &nbsp;No \u00e2mbito do Minist\u00e9rio da Defesa, as fun\u00e7\u00f5es de pregoeiro e de membro da equipe de apoio poder\u00e3o ser desempenhadas por militares.<\/p>\n\n\n\n<h3 class=\"wp-block-heading\" id=\"h-fase-externa-preg-o-para-concurso-da-pf\">Fase Externa \u2013 Preg\u00e3o para concurso da PF<\/h3>\n\n\n\n<p>&nbsp;A fase externa do preg\u00e3o tem in\u00edcio com a convoca\u00e7\u00e3o dos interessados para participar do processo licitat\u00f3rio.<\/p>\n\n\n\n<p>Em rela\u00e7\u00e3o \u00e0 convoca\u00e7\u00e3o dos interessados, dever\u00e1 ser efetuada por meio de publica\u00e7\u00e3o de aviso em <strong><u>di\u00e1rio oficial<\/u><\/strong> ou, n\u00e3o existindo, em jornal de circula\u00e7\u00e3o local, e <strong><u>facultativamente<\/u><\/strong>, por meios eletr\u00f4nicos. Em casos de licita\u00e7\u00e3o de grande vulto, tamb\u00e9m em jornal de grande circula\u00e7\u00e3o.<\/p>\n\n\n\n<p>O prazo fixado para a apresenta\u00e7\u00e3o das propostas, contado a partir da publica\u00e7\u00e3o do aviso, n\u00e3o ser\u00e1 inferior a <strong><u>8 dias \u00fateis<\/u><\/strong><strong><u>.<\/u><\/strong><\/p>\n\n\n\n<p>Lembra-se dos prazos da Lei 8.666? Vou colocar aqui para que n\u00e3o os confundam.<\/p>\n\n\n\n<p>O prazo m\u00ednimo at\u00e9 o recebimento das propostas ou da realiza\u00e7\u00e3o da licita\u00e7\u00e3o, segundo a Lei 8.666 ser\u00e1:<\/p>\n\n\n\n<ul class=\"wp-block-list\"><li>45 dias para:<ul><li>Concurso;<\/li><\/ul><ul><li>concorr\u00eancia, <strong><u>QUANDO<\/u><\/strong> o contrato a ser celebrado contemplar o regime de <strong><u>empreitada integral<\/u><\/strong> ou quando a licita\u00e7\u00e3o for do tipo &#8220;<strong><u>melhor t\u00e9cnica<\/u><\/strong>&#8221; ou &#8220;<strong><u>t\u00e9cnica e pre\u00e7o<\/u><\/strong>&#8221;&nbsp;<\/li><\/ul><\/li><li>30 dias para:<ul><li>Concorr\u00eancia, nos demais casos;<\/li><\/ul><ul><li>tomada de pre\u00e7os, <strong><u>QUANDO<\/u><\/strong> a licita\u00e7\u00e3o for do tipo &#8220;<strong><u>melhor t\u00e9cnica<\/u><\/strong>&#8221; ou &#8220;<strong><u>t\u00e9cnica e pre\u00e7o<\/u><\/strong>&#8220;;<\/li><\/ul><\/li><li>15 dias para:<ul><li>Tomada de pre\u00e7os, nos demais casos;<\/li><\/ul><\/li><li>5 dias <strong><u>\u00fateis<\/u><\/strong> para:<ul><li>Convite.<\/li><\/ul><\/li><\/ul>\n\n\n\n<p>Portanto, frisa-se: convite \u2013 5 dias \u00fateis, enquanto que preg\u00e3o \u2013 8 dias \u00fateis.<\/p>\n\n\n\n<h3 class=\"wp-block-heading\" id=\"h-continua-o-da-fase-externa\">Continua\u00e7\u00e3o da Fase Externa<\/h3>\n\n\n\n<p>Uma vez aberta a sess\u00e3o, os interessados ou seus representantes, apresentar\u00e3o declara\u00e7\u00e3o dando ci\u00eancia de que cumprem plenamente os requisitos de habilita\u00e7\u00e3o e entregar\u00e3o os envelopes contendo a indica\u00e7\u00e3o do objeto e do pre\u00e7o oferecidos, procedendo-se \u00e0 sua imediata abertura e \u00e0 verifica\u00e7\u00e3o da conformidade das propostas com os requisitos estabelecidos no instrumento convocat\u00f3rio.<\/p>\n\n\n\n<p>No curso da sess\u00e3o, o autor da oferta de valor mais baixo e os das ofertas com pre\u00e7os at\u00e9 10% superiores \u00e0quela poder\u00e3o fazer <strong><u>novos lances verbais<\/u><\/strong> e sucessivos, at\u00e9 a proclama\u00e7\u00e3o do vencedor.<\/p>\n\n\n\n<p>Todavia, n\u00e3o havendo pelo menos 3 ofertas entre o vencedor da primeira rodada e os remanescentes em at\u00e9 10% de pre\u00e7o superior, poder\u00e3o os autores das melhores propostas, at\u00e9 o m\u00e1ximo de 3, oferecer novos lances verbais e sucessivos, <strong><u>quaisquer que sejam os pre\u00e7os oferecidos<\/u><\/strong><strong><u> inicialmente<\/u><\/strong>.<\/p>\n\n\n\n<p>Ou seja, caso existam apenas 1 autor que fez oferta em at\u00e9 10% acima do valor vencedor, o pr\u00f3ximo autor poder\u00e1 ser convocado para os lances verbais, independentemente do seu pre\u00e7o, mesmo que seja acima dos 10% previstos.<\/p>\n\n\n\n<p>Como j\u00e1 foi falado, para julgamento e classifica\u00e7\u00e3o das propostas, ser\u00e1 adotado o crit\u00e9rio de <strong><u>menor pre\u00e7o<\/u><\/strong>, observados os prazos m\u00e1ximos para fornecimento, as especifica\u00e7\u00f5es t\u00e9cnicas e par\u00e2metros m\u00ednimos de desempenho e qualidade definidos no edital.<\/p>\n\n\n\n<h2 class=\"wp-block-heading\" id=\"h-invers-o-das-fases-de-habilita-o-e-julgamento\">Invers\u00e3o das fases de habilita\u00e7\u00e3o e julgamento<\/h2>\n\n\n\n<p>Em geral, de acordo com a Lei de Licita\u00e7\u00f5es (Lei 8.666), as fases da licita\u00e7\u00e3o s\u00e3o as seguintes, na ordem:<\/p>\n\n\n\n<ul class=\"wp-block-list\"><li>Habilita\u00e7\u00e3o;<\/li><li>Abertura de propostas;<\/li><li>Julgamento e classifica\u00e7\u00e3o;<\/li><li>Homologa\u00e7\u00e3o;<\/li><li>Adjudica\u00e7\u00e3o.<\/li><\/ul>\n\n\n\n<p>Contudo, no preg\u00e3o existe uma clara invers\u00e3o de ordem. \u00c9 justamente esta invers\u00e3o que d\u00e1 celeridade ao processo.<\/p>\n\n\n\n<p>Uma vez encerrada a etapa competitiva e ordenadas as ofertas do preg\u00e3o, o pregoeiro proceder\u00e1 \u00e0 abertura do inv\u00f3lucro contendo os documentos de habilita\u00e7\u00e3o do licitante que apresentou a melhor proposta, para verifica\u00e7\u00e3o do atendimento das condi\u00e7\u00f5es fixadas no edital.<\/p>\n\n\n\n<p>Isto \u00e9, n\u00e3o ser\u00e1 analisada os documentos de habilita\u00e7\u00e3o de todos os candidatos, mas apenas do vencedor, reduzindo em muito o tempo do processo.<\/p>\n\n\n\n<p>Al\u00e9m disso, a habilita\u00e7\u00e3o se far\u00e1 com a verifica\u00e7\u00e3o de que o licitante est\u00e1 em situa\u00e7\u00e3o regular perante:<\/p>\n\n\n\n<ul class=\"wp-block-list\"><li>Fazenda Nacional;<\/li><li>Seguridade Social;<\/li><li>Fundo de Garantia do Tempo de Servi\u00e7o \u2013 FGTS;<\/li><li>Fazendas Estaduais e Municipais, quando for o caso;<\/li><li>Al\u00e9m da comprova\u00e7\u00e3o de que atende \u00e0s exig\u00eancias do edital quanto \u00e0 <strong><u>habilita\u00e7\u00e3o jur\u00eddica<\/u><\/strong> e <strong><u>qualifica\u00e7\u00f5es t\u00e9cnica<\/u><\/strong> e <strong><u>econ\u00f4mico-financeira<\/u><\/strong>;<\/li><\/ul>\n\n\n\n<p><strong>Adendo: <\/strong>os licitantes poder\u00e3o deixar de apresentar os documentos de habilita\u00e7\u00e3o que j\u00e1 constem do Sistema de Cadastramento Unificado de Fornecedores \u2013 Sicaf e sistemas semelhantes mantidos por Estados, Distrito Federal ou Munic\u00edpios.<\/p>\n\n\n\n<p>Declarado o vencedor, qualquer licitante poder\u00e1 manifestar <strong><u>IMEDIATA<\/u><\/strong> e motivadamente a inten\u00e7\u00e3o de recorrer, quando lhe ser\u00e1 concedido o prazo de 3 dias para apresenta\u00e7\u00e3o das raz\u00f5es do recurso.<\/p>\n\n\n\n<p>A falta de manifesta\u00e7\u00e3o <strong><u>imediata<\/u><\/strong> e motivada do licitante importar\u00e1 a decad\u00eancia do direito de recurso.<\/p>\n\n\n\n<h2 class=\"wp-block-heading\" id=\"h-veda-es-da-lei-do-preg-o\">Veda\u00e7\u00f5es da Lei do Preg\u00e3o<\/h2>\n\n\n\n<p>As informa\u00e7\u00f5es abaixo s\u00e3o de memoriza\u00e7\u00e3o obrigat\u00f3ria.<\/p>\n\n\n\n<p>\u00c9 vedada a exig\u00eancia de:<\/p>\n\n\n\n<ol class=\"wp-block-list\" type=\"1\"><li><strong><u>garantia de proposta<\/u><\/strong>;<\/li><li>aquisi\u00e7\u00e3o do edital pelos licitantes, como condi\u00e7\u00e3o para participa\u00e7\u00e3o no certame; e<\/li><li><strong><u>pagamento de taxas e emolumentos<\/u><\/strong>, salvo os referentes a fornecimento do edital, que n\u00e3o ser\u00e3o superiores ao custo de sua reprodu\u00e7\u00e3o gr\u00e1fica, e aos custos de utiliza\u00e7\u00e3o de recursos de tecnologia da informa\u00e7\u00e3o, quando for o caso.<\/li><\/ol>\n\n\n\n<p>O prazo de validade das propostas ser\u00e1 de 60 dias, se outro n\u00e3o estiver fixado no edital.<\/p>\n\n\n\n<h2 class=\"wp-block-heading\" id=\"h-preg-o-eletr-nico\">Preg\u00e3o Eletr\u00f4nico<\/h2>\n\n\n\n<p>O preg\u00e3o eletr\u00f4nico \u00e9 regulado pela Lei 10.024. Ali\u00e1s, trata-se de uma forma bastante recente, institu\u00edda em setembro de 2019.<\/p>\n\n\n\n<p>Uma coisa que todos devemos saber sobre o preg\u00e3o eletr\u00f4nico \u00e9 que ele \u00e9 de uso <strong>OBRIGAT\u00d3RIO<\/strong> pelos \u00f3rg\u00e3os da administra\u00e7\u00e3o p\u00fablica <strong><u>FEDERAL<\/u><\/strong> direta, pelas autarquias, pelas funda\u00e7\u00f5es e pelos fundos especiais.<\/p>\n\n\n\n<p>N\u00e3o sendo obrigat\u00f3rio, portanto, \u00e0s Empresas P\u00fablicas e Sociedades de Economia Mista federal.<\/p>\n\n\n\n<p>Para os Estados e Munic\u00edpios, tamb\u00e9m n\u00e3o ser\u00e1 de uso obrigat\u00f3rio, mas <strong>preferencial<\/strong>.<\/p>\n\n\n\n<p>Por fim, vale ressaltar que o preg\u00e3o, na forma eletr\u00f4nica, n\u00e3o se aplica a:<\/p>\n\n\n\n<ol class=\"wp-block-list\" type=\"1\"><li>contrata\u00e7\u00f5es de obras;<\/li><li>loca\u00e7\u00f5es imobili\u00e1rias e aliena\u00e7\u00f5es; e<\/li><li>bens e servi\u00e7os especiais &#8211; bens que, por sua alta heterogeneidade ou complexidade t\u00e9cnica, n\u00e3o podem ser considerados bens e servi\u00e7os comuns.<\/li><\/ol>\n\n\n\n<h2 class=\"wp-block-heading\" id=\"h-finalizando\">Finalizando<\/h2>\n\n\n\n<p>Neste artigo vimos tudo sobre o Preg\u00e3o para concurso da PF, desde suas defini\u00e7\u00f5es e disposi\u00e7\u00f5es gerais, at\u00e9 suas fases e invers\u00e3o de fases.<\/p>\n\n\n\n<p>Ressaltamos tamb\u00e9m algumas disposi\u00e7\u00f5es importantes sobre o preg\u00e3o eletr\u00f4nico.<\/p>\n\n\n\n<p>Desejo a voc\u00ea uma boa prova. Um grande abra\u00e7o.<\/p>\n\n\n\n<p>Leandro Ricardo M. Silveira<\/p>\n\n\n\n<p><strong>Instagram: <\/strong><a href=\"https:\/\/www.instagram.com\/leandro.rms12\/\" target=\"_blank\" rel=\"noreferrer noopener\">https:\/\/www.instagram.com\/leandro.rms12\/<\/a><\/p>\n\n\n\n<p class=\"has-text-align-center has-medium-font-size\"><em><strong>Assinatura Anual Ilimitada*<\/strong><\/em><\/p>\n\n\n\n<p class=\"has-text-align-center\"><em>Prepare-se com o melhor material e com quem mais aprova em Concursos P\u00fablicos em todo o pa\u00eds. Assine agora a nossa Assinatura Anual e tenha acesso ilimitado* a todos os nossos cursos.<\/em><\/p>\n\n\n\n<p class=\"has-text-align-center has-light-green-cyan-background-color has-background\" style=\"font-size:clamp(14.642px, 0.915rem + ((1vw - 3.2px) * 0.721), 22px);px\"><strong>ASSINE AGORA<\/strong>&nbsp;\u2013&nbsp;<strong><a rel=\"noreferrer noopener\" href=\"https:\/\/www.estrategiaconcursos.com.br\/assinaturas\" target=\"_blank\">Assinatura Ilimitada<\/a><\/strong><\/p>\n\n\n\n<p class=\"has-text-align-center has-medium-font-size\"><strong><em><strong>Sistema de Quest\u00f5es<\/strong><\/em><\/strong><\/p>\n\n\n\n<p class=\"has-text-align-center\"><em>Estrat\u00e9gia Quest\u00f5es nasceu maior do que todos os concorrentes, com mais quest\u00f5es cadastradas e mais solu\u00e7\u00f5es por professores. Ent\u00e3o, confira e aproveite os descontos e b\u00f4nus imperd\u00edveis!<\/em><\/p>\n\n\n\n<p class=\"has-text-align-center has-vivid-green-cyan-background-color has-background\" style=\"font-size:clamp(14.642px, 0.915rem + ((1vw - 3.2px) * 0.721), 22px);px\"><strong>ASSINE AGORA \u2013&nbsp;<a href=\"https:\/\/questoes.estrategiaconcursos.com.br\/\" target=\"_blank\" rel=\"noreferrer noopener\">Sistema de Quest\u00f5es<\/a><\/strong><\/p>\n\n\n\n<p class=\"has-text-align-center has-medium-font-size\"><strong><em>Fique por dentro dos concursos em aberto<\/em><\/strong><\/p>\n\n\n\n<p class=\"has-text-align-center has-pale-cyan-blue-background-color has-background\" style=\"font-size:clamp(14.642px, 0.915rem + ((1vw - 3.2px) * 0.721), 22px);px\"><a rel=\"noreferrer noopener\" href=\"https:\/\/www.estrategiaconcursos.com.br\/blog\/concursos-abertos\/\" target=\"_blank\"><strong>CONCURSOS ABERTOS<\/strong><\/a><\/p>\n\n\n\n<p class=\"has-text-align-center has-medium-font-size\"><strong><em>As oportunidades previstas<\/em><\/strong><\/p>\n\n\n\n<p class=\"has-text-align-center has-pale-cyan-blue-background-color has-background\" style=\"font-size:clamp(14.642px, 0.915rem + ((1vw - 3.2px) * 0.721), 22px);px\"><a rel=\"noreferrer noopener\" href=\"https:\/\/www.estrategiaconcursos.com.br\/blog\/concursos-2021\/\" target=\"_blank\"><strong>CONCURSOS 2021<\/strong><\/a><\/p>\n","protected":false},"excerpt":{"rendered":"<p>Veja as disposi\u00e7\u00f5es sobre a Lei 10.520, Lei do Preg\u00e3o para concurso da Pol\u00edcia Federal \u2013 modalidade de licita\u00e7\u00e3o para aquisi\u00e7\u00e3o de bens e servi\u00e7os comuns Ol\u00e1, Estrategista. Tudo joia? Como sabemos, a Lei 8.666 n\u00e3o foi capaz de instituir todas as modalidades de licita\u00e7\u00e3o, isso porque o mundo est\u00e1 em constante transforma\u00e7\u00e3o. Por conta [&hellip;]<\/p>\n","protected":false},"author":1668,"featured_media":658414,"comment_status":"open","ping_status":"closed","sticky":false,"template":"","format":"standard","meta":{"post_tipo":"article","footnotes":""},"categories":[1988],"tags":[119261],"tax_estado":[219964,219965,219966,219967,219968,219969,219963,219970,219971,219972,219973,219974,219975,219976,219977,219978,219979,219980,219981,219982,219983,219984,219985,219986,219987,219988,219989,219990],"class_list":["post-658413","post","type-post","status-publish","format-standard","has-post-thumbnail","hentry","category-policia","tag-pregao-2","tax_estado-ac","tax_estado-al","tax_estado-am","tax_estado-ap","tax_estado-ba","tax_estado-ce","tax_estado-concursos-federais","tax_estado-df","tax_estado-es","tax_estado-go","tax_estado-ma","tax_estado-mg","tax_estado-ms","tax_estado-mt","tax_estado-pa","tax_estado-pb","tax_estado-pe","tax_estado-pi","tax_estado-pr","tax_estado-rj","tax_estado-rn","tax_estado-ro","tax_estado-rr","tax_estado-rs","tax_estado-sc","tax_estado-se","tax_estado-sp","tax_estado-to"],"acf":[],"yoast_head":"<!-- This site is optimized with the Yoast SEO Premium plugin v27.2 (Yoast SEO v27.2) - https:\/\/yoast.com\/product\/yoast-seo-premium-wordpress\/ -->\n<title>Entenda o Preg\u00e3o para concurso da PF \u2013 Lei 10.520<\/title>\n<meta name=\"description\" content=\"Veja as disposi\u00e7\u00f5es sobre a Lei 10.520, Lei do Preg\u00e3o para concurso da PF \u2013 modalidade de licita\u00e7\u00e3o para aquisi\u00e7\u00e3o de bens e servi\u00e7os comuns\" \/>\n<meta name=\"robots\" content=\"index, follow, max-snippet:-1, max-image-preview:large, max-video-preview:-1\" \/>\n<link rel=\"canonical\" href=\"https:\/\/www.estrategiaconcursos.com.br\/blog\/pregao-para-concurso-pf\/\" \/>\n<meta property=\"og:locale\" content=\"pt_BR\" \/>\n<meta property=\"og:type\" content=\"article\" \/>\n<meta property=\"og:title\" content=\"Entenda o Preg\u00e3o para concurso da PF \u2013 Lei 10.520\" \/>\n<meta property=\"og:description\" content=\"Veja as disposi\u00e7\u00f5es sobre a Lei 10.520, Lei do Preg\u00e3o para concurso da PF \u2013 modalidade de licita\u00e7\u00e3o para aquisi\u00e7\u00e3o de bens e servi\u00e7os comuns\" \/>\n<meta property=\"og:url\" content=\"https:\/\/www.estrategiaconcursos.com.br\/blog\/pregao-para-concurso-pf\/\" \/>\n<meta property=\"og:site_name\" content=\"Estrat\u00e9gia Concursos\" \/>\n<meta property=\"article:published_time\" content=\"2021-02-22T11:43:00+00:00\" \/>\n<meta property=\"og:image\" content=\"https:\/\/dhg1h5j42swfq.cloudfront.net\/2021\/01\/27083919\/71479825710.jpg\" \/>\n\t<meta property=\"og:image:width\" content=\"810\" \/>\n\t<meta property=\"og:image:height\" content=\"540\" \/>\n\t<meta property=\"og:image:type\" content=\"image\/jpeg\" \/>\n<meta name=\"author\" content=\"Leandro Ricardo Machado da Silveira\" \/>\n<meta name=\"twitter:card\" content=\"summary_large_image\" \/>\n<meta name=\"twitter:creator\" content=\"@EstratConcursos\" \/>\n<meta name=\"twitter:site\" content=\"@EstratConcursos\" \/>\n<meta name=\"twitter:label1\" content=\"Escrito por\" \/>\n\t<meta name=\"twitter:data1\" content=\"Leandro Ricardo Machado da Silveira\" \/>\n\t<meta name=\"twitter:label2\" content=\"Est. tempo de leitura\" \/>\n\t<meta name=\"twitter:data2\" content=\"10 minutos\" \/>\n<script type=\"application\/ld+json\" class=\"yoast-schema-graph\">{\"@context\":\"https:\/\/schema.org\",\"@graph\":[{\"@type\":\"NewsArticle\",\"@id\":\"https:\/\/www.estrategiaconcursos.com.br\/blog\/pregao-para-concurso-pf\/#article\",\"isPartOf\":{\"@id\":\"https:\/\/www.estrategiaconcursos.com.br\/blog\/pregao-para-concurso-pf\/\"},\"author\":{\"name\":\"Leandro Ricardo Machado da Silveira\",\"@id\":\"https:\/\/www.estrategiaconcursos.com.br\/blog\/#\/schema\/person\/c666a44fbce7e2e70009a9c13549267a\"},\"headline\":\"Entenda o Preg\u00e3o para concurso da PF \u2013 Lei 10.520\",\"datePublished\":\"2021-02-22T11:43:00+00:00\",\"mainEntityOfPage\":{\"@id\":\"https:\/\/www.estrategiaconcursos.com.br\/blog\/pregao-para-concurso-pf\/\"},\"wordCount\":1913,\"commentCount\":0,\"publisher\":{\"@id\":\"https:\/\/www.estrategiaconcursos.com.br\/blog\/#organization\"},\"image\":{\"@id\":\"https:\/\/www.estrategiaconcursos.com.br\/blog\/pregao-para-concurso-pf\/#primaryimage\"},\"thumbnailUrl\":\"https:\/\/dhg1h5j42swfq.cloudfront.net\/2021\/01\/27083919\/71479825710.jpg\",\"keywords\":[\"preg\u00e3o\"],\"articleSection\":[\"Policial (Agente, Escriv\u00e3o e Investigador)\"],\"inLanguage\":\"pt-BR\",\"potentialAction\":[{\"@type\":\"CommentAction\",\"name\":\"Comment\",\"target\":[\"https:\/\/www.estrategiaconcursos.com.br\/blog\/pregao-para-concurso-pf\/#respond\"]}],\"copyrightYear\":\"2021\",\"copyrightHolder\":{\"@id\":\"https:\/\/www.estrategiaconcursos.com.br\/blog\/#organization\"}},{\"@type\":\"WebPage\",\"@id\":\"https:\/\/www.estrategiaconcursos.com.br\/blog\/pregao-para-concurso-pf\/\",\"url\":\"https:\/\/www.estrategiaconcursos.com.br\/blog\/pregao-para-concurso-pf\/\",\"name\":\"Entenda o Preg\u00e3o para concurso da PF \u2013 Lei 10.520\",\"isPartOf\":{\"@id\":\"https:\/\/www.estrategiaconcursos.com.br\/blog\/#website\"},\"primaryImageOfPage\":{\"@id\":\"https:\/\/www.estrategiaconcursos.com.br\/blog\/pregao-para-concurso-pf\/#primaryimage\"},\"image\":{\"@id\":\"https:\/\/www.estrategiaconcursos.com.br\/blog\/pregao-para-concurso-pf\/#primaryimage\"},\"thumbnailUrl\":\"https:\/\/dhg1h5j42swfq.cloudfront.net\/2021\/01\/27083919\/71479825710.jpg\",\"datePublished\":\"2021-02-22T11:43:00+00:00\",\"description\":\"Veja as disposi\u00e7\u00f5es sobre a Lei 10.520, Lei do Preg\u00e3o para concurso da PF \u2013 modalidade de licita\u00e7\u00e3o para aquisi\u00e7\u00e3o de bens e servi\u00e7os comuns\",\"breadcrumb\":{\"@id\":\"https:\/\/www.estrategiaconcursos.com.br\/blog\/pregao-para-concurso-pf\/#breadcrumb\"},\"inLanguage\":\"pt-BR\",\"potentialAction\":[{\"@type\":\"ReadAction\",\"target\":[\"https:\/\/www.estrategiaconcursos.com.br\/blog\/pregao-para-concurso-pf\/\"]}]},{\"@type\":\"ImageObject\",\"inLanguage\":\"pt-BR\",\"@id\":\"https:\/\/www.estrategiaconcursos.com.br\/blog\/pregao-para-concurso-pf\/#primaryimage\",\"url\":\"https:\/\/dhg1h5j42swfq.cloudfront.net\/2021\/01\/27083919\/71479825710.jpg\",\"contentUrl\":\"https:\/\/dhg1h5j42swfq.cloudfront.net\/2021\/01\/27083919\/71479825710.jpg\",\"width\":810,\"height\":540},{\"@type\":\"BreadcrumbList\",\"@id\":\"https:\/\/www.estrategiaconcursos.com.br\/blog\/pregao-para-concurso-pf\/#breadcrumb\",\"itemListElement\":[{\"@type\":\"ListItem\",\"position\":1,\"name\":\"In\u00edcio\",\"item\":\"https:\/\/www.estrategiaconcursos.com.br\/blog\/\"},{\"@type\":\"ListItem\",\"position\":2,\"name\":\"Entenda o Preg\u00e3o para concurso da PF \u2013 Lei 10.520\"}]},{\"@type\":\"WebSite\",\"@id\":\"https:\/\/www.estrategiaconcursos.com.br\/blog\/#website\",\"url\":\"https:\/\/www.estrategiaconcursos.com.br\/blog\/\",\"name\":\"Estrat\u00e9gia Concursos\",\"description\":\"O blog da Estrat\u00e9gia Concursos traz not\u00edcias sobre concursos e artigos de professores oferecendo cursos para concursos (pdf + videaulas) no site.\",\"publisher\":{\"@id\":\"https:\/\/www.estrategiaconcursos.com.br\/blog\/#organization\"},\"potentialAction\":[{\"@type\":\"SearchAction\",\"target\":{\"@type\":\"EntryPoint\",\"urlTemplate\":\"https:\/\/www.estrategiaconcursos.com.br\/blog\/?s={search_term_string}\"},\"query-input\":{\"@type\":\"PropertyValueSpecification\",\"valueRequired\":true,\"valueName\":\"search_term_string\"}}],\"inLanguage\":\"pt-BR\"},{\"@type\":\"Organization\",\"@id\":\"https:\/\/www.estrategiaconcursos.com.br\/blog\/#organization\",\"name\":\"Estrat\u00e9gia Concursos\",\"url\":\"https:\/\/www.estrategiaconcursos.com.br\/blog\/\",\"logo\":{\"@type\":\"ImageObject\",\"inLanguage\":\"pt-BR\",\"@id\":\"https:\/\/www.estrategiaconcursos.com.br\/blog\/#\/schema\/logo\/image\/\",\"url\":\"https:\/\/dhg1h5j42swfq.cloudfront.net\/2025\/06\/03203428\/logo_concursos-1.jpg\",\"contentUrl\":\"https:\/\/dhg1h5j42swfq.cloudfront.net\/2025\/06\/03203428\/logo_concursos-1.jpg\",\"width\":230,\"height\":60,\"caption\":\"Estrat\u00e9gia Concursos\"},\"image\":{\"@id\":\"https:\/\/www.estrategiaconcursos.com.br\/blog\/#\/schema\/logo\/image\/\"},\"sameAs\":[\"https:\/\/x.com\/EstratConcursos\"]},{\"@type\":\"Person\",\"@id\":\"https:\/\/www.estrategiaconcursos.com.br\/blog\/#\/schema\/person\/c666a44fbce7e2e70009a9c13549267a\",\"name\":\"Leandro Ricardo Machado da Silveira\",\"image\":{\"@type\":\"ImageObject\",\"inLanguage\":\"pt-BR\",\"@id\":\"https:\/\/secure.gravatar.com\/avatar\/6fb25994d16b9649838400aa459b16c1c83f558e0fd6ebebd16da0473908b291?s=96&d=mm&r=g\",\"url\":\"https:\/\/secure.gravatar.com\/avatar\/6fb25994d16b9649838400aa459b16c1c83f558e0fd6ebebd16da0473908b291?s=96&d=mm&r=g\",\"contentUrl\":\"https:\/\/secure.gravatar.com\/avatar\/6fb25994d16b9649838400aa459b16c1c83f558e0fd6ebebd16da0473908b291?s=96&d=mm&r=g\",\"caption\":\"Leandro Ricardo Machado da Silveira\"},\"description\":\"Engenheiro Aeron\u00e1utico, formado pela Universidade Federal de Uberl\u00e2ndia, possui MBA em Administra\u00e7\u00e3o e Finan\u00e7as Corporativas e aprovado nos concursos de Auditor Fiscal SEFAZ-SC e SEFAZ-GO.\",\"url\":\"https:\/\/www.estrategiaconcursos.com.br\/blog\/author\/leandro_vzthotmail-com\/\"}]}<\/script>\n<!-- \/ Yoast SEO Premium plugin. -->","yoast_head_json":{"title":"Entenda o Preg\u00e3o para concurso da PF \u2013 Lei 10.520","description":"Veja as disposi\u00e7\u00f5es sobre a Lei 10.520, Lei do Preg\u00e3o para concurso da PF \u2013 modalidade de licita\u00e7\u00e3o para aquisi\u00e7\u00e3o de bens e servi\u00e7os comuns","robots":{"index":"index","follow":"follow","max-snippet":"max-snippet:-1","max-image-preview":"max-image-preview:large","max-video-preview":"max-video-preview:-1"},"canonical":"https:\/\/www.estrategiaconcursos.com.br\/blog\/pregao-para-concurso-pf\/","og_locale":"pt_BR","og_type":"article","og_title":"Entenda o Preg\u00e3o para concurso da PF \u2013 Lei 10.520","og_description":"Veja as disposi\u00e7\u00f5es sobre a Lei 10.520, Lei do Preg\u00e3o para concurso da PF \u2013 modalidade de licita\u00e7\u00e3o para aquisi\u00e7\u00e3o de bens e servi\u00e7os comuns","og_url":"https:\/\/www.estrategiaconcursos.com.br\/blog\/pregao-para-concurso-pf\/","og_site_name":"Estrat\u00e9gia Concursos","article_published_time":"2021-02-22T11:43:00+00:00","og_image":[{"width":810,"height":540,"url":"https:\/\/dhg1h5j42swfq.cloudfront.net\/2021\/01\/27083919\/71479825710.jpg","type":"image\/jpeg"}],"author":"Leandro Ricardo Machado da Silveira","twitter_card":"summary_large_image","twitter_creator":"@EstratConcursos","twitter_site":"@EstratConcursos","twitter_misc":{"Escrito por":"Leandro Ricardo Machado da Silveira","Est. tempo de leitura":"10 minutos"},"schema":{"@context":"https:\/\/schema.org","@graph":[{"@type":"NewsArticle","@id":"https:\/\/www.estrategiaconcursos.com.br\/blog\/pregao-para-concurso-pf\/#article","isPartOf":{"@id":"https:\/\/www.estrategiaconcursos.com.br\/blog\/pregao-para-concurso-pf\/"},"author":{"name":"Leandro Ricardo Machado da Silveira","@id":"https:\/\/www.estrategiaconcursos.com.br\/blog\/#\/schema\/person\/c666a44fbce7e2e70009a9c13549267a"},"headline":"Entenda o Preg\u00e3o para concurso da PF \u2013 Lei 10.520","datePublished":"2021-02-22T11:43:00+00:00","mainEntityOfPage":{"@id":"https:\/\/www.estrategiaconcursos.com.br\/blog\/pregao-para-concurso-pf\/"},"wordCount":1913,"commentCount":0,"publisher":{"@id":"https:\/\/www.estrategiaconcursos.com.br\/blog\/#organization"},"image":{"@id":"https:\/\/www.estrategiaconcursos.com.br\/blog\/pregao-para-concurso-pf\/#primaryimage"},"thumbnailUrl":"https:\/\/dhg1h5j42swfq.cloudfront.net\/2021\/01\/27083919\/71479825710.jpg","keywords":["preg\u00e3o"],"articleSection":["Policial (Agente, Escriv\u00e3o e Investigador)"],"inLanguage":"pt-BR","potentialAction":[{"@type":"CommentAction","name":"Comment","target":["https:\/\/www.estrategiaconcursos.com.br\/blog\/pregao-para-concurso-pf\/#respond"]}],"copyrightYear":"2021","copyrightHolder":{"@id":"https:\/\/www.estrategiaconcursos.com.br\/blog\/#organization"}},{"@type":"WebPage","@id":"https:\/\/www.estrategiaconcursos.com.br\/blog\/pregao-para-concurso-pf\/","url":"https:\/\/www.estrategiaconcursos.com.br\/blog\/pregao-para-concurso-pf\/","name":"Entenda o Preg\u00e3o para concurso da PF \u2013 Lei 10.520","isPartOf":{"@id":"https:\/\/www.estrategiaconcursos.com.br\/blog\/#website"},"primaryImageOfPage":{"@id":"https:\/\/www.estrategiaconcursos.com.br\/blog\/pregao-para-concurso-pf\/#primaryimage"},"image":{"@id":"https:\/\/www.estrategiaconcursos.com.br\/blog\/pregao-para-concurso-pf\/#primaryimage"},"thumbnailUrl":"https:\/\/dhg1h5j42swfq.cloudfront.net\/2021\/01\/27083919\/71479825710.jpg","datePublished":"2021-02-22T11:43:00+00:00","description":"Veja as disposi\u00e7\u00f5es sobre a Lei 10.520, Lei do Preg\u00e3o para concurso da PF \u2013 modalidade de licita\u00e7\u00e3o para aquisi\u00e7\u00e3o de bens e servi\u00e7os comuns","breadcrumb":{"@id":"https:\/\/www.estrategiaconcursos.com.br\/blog\/pregao-para-concurso-pf\/#breadcrumb"},"inLanguage":"pt-BR","potentialAction":[{"@type":"ReadAction","target":["https:\/\/www.estrategiaconcursos.com.br\/blog\/pregao-para-concurso-pf\/"]}]},{"@type":"ImageObject","inLanguage":"pt-BR","@id":"https:\/\/www.estrategiaconcursos.com.br\/blog\/pregao-para-concurso-pf\/#primaryimage","url":"https:\/\/dhg1h5j42swfq.cloudfront.net\/2021\/01\/27083919\/71479825710.jpg","contentUrl":"https:\/\/dhg1h5j42swfq.cloudfront.net\/2021\/01\/27083919\/71479825710.jpg","width":810,"height":540},{"@type":"BreadcrumbList","@id":"https:\/\/www.estrategiaconcursos.com.br\/blog\/pregao-para-concurso-pf\/#breadcrumb","itemListElement":[{"@type":"ListItem","position":1,"name":"In\u00edcio","item":"https:\/\/www.estrategiaconcursos.com.br\/blog\/"},{"@type":"ListItem","position":2,"name":"Entenda o Preg\u00e3o para concurso da PF \u2013 Lei 10.520"}]},{"@type":"WebSite","@id":"https:\/\/www.estrategiaconcursos.com.br\/blog\/#website","url":"https:\/\/www.estrategiaconcursos.com.br\/blog\/","name":"Estrat\u00e9gia Concursos","description":"O blog da Estrat\u00e9gia Concursos traz not\u00edcias sobre concursos e artigos de professores oferecendo cursos para concursos (pdf + videaulas) no site.","publisher":{"@id":"https:\/\/www.estrategiaconcursos.com.br\/blog\/#organization"},"potentialAction":[{"@type":"SearchAction","target":{"@type":"EntryPoint","urlTemplate":"https:\/\/www.estrategiaconcursos.com.br\/blog\/?s={search_term_string}"},"query-input":{"@type":"PropertyValueSpecification","valueRequired":true,"valueName":"search_term_string"}}],"inLanguage":"pt-BR"},{"@type":"Organization","@id":"https:\/\/www.estrategiaconcursos.com.br\/blog\/#organization","name":"Estrat\u00e9gia Concursos","url":"https:\/\/www.estrategiaconcursos.com.br\/blog\/","logo":{"@type":"ImageObject","inLanguage":"pt-BR","@id":"https:\/\/www.estrategiaconcursos.com.br\/blog\/#\/schema\/logo\/image\/","url":"https:\/\/dhg1h5j42swfq.cloudfront.net\/2025\/06\/03203428\/logo_concursos-1.jpg","contentUrl":"https:\/\/dhg1h5j42swfq.cloudfront.net\/2025\/06\/03203428\/logo_concursos-1.jpg","width":230,"height":60,"caption":"Estrat\u00e9gia Concursos"},"image":{"@id":"https:\/\/www.estrategiaconcursos.com.br\/blog\/#\/schema\/logo\/image\/"},"sameAs":["https:\/\/x.com\/EstratConcursos"]},{"@type":"Person","@id":"https:\/\/www.estrategiaconcursos.com.br\/blog\/#\/schema\/person\/c666a44fbce7e2e70009a9c13549267a","name":"Leandro Ricardo Machado da Silveira","image":{"@type":"ImageObject","inLanguage":"pt-BR","@id":"https:\/\/secure.gravatar.com\/avatar\/6fb25994d16b9649838400aa459b16c1c83f558e0fd6ebebd16da0473908b291?s=96&d=mm&r=g","url":"https:\/\/secure.gravatar.com\/avatar\/6fb25994d16b9649838400aa459b16c1c83f558e0fd6ebebd16da0473908b291?s=96&d=mm&r=g","contentUrl":"https:\/\/secure.gravatar.com\/avatar\/6fb25994d16b9649838400aa459b16c1c83f558e0fd6ebebd16da0473908b291?s=96&d=mm&r=g","caption":"Leandro Ricardo Machado da Silveira"},"description":"Engenheiro Aeron\u00e1utico, formado pela Universidade Federal de Uberl\u00e2ndia, possui MBA em Administra\u00e7\u00e3o e Finan\u00e7as Corporativas e aprovado nos concursos de Auditor Fiscal SEFAZ-SC e SEFAZ-GO.","url":"https:\/\/www.estrategiaconcursos.com.br\/blog\/author\/leandro_vzthotmail-com\/"}]}},"_links":{"self":[{"href":"https:\/\/www.estrategiaconcursos.com.br\/blog\/wp-json\/wp\/v2\/posts\/658413","targetHints":{"allow":["GET"]}}],"collection":[{"href":"https:\/\/www.estrategiaconcursos.com.br\/blog\/wp-json\/wp\/v2\/posts"}],"about":[{"href":"https:\/\/www.estrategiaconcursos.com.br\/blog\/wp-json\/wp\/v2\/types\/post"}],"author":[{"embeddable":true,"href":"https:\/\/www.estrategiaconcursos.com.br\/blog\/wp-json\/wp\/v2\/users\/1668"}],"replies":[{"embeddable":true,"href":"https:\/\/www.estrategiaconcursos.com.br\/blog\/wp-json\/wp\/v2\/comments?post=658413"}],"version-history":[{"count":4,"href":"https:\/\/www.estrategiaconcursos.com.br\/blog\/wp-json\/wp\/v2\/posts\/658413\/revisions"}],"predecessor-version":[{"id":670134,"href":"https:\/\/www.estrategiaconcursos.com.br\/blog\/wp-json\/wp\/v2\/posts\/658413\/revisions\/670134"}],"wp:featuredmedia":[{"embeddable":true,"href":"https:\/\/www.estrategiaconcursos.com.br\/blog\/wp-json\/wp\/v2\/media\/658414"}],"wp:attachment":[{"href":"https:\/\/www.estrategiaconcursos.com.br\/blog\/wp-json\/wp\/v2\/media?parent=658413"}],"wp:term":[{"taxonomy":"category","embeddable":true,"href":"https:\/\/www.estrategiaconcursos.com.br\/blog\/wp-json\/wp\/v2\/categories?post=658413"},{"taxonomy":"post_tag","embeddable":true,"href":"https:\/\/www.estrategiaconcursos.com.br\/blog\/wp-json\/wp\/v2\/tags?post=658413"},{"taxonomy":"tax_estado","embeddable":true,"href":"https:\/\/www.estrategiaconcursos.com.br\/blog\/wp-json\/wp\/v2\/tax_estado?post=658413"}],"curies":[{"name":"wp","href":"https:\/\/api.w.org\/{rel}","templated":true}]}}