{"id":657169,"date":"2021-01-25T18:06:02","date_gmt":"2021-01-25T21:06:02","guid":{"rendered":"https:\/\/www.estrategiaconcursos.com.br\/blog\/?p=657169"},"modified":"2021-01-25T18:17:06","modified_gmt":"2021-01-25T21:17:06","slug":"alteracoes-da-lrf-lei-complementar-177-2021-e-lei-complementar-178-2021","status":"publish","type":"post","link":"https:\/\/www.estrategiaconcursos.com.br\/blog\/alteracoes-da-lrf-lei-complementar-177-2021-e-lei-complementar-178-2021\/","title":{"rendered":"Altera\u00e7\u00f5es da LRF &#8211; Lei Complementar 177\/2021 e Lei Complementar 178\/2021"},"content":{"rendered":"\n<p>O ano de 2021 j\u00e1 come\u00e7ou com duas leis complementares publicadas em janeiro que alteraram outras leis, dentre elas, a Lei Complementar 101\/2000 &#8211; Lei de Responsabilidade Fiscal &#8211; LRF.<\/p>\n\n\n\n<p><strong>Vamos come\u00e7ar com a altera\u00e7\u00e3o da LRF pela Lei Complementar 177\/2021.<\/strong><\/p>\n\n\n\n<p><\/p>\n\n\n\n<p><br \/><strong>CAP\u00cdTULO II &#8211; DO PLANEJAMENTO<br \/>Se\u00e7\u00e3o IV &#8211; Da Execu\u00e7\u00e3o Or\u00e7ament\u00e1ria e do Cumprimento das Metas<\/strong><\/p>\n\n\n\n<p><em><strong>Art. 9\u00ba.<br \/>(&#8230;)<br \/>\u00a7 2\u00ba N\u00e3o ser\u00e3o objeto de limita\u00e7\u00e3o as despesas que constituam obriga\u00e7\u00f5es constitucionais e legais do ente, inclusive aquelas destinadas ao pagamento do servi\u00e7o da d\u00edvida, as relativas \u00e0 inova\u00e7\u00e3o e ao desenvolvimento cient\u00edfico e tecnol\u00f3gico custeadas por fundo criado para tal finalidade e as ressalvadas pela lei de diretrizes or\u00e7ament\u00e1rias.<\/strong><\/em><\/p>\n\n\n\n<p>A LRF apresenta despesas que n\u00e3o podem sofrer a limita\u00e7\u00e3o de empenho. N\u00e3o ser\u00e3o objeto de limita\u00e7\u00e3o as despesas que constituam obriga\u00e7\u00f5es constitucionais e legais do ente, inclusive aquelas destinadas ao pagamento do servi\u00e7o da d\u00edvida, e as ressalvadas pela lei de diretrizes or\u00e7ament\u00e1rias.<br \/>A Lei Complementar 177\/2021 acrescentou outras despesas que <strong>n\u00e3o<\/strong> podem sofrer limita\u00e7\u00e3o de empenho: <strong>as relativas \u00e0 inova\u00e7\u00e3o e ao desenvolvimento cient\u00edfico e tecnol\u00f3gico custeadas por fundo criado para tal finalidade.<\/strong><\/p>\n\n\n\n<p>\u00c9 a \u00fanica altera\u00e7\u00e3o da LRF trazida pela Lei Complementar 177\/2021.<\/p>\n\n\n\n<p class=\"has-text-align-left\"><strong>Agora vamos tratar das altera\u00e7\u00f5es na LRF trazidas pela Lei Complementar 178\/2021.<br \/><\/strong><br \/><\/p>\n\n\n\n<p class=\"has-text-align-left\"><strong>CAP\u00cdTULO IV &#8211; DA DESPESA P\u00daBLICA<br \/>Se\u00e7\u00e3o II &#8211; Das Despesas com Pessoal<\/strong><\/p>\n\n\n\n<p><em><strong>Art. 18.<br \/>(&#8230;)<br \/>\u00a7 2\u00ba\u00a0A despesa total com pessoal ser\u00e1 apurada somando-se a realizada no m\u00eas em refer\u00eancia com as dos onze imediatamente anteriores, adotando-se o regime de compet\u00eancia, independentemente de empenho.<br \/>\u00a7 3\u00ba Para a apura\u00e7\u00e3o da despesa total com pessoal, ser\u00e1 observada a remunera\u00e7\u00e3o bruta do servidor, sem qualquer dedu\u00e7\u00e3o ou reten\u00e7\u00e3o, ressalvada a redu\u00e7\u00e3o para atendimento ao disposto no art. 37, inciso XI, da Constitui\u00e7\u00e3o Federal.<\/strong><\/em><\/p>\n\n\n\n<p>Quanto ao \u00a7 2\u00ba, no regime de <strong>compet\u00eancia<\/strong>, as receitas e despesas s\u00e3o contabilizadas quando s\u00e3o comprometidas (fato gerador da despesa), independentemente do momento que as receitas entram ou as despesas saem do caixa. Por exemplo, se eu compro um produto em novembro (fato gerador da despesa) e pago em dezembro, no regime de compet\u00eancia a despesa seria contabilizada em novembro, pois foi o m\u00eas em que ocorreu o comprometimento da despesa.<br \/>A altera\u00e7\u00e3o acrescentou que o regime de compet\u00eancia para a apura\u00e7\u00e3o das despesas com pessoal deve ser adotado <strong>independentemente de empenho<\/strong>. Ou seja, o empenho pode coincidir com o m\u00eas adotado considerando o regime de compet\u00eancia; entretanto, se isso n\u00e3o ocorrer, o que deve ser considerado \u00e9 o m\u00eas de compet\u00eancia, mesmo se o empenho tiver ocorrido em outro m\u00eas.<br \/>No que tange ao \u00a7 3\u00ba, trata-se de um dispositivo novo. Para a apura\u00e7\u00e3o da despesa total com pessoal,<strong> ser\u00e1 observada a remunera\u00e7\u00e3o bruta do servidor, sem qualquer dedu\u00e7\u00e3o ou reten\u00e7\u00e3o, <\/strong>ressalvada a redu\u00e7\u00e3o para atendimento ao disposto no\u00a0art. 37, XI, da CF\/1988 (o qual trata do teto de remunera\u00e7\u00e3o no servi\u00e7o p\u00fablico).<\/p>\n\n\n\n<p><\/p>\n\n\n\n<p><em><strong>Art. 19.<br \/>(&#8230;)<br \/>\u00a7 1\u00ba<br \/>(&#8230;)<br \/>VI &#8211; com inativos e pensionistas, ainda que pagas por interm\u00e9dio de unidade gestora \u00fanica ou fundo previsto no art, 249 da Constitui\u00e7\u00e3o Federal, quanto \u00e0 parcela custeada por recursos provenientes:<br \/>(&#8230;)<br \/>c) de transfer\u00eancias destinadas a promover o equil\u00edbrio atuarial do regime de previd\u00eancia, na forma definida pelo \u00f3rg\u00e3o do Poder Executivo federal respons\u00e1vel pela orienta\u00e7\u00e3o, pela supervis\u00e3o e pelo acompanhamento dos regimes pr\u00f3prios de previd\u00eancia social dos servidores p\u00fablicos.<br \/>(&#8230;)<br \/>\u00a7 3\u00ba Na verifica\u00e7\u00e3o do atendimento dos limites definidos neste artigo, \u00e9 vedada a dedu\u00e7\u00e3o da parcela custeada com recursos aportados para a cobertura do d\u00e9ficit financeiro dos regimes de previd\u00eancia.<\/strong><\/em><\/p>\n\n\n\n<p>O \u00a7 1\u00ba do art. 19 disp\u00f5e sobre quais despesas n\u00e3o ser\u00e3o computadas para efeito de verifica\u00e7\u00e3o de limites de despesas com pessoal. O inciso VI, al\u00ednea &#8220;c&#8221;, dizia que n\u00e3o seriam computadas as despesas com inativos, ainda que por interm\u00e9dio de fundo espec\u00edfico, custeadas por recursos provenientes das demais receitas diretamente arrecadadas por fundo vinculado a tal finalidade, inclusive o produto da aliena\u00e7\u00e3o de bens, direitos e ativos, bem como seu super\u00e1vit financeiro.<br \/>O texto atual ficou mais completo e especificou melhor. O inciso VI, al\u00ednea &#8220;c&#8221;, disp\u00f5e atualmente que n\u00e3o ser\u00e3o computadas as despesas com inativos <strong>e pensionistas<\/strong>, ainda que pagas por interm\u00e9dio <strong>de unidade gestora \u00fanica ou fundo previsto no art. 249 da CF\/1988 <\/strong>(constitui\u00e7\u00e3o de fundos para pagamento de proventos de aposentadoria e pens\u00f5es concedidas aos respectivos servidores e seus dependentes), quanto \u00e0 parcela custeada por recursos provenientes <strong>de transfer\u00eancias destinadas a promover o equil\u00edbrio atuarial do regime de previd\u00eancia, na forma definida pelo \u00f3rg\u00e3o do Poder Executivo federal respons\u00e1vel pela orienta\u00e7\u00e3o, pela supervis\u00e3o e pelo acompanhamento dos regimes pr\u00f3prios de previd\u00eancia social dos servidores p\u00fablicos.<\/strong><br \/>J\u00e1 quanto ao \u00a7 3\u00ba, trata-se de uma novidade. Na verifica\u00e7\u00e3o do atendimento dos limites das despesas com pessoal, <strong>n\u00e3o se pode deduzir a parcela custeada com recursos aportados para a cobertura do d\u00e9ficit financeiro dos regimes de previd\u00eancia<\/strong>.<\/p>\n\n\n\n<p><\/p>\n\n\n\n<p><em><strong>Art. 20.<br \/>(&#8230;)<br \/>\u00a7 7\u00ba Os Poderes e \u00f3rg\u00e3os referidos neste artigo dever\u00e3o apurar, de forma segregada para aplica\u00e7\u00e3o dos limites de que trata este artigo, a integralidade das despesas com pessoal dos respectivos servidores inativos e pensionistas, mesmo que o custeio dessas despesas esteja a cargo de outro Poder ou \u00f3rg\u00e3o.<\/strong><\/em><\/p>\n\n\n\n<p>O art. 20 trata da reparti\u00e7\u00e3o dos limites globais das despesas com pessoal. Foi acrescentado o \u00a7 7\u00ba, dispondo sobre o custeio das despesas com servidores inativos e pensionistas que esteja a cargo de outro Poder ou \u00f3rg\u00e3o. Mesmo nesse caso, os Poderes e \u00f3rg\u00e3os referidos neste artigo dever\u00e3o apurar, de forma segregada para aplica\u00e7\u00e3o dos limites de que trata este artigo, <strong>a integralidade das despesas com pessoal dos respectivos servidores<\/strong>.<\/p>\n\n\n\n<p><\/p>\n\n\n\n<p><em><strong>Art. 23.<br \/>(&#8230;)<br \/>\u00a7 3\u00ba N\u00e3o alcan\u00e7ada a redu\u00e7\u00e3o no prazo estabelecido e enquanto perdurar o excesso, o Poder ou \u00f3rg\u00e3o referido no art. 20 n\u00e3o poder\u00e1:<br \/>(&#8230;)<br \/>III &#8211; contratar opera\u00e7\u00f5es de cr\u00e9dito, ressalvadas as destinadas ao pagamento da d\u00edvida mobili\u00e1ria e as que visem \u00e0 redu\u00e7\u00e3o das despesas com pessoal.<\/strong><\/em><\/p>\n\n\n\n<p>Os dispositivos trazem duas altera\u00e7\u00f5es importantes:<br \/>_ as proibi\u00e7\u00f5es abarcavam todo o ente se n\u00e3o alcan\u00e7ada a redu\u00e7\u00e3o das despesas com pessoal no prazo estabelecido e enquanto perdurar o excesso. Agora, a proibi\u00e7\u00e3o \u00e9 espec\u00edfica para o <strong>Poder ou \u00f3rg\u00e3o<\/strong> e n\u00e3o para todo o ente.<br \/>_ a veda\u00e7\u00e3o para a realiza\u00e7\u00e3o de opera\u00e7\u00f5es de cr\u00e9dito se n\u00e3o alcan\u00e7ada a redu\u00e7\u00e3o das despesas com pessoal no prazo estabelecido e enquanto perdurar o excesso tinha como exce\u00e7\u00e3o as destinadas ao refinanciamento da d\u00edvida mobili\u00e1ria; agora, a exce\u00e7\u00e3o \u00e9 para o <strong>pagamento <\/strong>da d\u00edvida mobili\u00e1ria.<\/p>\n\n\n\n<p><\/p>\n\n\n\n<p><strong>CAP\u00cdTULO VII &#8211; DA D\u00cdVIDA E DO ENDIVIDAMENTO<br \/>Se\u00e7\u00e3o III &#8211; Da Recondu\u00e7\u00e3o da D\u00edvida aos Limites<\/strong><\/p>\n\n\n\n<p><em><strong>Art. 31. <br \/>(&#8230;)<br \/>\u00a7 1\u00ba estar\u00e1 proibido de realizar opera\u00e7\u00e3o de cr\u00e9dito interna ou externa, inclusive por antecipa\u00e7\u00e3o de receita, ressalvadas as para pagamento de d\u00edvidas mobili\u00e1rias;<\/strong><\/em><\/p>\n\n\n\n<p>A veda\u00e7\u00e3o para a realiza\u00e7\u00e3o de opera\u00e7\u00f5es de cr\u00e9dito enquanto perdurar o excesso de d\u00edvida consolidada tinha como exce\u00e7\u00e3o as destinadas ao refinanciamento da d\u00edvida mobili\u00e1ria; agora, a exce\u00e7\u00e3o \u00e9 para o <strong>pagamento <\/strong>da d\u00edvida mobili\u00e1ria.<\/p>\n\n\n\n<p><\/p>\n\n\n\n<p><em><strong>Art. 32.<br \/>\u00a7 7\u00ba Poder\u00e1 haver altera\u00e7\u00e3o da finalidade de opera\u00e7\u00e3o de cr\u00e9dito de Estados, do Distrito Federal e de Munic\u00edpios sem a necessidade de nova verifica\u00e7\u00e3o pelo Minist\u00e9rio da Economia, desde que haja pr\u00e9via e expressa autoriza\u00e7\u00e3o para tanto, no texto da lei or\u00e7ament\u00e1ria, em cr\u00e9ditos adicionais ou em lei espec\u00edfica, que se demonstre a rela\u00e7\u00e3o custo-benef\u00edcio e o interesse econ\u00f4mico e social da opera\u00e7\u00e3o e que n\u00e3o configure infra\u00e7\u00e3o a dispositivo desta Lei Complementar.<\/strong><\/em><\/p>\n\n\n\n<p>O art. 32 \u00e9 o que trata da autoriza\u00e7\u00e3o, pelo Minist\u00e9rio da Fazenda (atual Minist\u00e9rio da Economia) para a contrata\u00e7\u00e3o das opera\u00e7\u00f5es de cr\u00e9dito.<br \/>O \u00a7 7\u00ba \u00e9 um dispositivo novo, afirmando que poder\u00e1 haver altera\u00e7\u00e3o, sem a necessidade de nova verifica\u00e7\u00e3o pelo Minist\u00e9rio da Economia, da finalidade de opera\u00e7\u00e3o de cr\u00e9dito de Estados, do Distrito Federal e de Munic\u00edpios. Entretanto, para isso, deve haver pr\u00e9via e expressa autoriza\u00e7\u00e3o na LOA, em cr\u00e9ditos adicionais ou em alguma lei espec\u00edfica; e que seja demonstrada a rela\u00e7\u00e3o custo-benef\u00edcio e o interesse econ\u00f4mico e social da opera\u00e7\u00e3o e que n\u00e3o configure infra\u00e7\u00e3o a dispositivo desta Lei Complementar.<\/p>\n\n\n\n<p><\/p>\n\n\n\n<p><em><strong>Art. 33.<br \/>(&#8230;)<br \/>\u00a7 3\u00ba Enquanto n\u00e3o for efetuado o cancelamento ou a amortiza\u00e7\u00e3o ou constitu\u00edda a reserva de que trata o \u00a7 2\u00ba, aplicam-se ao ente as restri\u00e7\u00f5es previstas no \u00a7 3\u00ba do art. 23.<\/strong><\/em><\/p>\n\n\n\n<p>Enquanto n\u00e3o for efetuado o cancelamento ou a amortiza\u00e7\u00e3o ou constitu\u00edda a reserva de que trata o \u00a7 2\u00ba (se n\u00e3o for efetuada a devolu\u00e7\u00e3o dos recursos da opera\u00e7\u00e3o de cr\u00e9dito realizada com infra\u00e7\u00e3o do disposto na LRF no exerc\u00edcio de ingresso dos recursos, ser\u00e1 consignada reserva espec\u00edfica na LOA para o exerc\u00edcio seguinte), aplicam-se ao ente as restri\u00e7\u00f5es previstas no \u00a7 3\u00ba do art. 23 (as mesmas para despesas com pessoal).<\/p>\n\n\n\n<p><\/p>\n\n\n\n<p><strong><em>Art. 40. Os entes poder\u00e3o conceder garantia em opera\u00e7\u00f5es de cr\u00e9dito internas ou externas, observados o disposto neste artigo, as normas do art. 32 e, no caso da Uni\u00e3o, tamb\u00e9m os limites e as condi\u00e7\u00f5es estabelecidos pelo Senado Federal e as normas emitidas pelo Minist\u00e9rio da Economia acerca da classifica\u00e7\u00e3o de capacidade de pagamento dos mutu\u00e1rios.<\/em><br \/>(&#8230;)<br \/>\u00a7 11. <em>A altera\u00e7\u00e3o da metodologia utilizada para fins de classifica\u00e7\u00e3o da capacidade de pagamento de Estados e Munic\u00edpios dever\u00e1 ser precedida de consulta p\u00fablica, assegurada a manifesta\u00e7\u00e3o dos entes.\u00a0<\/em><\/strong><\/p>\n\n\n\n<p>O <em>caput <\/em>do art. 40 j\u00e1 previa que os entes poder\u00e3o conceder garantia em opera\u00e7\u00f5es de cr\u00e9dito internas ou externas, observados o disposto neste artigo, as normas do art. 32 (s\u00e3o as normas sobre opera\u00e7\u00f5es de cr\u00e9dito previstas na LRF) e, no caso da Uni\u00e3o, tamb\u00e9m os limites e as condi\u00e7\u00f5es estabelecidos pelo Senado Federal. O que foi acrescentado agora \u00e9 que, <strong>no caso da Uni\u00e3o, devem ser observadas as normas emitidas pelo Minist\u00e9rio da Economia acerca da classifica\u00e7\u00e3o de capacidade de pagamento dos mutu\u00e1rios.<\/strong><br \/><br \/>O \u00a7 11 \u00e9 um dispositivo novo, que se relaciona com o acr\u00e9scimo de exig\u00eancias do <em>caput<\/em>. A altera\u00e7\u00e3o da metodologia utilizada para fins de classifica\u00e7\u00e3o da capacidade de pagamento de Estados e Munic\u00edpios dever\u00e1 ser precedida de consulta p\u00fablica, assegurada a manifesta\u00e7\u00e3o dos entes.<\/p>\n\n\n\n<p><\/p>\n\n\n\n<p><strong>CAP\u00cdTULO IX &#8211; DA TRANSPAR\u00caNCIA, CONTROLE E FISCALIZA\u00c7\u00c3O<br \/>Se\u00e7\u00e3o II &#8211; Da Escritura\u00e7\u00e3o e Consolida\u00e7\u00e3o das Contas<\/strong><\/p>\n\n\n\n<p><strong><em>Art. 51.<\/em><br \/>(&#8230;)<em><br \/>\u00a7 1\u00ba Os Estados e os Munic\u00edpios encaminhar\u00e3o suas contas ao Poder Executivo da Uni\u00e3o at\u00e9 30 de abril <\/em>(vig\u00eancia a partir de 2022).<em><br \/>\u00a7 2\u00ba O descumprimento dos prazos previstos neste artigo impedir\u00e1, at\u00e9 que a situa\u00e7\u00e3o seja regularizada, que o Poder ou \u00f3rg\u00e3o referido no art. 20 receba transfer\u00eancias volunt\u00e1rias e contrate opera\u00e7\u00f5es de cr\u00e9dito, exceto as destinadas ao pagamento da d\u00edvida mobili\u00e1ria<\/em> (vig\u00eancia a partir de 2022).<\/strong><\/p>\n\n\n\n<p>A Lei Complementar 178\/2021 disp\u00f5e que <strong>a partir de 2022<\/strong>, os Estados e os Munic\u00edpios encaminhar\u00e3o suas contas diretamente ao Poder Executivo da Uni\u00e3o at\u00e9 <strong>30 de abril<\/strong>. Ou seja, a data limite ser\u00e1 a mesma para os entes estaduais e municipais.<br \/>Al\u00e9m disso, tamb\u00e9m <strong>a partir de 2022<\/strong>, caso ocorra descumprimento dos prazos, at\u00e9 que a situa\u00e7\u00e3o seja regularizada, somente ser\u00e3o permitidas opera\u00e7\u00f5es de cr\u00e9dito pelo Poder ou \u00f3rg\u00e3o destinadas ao <strong>pagamento<\/strong> da d\u00edvida mobili\u00e1ria (e n\u00e3o para o seu refinanciamento, como ocorre atualmente).<\/p>\n\n\n\n<p><\/p>\n\n\n\n<p><strong>Se\u00e7\u00e3o VI &#8211; Da Fiscaliza\u00e7\u00e3o da Gest\u00e3o Fiscal<\/strong><br \/><br \/><strong><em>Art. 59. O Poder Legislativo, diretamente ou com o aux\u00edlio dos Tribunais de Contas, e o sistema de controle interno de cada Poder e do Minist\u00e9rio P\u00fablico fiscalizar\u00e3o o cumprimento desta Lei Complementar, consideradas as normas de padroniza\u00e7\u00e3o metodol\u00f3gica editadas pelo conselho de que trata o art. 67, com \u00eanfase no que se refere a:<\/em><\/strong><br \/><strong>(&#8230;)<br \/><\/strong><br \/>O <em>caput <\/em>do art. 59 da LRF dispunha que o Poder Legislativo, diretamente ou com o aux\u00edlio dos Tribunais de Contas, e o sistema de controle interno de cada Poder e do Minist\u00e9rio P\u00fablico fiscalizar\u00e3o o cumprimento desta Lei Complementar. E a seguir listava o que deveria ser enfatizado.<br \/>Atualmente, foi acrescido que devem ser consideradas, ainda, as normas de padroniza\u00e7\u00e3o metodol\u00f3gica editadas pelo conselho de que trata o art. 67 (conselho de gest\u00e3o fiscal). A lista do que dever\u00e1 ser enfatizado permanece a mesma.<\/p>\n\n\n\n<p><strong>Foram essas as altera\u00e7\u00f5es na LRF impostas pela Lcp 177 e Lcp 178.<\/strong><\/p>\n\n\n\n<p>Quer aprender AFO de verdade e &#8220;arrebentar em provas como essa&#8221;? Invista nos cursos espec\u00edficos para o seu concurso clicando em: <a href=\"https:\/\/www.estrategiaconcursos.com.br\/cursosPorProfessor\/sergio-mendes-3000\/\">quero aprender AFO e LRF de verdade.<\/a><\/p>\n\n\n\n<p>Se n\u00e3o h\u00e1 um curso espec\u00edfico para o concurso que voc\u00ea quer, sugiro para voc\u00ea o curso regular clicando em: <a href=\"https:\/\/www.estrategiaconcursos.com.br\/curso\/administracao-financeira-e-orcamentaria-p-concursos-curso-regular-com-videoaulas\/\">quero aprender AFO para concursos.<\/a><\/p>\n\n\n\n<p>Forte abra\u00e7o!<\/p>\n\n\n\n<p>S\u00e9rgio Mendes<\/p>\n\n\n\n<p>Instagram: <a href=\"http:\/\/www.instagram.com\/sergiomendesafo\">www.instagram.com\/sergiomendesafo<\/a><\/p>\n\n\n\n<p>Grupo no Telegram: <a href=\"https:\/\/t.me\/afosergiomendes\">https:\/\/t.me\/afosergiomendes<\/a><\/p>\n","protected":false},"excerpt":{"rendered":"<p>O ano de 2021 j\u00e1 come\u00e7ou com duas leis complementares publicadas em janeiro que alteraram outras leis, dentre elas, a Lei Complementar 101\/2000 &#8211; Lei de Responsabilidade Fiscal &#8211; LRF. Vamos come\u00e7ar com a altera\u00e7\u00e3o da LRF pela Lei Complementar 177\/2021. CAP\u00cdTULO II &#8211; DO PLANEJAMENTOSe\u00e7\u00e3o IV &#8211; Da Execu\u00e7\u00e3o Or\u00e7ament\u00e1ria e do Cumprimento das [&hellip;]<\/p>\n","protected":false},"author":29,"featured_media":0,"comment_status":"open","ping_status":"closed","sticky":false,"template":"","format":"standard","meta":{"post_tipo":"article","footnotes":""},"categories":[1],"tags":[220072],"tax_estado":[219964,219965,219966,219967,219968,219969,219963,219970,219971,219972,219973,219974,219975,219976,219977,219978,219979,219980,219981,219982,219983,219984,219985,219986,219987,219988,219989,219990],"class_list":["post-657169","post","type-post","status-publish","format-standard","hentry","category-cursos-e-concursos","tag-lrf-alteracoes-lrf","tax_estado-ac","tax_estado-al","tax_estado-am","tax_estado-ap","tax_estado-ba","tax_estado-ce","tax_estado-concursos-federais","tax_estado-df","tax_estado-es","tax_estado-go","tax_estado-ma","tax_estado-mg","tax_estado-ms","tax_estado-mt","tax_estado-pa","tax_estado-pb","tax_estado-pe","tax_estado-pi","tax_estado-pr","tax_estado-rj","tax_estado-rn","tax_estado-ro","tax_estado-rr","tax_estado-rs","tax_estado-sc","tax_estado-se","tax_estado-sp","tax_estado-to"],"acf":[],"yoast_head":"<!-- This site is optimized with the Yoast SEO Premium plugin v27.2 (Yoast SEO v27.2) - https:\/\/yoast.com\/product\/yoast-seo-premium-wordpress\/ -->\n<title>Altera\u00e7\u00f5es da LRF - Lei Complementar 177\/2021 e Lei Complementar 178\/2021<\/title>\n<meta name=\"robots\" content=\"index, follow, max-snippet:-1, max-image-preview:large, max-video-preview:-1\" \/>\n<link rel=\"canonical\" href=\"https:\/\/www.estrategiaconcursos.com.br\/blog\/alteracoes-da-lrf-lei-complementar-177-2021-e-lei-complementar-178-2021\/\" \/>\n<meta property=\"og:locale\" content=\"pt_BR\" \/>\n<meta property=\"og:type\" content=\"article\" \/>\n<meta property=\"og:title\" content=\"Altera\u00e7\u00f5es da LRF - Lei Complementar 177\/2021 e Lei Complementar 178\/2021\" \/>\n<meta property=\"og:description\" content=\"O ano de 2021 j\u00e1 come\u00e7ou com duas leis complementares publicadas em janeiro que alteraram outras leis, dentre elas, a Lei Complementar 101\/2000 &#8211; Lei de Responsabilidade Fiscal &#8211; LRF. Vamos come\u00e7ar com a altera\u00e7\u00e3o da LRF pela Lei Complementar 177\/2021. CAP\u00cdTULO II &#8211; DO PLANEJAMENTOSe\u00e7\u00e3o IV &#8211; Da Execu\u00e7\u00e3o Or\u00e7ament\u00e1ria e do Cumprimento das [&hellip;]\" \/>\n<meta property=\"og:url\" content=\"https:\/\/www.estrategiaconcursos.com.br\/blog\/alteracoes-da-lrf-lei-complementar-177-2021-e-lei-complementar-178-2021\/\" \/>\n<meta property=\"og:site_name\" content=\"Estrat\u00e9gia Concursos\" \/>\n<meta property=\"article:author\" content=\"https:\/\/www.facebook.com\/profsergiomendes\" \/>\n<meta property=\"article:published_time\" content=\"2021-01-25T21:06:02+00:00\" \/>\n<meta property=\"article:modified_time\" content=\"2021-01-25T21:17:06+00:00\" \/>\n<meta name=\"author\" content=\"S\u00e9rgio Mendes\" \/>\n<meta name=\"twitter:card\" content=\"summary_large_image\" \/>\n<meta name=\"twitter:creator\" content=\"@EstratConcursos\" \/>\n<meta name=\"twitter:site\" content=\"@EstratConcursos\" \/>\n<meta name=\"twitter:label1\" content=\"Escrito por\" \/>\n\t<meta name=\"twitter:data1\" content=\"S\u00e9rgio Mendes\" \/>\n\t<meta name=\"twitter:label2\" content=\"Est. tempo de leitura\" \/>\n\t<meta name=\"twitter:data2\" content=\"11 minutos\" \/>\n<script type=\"application\/ld+json\" class=\"yoast-schema-graph\">{\"@context\":\"https:\/\/schema.org\",\"@graph\":[{\"@type\":\"NewsArticle\",\"@id\":\"https:\/\/www.estrategiaconcursos.com.br\/blog\/alteracoes-da-lrf-lei-complementar-177-2021-e-lei-complementar-178-2021\/#article\",\"isPartOf\":{\"@id\":\"https:\/\/www.estrategiaconcursos.com.br\/blog\/alteracoes-da-lrf-lei-complementar-177-2021-e-lei-complementar-178-2021\/\"},\"author\":{\"name\":\"S\u00e9rgio Mendes\",\"@id\":\"https:\/\/www.estrategiaconcursos.com.br\/blog\/#\/schema\/person\/4ddc4a162b4fdffa2ea9956dbf62f583\"},\"headline\":\"Altera\u00e7\u00f5es da LRF &#8211; Lei Complementar 177\/2021 e Lei Complementar 178\/2021\",\"datePublished\":\"2021-01-25T21:06:02+00:00\",\"dateModified\":\"2021-01-25T21:17:06+00:00\",\"mainEntityOfPage\":{\"@id\":\"https:\/\/www.estrategiaconcursos.com.br\/blog\/alteracoes-da-lrf-lei-complementar-177-2021-e-lei-complementar-178-2021\/\"},\"wordCount\":2273,\"commentCount\":0,\"publisher\":{\"@id\":\"https:\/\/www.estrategiaconcursos.com.br\/blog\/#organization\"},\"keywords\":[\"LRF; alteracoes LRF\"],\"articleSection\":[\"Concursos P\u00fablicos\"],\"inLanguage\":\"pt-BR\",\"potentialAction\":[{\"@type\":\"CommentAction\",\"name\":\"Comment\",\"target\":[\"https:\/\/www.estrategiaconcursos.com.br\/blog\/alteracoes-da-lrf-lei-complementar-177-2021-e-lei-complementar-178-2021\/#respond\"]}],\"copyrightYear\":\"2021\",\"copyrightHolder\":{\"@id\":\"https:\/\/www.estrategiaconcursos.com.br\/blog\/#organization\"}},{\"@type\":\"WebPage\",\"@id\":\"https:\/\/www.estrategiaconcursos.com.br\/blog\/alteracoes-da-lrf-lei-complementar-177-2021-e-lei-complementar-178-2021\/\",\"url\":\"https:\/\/www.estrategiaconcursos.com.br\/blog\/alteracoes-da-lrf-lei-complementar-177-2021-e-lei-complementar-178-2021\/\",\"name\":\"Altera\u00e7\u00f5es da LRF - Lei Complementar 177\/2021 e Lei Complementar 178\/2021\",\"isPartOf\":{\"@id\":\"https:\/\/www.estrategiaconcursos.com.br\/blog\/#website\"},\"datePublished\":\"2021-01-25T21:06:02+00:00\",\"dateModified\":\"2021-01-25T21:17:06+00:00\",\"breadcrumb\":{\"@id\":\"https:\/\/www.estrategiaconcursos.com.br\/blog\/alteracoes-da-lrf-lei-complementar-177-2021-e-lei-complementar-178-2021\/#breadcrumb\"},\"inLanguage\":\"pt-BR\",\"potentialAction\":[{\"@type\":\"ReadAction\",\"target\":[\"https:\/\/www.estrategiaconcursos.com.br\/blog\/alteracoes-da-lrf-lei-complementar-177-2021-e-lei-complementar-178-2021\/\"]}]},{\"@type\":\"BreadcrumbList\",\"@id\":\"https:\/\/www.estrategiaconcursos.com.br\/blog\/alteracoes-da-lrf-lei-complementar-177-2021-e-lei-complementar-178-2021\/#breadcrumb\",\"itemListElement\":[{\"@type\":\"ListItem\",\"position\":1,\"name\":\"In\u00edcio\",\"item\":\"https:\/\/www.estrategiaconcursos.com.br\/blog\/\"},{\"@type\":\"ListItem\",\"position\":2,\"name\":\"Altera\u00e7\u00f5es da LRF &#8211; Lei Complementar 177\/2021 e Lei Complementar 178\/2021\"}]},{\"@type\":\"WebSite\",\"@id\":\"https:\/\/www.estrategiaconcursos.com.br\/blog\/#website\",\"url\":\"https:\/\/www.estrategiaconcursos.com.br\/blog\/\",\"name\":\"Estrat\u00e9gia Concursos\",\"description\":\"O blog da Estrat\u00e9gia Concursos traz not\u00edcias sobre concursos e artigos de professores oferecendo cursos para concursos (pdf + videaulas) no site.\",\"publisher\":{\"@id\":\"https:\/\/www.estrategiaconcursos.com.br\/blog\/#organization\"},\"potentialAction\":[{\"@type\":\"SearchAction\",\"target\":{\"@type\":\"EntryPoint\",\"urlTemplate\":\"https:\/\/www.estrategiaconcursos.com.br\/blog\/?s={search_term_string}\"},\"query-input\":{\"@type\":\"PropertyValueSpecification\",\"valueRequired\":true,\"valueName\":\"search_term_string\"}}],\"inLanguage\":\"pt-BR\"},{\"@type\":\"Organization\",\"@id\":\"https:\/\/www.estrategiaconcursos.com.br\/blog\/#organization\",\"name\":\"Estrat\u00e9gia Concursos\",\"url\":\"https:\/\/www.estrategiaconcursos.com.br\/blog\/\",\"logo\":{\"@type\":\"ImageObject\",\"inLanguage\":\"pt-BR\",\"@id\":\"https:\/\/www.estrategiaconcursos.com.br\/blog\/#\/schema\/logo\/image\/\",\"url\":\"https:\/\/dhg1h5j42swfq.cloudfront.net\/2025\/06\/03203428\/logo_concursos-1.jpg\",\"contentUrl\":\"https:\/\/dhg1h5j42swfq.cloudfront.net\/2025\/06\/03203428\/logo_concursos-1.jpg\",\"width\":230,\"height\":60,\"caption\":\"Estrat\u00e9gia Concursos\"},\"image\":{\"@id\":\"https:\/\/www.estrategiaconcursos.com.br\/blog\/#\/schema\/logo\/image\/\"},\"sameAs\":[\"https:\/\/x.com\/EstratConcursos\"]},{\"@type\":\"Person\",\"@id\":\"https:\/\/www.estrategiaconcursos.com.br\/blog\/#\/schema\/person\/4ddc4a162b4fdffa2ea9956dbf62f583\",\"name\":\"S\u00e9rgio Mendes\",\"image\":{\"@type\":\"ImageObject\",\"inLanguage\":\"pt-BR\",\"@id\":\"https:\/\/secure.gravatar.com\/avatar\/4eb4b562c33f40d6f7f76579da7e07350c69579df7db305d32a69ed32ecfd5ce?s=96&d=mm&r=g\",\"url\":\"https:\/\/secure.gravatar.com\/avatar\/4eb4b562c33f40d6f7f76579da7e07350c69579df7db305d32a69ed32ecfd5ce?s=96&d=mm&r=g\",\"contentUrl\":\"https:\/\/secure.gravatar.com\/avatar\/4eb4b562c33f40d6f7f76579da7e07350c69579df7db305d32a69ed32ecfd5ce?s=96&d=mm&r=g\",\"caption\":\"S\u00e9rgio Mendes\"},\"sameAs\":[\"https:\/\/www.facebook.com\/profsergiomendes\"],\"url\":\"https:\/\/www.estrategiaconcursos.com.br\/blog\/author\/sergiomendesestrategiaconcursos-com-br\/\"}]}<\/script>\n<!-- \/ Yoast SEO Premium plugin. -->","yoast_head_json":{"title":"Altera\u00e7\u00f5es da LRF - Lei Complementar 177\/2021 e Lei Complementar 178\/2021","robots":{"index":"index","follow":"follow","max-snippet":"max-snippet:-1","max-image-preview":"max-image-preview:large","max-video-preview":"max-video-preview:-1"},"canonical":"https:\/\/www.estrategiaconcursos.com.br\/blog\/alteracoes-da-lrf-lei-complementar-177-2021-e-lei-complementar-178-2021\/","og_locale":"pt_BR","og_type":"article","og_title":"Altera\u00e7\u00f5es da LRF - Lei Complementar 177\/2021 e Lei Complementar 178\/2021","og_description":"O ano de 2021 j\u00e1 come\u00e7ou com duas leis complementares publicadas em janeiro que alteraram outras leis, dentre elas, a Lei Complementar 101\/2000 &#8211; Lei de Responsabilidade Fiscal &#8211; LRF. Vamos come\u00e7ar com a altera\u00e7\u00e3o da LRF pela Lei Complementar 177\/2021. CAP\u00cdTULO II &#8211; DO PLANEJAMENTOSe\u00e7\u00e3o IV &#8211; Da Execu\u00e7\u00e3o Or\u00e7ament\u00e1ria e do Cumprimento das [&hellip;]","og_url":"https:\/\/www.estrategiaconcursos.com.br\/blog\/alteracoes-da-lrf-lei-complementar-177-2021-e-lei-complementar-178-2021\/","og_site_name":"Estrat\u00e9gia Concursos","article_author":"https:\/\/www.facebook.com\/profsergiomendes","article_published_time":"2021-01-25T21:06:02+00:00","article_modified_time":"2021-01-25T21:17:06+00:00","author":"S\u00e9rgio Mendes","twitter_card":"summary_large_image","twitter_creator":"@EstratConcursos","twitter_site":"@EstratConcursos","twitter_misc":{"Escrito por":"S\u00e9rgio Mendes","Est. tempo de leitura":"11 minutos"},"schema":{"@context":"https:\/\/schema.org","@graph":[{"@type":"NewsArticle","@id":"https:\/\/www.estrategiaconcursos.com.br\/blog\/alteracoes-da-lrf-lei-complementar-177-2021-e-lei-complementar-178-2021\/#article","isPartOf":{"@id":"https:\/\/www.estrategiaconcursos.com.br\/blog\/alteracoes-da-lrf-lei-complementar-177-2021-e-lei-complementar-178-2021\/"},"author":{"name":"S\u00e9rgio Mendes","@id":"https:\/\/www.estrategiaconcursos.com.br\/blog\/#\/schema\/person\/4ddc4a162b4fdffa2ea9956dbf62f583"},"headline":"Altera\u00e7\u00f5es da LRF &#8211; Lei Complementar 177\/2021 e Lei Complementar 178\/2021","datePublished":"2021-01-25T21:06:02+00:00","dateModified":"2021-01-25T21:17:06+00:00","mainEntityOfPage":{"@id":"https:\/\/www.estrategiaconcursos.com.br\/blog\/alteracoes-da-lrf-lei-complementar-177-2021-e-lei-complementar-178-2021\/"},"wordCount":2273,"commentCount":0,"publisher":{"@id":"https:\/\/www.estrategiaconcursos.com.br\/blog\/#organization"},"keywords":["LRF; alteracoes LRF"],"articleSection":["Concursos P\u00fablicos"],"inLanguage":"pt-BR","potentialAction":[{"@type":"CommentAction","name":"Comment","target":["https:\/\/www.estrategiaconcursos.com.br\/blog\/alteracoes-da-lrf-lei-complementar-177-2021-e-lei-complementar-178-2021\/#respond"]}],"copyrightYear":"2021","copyrightHolder":{"@id":"https:\/\/www.estrategiaconcursos.com.br\/blog\/#organization"}},{"@type":"WebPage","@id":"https:\/\/www.estrategiaconcursos.com.br\/blog\/alteracoes-da-lrf-lei-complementar-177-2021-e-lei-complementar-178-2021\/","url":"https:\/\/www.estrategiaconcursos.com.br\/blog\/alteracoes-da-lrf-lei-complementar-177-2021-e-lei-complementar-178-2021\/","name":"Altera\u00e7\u00f5es da LRF - Lei Complementar 177\/2021 e Lei Complementar 178\/2021","isPartOf":{"@id":"https:\/\/www.estrategiaconcursos.com.br\/blog\/#website"},"datePublished":"2021-01-25T21:06:02+00:00","dateModified":"2021-01-25T21:17:06+00:00","breadcrumb":{"@id":"https:\/\/www.estrategiaconcursos.com.br\/blog\/alteracoes-da-lrf-lei-complementar-177-2021-e-lei-complementar-178-2021\/#breadcrumb"},"inLanguage":"pt-BR","potentialAction":[{"@type":"ReadAction","target":["https:\/\/www.estrategiaconcursos.com.br\/blog\/alteracoes-da-lrf-lei-complementar-177-2021-e-lei-complementar-178-2021\/"]}]},{"@type":"BreadcrumbList","@id":"https:\/\/www.estrategiaconcursos.com.br\/blog\/alteracoes-da-lrf-lei-complementar-177-2021-e-lei-complementar-178-2021\/#breadcrumb","itemListElement":[{"@type":"ListItem","position":1,"name":"In\u00edcio","item":"https:\/\/www.estrategiaconcursos.com.br\/blog\/"},{"@type":"ListItem","position":2,"name":"Altera\u00e7\u00f5es da LRF &#8211; Lei Complementar 177\/2021 e Lei Complementar 178\/2021"}]},{"@type":"WebSite","@id":"https:\/\/www.estrategiaconcursos.com.br\/blog\/#website","url":"https:\/\/www.estrategiaconcursos.com.br\/blog\/","name":"Estrat\u00e9gia Concursos","description":"O blog da Estrat\u00e9gia Concursos traz not\u00edcias sobre concursos e artigos de professores oferecendo cursos para concursos (pdf + videaulas) no site.","publisher":{"@id":"https:\/\/www.estrategiaconcursos.com.br\/blog\/#organization"},"potentialAction":[{"@type":"SearchAction","target":{"@type":"EntryPoint","urlTemplate":"https:\/\/www.estrategiaconcursos.com.br\/blog\/?s={search_term_string}"},"query-input":{"@type":"PropertyValueSpecification","valueRequired":true,"valueName":"search_term_string"}}],"inLanguage":"pt-BR"},{"@type":"Organization","@id":"https:\/\/www.estrategiaconcursos.com.br\/blog\/#organization","name":"Estrat\u00e9gia Concursos","url":"https:\/\/www.estrategiaconcursos.com.br\/blog\/","logo":{"@type":"ImageObject","inLanguage":"pt-BR","@id":"https:\/\/www.estrategiaconcursos.com.br\/blog\/#\/schema\/logo\/image\/","url":"https:\/\/dhg1h5j42swfq.cloudfront.net\/2025\/06\/03203428\/logo_concursos-1.jpg","contentUrl":"https:\/\/dhg1h5j42swfq.cloudfront.net\/2025\/06\/03203428\/logo_concursos-1.jpg","width":230,"height":60,"caption":"Estrat\u00e9gia Concursos"},"image":{"@id":"https:\/\/www.estrategiaconcursos.com.br\/blog\/#\/schema\/logo\/image\/"},"sameAs":["https:\/\/x.com\/EstratConcursos"]},{"@type":"Person","@id":"https:\/\/www.estrategiaconcursos.com.br\/blog\/#\/schema\/person\/4ddc4a162b4fdffa2ea9956dbf62f583","name":"S\u00e9rgio Mendes","image":{"@type":"ImageObject","inLanguage":"pt-BR","@id":"https:\/\/secure.gravatar.com\/avatar\/4eb4b562c33f40d6f7f76579da7e07350c69579df7db305d32a69ed32ecfd5ce?s=96&d=mm&r=g","url":"https:\/\/secure.gravatar.com\/avatar\/4eb4b562c33f40d6f7f76579da7e07350c69579df7db305d32a69ed32ecfd5ce?s=96&d=mm&r=g","contentUrl":"https:\/\/secure.gravatar.com\/avatar\/4eb4b562c33f40d6f7f76579da7e07350c69579df7db305d32a69ed32ecfd5ce?s=96&d=mm&r=g","caption":"S\u00e9rgio Mendes"},"sameAs":["https:\/\/www.facebook.com\/profsergiomendes"],"url":"https:\/\/www.estrategiaconcursos.com.br\/blog\/author\/sergiomendesestrategiaconcursos-com-br\/"}]}},"_links":{"self":[{"href":"https:\/\/www.estrategiaconcursos.com.br\/blog\/wp-json\/wp\/v2\/posts\/657169","targetHints":{"allow":["GET"]}}],"collection":[{"href":"https:\/\/www.estrategiaconcursos.com.br\/blog\/wp-json\/wp\/v2\/posts"}],"about":[{"href":"https:\/\/www.estrategiaconcursos.com.br\/blog\/wp-json\/wp\/v2\/types\/post"}],"author":[{"embeddable":true,"href":"https:\/\/www.estrategiaconcursos.com.br\/blog\/wp-json\/wp\/v2\/users\/29"}],"replies":[{"embeddable":true,"href":"https:\/\/www.estrategiaconcursos.com.br\/blog\/wp-json\/wp\/v2\/comments?post=657169"}],"version-history":[{"count":23,"href":"https:\/\/www.estrategiaconcursos.com.br\/blog\/wp-json\/wp\/v2\/posts\/657169\/revisions"}],"predecessor-version":[{"id":657459,"href":"https:\/\/www.estrategiaconcursos.com.br\/blog\/wp-json\/wp\/v2\/posts\/657169\/revisions\/657459"}],"wp:attachment":[{"href":"https:\/\/www.estrategiaconcursos.com.br\/blog\/wp-json\/wp\/v2\/media?parent=657169"}],"wp:term":[{"taxonomy":"category","embeddable":true,"href":"https:\/\/www.estrategiaconcursos.com.br\/blog\/wp-json\/wp\/v2\/categories?post=657169"},{"taxonomy":"post_tag","embeddable":true,"href":"https:\/\/www.estrategiaconcursos.com.br\/blog\/wp-json\/wp\/v2\/tags?post=657169"},{"taxonomy":"tax_estado","embeddable":true,"href":"https:\/\/www.estrategiaconcursos.com.br\/blog\/wp-json\/wp\/v2\/tax_estado?post=657169"}],"curies":[{"name":"wp","href":"https:\/\/api.w.org\/{rel}","templated":true}]}}