{"id":65489,"date":"2017-02-21T12:20:50","date_gmt":"2017-02-21T15:20:50","guid":{"rendered":"https:\/\/www.estrategiaconcursos.com.br\/blog\/?p=65489"},"modified":"2017-02-21T12:20:50","modified_gmt":"2017-02-21T15:20:50","slug":"prova-comentada-de-direito-civil-trt-11a-regiao-tecnico-judiciario-area-administrativa","status":"publish","type":"post","link":"https:\/\/www.estrategiaconcursos.com.br\/blog\/prova-comentada-de-direito-civil-trt-11a-regiao-tecnico-judiciario-area-administrativa\/","title":{"rendered":"Prova Comentada de Direito Civil &#8211; TRT 11\u00aa Regi\u00e3o (T\u00e9cnico Judici\u00e1rio-\u00e1rea administrativa)"},"content":{"rendered":"<p style=\"text-align: justify\">\n\tOi amigos! Tudo bem com voc&ecirc;s?\n<\/p>\n<p style=\"text-align: justify\">\n\tHoje trago os coment&aacute;rios das quest&otilde;es de Direito Civil do concurso do TRT 11&ordf; Regi&atilde;o para o cargo de T&eacute;cnico Judici&aacute;rio &#8211; &aacute;rea administrativa.\n<\/p>\n<p style=\"text-align: justify\">\n\tJ&aacute; adianto que n&atilde;o foi uma prova muito complicada. Vamos l&aacute;:\n<\/p>\n<p style=\"text-align: justify\">\n\t39. A respeito das pessoas jur&iacute;dicas, &eacute; correto afirmar que\n<\/p>\n<p style=\"text-align: justify\">\n\t(A) as associa&ccedil;&otilde;es n&atilde;o podem ter finalidade econ&ocirc;mica, mesmo com expressa previs&atilde;o estatut&aacute;ria.\n<\/p>\n<p style=\"text-align: justify\">\n\t(B) os partidos pol&iacute;ticos s&atilde;o pessoas jur&iacute;dicas de direito p&uacute;blico.\n<\/p>\n<p style=\"text-align: justify\">\n\t(C) o registro dos atos constitutivos das organiza&ccedil;&otilde;es religiosas depende de autoriza&ccedil;&atilde;o do poder p&uacute;blico.\n<\/p>\n<p style=\"text-align: justify\">\n\t(D) as associa&ccedil;&otilde;es p&uacute;blicas s&atilde;o pessoas jur&iacute;dicas de direito privado.\n<\/p>\n<p style=\"text-align: justify\">\n\t(E) velar&aacute; pelas funda&ccedil;&otilde;es o Minist&eacute;rio P&uacute;blico Federal, quando estenderem a atividade por mais de um Estado da Federa&ccedil;&atilde;o.\n<\/p>\n<p>\n\t<strong>Coment&aacute;rio:<\/strong>\n<\/p>\n<p>\n\tAlternativa &ldquo;a&rdquo; &ndash; correta. As associa&ccedil;&otilde;es se prestam aos mais variados fins, desde que n&atilde;o econ&ocirc;micos, e preenchem, assim, as mais variadas finalidades na sociedade. Qualquer atividade l&iacute;cita e de fins n&atilde;o econ&ocirc;micos pode ser buscada por uma associa&ccedil;&atilde;o.\n<\/p>\n<p>\n\t<em>Art. 53. Constituem-se as associa&ccedil;&otilde;es pela uni&atilde;o de pessoas que se organizem <strong>para fins n&atilde;o econ&ocirc;micos<\/strong>. <\/em>\n<\/p>\n<p>\n\t<em>Par&aacute;grafo &uacute;nico. N&atilde;o h&aacute;, entre os associados, direitos e obriga&ccedil;&otilde;es rec&iacute;procos. <\/em>\n<\/p>\n<p>\n\t&nbsp;\n<\/p>\n<p style=\"text-align: justify\">\n\tAlternativa &ldquo;b&rdquo; &ndash; errada. Os partidos pol&iacute;ticos s&atilde;o pessoas jur&iacute;dicas de direito privado.\n<\/p>\n<p style=\"text-align: justify\">\n\t<em>Art. 44. S&atilde;o <strong>pessoas jur&iacute;dicas de direito privado<\/strong>:<\/em>\n<\/p>\n<p style=\"text-align: justify\">\n\t<em>I &#8211; as associa&ccedil;&otilde;es;<\/em>\n<\/p>\n<p style=\"text-align: justify\">\n\t<em>II &#8211; as sociedades;<\/em>\n<\/p>\n<p style=\"text-align: justify\">\n\t<em>III &#8211; as funda&ccedil;&otilde;es.<\/em>\n<\/p>\n<p>\n\t<em>IV &#8211; as organiza&ccedil;&otilde;es religiosas;<\/em>\n<\/p>\n<p>\n\t<em>V &#8211; <strong>os partidos pol&iacute;ticos<\/strong>.<\/em>\n<\/p>\n<p>\n\t<em>VI &#8211; as empresas individuais de responsabilidade limitada.<\/em>\n<\/p>\n<p>\n\t&nbsp;\n<\/p>\n<p style=\"text-align: justify\">\n\tAlternativa &ldquo;c&rdquo; &ndash; errada.\n<\/p>\n<p style=\"text-align: justify\">\n\t<em>Art. 44. &sect; 1&ordm;. S&atilde;o livres a cria&ccedil;&atilde;o, a organiza&ccedil;&atilde;o, a estrutura&ccedil;&atilde;o interna e o funcionamento das organiza&ccedil;&otilde;es religiosas, <strong>sendo vedado ao poder p&uacute;blico negar-lhes reconhecimento ou registro dos atos constitutivos<\/strong> e necess&aacute;rios ao seu funcionamento.<\/em>\n<\/p>\n<p>\n\t&nbsp;\n<\/p>\n<p style=\"text-align: justify\">\n\tAlternativa &ldquo;d&rdquo; &ndash; errada.\n<\/p>\n<p style=\"text-align: justify\">\n\t<em>Art. 41. S&atilde;o <strong>pessoas jur&iacute;dicas de direito p&uacute;blico interno<\/strong>:<\/em>\n<\/p>\n<p style=\"text-align: justify\">\n\t<em>I &#8211; a Uni&atilde;o;<\/em>\n<\/p>\n<p style=\"text-align: justify\">\n\t<em>II &#8211; os Estados, o Distrito Federal e os Territ&oacute;rios;<\/em>\n<\/p>\n<p style=\"text-align: justify\">\n\t<em>III &#8211; os Munic&iacute;pios;<\/em>\n<\/p>\n<p style=\"text-align: justify\">\n\t<em>IV &#8211; as autarquias, inclusive as <strong>associa&ccedil;&otilde;es p&uacute;blicas<\/strong>;<\/em>\n<\/p>\n<p style=\"text-align: justify\">\n\t<em>V &#8211; as demais entidades de car&aacute;ter p&uacute;blico criadas por lei.<\/em>\n<\/p>\n<p>\n\t&nbsp;\n<\/p>\n<p style=\"text-align: justify\">\n\tAlternativa &ldquo;e&rdquo; &ndash; errada.\n<\/p>\n<p style=\"text-align: justify\">\n\t<em>Art. 66. &sect; 2&ordm;. <strong>Se estenderem a atividade por mais de um Estado<\/strong>, <strong><u>caber&aacute; o encargo, em cada um deles, ao respectivo Minist&eacute;rio P&uacute;blico.<\/u><\/strong><\/em>\n<\/p>\n<p>\n\tGabarito preliminar letra A.\n<\/p>\n<p>\n\t&nbsp;\n<\/p>\n<p style=\"text-align: justify\">\n\t40. Rafael vendeu uma fazenda para Valdir, estabelecendo que o comprador s&oacute; entrar&aacute; na posse do im&oacute;vel quando tiver constru&iacute;do uma igreja para os colonos. Tal neg&oacute;cio est&aacute; sujeito\n<\/p>\n<p style=\"text-align: justify\">\n\t(A) &agrave; condi&ccedil;&atilde;o suspensiva.\n<\/p>\n<p style=\"text-align: justify\">\n\t(B) a encargo.\n<\/p>\n<p style=\"text-align: justify\">\n\t(C) a termo final.\n<\/p>\n<p style=\"text-align: justify\">\n\t(D) a termo inicial.\n<\/p>\n<p style=\"text-align: justify\">\n\t(E) &agrave; condi&ccedil;&atilde;o resolutiva.\n<\/p>\n<p style=\"text-align: justify\">\n\t<strong>Coment&aacute;rio:<\/strong>\n<\/p>\n<p style=\"text-align: justify\">\n\tEste neg&oacute;cio tem uma <strong><u>condi&ccedil;&atilde;o suspensiva<\/u><\/strong>:\n<\/p>\n<p style=\"text-align: justify\">\n\tCondi&ccedil;&atilde;o suspensiva &eacute; quando as partes protelam a efic&aacute;cia do neg&oacute;cio jur&iacute;dico. Este s&oacute; ter&aacute; sua efic&aacute;cia ap&oacute;s o implemento de uma condi&ccedil;&atilde;o, um acontecimento futuro e incerto.\n<\/p>\n<p style=\"text-align: justify\">\n\tN&atilde;o se adquire o direito enquanto nos se verificar a condi&ccedil;&atilde;o (art. 125).\n<\/p>\n<p>\n\tGabarito preliminar letra A.\n<\/p>\n<p>\n\t&nbsp;\n<\/p>\n<p style=\"text-align: justify\">\n\t41. A respeito dos defeitos dos neg&oacute;cios jur&iacute;dicos, considere:\n<\/p>\n<p style=\"text-align: justify\">\n\tI. O erro de c&aacute;lculo autoriza a parte prejudicada a obter o desfazimento do neg&oacute;cio.\n<\/p>\n<p style=\"text-align: justify\">\n\tII. Se ambas as partes tiverem procedido com dolo, qualquer delas pode aleg&aacute;-lo para anular o neg&oacute;cio, ou reclamar indeniza&ccedil;&atilde;o.\n<\/p>\n<p style=\"text-align: justify\">\n\tIII. Presumem-se fraudat&oacute;rios dos direitos de outros credores &agrave;s garantias reais de d&iacute;vidas que o credor insolvente tiver dado a algum credor.\n<\/p>\n<p style=\"text-align: justify\">\n\tEst&aacute; correto o que se afirma APENAS em\n<\/p>\n<p>\n\t(A) II e III.\n<\/p>\n<p>\n\t(B) I.\n<\/p>\n<p>\n\t(C) III.\n<\/p>\n<p>\n\t(D) I e II.\n<\/p>\n<p>\n\t(E) I e III.\n<\/p>\n<p style=\"text-align: justify\">\n\t<strong>Coment&aacute;rio:<\/strong>\n<\/p>\n<p style=\"text-align: justify\">\n\tAfirmativa I &ndash; errada.\n<\/p>\n<p style=\"text-align: justify\">\n\t<em>Art. 143. O <strong>erro de c&aacute;lculo<\/strong> apenas <strong><u>autoriza a retifica&ccedil;&atilde;o da declara&ccedil;&atilde;o de vontade.<\/u><\/strong><\/em>\n<\/p>\n<p>\n\t&nbsp;\n<\/p>\n<p style=\"text-align: justify\">\n\tAfirmativa II &ndash; errada.\n<\/p>\n<p style=\"text-align: justify\">\n\t<em>Art. 150. <strong>Se ambas as partes agirem com dolo<\/strong>, <strong><u>nenhuma poder&aacute; aleg&aacute;-lo para anular o neg&oacute;cio, ou reclamar indeniza&ccedil;&atilde;o.<\/u><\/strong><\/em>\n<\/p>\n<p>\n\t&nbsp;\n<\/p>\n<p style=\"text-align: justify\">\n\tAfirmativa III &ndash; correta.\n<\/p>\n<p style=\"text-align: justify\">\n\t<em>Art. 163. Presumem-se fraudat&oacute;rias dos direitos dos outros credores as garantias de d&iacute;vidas que o devedor insolvente tiver dado a algum credor.<\/em>\n<\/p>\n<p style=\"text-align: justify\">\n\tGabarito preliminar letra C.\n<\/p>\n<p style=\"text-align: justify\">\n\t&nbsp;\n<\/p>\n<p style=\"text-align: justify\">\n\tEspero que todos tenham feito uma excelente prova!\n<\/p>\n<p style=\"text-align: justify\">\n\tAt&eacute; mais! Abra&ccedil;os!\n<\/p>\n<p style=\"text-align: justify\">\n\tAline Baptista Santiago.<\/p>\n","protected":false},"excerpt":{"rendered":"<p>Oi amigos! Tudo bem com voc&ecirc;s? Hoje trago os coment&aacute;rios das quest&otilde;es de Direito Civil do concurso do TRT 11&ordf; Regi&atilde;o para o cargo de T&eacute;cnico Judici&aacute;rio &#8211; &aacute;rea administrativa. J&aacute; adianto que n&atilde;o foi uma prova muito complicada. Vamos l&aacute;: 39. A respeito das pessoas jur&iacute;dicas, &eacute; correto afirmar que (A) as associa&ccedil;&otilde;es n&atilde;o [&hellip;]<\/p>\n","protected":false},"author":57,"featured_media":0,"comment_status":"open","ping_status":"open","sticky":false,"template":"","format":"standard","meta":{"post_tipo":"article","footnotes":""},"categories":[1],"tags":[],"tax_estado":[],"class_list":["post-65489","post","type-post","status-publish","format-standard","hentry","category-cursos-e-concursos"],"acf":[],"yoast_head":"<!-- This site is optimized with the Yoast SEO Premium plugin v27.2 (Yoast SEO v27.2) - https:\/\/yoast.com\/product\/yoast-seo-premium-wordpress\/ -->\n<title>Prova Comentada de Direito Civil - TRT 11\u00aa Regi\u00e3o (T\u00e9cnico Judici\u00e1rio-\u00e1rea administrativa)<\/title>\n<meta name=\"robots\" content=\"index, follow, max-snippet:-1, max-image-preview:large, max-video-preview:-1\" \/>\n<link rel=\"canonical\" href=\"https:\/\/www.estrategiaconcursos.com.br\/blog\/prova-comentada-de-direito-civil-trt-11a-regiao-tecnico-judiciario-area-administrativa\/\" \/>\n<meta property=\"og:locale\" content=\"pt_BR\" \/>\n<meta property=\"og:type\" content=\"article\" \/>\n<meta property=\"og:title\" content=\"Prova Comentada de Direito Civil - TRT 11\u00aa Regi\u00e3o (T\u00e9cnico Judici\u00e1rio-\u00e1rea administrativa)\" \/>\n<meta property=\"og:description\" content=\"Oi amigos! Tudo bem com voc&ecirc;s? Hoje trago os coment&aacute;rios das quest&otilde;es de Direito Civil do concurso do TRT 11&ordf; Regi&atilde;o para o cargo de T&eacute;cnico Judici&aacute;rio &#8211; &aacute;rea administrativa. J&aacute; adianto que n&atilde;o foi uma prova muito complicada. Vamos l&aacute;: 39. A respeito das pessoas jur&iacute;dicas, &eacute; correto afirmar que (A) as associa&ccedil;&otilde;es n&atilde;o [&hellip;]\" \/>\n<meta property=\"og:url\" content=\"https:\/\/www.estrategiaconcursos.com.br\/blog\/prova-comentada-de-direito-civil-trt-11a-regiao-tecnico-judiciario-area-administrativa\/\" \/>\n<meta property=\"og:site_name\" content=\"Estrat\u00e9gia Concursos\" \/>\n<meta property=\"article:published_time\" content=\"2017-02-21T15:20:50+00:00\" \/>\n<meta name=\"author\" content=\"Aline Baptista Santiago\" \/>\n<meta name=\"twitter:card\" content=\"summary_large_image\" \/>\n<meta name=\"twitter:creator\" content=\"@EstratConcursos\" \/>\n<meta name=\"twitter:site\" content=\"@EstratConcursos\" \/>\n<meta name=\"twitter:label1\" content=\"Escrito por\" \/>\n\t<meta name=\"twitter:data1\" content=\"Aline Baptista Santiago\" \/>\n\t<meta name=\"twitter:label2\" content=\"Est. tempo de leitura\" \/>\n\t<meta name=\"twitter:data2\" content=\"5 minutos\" \/>\n<script type=\"application\/ld+json\" class=\"yoast-schema-graph\">{\"@context\":\"https:\/\/schema.org\",\"@graph\":[{\"@type\":\"NewsArticle\",\"@id\":\"https:\/\/www.estrategiaconcursos.com.br\/blog\/prova-comentada-de-direito-civil-trt-11a-regiao-tecnico-judiciario-area-administrativa\/#article\",\"isPartOf\":{\"@id\":\"https:\/\/www.estrategiaconcursos.com.br\/blog\/prova-comentada-de-direito-civil-trt-11a-regiao-tecnico-judiciario-area-administrativa\/\"},\"author\":{\"name\":\"Aline Baptista Santiago\",\"@id\":\"https:\/\/www.estrategiaconcursos.com.br\/blog\/#\/schema\/person\/847dba5a5192470d2dd6fd794cddf1c9\"},\"headline\":\"Prova Comentada de Direito Civil &#8211; TRT 11\u00aa Regi\u00e3o (T\u00e9cnico Judici\u00e1rio-\u00e1rea administrativa)\",\"datePublished\":\"2017-02-21T15:20:50+00:00\",\"mainEntityOfPage\":{\"@id\":\"https:\/\/www.estrategiaconcursos.com.br\/blog\/prova-comentada-de-direito-civil-trt-11a-regiao-tecnico-judiciario-area-administrativa\/\"},\"wordCount\":916,\"commentCount\":0,\"publisher\":{\"@id\":\"https:\/\/www.estrategiaconcursos.com.br\/blog\/#organization\"},\"articleSection\":[\"Concursos P\u00fablicos\"],\"inLanguage\":\"pt-BR\",\"potentialAction\":[{\"@type\":\"CommentAction\",\"name\":\"Comment\",\"target\":[\"https:\/\/www.estrategiaconcursos.com.br\/blog\/prova-comentada-de-direito-civil-trt-11a-regiao-tecnico-judiciario-area-administrativa\/#respond\"]}],\"copyrightYear\":\"2017\",\"copyrightHolder\":{\"@id\":\"https:\/\/www.estrategiaconcursos.com.br\/blog\/#organization\"}},{\"@type\":\"WebPage\",\"@id\":\"https:\/\/www.estrategiaconcursos.com.br\/blog\/prova-comentada-de-direito-civil-trt-11a-regiao-tecnico-judiciario-area-administrativa\/\",\"url\":\"https:\/\/www.estrategiaconcursos.com.br\/blog\/prova-comentada-de-direito-civil-trt-11a-regiao-tecnico-judiciario-area-administrativa\/\",\"name\":\"Prova Comentada de Direito Civil - TRT 11\u00aa Regi\u00e3o (T\u00e9cnico Judici\u00e1rio-\u00e1rea administrativa)\",\"isPartOf\":{\"@id\":\"https:\/\/www.estrategiaconcursos.com.br\/blog\/#website\"},\"datePublished\":\"2017-02-21T15:20:50+00:00\",\"breadcrumb\":{\"@id\":\"https:\/\/www.estrategiaconcursos.com.br\/blog\/prova-comentada-de-direito-civil-trt-11a-regiao-tecnico-judiciario-area-administrativa\/#breadcrumb\"},\"inLanguage\":\"pt-BR\",\"potentialAction\":[{\"@type\":\"ReadAction\",\"target\":[\"https:\/\/www.estrategiaconcursos.com.br\/blog\/prova-comentada-de-direito-civil-trt-11a-regiao-tecnico-judiciario-area-administrativa\/\"]}]},{\"@type\":\"BreadcrumbList\",\"@id\":\"https:\/\/www.estrategiaconcursos.com.br\/blog\/prova-comentada-de-direito-civil-trt-11a-regiao-tecnico-judiciario-area-administrativa\/#breadcrumb\",\"itemListElement\":[{\"@type\":\"ListItem\",\"position\":1,\"name\":\"In\u00edcio\",\"item\":\"https:\/\/www.estrategiaconcursos.com.br\/blog\/\"},{\"@type\":\"ListItem\",\"position\":2,\"name\":\"Prova Comentada de Direito Civil &#8211; TRT 11\u00aa Regi\u00e3o (T\u00e9cnico Judici\u00e1rio-\u00e1rea administrativa)\"}]},{\"@type\":\"WebSite\",\"@id\":\"https:\/\/www.estrategiaconcursos.com.br\/blog\/#website\",\"url\":\"https:\/\/www.estrategiaconcursos.com.br\/blog\/\",\"name\":\"Estrat\u00e9gia Concursos\",\"description\":\"O blog da Estrat\u00e9gia Concursos traz not\u00edcias sobre concursos e artigos de professores oferecendo cursos para concursos (pdf + videaulas) no site.\",\"publisher\":{\"@id\":\"https:\/\/www.estrategiaconcursos.com.br\/blog\/#organization\"},\"potentialAction\":[{\"@type\":\"SearchAction\",\"target\":{\"@type\":\"EntryPoint\",\"urlTemplate\":\"https:\/\/www.estrategiaconcursos.com.br\/blog\/?s={search_term_string}\"},\"query-input\":{\"@type\":\"PropertyValueSpecification\",\"valueRequired\":true,\"valueName\":\"search_term_string\"}}],\"inLanguage\":\"pt-BR\"},{\"@type\":\"Organization\",\"@id\":\"https:\/\/www.estrategiaconcursos.com.br\/blog\/#organization\",\"name\":\"Estrat\u00e9gia Concursos\",\"url\":\"https:\/\/www.estrategiaconcursos.com.br\/blog\/\",\"logo\":{\"@type\":\"ImageObject\",\"inLanguage\":\"pt-BR\",\"@id\":\"https:\/\/www.estrategiaconcursos.com.br\/blog\/#\/schema\/logo\/image\/\",\"url\":\"https:\/\/dhg1h5j42swfq.cloudfront.net\/2025\/06\/03203428\/logo_concursos-1.jpg\",\"contentUrl\":\"https:\/\/dhg1h5j42swfq.cloudfront.net\/2025\/06\/03203428\/logo_concursos-1.jpg\",\"width\":230,\"height\":60,\"caption\":\"Estrat\u00e9gia Concursos\"},\"image\":{\"@id\":\"https:\/\/www.estrategiaconcursos.com.br\/blog\/#\/schema\/logo\/image\/\"},\"sameAs\":[\"https:\/\/x.com\/EstratConcursos\"]},{\"@type\":\"Person\",\"@id\":\"https:\/\/www.estrategiaconcursos.com.br\/blog\/#\/schema\/person\/847dba5a5192470d2dd6fd794cddf1c9\",\"name\":\"Aline Baptista Santiago\",\"image\":{\"@type\":\"ImageObject\",\"inLanguage\":\"pt-BR\",\"@id\":\"https:\/\/secure.gravatar.com\/avatar\/7ff327e16b14090907247e2610e020902826109cf6ddb5766b2520c9a0077406?s=96&d=mm&r=g\",\"url\":\"https:\/\/secure.gravatar.com\/avatar\/7ff327e16b14090907247e2610e020902826109cf6ddb5766b2520c9a0077406?s=96&d=mm&r=g\",\"contentUrl\":\"https:\/\/secure.gravatar.com\/avatar\/7ff327e16b14090907247e2610e020902826109cf6ddb5766b2520c9a0077406?s=96&d=mm&r=g\",\"caption\":\"Aline Baptista Santiago\"},\"url\":\"https:\/\/www.estrategiaconcursos.com.br\/blog\/author\/alinesantiagoestrategiaconcursos-com-br\/\"}]}<\/script>\n<!-- \/ Yoast SEO Premium plugin. -->","yoast_head_json":{"title":"Prova Comentada de Direito Civil - TRT 11\u00aa Regi\u00e3o (T\u00e9cnico Judici\u00e1rio-\u00e1rea administrativa)","robots":{"index":"index","follow":"follow","max-snippet":"max-snippet:-1","max-image-preview":"max-image-preview:large","max-video-preview":"max-video-preview:-1"},"canonical":"https:\/\/www.estrategiaconcursos.com.br\/blog\/prova-comentada-de-direito-civil-trt-11a-regiao-tecnico-judiciario-area-administrativa\/","og_locale":"pt_BR","og_type":"article","og_title":"Prova Comentada de Direito Civil - TRT 11\u00aa Regi\u00e3o (T\u00e9cnico Judici\u00e1rio-\u00e1rea administrativa)","og_description":"Oi amigos! Tudo bem com voc&ecirc;s? Hoje trago os coment&aacute;rios das quest&otilde;es de Direito Civil do concurso do TRT 11&ordf; Regi&atilde;o para o cargo de T&eacute;cnico Judici&aacute;rio &#8211; &aacute;rea administrativa. J&aacute; adianto que n&atilde;o foi uma prova muito complicada. Vamos l&aacute;: 39. A respeito das pessoas jur&iacute;dicas, &eacute; correto afirmar que (A) as associa&ccedil;&otilde;es n&atilde;o [&hellip;]","og_url":"https:\/\/www.estrategiaconcursos.com.br\/blog\/prova-comentada-de-direito-civil-trt-11a-regiao-tecnico-judiciario-area-administrativa\/","og_site_name":"Estrat\u00e9gia Concursos","article_published_time":"2017-02-21T15:20:50+00:00","author":"Aline Baptista Santiago","twitter_card":"summary_large_image","twitter_creator":"@EstratConcursos","twitter_site":"@EstratConcursos","twitter_misc":{"Escrito por":"Aline Baptista Santiago","Est. tempo de leitura":"5 minutos"},"schema":{"@context":"https:\/\/schema.org","@graph":[{"@type":"NewsArticle","@id":"https:\/\/www.estrategiaconcursos.com.br\/blog\/prova-comentada-de-direito-civil-trt-11a-regiao-tecnico-judiciario-area-administrativa\/#article","isPartOf":{"@id":"https:\/\/www.estrategiaconcursos.com.br\/blog\/prova-comentada-de-direito-civil-trt-11a-regiao-tecnico-judiciario-area-administrativa\/"},"author":{"name":"Aline Baptista Santiago","@id":"https:\/\/www.estrategiaconcursos.com.br\/blog\/#\/schema\/person\/847dba5a5192470d2dd6fd794cddf1c9"},"headline":"Prova Comentada de Direito Civil &#8211; TRT 11\u00aa Regi\u00e3o (T\u00e9cnico Judici\u00e1rio-\u00e1rea administrativa)","datePublished":"2017-02-21T15:20:50+00:00","mainEntityOfPage":{"@id":"https:\/\/www.estrategiaconcursos.com.br\/blog\/prova-comentada-de-direito-civil-trt-11a-regiao-tecnico-judiciario-area-administrativa\/"},"wordCount":916,"commentCount":0,"publisher":{"@id":"https:\/\/www.estrategiaconcursos.com.br\/blog\/#organization"},"articleSection":["Concursos P\u00fablicos"],"inLanguage":"pt-BR","potentialAction":[{"@type":"CommentAction","name":"Comment","target":["https:\/\/www.estrategiaconcursos.com.br\/blog\/prova-comentada-de-direito-civil-trt-11a-regiao-tecnico-judiciario-area-administrativa\/#respond"]}],"copyrightYear":"2017","copyrightHolder":{"@id":"https:\/\/www.estrategiaconcursos.com.br\/blog\/#organization"}},{"@type":"WebPage","@id":"https:\/\/www.estrategiaconcursos.com.br\/blog\/prova-comentada-de-direito-civil-trt-11a-regiao-tecnico-judiciario-area-administrativa\/","url":"https:\/\/www.estrategiaconcursos.com.br\/blog\/prova-comentada-de-direito-civil-trt-11a-regiao-tecnico-judiciario-area-administrativa\/","name":"Prova Comentada de Direito Civil - TRT 11\u00aa Regi\u00e3o (T\u00e9cnico Judici\u00e1rio-\u00e1rea administrativa)","isPartOf":{"@id":"https:\/\/www.estrategiaconcursos.com.br\/blog\/#website"},"datePublished":"2017-02-21T15:20:50+00:00","breadcrumb":{"@id":"https:\/\/www.estrategiaconcursos.com.br\/blog\/prova-comentada-de-direito-civil-trt-11a-regiao-tecnico-judiciario-area-administrativa\/#breadcrumb"},"inLanguage":"pt-BR","potentialAction":[{"@type":"ReadAction","target":["https:\/\/www.estrategiaconcursos.com.br\/blog\/prova-comentada-de-direito-civil-trt-11a-regiao-tecnico-judiciario-area-administrativa\/"]}]},{"@type":"BreadcrumbList","@id":"https:\/\/www.estrategiaconcursos.com.br\/blog\/prova-comentada-de-direito-civil-trt-11a-regiao-tecnico-judiciario-area-administrativa\/#breadcrumb","itemListElement":[{"@type":"ListItem","position":1,"name":"In\u00edcio","item":"https:\/\/www.estrategiaconcursos.com.br\/blog\/"},{"@type":"ListItem","position":2,"name":"Prova Comentada de Direito Civil &#8211; TRT 11\u00aa Regi\u00e3o (T\u00e9cnico Judici\u00e1rio-\u00e1rea administrativa)"}]},{"@type":"WebSite","@id":"https:\/\/www.estrategiaconcursos.com.br\/blog\/#website","url":"https:\/\/www.estrategiaconcursos.com.br\/blog\/","name":"Estrat\u00e9gia Concursos","description":"O blog da Estrat\u00e9gia Concursos traz not\u00edcias sobre concursos e artigos de professores oferecendo cursos para concursos (pdf + videaulas) no site.","publisher":{"@id":"https:\/\/www.estrategiaconcursos.com.br\/blog\/#organization"},"potentialAction":[{"@type":"SearchAction","target":{"@type":"EntryPoint","urlTemplate":"https:\/\/www.estrategiaconcursos.com.br\/blog\/?s={search_term_string}"},"query-input":{"@type":"PropertyValueSpecification","valueRequired":true,"valueName":"search_term_string"}}],"inLanguage":"pt-BR"},{"@type":"Organization","@id":"https:\/\/www.estrategiaconcursos.com.br\/blog\/#organization","name":"Estrat\u00e9gia Concursos","url":"https:\/\/www.estrategiaconcursos.com.br\/blog\/","logo":{"@type":"ImageObject","inLanguage":"pt-BR","@id":"https:\/\/www.estrategiaconcursos.com.br\/blog\/#\/schema\/logo\/image\/","url":"https:\/\/dhg1h5j42swfq.cloudfront.net\/2025\/06\/03203428\/logo_concursos-1.jpg","contentUrl":"https:\/\/dhg1h5j42swfq.cloudfront.net\/2025\/06\/03203428\/logo_concursos-1.jpg","width":230,"height":60,"caption":"Estrat\u00e9gia Concursos"},"image":{"@id":"https:\/\/www.estrategiaconcursos.com.br\/blog\/#\/schema\/logo\/image\/"},"sameAs":["https:\/\/x.com\/EstratConcursos"]},{"@type":"Person","@id":"https:\/\/www.estrategiaconcursos.com.br\/blog\/#\/schema\/person\/847dba5a5192470d2dd6fd794cddf1c9","name":"Aline Baptista Santiago","image":{"@type":"ImageObject","inLanguage":"pt-BR","@id":"https:\/\/secure.gravatar.com\/avatar\/7ff327e16b14090907247e2610e020902826109cf6ddb5766b2520c9a0077406?s=96&d=mm&r=g","url":"https:\/\/secure.gravatar.com\/avatar\/7ff327e16b14090907247e2610e020902826109cf6ddb5766b2520c9a0077406?s=96&d=mm&r=g","contentUrl":"https:\/\/secure.gravatar.com\/avatar\/7ff327e16b14090907247e2610e020902826109cf6ddb5766b2520c9a0077406?s=96&d=mm&r=g","caption":"Aline Baptista Santiago"},"url":"https:\/\/www.estrategiaconcursos.com.br\/blog\/author\/alinesantiagoestrategiaconcursos-com-br\/"}]}},"_links":{"self":[{"href":"https:\/\/www.estrategiaconcursos.com.br\/blog\/wp-json\/wp\/v2\/posts\/65489","targetHints":{"allow":["GET"]}}],"collection":[{"href":"https:\/\/www.estrategiaconcursos.com.br\/blog\/wp-json\/wp\/v2\/posts"}],"about":[{"href":"https:\/\/www.estrategiaconcursos.com.br\/blog\/wp-json\/wp\/v2\/types\/post"}],"author":[{"embeddable":true,"href":"https:\/\/www.estrategiaconcursos.com.br\/blog\/wp-json\/wp\/v2\/users\/57"}],"replies":[{"embeddable":true,"href":"https:\/\/www.estrategiaconcursos.com.br\/blog\/wp-json\/wp\/v2\/comments?post=65489"}],"version-history":[{"count":1,"href":"https:\/\/www.estrategiaconcursos.com.br\/blog\/wp-json\/wp\/v2\/posts\/65489\/revisions"}],"predecessor-version":[{"id":65492,"href":"https:\/\/www.estrategiaconcursos.com.br\/blog\/wp-json\/wp\/v2\/posts\/65489\/revisions\/65492"}],"wp:attachment":[{"href":"https:\/\/www.estrategiaconcursos.com.br\/blog\/wp-json\/wp\/v2\/media?parent=65489"}],"wp:term":[{"taxonomy":"category","embeddable":true,"href":"https:\/\/www.estrategiaconcursos.com.br\/blog\/wp-json\/wp\/v2\/categories?post=65489"},{"taxonomy":"post_tag","embeddable":true,"href":"https:\/\/www.estrategiaconcursos.com.br\/blog\/wp-json\/wp\/v2\/tags?post=65489"},{"taxonomy":"tax_estado","embeddable":true,"href":"https:\/\/www.estrategiaconcursos.com.br\/blog\/wp-json\/wp\/v2\/tax_estado?post=65489"}],"curies":[{"name":"wp","href":"https:\/\/api.w.org\/{rel}","templated":true}]}}