{"id":65487,"date":"2017-02-21T12:17:18","date_gmt":"2017-02-21T15:17:18","guid":{"rendered":"https:\/\/www.estrategiaconcursos.com.br\/blog\/?p=65487"},"modified":"2017-02-21T12:17:18","modified_gmt":"2017-02-21T15:17:18","slug":"prova-comentada-de-nocoes-de-administracao-de-recursos-humanos-trt-11a-regiao-ajaa","status":"publish","type":"post","link":"https:\/\/www.estrategiaconcursos.com.br\/blog\/prova-comentada-de-nocoes-de-administracao-de-recursos-humanos-trt-11a-regiao-ajaa\/","title":{"rendered":"Prova comentada de No\u00e7\u00f5es de Administra\u00e7\u00e3o de Recursos Humanos \u2013 TRT 11\u00aa Regi\u00e3o \u2013 AJAA"},"content":{"rendered":"<p style=\"text-align: justify\">\n\t<em>Ol&aacute;, meus amigos, tudo bem? Espero que sim!<\/em>\n<\/p>\n<p style=\"text-align: justify\">\n\tNeste artigo, vamos comentar a prova de No&ccedil;&otilde;es de Administra&ccedil;&atilde;o de Recursos Humanos do Concurso TRT 11<sup>a<\/sup> Regi&atilde;o, do cargo de <strong>Analista Judici&aacute;rio &ndash; &Aacute;rea Administrativa. <\/strong>Utilizaremos o Caderno de Prova &quot;A01&quot;, Tipo 003.\n<\/p>\n<p style=\"text-align: justify\">\n\tSempre lembrando de que, se voc&ecirc;s tiverem alguma d&uacute;vida em rela&ccedil;&atilde;o a essa disciplina, podem entrar em contato conosco, que teremos o maior prazer em ajud&aacute;-los!\n<\/p>\n<p style=\"text-align: justify\">\n\t<strong>adrieldesa@hotmail.com<\/strong>\n<\/p>\n<p style=\"text-align: justify\">\n\tVamos l&aacute;?\n<\/p>\n<p style=\"text-align: justify\">\n\t<strong><em>60. Quando os respons&aacute;veis pela mudan&ccedil;a delineiam modelos do que a organiza&ccedil;&atilde;o deveria ser em compara&ccedil;&atilde;o com o que &eacute;, enquanto aqueles cujas a&ccedil;&otilde;es ser&atilde;o afetadas estudam, avaliam e criticam o modelo de mudan&ccedil;a para recomendar altera&ccedil;&otilde;es baseadas em seu pr&oacute;prio discernimento e compreens&atilde;o, a empresa est&aacute; fazendo uso de uma estrat&eacute;gia de mudan&ccedil;a, denominada <\/em><\/strong>\n<\/p>\n<p style=\"text-align: justify\">\n\t<strong><em>(A) desenvolvimento sistem&aacute;tico. <\/em><\/strong>\n<\/p>\n<p style=\"text-align: justify\">\n\t<strong><em>(B) convencional. <\/em><\/strong>\n<\/p>\n<p style=\"text-align: justify\">\n\t<strong><em>(C) evolucion&aacute;ria. <\/em><\/strong>\n<\/p>\n<p style=\"text-align: justify\">\n\t<strong><em>(D) revolucion&aacute;ria. <\/em><\/strong>\n<\/p>\n<p style=\"text-align: justify\">\n\t<strong><em>(E) humanista. <\/em><\/strong>\n<\/p>\n<p style=\"text-align: justify\">\n\tCOMENT&Aacute;RIO:\n<\/p>\n<p style=\"text-align: justify\">\n\tA quest&atilde;o toma por base a literatura de Idalberto Chiavenato. Mas antes de passarmos ao tema chave da quest&atilde;o, &eacute; importante destacarmos que ela se situa no &acirc;mbito do assunto &ldquo;Desenvolvimento Organizacional&rdquo;.\n<\/p>\n<p style=\"text-align: justify\">\n\tApenas para lembrar, a partir da Teoria Comportamental, desenvolveu-se uma abordagem moderna, democr&aacute;tica e variada ao desenvolvimento planejado das organiza&ccedil;&otilde;es, que recebeu o nome de <span style=\"color:#0000FF\"><strong>Desenvolvimento Organizacional (DO)<\/strong><\/span>.\n<\/p>\n<p style=\"text-align: justify\">\n\tO movimento de DO surge, ent&atilde;o, a partir de 1962 como um conjunto de ideias a respeito do homem, da organiza&ccedil;&atilde;o e do ambiente, no sentido de facilitar o crescimento e o desenvolvimento das organiza&ccedil;&otilde;es.\n<\/p>\n<p style=\"text-align: justify\">\n\tO foco principal do DO est&aacute; em mudar as pessoas e a natureza e a qualidade de suas rela&ccedil;&otilde;es de trabalho. Sua &ecirc;nfase est&aacute; na <span style=\"color:#0000FF\"><em>mudan&ccedil;a da cultura da organiza&ccedil;&atilde;o<\/em><\/span>. Em princ&iacute;pio, o DO &eacute; uma <span style=\"color:#0000FF\"><em>mudan&ccedil;a organizacional planejada<\/em><\/span>.\n<\/p>\n<p style=\"text-align: justify\">\n\tJ&aacute; antecipando o gabarito, os autores do DO utilizam a estrat&eacute;gia de mudan&ccedil;a denominada de &ldquo;desenvolvimento sistem&aacute;tico&rdquo;. Mas vamos &agrave; teoria que embasa a quest&atilde;o?\n<\/p>\n<p style=\"text-align: justify\">\n\tSegundo o autor Chiavenato, as organiza&ccedil;&otilde;es devem possuir estruturas org&acirc;nicas adapt&aacute;veis e capazes de resolver problemas. Para tanto, o desenvolvimento da organiza&ccedil;&atilde;o pode ser feito atrav&eacute;s de tr&ecirc;s tipos de estrat&eacute;gias de mudan&ccedil;a:\n<\/p>\n<p style=\"text-align: justify\">\n\t<strong>1. Mudan&ccedil;a evolucion&aacute;ria<\/strong>: quando a mudan&ccedil;a &eacute; pequena, lenta e dentro dos limites das expectativas. H&aacute; uma tend&ecirc;ncia de se repetir a refor&ccedil;ar solu&ccedil;&otilde;es que foram eficientes no passado e de se abandonar solu&ccedil;&otilde;es fracas e deficientes, sem provocar maiores resist&ecirc;ncias.\n<\/p>\n<p style=\"text-align: justify\">\n\t<strong>2. Mudan&ccedil;a revolucion&aacute;ria<\/strong>: quando a mudan&ccedil;a &eacute; r&aacute;pida, intensa, brutal e rompe ou destr&oacute;i os arranjos do status quo. A mudan&ccedil;a revolucion&aacute;ria transgride e rejeita antigas expectativas e introduz expectativas totalmente novas. As mudan&ccedil;as revolucion&aacute;rias s&atilde;o s&uacute;bitas e causadores de impacto.\n<\/p>\n<p style=\"text-align: justify\">\n\t<strong>3. Desenvolvimento sistem&aacute;tico<\/strong>: <span style=\"color:#0000FF\">os respons&aacute;veis pela mudan&ccedil;a delineiam modelos do que a organiza&ccedil;&atilde;o deveria ser em compara&ccedil;&atilde;o com o que &eacute;, enquanto aqueles cujas a&ccedil;&otilde;es ser&atilde;o afetadas estudam, avaliam e criticam o modelo de mudan&ccedil;a para recomendar altera&ccedil;&otilde;es baseadas em seu pr&oacute;prio discernimento e compreens&atilde;o. As mudan&ccedil;as resultantes traduzem-se por apoio e compromisso e n&atilde;o por resist&ecirc;ncia ou ressentimentos. Os autores do DO adotam o desenvolvimento sistem&aacute;tico<\/span>.\n<\/p>\n<p style=\"text-align: justify\">\n\tGABARITO: A.\n<\/p>\n<p style=\"text-align: justify\">\n\tBIBLIOGRAFIA UTILIZADA PELA BANCA:\n<\/p>\n<p style=\"text-align: justify\">\n\t<em>CHIAVENATO, I.. Teoria Geral da Administra&ccedil;&atilde;o. Vol. II. S&atilde;o Paulo: McGrawHill do Brasil, 2000.<\/em>\n<\/p>\n<p style=\"text-align: justify\">\n\t<strong><em>61. Para mudar a cultura e o clima organizacionais, a organiza&ccedil;&atilde;o precisa ter capacidade inovadora, ou seja: adaptabilidade, senso de identidade, perspectiva exata do meio ambiente e integra&ccedil;&atilde;o entre os participantes. A adaptabilidade &eacute; a capacidade de <\/em><\/strong>\n<\/p>\n<p style=\"text-align: justify\">\n\t<strong><em>(A) transi&ccedil;&atilde;o de uma situa&ccedil;&atilde;o para outra diferente ou a passagem de um estado para outro. <\/em><\/strong>\n<\/p>\n<p style=\"text-align: justify\">\n\t<strong><em>(B) investigar, diagnosticar e compreender de forma realista o contexto organizacional. <\/em><\/strong>\n<\/p>\n<p style=\"text-align: justify\">\n\t<strong><em>(C) conhecer e compreender o passado e o presente da organiza&ccedil;&atilde;o e de compartilhar essas informa&ccedil;&otilde;es por toda hierarquia. <\/em><\/strong>\n<\/p>\n<p style=\"text-align: justify\">\n\t<strong><em>(D) resolver problemas e de reagir de maneira flex&iacute;vel &agrave;s exig&ecirc;ncias mut&aacute;veis e inconstantes do meio ambiente. <\/em><\/strong>\n<\/p>\n<p style=\"text-align: justify\">\n\t<strong><em>(E) estimular o funcionamento org&acirc;nico e integrado entre a organiza&ccedil;&atilde;o e o meio ambiente, aceitando e estimulando as diferen&ccedil;as.<\/em><\/strong>\n<\/p>\n<p style=\"text-align: justify\">\n\tCOMENT&Aacute;RIO:\n<\/p>\n<p style=\"text-align: justify\">\n\tMais uma quest&atilde;o da prova sobre o tema &ldquo;Desenvolvimento Organizacional&rdquo; e considerando o autor Idalberto Chiavenato.\n<\/p>\n<p style=\"text-align: justify\">\n\tDe in&iacute;cio, destacamos que o enunciado enfatiza a adaptabilidade. Assim, dever&iacute;amos procurar nas alternativas palavras que se vinculam ao termo. Vejamos as op&ccedil;&otilde;es das alternativas:\n<\/p>\n<p style=\"text-align: justify\">\n\tA letra (A) fala em transi&ccedil;&atilde;o de uma situa&ccedil;&atilde;o para outra diferente. A adaptabilidade n&atilde;o se confunde com transi&ccedil;&atilde;o. A transi&ccedil;&atilde;o envolve sempre duas realidades ou estados diferentes, &eacute; algo mais dr&aacute;stico. J&aacute; a adaptabilidade pode envolver um mesmo estado com realidades diferentes.\n<\/p>\n<p style=\"text-align: justify\">\n\tA letra (B) fala em pensar em investigar, diagnosticar e compreender. A adaptabilidade exige, al&eacute;m disso, a&ccedil;&atilde;o no sentido de mudan&ccedil;as.\n<\/p>\n<p style=\"text-align: justify\">\n\tA letra (C) fala em conhecer o passado e presente. Isso, por si s&oacute;, n&atilde;o retrata adaptabilidade, mas sendo de identidade entre o tempo.\n<\/p>\n<p style=\"text-align: justify\">\n\tA letra (D) fala em reagir de maneira flex&iacute;vel &agrave;s exig&ecirc;ncias mut&aacute;veis, ou seja, fala em A&Ccedil;&Atilde;O de se adaptar ao ambiente. Logo, &eacute; a alternativa a ser marcada.\n<\/p>\n<p style=\"text-align: justify\">\n\tA letra (E) fala em estimular a organicidade e a integra&ccedil;&atilde;o, logo, n&atilde;o se vincula &agrave; adaptabilidade.\n<\/p>\n<p style=\"text-align: justify\">\n\tBem, vamos agora &agrave; teoria que embasa a quest&atilde;o.\n<\/p>\n<p style=\"text-align: justify\">\n\tO autor Chiavenato, ao destacar a mudan&ccedil;a da cultura e do clima organizacional, destaca que diversas vari&aacute;veis da cultura e do clima s&atilde;o observadas antes, durante e ap&oacute;s as a&ccedil;&otilde;es de mudan&ccedil;a, o que ele chama de capacidade inovadora. Essa capacidade inovadora &eacute; composta por 4 requisitos:\n<\/p>\n<p style=\"text-align: justify\">\n\t<strong>&#8211; Adaptabilidade<\/strong>: <span style=\"color:#0000FF\">a capacidade de resolver problemas e de reagir de maneira flex&iacute;vel &agrave;s exig&ecirc;ncias mut&aacute;veis e inconstantes do meio ambiente<\/span>. Para ser adapt&aacute;vel, a organiza&ccedil;&atilde;o deve ser flex&iacute;vel, para poder adaptar e integrar novas atividades; e ser receptiva e transparente a novas ideias, venham elas de dentro ou de fora da organiza&ccedil;&atilde;o.\n<\/p>\n<p style=\"text-align: justify\">\n\t<strong>&#8211; Senso de identidade<\/strong>: o conhecimento e a compreens&atilde;o do passado e do presente da organiza&ccedil;&atilde;o, e a compreens&atilde;o e o compartilhamento dos seus objetivos por todos os participantes. No DO n&atilde;o h&aacute; lugar para aliena&ccedil;&atilde;o do empregado, mas para o comprometimento do participante.\n<\/p>\n<p style=\"text-align: justify\">\n\t<strong>&#8211; Perspectiva exata do meio ambiente<\/strong>: a percep&ccedil;&atilde;o realista e a capacidade de investigar, diagnosticar e compreender o meio ambiente.\n<\/p>\n<p style=\"text-align: justify\">\n\t<strong>&#8211; Integra&ccedil;&atilde;o entre os participantes<\/strong>: para que a organiza&ccedil;&atilde;o possa se comportar como um todo org&acirc;nico e integrado.\n<\/p>\n<p style=\"text-align: justify\">\n\tGABARITO: D.\n<\/p>\n<p style=\"text-align: justify\">\n\tBIBLIOGRAFIA UTILIZADA PELA BANCA:\n<\/p>\n<p style=\"text-align: justify\">\n\t<em>CHIAVENATO, I.. Introdu&ccedil;&atilde;o &agrave; teoria geral da administra&ccedil;&atilde;o: uma vis&atilde;o abrangente da moderna administra&ccedil;&atilde;o das organiza&ccedil;&otilde;es. Rio de Janeiro: Elsevier, 2003.<\/em>\n<\/p>\n<p style=\"text-align: justify\">\n\t<strong><em>62. Do ponto de vista de provis&atilde;o de insumos humanos, o planejamento operacional integrado leva em conta quatro fatores ou vari&aacute;veis intervenientes: o volume de produ&ccedil;&atilde;o planejado pela organiza&ccedil;&atilde;o; mudan&ccedil;as tecnol&oacute;gicas dentro da organiza&ccedil;&atilde;o que alterem a produtividade pessoal; condi&ccedil;&otilde;es de oferta e procura no mercado e comportamento da clientela; e <\/em><\/strong>\n<\/p>\n<p style=\"text-align: justify\">\n\t<strong><em>(A) previs&atilde;o de vendas e lan&ccedil;amento de produtos\/servi&ccedil;os. <\/em><\/strong>\n<\/p>\n<p style=\"text-align: justify\">\n\t<strong><em>(B) desempenho de cada colaborador. <\/em><\/strong>\n<\/p>\n<p style=\"text-align: justify\">\n\t<strong><em>(C) fluxo das pessoas para dentro, atrav&eacute;s e para fora da organiza&ccedil;&atilde;o. <\/em><\/strong>\n<\/p>\n<p style=\"text-align: justify\">\n\t<strong><em>(D) planejamento de carreiras dentro da organiza&ccedil;&atilde;o. <\/em><\/strong>\n<\/p>\n<p style=\"text-align: justify\">\n\t<strong><em>(E) processos de reengenharia. <\/em><\/strong>\n<\/p>\n<p style=\"text-align: justify\">\n\tCOMENT&Aacute;RIO:\n<\/p>\n<p style=\"text-align: justify\">\n\tA quest&atilde;o, mais uma vez, aborda os ensinamentos de Idalberto Chiavenato. E aqui temos uma quest&atilde;o mais literal, que exige decoreba!\n<\/p>\n<p style=\"text-align: justify\">\n\tPara esse autor, h&aacute; cinco modelos de planejamento de gest&atilde;o de pessoas:\n<\/p>\n<p style=\"text-align: justify\">\n\t<strong>1. Modelo baseado na procura estimada do produto<\/strong>: relaciona o n&uacute;mero de pessoas (colaboradores) com o volume de procura do produto (ou servi&ccedil;o) da organiza&ccedil;&atilde;o. &Eacute; influenciada por varia&ccedil;&otilde;es na produtividade, tecnologia, disponibilidade interna e externa de recursos financeiros e disponibilidade de pessoas na organiza&ccedil;&atilde;o. N&atilde;o considera imprevistos relacionados aos concorrentes, clientes, colaboradores, mat&eacute;ria-prima etc.;\n<\/p>\n<p style=\"text-align: justify\">\n\t<strong>2. Modelo baseado em segmentos de cargos<\/strong>: projeta os n&iacute;veis futuros de m&atilde;o-de-obra para cada &aacute;rea funcional, correlacionando-os com o fator estrat&eacute;gico correspondente. Suas limita&ccedil;&otilde;es s&atilde;o similares ao modelo baseado na procura estimada do produto;\n<\/p>\n<p style=\"text-align: justify\">\n\t<strong>3. Modelo de substitui&ccedil;&atilde;o de postos-chave<\/strong>: projeta, de forma visual, as futuras substitui&ccedil;&otilde;es nos cargos do quadro funcional da organiza&ccedil;&atilde;o. Em suma, trata-se de uma representa&ccedil;&atilde;o visual de quem substitui quem na eventualidade de alguma vaga futura dentro da organiza&ccedil;&atilde;o. A montagem do sistema requer um organograma com informa&ccedil;&otilde;es fornecidas pelo sistema de informa&ccedil;&atilde;o gerencial. Cada ret&acirc;ngulo do organograma apresenta o nome do funcion&aacute;rio com algumas informa&ccedil;&otilde;es para tomada de decis&atilde;o. Cada funcion&aacute;rio &eacute; classificado em tr&ecirc;s alternativas de promovabilidade:\n<\/p>\n<p style=\"text-align: justify\">\n\t&#8211; A: Funcion&aacute;rio pronto para promo&ccedil;&atilde;o imediata;\n<\/p>\n<p style=\"text-align: justify\">\n\t&#8211; B: Funcion&aacute;rio que requer maior experi&ecirc;ncia no cargo atual;\n<\/p>\n<p style=\"text-align: justify\">\n\t&#8211; C: Funcion&aacute;rio com substituto j&aacute; preparado.\n<\/p>\n<p style=\"text-align: justify\">\n\t<strong>4. Modelo baseado no fluxo do pessoal<\/strong>: baseado nas informa&ccedil;&otilde;es passadas de pessoas que deixam a organiza&ccedil;&atilde;o e que s&atilde;o promovidas, permitindo predizer quantas pessoas dever&atilde;o ser admitidas para manter a estabilidade. &Eacute; muito &uacute;til na an&aacute;lise das consequ&ecirc;ncias do plano de carreiras, quando a organiza&ccedil;&atilde;o adota uma pol&iacute;tica consistente nesse sentido. O modelo &eacute; limitado por ser apenas quantitativo;\n<\/p>\n<p style=\"text-align: justify\">\n\t<strong>5. Modelo de planejamento operacional integrado<\/strong>: &eacute; um modelo mais amplo e abrangente em rela&ccedil;&atilde;o aos anteriores. Do ponto de vista de provis&atilde;o de insumos humanos, o planejamento operacional integrado leva em conta quatro fatores ou vari&aacute;veis intervenientes, a saber:\n<\/p>\n<p style=\"text-align: justify;margin-left: 40px\">\n\t<span style=\"color:#0000FF\">a. Volume de produ&ccedil;&atilde;o planejado pela organiza&ccedil;&atilde;o.<\/span>\n<\/p>\n<p style=\"text-align: justify;margin-left: 40px\">\n\t<span style=\"color:#0000FF\">b. Mudan&ccedil;as tecnol&oacute;gicas dentro da organiza&ccedil;&atilde;o que alterem a produtividade do pessoal.<\/span>\n<\/p>\n<p style=\"text-align: justify;margin-left: 40px\">\n\t<span style=\"color:#0000FF\">c. Condi&ccedil;&otilde;es de oferta e procura no mercado e comportamento da clientela.<\/span>\n<\/p>\n<p style=\"text-align: justify;margin-left: 40px\">\n\t<span style=\"color:#0000FF\">d. Planejamento de carreiras dentro da organiza&ccedil;&atilde;o.<\/span>\n<\/p>\n<p style=\"text-align: justify\">\n\tPortanto, a alternativa que completa o quarto fator est&aacute; presente na letra (D).\n<\/p>\n<p style=\"text-align: justify\">\n\tDestaca-se, por fim, que do ponto de vista do fluxo interno, o <strong>planejamento operacional integrado<\/strong> leva em conta a composi&ccedil;&atilde;o mut&aacute;vel da for&ccedil;a de trabalho da organiza&ccedil;&atilde;o, acompanhando as entradas e sa&iacute;das de pessoas, bem como a sua movimenta&ccedil;&atilde;o dentro da organiza&ccedil;&atilde;o.\n<\/p>\n<p style=\"text-align: justify\">\n\tNa pr&aacute;tica, o modelo integrado &eacute; um modelo sist&ecirc;mico e um pouco mais abrangente de planejamento operacional de pessoal que permite um diagn&oacute;stico razo&aacute;vel para a tomada de decis&otilde;es sobre a for&ccedil;a de trabalho.\n<\/p>\n<p style=\"text-align: justify\">\n\tGABARITO: D.\n<\/p>\n<p style=\"text-align: justify\">\n\tBIBLIOGRAFIA UTILIZADA PELA BANCA:\n<\/p>\n<p style=\"text-align: justify\">\n\t<em>CHIAVENATO, I.. Gest&atilde;o de pessoas: o novo papal dos recursos humanos nas organiza&ccedil;&otilde;es. Rio de Janeiro: Elsevier, 2010.<\/em>\n<\/p>\n<p style=\"text-align: justify\">\n\t<strong><em>63. Na Era da Informa&ccedil;&atilde;o, a administra&ccedil;&atilde;o de recursos humanos cedeu lugar a uma nova abordagem, a Gest&atilde;o de Pessoas, onde as pessoas s&atilde;o vistas como <\/em><\/strong>\n<\/p>\n<p style=\"text-align: justify\">\n\t<strong><em>(A) dependentes da organiza&ccedil;&atilde;o. <\/em><\/strong>\n<\/p>\n<p style=\"text-align: justify\">\n\t<strong><em>(B) recursos da organiza&ccedil;&atilde;o. <\/em><\/strong>\n<\/p>\n<p style=\"text-align: justify\">\n\t<strong><em>(C) fornecedoras de conhecimento e compet&ecirc;ncias. <\/em><\/strong>\n<\/p>\n<p style=\"text-align: justify\">\n\t<strong><em>(D) fornecedoras de m&atilde;o de obra. <\/em><\/strong>\n<\/p>\n<p style=\"text-align: justify\">\n\t<strong><em>(E) previs&iacute;veis e flex&iacute;veis. <\/em><\/strong>\n<\/p>\n<p style=\"text-align: justify\">\n\tCOMENT&Aacute;RIO:\n<\/p>\n<p style=\"text-align: justify\">\n\tUma quest&atilde;o que n&atilde;o exige decoreba, mas a forma como a Gest&atilde;o de Pessoas (GP) &eacute; tratada na gest&atilde;o contempor&acirc;nea.\n<\/p>\n<p style=\"text-align: justify\">\n\tUm dos aspectos fundamentais em que se baseia a &aacute;rea de GP est&aacute; no entendimento de que <span style=\"color:#0000FF\"><strong>as pessoas possuem talentos fornecedores de com&shy;pet&ecirc;ncias<\/strong><\/span>. Ou seja, as pessoas s&atilde;o vistas como elementos vivos e portadores de compet&ecirc;ncias essenciais ao sucesso organizacional.\n<\/p>\n<p style=\"text-align: justify\">\n\tEm suma, qualquer organi&shy;za&ccedil;&atilde;o pode comprar m&aacute;quinas ou equipamen&shy;tos, adquirir tecnologias para se equiparar aos concorrentes; isso &eacute; relativamente f&aacute;cil. Mas construir compet&ecirc;ncias similares aos concorrentes &eacute; extremamente dif&iacute;cil, leva tempo, matura&ccedil;&atilde;o e aprendizado.\n<\/p>\n<p style=\"text-align: justify\">\n\tGABARITO: C.\n<\/p>\n<p style=\"text-align: justify\">\n\tBIBLIOGRAFIA RECOMENDADA PARA COMPREENS&Atilde;O DO TEMA:\n<\/p>\n<p style=\"text-align: justify\">\n\t<em>CHIAVENATO, I.. Gest&atilde;o de pessoas: o novo papal dos recursos humanos nas organiza&ccedil;&otilde;es. Rio de Janeiro: Elsevier, 2010.<\/em>\n<\/p>\n<p style=\"text-align: justify\">\n\t<strong><em>64. A vis&atilde;o de uma organiza&ccedil;&atilde;o estabelece <\/em><\/strong>\n<\/p>\n<p style=\"text-align: justify\">\n\t<strong><em>(A) a filosofia da organiza&ccedil;&atilde;o, que &eacute; geralmente formulada por seus fundadores ou criadores por meio de sua comunica&ccedil;&atilde;o, comportamentos e a&ccedil;&otilde;es que balizam suas respostas &agrave;s necessidades do ambiente interno. <\/em><\/strong>\n<\/p>\n<p style=\"text-align: justify\">\n\t<strong><em>(B) o prop&oacute;sito orientador para as atividades da empresa e para aglutinar os esfor&ccedil;os de seus membros, clarificando e comunicando sua estrat&eacute;gia comercial. <\/em><\/strong>\n<\/p>\n<p style=\"text-align: justify\">\n\t<strong><em>(C) uma cren&ccedil;a b&aacute;sica sobre o que se pode ou n&atilde;o fazer, sobre o que &eacute; ou n&atilde;o importante para a organiza&ccedil;&atilde;o como as pessoas e os clientes, e aquilo que seus dirigentes acreditam. <\/em><\/strong>\n<\/p>\n<p style=\"text-align: justify\">\n\t<strong><em>(D) os objetivos essenciais do neg&oacute;cio e est&aacute; geralmente focalizada fora da empresa, ou seja, no atendimento a demandas da sociedade, do mercado ou do cliente. <\/em><\/strong>\n<\/p>\n<p style=\"text-align: justify\">\n\t<strong><em>(E) uma identidade comum quanto aos prop&oacute;sitos da organiza&ccedil;&atilde;o para o futuro, a fim de orientar o comportamento dos seus membros quanto ao destino que a organiza&ccedil;&atilde;o deseja construir e realizar.<\/em><\/strong>\n<\/p>\n<p style=\"text-align: justify\">\n\tCOMENT&Aacute;RIO:\n<\/p>\n<p style=\"text-align: justify\">\n\tA quest&atilde;o trata do tema &ldquo;Inten&ccedil;&atilde;o Estrat&eacute;gica&rdquo;. Vamos entender o que &eacute; isso?\n<\/p>\n<p style=\"text-align: justify\">\n\tDe modo bem simples, a inten&ccedil;&atilde;o estrat&eacute;gica representa a jun&ccedil;&atilde;o de todos os recursos internos, capacidades e compet&ecirc;ncias essenciais de uma organiza&ccedil;&atilde;o com a finalidade de cumprir suas metas no ambiente competitivo. Essa inten&ccedil;&atilde;o s&oacute; existe se todas as pessoas da organiza&ccedil;&atilde;o, em todos os n&iacute;veis e &aacute;reas, est&atilde;o empenhadas na busca de um desempenho que seja &uacute;nico e significativo.\n<\/p>\n<p style=\"text-align: justify\">\n\tEsse processo consiste, portanto, no estabelecimento das &quot;pedras fundamentais&quot; de uma organiza&ccedil;&atilde;o, e a manifesta&ccedil;&atilde;o da inten&ccedil;&atilde;o estrat&eacute;gica ocorre pela formula&ccedil;&atilde;o do\n<\/p>\n<ul>\n<li style=\"text-align: justify\">\n\t\tNEG&Oacute;CIO;\n\t<\/li>\n<li style=\"text-align: justify\">\n\t\tMISS&Atilde;O;\n\t<\/li>\n<li style=\"text-align: justify\">\n\t\tVIS&Atilde;O;\n\t<\/li>\n<li style=\"text-align: justify\">\n\t\tOBJETIVOS e METAS; e\n\t<\/li>\n<li style=\"text-align: justify\">\n\t\tPRINC&Iacute;PIOS ou VALORES.\n\t<\/li>\n<\/ul>\n<p style=\"text-align: justify\">\n\tA quest&atilde;o trata, especificamente, de conhecermos o conceito de vis&atilde;o. Mas para que o contexto te&oacute;rico da quest&atilde;o fique mais completo, vamos analisar todos os conceitos e depois acharmos a alternativa que corresponda ao significado de &ldquo;VIS&Atilde;O&rdquo;.\n<\/p>\n<p style=\"text-align: justify\">\n\tVamos l&aacute;!\n<\/p>\n<p style=\"text-align: justify\">\n\tO <strong>NEG&Oacute;CIO<\/strong> representa o ramo de atividades no qual a institui&ccedil;&atilde;o atua (&aacute;rea de compet&ecirc;ncia), indicando o foco dos benef&iacute;cios que ela gerar&aacute; para sua clientela. N&atilde;o se confunde o &quot;neg&oacute;cio&quot; com os produtos ou servi&ccedil;os; o &quot;neg&oacute;cio&quot; &eacute; o que se espera alcan&ccedil;ar com os produtos e servi&ccedil;os. Em outras palavras, responde &agrave; seguinte quest&atilde;o: &ldquo;o que fazemos?&rdquo;.\n<\/p>\n<p style=\"text-align: justify\">\n\tVejamos um exemplo de neg&oacute;cio:\n<\/p>\n<p style=\"text-align: justify\">\n\tEditora Abril &#8211; informa&ccedil;&atilde;o e cultura;\n<\/p>\n<p style=\"text-align: justify\">\n\tA <strong>MISS&Atilde;O<\/strong> &eacute; o que a organiza&ccedil;&atilde;o realizar&aacute; no seu neg&oacute;cio, ou a defini&ccedil;&atilde;o do pr&oacute;prio neg&oacute;cio; enfim, &eacute; a raz&atilde;o de ser da organiza&ccedil;&atilde;o. Al&eacute;m disso, a miss&atilde;o esclarece o compromisso e dever desta com a sociedade e, ainda, estabelece o que a organiza&ccedil;&atilde;o realiza dentro de sua &aacute;rea de atua&ccedil;&atilde;o. A declara&ccedil;&atilde;o de miss&atilde;o deve responder &agrave; seguinte quest&atilde;o: &ldquo;por que ou para que existimos?&rdquo;.\n<\/p>\n<p style=\"text-align: justify\">\n\tVejamos um exemplo de miss&atilde;o:\n<\/p>\n<p style=\"text-align: justify\">\n\tEditora Abril &#8211; &quot;Suprir servi&ccedil;os gr&aacute;ficos que respeitem os interesses de nossos clientes, de outros p&uacute;blicos envolvidos e da sociedade&quot;.\n<\/p>\n<p style=\"text-align: justify\">\n\tA <span style=\"color:#0000FF\"><strong>VIS&Atilde;O<\/strong> <\/span>&eacute; um <span style=\"color:#0000FF\">modelo mental claro de um estado ou situa&ccedil;&atilde;o altamente desej&aacute;vel pela organiza&ccedil;&atilde;o<\/span>, ou seja, <span style=\"color:#0000FF\">uma realidade futura e poss&iacute;vel, descrita de forma simples e objetiva, partilhada por todos os seus membros<\/span>. Descreve como a organiza&ccedil;&atilde;o almeja ser percebida no futuro. A vis&atilde;o de futuro deve responde &agrave; seguinte quest&atilde;o: &ldquo;<span style=\"color:#0000FF\">onde queremos chegar?<\/span>&rdquo;.\n<\/p>\n<p style=\"text-align: justify\">\n\tOs <strong>OBJETIVOS<\/strong> se consubstanciam nos resultados futuros que se pretende atingir, de acordo com a vis&atilde;o de futuro. S&atilde;o alvos que a organiza&ccedil;&atilde;o seleciona e busca atingir em um per&iacute;odo pr&eacute;-determinado. Em regra, s&atilde;o medidores qualitativos.\n<\/p>\n<p style=\"text-align: justify\">\n\tAs <strong>METAS<\/strong>, por sua vez, s&atilde;o desdobramentos (parti&ccedil;&otilde;es) dos objetivos e refletem uma posi&ccedil;&atilde;o no futuro. Relacionam-se ao tempo e a valores, exigindo desses fatores para se tornarem objetivos quantificados. Em suma, metas s&atilde;o as formas que aplicamos para atingirmos os objetivos. Geralmente, s&atilde;o medidores quantitativos.\n<\/p>\n<p style=\"text-align: justify\">\n\tOs <strong>PRINC&Iacute;PIOS ou VALORES<\/strong> orientam a conviv&ecirc;ncia dos membros de uma organiza&ccedil;&atilde;o e o processo de tomada de decis&atilde;o e do comportamento no cumprimento da sua miss&atilde;o e na busca da vis&atilde;o de futuro.\n<\/p>\n<p style=\"text-align: justify\">\n\tAssim, podemos analisar mais detidamente cada alternativa e concluirmos que:\n<\/p>\n<p style=\"text-align: justify\">\n\tA letra (A) fala em &ldquo;filosofia da organiza&ccedil;&atilde;o&rdquo;, ou seja, para que ela existe. Logo, corresponde ao conceito de MISS&Atilde;O.\n<\/p>\n<p style=\"text-align: justify\">\n\tA letra (B) fala em &ldquo;prop&oacute;sito orientador para as atividades da empresa&rdquo;, ou seja, mais uma vez o conceito mais amplo de MISS&Atilde;O.\n<\/p>\n<p style=\"text-align: justify\">\n\tA letra (C) fala em &ldquo;cren&ccedil;a b&aacute;sica&rdquo;, ou seja, refere-se a PRINC&Iacute;PIOS OU VALORES.\n<\/p>\n<p style=\"text-align: justify\">\n\tA letra (D) fala em &ldquo;objetivos essenciais do neg&oacute;cio&rdquo;, significando, portanto, algo que est&aacute; relacionado, mais uma vez, &agrave; MISS&Atilde;O da organiza&ccedil;&atilde;o.\n<\/p>\n<p style=\"text-align: justify\">\n\tA letra (E), por fim, trata da &ldquo;VIS&Atilde;O&rdquo;. Note que fala <em>em <\/em>&ldquo;identidade comum quanto aos prop&oacute;sitos&rdquo; e &ldquo;destino que a organiza&ccedil;&atilde;o deseja construir e realizar&rdquo;. Esses questionamentos s&atilde;o respondidos com a pergunta &ldquo;onde queremos chegar?&rdquo;\n<\/p>\n<p style=\"text-align: justify\">\n\tGABARITO: E.<\/p>\n","protected":false},"excerpt":{"rendered":"<p>Ol&aacute;, meus amigos, tudo bem? Espero que sim! Neste artigo, vamos comentar a prova de No&ccedil;&otilde;es de Administra&ccedil;&atilde;o de Recursos Humanos do Concurso TRT 11a Regi&atilde;o, do cargo de Analista Judici&aacute;rio &ndash; &Aacute;rea Administrativa. Utilizaremos o Caderno de Prova &quot;A01&quot;, Tipo 003. Sempre lembrando de que, se voc&ecirc;s tiverem alguma d&uacute;vida em rela&ccedil;&atilde;o a essa [&hellip;]<\/p>\n","protected":false},"author":143,"featured_media":0,"comment_status":"open","ping_status":"open","sticky":false,"template":"","format":"standard","meta":{"post_tipo":"article","footnotes":""},"categories":[1],"tags":[],"tax_estado":[],"class_list":["post-65487","post","type-post","status-publish","format-standard","hentry","category-cursos-e-concursos"],"acf":[],"yoast_head":"<!-- This site is optimized with the Yoast SEO Premium plugin v27.2 (Yoast SEO v27.2) - https:\/\/yoast.com\/product\/yoast-seo-premium-wordpress\/ -->\n<title>Prova comentada de No\u00e7\u00f5es de Administra\u00e7\u00e3o de Recursos Humanos \u2013 TRT 11\u00aa Regi\u00e3o \u2013 AJAA<\/title>\n<meta name=\"robots\" content=\"index, follow, max-snippet:-1, max-image-preview:large, max-video-preview:-1\" \/>\n<link rel=\"canonical\" href=\"https:\/\/www.estrategiaconcursos.com.br\/blog\/prova-comentada-de-nocoes-de-administracao-de-recursos-humanos-trt-11a-regiao-ajaa\/\" \/>\n<meta property=\"og:locale\" content=\"pt_BR\" \/>\n<meta property=\"og:type\" content=\"article\" \/>\n<meta property=\"og:title\" content=\"Prova comentada de No\u00e7\u00f5es de Administra\u00e7\u00e3o de Recursos Humanos \u2013 TRT 11\u00aa Regi\u00e3o \u2013 AJAA\" \/>\n<meta property=\"og:description\" content=\"Ol&aacute;, meus amigos, tudo bem? Espero que sim! Neste artigo, vamos comentar a prova de No&ccedil;&otilde;es de Administra&ccedil;&atilde;o de Recursos Humanos do Concurso TRT 11a Regi&atilde;o, do cargo de Analista Judici&aacute;rio &ndash; &Aacute;rea Administrativa. Utilizaremos o Caderno de Prova &quot;A01&quot;, Tipo 003. Sempre lembrando de que, se voc&ecirc;s tiverem alguma d&uacute;vida em rela&ccedil;&atilde;o a essa [&hellip;]\" \/>\n<meta property=\"og:url\" content=\"https:\/\/www.estrategiaconcursos.com.br\/blog\/prova-comentada-de-nocoes-de-administracao-de-recursos-humanos-trt-11a-regiao-ajaa\/\" \/>\n<meta property=\"og:site_name\" content=\"Estrat\u00e9gia Concursos\" \/>\n<meta property=\"article:published_time\" content=\"2017-02-21T15:17:18+00:00\" \/>\n<meta name=\"author\" content=\"Adriel S\u00e1\" \/>\n<meta name=\"twitter:card\" content=\"summary_large_image\" \/>\n<meta name=\"twitter:creator\" content=\"@EstratConcursos\" \/>\n<meta name=\"twitter:site\" content=\"@EstratConcursos\" \/>\n<meta name=\"twitter:label1\" content=\"Escrito por\" \/>\n\t<meta name=\"twitter:data1\" content=\"Adriel S\u00e1\" \/>\n\t<meta name=\"twitter:label2\" content=\"Est. tempo de leitura\" \/>\n\t<meta name=\"twitter:data2\" content=\"17 minutos\" \/>\n<script type=\"application\/ld+json\" class=\"yoast-schema-graph\">{\"@context\":\"https:\/\/schema.org\",\"@graph\":[{\"@type\":\"NewsArticle\",\"@id\":\"https:\/\/www.estrategiaconcursos.com.br\/blog\/prova-comentada-de-nocoes-de-administracao-de-recursos-humanos-trt-11a-regiao-ajaa\/#article\",\"isPartOf\":{\"@id\":\"https:\/\/www.estrategiaconcursos.com.br\/blog\/prova-comentada-de-nocoes-de-administracao-de-recursos-humanos-trt-11a-regiao-ajaa\/\"},\"author\":{\"name\":\"Adriel S\u00e1\",\"@id\":\"https:\/\/www.estrategiaconcursos.com.br\/blog\/#\/schema\/person\/e16645c6841f5460802e96740e916bfd\"},\"headline\":\"Prova comentada de No\u00e7\u00f5es de Administra\u00e7\u00e3o de Recursos Humanos \u2013 TRT 11\u00aa Regi\u00e3o \u2013 AJAA\",\"datePublished\":\"2017-02-21T15:17:18+00:00\",\"mainEntityOfPage\":{\"@id\":\"https:\/\/www.estrategiaconcursos.com.br\/blog\/prova-comentada-de-nocoes-de-administracao-de-recursos-humanos-trt-11a-regiao-ajaa\/\"},\"wordCount\":3449,\"commentCount\":7,\"publisher\":{\"@id\":\"https:\/\/www.estrategiaconcursos.com.br\/blog\/#organization\"},\"articleSection\":[\"Concursos P\u00fablicos\"],\"inLanguage\":\"pt-BR\",\"potentialAction\":[{\"@type\":\"CommentAction\",\"name\":\"Comment\",\"target\":[\"https:\/\/www.estrategiaconcursos.com.br\/blog\/prova-comentada-de-nocoes-de-administracao-de-recursos-humanos-trt-11a-regiao-ajaa\/#respond\"]}],\"copyrightYear\":\"2017\",\"copyrightHolder\":{\"@id\":\"https:\/\/www.estrategiaconcursos.com.br\/blog\/#organization\"}},{\"@type\":\"WebPage\",\"@id\":\"https:\/\/www.estrategiaconcursos.com.br\/blog\/prova-comentada-de-nocoes-de-administracao-de-recursos-humanos-trt-11a-regiao-ajaa\/\",\"url\":\"https:\/\/www.estrategiaconcursos.com.br\/blog\/prova-comentada-de-nocoes-de-administracao-de-recursos-humanos-trt-11a-regiao-ajaa\/\",\"name\":\"Prova comentada de No\u00e7\u00f5es de Administra\u00e7\u00e3o de Recursos Humanos \u2013 TRT 11\u00aa Regi\u00e3o \u2013 AJAA\",\"isPartOf\":{\"@id\":\"https:\/\/www.estrategiaconcursos.com.br\/blog\/#website\"},\"datePublished\":\"2017-02-21T15:17:18+00:00\",\"breadcrumb\":{\"@id\":\"https:\/\/www.estrategiaconcursos.com.br\/blog\/prova-comentada-de-nocoes-de-administracao-de-recursos-humanos-trt-11a-regiao-ajaa\/#breadcrumb\"},\"inLanguage\":\"pt-BR\",\"potentialAction\":[{\"@type\":\"ReadAction\",\"target\":[\"https:\/\/www.estrategiaconcursos.com.br\/blog\/prova-comentada-de-nocoes-de-administracao-de-recursos-humanos-trt-11a-regiao-ajaa\/\"]}]},{\"@type\":\"BreadcrumbList\",\"@id\":\"https:\/\/www.estrategiaconcursos.com.br\/blog\/prova-comentada-de-nocoes-de-administracao-de-recursos-humanos-trt-11a-regiao-ajaa\/#breadcrumb\",\"itemListElement\":[{\"@type\":\"ListItem\",\"position\":1,\"name\":\"In\u00edcio\",\"item\":\"https:\/\/www.estrategiaconcursos.com.br\/blog\/\"},{\"@type\":\"ListItem\",\"position\":2,\"name\":\"Prova comentada de No\u00e7\u00f5es de Administra\u00e7\u00e3o de Recursos Humanos \u2013 TRT 11\u00aa Regi\u00e3o \u2013 AJAA\"}]},{\"@type\":\"WebSite\",\"@id\":\"https:\/\/www.estrategiaconcursos.com.br\/blog\/#website\",\"url\":\"https:\/\/www.estrategiaconcursos.com.br\/blog\/\",\"name\":\"Estrat\u00e9gia Concursos\",\"description\":\"O blog da Estrat\u00e9gia Concursos traz not\u00edcias sobre concursos e artigos de professores oferecendo cursos para concursos (pdf + videaulas) no site.\",\"publisher\":{\"@id\":\"https:\/\/www.estrategiaconcursos.com.br\/blog\/#organization\"},\"potentialAction\":[{\"@type\":\"SearchAction\",\"target\":{\"@type\":\"EntryPoint\",\"urlTemplate\":\"https:\/\/www.estrategiaconcursos.com.br\/blog\/?s={search_term_string}\"},\"query-input\":{\"@type\":\"PropertyValueSpecification\",\"valueRequired\":true,\"valueName\":\"search_term_string\"}}],\"inLanguage\":\"pt-BR\"},{\"@type\":\"Organization\",\"@id\":\"https:\/\/www.estrategiaconcursos.com.br\/blog\/#organization\",\"name\":\"Estrat\u00e9gia Concursos\",\"url\":\"https:\/\/www.estrategiaconcursos.com.br\/blog\/\",\"logo\":{\"@type\":\"ImageObject\",\"inLanguage\":\"pt-BR\",\"@id\":\"https:\/\/www.estrategiaconcursos.com.br\/blog\/#\/schema\/logo\/image\/\",\"url\":\"https:\/\/dhg1h5j42swfq.cloudfront.net\/2025\/06\/03203428\/logo_concursos-1.jpg\",\"contentUrl\":\"https:\/\/dhg1h5j42swfq.cloudfront.net\/2025\/06\/03203428\/logo_concursos-1.jpg\",\"width\":230,\"height\":60,\"caption\":\"Estrat\u00e9gia Concursos\"},\"image\":{\"@id\":\"https:\/\/www.estrategiaconcursos.com.br\/blog\/#\/schema\/logo\/image\/\"},\"sameAs\":[\"https:\/\/x.com\/EstratConcursos\"]},{\"@type\":\"Person\",\"@id\":\"https:\/\/www.estrategiaconcursos.com.br\/blog\/#\/schema\/person\/e16645c6841f5460802e96740e916bfd\",\"name\":\"Adriel S\u00e1\",\"image\":{\"@type\":\"ImageObject\",\"inLanguage\":\"pt-BR\",\"@id\":\"https:\/\/secure.gravatar.com\/avatar\/b75b794f68c663798240f3079128b7dd1d78a4c65fd81be07ff43947061768c8?s=96&d=mm&r=g\",\"url\":\"https:\/\/secure.gravatar.com\/avatar\/b75b794f68c663798240f3079128b7dd1d78a4c65fd81be07ff43947061768c8?s=96&d=mm&r=g\",\"contentUrl\":\"https:\/\/secure.gravatar.com\/avatar\/b75b794f68c663798240f3079128b7dd1d78a4c65fd81be07ff43947061768c8?s=96&d=mm&r=g\",\"caption\":\"Adriel S\u00e1\"},\"url\":\"https:\/\/www.estrategiaconcursos.com.br\/blog\/author\/adrieldesaestrategiaconcursos-com-br\/\"}]}<\/script>\n<!-- \/ Yoast SEO Premium plugin. -->","yoast_head_json":{"title":"Prova comentada de No\u00e7\u00f5es de Administra\u00e7\u00e3o de Recursos Humanos \u2013 TRT 11\u00aa Regi\u00e3o \u2013 AJAA","robots":{"index":"index","follow":"follow","max-snippet":"max-snippet:-1","max-image-preview":"max-image-preview:large","max-video-preview":"max-video-preview:-1"},"canonical":"https:\/\/www.estrategiaconcursos.com.br\/blog\/prova-comentada-de-nocoes-de-administracao-de-recursos-humanos-trt-11a-regiao-ajaa\/","og_locale":"pt_BR","og_type":"article","og_title":"Prova comentada de No\u00e7\u00f5es de Administra\u00e7\u00e3o de Recursos Humanos \u2013 TRT 11\u00aa Regi\u00e3o \u2013 AJAA","og_description":"Ol&aacute;, meus amigos, tudo bem? Espero que sim! Neste artigo, vamos comentar a prova de No&ccedil;&otilde;es de Administra&ccedil;&atilde;o de Recursos Humanos do Concurso TRT 11a Regi&atilde;o, do cargo de Analista Judici&aacute;rio &ndash; &Aacute;rea Administrativa. Utilizaremos o Caderno de Prova &quot;A01&quot;, Tipo 003. Sempre lembrando de que, se voc&ecirc;s tiverem alguma d&uacute;vida em rela&ccedil;&atilde;o a essa [&hellip;]","og_url":"https:\/\/www.estrategiaconcursos.com.br\/blog\/prova-comentada-de-nocoes-de-administracao-de-recursos-humanos-trt-11a-regiao-ajaa\/","og_site_name":"Estrat\u00e9gia Concursos","article_published_time":"2017-02-21T15:17:18+00:00","author":"Adriel S\u00e1","twitter_card":"summary_large_image","twitter_creator":"@EstratConcursos","twitter_site":"@EstratConcursos","twitter_misc":{"Escrito por":"Adriel S\u00e1","Est. tempo de leitura":"17 minutos"},"schema":{"@context":"https:\/\/schema.org","@graph":[{"@type":"NewsArticle","@id":"https:\/\/www.estrategiaconcursos.com.br\/blog\/prova-comentada-de-nocoes-de-administracao-de-recursos-humanos-trt-11a-regiao-ajaa\/#article","isPartOf":{"@id":"https:\/\/www.estrategiaconcursos.com.br\/blog\/prova-comentada-de-nocoes-de-administracao-de-recursos-humanos-trt-11a-regiao-ajaa\/"},"author":{"name":"Adriel S\u00e1","@id":"https:\/\/www.estrategiaconcursos.com.br\/blog\/#\/schema\/person\/e16645c6841f5460802e96740e916bfd"},"headline":"Prova comentada de No\u00e7\u00f5es de Administra\u00e7\u00e3o de Recursos Humanos \u2013 TRT 11\u00aa Regi\u00e3o \u2013 AJAA","datePublished":"2017-02-21T15:17:18+00:00","mainEntityOfPage":{"@id":"https:\/\/www.estrategiaconcursos.com.br\/blog\/prova-comentada-de-nocoes-de-administracao-de-recursos-humanos-trt-11a-regiao-ajaa\/"},"wordCount":3449,"commentCount":7,"publisher":{"@id":"https:\/\/www.estrategiaconcursos.com.br\/blog\/#organization"},"articleSection":["Concursos P\u00fablicos"],"inLanguage":"pt-BR","potentialAction":[{"@type":"CommentAction","name":"Comment","target":["https:\/\/www.estrategiaconcursos.com.br\/blog\/prova-comentada-de-nocoes-de-administracao-de-recursos-humanos-trt-11a-regiao-ajaa\/#respond"]}],"copyrightYear":"2017","copyrightHolder":{"@id":"https:\/\/www.estrategiaconcursos.com.br\/blog\/#organization"}},{"@type":"WebPage","@id":"https:\/\/www.estrategiaconcursos.com.br\/blog\/prova-comentada-de-nocoes-de-administracao-de-recursos-humanos-trt-11a-regiao-ajaa\/","url":"https:\/\/www.estrategiaconcursos.com.br\/blog\/prova-comentada-de-nocoes-de-administracao-de-recursos-humanos-trt-11a-regiao-ajaa\/","name":"Prova comentada de No\u00e7\u00f5es de Administra\u00e7\u00e3o de Recursos Humanos \u2013 TRT 11\u00aa Regi\u00e3o \u2013 AJAA","isPartOf":{"@id":"https:\/\/www.estrategiaconcursos.com.br\/blog\/#website"},"datePublished":"2017-02-21T15:17:18+00:00","breadcrumb":{"@id":"https:\/\/www.estrategiaconcursos.com.br\/blog\/prova-comentada-de-nocoes-de-administracao-de-recursos-humanos-trt-11a-regiao-ajaa\/#breadcrumb"},"inLanguage":"pt-BR","potentialAction":[{"@type":"ReadAction","target":["https:\/\/www.estrategiaconcursos.com.br\/blog\/prova-comentada-de-nocoes-de-administracao-de-recursos-humanos-trt-11a-regiao-ajaa\/"]}]},{"@type":"BreadcrumbList","@id":"https:\/\/www.estrategiaconcursos.com.br\/blog\/prova-comentada-de-nocoes-de-administracao-de-recursos-humanos-trt-11a-regiao-ajaa\/#breadcrumb","itemListElement":[{"@type":"ListItem","position":1,"name":"In\u00edcio","item":"https:\/\/www.estrategiaconcursos.com.br\/blog\/"},{"@type":"ListItem","position":2,"name":"Prova comentada de No\u00e7\u00f5es de Administra\u00e7\u00e3o de Recursos Humanos \u2013 TRT 11\u00aa Regi\u00e3o \u2013 AJAA"}]},{"@type":"WebSite","@id":"https:\/\/www.estrategiaconcursos.com.br\/blog\/#website","url":"https:\/\/www.estrategiaconcursos.com.br\/blog\/","name":"Estrat\u00e9gia Concursos","description":"O blog da Estrat\u00e9gia Concursos traz not\u00edcias sobre concursos e artigos de professores oferecendo cursos para concursos (pdf + videaulas) no site.","publisher":{"@id":"https:\/\/www.estrategiaconcursos.com.br\/blog\/#organization"},"potentialAction":[{"@type":"SearchAction","target":{"@type":"EntryPoint","urlTemplate":"https:\/\/www.estrategiaconcursos.com.br\/blog\/?s={search_term_string}"},"query-input":{"@type":"PropertyValueSpecification","valueRequired":true,"valueName":"search_term_string"}}],"inLanguage":"pt-BR"},{"@type":"Organization","@id":"https:\/\/www.estrategiaconcursos.com.br\/blog\/#organization","name":"Estrat\u00e9gia Concursos","url":"https:\/\/www.estrategiaconcursos.com.br\/blog\/","logo":{"@type":"ImageObject","inLanguage":"pt-BR","@id":"https:\/\/www.estrategiaconcursos.com.br\/blog\/#\/schema\/logo\/image\/","url":"https:\/\/dhg1h5j42swfq.cloudfront.net\/2025\/06\/03203428\/logo_concursos-1.jpg","contentUrl":"https:\/\/dhg1h5j42swfq.cloudfront.net\/2025\/06\/03203428\/logo_concursos-1.jpg","width":230,"height":60,"caption":"Estrat\u00e9gia Concursos"},"image":{"@id":"https:\/\/www.estrategiaconcursos.com.br\/blog\/#\/schema\/logo\/image\/"},"sameAs":["https:\/\/x.com\/EstratConcursos"]},{"@type":"Person","@id":"https:\/\/www.estrategiaconcursos.com.br\/blog\/#\/schema\/person\/e16645c6841f5460802e96740e916bfd","name":"Adriel S\u00e1","image":{"@type":"ImageObject","inLanguage":"pt-BR","@id":"https:\/\/secure.gravatar.com\/avatar\/b75b794f68c663798240f3079128b7dd1d78a4c65fd81be07ff43947061768c8?s=96&d=mm&r=g","url":"https:\/\/secure.gravatar.com\/avatar\/b75b794f68c663798240f3079128b7dd1d78a4c65fd81be07ff43947061768c8?s=96&d=mm&r=g","contentUrl":"https:\/\/secure.gravatar.com\/avatar\/b75b794f68c663798240f3079128b7dd1d78a4c65fd81be07ff43947061768c8?s=96&d=mm&r=g","caption":"Adriel S\u00e1"},"url":"https:\/\/www.estrategiaconcursos.com.br\/blog\/author\/adrieldesaestrategiaconcursos-com-br\/"}]}},"_links":{"self":[{"href":"https:\/\/www.estrategiaconcursos.com.br\/blog\/wp-json\/wp\/v2\/posts\/65487","targetHints":{"allow":["GET"]}}],"collection":[{"href":"https:\/\/www.estrategiaconcursos.com.br\/blog\/wp-json\/wp\/v2\/posts"}],"about":[{"href":"https:\/\/www.estrategiaconcursos.com.br\/blog\/wp-json\/wp\/v2\/types\/post"}],"author":[{"embeddable":true,"href":"https:\/\/www.estrategiaconcursos.com.br\/blog\/wp-json\/wp\/v2\/users\/143"}],"replies":[{"embeddable":true,"href":"https:\/\/www.estrategiaconcursos.com.br\/blog\/wp-json\/wp\/v2\/comments?post=65487"}],"version-history":[{"count":2,"href":"https:\/\/www.estrategiaconcursos.com.br\/blog\/wp-json\/wp\/v2\/posts\/65487\/revisions"}],"predecessor-version":[{"id":65491,"href":"https:\/\/www.estrategiaconcursos.com.br\/blog\/wp-json\/wp\/v2\/posts\/65487\/revisions\/65491"}],"wp:attachment":[{"href":"https:\/\/www.estrategiaconcursos.com.br\/blog\/wp-json\/wp\/v2\/media?parent=65487"}],"wp:term":[{"taxonomy":"category","embeddable":true,"href":"https:\/\/www.estrategiaconcursos.com.br\/blog\/wp-json\/wp\/v2\/categories?post=65487"},{"taxonomy":"post_tag","embeddable":true,"href":"https:\/\/www.estrategiaconcursos.com.br\/blog\/wp-json\/wp\/v2\/tags?post=65487"},{"taxonomy":"tax_estado","embeddable":true,"href":"https:\/\/www.estrategiaconcursos.com.br\/blog\/wp-json\/wp\/v2\/tax_estado?post=65487"}],"curies":[{"name":"wp","href":"https:\/\/api.w.org\/{rel}","templated":true}]}}