{"id":65484,"date":"2017-02-21T11:13:25","date_gmt":"2017-02-21T14:13:25","guid":{"rendered":"https:\/\/www.estrategiaconcursos.com.br\/blog\/?p=65484"},"modified":"2017-02-21T11:14:01","modified_gmt":"2017-02-21T14:14:01","slug":"prova-comentada-de-direito-constitucional-trt-11a-regiao-analista-judiciario-area-judiciaria","status":"publish","type":"post","link":"https:\/\/www.estrategiaconcursos.com.br\/blog\/prova-comentada-de-direito-constitucional-trt-11a-regiao-analista-judiciario-area-judiciaria\/","title":{"rendered":"Prova Comentada de Direito Constitucional \u2013 TRT 11a Regi\u00e3o (Analista Judici\u00e1rio \u2013 \u00c1rea Judici\u00e1ria)"},"content":{"rendered":"<p>\n\tOl&aacute;, pessoal, tudo bem?\n<\/p>\n<p>\n\tDando continuidade &agrave; an&aacute;lise das provas&nbsp;<b><i>Concurso TRT 11<sup>a<\/sup> Regi&atilde;o<\/i><\/b>, comentaremos as quest&otilde;es referentes ao cargo de Analista&nbsp;Judici&aacute;rio &ndash; &Aacute;rea Judici&aacute;ria (AJAJ), com base no Caderno B02, Tipo 001. Vamos l&aacute;?\n<\/p>\n<p>\n\t&#8230;&#8230;&#8230;&#8230;&#8230;&#8230;&#8230;&#8230;&#8230;&#8230;&#8230;&#8230;&#8230;&#8230;&#8230;&#8230;&#8230;&#8230;&#8230;&#8230;&#8230;&#8230;&#8230;&#8230;&#8230;&#8230;&#8230;&#8230;&#8230;&#8230;&#8230;&#8230;&#8230;&#8230;&#8230;&#8230;&#8230;&#8230;&#8230;&#8230;&#8230;&#8230;&#8230;&#8230;&#8230;&#8230;&#8230;&#8230;&#8230;&#8230;&#8230;&#8230;&#8230;&#8230;&#8230;&#8230;&#8230;&#8230;&#8230;&#8230;&#8230;&#8230;&#8230;&#8230;&#8230;&#8230;&#8230;&#8230;&#8230;&#8230;&#8230;&#8230;&#8230;&#8230;&#8230;&#8230;&#8230;&#8230;&#8230;.\n<\/p>\n<p align=\"center\">\n\t<strong>2017 &ndash; TRT 11<sup>a<\/sup> Regi&atilde;o (Analista Judici&aacute;rio &ndash; &Aacute;rea Judici&aacute;ria)<\/strong>\n<\/p>\n<p>\n\t<strong>31. O pai de Almir, Adalberto, faleceu deixando d&iacute;vida referente &agrave; repara&ccedil;&atilde;o de danos decorrente de condena&ccedil;&atilde;o criminal que lhe foi imposta. Almir, preocupado com seu patrim&ocirc;nio, consultou a Constitui&ccedil;&atilde;o Federal para saber se seus bens respondem pela d&iacute;vida deixada pelo seu pai e descobriu que<\/strong>\n<\/p>\n<p>\n\ta) nenhuma pena passar&aacute; da pessoa do condenado, n&atilde;o podendo a obriga&ccedil;&atilde;o de reparar o dano ser estendida aos sucessores e contra eles executadas, salvo nos casos que envolvam credores menores de idade, situa&ccedil;&atilde;o na qual responder&atilde;o o patrim&ocirc;nio particular e o transferido, ilimitadamente.\n<\/p>\n<p>\n\tb) nenhuma pena passar&aacute; da pessoa do condenado, n&atilde;o podendo a obriga&ccedil;&atilde;o de reparar o dano ser estendida aos sucessores e contra eles executada, pois deixa de existir com a morte do condenado.\n<\/p>\n<p>\n\tc) a pena poder&aacute; passar da pessoa do condenado, podendo a obriga&ccedil;&atilde;o de reparar o dano ser estendida aos sucessores e contra eles executada, ilimitadamente, respondendo o seu patrim&ocirc;nio particular e o patrim&ocirc;nio transferido.\n<\/p>\n<p>\n\td) a pena poder&aacute; passar da pessoa do condenado, podendo, a obriga&ccedil;&atilde;o de reparar o dano por ele causado, ser estendida n&atilde;o apenas aos sucessores, mas a todos os parentes, ilimitadamente.\n<\/p>\n<p>\n\te) nenhuma pena passar&aacute; da pessoa do condenado, podendo a obriga&ccedil;&atilde;o de reparar o dano ser, nos termos da lei, estendida aos sucessores e contra eles executadas, at&eacute; o limite do valor do patrim&ocirc;nio transferido.\n<\/p>\n<p>\n\t<strong>Coment&aacute;rios:<\/strong>\n<\/p>\n<p>\n\tA quest&atilde;o cobra o conhecimento do &ldquo;<strong><em>princ&iacute;pio da personaliza&ccedil;&atilde;o da pena<\/em><\/strong>&rdquo;, previsto no art. 5<sup>o<\/sup>, XLV, da Constitui&ccedil;&atilde;o. Segundo esse dispositivo, &ldquo;<strong><em>nenhuma pena passar&aacute; da pessoa do condenado<\/em><\/strong>, podendo a obriga&ccedil;&atilde;o de reparar o dano e a decreta&ccedil;&atilde;o do perdimento de bens ser, nos termos da lei, estendidas aos sucessores e contra eles executadas, <strong><em>at&eacute; o limite do valor do patrim&ocirc;nio transferido<\/em><\/strong>&rdquo;. O gabarito &eacute; a letra E.\n<\/p>\n<p>\n\t<strong>32. Considere as situa&ccedil;&otilde;es abaixo.<\/strong>\n<\/p>\n<p>\n\tI. Propositura, pelo Procurador-Geral da Rep&uacute;blica, de a&ccedil;&atilde;o com a finalidade de que determinada lei federal seja declarada inconstitucional (a&ccedil;&atilde;o direta de inconstitucionalidade).\n<\/p>\n<p>\n\tII. Impetra&ccedil;&atilde;o de mandado de seguran&ccedil;a contra ato de Ministro de Estado.\n<\/p>\n<p>\n\tIII. Impetra&ccedil;&atilde;o de habeas data contra ato do Comandante da Marinha.\n<\/p>\n<p>\n\t<strong>Compete ao Supremo Tribunal Federal processar e julgar, originariamente, o que consta em<\/strong>\n<\/p>\n<p>\n\ta) II e III, apenas.\n<\/p>\n<p>\n\tb) I e II, apenas.\n<\/p>\n<p>\n\tc) I e III, apenas.\n<\/p>\n<p>\n\td) I, apenas.\n<\/p>\n<p>\n\te) I, II e III.\n<\/p>\n<p>\n\t<strong>Coment&aacute;rios:<\/strong>\n<\/p>\n<p>\n\tItem I: correto. A compet&ecirc;ncia para processar e julgar a a&ccedil;&atilde;o direta de inconstitucionalidade de lei ou ato normativo federal ou estadual &eacute; origin&aacute;ria do <strong><em>Supremo Tribunal Federal (<\/em><\/strong>art. 102, I, &ldquo;a&rdquo;, CF).\n<\/p>\n<p>\n\tItem II: errado. Trata-se de compet&ecirc;ncia origin&aacute;ria do <strong><em>Superior Tribunal de Justi&ccedil;a<\/em><\/strong>, nos termos do art. 105, I, &ldquo;b&rdquo;, da Constitui&ccedil;&atilde;o.\n<\/p>\n<p>\n\tItem III: errado. Novamente, trata-se de compet&ecirc;ncia origin&aacute;ria do <strong><em>Superior Tribunal de Justi&ccedil;a<\/em><\/strong>, prevista no art. 105, I, &ldquo;b&rdquo;, da Carta Magna.\n<\/p>\n<p>\n\tO gabarito &eacute; a letra D.\n<\/p>\n<p>\n\t<strong>33. Caio, brasileiro nato, &eacute; jogador de futebol profissional e foi contratado para jogar por um grande clube estrangeiro, cuja legisla&ccedil;&atilde;o o pa&iacute;s imp&otilde;e a naturaliza&ccedil;&atilde;o de Caio como condi&ccedil;&atilde;o para a perman&ecirc;ncia em seu territ&oacute;rio, e, como queria continuar jogando nesse time, procedeu &agrave; naturaliza&ccedil;&atilde;o. Caio<\/strong>\n<\/p>\n<p>\n\ta) perder&aacute; a nacionalidade brasileira enquanto permanecer em territ&oacute;rio estrangeiro, podendo readquiri-la assim que retornar ao Brasil.\n<\/p>\n<p>\n\tb) perder&aacute; a nacionalidade brasileira, tendo em vista que adquiriu outra nacionalidade.\n<\/p>\n<p>\n\tc) tornar-se-&aacute; brasileiro naturalizado automaticamente, em raz&atilde;o de ter adquirido outra nacionalidade.\n<\/p>\n<p>\n\td) n&atilde;o perder&aacute; a nacionalidade brasileira apenas se comprovar que mant&eacute;m v&iacute;nculos com o Brasil, visitando-o periodicamente.\n<\/p>\n<p>\n\te) n&atilde;o perder&aacute; a nacionalidade brasileira.\n<\/p>\n<p>\n\t<strong>Coment&aacute;rios:<\/strong>\n<\/p>\n<p>\n\tA Constitui&ccedil;&atilde;o Federal, em seu art. 12, &sect; 4<sup>o<\/sup>, prev&ecirc; que ser&aacute; declarada a perda da nacionalidade do brasileiro que adquirir outra nacionalidade, salvo nos casos: <strong>i)<\/strong> de reconhecimento de nacionalidade origin&aacute;ria pela lei estrangeira; <strong>ii)<\/strong> de imposi&ccedil;&atilde;o de naturaliza&ccedil;&atilde;o, pela norma estrangeira, ao brasileiro residente em estado estrangeiro, como condi&ccedil;&atilde;o para perman&ecirc;ncia em seu territ&oacute;rio ou para o exerc&iacute;cio de direitos civis. Caio se enquadra na &uacute;ltima ressalva e, por isso, n&atilde;o perder&aacute; a nacionalidade brasileira. O gabarito &eacute; a letra E.\n<\/p>\n<p>\n\t<strong>34. Considere a seguinte situa&ccedil;&atilde;o hipot&eacute;tica: Jaime em seu segundo mandato como Governador de determinado Estado, est&aacute; em d&uacute;vida se, nas pr&oacute;ximas elei&ccedil;&otilde;es, ir&aacute; se candidatar novamente a Governador ou a Presidente da Rep&uacute;blica. Com base apenas nas informa&ccedil;&otilde;es fornecidas, de acordo com a Constitui&ccedil;&atilde;o Federal, Jaime<\/strong>\n<\/p>\n<p>\n\ta) n&atilde;o poder&aacute; se candidatar &agrave; reelei&ccedil;&atilde;o para Governador e, para concorrer ao cargo de Presidente da Rep&uacute;blica, dever&aacute; renunciar ao seu atual mandato at&eacute; quatro meses antes do pleito.\n<\/p>\n<p>\n\tb) n&atilde;o poder&aacute; se candidatar &agrave; reelei&ccedil;&atilde;o para Governador e, para concorrer ao cargo de Presidente da Rep&uacute;blica, dever&aacute; renunciar ao seu atual mandato at&eacute; seis meses antes do pleito.\n<\/p>\n<p>\n\tc) poder&aacute; se candidatar &agrave; reelei&ccedil;&atilde;o para Governador e, para concorrer ao cargo de Presidente da Rep&uacute;blica, dever&aacute; renunciar ao seu atual mandato at&eacute; seis meses antes do pleito.\n<\/p>\n<p>\n\td) poder&aacute; se candidatar &agrave; reelei&ccedil;&atilde;o para Governador e n&atilde;o h&aacute; necessidade de renunciar ao seu atual mandato para concorrer ao cargo de Presidente da Rep&uacute;blica.\n<\/p>\n<p>\n\te) poder&aacute; se candidatar &agrave; reelei&ccedil;&atilde;o para Governador e, para concorrer ao cargo de Presidente da Rep&uacute;blica, dever&aacute; renunciar ao seu atual mandato at&eacute; quatro meses antes do pleito.\n<\/p>\n<p>\n\t<strong>Coment&aacute;rios:<\/strong>\n<\/p>\n<p>\n\tConsiderando que Jaime est&aacute; no seu segundo mandato de Governador, n&atilde;o poder&aacute; se candidatar &agrave; reelei&ccedil;&atilde;o. Poder&aacute;, entretanto, candidatar-se ao cargo de Presidente da Rep&uacute;blica, desde que renuncie ao atual mandato <strong><em>at&eacute; seis meses antes do pleito<\/em><\/strong> (art. 14, &sect; 6<sup>o<\/sup>, CF). O gabarito &eacute; a letra B.\n<\/p>\n<p>\n\t<strong>35. Considere as situa&ccedil;&otilde;es abaixo.<\/strong>\n<\/p>\n<p>\n\tI. Samuel &eacute; Governador de determinado Estado e deve ser processado por crime comum.\n<\/p>\n<p>\n\tII. Dem&eacute;trio impetrou mandado de seguran&ccedil;a contra ato de Frederico, que &eacute; juiz federal.\n<\/p>\n<p>\n\tIII. Tadeu &eacute; desembargador do Tribunal de Justi&ccedil;a de determinado Estado e deve ser processado por crime de responsabilidade.\n<\/p>\n<p>\n\t<strong>A compet&ecirc;ncia para processar e julgar, originariamente, as a&ccedil;&otilde;es acima apontadas, cabe ao<\/strong>\n<\/p>\n<p>\n\ta) Superior Tribunal de Justi&ccedil;a; ao Tribunal Regional Federal da Regi&atilde;o correspondente; e ao Superior Tribunal de Justi&ccedil;a, respectivamente.\n<\/p>\n<p>\n\tb) Supremo Tribunal Federal; ao Tribunal Regional Federal da Regi&atilde;o correspondente; e ao Tribunal de Justi&ccedil;a que Tadeu integra, respectivamente.\n<\/p>\n<p>\n\tc) Supremo Tribunal Federal; ao Tribunal Regional Federal da Regi&atilde;o correspondente; e ao Supremo Tribunal Federal, respectivamente.\n<\/p>\n<p>\n\td) Superior Tribunal de Justi&ccedil;a nas tr&ecirc;s situa&ccedil;&otilde;es.\n<\/p>\n<p>\n\te) Supremo Tribunal Federal; ao Superior Tribunal de Justi&ccedil;a; e ao Tribunal Regional Federal da Regi&atilde;o correspondente, respectivamente.\n<\/p>\n<p>\n\t<strong>Coment&aacute;rios:<\/strong>\n<\/p>\n<p>\n\tItem I: a compet&ecirc;ncia para processar Governador de Estado em caso de crime comum &eacute; do Superior Tribunal de Justi&ccedil;a (art. 105, I, &ldquo;a&rdquo;, CF).\n<\/p>\n<p>\n\tItem II: a compet&ecirc;ncia para processar e julgar mandado de seguran&ccedil;a contra juiz federal &eacute; do Tribunal Regional Federal da Regi&atilde;o correspondente (art. 108, I, &ldquo;c&rdquo;, CF).\n<\/p>\n<p>\n\tItem III: a compet&ecirc;ncia para processar e julgar desembargador de Tribunal de Justi&ccedil;a por crime de responsabilidade &eacute; do Superior Tribunal de Justi&ccedil;a (art. 105, I, &ldquo;a&rdquo;, CF).\n<\/p>\n<p>\n\tO gabarito &eacute; a letra A.\n<\/p>\n<p>\n\t&hellip;&hellip;&hellip;&hellip;&hellip;\n<\/p>\n<p>\n\tGostou da prova?&nbsp;Deixe seus coment&aacute;rios abaixo! =)\n<\/p>\n<p>\n\tAbra&ccedil;os,\n<\/p>\n<p>\n\tN&aacute;dia Carolina\n<\/p>\n<p>\n\t<img loading=\"lazy\" decoding=\"async\" alt=\"Captura de Tela 2016-07-19 a\u0300s 15.53.49\" height=\"21\" src=\"https:\/\/dhg1h5j42swfq.cloudfront.net\/2016\/07\/19155605\/Captura-de-Tela-2016-07-19-a%CC%80s-15.53.49.png\" width=\"21\" \/><strong>: &nbsp; @nadiacarolstos<\/strong>\n<\/p>\n<p>\n\t<strong><a href=\"https:\/\/dhg1h5j42swfq.cloudfront.net\/2016\/02\/03152041\/imagem-facebook.png\" rel=\"attachment wp-att-32735\"><img loading=\"lazy\" decoding=\"async\" alt=\"Resumo de Direito Constitucional p\/ TCM-RJ\" height=\"42\" src=\"https:\/\/dhg1h5j42swfq.cloudfront.net\/2016\/02\/03152041\/imagem-facebook.png\" width=\"42\" \/><\/a>: Clique no&nbsp;<\/strong>&nbsp;<a href=\"https:\/\/www.facebook.com\/nadia.c.santos.16\" target=\"_blank\">LINK<\/a>\n<\/p>\n<p>\n\t<strong><a href=\"https:\/\/dhg1h5j42swfq.cloudfront.net\/2016\/02\/03152106\/youtube.png\" rel=\"attachment wp-att-32736\"><img loading=\"lazy\" decoding=\"async\" alt=\"Resumo de Direito Constitucional p\/ TCM-RJ\" height=\"11\" src=\"https:\/\/dhg1h5j42swfq.cloudfront.net\/2016\/02\/03152106\/youtube.png\" width=\"15\" \/><\/a>&nbsp;(Ricardo Vale):<\/strong>&nbsp; Clique no&nbsp;<a href=\"https:\/\/www.youtube.com\/channel\/UC32LlMyS96biplI715yzS9Q\" target=\"_blank\">LINK<\/a><\/p>\n","protected":false},"excerpt":{"rendered":"<p>Ol&aacute;, pessoal, tudo bem? Dando continuidade &agrave; an&aacute;lise das provas&nbsp;Concurso TRT 11a Regi&atilde;o, comentaremos as quest&otilde;es referentes ao cargo de Analista&nbsp;Judici&aacute;rio &ndash; &Aacute;rea Judici&aacute;ria (AJAJ), com base no Caderno B02, Tipo 001. Vamos l&aacute;? &#8230;&#8230;&#8230;&#8230;&#8230;&#8230;&#8230;&#8230;&#8230;&#8230;&#8230;&#8230;&#8230;&#8230;&#8230;&#8230;&#8230;&#8230;&#8230;&#8230;&#8230;&#8230;&#8230;&#8230;&#8230;&#8230;&#8230;&#8230;&#8230;&#8230;&#8230;&#8230;&#8230;&#8230;&#8230;&#8230;&#8230;&#8230;&#8230;&#8230;&#8230;&#8230;&#8230;&#8230;&#8230;&#8230;&#8230;&#8230;&#8230;&#8230;&#8230;&#8230;&#8230;&#8230;&#8230;&#8230;&#8230;&#8230;&#8230;&#8230;&#8230;&#8230;&#8230;&#8230;&#8230;&#8230;&#8230;&#8230;&#8230;&#8230;&#8230;&#8230;&#8230;&#8230;&#8230;&#8230;&#8230;&#8230;&#8230;. 2017 &ndash; TRT 11a Regi&atilde;o (Analista Judici&aacute;rio &ndash; &Aacute;rea Judici&aacute;ria) 31. O pai de Almir, Adalberto, faleceu deixando d&iacute;vida referente [&hellip;]<\/p>\n","protected":false},"author":58,"featured_media":0,"comment_status":"open","ping_status":"open","sticky":false,"template":"","format":"standard","meta":{"post_tipo":"article","footnotes":""},"categories":[1],"tags":[],"tax_estado":[],"class_list":["post-65484","post","type-post","status-publish","format-standard","hentry","category-cursos-e-concursos"],"acf":[],"yoast_head":"<!-- This site is optimized with the Yoast SEO Premium plugin v27.2 (Yoast SEO v27.2) - https:\/\/yoast.com\/product\/yoast-seo-premium-wordpress\/ -->\n<title>Prova Comentada de Direito Constitucional \u2013 TRT 11a Regi\u00e3o (Analista Judici\u00e1rio \u2013 \u00c1rea Judici\u00e1ria)<\/title>\n<meta name=\"robots\" content=\"index, follow, max-snippet:-1, max-image-preview:large, max-video-preview:-1\" \/>\n<link rel=\"canonical\" href=\"https:\/\/www.estrategiaconcursos.com.br\/blog\/prova-comentada-de-direito-constitucional-trt-11a-regiao-analista-judiciario-area-judiciaria\/\" \/>\n<meta property=\"og:locale\" content=\"pt_BR\" \/>\n<meta property=\"og:type\" content=\"article\" \/>\n<meta property=\"og:title\" content=\"Prova Comentada de Direito Constitucional \u2013 TRT 11a Regi\u00e3o (Analista Judici\u00e1rio \u2013 \u00c1rea Judici\u00e1ria)\" \/>\n<meta property=\"og:description\" content=\"Ol&aacute;, pessoal, tudo bem? Dando continuidade &agrave; an&aacute;lise das provas&nbsp;Concurso TRT 11a Regi&atilde;o, comentaremos as quest&otilde;es referentes ao cargo de Analista&nbsp;Judici&aacute;rio &ndash; &Aacute;rea Judici&aacute;ria (AJAJ), com base no Caderno B02, Tipo 001. Vamos l&aacute;? &#8230;&#8230;&#8230;&#8230;&#8230;&#8230;&#8230;&#8230;&#8230;&#8230;&#8230;&#8230;&#8230;&#8230;&#8230;&#8230;&#8230;&#8230;&#8230;&#8230;&#8230;&#8230;&#8230;&#8230;&#8230;&#8230;&#8230;&#8230;&#8230;&#8230;&#8230;&#8230;&#8230;&#8230;&#8230;&#8230;&#8230;&#8230;&#8230;&#8230;&#8230;&#8230;&#8230;&#8230;&#8230;&#8230;&#8230;&#8230;&#8230;&#8230;&#8230;&#8230;&#8230;&#8230;&#8230;&#8230;&#8230;&#8230;&#8230;&#8230;&#8230;&#8230;&#8230;&#8230;&#8230;&#8230;&#8230;&#8230;&#8230;&#8230;&#8230;&#8230;&#8230;&#8230;&#8230;&#8230;&#8230;&#8230;&#8230;. 2017 &ndash; TRT 11a Regi&atilde;o (Analista Judici&aacute;rio &ndash; &Aacute;rea Judici&aacute;ria) 31. O pai de Almir, Adalberto, faleceu deixando d&iacute;vida referente [&hellip;]\" \/>\n<meta property=\"og:url\" content=\"https:\/\/www.estrategiaconcursos.com.br\/blog\/prova-comentada-de-direito-constitucional-trt-11a-regiao-analista-judiciario-area-judiciaria\/\" \/>\n<meta property=\"og:site_name\" content=\"Estrat\u00e9gia Concursos\" \/>\n<meta property=\"article:author\" content=\"https:\/\/www.facebook.com\/nadia.c.santos.16\" \/>\n<meta property=\"article:published_time\" content=\"2017-02-21T14:13:25+00:00\" \/>\n<meta property=\"article:modified_time\" content=\"2017-02-21T14:14:01+00:00\" \/>\n<meta property=\"og:image\" content=\"https:\/\/www.estrategiaconcursos.com.br\/blog\/wp-content\/uploads\/2016\/02\/imagem-facebook.png\" \/>\n<meta name=\"author\" content=\"N\u00e1dia Carolina\" \/>\n<meta name=\"twitter:card\" content=\"summary_large_image\" \/>\n<meta name=\"twitter:creator\" content=\"@EstratConcursos\" \/>\n<meta name=\"twitter:site\" content=\"@EstratConcursos\" \/>\n<meta name=\"twitter:label1\" content=\"Escrito por\" \/>\n\t<meta name=\"twitter:data1\" content=\"N\u00e1dia Carolina\" \/>\n\t<meta name=\"twitter:label2\" content=\"Est. tempo de leitura\" \/>\n\t<meta name=\"twitter:data2\" content=\"8 minutos\" \/>\n<script type=\"application\/ld+json\" class=\"yoast-schema-graph\">{\"@context\":\"https:\/\/schema.org\",\"@graph\":[{\"@type\":\"NewsArticle\",\"@id\":\"https:\/\/www.estrategiaconcursos.com.br\/blog\/prova-comentada-de-direito-constitucional-trt-11a-regiao-analista-judiciario-area-judiciaria\/#article\",\"isPartOf\":{\"@id\":\"https:\/\/www.estrategiaconcursos.com.br\/blog\/prova-comentada-de-direito-constitucional-trt-11a-regiao-analista-judiciario-area-judiciaria\/\"},\"author\":{\"name\":\"N\u00e1dia Carolina\",\"@id\":\"https:\/\/www.estrategiaconcursos.com.br\/blog\/#\/schema\/person\/bf1b1d1865628ae32d608d5bad5442c6\"},\"headline\":\"Prova Comentada de Direito Constitucional \u2013 TRT 11a Regi\u00e3o (Analista Judici\u00e1rio \u2013 \u00c1rea Judici\u00e1ria)\",\"datePublished\":\"2017-02-21T14:13:25+00:00\",\"dateModified\":\"2017-02-21T14:14:01+00:00\",\"mainEntityOfPage\":{\"@id\":\"https:\/\/www.estrategiaconcursos.com.br\/blog\/prova-comentada-de-direito-constitucional-trt-11a-regiao-analista-judiciario-area-judiciaria\/\"},\"wordCount\":1572,\"commentCount\":2,\"publisher\":{\"@id\":\"https:\/\/www.estrategiaconcursos.com.br\/blog\/#organization\"},\"image\":{\"@id\":\"https:\/\/www.estrategiaconcursos.com.br\/blog\/prova-comentada-de-direito-constitucional-trt-11a-regiao-analista-judiciario-area-judiciaria\/#primaryimage\"},\"thumbnailUrl\":\"https:\/\/www.estrategiaconcursos.com.br\/blog\/wp-content\/uploads\/2016\/02\/imagem-facebook.png\",\"articleSection\":[\"Concursos P\u00fablicos\"],\"inLanguage\":\"pt-BR\",\"potentialAction\":[{\"@type\":\"CommentAction\",\"name\":\"Comment\",\"target\":[\"https:\/\/www.estrategiaconcursos.com.br\/blog\/prova-comentada-de-direito-constitucional-trt-11a-regiao-analista-judiciario-area-judiciaria\/#respond\"]}],\"copyrightYear\":\"2017\",\"copyrightHolder\":{\"@id\":\"https:\/\/www.estrategiaconcursos.com.br\/blog\/#organization\"}},{\"@type\":\"WebPage\",\"@id\":\"https:\/\/www.estrategiaconcursos.com.br\/blog\/prova-comentada-de-direito-constitucional-trt-11a-regiao-analista-judiciario-area-judiciaria\/\",\"url\":\"https:\/\/www.estrategiaconcursos.com.br\/blog\/prova-comentada-de-direito-constitucional-trt-11a-regiao-analista-judiciario-area-judiciaria\/\",\"name\":\"Prova Comentada de Direito Constitucional \u2013 TRT 11a Regi\u00e3o (Analista Judici\u00e1rio \u2013 \u00c1rea Judici\u00e1ria)\",\"isPartOf\":{\"@id\":\"https:\/\/www.estrategiaconcursos.com.br\/blog\/#website\"},\"primaryImageOfPage\":{\"@id\":\"https:\/\/www.estrategiaconcursos.com.br\/blog\/prova-comentada-de-direito-constitucional-trt-11a-regiao-analista-judiciario-area-judiciaria\/#primaryimage\"},\"image\":{\"@id\":\"https:\/\/www.estrategiaconcursos.com.br\/blog\/prova-comentada-de-direito-constitucional-trt-11a-regiao-analista-judiciario-area-judiciaria\/#primaryimage\"},\"thumbnailUrl\":\"https:\/\/www.estrategiaconcursos.com.br\/blog\/wp-content\/uploads\/2016\/02\/imagem-facebook.png\",\"datePublished\":\"2017-02-21T14:13:25+00:00\",\"dateModified\":\"2017-02-21T14:14:01+00:00\",\"breadcrumb\":{\"@id\":\"https:\/\/www.estrategiaconcursos.com.br\/blog\/prova-comentada-de-direito-constitucional-trt-11a-regiao-analista-judiciario-area-judiciaria\/#breadcrumb\"},\"inLanguage\":\"pt-BR\",\"potentialAction\":[{\"@type\":\"ReadAction\",\"target\":[\"https:\/\/www.estrategiaconcursos.com.br\/blog\/prova-comentada-de-direito-constitucional-trt-11a-regiao-analista-judiciario-area-judiciaria\/\"]}]},{\"@type\":\"ImageObject\",\"inLanguage\":\"pt-BR\",\"@id\":\"https:\/\/www.estrategiaconcursos.com.br\/blog\/prova-comentada-de-direito-constitucional-trt-11a-regiao-analista-judiciario-area-judiciaria\/#primaryimage\",\"url\":\"https:\/\/www.estrategiaconcursos.com.br\/blog\/wp-content\/uploads\/2016\/02\/imagem-facebook.png\",\"contentUrl\":\"https:\/\/www.estrategiaconcursos.com.br\/blog\/wp-content\/uploads\/2016\/02\/imagem-facebook.png\"},{\"@type\":\"BreadcrumbList\",\"@id\":\"https:\/\/www.estrategiaconcursos.com.br\/blog\/prova-comentada-de-direito-constitucional-trt-11a-regiao-analista-judiciario-area-judiciaria\/#breadcrumb\",\"itemListElement\":[{\"@type\":\"ListItem\",\"position\":1,\"name\":\"In\u00edcio\",\"item\":\"https:\/\/www.estrategiaconcursos.com.br\/blog\/\"},{\"@type\":\"ListItem\",\"position\":2,\"name\":\"Prova Comentada de Direito Constitucional \u2013 TRT 11a Regi\u00e3o (Analista Judici\u00e1rio \u2013 \u00c1rea Judici\u00e1ria)\"}]},{\"@type\":\"WebSite\",\"@id\":\"https:\/\/www.estrategiaconcursos.com.br\/blog\/#website\",\"url\":\"https:\/\/www.estrategiaconcursos.com.br\/blog\/\",\"name\":\"Estrat\u00e9gia Concursos\",\"description\":\"O blog da Estrat\u00e9gia Concursos traz not\u00edcias sobre concursos e artigos de professores oferecendo cursos para concursos (pdf + videaulas) no site.\",\"publisher\":{\"@id\":\"https:\/\/www.estrategiaconcursos.com.br\/blog\/#organization\"},\"potentialAction\":[{\"@type\":\"SearchAction\",\"target\":{\"@type\":\"EntryPoint\",\"urlTemplate\":\"https:\/\/www.estrategiaconcursos.com.br\/blog\/?s={search_term_string}\"},\"query-input\":{\"@type\":\"PropertyValueSpecification\",\"valueRequired\":true,\"valueName\":\"search_term_string\"}}],\"inLanguage\":\"pt-BR\"},{\"@type\":\"Organization\",\"@id\":\"https:\/\/www.estrategiaconcursos.com.br\/blog\/#organization\",\"name\":\"Estrat\u00e9gia Concursos\",\"url\":\"https:\/\/www.estrategiaconcursos.com.br\/blog\/\",\"logo\":{\"@type\":\"ImageObject\",\"inLanguage\":\"pt-BR\",\"@id\":\"https:\/\/www.estrategiaconcursos.com.br\/blog\/#\/schema\/logo\/image\/\",\"url\":\"https:\/\/dhg1h5j42swfq.cloudfront.net\/2025\/06\/03203428\/logo_concursos-1.jpg\",\"contentUrl\":\"https:\/\/dhg1h5j42swfq.cloudfront.net\/2025\/06\/03203428\/logo_concursos-1.jpg\",\"width\":230,\"height\":60,\"caption\":\"Estrat\u00e9gia Concursos\"},\"image\":{\"@id\":\"https:\/\/www.estrategiaconcursos.com.br\/blog\/#\/schema\/logo\/image\/\"},\"sameAs\":[\"https:\/\/x.com\/EstratConcursos\"]},{\"@type\":\"Person\",\"@id\":\"https:\/\/www.estrategiaconcursos.com.br\/blog\/#\/schema\/person\/bf1b1d1865628ae32d608d5bad5442c6\",\"name\":\"N\u00e1dia Carolina\",\"image\":{\"@type\":\"ImageObject\",\"inLanguage\":\"pt-BR\",\"@id\":\"https:\/\/secure.gravatar.com\/avatar\/0ec0c484339a071f22ea5ced30956ccdaab0f83125b2dc1857c3b038404136a7?s=96&d=mm&r=g\",\"url\":\"https:\/\/secure.gravatar.com\/avatar\/0ec0c484339a071f22ea5ced30956ccdaab0f83125b2dc1857c3b038404136a7?s=96&d=mm&r=g\",\"contentUrl\":\"https:\/\/secure.gravatar.com\/avatar\/0ec0c484339a071f22ea5ced30956ccdaab0f83125b2dc1857c3b038404136a7?s=96&d=mm&r=g\",\"caption\":\"N\u00e1dia Carolina\"},\"sameAs\":[\"https:\/\/www.facebook.com\/nadia.c.santos.16\"],\"url\":\"https:\/\/www.estrategiaconcursos.com.br\/blog\/author\/nadiaestrategiaconcursos-com-br\/\"}]}<\/script>\n<!-- \/ Yoast SEO Premium plugin. -->","yoast_head_json":{"title":"Prova Comentada de Direito Constitucional \u2013 TRT 11a Regi\u00e3o (Analista Judici\u00e1rio \u2013 \u00c1rea Judici\u00e1ria)","robots":{"index":"index","follow":"follow","max-snippet":"max-snippet:-1","max-image-preview":"max-image-preview:large","max-video-preview":"max-video-preview:-1"},"canonical":"https:\/\/www.estrategiaconcursos.com.br\/blog\/prova-comentada-de-direito-constitucional-trt-11a-regiao-analista-judiciario-area-judiciaria\/","og_locale":"pt_BR","og_type":"article","og_title":"Prova Comentada de Direito Constitucional \u2013 TRT 11a Regi\u00e3o (Analista Judici\u00e1rio \u2013 \u00c1rea Judici\u00e1ria)","og_description":"Ol&aacute;, pessoal, tudo bem? Dando continuidade &agrave; an&aacute;lise das provas&nbsp;Concurso TRT 11a Regi&atilde;o, comentaremos as quest&otilde;es referentes ao cargo de Analista&nbsp;Judici&aacute;rio &ndash; &Aacute;rea Judici&aacute;ria (AJAJ), com base no Caderno B02, Tipo 001. Vamos l&aacute;? &#8230;&#8230;&#8230;&#8230;&#8230;&#8230;&#8230;&#8230;&#8230;&#8230;&#8230;&#8230;&#8230;&#8230;&#8230;&#8230;&#8230;&#8230;&#8230;&#8230;&#8230;&#8230;&#8230;&#8230;&#8230;&#8230;&#8230;&#8230;&#8230;&#8230;&#8230;&#8230;&#8230;&#8230;&#8230;&#8230;&#8230;&#8230;&#8230;&#8230;&#8230;&#8230;&#8230;&#8230;&#8230;&#8230;&#8230;&#8230;&#8230;&#8230;&#8230;&#8230;&#8230;&#8230;&#8230;&#8230;&#8230;&#8230;&#8230;&#8230;&#8230;&#8230;&#8230;&#8230;&#8230;&#8230;&#8230;&#8230;&#8230;&#8230;&#8230;&#8230;&#8230;&#8230;&#8230;&#8230;&#8230;&#8230;&#8230;. 2017 &ndash; TRT 11a Regi&atilde;o (Analista Judici&aacute;rio &ndash; &Aacute;rea Judici&aacute;ria) 31. O pai de Almir, Adalberto, faleceu deixando d&iacute;vida referente [&hellip;]","og_url":"https:\/\/www.estrategiaconcursos.com.br\/blog\/prova-comentada-de-direito-constitucional-trt-11a-regiao-analista-judiciario-area-judiciaria\/","og_site_name":"Estrat\u00e9gia Concursos","article_author":"https:\/\/www.facebook.com\/nadia.c.santos.16","article_published_time":"2017-02-21T14:13:25+00:00","article_modified_time":"2017-02-21T14:14:01+00:00","og_image":[{"url":"https:\/\/www.estrategiaconcursos.com.br\/blog\/wp-content\/uploads\/2016\/02\/imagem-facebook.png","type":"","width":"","height":""}],"author":"N\u00e1dia Carolina","twitter_card":"summary_large_image","twitter_creator":"@EstratConcursos","twitter_site":"@EstratConcursos","twitter_misc":{"Escrito por":"N\u00e1dia Carolina","Est. tempo de leitura":"8 minutos"},"schema":{"@context":"https:\/\/schema.org","@graph":[{"@type":"NewsArticle","@id":"https:\/\/www.estrategiaconcursos.com.br\/blog\/prova-comentada-de-direito-constitucional-trt-11a-regiao-analista-judiciario-area-judiciaria\/#article","isPartOf":{"@id":"https:\/\/www.estrategiaconcursos.com.br\/blog\/prova-comentada-de-direito-constitucional-trt-11a-regiao-analista-judiciario-area-judiciaria\/"},"author":{"name":"N\u00e1dia Carolina","@id":"https:\/\/www.estrategiaconcursos.com.br\/blog\/#\/schema\/person\/bf1b1d1865628ae32d608d5bad5442c6"},"headline":"Prova Comentada de Direito Constitucional \u2013 TRT 11a Regi\u00e3o (Analista Judici\u00e1rio \u2013 \u00c1rea Judici\u00e1ria)","datePublished":"2017-02-21T14:13:25+00:00","dateModified":"2017-02-21T14:14:01+00:00","mainEntityOfPage":{"@id":"https:\/\/www.estrategiaconcursos.com.br\/blog\/prova-comentada-de-direito-constitucional-trt-11a-regiao-analista-judiciario-area-judiciaria\/"},"wordCount":1572,"commentCount":2,"publisher":{"@id":"https:\/\/www.estrategiaconcursos.com.br\/blog\/#organization"},"image":{"@id":"https:\/\/www.estrategiaconcursos.com.br\/blog\/prova-comentada-de-direito-constitucional-trt-11a-regiao-analista-judiciario-area-judiciaria\/#primaryimage"},"thumbnailUrl":"https:\/\/www.estrategiaconcursos.com.br\/blog\/wp-content\/uploads\/2016\/02\/imagem-facebook.png","articleSection":["Concursos P\u00fablicos"],"inLanguage":"pt-BR","potentialAction":[{"@type":"CommentAction","name":"Comment","target":["https:\/\/www.estrategiaconcursos.com.br\/blog\/prova-comentada-de-direito-constitucional-trt-11a-regiao-analista-judiciario-area-judiciaria\/#respond"]}],"copyrightYear":"2017","copyrightHolder":{"@id":"https:\/\/www.estrategiaconcursos.com.br\/blog\/#organization"}},{"@type":"WebPage","@id":"https:\/\/www.estrategiaconcursos.com.br\/blog\/prova-comentada-de-direito-constitucional-trt-11a-regiao-analista-judiciario-area-judiciaria\/","url":"https:\/\/www.estrategiaconcursos.com.br\/blog\/prova-comentada-de-direito-constitucional-trt-11a-regiao-analista-judiciario-area-judiciaria\/","name":"Prova Comentada de Direito Constitucional \u2013 TRT 11a Regi\u00e3o (Analista Judici\u00e1rio \u2013 \u00c1rea Judici\u00e1ria)","isPartOf":{"@id":"https:\/\/www.estrategiaconcursos.com.br\/blog\/#website"},"primaryImageOfPage":{"@id":"https:\/\/www.estrategiaconcursos.com.br\/blog\/prova-comentada-de-direito-constitucional-trt-11a-regiao-analista-judiciario-area-judiciaria\/#primaryimage"},"image":{"@id":"https:\/\/www.estrategiaconcursos.com.br\/blog\/prova-comentada-de-direito-constitucional-trt-11a-regiao-analista-judiciario-area-judiciaria\/#primaryimage"},"thumbnailUrl":"https:\/\/www.estrategiaconcursos.com.br\/blog\/wp-content\/uploads\/2016\/02\/imagem-facebook.png","datePublished":"2017-02-21T14:13:25+00:00","dateModified":"2017-02-21T14:14:01+00:00","breadcrumb":{"@id":"https:\/\/www.estrategiaconcursos.com.br\/blog\/prova-comentada-de-direito-constitucional-trt-11a-regiao-analista-judiciario-area-judiciaria\/#breadcrumb"},"inLanguage":"pt-BR","potentialAction":[{"@type":"ReadAction","target":["https:\/\/www.estrategiaconcursos.com.br\/blog\/prova-comentada-de-direito-constitucional-trt-11a-regiao-analista-judiciario-area-judiciaria\/"]}]},{"@type":"ImageObject","inLanguage":"pt-BR","@id":"https:\/\/www.estrategiaconcursos.com.br\/blog\/prova-comentada-de-direito-constitucional-trt-11a-regiao-analista-judiciario-area-judiciaria\/#primaryimage","url":"https:\/\/www.estrategiaconcursos.com.br\/blog\/wp-content\/uploads\/2016\/02\/imagem-facebook.png","contentUrl":"https:\/\/www.estrategiaconcursos.com.br\/blog\/wp-content\/uploads\/2016\/02\/imagem-facebook.png"},{"@type":"BreadcrumbList","@id":"https:\/\/www.estrategiaconcursos.com.br\/blog\/prova-comentada-de-direito-constitucional-trt-11a-regiao-analista-judiciario-area-judiciaria\/#breadcrumb","itemListElement":[{"@type":"ListItem","position":1,"name":"In\u00edcio","item":"https:\/\/www.estrategiaconcursos.com.br\/blog\/"},{"@type":"ListItem","position":2,"name":"Prova Comentada de Direito Constitucional \u2013 TRT 11a Regi\u00e3o (Analista Judici\u00e1rio \u2013 \u00c1rea Judici\u00e1ria)"}]},{"@type":"WebSite","@id":"https:\/\/www.estrategiaconcursos.com.br\/blog\/#website","url":"https:\/\/www.estrategiaconcursos.com.br\/blog\/","name":"Estrat\u00e9gia Concursos","description":"O blog da Estrat\u00e9gia Concursos traz not\u00edcias sobre concursos e artigos de professores oferecendo cursos para concursos (pdf + videaulas) no site.","publisher":{"@id":"https:\/\/www.estrategiaconcursos.com.br\/blog\/#organization"},"potentialAction":[{"@type":"SearchAction","target":{"@type":"EntryPoint","urlTemplate":"https:\/\/www.estrategiaconcursos.com.br\/blog\/?s={search_term_string}"},"query-input":{"@type":"PropertyValueSpecification","valueRequired":true,"valueName":"search_term_string"}}],"inLanguage":"pt-BR"},{"@type":"Organization","@id":"https:\/\/www.estrategiaconcursos.com.br\/blog\/#organization","name":"Estrat\u00e9gia Concursos","url":"https:\/\/www.estrategiaconcursos.com.br\/blog\/","logo":{"@type":"ImageObject","inLanguage":"pt-BR","@id":"https:\/\/www.estrategiaconcursos.com.br\/blog\/#\/schema\/logo\/image\/","url":"https:\/\/dhg1h5j42swfq.cloudfront.net\/2025\/06\/03203428\/logo_concursos-1.jpg","contentUrl":"https:\/\/dhg1h5j42swfq.cloudfront.net\/2025\/06\/03203428\/logo_concursos-1.jpg","width":230,"height":60,"caption":"Estrat\u00e9gia Concursos"},"image":{"@id":"https:\/\/www.estrategiaconcursos.com.br\/blog\/#\/schema\/logo\/image\/"},"sameAs":["https:\/\/x.com\/EstratConcursos"]},{"@type":"Person","@id":"https:\/\/www.estrategiaconcursos.com.br\/blog\/#\/schema\/person\/bf1b1d1865628ae32d608d5bad5442c6","name":"N\u00e1dia Carolina","image":{"@type":"ImageObject","inLanguage":"pt-BR","@id":"https:\/\/secure.gravatar.com\/avatar\/0ec0c484339a071f22ea5ced30956ccdaab0f83125b2dc1857c3b038404136a7?s=96&d=mm&r=g","url":"https:\/\/secure.gravatar.com\/avatar\/0ec0c484339a071f22ea5ced30956ccdaab0f83125b2dc1857c3b038404136a7?s=96&d=mm&r=g","contentUrl":"https:\/\/secure.gravatar.com\/avatar\/0ec0c484339a071f22ea5ced30956ccdaab0f83125b2dc1857c3b038404136a7?s=96&d=mm&r=g","caption":"N\u00e1dia Carolina"},"sameAs":["https:\/\/www.facebook.com\/nadia.c.santos.16"],"url":"https:\/\/www.estrategiaconcursos.com.br\/blog\/author\/nadiaestrategiaconcursos-com-br\/"}]}},"_links":{"self":[{"href":"https:\/\/www.estrategiaconcursos.com.br\/blog\/wp-json\/wp\/v2\/posts\/65484","targetHints":{"allow":["GET"]}}],"collection":[{"href":"https:\/\/www.estrategiaconcursos.com.br\/blog\/wp-json\/wp\/v2\/posts"}],"about":[{"href":"https:\/\/www.estrategiaconcursos.com.br\/blog\/wp-json\/wp\/v2\/types\/post"}],"author":[{"embeddable":true,"href":"https:\/\/www.estrategiaconcursos.com.br\/blog\/wp-json\/wp\/v2\/users\/58"}],"replies":[{"embeddable":true,"href":"https:\/\/www.estrategiaconcursos.com.br\/blog\/wp-json\/wp\/v2\/comments?post=65484"}],"version-history":[{"count":2,"href":"https:\/\/www.estrategiaconcursos.com.br\/blog\/wp-json\/wp\/v2\/posts\/65484\/revisions"}],"predecessor-version":[{"id":65486,"href":"https:\/\/www.estrategiaconcursos.com.br\/blog\/wp-json\/wp\/v2\/posts\/65484\/revisions\/65486"}],"wp:attachment":[{"href":"https:\/\/www.estrategiaconcursos.com.br\/blog\/wp-json\/wp\/v2\/media?parent=65484"}],"wp:term":[{"taxonomy":"category","embeddable":true,"href":"https:\/\/www.estrategiaconcursos.com.br\/blog\/wp-json\/wp\/v2\/categories?post=65484"},{"taxonomy":"post_tag","embeddable":true,"href":"https:\/\/www.estrategiaconcursos.com.br\/blog\/wp-json\/wp\/v2\/tags?post=65484"},{"taxonomy":"tax_estado","embeddable":true,"href":"https:\/\/www.estrategiaconcursos.com.br\/blog\/wp-json\/wp\/v2\/tax_estado?post=65484"}],"curies":[{"name":"wp","href":"https:\/\/api.w.org\/{rel}","templated":true}]}}