{"id":65480,"date":"2017-02-21T10:08:19","date_gmt":"2017-02-21T13:08:19","guid":{"rendered":"https:\/\/www.estrategiaconcursos.com.br\/blog\/?p=65480"},"modified":"2017-02-21T10:08:19","modified_gmt":"2017-02-21T13:08:19","slug":"prova-comentada-de-direito-constitucional-trt-11a-regiao-analista-judiciario-area-judiciaria-especialidade-oficial-de-justica-avaliador-federal","status":"publish","type":"post","link":"https:\/\/www.estrategiaconcursos.com.br\/blog\/prova-comentada-de-direito-constitucional-trt-11a-regiao-analista-judiciario-area-judiciaria-especialidade-oficial-de-justica-avaliador-federal\/","title":{"rendered":"Prova Comentada de Direito Constitucional \u2013 TRT 11a Regi\u00e3o &#8211; Analista Judici\u00e1rio \u2013 \u00c1rea Judici\u00e1ria (Especialidade Oficial de Justi\u00e7a Avaliador Federal)"},"content":{"rendered":"<p>\n\tOl&aacute;, pessoal, tudo bem?\n<\/p>\n<p>\n\tNeste artigo, comentaremos a prova de Direito Constitucional do Concurso TRT 11<sup>a<\/sup> Regi&atilde;o, do cargo de <strong>Analista Judici&aacute;rio &ndash; &Aacute;rea Judici&aacute;ria (Especialidade Oficial de Justi&ccedil;a Avaliador Federal). <\/strong>Utilizaremos o Caderno C03, Tipo 001. Vamos l&aacute;? =)\n<\/p>\n<p>\n\t&#8230;&#8230;&#8230;&#8230;&#8230;&#8230;&#8230;&#8230;&#8230;&#8230;&#8230;&#8230;&#8230;&#8230;&#8230;&#8230;&#8230;&#8230;&#8230;&#8230;&#8230;&#8230;&#8230;&#8230;&#8230;&#8230;&#8230;&#8230;&#8230;&#8230;&#8230;&#8230;&#8230;&#8230;&#8230;&#8230;&#8230;&#8230;&#8230;&#8230;&#8230;&#8230;&#8230;&#8230;&#8230;&#8230;&#8230;&#8230;&#8230;&#8230;&#8230;&#8230;&#8230;&#8230;&#8230;&#8230;&#8230;&#8230;&#8230;&#8230;&#8230;&#8230;&#8230;&#8230;&#8230;&#8230;&#8230;&#8230;&#8230;&#8230;&#8230;&#8230;&#8230;&#8230;&#8230;&#8230;..\n<\/p>\n<p align=\"center\">\n\t<strong>2017 &ndash; TRT 11<sup>a<\/sup> Regi&atilde;o (Analista Judici&aacute;rio &ndash; &Aacute;rea Judici&aacute;ria &ndash; Especialidade Oficial de Justi&ccedil;a Avaliador Federal)<\/strong>\n<\/p>\n<p>\n\t<strong>31. Considere as situa&ccedil;&otilde;es hipot&eacute;ticas abaixo.<\/strong>\n<\/p>\n<p>\n\tI. T&eacute;rcio &eacute; Presidente da Rep&uacute;blica.\n<\/p>\n<p>\n\t&nbsp;II. Carmem &eacute; Advogada-Geral da Uni&atilde;o.\n<\/p>\n<p>\n\tIII. Wagner &eacute; Procurador-Geral da Rep&uacute;blica.\n<\/p>\n<p>\n\t<strong>De acordo com a Constitui&ccedil;&atilde;o Federal, compete privativamente a T&eacute;rcio, mediante<\/strong>\n<\/p>\n<p>\n\ta) decreto, dispor sobre extin&ccedil;&atilde;o de fun&ccedil;&otilde;es ou cargos p&uacute;blicos, quando vagos, podendo delegar essa atribui&ccedil;&atilde;o a Wagner, apenas, que observar&aacute; os limites tra&ccedil;ados nas respectivas delega&ccedil;&otilde;es.\n<\/p>\n<p>\n\tb) portaria, dispor sobre extin&ccedil;&atilde;o de fun&ccedil;&otilde;es ou cargos p&uacute;blicos, quando vagos, podendo delegar essa atribui&ccedil;&atilde;o tanto a Carmem quanto a Wagner, que observar&atilde;o os limites tra&ccedil;ados nas respectivas delega&ccedil;&otilde;es.\n<\/p>\n<p>\n\tc) decreto, prover e extinguir os cargos p&uacute;blicos federais, na forma da lei, podendo delegar essa atribui&ccedil;&atilde;o a Carmem, apenas, que observar&aacute; os limites tra&ccedil;ados nas respectivas delega&ccedil;&otilde;es.\n<\/p>\n<p>\n\td) portaria, dispor sobre extin&ccedil;&atilde;o de fun&ccedil;&otilde;es ou cargos p&uacute;blicos, quando vagos, n&atilde;o podendo delegar essa atribui&ccedil;&atilde;o nem a Carmem nem a Wagner.\n<\/p>\n<p>\n\te) decreto, dispor sobre extin&ccedil;&atilde;o de fun&ccedil;&otilde;es ou cargos p&uacute;blicos, quando vagos, podendo delegar essa atribui&ccedil;&atilde;o tanto a Carmem quanto a Wagner, que observar&atilde;o os limites tra&ccedil;ados nas respectivas delega&ccedil;&otilde;es.\n<\/p>\n<p>\n\t<strong>Coment&aacute;rios:<\/strong>\n<\/p>\n<p>\n\tA quest&atilde;o trata da possibilidade de delega&ccedil;&atilde;o, pelo Presidente da Rep&uacute;blica (T&eacute;rcio), da compet&ecirc;ncia prevista no inciso VI do art. 84 da Carta Magna, por for&ccedil;a do par&aacute;grafo &uacute;nico do mesmo dispositivo. Essa delega&ccedil;&atilde;o <strong><em>poder&aacute; ser concedida<\/em><\/strong> aos Ministros de Estado, <strong><em>ao Advogado-Geral da Uni&atilde;o (Carmem) ou ao Procurador-Geral da Rep&uacute;blica (Wagner)<\/em><\/strong>.\n<\/p>\n<p>\n\tO art. 84, inciso VI, da Constitui&ccedil;&atilde;o Federal, cria o chamado <strong><em>&ldquo;decreto aut&ocirc;nomo&rdquo;<\/em><\/strong>, que, diferentemente dos decretos executivos, tem &ldquo;status&rdquo; de lei. Esse instrumento normativo pode ser usado pelo Presidente da Rep&uacute;blica para dispor sobre: <strong>i)<\/strong> organiza&ccedil;&atilde;o e funcionamento da administra&ccedil;&atilde;o p&uacute;blica federal, quando n&atilde;o implicar aumento de despesa, nem cria&ccedil;&atilde;o ou extin&ccedil;&atilde;o de &oacute;rg&atilde;o p&uacute;blico e; <strong>ii)<\/strong> <strong><em>extin&ccedil;&atilde;o de fun&ccedil;&otilde;es ou cargos p&uacute;blicos, quando vagos<\/em><\/strong>.\n<\/p>\n<p>\n\tO gabarito &eacute; a letra E.\n<\/p>\n<p>\n\t<strong>32. Claudemir &eacute; cidad&atilde;o brasileiro, tem 37 anos, not&aacute;vel saber jur&iacute;dico e reputa&ccedil;&atilde;o ilibada. De acordo apenas com as informa&ccedil;&otilde;es mencionadas, &eacute; correto afirmar que Claudemir poder&aacute;, mediante<\/strong>\n<\/p>\n<p>\n\ta) concurso p&uacute;blico de provas e t&iacute;tulos, tornar-se Advogado-Geral da Uni&atilde;o, sendo a Advocacia-Geral da Uni&atilde;o a institui&ccedil;&atilde;o que, diretamente ou atrav&eacute;s de &oacute;rg&atilde;o vinculado, representa a Uni&atilde;o, apenas judicialmente, cabendo-lhe, nos termos da lei complementar sobre sua organiza&ccedil;&atilde;o e funcionamento, as atividades de consultoria e assessoramento jur&iacute;dico do Poder Executivo.\n<\/p>\n<p>\n\tb) livre nomea&ccedil;&atilde;o pelo Presidente da Rep&uacute;blica, tornar-se Advogado-Geral da Uni&atilde;o, sendo a Advocacia-Geral da Uni&atilde;o a institui&ccedil;&atilde;o que, diretamente ou atrav&eacute;s de &oacute;rg&atilde;o vinculado, representa a Uni&atilde;o, judicial e extrajudicialmente, cabendo-lhe, nos termos da lei complementar sobre sua organiza&ccedil;&atilde;o e funcionamento, as atividades de consultoria e assessoramento jur&iacute;dico do Poder Executivo.\n<\/p>\n<p>\n\tc) livre nomea&ccedil;&atilde;o pelo Presidente da Rep&uacute;blica, tornar-se Advogado-Geral da Uni&atilde;o, sendo a Advocacia-Geral da Uni&atilde;o a institui&ccedil;&atilde;o que, diretamente ou atrav&eacute;s de &oacute;rg&atilde;o vinculado, representa a Uni&atilde;o, judicial e extrajudicialmente, cabendo-lhe, nos termos da lei ordin&aacute;ria sobre sua organiza&ccedil;&atilde;o e funcionamento, as atividades de consultoria e assessoramento jur&iacute;dico do Poder Legislativo.\n<\/p>\n<p>\n\td) concurso p&uacute;blico de provas e t&iacute;tulos, tornar-se Advogado-Geral da Uni&atilde;o, sendo a Advocacia-Geral da Uni&atilde;o a institui&ccedil;&atilde;o que, apenas diretamente, representa a Uni&atilde;o, judicial e extrajudicialmente, cabendo-lhe, nos termos da lei ordin&aacute;ria sobre sua organiza&ccedil;&atilde;o e funcionamento, as atividades de consultoria e assessoramento jur&iacute;dico do Poder Legislativo.\n<\/p>\n<p>\n\te) a escolha de 2\/5 dos membros do Congresso Nacional, tornar-se Advogado-Geral da Uni&atilde;o, sendo a Advocacia-Geral da Uni&atilde;o a institui&ccedil;&atilde;o que, atrav&eacute;s de &oacute;rg&atilde;o vinculado, representa a Uni&atilde;o, apenas judicialmente, cabendo-lhe, nos termos da lei complementar sobre sua organiza&ccedil;&atilde;o e funcionamento, as atividades de consultoria e assessoramento jur&iacute;dico do Poder Executivo.\n<\/p>\n<p>\n\t<strong>Coment&aacute;rios:<\/strong>\n<\/p>\n<p>\n\tPara responder &agrave; quest&atilde;o, &eacute; necess&aacute;rio saber como se d&aacute; a nomea&ccedil;&atilde;o do Advogado-Geral da Uni&atilde;o. A nomea&ccedil;&atilde;o dessa autoridade, Chefe da Advocacia-Geral da Uni&atilde;o, n&atilde;o se d&aacute; mediante concurso p&uacute;blico. Trata-se de compet&ecirc;ncia privativa do Presidente da Rep&uacute;blica, dentre cidad&atilde;os maiores de trinta e cinco anos, de not&aacute;vel saber jur&iacute;dico e reputa&ccedil;&atilde;o ilibada (art. 84, XVI, c\/c art. 131, &sect; 1<sup>o<\/sup>, CF).\n<\/p>\n<p>\n\tAl&eacute;m disso, exige-se o conhecimento da fun&ccedil;&atilde;o da Advocacia-Geral da Uni&atilde;o. Segundo o art. 131 da Carta Magna, a &nbsp;Advocacia-Geral da Uni&atilde;o &eacute; a institui&ccedil;&atilde;o que, diretamente ou atrav&eacute;s de &oacute;rg&atilde;o vinculado, representa a Uni&atilde;o, <strong><em>judicial e extrajudicialmente<\/em><\/strong>, cabendo-lhe, <strong><em>nos termos da lei complementar<\/em><\/strong> que dispuser sobre sua organiza&ccedil;&atilde;o e funcionamento, as <strong><em>atividades de consultoria e assessoramento jur&iacute;dico do Poder Executivo<\/em><\/strong>.\n<\/p>\n<p>\n\tO gabarito &eacute; a letra B.\n<\/p>\n<p>\n\t<strong>33. Jamile consultou um advogado a fim de propor a&ccedil;&atilde;o de indeniza&ccedil;&atilde;o por dano moral decorrente da rela&ccedil;&atilde;o de trabalho em facede sua empregadora &ldquo;Amanda e Armando Ltda.&rdquo;. Admitindo-se que o ato danoso constitua crime contra a organiza&ccedil;&atilde;o do trabalho, devendo ser objeto de a&ccedil;&atilde;o penal, &eacute; correto afirmar que para processar e julgar as referidas a&ccedil;&otilde;es a compet&ecirc;ncia &eacute; da<\/strong>\n<\/p>\n<p>\n\ta) Justi&ccedil;a do Trabalho para a a&ccedil;&atilde;o indenizat&oacute;ria e da Justi&ccedil;a Federal para a a&ccedil;&atilde;o penal.\n<\/p>\n<p>\n\tb) Justi&ccedil;a do Trabalho para a a&ccedil;&atilde;o indenizat&oacute;ria e para a a&ccedil;&atilde;o penal.\n<\/p>\n<p>\n\tc) Justi&ccedil;a Federal para a a&ccedil;&atilde;o indenizat&oacute;ria e para a a&ccedil;&atilde;o penal.\n<\/p>\n<p>\n\td) Justi&ccedil;a Federal para a a&ccedil;&atilde;o indenizat&oacute;ria e da Justi&ccedil;a do Trabalho para a a&ccedil;&atilde;o penal.\n<\/p>\n<p>\n\te) Justi&ccedil;a Estadual para a a&ccedil;&atilde;o indenizat&oacute;ria e para a a&ccedil;&atilde;o penal.\n<\/p>\n<p>\n\t<strong>Coment&aacute;rios:<\/strong>\n<\/p>\n<p>\n\tA compet&ecirc;ncia para processar e julgar os crimes contra a organiza&ccedil;&atilde;o do trabalho &eacute; da Justi&ccedil;a Federal (art. 109, VI, CF), enquanto compete &agrave; Justi&ccedil;a do Trabalho processar e julgar as a&ccedil;&otilde;es de indeniza&ccedil;&atilde;o por dano moral ou patrimonial, decorrentes da rela&ccedil;&atilde;o de trabalho (art. 114, VI, CF). O gabarito &eacute; a letra A.\n<\/p>\n<p>\n\t<strong>34. Considere a seguinte situa&ccedil;&atilde;o hipot&eacute;tica: Hugo, Leonardo e Ja&iacute;lma pretendem criar o partido pol&iacute;tico Y. Hugo prop&otilde;e que seja contatada determinada entidade estrangeira com a finalidade de receber dela recursos financeiros para o novo partido; Leonardo sugere que seja criado o partido em car&aacute;ter regional; Ja&iacute;lma sugere a utiliza&ccedil;&atilde;o, pelo novo partido, de organiza&ccedil;&atilde;o paramilitar. Com rela&ccedil;&atilde;o a tais sugest&otilde;es,<\/strong>\n<\/p>\n<p>\n\ta) todas s&atilde;o admiss&iacute;veis porque os partidos pol&iacute;ticos podem receber recursos financeiros de entidade estrangeira, al&eacute;m de ser poss&iacute;vel o seu car&aacute;ter regional, sendo permitida a utiliza&ccedil;&atilde;o de organiza&ccedil;&atilde;o paramilitar.\n<\/p>\n<p>\n\tb) s&atilde;o inadmiss&iacute;veis as de Hugo e de Ja&iacute;lma, porque os partidos pol&iacute;ticos est&atilde;o proibidos de receber recursos financeiros de entidade estrangeira, sendo vedada a utiliza&ccedil;&atilde;o de organiza&ccedil;&atilde;o paramilitar, mas &eacute; admiss&iacute;vel a de Leonardo, pois os partidos pol&iacute;ticos podem ter car&aacute;ter regional.\n<\/p>\n<p>\n\tc) s&atilde;o inadmiss&iacute;veis as de Hugo e de Leonardo, porque os partidos pol&iacute;ticos est&atilde;o proibidos de receber recursos financeiros de entidade estrangeira e devem ter car&aacute;ter nacional, mas &eacute; admiss&iacute;vel a de Ja&iacute;lma, pois &eacute; permitida, pelos partidos pol&iacute;ticos, a utiliza&ccedil;&atilde;o de organiza&ccedil;&atilde;o paramilitar.\n<\/p>\n<p>\n\td) s&atilde;o inadmiss&iacute;veis as de Leonardo e Ja&iacute;lma, porque os partidos pol&iacute;ticos devem ter car&aacute;ter nacional, sendo vedada a utiliza&ccedil;&atilde;o de organiza&ccedil;&atilde;o paramilitar, mas &eacute; admiss&iacute;vel a de Hugo, pois &eacute; permitido, aos partidos pol&iacute;ticos, o recebimento de recursos financeiros de entidade estrangeira.\n<\/p>\n<p>\n\te) todas s&atilde;o inadmiss&iacute;veis, porque os partidos pol&iacute;ticos est&atilde;o proibidos de receber recursos financeiros de entidade estrangeira e devem ter car&aacute;ter nacional, sendo vedada a utiliza&ccedil;&atilde;o de organiza&ccedil;&atilde;o paramilitar.\n<\/p>\n<p>\n\t<strong>Coment&aacute;rios:<\/strong>\n<\/p>\n<p>\n\tA Carta Magna prev&ecirc; alguns preceitos aplic&aacute;veis aos partidos pol&iacute;ticos (art. 17, CF):\n<\/p>\n<p>\n\t<strong>I <\/strong>&#8211; car&aacute;ter <strong><em>nacional<\/em><\/strong>;\n<\/p>\n<p>\n\t<a name=\"17II\"><\/a><strong>II<\/strong> &#8211; <strong><em>proibi&ccedil;&atilde;o de recebimento de recursos financeiros de entidade ou governo estrangeiros<\/em><\/strong> ou de subordina&ccedil;&atilde;o a estes;\n<\/p>\n<p>\n\t<a name=\"17III\"><\/a><strong>III <\/strong>&#8211; presta&ccedil;&atilde;o de contas &agrave; Justi&ccedil;a Eleitoral;\n<\/p>\n<p>\n\t<a name=\"17IV\"><\/a><strong>IV<\/strong> &#8211; funcionamento parlamentar de acordo com a lei.\n<\/p>\n<p>\n\tAs propostas de Hugo e de Leonardo, portanto, n&atilde;o s&atilde;o admiss&iacute;veis, por violarem as disposi&ccedil;&otilde;es constantes dos incisos II e I, respectivamente. A sugest&atilde;o de Jailma, por sua vez, tamb&eacute;m &eacute; inadmiss&iacute;vel, uma vez que a Carta Magna <strong><em>veda a associa&ccedil;&atilde;o de car&aacute;ter paramilitar<\/em><\/strong> (art. 5<sup>o<\/sup>, XVII, CF).\n<\/p>\n<p>\n\tO gabarito &eacute; a letra E.\n<\/p>\n<p>\n\t<strong>35. Considere a seguinte situa&ccedil;&atilde;o hipot&eacute;tica: Maria &eacute; Prefeita do Munic&iacute;pio X e est&aacute; sendo muito elogiada no exerc&iacute;cio de seu primeiro mandato. Com a proximidade das elei&ccedil;&otilde;es, aproveitando a popularidade de Maria &ndash; que ir&aacute; exercer seu mandato at&eacute; o final &minus; seu marido, Jer&ocirc;nimo, deseja se candidatar ao cargo de Presidente da Rep&uacute;blica e seu filho, H&eacute;lio, pretende se candidatar a Vereador no mesmo Munic&iacute;pio X. Considerando apenas as informa&ccedil;&otilde;es fornecidas, &eacute; correto afirmar que Jer&ocirc;nimo<\/strong>\n<\/p>\n<p>\n\ta) e H&eacute;lio s&atilde;o eleg&iacute;veis para os cargos que almejam.\n<\/p>\n<p>\n\tb) &eacute; eleg&iacute;vel para o cargo de Presidente da Rep&uacute;blica e H&eacute;lio &eacute; ineleg&iacute;vel para o cargo de Vereador no Munic&iacute;pio X.\n<\/p>\n<p>\n\tc) e H&eacute;lio s&atilde;o ineleg&iacute;veis apenas para os cargos que almejam.\n<\/p>\n<p>\n\td) &eacute; ineleg&iacute;vel para o cargo de Presidente da Rep&uacute;blica e H&eacute;lio &eacute; eleg&iacute;vel para o cargo de Vereador no Munic&iacute;pio X.\n<\/p>\n<p>\n\te) e H&eacute;lio s&atilde;o ineleg&iacute;veis para qualquer cargo eletivo, n&atilde;o podendo se candidatar ao cargo que almejam, tendo em vista o grau de parentesco com Maria.\n<\/p>\n<p>\n\t<strong>Coment&aacute;rios:<\/strong>\n<\/p>\n<p>\n\tA quest&atilde;o cobra o conhecimento da &ldquo;inelegibilidade reflexa&rdquo;, prevista no 14, &sect; 7&ordm;, CF\/88:\n<\/p>\n<p style=\"margin-left:2.0cm\">\n\t<strong><em>Art. 14, &sect; 7&ordm;<\/em><\/strong><em> &#8211; S&atilde;o ineleg&iacute;veis, no territ&oacute;rio de jurisdi&ccedil;&atilde;o do titular, o c&ocirc;njuge e os parentes consangu&iacute;neos ou afins, at&eacute; o segundo grau ou por ado&ccedil;&atilde;o, do Presidente da Rep&uacute;blica, de Governador de Estado ou Territ&oacute;rio, do Distrito Federal, de Prefeito ou de quem os haja substitu&iacute;do dentro dos seis meses anteriores ao pleito, salvo se j&aacute; titular de mandato eletivo e candidato &agrave; reelei&ccedil;&atilde;o.<\/em>\n<\/p>\n<p>\n\tNote que inelegibilidade reflexa alcan&ccedil;a <strong><em>somente o territ&oacute;rio de jurisdi&ccedil;&atilde;o do titular<\/em><\/strong> do cargo do Poder Executivo. Por isso, Jer&ocirc;nimo pode se candidatar ao cargo de Presidente da Rep&uacute;blica, uma vez que este se encontra fora da jurisdi&ccedil;&atilde;o de Maria (art. 14, &sect; 7&ordm;, CF\/88). J&aacute; H&eacute;lio &eacute; ineleg&iacute;vel, pois seu cargo est&aacute; dentro da jurisdi&ccedil;&atilde;o de Maria (sua m&atilde;e) <strong><em>e ele n&atilde;o &eacute; candidato &agrave; reelei&ccedil;&atilde;o<\/em><\/strong>.\n<\/p>\n<p>\n\tO gabarito &eacute; a letra B.\n<\/p>\n<p>\n\t&hellip;&hellip;&hellip;&hellip;&hellip;\n<\/p>\n<p>\n\tGostou da prova?&nbsp;Deixe seus coment&aacute;rios abaixo! =)\n<\/p>\n<p>\n\tAbra&ccedil;os,\n<\/p>\n<p>\n\tN&aacute;dia Carolina\n<\/p>\n<p>\n\t<img loading=\"lazy\" decoding=\"async\" alt=\"Captura de Tela 2016-07-19 a\u0300s 15.53.49\" height=\"21\" src=\"https:\/\/dhg1h5j42swfq.cloudfront.net\/2016\/07\/19155605\/Captura-de-Tela-2016-07-19-a%CC%80s-15.53.49.png\" width=\"21\" \/><strong>: &nbsp; @nadiacarolstos<\/strong>\n<\/p>\n<p>\n\t<strong><a href=\"https:\/\/dhg1h5j42swfq.cloudfront.net\/2016\/02\/03152041\/imagem-facebook.png\" rel=\"attachment wp-att-32735\"><img loading=\"lazy\" decoding=\"async\" alt=\"Resumo de Direito Constitucional p\/ TCM-RJ\" height=\"42\" src=\"https:\/\/dhg1h5j42swfq.cloudfront.net\/2016\/02\/03152041\/imagem-facebook.png\" width=\"42\" \/><\/a>: Clique no&nbsp;<\/strong>&nbsp;<a href=\"https:\/\/www.facebook.com\/nadia.c.santos.16\" target=\"_blank\">LINK<\/a>\n<\/p>\n<p>\n\t<strong><a href=\"https:\/\/dhg1h5j42swfq.cloudfront.net\/2016\/02\/03152106\/youtube.png\" rel=\"attachment wp-att-32736\"><img loading=\"lazy\" decoding=\"async\" alt=\"Resumo de Direito Constitucional p\/ TCM-RJ\" height=\"11\" src=\"https:\/\/dhg1h5j42swfq.cloudfront.net\/2016\/02\/03152106\/youtube.png\" width=\"15\" \/><\/a>&nbsp;(Ricardo Vale):<\/strong>&nbsp; Clique no&nbsp;<a href=\"https:\/\/www.youtube.com\/channel\/UC32LlMyS96biplI715yzS9Q\" target=\"_blank\">LINK<\/a><\/p>\n","protected":false},"excerpt":{"rendered":"<p>Ol&aacute;, pessoal, tudo bem? Neste artigo, comentaremos a prova de Direito Constitucional do Concurso TRT 11a Regi&atilde;o, do cargo de Analista Judici&aacute;rio &ndash; &Aacute;rea Judici&aacute;ria (Especialidade Oficial de Justi&ccedil;a Avaliador Federal). Utilizaremos o Caderno C03, Tipo 001. Vamos l&aacute;? =) &#8230;&#8230;&#8230;&#8230;&#8230;&#8230;&#8230;&#8230;&#8230;&#8230;&#8230;&#8230;&#8230;&#8230;&#8230;&#8230;&#8230;&#8230;&#8230;&#8230;&#8230;&#8230;&#8230;&#8230;&#8230;&#8230;&#8230;&#8230;&#8230;&#8230;&#8230;&#8230;&#8230;&#8230;&#8230;&#8230;&#8230;&#8230;&#8230;&#8230;&#8230;&#8230;&#8230;&#8230;&#8230;&#8230;&#8230;&#8230;&#8230;&#8230;&#8230;&#8230;&#8230;&#8230;&#8230;&#8230;&#8230;&#8230;&#8230;&#8230;&#8230;&#8230;&#8230;&#8230;&#8230;&#8230;&#8230;&#8230;&#8230;&#8230;&#8230;&#8230;&#8230;&#8230;&#8230;&#8230;.. 2017 &ndash; TRT 11a Regi&atilde;o (Analista Judici&aacute;rio &ndash; &Aacute;rea Judici&aacute;ria &ndash; Especialidade Oficial de [&hellip;]<\/p>\n","protected":false},"author":58,"featured_media":0,"comment_status":"open","ping_status":"open","sticky":false,"template":"","format":"standard","meta":{"post_tipo":"article","footnotes":""},"categories":[1],"tags":[],"tax_estado":[],"class_list":["post-65480","post","type-post","status-publish","format-standard","hentry","category-cursos-e-concursos"],"acf":[],"yoast_head":"<!-- This site is optimized with the Yoast SEO Premium plugin v27.2 (Yoast SEO v27.2) - https:\/\/yoast.com\/product\/yoast-seo-premium-wordpress\/ -->\n<title>Prova Comentada de Direito Constitucional \u2013 TRT 11a Regi\u00e3o - Analista Judici\u00e1rio \u2013 \u00c1rea Judici\u00e1ria (Especialidade Oficial de Justi\u00e7a Avaliador Federal)<\/title>\n<meta name=\"robots\" content=\"index, follow, max-snippet:-1, max-image-preview:large, max-video-preview:-1\" \/>\n<link rel=\"canonical\" href=\"https:\/\/www.estrategiaconcursos.com.br\/blog\/prova-comentada-de-direito-constitucional-trt-11a-regiao-analista-judiciario-area-judiciaria-especialidade-oficial-de-justica-avaliador-federal\/\" \/>\n<meta property=\"og:locale\" content=\"pt_BR\" \/>\n<meta property=\"og:type\" content=\"article\" \/>\n<meta property=\"og:title\" content=\"Prova Comentada de Direito Constitucional \u2013 TRT 11a Regi\u00e3o - Analista Judici\u00e1rio \u2013 \u00c1rea Judici\u00e1ria (Especialidade Oficial de Justi\u00e7a Avaliador Federal)\" \/>\n<meta property=\"og:description\" content=\"Ol&aacute;, pessoal, tudo bem? Neste artigo, comentaremos a prova de Direito Constitucional do Concurso TRT 11a Regi&atilde;o, do cargo de Analista Judici&aacute;rio &ndash; &Aacute;rea Judici&aacute;ria (Especialidade Oficial de Justi&ccedil;a Avaliador Federal). Utilizaremos o Caderno C03, Tipo 001. Vamos l&aacute;? =) &#8230;&#8230;&#8230;&#8230;&#8230;&#8230;&#8230;&#8230;&#8230;&#8230;&#8230;&#8230;&#8230;&#8230;&#8230;&#8230;&#8230;&#8230;&#8230;&#8230;&#8230;&#8230;&#8230;&#8230;&#8230;&#8230;&#8230;&#8230;&#8230;&#8230;&#8230;&#8230;&#8230;&#8230;&#8230;&#8230;&#8230;&#8230;&#8230;&#8230;&#8230;&#8230;&#8230;&#8230;&#8230;&#8230;&#8230;&#8230;&#8230;&#8230;&#8230;&#8230;&#8230;&#8230;&#8230;&#8230;&#8230;&#8230;&#8230;&#8230;&#8230;&#8230;&#8230;&#8230;&#8230;&#8230;&#8230;&#8230;&#8230;&#8230;&#8230;&#8230;&#8230;&#8230;&#8230;&#8230;.. 2017 &ndash; TRT 11a Regi&atilde;o (Analista Judici&aacute;rio &ndash; &Aacute;rea Judici&aacute;ria &ndash; Especialidade Oficial de [&hellip;]\" \/>\n<meta property=\"og:url\" content=\"https:\/\/www.estrategiaconcursos.com.br\/blog\/prova-comentada-de-direito-constitucional-trt-11a-regiao-analista-judiciario-area-judiciaria-especialidade-oficial-de-justica-avaliador-federal\/\" \/>\n<meta property=\"og:site_name\" content=\"Estrat\u00e9gia Concursos\" \/>\n<meta property=\"article:author\" content=\"https:\/\/www.facebook.com\/nadia.c.santos.16\" \/>\n<meta property=\"article:published_time\" content=\"2017-02-21T13:08:19+00:00\" \/>\n<meta property=\"og:image\" content=\"https:\/\/www.estrategiaconcursos.com.br\/blog\/wp-content\/uploads\/2016\/02\/imagem-facebook.png\" \/>\n<meta name=\"author\" content=\"N\u00e1dia Carolina\" \/>\n<meta name=\"twitter:card\" content=\"summary_large_image\" \/>\n<meta name=\"twitter:creator\" content=\"@EstratConcursos\" \/>\n<meta name=\"twitter:site\" content=\"@EstratConcursos\" \/>\n<meta name=\"twitter:label1\" content=\"Escrito por\" \/>\n\t<meta name=\"twitter:data1\" content=\"N\u00e1dia Carolina\" \/>\n\t<meta name=\"twitter:label2\" content=\"Est. tempo de leitura\" \/>\n\t<meta name=\"twitter:data2\" content=\"12 minutos\" \/>\n<script type=\"application\/ld+json\" class=\"yoast-schema-graph\">{\"@context\":\"https:\/\/schema.org\",\"@graph\":[{\"@type\":\"NewsArticle\",\"@id\":\"https:\/\/www.estrategiaconcursos.com.br\/blog\/prova-comentada-de-direito-constitucional-trt-11a-regiao-analista-judiciario-area-judiciaria-especialidade-oficial-de-justica-avaliador-federal\/#article\",\"isPartOf\":{\"@id\":\"https:\/\/www.estrategiaconcursos.com.br\/blog\/prova-comentada-de-direito-constitucional-trt-11a-regiao-analista-judiciario-area-judiciaria-especialidade-oficial-de-justica-avaliador-federal\/\"},\"author\":{\"name\":\"N\u00e1dia Carolina\",\"@id\":\"https:\/\/www.estrategiaconcursos.com.br\/blog\/#\/schema\/person\/bf1b1d1865628ae32d608d5bad5442c6\"},\"headline\":\"Prova Comentada de Direito Constitucional \u2013 TRT 11a Regi\u00e3o &#8211; Analista Judici\u00e1rio \u2013 \u00c1rea Judici\u00e1ria (Especialidade Oficial de Justi\u00e7a Avaliador Federal)\",\"datePublished\":\"2017-02-21T13:08:19+00:00\",\"mainEntityOfPage\":{\"@id\":\"https:\/\/www.estrategiaconcursos.com.br\/blog\/prova-comentada-de-direito-constitucional-trt-11a-regiao-analista-judiciario-area-judiciaria-especialidade-oficial-de-justica-avaliador-federal\/\"},\"wordCount\":2433,\"commentCount\":3,\"publisher\":{\"@id\":\"https:\/\/www.estrategiaconcursos.com.br\/blog\/#organization\"},\"image\":{\"@id\":\"https:\/\/www.estrategiaconcursos.com.br\/blog\/prova-comentada-de-direito-constitucional-trt-11a-regiao-analista-judiciario-area-judiciaria-especialidade-oficial-de-justica-avaliador-federal\/#primaryimage\"},\"thumbnailUrl\":\"https:\/\/www.estrategiaconcursos.com.br\/blog\/wp-content\/uploads\/2016\/02\/imagem-facebook.png\",\"articleSection\":[\"Concursos P\u00fablicos\"],\"inLanguage\":\"pt-BR\",\"potentialAction\":[{\"@type\":\"CommentAction\",\"name\":\"Comment\",\"target\":[\"https:\/\/www.estrategiaconcursos.com.br\/blog\/prova-comentada-de-direito-constitucional-trt-11a-regiao-analista-judiciario-area-judiciaria-especialidade-oficial-de-justica-avaliador-federal\/#respond\"]}],\"copyrightYear\":\"2017\",\"copyrightHolder\":{\"@id\":\"https:\/\/www.estrategiaconcursos.com.br\/blog\/#organization\"}},{\"@type\":\"WebPage\",\"@id\":\"https:\/\/www.estrategiaconcursos.com.br\/blog\/prova-comentada-de-direito-constitucional-trt-11a-regiao-analista-judiciario-area-judiciaria-especialidade-oficial-de-justica-avaliador-federal\/\",\"url\":\"https:\/\/www.estrategiaconcursos.com.br\/blog\/prova-comentada-de-direito-constitucional-trt-11a-regiao-analista-judiciario-area-judiciaria-especialidade-oficial-de-justica-avaliador-federal\/\",\"name\":\"Prova Comentada de Direito Constitucional \u2013 TRT 11a Regi\u00e3o - Analista Judici\u00e1rio \u2013 \u00c1rea Judici\u00e1ria (Especialidade Oficial de Justi\u00e7a Avaliador Federal)\",\"isPartOf\":{\"@id\":\"https:\/\/www.estrategiaconcursos.com.br\/blog\/#website\"},\"primaryImageOfPage\":{\"@id\":\"https:\/\/www.estrategiaconcursos.com.br\/blog\/prova-comentada-de-direito-constitucional-trt-11a-regiao-analista-judiciario-area-judiciaria-especialidade-oficial-de-justica-avaliador-federal\/#primaryimage\"},\"image\":{\"@id\":\"https:\/\/www.estrategiaconcursos.com.br\/blog\/prova-comentada-de-direito-constitucional-trt-11a-regiao-analista-judiciario-area-judiciaria-especialidade-oficial-de-justica-avaliador-federal\/#primaryimage\"},\"thumbnailUrl\":\"https:\/\/www.estrategiaconcursos.com.br\/blog\/wp-content\/uploads\/2016\/02\/imagem-facebook.png\",\"datePublished\":\"2017-02-21T13:08:19+00:00\",\"breadcrumb\":{\"@id\":\"https:\/\/www.estrategiaconcursos.com.br\/blog\/prova-comentada-de-direito-constitucional-trt-11a-regiao-analista-judiciario-area-judiciaria-especialidade-oficial-de-justica-avaliador-federal\/#breadcrumb\"},\"inLanguage\":\"pt-BR\",\"potentialAction\":[{\"@type\":\"ReadAction\",\"target\":[\"https:\/\/www.estrategiaconcursos.com.br\/blog\/prova-comentada-de-direito-constitucional-trt-11a-regiao-analista-judiciario-area-judiciaria-especialidade-oficial-de-justica-avaliador-federal\/\"]}]},{\"@type\":\"ImageObject\",\"inLanguage\":\"pt-BR\",\"@id\":\"https:\/\/www.estrategiaconcursos.com.br\/blog\/prova-comentada-de-direito-constitucional-trt-11a-regiao-analista-judiciario-area-judiciaria-especialidade-oficial-de-justica-avaliador-federal\/#primaryimage\",\"url\":\"https:\/\/www.estrategiaconcursos.com.br\/blog\/wp-content\/uploads\/2016\/02\/imagem-facebook.png\",\"contentUrl\":\"https:\/\/www.estrategiaconcursos.com.br\/blog\/wp-content\/uploads\/2016\/02\/imagem-facebook.png\"},{\"@type\":\"BreadcrumbList\",\"@id\":\"https:\/\/www.estrategiaconcursos.com.br\/blog\/prova-comentada-de-direito-constitucional-trt-11a-regiao-analista-judiciario-area-judiciaria-especialidade-oficial-de-justica-avaliador-federal\/#breadcrumb\",\"itemListElement\":[{\"@type\":\"ListItem\",\"position\":1,\"name\":\"In\u00edcio\",\"item\":\"https:\/\/www.estrategiaconcursos.com.br\/blog\/\"},{\"@type\":\"ListItem\",\"position\":2,\"name\":\"Prova Comentada de Direito Constitucional \u2013 TRT 11a Regi\u00e3o &#8211; Analista Judici\u00e1rio \u2013 \u00c1rea Judici\u00e1ria (Especialidade Oficial de Justi\u00e7a Avaliador Federal)\"}]},{\"@type\":\"WebSite\",\"@id\":\"https:\/\/www.estrategiaconcursos.com.br\/blog\/#website\",\"url\":\"https:\/\/www.estrategiaconcursos.com.br\/blog\/\",\"name\":\"Estrat\u00e9gia Concursos\",\"description\":\"O blog da Estrat\u00e9gia Concursos traz not\u00edcias sobre concursos e artigos de professores oferecendo cursos para concursos (pdf + videaulas) no site.\",\"publisher\":{\"@id\":\"https:\/\/www.estrategiaconcursos.com.br\/blog\/#organization\"},\"potentialAction\":[{\"@type\":\"SearchAction\",\"target\":{\"@type\":\"EntryPoint\",\"urlTemplate\":\"https:\/\/www.estrategiaconcursos.com.br\/blog\/?s={search_term_string}\"},\"query-input\":{\"@type\":\"PropertyValueSpecification\",\"valueRequired\":true,\"valueName\":\"search_term_string\"}}],\"inLanguage\":\"pt-BR\"},{\"@type\":\"Organization\",\"@id\":\"https:\/\/www.estrategiaconcursos.com.br\/blog\/#organization\",\"name\":\"Estrat\u00e9gia Concursos\",\"url\":\"https:\/\/www.estrategiaconcursos.com.br\/blog\/\",\"logo\":{\"@type\":\"ImageObject\",\"inLanguage\":\"pt-BR\",\"@id\":\"https:\/\/www.estrategiaconcursos.com.br\/blog\/#\/schema\/logo\/image\/\",\"url\":\"https:\/\/dhg1h5j42swfq.cloudfront.net\/2025\/06\/03203428\/logo_concursos-1.jpg\",\"contentUrl\":\"https:\/\/dhg1h5j42swfq.cloudfront.net\/2025\/06\/03203428\/logo_concursos-1.jpg\",\"width\":230,\"height\":60,\"caption\":\"Estrat\u00e9gia Concursos\"},\"image\":{\"@id\":\"https:\/\/www.estrategiaconcursos.com.br\/blog\/#\/schema\/logo\/image\/\"},\"sameAs\":[\"https:\/\/x.com\/EstratConcursos\"]},{\"@type\":\"Person\",\"@id\":\"https:\/\/www.estrategiaconcursos.com.br\/blog\/#\/schema\/person\/bf1b1d1865628ae32d608d5bad5442c6\",\"name\":\"N\u00e1dia Carolina\",\"image\":{\"@type\":\"ImageObject\",\"inLanguage\":\"pt-BR\",\"@id\":\"https:\/\/secure.gravatar.com\/avatar\/0ec0c484339a071f22ea5ced30956ccdaab0f83125b2dc1857c3b038404136a7?s=96&d=mm&r=g\",\"url\":\"https:\/\/secure.gravatar.com\/avatar\/0ec0c484339a071f22ea5ced30956ccdaab0f83125b2dc1857c3b038404136a7?s=96&d=mm&r=g\",\"contentUrl\":\"https:\/\/secure.gravatar.com\/avatar\/0ec0c484339a071f22ea5ced30956ccdaab0f83125b2dc1857c3b038404136a7?s=96&d=mm&r=g\",\"caption\":\"N\u00e1dia Carolina\"},\"sameAs\":[\"https:\/\/www.facebook.com\/nadia.c.santos.16\"],\"url\":\"https:\/\/www.estrategiaconcursos.com.br\/blog\/author\/nadiaestrategiaconcursos-com-br\/\"}]}<\/script>\n<!-- \/ Yoast SEO Premium plugin. -->","yoast_head_json":{"title":"Prova Comentada de Direito Constitucional \u2013 TRT 11a Regi\u00e3o - Analista Judici\u00e1rio \u2013 \u00c1rea Judici\u00e1ria (Especialidade Oficial de Justi\u00e7a Avaliador Federal)","robots":{"index":"index","follow":"follow","max-snippet":"max-snippet:-1","max-image-preview":"max-image-preview:large","max-video-preview":"max-video-preview:-1"},"canonical":"https:\/\/www.estrategiaconcursos.com.br\/blog\/prova-comentada-de-direito-constitucional-trt-11a-regiao-analista-judiciario-area-judiciaria-especialidade-oficial-de-justica-avaliador-federal\/","og_locale":"pt_BR","og_type":"article","og_title":"Prova Comentada de Direito Constitucional \u2013 TRT 11a Regi\u00e3o - Analista Judici\u00e1rio \u2013 \u00c1rea Judici\u00e1ria (Especialidade Oficial de Justi\u00e7a Avaliador Federal)","og_description":"Ol&aacute;, pessoal, tudo bem? Neste artigo, comentaremos a prova de Direito Constitucional do Concurso TRT 11a Regi&atilde;o, do cargo de Analista Judici&aacute;rio &ndash; &Aacute;rea Judici&aacute;ria (Especialidade Oficial de Justi&ccedil;a Avaliador Federal). Utilizaremos o Caderno C03, Tipo 001. Vamos l&aacute;? =) &#8230;&#8230;&#8230;&#8230;&#8230;&#8230;&#8230;&#8230;&#8230;&#8230;&#8230;&#8230;&#8230;&#8230;&#8230;&#8230;&#8230;&#8230;&#8230;&#8230;&#8230;&#8230;&#8230;&#8230;&#8230;&#8230;&#8230;&#8230;&#8230;&#8230;&#8230;&#8230;&#8230;&#8230;&#8230;&#8230;&#8230;&#8230;&#8230;&#8230;&#8230;&#8230;&#8230;&#8230;&#8230;&#8230;&#8230;&#8230;&#8230;&#8230;&#8230;&#8230;&#8230;&#8230;&#8230;&#8230;&#8230;&#8230;&#8230;&#8230;&#8230;&#8230;&#8230;&#8230;&#8230;&#8230;&#8230;&#8230;&#8230;&#8230;&#8230;&#8230;&#8230;&#8230;&#8230;&#8230;.. 2017 &ndash; TRT 11a Regi&atilde;o (Analista Judici&aacute;rio &ndash; &Aacute;rea Judici&aacute;ria &ndash; Especialidade Oficial de [&hellip;]","og_url":"https:\/\/www.estrategiaconcursos.com.br\/blog\/prova-comentada-de-direito-constitucional-trt-11a-regiao-analista-judiciario-area-judiciaria-especialidade-oficial-de-justica-avaliador-federal\/","og_site_name":"Estrat\u00e9gia Concursos","article_author":"https:\/\/www.facebook.com\/nadia.c.santos.16","article_published_time":"2017-02-21T13:08:19+00:00","og_image":[{"url":"https:\/\/www.estrategiaconcursos.com.br\/blog\/wp-content\/uploads\/2016\/02\/imagem-facebook.png","type":"","width":"","height":""}],"author":"N\u00e1dia Carolina","twitter_card":"summary_large_image","twitter_creator":"@EstratConcursos","twitter_site":"@EstratConcursos","twitter_misc":{"Escrito por":"N\u00e1dia Carolina","Est. tempo de leitura":"12 minutos"},"schema":{"@context":"https:\/\/schema.org","@graph":[{"@type":"NewsArticle","@id":"https:\/\/www.estrategiaconcursos.com.br\/blog\/prova-comentada-de-direito-constitucional-trt-11a-regiao-analista-judiciario-area-judiciaria-especialidade-oficial-de-justica-avaliador-federal\/#article","isPartOf":{"@id":"https:\/\/www.estrategiaconcursos.com.br\/blog\/prova-comentada-de-direito-constitucional-trt-11a-regiao-analista-judiciario-area-judiciaria-especialidade-oficial-de-justica-avaliador-federal\/"},"author":{"name":"N\u00e1dia Carolina","@id":"https:\/\/www.estrategiaconcursos.com.br\/blog\/#\/schema\/person\/bf1b1d1865628ae32d608d5bad5442c6"},"headline":"Prova Comentada de Direito Constitucional \u2013 TRT 11a Regi\u00e3o &#8211; Analista Judici\u00e1rio \u2013 \u00c1rea Judici\u00e1ria (Especialidade Oficial de Justi\u00e7a Avaliador Federal)","datePublished":"2017-02-21T13:08:19+00:00","mainEntityOfPage":{"@id":"https:\/\/www.estrategiaconcursos.com.br\/blog\/prova-comentada-de-direito-constitucional-trt-11a-regiao-analista-judiciario-area-judiciaria-especialidade-oficial-de-justica-avaliador-federal\/"},"wordCount":2433,"commentCount":3,"publisher":{"@id":"https:\/\/www.estrategiaconcursos.com.br\/blog\/#organization"},"image":{"@id":"https:\/\/www.estrategiaconcursos.com.br\/blog\/prova-comentada-de-direito-constitucional-trt-11a-regiao-analista-judiciario-area-judiciaria-especialidade-oficial-de-justica-avaliador-federal\/#primaryimage"},"thumbnailUrl":"https:\/\/www.estrategiaconcursos.com.br\/blog\/wp-content\/uploads\/2016\/02\/imagem-facebook.png","articleSection":["Concursos P\u00fablicos"],"inLanguage":"pt-BR","potentialAction":[{"@type":"CommentAction","name":"Comment","target":["https:\/\/www.estrategiaconcursos.com.br\/blog\/prova-comentada-de-direito-constitucional-trt-11a-regiao-analista-judiciario-area-judiciaria-especialidade-oficial-de-justica-avaliador-federal\/#respond"]}],"copyrightYear":"2017","copyrightHolder":{"@id":"https:\/\/www.estrategiaconcursos.com.br\/blog\/#organization"}},{"@type":"WebPage","@id":"https:\/\/www.estrategiaconcursos.com.br\/blog\/prova-comentada-de-direito-constitucional-trt-11a-regiao-analista-judiciario-area-judiciaria-especialidade-oficial-de-justica-avaliador-federal\/","url":"https:\/\/www.estrategiaconcursos.com.br\/blog\/prova-comentada-de-direito-constitucional-trt-11a-regiao-analista-judiciario-area-judiciaria-especialidade-oficial-de-justica-avaliador-federal\/","name":"Prova Comentada de Direito Constitucional \u2013 TRT 11a Regi\u00e3o - Analista Judici\u00e1rio \u2013 \u00c1rea Judici\u00e1ria (Especialidade Oficial de Justi\u00e7a Avaliador Federal)","isPartOf":{"@id":"https:\/\/www.estrategiaconcursos.com.br\/blog\/#website"},"primaryImageOfPage":{"@id":"https:\/\/www.estrategiaconcursos.com.br\/blog\/prova-comentada-de-direito-constitucional-trt-11a-regiao-analista-judiciario-area-judiciaria-especialidade-oficial-de-justica-avaliador-federal\/#primaryimage"},"image":{"@id":"https:\/\/www.estrategiaconcursos.com.br\/blog\/prova-comentada-de-direito-constitucional-trt-11a-regiao-analista-judiciario-area-judiciaria-especialidade-oficial-de-justica-avaliador-federal\/#primaryimage"},"thumbnailUrl":"https:\/\/www.estrategiaconcursos.com.br\/blog\/wp-content\/uploads\/2016\/02\/imagem-facebook.png","datePublished":"2017-02-21T13:08:19+00:00","breadcrumb":{"@id":"https:\/\/www.estrategiaconcursos.com.br\/blog\/prova-comentada-de-direito-constitucional-trt-11a-regiao-analista-judiciario-area-judiciaria-especialidade-oficial-de-justica-avaliador-federal\/#breadcrumb"},"inLanguage":"pt-BR","potentialAction":[{"@type":"ReadAction","target":["https:\/\/www.estrategiaconcursos.com.br\/blog\/prova-comentada-de-direito-constitucional-trt-11a-regiao-analista-judiciario-area-judiciaria-especialidade-oficial-de-justica-avaliador-federal\/"]}]},{"@type":"ImageObject","inLanguage":"pt-BR","@id":"https:\/\/www.estrategiaconcursos.com.br\/blog\/prova-comentada-de-direito-constitucional-trt-11a-regiao-analista-judiciario-area-judiciaria-especialidade-oficial-de-justica-avaliador-federal\/#primaryimage","url":"https:\/\/www.estrategiaconcursos.com.br\/blog\/wp-content\/uploads\/2016\/02\/imagem-facebook.png","contentUrl":"https:\/\/www.estrategiaconcursos.com.br\/blog\/wp-content\/uploads\/2016\/02\/imagem-facebook.png"},{"@type":"BreadcrumbList","@id":"https:\/\/www.estrategiaconcursos.com.br\/blog\/prova-comentada-de-direito-constitucional-trt-11a-regiao-analista-judiciario-area-judiciaria-especialidade-oficial-de-justica-avaliador-federal\/#breadcrumb","itemListElement":[{"@type":"ListItem","position":1,"name":"In\u00edcio","item":"https:\/\/www.estrategiaconcursos.com.br\/blog\/"},{"@type":"ListItem","position":2,"name":"Prova Comentada de Direito Constitucional \u2013 TRT 11a Regi\u00e3o &#8211; Analista Judici\u00e1rio \u2013 \u00c1rea Judici\u00e1ria (Especialidade Oficial de Justi\u00e7a Avaliador Federal)"}]},{"@type":"WebSite","@id":"https:\/\/www.estrategiaconcursos.com.br\/blog\/#website","url":"https:\/\/www.estrategiaconcursos.com.br\/blog\/","name":"Estrat\u00e9gia Concursos","description":"O blog da Estrat\u00e9gia Concursos traz not\u00edcias sobre concursos e artigos de professores oferecendo cursos para concursos (pdf + videaulas) no site.","publisher":{"@id":"https:\/\/www.estrategiaconcursos.com.br\/blog\/#organization"},"potentialAction":[{"@type":"SearchAction","target":{"@type":"EntryPoint","urlTemplate":"https:\/\/www.estrategiaconcursos.com.br\/blog\/?s={search_term_string}"},"query-input":{"@type":"PropertyValueSpecification","valueRequired":true,"valueName":"search_term_string"}}],"inLanguage":"pt-BR"},{"@type":"Organization","@id":"https:\/\/www.estrategiaconcursos.com.br\/blog\/#organization","name":"Estrat\u00e9gia Concursos","url":"https:\/\/www.estrategiaconcursos.com.br\/blog\/","logo":{"@type":"ImageObject","inLanguage":"pt-BR","@id":"https:\/\/www.estrategiaconcursos.com.br\/blog\/#\/schema\/logo\/image\/","url":"https:\/\/dhg1h5j42swfq.cloudfront.net\/2025\/06\/03203428\/logo_concursos-1.jpg","contentUrl":"https:\/\/dhg1h5j42swfq.cloudfront.net\/2025\/06\/03203428\/logo_concursos-1.jpg","width":230,"height":60,"caption":"Estrat\u00e9gia Concursos"},"image":{"@id":"https:\/\/www.estrategiaconcursos.com.br\/blog\/#\/schema\/logo\/image\/"},"sameAs":["https:\/\/x.com\/EstratConcursos"]},{"@type":"Person","@id":"https:\/\/www.estrategiaconcursos.com.br\/blog\/#\/schema\/person\/bf1b1d1865628ae32d608d5bad5442c6","name":"N\u00e1dia Carolina","image":{"@type":"ImageObject","inLanguage":"pt-BR","@id":"https:\/\/secure.gravatar.com\/avatar\/0ec0c484339a071f22ea5ced30956ccdaab0f83125b2dc1857c3b038404136a7?s=96&d=mm&r=g","url":"https:\/\/secure.gravatar.com\/avatar\/0ec0c484339a071f22ea5ced30956ccdaab0f83125b2dc1857c3b038404136a7?s=96&d=mm&r=g","contentUrl":"https:\/\/secure.gravatar.com\/avatar\/0ec0c484339a071f22ea5ced30956ccdaab0f83125b2dc1857c3b038404136a7?s=96&d=mm&r=g","caption":"N\u00e1dia Carolina"},"sameAs":["https:\/\/www.facebook.com\/nadia.c.santos.16"],"url":"https:\/\/www.estrategiaconcursos.com.br\/blog\/author\/nadiaestrategiaconcursos-com-br\/"}]}},"_links":{"self":[{"href":"https:\/\/www.estrategiaconcursos.com.br\/blog\/wp-json\/wp\/v2\/posts\/65480","targetHints":{"allow":["GET"]}}],"collection":[{"href":"https:\/\/www.estrategiaconcursos.com.br\/blog\/wp-json\/wp\/v2\/posts"}],"about":[{"href":"https:\/\/www.estrategiaconcursos.com.br\/blog\/wp-json\/wp\/v2\/types\/post"}],"author":[{"embeddable":true,"href":"https:\/\/www.estrategiaconcursos.com.br\/blog\/wp-json\/wp\/v2\/users\/58"}],"replies":[{"embeddable":true,"href":"https:\/\/www.estrategiaconcursos.com.br\/blog\/wp-json\/wp\/v2\/comments?post=65480"}],"version-history":[{"count":1,"href":"https:\/\/www.estrategiaconcursos.com.br\/blog\/wp-json\/wp\/v2\/posts\/65480\/revisions"}],"predecessor-version":[{"id":65481,"href":"https:\/\/www.estrategiaconcursos.com.br\/blog\/wp-json\/wp\/v2\/posts\/65480\/revisions\/65481"}],"wp:attachment":[{"href":"https:\/\/www.estrategiaconcursos.com.br\/blog\/wp-json\/wp\/v2\/media?parent=65480"}],"wp:term":[{"taxonomy":"category","embeddable":true,"href":"https:\/\/www.estrategiaconcursos.com.br\/blog\/wp-json\/wp\/v2\/categories?post=65480"},{"taxonomy":"post_tag","embeddable":true,"href":"https:\/\/www.estrategiaconcursos.com.br\/blog\/wp-json\/wp\/v2\/tags?post=65480"},{"taxonomy":"tax_estado","embeddable":true,"href":"https:\/\/www.estrategiaconcursos.com.br\/blog\/wp-json\/wp\/v2\/tax_estado?post=65480"}],"curies":[{"name":"wp","href":"https:\/\/api.w.org\/{rel}","templated":true}]}}